{"id":2265,"date":"2023-08-17T23:25:00","date_gmt":"2023-08-17T23:25:00","guid":{"rendered":"https:\/\/soymigrante.com\/revista\/?p=2265"},"modified":"2024-07-30T20:05:22","modified_gmt":"2024-07-31T02:05:22","slug":"elliott-morales-migrante-guatemalteco-san-francisco","status":"publish","type":"post","link":"https:\/\/soymigrante.com\/revista\/elliott-morales-migrante-guatemalteco-san-francisco\/","title":{"rendered":"La inspiradora historia de Elliot, migrante guatemalteco en California"},"content":{"rendered":"\t\t<div data-elementor-type=\"wp-post\" data-elementor-id=\"2265\" class=\"elementor elementor-2265\" data-elementor-post-type=\"post\">\n\t\t\t\t\t\t<section data-particle_enable=\"false\" data-particle-mobile-disabled=\"false\" class=\"elementor-section elementor-top-section elementor-element elementor-element-5daa177 elementor-section-boxed elementor-section-height-default elementor-section-height-default\" data-id=\"5daa177\" data-element_type=\"section\" data-e-type=\"section\">\n\t\t\t\t\t\t<div class=\"elementor-container elementor-column-gap-default\">\n\t\t\t\t\t<div class=\"elementor-column elementor-col-100 elementor-top-column elementor-element elementor-element-4ebeb30\" data-id=\"4ebeb30\" data-element_type=\"column\" data-e-type=\"column\">\n\t\t\t<div class=\"elementor-widget-wrap elementor-element-populated\">\n\t\t\t\t\t\t<div class=\"elementor-element elementor-element-bedd64c elementor-widget elementor-widget-heading\" data-id=\"bedd64c\" data-element_type=\"widget\" data-e-type=\"widget\" data-widget_type=\"heading.default\">\n\t\t\t\t\t<h1 class=\"elementor-heading-title elementor-size-default\">Perder el miedo a cruzar fronteras mentales  e intentar desaf\u00edos nuevos son las claves del \u00e9xito del migrante y ejecutivo de mercadeo Elliot  Jared Morales, radicado en San Francisco, California.<\/h1>\t\t\t\t<\/div>\n\t\t\t\t\t<\/div>\n\t\t<\/div>\n\t\t\t\t\t<\/div>\n\t\t<\/section>\n\t\t\t\t<section data-particle_enable=\"false\" data-particle-mobile-disabled=\"false\" class=\"elementor-section elementor-top-section elementor-element elementor-element-97a684e elementor-section-boxed elementor-section-height-default elementor-section-height-default\" data-id=\"97a684e\" data-element_type=\"section\" data-e-type=\"section\">\n\t\t\t\t\t\t<div class=\"elementor-container elementor-column-gap-default\">\n\t\t\t\t\t<div class=\"elementor-column elementor-col-100 elementor-top-column elementor-element elementor-element-f010da8\" data-id=\"f010da8\" data-element_type=\"column\" data-e-type=\"column\">\n\t\t\t<div class=\"elementor-widget-wrap elementor-element-populated\">\n\t\t\t\t\t\t<div class=\"elementor-element elementor-element-7dfb750 elementor-widget elementor-widget-image\" data-id=\"7dfb750\" data-element_type=\"widget\" data-e-type=\"widget\" data-widget_type=\"image.default\">\n\t\t\t\t\t\t\t\t\t\t\t\t<figure class=\"wp-caption\">\n\t\t\t\t\t\t\t\t\t\t<img fetchpriority=\"high\" decoding=\"async\" width=\"768\" height=\"781\" src=\"https:\/\/soymigrante.com\/revista\/wp-content\/uploads\/2023\/08\/367535992_1332148234399606_5777623783228806692_n.webp\" class=\"attachment-large size-large wp-image-2266\" alt=\"\" srcset=\"https:\/\/soymigrante.com\/revista\/wp-content\/uploads\/2023\/08\/367535992_1332148234399606_5777623783228806692_n.webp 979w, https:\/\/soymigrante.com\/revista\/wp-content\/uploads\/2023\/08\/367535992_1332148234399606_5777623783228806692_n-295x300.webp 295w, https:\/\/soymigrante.com\/revista\/wp-content\/uploads\/2023\/08\/367535992_1332148234399606_5777623783228806692_n-768x781.webp 768w, https:\/\/soymigrante.com\/revista\/wp-content\/uploads\/2023\/08\/367535992_1332148234399606_5777623783228806692_n-75x75.webp 75w, https:\/\/soymigrante.com\/revista\/wp-content\/uploads\/2023\/08\/367535992_1332148234399606_5777623783228806692_n-750x763.webp 750w\" sizes=\"(max-width: 768px) 100vw, 768px\" title=\"367535992_1332148234399606_5777623783228806692_n \u2013 SoyMigrante.com REVISTA\" \/>\t\t\t\t\t\t\t\t\t\t\t<figcaption class=\"widget-image-caption wp-caption-text\">Antes de conocer a Jennifer, Elliot era estudiante de medicina y miembro del Cuerpo de Bomberos Voluntarios de Guatemala.\n<\/figcaption>\n\t\t\t\t\t\t\t\t\t\t<\/figure>\n\t\t\t\t\t\t\t\t\t<\/div>\n\t\t\t\t\t<\/div>\n\t\t<\/div>\n\t\t\t\t\t<\/div>\n\t\t<\/section>\n\t\t\t\t<section data-particle_enable=\"false\" data-particle-mobile-disabled=\"false\" class=\"elementor-section elementor-top-section elementor-element elementor-element-8dfc337 elementor-section-boxed elementor-section-height-default elementor-section-height-default\" data-id=\"8dfc337\" data-element_type=\"section\" data-e-type=\"section\">\n\t\t\t\t\t\t<div class=\"elementor-container elementor-column-gap-default\">\n\t\t\t\t\t<div class=\"elementor-column elementor-col-100 elementor-top-column elementor-element elementor-element-d9f722c\" data-id=\"d9f722c\" data-element_type=\"column\" data-e-type=\"column\">\n\t\t\t<div class=\"elementor-widget-wrap elementor-element-populated\">\n\t\t\t\t\t\t<div class=\"elementor-element elementor-element-f826ea2 elementor-widget elementor-widget-text-editor\" data-id=\"f826ea2\" data-element_type=\"widget\" data-e-type=\"widget\" data-widget_type=\"text-editor.default\">\n\t\t\t\t\t\t\t\t\t<span style=\"background-color: var(--ak-bg-color);\">Elliot Jared Morales lleg\u00f3 legalmente a Estados Unidos en 2006 junto con su esposa Jennifer, pero no por eso fue m\u00e1s f\u00e1cil abrirse paso. En Guatemala cursaba la carrera de medicina y fue miembro de los Bomberos Voluntarios.\u00a0<\/span>\n\n\u201cSer bombero en Guatemala te muchas capacidades y experiencias \u00fatiles en Estados Unidos. Yo quise ser bombero en California, ten\u00eda las aptitudes, pero no ten\u00eda la ciudadan\u00eda, a\u00fan y eso es un requisito. As\u00ed que no se pudo\u201d, relata el migrante guatemalteco.\n\nElliot actualmente se desempe\u00f1a como ejecutivo de una compa\u00f1\u00eda dedicada a la venta de membranas pl\u00e1sticas para suelos, con la cual ha tenido oportunidad de seguir estudiando. Es el \u00fanico hispano dentro de dicha empresa. Pero el camino no ha sido sencillo, ni f\u00e1cil ni en espa\u00f1ol, pero le anima el amor a su esposa y sus dos hijas.\t\t\t\t\t\t\t\t<\/div>\n\t\t\t\t\t<\/div>\n\t\t<\/div>\n\t\t\t\t\t<\/div>\n\t\t<\/section>\n\t\t\t\t<section data-particle_enable=\"false\" data-particle-mobile-disabled=\"false\" class=\"elementor-section elementor-top-section elementor-element elementor-element-0fb544a elementor-section-boxed elementor-section-height-default elementor-section-height-default\" data-id=\"0fb544a\" data-element_type=\"section\" data-e-type=\"section\">\n\t\t\t\t\t\t<div class=\"elementor-container elementor-column-gap-default\">\n\t\t\t\t\t<div class=\"elementor-column elementor-col-100 elementor-top-column elementor-element elementor-element-cd11f00\" data-id=\"cd11f00\" data-element_type=\"column\" data-e-type=\"column\">\n\t\t\t<div class=\"elementor-widget-wrap elementor-element-populated\">\n\t\t\t\t\t\t<div class=\"elementor-element elementor-element-636f84c elementor-widget elementor-widget-image\" data-id=\"636f84c\" data-element_type=\"widget\" data-e-type=\"widget\" data-widget_type=\"image.default\">\n\t\t\t\t\t\t\t\t\t\t\t\t<figure class=\"wp-caption\">\n\t\t\t\t\t\t\t\t\t\t<img decoding=\"async\" width=\"768\" height=\"768\" src=\"https:\/\/soymigrante.com\/revista\/wp-content\/uploads\/2023\/08\/eliot1-1024x1024-1.webp\" class=\"attachment-large size-large wp-image-2267\" alt=\"\" srcset=\"https:\/\/soymigrante.com\/revista\/wp-content\/uploads\/2023\/08\/eliot1-1024x1024-1.webp 1024w, https:\/\/soymigrante.com\/revista\/wp-content\/uploads\/2023\/08\/eliot1-1024x1024-1-300x300.webp 300w, https:\/\/soymigrante.com\/revista\/wp-content\/uploads\/2023\/08\/eliot1-1024x1024-1-150x150.webp 150w, https:\/\/soymigrante.com\/revista\/wp-content\/uploads\/2023\/08\/eliot1-1024x1024-1-768x768.webp 768w, https:\/\/soymigrante.com\/revista\/wp-content\/uploads\/2023\/08\/eliot1-1024x1024-1-75x75.webp 75w, https:\/\/soymigrante.com\/revista\/wp-content\/uploads\/2023\/08\/eliot1-1024x1024-1-750x750.webp 750w, https:\/\/soymigrante.com\/revista\/wp-content\/uploads\/2023\/08\/eliot1-1024x1024-1-600x600.webp 600w\" sizes=\"(max-width: 768px) 100vw, 768px\" title=\"eliot1-1024x1024 \u2013 SoyMigrante.com REVISTA\" \/>\t\t\t\t\t\t\t\t\t\t\t<figcaption class=\"widget-image-caption wp-caption-text\">Guatemala, cuando \u00e9l participaba en una Huelga de Dolores de la Universidad de San Carlos y ella estudiaba Comunicaci\u00f3n en otra universidad pero era reportera para una radio local.. El flechazo fue instant\u00e1neo.<\/figcaption>\n\t\t\t\t\t\t\t\t\t\t<\/figure>\n\t\t\t\t\t\t\t\t\t<\/div>\n\t\t\t\t\t<\/div>\n\t\t<\/div>\n\t\t\t\t\t<\/div>\n\t\t<\/section>\n\t\t\t\t<section data-particle_enable=\"false\" data-particle-mobile-disabled=\"false\" class=\"elementor-section elementor-top-section elementor-element elementor-element-70d228f elementor-section-boxed elementor-section-height-default elementor-section-height-default\" data-id=\"70d228f\" data-element_type=\"section\" data-e-type=\"section\">\n\t\t\t\t\t\t<div class=\"elementor-container elementor-column-gap-default\">\n\t\t\t\t\t<div class=\"elementor-column elementor-col-100 elementor-top-column elementor-element elementor-element-c6a6d66\" data-id=\"c6a6d66\" data-element_type=\"column\" data-e-type=\"column\">\n\t\t\t<div class=\"elementor-widget-wrap elementor-element-populated\">\n\t\t\t\t\t\t<div class=\"elementor-element elementor-element-e50b9fd elementor-widget elementor-widget-heading\" data-id=\"e50b9fd\" data-element_type=\"widget\" data-e-type=\"widget\" data-widget_type=\"heading.default\">\n\t\t\t\t\t<h2 class=\"elementor-heading-title elementor-size-default\">Amor a primera vista\n<\/h2>\t\t\t\t<\/div>\n\t\t\t\t\t<\/div>\n\t\t<\/div>\n\t\t\t\t\t<\/div>\n\t\t<\/section>\n\t\t\t\t<section data-particle_enable=\"false\" data-particle-mobile-disabled=\"false\" class=\"elementor-section elementor-top-section elementor-element elementor-element-79384fc elementor-section-boxed elementor-section-height-default elementor-section-height-default\" data-id=\"79384fc\" data-element_type=\"section\" data-e-type=\"section\">\n\t\t\t\t\t\t<div class=\"elementor-container elementor-column-gap-default\">\n\t\t\t\t\t<div class=\"elementor-column elementor-col-100 elementor-top-column elementor-element elementor-element-887530c\" data-id=\"887530c\" data-element_type=\"column\" data-e-type=\"column\">\n\t\t\t<div class=\"elementor-widget-wrap elementor-element-populated\">\n\t\t\t\t\t\t<div class=\"elementor-element elementor-element-3af2ccb elementor-widget elementor-widget-text-editor\" data-id=\"3af2ccb\" data-element_type=\"widget\" data-e-type=\"widget\" data-widget_type=\"text-editor.default\">\n\t\t\t\t\t\t\t\t\t<p><span style=\"color: var( --e-global-color-text ); background-color: var(--ak-bg-color);\">El anual desfile bufo universitario de la Huelga de Dolores fue la ocasi\u00f3n en que Jared y Jennifer se conocieron. \u00c9l iba encapuchado, pero la vi\u00f3 y se regres\u00f3 a pedirle su n\u00famero de tel\u00e9fono. Se quit\u00f3 la capucha, algo que no estaba permitido. All\u00ed comenz\u00f3 su historia de amor que dura hasta la fecha. Ella era ciudadana estadounidense que estudiaba en Guatemala.\u00a0\u00a0<\/span><\/p>\n<p>\u201cFue un golpe de realidad. Yo quer\u00eda progresar en Estados Unidos,\u00a0 pero ten\u00eda que entender que deb\u00eda dejar todo atr\u00e1s. No pod\u00eda comenzar algo bueno siguiendo con el pasado. La negativa de los bomberos fue el primer golpe de esa realidad. Empec\u00e9 a trabajar repartiendo peri\u00f3dicos. El San Francisco Chronicle. No era lo que yo deseaba, pero daba para comer&#8221;, relata el migrante guatemalteco.<\/p>\n<p>&#8220;Ten\u00eda otro trabajo que era poner jugos y abarrotes en un supermercado. El miedo es que a\u00fan no ten\u00eda una residencia, pero si no trabajaba \u00bfC\u00f3mo iba a sostener el hogar? Ya ten\u00edamos a nuestra hija mayor\u201d, cuenta.<\/p>\t\t\t\t\t\t\t\t<\/div>\n\t\t\t\t\t<\/div>\n\t\t<\/div>\n\t\t\t\t\t<\/div>\n\t\t<\/section>\n\t\t\t\t<section data-particle_enable=\"false\" data-particle-mobile-disabled=\"false\" class=\"elementor-section elementor-top-section elementor-element elementor-element-20aac80 elementor-section-boxed elementor-section-height-default elementor-section-height-default\" data-id=\"20aac80\" data-element_type=\"section\" data-e-type=\"section\">\n\t\t\t\t\t\t<div class=\"elementor-container elementor-column-gap-default\">\n\t\t\t\t\t<div class=\"elementor-column elementor-col-100 elementor-top-column elementor-element elementor-element-7c022cc\" data-id=\"7c022cc\" data-element_type=\"column\" data-e-type=\"column\">\n\t\t\t<div class=\"elementor-widget-wrap elementor-element-populated\">\n\t\t\t\t\t\t<div class=\"elementor-element elementor-element-8ce8198 elementor-widget elementor-widget-image\" data-id=\"8ce8198\" data-element_type=\"widget\" data-e-type=\"widget\" data-widget_type=\"image.default\">\n\t\t\t\t\t\t\t\t\t\t\t\t<figure class=\"wp-caption\">\n\t\t\t\t\t\t\t\t\t\t<img decoding=\"async\" width=\"768\" height=\"555\" src=\"https:\/\/soymigrante.com\/revista\/wp-content\/uploads\/2023\/08\/367580737_672579131564787_4297236269402346617_n-1024x740-1.webp\" class=\"attachment-large size-large wp-image-2268\" alt=\"\" srcset=\"https:\/\/soymigrante.com\/revista\/wp-content\/uploads\/2023\/08\/367580737_672579131564787_4297236269402346617_n-1024x740-1.webp 1024w, https:\/\/soymigrante.com\/revista\/wp-content\/uploads\/2023\/08\/367580737_672579131564787_4297236269402346617_n-1024x740-1-300x217.webp 300w, https:\/\/soymigrante.com\/revista\/wp-content\/uploads\/2023\/08\/367580737_672579131564787_4297236269402346617_n-1024x740-1-768x555.webp 768w, https:\/\/soymigrante.com\/revista\/wp-content\/uploads\/2023\/08\/367580737_672579131564787_4297236269402346617_n-1024x740-1-120x86.webp 120w, https:\/\/soymigrante.com\/revista\/wp-content\/uploads\/2023\/08\/367580737_672579131564787_4297236269402346617_n-1024x740-1-750x542.webp 750w\" sizes=\"(max-width: 768px) 100vw, 768px\" title=\"367580737_672579131564787_4297236269402346617_n-1024x740 \u2013 SoyMigrante.com REVISTA\" \/>\t\t\t\t\t\t\t\t\t\t\t<figcaption class=\"widget-image-caption wp-caption-text\">Recuerdo del primer d\u00eda de trabajo de Elliott Morales en su empleo como representante de ventas.\n<\/figcaption>\n\t\t\t\t\t\t\t\t\t\t<\/figure>\n\t\t\t\t\t\t\t\t\t<\/div>\n\t\t\t\t\t<\/div>\n\t\t<\/div>\n\t\t\t\t\t<\/div>\n\t\t<\/section>\n\t\t\t\t<section data-particle_enable=\"false\" data-particle-mobile-disabled=\"false\" class=\"elementor-section elementor-top-section elementor-element elementor-element-9b52a2a elementor-section-boxed elementor-section-height-default elementor-section-height-default\" data-id=\"9b52a2a\" data-element_type=\"section\" data-e-type=\"section\">\n\t\t\t\t\t\t<div class=\"elementor-container elementor-column-gap-default\">\n\t\t\t\t\t<div class=\"elementor-column elementor-col-100 elementor-top-column elementor-element elementor-element-9e2511a\" data-id=\"9e2511a\" data-element_type=\"column\" data-e-type=\"column\">\n\t\t\t<div class=\"elementor-widget-wrap elementor-element-populated\">\n\t\t\t\t\t\t<div class=\"elementor-element elementor-element-7a31615 elementor-widget elementor-widget-text-editor\" data-id=\"7a31615\" data-element_type=\"widget\" data-e-type=\"widget\" data-widget_type=\"text-editor.default\">\n\t\t\t\t\t\t\t\t\t<span style=\"background-color: var(--ak-bg-color);\">Finalmente lleg\u00f3 el permiso de residir y trabajar. Empez\u00f3 a trabajar como piloto de un cami\u00f3n. En Guatemala hab\u00eda piloteado camiones de bomberos, as\u00ed que de eso sab\u00eda. Pero aquel fue el inicio de un camino lleno de consejos de muchas personas: su suegro, su jefe y m\u00e1s. \u201cYo solo quer\u00eda trabajar, pero recib\u00ed mucho m\u00e1s\u201d.<\/span>\n<p><span style=\"background-color: var(--ak-bg-color);\">Elliot comparte algunos de esos consejos por si a alguien m\u00e1s le son de utilidad:<\/span><\/p>\t\t\t\t\t\t\t\t<\/div>\n\t\t\t\t\t<\/div>\n\t\t<\/div>\n\t\t\t\t\t<\/div>\n\t\t<\/section>\n\t\t\t\t<section data-particle_enable=\"false\" data-particle-mobile-disabled=\"false\" class=\"elementor-section elementor-top-section elementor-element elementor-element-9a9c494 elementor-section-boxed elementor-section-height-default elementor-section-height-default\" data-id=\"9a9c494\" data-element_type=\"section\" data-e-type=\"section\" data-settings=\"{&quot;background_background&quot;:&quot;classic&quot;}\">\n\t\t\t\t\t\t<div class=\"elementor-container elementor-column-gap-default\">\n\t\t\t\t\t<div class=\"elementor-column elementor-col-100 elementor-top-column elementor-element elementor-element-f194d33\" data-id=\"f194d33\" data-element_type=\"column\" data-e-type=\"column\">\n\t\t\t<div class=\"elementor-widget-wrap elementor-element-populated\">\n\t\t\t\t\t\t<div class=\"elementor-element elementor-element-afa9f1e elementor-widget elementor-widget-text-editor\" data-id=\"afa9f1e\" data-element_type=\"widget\" data-e-type=\"widget\" data-widget_type=\"text-editor.default\">\n\t\t\t\t\t\t\t\t\t<ul>\n \t<li><span style=\"color: var( --e-global-color-text );\">\u201cDeb\u00e9s no solo hablar el ingl\u00e9s, sino pensarlo, conocerlo. Olvida el ingl\u00e9s aprendido y h\u00e1blalo: conversa con gente nativa en ingl\u00e9s, oye di\u00e1logos en fiestas, en tiendas, mira los gestos. Deja de ver canales en espa\u00f1ol o pel\u00edculas con subt\u00edtulos. Piensa en ingl\u00e9s. Si al escuchar o hablar a\u00fan traduces al espa\u00f1ol, no aprender\u00e1s\u201d.<\/span><\/li>\n \t<li>\u201cNo te qued\u00e9s sentado esperando a que pasen las cosas. Haz que pasen\u201d.<\/li>\n \t<li>\u201cCult\u00edvate, invierte en ti mismo. Compra un buen libro de algo que no conozcas, l\u00e9elo, aprende\u201d<\/li>\n \t<li>\u201cDebes trabajar en una compa\u00f1\u00eda peque\u00f1a para saber hacer de todo, pero tambi\u00e9n debes llegar a trabajar en una compa\u00f1\u00eda grande para saber c\u00f3mo trabajar en equipo\u201d<\/li>\n \t<li>\u201cEst\u00e1 bien tener miedo. Y si tienes miedo de algo que debes hacer, un nuevo trabajo o un nuevo lugar de estudio, hazlo con miedo pero no dejes de hacerlo. NO dejes que el miedo te paralice porque si esto ocurre, despu\u00e9s te preguntar\u00e1s \u00bfpor qu\u00e9 no lo hice?\u201d<\/li>\n<\/ul>\t\t\t\t\t\t\t\t<\/div>\n\t\t\t\t\t<\/div>\n\t\t<\/div>\n\t\t\t\t\t<\/div>\n\t\t<\/section>\n\t\t\t\t<section data-particle_enable=\"false\" data-particle-mobile-disabled=\"false\" class=\"elementor-section elementor-top-section elementor-element elementor-element-c6f8d07 elementor-section-boxed elementor-section-height-default elementor-section-height-default\" data-id=\"c6f8d07\" data-element_type=\"section\" data-e-type=\"section\">\n\t\t\t\t\t\t<div class=\"elementor-container elementor-column-gap-default\">\n\t\t\t\t\t<div class=\"elementor-column elementor-col-100 elementor-top-column elementor-element elementor-element-6faf871\" data-id=\"6faf871\" data-element_type=\"column\" data-e-type=\"column\">\n\t\t\t<div class=\"elementor-widget-wrap elementor-element-populated\">\n\t\t\t\t\t\t<div class=\"elementor-element elementor-element-8a4fe64 elementor-arrows-position-inside elementor-pagination-position-outside elementor-widget elementor-widget-image-carousel\" data-id=\"8a4fe64\" data-element_type=\"widget\" data-e-type=\"widget\" data-settings=\"{&quot;slides_to_show&quot;:&quot;1&quot;,&quot;navigation&quot;:&quot;both&quot;,&quot;autoplay&quot;:&quot;yes&quot;,&quot;pause_on_hover&quot;:&quot;yes&quot;,&quot;pause_on_interaction&quot;:&quot;yes&quot;,&quot;autoplay_speed&quot;:5000,&quot;infinite&quot;:&quot;yes&quot;,&quot;effect&quot;:&quot;slide&quot;,&quot;speed&quot;:500}\" data-widget_type=\"image-carousel.default\">\n\t\t\t\t\t\t\t<div class=\"elementor-image-carousel-wrapper swiper\" role=\"region\" aria-roledescription=\"carousel\" aria-label=\"Carrusel de im\u00e1genes\" dir=\"ltr\">\n\t\t\t<div class=\"elementor-image-carousel swiper-wrapper\" aria-live=\"off\">\n\t\t\t\t\t\t\t\t<div class=\"swiper-slide\" role=\"group\" aria-roledescription=\"slide\" aria-label=\"1 de 6\"><figure class=\"swiper-slide-inner\"><img decoding=\"async\" class=\"swiper-slide-image\" src=\"https:\/\/soymigrante.com\/revista\/wp-content\/uploads\/2023\/08\/1276664_647154318636173_1794858378_o-e1692315059172-768x811-1.webp\" alt=\"La uni\u00f3n familiar ha sido uno de los grandes valores de la familia Morales.\" \/><figcaption class=\"elementor-image-carousel-caption\">La uni\u00f3n familiar ha sido uno de los grandes valores de la familia Morales.<\/figcaption><\/figure><\/div><div class=\"swiper-slide\" role=\"group\" aria-roledescription=\"slide\" aria-label=\"2 de 6\"><figure class=\"swiper-slide-inner\"><img decoding=\"async\" class=\"swiper-slide-image\" src=\"https:\/\/soymigrante.com\/revista\/wp-content\/uploads\/2023\/08\/12642600_1094838460534421_471875954703448964_n-768x768-1.webp\" alt=\"De aquel flechazo en una Huelga de Dolores en Guatemala hasta una feliz vida compartida en San Francisco California.\" \/><figcaption class=\"elementor-image-carousel-caption\">De aquel flechazo en una Huelga de Dolores en Guatemala hasta una feliz vida compartida en San Francisco California.<\/figcaption><\/figure><\/div><div class=\"swiper-slide\" role=\"group\" aria-roledescription=\"slide\" aria-label=\"3 de 6\"><figure class=\"swiper-slide-inner\"><img decoding=\"async\" class=\"swiper-slide-image\" src=\"https:\/\/soymigrante.com\/revista\/wp-content\/uploads\/2023\/08\/359518841_6745499182134959_7727666964237036590_n-768x764-1.webp\" alt=\"Keyla es la hija mayor y M\u00eda, la peque\u00f1a: ambas son excelentes estudiantes gracias a la dedicaci\u00f3n y valores de sus padres Jennifer y Eliott Jared.\" \/><figcaption class=\"elementor-image-carousel-caption\">Keyla es la hija mayor y M\u00eda, la peque\u00f1a: ambas son excelentes estudiantes gracias a la dedicaci\u00f3n y valores de sus padres Jennifer y Eliott Jared.<\/figcaption><\/figure><\/div><div class=\"swiper-slide\" role=\"group\" aria-roledescription=\"slide\" aria-label=\"4 de 6\"><figure class=\"swiper-slide-inner\"><img decoding=\"async\" class=\"swiper-slide-image\" src=\"https:\/\/soymigrante.com\/revista\/wp-content\/uploads\/2023\/08\/eliot1-768x768-1.webp\" alt=\"Amor, respeto y esfuerzo perseverante son las claves del \u00e9xito para Elliott, migrante guatemalteco, quien se retrat\u00f3 aqu\u00ed junto a su inseparable esposa Jennifer.\" \/><figcaption class=\"elementor-image-carousel-caption\">Amor, respeto y esfuerzo perseverante son las claves del \u00e9xito para Elliott, migrante guatemalteco, quien se retrat\u00f3 aqu\u00ed junto a su inseparable esposa Jennifer.<\/figcaption><\/figure><\/div><div class=\"swiper-slide\" role=\"group\" aria-roledescription=\"slide\" aria-label=\"5 de 6\"><figure class=\"swiper-slide-inner\"><img decoding=\"async\" class=\"swiper-slide-image\" src=\"https:\/\/soymigrante.com\/revista\/wp-content\/uploads\/2023\/08\/13086655_1156017234416543_5651814266318911112_o-768x768-1.webp\" alt=\"Las vacaciones juntos son uno de esos componentes valiosos del \u00e9xito personal y familiar de Elliott.\" \/><figcaption class=\"elementor-image-carousel-caption\">Las vacaciones juntos son uno de esos componentes valiosos del \u00e9xito personal y familiar de Elliott.<\/figcaption><\/figure><\/div><div class=\"swiper-slide\" role=\"group\" aria-roledescription=\"slide\" aria-label=\"6 de 6\"><figure class=\"swiper-slide-inner\"><img decoding=\"async\" class=\"swiper-slide-image\" src=\"https:\/\/soymigrante.com\/revista\/wp-content\/uploads\/2023\/08\/don-eliot-1-768x626-1.webp\" alt=\"2023: M\u00eda, Elliot, Jennifer y Keyla comparten grandes metas personales y familiares, con amor y uni\u00f3n.\" \/><figcaption class=\"elementor-image-carousel-caption\">2023: M\u00eda, Elliot, Jennifer y Keyla comparten grandes metas personales y familiares, con amor y uni\u00f3n.<\/figcaption><\/figure><\/div>\t\t\t<\/div>\n\t\t\t\t\t\t\t\t\t\t\t\t<div class=\"elementor-swiper-button elementor-swiper-button-prev\" role=\"button\" tabindex=\"0\">\n\t\t\t\t\t\t<i aria-hidden=\"true\" class=\"eicon-chevron-left\"><\/i>\t\t\t\t\t<\/div>\n\t\t\t\t\t<div class=\"elementor-swiper-button elementor-swiper-button-next\" role=\"button\" tabindex=\"0\">\n\t\t\t\t\t\t<i aria-hidden=\"true\" class=\"eicon-chevron-right\"><\/i>\t\t\t\t\t<\/div>\n\t\t\t\t\n\t\t\t\t\t\t\t\t\t<div class=\"swiper-pagination\"><\/div>\n\t\t\t\t\t\t\t\t\t<\/div>\n\t\t\t\t\t\t<\/div>\n\t\t\t\t\t<\/div>\n\t\t<\/div>\n\t\t\t\t\t<\/div>\n\t\t<\/section>\n\t\t\t\t<section data-particle_enable=\"false\" data-particle-mobile-disabled=\"false\" class=\"elementor-section elementor-top-section elementor-element elementor-element-85c1568 elementor-section-boxed elementor-section-height-default elementor-section-height-default\" data-id=\"85c1568\" data-element_type=\"section\" data-e-type=\"section\">\n\t\t\t\t\t\t<div class=\"elementor-container elementor-column-gap-default\">\n\t\t\t\t\t<div class=\"elementor-column elementor-col-100 elementor-top-column elementor-element elementor-element-578dc8a\" data-id=\"578dc8a\" data-element_type=\"column\" data-e-type=\"column\">\n\t\t\t<div class=\"elementor-widget-wrap elementor-element-populated\">\n\t\t\t\t\t\t<div class=\"elementor-element elementor-element-86f1fb6 elementor-widget elementor-widget-heading\" data-id=\"86f1fb6\" data-element_type=\"widget\" data-e-type=\"widget\" data-widget_type=\"heading.default\">\n\t\t\t\t\t<h2 class=\"elementor-heading-title elementor-size-default\">Reto del \u00e9xito es diario para Elliott\n<\/h2>\t\t\t\t<\/div>\n\t\t\t\t\t<\/div>\n\t\t<\/div>\n\t\t\t\t\t<\/div>\n\t\t<\/section>\n\t\t\t\t<section data-particle_enable=\"false\" data-particle-mobile-disabled=\"false\" class=\"elementor-section elementor-top-section elementor-element elementor-element-5ed10d9 elementor-section-boxed elementor-section-height-default elementor-section-height-default\" data-id=\"5ed10d9\" data-element_type=\"section\" data-e-type=\"section\">\n\t\t\t\t\t\t<div class=\"elementor-container elementor-column-gap-default\">\n\t\t\t\t\t<div class=\"elementor-column elementor-col-100 elementor-top-column elementor-element elementor-element-1149298\" data-id=\"1149298\" data-element_type=\"column\" data-e-type=\"column\">\n\t\t\t<div class=\"elementor-widget-wrap elementor-element-populated\">\n\t\t\t\t\t\t<div class=\"elementor-element elementor-element-ea46c73 elementor-widget elementor-widget-text-editor\" data-id=\"ea46c73\" data-element_type=\"widget\" data-e-type=\"widget\" data-widget_type=\"text-editor.default\">\n\t\t\t\t\t\t\t\t\t<p><span style=\"color: var( --e-global-color-text ); background-color: var(--ak-bg-color);\">El amor a sus dos hijas es fundamental. El trabajo es para proveerles educaci\u00f3n pero la prioridad es la uni\u00f3n, el di\u00e1logo, la comunicaci\u00f3n. Elliott Jared trabaj\u00f3 dos a\u00f1os como chofer, luego pas\u00f3 al \u00e1rea de ventas y lleg\u00f3 a ser gerente. Vend\u00eda jugos de granada, naranja y otras frutas. Era un trabajo seguro con mucha capacitaci\u00f3n.<\/span><\/p>\n\n<p>De pronto surgi\u00f3 la oportunidad de laborar en la importaci\u00f3n y venta de jugo de coco tra\u00eddo de Tailandia. Acept\u00f3 el reto y le fue bien.\u00a0<span style=\"color: var( --e-global-color-text ); background-color: var(--ak-bg-color);\">Despu\u00e9s pas\u00f3 al agua pura Cristal. Elliot fue responsable de ventas para California y sigui\u00f3 aprendiendo de manufactura, envasado, costos, transporte y distribuci\u00f3n de millones de botellas.<\/span>\n<\/p>\n<p>Una compa\u00f1\u00eda de ingenier\u00eda y dise\u00f1o de membranas de pl\u00e1stico buscaba un gerente regional: fue un proceso largo, exigente. \u201cNo sab\u00eda si iba a ganar, pero pude entrar. Y ahora cargo con la responsabilidad de todos los hispanos que est\u00e1n, que son capaces. Si yo fallo no me fallo solo a m\u00ed y a mi familia sino a la comunidad hispana que necesita m\u00e1s importanidades. Pero ya llevo 5 a\u00f1os y sigo adelante&#8221;, relata el migrante guatemalteco.<\/p>\n\nE<b>l \u00faltimo consejo, para comerciantes y vendedores: \u201cEl trabajo de un vendedor comienza cuando alguien le dice que no, cuando te dice que tu producto no sirve, que lo que haces no funciona. Entonces est\u00e1s empezando un camino para probarte a ti mismo, probar tu determinaci\u00f3n, tu trabajo. Tu deseo de triunfar, de progresar. Sigue adelante\u201d.<\/b>\t\t\t\t\t\t\t\t<\/div>\n\t\t\t\t\t<\/div>\n\t\t<\/div>\n\t\t\t\t\t<\/div>\n\t\t<\/section>\n\t\t\t\t<section data-particle_enable=\"false\" data-particle-mobile-disabled=\"false\" class=\"elementor-section elementor-top-section elementor-element elementor-element-52f118f elementor-section-boxed elementor-section-height-default elementor-section-height-default\" data-id=\"52f118f\" data-element_type=\"section\" data-e-type=\"section\">\n\t\t\t\t\t\t<div class=\"elementor-container elementor-column-gap-default\">\n\t\t\t\t\t<div class=\"elementor-column elementor-col-100 elementor-top-column elementor-element elementor-element-ba3d7fb\" data-id=\"ba3d7fb\" data-element_type=\"column\" data-e-type=\"column\">\n\t\t\t<div class=\"elementor-widget-wrap elementor-element-populated\">\n\t\t\t\t\t\t<div class=\"elementor-element elementor-element-ba9b2c7 elementor-widget elementor-widget-image\" data-id=\"ba9b2c7\" data-element_type=\"widget\" data-e-type=\"widget\" data-widget_type=\"image.default\">\n\t\t\t\t\t\t\t\t\t\t\t\t<figure class=\"wp-caption\">\n\t\t\t\t\t\t\t\t\t\t<img loading=\"lazy\" decoding=\"async\" width=\"414\" height=\"629\" src=\"https:\/\/soymigrante.com\/revista\/wp-content\/uploads\/2023\/08\/367540255_569536411887940_6269046980401100738_n.webp\" class=\"attachment-large size-large wp-image-2275\" alt=\"\" srcset=\"https:\/\/soymigrante.com\/revista\/wp-content\/uploads\/2023\/08\/367540255_569536411887940_6269046980401100738_n.webp 414w, https:\/\/soymigrante.com\/revista\/wp-content\/uploads\/2023\/08\/367540255_569536411887940_6269046980401100738_n-197x300.webp 197w\" sizes=\"(max-width: 414px) 100vw, 414px\" title=\"367540255_569536411887940_6269046980401100738_n \u2013 SoyMigrante.com REVISTA\" \/>\t\t\t\t\t\t\t\t\t\t\t<figcaption class=\"widget-image-caption wp-caption-text\">Un d\u00eda de trabajo en la empresa de membranas pl\u00e1sticas para prevenir filtraci\u00f3n en suelos y s\u00f3tanos. El migrante guatemalteco Elliot Jared sigue aprendiendo y estudiando, con la vista puesta en el futuro.\n<\/figcaption>\n\t\t\t\t\t\t\t\t\t\t<\/figure>\n\t\t\t\t\t\t\t\t\t<\/div>\n\t\t\t\t\t<\/div>\n\t\t<\/div>\n\t\t\t\t\t<\/div>\n\t\t<\/section>\n\t\t\t\t<\/div>\n\t\t","protected":false},"excerpt":{"rendered":"<p>Perder el miedo a cruzar fronteras mentales e intentar desaf\u00edos nuevos son las claves del \u00e9xito del migrante y ejecutivo de mercadeo Elliot Jared Morales, radicado en San Francisco, California. Antes de conocer a Jennifer, Elliot era estudiante de medicina y miembro del Cuerpo de Bomberos Voluntarios de Guatemala. Elliot Jared Morales lleg\u00f3 legalmente a [&hellip;]<\/p>\n","protected":false},"author":7,"featured_media":2274,"comment_status":"open","ping_status":"open","sticky":false,"template":"","format":"standard","meta":{"_acf_changed":false,"_eb_attr":"","footnotes":""},"categories":[50],"tags":[],"class_list":["post-2265","post","type-post","status-publish","format-standard","has-post-thumbnail","hentry","category-exitos"],"acf":[],"aioseo_notices":[],"aioseo_head":"\n\t\t<!-- All in One SEO Pro 4.9.6.2 - aioseo.com -->\n\t<meta name=\"description\" content=\"Elliott Morales cruz\u00f3 fronteras, no solo geogr\u00e1ficas sino tambi\u00e9n mentales. Conoce su viaje desde Guatemala hasta convertirse en un exitoso ejecutivo en California.\" \/>\n\t<meta name=\"robots\" content=\"max-snippet:-1, max-image-preview:large, max-video-preview:-1\" \/>\n\t<meta name=\"author\" content=\"Gustavo Montenegro\"\/>\n\t<link rel=\"canonical\" href=\"https:\/\/soymigrante.com\/revista\/elliott-morales-migrante-guatemalteco-san-francisco\/\" \/>\n\t<meta name=\"generator\" content=\"All in One SEO Pro (AIOSEO) 4.9.6.2\" \/>\n\n\t\t<link rel=\"preconnect\" href=\"https:\/\/fonts.googleapis.com\" crossorigin>\n<link rel=\"preconnect\" href=\"https:\/\/fonts.gstatic.com\" crossorigin>\n\t\t<meta property=\"og:locale\" content=\"es_ES\" \/>\n\t\t<meta property=\"og:site_name\" content=\"SoyMigrante.com REVISTA \u2013 Nuestra misi\u00f3n es reconocer y dignificar al migrante.\" \/>\n\t\t<meta property=\"og:type\" content=\"article\" \/>\n\t\t<meta property=\"og:title\" content=\"La inspiradora historia de Elliot, migrante guatemalteco en California\" \/>\n\t\t<meta property=\"og:description\" content=\"Elliott Morales cruz\u00f3 fronteras, no solo geogr\u00e1ficas sino tambi\u00e9n mentales. Conoce su viaje desde Guatemala hasta convertirse en un exitoso ejecutivo en California.\" \/>\n\t\t<meta property=\"og:url\" content=\"https:\/\/soymigrante.com\/revista\/elliott-morales-migrante-guatemalteco-san-francisco\/\" \/>\n\t\t<meta property=\"og:image\" content=\"https:\/\/soymigrante.com\/revista\/wp-content\/uploads\/2023\/08\/don-eliot-1-768x626-1.webp\" \/>\n\t\t<meta property=\"og:image:secure_url\" content=\"https:\/\/soymigrante.com\/revista\/wp-content\/uploads\/2023\/08\/don-eliot-1-768x626-1.webp\" \/>\n\t\t<meta property=\"og:image:width\" content=\"768\" \/>\n\t\t<meta property=\"og:image:height\" content=\"626\" \/>\n\t\t<meta property=\"article:published_time\" content=\"2023-08-17T23:25:00+00:00\" \/>\n\t\t<meta property=\"article:modified_time\" content=\"2024-07-31T02:05:22+00:00\" \/>\n\t\t<meta property=\"article:publisher\" content=\"https:\/\/www.facebook.com\/soymigrantecom\" \/>\n\t\t<meta name=\"twitter:card\" content=\"summary_large_image\" \/>\n\t\t<meta name=\"twitter:site\" content=\"@SoyMigrante_com\" \/>\n\t\t<meta name=\"twitter:title\" content=\"La inspiradora historia de Elliot, migrante guatemalteco en California\" \/>\n\t\t<meta name=\"twitter:description\" content=\"Elliott Morales cruz\u00f3 fronteras, no solo geogr\u00e1ficas sino tambi\u00e9n mentales. Conoce su viaje desde Guatemala hasta convertirse en un exitoso ejecutivo en California.\" \/>\n\t\t<meta name=\"twitter:creator\" content=\"@SoyMigrante_com\" \/>\n\t\t<meta name=\"twitter:image\" content=\"https:\/\/soymigrante.com\/revista\/wp-content\/uploads\/2023\/08\/don-eliot-1-768x626-1.webp\" \/>\n\t\t<!-- All in One SEO Pro -->\r\n\t\t<title>La inspiradora historia de Elliot, migrante guatemalteco en California<\/title>\n\n","aioseo_head_json":{"title":"La inspiradora historia de Elliot, migrante guatemalteco en California","description":"Elliott Morales cruz\u00f3 fronteras, no solo geogr\u00e1ficas sino tambi\u00e9n mentales. Conoce su viaje desde Guatemala hasta convertirse en un exitoso ejecutivo en California.","canonical_url":"https:\/\/soymigrante.com\/revista\/elliott-morales-migrante-guatemalteco-san-francisco\/","robots":"max-snippet:-1, max-image-preview:large, max-video-preview:-1","keywords":"","webmasterTools":{"miscellaneous":"&lt;link rel=\"preconnect\" href=\"https:\/\/fonts.googleapis.com\" crossorigin&gt;\n&lt;link rel=\"preconnect\" href=\"https:\/\/fonts.gstatic.com\" crossorigin&gt;"},"schema":null,"og:locale":"es_ES","og:site_name":"SoyMigrante.com REVISTA \u2013 Nuestra misi\u00f3n es reconocer y dignificar al migrante.","og:type":"article","og:title":"La inspiradora historia de Elliot, migrante guatemalteco en California","og:description":"Elliott Morales cruz\u00f3 fronteras, no solo geogr\u00e1ficas sino tambi\u00e9n mentales. Conoce su viaje desde Guatemala hasta convertirse en un exitoso ejecutivo en California.","og:url":"https:\/\/soymigrante.com\/revista\/elliott-morales-migrante-guatemalteco-san-francisco\/","og:image":"https:\/\/soymigrante.com\/revista\/wp-content\/uploads\/2023\/08\/don-eliot-1-768x626-1.webp","og:image:secure_url":"https:\/\/soymigrante.com\/revista\/wp-content\/uploads\/2023\/08\/don-eliot-1-768x626-1.webp","og:image:width":768,"og:image:height":626,"article:published_time":"2023-08-17T23:25:00+00:00","article:modified_time":"2024-07-31T02:05:22+00:00","article:publisher":"https:\/\/www.facebook.com\/soymigrantecom","twitter:card":"summary_large_image","twitter:site":"@SoyMigrante_com","twitter:title":"La inspiradora historia de Elliot, migrante guatemalteco en California","twitter:description":"Elliott Morales cruz\u00f3 fronteras, no solo geogr\u00e1ficas sino tambi\u00e9n mentales. Conoce su viaje desde Guatemala hasta convertirse en un exitoso ejecutivo en California.","twitter:creator":"@SoyMigrante_com","twitter:image":"https:\/\/soymigrante.com\/revista\/wp-content\/uploads\/2023\/08\/don-eliot-1-768x626-1.webp"},"aioseo_meta_data":{"post_id":"2265","title":"#post_title","description":"Elliott Morales cruz\u00f3 fronteras, no solo geogr\u00e1ficas sino tambi\u00e9n mentales. Conoce su viaje desde Guatemala hasta convertirse en un exitoso ejecutivo en California.","keywords":[],"keyphrases":{"focus":{"keyphrase":"Migrante guatemalteco","score":51,"analysis":{"keyphraseInTitle":{"score":9,"maxScore":9,"error":0},"keyphraseInDescription":{"score":3,"maxScore":9,"error":1},"keyphraseLength":{"score":9,"maxScore":9,"error":0,"length":2},"keyphraseInURL":{"score":5,"maxScore":5,"error":0},"keyphraseInIntroduction":{"score":3,"maxScore":9,"error":1},"keyphraseInSubHeadings":{"score":3,"maxScore":9,"error":1},"keyphraseInImageAlt":{"score":3,"maxScore":9,"error":1},"keywordDensity":{"score":0,"type":"low","maxScore":9,"error":1}}},"additional":[]},"primary_term":null,"canonical_url":null,"og_title":null,"og_description":null,"og_object_type":"default","og_image_type":"default","og_image_url":null,"og_image_width":null,"og_image_height":null,"og_image_custom_url":null,"og_image_custom_fields":null,"og_video":"","og_custom_url":null,"og_article_section":null,"og_article_tags":[],"twitter_use_og":false,"twitter_card":"default","twitter_image_type":"default","twitter_image_url":null,"twitter_image_custom_url":null,"twitter_image_custom_fields":null,"twitter_title":null,"twitter_description":null,"schema":{"blockGraphs":[],"customGraphs":[],"default":{"data":{"Article":[],"Course":[],"Dataset":[],"FAQPage":[],"Movie":[],"Person":[],"Product":[],"ProductReview":[],"Car":[],"Recipe":[],"Service":[],"SoftwareApplication":[],"WebPage":[]},"graphName":"BlogPosting","isEnabled":true},"graphs":[]},"schema_type":"default","schema_type_options":null,"pillar_content":false,"robots_default":true,"robots_noindex":false,"robots_noarchive":false,"robots_nosnippet":false,"robots_nofollow":false,"robots_noimageindex":false,"robots_noodp":false,"robots_notranslate":false,"robots_max_snippet":"-1","robots_max_videopreview":"-1","robots_max_imagepreview":"large","priority":null,"frequency":"default","local_seo":null,"seo_analyzer_scan_date":"2025-10-08 20:16:11","breadcrumb_settings":null,"limit_modified_date":false,"reviewed_by":null,"open_ai":null,"ai":null,"created":"2023-08-19 08:34:18","updated":"2026-02-04 09:30:13"},"aioseo_breadcrumb":"<div class=\"aioseo-breadcrumbs\"><span class=\"aioseo-breadcrumb\">\n\t<a href=\"https:\/\/soymigrante.com\/revista\" title=\"Home\">Home<\/a>\n<\/span><span class=\"aioseo-breadcrumb-separator\">\u00bb<\/span><span class=\"aioseo-breadcrumb\">\n\t<a href=\"https:\/\/soymigrante.com\/revista\/category\/exitos\/\" title=\"\u00c9xitos\">\u00c9xitos<\/a>\n<\/span><span class=\"aioseo-breadcrumb-separator\">\u00bb<\/span><span class=\"aioseo-breadcrumb\">\n\tLa inspiradora historia de Elliot, migrante guatemalteco en California\n<\/span><\/div>","aioseo_breadcrumb_json":[{"label":"Home","link":"https:\/\/soymigrante.com\/revista"},{"label":"\u00c9xitos","link":"https:\/\/soymigrante.com\/revista\/category\/exitos\/"},{"label":"La inspiradora historia de Elliot, migrante guatemalteco en California","link":"https:\/\/soymigrante.com\/revista\/elliott-morales-migrante-guatemalteco-san-francisco\/"}],"_links":{"self":[{"href":"https:\/\/soymigrante.com\/revista\/wp-json\/wp\/v2\/posts\/2265","targetHints":{"allow":["GET"]}}],"collection":[{"href":"https:\/\/soymigrante.com\/revista\/wp-json\/wp\/v2\/posts"}],"about":[{"href":"https:\/\/soymigrante.com\/revista\/wp-json\/wp\/v2\/types\/post"}],"author":[{"embeddable":true,"href":"https:\/\/soymigrante.com\/revista\/wp-json\/wp\/v2\/users\/7"}],"replies":[{"embeddable":true,"href":"https:\/\/soymigrante.com\/revista\/wp-json\/wp\/v2\/comments?post=2265"}],"version-history":[{"count":0,"href":"https:\/\/soymigrante.com\/revista\/wp-json\/wp\/v2\/posts\/2265\/revisions"}],"wp:featuredmedia":[{"embeddable":true,"href":"https:\/\/soymigrante.com\/revista\/wp-json\/wp\/v2\/media\/2274"}],"wp:attachment":[{"href":"https:\/\/soymigrante.com\/revista\/wp-json\/wp\/v2\/media?parent=2265"}],"wp:term":[{"taxonomy":"category","embeddable":true,"href":"https:\/\/soymigrante.com\/revista\/wp-json\/wp\/v2\/categories?post=2265"},{"taxonomy":"post_tag","embeddable":true,"href":"https:\/\/soymigrante.com\/revista\/wp-json\/wp\/v2\/tags?post=2265"}],"curies":[{"name":"wp","href":"https:\/\/api.w.org\/{rel}","templated":true}]}}