{"id":22543,"date":"2025-01-25T10:33:23","date_gmt":"2025-01-25T16:33:23","guid":{"rendered":"https:\/\/soymigrante.com\/revista\/?p=22543"},"modified":"2025-01-26T14:23:18","modified_gmt":"2025-01-26T20:23:18","slug":"rabinal-baja-verapaz-fiesta-patronal-2025","status":"publish","type":"post","link":"https:\/\/soymigrante.com\/revista\/rabinal-baja-verapaz-fiesta-patronal-2025\/","title":{"rendered":"Con devoci\u00f3n, colorido y marimba, Rabinal festeja su fiesta titular"},"content":{"rendered":"\t\t<div data-elementor-type=\"wp-post\" data-elementor-id=\"22543\" class=\"elementor elementor-22543\" data-elementor-post-type=\"post\">\n\t\t\t\t<div data-particle_enable=\"false\" data-particle-mobile-disabled=\"false\" class=\"elementor-element elementor-element-8cee87d e-flex e-con-boxed e-con e-parent\" data-id=\"8cee87d\" data-element_type=\"container\" data-e-type=\"container\">\n\t\t\t\t\t<div class=\"e-con-inner\">\n\t\t\t\t<div class=\"elementor-element elementor-element-7e41e6a elementor-widget elementor-widget-heading\" data-id=\"7e41e6a\" data-element_type=\"widget\" data-e-type=\"widget\" data-widget_type=\"heading.default\">\n\t\t\t\t\t<h2 class=\"elementor-heading-title elementor-size-default\">El lente de Abel Ju\u00e1rez nos traslada hasta Rabinal, Baja Verapaz,  que celebra a su patrono San Pablo; este a\u00f1o no hubo danza del Rabinal Ach\u00ed, pero ello no impide las expresiones de  fervor, tradici\u00f3n y uni\u00f3n, incluyendo municipios vecinos.<\/h2>\t\t\t\t<\/div>\n\t\t\t\t\t<\/div>\n\t\t\t\t<\/div>\n\t\t<div data-particle_enable=\"false\" data-particle-mobile-disabled=\"false\" class=\"elementor-element elementor-element-a435990 e-flex e-con-boxed e-con e-parent\" data-id=\"a435990\" data-element_type=\"container\" data-e-type=\"container\">\n\t\t\t\t\t<div class=\"e-con-inner\">\n\t\t\t\t<div class=\"elementor-element elementor-element-343e9d9 elementor-widget elementor-widget-text-editor\" data-id=\"343e9d9\" data-element_type=\"widget\" data-e-type=\"widget\" data-widget_type=\"text-editor.default\">\n\t\t\t\t\t\t\t\t\t<p>Rabinal. Baja Verapaz, es uno de los municipios m\u00e1s antiguos de Guatemala. Fue fundado en 1537 por Fray Pedro Angulo y Fray Bartolom\u00e9 de las Casas, quienes lo nombraron San Pablo Rabinal. Se encuentra localizado a unos 937 metros sobre el nivel del mar, en una depresi\u00f3n de la Sierra de Chuac\u00fas.\u00a0<\/p><p>Este territorio estuvo poblado desde tiempos prehisp\u00e1nicos por el pueblo de los Rabinaleb, los cuales fueron aliados de los Q&#8217;iche&#8217; pero despu\u00e9s se separaron de su confederaci\u00f3n. Prueba documental de ello es el <a href=\"https:\/\/soymigrante.com\/revista\/rabinal-achi-drama-prehispanico-patrimonio-cultural-de-guatemala\/\">baile drama Rabinal Ach\u00ed, <\/a>\u00fanico en su tipo, Patrimonio Cultural de Guatemala y Patrimonio Mundial de la Humanidad declarado por la Unesco, pero que en este 2025 no se present\u00f3 debido a factores econ\u00f3micos y algunas pugnas entre grupos.<\/p><p>A\u00fan as\u00ed, los pobladores de Rabinal, muchos de ellos de la comunidad<a href=\"https:\/\/soymigrante.com\/revista\/etnias-de-guatemala-los-achi\/\"> maya Achi&#8217;<\/a> efectuaron todo el resto de actividades dedicadas a su patrono y que Abel Ju\u00e1rez capt\u00f3 con su lente.\u00a0<\/p>\t\t\t\t\t\t\t\t<\/div>\n\t\t\t\t\t<\/div>\n\t\t\t\t<\/div>\n\t\t<div data-particle_enable=\"false\" data-particle-mobile-disabled=\"false\" class=\"elementor-element elementor-element-30fd9b1 e-flex e-con-boxed e-con e-parent\" data-id=\"30fd9b1\" data-element_type=\"container\" data-e-type=\"container\">\n\t\t\t\t\t<div class=\"e-con-inner\">\n\t\t\t\t<div class=\"elementor-element elementor-element-eed2ff0 gallery-spacing-custom elementor-widget elementor-widget-image-gallery\" data-id=\"eed2ff0\" data-element_type=\"widget\" data-e-type=\"widget\" data-widget_type=\"image-gallery.default\">\n\t\t\t\t\t\t\t<div class=\"elementor-image-gallery\">\n\t\t\t<div id='gallery-1' class='gallery galleryid-22543 gallery-columns-1 gallery-size-large'><figure class='gallery-item'>\n\t\t\t<div class='gallery-icon landscape'>\n\t\t\t\t<a data-elementor-open-lightbox=\"yes\" data-elementor-lightbox-slideshow=\"eed2ff0\" data-elementor-lightbox-title=\"rabinal baja verapaz foto abel juarez 1\" data-elementor-lightbox-description=\"Una escena vibrante de un festival ind\u00edgena en M\u00e9xico con personas vestidas con ropa tradicional, bailando y disfrutando en comunidad.\" data-e-action-hash=\"#elementor-action%3Aaction%3Dlightbox%26settings%3DeyJpZCI6MjI1NDgsInVybCI6Imh0dHBzOlwvXC9zb3ltaWdyYW50ZS5jb21cL3JldmlzdGFcL3dwLWNvbnRlbnRcL3VwbG9hZHNcLzIwMjVcLzAxXC9yYWJpbmFsLWJhamEtdmVyYXBhei1mb3RvLWFiZWwtanVhcmV6LTEtc2NhbGVkLndlYnAiLCJzbGlkZXNob3ciOiJlZWQyZmYwIn0%3D\" href='https:\/\/soymigrante.com\/revista\/wp-content\/uploads\/2025\/01\/rabinal-baja-verapaz-foto-abel-juarez-1-scaled.webp'><img fetchpriority=\"high\" decoding=\"async\" width=\"768\" height=\"511\" src=\"https:\/\/soymigrante.com\/revista\/wp-content\/uploads\/2025\/01\/rabinal-baja-verapaz-foto-abel-juarez-1-1024x681.jpg\" class=\"attachment-large size-large\" alt=\"Fiesta tradicional en comunidad ind\u00edgena con baile y vestimentas coloridas, demostrando cultura y ra\u00edces en un evento festivo en M\u00e9xico.\" aria-describedby=\"gallery-1-22548\" srcset=\"https:\/\/soymigrante.com\/revista\/wp-content\/uploads\/2025\/01\/rabinal-baja-verapaz-foto-abel-juarez-1-1024x681.jpg 1024w, https:\/\/soymigrante.com\/revista\/wp-content\/uploads\/2025\/01\/rabinal-baja-verapaz-foto-abel-juarez-1-300x200.jpg 300w, https:\/\/soymigrante.com\/revista\/wp-content\/uploads\/2025\/01\/rabinal-baja-verapaz-foto-abel-juarez-1-768x511.jpg 768w, https:\/\/soymigrante.com\/revista\/wp-content\/uploads\/2025\/01\/rabinal-baja-verapaz-foto-abel-juarez-1-1536x1022.jpg 1536w, https:\/\/soymigrante.com\/revista\/wp-content\/uploads\/2025\/01\/rabinal-baja-verapaz-foto-abel-juarez-1-2048x1363.jpg 2048w, https:\/\/soymigrante.com\/revista\/wp-content\/uploads\/2025\/01\/rabinal-baja-verapaz-foto-abel-juarez-1-750x499.webp 750w, https:\/\/soymigrante.com\/revista\/wp-content\/uploads\/2025\/01\/rabinal-baja-verapaz-foto-abel-juarez-1-1140x759.webp 1140w, https:\/\/soymigrante.com\/revista\/wp-content\/uploads\/2025\/01\/rabinal-baja-verapaz-foto-abel-juarez-1-scaled.webp 1920w\" sizes=\"(max-width: 768px) 100vw, 768px\" title=\"rabinal baja verapaz foto abel juarez 1 \u2013 SoyMigrante.com REVISTA\" \/><\/a>\n\t\t\t<\/div>\n\t\t\t\t<figcaption class='wp-caption-text gallery-caption' id='gallery-1-22548'>\n\t\t\t\tCelebraci\u00f3n cultural ind\u00edgena en M\u00e9xico con m\u00fasica, danza y trajes t\u00edpicos en una feria tradicional.\n\t\t\t\t<\/figcaption><\/figure><figure class='gallery-item'>\n\t\t\t<div class='gallery-icon landscape'>\n\t\t\t\t<a data-elementor-open-lightbox=\"yes\" data-elementor-lightbox-slideshow=\"eed2ff0\" data-elementor-lightbox-title=\"rabinal baja verapaz foto abel juarez 6\" data-elementor-lightbox-description=\"Participantes en una ceremonia o festival usando sombreros y ropa t\u00edpica, tocando marimba en un entorno campestre para promover la cultura mexicana.\" data-e-action-hash=\"#elementor-action%3Aaction%3Dlightbox%26settings%3DeyJpZCI6MjI1NTMsInVybCI6Imh0dHBzOlwvXC9zb3ltaWdyYW50ZS5jb21cL3JldmlzdGFcL3dwLWNvbnRlbnRcL3VwbG9hZHNcLzIwMjVcLzAxXC9yYWJpbmFsLWJhamEtdmVyYXBhei1mb3RvLWFiZWwtanVhcmV6LTYtc2NhbGVkLndlYnAiLCJzbGlkZXNob3ciOiJlZWQyZmYwIn0%3D\" href='https:\/\/soymigrante.com\/revista\/wp-content\/uploads\/2025\/01\/rabinal-baja-verapaz-foto-abel-juarez-6-scaled.webp'><img decoding=\"async\" width=\"768\" height=\"511\" src=\"https:\/\/soymigrante.com\/revista\/wp-content\/uploads\/2025\/01\/rabinal-baja-verapaz-foto-abel-juarez-6-1024x681.jpg\" class=\"attachment-large size-large\" alt=\"Gente tocando marimba tradicional en un entorno natural, representando la cultura y ra\u00edces ind\u00edgenas en M\u00e9xico.\" aria-describedby=\"gallery-1-22553\" srcset=\"https:\/\/soymigrante.com\/revista\/wp-content\/uploads\/2025\/01\/rabinal-baja-verapaz-foto-abel-juarez-6-1024x681.jpg 1024w, https:\/\/soymigrante.com\/revista\/wp-content\/uploads\/2025\/01\/rabinal-baja-verapaz-foto-abel-juarez-6-300x200.jpg 300w, https:\/\/soymigrante.com\/revista\/wp-content\/uploads\/2025\/01\/rabinal-baja-verapaz-foto-abel-juarez-6-768x511.jpg 768w, https:\/\/soymigrante.com\/revista\/wp-content\/uploads\/2025\/01\/rabinal-baja-verapaz-foto-abel-juarez-6-1536x1022.jpg 1536w, https:\/\/soymigrante.com\/revista\/wp-content\/uploads\/2025\/01\/rabinal-baja-verapaz-foto-abel-juarez-6-2048x1363.jpg 2048w, https:\/\/soymigrante.com\/revista\/wp-content\/uploads\/2025\/01\/rabinal-baja-verapaz-foto-abel-juarez-6-750x499.webp 750w, https:\/\/soymigrante.com\/revista\/wp-content\/uploads\/2025\/01\/rabinal-baja-verapaz-foto-abel-juarez-6-1140x759.webp 1140w, https:\/\/soymigrante.com\/revista\/wp-content\/uploads\/2025\/01\/rabinal-baja-verapaz-foto-abel-juarez-6-scaled.webp 1920w\" sizes=\"(max-width: 768px) 100vw, 768px\" title=\"rabinal baja verapaz foto abel juarez 6 \u2013 SoyMigrante.com REVISTA\" \/><\/a>\n\t\t\t<\/div>\n\t\t\t\t<figcaption class='wp-caption-text gallery-caption' id='gallery-1-22553'>\n\t\t\t\tPersonas tocando marimba durante evento cultural en la naturaleza, destacando tradiciones y patrimonio mexicano.\n\t\t\t\t<\/figcaption><\/figure><figure class='gallery-item'>\n\t\t\t<div class='gallery-icon landscape'>\n\t\t\t\t<a data-elementor-open-lightbox=\"yes\" data-elementor-lightbox-slideshow=\"eed2ff0\" data-elementor-lightbox-title=\"rabinal baja verapaz foto abel juarez 3\" data-elementor-lightbox-description=\"Imagen de un fest\u00edn cultural con baile ind\u00edgena y trajes tradicionales, reflejando la riqueza de las comunidades migrantes y su legado.\" data-e-action-hash=\"#elementor-action%3Aaction%3Dlightbox%26settings%3DeyJpZCI6MjI1NTAsInVybCI6Imh0dHBzOlwvXC9zb3ltaWdyYW50ZS5jb21cL3JldmlzdGFcL3dwLWNvbnRlbnRcL3VwbG9hZHNcLzIwMjVcLzAxXC9yYWJpbmFsLWJhamEtdmVyYXBhei1mb3RvLWFiZWwtanVhcmV6LTMtc2NhbGVkLndlYnAiLCJzbGlkZXNob3ciOiJlZWQyZmYwIn0%3D\" href='https:\/\/soymigrante.com\/revista\/wp-content\/uploads\/2025\/01\/rabinal-baja-verapaz-foto-abel-juarez-3-scaled.webp'><img decoding=\"async\" width=\"768\" height=\"511\" src=\"https:\/\/soymigrante.com\/revista\/wp-content\/uploads\/2025\/01\/rabinal-baja-verapaz-foto-abel-juarez-3-1024x681.jpg\" class=\"attachment-large size-large\" alt=\"Coloresadas danzas tradicionales en festival cultural de migrantes en M\u00e9xico, celebrando ra\u00edces ind\u00edgenas y comunidad.\" aria-describedby=\"gallery-1-22550\" srcset=\"https:\/\/soymigrante.com\/revista\/wp-content\/uploads\/2025\/01\/rabinal-baja-verapaz-foto-abel-juarez-3-1024x681.jpg 1024w, https:\/\/soymigrante.com\/revista\/wp-content\/uploads\/2025\/01\/rabinal-baja-verapaz-foto-abel-juarez-3-300x200.jpg 300w, https:\/\/soymigrante.com\/revista\/wp-content\/uploads\/2025\/01\/rabinal-baja-verapaz-foto-abel-juarez-3-768x511.jpg 768w, https:\/\/soymigrante.com\/revista\/wp-content\/uploads\/2025\/01\/rabinal-baja-verapaz-foto-abel-juarez-3-1536x1022.jpg 1536w, https:\/\/soymigrante.com\/revista\/wp-content\/uploads\/2025\/01\/rabinal-baja-verapaz-foto-abel-juarez-3-2048x1363.jpg 2048w, https:\/\/soymigrante.com\/revista\/wp-content\/uploads\/2025\/01\/rabinal-baja-verapaz-foto-abel-juarez-3-750x499.webp 750w, https:\/\/soymigrante.com\/revista\/wp-content\/uploads\/2025\/01\/rabinal-baja-verapaz-foto-abel-juarez-3-1140x759.webp 1140w, https:\/\/soymigrante.com\/revista\/wp-content\/uploads\/2025\/01\/rabinal-baja-verapaz-foto-abel-juarez-3-scaled.webp 1920w\" sizes=\"(max-width: 768px) 100vw, 768px\" title=\"rabinal baja verapaz foto abel juarez 3 \u2013 SoyMigrante.com REVISTA\" \/><\/a>\n\t\t\t<\/div>\n\t\t\t\t<figcaption class='wp-caption-text gallery-caption' id='gallery-1-22550'>\n\t\t\t\tCelebraci\u00f3n cultural de migrantes en M\u00e9xico con bailes coloridos, vestimenta t\u00edpica y tradiciones ancestrales.\n\t\t\t\t<\/figcaption><\/figure><figure class='gallery-item'>\n\t\t\t<div class='gallery-icon landscape'>\n\t\t\t\t<a data-elementor-open-lightbox=\"yes\" data-elementor-lightbox-slideshow=\"eed2ff0\" data-elementor-lightbox-title=\"rabinal baja verapaz foto abel juarez 2\" data-elementor-lightbox-description=\"Una celebraci\u00f3n aut\u00e9ntica del D\u00eda de los Muertos en Guatemala, con miembros de la comunidad ind\u00edgena con trajes tradicionales, ofrendas y actividades culturales en medio de un paisaje natural.\" data-e-action-hash=\"#elementor-action%3Aaction%3Dlightbox%26settings%3DeyJpZCI6MjI1NDksInVybCI6Imh0dHBzOlwvXC9zb3ltaWdyYW50ZS5jb21cL3JldmlzdGFcL3dwLWNvbnRlbnRcL3VwbG9hZHNcLzIwMjVcLzAxXC9yYWJpbmFsLWJhamEtdmVyYXBhei1mb3RvLWFiZWwtanVhcmV6LTItc2NhbGVkLndlYnAiLCJzbGlkZXNob3ciOiJlZWQyZmYwIn0%3D\" href='https:\/\/soymigrante.com\/revista\/wp-content\/uploads\/2025\/01\/rabinal-baja-verapaz-foto-abel-juarez-2-scaled.webp'><img loading=\"lazy\" decoding=\"async\" width=\"768\" height=\"488\" src=\"https:\/\/soymigrante.com\/revista\/wp-content\/uploads\/2025\/01\/rabinal-baja-verapaz-foto-abel-juarez-2-1024x651.jpg\" class=\"attachment-large size-large\" alt=\"Celebraci\u00f3n cultural en el D\u00eda de los Muertos con miembros de la comunidad ind\u00edgena, vestimenta tradicional y ofrendas en un entorno natural en Guatemala.\" aria-describedby=\"gallery-1-22549\" srcset=\"https:\/\/soymigrante.com\/revista\/wp-content\/uploads\/2025\/01\/rabinal-baja-verapaz-foto-abel-juarez-2-1024x651.jpg 1024w, https:\/\/soymigrante.com\/revista\/wp-content\/uploads\/2025\/01\/rabinal-baja-verapaz-foto-abel-juarez-2-300x191.jpg 300w, https:\/\/soymigrante.com\/revista\/wp-content\/uploads\/2025\/01\/rabinal-baja-verapaz-foto-abel-juarez-2-768x488.jpg 768w, https:\/\/soymigrante.com\/revista\/wp-content\/uploads\/2025\/01\/rabinal-baja-verapaz-foto-abel-juarez-2-1536x977.jpg 1536w, https:\/\/soymigrante.com\/revista\/wp-content\/uploads\/2025\/01\/rabinal-baja-verapaz-foto-abel-juarez-2-2048x1303.jpg 2048w, https:\/\/soymigrante.com\/revista\/wp-content\/uploads\/2025\/01\/rabinal-baja-verapaz-foto-abel-juarez-2-750x477.webp 750w, https:\/\/soymigrante.com\/revista\/wp-content\/uploads\/2025\/01\/rabinal-baja-verapaz-foto-abel-juarez-2-1140x725.webp 1140w, https:\/\/soymigrante.com\/revista\/wp-content\/uploads\/2025\/01\/rabinal-baja-verapaz-foto-abel-juarez-2-scaled.webp 1920w\" sizes=\"(max-width: 768px) 100vw, 768px\" title=\"rabinal baja verapaz foto abel juarez 2 \u2013 SoyMigrante.com REVISTA\" \/><\/a>\n\t\t\t<\/div>\n\t\t\t\t<figcaption class='wp-caption-text gallery-caption' id='gallery-1-22549'>\n\t\t\t\tFiesta tradicional ind\u00edgena en Guatemala con celebraci\u00f3n del D\u00eda de los Muertos, mostrando trajes t\u00edpicos, ofrendas y participaci\u00f3n comunitaria en un entorno natural y festivo.\n\t\t\t\t<\/figcaption><\/figure><figure class='gallery-item'>\n\t\t\t<div class='gallery-icon landscape'>\n\t\t\t\t<a data-elementor-open-lightbox=\"yes\" data-elementor-lightbox-slideshow=\"eed2ff0\" data-elementor-lightbox-title=\"rabinal baja verapaz foto abel juarez 4\" data-elementor-lightbox-description=\"#image_title #separator_sa #blog_title\" data-e-action-hash=\"#elementor-action%3Aaction%3Dlightbox%26settings%3DeyJpZCI6MjI1NTEsInVybCI6Imh0dHBzOlwvXC9zb3ltaWdyYW50ZS5jb21cL3JldmlzdGFcL3dwLWNvbnRlbnRcL3VwbG9hZHNcLzIwMjVcLzAxXC9yYWJpbmFsLWJhamEtdmVyYXBhei1mb3RvLWFiZWwtanVhcmV6LTQtc2NhbGVkLndlYnAiLCJzbGlkZXNob3ciOiJlZWQyZmYwIn0%3D\" href='https:\/\/soymigrante.com\/revista\/wp-content\/uploads\/2025\/01\/rabinal-baja-verapaz-foto-abel-juarez-4-scaled.webp'><img loading=\"lazy\" decoding=\"async\" width=\"768\" height=\"756\" src=\"https:\/\/soymigrante.com\/revista\/wp-content\/uploads\/2025\/01\/rabinal-baja-verapaz-foto-abel-juarez-4-1024x1008.jpg\" class=\"attachment-large size-large\" alt=\"M\u00e9xico, comunidad ind\u00edgena, mujer con vestimenta tradicional, flor de tilma, celebraci\u00f3n cultural, migrantes, identidad cultural, Fiesta de las Flores, celebraci\u00f3n tradicional, cultura ind\u00edgena mexicana.\" aria-describedby=\"gallery-1-22551\" srcset=\"https:\/\/soymigrante.com\/revista\/wp-content\/uploads\/2025\/01\/rabinal-baja-verapaz-foto-abel-juarez-4-1024x1008.jpg 1024w, https:\/\/soymigrante.com\/revista\/wp-content\/uploads\/2025\/01\/rabinal-baja-verapaz-foto-abel-juarez-4-300x295.jpg 300w, https:\/\/soymigrante.com\/revista\/wp-content\/uploads\/2025\/01\/rabinal-baja-verapaz-foto-abel-juarez-4-768x756.jpg 768w, https:\/\/soymigrante.com\/revista\/wp-content\/uploads\/2025\/01\/rabinal-baja-verapaz-foto-abel-juarez-4-1536x1513.jpg 1536w, https:\/\/soymigrante.com\/revista\/wp-content\/uploads\/2025\/01\/rabinal-baja-verapaz-foto-abel-juarez-4-2048x2017.jpg 2048w, https:\/\/soymigrante.com\/revista\/wp-content\/uploads\/2025\/01\/rabinal-baja-verapaz-foto-abel-juarez-4-75x75.webp 75w, https:\/\/soymigrante.com\/revista\/wp-content\/uploads\/2025\/01\/rabinal-baja-verapaz-foto-abel-juarez-4-750x739.webp 750w, https:\/\/soymigrante.com\/revista\/wp-content\/uploads\/2025\/01\/rabinal-baja-verapaz-foto-abel-juarez-4-1140x1123.webp 1140w, https:\/\/soymigrante.com\/revista\/wp-content\/uploads\/2025\/01\/rabinal-baja-verapaz-foto-abel-juarez-4-scaled.webp 1920w\" sizes=\"(max-width: 768px) 100vw, 768px\" title=\"rabinal baja verapaz foto abel juarez 4 \u2013 SoyMigrante.com REVISTA\" \/><\/a>\n\t\t\t<\/div>\n\t\t\t\t<figcaption class='wp-caption-text gallery-caption' id='gallery-1-22551'>\n\t\t\t\tPrincesas electas de Rabinal y pueblos vecinos son invitadas y testigas de honor\n\t\t\t\t<\/figcaption><\/figure><figure class='gallery-item'>\n\t\t\t<div class='gallery-icon landscape'>\n\t\t\t\t<a data-elementor-open-lightbox=\"yes\" data-elementor-lightbox-slideshow=\"eed2ff0\" data-elementor-lightbox-title=\"rabinal baja verapaz foto abel juarez 9\" data-elementor-lightbox-description=\"Una multitud participando en una festividad tradicional mexicana, con carros aleg\u00f3ricos coloridos y adornados en una celebraci\u00f3n comunitaria en un entorno natural.\" data-e-action-hash=\"#elementor-action%3Aaction%3Dlightbox%26settings%3DeyJpZCI6MjI1NTYsInVybCI6Imh0dHBzOlwvXC9zb3ltaWdyYW50ZS5jb21cL3JldmlzdGFcL3dwLWNvbnRlbnRcL3VwbG9hZHNcLzIwMjVcLzAxXC9yYWJpbmFsLWJhamEtdmVyYXBhei1mb3RvLWFiZWwtanVhcmV6LTkud2VicCIsInNsaWRlc2hvdyI6ImVlZDJmZjAifQ%3D%3D\" href='https:\/\/soymigrante.com\/revista\/wp-content\/uploads\/2025\/01\/rabinal-baja-verapaz-foto-abel-juarez-9.webp'><img loading=\"lazy\" decoding=\"async\" width=\"768\" height=\"511\" src=\"https:\/\/soymigrante.com\/revista\/wp-content\/uploads\/2025\/01\/rabinal-baja-verapaz-foto-abel-juarez-9-1024x681.jpg\" class=\"attachment-large size-large\" alt=\"Cola de personas en celebraci\u00f3n tradicional con grandes carros aleg\u00f3ricos adornados con colores vibrantes en un entorno rural en M\u00e9xico.\" aria-describedby=\"gallery-1-22556\" srcset=\"https:\/\/soymigrante.com\/revista\/wp-content\/uploads\/2025\/01\/rabinal-baja-verapaz-foto-abel-juarez-9-1024x681.jpg 1024w, https:\/\/soymigrante.com\/revista\/wp-content\/uploads\/2025\/01\/rabinal-baja-verapaz-foto-abel-juarez-9-300x200.jpg 300w, https:\/\/soymigrante.com\/revista\/wp-content\/uploads\/2025\/01\/rabinal-baja-verapaz-foto-abel-juarez-9-768x511.jpg 768w, https:\/\/soymigrante.com\/revista\/wp-content\/uploads\/2025\/01\/rabinal-baja-verapaz-foto-abel-juarez-9-1536x1021.jpg 1536w, https:\/\/soymigrante.com\/revista\/wp-content\/uploads\/2025\/01\/rabinal-baja-verapaz-foto-abel-juarez-9-750x499.webp 750w, https:\/\/soymigrante.com\/revista\/wp-content\/uploads\/2025\/01\/rabinal-baja-verapaz-foto-abel-juarez-9-1140x758.webp 1140w, https:\/\/soymigrante.com\/revista\/wp-content\/uploads\/2025\/01\/rabinal-baja-verapaz-foto-abel-juarez-9.webp 1600w\" sizes=\"(max-width: 768px) 100vw, 768px\" title=\"rabinal baja verapaz foto abel juarez 9 \u2013 SoyMigrante.com REVISTA\" \/><\/a>\n\t\t\t<\/div>\n\t\t\t\t<figcaption class='wp-caption-text gallery-caption' id='gallery-1-22556'>\n\t\t\t\tDesfile cultural y religioso en M\u00e9xico, con participaci\u00f3n masiva de comunidad ind\u00edgena, en un evento festivo con carros aleg\u00f3ricos decorados.\n\t\t\t\t<\/figcaption><\/figure><figure class='gallery-item'>\n\t\t\t<div class='gallery-icon landscape'>\n\t\t\t\t<a data-elementor-open-lightbox=\"yes\" data-elementor-lightbox-slideshow=\"eed2ff0\" data-elementor-lightbox-title=\"rabinal baja verapaz foto abel juarez 5\" data-elementor-lightbox-description=\"Imagen de una celebraci\u00f3n cultural ind\u00edgena en Guatemala con decoraciones coloridas, festividad tradicional, vestimenta folkl\u00f3rica y participaci\u00f3n comunitaria en un evento de celebraci\u00f3n cultural.\" data-e-action-hash=\"#elementor-action%3Aaction%3Dlightbox%26settings%3DeyJpZCI6MjI1NTIsInVybCI6Imh0dHBzOlwvXC9zb3ltaWdyYW50ZS5jb21cL3JldmlzdGFcL3dwLWNvbnRlbnRcL3VwbG9hZHNcLzIwMjVcLzAxXC9yYWJpbmFsLWJhamEtdmVyYXBhei1mb3RvLWFiZWwtanVhcmV6LTUud2VicCIsInNsaWRlc2hvdyI6ImVlZDJmZjAifQ%3D%3D\" href='https:\/\/soymigrante.com\/revista\/wp-content\/uploads\/2025\/01\/rabinal-baja-verapaz-foto-abel-juarez-5.webp'><img loading=\"lazy\" decoding=\"async\" width=\"768\" height=\"511\" src=\"https:\/\/soymigrante.com\/revista\/wp-content\/uploads\/2025\/01\/rabinal-baja-verapaz-foto-abel-juarez-5-1024x681.jpg\" class=\"attachment-large size-large\" alt=\"Coloridas decoraciones tradicionales en celebraci\u00f3n ind\u00edgena en Guatemala, con alta participaci\u00f3n comunitaria y vestimenta folkl\u00f3rica durante festividad cultural.\" aria-describedby=\"gallery-1-22552\" srcset=\"https:\/\/soymigrante.com\/revista\/wp-content\/uploads\/2025\/01\/rabinal-baja-verapaz-foto-abel-juarez-5-1024x681.jpg 1024w, https:\/\/soymigrante.com\/revista\/wp-content\/uploads\/2025\/01\/rabinal-baja-verapaz-foto-abel-juarez-5-300x200.jpg 300w, https:\/\/soymigrante.com\/revista\/wp-content\/uploads\/2025\/01\/rabinal-baja-verapaz-foto-abel-juarez-5-768x511.jpg 768w, https:\/\/soymigrante.com\/revista\/wp-content\/uploads\/2025\/01\/rabinal-baja-verapaz-foto-abel-juarez-5-1536x1021.jpg 1536w, https:\/\/soymigrante.com\/revista\/wp-content\/uploads\/2025\/01\/rabinal-baja-verapaz-foto-abel-juarez-5-750x499.webp 750w, https:\/\/soymigrante.com\/revista\/wp-content\/uploads\/2025\/01\/rabinal-baja-verapaz-foto-abel-juarez-5-1140x758.webp 1140w, https:\/\/soymigrante.com\/revista\/wp-content\/uploads\/2025\/01\/rabinal-baja-verapaz-foto-abel-juarez-5.webp 1600w\" sizes=\"(max-width: 768px) 100vw, 768px\" title=\"rabinal baja verapaz foto abel juarez 5 \u2013 SoyMigrante.com REVISTA\" \/><\/a>\n\t\t\t<\/div>\n\t\t\t\t<figcaption class='wp-caption-text gallery-caption' id='gallery-1-22552'>\n\t\t\t\tExposici\u00f3n de cultura y tradiciones ind\u00edgenas en Guatemala, mostrando vestimenta tradicional, ofrendas y festividades en un evento comunitario con gran participaci\u00f3n popular.\n\t\t\t\t<\/figcaption><\/figure><figure class='gallery-item'>\n\t\t\t<div class='gallery-icon landscape'>\n\t\t\t\t<a data-elementor-open-lightbox=\"yes\" data-elementor-lightbox-slideshow=\"eed2ff0\" data-elementor-lightbox-title=\"rabinal baja verapaz foto abel juarez 8\" data-elementor-lightbox-description=\"Descripci\u00f3n de altar de D\u00eda de Muertos en M\u00e9xico, mostrando coloridas flores, figuras religiosas y adornos t\u00edpicos que representan la tradici\u00f3n y cultura mexicana en festividades ancestrales.\" data-e-action-hash=\"#elementor-action%3Aaction%3Dlightbox%26settings%3DeyJpZCI6MjI1NTUsInVybCI6Imh0dHBzOlwvXC9zb3ltaWdyYW50ZS5jb21cL3JldmlzdGFcL3dwLWNvbnRlbnRcL3VwbG9hZHNcLzIwMjVcLzAxXC9yYWJpbmFsLWJhamEtdmVyYXBhei1mb3RvLWFiZWwtanVhcmV6LTgud2VicCIsInNsaWRlc2hvdyI6ImVlZDJmZjAifQ%3D%3D\" href='https:\/\/soymigrante.com\/revista\/wp-content\/uploads\/2025\/01\/rabinal-baja-verapaz-foto-abel-juarez-8.webp'><img loading=\"lazy\" decoding=\"async\" width=\"768\" height=\"511\" src=\"https:\/\/soymigrante.com\/revista\/wp-content\/uploads\/2025\/01\/rabinal-baja-verapaz-foto-abel-juarez-8-1024x681.jpg\" class=\"attachment-large size-large\" alt=\"Colorido altar de D\u00eda de Muertos con flores y advocaciones religiosas, s\u00edmbolo de la cultura mexicana y tradici\u00f3n ancestral, decorado con vibrantas plumas y figuras religiosas.\" aria-describedby=\"gallery-1-22555\" srcset=\"https:\/\/soymigrante.com\/revista\/wp-content\/uploads\/2025\/01\/rabinal-baja-verapaz-foto-abel-juarez-8-1024x681.jpg 1024w, https:\/\/soymigrante.com\/revista\/wp-content\/uploads\/2025\/01\/rabinal-baja-verapaz-foto-abel-juarez-8-300x200.jpg 300w, https:\/\/soymigrante.com\/revista\/wp-content\/uploads\/2025\/01\/rabinal-baja-verapaz-foto-abel-juarez-8-768x511.jpg 768w, https:\/\/soymigrante.com\/revista\/wp-content\/uploads\/2025\/01\/rabinal-baja-verapaz-foto-abel-juarez-8-1536x1021.jpg 1536w, https:\/\/soymigrante.com\/revista\/wp-content\/uploads\/2025\/01\/rabinal-baja-verapaz-foto-abel-juarez-8-750x499.webp 750w, https:\/\/soymigrante.com\/revista\/wp-content\/uploads\/2025\/01\/rabinal-baja-verapaz-foto-abel-juarez-8-1140x758.webp 1140w, https:\/\/soymigrante.com\/revista\/wp-content\/uploads\/2025\/01\/rabinal-baja-verapaz-foto-abel-juarez-8.webp 1600w\" sizes=\"(max-width: 768px) 100vw, 768px\" title=\"rabinal baja verapaz foto abel juarez 8 \u2013 SoyMigrante.com REVISTA\" \/><\/a>\n\t\t\t<\/div>\n\t\t\t\t<figcaption class='wp-caption-text gallery-caption' id='gallery-1-22555'>\n\t\t\t\tCelebraci\u00f3n del D\u00eda de Muertos en M\u00e9xico con coloridos altares y ofrendas tradicionales, reflejando la riqueza cultural, religiosa y comunitaria del pa\u00eds.\n\t\t\t\t<\/figcaption><\/figure><figure class='gallery-item'>\n\t\t\t<div class='gallery-icon landscape'>\n\t\t\t\t<a data-elementor-open-lightbox=\"yes\" data-elementor-lightbox-slideshow=\"eed2ff0\" data-elementor-lightbox-title=\"rabinal baja verapaz foto abel juarez 10\" data-elementor-lightbox-description=\"#image_title #separator_sa #blog_title\" data-e-action-hash=\"#elementor-action%3Aaction%3Dlightbox%26settings%3DeyJpZCI6MjI1NTcsInVybCI6Imh0dHBzOlwvXC9zb3ltaWdyYW50ZS5jb21cL3JldmlzdGFcL3dwLWNvbnRlbnRcL3VwbG9hZHNcLzIwMjVcLzAxXC9yYWJpbmFsLWJhamEtdmVyYXBhei1mb3RvLWFiZWwtanVhcmV6LTEwLXNjYWxlZC53ZWJwIiwic2xpZGVzaG93IjoiZWVkMmZmMCJ9\" href='https:\/\/soymigrante.com\/revista\/wp-content\/uploads\/2025\/01\/rabinal-baja-verapaz-foto-abel-juarez-10-scaled.webp'><img loading=\"lazy\" decoding=\"async\" width=\"768\" height=\"511\" src=\"https:\/\/soymigrante.com\/revista\/wp-content\/uploads\/2025\/01\/rabinal-baja-verapaz-foto-abel-juarez-10-1024x681.jpg\" class=\"attachment-large size-large\" alt=\"Colores y festividades tradicionales en la celebraci\u00f3n de Las Islas de la Virgen en Guatemala, con alta participaci\u00f3n comunitaria, ofrendas y arte ind\u00edgena, promoviendo cultura, identidad y turismo en la regi\u00f3n.\" aria-describedby=\"gallery-1-22557\" srcset=\"https:\/\/soymigrante.com\/revista\/wp-content\/uploads\/2025\/01\/rabinal-baja-verapaz-foto-abel-juarez-10-1024x681.jpg 1024w, https:\/\/soymigrante.com\/revista\/wp-content\/uploads\/2025\/01\/rabinal-baja-verapaz-foto-abel-juarez-10-300x200.jpg 300w, https:\/\/soymigrante.com\/revista\/wp-content\/uploads\/2025\/01\/rabinal-baja-verapaz-foto-abel-juarez-10-768x511.jpg 768w, https:\/\/soymigrante.com\/revista\/wp-content\/uploads\/2025\/01\/rabinal-baja-verapaz-foto-abel-juarez-10-1536x1022.jpg 1536w, https:\/\/soymigrante.com\/revista\/wp-content\/uploads\/2025\/01\/rabinal-baja-verapaz-foto-abel-juarez-10-2048x1363.jpg 2048w, https:\/\/soymigrante.com\/revista\/wp-content\/uploads\/2025\/01\/rabinal-baja-verapaz-foto-abel-juarez-10-750x499.webp 750w, https:\/\/soymigrante.com\/revista\/wp-content\/uploads\/2025\/01\/rabinal-baja-verapaz-foto-abel-juarez-10-1140x759.webp 1140w, https:\/\/soymigrante.com\/revista\/wp-content\/uploads\/2025\/01\/rabinal-baja-verapaz-foto-abel-juarez-10-scaled.webp 1920w\" sizes=\"(max-width: 768px) 100vw, 768px\" title=\"rabinal baja verapaz foto abel juarez 10 \u2013 SoyMigrante.com REVISTA\" \/><\/a>\n\t\t\t<\/div>\n\t\t\t\t<figcaption class='wp-caption-text gallery-caption' id='gallery-1-22557'>\n\t\t\t\tEste 24 de enero llegaron en procesi\u00f3n los santos Pedro y Pablo hasta el templo parroquial de Rabinal.\n\t\t\t\t<\/figcaption><\/figure>\n\t\t<\/div>\n\t\t<\/div>\n\t\t\t\t\t\t<\/div>\n\t\t\t\t\t<\/div>\n\t\t\t\t<\/div>\n\t\t<div data-particle_enable=\"false\" data-particle-mobile-disabled=\"false\" class=\"elementor-element elementor-element-b939aab e-flex e-con-boxed e-con e-parent\" data-id=\"b939aab\" data-element_type=\"container\" data-e-type=\"container\">\n\t\t\t\t\t<div class=\"e-con-inner\">\n\t\t\t\t<div class=\"elementor-element elementor-element-36e5ef4 elementor-widget elementor-widget-heading\" data-id=\"36e5ef4\" data-element_type=\"widget\" data-e-type=\"widget\" data-widget_type=\"heading.default\">\n\t\t\t\t\t<h2 class=\"elementor-heading-title elementor-size-default\">M\u00e1s joyas de la tradici\u00f3n guatemalteca<\/h2>\t\t\t\t<\/div>\n\t\t\t\t\t<\/div>\n\t\t\t\t<\/div>\n\t\t<div data-particle_enable=\"false\" data-particle-mobile-disabled=\"false\" class=\"elementor-element elementor-element-0c5c23e e-flex e-con-boxed e-con e-parent\" data-id=\"0c5c23e\" data-element_type=\"container\" data-e-type=\"container\">\n\t\t\t\t\t<div class=\"e-con-inner\">\n\t\t\t\t<div class=\"elementor-element elementor-element-a190e32 elementor-grid-eael-col-3 elementor-grid-tablet-eael-col-2 elementor-grid-mobile-eael-col-1 elementor-widget elementor-widget-eael-post-grid\" data-id=\"a190e32\" data-element_type=\"widget\" data-e-type=\"widget\" data-settings=\"{&quot;eael_post_grid_columns&quot;:&quot;eael-col-3&quot;,&quot;eael_post_grid_columns_tablet&quot;:&quot;eael-col-2&quot;,&quot;eael_post_grid_columns_mobile&quot;:&quot;eael-col-1&quot;}\" data-widget_type=\"eael-post-grid.default\">\n\t\t\t\t\t<div id=\"eael-post-grid-a190e32\" class=\"eael-post-grid-container\">\n            <div class=\"eael-post-grid eael-post-appender eael-post-appender-a190e32 eael-post-grid-style-one\" data-layout-mode=\"masonry\"><article class=\"eael-grid-post  eael-post-grid-column eael-pg-post-2390 category-guate-nuestra tags-danzas-de-guatemala\" data-id=\"2390\">\n        <div class=\"eael-grid-post-holder\">\n            <div class=\"eael-grid-post-holder-inner\"><div class=\"eael-entry-media\"><div class=\"eael-entry-overlay fade-in\"><i class=\"far fa-hand-pointer\" aria-hidden=\"true\"><\/i><a href=\"https:\/\/soymigrante.com\/revista\/guatemala-danza-el-baile-de-la-paach-de-san-marcos-es-patrimonio-de-la-humanidad\/\"><\/a><\/div><div class=\"eael-entry-thumbnail \">\n                <img loading=\"lazy\" decoding=\"async\" width=\"1000\" height=\"636\" src=\"https:\/\/soymigrante.com\/revista\/wp-content\/uploads\/2023\/09\/03672-HUG.webp\" class=\"attachment-large size-large wp-image-2424\" alt=\"La percusi\u00f3n del tambor abre paso al recorrido de los ancianos, padrinos y comunidad, en camino a la Casa de la Paazh (Fotograf\u00eda Archivo FLAAR-Unesco)\" srcset=\"https:\/\/soymigrante.com\/revista\/wp-content\/uploads\/2023\/09\/03672-HUG.webp 1000w, https:\/\/soymigrante.com\/revista\/wp-content\/uploads\/2023\/09\/03672-HUG-300x191.webp 300w, https:\/\/soymigrante.com\/revista\/wp-content\/uploads\/2023\/09\/03672-HUG-768x488.webp 768w, https:\/\/soymigrante.com\/revista\/wp-content\/uploads\/2023\/09\/03672-HUG-750x477.webp 750w\" sizes=\"(max-width: 1000px) 100vw, 1000px\" \/>\n            <\/div>\n        <\/div><div class=\"eael-entry-wrapper\"><header class=\"eael-entry-header\"><h2 class=\"eael-entry-title\"><a class=\"eael-grid-post-link\" href=\"https:\/\/soymigrante.com\/revista\/guatemala-danza-el-baile-de-la-paach-de-san-marcos-es-patrimonio-de-la-humanidad\/\" title=\"Danzas de Guatemala: El baile de La Paach, de San Marcos es Patrimonio de la Humanidad\">Danzas de Guatemala: El baile de La Paach, de San Marcos es Patrimonio de la Humanidad<\/a><\/h2><\/header><div class=\"eael-entry-content\">\n                        <div class=\"eael-grid-post-excerpt\"><a href=\"https:\/\/soymigrante.com\/revista\/guatemala-danza-el-baile-de-la-paach-de-san-marcos-es-patrimonio-de-la-humanidad\/\" class=\"eael-post-elements-readmore-btn\">CONOCE SU HISTORIA <\/a><\/div>\n                    <\/div><\/div><\/div>\n        <\/div>\n    <\/article><article class=\"eael-grid-post  eael-post-grid-column eael-pg-post-2456 category-guate-nuestra tags-danzas-de-guatemala\" data-id=\"2456\">\n        <div class=\"eael-grid-post-holder\">\n            <div class=\"eael-grid-post-holder-inner\"><div class=\"eael-entry-media\"><div class=\"eael-entry-overlay fade-in\"><i class=\"far fa-hand-pointer\" aria-hidden=\"true\"><\/i><a href=\"https:\/\/soymigrante.com\/revista\/guatemala-danza-el-palo-volador-en-joyabaj-cubulco-o-chichicastenango-siempre-es-memorable\/\"><\/a><\/div><div class=\"eael-entry-thumbnail \">\n                <img loading=\"lazy\" decoding=\"async\" width=\"1024\" height=\"604\" src=\"https:\/\/soymigrante.com\/revista\/wp-content\/uploads\/2023\/09\/Captura-de-pantalla-2023-09-04-073800-e1693837574983-1024x604.webp\" class=\"attachment-large size-large wp-image-2458\" alt=\"Los monos Hun Batz y Hun Chouen en lo alto del palo antes de descender. Captura de pantalla de video de TV Asunci\u00f3n Joyabaj.\" srcset=\"https:\/\/soymigrante.com\/revista\/wp-content\/uploads\/2023\/09\/Captura-de-pantalla-2023-09-04-073800-e1693837574983-1024x604.webp 1024w, https:\/\/soymigrante.com\/revista\/wp-content\/uploads\/2023\/09\/Captura-de-pantalla-2023-09-04-073800-e1693837574983-300x177.webp 300w, https:\/\/soymigrante.com\/revista\/wp-content\/uploads\/2023\/09\/Captura-de-pantalla-2023-09-04-073800-e1693837574983-768x453.webp 768w, https:\/\/soymigrante.com\/revista\/wp-content\/uploads\/2023\/09\/Captura-de-pantalla-2023-09-04-073800-e1693837574983-750x442.webp 750w, https:\/\/soymigrante.com\/revista\/wp-content\/uploads\/2023\/09\/Captura-de-pantalla-2023-09-04-073800-e1693837574983-1140x673.webp 1140w, https:\/\/soymigrante.com\/revista\/wp-content\/uploads\/2023\/09\/Captura-de-pantalla-2023-09-04-073800-e1693837574983.webp 1256w\" sizes=\"(max-width: 1024px) 100vw, 1024px\" \/>\n            <\/div>\n        <\/div><div class=\"eael-entry-wrapper\"><header class=\"eael-entry-header\"><h2 class=\"eael-entry-title\"><a class=\"eael-grid-post-link\" href=\"https:\/\/soymigrante.com\/revista\/guatemala-danza-el-palo-volador-en-joyabaj-cubulco-o-chichicastenango-siempre-es-memorable\/\" title=\"Danzas de Guatemala: El Palo Volador en Joyabaj, Cubulco o Chichicastenango es inolvidable\">Danzas de Guatemala: El Palo Volador en Joyabaj, Cubulco o Chichicastenango es inolvidable<\/a><\/h2><\/header><div class=\"eael-entry-content\">\n                        <div class=\"eael-grid-post-excerpt\"><a href=\"https:\/\/soymigrante.com\/revista\/guatemala-danza-el-palo-volador-en-joyabaj-cubulco-o-chichicastenango-siempre-es-memorable\/\" class=\"eael-post-elements-readmore-btn\">CONOCE SU HISTORIA <\/a><\/div>\n                    <\/div><\/div><\/div>\n        <\/div>\n    <\/article><article class=\"eael-grid-post  eael-post-grid-column eael-pg-post-2449 category-guate-nuestra tags-danzas-de-guatemala\" data-id=\"2449\">\n        <div class=\"eael-grid-post-holder\">\n            <div class=\"eael-grid-post-holder-inner\"><div class=\"eael-entry-media\"><div class=\"eael-entry-overlay fade-in\"><i class=\"far fa-hand-pointer\" aria-hidden=\"true\"><\/i><a href=\"https:\/\/soymigrante.com\/revista\/danza-guatemala-el-ancestral-baile-del-venado\/\"><\/a><\/div><div class=\"eael-entry-thumbnail \">\n                <img loading=\"lazy\" decoding=\"async\" width=\"1024\" height=\"683\" src=\"https:\/\/soymigrante.com\/revista\/wp-content\/uploads\/2023\/09\/DANZA-DEL-VENADO-CUNEN-QUICHE-1024x683.webp\" class=\"attachment-large size-large wp-image-2450\" alt=\"DANZA DEL VENADO CUNEN QUICHE\" srcset=\"https:\/\/soymigrante.com\/revista\/wp-content\/uploads\/2023\/09\/DANZA-DEL-VENADO-CUNEN-QUICHE-1024x683.webp 1024w, https:\/\/soymigrante.com\/revista\/wp-content\/uploads\/2023\/09\/DANZA-DEL-VENADO-CUNEN-QUICHE-300x200.webp 300w, https:\/\/soymigrante.com\/revista\/wp-content\/uploads\/2023\/09\/DANZA-DEL-VENADO-CUNEN-QUICHE-768x512.webp 768w, https:\/\/soymigrante.com\/revista\/wp-content\/uploads\/2023\/09\/DANZA-DEL-VENADO-CUNEN-QUICHE-1536x1024.webp 1536w, https:\/\/soymigrante.com\/revista\/wp-content\/uploads\/2023\/09\/DANZA-DEL-VENADO-CUNEN-QUICHE-750x500.webp 750w, https:\/\/soymigrante.com\/revista\/wp-content\/uploads\/2023\/09\/DANZA-DEL-VENADO-CUNEN-QUICHE-1140x760.webp 1140w, https:\/\/soymigrante.com\/revista\/wp-content\/uploads\/2023\/09\/DANZA-DEL-VENADO-CUNEN-QUICHE-600x400.webp 600w, https:\/\/soymigrante.com\/revista\/wp-content\/uploads\/2023\/09\/DANZA-DEL-VENADO-CUNEN-QUICHE.webp 1920w\" sizes=\"(max-width: 1024px) 100vw, 1024px\" \/>\n            <\/div>\n        <\/div><div class=\"eael-entry-wrapper\"><header class=\"eael-entry-header\"><h2 class=\"eael-entry-title\"><a class=\"eael-grid-post-link\" href=\"https:\/\/soymigrante.com\/revista\/danza-guatemala-el-ancestral-baile-del-venado\/\" title=\"Danzas de Guatemala: El  Baile del Venado est\u00e1 en la memoria de muchos migrantes.\">Danzas de Guatemala: El  Baile del Venado est\u00e1 en la memoria de muchos migrantes.<\/a><\/h2><\/header><div class=\"eael-entry-content\">\n                        <div class=\"eael-grid-post-excerpt\"><a href=\"https:\/\/soymigrante.com\/revista\/danza-guatemala-el-ancestral-baile-del-venado\/\" class=\"eael-post-elements-readmore-btn\">CONOCE SU HISTORIA <\/a><\/div>\n                    <\/div><\/div><\/div>\n        <\/div>\n    <\/article><\/div>\n            <div class=\"clearfix\"><\/div>\n        <\/div>\t\t\t\t<\/div>\n\t\t\t\t\t<\/div>\n\t\t\t\t<\/div>\n\t\t\t\t<\/div>\n\t\t","protected":false},"excerpt":{"rendered":"<p>El lente de Abel Ju\u00e1rez nos traslada hasta Rabinal, Baja Verapaz, que celebra a su patrono San Pablo; este a\u00f1o no hubo danza del Rabinal Ach\u00ed, pero ello no impide las expresiones de fervor, tradici\u00f3n y uni\u00f3n, incluyendo municipios vecinos. Rabinal. Baja Verapaz, es uno de los municipios m\u00e1s antiguos de Guatemala. Fue fundado en [&hellip;]<\/p>\n","protected":false},"author":7,"featured_media":22545,"comment_status":"open","ping_status":"open","sticky":false,"template":"","format":"standard","meta":{"_acf_changed":false,"_eb_attr":"","footnotes":""},"categories":[58],"tags":[],"class_list":["post-22543","post","type-post","status-publish","format-standard","has-post-thumbnail","hentry","category-guate-nuestra"],"acf":[],"aioseo_notices":[],"aioseo_head":"\n\t\t<!-- All in One SEO Pro 4.9.6.2 - aioseo.com -->\n\t<meta name=\"description\" content=\"Se calcula que El Baile del Venado surgi\u00f3 hace 1,500 a\u00f1os como un ritual de cacer\u00eda; tiene unos 26 danzantes y en cada localidad donde se celebra tiene distintas caracter\u00edsticas. Tradici\u00f3n en al menos 35 comunidades El Baile del Venado es una danza ritual que surgi\u00f3 hace unos 1,500 a\u00f1os, es decir en plena \u00e9poca\" \/>\n\t<meta name=\"robots\" content=\"max-snippet:-1, max-image-preview:large, max-video-preview:-1\" \/>\n\t<meta name=\"author\" content=\"Gustavo Montenegro\"\/>\n\t<link rel=\"canonical\" href=\"https:\/\/soymigrante.com\/revista\/rabinal-baja-verapaz-fiesta-patronal-2025\/\" \/>\n\t<meta name=\"generator\" content=\"All in One SEO Pro (AIOSEO) 4.9.6.2\" \/>\n\n\t\t<link rel=\"preconnect\" href=\"https:\/\/fonts.googleapis.com\" crossorigin>\n<link rel=\"preconnect\" href=\"https:\/\/fonts.gstatic.com\" crossorigin>\n\t\t<meta property=\"og:locale\" content=\"es_ES\" \/>\n\t\t<meta property=\"og:site_name\" content=\"SoyMigrante.com REVISTA \u2013 Nuestra misi\u00f3n es reconocer y dignificar al migrante.\" \/>\n\t\t<meta property=\"og:type\" content=\"article\" \/>\n\t\t<meta property=\"og:title\" content=\"Rabinal festeja su fiesta patronal con fervor\" \/>\n\t\t<meta property=\"og:description\" content=\"San Pablo Rabinal, Baja Verapaz, celebra a su santo patrono. Este a\u00f1o no hubo Rabinal Ach\u00ed, tradicional baile prehisp\u00e1nico. Im\u00e1genes de color y fervor.\" \/>\n\t\t<meta property=\"og:url\" content=\"https:\/\/soymigrante.com\/revista\/rabinal-baja-verapaz-fiesta-patronal-2025\/\" \/>\n\t\t<meta property=\"og:image\" content=\"https:\/\/soymigrante.com\/revista\/wp-content\/uploads\/2025\/01\/rabinal-fature.webp\" \/>\n\t\t<meta property=\"og:image:secure_url\" content=\"https:\/\/soymigrante.com\/revista\/wp-content\/uploads\/2025\/01\/rabinal-fature.webp\" \/>\n\t\t<meta property=\"og:image:width\" content=\"1064\" \/>\n\t\t<meta property=\"og:image:height\" content=\"1064\" \/>\n\t\t<meta property=\"article:published_time\" content=\"2025-01-25T16:33:23+00:00\" \/>\n\t\t<meta property=\"article:modified_time\" content=\"2025-01-26T20:23:18+00:00\" \/>\n\t\t<meta property=\"article:publisher\" content=\"https:\/\/www.facebook.com\/soymigrantecom\" \/>\n\t\t<meta name=\"twitter:card\" content=\"summary_large_image\" \/>\n\t\t<meta name=\"twitter:site\" content=\"@SoyMigrante_com\" \/>\n\t\t<meta name=\"twitter:title\" content=\"Rabinal festeja su fiesta patronal con fervor\" \/>\n\t\t<meta name=\"twitter:description\" content=\"San Pablo Rabinal, Baja Verapaz, celebra a su santo patrono. Este a\u00f1o no hubo Rabinal Ach\u00ed, tradicional baile prehisp\u00e1nico. Im\u00e1genes de color y fervor.\" \/>\n\t\t<meta name=\"twitter:creator\" content=\"@SoyMigrante_com\" \/>\n\t\t<meta name=\"twitter:image\" content=\"https:\/\/soymigrante.com\/revista\/wp-content\/uploads\/2025\/01\/rabinal-fature.webp\" \/>\n\t\t<!-- All in One SEO Pro -->\r\n\t\t<title>Rabinal festeja su fiesta patronal con fervor<\/title>\n\n","aioseo_head_json":{"title":"Rabinal festeja su fiesta patronal con fervor","description":"San Pablo Rabinal, Baja Verapaz, celebra a su santo patrono. Este a\u00f1o no hubo Rabinal Ach\u00ed, tradicional baile prehisp\u00e1nico. Im\u00e1genes de color y fervor.","canonical_url":"https:\/\/soymigrante.com\/revista\/rabinal-baja-verapaz-fiesta-patronal-2025\/","robots":"max-snippet:-1, max-image-preview:large, max-video-preview:-1","keywords":"","webmasterTools":{"miscellaneous":"&lt;link rel=\"preconnect\" href=\"https:\/\/fonts.googleapis.com\" crossorigin&gt;\n&lt;link rel=\"preconnect\" href=\"https:\/\/fonts.gstatic.com\" crossorigin&gt;"},"schema":null,"og:locale":"es_ES","og:site_name":"SoyMigrante.com REVISTA \u2013 Nuestra misi\u00f3n es reconocer y dignificar al migrante.","og:type":"article","og:title":"Rabinal festeja su fiesta patronal con fervor","og:description":"San Pablo Rabinal, Baja Verapaz, celebra a su santo patrono. Este a\u00f1o no hubo Rabinal Ach\u00ed, tradicional baile prehisp\u00e1nico. Im\u00e1genes de color y fervor.","og:url":"https:\/\/soymigrante.com\/revista\/rabinal-baja-verapaz-fiesta-patronal-2025\/","og:image":"https:\/\/soymigrante.com\/revista\/wp-content\/uploads\/2025\/01\/rabinal-fature.webp","og:image:secure_url":"https:\/\/soymigrante.com\/revista\/wp-content\/uploads\/2025\/01\/rabinal-fature.webp","og:image:width":1064,"og:image:height":1064,"article:published_time":"2025-01-25T16:33:23+00:00","article:modified_time":"2025-01-26T20:23:18+00:00","article:publisher":"https:\/\/www.facebook.com\/soymigrantecom","twitter:card":"summary_large_image","twitter:site":"@SoyMigrante_com","twitter:title":"Rabinal festeja su fiesta patronal con fervor","twitter:description":"San Pablo Rabinal, Baja Verapaz, celebra a su santo patrono. Este a\u00f1o no hubo Rabinal Ach\u00ed, tradicional baile prehisp\u00e1nico. Im\u00e1genes de color y fervor.","twitter:creator":"@SoyMigrante_com","twitter:image":"https:\/\/soymigrante.com\/revista\/wp-content\/uploads\/2025\/01\/rabinal-fature.webp"},"aioseo_meta_data":{"post_id":"22543","title":"Rabinal festeja su fiesta patronal con fervor","description":"San Pablo Rabinal, Baja Verapaz, celebra a su santo patrono. Este a\u00f1o no hubo Rabinal Ach\u00ed, tradicional baile prehisp\u00e1nico. Im\u00e1genes de color y fervor.","keywords":null,"keyphrases":{"focus":{"keyphrase":"Rabinal","score":78,"analysis":{"keyphraseInTitle":{"score":9,"maxScore":9,"error":0},"keyphraseInDescription":{"score":9,"maxScore":9,"error":0},"keyphraseLength":{"score":9,"maxScore":9,"error":0,"length":1},"keyphraseInURL":{"score":5,"maxScore":5,"error":0},"keyphraseInIntroduction":{"score":9,"maxScore":9,"error":0},"keyphraseInSubHeadings":{"score":9,"maxScore":9,"error":0},"keyphraseInImageAlt":{"score":3,"maxScore":9,"error":1},"keywordDensity":{"type":"high","score":0,"maxScore":9,"error":1}}},"additional":[{"keyphrase":"Fiesta Patronal","score":40,"analysis":{"keyphraseInDescription":{"score":3,"maxScore":9,"error":1},"keyphraseLength":{"score":9,"maxScore":9,"error":0,"length":2},"keyphraseInIntroduction":{"score":3,"maxScore":9,"error":1},"keyphraseInImageAlt":{"score":3,"maxScore":9,"error":1},"keywordDensity":{"score":0,"type":"low","maxScore":9,"error":1}}}]},"primary_term":null,"canonical_url":null,"og_title":null,"og_description":null,"og_object_type":"default","og_image_type":"default","og_image_url":null,"og_image_width":null,"og_image_height":null,"og_image_custom_url":null,"og_image_custom_fields":null,"og_video":"","og_custom_url":null,"og_article_section":null,"og_article_tags":null,"twitter_use_og":false,"twitter_card":"default","twitter_image_type":"default","twitter_image_url":null,"twitter_image_custom_url":null,"twitter_image_custom_fields":null,"twitter_title":null,"twitter_description":null,"schema":{"blockGraphs":[],"customGraphs":[],"default":{"data":{"Article":[],"Course":[],"Dataset":[],"FAQPage":[],"Movie":[],"Person":[],"Product":[],"ProductReview":[],"Car":[],"Recipe":[],"Service":[],"SoftwareApplication":[],"WebPage":[]},"graphName":"BlogPosting","isEnabled":true},"graphs":[]},"schema_type":"default","schema_type_options":null,"pillar_content":false,"robots_default":true,"robots_noindex":false,"robots_noarchive":false,"robots_nosnippet":false,"robots_nofollow":false,"robots_noimageindex":false,"robots_noodp":false,"robots_notranslate":false,"robots_max_snippet":"-1","robots_max_videopreview":"-1","robots_max_imagepreview":"large","priority":null,"frequency":"default","local_seo":null,"seo_analyzer_scan_date":"2025-10-09 02:09:19","breadcrumb_settings":null,"limit_modified_date":false,"reviewed_by":null,"open_ai":"{\"title\":{\"suggestions\":[],\"usage\":0},\"description\":{\"suggestions\":[],\"usage\":0}}","ai":null,"created":"2025-01-25 15:54:59","updated":"2026-02-04 19:57:26"},"aioseo_breadcrumb":"<div class=\"aioseo-breadcrumbs\"><span class=\"aioseo-breadcrumb\">\n\t<a href=\"https:\/\/soymigrante.com\/revista\" title=\"Home\">Home<\/a>\n<\/span><span class=\"aioseo-breadcrumb-separator\">\u00bb<\/span><span class=\"aioseo-breadcrumb\">\n\t<a href=\"https:\/\/soymigrante.com\/revista\/category\/guate-nuestra\/\" title=\"Guate Nuestra\">Guate Nuestra<\/a>\n<\/span><span class=\"aioseo-breadcrumb-separator\">\u00bb<\/span><span class=\"aioseo-breadcrumb\">\n\tCon devoci\u00f3n, colorido y marimba, Rabinal festeja su fiesta titular\n<\/span><\/div>","aioseo_breadcrumb_json":[{"label":"Home","link":"https:\/\/soymigrante.com\/revista"},{"label":"Guate Nuestra","link":"https:\/\/soymigrante.com\/revista\/category\/guate-nuestra\/"},{"label":"Con devoci\u00f3n, colorido y marimba, Rabinal festeja su fiesta titular","link":"https:\/\/soymigrante.com\/revista\/rabinal-baja-verapaz-fiesta-patronal-2025\/"}],"_links":{"self":[{"href":"https:\/\/soymigrante.com\/revista\/wp-json\/wp\/v2\/posts\/22543","targetHints":{"allow":["GET"]}}],"collection":[{"href":"https:\/\/soymigrante.com\/revista\/wp-json\/wp\/v2\/posts"}],"about":[{"href":"https:\/\/soymigrante.com\/revista\/wp-json\/wp\/v2\/types\/post"}],"author":[{"embeddable":true,"href":"https:\/\/soymigrante.com\/revista\/wp-json\/wp\/v2\/users\/7"}],"replies":[{"embeddable":true,"href":"https:\/\/soymigrante.com\/revista\/wp-json\/wp\/v2\/comments?post=22543"}],"version-history":[{"count":0,"href":"https:\/\/soymigrante.com\/revista\/wp-json\/wp\/v2\/posts\/22543\/revisions"}],"wp:featuredmedia":[{"embeddable":true,"href":"https:\/\/soymigrante.com\/revista\/wp-json\/wp\/v2\/media\/22545"}],"wp:attachment":[{"href":"https:\/\/soymigrante.com\/revista\/wp-json\/wp\/v2\/media?parent=22543"}],"wp:term":[{"taxonomy":"category","embeddable":true,"href":"https:\/\/soymigrante.com\/revista\/wp-json\/wp\/v2\/categories?post=22543"},{"taxonomy":"post_tag","embeddable":true,"href":"https:\/\/soymigrante.com\/revista\/wp-json\/wp\/v2\/tags?post=22543"}],"curies":[{"name":"wp","href":"https:\/\/api.w.org\/{rel}","templated":true}]}}