{"id":22394,"date":"2025-01-24T07:00:00","date_gmt":"2025-01-24T13:00:00","guid":{"rendered":"https:\/\/soymigrante.com\/revista\/?p=22394"},"modified":"2025-01-28T20:38:49","modified_gmt":"2025-01-29T02:38:49","slug":"entrevista-axel-vasquez-estilista-guatemalteco-peino-hijos-trump-washington","status":"publish","type":"post","link":"https:\/\/soymigrante.com\/revista\/entrevista-axel-vasquez-estilista-guatemalteco-peino-hijos-trump-washington\/","title":{"rendered":"El gran sue\u00f1o de Axel V\u00e1squez, exitoso estilista en USA, es abrir una academia en su natal Guatemala"},"content":{"rendered":"\t\t<div data-elementor-type=\"wp-post\" data-elementor-id=\"22394\" class=\"elementor elementor-22394\" data-elementor-post-type=\"post\">\n\t\t\t\t<div data-particle_enable=\"false\" data-particle-mobile-disabled=\"false\" class=\"elementor-element elementor-element-894839b e-flex e-con-boxed e-con e-parent\" data-id=\"894839b\" data-element_type=\"container\" data-e-type=\"container\">\n\t\t\t\t\t<div class=\"e-con-inner\">\n\t\t\t\t<div class=\"elementor-element elementor-element-6480284 elementor-widget elementor-widget-heading\" data-id=\"6480284\" data-element_type=\"widget\" data-e-type=\"widget\" data-widget_type=\"heading.default\">\n\t\t\t\t\t<h2 class=\"elementor-heading-title elementor-size-default\">El estilista guatemalteco migrante Axel V\u00e1squez  se hizo viral por haber peinado a hijos del presidente Donald Trump para la ceremonia inaugural; pero su prestigio viene de mucho antes: en entrevista cuenta su historia, trayectoria profesional y el anhelo de compartir sus conocimientos en su pa\u00eds natal.<\/h2>\t\t\t\t<\/div>\n\t\t\t\t\t<\/div>\n\t\t\t\t<\/div>\n\t\t<div data-particle_enable=\"false\" data-particle-mobile-disabled=\"false\" class=\"elementor-element elementor-element-e782e79 e-flex e-con-boxed e-con e-parent\" data-id=\"e782e79\" data-element_type=\"container\" data-e-type=\"container\">\n\t\t\t\t\t<div class=\"e-con-inner\">\n\t\t\t\t<div class=\"elementor-element elementor-element-898440b elementor-widget elementor-widget-html\" data-id=\"898440b\" data-element_type=\"widget\" data-e-type=\"widget\" data-widget_type=\"html.default\">\n\t\t\t\t\t<div id=\"buzzsprout-player-16524082\"><\/div><script src=\"https:\/\/www.buzzsprout.com\/2444168\/episodes\/16524082-exitoso-estilista-axel-vasquez-quiere-poner-academia-en-guatemala.js?container_id=buzzsprout-player-16524082&player=small\" type=\"text\/javascript\" charset=\"utf-8\"><\/script>\t\t\t\t<\/div>\n\t\t\t\t<div class=\"elementor-element elementor-element-7f36b9a elementor-widget elementor-widget-text-editor\" data-id=\"7f36b9a\" data-element_type=\"widget\" data-e-type=\"widget\" data-widget_type=\"text-editor.default\">\n\t\t\t\t\t\t\t\t\t<p>Axel V\u00e1squez, estilista guatemalteco radicado en Virginia, tuvo a su cargo peinar a Tiffany Trump, hija del ahora presidente de EE.UU. mientras su equipo hizo lo mismo con otros dos de sus hermanos; en entrevista con SoyMigrante.com comparte algo de su historia, desaf\u00edos superados y sue\u00f1os. Pero su fama es muy anterior al 20 de enero de 2025. Su talento le llev\u00f3 a ser primer finalista de un reality de belleza en 2019 y a trabajar con prestigiosas marcas de maquillaje.<\/p><p>Creci\u00f3 en Villa Nueva y desde los 14 a\u00f1os se encuentra en Estados Unidos. Desde ni\u00f1o descubri\u00f3 el gusto por la belleza, pero fue en la secundaria, en Virgina, que confirm\u00f3 su camino en el maquillaje, peinado e imagen de personas.<span style=\"color: var( --e-global-color-text ); text-align: var(--text-align);\">\u00a0Esta es su historia.<\/span><\/p><p>&#8220;Gracias a SoyMigrante.com por la oportunidad de esta entrevista. Estoy muy contento de acercarme a Guatemala. Hab\u00eda un poco de fama, digamos, antes del 20 de enero pasado, Inauguration Day, pero no hab\u00eda podido acercarme tanto a la comunidad latina y especialmente guatemalteca como lo estoy haciendo ahora. Me han escrito mucho para felicitarme y lo agradezco&#8221;, expresa.<\/p>\t\t\t\t\t\t\t\t<\/div>\n\t\t\t\t\t<\/div>\n\t\t\t\t<\/div>\n\t\t<div data-particle_enable=\"false\" data-particle-mobile-disabled=\"false\" class=\"elementor-element elementor-element-990e1b3 e-flex e-con-boxed e-con e-parent\" data-id=\"990e1b3\" data-element_type=\"container\" data-e-type=\"container\">\n\t\t\t\t\t<div class=\"e-con-inner\">\n\t\t\t\t<div class=\"elementor-element elementor-element-73b53fc elementor-widget elementor-widget-image\" data-id=\"73b53fc\" data-element_type=\"widget\" data-e-type=\"widget\" data-widget_type=\"image.default\">\n\t\t\t\t\t\t\t\t\t\t\t\t<figure class=\"wp-caption\">\n\t\t\t\t\t\t\t\t\t\t<img fetchpriority=\"high\" decoding=\"async\" width=\"768\" height=\"957\" src=\"https:\/\/soymigrante.com\/revista\/wp-content\/uploads\/2025\/01\/TIFFANY-TRUMP-768x957.jpg\" class=\"attachment-medium_large size-medium_large wp-image-22400\" alt=\"Maquilladora profesional preparando a una mujer para un evento en un entorno elegante y sofisticado. Servicios de belleza y estilismo en eventos sociales, moda y fotograf\u00eda.\" srcset=\"https:\/\/soymigrante.com\/revista\/wp-content\/uploads\/2025\/01\/TIFFANY-TRUMP-768x957.jpg 768w, https:\/\/soymigrante.com\/revista\/wp-content\/uploads\/2025\/01\/TIFFANY-TRUMP-241x300.jpg 241w, https:\/\/soymigrante.com\/revista\/wp-content\/uploads\/2025\/01\/TIFFANY-TRUMP-822x1024.jpg 822w, https:\/\/soymigrante.com\/revista\/wp-content\/uploads\/2025\/01\/TIFFANY-TRUMP-1233x1536.jpg 1233w, https:\/\/soymigrante.com\/revista\/wp-content\/uploads\/2025\/01\/TIFFANY-TRUMP-750x934.webp 750w, https:\/\/soymigrante.com\/revista\/wp-content\/uploads\/2025\/01\/TIFFANY-TRUMP-1140x1420.webp 1140w, https:\/\/soymigrante.com\/revista\/wp-content\/uploads\/2025\/01\/TIFFANY-TRUMP.webp 1440w\" sizes=\"(max-width: 768px) 100vw, 768px\" title=\"Axel se encarg\u00f3 de peinar a Tiffany Trump, hija del presidente de EE.UU. Donald Trump para la gala de toma de posesi\u00f3n. Este momento estuvo precedido por conversaciones con ella para elegir un estilo a su gusto y acorde a la ocasi\u00f3n. El equipo de Axel se encarg\u00f3 de peinar a otros dos integrantes de la familia presidencial. (Foto FB Axel V\u00e1squez) \u2013 SoyMigrante.com REVISTA\" \/>\t\t\t\t\t\t\t\t\t\t\t<figcaption class=\"widget-image-caption wp-caption-text\">Preparaci\u00f3n de maquillaje y peinado para eventos en un ambiente lujoso y moderno. Profesionales en beauty y fashion, atenci\u00f3n personalizada para ocasiones especiales.<\/figcaption>\n\t\t\t\t\t\t\t\t\t\t<\/figure>\n\t\t\t\t\t\t\t\t\t<\/div>\n\t\t\t\t\t<\/div>\n\t\t\t\t<\/div>\n\t\t<div data-particle_enable=\"false\" data-particle-mobile-disabled=\"false\" class=\"elementor-element elementor-element-e433945 e-flex e-con-boxed e-con e-parent\" data-id=\"e433945\" data-element_type=\"container\" data-e-type=\"container\">\n\t\t\t\t\t<div class=\"e-con-inner\">\n\t\t\t\t<div class=\"elementor-element elementor-element-706bd80 elementor-widget elementor-widget-heading\" data-id=\"706bd80\" data-element_type=\"widget\" data-e-type=\"widget\" data-widget_type=\"heading.default\">\n\t\t\t\t\t<h3 class=\"elementor-heading-title elementor-size-default\">Evento presidencial hizo viral a Axel V\u00e1squez<\/h3>\t\t\t\t<\/div>\n\t\t\t\t\t<\/div>\n\t\t\t\t<\/div>\n\t\t<div data-particle_enable=\"false\" data-particle-mobile-disabled=\"false\" class=\"elementor-element elementor-element-4d4209a e-flex e-con-boxed e-con e-parent\" data-id=\"4d4209a\" data-element_type=\"container\" data-e-type=\"container\">\n\t\t\t\t\t<div class=\"e-con-inner\">\n\t\t\t\t<div class=\"elementor-element elementor-element-a532ee1 elementor-widget elementor-widget-text-editor\" data-id=\"a532ee1\" data-element_type=\"widget\" data-e-type=\"widget\" data-widget_type=\"text-editor.default\">\n\t\t\t\t\t\t\t\t\t<p><span style=\"color: var( --e-global-color-text ); text-align: var(--text-align);\"><b>\u00bfC\u00f3mo lleg\u00f3 la oportunidad de participar en un evento tan relevante, peinando a personas tan prominentes?\u00a0<\/b><\/span><\/p><p>\u00a1S\u00ed, personas de un perfil muy alto!\u00a0<span style=\"color: var( --e-global-color-text ); text-align: var(--text-align);\">Como en toda industria uno debe tener diferentes conexiones. La oportunidad llega por uno de mis mentores, un gran maestro, pero gran amigo: Scott Barnes. Es maquillista de cabecera de Jennifer L\u00f3pez y es una de las personas que me ha entrenado para ser maquillista y estilista. Hace aproximadamente unas cuatro semanas,\u00a0 me llama Scott. Fue inusual porque ya era tarde en la noche.\u00a0 Yo ya me iba a dormir.\u00a0<\/span><\/p><p><span style=\"color: var( --e-global-color-text ); text-align: var(--text-align);\">Me llama y me dice si quer\u00eda trabajar al lado de \u00e9l, en el evento de la Inauguraci\u00f3n presidencial en Washington DC, peinando a integrantes de la familia presidencial. Me pregunta si me sentir\u00eda c\u00f3modo, quiz\u00e1 porque soy latino.\u00a0<\/span><\/p><p><b>Un momento de mucho nerviosismo, supongo<\/b><\/p><p><span style=\"color: var( --e-global-color-text ); text-align: var(--text-align);\">S\u00ed, me emocion\u00e9 demasiado. Me puse nervioso por todo lo que se escucha de este personaje y lo que pod\u00eda pasar. Pero personalmente, pens\u00e9:\u00a0<\/span><span style=\"color: var( --e-global-color-text ); text-align: var(--text-align);\">Scott es muy prestigioso y pudo haber llamado a m\u00e1s personas, latinas o americanas, grandes estilistas, pero me llam\u00f3 a m\u00ed. Por algo ser\u00e1.<\/span><\/p><p><span style=\"color: var( --e-global-color-text ); text-align: var(--text-align);\">Pero yo siempre me enfoco en lo positivo, me puse a pensar que esta oportunidad no se repetir\u00eda. \u00bfCu\u00e1ndo voy a tener la oportunidad de peinar a una familia presidencial? Ahora. Entonces, a lanzarnos al \u00e9xito.<\/span><\/p>\t\t\t\t\t\t\t\t<\/div>\n\t\t\t\t\t<\/div>\n\t\t\t\t<\/div>\n\t\t<div data-particle_enable=\"false\" data-particle-mobile-disabled=\"false\" class=\"elementor-element elementor-element-5944f31 e-flex e-con-boxed e-con e-parent\" data-id=\"5944f31\" data-element_type=\"container\" data-e-type=\"container\">\n\t\t\t\t\t<div class=\"e-con-inner\">\n\t\t\t\t<div class=\"elementor-element elementor-element-b8db944 elementor-arrows-position-inside elementor-pagination-position-outside elementor-widget elementor-widget-image-carousel\" data-id=\"b8db944\" data-element_type=\"widget\" data-e-type=\"widget\" data-settings=\"{&quot;slides_to_show&quot;:&quot;1&quot;,&quot;navigation&quot;:&quot;both&quot;,&quot;autoplay&quot;:&quot;yes&quot;,&quot;pause_on_hover&quot;:&quot;yes&quot;,&quot;pause_on_interaction&quot;:&quot;yes&quot;,&quot;autoplay_speed&quot;:5000,&quot;infinite&quot;:&quot;yes&quot;,&quot;effect&quot;:&quot;slide&quot;,&quot;speed&quot;:500}\" data-widget_type=\"image-carousel.default\">\n\t\t\t\t\t\t\t<div class=\"elementor-image-carousel-wrapper swiper\" role=\"region\" aria-roledescription=\"carousel\" aria-label=\"Carrusel de im\u00e1genes\" dir=\"ltr\">\n\t\t\t<div class=\"elementor-image-carousel swiper-wrapper\" aria-live=\"off\">\n\t\t\t\t\t\t\t\t<div class=\"swiper-slide\" role=\"group\" aria-roledescription=\"slide\" aria-label=\"1 de 5\"><figure class=\"swiper-slide-inner\"><img decoding=\"async\" class=\"swiper-slide-image\" src=\"https:\/\/soymigrante.com\/revista\/wp-content\/uploads\/2025\/01\/axel-vasquez-1-1024x683.jpg\" alt=\"Maquillaje y peinado para estudiantes de est\u00e9tica en taller de formaci\u00f3n profesional.\" \/><figcaption class=\"elementor-image-carousel-caption\">El estilista Axel V\u00e1squez particip\u00f3, junto a integrantes de su academia en la pasarela de moda Global Couture 2024 efectuada en la sede de la Organizaci\u00f3n de Estados Americanos, }OEA, en diciembre 2024.<\/figcaption><\/figure><\/div><div class=\"swiper-slide\" role=\"group\" aria-roledescription=\"slide\" aria-label=\"2 de 5\"><figure class=\"swiper-slide-inner\"><img decoding=\"async\" class=\"swiper-slide-image\" src=\"https:\/\/soymigrante.com\/revista\/wp-content\/uploads\/2025\/01\/axel-vasquez-oea-2024-3-1024x683.jpg\" alt=\"Maquillaje profesional en un taller de maquillaje para modelos, con instructores y participantes en un ambiente de aprendizaje en la revista SoyMigrante.com REVISTA.\" \/><figcaption class=\"elementor-image-carousel-caption\">Una sesi\u00f3n de maquillaje en un aula de belleza, con instructores y estudiantes trabajando en t\u00e9cnicas de maquillaje en un entorno profesional y bien equipado.<\/figcaption><\/figure><\/div><div class=\"swiper-slide\" role=\"group\" aria-roledescription=\"slide\" aria-label=\"3 de 5\"><figure class=\"swiper-slide-inner\"><img decoding=\"async\" class=\"swiper-slide-image\" src=\"https:\/\/soymigrante.com\/revista\/wp-content\/uploads\/2025\/01\/axel-vasquez-oea-2024-4-1024x683.jpg\" alt=\"Maquillaje en proceso durante un taller de belleza y est\u00e9tica en un evento de la revista SoyMigrante.com REVISTA. Expertos en maquillaje compartiendo t\u00e9cnicas profesionales en un entorno de aprendizaje.\" \/><figcaption class=\"elementor-image-carousel-caption\">Maquillaje y belleza profesional en taller de maquillaje, con expertos ense\u00f1ando t\u00e9cnicas a modelos en un entorno de formaci\u00f3n de imagen personal.<\/figcaption><\/figure><\/div><div class=\"swiper-slide\" role=\"group\" aria-roledescription=\"slide\" aria-label=\"4 de 5\"><figure class=\"swiper-slide-inner\"><img decoding=\"async\" class=\"swiper-slide-image\" src=\"https:\/\/soymigrante.com\/revista\/wp-content\/uploads\/2025\/01\/axel-vasquez-oea-2024-2-1024x683.jpg\" alt=\"Fotograf\u00eda del equipo de la revista SoyMigrante.com REVISTA durante un evento, mostrando diversidad y profesionalismo en un ambiente elegante y bien iluminado.\" \/><figcaption class=\"elementor-image-carousel-caption\">Equipo de la revista SoyMigrante.com REVISTA en evento, mostrando diversidad, profesionalismo y entusiasmo en un ambiente elegante y c\u00e1lido.<\/figcaption><\/figure><\/div><div class=\"swiper-slide\" role=\"group\" aria-roledescription=\"slide\" aria-label=\"5 de 5\"><figure class=\"swiper-slide-inner\"><img decoding=\"async\" class=\"swiper-slide-image\" src=\"https:\/\/soymigrante.com\/revista\/wp-content\/uploads\/2025\/01\/axel-vasquez-oea-2024-1-1024x683.jpg\" alt=\"Artesan\u00eda y cultura mexicana en exposici\u00f3n en un ambiente elegante y bien iluminado, con un joven sonriente posando frente a una fuente decorativa y pinturas tradicionales en el fondo.\" \/><figcaption class=\"elementor-image-carousel-caption\">Revista SoyMigrante.com presenta arte, cultura y migraci\u00f3n en un evento destacado con enfoque en historias de migrantes y expresiones culturales mexicanas.<\/figcaption><\/figure><\/div>\t\t\t<\/div>\n\t\t\t\t\t\t\t\t\t\t\t\t<div class=\"elementor-swiper-button elementor-swiper-button-prev\" role=\"button\" tabindex=\"0\">\n\t\t\t\t\t\t<i aria-hidden=\"true\" class=\"eicon-chevron-left\"><\/i>\t\t\t\t\t<\/div>\n\t\t\t\t\t<div class=\"elementor-swiper-button elementor-swiper-button-next\" role=\"button\" tabindex=\"0\">\n\t\t\t\t\t\t<i aria-hidden=\"true\" class=\"eicon-chevron-right\"><\/i>\t\t\t\t\t<\/div>\n\t\t\t\t\n\t\t\t\t\t\t\t\t\t<div class=\"swiper-pagination\"><\/div>\n\t\t\t\t\t\t\t\t\t<\/div>\n\t\t\t\t\t\t<\/div>\n\t\t\t\t\t<\/div>\n\t\t\t\t<\/div>\n\t\t<div data-particle_enable=\"false\" data-particle-mobile-disabled=\"false\" class=\"elementor-element elementor-element-35c6134 e-flex e-con-boxed e-con e-parent\" data-id=\"35c6134\" data-element_type=\"container\" data-e-type=\"container\">\n\t\t\t\t\t<div class=\"e-con-inner\">\n\t\t\t\t<div class=\"elementor-element elementor-element-3ce68d7 elementor-widget elementor-widget-heading\" data-id=\"3ce68d7\" data-element_type=\"widget\" data-e-type=\"widget\" data-widget_type=\"heading.default\">\n\t\t\t\t\t<h3 class=\"elementor-heading-title elementor-size-default\">Una profesi\u00f3n, un arte y una vocaci\u00f3n desde ni\u00f1o<\/h3>\t\t\t\t<\/div>\n\t\t\t\t\t<\/div>\n\t\t\t\t<\/div>\n\t\t<div data-particle_enable=\"false\" data-particle-mobile-disabled=\"false\" class=\"elementor-element elementor-element-6a2cc45 e-flex e-con-boxed e-con e-parent\" data-id=\"6a2cc45\" data-element_type=\"container\" data-e-type=\"container\">\n\t\t\t\t\t<div class=\"e-con-inner\">\n\t\t\t\t<div class=\"elementor-element elementor-element-7be627e elementor-widget elementor-widget-text-editor\" data-id=\"7be627e\" data-element_type=\"widget\" data-e-type=\"widget\" data-widget_type=\"text-editor.default\">\n\t\t\t\t\t\t\t\t\t<p><b style=\"color: var( --e-global-color-text ); text-align: var(--text-align);\">Al momento de decisiones est\u00e9ticas \u00bfle propones a la persona o te ella te dice qu\u00e9 desea? \u00bfComo se trabaja en estas situaciones tan especiales?<\/b><\/p><p>Hay ciertas consultas previas. Tras la llamada de Scott, acept\u00e9 y entonces comenz\u00f3 una conversaci\u00f3n m\u00e1s directa con la hija del presidente, Tiffany. C\u00f3mo quiere lucir. Ella, pues est\u00e1 embarazada, tiene seis meses. Quer\u00eda verse como una mam\u00e1 feliz. Ella es primeriza y quisimos destacar eso. Sus vestuarios y cabello evocan algo muy rom\u00e1ntico, que transmite paz, amor. Independientemente de lo que est\u00e1 pasando, ella est\u00e1 siendo feliz siendo mam\u00e1. Y eso yo lo pude sentir todos estos d\u00edas trabajando con ella. Deb\u00eda reflejarse as\u00ed.<\/p><p><b>\u00bfC\u00f3mo fue la actitud de ellos?<\/b><\/p><p>Vemos y escuchamos muchas cosas en las redes sociales. Pero yo me qued\u00e9 muy admirado de lo amables, de lo educados que son. Me sent\u00ed s\u00faper s\u00faper c\u00f3modo para trabajar. Tanto yo con Tiffany como otros integrantes de mi equipo que trabajaron con otras personas de la familia nos sentimos muy bien.\u00a0\u00a0<\/p><p><b>Axel, \u00bfc\u00f3mo naci\u00f3 la carrera del estilismo en tu vida?<\/b><\/p><p>Desde chiquito yo ya tra\u00eda esto. A m\u00ed me gustaba mucho arreglar a mi hermana. Para los t\u00edpicos 15 a\u00f1os cuando las eligen de damas, en Guatemala. Lo curioso es que antes, cuando estaba en Guatemala, me daba verg\u00fcenza y me daba mucho miedo el rechazo al hecho de que pudieran saber que yo estaba arreglando a mi hermana.\u00a0\u00a0<span style=\"color: var( --e-global-color-text ); text-align: var(--text-align);\">Y es un tema un poquito sensible del cual casi no me gusta hablar, pero es ir\u00f3nico como 20 a\u00f1os despu\u00e9s, esta habilidad ahora es celebrada y es reconocida a nivel internacional.\u00a0<\/span><\/p><p><span style=\"color: var( --e-global-color-text ); text-align: var(--text-align);\">Para m\u00ed es una muestra de c\u00f3mo uno cuando sigue sus sue\u00f1os y se conecta con ese ni\u00f1o peque\u00f1o, uno puede llegar a lograr grandes cosas. Entonces mi carrera y mi pasi\u00f3n por la belleza comienza desde ni\u00f1o.<\/span><\/p>\t\t\t\t\t\t\t\t<\/div>\n\t\t\t\t\t<\/div>\n\t\t\t\t<\/div>\n\t\t<div data-particle_enable=\"false\" data-particle-mobile-disabled=\"false\" class=\"elementor-element elementor-element-580ba79 e-flex e-con-boxed e-con e-parent\" data-id=\"580ba79\" data-element_type=\"container\" data-e-type=\"container\">\n\t\t\t\t\t<div class=\"e-con-inner\">\n\t\t\t\t<div class=\"elementor-element elementor-element-0a814f7 elementor-widget elementor-widget-image\" data-id=\"0a814f7\" data-element_type=\"widget\" data-e-type=\"widget\" data-widget_type=\"image.default\">\n\t\t\t\t\t\t\t\t\t\t\t\t<figure class=\"wp-caption\">\n\t\t\t\t\t\t\t\t\t\t<img decoding=\"async\" width=\"683\" height=\"1024\" src=\"https:\/\/soymigrante.com\/revista\/wp-content\/uploads\/2025\/01\/axel-683x1024.jpg\" class=\"attachment-large size-large wp-image-22407\" alt=\"Elegantes evento de maquillaje con Axel Pro y la academia de maquillaje en la revista SoyMigrante.com. Celebrando el arte del maquillaje profesional y la cultura migrante en un entorno vibrante y sofisticado.\" srcset=\"https:\/\/soymigrante.com\/revista\/wp-content\/uploads\/2025\/01\/axel-683x1024.jpg 683w, https:\/\/soymigrante.com\/revista\/wp-content\/uploads\/2025\/01\/axel-200x300.jpg 200w, https:\/\/soymigrante.com\/revista\/wp-content\/uploads\/2025\/01\/axel-768x1152.jpg 768w, https:\/\/soymigrante.com\/revista\/wp-content\/uploads\/2025\/01\/axel-1024x1536.jpg 1024w, https:\/\/soymigrante.com\/revista\/wp-content\/uploads\/2025\/01\/axel-750x1125.webp 750w, https:\/\/soymigrante.com\/revista\/wp-content\/uploads\/2025\/01\/axel-1140x1710.webp 1140w, https:\/\/soymigrante.com\/revista\/wp-content\/uploads\/2025\/01\/axel.webp 1280w\" sizes=\"(max-width: 683px) 100vw, 683px\" title=\"Axel V\u00e1squez en un evento reciente junto a su mam\u00e1. \u2013 SoyMigrante.com REVISTA\" \/>\t\t\t\t\t\t\t\t\t\t\t<figcaption class=\"widget-image-caption wp-caption-text\">Swagger, belleza y glamour en la portada de SoyMigrante.com Revista, destacando la colaboraci\u00f3n con Axel Makeup Academy y el mundo de la moda y belleza.<\/figcaption>\n\t\t\t\t\t\t\t\t\t\t<\/figure>\n\t\t\t\t\t\t\t\t\t<\/div>\n\t\t\t\t\t<\/div>\n\t\t\t\t<\/div>\n\t\t<div data-particle_enable=\"false\" data-particle-mobile-disabled=\"false\" class=\"elementor-element elementor-element-f616329 e-flex e-con-boxed e-con e-parent\" data-id=\"f616329\" data-element_type=\"container\" data-e-type=\"container\">\n\t\t\t\t\t<div class=\"e-con-inner\">\n\t\t\t\t<div class=\"elementor-element elementor-element-f5940c1 elementor-widget elementor-widget-heading\" data-id=\"f5940c1\" data-element_type=\"widget\" data-e-type=\"widget\" data-widget_type=\"heading.default\">\n\t\t\t\t\t<h3 class=\"elementor-heading-title elementor-size-default\">Un talento sin fronteras<\/h3>\t\t\t\t<\/div>\n\t\t\t\t\t<\/div>\n\t\t\t\t<\/div>\n\t\t<div data-particle_enable=\"false\" data-particle-mobile-disabled=\"false\" class=\"elementor-element elementor-element-0326dd3 e-flex e-con-boxed e-con e-parent\" data-id=\"0326dd3\" data-element_type=\"container\" data-e-type=\"container\">\n\t\t\t\t\t<div class=\"e-con-inner\">\n\t\t\t\t<div class=\"elementor-element elementor-element-cf026f7 elementor-widget elementor-widget-text-editor\" data-id=\"cf026f7\" data-element_type=\"widget\" data-e-type=\"widget\" data-widget_type=\"text-editor.default\">\n\t\t\t\t\t\t\t\t\t<p><b style=\"color: var( --e-global-color-text ); text-align: var(--text-align);\">\u00bfComo llegas a Estados Unidos?<\/b><\/p><p>Me mud\u00e9 a Virginia, Estados Unidos cuando ten\u00eda 14 a\u00f1os. Me vine encontrar con mi mam\u00e1.\u00a0 Mis pap\u00e1s son divorciados.\u00a0<span style=\"color: var( --e-global-color-text ); font-family: Roboto, sans-serif; font-size: 16px; font-style: normal; font-variant-ligatures: normal; font-variant-caps: normal; font-weight: 400; text-align: var(--text-align);\">Yo la verdad estaba pasando una etapa de mi vida muy dif\u00edcil, muy complicada y ten\u00eda mucha confusi\u00f3n. Hab\u00eda mucho dolor tambi\u00e9n en mi coraz\u00f3n. No me gusta mucho hablar de este tema, pero para pon\u00e9rtelo en perspectiva, en ese momento yo simplemente quer\u00eda empezar un nuevo camino,\u00a0 una nueva vida.<\/span><\/p><p style=\"font-style: normal; font-variant-ligatures: normal; font-variant-caps: normal; font-weight: 400; font-size: 16px; font-family: Roboto, sans-serif;\">El encontrarme con mi mam\u00e1\u00a0 me ayud\u00f3, fue como un refugio despu\u00e9s de cinco a\u00f1os de no verla.\u00a0<\/p><p><b>\u00bfQu\u00e9 fue lo m\u00e1s complicado de tu nueva vida en Estados Unidos?<\/b><\/p><p><span style=\"font-family: Roboto, sans-serif; font-size: 16px; font-style: normal; font-variant-ligatures: normal; font-variant-caps: normal; font-weight: 400; color: var( --e-global-color-text ); text-align: var(--text-align);\">En Virginia entonces todav\u00eda no hab\u00eda una comunidad latina tan grande. Por eso el idioma fue una barrera y a la vez una oportunidad de aprender. Al final del d\u00eda yo pienso que Dios tiene un destino para todos nosotros y \u00e9l ya tiene un plan para nosotros y es de nuestra parte nom\u00e1s entenderlo y seguirlo de la mejor manera.<\/span><span style=\"color: var( --e-global-color-text ); text-align: var(--text-align);\">l idioma.\u00a0<\/span><\/p><p><span style=\"color: var( --e-global-color-text ); text-align: var(--text-align);\">Me cost\u00f3 dominar en ingl\u00e9s. Pero cuando estaba en la escuela, reci\u00e9n incorpor\u00e1ndome a una nueva etapa de mi vida, mir\u00e9 a unas estudiantes caminando con unos maniqu\u00edes. Eran de un club escolar de cosmetolog\u00eda.\u00a0<\/span><span style=\"color: var( --e-global-color-text ); text-align: var(--text-align);\">Me interes\u00f3 mucho pero no pod\u00eda entrar por no hablar ingl\u00e9s.\u00a0<\/span><\/p><p><span style=\"color: var( --e-global-color-text ); text-align: var(--text-align);\">Eso me motiv\u00f3 mucho m\u00e1s a aprender. En cuesti\u00f3n de un a\u00f1o yo ya estaba hablando un nivel de ingl\u00e9s aceptable. Despu\u00e9s ya entr\u00e9 a estudiar estudiar cosmetolog\u00eda.\u00a0 Me gradu\u00e9 de cosmet\u00f3logo, soy instructor y tenemos una escuela de maquillaje aqu\u00ed en Washington DC.<\/span><\/p><p><b>\u00bfAlg\u00fan desaf\u00edo m\u00e1s que hayas encontrado en tu ruta de crecimiento?<\/b><\/p><p>Los primeros a\u00f1os me desenvolv\u00ed como maquillista y como estilista. Tuve la dicha de trabajar con muchas celebridades y cultiv\u00e9 una clientela muy amplia, lo cual me ayud\u00f3 a independizarme. Despu\u00e9s, decid\u00ed abrir mi propia Academia de Maquillaje. L<span style=\"color: var( --e-global-color-text ); text-align: var(--text-align);\">a barrera m\u00e1s grande fue el que muchas compa\u00f1\u00edas, incluso hasta la misma comunidad latina, no creyera en esa idea.\u00a0<\/span><\/p><p><span style=\"color: var( --e-global-color-text ); text-align: var(--text-align);\">Hace a\u00f1os el maquillaje no era tan importante como lo es ahora. Pero hoy en que todos vivimos enfrente de una c\u00e1mara y todos nos queremos ver bien, ahora s\u00ed muchas personas ahora ven esto como una carrera profesional. Ese escepticismo al principio me bajoneaba: \u00bfPor qu\u00e9 no creen en esta visi\u00f3n que yo tengo de formar nuevos artistas?\u00a0<\/span><\/p><p><span style=\"color: var( --e-global-color-text ); text-align: var(--text-align);\">Pero me mantuve fijo en el objetivo y hoy est\u00e1 claro que era lo correcto.<\/span><\/p>\t\t\t\t\t\t\t\t<\/div>\n\t\t\t\t\t<\/div>\n\t\t\t\t<\/div>\n\t\t<div data-particle_enable=\"false\" data-particle-mobile-disabled=\"false\" class=\"elementor-element elementor-element-523c7a5 e-flex e-con-boxed e-con e-parent\" data-id=\"523c7a5\" data-element_type=\"container\" data-e-type=\"container\">\n\t\t\t\t\t<div class=\"e-con-inner\">\n\t\t\t\t<div class=\"elementor-element elementor-element-964889a elementor-widget elementor-widget-image\" data-id=\"964889a\" data-element_type=\"widget\" data-e-type=\"widget\" data-widget_type=\"image.default\">\n\t\t\t\t\t\t\t\t\t\t\t\t<figure class=\"wp-caption\">\n\t\t\t\t\t\t\t\t\t\t<img decoding=\"async\" width=\"768\" height=\"768\" src=\"https:\/\/soymigrante.com\/revista\/wp-content\/uploads\/2025\/01\/48403867_1200373250120064_2587538425120817152_n-1024x1024.jpg\" class=\"attachment-large size-large wp-image-22425\" alt=\"SoyMigrante.com Revista - Portada del programa de televisi\u00f3n &quot;American Beauty Star&quot; con elenco diverso en un fondo p\u00farpura.\" srcset=\"https:\/\/soymigrante.com\/revista\/wp-content\/uploads\/2025\/01\/48403867_1200373250120064_2587538425120817152_n-1024x1024.jpg 1024w, https:\/\/soymigrante.com\/revista\/wp-content\/uploads\/2025\/01\/48403867_1200373250120064_2587538425120817152_n-300x300.jpg 300w, https:\/\/soymigrante.com\/revista\/wp-content\/uploads\/2025\/01\/48403867_1200373250120064_2587538425120817152_n-150x150.jpg 150w, https:\/\/soymigrante.com\/revista\/wp-content\/uploads\/2025\/01\/48403867_1200373250120064_2587538425120817152_n-768x768.jpg 768w, https:\/\/soymigrante.com\/revista\/wp-content\/uploads\/2025\/01\/48403867_1200373250120064_2587538425120817152_n-75x75.webp 75w, https:\/\/soymigrante.com\/revista\/wp-content\/uploads\/2025\/01\/48403867_1200373250120064_2587538425120817152_n-750x750.webp 750w, https:\/\/soymigrante.com\/revista\/wp-content\/uploads\/2025\/01\/48403867_1200373250120064_2587538425120817152_n.webp 1080w\" sizes=\"(max-width: 768px) 100vw, 768px\" title=\"Axel qued\u00f3 de primer finalista en este reality show en 2019 pero considera que fue este el Boom, que le dio a conocer a nivel nacional en Estados Unidos. \u2013 SoyMigrante.com REVISTA\" \/>\t\t\t\t\t\t\t\t\t\t\t<figcaption class=\"widget-image-caption wp-caption-text\">El programa \"American Beauty Star\" destacada en la revista de SoyMigrante.com con im\u00e1genes de su elenco.<\/figcaption>\n\t\t\t\t\t\t\t\t\t\t<\/figure>\n\t\t\t\t\t\t\t\t\t<\/div>\n\t\t\t\t\t<\/div>\n\t\t\t\t<\/div>\n\t\t<div data-particle_enable=\"false\" data-particle-mobile-disabled=\"false\" class=\"elementor-element elementor-element-343fbd9 e-flex e-con-boxed e-con e-parent\" data-id=\"343fbd9\" data-element_type=\"container\" data-e-type=\"container\">\n\t\t\t\t\t<div class=\"e-con-inner\">\n\t\t\t\t<div class=\"elementor-element elementor-element-3e7baaa elementor-widget elementor-widget-heading\" data-id=\"3e7baaa\" data-element_type=\"widget\" data-e-type=\"widget\" data-widget_type=\"heading.default\">\n\t\t\t\t\t<h3 class=\"elementor-heading-title elementor-size-default\">Creci\u00f3 en Villa Nueva y cuando puede visita Guatemala<\/h3>\t\t\t\t<\/div>\n\t\t\t\t\t<\/div>\n\t\t\t\t<\/div>\n\t\t<div data-particle_enable=\"false\" data-particle-mobile-disabled=\"false\" class=\"elementor-element elementor-element-3f94290 e-flex e-con-boxed e-con e-parent\" data-id=\"3f94290\" data-element_type=\"container\" data-e-type=\"container\">\n\t\t\t\t\t<div class=\"e-con-inner\">\n\t\t\t\t<div class=\"elementor-element elementor-element-686adf3 elementor-widget elementor-widget-text-editor\" data-id=\"686adf3\" data-element_type=\"widget\" data-e-type=\"widget\" data-widget_type=\"text-editor.default\">\n\t\t\t\t\t\t\t\t\t<p><b style=\"color: var( --e-global-color-text ); text-align: var(--text-align);\">\u00bfQui\u00e9nes han sido tus grandes maestros?<\/b><\/p><p>Bueno, como te dec\u00eda, Scott Barnes es el maquillista de cabecera de Jennifer Lopez, Scott Barnes y el maquillista de Beyoncese llama Sir Sean. Grandes maestros y amigos.\u00a0<\/p><p>En el 2019 tuve la oportunidad de estar en un reality TV show tipo La Academia pero versi\u00f3n maquillistas y estilistas. Se llamaba American Beauty Star.\u00a0<span style=\"color: var( --e-global-color-text ); text-align: var(--text-align);\">Llegu\u00e9 a ser primer finalista.\u00a0 Aquel programa me di\u00f3 un \u00a1Bum, bum bum!, un buen empuj\u00f3n y me posicion\u00f3 como uno de los maquillistas m\u00e1s importantes en los Estados Unidos, espeicalmente por ser latino.\u00a0\u00a0<\/span><\/p><p><b>\u00bfC\u00f3mo mantener el balance entre lo que sabes y lo que quiere la persona a maquillar o peinar?<\/b><\/p><p>Entendiendo a la persona. Yo respeto el trabajo de todos. Pero creo que uno como profesional tiene que entender c\u00f3mo las personas se quieren ver y qu\u00e9 quieren transmitir. A veces uno es muy art\u00edstico, tiene muchas ideas pero la persona es o m\u00e1s importante, se debe sentir c\u00f3moda. Es necesario entender\u00a0 cada personalidad<\/p><p><span style=\"color: var( --e-global-color-text ); text-align: var(--text-align);\"><b>\u00bfD\u00f3nde viv\u00edas en Guatemala?<\/b><\/span><\/p><p>En Villa Nueva. Estoy impresionado por lo mucho que Guatemala ha crecido y se ha desarrollado. Me hace sentir s\u00faper orgulloso. He tenido la oportunidad de regresar y hay muchos cambios para bien.<\/p><p><b>\u00bfCuando fue la ultima vez que volviste?<\/b><\/p><p>Hace dos a\u00f1os y de hecho espero estar de vuelta este a\u00f1o.\u00a0<span style=\"color: var( --e-global-color-text ); text-align: var(--text-align);\">Cuando sal\u00ed del reality show que te estaba comentando tuve la oportunidad de hacer una mini gira. Yo estaba en contacto con una marca de cosm\u00e9ticos internacional, que en Guatemala tiene cinco locaciones. Tuve la oportunidad de ir a dar una clase de maquillaje en Guatemala.\u00a0\u00a0<\/span><\/p>\t\t\t\t\t\t\t\t<\/div>\n\t\t\t\t\t<\/div>\n\t\t\t\t<\/div>\n\t\t<div data-particle_enable=\"false\" data-particle-mobile-disabled=\"false\" class=\"elementor-element elementor-element-7547d2f e-flex e-con-boxed e-con e-parent\" data-id=\"7547d2f\" data-element_type=\"container\" data-e-type=\"container\">\n\t\t\t\t\t<div class=\"e-con-inner\">\n\t\t\t\t<div class=\"elementor-element elementor-element-5939a20 elementor-widget elementor-widget-image\" data-id=\"5939a20\" data-element_type=\"widget\" data-e-type=\"widget\" data-widget_type=\"image.default\">\n\t\t\t\t\t\t\t\t\t\t\t\t<figure class=\"wp-caption\">\n\t\t\t\t\t\t\t\t\t\t<img loading=\"lazy\" decoding=\"async\" width=\"768\" height=\"559\" src=\"https:\/\/soymigrante.com\/revista\/wp-content\/uploads\/2025\/01\/axel-vasquez-2-1024x745.jpg\" class=\"attachment-large size-large wp-image-22409\" alt=\"Puente de observaci\u00f3n en la cima de un volc\u00e1n, vista panor\u00e1mica al atardecer, paisaje natural, turismo de aventura, migrantes disfrutando la naturaleza en Guatemala.\" srcset=\"https:\/\/soymigrante.com\/revista\/wp-content\/uploads\/2025\/01\/axel-vasquez-2-1024x745.jpg 1024w, https:\/\/soymigrante.com\/revista\/wp-content\/uploads\/2025\/01\/axel-vasquez-2-300x218.jpg 300w, https:\/\/soymigrante.com\/revista\/wp-content\/uploads\/2025\/01\/axel-vasquez-2-768x559.jpg 768w, https:\/\/soymigrante.com\/revista\/wp-content\/uploads\/2025\/01\/axel-vasquez-2-120x86.webp 120w, https:\/\/soymigrante.com\/revista\/wp-content\/uploads\/2025\/01\/axel-vasquez-2-750x546.webp 750w, https:\/\/soymigrante.com\/revista\/wp-content\/uploads\/2025\/01\/axel-vasquez-2-1140x830.webp 1140w, https:\/\/soymigrante.com\/revista\/wp-content\/uploads\/2025\/01\/axel-vasquez-2.webp 1201w\" sizes=\"(max-width: 768px) 100vw, 768px\" title=\"Axel V\u00e1squez se siente orgulloso de ser guatemalteco; en 2021 y 2023 estuvo de visita en el pa\u00eds y visit\u00f3 lugares emblem\u00e1ticos que reafirmaron el cari\u00f1o a sus ra\u00edces familiares. \u2013 SoyMigrante.com REVISTA\" \/>\t\t\t\t\t\t\t\t\t\t\t<figcaption class=\"widget-image-caption wp-caption-text\">Una persona observa el volc\u00e1n de Guatemala desde un mirador durante el atardecer, rodeada de naturaleza y hermosos paisajes volc\u00e1nicos.<\/figcaption>\n\t\t\t\t\t\t\t\t\t\t<\/figure>\n\t\t\t\t\t\t\t\t\t<\/div>\n\t\t\t\t\t<\/div>\n\t\t\t\t<\/div>\n\t\t<div data-particle_enable=\"false\" data-particle-mobile-disabled=\"false\" class=\"elementor-element elementor-element-b8d6d7b e-flex e-con-boxed e-con e-parent\" data-id=\"b8d6d7b\" data-element_type=\"container\" data-e-type=\"container\">\n\t\t\t\t\t<div class=\"e-con-inner\">\n\t\t\t\t<div class=\"elementor-element elementor-element-ba73d4d elementor-widget elementor-widget-heading\" data-id=\"ba73d4d\" data-element_type=\"widget\" data-e-type=\"widget\" data-widget_type=\"heading.default\">\n\t\t\t\t\t<h3 class=\"elementor-heading-title elementor-size-default\">El anhelo de compartir sus conocimientos<\/h3>\t\t\t\t<\/div>\n\t\t\t\t\t<\/div>\n\t\t\t\t<\/div>\n\t\t<div data-particle_enable=\"false\" data-particle-mobile-disabled=\"false\" class=\"elementor-element elementor-element-614f258 e-flex e-con-boxed e-con e-parent\" data-id=\"614f258\" data-element_type=\"container\" data-e-type=\"container\">\n\t\t\t\t\t<div class=\"e-con-inner\">\n\t\t\t\t<div class=\"elementor-element elementor-element-809a75c elementor-widget elementor-widget-text-editor\" data-id=\"809a75c\" data-element_type=\"widget\" data-e-type=\"widget\" data-widget_type=\"text-editor.default\">\n\t\t\t\t\t\t\t\t\t<p><b style=\"color: var( --e-global-color-text ); text-align: var(--text-align);\">\u00bfCu\u00e1l es el gran sue\u00f1o de Axel V\u00e1zquez?<\/b><\/p><p>Ahora que estamos hablando mucho de Guatemala,\u00a0 quisiera regresar y abrir una escuela de maquillaje. Me encantar\u00eda crear eso. Ser\u00eda algo que me llenar\u00eda de mucha felicidad el poder establecer una instituci\u00f3n de maquillaje, sobre todo al ver tanta reacci\u00f3n tan buena de la gente de Guatemala por los comentarios que han hecho. Los comentarios ha sido la mayor\u00eda positivos. Obviamente hay de todo un poco, \u00bfno? Pero nos enfocamos en lo bueno. Y yo digo, wow, ser\u00eda muy bonito, muy interesante el poder abrir una escuela con toda esta experiencia puesta al servicio de Guatemala.<\/p><p><b>Ojal\u00e1 sea posible porque hay mucho talento&#8230;<\/b><\/p><p>Tengo muchos seguidores de Guatemala, maquillistas y estilistas que me escriben: \u00a1S\u00ed tenemos talento en Guatemala! Lo que pasa es que necesitamos dejarnos ver. Mi consejo es \u00a1Nunca dejen de so\u00f1ar!<\/p>\t\t\t\t\t\t\t\t<\/div>\n\t\t\t\t\t<\/div>\n\t\t\t\t<\/div>\n\t\t<div data-particle_enable=\"false\" data-particle-mobile-disabled=\"false\" class=\"elementor-element elementor-element-2e64da7 e-flex e-con-boxed e-con e-parent\" data-id=\"2e64da7\" data-element_type=\"container\" data-e-type=\"container\">\n\t\t\t\t\t<div class=\"e-con-inner\">\n\t\t\t\t<div class=\"elementor-element elementor-element-4a4eb24 elementor-widget elementor-widget-heading\" data-id=\"4a4eb24\" data-element_type=\"widget\" data-e-type=\"widget\" data-widget_type=\"heading.default\">\n\t\t\t\t\t<h2 class=\"elementor-heading-title elementor-size-default\">El talento guatemalteco siempre brilla<\/h2>\t\t\t\t<\/div>\n\t\t\t\t\t<\/div>\n\t\t\t\t<\/div>\n\t\t<div data-particle_enable=\"false\" data-particle-mobile-disabled=\"false\" class=\"elementor-element elementor-element-97f7dac e-flex e-con-boxed e-con e-parent\" data-id=\"97f7dac\" data-element_type=\"container\" data-e-type=\"container\">\n\t\t\t\t\t<div class=\"e-con-inner\">\n\t\t\t\t<div class=\"elementor-element elementor-element-3ac7222 elementor-grid-eael-col-3 elementor-grid-tablet-eael-col-2 elementor-grid-mobile-eael-col-1 elementor-widget elementor-widget-eael-post-grid\" data-id=\"3ac7222\" data-element_type=\"widget\" data-e-type=\"widget\" data-settings=\"{&quot;eael_post_grid_columns&quot;:&quot;eael-col-3&quot;,&quot;eael_post_grid_columns_tablet&quot;:&quot;eael-col-2&quot;,&quot;eael_post_grid_columns_mobile&quot;:&quot;eael-col-1&quot;}\" data-widget_type=\"eael-post-grid.default\">\n\t\t\t\t\t<div id=\"eael-post-grid-3ac7222\" class=\"eael-post-grid-container\">\n            <div class=\"eael-post-grid eael-post-appender eael-post-appender-3ac7222 eael-post-grid-style-one\" data-layout-mode=\"masonry\"><article class=\"eael-grid-post  eael-post-grid-column eael-pg-post-17201 category-exitos\" data-id=\"17201\">\n        <div class=\"eael-grid-post-holder\">\n            <div class=\"eael-grid-post-holder-inner\"><div class=\"eael-entry-media\"><div class=\"eael-entry-overlay fade-in\"><i class=\"far fa-hand-pointer\" aria-hidden=\"true\"><\/i><a href=\"https:\/\/soymigrante.com\/revista\/y-cuando-evelyn-desperto-su-gran-sueno-todavia-estaba-alli\/\"><\/a><\/div><div class=\"eael-entry-thumbnail \">\n                <img loading=\"lazy\" decoding=\"async\" width=\"1024\" height=\"1024\" src=\"https:\/\/soymigrante.com\/revista\/wp-content\/uploads\/2024\/12\/evelyn-lorena-actriz-guatemalteca-1024x1024.jpg\" class=\"attachment-large size-large wp-image-17203\" alt=\"Versi\u00f3n en Espa\u00f1ol:.\" srcset=\"https:\/\/soymigrante.com\/revista\/wp-content\/uploads\/2024\/12\/evelyn-lorena-actriz-guatemalteca-1024x1024.jpg 1024w, https:\/\/soymigrante.com\/revista\/wp-content\/uploads\/2024\/12\/evelyn-lorena-actriz-guatemalteca-300x300.jpg 300w, https:\/\/soymigrante.com\/revista\/wp-content\/uploads\/2024\/12\/evelyn-lorena-actriz-guatemalteca-150x150.jpg 150w, https:\/\/soymigrante.com\/revista\/wp-content\/uploads\/2024\/12\/evelyn-lorena-actriz-guatemalteca-768x768.jpg 768w, https:\/\/soymigrante.com\/revista\/wp-content\/uploads\/2024\/12\/evelyn-lorena-actriz-guatemalteca-1536x1536.jpg 1536w, https:\/\/soymigrante.com\/revista\/wp-content\/uploads\/2024\/12\/evelyn-lorena-actriz-guatemalteca-75x75.webp 75w, https:\/\/soymigrante.com\/revista\/wp-content\/uploads\/2024\/12\/evelyn-lorena-actriz-guatemalteca-750x750.webp 750w, https:\/\/soymigrante.com\/revista\/wp-content\/uploads\/2024\/12\/evelyn-lorena-actriz-guatemalteca-1140x1140.webp 1140w, https:\/\/soymigrante.com\/revista\/wp-content\/uploads\/2024\/12\/evelyn-lorena-actriz-guatemalteca.webp 1920w\" sizes=\"(max-width: 1024px) 100vw, 1024px\" \/>\n            <\/div>\n        <\/div><div class=\"eael-entry-wrapper\"><header class=\"eael-entry-header\"><h2 class=\"eael-entry-title\"><a class=\"eael-grid-post-link\" href=\"https:\/\/soymigrante.com\/revista\/y-cuando-evelyn-desperto-su-gran-sueno-todavia-estaba-alli\/\" title=\"Y cuando Evelyn despert\u00f3, su gran sue\u00f1o de cine todav\u00eda estaba all\u00ed\">Y cuando Evelyn despert\u00f3, su gran sue\u00f1o de cine todav\u00eda estaba all\u00ed<\/a><\/h2><\/header><div class=\"eael-entry-content\">\n                        <div class=\"eael-grid-post-excerpt\"><a href=\"https:\/\/soymigrante.com\/revista\/y-cuando-evelyn-desperto-su-gran-sueno-todavia-estaba-alli\/\" class=\"eael-post-elements-readmore-btn\">CONOCE SU HISTORIA <\/a><\/div>\n                    <\/div><\/div><\/div>\n        <\/div>\n    <\/article><article class=\"eael-grid-post  eael-post-grid-column eael-pg-post-5890 category-exitos\" data-id=\"5890\">\n        <div class=\"eael-grid-post-holder\">\n            <div class=\"eael-grid-post-holder-inner\"><div class=\"eael-entry-media\"><div class=\"eael-entry-overlay fade-in\"><i class=\"far fa-hand-pointer\" aria-hidden=\"true\"><\/i><a href=\"https:\/\/soymigrante.com\/revista\/la-historia-del-cineasta-samuel-carrillo-podria-titularse-dos-veces-migrante\/\"><\/a><\/div><div class=\"eael-entry-thumbnail \">\n                <img loading=\"lazy\" decoding=\"async\" width=\"456\" height=\"453\" src=\"https:\/\/soymigrante.com\/revista\/wp-content\/uploads\/2024\/04\/samuel-carrillo-cineasta-oklahoma-2.webp\" class=\"attachment-large size-large wp-image-5891\" alt=\"Americano en evento de SoyMigrante.com REVISTA participando en tema de migraci\u00f3n y derechos laborales de migrantes latinoamericanos, promoviendo integraci\u00f3n y apoyo comunitario.\" srcset=\"https:\/\/soymigrante.com\/revista\/wp-content\/uploads\/2024\/04\/samuel-carrillo-cineasta-oklahoma-2.webp 456w, https:\/\/soymigrante.com\/revista\/wp-content\/uploads\/2024\/04\/samuel-carrillo-cineasta-oklahoma-2-300x298.webp 300w, https:\/\/soymigrante.com\/revista\/wp-content\/uploads\/2024\/04\/samuel-carrillo-cineasta-oklahoma-2-150x150.webp 150w, https:\/\/soymigrante.com\/revista\/wp-content\/uploads\/2024\/04\/samuel-carrillo-cineasta-oklahoma-2-75x75.webp 75w\" sizes=\"(max-width: 456px) 100vw, 456px\" \/>\n            <\/div>\n        <\/div><div class=\"eael-entry-wrapper\"><header class=\"eael-entry-header\"><h2 class=\"eael-entry-title\"><a class=\"eael-grid-post-link\" href=\"https:\/\/soymigrante.com\/revista\/la-historia-del-cineasta-samuel-carrillo-podria-titularse-dos-veces-migrante\/\" title=\"Cineasta Samuel Carrillo, premiado en Oklahoma, es dos veces migrante\">Cineasta Samuel Carrillo, premiado en Oklahoma, es dos veces migrante<\/a><\/h2><\/header><div class=\"eael-entry-content\">\n                        <div class=\"eael-grid-post-excerpt\"><a href=\"https:\/\/soymigrante.com\/revista\/la-historia-del-cineasta-samuel-carrillo-podria-titularse-dos-veces-migrante\/\" class=\"eael-post-elements-readmore-btn\">CONOCE SU HISTORIA <\/a><\/div>\n                    <\/div><\/div><\/div>\n        <\/div>\n    <\/article><article class=\"eael-grid-post  eael-post-grid-column eael-pg-post-3799 category-exitos\" data-id=\"3799\">\n        <div class=\"eael-grid-post-holder\">\n            <div class=\"eael-grid-post-holder-inner\"><div class=\"eael-entry-media\"><div class=\"eael-entry-overlay fade-in\"><i class=\"far fa-hand-pointer\" aria-hidden=\"true\"><\/i><a href=\"https:\/\/soymigrante.com\/revista\/migrante-estilista-guatemalteco-sergio-arevalo-increible-historia-ayuda-ninez\/\"><\/a><\/div><div class=\"eael-entry-thumbnail \">\n                <img loading=\"lazy\" decoding=\"async\" width=\"1024\" height=\"883\" src=\"https:\/\/soymigrante.com\/revista\/wp-content\/uploads\/2023\/12\/sergio-fernando-arevalo-chilera-1024x883.webp\" class=\"attachment-large size-large wp-image-3800\" alt=\"sergio fernando arevalo chilera\" srcset=\"https:\/\/soymigrante.com\/revista\/wp-content\/uploads\/2023\/12\/sergio-fernando-arevalo-chilera-1024x883.webp 1024w, https:\/\/soymigrante.com\/revista\/wp-content\/uploads\/2023\/12\/sergio-fernando-arevalo-chilera-300x259.webp 300w, https:\/\/soymigrante.com\/revista\/wp-content\/uploads\/2023\/12\/sergio-fernando-arevalo-chilera-768x662.webp 768w, https:\/\/soymigrante.com\/revista\/wp-content\/uploads\/2023\/12\/sergio-fernando-arevalo-chilera-750x646.jpg 750w, https:\/\/soymigrante.com\/revista\/wp-content\/uploads\/2023\/12\/sergio-fernando-arevalo-chilera-1140x983.jpg 1140w, https:\/\/soymigrante.com\/revista\/wp-content\/uploads\/2023\/12\/sergio-fernando-arevalo-chilera.webp 1333w\" sizes=\"(max-width: 1024px) 100vw, 1024px\" \/>\n            <\/div>\n        <\/div><div class=\"eael-entry-wrapper\"><header class=\"eael-entry-header\"><h2 class=\"eael-entry-title\"><a class=\"eael-grid-post-link\" href=\"https:\/\/soymigrante.com\/revista\/migrante-estilista-guatemalteco-sergio-arevalo-increible-historia-ayuda-ninez\/\" title=\"&#8220;Nunca paro de so\u00f1ar&#8221;: la incre\u00edble historia del estilista y migrante Sergio Fernando Ar\u00e9valo\">&#8220;Nunca paro de so\u00f1ar&#8221;: la incre\u00edble historia del estilista y migrante Sergio Fernando Ar\u00e9valo<\/a><\/h2><\/header><div class=\"eael-entry-content\">\n                        <div class=\"eael-grid-post-excerpt\"><a href=\"https:\/\/soymigrante.com\/revista\/migrante-estilista-guatemalteco-sergio-arevalo-increible-historia-ayuda-ninez\/\" class=\"eael-post-elements-readmore-btn\">CONOCE SU HISTORIA <\/a><\/div>\n                    <\/div><\/div><\/div>\n        <\/div>\n    <\/article><\/div>\n            <div class=\"clearfix\"><\/div>\n        <\/div>\t\t\t\t<\/div>\n\t\t\t\t\t<\/div>\n\t\t\t\t<\/div>\n\t\t\t\t<\/div>\n\t\t","protected":false},"excerpt":{"rendered":"<p>El estilista guatemalteco migrante Axel V\u00e1squez se hizo viral por haber peinado a hijos del presidente Donald Trump para la ceremonia inaugural; pero su prestigio viene de mucho antes: en entrevista cuenta su historia, trayectoria profesional y el anhelo de compartir sus conocimientos en su pa\u00eds natal. Axel V\u00e1squez, estilista guatemalteco radicado en Virginia, tuvo [&hellip;]<\/p>\n","protected":false},"author":7,"featured_media":22406,"comment_status":"open","ping_status":"open","sticky":false,"template":"","format":"standard","meta":{"_acf_changed":false,"_eb_attr":"","footnotes":""},"categories":[50],"tags":[],"class_list":["post-22394","post","type-post","status-publish","format-standard","has-post-thumbnail","hentry","category-exitos"],"acf":[],"aioseo_notices":[],"aioseo_head":"\n\t\t<!-- All in One SEO Pro 4.9.6.2 - aioseo.com -->\n\t<meta name=\"description\" content=\"Sufri\u00f3 pobreza, violencia intrafamiliar y burlas en sus inicios dentro del mundo de la belleza: pero nada bloquea los sue\u00f1os del migrante y estilista de estrellas, que cre\u00f3 una l\u00ednea de cepillos para destinar las ventas a ayuda educativa de la ni\u00f1ez de zonas rurales de su natal Guatemala. \u00c9l relata su camino. Sergio Fernando\" \/>\n\t<meta name=\"robots\" content=\"max-snippet:-1, max-image-preview:large, max-video-preview:-1\" \/>\n\t<meta name=\"author\" content=\"Gustavo Montenegro\"\/>\n\t<link rel=\"canonical\" href=\"https:\/\/soymigrante.com\/revista\/entrevista-axel-vasquez-estilista-guatemalteco-peino-hijos-trump-washington\/\" \/>\n\t<meta name=\"generator\" content=\"All in One SEO Pro (AIOSEO) 4.9.6.2\" \/>\n\n\t\t<link rel=\"preconnect\" href=\"https:\/\/fonts.googleapis.com\" crossorigin>\n<link rel=\"preconnect\" href=\"https:\/\/fonts.gstatic.com\" crossorigin>\n\t\t<meta property=\"og:locale\" content=\"es_ES\" \/>\n\t\t<meta property=\"og:site_name\" content=\"SoyMigrante.com REVISTA \u2013 Nuestra misi\u00f3n es reconocer y dignificar al migrante.\" \/>\n\t\t<meta property=\"og:type\" content=\"article\" \/>\n\t\t<meta property=\"og:title\" content=\"Estilista que pein\u00f3 a hijos de Trump sue\u00f1a abrir academia en Guatemala\" \/>\n\t\t<meta property=\"og:description\" content=\"Estilista Axel V\u00e1squez relata desde Washington DC su historia migrante, su trayectoria y su sue\u00f1o de abrir una academia para j\u00f3venes talentos guatemaltecos.\" \/>\n\t\t<meta property=\"og:url\" content=\"https:\/\/soymigrante.com\/revista\/entrevista-axel-vasquez-estilista-guatemalteco-peino-hijos-trump-washington\/\" \/>\n\t\t<meta property=\"og:image\" content=\"https:\/\/soymigrante.com\/revista\/wp-content\/uploads\/2025\/01\/axel-vasquez-1-e1737750553860.webp\" \/>\n\t\t<meta property=\"og:image:secure_url\" content=\"https:\/\/soymigrante.com\/revista\/wp-content\/uploads\/2025\/01\/axel-vasquez-1-e1737750553860.webp\" \/>\n\t\t<meta property=\"og:image:width\" content=\"576\" \/>\n\t\t<meta property=\"og:image:height\" content=\"576\" \/>\n\t\t<meta property=\"article:published_time\" content=\"2025-01-24T13:00:00+00:00\" \/>\n\t\t<meta property=\"article:modified_time\" content=\"2025-01-29T02:38:49+00:00\" \/>\n\t\t<meta property=\"article:publisher\" content=\"https:\/\/www.facebook.com\/soymigrantecom\" \/>\n\t\t<meta name=\"twitter:card\" content=\"summary_large_image\" \/>\n\t\t<meta name=\"twitter:site\" content=\"@SoyMigrante_com\" \/>\n\t\t<meta name=\"twitter:title\" content=\"Estilista que pein\u00f3 a hijos de Trump sue\u00f1a abrir academia en Guatemala\" \/>\n\t\t<meta name=\"twitter:description\" content=\"Estilista Axel V\u00e1squez relata desde Washington DC su historia migrante, su trayectoria y su sue\u00f1o de abrir una academia para j\u00f3venes talentos guatemaltecos.\" \/>\n\t\t<meta name=\"twitter:creator\" content=\"@SoyMigrante_com\" \/>\n\t\t<meta name=\"twitter:image\" content=\"https:\/\/soymigrante.com\/revista\/wp-content\/uploads\/2025\/01\/axel-vasquez-1-e1737750553860.webp\" \/>\n\t\t<!-- All in One SEO Pro -->\r\n\t\t<title>Estilista que pein\u00f3 a hijos de Trump sue\u00f1a abrir academia en Guatemala<\/title>\n\n","aioseo_head_json":{"title":"Estilista que pein\u00f3 a hijos de Trump sue\u00f1a abrir academia en Guatemala","description":"Estilista Axel V\u00e1squez relata desde Washington DC su historia migrante, su trayectoria y su sue\u00f1o de abrir una academia para j\u00f3venes talentos guatemaltecos.","canonical_url":"https:\/\/soymigrante.com\/revista\/entrevista-axel-vasquez-estilista-guatemalteco-peino-hijos-trump-washington\/","robots":"max-snippet:-1, max-image-preview:large, max-video-preview:-1","keywords":"","webmasterTools":{"miscellaneous":"&lt;link rel=\"preconnect\" href=\"https:\/\/fonts.googleapis.com\" crossorigin&gt;\n&lt;link rel=\"preconnect\" href=\"https:\/\/fonts.gstatic.com\" crossorigin&gt;"},"schema":null,"og:locale":"es_ES","og:site_name":"SoyMigrante.com REVISTA \u2013 Nuestra misi\u00f3n es reconocer y dignificar al migrante.","og:type":"article","og:title":"Estilista que pein\u00f3 a hijos de Trump sue\u00f1a abrir academia en Guatemala","og:description":"Estilista Axel V\u00e1squez relata desde Washington DC su historia migrante, su trayectoria y su sue\u00f1o de abrir una academia para j\u00f3venes talentos guatemaltecos.","og:url":"https:\/\/soymigrante.com\/revista\/entrevista-axel-vasquez-estilista-guatemalteco-peino-hijos-trump-washington\/","og:image":"https:\/\/soymigrante.com\/revista\/wp-content\/uploads\/2025\/01\/axel-vasquez-1-e1737750553860.webp","og:image:secure_url":"https:\/\/soymigrante.com\/revista\/wp-content\/uploads\/2025\/01\/axel-vasquez-1-e1737750553860.webp","og:image:width":576,"og:image:height":576,"article:published_time":"2025-01-24T13:00:00+00:00","article:modified_time":"2025-01-29T02:38:49+00:00","article:publisher":"https:\/\/www.facebook.com\/soymigrantecom","twitter:card":"summary_large_image","twitter:site":"@SoyMigrante_com","twitter:title":"Estilista que pein\u00f3 a hijos de Trump sue\u00f1a abrir academia en Guatemala","twitter:description":"Estilista Axel V\u00e1squez relata desde Washington DC su historia migrante, su trayectoria y su sue\u00f1o de abrir una academia para j\u00f3venes talentos guatemaltecos.","twitter:creator":"@SoyMigrante_com","twitter:image":"https:\/\/soymigrante.com\/revista\/wp-content\/uploads\/2025\/01\/axel-vasquez-1-e1737750553860.webp"},"aioseo_meta_data":{"post_id":"22394","title":"Estilista que pein\u00f3 a hijos de Trump sue\u00f1a abrir academia en Guatemala","description":"Estilista Axel V\u00e1squez relata desde Washington DC su historia migrante, su trayectoria y su sue\u00f1o de abrir una academia para j\u00f3venes talentos guatemaltecos.","keywords":null,"keyphrases":{"focus":{"keyphrase":"Estilista","score":91,"analysis":{"keyphraseInTitle":{"score":9,"maxScore":9,"error":0},"keyphraseInDescription":{"score":9,"maxScore":9,"error":0},"keyphraseLength":{"score":9,"maxScore":9,"error":0,"length":1},"keyphraseInURL":{"score":5,"maxScore":5,"error":0},"keyphraseInIntroduction":{"score":9,"maxScore":9,"error":0},"keyphraseInSubHeadings":{"score":3,"maxScore":9,"error":1},"keyphraseInImageAlt":{"score":9,"maxScore":9,"error":0},"keywordDensity":{"type":"best","score":9,"maxScore":9,"error":0}}},"additional":[{"keyphrase":"Guatemalteco","score":67,"analysis":{"keyphraseInDescription":{"score":3,"maxScore":9,"error":1},"keyphraseLength":{"score":9,"maxScore":9,"error":0,"length":1},"keyphraseInIntroduction":{"score":9,"maxScore":9,"error":0},"keyphraseInImageAlt":{"score":9,"maxScore":9,"error":0},"keywordDensity":{"score":0,"type":"low","maxScore":9,"error":1}}},{"keyphrase":"Trump","score":67,"analysis":{"keyphraseInDescription":{"score":3,"maxScore":9,"error":1},"keyphraseLength":{"score":9,"maxScore":9,"error":0,"length":1},"keyphraseInIntroduction":{"score":9,"maxScore":9,"error":0},"keyphraseInImageAlt":{"score":9,"maxScore":9,"error":0},"keywordDensity":{"score":0,"type":"low","maxScore":9,"error":1}}},{"keyphrase":"Axel V\u00e1squez","score":100,"analysis":{"keyphraseInDescription":{"score":9,"maxScore":9,"error":0},"keyphraseLength":{"score":9,"maxScore":9,"error":0,"length":3},"keyphraseInIntroduction":{"score":9,"maxScore":9,"error":0},"keyphraseInImageAlt":{"score":9,"maxScore":9,"error":0},"keywordDensity":{"type":"best","score":9,"maxScore":9,"error":0}}}]},"primary_term":null,"canonical_url":null,"og_title":null,"og_description":null,"og_object_type":"default","og_image_type":"default","og_image_url":null,"og_image_width":null,"og_image_height":null,"og_image_custom_url":null,"og_image_custom_fields":null,"og_video":"","og_custom_url":null,"og_article_section":null,"og_article_tags":null,"twitter_use_og":false,"twitter_card":"default","twitter_image_type":"default","twitter_image_url":null,"twitter_image_custom_url":null,"twitter_image_custom_fields":null,"twitter_title":null,"twitter_description":null,"schema":{"blockGraphs":[],"customGraphs":[],"default":{"data":{"Article":[],"Course":[],"Dataset":[],"FAQPage":[],"Movie":[],"Person":[],"Product":[],"ProductReview":[],"Car":[],"Recipe":[],"Service":[],"SoftwareApplication":[],"WebPage":[]},"graphName":"BlogPosting","isEnabled":true},"graphs":[]},"schema_type":"default","schema_type_options":null,"pillar_content":false,"robots_default":true,"robots_noindex":false,"robots_noarchive":false,"robots_nosnippet":false,"robots_nofollow":false,"robots_noimageindex":false,"robots_noodp":false,"robots_notranslate":false,"robots_max_snippet":"-1","robots_max_videopreview":"-1","robots_max_imagepreview":"large","priority":null,"frequency":"default","local_seo":null,"seo_analyzer_scan_date":"2025-10-09 02:06:24","breadcrumb_settings":null,"limit_modified_date":false,"reviewed_by":null,"open_ai":"{\"title\":{\"suggestions\":[],\"usage\":0},\"description\":{\"suggestions\":[],\"usage\":0}}","ai":null,"created":"2025-01-24 01:57:15","updated":"2026-02-04 19:57:25"},"aioseo_breadcrumb":"<div class=\"aioseo-breadcrumbs\"><span class=\"aioseo-breadcrumb\">\n\t<a href=\"https:\/\/soymigrante.com\/revista\" title=\"Home\">Home<\/a>\n<\/span><span class=\"aioseo-breadcrumb-separator\">\u00bb<\/span><span class=\"aioseo-breadcrumb\">\n\t<a href=\"https:\/\/soymigrante.com\/revista\/category\/exitos\/\" title=\"\u00c9xitos\">\u00c9xitos<\/a>\n<\/span><span class=\"aioseo-breadcrumb-separator\">\u00bb<\/span><span class=\"aioseo-breadcrumb\">\n\tEl gran sue\u00f1o de Axel V\u00e1squez, exitoso estilista en USA, es abrir una academia en su natal Guatemala\n<\/span><\/div>","aioseo_breadcrumb_json":[{"label":"Home","link":"https:\/\/soymigrante.com\/revista"},{"label":"\u00c9xitos","link":"https:\/\/soymigrante.com\/revista\/category\/exitos\/"},{"label":"El gran sue\u00f1o de Axel V\u00e1squez, exitoso estilista en USA, es abrir una academia en su natal Guatemala","link":"https:\/\/soymigrante.com\/revista\/entrevista-axel-vasquez-estilista-guatemalteco-peino-hijos-trump-washington\/"}],"_links":{"self":[{"href":"https:\/\/soymigrante.com\/revista\/wp-json\/wp\/v2\/posts\/22394","targetHints":{"allow":["GET"]}}],"collection":[{"href":"https:\/\/soymigrante.com\/revista\/wp-json\/wp\/v2\/posts"}],"about":[{"href":"https:\/\/soymigrante.com\/revista\/wp-json\/wp\/v2\/types\/post"}],"author":[{"embeddable":true,"href":"https:\/\/soymigrante.com\/revista\/wp-json\/wp\/v2\/users\/7"}],"replies":[{"embeddable":true,"href":"https:\/\/soymigrante.com\/revista\/wp-json\/wp\/v2\/comments?post=22394"}],"version-history":[{"count":0,"href":"https:\/\/soymigrante.com\/revista\/wp-json\/wp\/v2\/posts\/22394\/revisions"}],"wp:featuredmedia":[{"embeddable":true,"href":"https:\/\/soymigrante.com\/revista\/wp-json\/wp\/v2\/media\/22406"}],"wp:attachment":[{"href":"https:\/\/soymigrante.com\/revista\/wp-json\/wp\/v2\/media?parent=22394"}],"wp:term":[{"taxonomy":"category","embeddable":true,"href":"https:\/\/soymigrante.com\/revista\/wp-json\/wp\/v2\/categories?post=22394"},{"taxonomy":"post_tag","embeddable":true,"href":"https:\/\/soymigrante.com\/revista\/wp-json\/wp\/v2\/tags?post=22394"}],"curies":[{"name":"wp","href":"https:\/\/api.w.org\/{rel}","templated":true}]}}