{"id":22345,"date":"2025-01-29T06:00:00","date_gmt":"2025-01-29T12:00:00","guid":{"rendered":"https:\/\/soymigrante.com\/revista\/?p=22345"},"modified":"2025-01-28T16:55:25","modified_gmt":"2025-01-28T22:55:25","slug":"semuc-champey-una-joya-natural-escondida-en-lanquin-alta-verapaz","status":"publish","type":"post","link":"https:\/\/soymigrante.com\/revista\/semuc-champey-una-joya-natural-escondida-en-lanquin-alta-verapaz\/","title":{"rendered":"Semuc Champey: Una joya natural escondida en Lanqu\u00edn, Alta Verapaz"},"content":{"rendered":"\t\t<div data-elementor-type=\"wp-post\" data-elementor-id=\"22345\" class=\"elementor elementor-22345\" data-elementor-post-type=\"post\">\n\t\t\t\t<div data-particle_enable=\"false\" data-particle-mobile-disabled=\"false\" class=\"elementor-element elementor-element-10e071f e-flex e-con-boxed e-con e-parent\" data-id=\"10e071f\" data-element_type=\"container\" data-e-type=\"container\">\n\t\t\t\t\t<div class=\"e-con-inner\">\n\t\t\t\t<div class=\"elementor-element elementor-element-2bf4b92 elementor-widget elementor-widget-heading\" data-id=\"2bf4b92\" data-element_type=\"widget\" data-e-type=\"widget\" data-widget_type=\"heading.default\">\n\t\t\t\t\t<h2 class=\"elementor-heading-title elementor-size-default\">Semuc Champey no solo es un destino que encanta por su belleza, sino tambi\u00e9n un espacio que conecta a los visitantes con la naturaleza y la cultura guatemalteca.\n<\/h2>\t\t\t\t<\/div>\n\t\t\t\t\t<\/div>\n\t\t\t\t<\/div>\n\t\t<div data-particle_enable=\"false\" data-particle-mobile-disabled=\"false\" class=\"elementor-element elementor-element-e111c3b e-flex e-con-boxed e-con e-parent\" data-id=\"e111c3b\" data-element_type=\"container\" data-e-type=\"container\">\n\t\t\t\t\t<div class=\"e-con-inner\">\n\t\t\t\t<div class=\"elementor-element elementor-element-0446b19 elementor-widget elementor-widget-text-editor\" data-id=\"0446b19\" data-element_type=\"widget\" data-e-type=\"widget\" data-widget_type=\"text-editor.default\">\n\t\t\t\t\t\t\t\t\t<p>Localizadoen el <a href=\"https:\/\/soymigrante.com\/revista\/departamentos-de-guatemala-alta-verapaz-mosaico-cultural-y-natural\/\" target=\"_blank\" rel=\"noopener\">coraz\u00f3n de Alta Verapaz, Semuc Champey<\/a> es uno de los destinos tur\u00edsticos m\u00e1s espectaculares de Guatemala. Este enclave natural, conocido por sus pozas de aguas cristalinas y su exuberante vegetaci\u00f3n, ha sido reconocido como una joya del ecoturismo por el Instituto Guatemalteco de Turismo (INGUAT), atrayendo tanto a turistas nacionales como internacionales.<\/p>\t\t\t\t\t\t\t\t<\/div>\n\t\t\t\t\t<\/div>\n\t\t\t\t<\/div>\n\t\t<div data-particle_enable=\"false\" data-particle-mobile-disabled=\"false\" class=\"elementor-element elementor-element-966f0ee e-flex e-con-boxed e-con e-parent\" data-id=\"966f0ee\" data-element_type=\"container\" data-e-type=\"container\">\n\t\t\t\t\t<div class=\"e-con-inner\">\n\t\t\t\t<div class=\"elementor-element elementor-element-000ca52 elementor-widget elementor-widget-heading\" data-id=\"000ca52\" data-element_type=\"widget\" data-e-type=\"widget\" data-widget_type=\"heading.default\">\n\t\t\t\t\t<h3 class=\"elementor-heading-title elementor-size-default\">\u00bfD\u00f3nde est\u00e1 Semuc Champey?<\/h3>\t\t\t\t<\/div>\n\t\t\t\t\t<\/div>\n\t\t\t\t<\/div>\n\t\t<div data-particle_enable=\"false\" data-particle-mobile-disabled=\"false\" class=\"elementor-element elementor-element-412615a e-flex e-con-boxed e-con e-parent\" data-id=\"412615a\" data-element_type=\"container\" data-e-type=\"container\">\n\t\t\t\t\t<div class=\"e-con-inner\">\n\t\t\t\t<div class=\"elementor-element elementor-element-fd94377 elementor-widget elementor-widget-text-editor\" data-id=\"fd94377\" data-element_type=\"widget\" data-e-type=\"widget\" data-widget_type=\"text-editor.default\">\n\t\t\t\t\t\t\t\t\t<p>Semuc Champey se encuentra en el municipio de <a href=\"https:\/\/soymigrante.com\/revista\/departamentos-de-guatemala-alta-verapaz-mosaico-cultural-y-natural\/\" target=\"_blank\" rel=\"noopener\">Lanqu\u00edn, Alta Verapaz.<\/a> Es una formaci\u00f3n natural de pozas escalonadas de agua turquesa, rodeada de un frondoso bosque tropical.<\/p><p>El \u00e1rea es atravesada por el r\u00edo Cahab\u00f3n, que fluye por debajo de las pozas, formando una cueva natural \u00fanica.<\/p>\t\t\t\t\t\t\t\t<\/div>\n\t\t\t\t\t<\/div>\n\t\t\t\t<\/div>\n\t\t<div data-particle_enable=\"false\" data-particle-mobile-disabled=\"false\" class=\"elementor-element elementor-element-28ab343 e-flex e-con-boxed e-con e-parent\" data-id=\"28ab343\" data-element_type=\"container\" data-e-type=\"container\">\n\t\t\t\t\t<div class=\"e-con-inner\">\n\t\t\t\t<div class=\"elementor-element elementor-element-aefdb48 elementor-widget elementor-widget-google_maps\" data-id=\"aefdb48\" data-element_type=\"widget\" data-e-type=\"widget\" data-widget_type=\"google_maps.default\">\n\t\t\t\t\t\t\t<div class=\"elementor-custom-embed\">\n\t\t\t<iframe loading=\"lazy\"\n\t\t\t\t\tsrc=\"https:\/\/maps.google.com\/maps?q=Semuc&#038;t=m&#038;z=10&#038;output=embed&#038;iwloc=near\"\n\t\t\t\t\ttitle=\"Semuc\"\n\t\t\t\t\taria-label=\"Semuc\"\n\t\t\t><\/iframe>\n\t\t<\/div>\n\t\t\t\t\t\t<\/div>\n\t\t\t\t\t<\/div>\n\t\t\t\t<\/div>\n\t\t<div data-particle_enable=\"false\" data-particle-mobile-disabled=\"false\" class=\"elementor-element elementor-element-b3b2841 e-flex e-con-boxed e-con e-parent\" data-id=\"b3b2841\" data-element_type=\"container\" data-e-type=\"container\">\n\t\t\t\t\t<div class=\"e-con-inner\">\n\t\t\t\t<div class=\"elementor-element elementor-element-d4650d3 elementor-widget elementor-widget-heading\" data-id=\"d4650d3\" data-element_type=\"widget\" data-e-type=\"widget\" data-widget_type=\"heading.default\">\n\t\t\t\t\t<h3 class=\"elementor-heading-title elementor-size-default\">\u00bfA qu\u00e9 distancia est\u00e1 de la ciudad capital?<\/h3>\t\t\t\t<\/div>\n\t\t\t\t\t<\/div>\n\t\t\t\t<\/div>\n\t\t<div data-particle_enable=\"false\" data-particle-mobile-disabled=\"false\" class=\"elementor-element elementor-element-a719478 e-flex e-con-boxed e-con e-parent\" data-id=\"a719478\" data-element_type=\"container\" data-e-type=\"container\">\n\t\t\t\t\t<div class=\"e-con-inner\">\n\t\t\t\t<div class=\"elementor-element elementor-element-ca77377 elementor-widget elementor-widget-text-editor\" data-id=\"ca77377\" data-element_type=\"widget\" data-e-type=\"widget\" data-widget_type=\"text-editor.default\">\n\t\t\t\t\t\t\t\t\t<p>Desde la Ciudad de Guatemala, Semuc Champey est\u00e1 a una distancia de aproximadamente 290 kil\u00f3metros.<\/p><p><a href=\"https:\/\/soymigrante.com\/revista\/departamentos-de-guatemala-alta-verapaz-mosaico-cultural-y-natural\/\" target=\"_blank\" rel=\"noopener\">El trayecto dura entre 8 y 10 horas<\/a> dependiendo del tr\u00e1fico y las condiciones del camino.<\/p><p>La ruta m\u00e1s com\u00fan es tomar la Carretera CA-9 Norte hacia Cob\u00e1n y luego continuar hacia Lanqu\u00edn, desde donde un veh\u00edculo 4&#215;4 es ideal para completar los \u00faltimos 11 kil\u00f3metros hasta llegar al parque. La carretera pavimentada ya llega completamente hasta Lanqu\u00edn y se espera que pronto llegue hasta\u00a0 Semuc Champey.<\/p>\t\t\t\t\t\t\t\t<\/div>\n\t\t\t\t\t<\/div>\n\t\t\t\t<\/div>\n\t\t<div data-particle_enable=\"false\" data-particle-mobile-disabled=\"false\" class=\"elementor-element elementor-element-6881faa e-flex e-con-boxed e-con e-parent\" data-id=\"6881faa\" data-element_type=\"container\" data-e-type=\"container\">\n\t\t\t\t\t<div class=\"e-con-inner\">\n\t\t\t\t<div class=\"elementor-element elementor-element-ae42b4a elementor-invisible elementor-widget elementor-widget-facebook-embed\" data-id=\"ae42b4a\" data-element_type=\"widget\" data-e-type=\"widget\" data-settings=\"{&quot;_animation&quot;:&quot;zoomInDown&quot;}\" data-widget_type=\"facebook-embed.default\">\n\t\t\t\t\t<div style=\"min-height: 1px\" class=\"elementor-facebook-widget fb-post\" data-href=\"https:\/\/www.facebook.com\/Noti.Imperial\/posts\/pfbid0WgSDUgomPrhqSKRmf9HDfL899BfQj5dMGjQTtuBNGtwEKTEemB62EZqzcR5G4KeGl\" data-show-text=\"false\"><\/div>\t\t\t\t<\/div>\n\t\t\t\t\t<\/div>\n\t\t\t\t<\/div>\n\t\t<div data-particle_enable=\"false\" data-particle-mobile-disabled=\"false\" class=\"elementor-element elementor-element-7573043 e-flex e-con-boxed e-con e-parent\" data-id=\"7573043\" data-element_type=\"container\" data-e-type=\"container\">\n\t\t\t\t\t<div class=\"e-con-inner\">\n\t\t\t\t<div class=\"elementor-element elementor-element-310ebd1 elementor-widget elementor-widget-heading\" data-id=\"310ebd1\" data-element_type=\"widget\" data-e-type=\"widget\" data-widget_type=\"heading.default\">\n\t\t\t\t\t<h3 class=\"elementor-heading-title elementor-size-default\">\u00bfCu\u00e1nto cuesta el ingreso?<\/h3>\t\t\t\t<\/div>\n\t\t\t\t\t<\/div>\n\t\t\t\t<\/div>\n\t\t<div data-particle_enable=\"false\" data-particle-mobile-disabled=\"false\" class=\"elementor-element elementor-element-0d62989 e-flex e-con-boxed e-con e-parent\" data-id=\"0d62989\" data-element_type=\"container\" data-e-type=\"container\">\n\t\t\t\t\t<div class=\"e-con-inner\">\n\t\t\t\t<div class=\"elementor-element elementor-element-23c5543 elementor-widget elementor-widget-text-editor\" data-id=\"23c5543\" data-element_type=\"widget\" data-e-type=\"widget\" data-widget_type=\"text-editor.default\">\n\t\t\t\t\t\t\t\t\t<div>El ingreso al parque natural tiene los siguientes costos, seg\u00fan informaci\u00f3n proporcionada por el INGUAT:<\/div><div>\u2022Nacionales: <strong>Q50<\/strong><\/div><div>\u2022Extranjeros: <strong>Q100<\/strong><\/div><div>\u2022Gu\u00edas locales: El costo var\u00eda entre Q75 y Q150, dependiendo del recorrido que elijas y el tama\u00f1o del grupo.<\/div><div>Si una persona tiene la intenci\u00f3n de producir videos con fines comerciales el parque cobra un cargo extra.<\/div>\t\t\t\t\t\t\t\t<\/div>\n\t\t\t\t\t<\/div>\n\t\t\t\t<\/div>\n\t\t<div data-particle_enable=\"false\" data-particle-mobile-disabled=\"false\" class=\"elementor-element elementor-element-72b9f1c e-flex e-con-boxed e-con e-parent\" data-id=\"72b9f1c\" data-element_type=\"container\" data-e-type=\"container\">\n\t\t\t\t\t<div class=\"e-con-inner\">\n\t\t\t\t<div class=\"elementor-element elementor-element-7cdae2c elementor-widget elementor-widget-image\" data-id=\"7cdae2c\" data-element_type=\"widget\" data-e-type=\"widget\" data-widget_type=\"image.default\">\n\t\t\t\t\t\t\t\t\t\t\t\t<figure class=\"wp-caption\">\n\t\t\t\t\t\t\t\t\t\t<img fetchpriority=\"high\" decoding=\"async\" width=\"768\" height=\"550\" src=\"https:\/\/soymigrante.com\/revista\/wp-content\/uploads\/2025\/01\/Semuc-Champey-Un-parai\u0301so-natural-escondido-en-Alta-Verapaz-2.webp\" class=\"attachment-large size-large wp-image-22352\" alt=\"Semuc Champey: Un para\u00edso natural escondido en Alta Verapaz\" srcset=\"https:\/\/soymigrante.com\/revista\/wp-content\/uploads\/2025\/01\/Semuc-Champey-Un-parai\u0301so-natural-escondido-en-Alta-Verapaz-2.webp 768w, https:\/\/soymigrante.com\/revista\/wp-content\/uploads\/2025\/01\/Semuc-Champey-Un-parai\u0301so-natural-escondido-en-Alta-Verapaz-2-300x215.jpeg 300w, https:\/\/soymigrante.com\/revista\/wp-content\/uploads\/2025\/01\/Semuc-Champey-Un-parai\u0301so-natural-escondido-en-Alta-Verapaz-2-120x86.webp 120w, https:\/\/soymigrante.com\/revista\/wp-content\/uploads\/2025\/01\/Semuc-Champey-Un-parai\u0301so-natural-escondido-en-Alta-Verapaz-2-350x250.webp 350w, https:\/\/soymigrante.com\/revista\/wp-content\/uploads\/2025\/01\/Semuc-Champey-Un-parai\u0301so-natural-escondido-en-Alta-Verapaz-2-750x537.webp 750w\" sizes=\"(max-width: 768px) 100vw, 768px\" title=\"Semuc Champey Un parai\u0301so natural escondido en Alta Verapaz 2 \u2013 SoyMigrante.com REVISTA\" \/>\t\t\t\t\t\t\t\t\t\t\t<figcaption class=\"widget-image-caption wp-caption-text\">El ingreso ahora cuenta con espacios para caminar y evitar los accidentes. (Foto: INGUAT)<\/figcaption>\n\t\t\t\t\t\t\t\t\t\t<\/figure>\n\t\t\t\t\t\t\t\t\t<\/div>\n\t\t\t\t\t<\/div>\n\t\t\t\t<\/div>\n\t\t<div data-particle_enable=\"false\" data-particle-mobile-disabled=\"false\" class=\"elementor-element elementor-element-5c35a0e e-flex e-con-boxed e-con e-parent\" data-id=\"5c35a0e\" data-element_type=\"container\" data-e-type=\"container\">\n\t\t\t\t\t<div class=\"e-con-inner\">\n\t\t\t\t<div class=\"elementor-element elementor-element-0342e6f elementor-widget elementor-widget-heading\" data-id=\"0342e6f\" data-element_type=\"widget\" data-e-type=\"widget\" data-widget_type=\"heading.default\">\n\t\t\t\t\t<h2 class=\"elementor-heading-title elementor-size-default\">Atractivos principales<\/h2>\t\t\t\t<\/div>\n\t\t\t\t\t<\/div>\n\t\t\t\t<\/div>\n\t\t<div data-particle_enable=\"false\" data-particle-mobile-disabled=\"false\" class=\"elementor-element elementor-element-687c8a6 e-flex e-con-boxed e-con e-parent\" data-id=\"687c8a6\" data-element_type=\"container\" data-e-type=\"container\">\n\t\t\t\t\t<div class=\"e-con-inner\">\n\t\t\t\t<div class=\"elementor-element elementor-element-0e5d02c elementor-widget elementor-widget-heading\" data-id=\"0e5d02c\" data-element_type=\"widget\" data-e-type=\"widget\" data-widget_type=\"heading.default\">\n\t\t\t\t\t<h3 class=\"elementor-heading-title elementor-size-default\">1.\tPozas de aguas turquesas<\/h3>\t\t\t\t<\/div>\n\t\t\t\t\t<\/div>\n\t\t\t\t<\/div>\n\t\t<div data-particle_enable=\"false\" data-particle-mobile-disabled=\"false\" class=\"elementor-element elementor-element-6ae78e1 e-flex e-con-boxed e-con e-parent\" data-id=\"6ae78e1\" data-element_type=\"container\" data-e-type=\"container\">\n\t\t\t\t\t<div class=\"e-con-inner\">\n\t\t\t\t<div class=\"elementor-element elementor-element-61b2440 elementor-widget elementor-widget-text-editor\" data-id=\"61b2440\" data-element_type=\"widget\" data-e-type=\"widget\" data-widget_type=\"text-editor.default\">\n\t\t\t\t\t\t\t\t\t<p><a href=\"https:\/\/soymigrante.com\/revista\/departamentos-de-guatemala-alta-verapaz-mosaico-cultural-y-natural\/\" target=\"_blank\" rel=\"noopener\">El atractivo principal de Semuc Champey son sus pozas naturales,<\/a> formadas por el r\u00edo Cahab\u00f3n.<\/p><p>Las aguas cristalinas cambian de color seg\u00fan la luz del sol y el fondo rocoso, pasando de turquesa a verde esmeralda. Son ideales para nadar y relajarse en un entorno paradis\u00edaco.<\/p>\t\t\t\t\t\t\t\t<\/div>\n\t\t\t\t\t<\/div>\n\t\t\t\t<\/div>\n\t\t<div data-particle_enable=\"false\" data-particle-mobile-disabled=\"false\" class=\"elementor-element elementor-element-6ec1319 e-flex e-con-boxed e-con e-parent\" data-id=\"6ec1319\" data-element_type=\"container\" data-e-type=\"container\">\n\t\t\t\t\t<div class=\"e-con-inner\">\n\t\t\t\t<div class=\"elementor-element elementor-element-85b627e elementor-widget elementor-widget-heading\" data-id=\"85b627e\" data-element_type=\"widget\" data-e-type=\"widget\" data-widget_type=\"heading.default\">\n\t\t\t\t\t<h4 class=\"elementor-heading-title elementor-size-default\">EXPLORA EL CAMINO AL MIRADOR DE SEMUC CHAMPEY EN GOOGLE STREET VIEW<\/h4>\t\t\t\t<\/div>\n\t\t\t\t\t<\/div>\n\t\t\t\t<\/div>\n\t\t<div data-particle_enable=\"false\" data-particle-mobile-disabled=\"false\" class=\"elementor-element elementor-element-8d6fee2 e-flex e-con-boxed e-con e-parent\" data-id=\"8d6fee2\" data-element_type=\"container\" data-e-type=\"container\">\n\t\t\t\t\t<div class=\"e-con-inner\">\n\t\t\t\t<div class=\"elementor-element elementor-element-23f47bd elementor-widget elementor-widget-html\" data-id=\"23f47bd\" data-element_type=\"widget\" data-e-type=\"widget\" data-widget_type=\"html.default\">\n\t\t\t\t\t<iframe src=\"https:\/\/www.google.com\/maps\/embed?pb=!4v1738104762562!6m8!1m7!1scs6WuD5tO0RPiTr_2Cwb_g!2m2!1d15.53652825397135!2d-89.95579775957627!3f213.40957020215802!4f-24.701145872133452!5f0.7820865974627469\" width=\"600\" height=\"450\" style=\"border:0;\" allowfullscreen=\"\" loading=\"lazy\" referrerpolicy=\"no-referrer-when-downgrade\"><\/iframe>\t\t\t\t<\/div>\n\t\t\t\t\t<\/div>\n\t\t\t\t<\/div>\n\t\t<div data-particle_enable=\"false\" data-particle-mobile-disabled=\"false\" class=\"elementor-element elementor-element-21f1605 e-flex e-con-boxed e-con e-parent\" data-id=\"21f1605\" data-element_type=\"container\" data-e-type=\"container\">\n\t\t\t\t\t<div class=\"e-con-inner\">\n\t\t\t\t<div class=\"elementor-element elementor-element-1fece0b elementor-widget elementor-widget-heading\" data-id=\"1fece0b\" data-element_type=\"widget\" data-e-type=\"widget\" data-widget_type=\"heading.default\">\n\t\t\t\t\t<h3 class=\"elementor-heading-title elementor-size-default\">2.\tMirador panor\u00e1mico<\/h3>\t\t\t\t<\/div>\n\t\t\t\t\t<\/div>\n\t\t\t\t<\/div>\n\t\t<div data-particle_enable=\"false\" data-particle-mobile-disabled=\"false\" class=\"elementor-element elementor-element-3ee1f00 e-flex e-con-boxed e-con e-parent\" data-id=\"3ee1f00\" data-element_type=\"container\" data-e-type=\"container\">\n\t\t\t\t\t<div class=\"e-con-inner\">\n\t\t\t\t<div class=\"elementor-element elementor-element-5ca2f8f elementor-widget elementor-widget-text-editor\" data-id=\"5ca2f8f\" data-element_type=\"widget\" data-e-type=\"widget\" data-widget_type=\"text-editor.default\">\n\t\t\t\t\t\t\t\t\t<p>Para obtener una vista inigualable de las pozas y el bosque circundante, puedes subir al mirador de Semuc Champey.<\/p><p>La caminata toma unos 45 minutos y, aunque el ascenso es empinado, la recompensa es una vista espectacular.<\/p>\t\t\t\t\t\t\t\t<\/div>\n\t\t\t\t\t<\/div>\n\t\t\t\t<\/div>\n\t\t<div data-particle_enable=\"false\" data-particle-mobile-disabled=\"false\" class=\"elementor-element elementor-element-9410ba9 e-flex e-con-boxed e-con e-parent\" data-id=\"9410ba9\" data-element_type=\"container\" data-e-type=\"container\">\n\t\t\t\t\t<div class=\"e-con-inner\">\n\t\t\t\t<div class=\"elementor-element elementor-element-957b877 elementor-widget elementor-widget-image\" data-id=\"957b877\" data-element_type=\"widget\" data-e-type=\"widget\" data-widget_type=\"image.default\">\n\t\t\t\t\t\t\t\t\t\t\t\t<figure class=\"wp-caption\">\n\t\t\t\t\t\t\t\t\t\t<img decoding=\"async\" width=\"768\" height=\"576\" src=\"https:\/\/soymigrante.com\/revista\/wp-content\/uploads\/2025\/01\/Semuc-Champey-Un-parai\u0301so-natural-escondido-en-Alta-Verapaz-4.webp\" class=\"attachment-large size-large wp-image-22354\" alt=\"Semuc Champey: Un para\u00edso natural escondido en Alta Verapaz\" srcset=\"https:\/\/soymigrante.com\/revista\/wp-content\/uploads\/2025\/01\/Semuc-Champey-Un-parai\u0301so-natural-escondido-en-Alta-Verapaz-4.webp 1024w, https:\/\/soymigrante.com\/revista\/wp-content\/uploads\/2025\/01\/Semuc-Champey-Un-parai\u0301so-natural-escondido-en-Alta-Verapaz-4-300x225.jpeg 300w, https:\/\/soymigrante.com\/revista\/wp-content\/uploads\/2025\/01\/Semuc-Champey-Un-parai\u0301so-natural-escondido-en-Alta-Verapaz-4-768x576.jpeg 768w, https:\/\/soymigrante.com\/revista\/wp-content\/uploads\/2025\/01\/Semuc-Champey-Un-parai\u0301so-natural-escondido-en-Alta-Verapaz-4-750x563.webp 750w\" sizes=\"(max-width: 768px) 100vw, 768px\" title=\"Semuc Champey Un parai\u0301so natural escondido en Alta Verapaz 4 \u2013 SoyMigrante.com REVISTA\" \/>\t\t\t\t\t\t\t\t\t\t\t<figcaption class=\"widget-image-caption wp-caption-text\">Seg\u00fan el INGUAT para explorar el lugar se necesitan por lo menos tres d\u00edas, para disfrutar sus pozas y clima. (Foto: INGUAT)<\/figcaption>\n\t\t\t\t\t\t\t\t\t\t<\/figure>\n\t\t\t\t\t\t\t\t\t<\/div>\n\t\t\t\t\t<\/div>\n\t\t\t\t<\/div>\n\t\t<div data-particle_enable=\"false\" data-particle-mobile-disabled=\"false\" class=\"elementor-element elementor-element-1e9c82f e-flex e-con-boxed e-con e-parent\" data-id=\"1e9c82f\" data-element_type=\"container\" data-e-type=\"container\">\n\t\t\t\t\t<div class=\"e-con-inner\">\n\t\t\t\t<div class=\"elementor-element elementor-element-51638e2 elementor-widget elementor-widget-heading\" data-id=\"51638e2\" data-element_type=\"widget\" data-e-type=\"widget\" data-widget_type=\"heading.default\">\n\t\t\t\t\t<h3 class=\"elementor-heading-title elementor-size-default\">3.\tExploraci\u00f3n de cuevas<\/h3>\t\t\t\t<\/div>\n\t\t\t\t\t<\/div>\n\t\t\t\t<\/div>\n\t\t<div data-particle_enable=\"false\" data-particle-mobile-disabled=\"false\" class=\"elementor-element elementor-element-aa7a39c e-flex e-con-boxed e-con e-parent\" data-id=\"aa7a39c\" data-element_type=\"container\" data-e-type=\"container\">\n\t\t\t\t\t<div class=\"e-con-inner\">\n\t\t\t\t<div class=\"elementor-element elementor-element-da81d84 elementor-widget elementor-widget-text-editor\" data-id=\"da81d84\" data-element_type=\"widget\" data-e-type=\"widget\" data-widget_type=\"text-editor.default\">\n\t\t\t\t\t\t\t\t\t<p>Las Cuevas de K\u2019an Ba, ubicadas cerca de Semuc Champey, ofrecen una experiencia emocionante para los visitantes.<\/p><p>Con un gu\u00eda local, puedes explorar estas cavernas iluminadas \u00fanicamente por velas, nadando y trepando dentro de un sistema subterr\u00e1neo lleno de misterio.<\/p>\t\t\t\t\t\t\t\t<\/div>\n\t\t\t\t\t<\/div>\n\t\t\t\t<\/div>\n\t\t<div data-particle_enable=\"false\" data-particle-mobile-disabled=\"false\" class=\"elementor-element elementor-element-003d92e e-flex e-con-boxed e-con e-parent\" data-id=\"003d92e\" data-element_type=\"container\" data-e-type=\"container\">\n\t\t\t\t\t<div class=\"e-con-inner\">\n\t\t\t\t<div class=\"elementor-element elementor-element-0bf1f3a elementor-widget elementor-widget-heading\" data-id=\"0bf1f3a\" data-element_type=\"widget\" data-e-type=\"widget\" data-widget_type=\"heading.default\">\n\t\t\t\t\t<h3 class=\"elementor-heading-title elementor-size-default\">4.\tTubing en el r\u00edo Cahab\u00f3n<\/h3>\t\t\t\t<\/div>\n\t\t\t\t\t<\/div>\n\t\t\t\t<\/div>\n\t\t<div data-particle_enable=\"false\" data-particle-mobile-disabled=\"false\" class=\"elementor-element elementor-element-274bac5 e-flex e-con-boxed e-con e-parent\" data-id=\"274bac5\" data-element_type=\"container\" data-e-type=\"container\">\n\t\t\t\t\t<div class=\"e-con-inner\">\n\t\t\t\t<div class=\"elementor-element elementor-element-82ad8b5 elementor-widget elementor-widget-text-editor\" data-id=\"82ad8b5\" data-element_type=\"widget\" data-e-type=\"widget\" data-widget_type=\"text-editor.default\">\n\t\t\t\t\t\t\t\t\t<p>Otra actividad popular es el tubing, que consiste en descender por el r\u00edo en un neum\u00e1tico inflable. Es una forma relajante y divertida de disfrutar el paisaje natural de Lanqu\u00edn. Se debe advertir que esta es una actividad de alto riesgo. Puede parecer divertida, pero ya han ocurrido tragedias debido a la falta de control que se tiene sobre el comportamiento de los tubos en las aguas fluviales.<\/p>\t\t\t\t\t\t\t\t<\/div>\n\t\t\t\t\t<\/div>\n\t\t\t\t<\/div>\n\t\t<div data-particle_enable=\"false\" data-particle-mobile-disabled=\"false\" class=\"elementor-element elementor-element-5d4c172 e-flex e-con-boxed e-con e-parent\" data-id=\"5d4c172\" data-element_type=\"container\" data-e-type=\"container\">\n\t\t\t\t\t<div class=\"e-con-inner\">\n\t\t\t\t<div class=\"elementor-element elementor-element-479cac0 elementor-widget elementor-widget-video\" data-id=\"479cac0\" data-element_type=\"widget\" data-e-type=\"widget\" data-settings=\"{&quot;youtube_url&quot;:&quot;https:\\\/\\\/www.youtube.com\\\/watch?v=O6fYWREm4bo&quot;,&quot;video_type&quot;:&quot;youtube&quot;,&quot;controls&quot;:&quot;yes&quot;}\" data-widget_type=\"video.default\">\n\t\t\t\t\t\t\t<div class=\"elementor-wrapper elementor-open-inline\">\n\t\t\t<div class=\"elementor-video\"><\/div>\t\t<\/div>\n\t\t\t\t\t\t<\/div>\n\t\t\t\t\t<\/div>\n\t\t\t\t<\/div>\n\t\t<div data-particle_enable=\"false\" data-particle-mobile-disabled=\"false\" class=\"elementor-element elementor-element-89c70f7 e-flex e-con-boxed e-con e-parent\" data-id=\"89c70f7\" data-element_type=\"container\" data-e-type=\"container\">\n\t\t\t\t\t<div class=\"e-con-inner\">\n\t\t\t\t<div class=\"elementor-element elementor-element-22e1876 elementor-widget elementor-widget-heading\" data-id=\"22e1876\" data-element_type=\"widget\" data-e-type=\"widget\" data-widget_type=\"heading.default\">\n\t\t\t\t\t<h3 class=\"elementor-heading-title elementor-size-default\">5.\tFlora y fauna<\/h3>\t\t\t\t<\/div>\n\t\t\t\t\t<\/div>\n\t\t\t\t<\/div>\n\t\t<div data-particle_enable=\"false\" data-particle-mobile-disabled=\"false\" class=\"elementor-element elementor-element-24b3ab1 e-flex e-con-boxed e-con e-parent\" data-id=\"24b3ab1\" data-element_type=\"container\" data-e-type=\"container\">\n\t\t\t\t\t<div class=\"e-con-inner\">\n\t\t\t\t<div class=\"elementor-element elementor-element-ab4cc75 elementor-widget elementor-widget-text-editor\" data-id=\"ab4cc75\" data-element_type=\"widget\" data-e-type=\"widget\" data-widget_type=\"text-editor.default\">\n\t\t\t\t\t\t\t\t\t<p>El bosque que rodea a Semuc Champey es hogar de diversas especies de aves, mariposas y mam\u00edferos.<\/p><p>Entre las especies destacadas se encuentran tucanes, colibr\u00edes y monos aulladores.<\/p>\t\t\t\t\t\t\t\t<\/div>\n\t\t\t\t\t<\/div>\n\t\t\t\t<\/div>\n\t\t<div data-particle_enable=\"false\" data-particle-mobile-disabled=\"false\" class=\"elementor-element elementor-element-3bca0da e-flex e-con-boxed e-con e-parent\" data-id=\"3bca0da\" data-element_type=\"container\" data-e-type=\"container\">\n\t\t\t\t\t<div class=\"e-con-inner\">\n\t\t\t\t<div class=\"elementor-element elementor-element-e51e3cf elementor-widget elementor-widget-image\" data-id=\"e51e3cf\" data-element_type=\"widget\" data-e-type=\"widget\" data-widget_type=\"image.default\">\n\t\t\t\t\t\t\t\t\t\t\t\t<figure class=\"wp-caption\">\n\t\t\t\t\t\t\t\t\t\t<img decoding=\"async\" width=\"768\" height=\"575\" src=\"https:\/\/soymigrante.com\/revista\/wp-content\/uploads\/2025\/01\/Semuc-Champey-Un-parai\u0301so-natural-escondido-en-Alta-Verapaz-3-1024x766.jpeg\" class=\"attachment-large size-large wp-image-22353\" alt=\"Semuc Champey: Un para\u00edso natural escondido en Alta Verapaz\" srcset=\"https:\/\/soymigrante.com\/revista\/wp-content\/uploads\/2025\/01\/Semuc-Champey-Un-parai\u0301so-natural-escondido-en-Alta-Verapaz-3-1024x766.jpeg 1024w, https:\/\/soymigrante.com\/revista\/wp-content\/uploads\/2025\/01\/Semuc-Champey-Un-parai\u0301so-natural-escondido-en-Alta-Verapaz-3-300x224.jpeg 300w, https:\/\/soymigrante.com\/revista\/wp-content\/uploads\/2025\/01\/Semuc-Champey-Un-parai\u0301so-natural-escondido-en-Alta-Verapaz-3-768x575.jpeg 768w, https:\/\/soymigrante.com\/revista\/wp-content\/uploads\/2025\/01\/Semuc-Champey-Un-parai\u0301so-natural-escondido-en-Alta-Verapaz-3-750x561.webp 750w, https:\/\/soymigrante.com\/revista\/wp-content\/uploads\/2025\/01\/Semuc-Champey-Un-parai\u0301so-natural-escondido-en-Alta-Verapaz-3.webp 1045w\" sizes=\"(max-width: 768px) 100vw, 768px\" title=\"Semuc Champey Un parai\u0301so natural escondido en Alta Verapaz 3 \u2013 SoyMigrante.com REVISTA\" \/>\t\t\t\t\t\t\t\t\t\t\t<figcaption class=\"widget-image-caption wp-caption-text\">El agua del lugar es tan cristalina que se pueden ver a los peces. (Foto: INGUAT)<\/figcaption>\n\t\t\t\t\t\t\t\t\t\t<\/figure>\n\t\t\t\t\t\t\t\t\t<\/div>\n\t\t\t\t\t<\/div>\n\t\t\t\t<\/div>\n\t\t<div data-particle_enable=\"false\" data-particle-mobile-disabled=\"false\" class=\"elementor-element elementor-element-74b209f e-flex e-con-boxed e-con e-parent\" data-id=\"74b209f\" data-element_type=\"container\" data-e-type=\"container\">\n\t\t\t\t\t<div class=\"e-con-inner\">\n\t\t\t\t<div class=\"elementor-element elementor-element-0fb5f9a elementor-widget elementor-widget-heading\" data-id=\"0fb5f9a\" data-element_type=\"widget\" data-e-type=\"widget\" data-widget_type=\"heading.default\">\n\t\t\t\t\t<h3 class=\"elementor-heading-title elementor-size-default\">Importancia para la naturaleza y el turismo<\/h3>\t\t\t\t<\/div>\n\t\t\t\t\t<\/div>\n\t\t\t\t<\/div>\n\t\t<div data-particle_enable=\"false\" data-particle-mobile-disabled=\"false\" class=\"elementor-element elementor-element-8ea27de e-flex e-con-boxed e-con e-parent\" data-id=\"8ea27de\" data-element_type=\"container\" data-e-type=\"container\">\n\t\t\t\t\t<div class=\"e-con-inner\">\n\t\t\t\t<div class=\"elementor-element elementor-element-350f9b6 elementor-widget elementor-widget-text-editor\" data-id=\"350f9b6\" data-element_type=\"widget\" data-e-type=\"widget\" data-widget_type=\"text-editor.default\">\n\t\t\t\t\t\t\t\t\t<p>Seg\u00fan el INGUAT, Semuc Champey es un ejemplo de turismo sostenible en Guatemala.<a href=\"https:\/\/soymigrante.com\/revista\/departamentos-de-guatemala-alta-verapaz-mosaico-cultural-y-natural\/\" target=\"_blank\" rel=\"noopener\"> Este destino contribuye a la conservaci\u00f3n de la biodiversidad local y genera beneficios econ\u00f3micos para las comunidades<\/a> ind\u00edgenas Q\u2019eqchi\u2019, quienes participan activamente en la administraci\u00f3n del parque y la atenci\u00f3n a los turistas.<\/p>\t\t\t\t\t\t\t\t<\/div>\n\t\t\t\t\t<\/div>\n\t\t\t\t<\/div>\n\t\t<div data-particle_enable=\"false\" data-particle-mobile-disabled=\"false\" class=\"elementor-element elementor-element-669b31b e-flex e-con-boxed e-con e-parent\" data-id=\"669b31b\" data-element_type=\"container\" data-e-type=\"container\">\n\t\t\t\t\t<div class=\"e-con-inner\">\n\t\t\t\t<div class=\"elementor-element elementor-element-4b24703 elementor-widget elementor-widget-heading\" data-id=\"4b24703\" data-element_type=\"widget\" data-e-type=\"widget\" data-widget_type=\"heading.default\">\n\t\t\t\t\t<h3 class=\"elementor-heading-title elementor-size-default\">Recomendaciones para los visitantes<\/h3>\t\t\t\t<\/div>\n\t\t\t\t\t<\/div>\n\t\t\t\t<\/div>\n\t\t<div data-particle_enable=\"false\" data-particle-mobile-disabled=\"false\" class=\"elementor-element elementor-element-a97e310 e-flex e-con-boxed e-con e-parent\" data-id=\"a97e310\" data-element_type=\"container\" data-e-type=\"container\">\n\t\t\t\t\t<div class=\"e-con-inner\">\n\t\t\t\t<div class=\"elementor-element elementor-element-a61cac8 elementor-widget elementor-widget-text-editor\" data-id=\"a61cac8\" data-element_type=\"widget\" data-e-type=\"widget\" data-widget_type=\"text-editor.default\">\n\t\t\t\t\t\t\t\t\t<div>\u2022 Llevar ropa c\u00f3moda, zapatos para caminar y traje de ba\u00f1o.<\/div><div>\u2022Portar repelente de insectos y protector solar.<\/div><div>\u2022Respetar las normas del parque, como no dejar basura ni da\u00f1ar la flora y fauna.<\/div><div>\u2022Contratar gu\u00edas locales para conocer mejor la historia y riqueza natural del lugar.<\/div>\t\t\t\t\t\t\t\t<\/div>\n\t\t\t\t\t<\/div>\n\t\t\t\t<\/div>\n\t\t<div data-particle_enable=\"false\" data-particle-mobile-disabled=\"false\" class=\"elementor-element elementor-element-8fd0730 e-flex e-con-boxed e-con e-parent\" data-id=\"8fd0730\" data-element_type=\"container\" data-e-type=\"container\">\n\t\t\t\t\t<div class=\"e-con-inner\">\n\t\t\t\t<div class=\"elementor-element elementor-element-e708e39 elementor-widget elementor-widget-text-editor\" data-id=\"e708e39\" data-element_type=\"widget\" data-e-type=\"widget\" data-widget_type=\"text-editor.default\">\n\t\t\t\t\t\t\t\t\t<p>Si buscas una experiencia inolvidable, este para\u00edso escondido en Alta Verapaz es una opci\u00f3n que no puedes perderte.<\/p>\t\t\t\t\t\t\t\t<\/div>\n\t\t\t\t\t<\/div>\n\t\t\t\t<\/div>\n\t\t<div data-particle_enable=\"false\" data-particle-mobile-disabled=\"false\" class=\"elementor-element elementor-element-8de7975 e-flex e-con-boxed e-con e-parent\" data-id=\"8de7975\" data-element_type=\"container\" data-e-type=\"container\">\n\t\t\t\t\t<div class=\"e-con-inner\">\n\t\t\t\t<div class=\"elementor-element elementor-element-467672f elementor-widget elementor-widget-heading\" data-id=\"467672f\" data-element_type=\"widget\" data-e-type=\"widget\" data-widget_type=\"heading.default\">\n\t\t\t\t\t<h2 class=\"elementor-heading-title elementor-size-default\">M\u00e1s destinos para maravillarte<\/h2>\t\t\t\t<\/div>\n\t\t\t\t\t<\/div>\n\t\t\t\t<\/div>\n\t\t<div data-particle_enable=\"false\" data-particle-mobile-disabled=\"false\" class=\"elementor-element elementor-element-e3eaaa5 e-flex e-con-boxed e-con e-parent\" data-id=\"e3eaaa5\" data-element_type=\"container\" data-e-type=\"container\">\n\t\t\t\t\t<div class=\"e-con-inner\">\n\t\t\t\t<div class=\"elementor-element elementor-element-774997a elementor-grid-eael-col-3 elementor-grid-tablet-eael-col-2 elementor-grid-mobile-eael-col-1 elementor-widget elementor-widget-eael-post-grid\" data-id=\"774997a\" data-element_type=\"widget\" data-e-type=\"widget\" data-settings=\"{&quot;eael_post_grid_columns&quot;:&quot;eael-col-3&quot;,&quot;eael_post_grid_columns_tablet&quot;:&quot;eael-col-2&quot;,&quot;eael_post_grid_columns_mobile&quot;:&quot;eael-col-1&quot;}\" data-widget_type=\"eael-post-grid.default\">\n\t\t\t\t\t<div id=\"eael-post-grid-774997a\" class=\"eael-post-grid-container\">\n            <div class=\"eael-post-grid eael-post-appender eael-post-appender-774997a eael-post-grid-style-one\" data-layout-mode=\"masonry\"><article class=\"eael-grid-post  eael-post-grid-column eael-pg-post-15953 category-guate-nuestra tags-departamentos-de-guatemala\" data-id=\"15953\">\n        <div class=\"eael-grid-post-holder\">\n            <div class=\"eael-grid-post-holder-inner\"><div class=\"eael-entry-media\"><div class=\"eael-entry-overlay fade-in\"><i class=\"far fa-hand-pointer\" aria-hidden=\"true\"><\/i><a href=\"https:\/\/soymigrante.com\/revista\/departamentos-de-guatemala-alta-verapaz-mosaico-cultural-y-natural\/\"><\/a><\/div><div class=\"eael-entry-thumbnail \">\n                <img loading=\"lazy\" decoding=\"async\" width=\"1024\" height=\"1024\" src=\"https:\/\/soymigrante.com\/revista\/wp-content\/uploads\/2024\/12\/Alta-verapaz-e1733850705973-1024x1024.jpeg\" class=\"attachment-large size-large wp-image-15955\" alt=\"L\u00e1grimas gigantes en la selva tropical con cascada y piscina de agua, vista a\u00e9rea de exuberante vegetaci\u00f3n verde en un paisaje natural impresionante.\" srcset=\"https:\/\/soymigrante.com\/revista\/wp-content\/uploads\/2024\/12\/Alta-verapaz-e1733850705973-1024x1024.jpeg 1024w, https:\/\/soymigrante.com\/revista\/wp-content\/uploads\/2024\/12\/Alta-verapaz-e1733850705973-300x300.jpeg 300w, https:\/\/soymigrante.com\/revista\/wp-content\/uploads\/2024\/12\/Alta-verapaz-e1733850705973-150x150.jpeg 150w, https:\/\/soymigrante.com\/revista\/wp-content\/uploads\/2024\/12\/Alta-verapaz-e1733850705973-768x768.jpeg 768w, https:\/\/soymigrante.com\/revista\/wp-content\/uploads\/2024\/12\/Alta-verapaz-e1733850705973-75x75.webp 75w, https:\/\/soymigrante.com\/revista\/wp-content\/uploads\/2024\/12\/Alta-verapaz-e1733850705973-750x750.webp 750w, https:\/\/soymigrante.com\/revista\/wp-content\/uploads\/2024\/12\/Alta-verapaz-e1733850705973.webp 1078w\" sizes=\"(max-width: 1024px) 100vw, 1024px\" \/>\n            <\/div>\n        <\/div><div class=\"eael-entry-wrapper\"><header class=\"eael-entry-header\"><h2 class=\"eael-entry-title\"><a class=\"eael-grid-post-link\" href=\"https:\/\/soymigrante.com\/revista\/departamentos-de-guatemala-alta-verapaz-mosaico-cultural-y-natural\/\" title=\"Departamentos de Guatemala : Alta Verapaz, cuna de la Monja Blanca\">Departamentos de Guatemala : Alta Verapaz, cuna de la Monja Blanca<\/a><\/h2><\/header><div class=\"eael-entry-content\">\n                        <div class=\"eael-grid-post-excerpt\"><a href=\"https:\/\/soymigrante.com\/revista\/departamentos-de-guatemala-alta-verapaz-mosaico-cultural-y-natural\/\" class=\"eael-post-elements-readmore-btn\">CONOCE SU HISTORIA <\/a><\/div>\n                    <\/div><\/div><\/div>\n        <\/div>\n    <\/article><article class=\"eael-grid-post  eael-post-grid-column eael-pg-post-17128 category-estamos-unidos\" data-id=\"17128\">\n        <div class=\"eael-grid-post-holder\">\n            <div class=\"eael-grid-post-holder-inner\"><div class=\"eael-entry-media\"><div class=\"eael-entry-overlay fade-in\"><i class=\"far fa-hand-pointer\" aria-hidden=\"true\"><\/i><a href=\"https:\/\/soymigrante.com\/revista\/santa-catarina-palopo-modelo-de-turismo-sostenible-y-de-estancia-encantadora\/\"><\/a><\/div><div class=\"eael-entry-thumbnail \">\n                <img loading=\"lazy\" decoding=\"async\" width=\"1024\" height=\"609\" src=\"https:\/\/soymigrante.com\/revista\/wp-content\/uploads\/2024\/12\/santa-catarina-palopo-solola-impresionante-e1740020033470-1024x609.webp\" class=\"attachment-large size-large wp-image-17178\" alt=\"Paisaje urbano de una comunidad en una zona monta\u00f1osa, con casas coloridas y vegetaci\u00f3n abundante, destacando en un entorno natural y cultural en M\u00e9xico.\" srcset=\"https:\/\/soymigrante.com\/revista\/wp-content\/uploads\/2024\/12\/santa-catarina-palopo-solola-impresionante-e1740020033470-1024x609.webp 1024w, https:\/\/soymigrante.com\/revista\/wp-content\/uploads\/2024\/12\/santa-catarina-palopo-solola-impresionante-e1740020033470-300x178.webp 300w, https:\/\/soymigrante.com\/revista\/wp-content\/uploads\/2024\/12\/santa-catarina-palopo-solola-impresionante-e1740020033470-768x457.webp 768w, https:\/\/soymigrante.com\/revista\/wp-content\/uploads\/2024\/12\/santa-catarina-palopo-solola-impresionante-e1740020033470-750x446.webp 750w, https:\/\/soymigrante.com\/revista\/wp-content\/uploads\/2024\/12\/santa-catarina-palopo-solola-impresionante-e1740020033470.webp 1079w\" sizes=\"(max-width: 1024px) 100vw, 1024px\" \/>\n            <\/div>\n        <\/div><div class=\"eael-entry-wrapper\"><header class=\"eael-entry-header\"><h2 class=\"eael-entry-title\"><a class=\"eael-grid-post-link\" href=\"https:\/\/soymigrante.com\/revista\/santa-catarina-palopo-modelo-de-turismo-sostenible-y-de-estancia-encantadora\/\" title=\"Santa Catarina Palop\u00f3, pueblo que impulsa turismo sostenible y  estad\u00eda placentera\">Santa Catarina Palop\u00f3, pueblo que impulsa turismo sostenible y  estad\u00eda placentera<\/a><\/h2><\/header><div class=\"eael-entry-content\">\n                        <div class=\"eael-grid-post-excerpt\"><a href=\"https:\/\/soymigrante.com\/revista\/santa-catarina-palopo-modelo-de-turismo-sostenible-y-de-estancia-encantadora\/\" class=\"eael-post-elements-readmore-btn\">CONOCE SU HISTORIA <\/a><\/div>\n                    <\/div><\/div><\/div>\n        <\/div>\n    <\/article><article class=\"eael-grid-post  eael-post-grid-column eael-pg-post-9620 category-guate-nuestra\" data-id=\"9620\">\n        <div class=\"eael-grid-post-holder\">\n            <div class=\"eael-grid-post-holder-inner\"><div class=\"eael-entry-media\"><div class=\"eael-entry-overlay fade-in\"><i class=\"far fa-hand-pointer\" aria-hidden=\"true\"><\/i><a href=\"https:\/\/soymigrante.com\/revista\/5-destinos-turisticos-anorados-por-los-chapines-que-regresan-de-usa\/\"><\/a><\/div><div class=\"eael-entry-thumbnail \">\n                <img loading=\"lazy\" decoding=\"async\" width=\"1024\" height=\"1024\" src=\"https:\/\/soymigrante.com\/revista\/wp-content\/uploads\/2024\/09\/feature-1-1024x1024.webp\" class=\"attachment-large size-large wp-image-9648\" alt=\"Calle en Tepoztl\u00e1n con la Torre del Tepozteco al fondo, algunas personas caminando y edificios coloridos, ambiente tradicional y tur\u00edstico en la regi\u00f3n de Morelos, M\u00e9xico.\" srcset=\"https:\/\/soymigrante.com\/revista\/wp-content\/uploads\/2024\/09\/feature-1-1024x1024.webp 1024w, https:\/\/soymigrante.com\/revista\/wp-content\/uploads\/2024\/09\/feature-1-300x300.webp 300w, https:\/\/soymigrante.com\/revista\/wp-content\/uploads\/2024\/09\/feature-1-150x150.webp 150w, https:\/\/soymigrante.com\/revista\/wp-content\/uploads\/2024\/09\/feature-1-768x768.webp 768w, https:\/\/soymigrante.com\/revista\/wp-content\/uploads\/2024\/09\/feature-1-1536x1536.webp 1536w, https:\/\/soymigrante.com\/revista\/wp-content\/uploads\/2024\/09\/feature-1-scaled.webp 1920w, https:\/\/soymigrante.com\/revista\/wp-content\/uploads\/2024\/09\/feature-1-75x75.webp 75w, https:\/\/soymigrante.com\/revista\/wp-content\/uploads\/2024\/09\/feature-1-750x750.webp 750w, https:\/\/soymigrante.com\/revista\/wp-content\/uploads\/2024\/09\/feature-1-1140x1140.webp 1140w\" sizes=\"(max-width: 1024px) 100vw, 1024px\" \/>\n            <\/div>\n        <\/div><div class=\"eael-entry-wrapper\"><header class=\"eael-entry-header\"><h2 class=\"eael-entry-title\"><a class=\"eael-grid-post-link\" href=\"https:\/\/soymigrante.com\/revista\/5-destinos-turisticos-anorados-por-los-chapines-que-regresan-de-usa\/\" title=\"5 destinos tur\u00edsticos a\u00f1orados por los chapines que regresan de USA\">5 destinos tur\u00edsticos a\u00f1orados por los chapines que regresan de USA<\/a><\/h2><\/header><div class=\"eael-entry-content\">\n                        <div class=\"eael-grid-post-excerpt\"><a href=\"https:\/\/soymigrante.com\/revista\/5-destinos-turisticos-anorados-por-los-chapines-que-regresan-de-usa\/\" class=\"eael-post-elements-readmore-btn\">CONOCE SU HISTORIA <\/a><\/div>\n                    <\/div><\/div><\/div>\n        <\/div>\n    <\/article><\/div>\n            <div class=\"clearfix\"><\/div>\n        <\/div>\t\t\t\t<\/div>\n\t\t\t\t\t<\/div>\n\t\t\t\t<\/div>\n\t\t\t\t<\/div>\n\t\t","protected":false},"excerpt":{"rendered":"<p>Semuc Champey no solo es un destino que encanta por su belleza, sino tambi\u00e9n un espacio que conecta a los visitantes con la naturaleza y la cultura guatemalteca. Localizadoen el coraz\u00f3n de Alta Verapaz, Semuc Champey es uno de los destinos tur\u00edsticos m\u00e1s espectaculares de Guatemala. Este enclave natural, conocido por sus pozas de aguas [&hellip;]<\/p>\n","protected":false},"author":19,"featured_media":22346,"comment_status":"open","ping_status":"open","sticky":false,"template":"","format":"standard","meta":{"_acf_changed":false,"_eb_attr":"","footnotes":""},"categories":[58],"tags":[],"class_list":["post-22345","post","type-post","status-publish","format-standard","has-post-thumbnail","hentry","category-guate-nuestra"],"acf":[],"aioseo_notices":[],"aioseo_head":"\n\t\t<!-- All in One SEO Pro 4.9.6.2 - aioseo.com -->\n\t<meta name=\"description\" content=\"Existen muchos atractivos en Guatemala pero existe un top de lugares que el migrante guatemalteco quiere volver a refrescar en la memoria y el coraz\u00f3n.\" \/>\n\t<meta name=\"robots\" content=\"max-snippet:-1, max-image-preview:large, max-video-preview:-1\" \/>\n\t<meta name=\"author\" content=\"Beatriz Tercero\"\/>\n\t<link rel=\"canonical\" href=\"https:\/\/soymigrante.com\/revista\/5-destinos-turisticos-anorados-por-los-chapines-que-regresan-de-usa\/\" \/>\n\t<meta name=\"generator\" content=\"All in One SEO Pro (AIOSEO) 4.9.6.2\" \/>\n\n\t\t<link rel=\"preconnect\" href=\"https:\/\/fonts.googleapis.com\" crossorigin>\n<link rel=\"preconnect\" href=\"https:\/\/fonts.gstatic.com\" crossorigin>\n\t\t<meta property=\"og:locale\" content=\"es_ES\" \/>\n\t\t<meta property=\"og:site_name\" content=\"SoyMigrante.com REVISTA \u2013 Nuestra misi\u00f3n es reconocer y dignificar al migrante.\" \/>\n\t\t<meta property=\"og:type\" content=\"article\" \/>\n\t\t<meta property=\"og:title\" content=\"Cinco destinos tur\u00edsticos a\u00f1orados por chapines de visita\" \/>\n\t\t<meta property=\"og:description\" content=\"Existen muchos atractivos en Guatemala pero existe un top de lugares que el migrante guatemalteco quiere volver a refrescar en la memoria y el coraz\u00f3n.\" \/>\n\t\t<meta property=\"og:url\" content=\"https:\/\/soymigrante.com\/revista\/5-destinos-turisticos-anorados-por-los-chapines-que-regresan-de-usa\/\" \/>\n\t\t<meta property=\"og:image\" content=\"https:\/\/soymigrante.com\/revista\/wp-content\/uploads\/2024\/09\/feature-1-scaled.webp\" \/>\n\t\t<meta property=\"og:image:secure_url\" content=\"https:\/\/soymigrante.com\/revista\/wp-content\/uploads\/2024\/09\/feature-1-scaled.webp\" \/>\n\t\t<meta property=\"og:image:width\" content=\"1920\" \/>\n\t\t<meta property=\"og:image:height\" content=\"1920\" \/>\n\t\t<meta property=\"article:published_time\" content=\"2024-09-26T23:59:23+00:00\" \/>\n\t\t<meta property=\"article:modified_time\" content=\"2024-09-26T23:59:25+00:00\" \/>\n\t\t<meta property=\"article:publisher\" content=\"https:\/\/www.facebook.com\/soymigrantecom\" \/>\n\t\t<meta name=\"twitter:card\" content=\"summary_large_image\" \/>\n\t\t<meta name=\"twitter:site\" content=\"@SoyMigrante_com\" \/>\n\t\t<meta name=\"twitter:title\" content=\"Cinco destinos tur\u00edsticos a\u00f1orados por chapines de visita\" \/>\n\t\t<meta name=\"twitter:description\" content=\"Existen muchos atractivos en Guatemala pero existe un top de lugares que el migrante guatemalteco quiere volver a refrescar en la memoria y el coraz\u00f3n.\" \/>\n\t\t<meta name=\"twitter:creator\" content=\"@SoyMigrante_com\" \/>\n\t\t<meta name=\"twitter:image\" content=\"https:\/\/soymigrante.com\/revista\/wp-content\/uploads\/2024\/09\/feature-1-scaled.webp\" \/>\n\t\t<!-- All in One SEO Pro -->\r\n\t\t<title>Cinco destinos tur\u00edsticos a\u00f1orados por chapines de visita<\/title>\n\n","aioseo_head_json":{"title":"Cinco destinos tur\u00edsticos a\u00f1orados por chapines de visita","description":"Existen muchos atractivos en Guatemala pero existe un top de lugares que el migrante guatemalteco quiere volver a refrescar en la memoria y el coraz\u00f3n.","canonical_url":"https:\/\/soymigrante.com\/revista\/5-destinos-turisticos-anorados-por-los-chapines-que-regresan-de-usa\/","robots":"max-snippet:-1, max-image-preview:large, max-video-preview:-1","keywords":"","webmasterTools":{"miscellaneous":"&lt;link rel=\"preconnect\" href=\"https:\/\/fonts.googleapis.com\" crossorigin&gt;\n&lt;link rel=\"preconnect\" href=\"https:\/\/fonts.gstatic.com\" crossorigin&gt;"},"schema":null,"og:locale":"es_ES","og:site_name":"SoyMigrante.com REVISTA \u2013 Nuestra misi\u00f3n es reconocer y dignificar al migrante.","og:type":"article","og:title":"Cinco destinos tur\u00edsticos a\u00f1orados por chapines de visita","og:description":"Existen muchos atractivos en Guatemala pero existe un top de lugares que el migrante guatemalteco quiere volver a refrescar en la memoria y el coraz\u00f3n.","og:url":"https:\/\/soymigrante.com\/revista\/5-destinos-turisticos-anorados-por-los-chapines-que-regresan-de-usa\/","og:image":"https:\/\/soymigrante.com\/revista\/wp-content\/uploads\/2024\/09\/feature-1-scaled.webp","og:image:secure_url":"https:\/\/soymigrante.com\/revista\/wp-content\/uploads\/2024\/09\/feature-1-scaled.webp","og:image:width":1920,"og:image:height":1920,"article:published_time":"2024-09-26T23:59:23+00:00","article:modified_time":"2024-09-26T23:59:25+00:00","article:publisher":"https:\/\/www.facebook.com\/soymigrantecom","twitter:card":"summary_large_image","twitter:site":"@SoyMigrante_com","twitter:title":"Cinco destinos tur\u00edsticos a\u00f1orados por chapines de visita","twitter:description":"Existen muchos atractivos en Guatemala pero existe un top de lugares que el migrante guatemalteco quiere volver a refrescar en la memoria y el coraz\u00f3n.","twitter:creator":"@SoyMigrante_com","twitter:image":"https:\/\/soymigrante.com\/revista\/wp-content\/uploads\/2024\/09\/feature-1-scaled.webp"},"aioseo_meta_data":{"post_id":"22345","title":null,"description":"Semuc Champey no solo es un destino que encanta por su belleza, sino tambi\u00e9n un espacio que conecta a los visitantes con la esencia q'eqchi. Conoce m\u00e1s.","keywords":null,"keyphrases":{"focus":{"keyphrase":"Semuc Champey","score":91,"analysis":{"keyphraseInTitle":{"score":9,"maxScore":9,"error":0},"keyphraseInDescription":{"score":9,"maxScore":9,"error":0},"keyphraseLength":{"score":9,"maxScore":9,"error":0,"length":2},"keyphraseInURL":{"score":5,"maxScore":5,"error":0},"keyphraseInIntroduction":{"score":9,"maxScore":9,"error":0},"keyphraseInSubHeadings":{"score":3,"maxScore":9,"error":1},"keyphraseInImageAlt":{"score":9,"maxScore":9,"error":0},"keywordDensity":{"type":"best","score":9,"maxScore":9,"error":0}}},"additional":[{"keyphrase":"Lanqu\u00edn","score":40,"analysis":{"keyphraseInDescription":{"score":3,"maxScore":9,"error":1},"keyphraseLength":{"score":9,"maxScore":9,"error":0,"length":2},"keyphraseInIntroduction":{"score":3,"maxScore":9,"error":1},"keyphraseInImageAlt":{"score":3,"maxScore":9,"error":1},"keywordDensity":{"score":0,"type":"low","maxScore":9,"error":1}}},{"keyphrase":"Turismo","score":73,"analysis":{"keyphraseInDescription":{"score":3,"maxScore":9,"error":1},"keyphraseLength":{"score":9,"maxScore":9,"error":0,"length":1},"keyphraseInIntroduction":{"score":9,"maxScore":9,"error":0},"keyphraseInImageAlt":{"score":3,"maxScore":9,"error":1},"keywordDensity":{"type":"best","score":9,"maxScore":9,"error":0}}},{"keyphrase":"guatemala","score":87,"analysis":{"keyphraseInDescription":{"score":3,"maxScore":9,"error":1},"keyphraseLength":{"score":9,"maxScore":9,"error":0,"length":1},"keyphraseInIntroduction":{"score":9,"maxScore":9,"error":0},"keyphraseInImageAlt":{"score":9,"maxScore":9,"error":0},"keywordDensity":{"type":"best","score":9,"maxScore":9,"error":0}}}]},"primary_term":null,"canonical_url":null,"og_title":null,"og_description":null,"og_object_type":"default","og_image_type":"default","og_image_url":null,"og_image_width":null,"og_image_height":null,"og_image_custom_url":null,"og_image_custom_fields":null,"og_video":"","og_custom_url":null,"og_article_section":null,"og_article_tags":null,"twitter_use_og":false,"twitter_card":"default","twitter_image_type":"default","twitter_image_url":null,"twitter_image_custom_url":null,"twitter_image_custom_fields":null,"twitter_title":null,"twitter_description":null,"schema":{"blockGraphs":[],"customGraphs":[],"default":{"data":{"Article":[],"Course":[],"Dataset":[],"FAQPage":[],"Movie":[],"Person":[],"Product":[],"ProductReview":[],"Car":[],"Recipe":[],"Service":[],"SoftwareApplication":[],"WebPage":[]},"graphName":"BlogPosting","isEnabled":true},"graphs":[]},"schema_type":"default","schema_type_options":null,"pillar_content":false,"robots_default":true,"robots_noindex":false,"robots_noarchive":false,"robots_nosnippet":false,"robots_nofollow":false,"robots_noimageindex":false,"robots_noodp":false,"robots_notranslate":false,"robots_max_snippet":"-1","robots_max_videopreview":"-1","robots_max_imagepreview":"large","priority":null,"frequency":"default","local_seo":null,"seo_analyzer_scan_date":"2025-10-09 02:15:10","breadcrumb_settings":null,"limit_modified_date":false,"reviewed_by":null,"open_ai":"{\"title\":{\"suggestions\":[],\"usage\":0},\"description\":{\"suggestions\":[],\"usage\":0}}","ai":null,"created":"2025-01-23 21:27:05","updated":"2026-02-04 20:53:52"},"aioseo_breadcrumb":"<div class=\"aioseo-breadcrumbs\"><span class=\"aioseo-breadcrumb\">\n\t<a href=\"https:\/\/soymigrante.com\/revista\" title=\"Home\">Home<\/a>\n<\/span><span class=\"aioseo-breadcrumb-separator\">\u00bb<\/span><span class=\"aioseo-breadcrumb\">\n\t<a href=\"https:\/\/soymigrante.com\/revista\/category\/guate-nuestra\/\" title=\"Guate Nuestra\">Guate Nuestra<\/a>\n<\/span><span class=\"aioseo-breadcrumb-separator\">\u00bb<\/span><span class=\"aioseo-breadcrumb\">\n\tSemuc Champey: Una joya natural escondida en Lanqu\u00edn, Alta Verapaz\n<\/span><\/div>","aioseo_breadcrumb_json":[{"label":"Home","link":"https:\/\/soymigrante.com\/revista"},{"label":"Guate Nuestra","link":"https:\/\/soymigrante.com\/revista\/category\/guate-nuestra\/"},{"label":"Semuc Champey: Una joya natural escondida en Lanqu\u00edn, Alta Verapaz","link":"https:\/\/soymigrante.com\/revista\/semuc-champey-una-joya-natural-escondida-en-lanquin-alta-verapaz\/"}],"_links":{"self":[{"href":"https:\/\/soymigrante.com\/revista\/wp-json\/wp\/v2\/posts\/22345","targetHints":{"allow":["GET"]}}],"collection":[{"href":"https:\/\/soymigrante.com\/revista\/wp-json\/wp\/v2\/posts"}],"about":[{"href":"https:\/\/soymigrante.com\/revista\/wp-json\/wp\/v2\/types\/post"}],"author":[{"embeddable":true,"href":"https:\/\/soymigrante.com\/revista\/wp-json\/wp\/v2\/users\/19"}],"replies":[{"embeddable":true,"href":"https:\/\/soymigrante.com\/revista\/wp-json\/wp\/v2\/comments?post=22345"}],"version-history":[{"count":0,"href":"https:\/\/soymigrante.com\/revista\/wp-json\/wp\/v2\/posts\/22345\/revisions"}],"wp:featuredmedia":[{"embeddable":true,"href":"https:\/\/soymigrante.com\/revista\/wp-json\/wp\/v2\/media\/22346"}],"wp:attachment":[{"href":"https:\/\/soymigrante.com\/revista\/wp-json\/wp\/v2\/media?parent=22345"}],"wp:term":[{"taxonomy":"category","embeddable":true,"href":"https:\/\/soymigrante.com\/revista\/wp-json\/wp\/v2\/categories?post=22345"},{"taxonomy":"post_tag","embeddable":true,"href":"https:\/\/soymigrante.com\/revista\/wp-json\/wp\/v2\/tags?post=22345"}],"curies":[{"name":"wp","href":"https:\/\/api.w.org\/{rel}","templated":true}]}}