{"id":22328,"date":"2025-01-28T05:00:00","date_gmt":"2025-01-28T11:00:00","guid":{"rendered":"https:\/\/soymigrante.com\/revista\/?p=22328"},"modified":"2025-01-27T22:43:42","modified_gmt":"2025-01-28T04:43:42","slug":"experto-en-migracion-radicado-en-texas-responde-preguntas-sobre-medidas-migratorias","status":"publish","type":"post","link":"https:\/\/soymigrante.com\/revista\/experto-en-migracion-radicado-en-texas-responde-preguntas-sobre-medidas-migratorias\/","title":{"rendered":"Experto en migraci\u00f3n radicado en Texas responde preguntas sobre medidas migratorias"},"content":{"rendered":"\t\t<div data-elementor-type=\"wp-post\" data-elementor-id=\"22328\" class=\"elementor elementor-22328\" data-elementor-post-type=\"post\">\n\t\t\t\t<div data-particle_enable=\"false\" data-particle-mobile-disabled=\"false\" class=\"elementor-element elementor-element-ca5fb65 e-flex e-con-boxed e-con e-parent\" data-id=\"ca5fb65\" data-element_type=\"container\" data-e-type=\"container\">\n\t\t\t\t\t<div class=\"e-con-inner\">\n\t\t\t\t<div class=\"elementor-element elementor-element-4d931e2 elementor-widget elementor-widget-heading\" data-id=\"4d931e2\" data-element_type=\"widget\" data-e-type=\"widget\" data-widget_type=\"heading.default\">\n\t\t\t\t\t<h2 class=\"elementor-heading-title elementor-size-default\">Douglas Interiano, director de Proyecto Inmigrante en Texas y experto en tema migratorio, respondi\u00f3 algunas preguntas sobre las nuevas pol\u00edticas estadounidenses.<\/h2>\t\t\t\t<\/div>\n\t\t\t\t\t<\/div>\n\t\t\t\t<\/div>\n\t\t<div data-particle_enable=\"false\" data-particle-mobile-disabled=\"false\" class=\"elementor-element elementor-element-bcac836 e-flex e-con-boxed e-con e-parent\" data-id=\"bcac836\" data-element_type=\"container\" data-e-type=\"container\">\n\t\t\t\t\t<div class=\"e-con-inner\">\n\t\t\t\t<div class=\"elementor-element elementor-element-1eeb13c elementor-widget elementor-widget-text-editor\" data-id=\"1eeb13c\" data-element_type=\"widget\" data-e-type=\"widget\" data-widget_type=\"text-editor.default\">\n\t\t\t\t\t\t\t\t\t<p>Douglas Interiano,<a href=\"https:\/\/soymigrante.com\/revista\/cumbre-migratoria-religiosa-2024-se-celebra-en-guatemala\/\" target=\"_blank\" rel=\"noopener\"> director de Proyecto Inmigrante,<\/a>\u00a0en Texas\u00a0expuso durante un Live en Facebook varias recomendaciones para no caer en la desinformaci\u00f3n sobre lo que se habla no solo en Estados Unidos sino tambi\u00e9n en el mundo respecto a la Ley de Migraci\u00f3n.<\/p><p>Lo primero que refiere es que hay que tener claro que las pr\u00e1cticas en leyes migratorias definivitamente han cambiado, por lo que hay que tener presente c\u00f3mo las oficinas de proceso migratorios van a manejar estos cambios, ya que existe un nuevo gobierno que ha promovido proyectos de ley en materia migratorio.<\/p><p>Interiano invita que es importante analizar todos los cambios migratorios y respondi\u00f3 a varias preguntas para resolver las grandes dudas sobre el tema:<\/p>\t\t\t\t\t\t\t\t<\/div>\n\t\t\t\t\t<\/div>\n\t\t\t\t<\/div>\n\t\t<div data-particle_enable=\"false\" data-particle-mobile-disabled=\"false\" class=\"elementor-element elementor-element-6233d23 e-flex e-con-boxed e-con e-parent\" data-id=\"6233d23\" data-element_type=\"container\" data-e-type=\"container\">\n\t\t\t\t\t<div class=\"e-con-inner\">\n\t\t\t\t<div class=\"elementor-element elementor-element-9cda604 elementor-widget elementor-widget-image\" data-id=\"9cda604\" data-element_type=\"widget\" data-e-type=\"widget\" data-widget_type=\"image.default\">\n\t\t\t\t\t\t\t\t\t\t\t\t<figure class=\"wp-caption\">\n\t\t\t\t\t\t\t\t\t\t<img fetchpriority=\"high\" decoding=\"async\" width=\"768\" height=\"434\" src=\"https:\/\/soymigrante.com\/revista\/wp-content\/uploads\/2024\/09\/migracion-soy-migrante-cumbre2-1024x578.webp\" class=\"attachment-large size-large wp-image-9709\" alt=\"Refugiados y migrantes en movimiento, ilustraci\u00f3n de siluetas humanas en l\u00ednea de partida, simbolizando migraci\u00f3n, desplazamiento y b\u00fasqueda de nuevas oportunidades.\" srcset=\"https:\/\/soymigrante.com\/revista\/wp-content\/uploads\/2024\/09\/migracion-soy-migrante-cumbre2-1024x578.webp 1024w, https:\/\/soymigrante.com\/revista\/wp-content\/uploads\/2024\/09\/migracion-soy-migrante-cumbre2-300x169.webp 300w, https:\/\/soymigrante.com\/revista\/wp-content\/uploads\/2024\/09\/migracion-soy-migrante-cumbre2-768x433.webp 768w, https:\/\/soymigrante.com\/revista\/wp-content\/uploads\/2024\/09\/migracion-soy-migrante-cumbre2-1536x866.webp 1536w, https:\/\/soymigrante.com\/revista\/wp-content\/uploads\/2024\/09\/migracion-soy-migrante-cumbre2-750x423.webp 750w, https:\/\/soymigrante.com\/revista\/wp-content\/uploads\/2024\/09\/migracion-soy-migrante-cumbre2-1140x643.webp 1140w, https:\/\/soymigrante.com\/revista\/wp-content\/uploads\/2024\/09\/migracion-soy-migrante-cumbre2.webp 1920w\" sizes=\"(max-width: 768px) 100vw, 768px\" title=\"migracion soy migrante cumbre2 \u2013 SoyMigrante.com REVISTA\" \/>\t\t\t\t\t\t\t\t\t\t\t<figcaption class=\"widget-image-caption wp-caption-text\">Una ilustraci\u00f3n que representa la migraci\u00f3n y el esfuerzo de las personas que buscan un nuevo destino, destacando temas de derechos, integraci\u00f3n y comunidad migrante.<\/figcaption>\n\t\t\t\t\t\t\t\t\t\t<\/figure>\n\t\t\t\t\t\t\t\t\t<\/div>\n\t\t\t\t\t<\/div>\n\t\t\t\t<\/div>\n\t\t<div data-particle_enable=\"false\" data-particle-mobile-disabled=\"false\" class=\"elementor-element elementor-element-a485e17 e-flex e-con-boxed e-con e-parent\" data-id=\"a485e17\" data-element_type=\"container\" data-e-type=\"container\">\n\t\t\t\t\t<div class=\"e-con-inner\">\n\t\t\t\t<div class=\"elementor-element elementor-element-66b0806 elementor-widget elementor-widget-heading\" data-id=\"66b0806\" data-element_type=\"widget\" data-e-type=\"widget\" data-widget_type=\"heading.default\">\n\t\t\t\t\t<h3 class=\"elementor-heading-title elementor-size-default\">\u00bfTu hijo nacido en Estados Unidos dejar\u00e1 de ser ciudadano?<\/h3>\t\t\t\t<\/div>\n\t\t\t\t\t<\/div>\n\t\t\t\t<\/div>\n\t\t<div data-particle_enable=\"false\" data-particle-mobile-disabled=\"false\" class=\"elementor-element elementor-element-2eded26 e-flex e-con-boxed e-con e-parent\" data-id=\"2eded26\" data-element_type=\"container\" data-e-type=\"container\">\n\t\t\t\t\t<div class=\"e-con-inner\">\n\t\t\t\t<div class=\"elementor-element elementor-element-4bd2cab elementor-widget elementor-widget-text-editor\" data-id=\"4bd2cab\" data-element_type=\"widget\" data-e-type=\"widget\" data-widget_type=\"text-editor.default\">\n\t\t\t\t\t\t\t\t\t<p>Aunque naciera de un padre o una madre, o ambos con estatus irregular, el ni\u00f1o seguir\u00e1 siendo ciudadano. El presidente Donald Trump a trav\u00e9s de una orden ejecutiva declar\u00f3 suspendida dicha posibilidad, pero se trata de una garant\u00eda constitucional que solo se puede cambiar a trav\u00e9s de un cambio a la enmienda 14.<\/p>\t\t\t\t\t\t\t\t<\/div>\n\t\t\t\t\t<\/div>\n\t\t\t\t<\/div>\n\t\t<div data-particle_enable=\"false\" data-particle-mobile-disabled=\"false\" class=\"elementor-element elementor-element-5ac6887 e-flex e-con-boxed e-con e-parent\" data-id=\"5ac6887\" data-element_type=\"container\" data-e-type=\"container\">\n\t\t\t\t\t<div class=\"e-con-inner\">\n\t\t\t\t<div class=\"elementor-element elementor-element-ed2611a elementor-widget elementor-widget-heading\" data-id=\"ed2611a\" data-element_type=\"widget\" data-e-type=\"widget\" data-widget_type=\"heading.default\">\n\t\t\t\t\t<h3 class=\"elementor-heading-title elementor-size-default\">\u00bfQu\u00e9 pasa con la aplicaci\u00f3n CBP One?\u00a0<\/h3>\t\t\t\t<\/div>\n\t\t\t\t\t<\/div>\n\t\t\t\t<\/div>\n\t\t<div data-particle_enable=\"false\" data-particle-mobile-disabled=\"false\" class=\"elementor-element elementor-element-1cf69a3 e-con-full e-flex e-con e-parent\" data-id=\"1cf69a3\" data-element_type=\"container\" data-e-type=\"container\">\n\t\t\t\t<div class=\"elementor-element elementor-element-443a056 elementor-widget elementor-widget-text-editor\" data-id=\"443a056\" data-element_type=\"widget\" data-e-type=\"widget\" data-widget_type=\"text-editor.default\">\n\t\t\t\t\t\t\t\t\t<p><a href=\"https:\/\/www.cbp.gov\/about\/mobile-apps-directory\/cbpone\">El experto explica que CBP One ya no est\u00e1 funcionando.<\/a> y esto conlleva que las personas que pidan asilo a Estados Unidos deben hacerlo desde M\u00e9xico. Hasta nueva instrucci\u00f3n.<\/p>\t\t\t\t\t\t\t\t<\/div>\n\t\t\t\t<\/div>\n\t\t<div data-particle_enable=\"false\" data-particle-mobile-disabled=\"false\" class=\"elementor-element elementor-element-42de058 e-flex e-con-boxed e-con e-parent\" data-id=\"42de058\" data-element_type=\"container\" data-e-type=\"container\">\n\t\t\t\t\t<div class=\"e-con-inner\">\n\t\t\t\t<div class=\"elementor-element elementor-element-bb57c8e elementor-widget elementor-widget-heading\" data-id=\"bb57c8e\" data-element_type=\"widget\" data-e-type=\"widget\" data-widget_type=\"heading.default\">\n\t\t\t\t\t<h3 class=\"elementor-heading-title elementor-size-default\">\u00bfTodos los migrantes ser\u00e1n deportados a sus pa\u00edses?\n<\/h3>\t\t\t\t<\/div>\n\t\t\t\t\t<\/div>\n\t\t\t\t<\/div>\n\t\t<div data-particle_enable=\"false\" data-particle-mobile-disabled=\"false\" class=\"elementor-element elementor-element-65e94d1 e-flex e-con-boxed e-con e-parent\" data-id=\"65e94d1\" data-element_type=\"container\" data-e-type=\"container\">\n\t\t\t\t\t<div class=\"e-con-inner\">\n\t\t\t\t<div class=\"elementor-element elementor-element-1e283c5 elementor-widget elementor-widget-text-editor\" data-id=\"1e283c5\" data-element_type=\"widget\" data-e-type=\"widget\" data-widget_type=\"text-editor.default\">\n\t\t\t\t\t\t\t\t\t<p>Interiano apunta a que esta medida se refiere sobre todo a aquellos con un r\u00e9cord o indicador criminal, pero que puede haber algunas situaciones en que otras personas sean afectadas:<\/p><p>&#8220;Se van justos por pecadores. Tenemos que guardar la calma, conocer nuestros derechos constitucionales&#8221;.\u00a0<a href=\"https:\/\/soymigrante.com\/revista\/guatemalteco-dennys-mejia-experiencia-usa-trabajo-temporal-visa\/\" target=\"_blank\" rel=\"noopener\">Y en caso de tener un permiso de trabajo estadounidense<\/a>, residencia condicional o residencia legal permanente es importante tener en PDF en el m\u00f3vil y llevar contigo el documento que te respalda que est\u00e1s de manera regular en Estados Unidos.<\/p><p>Con ello puedes evitar que te lleven a un centro detenci\u00f3n migratoria.<\/p>\t\t\t\t\t\t\t\t<\/div>\n\t\t\t\t\t<\/div>\n\t\t\t\t<\/div>\n\t\t<div data-particle_enable=\"false\" data-particle-mobile-disabled=\"false\" class=\"elementor-element elementor-element-52a2c93 e-flex e-con-boxed e-con e-parent\" data-id=\"52a2c93\" data-element_type=\"container\" data-e-type=\"container\">\n\t\t\t\t\t<div class=\"e-con-inner\">\n\t\t\t\t<div class=\"elementor-element elementor-element-b1dbadf elementor-widget elementor-widget-image\" data-id=\"b1dbadf\" data-element_type=\"widget\" data-e-type=\"widget\" data-widget_type=\"image.default\">\n\t\t\t\t\t\t\t\t\t\t\t\t<figure class=\"wp-caption\">\n\t\t\t\t\t\t\t\t\t\t<img decoding=\"async\" width=\"768\" height=\"505\" src=\"https:\/\/soymigrante.com\/revista\/wp-content\/uploads\/2025\/01\/inmigracion--1024x673.jpg\" class=\"attachment-large size-large wp-image-22371\" alt=\"Formulario de solicitud de inmigraci\u00f3n con bandera de EE. UU. y documentos oficiales, resaltando temas de migraci\u00f3n, inmigrantes y derechos migratorios para SEO.\" srcset=\"https:\/\/soymigrante.com\/revista\/wp-content\/uploads\/2025\/01\/inmigracion--1024x673.jpg 1024w, https:\/\/soymigrante.com\/revista\/wp-content\/uploads\/2025\/01\/inmigracion--300x197.jpg 300w, https:\/\/soymigrante.com\/revista\/wp-content\/uploads\/2025\/01\/inmigracion--768x505.jpg 768w, https:\/\/soymigrante.com\/revista\/wp-content\/uploads\/2025\/01\/inmigracion--1536x1009.jpg 1536w, https:\/\/soymigrante.com\/revista\/wp-content\/uploads\/2025\/01\/inmigracion--2048x1346.jpg 2048w, https:\/\/soymigrante.com\/revista\/wp-content\/uploads\/2025\/01\/inmigracion--750x493.webp 750w, https:\/\/soymigrante.com\/revista\/wp-content\/uploads\/2025\/01\/inmigracion--1140x749.webp 1140w, https:\/\/soymigrante.com\/revista\/wp-content\/uploads\/2025\/01\/inmigracion--scaled.webp 1920w\" sizes=\"(max-width: 768px) 100vw, 768px\" title=\"inmigracion \u2013 SoyMigrante.com REVISTA\" \/>\t\t\t\t\t\t\t\t\t\t\t<figcaption class=\"widget-image-caption wp-caption-text\">Papeleo para inmigrantes en EE.UU. y temas de migraci\u00f3n, ciudadan\u00eda y derechos en Am\u00e9rica, en contexto de integraci\u00f3n y migrante.<\/figcaption>\n\t\t\t\t\t\t\t\t\t\t<\/figure>\n\t\t\t\t\t\t\t\t\t<\/div>\n\t\t\t\t\t<\/div>\n\t\t\t\t<\/div>\n\t\t<div data-particle_enable=\"false\" data-particle-mobile-disabled=\"false\" class=\"elementor-element elementor-element-a7ac3bb e-flex e-con-boxed e-con e-parent\" data-id=\"a7ac3bb\" data-element_type=\"container\" data-e-type=\"container\">\n\t\t\t\t\t<div class=\"e-con-inner\">\n\t\t\t\t<div class=\"elementor-element elementor-element-02d1871 elementor-widget elementor-widget-heading\" data-id=\"02d1871\" data-element_type=\"widget\" data-e-type=\"widget\" data-widget_type=\"heading.default\">\n\t\t\t\t\t<h3 class=\"elementor-heading-title elementor-size-default\">\u00bfQu\u00e9 hago si la Polic\u00eda de USA me para? <\/h3>\t\t\t\t<\/div>\n\t\t\t\t\t<\/div>\n\t\t\t\t<\/div>\n\t\t<div data-particle_enable=\"false\" data-particle-mobile-disabled=\"false\" class=\"elementor-element elementor-element-43c148d e-flex e-con-boxed e-con e-parent\" data-id=\"43c148d\" data-element_type=\"container\" data-e-type=\"container\">\n\t\t\t\t\t<div class=\"e-con-inner\">\n\t\t\t\t<div class=\"elementor-element elementor-element-3a6fd6a elementor-widget elementor-widget-text-editor\" data-id=\"3a6fd6a\" data-element_type=\"widget\" data-e-type=\"widget\" data-widget_type=\"text-editor.default\">\n\t\t\t\t\t\t\t\t\t<p>Es importante identificarse (nombre y fecha de nacimiento).\u00a0<a href=\"https:\/\/www.ice.gov\/es\" target=\"_blank\" rel=\"noopener\">Un polic\u00eda\u00a0<\/a>no est\u00e1 sujeto a confirmar tu estatus legal, resalta el experto. Y hay que mantener la calma y estar informado.<\/p>\t\t\t\t\t\t\t\t<\/div>\n\t\t\t\t\t<\/div>\n\t\t\t\t<\/div>\n\t\t<div data-particle_enable=\"false\" data-particle-mobile-disabled=\"false\" class=\"elementor-element elementor-element-63450b3 e-flex e-con-boxed e-con e-parent\" data-id=\"63450b3\" data-element_type=\"container\" data-e-type=\"container\">\n\t\t\t\t\t<div class=\"e-con-inner\">\n\t\t\t\t<div class=\"elementor-element elementor-element-c01a7c5 elementor-widget elementor-widget-heading\" data-id=\"c01a7c5\" data-element_type=\"widget\" data-e-type=\"widget\" data-widget_type=\"heading.default\">\n\t\t\t\t\t<h3 class=\"elementor-heading-title elementor-size-default\">\u00bfC\u00f3mo ser\u00e1 aplicada la reinstituci\u00f3n de la pol\u00edtica migratoria Qu\u00e9date en M\u00e9xico?<\/h3>\t\t\t\t<\/div>\n\t\t\t\t\t<\/div>\n\t\t\t\t<\/div>\n\t\t<div data-particle_enable=\"false\" data-particle-mobile-disabled=\"false\" class=\"elementor-element elementor-element-c5991cc e-flex e-con-boxed e-con e-parent\" data-id=\"c5991cc\" data-element_type=\"container\" data-e-type=\"container\">\n\t\t\t\t\t<div class=\"e-con-inner\">\n\t\t\t\t<div class=\"elementor-element elementor-element-91f1de6 elementor-widget elementor-widget-text-editor\" data-id=\"91f1de6\" data-element_type=\"widget\" data-e-type=\"widget\" data-widget_type=\"text-editor.default\">\n\t\t\t\t\t\t\t\t\t<p>El problema es para aquellos migrantes que cometan un delito o criminalidad. Por ejemplo, manejar en estado de ebriedad. &#8220;Basta con acto para volverte sospechoso para ser target de una investigaci\u00f3n&#8221;.<\/p>\t\t\t\t\t\t\t\t<\/div>\n\t\t\t\t\t<\/div>\n\t\t\t\t<\/div>\n\t\t<div data-particle_enable=\"false\" data-particle-mobile-disabled=\"false\" class=\"elementor-element elementor-element-fdb2df5 e-flex e-con-boxed e-con e-parent\" data-id=\"fdb2df5\" data-element_type=\"container\" data-e-type=\"container\">\n\t\t\t\t\t<div class=\"e-con-inner\">\n\t\t\t\t<div class=\"elementor-element elementor-element-50c66dc elementor-widget elementor-widget-heading\" data-id=\"50c66dc\" data-element_type=\"widget\" data-e-type=\"widget\" data-widget_type=\"heading.default\">\n\t\t\t\t\t<h3 class=\"elementor-heading-title elementor-size-default\">Recomendaciones del experto para migrantes.<\/h3>\t\t\t\t<\/div>\n\t\t\t\t\t<\/div>\n\t\t\t\t<\/div>\n\t\t<div data-particle_enable=\"false\" data-particle-mobile-disabled=\"false\" class=\"elementor-element elementor-element-0f136c5 e-flex e-con-boxed e-con e-parent\" data-id=\"0f136c5\" data-element_type=\"container\" data-e-type=\"container\">\n\t\t\t\t\t<div class=\"e-con-inner\">\n\t\t\t\t<div class=\"elementor-element elementor-element-7b70600 elementor-widget elementor-widget-text-editor\" data-id=\"7b70600\" data-element_type=\"widget\" data-e-type=\"widget\" data-widget_type=\"text-editor.default\">\n\t\t\t\t\t\t\t\t\t<ul><li>Aprende a tener una conducta impecable.<\/li><li>Mant\u00e9n un perfil bajo.<\/li><li>Si no hay que salir de casa, mejor. Es importante cuidarse entre s\u00ed.<\/li><\/ul><p>La mayor\u00eda de personas son identificadas cuando existe un contacto entre la persona y un acto de investigaci\u00f3n policial. Y esto es lo que hay que evitar para no caer en el proceso de iniciaci\u00f3n de remoci\u00f3n\u00a0<a href=\"https:\/\/soymigrante.com\/revista\/migrantes-guatemaltecos-asi-fortalecen-y-aportan-a-estados-unidos\/\" target=\"_blank\" rel=\"noopener\">de los Estados Unidos<\/a>, explica Interiano.<\/p><p>Tambi\u00e9n recomienda no dejarse enga\u00f1ar por los coyotes (traficantes de personas)\u00a0<a style=\"text-align: var(--text-align)\" href=\"https:\/\/soymigrante.com\/revista\/las-visas-h-2-de-trabajadores-temporales-en-estados-unidos\/\" target=\"_blank\" rel=\"noopener\">para ingresar a Estados Unidos.<\/a><\/p>\t\t\t\t\t\t\t\t<\/div>\n\t\t\t\t\t<\/div>\n\t\t\t\t<\/div>\n\t\t<div data-particle_enable=\"false\" data-particle-mobile-disabled=\"false\" class=\"elementor-element elementor-element-f0caf86 e-flex e-con-boxed e-con e-parent\" data-id=\"f0caf86\" data-element_type=\"container\" data-e-type=\"container\">\n\t\t\t\t\t<div class=\"e-con-inner\">\n\t\t\t\t<div class=\"elementor-element elementor-element-64895bd elementor-arrows-position-inside elementor-pagination-position-outside elementor-widget elementor-widget-image-carousel\" data-id=\"64895bd\" data-element_type=\"widget\" data-e-type=\"widget\" data-settings=\"{&quot;slides_to_show&quot;:&quot;1&quot;,&quot;navigation&quot;:&quot;both&quot;,&quot;autoplay&quot;:&quot;yes&quot;,&quot;pause_on_hover&quot;:&quot;yes&quot;,&quot;pause_on_interaction&quot;:&quot;yes&quot;,&quot;autoplay_speed&quot;:5000,&quot;infinite&quot;:&quot;yes&quot;,&quot;effect&quot;:&quot;slide&quot;,&quot;speed&quot;:500}\" data-widget_type=\"image-carousel.default\">\n\t\t\t\t\t\t\t<div class=\"elementor-image-carousel-wrapper swiper\" role=\"region\" aria-roledescription=\"carousel\" aria-label=\"Carrusel de im\u00e1genes\" dir=\"ltr\">\n\t\t\t<div class=\"elementor-image-carousel swiper-wrapper\" aria-live=\"off\">\n\t\t\t\t\t\t\t\t<div class=\"swiper-slide\" role=\"group\" aria-roledescription=\"slide\" aria-label=\"1 de 2\"><figure class=\"swiper-slide-inner\"><img decoding=\"async\" class=\"swiper-slide-image\" src=\"https:\/\/soymigrante.com\/revista\/wp-content\/uploads\/2025\/01\/agentes-2-1024x1024.jpg\" alt=\"Puerta y derechos de inmigrantes: consejos para actuar ante agentes del ICE en tu hogar. Estrategias legales y de seguridad para proteger a las familias migrantes en EE.UU.\" \/><\/figure><\/div><div class=\"swiper-slide\" role=\"group\" aria-roledescription=\"slide\" aria-label=\"2 de 2\"><figure class=\"swiper-slide-inner\"><img decoding=\"async\" class=\"swiper-slide-image\" src=\"https:\/\/soymigrante.com\/revista\/wp-content\/uploads\/2025\/01\/agentes-1024x1024.jpg\" alt=\"Agentes del ICE y derechos de inmigrantes, recomendaciones y consejos sobre c\u00f3mo actuar si los agentes llegan a tu lugar de trabajo, derechos de inmigraci\u00f3n, seguridad y protecci\u00f3n legal.\" \/><\/figure><\/div>\t\t\t<\/div>\n\t\t\t\t\t\t\t\t\t\t\t\t<div class=\"elementor-swiper-button elementor-swiper-button-prev\" role=\"button\" tabindex=\"0\">\n\t\t\t\t\t\t<i aria-hidden=\"true\" class=\"eicon-chevron-left\"><\/i>\t\t\t\t\t<\/div>\n\t\t\t\t\t<div class=\"elementor-swiper-button elementor-swiper-button-next\" role=\"button\" tabindex=\"0\">\n\t\t\t\t\t\t<i aria-hidden=\"true\" class=\"eicon-chevron-right\"><\/i>\t\t\t\t\t<\/div>\n\t\t\t\t\n\t\t\t\t\t\t\t\t\t<div class=\"swiper-pagination\"><\/div>\n\t\t\t\t\t\t\t\t\t<\/div>\n\t\t\t\t\t\t<\/div>\n\t\t\t\t\t<\/div>\n\t\t\t\t<\/div>\n\t\t<div data-particle_enable=\"false\" data-particle-mobile-disabled=\"false\" class=\"elementor-element elementor-element-993ff3d e-flex e-con-boxed e-con e-parent\" data-id=\"993ff3d\" data-element_type=\"container\" data-e-type=\"container\">\n\t\t\t\t\t<div class=\"e-con-inner\">\n\t\t\t\t<div class=\"elementor-element elementor-element-d71bcf0 elementor-align-center elementor-widget elementor-widget-button\" data-id=\"d71bcf0\" data-element_type=\"widget\" data-e-type=\"widget\" data-widget_type=\"button.default\">\n\t\t\t\t\t\t\t\t\t\t<a class=\"elementor-button elementor-button-link elementor-size-sm\" href=\"https:\/\/soymigrante.com\/revista\/los-guatemaltecos-estan-acostumbrados-a-superar-condiciones-adversas-pedro-pablo-solares-experto-migratorio\/\">\n\t\t\t\t\t\t<span class=\"elementor-button-content-wrapper\">\n\t\t\t\t\t\t\t\t\t<span class=\"elementor-button-text\">Lee esta entrevista:  \u201cLos guatemaltecos est\u00e1n acostumbrados a superar condiciones adversas\u201d.-  Pedro Pablo Solares<\/span>\n\t\t\t\t\t<\/span>\n\t\t\t\t\t<\/a>\n\t\t\t\t\t\t\t\t<\/div>\n\t\t\t\t\t<\/div>\n\t\t\t\t<\/div>\n\t\t<div data-particle_enable=\"false\" data-particle-mobile-disabled=\"false\" class=\"elementor-element elementor-element-a2a8bee e-flex e-con-boxed e-con e-parent\" data-id=\"a2a8bee\" data-element_type=\"container\" data-e-type=\"container\">\n\t\t\t\t\t<div class=\"e-con-inner\">\n\t\t\t\t<div class=\"elementor-element elementor-element-556dcd2 elementor-widget elementor-widget-heading\" data-id=\"556dcd2\" data-element_type=\"widget\" data-e-type=\"widget\" data-widget_type=\"heading.default\">\n\t\t\t\t\t<h3 class=\"elementor-heading-title elementor-size-default\">\u00bfQu\u00e9 pasar\u00e1 con la Ley de Enemigos Extranjeros 1798? <\/h3>\t\t\t\t<\/div>\n\t\t\t\t\t<\/div>\n\t\t\t\t<\/div>\n\t\t<div data-particle_enable=\"false\" data-particle-mobile-disabled=\"false\" class=\"elementor-element elementor-element-a12b6c8 e-flex e-con-boxed e-con e-parent\" data-id=\"a12b6c8\" data-element_type=\"container\" data-e-type=\"container\">\n\t\t\t\t\t<div class=\"e-con-inner\">\n\t\t\t\t<div class=\"elementor-element elementor-element-bc5a31e elementor-widget elementor-widget-text-editor\" data-id=\"bc5a31e\" data-element_type=\"widget\" data-e-type=\"widget\" data-widget_type=\"text-editor.default\">\n\t\t\t\t\t\t\t\t\t<p>Est\u00e1 enfocada en la eliminaci\u00f3n de pandillas extranjeras. Interiano explica que al final se requiere un acto para ser investigado.<\/p><p>Normalmente las redadas ocurren porque son objeto de investigaci\u00f3n por la comisi\u00f3n de un delito o una ilegalidad en una f\u00e1brica, reitera Interiano. Pero el experto insiste en que es importante conocer los derechos como: permanecer callados, no dar informaci\u00f3n sobre tu estatus migratorio. Tampoco se recomienda que firmes alg\u00fan documento de deportaci\u00f3n. Debes solicitar hablar con alg\u00fan juez o consulado. Ellos deben entrevistarte a trav\u00e9s de un representante legal para que analicen y verifiquen tu estatus migratorio.<\/p><p>Al firmar una orden voluntaria de deportaci\u00f3n ya no podr\u00e1s hacer mucho para que tu caso sea analizado.<\/p>\t\t\t\t\t\t\t\t<\/div>\n\t\t\t\t\t<\/div>\n\t\t\t\t<\/div>\n\t\t<div data-particle_enable=\"false\" data-particle-mobile-disabled=\"false\" class=\"elementor-element elementor-element-2cf6c0b e-flex e-con-boxed e-con e-parent\" data-id=\"2cf6c0b\" data-element_type=\"container\" data-e-type=\"container\">\n\t\t\t\t\t<div class=\"e-con-inner\">\n\t\t\t\t<div class=\"elementor-element elementor-element-5f16be6 elementor-widget elementor-widget-image\" data-id=\"5f16be6\" data-element_type=\"widget\" data-e-type=\"widget\" data-widget_type=\"image.default\">\n\t\t\t\t\t\t\t\t\t\t\t\t<figure class=\"wp-caption\">\n\t\t\t\t\t\t\t\t\t\t<img decoding=\"async\" width=\"768\" height=\"417\" src=\"https:\/\/soymigrante.com\/revista\/wp-content\/uploads\/2024\/09\/migracion-soy-migrante-cumbre5-1024x556.webp\" class=\"attachment-large size-large wp-image-9706\" alt=\"Refugiados y migrantes en busca de mejores oportunidades en la frontera, representados en una ilustraci\u00f3n en estilo plano con fondo anaranjado.\" srcset=\"https:\/\/soymigrante.com\/revista\/wp-content\/uploads\/2024\/09\/migracion-soy-migrante-cumbre5-1024x556.webp 1024w, https:\/\/soymigrante.com\/revista\/wp-content\/uploads\/2024\/09\/migracion-soy-migrante-cumbre5-300x163.webp 300w, https:\/\/soymigrante.com\/revista\/wp-content\/uploads\/2024\/09\/migracion-soy-migrante-cumbre5-768x417.webp 768w, https:\/\/soymigrante.com\/revista\/wp-content\/uploads\/2024\/09\/migracion-soy-migrante-cumbre5-1536x834.webp 1536w, https:\/\/soymigrante.com\/revista\/wp-content\/uploads\/2024\/09\/migracion-soy-migrante-cumbre5-scaled.webp 1920w, https:\/\/soymigrante.com\/revista\/wp-content\/uploads\/2024\/09\/migracion-soy-migrante-cumbre5-750x407.webp 750w, https:\/\/soymigrante.com\/revista\/wp-content\/uploads\/2024\/09\/migracion-soy-migrante-cumbre5-1140x619.webp 1140w\" sizes=\"(max-width: 768px) 100vw, 768px\" title=\"migracion soy migrante cumbre5 \u2013 SoyMigrante.com REVISTA\" \/>\t\t\t\t\t\t\t\t\t\t\t<figcaption class=\"widget-image-caption wp-caption-text\">Personas migrantes caminando con sus pertenencias, simbolizando la movilidad y la b\u00fasqueda de un futuro, destaque en la revista SoyMigrante.com REVISTA.<\/figcaption>\n\t\t\t\t\t\t\t\t\t\t<\/figure>\n\t\t\t\t\t\t\t\t\t<\/div>\n\t\t\t\t\t<\/div>\n\t\t\t\t<\/div>\n\t\t<div data-particle_enable=\"false\" data-particle-mobile-disabled=\"false\" class=\"elementor-element elementor-element-9929c20 e-flex e-con-boxed e-con e-parent\" data-id=\"9929c20\" data-element_type=\"container\" data-e-type=\"container\">\n\t\t\t\t\t<div class=\"e-con-inner\">\n\t\t\t\t<div class=\"elementor-element elementor-element-0524ce9 elementor-widget elementor-widget-heading\" data-id=\"0524ce9\" data-element_type=\"widget\" data-e-type=\"widget\" data-widget_type=\"heading.default\">\n\t\t\t\t\t<h3 class=\"elementor-heading-title elementor-size-default\">\u00bfSe otorgar\u00e1n m\u00e1s solicitudes de refugio?<\/h3>\t\t\t\t<\/div>\n\t\t\t\t\t<\/div>\n\t\t\t\t<\/div>\n\t\t<div data-particle_enable=\"false\" data-particle-mobile-disabled=\"false\" class=\"elementor-element elementor-element-f01d182 e-flex e-con-boxed e-con e-parent\" data-id=\"f01d182\" data-element_type=\"container\" data-e-type=\"container\">\n\t\t\t\t\t<div class=\"e-con-inner\">\n\t\t\t\t<div class=\"elementor-element elementor-element-49e1a60 elementor-widget elementor-widget-text-editor\" data-id=\"49e1a60\" data-element_type=\"widget\" data-e-type=\"widget\" data-widget_type=\"text-editor.default\">\n\t\t\t\t\t\t\t\t\t<p>El experto refiere que durante la primera gesti\u00f3n de Donald Trump, se observ\u00f3 que las solicitudes aceptadas de refugio disminuyeron. De 200 mil, que sol\u00edan aceptar, en su gesti\u00f3n la cifra baj\u00f3 a 11 mil solicitudes.<\/p><p>En relaci\u00f3n a solicitudes de asilo pol\u00edtico, Interiano considera que el asilo no puede ser cancelado. En el caso de las nuevas solicitudes deber\u00e1n ser sometidas a nuevos procesos y defenderlo ante un tribunal para evaluar si aplica el asilo. Y al no calificar para esto y otro beneficio se te ordenar\u00e1 dejar el pa\u00eds.<\/p>\t\t\t\t\t\t\t\t<\/div>\n\t\t\t\t\t<\/div>\n\t\t\t\t<\/div>\n\t\t<div data-particle_enable=\"false\" data-particle-mobile-disabled=\"false\" class=\"elementor-element elementor-element-83183c3 e-flex e-con-boxed e-con e-parent\" data-id=\"83183c3\" data-element_type=\"container\" data-e-type=\"container\">\n\t\t\t\t\t<div class=\"e-con-inner\">\n\t\t\t\t<div class=\"elementor-element elementor-element-37f0a20 elementor-widget elementor-widget-heading\" data-id=\"37f0a20\" data-element_type=\"widget\" data-e-type=\"widget\" data-widget_type=\"heading.default\">\n\t\t\t\t\t<h3 class=\"elementor-heading-title elementor-size-default\">\u00bfY c\u00f3mo ser\u00e1 tratado el tema del TPS?<\/h3>\t\t\t\t<\/div>\n\t\t\t\t\t<\/div>\n\t\t\t\t<\/div>\n\t\t<div data-particle_enable=\"false\" data-particle-mobile-disabled=\"false\" class=\"elementor-element elementor-element-3509836 e-flex e-con-boxed e-con e-parent\" data-id=\"3509836\" data-element_type=\"container\" data-e-type=\"container\">\n\t\t\t\t\t<div class=\"e-con-inner\">\n\t\t\t\t<div class=\"elementor-element elementor-element-de45b1d elementor-widget elementor-widget-text-editor\" data-id=\"de45b1d\" data-element_type=\"widget\" data-e-type=\"widget\" data-widget_type=\"text-editor.default\">\n\t\t\t\t\t\t\t\t\t<p>Hasta ahora muchos pa\u00edses tienen TPS. En el caso de los salvadore\u00f1os tiene un proceso de reinscripci\u00f3n y de no hacerlo pueden entrar a un estado de ilegalidad y para\u00a0<span style=\"font-family: Roboto, sans-serif;font-size: 16px;font-style: normal;font-weight: 400;color: var( --e-global-color-text );text-align: var(--text-align)\">Venezuela s\u00ed existe tienen una extensi\u00f3n.<\/span><span style=\"color: var( --e-global-color-text );text-align: var(--text-align)\">, explica Interiano.\u00a0<\/span><\/p><p><a style=\"text-align: var(--text-align)\" href=\"https:\/\/soymigrante.com\/revista\/lideres-de-red-migrante-son-recibidos-en-casa-blanca-y-reiteran-la-esperanza-de-un-tps-para-guatemala\/\" target=\"_blank\" rel=\"noopener\">En el caso del TPS para Guatemala,<\/a>la comunidad guatemalteca trabaja incansablemente para que los guatemaltecos que residen en Estados Unidos puedan recibir este beneficio en un futuro.\u00a0<\/p>\t\t\t\t\t\t\t\t<\/div>\n\t\t\t\t\t<\/div>\n\t\t\t\t<\/div>\n\t\t<div data-particle_enable=\"false\" data-particle-mobile-disabled=\"false\" class=\"elementor-element elementor-element-66a7609 e-flex e-con-boxed e-con e-parent\" data-id=\"66a7609\" data-element_type=\"container\" data-e-type=\"container\">\n\t\t\t\t\t<div class=\"e-con-inner\">\n\t\t\t\t<div class=\"elementor-element elementor-element-188a214 elementor-invisible elementor-widget elementor-widget-facebook-embed\" data-id=\"188a214\" data-element_type=\"widget\" data-e-type=\"widget\" data-settings=\"{&quot;_animation&quot;:&quot;zoomInDown&quot;}\" data-widget_type=\"facebook-embed.default\">\n\t\t\t\t\t<div style=\"min-height: 1px\" class=\"elementor-facebook-widget fb-post\" data-href=\"https:\/\/www.facebook.com\/photo?fbid=1134787848685406&#038;set=a.726920412805487\" data-show-text=\"false\"><\/div>\t\t\t\t<\/div>\n\t\t\t\t\t<\/div>\n\t\t\t\t<\/div>\n\t\t<div data-particle_enable=\"false\" data-particle-mobile-disabled=\"false\" class=\"elementor-element elementor-element-db83610 e-flex e-con-boxed e-con e-parent\" data-id=\"db83610\" data-element_type=\"container\" data-e-type=\"container\">\n\t\t\t\t\t<div class=\"e-con-inner\">\n\t\t\t\t<div class=\"elementor-element elementor-element-5096bfc elementor-widget elementor-widget-heading\" data-id=\"5096bfc\" data-element_type=\"widget\" data-e-type=\"widget\" data-widget_type=\"heading.default\">\n\t\t\t\t\t<h3 class=\"elementor-heading-title elementor-size-default\">Sobre la Acci\u00f3n Diferida para los Llegados en la Infancia (DACA)...\n<\/h3>\t\t\t\t<\/div>\n\t\t\t\t\t<\/div>\n\t\t\t\t<\/div>\n\t\t<div data-particle_enable=\"false\" data-particle-mobile-disabled=\"false\" class=\"elementor-element elementor-element-19dc503 e-flex e-con-boxed e-con e-parent\" data-id=\"19dc503\" data-element_type=\"container\" data-e-type=\"container\">\n\t\t\t\t\t<div class=\"e-con-inner\">\n\t\t\t\t<div class=\"elementor-element elementor-element-27e23cd elementor-widget elementor-widget-text-editor\" data-id=\"27e23cd\" data-element_type=\"widget\" data-e-type=\"widget\" data-widget_type=\"text-editor.default\">\n\t\t\t\t\t\t\t\t\t<p>Lo que debes saber es que hay un rev\u00e9s en las solicitudes en el estado de Texas.\u00a0<a href=\"https:\/\/soymigrante.com\/revista\/informacion-que-quiza-no-sabias-o-querias-compartir-sobre-el-daca\/\" target=\"_blank\" rel=\"noopener\">Se puede continuar con la renovaci\u00f3n del DACA\u00a0<\/a>hasta ahora y hay que seguir el proceso antes de que exista una nueva orden, a\u00f1ade Interiano. La legalidad del programa del DACA deber\u00e1 ser analizado por el Tribunal Supremo de Justicia de Estados Unidos. Hay m\u00e1s de medio mill\u00f3n de DACAs otorgados, puntualiza.<\/p>\t\t\t\t\t\t\t\t<\/div>\n\t\t\t\t\t<\/div>\n\t\t\t\t<\/div>\n\t\t<div data-particle_enable=\"false\" data-particle-mobile-disabled=\"false\" class=\"elementor-element elementor-element-e5d1662 e-flex e-con-boxed e-con e-parent\" data-id=\"e5d1662\" data-element_type=\"container\" data-e-type=\"container\">\n\t\t\t\t\t<div class=\"e-con-inner\">\n\t\t\t\t<div class=\"elementor-element elementor-element-0623ce3 elementor-invisible elementor-widget elementor-widget-facebook-embed\" data-id=\"0623ce3\" data-element_type=\"widget\" data-e-type=\"widget\" data-settings=\"{&quot;_animation&quot;:&quot;zoomInDown&quot;}\" data-widget_type=\"facebook-embed.default\">\n\t\t\t\t\t<div style=\"min-height: 1px\" class=\"elementor-facebook-widget fb-video\" data-href=\"https:\/\/www.facebook.com\/douglas.interiano.16\/videos\/1538711897531503\" data-show-text=\"false\" data-allowfullscreen=\"false\" data-autoplay=\"false\" data-show-captions=\"false\"><\/div>\t\t\t\t<\/div>\n\t\t\t\t\t<\/div>\n\t\t\t\t<\/div>\n\t\t<div data-particle_enable=\"false\" data-particle-mobile-disabled=\"false\" class=\"elementor-element elementor-element-a38c980 e-flex e-con-boxed e-con e-parent\" data-id=\"a38c980\" data-element_type=\"container\" data-e-type=\"container\">\n\t\t\t\t\t<div class=\"e-con-inner\">\n\t\t\t\t<div class=\"elementor-element elementor-element-2a989fa elementor-widget elementor-widget-text-editor\" data-id=\"2a989fa\" data-element_type=\"widget\" data-e-type=\"widget\" data-widget_type=\"text-editor.default\">\n\t\t\t\t\t\t\t\t\t<p>Proyecto Inmigrante ICS, Inc. es una agencia ubicada en la ciudad de Grand Priere, Texas. Su fundador es Douglas Interiano, de padres inmigrantes. Ante la necesidad que Interiano vio desde sus padres por radicar en Estados Unidos para vivir de forma regular, \u00e9l decidi\u00f3 abrir sus oficinas para as\u00ed dar asesor\u00eda a cientos de familias de migrantes de diferentes nacionalidad, sobre todo con el tema de asilo.\u00a0<\/p><p>Esta agencia ha promovido las Cumbre Interreligiosa a nivel Centroam\u00e9rica para debatir y buscar pol\u00edticas migratorias que permitan\u00a0 mejorar la calidad de vida de los migrantes en Estados Unidos.\u00a0<\/p><p>Puedes visitar su sitio <a href=\"https:\/\/proyectoinmigrante.org\/?lang=es\">ProyectoInmigrante.org<\/a> o<a href=\"https:\/\/www.facebook.com\/ProyectoInmigrante\"> sus redes sociales<\/a>, para obtener m\u00e1s informaci\u00f3n de procesos migratorios.\u00a0<\/p>\t\t\t\t\t\t\t\t<\/div>\n\t\t\t\t\t<\/div>\n\t\t\t\t<\/div>\n\t\t<div data-particle_enable=\"false\" data-particle-mobile-disabled=\"false\" class=\"elementor-element elementor-element-1ba49de e-flex e-con-boxed e-con e-parent\" data-id=\"1ba49de\" data-element_type=\"container\" data-e-type=\"container\">\n\t\t\t\t\t<div class=\"e-con-inner\">\n\t\t\t\t<div class=\"elementor-element elementor-element-2e6bca0 elementor-widget elementor-widget-heading\" data-id=\"2e6bca0\" data-element_type=\"widget\" data-e-type=\"widget\" data-widget_type=\"heading.default\">\n\t\t\t\t\t<h2 class=\"elementor-heading-title elementor-size-default\">Claves para mantener la calma<\/h2>\t\t\t\t<\/div>\n\t\t\t\t\t<\/div>\n\t\t\t\t<\/div>\n\t\t<div data-particle_enable=\"false\" data-particle-mobile-disabled=\"false\" class=\"elementor-element elementor-element-9e3f7db e-flex e-con-boxed e-con e-parent\" data-id=\"9e3f7db\" data-element_type=\"container\" data-e-type=\"container\">\n\t\t\t\t\t<div class=\"e-con-inner\">\n\t\t\t\t<div class=\"elementor-element elementor-element-f59f45a elementor-grid-eael-col-3 elementor-grid-tablet-eael-col-2 elementor-grid-mobile-eael-col-1 elementor-widget elementor-widget-eael-post-grid\" data-id=\"f59f45a\" data-element_type=\"widget\" data-e-type=\"widget\" data-settings=\"{&quot;eael_post_grid_columns&quot;:&quot;eael-col-3&quot;,&quot;eael_post_grid_columns_tablet&quot;:&quot;eael-col-2&quot;,&quot;eael_post_grid_columns_mobile&quot;:&quot;eael-col-1&quot;}\" data-widget_type=\"eael-post-grid.default\">\n\t\t\t\t\t<div id=\"eael-post-grid-f59f45a\" class=\"eael-post-grid-container\">\n            <div class=\"eael-post-grid eael-post-appender eael-post-appender-f59f45a eael-post-grid-style-one\" data-layout-mode=\"masonry\"><article class=\"eael-grid-post  eael-post-grid-column eael-pg-post-12593 category-bienestar\" data-id=\"12593\">\n        <div class=\"eael-grid-post-holder\">\n            <div class=\"eael-grid-post-holder-inner\"><div class=\"eael-entry-media\"><div class=\"eael-entry-overlay fade-in\"><i class=\"far fa-hand-pointer\" aria-hidden=\"true\"><\/i><a href=\"https:\/\/soymigrante.com\/revista\/con-inquietud-o-incertidumbre-claves-para-mantener-la-serenidad\/\"><\/a><\/div><div class=\"eael-entry-thumbnail \">\n                <img loading=\"lazy\" decoding=\"async\" width=\"683\" height=\"687\" src=\"https:\/\/soymigrante.com\/revista\/wp-content\/uploads\/2024\/11\/hispano-sereno.webp\" class=\"attachment-large size-large wp-image-12604\" alt=\"Estudiante inmigrante revisando noticias en su tel\u00e9fono en un entorno moderno, promoviendo la integraci\u00f3n y el talento de los migrantes.\" srcset=\"https:\/\/soymigrante.com\/revista\/wp-content\/uploads\/2024\/11\/hispano-sereno.webp 683w, https:\/\/soymigrante.com\/revista\/wp-content\/uploads\/2024\/11\/hispano-sereno-298x300.webp 298w, https:\/\/soymigrante.com\/revista\/wp-content\/uploads\/2024\/11\/hispano-sereno-150x150.webp 150w, https:\/\/soymigrante.com\/revista\/wp-content\/uploads\/2024\/11\/hispano-sereno-75x75.webp 75w\" sizes=\"(max-width: 683px) 100vw, 683px\" \/>\n            <\/div>\n        <\/div><div class=\"eael-entry-wrapper\"><header class=\"eael-entry-header\"><h2 class=\"eael-entry-title\"><a class=\"eael-grid-post-link\" href=\"https:\/\/soymigrante.com\/revista\/con-inquietud-o-incertidumbre-claves-para-mantener-la-serenidad\/\" title=\"\u00bfCon inquietud o incertidumbre? Claves para mantener la serenidad\">\u00bfCon inquietud o incertidumbre? Claves para mantener la serenidad<\/a><\/h2><\/header><div class=\"eael-entry-content\">\n                        <div class=\"eael-grid-post-excerpt\"><a href=\"https:\/\/soymigrante.com\/revista\/con-inquietud-o-incertidumbre-claves-para-mantener-la-serenidad\/\" class=\"eael-post-elements-readmore-btn\">CONOCE SU HISTORIA <\/a><\/div>\n                    <\/div><\/div><\/div>\n        <\/div>\n    <\/article><article class=\"eael-grid-post  eael-post-grid-column eael-pg-post-9108 category-bienestar\" data-id=\"9108\">\n        <div class=\"eael-grid-post-holder\">\n            <div class=\"eael-grid-post-holder-inner\"><div class=\"eael-entry-media\"><div class=\"eael-entry-overlay fade-in\"><i class=\"far fa-hand-pointer\" aria-hidden=\"true\"><\/i><a href=\"https:\/\/soymigrante.com\/revista\/a-veces-uno-se-enfada-pero-hay-que-calmarse-algunas-claves-para-mantener-serenidad\/\"><\/a><\/div><div class=\"eael-entry-thumbnail \">\n                <img loading=\"lazy\" decoding=\"async\" width=\"736\" height=\"736\" src=\"https:\/\/soymigrante.com\/revista\/wp-content\/uploads\/2024\/09\/enojo-calma.webp\" class=\"attachment-large size-large wp-image-9133\" alt=\"Chihuahua con expresi\u00f3n feroz y dientes afilados, imagen humor\u00edstica y llamativa sobre mascotas.\" srcset=\"https:\/\/soymigrante.com\/revista\/wp-content\/uploads\/2024\/09\/enojo-calma.webp 736w, https:\/\/soymigrante.com\/revista\/wp-content\/uploads\/2024\/09\/enojo-calma-300x300.webp 300w, https:\/\/soymigrante.com\/revista\/wp-content\/uploads\/2024\/09\/enojo-calma-150x150.webp 150w, https:\/\/soymigrante.com\/revista\/wp-content\/uploads\/2024\/09\/enojo-calma-75x75.webp 75w\" sizes=\"(max-width: 736px) 100vw, 736px\" \/>\n            <\/div>\n        <\/div><div class=\"eael-entry-wrapper\"><header class=\"eael-entry-header\"><h2 class=\"eael-entry-title\"><a class=\"eael-grid-post-link\" href=\"https:\/\/soymigrante.com\/revista\/a-veces-uno-se-enfada-pero-hay-que-calmarse-algunas-claves-para-mantener-serenidad\/\" title=\"A veces uno se enfada, pero hay que  calmarse: Algunas claves para mantener serenidad\">A veces uno se enfada, pero hay que  calmarse: Algunas claves para mantener serenidad<\/a><\/h2><\/header><div class=\"eael-entry-content\">\n                        <div class=\"eael-grid-post-excerpt\"><a href=\"https:\/\/soymigrante.com\/revista\/a-veces-uno-se-enfada-pero-hay-que-calmarse-algunas-claves-para-mantener-serenidad\/\" class=\"eael-post-elements-readmore-btn\">CONOCE SU HISTORIA <\/a><\/div>\n                    <\/div><\/div><\/div>\n        <\/div>\n    <\/article><article class=\"eael-grid-post  eael-post-grid-column eael-pg-post-6934 category-bienestar\" data-id=\"6934\">\n        <div class=\"eael-grid-post-holder\">\n            <div class=\"eael-grid-post-holder-inner\"><div class=\"eael-entry-media\"><div class=\"eael-entry-overlay fade-in\"><i class=\"far fa-hand-pointer\" aria-hidden=\"true\"><\/i><a href=\"https:\/\/soymigrante.com\/revista\/dificultades-nunca-faltan-pero-aqui-hay-claves-para-enfrentarlas\/\"><\/a><\/div><div class=\"eael-entry-thumbnail \">\n                <img loading=\"lazy\" decoding=\"async\" width=\"1024\" height=\"682\" src=\"https:\/\/soymigrante.com\/revista\/wp-content\/uploads\/2024\/06\/positive-2257693_1280-1024x682.webp\" class=\"attachment-large size-large wp-image-6935\" alt=\"Libertad y esperanza de los migrantes en un amanecer en la playa, s\u00edmbolo de nuevos comienzos y oportunidades en el contexto de la migraci\u00f3n internacional.\" \/>\n            <\/div>\n        <\/div><div class=\"eael-entry-wrapper\"><header class=\"eael-entry-header\"><h2 class=\"eael-entry-title\"><a class=\"eael-grid-post-link\" href=\"https:\/\/soymigrante.com\/revista\/dificultades-nunca-faltan-pero-aqui-hay-claves-para-enfrentarlas\/\" title=\"Dificultades nunca faltan: pero aqu\u00ed hay claves para enfrentarlas\">Dificultades nunca faltan: pero aqu\u00ed hay claves para enfrentarlas<\/a><\/h2><\/header><div class=\"eael-entry-content\">\n                        <div class=\"eael-grid-post-excerpt\"><a href=\"https:\/\/soymigrante.com\/revista\/dificultades-nunca-faltan-pero-aqui-hay-claves-para-enfrentarlas\/\" class=\"eael-post-elements-readmore-btn\">CONOCE SU HISTORIA <\/a><\/div>\n                    <\/div><\/div><\/div>\n        <\/div>\n    <\/article><\/div>\n            <div class=\"clearfix\"><\/div>\n        <\/div>\t\t\t\t<\/div>\n\t\t\t\t\t<\/div>\n\t\t\t\t<\/div>\n\t\t\t\t<\/div>\n\t\t","protected":false},"excerpt":{"rendered":"<p>Douglas Interiano, director de Proyecto Inmigrante en Texas y experto en tema migratorio, respondi\u00f3 algunas preguntas sobre las nuevas pol\u00edticas estadounidenses. Douglas Interiano, director de Proyecto Inmigrante,\u00a0en Texas\u00a0expuso durante un Live en Facebook varias recomendaciones para no caer en la desinformaci\u00f3n sobre lo que se habla no solo en Estados Unidos sino tambi\u00e9n en el [&hellip;]<\/p>\n","protected":false},"author":23,"featured_media":22388,"comment_status":"open","ping_status":"open","sticky":false,"template":"","format":"standard","meta":{"_acf_changed":false,"_eb_attr":"","footnotes":""},"categories":[59],"tags":[],"class_list":["post-22328","post","type-post","status-publish","format-standard","has-post-thumbnail","hentry","category-recursos-migratorios"],"acf":[],"aioseo_notices":[],"aioseo_head":"\n\t\t<!-- All in One SEO Pro 4.9.6.2 - aioseo.com -->\n\t<meta name=\"description\" content=\"Nadie escapa de las adversidades. A veces hay dificultades que se complican y truncan planes. Pero la clave est\u00e1 en convertirlas en oportunidad. \u00bfComo?\" \/>\n\t<meta name=\"robots\" content=\"max-snippet:-1, max-image-preview:large, max-video-preview:-1\" \/>\n\t<meta name=\"author\" content=\"Marysabel Aldana\"\/>\n\t<link rel=\"canonical\" href=\"https:\/\/soymigrante.com\/revista\/dificultades-nunca-faltan-pero-aqui-hay-claves-para-enfrentarlas\/\" \/>\n\t<meta name=\"generator\" content=\"All in One SEO Pro (AIOSEO) 4.9.6.2\" \/>\n\n\t\t<link rel=\"preconnect\" href=\"https:\/\/fonts.googleapis.com\" crossorigin>\n<link rel=\"preconnect\" href=\"https:\/\/fonts.gstatic.com\" crossorigin>\n\t\t<meta property=\"og:locale\" content=\"es_ES\" \/>\n\t\t<meta property=\"og:site_name\" content=\"SoyMigrante.com REVISTA \u2013 Nuestra misi\u00f3n es reconocer y dignificar al migrante.\" \/>\n\t\t<meta property=\"og:type\" content=\"article\" \/>\n\t\t<meta property=\"og:title\" content=\"Dificultades nunca faltan: pero existen formas de afrontarlas\" \/>\n\t\t<meta property=\"og:description\" content=\"Nadie escapa de las adversidades. A veces hay dificultades que se complican y truncan planes. Pero la clave est\u00e1 en convertirlas en oportunidad. \u00bfComo?\" \/>\n\t\t<meta property=\"og:url\" content=\"https:\/\/soymigrante.com\/revista\/dificultades-nunca-faltan-pero-aqui-hay-claves-para-enfrentarlas\/\" \/>\n\t\t<meta property=\"og:image\" content=\"https:\/\/soymigrante.com\/revista\/wp-content\/uploads\/2024\/06\/positive-2257693_1280-e1718137630357.webp\" \/>\n\t\t<meta property=\"og:image:secure_url\" content=\"https:\/\/soymigrante.com\/revista\/wp-content\/uploads\/2024\/06\/positive-2257693_1280-e1718137630357.webp\" \/>\n\t\t<meta property=\"og:image:width\" content=\"855\" \/>\n\t\t<meta property=\"og:image:height\" content=\"853\" \/>\n\t\t<meta property=\"article:published_time\" content=\"2024-06-11T20:23:49+00:00\" \/>\n\t\t<meta property=\"article:modified_time\" content=\"2024-07-27T07:39:47+00:00\" \/>\n\t\t<meta property=\"article:publisher\" content=\"https:\/\/www.facebook.com\/soymigrantecom\" \/>\n\t\t<meta name=\"twitter:card\" content=\"summary_large_image\" \/>\n\t\t<meta name=\"twitter:site\" content=\"@SoyMigrante_com\" \/>\n\t\t<meta name=\"twitter:title\" content=\"Dificultades nunca faltan: pero existen formas de afrontarlas\" \/>\n\t\t<meta name=\"twitter:description\" content=\"Nadie escapa de las adversidades. A veces hay dificultades que se complican y truncan planes. Pero la clave est\u00e1 en convertirlas en oportunidad. \u00bfComo?\" \/>\n\t\t<meta name=\"twitter:creator\" content=\"@SoyMigrante_com\" \/>\n\t\t<meta name=\"twitter:image\" content=\"https:\/\/soymigrante.com\/revista\/wp-content\/uploads\/2024\/06\/positive-2257693_1280-e1718137630357.webp\" \/>\n\t\t<!-- All in One SEO Pro -->\r\n\t\t<title>Dificultades nunca faltan: pero existen formas de afrontarlas<\/title>\n\n","aioseo_head_json":{"title":"Dificultades nunca faltan: pero existen formas de afrontarlas","description":"Nadie escapa de las adversidades. A veces hay dificultades que se complican y truncan planes. Pero la clave est\u00e1 en convertirlas en oportunidad. \u00bfComo?","canonical_url":"https:\/\/soymigrante.com\/revista\/dificultades-nunca-faltan-pero-aqui-hay-claves-para-enfrentarlas\/","robots":"max-snippet:-1, max-image-preview:large, max-video-preview:-1","keywords":"","webmasterTools":{"miscellaneous":"&lt;link rel=\"preconnect\" href=\"https:\/\/fonts.googleapis.com\" crossorigin&gt;\n&lt;link rel=\"preconnect\" href=\"https:\/\/fonts.gstatic.com\" crossorigin&gt;"},"schema":null,"og:locale":"es_ES","og:site_name":"SoyMigrante.com REVISTA \u2013 Nuestra misi\u00f3n es reconocer y dignificar al migrante.","og:type":"article","og:title":"Dificultades nunca faltan: pero existen formas de afrontarlas","og:description":"Nadie escapa de las adversidades. A veces hay dificultades que se complican y truncan planes. Pero la clave est\u00e1 en convertirlas en oportunidad. \u00bfComo?","og:url":"https:\/\/soymigrante.com\/revista\/dificultades-nunca-faltan-pero-aqui-hay-claves-para-enfrentarlas\/","og:image":"https:\/\/soymigrante.com\/revista\/wp-content\/uploads\/2024\/06\/positive-2257693_1280-e1718137630357.webp","og:image:secure_url":"https:\/\/soymigrante.com\/revista\/wp-content\/uploads\/2024\/06\/positive-2257693_1280-e1718137630357.webp","og:image:width":855,"og:image:height":853,"article:published_time":"2024-06-11T20:23:49+00:00","article:modified_time":"2024-07-27T07:39:47+00:00","article:publisher":"https:\/\/www.facebook.com\/soymigrantecom","twitter:card":"summary_large_image","twitter:site":"@SoyMigrante_com","twitter:title":"Dificultades nunca faltan: pero existen formas de afrontarlas","twitter:description":"Nadie escapa de las adversidades. A veces hay dificultades que se complican y truncan planes. Pero la clave est\u00e1 en convertirlas en oportunidad. \u00bfComo?","twitter:creator":"@SoyMigrante_com","twitter:image":"https:\/\/soymigrante.com\/revista\/wp-content\/uploads\/2024\/06\/positive-2257693_1280-e1718137630357.webp"},"aioseo_meta_data":{"post_id":"22328","title":"Mitos y realidades sobre la Ley de Inmigraci\u00f3n y Nacionalidad en USA","description":"Douglas Interiano, experto en tema migratorio, comparte importante sobre la Ley de Inmigraci\u00f3n y Nacionalidad.","keywords":null,"keyphrases":{"focus":{"keyphrase":"Ley de Inmigraci\u00f3n","score":60,"analysis":{"keyphraseInTitle":{"score":9,"maxScore":9,"error":0},"keyphraseInDescription":{"score":9,"maxScore":9,"error":0},"keyphraseLength":{"score":9,"maxScore":9,"error":0,"length":4},"keyphraseInURL":{"score":5,"maxScore":5,"error":0},"keyphraseInIntroduction":{"score":3,"maxScore":9,"error":1},"keyphraseInSubHeadings":{"score":3,"maxScore":9,"error":1},"keyphraseInImageAlt":{"score":3,"maxScore":9,"error":1},"keywordDensity":{"score":0,"type":"low","maxScore":9,"error":1}}},"additional":[{"keyphrase":"Inmigraci\u00f3n","score":53,"analysis":{"keyphraseInDescription":{"score":9,"maxScore":9,"error":0},"keyphraseLength":{"score":9,"maxScore":9,"error":0,"length":2},"keyphraseInIntroduction":{"score":3,"maxScore":9,"error":1},"keyphraseInImageAlt":{"score":3,"maxScore":9,"error":1},"keywordDensity":{"score":0,"type":"low","maxScore":9,"error":1}}},{"keyphrase":"Migraci\u00f3n","score":53,"analysis":{"keyphraseInDescription":{"score":3,"maxScore":9,"error":1},"keyphraseLength":{"score":9,"maxScore":9,"error":0,"length":2},"keyphraseInIntroduction":{"score":9,"maxScore":9,"error":0},"keyphraseInImageAlt":{"score":3,"maxScore":9,"error":1},"keywordDensity":{"score":0,"type":"low","maxScore":9,"error":1}}},{"keyphrase":"USA","score":40,"analysis":{"keyphraseInDescription":{"score":3,"maxScore":9,"error":1},"keyphraseLength":{"score":9,"maxScore":9,"error":0,"length":1},"keyphraseInIntroduction":{"score":3,"maxScore":9,"error":1},"keyphraseInImageAlt":{"score":3,"maxScore":9,"error":1},"keywordDensity":{"score":0,"type":"low","maxScore":9,"error":1}}},{"keyphrase":"Donald Trump","score":40,"analysis":{"keyphraseInDescription":{"score":3,"maxScore":9,"error":1},"keyphraseLength":{"score":9,"maxScore":9,"error":0,"length":2},"keyphraseInIntroduction":{"score":3,"maxScore":9,"error":1},"keyphraseInImageAlt":{"score":3,"maxScore":9,"error":1},"keywordDensity":{"score":0,"type":"low","maxScore":9,"error":1}}},{"keyphrase":"mitos","score":40,"analysis":{"keyphraseInDescription":{"score":3,"maxScore":9,"error":1},"keyphraseLength":{"score":9,"maxScore":9,"error":0,"length":1},"keyphraseInIntroduction":{"score":3,"maxScore":9,"error":1},"keyphraseInImageAlt":{"score":3,"maxScore":9,"error":1},"keywordDensity":{"score":0,"type":"low","maxScore":9,"error":1}}},{"keyphrase":"indocumentados","score":40,"analysis":{"keyphraseInDescription":{"score":3,"maxScore":9,"error":1},"keyphraseLength":{"score":9,"maxScore":9,"error":0,"length":1},"keyphraseInIntroduction":{"score":3,"maxScore":9,"error":1},"keyphraseInImageAlt":{"score":3,"maxScore":9,"error":1},"keywordDensity":{"score":0,"type":"low","maxScore":9,"error":1}}}]},"primary_term":null,"canonical_url":null,"og_title":null,"og_description":null,"og_object_type":"default","og_image_type":"default","og_image_url":null,"og_image_width":null,"og_image_height":null,"og_image_custom_url":null,"og_image_custom_fields":null,"og_video":"","og_custom_url":null,"og_article_section":null,"og_article_tags":null,"twitter_use_og":false,"twitter_card":"default","twitter_image_type":"default","twitter_image_url":null,"twitter_image_custom_url":null,"twitter_image_custom_fields":null,"twitter_title":null,"twitter_description":null,"schema":{"blockGraphs":[],"customGraphs":[],"default":{"data":{"Article":[],"Course":[],"Dataset":[],"FAQPage":[],"Movie":[],"Person":[],"Product":[],"ProductReview":[],"Car":[],"Recipe":[],"Service":[],"SoftwareApplication":[],"WebPage":[]},"graphName":"BlogPosting","isEnabled":true},"graphs":[]},"schema_type":"default","schema_type_options":null,"pillar_content":false,"robots_default":true,"robots_noindex":false,"robots_noarchive":false,"robots_nosnippet":false,"robots_nofollow":false,"robots_noimageindex":false,"robots_noodp":false,"robots_notranslate":false,"robots_max_snippet":"-1","robots_max_videopreview":"-1","robots_max_imagepreview":"large","priority":null,"frequency":"default","local_seo":null,"seo_analyzer_scan_date":"2025-10-09 02:11:12","breadcrumb_settings":null,"limit_modified_date":false,"reviewed_by":null,"open_ai":"{\"title\":{\"suggestions\":[],\"usage\":0},\"description\":{\"suggestions\":[],\"usage\":0}}","ai":null,"created":"2025-01-23 20:51:10","updated":"2026-02-04 20:53:50"},"aioseo_breadcrumb":"<div class=\"aioseo-breadcrumbs\"><span class=\"aioseo-breadcrumb\">\n\t<a href=\"https:\/\/soymigrante.com\/revista\" title=\"Home\">Home<\/a>\n<\/span><span class=\"aioseo-breadcrumb-separator\">\u00bb<\/span><span class=\"aioseo-breadcrumb\">\n\t<a href=\"https:\/\/soymigrante.com\/revista\/category\/recursos-migratorios\/\" title=\"Recursos Migratorios\">Recursos Migratorios<\/a>\n<\/span><span class=\"aioseo-breadcrumb-separator\">\u00bb<\/span><span class=\"aioseo-breadcrumb\">\n\tExperto en migraci\u00f3n radicado en Texas responde preguntas sobre medidas migratorias\n<\/span><\/div>","aioseo_breadcrumb_json":[{"label":"Home","link":"https:\/\/soymigrante.com\/revista"},{"label":"Recursos Migratorios","link":"https:\/\/soymigrante.com\/revista\/category\/recursos-migratorios\/"},{"label":"Experto en migraci\u00f3n radicado en Texas responde preguntas sobre medidas migratorias","link":"https:\/\/soymigrante.com\/revista\/experto-en-migracion-radicado-en-texas-responde-preguntas-sobre-medidas-migratorias\/"}],"_links":{"self":[{"href":"https:\/\/soymigrante.com\/revista\/wp-json\/wp\/v2\/posts\/22328","targetHints":{"allow":["GET"]}}],"collection":[{"href":"https:\/\/soymigrante.com\/revista\/wp-json\/wp\/v2\/posts"}],"about":[{"href":"https:\/\/soymigrante.com\/revista\/wp-json\/wp\/v2\/types\/post"}],"author":[{"embeddable":true,"href":"https:\/\/soymigrante.com\/revista\/wp-json\/wp\/v2\/users\/23"}],"replies":[{"embeddable":true,"href":"https:\/\/soymigrante.com\/revista\/wp-json\/wp\/v2\/comments?post=22328"}],"version-history":[{"count":0,"href":"https:\/\/soymigrante.com\/revista\/wp-json\/wp\/v2\/posts\/22328\/revisions"}],"wp:featuredmedia":[{"embeddable":true,"href":"https:\/\/soymigrante.com\/revista\/wp-json\/wp\/v2\/media\/22388"}],"wp:attachment":[{"href":"https:\/\/soymigrante.com\/revista\/wp-json\/wp\/v2\/media?parent=22328"}],"wp:term":[{"taxonomy":"category","embeddable":true,"href":"https:\/\/soymigrante.com\/revista\/wp-json\/wp\/v2\/categories?post=22328"},{"taxonomy":"post_tag","embeddable":true,"href":"https:\/\/soymigrante.com\/revista\/wp-json\/wp\/v2\/tags?post=22328"}],"curies":[{"name":"wp","href":"https:\/\/api.w.org\/{rel}","templated":true}]}}