{"id":22317,"date":"2026-04-04T08:06:03","date_gmt":"2026-04-04T14:06:03","guid":{"rendered":"https:\/\/soymigrante.com\/revista\/?p=22317"},"modified":"2026-04-04T08:10:59","modified_gmt":"2026-04-04T14:10:59","slug":"el-salto-del-chilasco-en-baja-verapaz-es-el-alma-visible-de-la-montana-nubosa","status":"publish","type":"post","link":"https:\/\/soymigrante.com\/revista\/el-salto-del-chilasco-en-baja-verapaz-es-el-alma-visible-de-la-montana-nubosa\/","title":{"rendered":"El Salto del Chilasc\u00f3 es el alma de una monta\u00f1a nubosa en Baja Verapaz"},"content":{"rendered":"\t\t<div data-elementor-type=\"wp-post\" data-elementor-id=\"22317\" class=\"elementor elementor-22317\" data-elementor-post-type=\"post\">\n\t\t\t\t<div data-particle_enable=\"false\" data-particle-mobile-disabled=\"false\" class=\"elementor-element elementor-element-27564a8 e-flex e-con-boxed e-con e-parent\" data-id=\"27564a8\" data-element_type=\"container\" data-e-type=\"container\">\n\t\t\t\t\t<div class=\"e-con-inner\">\n\t\t\t\t<div class=\"elementor-element elementor-element-ad2611d elementor-widget elementor-widget-heading\" data-id=\"ad2611d\" data-element_type=\"widget\" data-e-type=\"widget\" data-widget_type=\"heading.default\">\n\t\t\t\t\t<h2 class=\"elementor-heading-title elementor-size-default\">El Salto del Chilasc\u00f3 es una joya natural que combina belleza, biodiversidad y aventura en Baja Verapaz. La sola caminata para llegar hasta ella es un desaf\u00edo f\u00edsico con una hermosa recompensa.<\/h2>\t\t\t\t<\/div>\n\t\t\t\t\t<\/div>\n\t\t\t\t<\/div>\n\t\t<div data-particle_enable=\"false\" data-particle-mobile-disabled=\"false\" class=\"elementor-element elementor-element-c58cb29 e-flex e-con-boxed e-con e-parent\" data-id=\"c58cb29\" data-element_type=\"container\" data-e-type=\"container\">\n\t\t\t\t\t<div class=\"e-con-inner\">\n\t\t\t\t<div class=\"elementor-element elementor-element-9ddce3e elementor-widget elementor-widget-text-editor\" data-id=\"9ddce3e\" data-element_type=\"widget\" data-e-type=\"widget\" data-widget_type=\"text-editor.default\">\n\t\t\t\t\t\t\t\t\t<p>El Salto del Chilasc\u00f3, <a href=\"https:\/\/soymigrante.com\/revista\/baja-verapaz-tierra-de-trabajo-del-gran-rabinal-achi-y-el-salto-de-chilasco\/\" target=\"_blank\" rel=\"noopener\">ubicado en el departamento de Baja Verapaz<\/a>, es una de las cascadas m\u00e1s impresionantes y altas de Centroam\u00e9rica. Espec\u00edficamente est\u00e1 en la aldea San Rafael Chilasc\u00f3, municipio Salam\u00e1.<\/p><p>Este destino natural atrae a amantes de la naturaleza y aventureros que buscan maravillarse con sus paisajes y desconectarse del bullicio de la ciudad.<\/p>\t\t\t\t\t\t\t\t<\/div>\n\t\t\t\t\t<\/div>\n\t\t\t\t<\/div>\n\t\t<div data-particle_enable=\"false\" data-particle-mobile-disabled=\"false\" class=\"elementor-element elementor-element-771d3e6 e-flex e-con-boxed e-con e-parent\" data-id=\"771d3e6\" data-element_type=\"container\" data-e-type=\"container\">\n\t\t\t\t\t<div class=\"e-con-inner\">\n\t\t\t\t<div class=\"elementor-element elementor-element-da114ec elementor-widget elementor-widget-google_maps\" data-id=\"da114ec\" data-element_type=\"widget\" data-e-type=\"widget\" data-widget_type=\"google_maps.default\">\n\t\t\t\t\t\t\t<div class=\"elementor-custom-embed\">\n\t\t\t<iframe loading=\"lazy\"\n\t\t\t\t\tsrc=\"https:\/\/maps.google.com\/maps?q=Salto%20de%20Chilasc%C3%B3&#038;t=m&#038;z=10&#038;output=embed&#038;iwloc=near\"\n\t\t\t\t\ttitle=\"Salto de Chilasc\u00f3\"\n\t\t\t\t\taria-label=\"Salto de Chilasc\u00f3\"\n\t\t\t><\/iframe>\n\t\t<\/div>\n\t\t\t\t\t\t<\/div>\n\t\t\t\t\t<\/div>\n\t\t\t\t<\/div>\n\t\t<div data-particle_enable=\"false\" data-particle-mobile-disabled=\"false\" class=\"elementor-element elementor-element-9bdba78 e-flex e-con-boxed e-con e-parent\" data-id=\"9bdba78\" data-element_type=\"container\" data-e-type=\"container\">\n\t\t\t\t\t<div class=\"e-con-inner\">\n\t\t\t\t<div class=\"elementor-element elementor-element-d76bcfa elementor-widget elementor-widget-heading\" data-id=\"d76bcfa\" data-element_type=\"widget\" data-e-type=\"widget\" data-widget_type=\"heading.default\">\n\t\t\t\t\t<h3 class=\"elementor-heading-title elementor-size-default\">\u00bfD\u00f3nde est\u00e1 y c\u00f3mo llegar?<\/h3>\t\t\t\t<\/div>\n\t\t\t\t\t<\/div>\n\t\t\t\t<\/div>\n\t\t<div data-particle_enable=\"false\" data-particle-mobile-disabled=\"false\" class=\"elementor-element elementor-element-9f7477a e-flex e-con-boxed e-con e-parent\" data-id=\"9f7477a\" data-element_type=\"container\" data-e-type=\"container\">\n\t\t\t\t\t<div class=\"e-con-inner\">\n\t\t\t\t<div class=\"elementor-element elementor-element-0e6d288 elementor-widget elementor-widget-text-editor\" data-id=\"0e6d288\" data-element_type=\"widget\" data-e-type=\"widget\" data-widget_type=\"text-editor.default\">\n\t\t\t\t\t\t\t\t\t<p>El Salto del Chilasc\u00f3 se encuentra en la aldea Chilasc\u00f3,<a href=\"https:\/\/soymigrante.com\/revista\/baja-verapaz-tierra-de-trabajo-del-gran-rabinal-achi-y-el-salto-de-chilasco\/\" target=\"_blank\" rel=\"noopener\"> en el municipio de Salam\u00e1, Baja Verapaz,<\/a> dentro de la Reserva de la Biosfera Sierra de las Minas.<\/p><p>Desde la Ciudad de Guatemala, se necesitan aproximadamente 4 horas en veh\u00edculo para recorrer los 150 kil\u00f3metros que separan a la capital de este para\u00edso natural.<\/p><p>La ruta m\u00e1s com\u00fan es la Carretera al Atl\u00e1ntico (CA-9), desvi\u00e1ndose hacia Salam\u00e1, para luego continuar por caminos secundarios hasta la aldea Chilasc\u00f3.<\/p>\t\t\t\t\t\t\t\t<\/div>\n\t\t\t\t\t<\/div>\n\t\t\t\t<\/div>\n\t\t<div data-particle_enable=\"false\" data-particle-mobile-disabled=\"false\" class=\"elementor-element elementor-element-feb7d10 e-flex e-con-boxed e-con e-parent\" data-id=\"feb7d10\" data-element_type=\"container\" data-e-type=\"container\">\n\t\t\t\t\t<div class=\"e-con-inner\">\n\t\t\t\t<div class=\"elementor-element elementor-element-8fec008 elementor-widget elementor-widget-image\" data-id=\"8fec008\" data-element_type=\"widget\" data-e-type=\"widget\" data-widget_type=\"image.default\">\n\t\t\t\t\t\t\t\t\t\t\t\t<figure class=\"wp-caption\">\n\t\t\t\t\t\t\t\t\t\t<img fetchpriority=\"high\" decoding=\"async\" width=\"819\" height=\"1024\" src=\"https:\/\/soymigrante.com\/revista\/wp-content\/uploads\/2025\/01\/El-Salto-del-Chilasco\u0301-Un-tesoro-natural-en-Baja-Verapaz-2-819x1024.jpeg\" class=\"attachment-large size-large wp-image-22320\" alt=\"El Salto del Chilasc\u00f3: Un tesoro natural en Baja Verapaz\" srcset=\"https:\/\/soymigrante.com\/revista\/wp-content\/uploads\/2025\/01\/El-Salto-del-Chilasco\u0301-Un-tesoro-natural-en-Baja-Verapaz-2-819x1024.jpeg 819w, https:\/\/soymigrante.com\/revista\/wp-content\/uploads\/2025\/01\/El-Salto-del-Chilasco\u0301-Un-tesoro-natural-en-Baja-Verapaz-2-240x300.jpeg 240w, https:\/\/soymigrante.com\/revista\/wp-content\/uploads\/2025\/01\/El-Salto-del-Chilasco\u0301-Un-tesoro-natural-en-Baja-Verapaz-2-768x960.jpeg 768w, https:\/\/soymigrante.com\/revista\/wp-content\/uploads\/2025\/01\/El-Salto-del-Chilasco\u0301-Un-tesoro-natural-en-Baja-Verapaz-2-750x938.webp 750w, https:\/\/soymigrante.com\/revista\/wp-content\/uploads\/2025\/01\/El-Salto-del-Chilasco\u0301-Un-tesoro-natural-en-Baja-Verapaz-2.webp 1080w\" sizes=\"(max-width: 819px) 100vw, 819px\" title=\"El Salto del Chilasco\u0301 Un tesoro natural en Baja Verapaz 2 \u2013 SoyMigrante.com REVISTA\" \/>\t\t\t\t\t\t\t\t\t\t\t<figcaption class=\"widget-image-caption wp-caption-text\">El Salto del Chilasc\u00f3 es el m\u00e1s alto de Centroam\u00e9rica. (Foto: INGUAT)<\/figcaption>\n\t\t\t\t\t\t\t\t\t\t<\/figure>\n\t\t\t\t\t\t\t\t\t<\/div>\n\t\t\t\t\t<\/div>\n\t\t\t\t<\/div>\n\t\t<div data-particle_enable=\"false\" data-particle-mobile-disabled=\"false\" class=\"elementor-element elementor-element-e357d6e e-flex e-con-boxed e-con e-parent\" data-id=\"e357d6e\" data-element_type=\"container\" data-e-type=\"container\">\n\t\t\t\t\t<div class=\"e-con-inner\">\n\t\t\t\t<div class=\"elementor-element elementor-element-a80b748 elementor-widget elementor-widget-heading\" data-id=\"a80b748\" data-element_type=\"widget\" data-e-type=\"widget\" data-widget_type=\"heading.default\">\n\t\t\t\t\t<h3 class=\"elementor-heading-title elementor-size-default\">Costo de ingreso<\/h3>\t\t\t\t<\/div>\n\t\t\t\t\t<\/div>\n\t\t\t\t<\/div>\n\t\t<div data-particle_enable=\"false\" data-particle-mobile-disabled=\"false\" class=\"elementor-element elementor-element-22fa2ed e-flex e-con-boxed e-con e-parent\" data-id=\"22fa2ed\" data-element_type=\"container\" data-e-type=\"container\">\n\t\t\t\t\t<div class=\"e-con-inner\">\n\t\t\t\t<div class=\"elementor-element elementor-element-6f80c5c elementor-widget elementor-widget-text-editor\" data-id=\"6f80c5c\" data-element_type=\"widget\" data-e-type=\"widget\" data-widget_type=\"text-editor.default\">\n\t\t\t\t\t\t\t\t\t<div>El acceso al Salto del Chilasc\u00f3 tiene un costo simb\u00f3lico para ayudar al mantenimiento del lugar:<\/div><div>\u2022Nacionales:<strong> Q20<\/strong><\/div><div>\u2022Extranjeros: <strong>Q50<\/strong><\/div><div>\u2022Gu\u00edas locales: Se puede contratar a gu\u00edas comunitarios por un costo adicional de <strong>Q75 a Q100,<\/strong> dependiendo del tama\u00f1o del grupo, para garantizar una experiencia segura y enriquecedora.<\/div>\t\t\t\t\t\t\t\t<\/div>\n\t\t\t\t\t<\/div>\n\t\t\t\t<\/div>\n\t\t<div data-particle_enable=\"false\" data-particle-mobile-disabled=\"false\" class=\"elementor-element elementor-element-c646c91 e-flex e-con-boxed e-con e-parent\" data-id=\"c646c91\" data-element_type=\"container\" data-e-type=\"container\">\n\t\t\t\t\t<div class=\"e-con-inner\">\n\t\t\t\t<div class=\"elementor-element elementor-element-de25dce elementor-widget elementor-widget-heading\" data-id=\"de25dce\" data-element_type=\"widget\" data-e-type=\"widget\" data-widget_type=\"heading.default\">\n\t\t\t\t\t<h3 class=\"elementor-heading-title elementor-size-default\">Atractivos principales<\/h3>\t\t\t\t<\/div>\n\t\t\t\t\t<\/div>\n\t\t\t\t<\/div>\n\t\t<div data-particle_enable=\"false\" data-particle-mobile-disabled=\"false\" class=\"elementor-element elementor-element-fa4b9dc e-flex e-con-boxed e-con e-parent\" data-id=\"fa4b9dc\" data-element_type=\"container\" data-e-type=\"container\">\n\t\t\t\t\t<div class=\"e-con-inner\">\n\t\t\t\t<div class=\"elementor-element elementor-element-419668c elementor-widget elementor-widget-heading\" data-id=\"419668c\" data-element_type=\"widget\" data-e-type=\"widget\" data-widget_type=\"heading.default\">\n\t\t\t\t\t<h3 class=\"elementor-heading-title elementor-size-default\">1.\tLa cascada m\u00e1s alta de Centroam\u00e9rica<\/h3>\t\t\t\t<\/div>\n\t\t\t\t\t<\/div>\n\t\t\t\t<\/div>\n\t\t<div data-particle_enable=\"false\" data-particle-mobile-disabled=\"false\" class=\"elementor-element elementor-element-84e2267 e-flex e-con-boxed e-con e-parent\" data-id=\"84e2267\" data-element_type=\"container\" data-e-type=\"container\">\n\t\t\t\t\t<div class=\"e-con-inner\">\n\t\t\t\t<div class=\"elementor-element elementor-element-d2a4d62 elementor-widget elementor-widget-text-editor\" data-id=\"d2a4d62\" data-element_type=\"widget\" data-e-type=\"widget\" data-widget_type=\"text-editor.default\">\n\t\t\t\t\t\t\t\t\t<p>El Salto del Chilasc\u00f3 tiene una ca\u00edda de agua de aproximadamente 130 metros, rodeada de vegetaci\u00f3n exuberante y monta\u00f1as. La vista desde la base de la cascada es impresionante y ofrece una sensaci\u00f3n de conexi\u00f3n total con la naturaleza.<\/p>\t\t\t\t\t\t\t\t<\/div>\n\t\t\t\t\t<\/div>\n\t\t\t\t<\/div>\n\t\t<div data-particle_enable=\"false\" data-particle-mobile-disabled=\"false\" class=\"elementor-element elementor-element-13c9e48 e-flex e-con-boxed e-con e-parent\" data-id=\"13c9e48\" data-element_type=\"container\" data-e-type=\"container\">\n\t\t\t\t\t<div class=\"e-con-inner\">\n\t\t\t\t<div class=\"elementor-element elementor-element-b833eef elementor-widget elementor-widget-heading\" data-id=\"b833eef\" data-element_type=\"widget\" data-e-type=\"widget\" data-widget_type=\"heading.default\">\n\t\t\t\t\t<h3 class=\"elementor-heading-title elementor-size-default\">2.\tSenderos ecol\u00f3gicos<\/h3>\t\t\t\t<\/div>\n\t\t\t\t\t<\/div>\n\t\t\t\t<\/div>\n\t\t<div data-particle_enable=\"false\" data-particle-mobile-disabled=\"false\" class=\"elementor-element elementor-element-553a4bf e-flex e-con-boxed e-con e-parent\" data-id=\"553a4bf\" data-element_type=\"container\" data-e-type=\"container\">\n\t\t\t\t\t<div class=\"e-con-inner\">\n\t\t\t\t<div class=\"elementor-element elementor-element-177195f elementor-widget elementor-widget-text-editor\" data-id=\"177195f\" data-element_type=\"widget\" data-e-type=\"widget\" data-widget_type=\"text-editor.default\">\n\t\t\t\t\t\t\t\t\t<p>Para llegar a la cascada, los visitantes deben recorrer un sendero de <a href=\"https:\/\/soymigrante.com\/revista\/baja-verapaz-tierra-de-trabajo-del-gran-rabinal-achi-y-el-salto-de-chilasco\/\" target=\"_blank\" rel=\"noopener\">unos 4 kil\u00f3metros, que atraviesa bosques nubosos llenos de biodiversidad.<\/a> Este recorrido permite observar orqu\u00eddeas, helechos gigantes y \u00e1rboles centenarios.<\/p>\t\t\t\t\t\t\t\t<\/div>\n\t\t\t\t\t<\/div>\n\t\t\t\t<\/div>\n\t\t<div data-particle_enable=\"false\" data-particle-mobile-disabled=\"false\" class=\"elementor-element elementor-element-bd7295f e-flex e-con-boxed e-con e-parent\" data-id=\"bd7295f\" data-element_type=\"container\" data-e-type=\"container\">\n\t\t\t\t\t<div class=\"e-con-inner\">\n\t\t\t\t<div class=\"elementor-element elementor-element-b7f6223 elementor-widget elementor-widget-heading\" data-id=\"b7f6223\" data-element_type=\"widget\" data-e-type=\"widget\" data-widget_type=\"heading.default\">\n\t\t\t\t\t<h3 class=\"elementor-heading-title elementor-size-default\">3.\tAvistamiento de aves<\/h3>\t\t\t\t<\/div>\n\t\t\t\t\t<\/div>\n\t\t\t\t<\/div>\n\t\t<div data-particle_enable=\"false\" data-particle-mobile-disabled=\"false\" class=\"elementor-element elementor-element-dfe701a e-flex e-con-boxed e-con e-parent\" data-id=\"dfe701a\" data-element_type=\"container\" data-e-type=\"container\">\n\t\t\t\t\t<div class=\"e-con-inner\">\n\t\t\t\t<div class=\"elementor-element elementor-element-61d3d81 elementor-widget elementor-widget-text-editor\" data-id=\"61d3d81\" data-element_type=\"widget\" data-e-type=\"widget\" data-widget_type=\"text-editor.default\">\n\t\t\t\t\t\t\t\t\t<p>La reserva es un refugio para especies de aves como quetzales, tucanes y colibr\u00edes. Esto lo convierte en un destino ideal para los amantes del aviturismo.<\/p>\t\t\t\t\t\t\t\t<\/div>\n\t\t\t\t\t<\/div>\n\t\t\t\t<\/div>\n\t\t<div data-particle_enable=\"false\" data-particle-mobile-disabled=\"false\" class=\"elementor-element elementor-element-528cefd e-flex e-con-boxed e-con e-parent\" data-id=\"528cefd\" data-element_type=\"container\" data-e-type=\"container\">\n\t\t\t\t\t<div class=\"e-con-inner\">\n\t\t\t\t<div class=\"elementor-element elementor-element-a1ee892 elementor-widget elementor-widget-heading\" data-id=\"a1ee892\" data-element_type=\"widget\" data-e-type=\"widget\" data-widget_type=\"heading.default\">\n\t\t\t\t\t<h3 class=\"elementor-heading-title elementor-size-default\">4.\tR\u00edos y pozas naturales<\/h3>\t\t\t\t<\/div>\n\t\t\t\t\t<\/div>\n\t\t\t\t<\/div>\n\t\t<div data-particle_enable=\"false\" data-particle-mobile-disabled=\"false\" class=\"elementor-element elementor-element-6425992 e-flex e-con-boxed e-con e-parent\" data-id=\"6425992\" data-element_type=\"container\" data-e-type=\"container\">\n\t\t\t\t\t<div class=\"e-con-inner\">\n\t\t\t\t<div class=\"elementor-element elementor-element-48a31d1 elementor-widget elementor-widget-text-editor\" data-id=\"48a31d1\" data-element_type=\"widget\" data-e-type=\"widget\" data-widget_type=\"text-editor.default\">\n\t\t\t\t\t\t\t\t\t<p>Adem\u00e1s de la cascada principal, los visitantes pueden disfrutar de peque\u00f1os r\u00edos y pozas naturales en los alrededores, perfectos para refrescarse despu\u00e9s de la caminata.<\/p>\t\t\t\t\t\t\t\t<\/div>\n\t\t\t\t\t<\/div>\n\t\t\t\t<\/div>\n\t\t<div data-particle_enable=\"false\" data-particle-mobile-disabled=\"false\" class=\"elementor-element elementor-element-17ea0ed e-flex e-con-boxed e-con e-parent\" data-id=\"17ea0ed\" data-element_type=\"container\" data-e-type=\"container\">\n\t\t\t\t\t<div class=\"e-con-inner\">\n\t\t\t\t<div class=\"elementor-element elementor-element-c51fd22 elementor-widget elementor-widget-image\" data-id=\"c51fd22\" data-element_type=\"widget\" data-e-type=\"widget\" data-widget_type=\"image.default\">\n\t\t\t\t\t\t\t\t\t\t\t\t<figure class=\"wp-caption\">\n\t\t\t\t\t\t\t\t\t\t<img decoding=\"async\" width=\"819\" height=\"1024\" src=\"https:\/\/soymigrante.com\/revista\/wp-content\/uploads\/2025\/01\/El-Salto-del-Chilasco\u0301-Un-tesoro-natural-en-Baja-Verapaz-3-819x1024.jpeg\" class=\"attachment-large size-large wp-image-22321\" alt=\"El Salto del Chilasc\u00f3: Un tesoro natural en Baja Verapaz\" srcset=\"https:\/\/soymigrante.com\/revista\/wp-content\/uploads\/2025\/01\/El-Salto-del-Chilasco\u0301-Un-tesoro-natural-en-Baja-Verapaz-3-819x1024.jpeg 819w, https:\/\/soymigrante.com\/revista\/wp-content\/uploads\/2025\/01\/El-Salto-del-Chilasco\u0301-Un-tesoro-natural-en-Baja-Verapaz-3-240x300.jpeg 240w, https:\/\/soymigrante.com\/revista\/wp-content\/uploads\/2025\/01\/El-Salto-del-Chilasco\u0301-Un-tesoro-natural-en-Baja-Verapaz-3-768x960.jpeg 768w, https:\/\/soymigrante.com\/revista\/wp-content\/uploads\/2025\/01\/El-Salto-del-Chilasco\u0301-Un-tesoro-natural-en-Baja-Verapaz-3-1229x1536.jpeg 1229w, https:\/\/soymigrante.com\/revista\/wp-content\/uploads\/2025\/01\/El-Salto-del-Chilasco\u0301-Un-tesoro-natural-en-Baja-Verapaz-3-750x938.webp 750w, https:\/\/soymigrante.com\/revista\/wp-content\/uploads\/2025\/01\/El-Salto-del-Chilasco\u0301-Un-tesoro-natural-en-Baja-Verapaz-3-1140x1425.webp 1140w, https:\/\/soymigrante.com\/revista\/wp-content\/uploads\/2025\/01\/El-Salto-del-Chilasco\u0301-Un-tesoro-natural-en-Baja-Verapaz-3.webp 1440w\" sizes=\"(max-width: 819px) 100vw, 819px\" title=\"El Salto del Chilasco\u0301 Un tesoro natural en Baja Verapaz 3 \u2013 SoyMigrante.com REVISTA\" \/>\t\t\t\t\t\t\t\t\t\t\t<figcaption class=\"widget-image-caption wp-caption-text\">Los colores que se pueden ver en sus aguas, son en tonalidades turquesas. (Foto: INGUAT)<\/figcaption>\n\t\t\t\t\t\t\t\t\t\t<\/figure>\n\t\t\t\t\t\t\t\t\t<\/div>\n\t\t\t\t\t<\/div>\n\t\t\t\t<\/div>\n\t\t<div data-particle_enable=\"false\" data-particle-mobile-disabled=\"false\" class=\"elementor-element elementor-element-21d53e8 e-flex e-con-boxed e-con e-parent\" data-id=\"21d53e8\" data-element_type=\"container\" data-e-type=\"container\">\n\t\t\t\t\t<div class=\"e-con-inner\">\n\t\t\t\t<div class=\"elementor-element elementor-element-fe51ecb elementor-widget elementor-widget-heading\" data-id=\"fe51ecb\" data-element_type=\"widget\" data-e-type=\"widget\" data-widget_type=\"heading.default\">\n\t\t\t\t\t<h3 class=\"elementor-heading-title elementor-size-default\">La importancia del Salto del Chilasc\u00f3 seg\u00fan el INGUAT<\/h3>\t\t\t\t<\/div>\n\t\t\t\t\t<\/div>\n\t\t\t\t<\/div>\n\t\t<div data-particle_enable=\"false\" data-particle-mobile-disabled=\"false\" class=\"elementor-element elementor-element-fcb1144 e-flex e-con-boxed e-con e-parent\" data-id=\"fcb1144\" data-element_type=\"container\" data-e-type=\"container\">\n\t\t\t\t\t<div class=\"e-con-inner\">\n\t\t\t\t<div class=\"elementor-element elementor-element-a4d1554 elementor-widget elementor-widget-text-editor\" data-id=\"a4d1554\" data-element_type=\"widget\" data-e-type=\"widget\" data-widget_type=\"text-editor.default\">\n\t\t\t\t\t\t\t\t\t<p>El Instituto Guatemalteco de Turismo (INGUAT) destaca al Salto del Chilasc\u00f3 como uno de los destinos ecotur\u00edsticos m\u00e1s importantes del pa\u00eds. Seg\u00fan el INGUAT, <a href=\"https:\/\/soymigrante.com\/revista\/baja-verapaz-tierra-de-trabajo-del-gran-rabinal-achi-y-el-salto-de-chilasco\/\" target=\"_blank\" rel=\"noopener\">esta \u00e1rea no solo contribuye al turismo sostenible, sino que tambi\u00e9n fomenta la conservaci\u00f3n de los recursos naturales<\/a> y beneficia a las comunidades locales que participan en la gesti\u00f3n del lugar.<\/p><p>\u201cLa belleza natural del Salto del Chilasc\u00f3 lo convierte en un lugar \u00fanico en Guatemala. Promovemos su visita bajo principios de sostenibilidad para garantizar que este patrimonio natural se conserve para las futuras generaciones\u201d, se\u00f1al\u00f3 el INGUAT en un comunicado.<\/p>\t\t\t\t\t\t\t\t<\/div>\n\t\t\t\t\t<\/div>\n\t\t\t\t<\/div>\n\t\t<div data-particle_enable=\"false\" data-particle-mobile-disabled=\"false\" class=\"elementor-element elementor-element-722e4d6 e-flex e-con-boxed e-con e-parent\" data-id=\"722e4d6\" data-element_type=\"container\" data-e-type=\"container\">\n\t\t\t\t\t<div class=\"e-con-inner\">\n\t\t\t\t<div class=\"elementor-element elementor-element-bb1e35a elementor-widget elementor-widget-video\" data-id=\"bb1e35a\" data-element_type=\"widget\" data-e-type=\"widget\" data-settings=\"{&quot;youtube_url&quot;:&quot;https:\\\/\\\/www.youtube.com\\\/watch?v=Yw2H_tsx6S4&quot;,&quot;start&quot;:1010,&quot;video_type&quot;:&quot;youtube&quot;,&quot;controls&quot;:&quot;yes&quot;}\" data-widget_type=\"video.default\">\n\t\t\t\t\t\t\t<div class=\"elementor-wrapper elementor-open-inline\">\n\t\t\t<div class=\"elementor-video\"><\/div>\t\t<\/div>\n\t\t\t\t\t\t<\/div>\n\t\t\t\t\t<\/div>\n\t\t\t\t<\/div>\n\t\t<div data-particle_enable=\"false\" data-particle-mobile-disabled=\"false\" class=\"elementor-element elementor-element-5a9bc60 e-flex e-con-boxed e-con e-parent\" data-id=\"5a9bc60\" data-element_type=\"container\" data-e-type=\"container\">\n\t\t\t\t\t<div class=\"e-con-inner\">\n\t\t\t\t<div class=\"elementor-element elementor-element-1fa48dc elementor-widget elementor-widget-heading\" data-id=\"1fa48dc\" data-element_type=\"widget\" data-e-type=\"widget\" data-widget_type=\"heading.default\">\n\t\t\t\t\t<h3 class=\"elementor-heading-title elementor-size-default\">Recomendaciones para los visitantes<\/h3>\t\t\t\t<\/div>\n\t\t\t\t\t<\/div>\n\t\t\t\t<\/div>\n\t\t<div data-particle_enable=\"false\" data-particle-mobile-disabled=\"false\" class=\"elementor-element elementor-element-af4865d e-flex e-con-boxed e-con e-parent\" data-id=\"af4865d\" data-element_type=\"container\" data-e-type=\"container\">\n\t\t\t\t\t<div class=\"e-con-inner\">\n\t\t\t\t<div class=\"elementor-element elementor-element-0662c36 elementor-widget elementor-widget-text-editor\" data-id=\"0662c36\" data-element_type=\"widget\" data-e-type=\"widget\" data-widget_type=\"text-editor.default\">\n\t\t\t\t\t\t\t\t\t<div>\u2022 Llevar ropa y calzado adecuados para caminatas en terrenos irregulares.<\/div><div>\u2022Portar repelente de insectos, agua potable y una muda de ropa adicional.<\/div><div>\u2022Respetar las normas del lugar, como no dejar basura y evitar da\u00f1ar la flora y fauna.<\/div><div>\u2022Contratar gu\u00edas locales para aprovechar al m\u00e1ximo la experiencia.<\/div>\t\t\t\t\t\t\t\t<\/div>\n\t\t\t\t\t<\/div>\n\t\t\t\t<\/div>\n\t\t<div data-particle_enable=\"false\" data-particle-mobile-disabled=\"false\" class=\"elementor-element elementor-element-fd879ea e-flex e-con-boxed e-con e-parent\" data-id=\"fd879ea\" data-element_type=\"container\" data-e-type=\"container\">\n\t\t\t\t\t<div class=\"e-con-inner\">\n\t\t\t\t<div class=\"elementor-element elementor-element-f2a60e1 elementor-widget elementor-widget-text-editor\" data-id=\"f2a60e1\" data-element_type=\"widget\" data-e-type=\"widget\" data-widget_type=\"text-editor.default\">\n\t\t\t\t\t\t\t\t\t<p>Si buscas una escapada para reconectar con la naturaleza, este destino en<a href=\"https:\/\/soymigrante.com\/revista\/baja-verapaz-tierra-de-trabajo-del-gran-rabinal-achi-y-el-salto-de-chilasco\/\" target=\"_blank\" rel=\"noopener\"> Baja Verapaz es una opci\u00f3n que no puedes dejar pasar.<\/a><\/p>\t\t\t\t\t\t\t\t<\/div>\n\t\t\t\t\t<\/div>\n\t\t\t\t<\/div>\n\t\t<div data-particle_enable=\"false\" data-particle-mobile-disabled=\"false\" class=\"elementor-element elementor-element-ddbb11a e-flex e-con-boxed e-con e-parent\" data-id=\"ddbb11a\" data-element_type=\"container\" data-e-type=\"container\">\n\t\t\t\t\t<div class=\"e-con-inner\">\n\t\t\t\t<div class=\"elementor-element elementor-element-ad8dc10 elementor-widget elementor-widget-heading\" data-id=\"ad8dc10\" data-element_type=\"widget\" data-e-type=\"widget\" data-widget_type=\"heading.default\">\n\t\t\t\t\t<h2 class=\"elementor-heading-title elementor-size-default\">Conoce m\u00e1s de Guatemala, ac\u00e1...<\/h2>\t\t\t\t<\/div>\n\t\t\t\t\t<\/div>\n\t\t\t\t<\/div>\n\t\t<div data-particle_enable=\"false\" data-particle-mobile-disabled=\"false\" class=\"elementor-element elementor-element-f4e83b0 e-flex e-con-boxed e-con e-parent\" data-id=\"f4e83b0\" data-element_type=\"container\" data-e-type=\"container\">\n\t\t\t\t\t<div class=\"e-con-inner\">\n\t\t\t\t<div class=\"elementor-element elementor-element-8894eba elementor-grid-eael-col-3 elementor-grid-tablet-eael-col-2 elementor-grid-mobile-eael-col-1 elementor-widget elementor-widget-eael-post-grid\" data-id=\"8894eba\" data-element_type=\"widget\" data-e-type=\"widget\" data-settings=\"{&quot;eael_post_grid_columns&quot;:&quot;eael-col-3&quot;,&quot;eael_post_grid_columns_tablet&quot;:&quot;eael-col-2&quot;,&quot;eael_post_grid_columns_mobile&quot;:&quot;eael-col-1&quot;}\" data-widget_type=\"eael-post-grid.default\">\n\t\t\t\t\t<div id=\"eael-post-grid-8894eba\" class=\"eael-post-grid-container\">\n            <div class=\"eael-post-grid eael-post-appender eael-post-appender-8894eba eael-post-grid-style-one\" data-layout-mode=\"masonry\"><article class=\"eael-grid-post  eael-post-grid-column eael-pg-post-17922 category-guate-nuestra tags-departamentos-de-guatemala\" data-id=\"17922\">\n        <div class=\"eael-grid-post-holder\">\n            <div class=\"eael-grid-post-holder-inner\"><div class=\"eael-entry-media\"><div class=\"eael-entry-overlay fade-in\"><i class=\"far fa-hand-pointer\" aria-hidden=\"true\"><\/i><a href=\"https:\/\/soymigrante.com\/revista\/baja-verapaz-tierra-de-trabajo-del-gran-rabinal-achi-y-el-salto-de-chilasco\/\"><\/a><\/div><div class=\"eael-entry-thumbnail \">\n                <img decoding=\"async\" width=\"706\" height=\"706\" src=\"https:\/\/soymigrante.com\/revista\/wp-content\/uploads\/2024\/12\/salto-de-chilasco-gustavo-2.webp\" class=\"attachment-large size-large wp-image-18474\" alt=\"Ca\u00edda de agua en naturaleza, cascada en la selva, paisaje de flora y r\u00edo, fotograf\u00eda de paisaje natural, belleza del bosque lluvioso, cascada proyectada en niebla, vegetaci\u00f3n exuberante en medio de la naturaleza, naturaleza en su estado puro, ecosistema selv\u00e1tico, paisaje de agua y \u00e1rboles, relevancia: alta para art\u00edculos sobre naturaleza y turismo ecol\u00f3gico.\" srcset=\"https:\/\/soymigrante.com\/revista\/wp-content\/uploads\/2024\/12\/salto-de-chilasco-gustavo-2.webp 706w, https:\/\/soymigrante.com\/revista\/wp-content\/uploads\/2024\/12\/salto-de-chilasco-gustavo-2-300x300.jpg 300w, https:\/\/soymigrante.com\/revista\/wp-content\/uploads\/2024\/12\/salto-de-chilasco-gustavo-2-150x150.jpg 150w, https:\/\/soymigrante.com\/revista\/wp-content\/uploads\/2024\/12\/salto-de-chilasco-gustavo-2-75x75.webp 75w\" sizes=\"(max-width: 706px) 100vw, 706px\" \/>\n            <\/div>\n        <\/div><div class=\"eael-entry-wrapper\"><header class=\"eael-entry-header\"><h2 class=\"eael-entry-title\"><a class=\"eael-grid-post-link\" href=\"https:\/\/soymigrante.com\/revista\/baja-verapaz-tierra-de-trabajo-del-gran-rabinal-achi-y-el-salto-de-chilasco\/\" title=\"Departamentos de Guatemala: Baja Verapaz: tierra de trabajo, del Rabinal Ach\u00ed y el salto de Chilasc\u00f3\">Departamentos de Guatemala: Baja Verapaz: tierra de trabajo, del Rabinal Ach\u00ed y el salto de Chilasc\u00f3<\/a><\/h2><\/header><div class=\"eael-entry-content\">\n                        <div class=\"eael-grid-post-excerpt\"><a href=\"https:\/\/soymigrante.com\/revista\/baja-verapaz-tierra-de-trabajo-del-gran-rabinal-achi-y-el-salto-de-chilasco\/\" class=\"eael-post-elements-readmore-btn\">CONOCE SU HISTORIA <\/a><\/div>\n                    <\/div><\/div><\/div>\n        <\/div>\n    <\/article><article class=\"eael-grid-post  eael-post-grid-column eael-pg-post-9323 category-pueblos-de-guatemala\" data-id=\"9323\">\n        <div class=\"eael-grid-post-holder\">\n            <div class=\"eael-grid-post-holder-inner\"><div class=\"eael-entry-media\"><div class=\"eael-entry-overlay fade-in\"><i class=\"far fa-hand-pointer\" aria-hidden=\"true\"><\/i><a href=\"https:\/\/soymigrante.com\/revista\/el-idioma-del-pueblo-sipakapense-fue-reconocido-hasta-1987\/\"><\/a><\/div><div class=\"eael-entry-thumbnail \">\n                <img loading=\"lazy\" decoding=\"async\" width=\"703\" height=\"703\" src=\"https:\/\/soymigrante.com\/revista\/wp-content\/uploads\/2024\/09\/producciones-ixchel.webp\" class=\"attachment-large size-large wp-image-9324\" alt=\"Orgullosa mujer ind\u00edgena en vestimenta tradicional con banda que dice &quot;Soy Migrante&quot; en evento cultural.\" srcset=\"https:\/\/soymigrante.com\/revista\/wp-content\/uploads\/2024\/09\/producciones-ixchel.webp 703w, https:\/\/soymigrante.com\/revista\/wp-content\/uploads\/2024\/09\/producciones-ixchel-300x300.webp 300w, https:\/\/soymigrante.com\/revista\/wp-content\/uploads\/2024\/09\/producciones-ixchel-150x150.webp 150w, https:\/\/soymigrante.com\/revista\/wp-content\/uploads\/2024\/09\/producciones-ixchel-75x75.webp 75w\" sizes=\"(max-width: 703px) 100vw, 703px\" \/>\n            <\/div>\n        <\/div><div class=\"eael-entry-wrapper\"><header class=\"eael-entry-header\"><h2 class=\"eael-entry-title\"><a class=\"eael-grid-post-link\" href=\"https:\/\/soymigrante.com\/revista\/el-idioma-del-pueblo-sipakapense-fue-reconocido-hasta-1987\/\" title=\"El idioma del Pueblo Sipakapense fue reconocido hasta 1987\">El idioma del Pueblo Sipakapense fue reconocido hasta 1987<\/a><\/h2><\/header><div class=\"eael-entry-content\">\n                        <div class=\"eael-grid-post-excerpt\"><a href=\"https:\/\/soymigrante.com\/revista\/el-idioma-del-pueblo-sipakapense-fue-reconocido-hasta-1987\/\" class=\"eael-post-elements-readmore-btn\">CONOCE SU HISTORIA <\/a><\/div>\n                    <\/div><\/div><\/div>\n        <\/div>\n    <\/article><article class=\"eael-grid-post  eael-post-grid-column eael-pg-post-2474 category-guate-nuestra tags-danzas-de-guatemala\" data-id=\"2474\">\n        <div class=\"eael-grid-post-holder\">\n            <div class=\"eael-grid-post-holder-inner\"><div class=\"eael-entry-media\"><div class=\"eael-entry-overlay fade-in\"><i class=\"far fa-hand-pointer\" aria-hidden=\"true\"><\/i><a href=\"https:\/\/soymigrante.com\/revista\/guatemala-danza-el-baile-de-toritos-es-una-fiesta-de-400-anos-de-antiguedad\/\"><\/a><\/div><div class=\"eael-entry-thumbnail \">\n                <img loading=\"lazy\" decoding=\"async\" width=\"1024\" height=\"632\" src=\"https:\/\/soymigrante.com\/revista\/wp-content\/uploads\/2023\/09\/BAILE-DEL-TORITO-FUENTE-ARCHIVO-SIC-1024x632.webp\" class=\"attachment-large size-large wp-image-2476\" alt=\"Baile del torito. La m\u00e1scara del toro es una de las m\u00e1s simp\u00e1ticas y emblem\u00e1ticas de todo el mundo de las danzas tradicionales guatemaltecas. Fotograf\u00eda archivo del Sistema de Informaci\u00f3n Cultural de Guatemala.\" \/>\n            <\/div>\n        <\/div><div class=\"eael-entry-wrapper\"><header class=\"eael-entry-header\"><h2 class=\"eael-entry-title\"><a class=\"eael-grid-post-link\" href=\"https:\/\/soymigrante.com\/revista\/guatemala-danza-el-baile-de-toritos-es-una-fiesta-de-400-anos-de-antiguedad\/\" title=\"Danzas de Guatemala: El Baile del Torito es una fiesta con m\u00e1s de 400 a\u00f1os de antig\u00fcedad\">Danzas de Guatemala: El Baile del Torito es una fiesta con m\u00e1s de 400 a\u00f1os de antig\u00fcedad<\/a><\/h2><\/header><div class=\"eael-entry-content\">\n                        <div class=\"eael-grid-post-excerpt\"><a href=\"https:\/\/soymigrante.com\/revista\/guatemala-danza-el-baile-de-toritos-es-una-fiesta-de-400-anos-de-antiguedad\/\" class=\"eael-post-elements-readmore-btn\">CONOCE SU HISTORIA <\/a><\/div>\n                    <\/div><\/div><\/div>\n        <\/div>\n    <\/article><\/div>\n            <div class=\"clearfix\"><\/div>\n        <\/div>\t\t\t\t<\/div>\n\t\t\t\t\t<\/div>\n\t\t\t\t<\/div>\n\t\t\t\t<\/div>\n\t\t","protected":false},"excerpt":{"rendered":"<p>El Salto del Chilasc\u00f3 es una joya natural que combina belleza, biodiversidad y aventura en Baja Verapaz. La sola caminata para llegar hasta ella es un desaf\u00edo f\u00edsico con una hermosa recompensa. El Salto del Chilasc\u00f3, ubicado en el departamento de Baja Verapaz, es una de las cascadas m\u00e1s impresionantes y altas de Centroam\u00e9rica. Espec\u00edficamente [&hellip;]<\/p>\n","protected":false},"author":1,"featured_media":22319,"comment_status":"open","ping_status":"open","sticky":false,"template":"","format":"standard","meta":{"_acf_changed":false,"_eb_attr":"","footnotes":""},"categories":[58],"tags":[],"class_list":["post-22317","post","type-post","status-publish","format-standard","has-post-thumbnail","hentry","category-guate-nuestra"],"acf":[],"aioseo_notices":[],"aioseo_head":"\n\t\t<!-- All in One SEO Pro 4.9.6.2 - aioseo.com -->\n\t<meta name=\"description\" content=\"Es una de las danzas m\u00e1s populares de Guatemala. Muchos migrantes la recuerdan por su alegr\u00eda, colorido y tambi\u00e9n su esp\u00edritu festivo.\" \/>\n\t<meta name=\"robots\" content=\"max-snippet:-1, max-image-preview:large, max-video-preview:-1\" \/>\n\t<meta name=\"author\" content=\"Gustavo Montenegro\"\/>\n\t<link rel=\"canonical\" href=\"https:\/\/soymigrante.com\/revista\/guatemala-danza-el-baile-de-toritos-es-una-fiesta-de-400-anos-de-antiguedad\/\" \/>\n\t<meta name=\"generator\" content=\"All in One SEO Pro (AIOSEO) 4.9.6.2\" \/>\n\n\t\t<link rel=\"preconnect\" href=\"https:\/\/fonts.googleapis.com\" crossorigin>\n<link rel=\"preconnect\" href=\"https:\/\/fonts.gstatic.com\" crossorigin>\n\t\t<meta property=\"og:locale\" content=\"es_ES\" \/>\n\t\t<meta property=\"og:site_name\" content=\"SoyMigrante.com REVISTA \u2013 Nuestra misi\u00f3n es reconocer y dignificar al migrante.\" \/>\n\t\t<meta property=\"og:type\" content=\"article\" \/>\n\t\t<meta property=\"og:title\" content=\"Danzas de Guatemala: El Baile del Torito es una fiesta con m\u00e1s de 400 a\u00f1os de antig\u00fcedad\" \/>\n\t\t<meta property=\"og:description\" content=\"Es una de las danzas m\u00e1s populares de Guatemala. Muchos migrantes la recuerdan por su alegr\u00eda, colorido y tambi\u00e9n su esp\u00edritu festivo.\" \/>\n\t\t<meta property=\"og:url\" content=\"https:\/\/soymigrante.com\/revista\/guatemala-danza-el-baile-de-toritos-es-una-fiesta-de-400-anos-de-antiguedad\/\" \/>\n\t\t<meta property=\"og:image\" content=\"https:\/\/soymigrante.com\/revista\/wp-content\/uploads\/2023\/09\/BAILE-DEL-TORITO-FUENTE-ARCHIVO-SIC-e1694019451736.webp\" \/>\n\t\t<meta property=\"og:image:secure_url\" content=\"https:\/\/soymigrante.com\/revista\/wp-content\/uploads\/2023\/09\/BAILE-DEL-TORITO-FUENTE-ARCHIVO-SIC-e1694019451736.webp\" \/>\n\t\t<meta property=\"og:image:width\" content=\"917\" \/>\n\t\t<meta property=\"og:image:height\" content=\"756\" \/>\n\t\t<meta property=\"article:published_time\" content=\"2023-09-06T16:49:28+00:00\" \/>\n\t\t<meta property=\"article:modified_time\" content=\"2025-09-15T22:13:49+00:00\" \/>\n\t\t<meta property=\"article:publisher\" content=\"https:\/\/www.facebook.com\/soymigrantecom\" \/>\n\t\t<meta name=\"twitter:card\" content=\"summary_large_image\" \/>\n\t\t<meta name=\"twitter:site\" content=\"@SoyMigrante_com\" \/>\n\t\t<meta name=\"twitter:title\" content=\"Danzas de Guatemala: El Baile del Torito es una fiesta con m\u00e1s de 400 a\u00f1os de antig\u00fcedad\" \/>\n\t\t<meta name=\"twitter:description\" content=\"Es una de las danzas m\u00e1s populares de Guatemala. Muchos migrantes la recuerdan por su alegr\u00eda, colorido y tambi\u00e9n su esp\u00edritu festivo.\" \/>\n\t\t<meta name=\"twitter:creator\" content=\"@SoyMigrante_com\" \/>\n\t\t<meta name=\"twitter:image\" content=\"https:\/\/soymigrante.com\/revista\/wp-content\/uploads\/2023\/09\/BAILE-DEL-TORITO-FUENTE-ARCHIVO-SIC-e1694019451736.webp\" \/>\n\t\t<!-- All in One SEO Pro -->\r\n\t\t<title>Danzas de Guatemala: El Baile del Torito es una fiesta con m\u00e1s de 400 a\u00f1os de antig\u00fcedad<\/title>\n\n","aioseo_head_json":{"title":"Danzas de Guatemala: El Baile del Torito es una fiesta con m\u00e1s de 400 a\u00f1os de antig\u00fcedad","description":"Es una de las danzas m\u00e1s populares de Guatemala. Muchos migrantes la recuerdan por su alegr\u00eda, colorido y tambi\u00e9n su esp\u00edritu festivo.","canonical_url":"https:\/\/soymigrante.com\/revista\/guatemala-danza-el-baile-de-toritos-es-una-fiesta-de-400-anos-de-antiguedad\/","robots":"max-snippet:-1, max-image-preview:large, max-video-preview:-1","keywords":"","webmasterTools":{"miscellaneous":"&lt;link rel=\"preconnect\" href=\"https:\/\/fonts.googleapis.com\" crossorigin&gt;\n&lt;link rel=\"preconnect\" href=\"https:\/\/fonts.gstatic.com\" crossorigin&gt;"},"schema":null,"og:locale":"es_ES","og:site_name":"SoyMigrante.com REVISTA \u2013 Nuestra misi\u00f3n es reconocer y dignificar al migrante.","og:type":"article","og:title":"Danzas de Guatemala: El Baile del Torito es una fiesta con m\u00e1s de 400 a\u00f1os de antig\u00fcedad","og:description":"Es una de las danzas m\u00e1s populares de Guatemala. Muchos migrantes la recuerdan por su alegr\u00eda, colorido y tambi\u00e9n su esp\u00edritu festivo.","og:url":"https:\/\/soymigrante.com\/revista\/guatemala-danza-el-baile-de-toritos-es-una-fiesta-de-400-anos-de-antiguedad\/","og:image":"https:\/\/soymigrante.com\/revista\/wp-content\/uploads\/2023\/09\/BAILE-DEL-TORITO-FUENTE-ARCHIVO-SIC-e1694019451736.webp","og:image:secure_url":"https:\/\/soymigrante.com\/revista\/wp-content\/uploads\/2023\/09\/BAILE-DEL-TORITO-FUENTE-ARCHIVO-SIC-e1694019451736.webp","og:image:width":917,"og:image:height":756,"article:published_time":"2023-09-06T16:49:28+00:00","article:modified_time":"2025-09-15T22:13:49+00:00","article:publisher":"https:\/\/www.facebook.com\/soymigrantecom","twitter:card":"summary_large_image","twitter:site":"@SoyMigrante_com","twitter:title":"Danzas de Guatemala: El Baile del Torito es una fiesta con m\u00e1s de 400 a\u00f1os de antig\u00fcedad","twitter:description":"Es una de las danzas m\u00e1s populares de Guatemala. Muchos migrantes la recuerdan por su alegr\u00eda, colorido y tambi\u00e9n su esp\u00edritu festivo.","twitter:creator":"@SoyMigrante_com","twitter:image":"https:\/\/soymigrante.com\/revista\/wp-content\/uploads\/2023\/09\/BAILE-DEL-TORITO-FUENTE-ARCHIVO-SIC-e1694019451736.webp"},"aioseo_meta_data":{"post_id":"22317","title":"Salto de Chilasc\u00f3 es el alma de la monta\u00f1a en Baja Verapaz","description":"Localizada en la aldea San Rafael Chilasc\u00f3, Salam\u00e1, Baja Verapaz, esta ca\u00edda no es la m\u00e1s alta de Guatemala pero s\u00ed una de las m\u00e1s visitadas. Conoce c\u00f3mo llegar.","keywords":null,"keyphrases":{"focus":{"keyphrase":"El Salto del Chilasc\u00f3","score":74,"analysis":{"keyphraseInTitle":{"score":3,"maxScore":9,"error":1},"keyphraseInDescription":{"score":3,"maxScore":9,"error":1},"keyphraseLength":{"score":9,"maxScore":9,"error":0,"length":4},"keyphraseInURL":{"score":5,"maxScore":5,"error":0},"keyphraseInIntroduction":{"score":9,"maxScore":9,"error":0},"keyphraseInSubHeadings":{"score":3,"maxScore":9,"error":1},"keyphraseInImageAlt":{"score":9,"maxScore":9,"error":0},"keywordDensity":{"type":"best","score":9,"maxScore":9,"error":0}}},"additional":[{"keyphrase":"El Salto del Chilasc\u00f3","score":87,"analysis":{"keyphraseInDescription":{"score":3,"maxScore":9,"error":1},"keyphraseLength":{"score":9,"maxScore":9,"error":0,"length":4},"keyphraseInIntroduction":{"score":9,"maxScore":9,"error":0},"keyphraseInImageAlt":{"score":9,"maxScore":9,"error":0},"keywordDensity":{"type":"best","score":9,"maxScore":9,"error":0}}}]},"primary_term":null,"canonical_url":null,"og_title":null,"og_description":null,"og_object_type":"default","og_image_type":"default","og_image_url":null,"og_image_width":null,"og_image_height":null,"og_image_custom_url":null,"og_image_custom_fields":null,"og_video":"","og_custom_url":null,"og_article_section":null,"og_article_tags":null,"twitter_use_og":false,"twitter_card":"default","twitter_image_type":"default","twitter_image_url":null,"twitter_image_custom_url":null,"twitter_image_custom_fields":null,"twitter_title":null,"twitter_description":null,"schema":{"blockGraphs":[],"customGraphs":[],"default":{"data":{"Article":[],"Course":[],"Dataset":[],"FAQPage":[],"Movie":[],"Person":[],"Product":[],"ProductReview":[],"Car":[],"Recipe":[],"Service":[],"SoftwareApplication":[],"WebPage":[]},"graphName":"NewsArticle","isEnabled":true},"graphs":[]},"schema_type":"default","schema_type_options":null,"pillar_content":false,"robots_default":true,"robots_noindex":false,"robots_noarchive":false,"robots_nosnippet":false,"robots_nofollow":false,"robots_noimageindex":false,"robots_noodp":false,"robots_notranslate":false,"robots_max_snippet":"-1","robots_max_videopreview":"-1","robots_max_imagepreview":"large","priority":null,"frequency":"default","local_seo":null,"seo_analyzer_scan_date":null,"breadcrumb_settings":null,"limit_modified_date":false,"reviewed_by":"0","open_ai":"{\"title\":{\"suggestions\":[],\"usage\":0},\"description\":{\"suggestions\":[],\"usage\":0}}","ai":{"faqs":[],"keyPoints":[],"titles":[],"descriptions":[],"socialPosts":{"email":[],"linkedin":[],"twitter":[],"facebook":[],"instagram":[]}},"created":"2025-01-23 18:53:47","updated":"2026-04-04 15:11:29"},"aioseo_breadcrumb":"<div class=\"aioseo-breadcrumbs\"><span class=\"aioseo-breadcrumb\">\n\t<a href=\"https:\/\/soymigrante.com\/revista\" title=\"Home\">Home<\/a>\n<\/span><span class=\"aioseo-breadcrumb-separator\">\u00bb<\/span><span class=\"aioseo-breadcrumb\">\n\t<a href=\"https:\/\/soymigrante.com\/revista\/category\/guate-nuestra\/\" title=\"Guate Nuestra\">Guate Nuestra<\/a>\n<\/span><span class=\"aioseo-breadcrumb-separator\">\u00bb<\/span><span class=\"aioseo-breadcrumb\">\n\tEl Salto del Chilasc\u00f3 es el alma de una monta\u00f1a nubosa en Baja Verapaz\n<\/span><\/div>","aioseo_breadcrumb_json":[{"label":"Home","link":"https:\/\/soymigrante.com\/revista"},{"label":"Guate Nuestra","link":"https:\/\/soymigrante.com\/revista\/category\/guate-nuestra\/"},{"label":"El Salto del Chilasc\u00f3 es el alma de una monta\u00f1a nubosa en Baja Verapaz","link":"https:\/\/soymigrante.com\/revista\/el-salto-del-chilasco-en-baja-verapaz-es-el-alma-visible-de-la-montana-nubosa\/"}],"_links":{"self":[{"href":"https:\/\/soymigrante.com\/revista\/wp-json\/wp\/v2\/posts\/22317","targetHints":{"allow":["GET"]}}],"collection":[{"href":"https:\/\/soymigrante.com\/revista\/wp-json\/wp\/v2\/posts"}],"about":[{"href":"https:\/\/soymigrante.com\/revista\/wp-json\/wp\/v2\/types\/post"}],"author":[{"embeddable":true,"href":"https:\/\/soymigrante.com\/revista\/wp-json\/wp\/v2\/users\/1"}],"replies":[{"embeddable":true,"href":"https:\/\/soymigrante.com\/revista\/wp-json\/wp\/v2\/comments?post=22317"}],"version-history":[{"count":3,"href":"https:\/\/soymigrante.com\/revista\/wp-json\/wp\/v2\/posts\/22317\/revisions"}],"predecessor-version":[{"id":54521,"href":"https:\/\/soymigrante.com\/revista\/wp-json\/wp\/v2\/posts\/22317\/revisions\/54521"}],"wp:featuredmedia":[{"embeddable":true,"href":"https:\/\/soymigrante.com\/revista\/wp-json\/wp\/v2\/media\/22319"}],"wp:attachment":[{"href":"https:\/\/soymigrante.com\/revista\/wp-json\/wp\/v2\/media?parent=22317"}],"wp:term":[{"taxonomy":"category","embeddable":true,"href":"https:\/\/soymigrante.com\/revista\/wp-json\/wp\/v2\/categories?post=22317"},{"taxonomy":"post_tag","embeddable":true,"href":"https:\/\/soymigrante.com\/revista\/wp-json\/wp\/v2\/tags?post=22317"}],"curies":[{"name":"wp","href":"https:\/\/api.w.org\/{rel}","templated":true}]}}