{"id":223,"date":"2023-05-26T00:12:51","date_gmt":"2023-05-26T00:12:51","guid":{"rendered":"https:\/\/soymigrante.wpengine.com\/?p=223"},"modified":"2026-03-11T14:41:43","modified_gmt":"2026-03-11T20:41:43","slug":"actor-arturo-castro","status":"publish","type":"post","link":"https:\/\/soymigrante.com\/revista\/actor-arturo-castro\/","title":{"rendered":"&#8220;Cuando uno tiene un sue\u00f1o, no hay plan B&#8221;: actor Arturo Castro"},"content":{"rendered":"\t\t<div data-elementor-type=\"wp-post\" data-elementor-id=\"223\" class=\"elementor elementor-223\" data-elementor-post-type=\"post\">\n\t\t\t\t<div data-particle_enable=\"false\" data-particle-mobile-disabled=\"false\" class=\"elementor-element elementor-element-762dec8 e-flex e-con-boxed e-con e-parent\" data-id=\"762dec8\" data-element_type=\"container\" data-e-type=\"container\">\n\t\t\t\t\t<div class=\"e-con-inner\">\n\t\t\t\t<div class=\"elementor-element elementor-element-b2dc63c elementor-widget elementor-widget-heading\" data-id=\"b2dc63c\" data-element_type=\"widget\" data-e-type=\"widget\" data-widget_type=\"heading.default\">\n\t\t\t\t\t<h3 class=\"elementor-heading-title elementor-size-default\">Considera el ser guatemalteco un \u201csuperpoder\u201d y ve en los migrantes hispanos radicados de EE.UU. una hermandad sin fronteras. Se r\u00ede de los estereotipos discriminatorios precisamente para desarmarlos a trav\u00e9s de su participaci\u00f3n en la serie Alternatino.\u200b<\/h3>\t\t\t\t<\/div>\n\t\t\t\t\t<\/div>\n\t\t\t\t<\/div>\n\t\t<div data-particle_enable=\"false\" data-particle-mobile-disabled=\"false\" class=\"elementor-element elementor-element-041fd5c e-flex e-con-boxed e-con e-parent\" data-id=\"041fd5c\" data-element_type=\"container\" data-e-type=\"container\">\n\t\t\t\t\t<div class=\"e-con-inner\">\n\t\t\t\t<div class=\"elementor-element elementor-element-afe0303 elementor-widget elementor-widget-text-editor\" data-id=\"afe0303\" data-element_type=\"widget\" data-e-type=\"widget\" data-widget_type=\"text-editor.default\">\n\t\t\t\t\t\t\t\t\t<p>El actor <a href=\"https:\/\/soymigrante.com\/revista\/actor-y-migrante-guatemalteco-arturo-castro-lanzara-bola-inicial-en-juego-de-los-dodgers\/\">Arturo Castro <\/a>figura en el reparto de The Menu, una pel\u00edcula elogiada por la cr\u00edtica y con buenas calificaciones en sitios\u00a0 de rese\u00f1as digitales: una peculiar y sorpresiva cena en la cual se exponen dramas existenciales, contrasentidos del lujo y el dinero, as\u00ed como una cr\u00edtica a la sociedad de consumo.\u00a0<\/p>\n<p>Es su m\u00e1s reciente papel, pero <a href=\"https:\/\/soymigrante.com\/revista\/actor-y-migrante-guatemalteco-arturo-castro-lanzara-bola-inicial-en-juego-de-los-dodgers\/\">Arturo Castro<\/a>, nacido en Guatemala en 1985, ha interpretado muchos, en largo y cortometrajes, series de TV, programas de comedia y tambi\u00e9n ha locutado o actuado en anuncios televisivos. De hecho esta ocupaci\u00f3n le permiti\u00f3 sobrevivir en los comienzos de su carrera que fueron duros.<\/p>\n<p>El gozo, creatividad y naturalidad que muestra en cada trabajo quiz\u00e1 no dejan ver el gran esfuerzo y largo camino detr\u00e1s de un talento que emigr\u00f3 a Estados Unidos para estudiar actuaci\u00f3n. No fue sencillo ni f\u00e1cil, tuvo que pasar dificultades, a menudo desalentadoras. Pero ah\u00ed radica la clave de su \u00e9xito. \u201cBrother, cuando ten\u00e9s un sue\u00f1o, deb\u00e9s hacerlo tan grande tan grande que al compararlo con las barreras, estas parezcan peque\u00f1as\u201d, es el consejo que surge a la par de la expresi\u00f3n de orgullo por ser guatemalteco y de admiraci\u00f3n a los connacionales \u201cguatemaltecos e hispanos, porque todos somos hermanos\u201d que migraron a EE.UU. en busca de oportunidades.<\/p>\t\t\t\t\t\t\t\t<\/div>\n\t\t\t\t\t<\/div>\n\t\t\t\t<\/div>\n\t\t<div data-particle_enable=\"false\" data-particle-mobile-disabled=\"false\" class=\"elementor-element elementor-element-55b6cb1 e-flex e-con-boxed e-con e-parent\" data-id=\"55b6cb1\" data-element_type=\"container\" data-e-type=\"container\">\n\t\t\t\t\t<div class=\"e-con-inner\">\n\t\t\t\t<div class=\"elementor-element elementor-element-2c26c11 elementor-widget elementor-widget-html\" data-id=\"2c26c11\" data-element_type=\"widget\" data-e-type=\"widget\" data-widget_type=\"html.default\">\n\t\t\t\t\t<blockquote class=\"tiktok-embed\" cite=\"https:\/\/www.tiktok.com\/@nuevanarrativaguate\/video\/7167498945172737286\" data-video-id=\"7167498945172737286\" style=\"max-width: 605px;min-width: 325px;\" > <section> <a target=\"_blank\" title=\"@nuevanarrativaguate\" href=\"https:\/\/www.tiktok.com\/@nuevanarrativaguate?refer=embed\">@nuevanarrativaguate<\/a> \ud83d\udc4f\ud83c\uddec\ud83c\uddf9\ud83e\udd73 El actor guatemalteco Arturo Castro esta en el reparto principal de la pel\u00edcula EL MEN\u00da <a title=\"themenu\" target=\"_blank\" href=\"https:\/\/www.tiktok.com\/tag\/themenu?refer=embed\">#THEMENU<\/a> <a title=\"fyp\" target=\"_blank\" href=\"https:\/\/www.tiktok.com\/tag\/fyp?refer=embed\">#fyp<\/a> <a title=\"fy\" target=\"_blank\" href=\"https:\/\/www.tiktok.com\/tag\/fy?refer=embed\">#fy<\/a> <a title=\"viral\" target=\"_blank\" href=\"https:\/\/www.tiktok.com\/tag\/viral?refer=embed\">#viral<\/a> <a title=\"guatemala\" target=\"_blank\" href=\"https:\/\/www.tiktok.com\/tag\/guatemala?refer=embed\">#guatemala<\/a> <a title=\"lugaresbonitosdeguatemala\" target=\"_blank\" href=\"https:\/\/www.tiktok.com\/tag\/lugaresbonitosdeguatemala?refer=embed\">#lugaresbonitosdeguatemala<\/a> <a title=\"mejorrestaurante\" target=\"_blank\" href=\"https:\/\/www.tiktok.com\/tag\/mejorrestaurante?refer=embed\">#mejorrestaurante<\/a> <a title=\"502\" target=\"_blank\" href=\"https:\/\/www.tiktok.com\/tag\/502?refer=embed\">#502<\/a> <a title=\"guate\" target=\"_blank\" href=\"https:\/\/www.tiktok.com\/tag\/guate?refer=embed\">#guate<\/a> <a title=\"nuevoslugares\" target=\"_blank\" href=\"https:\/\/www.tiktok.com\/tag\/nuevoslugares?refer=embed\">#nuevoslugares<\/a> <a title=\"netflix\" target=\"_blank\" href=\"https:\/\/www.tiktok.com\/tag\/netflix?refer=embed\">#netflix<\/a> <a title=\"fyp\u30b7\" target=\"_blank\" href=\"https:\/\/www.tiktok.com\/tag\/fyp%E3%82%B7?refer=embed\">#fyp\u30b7<\/a> <a title=\"hollywood\" target=\"_blank\" href=\"https:\/\/www.tiktok.com\/tag\/hollywood?refer=embed\">#hollywood<\/a> <a title=\"pelicula\" target=\"_blank\" href=\"https:\/\/www.tiktok.com\/tag\/pelicula?refer=embed\">#pelicula<\/a> <a title=\"themenumovie\" target=\"_blank\" href=\"https:\/\/www.tiktok.com\/tag\/themenumovie?refer=embed\">#themenumovie<\/a> <a target=\"_blank\" title=\"\u266c Stories 2 - Danilo Stankovic\" href=\"https:\/\/www.tiktok.com\/music\/Stories-2-6777279827805390850?refer=embed\">\u266c Stories 2 - Danilo Stankovic<\/a> <\/section> <\/blockquote> <script async src=\"https:\/\/www.tiktok.com\/embed.js\"><\/script>\t\t\t\t<\/div>\n\t\t\t\t\t<\/div>\n\t\t\t\t<\/div>\n\t\t\t\t<section data-particle_enable=\"false\" data-particle-mobile-disabled=\"false\" class=\"elementor-section elementor-top-section elementor-element elementor-element-6a6b419a elementor-section-boxed elementor-section-height-default elementor-section-height-default\" data-id=\"6a6b419a\" data-element_type=\"section\" data-e-type=\"section\">\n\t\t\t\t\t\t<div class=\"elementor-container elementor-column-gap-default\">\n\t\t\t\t\t<div class=\"elementor-column elementor-col-100 elementor-top-column elementor-element elementor-element-18259751\" data-id=\"18259751\" data-element_type=\"column\" data-e-type=\"column\">\n\t\t\t<div class=\"elementor-widget-wrap elementor-element-populated\">\n\t\t\t\t\t\t<div class=\"elementor-element elementor-element-e52bcf1 elementor-widget elementor-widget-heading\" data-id=\"e52bcf1\" data-element_type=\"widget\" data-e-type=\"widget\" data-widget_type=\"heading.default\">\n\t\t\t\t\t<h2 class=\"elementor-heading-title elementor-size-default\">En The Menu act\u00faas junto a un elenco estelar encabezado por Ralph Fiennes<\/h2>\t\t\t\t<\/div>\n\t\t\t\t<div class=\"elementor-element elementor-element-9ad641e elementor-widget elementor-widget-text-editor\" data-id=\"9ad641e\" data-element_type=\"widget\" data-e-type=\"widget\" data-widget_type=\"text-editor.default\">\n\t\t\t\t\t\t\t\t\t<p>Un maestro. Es incre\u00edble brother. \u00bfY sabes qu\u00e9= Soy el segundo guatemalteco que act\u00faa con \u00e9l. Primero fue Tony Revolori, en Hotel Budapest. Al filmar The Menu me dio varios consejos de actuaci\u00f3n y tambi\u00e9n de carrera.<\/p>\t\t\t\t\t\t\t\t<\/div>\n\t\t\t\t<div class=\"elementor-element elementor-element-b95bfa9 elementor-widget elementor-widget-heading\" data-id=\"b95bfa9\" data-element_type=\"widget\" data-e-type=\"widget\" data-widget_type=\"heading.default\">\n\t\t\t\t\t<h2 class=\"elementor-heading-title elementor-size-default\">\u00bfC\u00f3mo empez\u00f3 el gusto por el arte esc\u00e9nico?<\/h2>\t\t\t\t<\/div>\n\t\t\t\t<div class=\"elementor-element elementor-element-4fbde23 elementor-widget elementor-widget-text-editor\" data-id=\"4fbde23\" data-element_type=\"widget\" data-e-type=\"widget\" data-widget_type=\"text-editor.default\">\n\t\t\t\t\t\t\t\t\t<p>A los cinco a\u00f1os actu\u00e9 por primera vez, durante una obra en el Teatro al Aire Libre, del Centro Cultural Miguel Angel Asturias. Despu\u00e9s estuve en el programa Conexi\u00f3n, de canal 7. Mis hermanas bailaban y cantaban, se metieron a clases y yo tambi\u00e9n. Pero quiz\u00e1 el momento que marca un antes y despu\u00e9s fue cuando ten\u00eda 17 a\u00f1os (a\u00f1o 2002) cuando en la escuela de Ang\u00e9lica Rosa ella me puso a hacer el mon\u00f3logo de Hamlet, ese que dice \u201cser o no ser\u201d, pero en ingl\u00e9s antiguo, o sea el original. La verdad que en espa\u00f1ol o ingl\u00e9s no me hac\u00eda nada de sentido, me lo aprend\u00ed.\u00a0<\/p>\t\t\t\t\t\t\t\t<\/div>\n\t\t\t\t<div class=\"elementor-element elementor-element-fdb4902 elementor-widget elementor-widget-image-gallery\" data-id=\"fdb4902\" data-element_type=\"widget\" data-e-type=\"widget\" data-widget_type=\"image-gallery.default\">\n\t\t\t\t\t\t\t<div class=\"elementor-image-gallery\">\n\t\t\t<div id='gallery-9' class='gallery galleryid-223 gallery-columns-3 gallery-size-thumbnail'><figure class='gallery-item'>\n\t\t\t<div class='gallery-icon landscape'>\n\t\t\t\t<a data-elementor-open-lightbox=\"yes\" data-elementor-lightbox-slideshow=\"fdb4902\" data-elementor-lightbox-title=\"SOY MIGRANTE ARTURO CASTRO (2)\" data-elementor-lightbox-description=\"\u201cCuando uno tiene un sue\u00f1o, no hay plan B\u201d: actor Arturo Castro\" data-e-action-hash=\"#elementor-action%3Aaction%3Dlightbox%26settings%3DeyJpZCI6MjI2LCJ1cmwiOiJodHRwczpcL1wvc295bWlncmFudGUuY29tXC9yZXZpc3RhXC93cC1jb250ZW50XC91cGxvYWRzXC8yMDIzXC8wMlwvU09ZLU1JR1JBTlRFLUFSVFVSTy1DQVNUUk8tMi53ZWJwIiwic2xpZGVzaG93IjoiZmRiNDkwMiJ9\" href='https:\/\/soymigrante.com\/revista\/wp-content\/uploads\/2023\/02\/SOY-MIGRANTE-ARTURO-CASTRO-2.webp'><img decoding=\"async\" width=\"150\" height=\"150\" src=\"https:\/\/soymigrante.com\/revista\/wp-content\/uploads\/2023\/02\/SOY-MIGRANTE-ARTURO-CASTRO-2-150x150.webp\" class=\"attachment-thumbnail size-thumbnail\" alt=\"\u201cCuando uno tiene un sue\u00f1o, no hay plan B\u201d: actor Arturo Castro\" aria-describedby=\"gallery-9-226\" srcset=\"https:\/\/soymigrante.com\/revista\/wp-content\/uploads\/2023\/02\/SOY-MIGRANTE-ARTURO-CASTRO-2-150x150.webp 150w, https:\/\/soymigrante.com\/revista\/wp-content\/uploads\/2023\/02\/SOY-MIGRANTE-ARTURO-CASTRO-2-75x75.webp 75w, https:\/\/soymigrante.com\/revista\/wp-content\/uploads\/2023\/02\/SOY-MIGRANTE-ARTURO-CASTRO-2-600x600.jpg 600w\" sizes=\"(max-width: 150px) 100vw, 150px\" title=\"SOY MIGRANTE ARTURO CASTRO (2) \u2013 SoyMigrante.com REVISTA\" \/><\/a>\n\t\t\t<\/div>\n\t\t\t\t<figcaption class='wp-caption-text gallery-caption' id='gallery-9-226'>\n\t\t\t\t\u201cCuando uno tiene un sue\u00f1o, no hay plan B\u201d: actor Arturo Castro\n\t\t\t\t<\/figcaption><\/figure><figure class='gallery-item'>\n\t\t\t<div class='gallery-icon landscape'>\n\t\t\t\t<a data-elementor-open-lightbox=\"yes\" data-elementor-lightbox-slideshow=\"fdb4902\" data-elementor-lightbox-title=\"SOY MIGRANTE ARTURO CASTRO (3)\" data-elementor-lightbox-description=\"\u201cCuando uno tiene un sue\u00f1o, no hay plan B\u201d: actor Arturo Castro\" data-e-action-hash=\"#elementor-action%3Aaction%3Dlightbox%26settings%3DeyJpZCI6MjI3LCJ1cmwiOiJodHRwczpcL1wvc295bWlncmFudGUuY29tXC9yZXZpc3RhXC93cC1jb250ZW50XC91cGxvYWRzXC8yMDIzXC8wMlwvU09ZLU1JR1JBTlRFLUFSVFVSTy1DQVNUUk8tMy53ZWJwIiwic2xpZGVzaG93IjoiZmRiNDkwMiJ9\" href='https:\/\/soymigrante.com\/revista\/wp-content\/uploads\/2023\/02\/SOY-MIGRANTE-ARTURO-CASTRO-3.webp'><img decoding=\"async\" width=\"150\" height=\"150\" src=\"https:\/\/soymigrante.com\/revista\/wp-content\/uploads\/2023\/02\/SOY-MIGRANTE-ARTURO-CASTRO-3-150x150.webp\" class=\"attachment-thumbnail size-thumbnail\" alt=\"\u201cCuando uno tiene un sue\u00f1o, no hay plan B\u201d: actor Arturo Castro\" aria-describedby=\"gallery-9-227\" srcset=\"https:\/\/soymigrante.com\/revista\/wp-content\/uploads\/2023\/02\/SOY-MIGRANTE-ARTURO-CASTRO-3-150x150.webp 150w, https:\/\/soymigrante.com\/revista\/wp-content\/uploads\/2023\/02\/SOY-MIGRANTE-ARTURO-CASTRO-3-75x75.webp 75w, https:\/\/soymigrante.com\/revista\/wp-content\/uploads\/2023\/02\/SOY-MIGRANTE-ARTURO-CASTRO-3-600x600.jpg 600w\" sizes=\"(max-width: 150px) 100vw, 150px\" title=\"SOY MIGRANTE ARTURO CASTRO (3) \u2013 SoyMigrante.com REVISTA\" \/><\/a>\n\t\t\t<\/div>\n\t\t\t\t<figcaption class='wp-caption-text gallery-caption' id='gallery-9-227'>\n\t\t\t\t\u201cCuando uno tiene un sue\u00f1o, no hay plan B\u201d: actor Arturo Castro\n\t\t\t\t<\/figcaption><\/figure><figure class='gallery-item'>\n\t\t\t<div class='gallery-icon landscape'>\n\t\t\t\t<a data-elementor-open-lightbox=\"yes\" data-elementor-lightbox-slideshow=\"fdb4902\" data-elementor-lightbox-title=\"SOY MIGRANTE ARTURO CASTRO (4)\" data-elementor-lightbox-description=\"\u201cCuando uno tiene un sue\u00f1o, no hay plan B\u201d: actor Arturo Castro\" data-e-action-hash=\"#elementor-action%3Aaction%3Dlightbox%26settings%3DeyJpZCI6MjI4LCJ1cmwiOiJodHRwczpcL1wvc295bWlncmFudGUuY29tXC9yZXZpc3RhXC93cC1jb250ZW50XC91cGxvYWRzXC8yMDIzXC8wMlwvU09ZLU1JR1JBTlRFLUFSVFVSTy1DQVNUUk8tNC53ZWJwIiwic2xpZGVzaG93IjoiZmRiNDkwMiJ9\" href='https:\/\/soymigrante.com\/revista\/wp-content\/uploads\/2023\/02\/SOY-MIGRANTE-ARTURO-CASTRO-4.webp'><img decoding=\"async\" width=\"150\" height=\"150\" src=\"https:\/\/soymigrante.com\/revista\/wp-content\/uploads\/2023\/02\/SOY-MIGRANTE-ARTURO-CASTRO-4-150x150.webp\" class=\"attachment-thumbnail size-thumbnail\" alt=\"\u201cCuando uno tiene un sue\u00f1o, no hay plan B\u201d: actor Arturo Castro\" aria-describedby=\"gallery-9-228\" srcset=\"https:\/\/soymigrante.com\/revista\/wp-content\/uploads\/2023\/02\/SOY-MIGRANTE-ARTURO-CASTRO-4-150x150.webp 150w, https:\/\/soymigrante.com\/revista\/wp-content\/uploads\/2023\/02\/SOY-MIGRANTE-ARTURO-CASTRO-4-300x300.webp 300w, https:\/\/soymigrante.com\/revista\/wp-content\/uploads\/2023\/02\/SOY-MIGRANTE-ARTURO-CASTRO-4-1024x1024.jpg 1024w, https:\/\/soymigrante.com\/revista\/wp-content\/uploads\/2023\/02\/SOY-MIGRANTE-ARTURO-CASTRO-4-768x768.jpg 768w, https:\/\/soymigrante.com\/revista\/wp-content\/uploads\/2023\/02\/SOY-MIGRANTE-ARTURO-CASTRO-4-75x75.webp 75w, https:\/\/soymigrante.com\/revista\/wp-content\/uploads\/2023\/02\/SOY-MIGRANTE-ARTURO-CASTRO-4-750x750.webp 750w, https:\/\/soymigrante.com\/revista\/wp-content\/uploads\/2023\/02\/SOY-MIGRANTE-ARTURO-CASTRO-4-600x600.jpg 600w, https:\/\/soymigrante.com\/revista\/wp-content\/uploads\/2023\/02\/SOY-MIGRANTE-ARTURO-CASTRO-4.webp 1080w\" sizes=\"(max-width: 150px) 100vw, 150px\" title=\"SOY MIGRANTE ARTURO CASTRO (4) \u2013 SoyMigrante.com REVISTA\" \/><\/a>\n\t\t\t<\/div>\n\t\t\t\t<figcaption class='wp-caption-text gallery-caption' id='gallery-9-228'>\n\t\t\t\t\u201cCuando uno tiene un sue\u00f1o, no hay plan B\u201d: actor Arturo Castro\n\t\t\t\t<\/figcaption><\/figure>\n\t\t<\/div>\n\t\t<\/div>\n\t\t\t\t\t\t<\/div>\n\t\t\t\t<div class=\"elementor-element elementor-element-593d6cb elementor-widget elementor-widget-text-editor\" data-id=\"593d6cb\" data-element_type=\"widget\" data-e-type=\"widget\" data-widget_type=\"text-editor.default\">\n\t\t\t\t\t\t\t\t\t<h5><strong>(Inclu\u00edmos a continuaci\u00f3n un extracto de dicho mon\u00f3logo escrito en 1503, para tratar de ubicar al lector en la sensaci\u00f3n descrita por Arturo)<\/strong><\/h5>\t\t\t\t\t\t\t\t<\/div>\n\t\t\t\t<div class=\"elementor-element elementor-element-d0c3fce elementor-widget elementor-widget-text-editor\" data-id=\"d0c3fce\" data-element_type=\"widget\" data-e-type=\"widget\" data-widget_type=\"text-editor.default\">\n\t\t\t\t\t\t\t\t\t<blockquote class=\"wp-block-quote\">\n<h5><strong><em>Ser, o no ser, \u00e9sa es la cuesti\u00f3n.<br \/><\/em><\/strong><strong><em>\u00bfCu\u00e1l es m\u00e1s digna acci\u00f3n del \u00e1nimo,<br \/><\/em><\/strong><strong><em>sufrir los tiros penetrantes de la fortuna injusta,<br \/><\/em><\/strong><strong><em>u oponer los brazos a este torrente de calamidades,<br \/><\/em><\/strong><strong><em>y darles fin con atrevida resistencia?<br \/><\/em><\/strong><strong><em>Morir es dormir. \u00bfNo m\u00e1s?<br \/><\/em><\/strong><strong><em>\u00bfY por un sue\u00f1o, diremos, las aflicciones se acabaron<br \/><\/em><\/strong><strong><em>y los dolores sin n\u00famero,<br \/><\/em><\/strong><strong><em>patrimonio de nuestra d\u00e9bil naturaleza?&#8230;<br \/><\/em><\/strong><strong><em>Este es un t\u00e9rmino que deber\u00edamos solicitar con ansia.<br \/><\/em><\/strong><strong><em>Morir es dormir&#8230; y tal vez so\u00f1ar\u201d<\/em>.<\/strong><\/h5>\n<p><strong><!-- \/wp:paragraph --><!-- wp:paragraph --><!-- \/wp:paragraph --><!-- wp:paragraph --><\/strong><\/p>\n<p><strong><!-- \/wp:paragraph --><!-- wp:paragraph --><\/strong><\/p>\n<p><strong><!-- \/wp:paragraph --><!-- wp:paragraph --><\/strong><\/p>\n<p><strong><!-- \/wp:paragraph --><!-- wp:paragraph --><\/strong><\/p>\n<p><strong><!-- \/wp:paragraph --><!-- wp:paragraph --><\/strong><\/p>\n<p><strong><!-- \/wp:paragraph --><!-- wp:paragraph --><\/strong><\/p>\n<p><strong><!-- \/wp:paragraph --><!-- wp:paragraph --><\/strong><\/p>\n<p><strong><!-- \/wp:paragraph --><!-- wp:paragraph --><\/strong><\/p>\n<p><strong><!-- \/wp:paragraph --><!-- wp:paragraph --><\/strong><\/p>\n<p><!-- \/wp:paragraph --><cite>William Shakespeare<\/cite><\/p>\n<\/blockquote>\n<p><!-- \/wp:quote --><!-- wp:paragraph --><\/p>\t\t\t\t\t\t\t\t<\/div>\n\t\t\t\t<div class=\"elementor-element elementor-element-2db5fb8 elementor-widget elementor-widget-text-editor\" data-id=\"2db5fb8\" data-element_type=\"widget\" data-e-type=\"widget\" data-widget_type=\"text-editor.default\">\n\t\t\t\t\t\t\t\t\t<p>A las pocas semanas falleci\u00f3 mi pap\u00e1. Y no me lo vas a creer bro, pero entonces entend\u00ed lo que quer\u00eda decir aquel personaje, sentir aquel dolor que yo sent\u00eda. Haberlo escrito hace 5 siglos y describir exactamente lo mismo que yo estaba sufriendo me dio la dimensi\u00f3n de lo que significa el arte: reflejar la condici\u00f3n humana y compartirla con los dem\u00e1s.<\/p>\t\t\t\t\t\t\t\t<\/div>\n\t\t\t\t<div class=\"elementor-element elementor-element-e272eef elementor-widget elementor-widget-heading\" data-id=\"e272eef\" data-element_type=\"widget\" data-e-type=\"widget\" data-widget_type=\"heading.default\">\n\t\t\t\t\t<h2 class=\"elementor-heading-title elementor-size-default\">\u00bfCu\u00e1ndo migras a Estados Unidos?<\/h2>\t\t\t\t<\/div>\n\t\t\t\t<div class=\"elementor-element elementor-element-926c9d3 elementor-widget elementor-widget-text-editor\" data-id=\"926c9d3\" data-element_type=\"widget\" data-e-type=\"widget\" data-widget_type=\"text-editor.default\">\n\t\t\t\t\t\t\t\t\t<p>En 2005 mi mam\u00e1 saca un pr\u00e9stamo para pagarme una carrera en la American Academy of Dramatic Arts de Nueva York. Fue un cambio radical. Poco a poco empec\u00e9 a hacer teatro para poder ganar algo de dinero, aunque eso conllev\u00f3 un proceso migratorio de documentaci\u00f3n. Renovar la visa de estudio por una de trabajo, hay que presentar tantos requisitos, hacer entrevistas. No fue f\u00e1cil. Sin embargo, debo decir que en Nueva York me encontr\u00e9 un segundo hogar: los hispanos y los guatemaltecos que encontr\u00e9, me hicieron encontrar un lugar all\u00e1.<\/p>\t\t\t\t\t\t\t\t<\/div>\n\t\t\t\t<div class=\"elementor-element elementor-element-2a5aa0c elementor-widget elementor-widget-heading\" data-id=\"2a5aa0c\" data-element_type=\"widget\" data-e-type=\"widget\" data-widget_type=\"heading.default\">\n\t\t\t\t\t<h2 class=\"elementor-heading-title elementor-size-default\">A\u00fan as\u00ed existen prejuicios, estereotipos o papeles encasillados que vos mismo en algunos de tus sketches cuestionas o m\u00e1s bien te re\u00eds de ellos<\/h2>\t\t\t\t<\/div>\n\t\t\t\t<div class=\"elementor-element elementor-element-7f61d95 elementor-widget elementor-widget-text-editor\" data-id=\"7f61d95\" data-element_type=\"widget\" data-e-type=\"widget\" data-widget_type=\"text-editor.default\">\n\t\t\t\t\t\t\t\t\t<p>Afortunadamente esto ha cambiado. Mi primer personaje fue el lavaplatos Juan. Pero poco a poco hay m\u00e1s tridimensionalidad y cuando empec\u00e9 a hacer mis propios shows comenc\u00e9 a divertirme un poco con esos estereotipos para cambiarlos. Les hago burla exager\u00e1ndolos. Los latinos somos trabajadores, tenemos talento y ganas de triunfar como todos. Los guatemaltecos tenemos adem\u00e1s un sentido muy espiritual, tenemos el valor a\u00f1adido de un contexto multicultural muy rico. El guatemalteco es chispudo y tiene esa profundidad de realismo m\u00e1gico que han en nuestras tradiciones.<\/p>\t\t\t\t\t\t\t\t<\/div>\n\t\t\t\t<div class=\"elementor-element elementor-element-aaf2541 elementor-widget elementor-widget-heading\" data-id=\"aaf2541\" data-element_type=\"widget\" data-e-type=\"widget\" data-widget_type=\"heading.default\">\n\t\t\t\t\t<h2 class=\"elementor-heading-title elementor-size-default\">\u00bfEs por ello que sol\u00e9s afirmar que el ser guatemalteco es un superpoder?<\/h2>\t\t\t\t<\/div>\n\t\t\t\t<div class=\"elementor-element elementor-element-bef9b6c elementor-widget elementor-widget-text-editor\" data-id=\"bef9b6c\" data-element_type=\"widget\" data-e-type=\"widget\" data-widget_type=\"text-editor.default\">\n\t\t\t\t\t\t\t\t\t<p>S\u00ed porque me hace dar un 200% de m\u00ed: soy 100% guatemalteco pero tambi\u00e9n 100% neoyorkino. Todos podemos tener ese 200% o 300% o m\u00e1s para empujar nuestro sue\u00f1o.<\/p>\t\t\t\t\t\t\t\t<\/div>\n\t\t\t\t<div class=\"elementor-element elementor-element-886211c elementor-widget elementor-widget-heading\" data-id=\"886211c\" data-element_type=\"widget\" data-e-type=\"widget\" data-widget_type=\"heading.default\">\n\t\t\t\t\t<h2 class=\"elementor-heading-title elementor-size-default\">\u00bfEn qu\u00e9 momento consideras que comenz\u00f3 a avanzar tu carrera?<\/h2>\t\t\t\t<\/div>\n\t\t\t\t<div class=\"elementor-element elementor-element-a102400 elementor-widget elementor-widget-text-editor\" data-id=\"a102400\" data-element_type=\"widget\" data-e-type=\"widget\" data-widget_type=\"text-editor.default\">\n\t\t\t\t\t\t\t\t\t<p>Al principio tuve que hacer anuncios publicitarios, para comer y eso. En 2014 se me abre una oportunidad en Broad City, programa del canal Comedy Central. En 2016 surge Alterlatino y en 2017 fue la actuaci\u00f3n en Narcos de Netflix. Se han ido dando los espacios y seguimos trabajando.<\/p>\t\t\t\t\t\t\t\t<\/div>\n\t\t\t\t<div class=\"elementor-element elementor-element-6b8613f elementor-widget elementor-widget-heading\" data-id=\"6b8613f\" data-element_type=\"widget\" data-e-type=\"widget\" data-widget_type=\"heading.default\">\n\t\t\t\t\t<h2 class=\"elementor-heading-title elementor-size-default\">\u00bfC\u00f3mo avanzan los proyectos para j\u00f3venes en Guatemala?<\/h2>\t\t\t\t<\/div>\n\t\t\t\t<div class=\"elementor-element elementor-element-66fb490 elementor-widget elementor-widget-text-editor\" data-id=\"66fb490\" data-element_type=\"widget\" data-e-type=\"widget\" data-widget_type=\"text-editor.default\">\n\t\t\t\t\t\t\t\t\t<p>En 2022 abrimos un laboratorio de computaci\u00f3n en San Antonio Palop\u00f3. Ya son varios apoyos que doy. Tengo uno en Quetzaltenango, otro en la zona 6 de la capital y en Huehuetenango. Lo veo como devolver un poco de lo mucho que he recibido. Quiero que esos patojos tengan la oportunidad de triunfar. El talento lo tienen. Por eso me gusta el modelo de las escuelas de Ricardo Arjona, porque les ense\u00f1an contenidos escolares pero tambi\u00e9n arte.<\/p>\n<p>Al ayudar, uno se ayuda. Algunos proyectos los hemos hecho a trav\u00e9s de la Fundaci\u00f3n Sergio Paiz Andrade, Funsepa. Si a trav\u00e9s de esta ayuda yo puedo pasarle a alguien un poco de optimismo realista y un sentido de trabajo, eso me motiva a trabajar m\u00e1s fuerte, para que m\u00e1s individuos visualicen su sue\u00f1o.<\/p>\t\t\t\t\t\t\t\t<\/div>\n\t\t\t\t<div class=\"elementor-element elementor-element-a1f2010 elementor-widget elementor-widget-video\" data-id=\"a1f2010\" data-element_type=\"widget\" data-e-type=\"widget\" data-settings=\"{&quot;youtube_url&quot;:&quot;https:\\\/\\\/www.youtube.com\\\/watch?v=Z4ECZAYOUUk&quot;,&quot;video_type&quot;:&quot;youtube&quot;,&quot;controls&quot;:&quot;yes&quot;}\" data-widget_type=\"video.default\">\n\t\t\t\t\t\t\t<div class=\"elementor-wrapper elementor-open-inline\">\n\t\t\t<div class=\"elementor-video\"><\/div>\t\t<\/div>\n\t\t\t\t\t\t<\/div>\n\t\t\t\t<div class=\"elementor-element elementor-element-933f6bc elementor-widget elementor-widget-heading\" data-id=\"933f6bc\" data-element_type=\"widget\" data-e-type=\"widget\" data-widget_type=\"heading.default\">\n\t\t\t\t\t<h2 class=\"elementor-heading-title elementor-size-default\">\u00bfHubo alg\u00fan momento dif\u00edcil en el cual pensaste en darte por vencido en el campo de la actuaci\u00f3n?<\/h2>\t\t\t\t<\/div>\n\t\t\t\t<div class=\"elementor-element elementor-element-472a7ef elementor-widget elementor-widget-text-editor\" data-id=\"472a7ef\" data-element_type=\"widget\" data-e-type=\"widget\" data-widget_type=\"text-editor.default\">\n\t\t\t\t\t\t\t\t\t<p>S\u00ed, bro, de hecho varios. Cuando empec\u00e9, viv\u00eda en un s\u00f3tano de Brooklyn. Tambi\u00e9n viv\u00ed en Queens. Compart\u00eda con un compa\u00f1ero un espacio: \u00e9l ten\u00eda la sala y yo el dormitorio. No hab\u00eda calefacci\u00f3n y era un fr\u00edo de la gran chingada. Fr\u00edo, fr\u00edo, fr\u00edo.\u00a0 Un d\u00eda me tocaba ir a grabar una pel\u00edcula estudiantil por la que me iban a pagar 100 d\u00f3lares, por dos d\u00edas. Eran las cinco de la ma\u00f1ana y yo estaba esperando el metro en una plataforma. Me pregunt\u00e9 qu\u00e9 hac\u00eda all\u00ed. Pero v\u00ed a otros migrantes que esperaban el metro, obreros de construcci\u00f3n y me inspiraron, porque es gente muy fuerte, que no se rinde. Recuper\u00e9 el \u00e1nimo y aprend\u00ed que el tama\u00f1o de tus sue\u00f1os tiene que ser mucho m\u00e1s grande que tu miedo a perderlo. Si quer\u00e9s aspirar de verdad a algo que se quede peque\u00f1o el temor.<\/p>\n<p>Y tambi\u00e9n por eso apoyo proyectos educativos en Guatemala: al pensar que mi trabajo tambi\u00e9n iba a poder recaudar fondos para ayudar a m\u00e1s j\u00f3venes me anima a seguir. O sea, el sue\u00f1o tiene que ser algo m\u00e1s grande que vos mismo. No es solo yo yo yo, sino devolver lo que uno ha recibido. As\u00ed se vuelve m\u00e1s liviana la carga psicol\u00f3gica.<\/p>\n<p>Te volv\u00e9s un concepto, no una persona.<\/p>\t\t\t\t\t\t\t\t<\/div>\n\t\t\t\t<div class=\"elementor-element elementor-element-116defa elementor-widget elementor-widget-heading\" data-id=\"116defa\" data-element_type=\"widget\" data-e-type=\"widget\" data-widget_type=\"heading.default\">\n\t\t\t\t\t<h2 class=\"elementor-heading-title elementor-size-default\">Sketch de Arturo Castro referente a estereotipos, en Alterlatino<\/h2>\t\t\t\t<\/div>\n\t\t\t\t<div class=\"elementor-element elementor-element-8f49e31 elementor-widget elementor-widget-video\" data-id=\"8f49e31\" data-element_type=\"widget\" data-e-type=\"widget\" data-settings=\"{&quot;youtube_url&quot;:&quot;https:\\\/\\\/www.youtube.com\\\/watch?v=aDwvMoIh0sc&quot;,&quot;video_type&quot;:&quot;youtube&quot;,&quot;controls&quot;:&quot;yes&quot;}\" data-widget_type=\"video.default\">\n\t\t\t\t\t\t\t<div class=\"elementor-wrapper elementor-open-inline\">\n\t\t\t<div class=\"elementor-video\"><\/div>\t\t<\/div>\n\t\t\t\t\t\t<\/div>\n\t\t\t\t\t<\/div>\n\t\t<\/div>\n\t\t\t\t\t<\/div>\n\t\t<\/section>\n\t\t<div data-particle_enable=\"false\" data-particle-mobile-disabled=\"false\" class=\"elementor-element elementor-element-e02283b e-flex e-con-boxed e-con e-parent\" data-id=\"e02283b\" data-element_type=\"container\" data-e-type=\"container\">\n\t\t\t\t\t<div class=\"e-con-inner\">\n\t\t\t\t<div class=\"elementor-element elementor-element-983f078 elementor-widget elementor-widget-html\" data-id=\"983f078\" data-element_type=\"widget\" data-e-type=\"widget\" data-widget_type=\"html.default\">\n\t\t\t\t\t<blockquote class=\"tiktok-embed\" cite=\"https:\/\/www.tiktok.com\/@nuevanarrativaguate\/video\/7167498945172737286\" data-video-id=\"7167498945172737286\" style=\"max-width: 605px;min-width: 325px;\" > <section> <a target=\"_blank\" title=\"@nuevanarrativaguate\" href=\"https:\/\/www.tiktok.com\/@nuevanarrativaguate?refer=embed\">@nuevanarrativaguate<\/a> \ud83d\udc4f\ud83c\uddec\ud83c\uddf9\ud83e\udd73 El actor guatemalteco Arturo Castro esta en el reparto principal de la pel\u00edcula EL MEN\u00da <a title=\"themenu\" target=\"_blank\" href=\"https:\/\/www.tiktok.com\/tag\/themenu?refer=embed\">#THEMENU<\/a> <a title=\"fyp\" target=\"_blank\" href=\"https:\/\/www.tiktok.com\/tag\/fyp?refer=embed\">#fyp<\/a> <a title=\"fy\" target=\"_blank\" href=\"https:\/\/www.tiktok.com\/tag\/fy?refer=embed\">#fy<\/a> <a title=\"viral\" target=\"_blank\" href=\"https:\/\/www.tiktok.com\/tag\/viral?refer=embed\">#viral<\/a> <a title=\"guatemala\" target=\"_blank\" href=\"https:\/\/www.tiktok.com\/tag\/guatemala?refer=embed\">#guatemala<\/a> <a title=\"lugaresbonitosdeguatemala\" target=\"_blank\" href=\"https:\/\/www.tiktok.com\/tag\/lugaresbonitosdeguatemala?refer=embed\">#lugaresbonitosdeguatemala<\/a> <a title=\"mejorrestaurante\" target=\"_blank\" href=\"https:\/\/www.tiktok.com\/tag\/mejorrestaurante?refer=embed\">#mejorrestaurante<\/a> <a title=\"502\" target=\"_blank\" href=\"https:\/\/www.tiktok.com\/tag\/502?refer=embed\">#502<\/a> <a title=\"guate\" target=\"_blank\" href=\"https:\/\/www.tiktok.com\/tag\/guate?refer=embed\">#guate<\/a> <a title=\"nuevoslugares\" target=\"_blank\" href=\"https:\/\/www.tiktok.com\/tag\/nuevoslugares?refer=embed\">#nuevoslugares<\/a> <a title=\"netflix\" target=\"_blank\" href=\"https:\/\/www.tiktok.com\/tag\/netflix?refer=embed\">#netflix<\/a> <a title=\"fyp\u30b7\" target=\"_blank\" href=\"https:\/\/www.tiktok.com\/tag\/fyp%E3%82%B7?refer=embed\">#fyp\u30b7<\/a> <a title=\"hollywood\" target=\"_blank\" href=\"https:\/\/www.tiktok.com\/tag\/hollywood?refer=embed\">#hollywood<\/a> <a title=\"pelicula\" target=\"_blank\" href=\"https:\/\/www.tiktok.com\/tag\/pelicula?refer=embed\">#pelicula<\/a> <a title=\"themenumovie\" target=\"_blank\" href=\"https:\/\/www.tiktok.com\/tag\/themenumovie?refer=embed\">#themenumovie<\/a> <a target=\"_blank\" title=\"\u266c Stories 2 - Danilo Stankovic\" href=\"https:\/\/www.tiktok.com\/music\/Stories-2-6777279827805390850?refer=embed\">\u266c Stories 2 - Danilo Stankovic<\/a> <\/section> <\/blockquote> <script async src=\"https:\/\/www.tiktok.com\/embed.js\"><\/script>\t\t\t\t<\/div>\n\t\t\t\t\t<\/div>\n\t\t\t\t<\/div>\n\t\t\t\t<\/div>\n\t\t","protected":false},"excerpt":{"rendered":"<p>Considera el ser guatemalteco un \u201csuperpoder\u201d y ve en los migrantes hispanos radicados de EE.UU. una hermandad sin fronteras. Se r\u00ede de los estereotipos discriminatorios precisamente para desarmarlos a trav\u00e9s de su participaci\u00f3n en la serie Alternatino.\u200b El actor Arturo Castro figura en el reparto de The Menu, una pel\u00edcula elogiada por la cr\u00edtica y [&hellip;]<\/p>\n","protected":false},"author":7,"featured_media":739,"comment_status":"open","ping_status":"open","sticky":false,"template":"","format":"standard","meta":{"_acf_changed":false,"_eb_attr":"","footnotes":""},"categories":[50,274],"tags":[293],"class_list":["post-223","post","type-post","status-publish","format-standard","has-post-thumbnail","hentry","category-exitos","category-guatemala","tag-nueva-york"],"acf":[],"aioseo_notices":[],"aioseo_head":"\n\t\t<!-- All in One SEO Pro 4.9.6.2 - aioseo.com -->\n\t<meta name=\"description\" content=\"Considera el ser guatemalteco un \u201csuperpoder\u201d y ve en los migrantes hispanos radicados de EE.UU. una hermandad sin fronteras. Se r\u00ede de los estereotipos discriminatorios precisamente para desarmarlos a trav\u00e9s de su participaci\u00f3n en la serie Alternatino.\u200b El actor Arturo Castro figura en el reparto de The Menu, una pel\u00edcula elogiada por la cr\u00edtica y\" \/>\n\t<meta name=\"robots\" content=\"max-snippet:-1, max-image-preview:large, max-video-preview:-1\" \/>\n\t<meta name=\"author\" content=\"Gustavo Montenegro\"\/>\n\t<link rel=\"canonical\" href=\"https:\/\/soymigrante.com\/revista\/actor-arturo-castro\/\" \/>\n\t<meta name=\"generator\" content=\"All in One SEO Pro (AIOSEO) 4.9.6.2\" \/>\n\n\t\t<link rel=\"preconnect\" href=\"https:\/\/fonts.googleapis.com\" crossorigin>\n<link rel=\"preconnect\" href=\"https:\/\/fonts.gstatic.com\" crossorigin>\n\t\t<meta property=\"og:locale\" content=\"es_ES\" \/>\n\t\t<meta property=\"og:site_name\" content=\"SoyMigrante.com REVISTA \u2013 Nuestra misi\u00f3n es reconocer y dignificar al migrante.\" \/>\n\t\t<meta property=\"og:type\" content=\"article\" \/>\n\t\t<meta property=\"og:title\" content=\"\u201cCuando uno tiene un sue\u00f1o, no hay plan B\u201d: actor Arturo Castro\" \/>\n\t\t<meta property=\"og:description\" content=\"Considera el ser guatemalteco un \u201csuperpoder\u201d y ve en los migrantes hispanos radicados de EE.UU. una hermandad sin fronteras. Se r\u00ede de los estereotipos discriminatorios precisamente para desarmarlos a trav\u00e9s de su participaci\u00f3n en la serie Alternatino.\u200b El actor Arturo Castro figura en el reparto de The Menu, una pel\u00edcula elogiada por la cr\u00edtica y\" \/>\n\t\t<meta property=\"og:url\" content=\"https:\/\/soymigrante.com\/revista\/actor-arturo-castro\/\" \/>\n\t\t<meta property=\"og:image\" content=\"https:\/\/soymigrante.com\/revista\/wp-content\/uploads\/2023\/02\/artennat.webp\" \/>\n\t\t<meta property=\"og:image:secure_url\" content=\"https:\/\/soymigrante.com\/revista\/wp-content\/uploads\/2023\/02\/artennat.webp\" \/>\n\t\t<meta property=\"og:image:width\" content=\"1280\" \/>\n\t\t<meta property=\"og:image:height\" content=\"720\" \/>\n\t\t<meta property=\"article:published_time\" content=\"2023-05-26T00:12:51+00:00\" \/>\n\t\t<meta property=\"article:modified_time\" content=\"2026-03-11T20:41:43+00:00\" \/>\n\t\t<meta property=\"article:publisher\" content=\"https:\/\/www.facebook.com\/soymigrantecom\" \/>\n\t\t<meta name=\"twitter:card\" content=\"summary_large_image\" \/>\n\t\t<meta name=\"twitter:site\" content=\"@SoyMigrante_com\" \/>\n\t\t<meta name=\"twitter:title\" content=\"\u201cCuando uno tiene un sue\u00f1o, no hay plan B\u201d: actor Arturo Castro\" \/>\n\t\t<meta name=\"twitter:description\" content=\"Considera el ser guatemalteco un \u201csuperpoder\u201d y ve en los migrantes hispanos radicados de EE.UU. una hermandad sin fronteras. Se r\u00ede de los estereotipos discriminatorios precisamente para desarmarlos a trav\u00e9s de su participaci\u00f3n en la serie Alternatino.\u200b El actor Arturo Castro figura en el reparto de The Menu, una pel\u00edcula elogiada por la cr\u00edtica y\" \/>\n\t\t<meta name=\"twitter:creator\" content=\"@SoyMigrante_com\" \/>\n\t\t<meta name=\"twitter:image\" content=\"https:\/\/soymigrante.com\/revista\/wp-content\/uploads\/2023\/02\/artennat.webp\" \/>\n\t\t<!-- All in One SEO Pro -->\r\n\t\t<title>\u201cCuando uno tiene un sue\u00f1o, no hay plan B\u201d: actor Arturo Castro<\/title>\n\n","aioseo_head_json":{"title":"\u201cCuando uno tiene un sue\u00f1o, no hay plan B\u201d: actor Arturo Castro","description":"Considera el ser guatemalteco un \u201csuperpoder\u201d y ve en los migrantes hispanos radicados de EE.UU. una hermandad sin fronteras. Se r\u00ede de los estereotipos discriminatorios precisamente para desarmarlos a trav\u00e9s de su participaci\u00f3n en la serie Alternatino.\u200b El actor Arturo Castro figura en el reparto de The Menu, una pel\u00edcula elogiada por la cr\u00edtica y","canonical_url":"https:\/\/soymigrante.com\/revista\/actor-arturo-castro\/","robots":"max-snippet:-1, max-image-preview:large, max-video-preview:-1","keywords":"","webmasterTools":{"miscellaneous":"&lt;link rel=\"preconnect\" href=\"https:\/\/fonts.googleapis.com\" crossorigin&gt;\n&lt;link rel=\"preconnect\" href=\"https:\/\/fonts.gstatic.com\" crossorigin&gt;"},"schema":null,"og:locale":"es_ES","og:site_name":"SoyMigrante.com REVISTA \u2013 Nuestra misi\u00f3n es reconocer y dignificar al migrante.","og:type":"article","og:title":"\u201cCuando uno tiene un sue\u00f1o, no hay plan B\u201d: actor Arturo Castro","og:description":"Considera el ser guatemalteco un \u201csuperpoder\u201d y ve en los migrantes hispanos radicados de EE.UU. una hermandad sin fronteras. Se r\u00ede de los estereotipos discriminatorios precisamente para desarmarlos a trav\u00e9s de su participaci\u00f3n en la serie Alternatino.\u200b El actor Arturo Castro figura en el reparto de The Menu, una pel\u00edcula elogiada por la cr\u00edtica y","og:url":"https:\/\/soymigrante.com\/revista\/actor-arturo-castro\/","og:image":"https:\/\/soymigrante.com\/revista\/wp-content\/uploads\/2023\/02\/artennat.webp","og:image:secure_url":"https:\/\/soymigrante.com\/revista\/wp-content\/uploads\/2023\/02\/artennat.webp","og:image:width":1280,"og:image:height":720,"article:published_time":"2023-05-26T00:12:51+00:00","article:modified_time":"2026-03-11T20:41:43+00:00","article:publisher":"https:\/\/www.facebook.com\/soymigrantecom","twitter:card":"summary_large_image","twitter:site":"@SoyMigrante_com","twitter:title":"\u201cCuando uno tiene un sue\u00f1o, no hay plan B\u201d: actor Arturo Castro","twitter:description":"Considera el ser guatemalteco un \u201csuperpoder\u201d y ve en los migrantes hispanos radicados de EE.UU. una hermandad sin fronteras. Se r\u00ede de los estereotipos discriminatorios precisamente para desarmarlos a trav\u00e9s de su participaci\u00f3n en la serie Alternatino.\u200b El actor Arturo Castro figura en el reparto de The Menu, una pel\u00edcula elogiada por la cr\u00edtica y","twitter:creator":"@SoyMigrante_com","twitter:image":"https:\/\/soymigrante.com\/revista\/wp-content\/uploads\/2023\/02\/artennat.webp"},"aioseo_meta_data":{"post_id":"223","title":"#post_title","description":"#post_excerpt","keywords":null,"keyphrases":{"focus":{"keyphrase":"Migrante","score":51,"analysis":{"keyphraseInTitle":{"score":3,"maxScore":9,"error":1},"keyphraseInDescription":{"score":9,"maxScore":9,"error":0},"keyphraseLength":{"score":9,"maxScore":9,"error":0,"length":1},"keyphraseInURL":{"score":5,"maxScore":5,"error":0},"keyphraseInIntroduction":{"score":3,"maxScore":9,"error":1},"keyphraseInSubHeadings":{"score":3,"maxScore":9,"error":1},"keyphraseInImageAlt":{"score":3,"maxScore":9,"error":1},"keywordDensity":{"score":0,"type":"low","maxScore":9,"error":1}}},"additional":[{"keyphrase":"Arturo Castro","score":80,"analysis":{"keyphraseInDescription":{"score":9,"maxScore":9,"error":0},"keyphraseLength":{"score":9,"maxScore":9,"error":0,"length":2},"keyphraseInIntroduction":{"score":9,"maxScore":9,"error":0},"keyphraseInImageAlt":{"score":9,"maxScore":9,"error":0},"keywordDensity":{"score":0,"type":"low","maxScore":9,"error":1}}}]},"primary_term":null,"canonical_url":null,"og_title":null,"og_description":null,"og_object_type":"default","og_image_type":"default","og_image_url":null,"og_image_width":null,"og_image_height":null,"og_image_custom_url":null,"og_image_custom_fields":null,"og_video":"","og_custom_url":null,"og_article_section":null,"og_article_tags":null,"twitter_use_og":false,"twitter_card":"default","twitter_image_type":"default","twitter_image_url":null,"twitter_image_custom_url":null,"twitter_image_custom_fields":null,"twitter_title":null,"twitter_description":null,"schema":{"blockGraphs":[],"customGraphs":[],"default":{"data":{"Article":[],"Course":[],"Dataset":[],"FAQPage":[],"Movie":[],"Person":[],"Product":[],"ProductReview":[],"Car":[],"Recipe":[],"Service":[],"SoftwareApplication":[],"WebPage":[]},"graphName":"Article","isEnabled":true},"graphs":[]},"schema_type":"default","schema_type_options":null,"pillar_content":false,"robots_default":true,"robots_noindex":false,"robots_noarchive":false,"robots_nosnippet":false,"robots_nofollow":false,"robots_noimageindex":false,"robots_noodp":false,"robots_notranslate":false,"robots_max_snippet":"-1","robots_max_videopreview":"-1","robots_max_imagepreview":"large","priority":null,"frequency":"default","local_seo":null,"seo_analyzer_scan_date":"2026-03-16 21:44:38","breadcrumb_settings":null,"limit_modified_date":false,"reviewed_by":null,"open_ai":"{\"title\":{\"suggestions\":[],\"usage\":0},\"description\":{\"suggestions\":[],\"usage\":0}}","ai":null,"created":"2023-08-17 09:12:00","updated":"2026-03-16 21:44:38"},"aioseo_breadcrumb":"<div class=\"aioseo-breadcrumbs\"><span class=\"aioseo-breadcrumb\">\n\t<a href=\"https:\/\/soymigrante.com\/revista\" title=\"Home\">Home<\/a>\n<\/span><span class=\"aioseo-breadcrumb-separator\">\u00bb<\/span><span class=\"aioseo-breadcrumb\">\n\t<a href=\"https:\/\/soymigrante.com\/revista\/category\/exitos\/\" title=\"\u00c9xitos\">\u00c9xitos<\/a>\n<\/span><span class=\"aioseo-breadcrumb-separator\">\u00bb<\/span><span class=\"aioseo-breadcrumb\">\n\t<a href=\"https:\/\/soymigrante.com\/revista\/category\/exitos\/guatemala\/\" title=\"Guatemala\">Guatemala<\/a>\n<\/span><span class=\"aioseo-breadcrumb-separator\">\u00bb<\/span><span class=\"aioseo-breadcrumb\">\n\t\u201cCuando uno tiene un sue\u00f1o, no hay plan B\u201d: actor Arturo Castro\n<\/span><\/div>","aioseo_breadcrumb_json":[{"label":"Home","link":"https:\/\/soymigrante.com\/revista"},{"label":"\u00c9xitos","link":"https:\/\/soymigrante.com\/revista\/category\/exitos\/"},{"label":"Guatemala","link":"https:\/\/soymigrante.com\/revista\/category\/exitos\/guatemala\/"},{"label":"&#8220;Cuando uno tiene un sue\u00f1o, no hay plan B&#8221;: actor Arturo Castro","link":"https:\/\/soymigrante.com\/revista\/actor-arturo-castro\/"}],"_links":{"self":[{"href":"https:\/\/soymigrante.com\/revista\/wp-json\/wp\/v2\/posts\/223","targetHints":{"allow":["GET"]}}],"collection":[{"href":"https:\/\/soymigrante.com\/revista\/wp-json\/wp\/v2\/posts"}],"about":[{"href":"https:\/\/soymigrante.com\/revista\/wp-json\/wp\/v2\/types\/post"}],"author":[{"embeddable":true,"href":"https:\/\/soymigrante.com\/revista\/wp-json\/wp\/v2\/users\/7"}],"replies":[{"embeddable":true,"href":"https:\/\/soymigrante.com\/revista\/wp-json\/wp\/v2\/comments?post=223"}],"version-history":[{"count":3,"href":"https:\/\/soymigrante.com\/revista\/wp-json\/wp\/v2\/posts\/223\/revisions"}],"predecessor-version":[{"id":53330,"href":"https:\/\/soymigrante.com\/revista\/wp-json\/wp\/v2\/posts\/223\/revisions\/53330"}],"wp:featuredmedia":[{"embeddable":true,"href":"https:\/\/soymigrante.com\/revista\/wp-json\/wp\/v2\/media\/739"}],"wp:attachment":[{"href":"https:\/\/soymigrante.com\/revista\/wp-json\/wp\/v2\/media?parent=223"}],"wp:term":[{"taxonomy":"category","embeddable":true,"href":"https:\/\/soymigrante.com\/revista\/wp-json\/wp\/v2\/categories?post=223"},{"taxonomy":"post_tag","embeddable":true,"href":"https:\/\/soymigrante.com\/revista\/wp-json\/wp\/v2\/tags?post=223"}],"curies":[{"name":"wp","href":"https:\/\/api.w.org\/{rel}","templated":true}]}}