{"id":22222,"date":"2025-01-23T09:08:04","date_gmt":"2025-01-23T15:08:04","guid":{"rendered":"https:\/\/soymigrante.com\/revista\/?p=22222"},"modified":"2025-01-23T17:14:06","modified_gmt":"2025-01-23T23:14:06","slug":"migrantes-ocupan-trabajos-que-estadounidenses-no-desean-afirma-estudio-del-pew-center","status":"publish","type":"post","link":"https:\/\/soymigrante.com\/revista\/migrantes-ocupan-trabajos-que-estadounidenses-no-desean-afirma-estudio-del-pew-center\/","title":{"rendered":"Migrantes desempe\u00f1an trabajos que ciudadanos no desean, afirma estudio del Pew Center"},"content":{"rendered":"\t\t<div data-elementor-type=\"wp-post\" data-elementor-id=\"22222\" class=\"elementor elementor-22222\" data-elementor-post-type=\"post\">\n\t\t\t\t<div data-particle_enable=\"false\" data-particle-mobile-disabled=\"false\" class=\"elementor-element elementor-element-11276ba e-flex e-con-boxed e-con e-parent\" data-id=\"11276ba\" data-element_type=\"container\" data-e-type=\"container\">\n\t\t\t\t\t<div class=\"e-con-inner\">\n\t\t\t\t<div class=\"elementor-element elementor-element-53c31ef elementor-widget elementor-widget-heading\" data-id=\"53c31ef\" data-element_type=\"widget\" data-e-type=\"widget\" data-widget_type=\"heading.default\">\n\t\t\t\t\t<h2 class=\"elementor-heading-title elementor-size-default\">Un informe del Pew Research Center, muestra una postura clara del 71% de los ciudadanos estadounidenses: los migrantes, sin importar su estatus legal, son vistos como una fuerza laboral esencial, incluso para para empleos menos deseados por los locales.<\/h2>\t\t\t\t<\/div>\n\t\t\t\t<div class=\"elementor-element elementor-element-34552ce elementor-widget elementor-widget-text-editor\" data-id=\"34552ce\" data-element_type=\"widget\" data-e-type=\"widget\" data-widget_type=\"text-editor.default\">\n\t\t\t\t\t\t\t\t\t<p>Un\u00a0 estudio del Pew Research Cente,r efectuado a finales del 2024, revela que independientemente del estatus legal de los migrantes, la mayor\u00eda de quienes emitieron su voto en las Elecciones USA, cree que estos suelen desempe\u00f1ar trabajos que los ciudadanos estadounidenses no est\u00e1n dispuestos a aceptar.\u00a0<\/p><p>La encuesta destaca c\u00f3mo esta percepci\u00f3n trasciende las divisiones partidistas, aunque con diferencias significativas entre republicanos y dem\u00f3cratas.<\/p>\t\t\t\t\t\t\t\t<\/div>\n\t\t\t\t\t<\/div>\n\t\t\t\t<\/div>\n\t\t<div data-particle_enable=\"false\" data-particle-mobile-disabled=\"false\" class=\"elementor-element elementor-element-6509c87 e-flex e-con-boxed e-con e-parent\" data-id=\"6509c87\" data-element_type=\"container\" data-e-type=\"container\">\n\t\t\t\t\t<div class=\"e-con-inner\">\n\t\t\t\t<div class=\"elementor-element elementor-element-41ec256 elementor-widget elementor-widget-image\" data-id=\"41ec256\" data-element_type=\"widget\" data-e-type=\"widget\" data-widget_type=\"image.default\">\n\t\t\t\t\t\t\t\t\t\t\t\t<figure class=\"wp-caption\">\n\t\t\t\t\t\t\t\t\t\t<img fetchpriority=\"high\" decoding=\"async\" width=\"768\" height=\"512\" src=\"https:\/\/soymigrante.com\/revista\/wp-content\/uploads\/2024\/12\/trabajos-migrantes-4-1-1024x683.jpg\" class=\"attachment-large size-large wp-image-16776\" alt=\"Construcci\u00f3n de edificios con t\u00e9cnicas modernas en auge en la migraci\u00f3n laboral.\" srcset=\"https:\/\/soymigrante.com\/revista\/wp-content\/uploads\/2024\/12\/trabajos-migrantes-4-1-1024x683.jpg 1024w, https:\/\/soymigrante.com\/revista\/wp-content\/uploads\/2024\/12\/trabajos-migrantes-4-1-300x200.jpg 300w, https:\/\/soymigrante.com\/revista\/wp-content\/uploads\/2024\/12\/trabajos-migrantes-4-1-768x512.jpg 768w, https:\/\/soymigrante.com\/revista\/wp-content\/uploads\/2024\/12\/trabajos-migrantes-4-1-1536x1024.jpg 1536w, https:\/\/soymigrante.com\/revista\/wp-content\/uploads\/2024\/12\/trabajos-migrantes-4-1-2048x1365.jpg 2048w, https:\/\/soymigrante.com\/revista\/wp-content\/uploads\/2024\/12\/trabajos-migrantes-4-1-750x500.webp 750w, https:\/\/soymigrante.com\/revista\/wp-content\/uploads\/2024\/12\/trabajos-migrantes-4-1-1140x760.webp 1140w, https:\/\/soymigrante.com\/revista\/wp-content\/uploads\/2024\/12\/trabajos-migrantes-4-1-scaled.webp 1920w\" sizes=\"(max-width: 768px) 100vw, 768px\" title=\"trabajos migrantes 4 \u2013 SoyMigrante.com REVISTA\" \/>\t\t\t\t\t\t\t\t\t\t\t<figcaption class=\"widget-image-caption wp-caption-text\">Imagen de alba\u00f1iles trabajando en la fachada de un edificio en construcci\u00f3n, destacando innovaci\u00f3n en obra y desarrollo urbano.<\/figcaption>\n\t\t\t\t\t\t\t\t\t\t<\/figure>\n\t\t\t\t\t\t\t\t\t<\/div>\n\t\t\t\t\t<\/div>\n\t\t\t\t<\/div>\n\t\t<div data-particle_enable=\"false\" data-particle-mobile-disabled=\"false\" class=\"elementor-element elementor-element-29e8035 e-flex e-con-boxed e-con e-parent\" data-id=\"29e8035\" data-element_type=\"container\" data-e-type=\"container\">\n\t\t\t\t\t<div class=\"e-con-inner\">\n\t\t\t\t<div class=\"elementor-element elementor-element-e268575 elementor-widget elementor-widget-heading\" data-id=\"e268575\" data-element_type=\"widget\" data-e-type=\"widget\" data-widget_type=\"heading.default\">\n\t\t\t\t\t<h3 class=\"elementor-heading-title elementor-size-default\">Trabajan en labores que otros no quieren<\/h3>\t\t\t\t<\/div>\n\t\t\t\t\t<\/div>\n\t\t\t\t<\/div>\n\t\t<div data-particle_enable=\"false\" data-particle-mobile-disabled=\"false\" class=\"elementor-element elementor-element-6334d7c e-flex e-con-boxed e-con e-parent\" data-id=\"6334d7c\" data-element_type=\"container\" data-e-type=\"container\">\n\t\t\t\t\t<div class=\"e-con-inner\">\n\t\t\t\t<div class=\"elementor-element elementor-element-cc3c1d9 elementor-widget elementor-widget-text-editor\" data-id=\"cc3c1d9\" data-element_type=\"widget\" data-e-type=\"widget\" data-widget_type=\"text-editor.default\">\n\t\t\t\t\t\t\t\t\t<p>En un contexto donde la migraci\u00f3n sigue siendo un tema central del debate p\u00fablico y pol\u00edtico en Estados Unidos, un estudio reciente del Pew Research Center arroja luz sobre las percepciones de los votantes respecto\u00a0<a style=\"text-align: var(--text-align)\" href=\"https:\/\/soymigrante.com\/revista\/migrantes-en-ee-uu-tienen-mucho-que-ofrecer-a-traves-de-participacion-comunitaria-local\/\" target=\"_blank\" rel=\"noopener\">al papel de los migrantes en la fuerza laboral.<\/a><\/p><p>La investigaci\u00f3n, publicada en octubre de 2024, muestra que una clara mayor\u00eda de los encuestados considera que los migrantes, independientemente de su estatus legal, ocupan empleos que los ciudadanos estadounidenses suelen evitar.<\/p>\t\t\t\t\t\t\t\t<\/div>\n\t\t\t\t\t<\/div>\n\t\t\t\t<\/div>\n\t\t<div data-particle_enable=\"false\" data-particle-mobile-disabled=\"false\" class=\"elementor-element elementor-element-3187ddc e-flex e-con-boxed e-con e-parent\" data-id=\"3187ddc\" data-element_type=\"container\" data-e-type=\"container\">\n\t\t\t\t\t<div class=\"e-con-inner\">\n\t\t\t\t<div class=\"elementor-element elementor-element-89a00de elementor-widget elementor-widget-image\" data-id=\"89a00de\" data-element_type=\"widget\" data-e-type=\"widget\" data-widget_type=\"image.default\">\n\t\t\t\t\t\t\t\t\t\t\t\t<figure class=\"wp-caption\">\n\t\t\t\t\t\t\t\t\t\t<img decoding=\"async\" width=\"768\" height=\"402\" src=\"https:\/\/soymigrante.com\/revista\/wp-content\/uploads\/2024\/12\/migrantes-10-1024x536.jpg\" class=\"attachment-large size-large wp-image-16975\" alt=\"Trabajadores migrantes en el campo cultivando con esfuerzo en un paisaje agr\u00edcola.\" srcset=\"https:\/\/soymigrante.com\/revista\/wp-content\/uploads\/2024\/12\/migrantes-10-1024x536.jpg 1024w, https:\/\/soymigrante.com\/revista\/wp-content\/uploads\/2024\/12\/migrantes-10-300x157.jpg 300w, https:\/\/soymigrante.com\/revista\/wp-content\/uploads\/2024\/12\/migrantes-10-768x402.jpg 768w, https:\/\/soymigrante.com\/revista\/wp-content\/uploads\/2024\/12\/migrantes-10-1536x805.jpg 1536w, https:\/\/soymigrante.com\/revista\/wp-content\/uploads\/2024\/12\/migrantes-10-2048x1073.jpg 2048w, https:\/\/soymigrante.com\/revista\/wp-content\/uploads\/2024\/12\/migrantes-10-750x393.webp 750w, https:\/\/soymigrante.com\/revista\/wp-content\/uploads\/2024\/12\/migrantes-10-1140x597.webp 1140w, https:\/\/soymigrante.com\/revista\/wp-content\/uploads\/2024\/12\/migrantes-10-scaled.webp 1920w\" sizes=\"(max-width: 768px) 100vw, 768px\" title=\"migrantes 10 \u2013 SoyMigrante.com REVISTA\" \/>\t\t\t\t\t\t\t\t\t\t\t<figcaption class=\"widget-image-caption wp-caption-text\">Personas migrantes trabajando en la agricultura en un campo abierto, representando la labor y el esfuerzo del colectivo migrante.<\/figcaption>\n\t\t\t\t\t\t\t\t\t\t<\/figure>\n\t\t\t\t\t\t\t\t\t<\/div>\n\t\t\t\t\t<\/div>\n\t\t\t\t<\/div>\n\t\t<div data-particle_enable=\"false\" data-particle-mobile-disabled=\"false\" class=\"elementor-element elementor-element-d06c692 e-flex e-con-boxed e-con e-parent\" data-id=\"d06c692\" data-element_type=\"container\" data-e-type=\"container\">\n\t\t\t\t\t<div class=\"e-con-inner\">\n\t\t\t\t<div class=\"elementor-element elementor-element-565b580 elementor-widget elementor-widget-heading\" data-id=\"565b580\" data-element_type=\"widget\" data-e-type=\"widget\" data-widget_type=\"heading.default\">\n\t\t\t\t\t<h3 class=\"elementor-heading-title elementor-size-default\">No quitan trabajos a ciudadanos<\/h3>\t\t\t\t<\/div>\n\t\t\t\t\t<\/div>\n\t\t\t\t<\/div>\n\t\t<div data-particle_enable=\"false\" data-particle-mobile-disabled=\"false\" class=\"elementor-element elementor-element-da4049f e-flex e-con-boxed e-con e-parent\" data-id=\"da4049f\" data-element_type=\"container\" data-e-type=\"container\">\n\t\t\t\t\t<div class=\"e-con-inner\">\n\t\t\t\t<div class=\"elementor-element elementor-element-bfeef39 elementor-widget elementor-widget-text-editor\" data-id=\"bfeef39\" data-element_type=\"widget\" data-e-type=\"widget\" data-widget_type=\"text-editor.default\">\n\t\t\t\t\t\t\t\t\t<p>El informe revela que el 71% de los votantes registrados comparte esta opini\u00f3n, mientras que solo un 26% cree que los migrantes compiten con los ciudadanos por los mismos trabajos. Este consenso se observa tanto entre ciudadanos de preferencia dem\u00f3crata como republicana, aunque con diferencias significativas.\u00a0<\/p><p>Entre los dem\u00f3cratas, el 85% considera que\u00a0<a href=\"https:\/\/soymigrante.com\/revista\/donde-buscar-servicios-prenatales-y-atencion-medica-para-madres-migrantes-en-usa\/\" target=\"_blank\" rel=\"noopener\">los migrantes<\/a>\u00a0desempe\u00f1an trabajos que los ciudadanos no quieren, mientras que esta opini\u00f3n es compartida por el 56% de los republicanos.<\/p>\t\t\t\t\t\t\t\t<\/div>\n\t\t\t\t\t<\/div>\n\t\t\t\t<\/div>\n\t\t<div data-particle_enable=\"false\" data-particle-mobile-disabled=\"false\" class=\"elementor-element elementor-element-6b63e87 e-flex e-con-boxed e-con e-parent\" data-id=\"6b63e87\" data-element_type=\"container\" data-e-type=\"container\">\n\t\t\t\t\t<div class=\"e-con-inner\">\n\t\t\t\t<div class=\"elementor-element elementor-element-937a051 elementor-widget elementor-widget-image\" data-id=\"937a051\" data-element_type=\"widget\" data-e-type=\"widget\" data-widget_type=\"image.default\">\n\t\t\t\t\t\t\t\t\t\t\t\t<figure class=\"wp-caption\">\n\t\t\t\t\t\t\t\t\t\t<img decoding=\"async\" width=\"581\" height=\"489\" src=\"https:\/\/soymigrante.com\/revista\/wp-content\/uploads\/2025\/01\/infrografia.webp\" class=\"attachment-large size-large wp-image-22239\" alt=\"\u00bfQu\u00e9 porcentaje de votantes registrados apoyan o no apoyan a Trump seg\u00fan la encuesta de PEW?.\" srcset=\"https:\/\/soymigrante.com\/revista\/wp-content\/uploads\/2025\/01\/infrografia.webp 581w, https:\/\/soymigrante.com\/revista\/wp-content\/uploads\/2025\/01\/infrografia-300x252.jpg 300w\" sizes=\"(max-width: 581px) 100vw, 581px\" title=\"infrograf\u00eda \u2013 SoyMigrante.com REVISTA\" \/>\t\t\t\t\t\t\t\t\t\t\t<figcaption class=\"widget-image-caption wp-caption-text\">Proyecci\u00f3n de Pew Research Center que refleja la perpeci\u00f3n del votante en USA.<\/figcaption>\n\t\t\t\t\t\t\t\t\t\t<\/figure>\n\t\t\t\t\t\t\t\t\t<\/div>\n\t\t\t\t\t<\/div>\n\t\t\t\t<\/div>\n\t\t<div data-particle_enable=\"false\" data-particle-mobile-disabled=\"false\" class=\"elementor-element elementor-element-73ad140 e-flex e-con-boxed e-con e-parent\" data-id=\"73ad140\" data-element_type=\"container\" data-e-type=\"container\">\n\t\t\t\t\t<div class=\"e-con-inner\">\n\t\t\t\t<div class=\"elementor-element elementor-element-8795326 elementor-widget elementor-widget-text-editor\" data-id=\"8795326\" data-element_type=\"widget\" data-e-type=\"widget\" data-widget_type=\"text-editor.default\">\n\t\t\t\t\t\t\t\t\t<p>El estudio\u00a0 refiere que la mayor\u00eda de los seguidores de Harris y Trump coinciden en que los migrantes con estatus irregular principalmente ocupan trabajos que los estadounidenses prefieren no hacer. No obstante, existen diferencias marcadas entre ambos grupos: esta opini\u00f3n es compartida por el 90 % de los seguidores de Harris, frente al 59 % de los simpatizantes de Trump.<\/p><p>De manera similar, una amplia proporci\u00f3n de ambas coaliciones opina que los\u00a0<a href=\"https:\/\/soymigrante.com\/revista\/migrantes-guatemaltecos-dedicaron-al-envio-de-remesas-el-53-de-sus-ingresos\/\" target=\"_blank\" rel=\"noopener\">migrantes irregulares suelen\u00a0desempe\u00f1ar empleos<\/a>\u00a0que los ciudadanos estadounidenses no quieren. Mientras que el 70 % de los partidarios de Harris lo considera as\u00ed, solo el 52 % de los seguidores de Trump comparte esta perspectiva.<\/p>\t\t\t\t\t\t\t\t<\/div>\n\t\t\t\t\t<\/div>\n\t\t\t\t<\/div>\n\t\t<div data-particle_enable=\"false\" data-particle-mobile-disabled=\"false\" class=\"elementor-element elementor-element-72bfe17 e-flex e-con-boxed e-con e-parent\" data-id=\"72bfe17\" data-element_type=\"container\" data-e-type=\"container\">\n\t\t\t\t\t<div class=\"e-con-inner\">\n\t\t\t\t<div class=\"elementor-element elementor-element-f878ee4 elementor-widget elementor-widget-image\" data-id=\"f878ee4\" data-element_type=\"widget\" data-e-type=\"widget\" data-widget_type=\"image.default\">\n\t\t\t\t\t\t\t\t\t\t\t\t<figure class=\"wp-caption\">\n\t\t\t\t\t\t\t\t\t\t<img loading=\"lazy\" decoding=\"async\" width=\"768\" height=\"512\" src=\"https:\/\/soymigrante.com\/revista\/wp-content\/uploads\/2024\/12\/Migrantes-guatemaltecos-pilares-en-la-construccio\u0301n--1024x682.jpeg\" class=\"attachment-large size-large wp-image-16819\" alt=\"Migrantes guatemaltecos: pilares en la construcci\u00f3n\" srcset=\"https:\/\/soymigrante.com\/revista\/wp-content\/uploads\/2024\/12\/Migrantes-guatemaltecos-pilares-en-la-construccio\u0301n--1024x682.jpeg 1024w, https:\/\/soymigrante.com\/revista\/wp-content\/uploads\/2024\/12\/Migrantes-guatemaltecos-pilares-en-la-construccio\u0301n--300x200.jpeg 300w, https:\/\/soymigrante.com\/revista\/wp-content\/uploads\/2024\/12\/Migrantes-guatemaltecos-pilares-en-la-construccio\u0301n--768x512.jpeg 768w, https:\/\/soymigrante.com\/revista\/wp-content\/uploads\/2024\/12\/Migrantes-guatemaltecos-pilares-en-la-construccio\u0301n--1536x1023.jpeg 1536w, https:\/\/soymigrante.com\/revista\/wp-content\/uploads\/2024\/12\/Migrantes-guatemaltecos-pilares-en-la-construccio\u0301n--750x500.webp 750w, https:\/\/soymigrante.com\/revista\/wp-content\/uploads\/2024\/12\/Migrantes-guatemaltecos-pilares-en-la-construccio\u0301n--1140x760.webp 1140w, https:\/\/soymigrante.com\/revista\/wp-content\/uploads\/2024\/12\/Migrantes-guatemaltecos-pilares-en-la-construccio\u0301n-.webp 1600w\" sizes=\"(max-width: 768px) 100vw, 768px\" title=\"Migrantes guatemaltecos pilares en la construccio\u0301n \u2013 SoyMigrante.com REVISTA\" \/>\t\t\t\t\t\t\t\t\t\t\t<figcaption class=\"widget-image-caption wp-caption-text\">Migrantes guatemaltecos: pilares en la construcci\u00f3n <\/figcaption>\n\t\t\t\t\t\t\t\t\t\t<\/figure>\n\t\t\t\t\t\t\t\t\t<\/div>\n\t\t\t\t\t<\/div>\n\t\t\t\t<\/div>\n\t\t<div data-particle_enable=\"false\" data-particle-mobile-disabled=\"false\" class=\"elementor-element elementor-element-c073850 e-flex e-con-boxed e-con e-parent\" data-id=\"c073850\" data-element_type=\"container\" data-e-type=\"container\">\n\t\t\t\t\t<div class=\"e-con-inner\">\n\t\t\t\t<div class=\"elementor-element elementor-element-c529110 elementor-widget elementor-widget-heading\" data-id=\"c529110\" data-element_type=\"widget\" data-e-type=\"widget\" data-widget_type=\"heading.default\">\n\t\t\t\t\t<h3 class=\"elementor-heading-title elementor-size-default\">J\u00f3venes valoran impacto positivo migrante<\/h3>\t\t\t\t<\/div>\n\t\t\t\t\t<\/div>\n\t\t\t\t<\/div>\n\t\t<div data-particle_enable=\"false\" data-particle-mobile-disabled=\"false\" class=\"elementor-element elementor-element-e88ed15 e-flex e-con-boxed e-con e-parent\" data-id=\"e88ed15\" data-element_type=\"container\" data-e-type=\"container\">\n\t\t\t\t\t<div class=\"e-con-inner\">\n\t\t\t\t<div class=\"elementor-element elementor-element-b8d7b89 elementor-widget elementor-widget-text-editor\" data-id=\"b8d7b89\" data-element_type=\"widget\" data-e-type=\"widget\" data-widget_type=\"text-editor.default\">\n\t\t\t\t\t\t\t\t\t<p>El estudio tambi\u00e9n destaca las divisiones generacionales y raciales en las percepciones\u00a0<a href=\"https:\/\/soymigrante.com\/revista\/mas-de-121-mil-guatemaltecos-migrantes-en-ee-uu-han-solicitado-su-dpi-en-2024\/\" target=\"_blank\" rel=\"noopener\">sobre la migraci\u00f3n<\/a>. Los votantes m\u00e1s j\u00f3venes, de 18 a 29 a\u00f1os, tienden a expresar una visi\u00f3n m\u00e1s positiva sobre el impacto de los migrantes en la econom\u00eda, en comparaci\u00f3n con los votantes mayores de 65 a\u00f1os.\u00a0<\/p><p>Asimismo, los votantes latinos y afroamericanos son m\u00e1s propensos que los votantes blancos a reconocer el aporte de los migrantes en trabajos que no suelen ser cubiertos por ciudadanos estadounidenses.<\/p><p>Este panorama subraya c\u00f3mo la narrativa sobre los migrantes est\u00e1 evolucionando en el discurso p\u00fablico. Aunque las diferencias partidistas siguen siendo marcadas, los hallazgos sugieren que hay un acuerdo generalizado sobre la importancia econ\u00f3mica de los migrantes en ciertos sectores laborales,\u00a0<a style=\"text-align: var(--text-align)\" href=\"https:\/\/soymigrante.com\/revista\/migrantes-guatemaltecos-jairo-y-sara-historia-de-amor-familiar-valores-solidaridad\/\" target=\"_blank\" rel=\"noopener\">como la agricultura, la construcci\u00f3n y el servicio dom\u00e9stico<\/a>, seg\u00fan el estudio.<\/p>\t\t\t\t\t\t\t\t<\/div>\n\t\t\t\t\t<\/div>\n\t\t\t\t<\/div>\n\t\t<div data-particle_enable=\"false\" data-particle-mobile-disabled=\"false\" class=\"elementor-element elementor-element-416be64 e-flex e-con-boxed e-con e-parent\" data-id=\"416be64\" data-element_type=\"container\" data-e-type=\"container\">\n\t\t\t\t\t<div class=\"e-con-inner\">\n\t\t\t\t<div class=\"elementor-element elementor-element-2368ffb elementor-widget elementor-widget-video\" data-id=\"2368ffb\" data-element_type=\"widget\" data-e-type=\"widget\" data-settings=\"{&quot;youtube_url&quot;:&quot;https:\\\/\\\/www.youtube.com\\\/watch?v=Ra99U56AJxI&quot;,&quot;video_type&quot;:&quot;youtube&quot;,&quot;controls&quot;:&quot;yes&quot;}\" data-widget_type=\"video.default\">\n\t\t\t\t\t\t\t<div class=\"elementor-wrapper elementor-open-inline\">\n\t\t\t<div class=\"elementor-video\"><\/div>\t\t<\/div>\n\t\t\t\t\t\t<\/div>\n\t\t\t\t\t<\/div>\n\t\t\t\t<\/div>\n\t\t<div data-particle_enable=\"false\" data-particle-mobile-disabled=\"false\" class=\"elementor-element elementor-element-8ea9ab1 e-flex e-con-boxed e-con e-parent\" data-id=\"8ea9ab1\" data-element_type=\"container\" data-e-type=\"container\">\n\t\t\t\t\t<div class=\"e-con-inner\">\n\t\t\t\t<div class=\"elementor-element elementor-element-5f21216 elementor-widget elementor-widget-heading\" data-id=\"5f21216\" data-element_type=\"widget\" data-e-type=\"widget\" data-widget_type=\"heading.default\">\n\t\t\t\t\t<h2 class=\"elementor-heading-title elementor-size-default\">Temas que debes conocer...<\/h2>\t\t\t\t<\/div>\n\t\t\t\t\t<\/div>\n\t\t\t\t<\/div>\n\t\t<div data-particle_enable=\"false\" data-particle-mobile-disabled=\"false\" class=\"elementor-element elementor-element-2e46745 e-flex e-con-boxed e-con e-parent\" data-id=\"2e46745\" data-element_type=\"container\" data-e-type=\"container\">\n\t\t\t\t\t<div class=\"e-con-inner\">\n\t\t\t\t<div class=\"elementor-element elementor-element-bb61219 elementor-grid-eael-col-3 elementor-grid-tablet-eael-col-2 elementor-grid-mobile-eael-col-1 elementor-widget elementor-widget-eael-post-grid\" data-id=\"bb61219\" data-element_type=\"widget\" data-e-type=\"widget\" data-settings=\"{&quot;eael_post_grid_columns&quot;:&quot;eael-col-3&quot;,&quot;eael_post_grid_columns_tablet&quot;:&quot;eael-col-2&quot;,&quot;eael_post_grid_columns_mobile&quot;:&quot;eael-col-1&quot;}\" data-widget_type=\"eael-post-grid.default\">\n\t\t\t\t\t<div id=\"eael-post-grid-bb61219\" class=\"eael-post-grid-container\">\n            <div class=\"eael-post-grid eael-post-appender eael-post-appender-bb61219 eael-post-grid-style-one\" data-layout-mode=\"masonry\"><article class=\"eael-grid-post  eael-post-grid-column eael-pg-post-1650 category-estamos-unidos tags-remesas-migrantes\" data-id=\"1650\">\n        <div class=\"eael-grid-post-holder\">\n            <div class=\"eael-grid-post-holder-inner\"><div class=\"eael-entry-media\"><div class=\"eael-entry-overlay fade-in\"><i class=\"far fa-hand-pointer\" aria-hidden=\"true\"><\/i><a href=\"https:\/\/soymigrante.com\/revista\/impacto-remesas-guatemala-desde-eeuu\/\"><\/a><\/div><div class=\"eael-entry-thumbnail \">\n                <img loading=\"lazy\" decoding=\"async\" width=\"1024\" height=\"700\" src=\"https:\/\/soymigrante.com\/revista\/wp-content\/uploads\/2023\/06\/Captura-de-pantalla-2023-06-28-124853-1024x700.webp\" class=\"attachment-large size-large wp-image-1651\" alt=\"Ilustraci\u00f3n de d\u00f3lares para ilustrar tema de remesas migrantes de Estados Unidos a Guatemala\" \/>\n            <\/div>\n        <\/div><div class=\"eael-entry-wrapper\"><header class=\"eael-entry-header\"><h2 class=\"eael-entry-title\"><a class=\"eael-grid-post-link\" href=\"https:\/\/soymigrante.com\/revista\/impacto-remesas-guatemala-desde-eeuu\/\" title=\"\u00bfA d\u00f3nde van las remesas enviadas por migrantes guatemaltecos desde Estados Unidos?\">\u00bfA d\u00f3nde van las remesas enviadas por migrantes guatemaltecos desde Estados Unidos?<\/a><\/h2><\/header><div class=\"eael-entry-content\">\n                        <div class=\"eael-grid-post-excerpt\"><a href=\"https:\/\/soymigrante.com\/revista\/impacto-remesas-guatemala-desde-eeuu\/\" class=\"eael-post-elements-readmore-btn\">CONOCE SU HISTORIA <\/a><\/div>\n                    <\/div><\/div><\/div>\n        <\/div>\n    <\/article><article class=\"eael-grid-post  eael-post-grid-column eael-pg-post-1365 category-exitos\" data-id=\"1365\">\n        <div class=\"eael-grid-post-holder\">\n            <div class=\"eael-grid-post-holder-inner\"><div class=\"eael-entry-media\"><div class=\"eael-entry-overlay fade-in\"><i class=\"far fa-hand-pointer\" aria-hidden=\"true\"><\/i><a href=\"https:\/\/soymigrante.com\/revista\/encomiendas-llevan-a-migrantes-guatemaltecos-el-sabor-y-el-amor-de-su-tierra\/\"><\/a><\/div><div class=\"eael-entry-thumbnail \">\n                <img loading=\"lazy\" decoding=\"async\" width=\"1024\" height=\"679\" src=\"https:\/\/soymigrante.com\/revista\/wp-content\/uploads\/2023\/06\/Servicio-de-encomiendas-conecta-a-guatemaltecos-en-Estados-Unidos-con-el-sabor-de-su-pueblo-5-1024x679.webp\" class=\"attachment-large size-large wp-image-1402\" alt=\"\" srcset=\"https:\/\/soymigrante.com\/revista\/wp-content\/uploads\/2023\/06\/Servicio-de-encomiendas-conecta-a-guatemaltecos-en-Estados-Unidos-con-el-sabor-de-su-pueblo-5-1024x679.webp 1024w, https:\/\/soymigrante.com\/revista\/wp-content\/uploads\/2023\/06\/Servicio-de-encomiendas-conecta-a-guatemaltecos-en-Estados-Unidos-con-el-sabor-de-su-pueblo-5-300x199.webp 300w, https:\/\/soymigrante.com\/revista\/wp-content\/uploads\/2023\/06\/Servicio-de-encomiendas-conecta-a-guatemaltecos-en-Estados-Unidos-con-el-sabor-de-su-pueblo-5-768x509.webp 768w, https:\/\/soymigrante.com\/revista\/wp-content\/uploads\/2023\/06\/Servicio-de-encomiendas-conecta-a-guatemaltecos-en-Estados-Unidos-con-el-sabor-de-su-pueblo-5-750x497.webp 750w, https:\/\/soymigrante.com\/revista\/wp-content\/uploads\/2023\/06\/Servicio-de-encomiendas-conecta-a-guatemaltecos-en-Estados-Unidos-con-el-sabor-de-su-pueblo-5-1140x756.webp 1140w, https:\/\/soymigrante.com\/revista\/wp-content\/uploads\/2023\/06\/Servicio-de-encomiendas-conecta-a-guatemaltecos-en-Estados-Unidos-con-el-sabor-de-su-pueblo-5.webp 1398w\" sizes=\"(max-width: 1024px) 100vw, 1024px\" \/>\n            <\/div>\n        <\/div><div class=\"eael-entry-wrapper\"><header class=\"eael-entry-header\"><h2 class=\"eael-entry-title\"><a class=\"eael-grid-post-link\" href=\"https:\/\/soymigrante.com\/revista\/encomiendas-llevan-a-migrantes-guatemaltecos-el-sabor-y-el-amor-de-su-tierra\/\" title=\"Encomiendas llevan a migrantes guatemaltecos el sabor y el amor de su tierra\">Encomiendas llevan a migrantes guatemaltecos el sabor y el amor de su tierra<\/a><\/h2><\/header><div class=\"eael-entry-content\">\n                        <div class=\"eael-grid-post-excerpt\"><a href=\"https:\/\/soymigrante.com\/revista\/encomiendas-llevan-a-migrantes-guatemaltecos-el-sabor-y-el-amor-de-su-tierra\/\" class=\"eael-post-elements-readmore-btn\">CONOCE SU HISTORIA <\/a><\/div>\n                    <\/div><\/div><\/div>\n        <\/div>\n    <\/article><article class=\"eael-grid-post  eael-post-grid-column eael-pg-post-260 category-estamos-unidos\" data-id=\"260\">\n        <div class=\"eael-grid-post-holder\">\n            <div class=\"eael-grid-post-holder-inner\"><div class=\"eael-entry-media\"><div class=\"eael-entry-overlay fade-in\"><i class=\"far fa-hand-pointer\" aria-hidden=\"true\"><\/i><a href=\"https:\/\/soymigrante.com\/revista\/los-migrantes-tambien-somos-guatemala\/\"><\/a><\/div><div class=\"eael-entry-thumbnail \">\n                <img loading=\"lazy\" decoding=\"async\" width=\"1024\" height=\"768\" src=\"https:\/\/soymigrante.com\/revista\/wp-content\/uploads\/2023\/02\/SOY-BEN-MONTERROSO-3-1024x768.jpg\" class=\"attachment-large size-large wp-image-263\" alt=\"\" srcset=\"https:\/\/soymigrante.com\/revista\/wp-content\/uploads\/2023\/02\/SOY-BEN-MONTERROSO-3-1024x768.jpg 1024w, https:\/\/soymigrante.com\/revista\/wp-content\/uploads\/2023\/02\/SOY-BEN-MONTERROSO-3-300x225.webp 300w, https:\/\/soymigrante.com\/revista\/wp-content\/uploads\/2023\/02\/SOY-BEN-MONTERROSO-3-768x576.jpg 768w, https:\/\/soymigrante.com\/revista\/wp-content\/uploads\/2023\/02\/SOY-BEN-MONTERROSO-3-750x563.webp 750w, https:\/\/soymigrante.com\/revista\/wp-content\/uploads\/2023\/02\/SOY-BEN-MONTERROSO-3-1140x855.jpg 1140w, https:\/\/soymigrante.com\/revista\/wp-content\/uploads\/2023\/02\/SOY-BEN-MONTERROSO-3.webp 1440w\" sizes=\"(max-width: 1024px) 100vw, 1024px\" \/>\n            <\/div>\n        <\/div><div class=\"eael-entry-wrapper\"><header class=\"eael-entry-header\"><h2 class=\"eael-entry-title\"><a class=\"eael-grid-post-link\" href=\"https:\/\/soymigrante.com\/revista\/los-migrantes-tambien-somos-guatemala\/\" title=\"&#8220;Los migrantes tambi\u00e9n somos Guatemala y tenemos derecho a marcar su futuro&#8221;: Ben Monterroso\">&#8220;Los migrantes tambi\u00e9n somos Guatemala y tenemos derecho a marcar su futuro&#8221;: Ben Monterroso<\/a><\/h2><\/header><div class=\"eael-entry-content\">\n                        <div class=\"eael-grid-post-excerpt\"><a href=\"https:\/\/soymigrante.com\/revista\/los-migrantes-tambien-somos-guatemala\/\" class=\"eael-post-elements-readmore-btn\">CONOCE SU HISTORIA <\/a><\/div>\n                    <\/div><\/div><\/div>\n        <\/div>\n    <\/article><\/div>\n            <div class=\"clearfix\"><\/div>\n        <\/div>\t\t\t\t<\/div>\n\t\t\t\t\t<\/div>\n\t\t\t\t<\/div>\n\t\t\t\t<\/div>\n\t\t","protected":false},"excerpt":{"rendered":"<p>Un informe del Pew Research Center, muestra una postura clara del 71% de los ciudadanos estadounidenses: los migrantes, sin importar su estatus legal, son vistos como una fuerza laboral esencial, incluso para para empleos menos deseados por los locales. Un\u00a0 estudio del Pew Research Cente,r efectuado a finales del 2024, revela que independientemente del estatus [&hellip;]<\/p>\n","protected":false},"author":23,"featured_media":22259,"comment_status":"open","ping_status":"open","sticky":false,"template":"","format":"standard","meta":{"_acf_changed":false,"_eb_attr":"","footnotes":""},"categories":[54],"tags":[],"class_list":["post-22222","post","type-post","status-publish","format-standard","has-post-thumbnail","hentry","category-estamos-unidos"],"acf":[],"aioseo_notices":[],"aioseo_head":"\n\t\t<!-- All in One SEO Pro 4.9.6.2 - aioseo.com -->\n\t<meta name=\"description\" content=\"Ben Monterroso, guatemalteco defensor de los derechos migrantes y promotor del voto en el extranujero considera contradictorio que se les llame \u201ch\u00e9roes\u201d por sostener la econom\u00eda del pa\u00eds, pero no se les facilita la participaci\u00f3n pol\u00edtica ni reciben la atenci\u00f3n necesaria del Estado de Guatemala. Con m\u00e1s de 45 a\u00f1os de haber llegado a EE.UU.,\" \/>\n\t<meta name=\"robots\" content=\"max-snippet:-1, max-image-preview:large, max-video-preview:-1\" \/>\n\t<meta name=\"author\" content=\"Gustavo Montenegro\"\/>\n\t<link rel=\"canonical\" href=\"https:\/\/soymigrante.com\/revista\/los-migrantes-tambien-somos-guatemala\/\" \/>\n\t<meta name=\"generator\" content=\"All in One SEO Pro (AIOSEO) 4.9.6.2\" \/>\n\n\t\t<link rel=\"preconnect\" href=\"https:\/\/fonts.googleapis.com\" crossorigin>\n<link rel=\"preconnect\" href=\"https:\/\/fonts.gstatic.com\" crossorigin>\n\t\t<meta property=\"og:locale\" content=\"es_ES\" \/>\n\t\t<meta property=\"og:site_name\" content=\"SoyMigrante.com REVISTA \u2013 Nuestra misi\u00f3n es reconocer y dignificar al migrante.\" \/>\n\t\t<meta property=\"og:type\" content=\"article\" \/>\n\t\t<meta property=\"og:title\" content=\"\u201cLos migrantes tambi\u00e9n somos Guatemala y tenemos derecho a marcar su futuro\u201d: Ben Monterroso\" \/>\n\t\t<meta property=\"og:description\" content=\"Ben Monterroso, guatemalteco defensor de los derechos migrantes y promotor del voto en el extranujero considera contradictorio que se les llame \u201ch\u00e9roes\u201d por sostener la econom\u00eda del pa\u00eds, pero no se les facilita la participaci\u00f3n pol\u00edtica ni reciben la atenci\u00f3n necesaria del Estado de Guatemala. Con m\u00e1s de 45 a\u00f1os de haber llegado a EE.UU.,\" \/>\n\t\t<meta property=\"og:url\" content=\"https:\/\/soymigrante.com\/revista\/los-migrantes-tambien-somos-guatemala\/\" \/>\n\t\t<meta property=\"og:image\" content=\"https:\/\/soymigrante.com\/revista\/wp-content\/uploads\/2023\/02\/SOY-BEN-MONTERROSO-3.webp\" \/>\n\t\t<meta property=\"og:image:secure_url\" content=\"https:\/\/soymigrante.com\/revista\/wp-content\/uploads\/2023\/02\/SOY-BEN-MONTERROSO-3.webp\" \/>\n\t\t<meta property=\"og:image:width\" content=\"1440\" \/>\n\t\t<meta property=\"og:image:height\" content=\"1080\" \/>\n\t\t<meta property=\"article:published_time\" content=\"2023-05-26T00:01:24+00:00\" \/>\n\t\t<meta property=\"article:modified_time\" content=\"2024-11-01T21:04:18+00:00\" \/>\n\t\t<meta property=\"article:publisher\" content=\"https:\/\/www.facebook.com\/soymigrantecom\" \/>\n\t\t<meta name=\"twitter:card\" content=\"summary_large_image\" \/>\n\t\t<meta name=\"twitter:site\" content=\"@SoyMigrante_com\" \/>\n\t\t<meta name=\"twitter:title\" content=\"\u201cLos migrantes tambi\u00e9n somos Guatemala y tenemos derecho a marcar su futuro\u201d: Ben Monterroso\" \/>\n\t\t<meta name=\"twitter:description\" content=\"Ben Monterroso, guatemalteco defensor de los derechos migrantes y promotor del voto en el extranujero considera contradictorio que se les llame \u201ch\u00e9roes\u201d por sostener la econom\u00eda del pa\u00eds, pero no se les facilita la participaci\u00f3n pol\u00edtica ni reciben la atenci\u00f3n necesaria del Estado de Guatemala. Con m\u00e1s de 45 a\u00f1os de haber llegado a EE.UU.,\" \/>\n\t\t<meta name=\"twitter:creator\" content=\"@SoyMigrante_com\" \/>\n\t\t<meta name=\"twitter:image\" content=\"https:\/\/soymigrante.com\/revista\/wp-content\/uploads\/2023\/02\/SOY-BEN-MONTERROSO-3.webp\" \/>\n\t\t<!-- All in One SEO Pro -->\r\n\t\t<title>\u201cLos migrantes tambi\u00e9n somos Guatemala y tenemos derecho a marcar su futuro\u201d: Ben Monterroso<\/title>\n\n","aioseo_head_json":{"title":"\u201cLos migrantes tambi\u00e9n somos Guatemala y tenemos derecho a marcar su futuro\u201d: Ben Monterroso","description":"Ben Monterroso, guatemalteco defensor de los derechos migrantes y promotor del voto en el extranujero considera contradictorio que se les llame \u201ch\u00e9roes\u201d por sostener la econom\u00eda del pa\u00eds, pero no se les facilita la participaci\u00f3n pol\u00edtica ni reciben la atenci\u00f3n necesaria del Estado de Guatemala. Con m\u00e1s de 45 a\u00f1os de haber llegado a EE.UU.,","canonical_url":"https:\/\/soymigrante.com\/revista\/los-migrantes-tambien-somos-guatemala\/","robots":"max-snippet:-1, max-image-preview:large, max-video-preview:-1","keywords":"","webmasterTools":{"miscellaneous":"&lt;link rel=\"preconnect\" href=\"https:\/\/fonts.googleapis.com\" crossorigin&gt;\n&lt;link rel=\"preconnect\" href=\"https:\/\/fonts.gstatic.com\" crossorigin&gt;"},"schema":null,"og:locale":"es_ES","og:site_name":"SoyMigrante.com REVISTA \u2013 Nuestra misi\u00f3n es reconocer y dignificar al migrante.","og:type":"article","og:title":"\u201cLos migrantes tambi\u00e9n somos Guatemala y tenemos derecho a marcar su futuro\u201d: Ben Monterroso","og:description":"Ben Monterroso, guatemalteco defensor de los derechos migrantes y promotor del voto en el extranujero considera contradictorio que se les llame \u201ch\u00e9roes\u201d por sostener la econom\u00eda del pa\u00eds, pero no se les facilita la participaci\u00f3n pol\u00edtica ni reciben la atenci\u00f3n necesaria del Estado de Guatemala. Con m\u00e1s de 45 a\u00f1os de haber llegado a EE.UU.,","og:url":"https:\/\/soymigrante.com\/revista\/los-migrantes-tambien-somos-guatemala\/","og:image":"https:\/\/soymigrante.com\/revista\/wp-content\/uploads\/2023\/02\/SOY-BEN-MONTERROSO-3.webp","og:image:secure_url":"https:\/\/soymigrante.com\/revista\/wp-content\/uploads\/2023\/02\/SOY-BEN-MONTERROSO-3.webp","og:image:width":1440,"og:image:height":1080,"article:published_time":"2023-05-26T00:01:24+00:00","article:modified_time":"2024-11-01T21:04:18+00:00","article:publisher":"https:\/\/www.facebook.com\/soymigrantecom","twitter:card":"summary_large_image","twitter:site":"@SoyMigrante_com","twitter:title":"\u201cLos migrantes tambi\u00e9n somos Guatemala y tenemos derecho a marcar su futuro\u201d: Ben Monterroso","twitter:description":"Ben Monterroso, guatemalteco defensor de los derechos migrantes y promotor del voto en el extranujero considera contradictorio que se les llame \u201ch\u00e9roes\u201d por sostener la econom\u00eda del pa\u00eds, pero no se les facilita la participaci\u00f3n pol\u00edtica ni reciben la atenci\u00f3n necesaria del Estado de Guatemala. Con m\u00e1s de 45 a\u00f1os de haber llegado a EE.UU.,","twitter:creator":"@SoyMigrante_com","twitter:image":"https:\/\/soymigrante.com\/revista\/wp-content\/uploads\/2023\/02\/SOY-BEN-MONTERROSO-3.webp"},"aioseo_meta_data":{"post_id":"22222","title":"Migrantes en USA ocupan trabajos que ciudadanos no desean","description":"Los migrantes son una fuerza laboral esencial en Estados Unidos, incluyendo empleos que no son deseados por ciudadanos. Encuesta del Pew Center lo muestra.","keywords":null,"keyphrases":{"focus":{"keyphrase":"Migrantes","score":87,"analysis":{"keyphraseInTitle":{"score":9,"maxScore":9,"error":0},"keyphraseInDescription":{"score":9,"maxScore":9,"error":0},"keyphraseLength":{"score":9,"maxScore":9,"error":0,"length":1},"keyphraseInURL":{"score":5,"maxScore":5,"error":0},"keyphraseInIntroduction":{"score":9,"maxScore":9,"error":0},"keyphraseInSubHeadings":{"score":9,"maxScore":9,"error":0},"keyphraseInImageAlt":{"score":9,"maxScore":9,"error":0},"keywordDensity":{"type":"high","score":0,"maxScore":9,"error":1}}},"additional":[{"keyphrase":"Empleos","score":53,"analysis":{"keyphraseInDescription":{"score":9,"maxScore":9,"error":0},"keyphraseLength":{"score":9,"maxScore":9,"error":0,"length":1},"keyphraseInIntroduction":{"score":3,"maxScore":9,"error":1},"keyphraseInImageAlt":{"score":3,"maxScore":9,"error":1},"keywordDensity":{"score":0,"type":"low","maxScore":9,"error":1}}}]},"primary_term":null,"canonical_url":null,"og_title":null,"og_description":null,"og_object_type":"default","og_image_type":"default","og_image_url":null,"og_image_width":null,"og_image_height":null,"og_image_custom_url":null,"og_image_custom_fields":null,"og_video":"","og_custom_url":null,"og_article_section":null,"og_article_tags":null,"twitter_use_og":false,"twitter_card":"default","twitter_image_type":"default","twitter_image_url":null,"twitter_image_custom_url":null,"twitter_image_custom_fields":null,"twitter_title":null,"twitter_description":null,"schema":{"blockGraphs":[],"customGraphs":[],"default":{"data":{"Article":[],"Course":[],"Dataset":[],"FAQPage":[],"Movie":[],"Person":[],"Product":[],"ProductReview":[],"Car":[],"Recipe":[],"Service":[],"SoftwareApplication":[],"WebPage":[]},"graphName":"BlogPosting","isEnabled":true},"graphs":[]},"schema_type":"default","schema_type_options":null,"pillar_content":false,"robots_default":true,"robots_noindex":false,"robots_noarchive":false,"robots_nosnippet":false,"robots_nofollow":false,"robots_noimageindex":false,"robots_noodp":false,"robots_notranslate":false,"robots_max_snippet":"-1","robots_max_videopreview":"-1","robots_max_imagepreview":"large","priority":null,"frequency":"default","local_seo":null,"seo_analyzer_scan_date":"2025-10-09 02:05:10","breadcrumb_settings":null,"limit_modified_date":false,"reviewed_by":null,"open_ai":"{\"title\":{\"suggestions\":[],\"usage\":0},\"description\":{\"suggestions\":[],\"usage\":0}}","ai":null,"created":"2025-01-22 23:06:52","updated":"2026-02-04 19:30:17"},"aioseo_breadcrumb":"<div class=\"aioseo-breadcrumbs\"><span class=\"aioseo-breadcrumb\">\n\t<a href=\"https:\/\/soymigrante.com\/revista\" title=\"Home\">Home<\/a>\n<\/span><span class=\"aioseo-breadcrumb-separator\">\u00bb<\/span><span class=\"aioseo-breadcrumb\">\n\t<a href=\"https:\/\/soymigrante.com\/revista\/category\/estamos-unidos\/\" title=\"Estamos Unidos\">Estamos Unidos<\/a>\n<\/span><span class=\"aioseo-breadcrumb-separator\">\u00bb<\/span><span class=\"aioseo-breadcrumb\">\n\tMigrantes desempe\u00f1an trabajos que ciudadanos no desean, afirma estudio del Pew Center\n<\/span><\/div>","aioseo_breadcrumb_json":[{"label":"Home","link":"https:\/\/soymigrante.com\/revista"},{"label":"Estamos Unidos","link":"https:\/\/soymigrante.com\/revista\/category\/estamos-unidos\/"},{"label":"Migrantes desempe\u00f1an trabajos que ciudadanos no desean, afirma estudio del Pew Center","link":"https:\/\/soymigrante.com\/revista\/migrantes-ocupan-trabajos-que-estadounidenses-no-desean-afirma-estudio-del-pew-center\/"}],"_links":{"self":[{"href":"https:\/\/soymigrante.com\/revista\/wp-json\/wp\/v2\/posts\/22222","targetHints":{"allow":["GET"]}}],"collection":[{"href":"https:\/\/soymigrante.com\/revista\/wp-json\/wp\/v2\/posts"}],"about":[{"href":"https:\/\/soymigrante.com\/revista\/wp-json\/wp\/v2\/types\/post"}],"author":[{"embeddable":true,"href":"https:\/\/soymigrante.com\/revista\/wp-json\/wp\/v2\/users\/23"}],"replies":[{"embeddable":true,"href":"https:\/\/soymigrante.com\/revista\/wp-json\/wp\/v2\/comments?post=22222"}],"version-history":[{"count":0,"href":"https:\/\/soymigrante.com\/revista\/wp-json\/wp\/v2\/posts\/22222\/revisions"}],"wp:featuredmedia":[{"embeddable":true,"href":"https:\/\/soymigrante.com\/revista\/wp-json\/wp\/v2\/media\/22259"}],"wp:attachment":[{"href":"https:\/\/soymigrante.com\/revista\/wp-json\/wp\/v2\/media?parent=22222"}],"wp:term":[{"taxonomy":"category","embeddable":true,"href":"https:\/\/soymigrante.com\/revista\/wp-json\/wp\/v2\/categories?post=22222"},{"taxonomy":"post_tag","embeddable":true,"href":"https:\/\/soymigrante.com\/revista\/wp-json\/wp\/v2\/tags?post=22222"}],"curies":[{"name":"wp","href":"https:\/\/api.w.org\/{rel}","templated":true}]}}