{"id":2220,"date":"2023-08-16T18:48:11","date_gmt":"2023-08-16T18:48:11","guid":{"rendered":"https:\/\/soymigrante.com\/revista\/?p=2220"},"modified":"2024-07-31T08:06:26","modified_gmt":"2024-07-31T14:06:26","slug":"migrante-zoy-promotora-cultura-guatemala","status":"publish","type":"post","link":"https:\/\/soymigrante.com\/revista\/migrante-zoy-promotora-cultura-guatemala\/","title":{"rendered":"Zoy, dise\u00f1adora, promotora cultural y migrante guatemalteca en New York"},"content":{"rendered":"\t\t<div data-elementor-type=\"wp-post\" data-elementor-id=\"2220\" class=\"elementor elementor-2220\" data-elementor-post-type=\"post\">\n\t\t\t\t\t\t<section data-particle_enable=\"false\" data-particle-mobile-disabled=\"false\" class=\"elementor-section elementor-top-section elementor-element elementor-element-729003b elementor-section-boxed elementor-section-height-default elementor-section-height-default\" data-id=\"729003b\" data-element_type=\"section\" data-e-type=\"section\">\n\t\t\t\t\t\t<div class=\"elementor-container elementor-column-gap-default\">\n\t\t\t\t\t<div class=\"elementor-column elementor-col-100 elementor-top-column elementor-element elementor-element-df67eee\" data-id=\"df67eee\" data-element_type=\"column\" data-e-type=\"column\">\n\t\t\t<div class=\"elementor-widget-wrap elementor-element-populated\">\n\t\t\t\t\t\t<div class=\"elementor-element elementor-element-33f1c06 elementor-widget elementor-widget-heading\" data-id=\"33f1c06\" data-element_type=\"widget\" data-e-type=\"widget\" data-widget_type=\"heading.default\">\n\t\t\t\t\t<h1 class=\"elementor-heading-title elementor-size-default\">Zoila Herrera Florencio se expresa totalmente orgullosa de ser guatemalteca y esta identidad es el n\u00facleo de su emprendimiento creativo. Promueve adem\u00e1s a artistas nacientes y encuentros con los connacionales.<\/h1>\t\t\t\t<\/div>\n\t\t\t\t\t<\/div>\n\t\t<\/div>\n\t\t\t\t\t<\/div>\n\t\t<\/section>\n\t\t\t\t<section data-particle_enable=\"false\" data-particle-mobile-disabled=\"false\" class=\"elementor-section elementor-top-section elementor-element elementor-element-2eeac39 elementor-section-boxed elementor-section-height-default elementor-section-height-default\" data-id=\"2eeac39\" data-element_type=\"section\" data-e-type=\"section\">\n\t\t\t\t\t\t<div class=\"elementor-container elementor-column-gap-default\">\n\t\t\t\t\t<div class=\"elementor-column elementor-col-100 elementor-top-column elementor-element elementor-element-2d08a38\" data-id=\"2d08a38\" data-element_type=\"column\" data-e-type=\"column\">\n\t\t\t<div class=\"elementor-widget-wrap elementor-element-populated\">\n\t\t\t\t\t\t<div class=\"elementor-element elementor-element-e0de6dd elementor-widget elementor-widget-image\" data-id=\"e0de6dd\" data-element_type=\"widget\" data-e-type=\"widget\" data-widget_type=\"image.default\">\n\t\t\t\t\t\t\t\t\t\t\t\t<figure class=\"wp-caption\">\n\t\t\t\t\t\t\t\t\t\t<img fetchpriority=\"high\" decoding=\"async\" width=\"768\" height=\"1358\" src=\"https:\/\/soymigrante.com\/revista\/wp-content\/uploads\/2023\/08\/367353443_307104738492925_608059405633590428_n-768x1358.webp\" class=\"attachment-medium_large size-medium_large wp-image-2226\" alt=\"\" srcset=\"https:\/\/soymigrante.com\/revista\/wp-content\/uploads\/2023\/08\/367353443_307104738492925_608059405633590428_n-768x1358.webp 768w, https:\/\/soymigrante.com\/revista\/wp-content\/uploads\/2023\/08\/367353443_307104738492925_608059405633590428_n-170x300.webp 170w, https:\/\/soymigrante.com\/revista\/wp-content\/uploads\/2023\/08\/367353443_307104738492925_608059405633590428_n-579x1024.webp 579w, https:\/\/soymigrante.com\/revista\/wp-content\/uploads\/2023\/08\/367353443_307104738492925_608059405633590428_n-869x1536.webp 869w, https:\/\/soymigrante.com\/revista\/wp-content\/uploads\/2023\/08\/367353443_307104738492925_608059405633590428_n-750x1326.webp 750w, https:\/\/soymigrante.com\/revista\/wp-content\/uploads\/2023\/08\/367353443_307104738492925_608059405633590428_n.webp 1086w\" sizes=\"(max-width: 768px) 100vw, 768px\" title=\"367353443_307104738492925_608059405633590428_n \u2013 SoyMigrante.com REVISTA\" \/>\t\t\t\t\t\t\t\t\t\t\t<figcaption class=\"widget-image-caption wp-caption-text\">\"Soy guatemalteca y me siento muy orgullosa de mi familia y de mi pa\u00eds\", expresa Zoy Herrera <\/figcaption>\n\t\t\t\t\t\t\t\t\t\t<\/figure>\n\t\t\t\t\t\t\t\t\t<\/div>\n\t\t\t\t\t<\/div>\n\t\t<\/div>\n\t\t\t\t\t<\/div>\n\t\t<\/section>\n\t\t\t\t<section data-particle_enable=\"false\" data-particle-mobile-disabled=\"false\" class=\"elementor-section elementor-top-section elementor-element elementor-element-a5b997b elementor-section-boxed elementor-section-height-default elementor-section-height-default\" data-id=\"a5b997b\" data-element_type=\"section\" data-e-type=\"section\">\n\t\t\t\t\t\t<div class=\"elementor-container elementor-column-gap-default\">\n\t\t\t\t\t<div class=\"elementor-column elementor-col-100 elementor-top-column elementor-element elementor-element-a18d6aa\" data-id=\"a18d6aa\" data-element_type=\"column\" data-e-type=\"column\">\n\t\t\t<div class=\"elementor-widget-wrap elementor-element-populated\">\n\t\t\t\t\t\t<div class=\"elementor-element elementor-element-b393970 elementor-widget elementor-widget-text-editor\" data-id=\"b393970\" data-element_type=\"widget\" data-e-type=\"widget\" data-widget_type=\"text-editor.default\">\n\t\t\t\t\t\t\t\t\t<p><span style=\"background-color: var(--ak-bg-color);\">En el encierro de pandemia, Zoy Herrera Florencio, migrante y emprendedora guatemalteca radicada en New York y no quiso perder tiempo. Trabajaba en ventas de productos de salud natural, pero la alerta sanitaria bloque\u00f3 todo desde finales de 2019. En un inicio, a su llegada a EE.UU. hab\u00eda laborado en una sucursal de un banco guatemalteco, pero no le quedaba tiempo de atender a su hija peque\u00f1a, por eso emprendi\u00f3 un negocio propio. Pero el Covid-19 interrumpi\u00f3 todo.<\/span><\/p>\n<p>\u201cPod\u00eda elegir quedarme viendo televisi\u00f3n todo el d\u00eda, porque no se pod\u00eda salir, no se pod\u00eda ir a vender de puerta en puerta, pero decid\u00ed aprovechar todo ese tiempo para aprender: tom\u00e9 cursos de dise\u00f1o e impresi\u00f3n en tela y con el bono que dio el gobierno, en lugar de gastarlo, con \u00e9l compr\u00e9 una m\u00e1quina de cortar tela, una m\u00e1s moderna para coser y el equipo para elaborar mascarillas\u201d, cuenta.<\/p>\n<p>\u201cAl inicio las cortaba y cos\u00eda a mano, luego compr\u00e9 una m\u00e1quina de coser peque\u00f1a. Es que, ante la alta demanda se escasearon las mascarillas. Yo las fabricaba para irlas a regalar a las casas de todo el vecindario. Las dejaba en una bolsita en la perilla de las puertas. Regaladas. Era mi aporte a la comunidad porque yo le debo mucho a este pa\u00eds\u201d.<\/p>\t\t\t\t\t\t\t\t<\/div>\n\t\t\t\t\t<\/div>\n\t\t<\/div>\n\t\t\t\t\t<\/div>\n\t\t<\/section>\n\t\t\t\t<section data-particle_enable=\"false\" data-particle-mobile-disabled=\"false\" class=\"elementor-section elementor-top-section elementor-element elementor-element-c60f7a8 elementor-section-boxed elementor-section-height-default elementor-section-height-default\" data-id=\"c60f7a8\" data-element_type=\"section\" data-e-type=\"section\">\n\t\t\t\t\t\t<div class=\"elementor-container elementor-column-gap-default\">\n\t\t\t\t\t<div class=\"elementor-column elementor-col-100 elementor-top-column elementor-element elementor-element-247458c\" data-id=\"247458c\" data-element_type=\"column\" data-e-type=\"column\">\n\t\t\t<div class=\"elementor-widget-wrap elementor-element-populated\">\n\t\t\t\t\t\t<div class=\"elementor-element elementor-element-a924ed2 elementor-widget elementor-widget-image\" data-id=\"a924ed2\" data-element_type=\"widget\" data-e-type=\"widget\" data-widget_type=\"image.default\">\n\t\t\t\t\t\t\t\t\t\t\t\t<figure class=\"wp-caption\">\n\t\t\t\t\t\t\t\t\t\t<img decoding=\"async\" width=\"768\" height=\"560\" src=\"https:\/\/soymigrante.com\/revista\/wp-content\/uploads\/2023\/08\/zoy-otra-1024x746.webp\" class=\"attachment-large size-large wp-image-2225\" alt=\"\" srcset=\"https:\/\/soymigrante.com\/revista\/wp-content\/uploads\/2023\/08\/zoy-otra-1024x746.webp 1024w, https:\/\/soymigrante.com\/revista\/wp-content\/uploads\/2023\/08\/zoy-otra-300x218.webp 300w, https:\/\/soymigrante.com\/revista\/wp-content\/uploads\/2023\/08\/zoy-otra-768x559.webp 768w, https:\/\/soymigrante.com\/revista\/wp-content\/uploads\/2023\/08\/zoy-otra-750x546.webp 750w, https:\/\/soymigrante.com\/revista\/wp-content\/uploads\/2023\/08\/zoy-otra-1140x830.webp 1140w, https:\/\/soymigrante.com\/revista\/wp-content\/uploads\/2023\/08\/zoy-otra.webp 1159w\" sizes=\"(max-width: 768px) 100vw, 768px\" title=\"zoy otra \u2013 SoyMigrante.com REVISTA\" \/>\t\t\t\t\t\t\t\t\t\t\t<figcaption class=\"widget-image-caption wp-caption-text\">Zoy Herrera Florencio agradece el esfuerzo de su padre Florent\u00edn Florencio, quien se fue a Estados Unidos como MIgrante cuando ella ten\u00eda cinco a\u00f1os de edad: un sacrificio que sirvio para salir adelante.<\/figcaption>\n\t\t\t\t\t\t\t\t\t\t<\/figure>\n\t\t\t\t\t\t\t\t\t<\/div>\n\t\t\t\t\t<\/div>\n\t\t<\/div>\n\t\t\t\t\t<\/div>\n\t\t<\/section>\n\t\t\t\t<section data-particle_enable=\"false\" data-particle-mobile-disabled=\"false\" class=\"elementor-section elementor-top-section elementor-element elementor-element-2ce21e3 elementor-section-boxed elementor-section-height-default elementor-section-height-default\" data-id=\"2ce21e3\" data-element_type=\"section\" data-e-type=\"section\">\n\t\t\t\t\t\t<div class=\"elementor-container elementor-column-gap-default\">\n\t\t\t\t\t<div class=\"elementor-column elementor-col-100 elementor-top-column elementor-element elementor-element-ee80400\" data-id=\"ee80400\" data-element_type=\"column\" data-e-type=\"column\">\n\t\t\t<div class=\"elementor-widget-wrap elementor-element-populated\">\n\t\t\t\t\t\t<div class=\"elementor-element elementor-element-32a5a01 elementor-widget elementor-widget-heading\" data-id=\"32a5a01\" data-element_type=\"widget\" data-e-type=\"widget\" data-widget_type=\"heading.default\">\n\t\t\t\t\t<h1 class=\"elementor-heading-title elementor-size-default\">Mixque\u00f1a creativa y floreciente<\/h1>\t\t\t\t<\/div>\n\t\t\t\t\t<\/div>\n\t\t<\/div>\n\t\t\t\t\t<\/div>\n\t\t<\/section>\n\t\t\t\t<section data-particle_enable=\"false\" data-particle-mobile-disabled=\"false\" class=\"elementor-section elementor-top-section elementor-element elementor-element-b044792 elementor-section-boxed elementor-section-height-default elementor-section-height-default\" data-id=\"b044792\" data-element_type=\"section\" data-e-type=\"section\">\n\t\t\t\t\t\t<div class=\"elementor-container elementor-column-gap-default\">\n\t\t\t\t\t<div class=\"elementor-column elementor-col-100 elementor-top-column elementor-element elementor-element-ce68659\" data-id=\"ce68659\" data-element_type=\"column\" data-e-type=\"column\">\n\t\t\t<div class=\"elementor-widget-wrap elementor-element-populated\">\n\t\t\t\t\t\t<div class=\"elementor-element elementor-element-a511948 elementor-widget elementor-widget-text-editor\" data-id=\"a511948\" data-element_type=\"widget\" data-e-type=\"widget\" data-widget_type=\"text-editor.default\">\n\t\t\t\t\t\t\t\t\t<p><span style=\"color: var( --e-global-color-text ); background-color: var(--ak-bg-color);\">Zoila creci\u00f3 en la zona 6 de Mixco junto a sus padres y 5 hermanos. Cuando ten\u00eda 5 a\u00f1os, su pap\u00e1 migr\u00f3 a Estados Unidos. Se llama Florent\u00edn Florencio.&nbsp;<\/span><\/p>\n<p><span style=\"color: var( --e-global-color-text ); background-color: var(--ak-bg-color);\">\u201cPara m\u00ed fue un golpe duro, porque adoraba a mi pap\u00e1. A el le gusta componer canciones, me las grababa en cassette, me pon\u00eda a cantar y creo que por eso me gusta tanto la m\u00fasica y promuevo a artistas. No nos avisaron ni a mis hermanos a m\u00ed.&#8221;, expresa la migrante guatemalteca.<\/span><\/p>\n<p><span style=\"color: var( --e-global-color-text ); background-color: var(--ak-bg-color);\">&#8220;Cuando vimos mi pap\u00e1 ya no estaba. Como a los 2 a\u00f1os regres\u00f3 a vernos. Y as\u00ed fue y vino varias veces, hasta que se qued\u00f3 para legalizar su situaci\u00f3n y poder reunificarnos all\u00e1. Gracias a eso estamos aqu\u00ed\u201d.<\/span><\/p>\n<p><span style=\"color: var( --e-global-color-text ); background-color: var(--ak-bg-color);\">Al poder migrar legalmente, Zoila empez\u00f3 a trabajar en una sucursal de un banco guatemalteco. Era un buen empleo, pero demandaba mucho tiempo. \u201cA veces no ten\u00eda con qui\u00e9n dejar a mi hija y por eso renunci\u00e9 para dedicarme a vender una l\u00ednea de productos naturales. No era f\u00e1cil, llev\u00e9 bastante sol, camin\u00e9 much\u00edsimo, pero andaba con mi hija y me fue bien. Amo las ventas. Y todo iba de maravilla hasta que lleg\u00f3 la pandemia\u201d, a\u00f1ade la emprendedora migrante.<\/span><\/p>\t\t\t\t\t\t\t\t<\/div>\n\t\t\t\t\t<\/div>\n\t\t<\/div>\n\t\t\t\t\t<\/div>\n\t\t<\/section>\n\t\t\t\t<section data-particle_enable=\"false\" data-particle-mobile-disabled=\"false\" class=\"elementor-section elementor-top-section elementor-element elementor-element-5a55516 elementor-section-boxed elementor-section-height-default elementor-section-height-default\" data-id=\"5a55516\" data-element_type=\"section\" data-e-type=\"section\">\n\t\t\t\t\t\t<div class=\"elementor-container elementor-column-gap-default\">\n\t\t\t\t\t<div class=\"elementor-column elementor-col-100 elementor-top-column elementor-element elementor-element-4383424\" data-id=\"4383424\" data-element_type=\"column\" data-e-type=\"column\">\n\t\t\t<div class=\"elementor-widget-wrap elementor-element-populated\">\n\t\t\t\t\t\t<div class=\"elementor-element elementor-element-3d74d12 elementor-widget elementor-widget-facebook-embed\" data-id=\"3d74d12\" data-element_type=\"widget\" data-e-type=\"widget\" data-widget_type=\"facebook-embed.default\">\n\t\t\t\t\t<div style=\"min-height: 1px\" class=\"elementor-facebook-widget fb-video\" data-href=\"https:\/\/www.facebook.com\/100010478049276\/videos\/799442794892607\" data-show-text=\"false\" data-allowfullscreen=\"false\" data-autoplay=\"false\" data-show-captions=\"false\"><\/div>\t\t\t\t<\/div>\n\t\t\t\t\t<\/div>\n\t\t<\/div>\n\t\t\t\t\t<\/div>\n\t\t<\/section>\n\t\t\t\t<section data-particle_enable=\"false\" data-particle-mobile-disabled=\"false\" class=\"elementor-section elementor-top-section elementor-element elementor-element-0e16905 elementor-section-boxed elementor-section-height-default elementor-section-height-default\" data-id=\"0e16905\" data-element_type=\"section\" data-e-type=\"section\">\n\t\t\t\t\t\t<div class=\"elementor-container elementor-column-gap-default\">\n\t\t\t\t\t<div class=\"elementor-column elementor-col-100 elementor-top-column elementor-element elementor-element-bcfa6e7\" data-id=\"bcfa6e7\" data-element_type=\"column\" data-e-type=\"column\">\n\t\t\t<div class=\"elementor-widget-wrap elementor-element-populated\">\n\t\t\t\t\t\t<div class=\"elementor-element elementor-element-cdb92fd elementor-widget elementor-widget-text-editor\" data-id=\"cdb92fd\" data-element_type=\"widget\" data-e-type=\"widget\" data-widget_type=\"text-editor.default\">\n\t\t\t\t\t\t\t\t\t<p>Zoy Herrera particip\u00f3 en la organizaci\u00f3n del Chapines Fest Qu\u00e9 chilero 2023, celebrado el 23 de julio \u00faltimo. Anuncio de redes sociales.<\/p>\t\t\t\t\t\t\t\t<\/div>\n\t\t\t\t\t<\/div>\n\t\t<\/div>\n\t\t\t\t\t<\/div>\n\t\t<\/section>\n\t\t\t\t<section data-particle_enable=\"false\" data-particle-mobile-disabled=\"false\" class=\"elementor-section elementor-top-section elementor-element elementor-element-0a5fa7c elementor-section-boxed elementor-section-height-default elementor-section-height-default\" data-id=\"0a5fa7c\" data-element_type=\"section\" data-e-type=\"section\">\n\t\t\t\t\t\t<div class=\"elementor-container elementor-column-gap-default\">\n\t\t\t\t\t<div class=\"elementor-column elementor-col-100 elementor-top-column elementor-element elementor-element-fd0a93d\" data-id=\"fd0a93d\" data-element_type=\"column\" data-e-type=\"column\">\n\t\t\t<div class=\"elementor-widget-wrap elementor-element-populated\">\n\t\t\t\t\t\t<div class=\"elementor-element elementor-element-34469c8 elementor-widget-divider--view-line elementor-widget elementor-widget-divider\" data-id=\"34469c8\" data-element_type=\"widget\" data-e-type=\"widget\" data-widget_type=\"divider.default\">\n\t\t\t\t\t\t\t<div class=\"elementor-divider\">\n\t\t\t<span class=\"elementor-divider-separator\">\n\t\t\t\t\t\t<\/span>\n\t\t<\/div>\n\t\t\t\t\t\t<\/div>\n\t\t\t\t\t<\/div>\n\t\t<\/div>\n\t\t\t\t\t<\/div>\n\t\t<\/section>\n\t\t\t\t<section data-particle_enable=\"false\" data-particle-mobile-disabled=\"false\" class=\"elementor-section elementor-top-section elementor-element elementor-element-ee6e8eb elementor-section-boxed elementor-section-height-default elementor-section-height-default\" data-id=\"ee6e8eb\" data-element_type=\"section\" data-e-type=\"section\">\n\t\t\t\t\t\t<div class=\"elementor-container elementor-column-gap-default\">\n\t\t\t\t\t<div class=\"elementor-column elementor-col-100 elementor-top-column elementor-element elementor-element-3b94382\" data-id=\"3b94382\" data-element_type=\"column\" data-e-type=\"column\">\n\t\t\t<div class=\"elementor-widget-wrap elementor-element-populated\">\n\t\t\t\t\t\t<div class=\"elementor-element elementor-element-80290ca elementor-widget elementor-widget-heading\" data-id=\"80290ca\" data-element_type=\"widget\" data-e-type=\"widget\" data-widget_type=\"heading.default\">\n\t\t\t\t\t<h1 class=\"elementor-heading-title elementor-size-default\">Oportunidad en la dificultad<\/h1>\t\t\t\t<\/div>\n\t\t\t\t\t<\/div>\n\t\t<\/div>\n\t\t\t\t\t<\/div>\n\t\t<\/section>\n\t\t\t\t<section data-particle_enable=\"false\" data-particle-mobile-disabled=\"false\" class=\"elementor-section elementor-top-section elementor-element elementor-element-19db3a7 elementor-section-boxed elementor-section-height-default elementor-section-height-default\" data-id=\"19db3a7\" data-element_type=\"section\" data-e-type=\"section\">\n\t\t\t\t\t\t<div class=\"elementor-container elementor-column-gap-default\">\n\t\t\t\t\t<div class=\"elementor-column elementor-col-100 elementor-top-column elementor-element elementor-element-ac7caa3\" data-id=\"ac7caa3\" data-element_type=\"column\" data-e-type=\"column\">\n\t\t\t<div class=\"elementor-widget-wrap elementor-element-populated\">\n\t\t\t\t\t\t<div class=\"elementor-element elementor-element-ce3a1de elementor-widget elementor-widget-text-editor\" data-id=\"ce3a1de\" data-element_type=\"widget\" data-e-type=\"widget\" data-widget_type=\"text-editor.default\">\n\t\t\t\t\t\t\t\t\t<p><span style=\"color: var( --e-global-color-text ); background-color: var(--ak-bg-color);\">Zoy recibi\u00f3 clases en l\u00ednea con un experto colombiano en dise\u00f1o gr\u00e1fico y eso le prepar\u00f3 para ofrecer mascarillas con logotipos de empresas o cualquier imagen al gusto de los clientes. \u201cLa mascarilla era un requerimiento sanitario, pero al ir por la calle o en el tren, se volvi\u00f3 un recurso de publicidad. Empezamos a elaborar bajo pedido. Gracias a Dios no fue muy bien\u201d.<\/span><\/p><p>Una vez superada la emergencia del covid-19, el siguiente paso de Zoy fue empezar a dise\u00f1ar e imprimir T-Shirts con s\u00edmbolos y decoraciones muy guatemaltecas. Con un detalle adicional: generar oportunidades laborales y de negocio en Guatemala.<\/p><p>\u00a0\u201cPorque hay mucho talento y excelencia en nuestro pa\u00eds. Mandamos a confeccionar en talleres textiles de Guatemala, porque ofrecen alta calidad, con todo y los detalles t\u00edpicos, pero as\u00ed adem\u00e1s ayudamos a crear y sostener empleos\u201d, expone convencida.<\/p><p>\u00a0<\/p>\t\t\t\t\t\t\t\t<\/div>\n\t\t\t\t\t<\/div>\n\t\t<\/div>\n\t\t\t\t\t<\/div>\n\t\t<\/section>\n\t\t\t\t<section data-particle_enable=\"false\" data-particle-mobile-disabled=\"false\" class=\"elementor-section elementor-top-section elementor-element elementor-element-dc10c6a elementor-section-boxed elementor-section-height-default elementor-section-height-default\" data-id=\"dc10c6a\" data-element_type=\"section\" data-e-type=\"section\">\n\t\t\t\t\t\t<div class=\"elementor-container elementor-column-gap-default\">\n\t\t\t\t\t<div class=\"elementor-column elementor-col-100 elementor-top-column elementor-element elementor-element-581495f\" data-id=\"581495f\" data-element_type=\"column\" data-e-type=\"column\">\n\t\t\t<div class=\"elementor-widget-wrap elementor-element-populated\">\n\t\t\t\t\t\t<div class=\"elementor-element elementor-element-7ca63fc elementor-widget elementor-widget-testimonial\" data-id=\"7ca63fc\" data-element_type=\"widget\" data-e-type=\"widget\" data-widget_type=\"testimonial.default\">\n\t\t\t\t\t\t\t<div class=\"elementor-testimonial-wrapper\">\n\t\t\t\t\t\t\t<div class=\"elementor-testimonial-content\">\"En Guatemala hay talento y excelencia, por eso mandamos a fabricar nuestras prendas en talleres de Mixco, porque queremos generar oportunidades laborales tambi\u00e9n\".<\/div>\n\t\t\t\n\t\t\t\t\t\t<div class=\"elementor-testimonial-meta elementor-has-image elementor-testimonial-image-position-aside\">\n\t\t\t\t<div class=\"elementor-testimonial-meta-inner\">\n\t\t\t\t\t\t\t\t\t\t\t<div class=\"elementor-testimonial-image\">\n\t\t\t\t\t\t\t<img decoding=\"async\" width=\"1086\" height=\"1920\" src=\"https:\/\/soymigrante.com\/revista\/wp-content\/uploads\/2023\/08\/367353443_307104738492925_608059405633590428_n.webp\" class=\"attachment-full size-full wp-image-2226\" alt=\"\" title=\"367353443_307104738492925_608059405633590428_n \u2013 SoyMigrante.com REVISTA\" srcset=\"https:\/\/soymigrante.com\/revista\/wp-content\/uploads\/2023\/08\/367353443_307104738492925_608059405633590428_n.webp 1086w, https:\/\/soymigrante.com\/revista\/wp-content\/uploads\/2023\/08\/367353443_307104738492925_608059405633590428_n-170x300.webp 170w, https:\/\/soymigrante.com\/revista\/wp-content\/uploads\/2023\/08\/367353443_307104738492925_608059405633590428_n-579x1024.webp 579w, https:\/\/soymigrante.com\/revista\/wp-content\/uploads\/2023\/08\/367353443_307104738492925_608059405633590428_n-768x1358.webp 768w, https:\/\/soymigrante.com\/revista\/wp-content\/uploads\/2023\/08\/367353443_307104738492925_608059405633590428_n-869x1536.webp 869w, https:\/\/soymigrante.com\/revista\/wp-content\/uploads\/2023\/08\/367353443_307104738492925_608059405633590428_n-750x1326.webp 750w\" sizes=\"(max-width: 1086px) 100vw, 1086px\" \/>\t\t\t\t\t\t<\/div>\n\t\t\t\t\t\n\t\t\t\t\t\t\t\t\t\t<div class=\"elementor-testimonial-details\">\n\t\t\t\t\t\t\t\t\t\t\t\t\t\t<div class=\"elementor-testimonial-name\">Zoy Herrera Florencio<\/div>\n\t\t\t\t\t\t\t\t\t\t\t\t\t\t\t\t\t\t\t\t\t\t<div class=\"elementor-testimonial-job\">Emprendedora  y migrante guatemalteca<\/div>\n\t\t\t\t\t\t\t\t\t\t\t\t\t<\/div>\n\t\t\t\t\t\t\t\t\t<\/div>\n\t\t\t<\/div>\n\t\t\t\t\t<\/div>\n\t\t\t\t\t\t<\/div>\n\t\t\t\t\t<\/div>\n\t\t<\/div>\n\t\t\t\t\t<\/div>\n\t\t<\/section>\n\t\t\t\t<section data-particle_enable=\"false\" data-particle-mobile-disabled=\"false\" class=\"elementor-section elementor-top-section elementor-element elementor-element-4d60f4e elementor-section-boxed elementor-section-height-default elementor-section-height-default\" data-id=\"4d60f4e\" data-element_type=\"section\" data-e-type=\"section\">\n\t\t\t\t\t\t<div class=\"elementor-container elementor-column-gap-default\">\n\t\t\t\t\t<div class=\"elementor-column elementor-col-100 elementor-top-column elementor-element elementor-element-e967c27\" data-id=\"e967c27\" data-element_type=\"column\" data-e-type=\"column\">\n\t\t\t<div class=\"elementor-widget-wrap elementor-element-populated\">\n\t\t\t\t\t\t<div class=\"elementor-element elementor-element-df527c1 elementor-widget-divider--view-line elementor-widget elementor-widget-divider\" data-id=\"df527c1\" data-element_type=\"widget\" data-e-type=\"widget\" data-widget_type=\"divider.default\">\n\t\t\t\t\t\t\t<div class=\"elementor-divider\">\n\t\t\t<span class=\"elementor-divider-separator\">\n\t\t\t\t\t\t<\/span>\n\t\t<\/div>\n\t\t\t\t\t\t<\/div>\n\t\t\t\t\t<\/div>\n\t\t<\/div>\n\t\t\t\t\t<\/div>\n\t\t<\/section>\n\t\t\t\t<section data-particle_enable=\"false\" data-particle-mobile-disabled=\"false\" class=\"elementor-section elementor-top-section elementor-element elementor-element-48cf4cc elementor-section-boxed elementor-section-height-default elementor-section-height-default\" data-id=\"48cf4cc\" data-element_type=\"section\" data-e-type=\"section\">\n\t\t\t\t\t\t<div class=\"elementor-container elementor-column-gap-default\">\n\t\t\t\t\t<div class=\"elementor-column elementor-col-100 elementor-top-column elementor-element elementor-element-eae673c\" data-id=\"eae673c\" data-element_type=\"column\" data-e-type=\"column\">\n\t\t\t<div class=\"elementor-widget-wrap elementor-element-populated\">\n\t\t\t\t\t\t<div class=\"elementor-element elementor-element-4468868 elementor-widget elementor-widget-heading\" data-id=\"4468868\" data-element_type=\"widget\" data-e-type=\"widget\" data-widget_type=\"heading.default\">\n\t\t\t\t\t<h2 class=\"elementor-heading-title elementor-size-default\">Apoyo al talento migrante<\/h2>\t\t\t\t<\/div>\n\t\t\t\t\t<\/div>\n\t\t<\/div>\n\t\t\t\t\t<\/div>\n\t\t<\/section>\n\t\t\t\t<section data-particle_enable=\"false\" data-particle-mobile-disabled=\"false\" class=\"elementor-section elementor-top-section elementor-element elementor-element-2f7cbcf elementor-section-boxed elementor-section-height-default elementor-section-height-default\" data-id=\"2f7cbcf\" data-element_type=\"section\" data-e-type=\"section\">\n\t\t\t\t\t\t<div class=\"elementor-container elementor-column-gap-default\">\n\t\t\t\t\t<div class=\"elementor-column elementor-col-100 elementor-top-column elementor-element elementor-element-a83c83b\" data-id=\"a83c83b\" data-element_type=\"column\" data-e-type=\"column\">\n\t\t\t<div class=\"elementor-widget-wrap elementor-element-populated\">\n\t\t\t\t\t\t<div class=\"elementor-element elementor-element-7d4afe8 elementor-widget elementor-widget-text-editor\" data-id=\"7d4afe8\" data-element_type=\"widget\" data-e-type=\"widget\" data-widget_type=\"text-editor.default\">\n\t\t\t\t\t\t\t\t\t<p><span style=\"color: var( --e-global-color-text ); background-color: var(--ak-bg-color);\">El 23 de julio \u00faltimo, Zoy Herrera particip\u00f3 en la organizaci\u00f3n del Chapines Fest Qu\u00e9 Chilero, un encuentro musical y gastron\u00f3mico de migrantes connacionales, sobre todo radicados en New York y New Jersey.\u00a0<\/span><\/p><p><span style=\"color: var( --e-global-color-text ); background-color: var(--ak-bg-color);\">\u201cTuvimos oportunidad de presentar a cantautores guatemaltecos, verdaderos talentos y la asistencia fue abundante, pero sobre todo la hermandad. Guatemala tiene talento dentro y fuera de su territorio\u201d. Uno de los artistas que se presentaron fue\u00a0<\/span><a style=\"background-color: var(--ak-bg-color);\" href=\"https:\/\/soymigrante.com\/revista\/compositor-migrante-guatemalteco-joselino-chocoj-inspira-amor-por-su-familia-y-su-tierra\/\" target=\"_blank\" rel=\"noopener\">Joselino Chocoj a quien SoyMigrante ya tuvo la oportunidad de dar a conocer.<\/a><\/p>\t\t\t\t\t\t\t\t<\/div>\n\t\t\t\t\t<\/div>\n\t\t<\/div>\n\t\t\t\t\t<\/div>\n\t\t<\/section>\n\t\t\t\t<section data-particle_enable=\"false\" data-particle-mobile-disabled=\"false\" class=\"elementor-section elementor-top-section elementor-element elementor-element-58f8f3b elementor-section-boxed elementor-section-height-default elementor-section-height-default\" data-id=\"58f8f3b\" data-element_type=\"section\" data-e-type=\"section\">\n\t\t\t\t\t\t<div class=\"elementor-container elementor-column-gap-default\">\n\t\t\t\t\t<div class=\"elementor-column elementor-col-100 elementor-top-column elementor-element elementor-element-dbe131b\" data-id=\"dbe131b\" data-element_type=\"column\" data-e-type=\"column\">\n\t\t\t<div class=\"elementor-widget-wrap elementor-element-populated\">\n\t\t\t\t\t\t<div class=\"elementor-element elementor-element-e127f09 elementor-widget elementor-widget-blfe-post-grid\" data-id=\"e127f09\" data-element_type=\"widget\" data-e-type=\"widget\" data-settings=\"{&quot;columns&quot;:&quot;3&quot;,&quot;columns_tablet&quot;:&quot;6&quot;,&quot;columns_mobile&quot;:&quot;12&quot;,&quot;classic1_layout_column_gap&quot;:{&quot;unit&quot;:&quot;px&quot;,&quot;size&quot;:30,&quot;sizes&quot;:[]},&quot;classic1_layout_column_gap_tablet&quot;:{&quot;unit&quot;:&quot;px&quot;,&quot;size&quot;:&quot;&quot;,&quot;sizes&quot;:[]},&quot;classic1_layout_column_gap_mobile&quot;:{&quot;unit&quot;:&quot;px&quot;,&quot;size&quot;:&quot;&quot;,&quot;sizes&quot;:[]},&quot;classic1_layout_row_gap&quot;:{&quot;unit&quot;:&quot;px&quot;,&quot;size&quot;:30,&quot;sizes&quot;:[]},&quot;classic1_layout_row_gap_tablet&quot;:{&quot;unit&quot;:&quot;px&quot;,&quot;size&quot;:&quot;&quot;,&quot;sizes&quot;:[]},&quot;classic1_layout_row_gap_mobile&quot;:{&quot;unit&quot;:&quot;px&quot;,&quot;size&quot;:&quot;&quot;,&quot;sizes&quot;:[]}}\" data-widget_type=\"blfe-post-grid.classic1\">\n\t\t\t\t<div class=\"elementor-widget-container\">\n\t\t\t\t\t\n                        <div class=\"blfe-post-grid-container \">\n            \n                <div data-skin=\"classic1\" class=\"blfe-row blfe-posts-inner blfe-classic1 blfe-posts-inner blfe-col-3 blfe-col-tab-6 blfe-col-mob-12     \">\n                            <div class=\"blfe-post-grid-item \">\n            <div class=\"blfe-post-grid-item-inner blfe-modern-zoom\">\n                <a class=\"blfe-post-grid-image\" href=\"https:\/\/soymigrante.com\/revista\/estrategias-para-fidelizar-clientes-pequenas-acciones-que-te-ayudaran-en-el-comercio-digital\/\" title=\"Estrategias para fidelizar clientes: peque\u00f1as acciones que te ayudar\u00e1n en el comercio digital\" rel=\"nofollow\" target=\"_blank\"><img decoding=\"async\" src=\"https:\/\/soymigrante.com\/revista\/wp-content\/uploads\/2026\/04\/vendedora-soymigrantecom-emprendimiento-emprendedora-comercio-digital.png\" alt=\"Estrategias para fidelizar clientes: peque\u00f1as acciones que te ayudar\u00e1n en el comercio digital\"\/><\/a>                <span class=\"blfe-post-category\"><a href=\"https:\/\/soymigrante.com\/revista\/category\/bienestar\/\">Bienestar<\/a><\/span>                <div class=\"blfe-post-grid-details\">\n                    <div class=\"blfe-post-grid-details-inner\">\n                        <h3 class=\"blfe-post-grid-title\">\n            <a href=\"https:\/\/soymigrante.com\/revista\/estrategias-para-fidelizar-clientes-pequenas-acciones-que-te-ayudaran-en-el-comercio-digital\/\" title=\"Estrategias para fidelizar clientes: peque\u00f1as acciones que te ayudar\u00e1n en el comercio digital\" rel=\"nofollow\" target=\"_blank\">Estrategias para fidelizar clientes: peque\u00f1as acciones que te ayudar\u00e1n en el comercio digital<\/a>\n            <\/h3>                        <p class=\"blfe-post-grid-excerpt\">\u00bfYa tienes tu tienda digital en MERCADO? Excelente. \u00bfYa hiciste tu primera venta? Genial. Ahora viene la parte m\u00e1s importante,...<\/p>                                    <div class=\"blfe-post-grid-meta\">\n                <span class=\"blfe-post-grid-author\"><i class=\"fa fa-user far fa-user\"><\/i>by <a href=\"https:\/\/soymigrante.com\/revista\/author\/soymigrante\/\">SoyMigrante.com REVISTA<\/a><\/span><span class=\"blfe-post-grid-date\"><i class=\"fa fa-calendar-alt far fa-calendar-alt\"><\/i>21\/04\/2026<\/span>            <\/div>\n                                                        <\/div>\n                <\/div>\n\n            <\/div>\n        <\/div>\n                <div class=\"blfe-post-grid-item \">\n            <div class=\"blfe-post-grid-item-inner blfe-modern-zoom\">\n                <a class=\"blfe-post-grid-image\" href=\"https:\/\/soymigrante.com\/revista\/violencia-intrafamiliar-domestica-se-debe-reconocer-y-denunciar-donde-obtener-ayuda-en-estados-unidos\/\" title=\"Violencia intrafamiliar se debe reconocer,  denunciar y frenar \u00bfD\u00f3nde obtener ayuda en Estados Unidos?\" rel=\"nofollow\" target=\"_blank\"><img decoding=\"async\" src=\"https:\/\/soymigrante.com\/revista\/wp-content\/uploads\/2026\/04\/frenar-violencia-domestica-estados-unidos.png\" alt=\"Violencia intrafamiliar se debe reconocer,  denunciar y frenar \u00bfD\u00f3nde obtener ayuda en Estados Unidos?\"\/><\/a>                <span class=\"blfe-post-category\"><a href=\"https:\/\/soymigrante.com\/revista\/category\/bienestar\/en-familia\/\">En Familia<\/a><\/span>                <div class=\"blfe-post-grid-details\">\n                    <div class=\"blfe-post-grid-details-inner\">\n                        <h3 class=\"blfe-post-grid-title\">\n            <a href=\"https:\/\/soymigrante.com\/revista\/violencia-intrafamiliar-domestica-se-debe-reconocer-y-denunciar-donde-obtener-ayuda-en-estados-unidos\/\" title=\"Violencia intrafamiliar se debe reconocer,  denunciar y frenar \u00bfD\u00f3nde obtener ayuda en Estados Unidos?\" rel=\"nofollow\" target=\"_blank\">Violencia intrafamiliar se debe reconocer,  denunciar y frenar \u00bfD\u00f3nde obtener ayuda en Estados Unidos?<\/a>\n            <\/h3>                        <p class=\"blfe-post-grid-excerpt\">Tragedia en Tulsa, Oklahoma, en la que una migrante guatemalteca muri\u00f3 agredida por su esposo, demuestra la necesidad de reconocer,...<\/p>                                    <div class=\"blfe-post-grid-meta\">\n                <span class=\"blfe-post-grid-author\"><i class=\"fa fa-user far fa-user\"><\/i>by <a href=\"https:\/\/soymigrante.com\/revista\/author\/soymigrante\/\">SoyMigrante.com REVISTA<\/a><\/span><span class=\"blfe-post-grid-date\"><i class=\"fa fa-calendar-alt far fa-calendar-alt\"><\/i>13\/04\/2026<\/span>            <\/div>\n                                                        <\/div>\n                <\/div>\n\n            <\/div>\n        <\/div>\n                <div class=\"blfe-post-grid-item \">\n            <div class=\"blfe-post-grid-item-inner blfe-modern-zoom\">\n                <a class=\"blfe-post-grid-image\" href=\"https:\/\/soymigrante.com\/revista\/claves-sobre-primeros-auxilios-psicologicos-para-ayudar-a-alguien-agobiado-por-dolor-miedo-o-angustia\/\" title=\"Claves sobre Primeros Auxilios Psicol\u00f3gicos para ayudar a alguien agobiado por dolor, miedo o angustia\" rel=\"nofollow\" target=\"_blank\"><img decoding=\"async\" src=\"https:\/\/soymigrante.com\/revista\/wp-content\/uploads\/2026\/04\/primeros-auxilios-emocionales.png\" alt=\"Claves sobre Primeros Auxilios Psicol\u00f3gicos para ayudar a alguien agobiado por dolor, miedo o angustia\"\/><\/a>                <span class=\"blfe-post-category\"><a href=\"https:\/\/soymigrante.com\/revista\/category\/bienestar\/salud-emocional\/\">Salud Emocional<\/a><\/span>                <div class=\"blfe-post-grid-details\">\n                    <div class=\"blfe-post-grid-details-inner\">\n                        <h3 class=\"blfe-post-grid-title\">\n            <a href=\"https:\/\/soymigrante.com\/revista\/claves-sobre-primeros-auxilios-psicologicos-para-ayudar-a-alguien-agobiado-por-dolor-miedo-o-angustia\/\" title=\"Claves sobre Primeros Auxilios Psicol\u00f3gicos para ayudar a alguien agobiado por dolor, miedo o angustia\" rel=\"nofollow\" target=\"_blank\">Claves sobre Primeros Auxilios Psicol\u00f3gicos para ayudar a alguien agobiado por dolor, miedo o angustia<\/a>\n            <\/h3>                        <p class=\"blfe-post-grid-excerpt\">En momentos de crisis emocional por circunstancias familiares, econ\u00f3micas o alg\u00fan suceso, como accidente, desastre o fallecimiento de un familiar,...<\/p>                                    <div class=\"blfe-post-grid-meta\">\n                <span class=\"blfe-post-grid-author\"><i class=\"fa fa-user far fa-user\"><\/i>by <a href=\"https:\/\/soymigrante.com\/revista\/author\/mariangel-alvarez\/\">Mari\u00e1ngel \u00c1lvarez<\/a><\/span><span class=\"blfe-post-grid-date\"><i class=\"fa fa-calendar-alt far fa-calendar-alt\"><\/i>07\/04\/2026<\/span>            <\/div>\n                                                        <\/div>\n                <\/div>\n\n            <\/div>\n        <\/div>\n                        <\/div>\n\n                        <\/div>\n            \n                        <div class=\"blfe-post-footer\">\n                        <\/div>\n            \t\t\t\t<\/div>\n\t\t\t\t<\/div>\n\t\t\t\t\t<\/div>\n\t\t<\/div>\n\t\t\t\t\t<\/div>\n\t\t<\/section>\n\t\t\t\t<\/div>\n\t\t","protected":false},"excerpt":{"rendered":"<p>Zoila Herrera Florencio se expresa totalmente orgullosa de ser guatemalteca y esta identidad es el n\u00facleo de su emprendimiento creativo. Promueve adem\u00e1s a artistas nacientes y encuentros con los connacionales. &#8220;Soy guatemalteca y me siento muy orgullosa de mi familia y de mi pa\u00eds&#8221;, expresa Zoy Herrera En el encierro de pandemia, Zoy Herrera Florencio, [&hellip;]<\/p>\n","protected":false},"author":7,"featured_media":2221,"comment_status":"open","ping_status":"open","sticky":false,"template":"","format":"standard","meta":{"_acf_changed":false,"_eb_attr":"","footnotes":""},"categories":[50],"tags":[],"class_list":["post-2220","post","type-post","status-publish","format-standard","has-post-thumbnail","hentry","category-exitos"],"acf":[],"aioseo_notices":[],"aioseo_head":"\n\t\t<!-- All in One SEO Pro 4.9.6.2 - aioseo.com -->\n\t<meta name=\"description\" content=\"No se necesitan las palabras perfectas cuando alguien se rompe. Quedarse, acompa\u00f1ar y escuchar son los primeros auxilios psicol\u00f3gicos que tienes que conocer.\" \/>\n\t<meta name=\"robots\" content=\"max-snippet:-1, max-image-preview:large, max-video-preview:-1\" \/>\n\t<meta name=\"author\" content=\"Mari\u00e1ngel \u00c1lvarez\"\/>\n\t<link rel=\"canonical\" href=\"https:\/\/soymigrante.com\/revista\/claves-sobre-primeros-auxilios-psicologicos-para-ayudar-a-alguien-agobiado-por-dolor-miedo-o-angustia\/\" \/>\n\t<meta name=\"generator\" content=\"All in One SEO Pro (AIOSEO) 4.9.6.2\" \/>\n\n\t\t<link rel=\"preconnect\" href=\"https:\/\/fonts.googleapis.com\" crossorigin>\n<link rel=\"preconnect\" href=\"https:\/\/fonts.gstatic.com\" crossorigin>\n\t\t<meta property=\"og:locale\" content=\"es_ES\" \/>\n\t\t<meta property=\"og:site_name\" content=\"SoyMigrante.com REVISTA \u2013 Nuestra misi\u00f3n es reconocer y dignificar al migrante.\" \/>\n\t\t<meta property=\"og:type\" content=\"article\" \/>\n\t\t<meta property=\"og:title\" content=\"Saber dar Primeros Auxilios Psicol\u00f3gicos nunca est\u00e1 de m\u00e1s\" \/>\n\t\t<meta property=\"og:description\" content=\"No se necesitan las palabras perfectas cuando alguien se rompe. Quedarse, acompa\u00f1ar y escuchar son los primeros auxilios psicol\u00f3gicos que tienes que conocer.\" \/>\n\t\t<meta property=\"og:url\" content=\"https:\/\/soymigrante.com\/revista\/claves-sobre-primeros-auxilios-psicologicos-para-ayudar-a-alguien-agobiado-por-dolor-miedo-o-angustia\/\" \/>\n\t\t<meta property=\"og:image\" content=\"https:\/\/soymigrante.com\/revista\/wp-content\/uploads\/2026\/04\/primeros-auxilios-emocionales.png\" \/>\n\t\t<meta property=\"og:image:secure_url\" content=\"https:\/\/soymigrante.com\/revista\/wp-content\/uploads\/2026\/04\/primeros-auxilios-emocionales.png\" \/>\n\t\t<meta property=\"og:image:width\" content=\"1024\" \/>\n\t\t<meta property=\"og:image:height\" content=\"1024\" \/>\n\t\t<meta property=\"article:published_time\" content=\"2026-04-07T20:18:15+00:00\" \/>\n\t\t<meta property=\"article:modified_time\" content=\"2026-04-07T21:10:17+00:00\" \/>\n\t\t<meta property=\"article:publisher\" content=\"https:\/\/www.facebook.com\/soymigrantecom\" \/>\n\t\t<meta name=\"twitter:card\" content=\"summary_large_image\" \/>\n\t\t<meta name=\"twitter:site\" content=\"@SoyMigrante_com\" \/>\n\t\t<meta name=\"twitter:title\" content=\"Saber dar Primeros Auxilios Psicol\u00f3gicos nunca est\u00e1 de m\u00e1s\" \/>\n\t\t<meta name=\"twitter:description\" content=\"No se necesitan las palabras perfectas cuando alguien se rompe. Quedarse, acompa\u00f1ar y escuchar son los primeros auxilios psicol\u00f3gicos que tienes que conocer.\" \/>\n\t\t<meta name=\"twitter:creator\" content=\"@SoyMigrante_com\" \/>\n\t\t<meta name=\"twitter:image\" content=\"https:\/\/soymigrante.com\/revista\/wp-content\/uploads\/2026\/04\/primeros-auxilios-emocionales.png\" \/>\n\t\t<!-- All in One SEO Pro -->\r\n\t\t<title>Saber dar Primeros Auxilios Psicol\u00f3gicos nunca est\u00e1 de m\u00e1s<\/title>\n\n","aioseo_head_json":{"title":"Saber dar Primeros Auxilios Psicol\u00f3gicos nunca est\u00e1 de m\u00e1s","description":"No se necesitan las palabras perfectas cuando alguien se rompe. Quedarse, acompa\u00f1ar y escuchar son los primeros auxilios psicol\u00f3gicos que tienes que conocer.","canonical_url":"https:\/\/soymigrante.com\/revista\/claves-sobre-primeros-auxilios-psicologicos-para-ayudar-a-alguien-agobiado-por-dolor-miedo-o-angustia\/","robots":"max-snippet:-1, max-image-preview:large, max-video-preview:-1","keywords":"","webmasterTools":{"miscellaneous":"&lt;link rel=\"preconnect\" href=\"https:\/\/fonts.googleapis.com\" crossorigin&gt;\n&lt;link rel=\"preconnect\" href=\"https:\/\/fonts.gstatic.com\" crossorigin&gt;"},"schema":null,"og:locale":"es_ES","og:site_name":"SoyMigrante.com REVISTA \u2013 Nuestra misi\u00f3n es reconocer y dignificar al migrante.","og:type":"article","og:title":"Saber dar Primeros Auxilios Psicol\u00f3gicos nunca est\u00e1 de m\u00e1s","og:description":"No se necesitan las palabras perfectas cuando alguien se rompe. Quedarse, acompa\u00f1ar y escuchar son los primeros auxilios psicol\u00f3gicos que tienes que conocer.","og:url":"https:\/\/soymigrante.com\/revista\/claves-sobre-primeros-auxilios-psicologicos-para-ayudar-a-alguien-agobiado-por-dolor-miedo-o-angustia\/","og:image":"https:\/\/soymigrante.com\/revista\/wp-content\/uploads\/2026\/04\/primeros-auxilios-emocionales.png","og:image:secure_url":"https:\/\/soymigrante.com\/revista\/wp-content\/uploads\/2026\/04\/primeros-auxilios-emocionales.png","og:image:width":1024,"og:image:height":1024,"article:published_time":"2026-04-07T20:18:15+00:00","article:modified_time":"2026-04-07T21:10:17+00:00","article:publisher":"https:\/\/www.facebook.com\/soymigrantecom","twitter:card":"summary_large_image","twitter:site":"@SoyMigrante_com","twitter:title":"Saber dar Primeros Auxilios Psicol\u00f3gicos nunca est\u00e1 de m\u00e1s","twitter:description":"No se necesitan las palabras perfectas cuando alguien se rompe. Quedarse, acompa\u00f1ar y escuchar son los primeros auxilios psicol\u00f3gicos que tienes que conocer.","twitter:creator":"@SoyMigrante_com","twitter:image":"https:\/\/soymigrante.com\/revista\/wp-content\/uploads\/2026\/04\/primeros-auxilios-emocionales.png"},"aioseo_meta_data":{"post_id":"2220","title":null,"description":"Conoce a Zoy Herrera, una migrante guatemalteca en Nueva York que transform\u00f3 la pandemia en una oportunidad para promover su cultura y talento.","keywords":null,"keyphrases":{"focus":{"keyphrase":"migrante","score":91,"analysis":{"keyphraseInTitle":{"score":9,"maxScore":9,"error":0},"keyphraseInDescription":{"score":9,"maxScore":9,"error":0},"keyphraseLength":{"score":9,"maxScore":9,"error":0,"length":1},"keyphraseInURL":{"score":5,"maxScore":5,"error":0},"keyphraseInIntroduction":{"score":3,"maxScore":9,"error":1},"keyphraseInSubHeadings":{"score":9,"maxScore":9,"error":0},"keyphraseInImageAlt":{"score":9,"maxScore":9,"error":0},"keywordDensity":{"type":"best","score":9,"maxScore":9,"error":0}}},"additional":[]},"primary_term":null,"canonical_url":null,"og_title":null,"og_description":null,"og_object_type":"default","og_image_type":"default","og_image_url":null,"og_image_width":null,"og_image_height":null,"og_image_custom_url":null,"og_image_custom_fields":null,"og_video":"","og_custom_url":null,"og_article_section":null,"og_article_tags":null,"twitter_use_og":false,"twitter_card":"default","twitter_image_type":"default","twitter_image_url":null,"twitter_image_custom_url":null,"twitter_image_custom_fields":null,"twitter_title":null,"twitter_description":null,"schema":{"blockGraphs":[],"customGraphs":[],"default":{"data":{"Article":[],"Course":[],"Dataset":[],"FAQPage":[],"Movie":[],"Person":[],"Product":[],"ProductReview":[],"Car":[],"Recipe":[],"Service":[],"SoftwareApplication":[],"WebPage":[]},"graphName":"BlogPosting","isEnabled":true},"graphs":[]},"schema_type":"default","schema_type_options":null,"pillar_content":false,"robots_default":true,"robots_noindex":false,"robots_noarchive":false,"robots_nosnippet":false,"robots_nofollow":false,"robots_noimageindex":false,"robots_noodp":false,"robots_notranslate":false,"robots_max_snippet":"-1","robots_max_videopreview":"-1","robots_max_imagepreview":"large","priority":null,"frequency":"default","local_seo":null,"seo_analyzer_scan_date":"2025-10-08 20:16:10","breadcrumb_settings":null,"limit_modified_date":false,"reviewed_by":null,"open_ai":"{\"title\":{\"suggestions\":[],\"usage\":0},\"description\":{\"suggestions\":[],\"usage\":0}}","ai":null,"created":"2023-08-18 14:55:07","updated":"2026-02-04 09:30:13"},"aioseo_breadcrumb":"<div class=\"aioseo-breadcrumbs\"><span class=\"aioseo-breadcrumb\">\n\t<a href=\"https:\/\/soymigrante.com\/revista\" title=\"Home\">Home<\/a>\n<\/span><span class=\"aioseo-breadcrumb-separator\">\u00bb<\/span><span class=\"aioseo-breadcrumb\">\n\t<a href=\"https:\/\/soymigrante.com\/revista\/category\/exitos\/\" title=\"\u00c9xitos\">\u00c9xitos<\/a>\n<\/span><span class=\"aioseo-breadcrumb-separator\">\u00bb<\/span><span class=\"aioseo-breadcrumb\">\n\tZoy, dise\u00f1adora, promotora cultural y migrante guatemalteca en New York\n<\/span><\/div>","aioseo_breadcrumb_json":[{"label":"Home","link":"https:\/\/soymigrante.com\/revista"},{"label":"\u00c9xitos","link":"https:\/\/soymigrante.com\/revista\/category\/exitos\/"},{"label":"Zoy, dise\u00f1adora, promotora cultural y migrante guatemalteca en New York","link":"https:\/\/soymigrante.com\/revista\/migrante-zoy-promotora-cultura-guatemala\/"}],"_links":{"self":[{"href":"https:\/\/soymigrante.com\/revista\/wp-json\/wp\/v2\/posts\/2220","targetHints":{"allow":["GET"]}}],"collection":[{"href":"https:\/\/soymigrante.com\/revista\/wp-json\/wp\/v2\/posts"}],"about":[{"href":"https:\/\/soymigrante.com\/revista\/wp-json\/wp\/v2\/types\/post"}],"author":[{"embeddable":true,"href":"https:\/\/soymigrante.com\/revista\/wp-json\/wp\/v2\/users\/7"}],"replies":[{"embeddable":true,"href":"https:\/\/soymigrante.com\/revista\/wp-json\/wp\/v2\/comments?post=2220"}],"version-history":[{"count":0,"href":"https:\/\/soymigrante.com\/revista\/wp-json\/wp\/v2\/posts\/2220\/revisions"}],"wp:featuredmedia":[{"embeddable":true,"href":"https:\/\/soymigrante.com\/revista\/wp-json\/wp\/v2\/media\/2221"}],"wp:attachment":[{"href":"https:\/\/soymigrante.com\/revista\/wp-json\/wp\/v2\/media?parent=2220"}],"wp:term":[{"taxonomy":"category","embeddable":true,"href":"https:\/\/soymigrante.com\/revista\/wp-json\/wp\/v2\/categories?post=2220"},{"taxonomy":"post_tag","embeddable":true,"href":"https:\/\/soymigrante.com\/revista\/wp-json\/wp\/v2\/tags?post=2220"}],"curies":[{"name":"wp","href":"https:\/\/api.w.org\/{rel}","templated":true}]}}