{"id":22132,"date":"2025-01-22T16:19:33","date_gmt":"2025-01-22T22:19:33","guid":{"rendered":"https:\/\/soymigrante.com\/revista\/?p=22132"},"modified":"2025-01-28T20:42:29","modified_gmt":"2025-01-29T02:42:29","slug":"guatemalteco-dennys-mejia-experiencia-usa-trabajo-temporal-visa","status":"publish","type":"post","link":"https:\/\/soymigrante.com\/revista\/guatemalteco-dennys-mejia-experiencia-usa-trabajo-temporal-visa\/","title":{"rendered":"&#8220;Volver\u00e9 a aplicar&#8221;: Dennys Mej\u00eda comparte experiencia en USA con visa de trabajo temporal H2-B"},"content":{"rendered":"\t\t<div data-elementor-type=\"wp-post\" data-elementor-id=\"22132\" class=\"elementor elementor-22132\" data-elementor-post-type=\"post\">\n\t\t\t\t<div data-particle_enable=\"false\" data-particle-mobile-disabled=\"false\" class=\"elementor-element elementor-element-34c6a0f e-flex e-con-boxed e-con e-parent\" data-id=\"34c6a0f\" data-element_type=\"container\" data-e-type=\"container\">\n\t\t\t\t\t<div class=\"e-con-inner\">\n\t\t\t\t<div class=\"elementor-element elementor-element-a6c3082 elementor-widget elementor-widget-heading\" data-id=\"a6c3082\" data-element_type=\"widget\" data-e-type=\"widget\" data-widget_type=\"heading.default\">\n\t\t\t\t\t<h2 class=\"elementor-heading-title elementor-size-default\"><span style=\"font-size: 31.2px\">Entre mayo y diciembre de 2024, Dennys Mej\u00eda trabaj\u00f3 en un hotel de Virginia, Estados Unidos, en montaje y atenci\u00f3n de eventos, de manera legal y temporal, como parte de un programa de movilidad laboral. \u00bfC\u00f3mo fue su experiencia y c\u00f3mo logr\u00f3 participar? Aqu\u00ed lo cuenta.<\/span><\/h2>\t\t\t\t<\/div>\n\t\t\t\t\t<\/div>\n\t\t\t\t<\/div>\n\t\t<div data-particle_enable=\"false\" data-particle-mobile-disabled=\"false\" class=\"elementor-element elementor-element-10c540e e-flex e-con-boxed e-con e-parent\" data-id=\"10c540e\" data-element_type=\"container\" data-e-type=\"container\">\n\t\t\t\t\t<div class=\"e-con-inner\">\n\t\t\t\t<div class=\"elementor-element elementor-element-d056e96 elementor-widget elementor-widget-html\" data-id=\"d056e96\" data-element_type=\"widget\" data-e-type=\"widget\" data-widget_type=\"html.default\">\n\t\t\t\t\t<div id=\"buzzsprout-player-16524111\"><\/div><script src=\"https:\/\/www.buzzsprout.com\/2444168\/episodes\/16524111-guatemalteco-comparte-experiencia-de-trabajo-temporal-legal-en-usa.js?container_id=buzzsprout-player-16524111&player=small\" type=\"text\/javascript\" charset=\"utf-8\"><\/script>\t\t\t\t<\/div>\n\t\t\t\t<div class=\"elementor-element elementor-element-db4b361 elementor-widget elementor-widget-text-editor\" data-id=\"db4b361\" data-element_type=\"widget\" data-e-type=\"widget\" data-widget_type=\"text-editor.default\">\n\t\t\t\t\t\t\t\t\t<p>La oportunidad para guatemaltcos de trabajar legalmente en Estados Unidos s\u00ed existe, a trav\u00e9s del programa de visas temporales, agr\u00edcolas y no agr\u00edcolas, que en Guatemala se coordina a trav\u00e9s del Ministerio de Trabajo. Estos programas se gestaron desde el anterior gobierno de Donald Trump,\u00a0 pero se implementaron en 2021.<\/p><p>&#8220;Hay que saber a d\u00f3nde acudir a solicitar y a dar seguimiento. En mi caso, nunca me toc\u00f3 poner un pie en la embajada, pues todo se manej\u00f3 en oficinas del Mintrab&#8221;, cuenta Dennys Mej\u00eda, quien en 2023 y 2024 ha estado por varios meses en Estados Unidos, trabajando. Hace apenas dos semanas regres\u00f3 tras un per\u00edodo laboral de 8 meses en un hotel de Virginia. &#8220;Tuve la oportunidad por segunda vez de tener un contrato y francamente se gana m\u00e1s que en Guatemala&#8221;, dice.<\/p><p>Sobre su experiencia, su ingreso al programa y otros detalles, el migrante temporal Dennys Mej\u00eda brinda otros detalles.\u00a0<\/p>\t\t\t\t\t\t\t\t<\/div>\n\t\t\t\t\t<\/div>\n\t\t\t\t<\/div>\n\t\t<div data-particle_enable=\"false\" data-particle-mobile-disabled=\"false\" class=\"elementor-element elementor-element-5f15940 e-flex e-con-boxed e-con e-parent\" data-id=\"5f15940\" data-element_type=\"container\" data-e-type=\"container\">\n\t\t\t\t\t<div class=\"e-con-inner\">\n\t\t\t\t<div class=\"elementor-element elementor-element-fda018b elementor-widget elementor-widget-image\" data-id=\"fda018b\" data-element_type=\"widget\" data-e-type=\"widget\" data-widget_type=\"image.default\">\n\t\t\t\t\t\t\t\t\t\t\t\t<figure class=\"wp-caption\">\n\t\t\t\t\t\t\t\t\t\t<img fetchpriority=\"high\" decoding=\"async\" width=\"736\" height=\"491\" src=\"https:\/\/soymigrante.com\/revista\/wp-content\/uploads\/2025\/01\/dennys-mejia-trabajador-temporal-6.webp\" class=\"attachment-large size-large wp-image-22155\" alt=\"D\u00eda de la agricultura sostenible con cultivo de microverdes en sistemas hidrop\u00f3nicos para un mundo m\u00e1s verde.\" srcset=\"https:\/\/soymigrante.com\/revista\/wp-content\/uploads\/2025\/01\/dennys-mejia-trabajador-temporal-6.webp 736w, https:\/\/soymigrante.com\/revista\/wp-content\/uploads\/2025\/01\/dennys-mejia-trabajador-temporal-6-300x200.jpg 300w\" sizes=\"(max-width: 736px) 100vw, 736px\" title=\"En su primer per\u00edodo de trabajo temporal, en 2023, Dennys Mej\u00eda trabaj\u00f3 en una empresa de montaje de eventos, pero durante un mes tambi\u00e9n labor\u00f3 en jardiner\u00eda. &quot;La actitud de trabajo es clave, uno va a producir y ninguna oportunidad es mala&quot;, expresa el guatemalteco, quien fue con una visa H2-B \u2013 SoyMigrante.com REVISTA\" \/>\t\t\t\t\t\t\t\t\t\t\t<figcaption class=\"widget-image-caption wp-caption-text\">Revoluci\u00f3n en agricultura urbana con cultivo de microverdes hidrop\u00f3nicos para una alimentaci\u00f3n saludable.<\/figcaption>\n\t\t\t\t\t\t\t\t\t\t<\/figure>\n\t\t\t\t\t\t\t\t\t<\/div>\n\t\t\t\t\t<\/div>\n\t\t\t\t<\/div>\n\t\t<div data-particle_enable=\"false\" data-particle-mobile-disabled=\"false\" class=\"elementor-element elementor-element-b1439ae e-flex e-con-boxed e-con e-parent\" data-id=\"b1439ae\" data-element_type=\"container\" data-e-type=\"container\">\n\t\t\t\t\t<div class=\"e-con-inner\">\n\t\t\t\t<div class=\"elementor-element elementor-element-852a157 elementor-widget elementor-widget-heading\" data-id=\"852a157\" data-element_type=\"widget\" data-e-type=\"widget\" data-widget_type=\"heading.default\">\n\t\t\t\t\t<h3 class=\"elementor-heading-title elementor-size-default\">\u00bfC\u00f3mo ingres\u00f3 a este programa de trabajo temporal en USA?<\/h3>\t\t\t\t<\/div>\n\t\t\t\t\t<\/div>\n\t\t\t\t<\/div>\n\t\t<div data-particle_enable=\"false\" data-particle-mobile-disabled=\"false\" class=\"elementor-element elementor-element-f50fd27 e-flex e-con-boxed e-con e-parent\" data-id=\"f50fd27\" data-element_type=\"container\" data-e-type=\"container\">\n\t\t\t\t\t<div class=\"e-con-inner\">\n\t\t\t\t<div class=\"elementor-element elementor-element-e61ecb4 elementor-widget elementor-widget-text-editor\" data-id=\"e61ecb4\" data-element_type=\"widget\" data-e-type=\"widget\" data-widget_type=\"text-editor.default\">\n\t\t\t\t\t\t\t\t\t<p><span style=\"color: var( --e-global-color-text ); text-align: var(--text-align);\">Dennys Mej\u00eda se enter\u00f3 de las oportunidades laborales a trav\u00e9s de anuncios en redes sociales del Ministerio de Trabajo. La Embajada de Estados Unidos cre\u00f3 una direcci\u00f3n de movilidad laboral, pero las solicitudes se hacen en el ministerio. &#8220;No te cobran nada por este proceso, es gratuito&#8221;.<\/span><\/p><p>En enero de 2023, asisti\u00f3 a una convocatoria presencial: &#8220;Llen\u00e9 formulario y a esperar alguna llamada. Existen dos tipos de visas: (H2-A)una para trabajadores agr\u00edcolas y otra (H2-B) para no agr\u00edcolas. Yo apliqu\u00e9 a la segunda. All\u00ed hay plazas para\u00a0 cocineros y personal de limpieza, jardineros y meseros&#8221;.\u00a0<\/p><p>En su primer contrato en 2023, trabaj\u00f3 en una empresa de eventos en Ohio, realizando tareas como montaje de mesas y toldos. En 2024, su trabajo fue como busser en banquetes y convenciones en un hotel y resrt de Virginia. &#8220;En cada convocatoria las empresas estadounidenses que participan piden cierto n\u00famero de plazas espec\u00edficas: a veces m\u00e1s para cocineros, para limpieza o para jardiner\u00eda&#8221;.<\/p>\t\t\t\t\t\t\t\t<\/div>\n\t\t\t\t\t<\/div>\n\t\t\t\t<\/div>\n\t\t<div data-particle_enable=\"false\" data-particle-mobile-disabled=\"false\" class=\"elementor-element elementor-element-f15f5c3 e-flex e-con-boxed e-con e-parent\" data-id=\"f15f5c3\" data-element_type=\"container\" data-e-type=\"container\">\n\t\t\t\t\t<div class=\"e-con-inner\">\n\t\t\t\t<div class=\"elementor-element elementor-element-23ca9cb elementor-invisible elementor-widget elementor-widget-facebook-embed\" data-id=\"23ca9cb\" data-element_type=\"widget\" data-e-type=\"widget\" data-settings=\"{&quot;_animation&quot;:&quot;zoomInDown&quot;}\" data-widget_type=\"facebook-embed.default\">\n\t\t\t\t\t<div style=\"min-height: 1px\" class=\"elementor-facebook-widget fb-video\" data-href=\"https:\/\/fb.watch\/xh9q2rKetX\/\" data-show-text=\"false\" data-allowfullscreen=\"false\" data-autoplay=\"false\" data-show-captions=\"false\"><\/div>\t\t\t\t<\/div>\n\t\t\t\t\t<\/div>\n\t\t\t\t<\/div>\n\t\t<div data-particle_enable=\"false\" data-particle-mobile-disabled=\"false\" class=\"elementor-element elementor-element-9a73c95 e-flex e-con-boxed e-con e-parent\" data-id=\"9a73c95\" data-element_type=\"container\" data-e-type=\"container\">\n\t\t\t\t\t<div class=\"e-con-inner\">\n\t\t\t\t<div class=\"elementor-element elementor-element-9c9ebc2 elementor-widget elementor-widget-heading\" data-id=\"9c9ebc2\" data-element_type=\"widget\" data-e-type=\"widget\" data-widget_type=\"heading.default\">\n\t\t\t\t\t<h3 class=\"elementor-heading-title elementor-size-default\">\u00bfEs indispensable saber ingl\u00e9s para aplicar a estas visas de trabajo temporal?<\/h3>\t\t\t\t<\/div>\n\t\t\t\t\t<\/div>\n\t\t\t\t<\/div>\n\t\t<div data-particle_enable=\"false\" data-particle-mobile-disabled=\"false\" class=\"elementor-element elementor-element-8d2729b e-flex e-con-boxed e-con e-parent\" data-id=\"8d2729b\" data-element_type=\"container\" data-e-type=\"container\">\n\t\t\t\t\t<div class=\"e-con-inner\">\n\t\t\t\t<div class=\"elementor-element elementor-element-a6b9895 elementor-widget elementor-widget-text-editor\" data-id=\"a6b9895\" data-element_type=\"widget\" data-e-type=\"widget\" data-widget_type=\"text-editor.default\">\n\t\t\t\t\t\t\t\t\t<p><span style=\"color: var( --e-global-color-text ); text-align: var(--text-align);\">El dominio de ingl\u00e9s no es un requisito indispensable para aplicar, sin embargo &#8220;s\u00ed te facilita la vida y te hace m\u00e1s elegible para un contrato&#8221;, dice Dennys.<\/span><\/p><p>En su primer contrato, uno de sus compa\u00f1eros utilizaba un traductor de Google su tel\u00e9fono para comunicarse. &#8220;Lo m\u00e1s importante es tener buena voluntad y actitud de trabajo&#8221;<\/p><h4>Primer contrato, en Ohio.<\/h4><p>Dennys trabaj\u00f3 en Cleveland, Ohio desde mayo de 2023. &#8220;El primer mes fue movido, con muchas horas extras. Despu\u00e9s de las fiestas del 4 de julio, el trabajo disminuy\u00f3&#8221;. Entonces busc\u00f3 trabajo en jardiner\u00eda junto con otro compa\u00f1ero. El plazo de trabajo dur\u00f3 unos cuatro meses. El promedio de ingreso fue de unos US$500 a la semana.<\/p><h4>Segundo Contrato, en Virginia.\u00a0<\/h4><p>&#8220;Trabaj\u00e9 8 meses y una semana, en un hotel de la cadena Omni, en Hot Springs Virginia. \u00c9ramos unos 150 a 170 trabajadores extranjeros de varios pa\u00edses, entre ellos guatemaltecos. Hay que tomar en cuenta que un tercio del ingreso se va en el pago de renta de habitaci\u00f3n. &#8220;El empleador es hacer cargo de pagar ese alquiler y tambi\u00e9n de deducir los impuestos&#8221;.<\/p><p>&#8220;Nos toc\u00f3 montar varios eventos, poner mesas, sillas, toldos, quitarlos; apoyar a los meseros en el servicio. Se serv\u00eda desayuno y cena a cientos de personas. El almuerzo suelen dejarlo a opci\u00f3n de los asistentes&#8221;, relata.<\/p>\t\t\t\t\t\t\t\t<\/div>\n\t\t\t\t\t<\/div>\n\t\t\t\t<\/div>\n\t\t<div data-particle_enable=\"false\" data-particle-mobile-disabled=\"false\" class=\"elementor-element elementor-element-5b0b781 e-flex e-con-boxed e-con e-parent\" data-id=\"5b0b781\" data-element_type=\"container\" data-e-type=\"container\">\n\t\t\t\t\t<div class=\"e-con-inner\">\n\t\t\t\t<div class=\"elementor-element elementor-element-271528e elementor-widget elementor-widget-video\" data-id=\"271528e\" data-element_type=\"widget\" data-e-type=\"widget\" data-settings=\"{&quot;video_type&quot;:&quot;hosted&quot;,&quot;controls&quot;:&quot;yes&quot;}\" data-widget_type=\"video.default\">\n\t\t\t\t\t\t\t<div class=\"e-hosted-video elementor-wrapper elementor-open-inline\">\n\t\t\t\t\t<video class=\"elementor-video\" src=\"https:\/\/soymigrante.com\/revista\/wp-content\/uploads\/2025\/01\/trabajo-temporal-en-hotel.mp4\" controls=\"\" preload=\"metadata\" controlsList=\"nodownload\" poster=\"https:\/\/soymigrante.com\/revista\/wp-content\/uploads\/2025\/01\/dennys-mejia-trabajador-temporal-3.jpeg\"><\/video>\n\t\t\t\t<\/div>\n\t\t\t\t\t\t<\/div>\n\t\t\t\t\t<\/div>\n\t\t\t\t<\/div>\n\t\t<div data-particle_enable=\"false\" data-particle-mobile-disabled=\"false\" class=\"elementor-element elementor-element-8d89d16 e-flex e-con-boxed e-con e-parent\" data-id=\"8d89d16\" data-element_type=\"container\" data-e-type=\"container\">\n\t\t\t\t\t<div class=\"e-con-inner\">\n\t\t\t\t<div class=\"elementor-element elementor-element-ecd2bd3 elementor-widget elementor-widget-heading\" data-id=\"ecd2bd3\" data-element_type=\"widget\" data-e-type=\"widget\" data-widget_type=\"heading.default\">\n\t\t\t\t\t<h2 class=\"elementor-heading-title elementor-size-default\">\u00bfSe puede volver a aplicar?<\/h2>\t\t\t\t<\/div>\n\t\t\t\t\t<\/div>\n\t\t\t\t<\/div>\n\t\t<div data-particle_enable=\"false\" data-particle-mobile-disabled=\"false\" class=\"elementor-element elementor-element-ef56b99 e-flex e-con-boxed e-con e-parent\" data-id=\"ef56b99\" data-element_type=\"container\" data-e-type=\"container\">\n\t\t\t\t\t<div class=\"e-con-inner\">\n\t\t\t\t<div class=\"elementor-element elementor-element-8e06f0a elementor-widget elementor-widget-text-editor\" data-id=\"8e06f0a\" data-element_type=\"widget\" data-e-type=\"widget\" data-widget_type=\"text-editor.default\">\n\t\t\t\t\t\t\t\t\t<p><span style=\"color: var( --e-global-color-text ); text-align: var(--text-align);\">Se desconoce si el cambio de gobierno de Estados Unidos podr\u00eda alterar el programa de trabajadores temporales, sin embargo esta es la v\u00eda legal, segura e inteligente de abordar la necesidad de mejores ingresos por parte de trabajadores guatemaltecos y la necesidad de mano de obra eficiente en empresas estadounidenses, considera Mej\u00eda, quien espera una nueva convocatoria para poder volver a aplicar una solicitud.<\/span><\/p><p><span style=\"color: var( --e-global-color-text ); text-align: var(--text-align);\">&#8220;Hay que esperar que avance enero y febrero para estar atento en las plataformas oficiales del Ministerio de Trabajo. De hecho, nuestro empleador del hotel qued\u00f3 tan satisfecho con nuestro trabajo que nos llam\u00f3 si hab\u00edamos llegado bien al Guatemala y agradecernos por el apoyo&#8221;.<\/span><\/p>\t\t\t\t\t\t\t\t<\/div>\n\t\t\t\t\t<\/div>\n\t\t\t\t<\/div>\n\t\t<div data-particle_enable=\"false\" data-particle-mobile-disabled=\"false\" class=\"elementor-element elementor-element-c6bb5a6 e-flex e-con-boxed e-con e-parent\" data-id=\"c6bb5a6\" data-element_type=\"container\" data-e-type=\"container\">\n\t\t\t\t\t<div class=\"e-con-inner\">\n\t\t\t\t<div class=\"elementor-element elementor-element-9d81733 elementor-widget elementor-widget-image\" data-id=\"9d81733\" data-element_type=\"widget\" data-e-type=\"widget\" data-widget_type=\"image.default\">\n\t\t\t\t\t\t\t\t\t\t\t\t<figure class=\"wp-caption\">\n\t\t\t\t\t\t\t\t\t\t<img decoding=\"async\" width=\"768\" height=\"768\" src=\"https:\/\/soymigrante.com\/revista\/wp-content\/uploads\/2025\/01\/trabajador-temoral-dennys-mejia-1.webp\" class=\"attachment-large size-large wp-image-22175\" alt=\"Esfera de Cloud Gate en Chicago con persona sonriendo y p\u00fablico en el fondo, en un evento urbano multicultural.\" srcset=\"https:\/\/soymigrante.com\/revista\/wp-content\/uploads\/2025\/01\/trabajador-temoral-dennys-mejia-1.webp 901w, https:\/\/soymigrante.com\/revista\/wp-content\/uploads\/2025\/01\/trabajador-temoral-dennys-mejia-1-300x300.jpg 300w, https:\/\/soymigrante.com\/revista\/wp-content\/uploads\/2025\/01\/trabajador-temoral-dennys-mejia-1-150x150.jpg 150w, https:\/\/soymigrante.com\/revista\/wp-content\/uploads\/2025\/01\/trabajador-temoral-dennys-mejia-1-768x768.jpg 768w, https:\/\/soymigrante.com\/revista\/wp-content\/uploads\/2025\/01\/trabajador-temoral-dennys-mejia-1-75x75.webp 75w, https:\/\/soymigrante.com\/revista\/wp-content\/uploads\/2025\/01\/trabajador-temoral-dennys-mejia-1-750x750.webp 750w\" sizes=\"(max-width: 768px) 100vw, 768px\" title=\"Adem\u00e1s de la satisfacci\u00f3n del desempe\u00f1o laboral y una remuneraci\u00f3n que considera buena y motivadora, Dennys tambi\u00e9n pudo conocer varias ciudades de Estados Unidos en sus d\u00edas de descanso. \u2013 SoyMigrante.com REVISTA\" \/>\t\t\t\t\t\t\t\t\t\t\t<figcaption class=\"widget-image-caption wp-caption-text\">Esculturas p\u00fablicas y eventos culturales en Chicago con p\u00fablico diverso y atmosfera vibrante en pleno centro de la ciudad.<\/figcaption>\n\t\t\t\t\t\t\t\t\t\t<\/figure>\n\t\t\t\t\t\t\t\t\t<\/div>\n\t\t\t\t\t<\/div>\n\t\t\t\t<\/div>\n\t\t<div data-particle_enable=\"false\" data-particle-mobile-disabled=\"false\" class=\"elementor-element elementor-element-4eb657d e-flex e-con-boxed e-con e-parent\" data-id=\"4eb657d\" data-element_type=\"container\" data-e-type=\"container\">\n\t\t\t\t\t<div class=\"e-con-inner\">\n\t\t\t\t<div class=\"elementor-element elementor-element-3779901 elementor-widget elementor-widget-heading\" data-id=\"3779901\" data-element_type=\"widget\" data-e-type=\"widget\" data-widget_type=\"heading.default\">\n\t\t\t\t\t<h3 class=\"elementor-heading-title elementor-size-default\">Consejos desde una experiencia positiva<\/h3>\t\t\t\t<\/div>\n\t\t\t\t\t<\/div>\n\t\t\t\t<\/div>\n\t\t<div data-particle_enable=\"false\" data-particle-mobile-disabled=\"false\" class=\"elementor-element elementor-element-655e4b0 e-flex e-con-boxed e-con e-parent\" data-id=\"655e4b0\" data-element_type=\"container\" data-e-type=\"container\">\n\t\t\t\t\t<div class=\"e-con-inner\">\n\t\t\t\t<div class=\"elementor-element elementor-element-d12d382 elementor-widget elementor-widget-text-editor\" data-id=\"d12d382\" data-element_type=\"widget\" data-e-type=\"widget\" data-widget_type=\"text-editor.default\">\n\t\t\t\t\t\t\t\t\t<ul><li><span style=\"color: var( --e-global-color-text ); text-align: var(--text-align);\"><b>1. Revisar las plataformas oficiales del Ministerio de Trabajo para conocer el momento en que se abre una convocatoria, ya sea para trabajadores agr\u00edcolas o no agr\u00edcolas.<\/b><\/span><\/li><li><b>2. Nunca dejarse enga\u00f1ar por personas que pidan dinero a cambio de un contrato. La inscripci\u00f3n en el Ministerio de Trabajo es gratuita.\u00a0<\/b><\/li><li><b>3. Tener listos un curriculum y las certificaciones de formaci\u00f3n educativa, cursos o especialidades (como por ejemplo, hablar ingl\u00e9s o experiencia laboral previa) que se tengan para poder ir a las convocatorias, que no dan mucho tiempo de anticipaci\u00f3n.\u00a0<\/b><\/li><li><b>4. Respetar los t\u00e9rminos de la visa temporal y regresar a Guatemala en el momento que finaliza el contrato; tener buena conducta en la empresa y en la comunidad donde te corresponda.<\/b><\/li><\/ul>\t\t\t\t\t\t\t\t<\/div>\n\t\t\t\t\t<\/div>\n\t\t\t\t<\/div>\n\t\t<div data-particle_enable=\"false\" data-particle-mobile-disabled=\"false\" class=\"elementor-element elementor-element-43219f5 e-flex e-con-boxed e-con e-parent\" data-id=\"43219f5\" data-element_type=\"container\" data-e-type=\"container\">\n\t\t\t\t\t<div class=\"e-con-inner\">\n\t\t\t\t<div class=\"elementor-element elementor-element-73b9969 elementor-widget elementor-widget-blfe-post-grid\" data-id=\"73b9969\" data-element_type=\"widget\" data-e-type=\"widget\" data-settings=\"{&quot;columns&quot;:&quot;3&quot;,&quot;columns_tablet&quot;:&quot;6&quot;,&quot;columns_mobile&quot;:&quot;12&quot;,&quot;hero1_layout_column_gap&quot;:{&quot;unit&quot;:&quot;px&quot;,&quot;size&quot;:30,&quot;sizes&quot;:[]},&quot;hero1_layout_column_gap_tablet&quot;:{&quot;unit&quot;:&quot;px&quot;,&quot;size&quot;:&quot;&quot;,&quot;sizes&quot;:[]},&quot;hero1_layout_column_gap_mobile&quot;:{&quot;unit&quot;:&quot;px&quot;,&quot;size&quot;:&quot;&quot;,&quot;sizes&quot;:[]},&quot;hero1_layout_row_gap&quot;:{&quot;unit&quot;:&quot;px&quot;,&quot;size&quot;:30,&quot;sizes&quot;:[]},&quot;hero1_layout_row_gap_tablet&quot;:{&quot;unit&quot;:&quot;px&quot;,&quot;size&quot;:&quot;&quot;,&quot;sizes&quot;:[]},&quot;hero1_layout_row_gap_mobile&quot;:{&quot;unit&quot;:&quot;px&quot;,&quot;size&quot;:&quot;&quot;,&quot;sizes&quot;:[]}}\" data-widget_type=\"blfe-post-grid.hero1\">\n\t\t\t\t<div class=\"elementor-widget-container\">\n\t\t\t\t\t\n                        <div class=\"blfe-post-grid-container \">\n            \n                <div data-skin=\"hero1\" class=\"blfe-row blfe-posts-inner blfe-hero1 blfe-posts-inner blfe-col-3 blfe-col-tab-6 blfe-col-mob-12     \">\n                            <div class=\"blfe-post-grid-item\">\n            <div class=\"blfe-post-grid-item-inner blfe-modern-zoom\">\n                        <div class=\"blfe-post-grid-bg-image\">\n            <a class=\"blfe-post-grid-image-inner\" href=\"https:\/\/soymigrante.com\/revista\/loteria-de-visas-de-residencia-en-ee-uu-2026-esta-abierta-para-guatemaltecos\/\" title=\"Loter\u00eda de Visas de residencia en EE.UU. 2026 est\u00e1 abierta para guatemaltecos\" rel=\"nofollow\" target=\"_blank\"><img decoding=\"async\" src=\"https:\/\/soymigrante.com\/revista\/wp-content\/uploads\/2024\/10\/visa-loteria-2026-1.webp\" alt=\"Loter\u00eda de Visas de residencia en EE.UU. 2026 est\u00e1 abierta para guatemaltecos\"\/><\/a>        <\/div>\n                        <div class=\"blfe-post-grid-details\">\n                    <div class=\"blfe-post-grid-details-inner\">\n                        <span class=\"blfe-post-category\"><a href=\"https:\/\/soymigrante.com\/revista\/category\/recursos-migratorios\/\">Recursos Migratorios<\/a><\/span>                        <h3 class=\"blfe-post-grid-title\">\n            <a href=\"https:\/\/soymigrante.com\/revista\/loteria-de-visas-de-residencia-en-ee-uu-2026-esta-abierta-para-guatemaltecos\/\" title=\"Loter\u00eda de Visas de residencia en EE.UU. 2026 est\u00e1 abierta para guatemaltecos\" rel=\"nofollow\" target=\"_blank\">Loter\u00eda de Visas de residencia en EE.UU. 2026 est\u00e1 abierta para guatemaltecos<\/a>\n            <\/h3>                                                            <div class=\"blfe-post-grid-meta\">\n                <span class=\"blfe-post-grid-time\"><i class=\"fas fa-book-reader\"><\/i>3 Min read<\/span>            <\/div>\n                                                        <\/div>\n                <\/div>\n\n            <\/div>\n        <\/div>\n                <div class=\"blfe-post-grid-item\">\n            <div class=\"blfe-post-grid-item-inner blfe-modern-zoom\">\n                        <div class=\"blfe-post-grid-bg-image\">\n            <a class=\"blfe-post-grid-image-inner\" href=\"https:\/\/soymigrante.com\/revista\/experto-en-migracion-radicado-en-texas-responde-preguntas-sobre-medidas-migratorias\/\" title=\"Experto en migraci\u00f3n radicado en Texas responde preguntas sobre medidas migratorias\" rel=\"nofollow\" target=\"_blank\"><img decoding=\"async\" src=\"https:\/\/soymigrante.com\/revista\/wp-content\/uploads\/2025\/01\/inmigracion-scaled.webp\" alt=\"Experto en migraci\u00f3n radicado en Texas responde preguntas sobre medidas migratorias\"\/><\/a>        <\/div>\n                        <div class=\"blfe-post-grid-details\">\n                    <div class=\"blfe-post-grid-details-inner\">\n                        <span class=\"blfe-post-category\"><a href=\"https:\/\/soymigrante.com\/revista\/category\/recursos-migratorios\/\">Recursos Migratorios<\/a><\/span>                        <h3 class=\"blfe-post-grid-title\">\n            <a href=\"https:\/\/soymigrante.com\/revista\/experto-en-migracion-radicado-en-texas-responde-preguntas-sobre-medidas-migratorias\/\" title=\"Experto en migraci\u00f3n radicado en Texas responde preguntas sobre medidas migratorias\" rel=\"nofollow\" target=\"_blank\">Experto en migraci\u00f3n radicado en Texas responde preguntas sobre medidas migratorias<\/a>\n            <\/h3>                                                            <div class=\"blfe-post-grid-meta\">\n                <span class=\"blfe-post-grid-time\"><i class=\"fas fa-book-reader\"><\/i>6 Min read<\/span>            <\/div>\n                                                        <\/div>\n                <\/div>\n\n            <\/div>\n        <\/div>\n                <div class=\"blfe-post-grid-item\">\n            <div class=\"blfe-post-grid-item-inner blfe-modern-zoom\">\n                        <div class=\"blfe-post-grid-bg-image\">\n            <a class=\"blfe-post-grid-image-inner\" href=\"https:\/\/soymigrante.com\/revista\/las-visas-h-2-de-trabajadores-temporales-en-estados-unidos\/\" title=\"Hay dos tipos de visas H-2 para  trabajadores temporales en Estados Unidos\" rel=\"nofollow\" target=\"_blank\"><img decoding=\"async\" src=\"https:\/\/soymigrante.com\/revista\/wp-content\/uploads\/2024\/12\/trabajos-migrantes-4-scaled-e1736801595149.webp\" alt=\"Hay dos tipos de visas H-2 para  trabajadores temporales en Estados Unidos\"\/><\/a>        <\/div>\n                        <div class=\"blfe-post-grid-details\">\n                    <div class=\"blfe-post-grid-details-inner\">\n                        <span class=\"blfe-post-category\"><a href=\"https:\/\/soymigrante.com\/revista\/category\/recursos-migratorios\/\">Recursos Migratorios<\/a><\/span>                        <h3 class=\"blfe-post-grid-title\">\n            <a href=\"https:\/\/soymigrante.com\/revista\/las-visas-h-2-de-trabajadores-temporales-en-estados-unidos\/\" title=\"Hay dos tipos de visas H-2 para  trabajadores temporales en Estados Unidos\" rel=\"nofollow\" target=\"_blank\">Hay dos tipos de visas H-2 para  trabajadores temporales en Estados Unidos<\/a>\n            <\/h3>                                                            <div class=\"blfe-post-grid-meta\">\n                <span class=\"blfe-post-grid-time\"><i class=\"fas fa-book-reader\"><\/i>5 Min read<\/span>            <\/div>\n                                                        <\/div>\n                <\/div>\n\n            <\/div>\n        <\/div>\n                        <\/div>\n\n                        <\/div>\n            \n                        <div class=\"blfe-post-footer\">\n                        <\/div>\n            \t\t\t\t<\/div>\n\t\t\t\t<\/div>\n\t\t\t\t\t<\/div>\n\t\t\t\t<\/div>\n\t\t\t\t<\/div>\n\t\t","protected":false},"excerpt":{"rendered":"<p>Entre mayo y diciembre de 2024, Dennys Mej\u00eda trabaj\u00f3 en un hotel de Virginia, Estados Unidos, en montaje y atenci\u00f3n de eventos, de manera legal y temporal, como parte de un programa de movilidad laboral. \u00bfC\u00f3mo fue su experiencia y c\u00f3mo logr\u00f3 participar? Aqu\u00ed lo cuenta. La oportunidad para guatemaltcos de trabajar legalmente en Estados [&hellip;]<\/p>\n","protected":false},"author":7,"featured_media":22140,"comment_status":"open","ping_status":"open","sticky":false,"template":"","format":"standard","meta":{"_acf_changed":false,"_eb_attr":"","footnotes":""},"categories":[50],"tags":[],"class_list":["post-22132","post","type-post","status-publish","format-standard","has-post-thumbnail","hentry","category-exitos"],"acf":[],"aioseo_notices":[],"aioseo_head":"\n\t\t<!-- All in One SEO Pro 4.9.6.2 - aioseo.com -->\n\t<meta name=\"description\" content=\"Este tipo de permiso regularmente se tramita a trav\u00e9s del gobierno local o de empresas que contratan personas bajo ciertos requisitos. Estos son algunos datos.\" \/>\n\t<meta name=\"robots\" content=\"max-snippet:-1, max-image-preview:large, max-video-preview:-1\" \/>\n\t<meta name=\"author\" content=\"SoyMigrante.com REVISTA\"\/>\n\t<link rel=\"canonical\" href=\"https:\/\/soymigrante.com\/revista\/las-visas-h-2-de-trabajadores-temporales-en-estados-unidos\/\" \/>\n\t<meta name=\"generator\" content=\"All in One SEO Pro (AIOSEO) 4.9.6.2\" \/>\n\n\t\t<link rel=\"preconnect\" href=\"https:\/\/fonts.googleapis.com\" crossorigin>\n<link rel=\"preconnect\" href=\"https:\/\/fonts.gstatic.com\" crossorigin>\n\t\t<meta property=\"og:locale\" content=\"es_ES\" \/>\n\t\t<meta property=\"og:site_name\" content=\"SoyMigrante.com REVISTA \u2013 Nuestra misi\u00f3n es reconocer y dignificar al migrante.\" \/>\n\t\t<meta property=\"og:type\" content=\"article\" \/>\n\t\t<meta property=\"og:title\" content=\"Hay dos tipos de visas H-2 para trabajadores temporales en Estados Unidos\" \/>\n\t\t<meta property=\"og:description\" content=\"Este tipo de permiso regularmente se tramita a trav\u00e9s del gobierno local o de empresas que contratan personas bajo ciertos requisitos. Estos son algunos datos.\" \/>\n\t\t<meta property=\"og:url\" content=\"https:\/\/soymigrante.com\/revista\/las-visas-h-2-de-trabajadores-temporales-en-estados-unidos\/\" \/>\n\t\t<meta property=\"og:image\" content=\"https:\/\/soymigrante.com\/revista\/wp-content\/uploads\/2024\/12\/trabajos-migrantes-4-scaled-e1736801595149.webp\" \/>\n\t\t<meta property=\"og:image:secure_url\" content=\"https:\/\/soymigrante.com\/revista\/wp-content\/uploads\/2024\/12\/trabajos-migrantes-4-scaled-e1736801595149.webp\" \/>\n\t\t<meta property=\"og:image:width\" content=\"982\" \/>\n\t\t<meta property=\"og:image:height\" content=\"982\" \/>\n\t\t<meta property=\"article:published_time\" content=\"2025-01-13T21:08:57+00:00\" \/>\n\t\t<meta property=\"article:modified_time\" content=\"2025-01-13T21:12:40+00:00\" \/>\n\t\t<meta property=\"article:publisher\" content=\"https:\/\/www.facebook.com\/soymigrantecom\" \/>\n\t\t<meta name=\"twitter:card\" content=\"summary_large_image\" \/>\n\t\t<meta name=\"twitter:site\" content=\"@SoyMigrante_com\" \/>\n\t\t<meta name=\"twitter:title\" content=\"Hay dos tipos de visas H-2 para trabajadores temporales en Estados Unidos\" \/>\n\t\t<meta name=\"twitter:description\" content=\"Este tipo de permiso regularmente se tramita a trav\u00e9s del gobierno local o de empresas que contratan personas bajo ciertos requisitos. Estos son algunos datos.\" \/>\n\t\t<meta name=\"twitter:creator\" content=\"@SoyMigrante_com\" \/>\n\t\t<meta name=\"twitter:image\" content=\"https:\/\/soymigrante.com\/revista\/wp-content\/uploads\/2024\/12\/trabajos-migrantes-4-scaled-e1736801595149.webp\" \/>\n\t\t<!-- All in One SEO Pro -->\r\n\t\t<title>Hay dos tipos de visas H-2 para trabajadores temporales en Estados Unidos<\/title>\n\n","aioseo_head_json":{"title":"Hay dos tipos de visas H-2 para trabajadores temporales en Estados Unidos","description":"Este tipo de permiso regularmente se tramita a trav\u00e9s del gobierno local o de empresas que contratan personas bajo ciertos requisitos. Estos son algunos datos.","canonical_url":"https:\/\/soymigrante.com\/revista\/las-visas-h-2-de-trabajadores-temporales-en-estados-unidos\/","robots":"max-snippet:-1, max-image-preview:large, max-video-preview:-1","keywords":"","webmasterTools":{"miscellaneous":"&lt;link rel=\"preconnect\" href=\"https:\/\/fonts.googleapis.com\" crossorigin&gt;\n&lt;link rel=\"preconnect\" href=\"https:\/\/fonts.gstatic.com\" crossorigin&gt;"},"schema":null,"og:locale":"es_ES","og:site_name":"SoyMigrante.com REVISTA \u2013 Nuestra misi\u00f3n es reconocer y dignificar al migrante.","og:type":"article","og:title":"Hay dos tipos de visas H-2 para trabajadores temporales en Estados Unidos","og:description":"Este tipo de permiso regularmente se tramita a trav\u00e9s del gobierno local o de empresas que contratan personas bajo ciertos requisitos. Estos son algunos datos.","og:url":"https:\/\/soymigrante.com\/revista\/las-visas-h-2-de-trabajadores-temporales-en-estados-unidos\/","og:image":"https:\/\/soymigrante.com\/revista\/wp-content\/uploads\/2024\/12\/trabajos-migrantes-4-scaled-e1736801595149.webp","og:image:secure_url":"https:\/\/soymigrante.com\/revista\/wp-content\/uploads\/2024\/12\/trabajos-migrantes-4-scaled-e1736801595149.webp","og:image:width":982,"og:image:height":982,"article:published_time":"2025-01-13T21:08:57+00:00","article:modified_time":"2025-01-13T21:12:40+00:00","article:publisher":"https:\/\/www.facebook.com\/soymigrantecom","twitter:card":"summary_large_image","twitter:site":"@SoyMigrante_com","twitter:title":"Hay dos tipos de visas H-2 para trabajadores temporales en Estados Unidos","twitter:description":"Este tipo de permiso regularmente se tramita a trav\u00e9s del gobierno local o de empresas que contratan personas bajo ciertos requisitos. Estos son algunos datos.","twitter:creator":"@SoyMigrante_com","twitter:image":"https:\/\/soymigrante.com\/revista\/wp-content\/uploads\/2024\/12\/trabajos-migrantes-4-scaled-e1736801595149.webp"},"aioseo_meta_data":{"post_id":"22132","title":"Guatemalteco cuenta experiencia de trabajo legal temporal en USA","description":"Dennys Mej\u00eda ha tenido dos experiencias de trabajo temporal en 2023 y 2024. Explica c\u00f3mo obtuvo la visa H2-B y hace sugerencias para aspirantes guatemaltecos.","keywords":null,"keyphrases":{"focus":{"keyphrase":"Trabajador temporal","score":37,"analysis":{"keyphraseInTitle":{"score":3,"maxScore":9,"error":1},"keyphraseInDescription":{"score":3,"maxScore":9,"error":1},"keyphraseLength":{"score":9,"maxScore":9,"error":0,"length":2},"keyphraseInURL":{"score":1,"maxScore":5,"error":1},"keyphraseInIntroduction":{"score":3,"maxScore":9,"error":1},"keyphraseInSubHeadings":{"score":3,"maxScore":9,"error":1},"keyphraseInImageAlt":{"score":3,"maxScore":9,"error":1},"keywordDensity":{"score":0,"type":"low","maxScore":9,"error":1}}},"additional":[{"keyphrase":"Visa h2-B","score":53,"analysis":{"keyphraseInDescription":{"score":9,"maxScore":9,"error":0},"keyphraseLength":{"score":9,"maxScore":9,"error":0,"length":2},"keyphraseInIntroduction":{"score":3,"maxScore":9,"error":1},"keyphraseInImageAlt":{"score":3,"maxScore":9,"error":1},"keywordDensity":{"score":0,"type":"low","maxScore":9,"error":1}}},{"keyphrase":"Trabajo en USA","score":40,"analysis":{"keyphraseInDescription":{"score":3,"maxScore":9,"error":1},"keyphraseLength":{"score":9,"maxScore":9,"error":0,"length":3},"keyphraseInIntroduction":{"score":3,"maxScore":9,"error":1},"keyphraseInImageAlt":{"score":3,"maxScore":9,"error":1},"keywordDensity":{"score":0,"type":"low","maxScore":9,"error":1}}},{"keyphrase":"USA","score":40,"analysis":{"keyphraseInDescription":{"score":3,"maxScore":9,"error":1},"keyphraseLength":{"score":9,"maxScore":9,"error":0,"length":1},"keyphraseInIntroduction":{"score":3,"maxScore":9,"error":1},"keyphraseInImageAlt":{"score":3,"maxScore":9,"error":1},"keywordDensity":{"score":0,"type":"low","maxScore":9,"error":1}}},{"keyphrase":"Migrante temporal","score":40,"analysis":{"keyphraseInDescription":{"score":3,"maxScore":9,"error":1},"keyphraseLength":{"score":9,"maxScore":9,"error":0,"length":2},"keyphraseInIntroduction":{"score":3,"maxScore":9,"error":1},"keyphraseInImageAlt":{"score":3,"maxScore":9,"error":1},"keywordDensity":{"score":0,"type":"low","maxScore":9,"error":1}}}]},"primary_term":null,"canonical_url":null,"og_title":null,"og_description":null,"og_object_type":"default","og_image_type":"default","og_image_url":null,"og_image_width":null,"og_image_height":null,"og_image_custom_url":null,"og_image_custom_fields":null,"og_video":"","og_custom_url":null,"og_article_section":null,"og_article_tags":null,"twitter_use_og":false,"twitter_card":"default","twitter_image_type":"default","twitter_image_url":null,"twitter_image_custom_url":null,"twitter_image_custom_fields":null,"twitter_title":null,"twitter_description":null,"schema":{"blockGraphs":[],"customGraphs":[],"default":{"data":{"Article":[],"Course":[],"Dataset":[],"FAQPage":[],"Movie":[],"Person":[],"Product":[],"ProductReview":[],"Car":[],"Recipe":[],"Service":[],"SoftwareApplication":[],"WebPage":[]},"graphName":"BlogPosting","isEnabled":true},"graphs":[]},"schema_type":"default","schema_type_options":null,"pillar_content":false,"robots_default":true,"robots_noindex":false,"robots_noarchive":false,"robots_nosnippet":false,"robots_nofollow":false,"robots_noimageindex":false,"robots_noodp":false,"robots_notranslate":false,"robots_max_snippet":"-1","robots_max_videopreview":"-1","robots_max_imagepreview":"large","priority":null,"frequency":"default","local_seo":null,"seo_analyzer_scan_date":"2025-10-09 02:02:32","breadcrumb_settings":null,"limit_modified_date":false,"reviewed_by":null,"open_ai":"{\"title\":{\"suggestions\":[],\"usage\":0},\"description\":{\"suggestions\":[],\"usage\":0}}","ai":null,"created":"2025-01-22 21:44:04","updated":"2026-02-04 19:30:16"},"aioseo_breadcrumb":"<div class=\"aioseo-breadcrumbs\"><span class=\"aioseo-breadcrumb\">\n\t<a href=\"https:\/\/soymigrante.com\/revista\" title=\"Home\">Home<\/a>\n<\/span><span class=\"aioseo-breadcrumb-separator\">\u00bb<\/span><span class=\"aioseo-breadcrumb\">\n\t<a href=\"https:\/\/soymigrante.com\/revista\/category\/exitos\/\" title=\"\u00c9xitos\">\u00c9xitos<\/a>\n<\/span><span class=\"aioseo-breadcrumb-separator\">\u00bb<\/span><span class=\"aioseo-breadcrumb\">\n\t\u201cVolver\u00e9 a aplicar\u201d: Dennys Mej\u00eda comparte experiencia en USA con visa de trabajo temporal H2-B\n<\/span><\/div>","aioseo_breadcrumb_json":[{"label":"Home","link":"https:\/\/soymigrante.com\/revista"},{"label":"\u00c9xitos","link":"https:\/\/soymigrante.com\/revista\/category\/exitos\/"},{"label":"&#8220;Volver\u00e9 a aplicar&#8221;: Dennys Mej\u00eda comparte experiencia en USA con visa de trabajo temporal H2-B","link":"https:\/\/soymigrante.com\/revista\/guatemalteco-dennys-mejia-experiencia-usa-trabajo-temporal-visa\/"}],"_links":{"self":[{"href":"https:\/\/soymigrante.com\/revista\/wp-json\/wp\/v2\/posts\/22132","targetHints":{"allow":["GET"]}}],"collection":[{"href":"https:\/\/soymigrante.com\/revista\/wp-json\/wp\/v2\/posts"}],"about":[{"href":"https:\/\/soymigrante.com\/revista\/wp-json\/wp\/v2\/types\/post"}],"author":[{"embeddable":true,"href":"https:\/\/soymigrante.com\/revista\/wp-json\/wp\/v2\/users\/7"}],"replies":[{"embeddable":true,"href":"https:\/\/soymigrante.com\/revista\/wp-json\/wp\/v2\/comments?post=22132"}],"version-history":[{"count":0,"href":"https:\/\/soymigrante.com\/revista\/wp-json\/wp\/v2\/posts\/22132\/revisions"}],"wp:featuredmedia":[{"embeddable":true,"href":"https:\/\/soymigrante.com\/revista\/wp-json\/wp\/v2\/media\/22140"}],"wp:attachment":[{"href":"https:\/\/soymigrante.com\/revista\/wp-json\/wp\/v2\/media?parent=22132"}],"wp:term":[{"taxonomy":"category","embeddable":true,"href":"https:\/\/soymigrante.com\/revista\/wp-json\/wp\/v2\/categories?post=22132"},{"taxonomy":"post_tag","embeddable":true,"href":"https:\/\/soymigrante.com\/revista\/wp-json\/wp\/v2\/tags?post=22132"}],"curies":[{"name":"wp","href":"https:\/\/api.w.org\/{rel}","templated":true}]}}