{"id":22099,"date":"2025-01-27T06:00:00","date_gmt":"2025-01-27T12:00:00","guid":{"rendered":"https:\/\/soymigrante.com\/revista\/?p=22099"},"modified":"2025-01-26T21:13:40","modified_gmt":"2025-01-27T03:13:40","slug":"ciudadanos-apoyan-idea-de-que-trabajadores-migrantes-sigan-en-usa-segun-estudio-del-pew-center","status":"publish","type":"post","link":"https:\/\/soymigrante.com\/revista\/ciudadanos-apoyan-idea-de-que-trabajadores-migrantes-sigan-en-usa-segun-estudio-del-pew-center\/","title":{"rendered":"Ciudadanos apoyan idea de que trabajadores migrantes sigan en USA, seg\u00fan estudio del Pew Center"},"content":{"rendered":"\t\t<div data-elementor-type=\"wp-post\" data-elementor-id=\"22099\" class=\"elementor elementor-22099\" data-elementor-post-type=\"post\">\n\t\t\t\t<div data-particle_enable=\"false\" data-particle-mobile-disabled=\"false\" class=\"elementor-element elementor-element-cea3d74 e-flex e-con-boxed e-con e-parent\" data-id=\"cea3d74\" data-element_type=\"container\" data-e-type=\"container\">\n\t\t\t\t\t<div class=\"e-con-inner\">\n\t\t\t\t<div class=\"elementor-element elementor-element-0b25527 elementor-widget elementor-widget-heading\" data-id=\"0b25527\" data-element_type=\"widget\" data-e-type=\"widget\" data-widget_type=\"heading.default\">\n\t\t\t\t\t<h2 class=\"elementor-heading-title elementor-size-default\">Seg\u00fan el estudio de Pew Center la mayor\u00eda de los estadounidenses dicen que los migrantes deber\u00edan poder quedarse legalmente bajo ciertas condiciones. \n<\/h2>\t\t\t\t<\/div>\n\t\t\t\t\t<\/div>\n\t\t\t\t<\/div>\n\t\t<div data-particle_enable=\"false\" data-particle-mobile-disabled=\"false\" class=\"elementor-element elementor-element-0f49539 e-flex e-con-boxed e-con e-parent\" data-id=\"0f49539\" data-element_type=\"container\" data-e-type=\"container\">\n\t\t\t\t\t<div class=\"e-con-inner\">\n\t\t\t\t<div class=\"elementor-element elementor-element-9b1e533 elementor-widget elementor-widget-text-editor\" data-id=\"9b1e533\" data-element_type=\"widget\" data-e-type=\"widget\" data-widget_type=\"text-editor.default\">\n\t\t\t\t\t\t\t\t\t<p>Un estudio del prestigioso<a href=\"https:\/\/www.pewresearch.org\/short-reads\/2024\/11\/22\/most-americans-say-undocumented-immigrants-should-be-able-to-stay-legally-under-certain-conditions\/\" target=\"_blank\" rel=\"noopener\"> Pew Research Center<\/a> revela que una mayor\u00eda significativa (64%) de estadounidenses apoya que trabajadores migrantes indocumentados tengan alguna oportunidad de permanecer legalmente en Estados Unidos si cumplen con ciertos requisitos.<\/p><p>Incluso entre personas que\u00a0 dicen apoyar la idea de\u00a0<span style=\"color: var( --e-global-color-text ); text-align: var(--text-align);\">deportaciones,\u00a0 un 43% estima que que los migrantes indocumentados deber\u00edan tener una manera de permanecer en el pa\u00eds legalmente siempre desempe\u00f1en labores, paguen impuestos y cumplan con las normativas del pa\u00eds. As\u00ed lo se\u00f1ala el estudio, publicado en ingl\u00e9s, en noviembre de 2024.<\/span><\/p>\t\t\t\t\t\t\t\t<\/div>\n\t\t\t\t\t<\/div>\n\t\t\t\t<\/div>\n\t\t<div data-particle_enable=\"false\" data-particle-mobile-disabled=\"false\" class=\"elementor-element elementor-element-bd5e88c e-flex e-con-boxed e-con e-parent\" data-id=\"bd5e88c\" data-element_type=\"container\" data-e-type=\"container\">\n\t\t\t\t\t<div class=\"e-con-inner\">\n\t\t\t\t<div class=\"elementor-element elementor-element-4774950 elementor-widget elementor-widget-image\" data-id=\"4774950\" data-element_type=\"widget\" data-e-type=\"widget\" data-widget_type=\"image.default\">\n\t\t\t\t\t\t\t\t\t\t\t\t<figure class=\"wp-caption\">\n\t\t\t\t\t\t\t\t\t\t<img fetchpriority=\"high\" decoding=\"async\" width=\"742\" height=\"1024\" src=\"https:\/\/soymigrante.com\/revista\/wp-content\/uploads\/2025\/01\/Razones-para-permitir-que-muchos-migrantes-se-queden-sen\u0303ala-estudio-del-Pew-Center-3-742x1024.jpg\" class=\"attachment-large size-large wp-image-22111\" alt=\"Razones para permitir que muchos migrantes se queden, se\u00f1ala estudio del Pew Center\" srcset=\"https:\/\/soymigrante.com\/revista\/wp-content\/uploads\/2025\/01\/Razones-para-permitir-que-muchos-migrantes-se-queden-sen\u0303ala-estudio-del-Pew-Center-3-742x1024.jpg 742w, https:\/\/soymigrante.com\/revista\/wp-content\/uploads\/2025\/01\/Razones-para-permitir-que-muchos-migrantes-se-queden-sen\u0303ala-estudio-del-Pew-Center-3-218x300.jpg 218w, https:\/\/soymigrante.com\/revista\/wp-content\/uploads\/2025\/01\/Razones-para-permitir-que-muchos-migrantes-se-queden-sen\u0303ala-estudio-del-Pew-Center-3-768x1059.jpg 768w, https:\/\/soymigrante.com\/revista\/wp-content\/uploads\/2025\/01\/Razones-para-permitir-que-muchos-migrantes-se-queden-sen\u0303ala-estudio-del-Pew-Center-3-750x1034.webp 750w, https:\/\/soymigrante.com\/revista\/wp-content\/uploads\/2025\/01\/Razones-para-permitir-que-muchos-migrantes-se-queden-sen\u0303ala-estudio-del-Pew-Center-3.webp 928w\" sizes=\"(max-width: 742px) 100vw, 742px\" title=\"Razones para permitir que muchos migrantes se queden, se\u00f1ala estudio del Pew Center \u2013 SoyMigrante.com REVISTA\" \/>\t\t\t\t\t\t\t\t\t\t\t<figcaption class=\"widget-image-caption wp-caption-text\">Los migrantes contribuyen a la econom\u00eda de Estados Unidos. (Foto: Pixabay)<\/figcaption>\n\t\t\t\t\t\t\t\t\t\t<\/figure>\n\t\t\t\t\t\t\t\t\t<\/div>\n\t\t\t\t\t<\/div>\n\t\t\t\t<\/div>\n\t\t<div data-particle_enable=\"false\" data-particle-mobile-disabled=\"false\" class=\"elementor-element elementor-element-747c0dc e-flex e-con-boxed e-con e-parent\" data-id=\"747c0dc\" data-element_type=\"container\" data-e-type=\"container\">\n\t\t\t\t\t<div class=\"e-con-inner\">\n\t\t\t\t<div class=\"elementor-element elementor-element-0e012bc elementor-widget elementor-widget-heading\" data-id=\"0e012bc\" data-element_type=\"widget\" data-e-type=\"widget\" data-widget_type=\"heading.default\">\n\t\t\t\t\t<h3 class=\"elementor-heading-title elementor-size-default\">Contribuci\u00f3n econ\u00f3mica migrante es valiosa<\/h3>\t\t\t\t<\/div>\n\t\t\t\t\t<\/div>\n\t\t\t\t<\/div>\n\t\t<div data-particle_enable=\"false\" data-particle-mobile-disabled=\"false\" class=\"elementor-element elementor-element-512c345 e-flex e-con-boxed e-con e-parent\" data-id=\"512c345\" data-element_type=\"container\" data-e-type=\"container\">\n\t\t\t\t\t<div class=\"e-con-inner\">\n\t\t\t\t<div class=\"elementor-element elementor-element-3b575ec elementor-widget elementor-widget-text-editor\" data-id=\"3b575ec\" data-element_type=\"widget\" data-e-type=\"widget\" data-widget_type=\"text-editor.default\">\n\t\t\t\t\t\t\t\t\t<p>Diversos estudios han demostrado que los inmigrantes, incluyendo aquellos en situaci\u00f3n irregular, realizan aportes significativos a la econom\u00eda estadounidense. Seg\u00fan un informe de la <a href=\"https:\/\/www.whitehouse.gov\/\" target=\"_blank\" rel=\"noopener\">Oficina del Presupuesto del Congreso de EE. UU<\/a>., un aumento en la inmigraci\u00f3n podr\u00eda reducir el d\u00e9ficit federal, especialmente cuando se trata de inmigrantes altamente calificados.<\/p><p>Adem\u00e1s, los inmigrantes suelen ocupar roles esenciales en sectores como la agricultura, construcci\u00f3n y servicios, contribuyendo al crecimiento econ\u00f3mico y a la creaci\u00f3n de empleo.<\/p><p><a href=\"https:\/\/www.pewresearch.org\/short-reads\/2024\/11\/22\/most-americans-say-undocumented-immigrants-should-be-able-to-stay-legally-under-certain-conditions\/\" target=\"_blank\" rel=\"noopener\">Del estudio,<\/a> el 79% opina que se deber\u00eda exigir a los inmigrantes indocumentados que pasaran una verificaci\u00f3n de antecedentes penales. Otro 16% opina que se deber\u00eda considerar, pero no exigir.<\/p><p>El 52% dice que se deber\u00eda exigir a los inmigrantes indocumentados que tengan un trabajo, y el 39% dice que se deber\u00eda considerar hacerlo.<\/p><p>Las opiniones est\u00e1n m\u00e1s divididas sobre el pago de una multa: el 25% dice que deber\u00eda ser obligatoria, el 37% dice que deber\u00eda considerarse y el 35% dice que no deber\u00eda considerarse.<\/p>\t\t\t\t\t\t\t\t<\/div>\n\t\t\t\t\t<\/div>\n\t\t\t\t<\/div>\n\t\t<div data-particle_enable=\"false\" data-particle-mobile-disabled=\"false\" class=\"elementor-element elementor-element-bb03c49 e-flex e-con-boxed e-con e-parent\" data-id=\"bb03c49\" data-element_type=\"container\" data-e-type=\"container\">\n\t\t\t\t\t<div class=\"e-con-inner\">\n\t\t\t\t<div class=\"elementor-element elementor-element-6b20dc1 elementor-widget elementor-widget-image\" data-id=\"6b20dc1\" data-element_type=\"widget\" data-e-type=\"widget\" data-widget_type=\"image.default\">\n\t\t\t\t\t\t\t\t\t\t\t\t<figure class=\"wp-caption\">\n\t\t\t\t\t\t\t\t\t\t<img decoding=\"async\" width=\"768\" height=\"512\" src=\"https:\/\/soymigrante.com\/revista\/wp-content\/uploads\/2025\/01\/Razones-para-permitir-que-muchos-migrantes-se-queden-sen\u0303ala-estudio-del-Pew-Center-5-1024x682.jpg\" class=\"attachment-large size-large wp-image-22112\" alt=\"Razones para permitir que muchos migrantes se queden, se\u00f1ala estudio del Pew Center\" srcset=\"https:\/\/soymigrante.com\/revista\/wp-content\/uploads\/2025\/01\/Razones-para-permitir-que-muchos-migrantes-se-queden-sen\u0303ala-estudio-del-Pew-Center-5-1024x682.jpg 1024w, https:\/\/soymigrante.com\/revista\/wp-content\/uploads\/2025\/01\/Razones-para-permitir-que-muchos-migrantes-se-queden-sen\u0303ala-estudio-del-Pew-Center-5-300x200.jpg 300w, https:\/\/soymigrante.com\/revista\/wp-content\/uploads\/2025\/01\/Razones-para-permitir-que-muchos-migrantes-se-queden-sen\u0303ala-estudio-del-Pew-Center-5-768x512.jpg 768w, https:\/\/soymigrante.com\/revista\/wp-content\/uploads\/2025\/01\/Razones-para-permitir-que-muchos-migrantes-se-queden-sen\u0303ala-estudio-del-Pew-Center-5-750x500.webp 750w, https:\/\/soymigrante.com\/revista\/wp-content\/uploads\/2025\/01\/Razones-para-permitir-que-muchos-migrantes-se-queden-sen\u0303ala-estudio-del-Pew-Center-5-1140x760.webp 1140w, https:\/\/soymigrante.com\/revista\/wp-content\/uploads\/2025\/01\/Razones-para-permitir-que-muchos-migrantes-se-queden-sen\u0303ala-estudio-del-Pew-Center-5.webp 1280w\" sizes=\"(max-width: 768px) 100vw, 768px\" title=\"Razones para permitir que muchos migrantes se queden sen\u0303ala estudio del Pew Center 5 \u2013 SoyMigrante.com REVISTA\" \/>\t\t\t\t\t\t\t\t\t\t\t<figcaption class=\"widget-image-caption wp-caption-text\">Los migrantes aportan a la cultura de Estados Unidos, con sus conocimientos. (Foto: Pixabay)<\/figcaption>\n\t\t\t\t\t\t\t\t\t\t<\/figure>\n\t\t\t\t\t\t\t\t\t<\/div>\n\t\t\t\t\t<\/div>\n\t\t\t\t<\/div>\n\t\t<div data-particle_enable=\"false\" data-particle-mobile-disabled=\"false\" class=\"elementor-element elementor-element-2e4c5e8 e-flex e-con-boxed e-con e-parent\" data-id=\"2e4c5e8\" data-element_type=\"container\" data-e-type=\"container\">\n\t\t\t\t\t<div class=\"e-con-inner\">\n\t\t\t\t<div class=\"elementor-element elementor-element-b2ce5f4 elementor-widget elementor-widget-heading\" data-id=\"b2ce5f4\" data-element_type=\"widget\" data-e-type=\"widget\" data-widget_type=\"heading.default\">\n\t\t\t\t\t<h3 class=\"elementor-heading-title elementor-size-default\">Migrantes aportan diversidad cultural y social<\/h3>\t\t\t\t<\/div>\n\t\t\t\t\t<\/div>\n\t\t\t\t<\/div>\n\t\t<div data-particle_enable=\"false\" data-particle-mobile-disabled=\"false\" class=\"elementor-element elementor-element-a17fba7 e-flex e-con-boxed e-con e-parent\" data-id=\"a17fba7\" data-element_type=\"container\" data-e-type=\"container\">\n\t\t\t\t\t<div class=\"e-con-inner\">\n\t\t\t\t<div class=\"elementor-element elementor-element-652d0ae elementor-widget elementor-widget-text-editor\" data-id=\"652d0ae\" data-element_type=\"widget\" data-e-type=\"widget\" data-widget_type=\"text-editor.default\">\n\t\t\t\t\t\t\t\t\t<p>La presencia de inmigrantes enriquece el tejido cultural y social de Estados Unidos. Las comunidades inmigrantes introducen nuevas tradiciones, idiomas y perspectivas, fomentando una sociedad m\u00e1s diversa e inclusiva.<\/p><p>Esta diversidad cultural no solo promueve la tolerancia y el entendimiento mutuo, sino que tambi\u00e9n impulsa la innovaci\u00f3n y la creatividad en diversos \u00e1mbitos.<\/p><p><a href=\"https:\/\/www.pewresearch.org\/short-reads\/2024\/11\/22\/most-americans-say-undocumented-immigrants-should-be-able-to-stay-legally-under-certain-conditions\/\" target=\"_blank\" rel=\"noopener\">Entre quienes sostienen que se deber\u00eda permitir a los inmigrantes indocumentados permanecer en Estados Unidos si cumplen determinados requisitos<\/a>, el 60% opina que esos inmigrantes deber\u00edan tener derecho a solicitar la ciudadan\u00eda. Otro 39% opina que deber\u00edan tener derecho a solicitar la residencia permanente, pero no la ciudadan\u00eda.<\/p>\t\t\t\t\t\t\t\t<\/div>\n\t\t\t\t\t<\/div>\n\t\t\t\t<\/div>\n\t\t<div data-particle_enable=\"false\" data-particle-mobile-disabled=\"false\" class=\"elementor-element elementor-element-de2e03d e-flex e-con-boxed e-con e-parent\" data-id=\"de2e03d\" data-element_type=\"container\" data-e-type=\"container\">\n\t\t\t\t\t<div class=\"e-con-inner\">\n\t\t\t\t<div class=\"elementor-element elementor-element-715748c elementor-widget elementor-widget-image\" data-id=\"715748c\" data-element_type=\"widget\" data-e-type=\"widget\" data-widget_type=\"image.default\">\n\t\t\t\t\t\t\t\t\t\t\t\t<figure class=\"wp-caption\">\n\t\t\t\t\t\t\t\t\t\t<img decoding=\"async\" width=\"768\" height=\"512\" src=\"https:\/\/soymigrante.com\/revista\/wp-content\/uploads\/2025\/01\/Razones-para-permitir-que-muchos-migrantes-se-queden-sen\u0303ala-estudio-del-Pew-Center-6-1024x682.jpg\" class=\"attachment-large size-large wp-image-22113\" alt=\"Razones para permitir que muchos migrantes se queden, se\u00f1ala estudio del Pew Center\" srcset=\"https:\/\/soymigrante.com\/revista\/wp-content\/uploads\/2025\/01\/Razones-para-permitir-que-muchos-migrantes-se-queden-sen\u0303ala-estudio-del-Pew-Center-6-1024x682.jpg 1024w, https:\/\/soymigrante.com\/revista\/wp-content\/uploads\/2025\/01\/Razones-para-permitir-que-muchos-migrantes-se-queden-sen\u0303ala-estudio-del-Pew-Center-6-300x200.jpg 300w, https:\/\/soymigrante.com\/revista\/wp-content\/uploads\/2025\/01\/Razones-para-permitir-que-muchos-migrantes-se-queden-sen\u0303ala-estudio-del-Pew-Center-6-768x512.jpg 768w, https:\/\/soymigrante.com\/revista\/wp-content\/uploads\/2025\/01\/Razones-para-permitir-que-muchos-migrantes-se-queden-sen\u0303ala-estudio-del-Pew-Center-6-750x500.webp 750w, https:\/\/soymigrante.com\/revista\/wp-content\/uploads\/2025\/01\/Razones-para-permitir-que-muchos-migrantes-se-queden-sen\u0303ala-estudio-del-Pew-Center-6-1140x760.webp 1140w, https:\/\/soymigrante.com\/revista\/wp-content\/uploads\/2025\/01\/Razones-para-permitir-que-muchos-migrantes-se-queden-sen\u0303ala-estudio-del-Pew-Center-6.webp 1280w\" sizes=\"(max-width: 768px) 100vw, 768px\" title=\"Razones para permitir que muchos migrantes se queden sen\u0303ala estudio del Pew Center 6 \u2013 SoyMigrante.com REVISTA\" \/>\t\t\t\t\t\t\t\t\t\t\t<figcaption class=\"widget-image-caption wp-caption-text\">Los migrantes apoyan al pago de impuestos de Estados Unidos. (Foto: Pixabay)<\/figcaption>\n\t\t\t\t\t\t\t\t\t\t<\/figure>\n\t\t\t\t\t\t\t\t\t<\/div>\n\t\t\t\t\t<\/div>\n\t\t\t\t<\/div>\n\t\t<div data-particle_enable=\"false\" data-particle-mobile-disabled=\"false\" class=\"elementor-element elementor-element-19c289b e-flex e-con-boxed e-con e-parent\" data-id=\"19c289b\" data-element_type=\"container\" data-e-type=\"container\">\n\t\t\t\t\t<div class=\"e-con-inner\">\n\t\t\t\t<div class=\"elementor-element elementor-element-186f98c elementor-widget elementor-widget-heading\" data-id=\"186f98c\" data-element_type=\"widget\" data-e-type=\"widget\" data-widget_type=\"heading.default\">\n\t\t\t\t\t<h3 class=\"elementor-heading-title elementor-size-default\">Consideraciones humanitarias tambi\u00e9n pesan<\/h3>\t\t\t\t<\/div>\n\t\t\t\t\t<\/div>\n\t\t\t\t<\/div>\n\t\t<div data-particle_enable=\"false\" data-particle-mobile-disabled=\"false\" class=\"elementor-element elementor-element-73a674e e-flex e-con-boxed e-con e-parent\" data-id=\"73a674e\" data-element_type=\"container\" data-e-type=\"container\">\n\t\t\t\t\t<div class=\"e-con-inner\">\n\t\t\t\t<div class=\"elementor-element elementor-element-3976a2a elementor-widget elementor-widget-text-editor\" data-id=\"3976a2a\" data-element_type=\"widget\" data-e-type=\"widget\" data-widget_type=\"text-editor.default\">\n\t\t\t\t\t\t\t\t\t<p>Muchos inmigrantes huyen de situaciones de violencia, persecuci\u00f3n o pobreza extrema en sus pa\u00edses de origen. Permitir que estas personas permanezcan en Estados Unidos refleja un compromiso con los derechos humanos y los valores fundamentales de compasi\u00f3n y solidaridad.<\/p><p>Brindarles la oportunidad de reconstruir sus vidas en un entorno seguro es una respuesta humanitaria a crisis globales.<\/p>\t\t\t\t\t\t\t\t<\/div>\n\t\t\t\t\t<\/div>\n\t\t\t\t<\/div>\n\t\t<div data-particle_enable=\"false\" data-particle-mobile-disabled=\"false\" class=\"elementor-element elementor-element-01c5f09 e-flex e-con-boxed e-con e-parent\" data-id=\"01c5f09\" data-element_type=\"container\" data-e-type=\"container\">\n\t\t\t\t\t<div class=\"e-con-inner\">\n\t\t\t\t<div class=\"elementor-element elementor-element-3442121 elementor-widget elementor-widget-heading\" data-id=\"3442121\" data-element_type=\"widget\" data-e-type=\"widget\" data-widget_type=\"heading.default\">\n\t\t\t\t\t<h3 class=\"elementor-heading-title elementor-size-default\">Impacto en la seguridad social<\/h3>\t\t\t\t<\/div>\n\t\t\t\t\t<\/div>\n\t\t\t\t<\/div>\n\t\t<div data-particle_enable=\"false\" data-particle-mobile-disabled=\"false\" class=\"elementor-element elementor-element-f10bb58 e-flex e-con-boxed e-con e-parent\" data-id=\"f10bb58\" data-element_type=\"container\" data-e-type=\"container\">\n\t\t\t\t\t<div class=\"e-con-inner\">\n\t\t\t\t<div class=\"elementor-element elementor-element-cf12601 elementor-widget elementor-widget-text-editor\" data-id=\"cf12601\" data-element_type=\"widget\" data-e-type=\"widget\" data-widget_type=\"text-editor.default\">\n\t\t\t\t\t\t\t\t\t<p>Los inmigrantes j\u00f3venes contribuyen al rejuvenecimiento de la poblaci\u00f3n, lo que es crucial para el sostenimiento de sistemas como el de pensiones y el sanitario.<\/p><p>Su participaci\u00f3n en la fuerza laboral ayuda a equilibrar la proporci\u00f3n entre trabajadores activos y jubilados, asegurando la viabilidad de estos sistemas en el largo plazo. <\/p>\t\t\t\t\t\t\t\t<\/div>\n\t\t\t\t\t<\/div>\n\t\t\t\t<\/div>\n\t\t<div data-particle_enable=\"false\" data-particle-mobile-disabled=\"false\" class=\"elementor-element elementor-element-986b88b e-flex e-con-boxed e-con e-parent\" data-id=\"986b88b\" data-element_type=\"container\" data-e-type=\"container\">\n\t\t\t\t\t<div class=\"e-con-inner\">\n\t\t\t\t<div class=\"elementor-element elementor-element-97f36c7 elementor-widget elementor-widget-image\" data-id=\"97f36c7\" data-element_type=\"widget\" data-e-type=\"widget\" data-widget_type=\"image.default\">\n\t\t\t\t\t\t\t\t\t\t\t\t<figure class=\"wp-caption\">\n\t\t\t\t\t\t\t\t\t\t<img loading=\"lazy\" decoding=\"async\" width=\"768\" height=\"512\" src=\"https:\/\/soymigrante.com\/revista\/wp-content\/uploads\/2025\/01\/Razones-para-permitir-que-muchos-migrantes-se-queden-sen\u0303ala-estudio-del-Pew-Center-1-1024x682.jpg\" class=\"attachment-large size-large wp-image-22116\" alt=\"Razones para permitir que muchos migrantes se queden, se\u00f1ala estudio del Pew Center\" srcset=\"https:\/\/soymigrante.com\/revista\/wp-content\/uploads\/2025\/01\/Razones-para-permitir-que-muchos-migrantes-se-queden-sen\u0303ala-estudio-del-Pew-Center-1-1024x682.jpg 1024w, https:\/\/soymigrante.com\/revista\/wp-content\/uploads\/2025\/01\/Razones-para-permitir-que-muchos-migrantes-se-queden-sen\u0303ala-estudio-del-Pew-Center-1-300x200.jpg 300w, https:\/\/soymigrante.com\/revista\/wp-content\/uploads\/2025\/01\/Razones-para-permitir-que-muchos-migrantes-se-queden-sen\u0303ala-estudio-del-Pew-Center-1-768x511.jpg 768w, https:\/\/soymigrante.com\/revista\/wp-content\/uploads\/2025\/01\/Razones-para-permitir-que-muchos-migrantes-se-queden-sen\u0303ala-estudio-del-Pew-Center-1-750x499.webp 750w, https:\/\/soymigrante.com\/revista\/wp-content\/uploads\/2025\/01\/Razones-para-permitir-que-muchos-migrantes-se-queden-sen\u0303ala-estudio-del-Pew-Center-1-1140x759.webp 1140w, https:\/\/soymigrante.com\/revista\/wp-content\/uploads\/2025\/01\/Razones-para-permitir-que-muchos-migrantes-se-queden-sen\u0303ala-estudio-del-Pew-Center-1.webp 1280w\" sizes=\"(max-width: 768px) 100vw, 768px\" title=\"Razones para permitir que muchos migrantes se queden sen\u0303ala estudio del Pew Center 1 \u2013 SoyMigrante.com REVISTA\" \/>\t\t\t\t\t\t\t\t\t\t\t<figcaption class=\"widget-image-caption wp-caption-text\">Los migrantes en Estados Unidos apoyan pagando sus impuestos. (Foto: Pixabay)<\/figcaption>\n\t\t\t\t\t\t\t\t\t\t<\/figure>\n\t\t\t\t\t\t\t\t\t<\/div>\n\t\t\t\t\t<\/div>\n\t\t\t\t<\/div>\n\t\t<div data-particle_enable=\"false\" data-particle-mobile-disabled=\"false\" class=\"elementor-element elementor-element-55be46d e-flex e-con-boxed e-con e-parent\" data-id=\"55be46d\" data-element_type=\"container\" data-e-type=\"container\">\n\t\t\t\t\t<div class=\"e-con-inner\">\n\t\t\t\t<div class=\"elementor-element elementor-element-975fea1 elementor-widget elementor-widget-heading\" data-id=\"975fea1\" data-element_type=\"widget\" data-e-type=\"widget\" data-widget_type=\"heading.default\">\n\t\t\t\t\t<h3 class=\"elementor-heading-title elementor-size-default\">Opini\u00f3n p\u00fablica y pol\u00edticas migratorias<\/h3>\t\t\t\t<\/div>\n\t\t\t\t\t<\/div>\n\t\t\t\t<\/div>\n\t\t<div data-particle_enable=\"false\" data-particle-mobile-disabled=\"false\" class=\"elementor-element elementor-element-6bf49b5 e-flex e-con-boxed e-con e-parent\" data-id=\"6bf49b5\" data-element_type=\"container\" data-e-type=\"container\">\n\t\t\t\t\t<div class=\"e-con-inner\">\n\t\t\t\t<div class=\"elementor-element elementor-element-b4480a9 elementor-widget elementor-widget-text-editor\" data-id=\"b4480a9\" data-element_type=\"widget\" data-e-type=\"widget\" data-widget_type=\"text-editor.default\">\n\t\t\t\t\t\t\t\t\t<p>A pesar de las posturas pol\u00edticas m\u00e1s restrictivas en materia migratoria, como las implementadas por la administraci\u00f3n de Donald Trump, la opini\u00f3n p\u00fablica muestra una tendencia hacia la aceptaci\u00f3n y regularizaci\u00f3n de inmigrantes indocumentados. Seg\u00fan el <a href=\"https:\/\/www.pewresearch.org\/short-reads\/2024\/11\/22\/most-americans-say-undocumented-immigrants-should-be-able-to-stay-legally-under-certain-conditions\/\" target=\"_blank\" rel=\"noopener\">estudio del Pew Research Center,<\/a> una mayor\u00eda de estadounidenses apoya la creaci\u00f3n de v\u00edas legales para que los inmigrantes indocumentados puedan permanecer en el pa\u00eds, siempre que cumplan con ciertos requisitos.<\/p><p>Aunque la mayor\u00eda de los estadounidenses sigue opinando que los inmigrantes indocumentados deber\u00edan tener una forma de quedarse legalmente en Estados Unidos, la proporci\u00f3n de quienes opinan as\u00ed ha disminuido del 75 % en 2020 al 64 % en la actualidad.<\/p>\t\t\t\t\t\t\t\t<\/div>\n\t\t\t\t\t<\/div>\n\t\t\t\t<\/div>\n\t\t<div data-particle_enable=\"false\" data-particle-mobile-disabled=\"false\" class=\"elementor-element elementor-element-d0b6a01 e-flex e-con-boxed e-con e-parent\" data-id=\"d0b6a01\" data-element_type=\"container\" data-e-type=\"container\">\n\t\t\t\t\t<div class=\"e-con-inner\">\n\t\t\t\t<div class=\"elementor-element elementor-element-4ddbe65 elementor-widget elementor-widget-text-editor\" data-id=\"4ddbe65\" data-element_type=\"widget\" data-e-type=\"widget\" data-widget_type=\"text-editor.default\">\n\t\t\t\t\t\t\t\t\t<p><a href=\"https:\/\/www.pewresearch.org\/short-reads\/2024\/11\/22\/most-americans-say-undocumented-immigrants-should-be-able-to-stay-legally-under-certain-conditions\/\" target=\"_blank\" rel=\"noopener\">Las razones para permitir que muchos migrantes se queden en Estados Unidos<\/a> son multifac\u00e9ticas, abarcando aspectos econ\u00f3micos, culturales, humanitarios y demogr\u00e1ficos. Reconocer y valorar estas contribuciones es esencial para construir una sociedad m\u00e1s justa y pr\u00f3spera, alineada con los principios fundamentales sobre los cuales se erige la naci\u00f3n.<\/p>\t\t\t\t\t\t\t\t<\/div>\n\t\t\t\t\t<\/div>\n\t\t\t\t<\/div>\n\t\t<div data-particle_enable=\"false\" data-particle-mobile-disabled=\"false\" class=\"elementor-element elementor-element-e5302ef e-flex e-con-boxed e-con e-parent\" data-id=\"e5302ef\" data-element_type=\"container\" data-e-type=\"container\">\n\t\t\t\t\t<div class=\"e-con-inner\">\n\t\t\t\t<div class=\"elementor-element elementor-element-b9777a2 elementor-widget elementor-widget-heading\" data-id=\"b9777a2\" data-element_type=\"widget\" data-e-type=\"widget\" data-widget_type=\"heading.default\">\n\t\t\t\t\t<h2 class=\"elementor-heading-title elementor-size-default\">Conoce m\u00e1s del aporte migrante<\/h2>\t\t\t\t<\/div>\n\t\t\t\t\t<\/div>\n\t\t\t\t<\/div>\n\t\t<div data-particle_enable=\"false\" data-particle-mobile-disabled=\"false\" class=\"elementor-element elementor-element-370da2d e-flex e-con-boxed e-con e-parent\" data-id=\"370da2d\" data-element_type=\"container\" data-e-type=\"container\">\n\t\t\t\t\t<div class=\"e-con-inner\">\n\t\t\t\t<div class=\"elementor-element elementor-element-8743a41 elementor-grid-eael-col-3 elementor-grid-tablet-eael-col-2 elementor-grid-mobile-eael-col-1 elementor-widget elementor-widget-eael-post-grid\" data-id=\"8743a41\" data-element_type=\"widget\" data-e-type=\"widget\" data-settings=\"{&quot;eael_post_grid_columns&quot;:&quot;eael-col-3&quot;,&quot;eael_post_grid_columns_tablet&quot;:&quot;eael-col-2&quot;,&quot;eael_post_grid_columns_mobile&quot;:&quot;eael-col-1&quot;}\" data-widget_type=\"eael-post-grid.default\">\n\t\t\t\t\t<div id=\"eael-post-grid-8743a41\" class=\"eael-post-grid-container\">\n            <div class=\"eael-post-grid eael-post-appender eael-post-appender-8743a41 eael-post-grid-style-one\" data-layout-mode=\"masonry\"><article class=\"eael-grid-post  eael-post-grid-column eael-pg-post-16944 category-recursos-migratorios\" data-id=\"16944\">\n        <div class=\"eael-grid-post-holder\">\n            <div class=\"eael-grid-post-holder-inner\"><div class=\"eael-entry-media\"><div class=\"eael-entry-overlay fade-in\"><i class=\"far fa-hand-pointer\" aria-hidden=\"true\"><\/i><a href=\"https:\/\/soymigrante.com\/revista\/todo-migrante-tiene-derechos-la-union-americana-de-libertades-civiles-recomienda\/\"><\/a><\/div><div class=\"eael-entry-thumbnail \">\n                <img loading=\"lazy\" decoding=\"async\" width=\"1024\" height=\"1024\" src=\"https:\/\/soymigrante.com\/revista\/wp-content\/uploads\/2024\/12\/migrantes-ruta-1-1024x1024.jpg\" class=\"attachment-large size-large wp-image-17020\" alt=\"Camino con peatones en carretera lluviosa, se\u00f1al de obra vial y l\u00edmite de velocidad de 30 km\/h, en un entorno natural y monta\u00f1oso, en la publicaci\u00f3n de SoyMigrante.com REVISTA.\" srcset=\"https:\/\/soymigrante.com\/revista\/wp-content\/uploads\/2024\/12\/migrantes-ruta-1-1024x1024.jpg 1024w, https:\/\/soymigrante.com\/revista\/wp-content\/uploads\/2024\/12\/migrantes-ruta-1-300x300.jpg 300w, https:\/\/soymigrante.com\/revista\/wp-content\/uploads\/2024\/12\/migrantes-ruta-1-150x150.jpg 150w, https:\/\/soymigrante.com\/revista\/wp-content\/uploads\/2024\/12\/migrantes-ruta-1-768x768.jpg 768w, https:\/\/soymigrante.com\/revista\/wp-content\/uploads\/2024\/12\/migrantes-ruta-1-1536x1536.jpg 1536w, https:\/\/soymigrante.com\/revista\/wp-content\/uploads\/2024\/12\/migrantes-ruta-1-2048x2048.jpg 2048w, https:\/\/soymigrante.com\/revista\/wp-content\/uploads\/2024\/12\/migrantes-ruta-1-75x75.webp 75w, https:\/\/soymigrante.com\/revista\/wp-content\/uploads\/2024\/12\/migrantes-ruta-1-750x750.webp 750w, https:\/\/soymigrante.com\/revista\/wp-content\/uploads\/2024\/12\/migrantes-ruta-1-1140x1140.webp 1140w, https:\/\/soymigrante.com\/revista\/wp-content\/uploads\/2024\/12\/migrantes-ruta-1-scaled.webp 1920w\" sizes=\"(max-width: 1024px) 100vw, 1024px\" \/>\n            <\/div>\n        <\/div><div class=\"eael-entry-wrapper\"><header class=\"eael-entry-header\"><h2 class=\"eael-entry-title\"><a class=\"eael-grid-post-link\" href=\"https:\/\/soymigrante.com\/revista\/todo-migrante-tiene-derechos-la-union-americana-de-libertades-civiles-recomienda\/\" title=\"Todo migrante tiene derechos: la Uni\u00f3n Americana de Libertades Civiles recomienda&#8230;\">Todo migrante tiene derechos: la Uni\u00f3n Americana de Libertades Civiles recomienda&#8230;<\/a><\/h2><\/header><div class=\"eael-entry-content\">\n                        <div class=\"eael-grid-post-excerpt\"><a href=\"https:\/\/soymigrante.com\/revista\/todo-migrante-tiene-derechos-la-union-americana-de-libertades-civiles-recomienda\/\" class=\"eael-post-elements-readmore-btn\">CONOCE SU HISTORIA <\/a><\/div>\n                    <\/div><\/div><\/div>\n        <\/div>\n    <\/article><article class=\"eael-grid-post  eael-post-grid-column eael-pg-post-21912 category-guate-nuestra\" data-id=\"21912\">\n        <div class=\"eael-grid-post-holder\">\n            <div class=\"eael-grid-post-holder-inner\"><div class=\"eael-entry-media\"><div class=\"eael-entry-overlay fade-in\"><i class=\"far fa-hand-pointer\" aria-hidden=\"true\"><\/i><a href=\"https:\/\/soymigrante.com\/revista\/estilista-guatemalteco-axel-vasquez-cuenta-como-llego-a-peinar-a-los-hijos-de-trump\/\"><\/a><\/div><div class=\"eael-entry-thumbnail \">\n                <img loading=\"lazy\" decoding=\"async\" width=\"564\" height=\"557\" src=\"https:\/\/soymigrante.com\/revista\/wp-content\/uploads\/2025\/01\/axel-vasquez.png\" class=\"attachment-large size-large wp-image-21938\" alt=\"Hombre y mujer sonriendo en un evento social, enfocados en el escenario de SoyMigrante.com Revista con tem\u00e1tica de migrantes y comunidad.\" srcset=\"https:\/\/soymigrante.com\/revista\/wp-content\/uploads\/2025\/01\/axel-vasquez.png 564w, https:\/\/soymigrante.com\/revista\/wp-content\/uploads\/2025\/01\/axel-vasquez-300x296.png 300w, https:\/\/soymigrante.com\/revista\/wp-content\/uploads\/2025\/01\/axel-vasquez-75x75.png 75w\" sizes=\"(max-width: 564px) 100vw, 564px\" \/>\n            <\/div>\n        <\/div><div class=\"eael-entry-wrapper\"><header class=\"eael-entry-header\"><h2 class=\"eael-entry-title\"><a class=\"eael-grid-post-link\" href=\"https:\/\/soymigrante.com\/revista\/estilista-guatemalteco-axel-vasquez-cuenta-como-llego-a-peinar-a-los-hijos-de-trump\/\" title=\"Estilista guatemalteco Axel V\u00e1squez cuenta como lleg\u00f3 a peinar a hijos de Trump en d\u00eda inaugural\">Estilista guatemalteco Axel V\u00e1squez cuenta como lleg\u00f3 a peinar a hijos de Trump en d\u00eda inaugural<\/a><\/h2><\/header><div class=\"eael-entry-content\">\n                        <div class=\"eael-grid-post-excerpt\"><a href=\"https:\/\/soymigrante.com\/revista\/estilista-guatemalteco-axel-vasquez-cuenta-como-llego-a-peinar-a-los-hijos-de-trump\/\" class=\"eael-post-elements-readmore-btn\">CONOCE SU HISTORIA <\/a><\/div>\n                    <\/div><\/div><\/div>\n        <\/div>\n    <\/article><article class=\"eael-grid-post  eael-post-grid-column eael-pg-post-16773 category-guate-nuestra tags-18-diciembre-dia-del-migrante\" data-id=\"16773\">\n        <div class=\"eael-grid-post-holder\">\n            <div class=\"eael-grid-post-holder-inner\"><div class=\"eael-entry-media\"><div class=\"eael-entry-overlay fade-in\"><i class=\"far fa-hand-pointer\" aria-hidden=\"true\"><\/i><a href=\"https:\/\/soymigrante.com\/revista\/construccion-es-un-sector-en-el-cual-destaca-la-dedicacion-muchos-migrantes-guatemaltecos\/\"><\/a><\/div><div class=\"eael-entry-thumbnail \">\n                <img loading=\"lazy\" decoding=\"async\" width=\"1024\" height=\"1024\" src=\"https:\/\/soymigrante.com\/revista\/wp-content\/uploads\/2024\/12\/migrantes-guatemaltecos-1-scaled-e1734379641809-1024x1024.jpg\" class=\"attachment-large size-large wp-image-16777\" alt=\"Taladro inal\u00e1mbrico siendo usado en trabajo de carpinter\u00eda con guante de protecci\u00f3n y ambiente de taller.\" srcset=\"https:\/\/soymigrante.com\/revista\/wp-content\/uploads\/2024\/12\/migrantes-guatemaltecos-1-scaled-e1734379641809-1024x1024.jpg 1024w, https:\/\/soymigrante.com\/revista\/wp-content\/uploads\/2024\/12\/migrantes-guatemaltecos-1-scaled-e1734379641809-300x300.jpg 300w, https:\/\/soymigrante.com\/revista\/wp-content\/uploads\/2024\/12\/migrantes-guatemaltecos-1-scaled-e1734379641809-150x150.jpg 150w, https:\/\/soymigrante.com\/revista\/wp-content\/uploads\/2024\/12\/migrantes-guatemaltecos-1-scaled-e1734379641809-768x768.jpg 768w, https:\/\/soymigrante.com\/revista\/wp-content\/uploads\/2024\/12\/migrantes-guatemaltecos-1-scaled-e1734379641809-1536x1536.jpg 1536w, https:\/\/soymigrante.com\/revista\/wp-content\/uploads\/2024\/12\/migrantes-guatemaltecos-1-scaled-e1734379641809-75x75.webp 75w, https:\/\/soymigrante.com\/revista\/wp-content\/uploads\/2024\/12\/migrantes-guatemaltecos-1-scaled-e1734379641809-750x750.webp 750w, https:\/\/soymigrante.com\/revista\/wp-content\/uploads\/2024\/12\/migrantes-guatemaltecos-1-scaled-e1734379641809-1140x1140.webp 1140w, https:\/\/soymigrante.com\/revista\/wp-content\/uploads\/2024\/12\/migrantes-guatemaltecos-1-scaled-e1734379641809.webp 1707w\" sizes=\"(max-width: 1024px) 100vw, 1024px\" \/>\n            <\/div>\n        <\/div><div class=\"eael-entry-wrapper\"><header class=\"eael-entry-header\"><h2 class=\"eael-entry-title\"><a class=\"eael-grid-post-link\" href=\"https:\/\/soymigrante.com\/revista\/construccion-es-un-sector-en-el-cual-destaca-la-dedicacion-muchos-migrantes-guatemaltecos\/\" title=\"Construcci\u00f3n es un sector en el cual destaca la labor de migrantes guatemaltecos en USA\">Construcci\u00f3n es un sector en el cual destaca la labor de migrantes guatemaltecos en USA<\/a><\/h2><\/header><div class=\"eael-entry-content\">\n                        <div class=\"eael-grid-post-excerpt\"><a href=\"https:\/\/soymigrante.com\/revista\/construccion-es-un-sector-en-el-cual-destaca-la-dedicacion-muchos-migrantes-guatemaltecos\/\" class=\"eael-post-elements-readmore-btn\">CONOCE SU HISTORIA <\/a><\/div>\n                    <\/div><\/div><\/div>\n        <\/div>\n    <\/article><\/div>\n            <div class=\"clearfix\"><\/div>\n        <\/div>\t\t\t\t<\/div>\n\t\t\t\t\t<\/div>\n\t\t\t\t<\/div>\n\t\t\t\t<\/div>\n\t\t","protected":false},"excerpt":{"rendered":"<p>Seg\u00fan el estudio de Pew Center la mayor\u00eda de los estadounidenses dicen que los migrantes deber\u00edan poder quedarse legalmente bajo ciertas condiciones. Un estudio del prestigioso Pew Research Center revela que una mayor\u00eda significativa (64%) de estadounidenses apoya que trabajadores migrantes indocumentados tengan alguna oportunidad de permanecer legalmente en Estados Unidos si cumplen con ciertos [&hellip;]<\/p>\n","protected":false},"author":19,"featured_media":22100,"comment_status":"open","ping_status":"open","sticky":false,"template":"","format":"standard","meta":{"_acf_changed":false,"_eb_attr":"","footnotes":""},"categories":[58],"tags":[],"class_list":["post-22099","post","type-post","status-publish","format-standard","has-post-thumbnail","hentry","category-guate-nuestra"],"acf":[],"aioseo_notices":[],"aioseo_head":"\n\t\t<!-- All in One SEO Pro 4.9.6.2 - aioseo.com -->\n\t<meta name=\"description\" content=\"El aporte de talento y laboriosidad de los migrantes guatemaltecos en el EE.UU destaca en diversos sectores econ\u00f3micos: uno de ellos es la construcci\u00f3n.\" \/>\n\t<meta name=\"robots\" content=\"max-snippet:-1, max-image-preview:large, max-video-preview:-1\" \/>\n\t<meta name=\"author\" content=\"Marysabel Aldana\"\/>\n\t<link rel=\"canonical\" href=\"https:\/\/soymigrante.com\/revista\/construccion-es-un-sector-en-el-cual-destaca-la-dedicacion-muchos-migrantes-guatemaltecos\/\" \/>\n\t<meta name=\"generator\" content=\"All in One SEO Pro (AIOSEO) 4.9.6.2\" \/>\n\n\t\t<link rel=\"preconnect\" href=\"https:\/\/fonts.googleapis.com\" crossorigin>\n<link rel=\"preconnect\" href=\"https:\/\/fonts.gstatic.com\" crossorigin>\n\t\t<meta property=\"og:locale\" content=\"es_ES\" \/>\n\t\t<meta property=\"og:site_name\" content=\"SoyMigrante.com REVISTA \u2013 Nuestra misi\u00f3n es reconocer y dignificar al migrante.\" \/>\n\t\t<meta property=\"og:type\" content=\"article\" \/>\n\t\t<meta property=\"og:title\" content=\"Construcci\u00f3n es un sector en el cual destaca la labor de migrantes guatemaltecos en USA\" \/>\n\t\t<meta property=\"og:description\" content=\"El aporte de talento y laboriosidad de los migrantes guatemaltecos en el EE.UU destaca en diversos sectores econ\u00f3micos: uno de ellos es la construcci\u00f3n.\" \/>\n\t\t<meta property=\"og:url\" content=\"https:\/\/soymigrante.com\/revista\/construccion-es-un-sector-en-el-cual-destaca-la-dedicacion-muchos-migrantes-guatemaltecos\/\" \/>\n\t\t<meta property=\"og:image\" content=\"https:\/\/soymigrante.com\/revista\/wp-content\/uploads\/2024\/12\/migrantes-guatemaltecos-1-scaled-e1734379641809.webp\" \/>\n\t\t<meta property=\"og:image:secure_url\" content=\"https:\/\/soymigrante.com\/revista\/wp-content\/uploads\/2024\/12\/migrantes-guatemaltecos-1-scaled-e1734379641809.webp\" \/>\n\t\t<meta property=\"og:image:width\" content=\"1707\" \/>\n\t\t<meta property=\"og:image:height\" content=\"1707\" \/>\n\t\t<meta property=\"article:published_time\" content=\"2024-12-16T22:25:22+00:00\" \/>\n\t\t<meta property=\"article:modified_time\" content=\"2024-12-22T01:28:33+00:00\" \/>\n\t\t<meta property=\"article:publisher\" content=\"https:\/\/www.facebook.com\/soymigrantecom\" \/>\n\t\t<meta name=\"twitter:card\" content=\"summary_large_image\" \/>\n\t\t<meta name=\"twitter:site\" content=\"@SoyMigrante_com\" \/>\n\t\t<meta name=\"twitter:title\" content=\"Construcci\u00f3n es un sector en el cual destaca la labor de migrantes guatemaltecos en USA\" \/>\n\t\t<meta name=\"twitter:description\" content=\"El aporte de talento y laboriosidad de los migrantes guatemaltecos en el EE.UU destaca en diversos sectores econ\u00f3micos: uno de ellos es la construcci\u00f3n.\" \/>\n\t\t<meta name=\"twitter:creator\" content=\"@SoyMigrante_com\" \/>\n\t\t<meta name=\"twitter:image\" content=\"https:\/\/soymigrante.com\/revista\/wp-content\/uploads\/2024\/12\/migrantes-guatemaltecos-1-scaled-e1734379641809.webp\" \/>\n\t\t<!-- All in One SEO Pro -->\r\n\t\t<title>Construcci\u00f3n es un sector en el cual destaca la labor de migrantes guatemaltecos en USA<\/title>\n\n","aioseo_head_json":{"title":"Construcci\u00f3n es un sector en el cual destaca la labor de migrantes guatemaltecos en USA","description":"El aporte de talento y laboriosidad de los migrantes guatemaltecos en el EE.UU destaca en diversos sectores econ\u00f3micos: uno de ellos es la construcci\u00f3n.","canonical_url":"https:\/\/soymigrante.com\/revista\/construccion-es-un-sector-en-el-cual-destaca-la-dedicacion-muchos-migrantes-guatemaltecos\/","robots":"max-snippet:-1, max-image-preview:large, max-video-preview:-1","keywords":"","webmasterTools":{"miscellaneous":"&lt;link rel=\"preconnect\" href=\"https:\/\/fonts.googleapis.com\" crossorigin&gt;\n&lt;link rel=\"preconnect\" href=\"https:\/\/fonts.gstatic.com\" crossorigin&gt;"},"schema":null,"og:locale":"es_ES","og:site_name":"SoyMigrante.com REVISTA \u2013 Nuestra misi\u00f3n es reconocer y dignificar al migrante.","og:type":"article","og:title":"Construcci\u00f3n es un sector en el cual destaca la labor de migrantes guatemaltecos en USA","og:description":"El aporte de talento y laboriosidad de los migrantes guatemaltecos en el EE.UU destaca en diversos sectores econ\u00f3micos: uno de ellos es la construcci\u00f3n.","og:url":"https:\/\/soymigrante.com\/revista\/construccion-es-un-sector-en-el-cual-destaca-la-dedicacion-muchos-migrantes-guatemaltecos\/","og:image":"https:\/\/soymigrante.com\/revista\/wp-content\/uploads\/2024\/12\/migrantes-guatemaltecos-1-scaled-e1734379641809.webp","og:image:secure_url":"https:\/\/soymigrante.com\/revista\/wp-content\/uploads\/2024\/12\/migrantes-guatemaltecos-1-scaled-e1734379641809.webp","og:image:width":1707,"og:image:height":1707,"article:published_time":"2024-12-16T22:25:22+00:00","article:modified_time":"2024-12-22T01:28:33+00:00","article:publisher":"https:\/\/www.facebook.com\/soymigrantecom","twitter:card":"summary_large_image","twitter:site":"@SoyMigrante_com","twitter:title":"Construcci\u00f3n es un sector en el cual destaca la labor de migrantes guatemaltecos en USA","twitter:description":"El aporte de talento y laboriosidad de los migrantes guatemaltecos en el EE.UU destaca en diversos sectores econ\u00f3micos: uno de ellos es la construcci\u00f3n.","twitter:creator":"@SoyMigrante_com","twitter:image":"https:\/\/soymigrante.com\/revista\/wp-content\/uploads\/2024\/12\/migrantes-guatemaltecos-1-scaled-e1734379641809.webp"},"aioseo_meta_data":{"post_id":"22099","title":"Ciudadanos apoyan estad\u00eda de trabajadores migrantes, seg\u00fan estudio","description":"Sondeo del Pew Center se\u00f1ala que mayor\u00eda de los estadounidenses est\u00e1 de acuerdo en que trabajadores mirantes puedan quedarse legalmente bajo ciertas condiciones.","keywords":null,"keyphrases":{"focus":{"keyphrase":"migrantes","score":69,"analysis":{"keyphraseInTitle":{"score":9,"maxScore":9,"error":0},"keyphraseInDescription":{"score":3,"maxScore":9,"error":1},"keyphraseLength":{"score":9,"maxScore":9,"error":0,"length":1},"keyphraseInURL":{"score":5,"maxScore":5,"error":0},"keyphraseInIntroduction":{"score":9,"maxScore":9,"error":0},"keyphraseInSubHeadings":{"score":3,"maxScore":9,"error":1},"keyphraseInImageAlt":{"score":9,"maxScore":9,"error":0},"keywordDensity":{"type":"high","score":0,"maxScore":9,"error":1}}},"additional":[{"keyphrase":"migrantes","score":67,"analysis":{"keyphraseInDescription":{"score":3,"maxScore":9,"error":1},"keyphraseLength":{"score":9,"maxScore":9,"error":0,"length":1},"keyphraseInIntroduction":{"score":9,"maxScore":9,"error":0},"keyphraseInImageAlt":{"score":9,"maxScore":9,"error":0},"keywordDensity":{"type":"high","score":0,"maxScore":9,"error":1}}}]},"primary_term":null,"canonical_url":null,"og_title":null,"og_description":null,"og_object_type":"default","og_image_type":"default","og_image_url":null,"og_image_width":null,"og_image_height":null,"og_image_custom_url":null,"og_image_custom_fields":null,"og_video":"","og_custom_url":null,"og_article_section":null,"og_article_tags":null,"twitter_use_og":false,"twitter_card":"default","twitter_image_type":"default","twitter_image_url":null,"twitter_image_custom_url":null,"twitter_image_custom_fields":null,"twitter_title":null,"twitter_description":null,"schema":{"blockGraphs":[],"customGraphs":[],"default":{"data":{"Article":[],"Course":[],"Dataset":[],"FAQPage":[],"Movie":[],"Person":[],"Product":[],"ProductReview":[],"Car":[],"Recipe":[],"Service":[],"SoftwareApplication":[],"WebPage":[]},"graphName":"BlogPosting","isEnabled":true},"graphs":[]},"schema_type":"default","schema_type_options":null,"pillar_content":false,"robots_default":true,"robots_noindex":false,"robots_noarchive":false,"robots_nosnippet":false,"robots_nofollow":false,"robots_noimageindex":false,"robots_noodp":false,"robots_notranslate":false,"robots_max_snippet":"-1","robots_max_videopreview":"-1","robots_max_imagepreview":"large","priority":null,"frequency":"default","local_seo":null,"seo_analyzer_scan_date":"2025-10-09 02:09:20","breadcrumb_settings":null,"limit_modified_date":false,"reviewed_by":null,"open_ai":"{\"title\":{\"suggestions\":[],\"usage\":0},\"description\":{\"suggestions\":[],\"usage\":0}}","ai":null,"created":"2025-01-22 19:55:22","updated":"2026-02-04 19:57:26"},"aioseo_breadcrumb":"<div class=\"aioseo-breadcrumbs\"><span class=\"aioseo-breadcrumb\">\n\t<a href=\"https:\/\/soymigrante.com\/revista\" title=\"Home\">Home<\/a>\n<\/span><span class=\"aioseo-breadcrumb-separator\">\u00bb<\/span><span class=\"aioseo-breadcrumb\">\n\t<a href=\"https:\/\/soymigrante.com\/revista\/category\/guate-nuestra\/\" title=\"Guate Nuestra\">Guate Nuestra<\/a>\n<\/span><span class=\"aioseo-breadcrumb-separator\">\u00bb<\/span><span class=\"aioseo-breadcrumb\">\n\tCiudadanos apoyan idea de que trabajadores migrantes sigan en USA, seg\u00fan estudio del Pew Center\n<\/span><\/div>","aioseo_breadcrumb_json":[{"label":"Home","link":"https:\/\/soymigrante.com\/revista"},{"label":"Guate Nuestra","link":"https:\/\/soymigrante.com\/revista\/category\/guate-nuestra\/"},{"label":"Ciudadanos apoyan idea de que trabajadores migrantes sigan en USA, seg\u00fan estudio del Pew Center","link":"https:\/\/soymigrante.com\/revista\/ciudadanos-apoyan-idea-de-que-trabajadores-migrantes-sigan-en-usa-segun-estudio-del-pew-center\/"}],"_links":{"self":[{"href":"https:\/\/soymigrante.com\/revista\/wp-json\/wp\/v2\/posts\/22099","targetHints":{"allow":["GET"]}}],"collection":[{"href":"https:\/\/soymigrante.com\/revista\/wp-json\/wp\/v2\/posts"}],"about":[{"href":"https:\/\/soymigrante.com\/revista\/wp-json\/wp\/v2\/types\/post"}],"author":[{"embeddable":true,"href":"https:\/\/soymigrante.com\/revista\/wp-json\/wp\/v2\/users\/19"}],"replies":[{"embeddable":true,"href":"https:\/\/soymigrante.com\/revista\/wp-json\/wp\/v2\/comments?post=22099"}],"version-history":[{"count":0,"href":"https:\/\/soymigrante.com\/revista\/wp-json\/wp\/v2\/posts\/22099\/revisions"}],"wp:featuredmedia":[{"embeddable":true,"href":"https:\/\/soymigrante.com\/revista\/wp-json\/wp\/v2\/media\/22100"}],"wp:attachment":[{"href":"https:\/\/soymigrante.com\/revista\/wp-json\/wp\/v2\/media?parent=22099"}],"wp:term":[{"taxonomy":"category","embeddable":true,"href":"https:\/\/soymigrante.com\/revista\/wp-json\/wp\/v2\/categories?post=22099"},{"taxonomy":"post_tag","embeddable":true,"href":"https:\/\/soymigrante.com\/revista\/wp-json\/wp\/v2\/tags?post=22099"}],"curies":[{"name":"wp","href":"https:\/\/api.w.org\/{rel}","templated":true}]}}