{"id":2207,"date":"2023-08-18T14:42:50","date_gmt":"2023-08-18T14:42:50","guid":{"rendered":"https:\/\/soymigrante.com\/revista\/?p=2207"},"modified":"2024-07-30T20:35:39","modified_gmt":"2024-07-31T02:35:39","slug":"migrante-rudy-figueroa-empresario-guatemalteco","status":"publish","type":"post","link":"https:\/\/soymigrante.com\/revista\/migrante-rudy-figueroa-empresario-guatemalteco\/","title":{"rendered":"Rudy Figueroa: Exitoso empresario guatemalteco que no olvida sus ra\u00edces"},"content":{"rendered":"\t\t<div data-elementor-type=\"wp-post\" data-elementor-id=\"2207\" class=\"elementor elementor-2207\" data-elementor-post-type=\"post\">\n\t\t\t\t\t\t<section data-particle_enable=\"false\" data-particle-mobile-disabled=\"false\" class=\"elementor-section elementor-top-section elementor-element elementor-element-b737fd3 elementor-section-boxed elementor-section-height-default elementor-section-height-default\" data-id=\"b737fd3\" data-element_type=\"section\" data-e-type=\"section\">\n\t\t\t\t\t\t<div class=\"elementor-container elementor-column-gap-default\">\n\t\t\t\t\t<div class=\"elementor-column elementor-col-100 elementor-top-column elementor-element elementor-element-13079c3\" data-id=\"13079c3\" data-element_type=\"column\" data-e-type=\"column\">\n\t\t\t<div class=\"elementor-widget-wrap elementor-element-populated\">\n\t\t\t\t\t\t<div class=\"elementor-element elementor-element-82b77b7 elementor-widget elementor-widget-heading\" data-id=\"82b77b7\" data-element_type=\"widget\" data-e-type=\"widget\" data-widget_type=\"heading.default\">\n\t\t\t\t\t<h1 class=\"elementor-heading-title elementor-size-default\">El migrante y empresario guatemalteco Rudy Figueroa tiene casi 2 mil empleados en Estados Unidos pero a pesar de su \u00e9xito nunca se olvida de su natal La Democracia, Escuintla.<\/h1>\t\t\t\t<\/div>\n\t\t\t\t\t<\/div>\n\t\t<\/div>\n\t\t\t\t\t<\/div>\n\t\t<\/section>\n\t\t\t\t<section data-particle_enable=\"false\" data-particle-mobile-disabled=\"false\" class=\"elementor-section elementor-top-section elementor-element elementor-element-605da5e elementor-section-boxed elementor-section-height-default elementor-section-height-default\" data-id=\"605da5e\" data-element_type=\"section\" data-e-type=\"section\">\n\t\t\t\t\t\t<div class=\"elementor-container elementor-column-gap-default\">\n\t\t\t\t\t<div class=\"elementor-column elementor-col-100 elementor-top-column elementor-element elementor-element-ef546f0\" data-id=\"ef546f0\" data-element_type=\"column\" data-e-type=\"column\">\n\t\t\t<div class=\"elementor-widget-wrap elementor-element-populated\">\n\t\t\t\t\t\t<div class=\"elementor-element elementor-element-b02c63f elementor-widget elementor-widget-image\" data-id=\"b02c63f\" data-element_type=\"widget\" data-e-type=\"widget\" data-widget_type=\"image.default\">\n\t\t\t\t\t\t\t\t\t\t\t\t<figure class=\"wp-caption\">\n\t\t\t\t\t\t\t\t\t\t<img fetchpriority=\"high\" decoding=\"async\" width=\"768\" height=\"576\" src=\"https:\/\/soymigrante.com\/revista\/wp-content\/uploads\/2023\/08\/La-Corporacion-Figueroa-es-una-de-las-empresas-mas-importantes-en-Estados-Unidos-el-objetivo-es-lograr-gestionar-visas-de-trabajo-para-Guatemaltecos-y-evitar-la-migracion-irregular-1024x768.webp\" class=\"attachment-large size-large wp-image-2243\" alt=\"El migrante Rudy Figueroa dirige una compa\u00f1\u00eda de servicios de limpieza y construcci\u00f3n desde Los Angeles, en la cual brinda empleo a casi 2 mil connacionales y centroamericanos en Estados Unidos.\" srcset=\"https:\/\/soymigrante.com\/revista\/wp-content\/uploads\/2023\/08\/La-Corporacion-Figueroa-es-una-de-las-empresas-mas-importantes-en-Estados-Unidos-el-objetivo-es-lograr-gestionar-visas-de-trabajo-para-Guatemaltecos-y-evitar-la-migracion-irregular-1024x768.webp 1024w, https:\/\/soymigrante.com\/revista\/wp-content\/uploads\/2023\/08\/La-Corporacion-Figueroa-es-una-de-las-empresas-mas-importantes-en-Estados-Unidos-el-objetivo-es-lograr-gestionar-visas-de-trabajo-para-Guatemaltecos-y-evitar-la-migracion-irregular-300x225.webp 300w, https:\/\/soymigrante.com\/revista\/wp-content\/uploads\/2023\/08\/La-Corporacion-Figueroa-es-una-de-las-empresas-mas-importantes-en-Estados-Unidos-el-objetivo-es-lograr-gestionar-visas-de-trabajo-para-Guatemaltecos-y-evitar-la-migracion-irregular-768x576.webp 768w, https:\/\/soymigrante.com\/revista\/wp-content\/uploads\/2023\/08\/La-Corporacion-Figueroa-es-una-de-las-empresas-mas-importantes-en-Estados-Unidos-el-objetivo-es-lograr-gestionar-visas-de-trabajo-para-Guatemaltecos-y-evitar-la-migracion-irregular-1536x1152.webp 1536w, https:\/\/soymigrante.com\/revista\/wp-content\/uploads\/2023\/08\/La-Corporacion-Figueroa-es-una-de-las-empresas-mas-importantes-en-Estados-Unidos-el-objetivo-es-lograr-gestionar-visas-de-trabajo-para-Guatemaltecos-y-evitar-la-migracion-irregular-750x563.webp 750w, https:\/\/soymigrante.com\/revista\/wp-content\/uploads\/2023\/08\/La-Corporacion-Figueroa-es-una-de-las-empresas-mas-importantes-en-Estados-Unidos-el-objetivo-es-lograr-gestionar-visas-de-trabajo-para-Guatemaltecos-y-evitar-la-migracion-irregular-1140x855.webp 1140w, https:\/\/soymigrante.com\/revista\/wp-content\/uploads\/2023\/08\/La-Corporacion-Figueroa-es-una-de-las-empresas-mas-importantes-en-Estados-Unidos-el-objetivo-es-lograr-gestionar-visas-de-trabajo-para-Guatemaltecos-y-evitar-la-migracion-irregular.webp 1600w\" sizes=\"(max-width: 768px) 100vw, 768px\" title=\"El migrante Rudy Figueroa dirige una compa\u00f1\u00eda de servicios de limpieza y construcci\u00f3n desde Los Angeles, en  la cual brinda empleo a casi 2 mil connacionales y centroamericanos en Estados Unidos. \u2013 SoyMigrante.com REVISTA\" \/>\t\t\t\t\t\t\t\t\t\t\t<figcaption class=\"widget-image-caption wp-caption-text\">El migrante Rudy Figueroa dirige una compa\u00f1\u00eda de servicios de limpieza y construcci\u00f3n desde Los Angeles, en  la cual brinda empleo a casi 2 mil connacionales y centroamericanos en Estados Unidos.<\/figcaption>\n\t\t\t\t\t\t\t\t\t\t<\/figure>\n\t\t\t\t\t\t\t\t\t<\/div>\n\t\t\t\t\t<\/div>\n\t\t<\/div>\n\t\t\t\t\t<\/div>\n\t\t<\/section>\n\t\t\t\t<section data-particle_enable=\"false\" data-particle-mobile-disabled=\"false\" class=\"elementor-section elementor-top-section elementor-element elementor-element-4487706 elementor-section-boxed elementor-section-height-default elementor-section-height-default\" data-id=\"4487706\" data-element_type=\"section\" data-e-type=\"section\">\n\t\t\t\t\t\t<div class=\"elementor-container elementor-column-gap-default\">\n\t\t\t\t\t<div class=\"elementor-column elementor-col-100 elementor-top-column elementor-element elementor-element-c405d74\" data-id=\"c405d74\" data-element_type=\"column\" data-e-type=\"column\">\n\t\t\t<div class=\"elementor-widget-wrap elementor-element-populated\">\n\t\t\t\t\t\t<div class=\"elementor-element elementor-element-0063b41 elementor-widget elementor-widget-text-editor\" data-id=\"0063b41\" data-element_type=\"widget\" data-e-type=\"widget\" data-widget_type=\"text-editor.default\">\n\t\t\t\t\t\t\t\t\t<p><span style=\"font-weight: 400\">Rudy Figueroa es un migrante guatemalteco y empresario exitoso en Los \u00c1ngeles California, Estados Unidos. Su empresa, Corporaci\u00f3n Figueroa ofrece servicios de limpieza, construcci\u00f3n, log\u00edstica y cuenta con casi 2 mil empleados, muchos de ellos guatemaltecos y tambi\u00e9n centroamericanos.<\/span><\/p>\n<p><span style=\"font-weight: 400\">Gracias a su disciplina y empe\u00f1o es considerado como un ejemplo para los connacionales y tambi\u00e9n en su aldea El Pilar, La Democracia, Escuintla Guatemala, en donde celebra su cumplea\u00f1os a la distancia de una forma muy original.<\/span><\/p>\n<p><span style=\"font-weight: 400\">Rudy ha emprendido numerosos aportes a su comunidad en&nbsp; Guatemala: ayuda a la escuela, festeja a madres y tambi\u00e9n celebra su cumplea\u00f1os con los abuelos y abuelas del pueblo. Su familia en Guatemala ejecuta los proyectos impulsados por Rudy, quien &#8220;asiste&#8221; a estas actividades a trav\u00e9s de videollamada.<\/span><\/p>\t\t\t\t\t\t\t\t<\/div>\n\t\t\t\t\t<\/div>\n\t\t<\/div>\n\t\t\t\t\t<\/div>\n\t\t<\/section>\n\t\t\t\t<section data-particle_enable=\"false\" data-particle-mobile-disabled=\"false\" class=\"elementor-section elementor-top-section elementor-element elementor-element-3fcdedc elementor-section-boxed elementor-section-height-default elementor-section-height-default\" data-id=\"3fcdedc\" data-element_type=\"section\" data-e-type=\"section\">\n\t\t\t\t\t\t<div class=\"elementor-container elementor-column-gap-default\">\n\t\t\t\t\t<div class=\"elementor-column elementor-col-100 elementor-top-column elementor-element elementor-element-b6cceb8\" data-id=\"b6cceb8\" data-element_type=\"column\" data-e-type=\"column\">\n\t\t\t<div class=\"elementor-widget-wrap elementor-element-populated\">\n\t\t\t\t\t\t<div class=\"elementor-element elementor-element-1e179b8 elementor-widget elementor-widget-image\" data-id=\"1e179b8\" data-element_type=\"widget\" data-e-type=\"widget\" data-widget_type=\"image.default\">\n\t\t\t\t\t\t\t\t\t\t\t\t<figure class=\"wp-caption\">\n\t\t\t\t\t\t\t\t\t\t<img decoding=\"async\" width=\"768\" height=\"544\" src=\"https:\/\/soymigrante.com\/revista\/wp-content\/uploads\/2023\/08\/El-empresario-Rudy-Figueroa-celebra-a-distancia-se-comunica-por-plataformas-con-las-personas-de-su-aldea-1.webp\" class=\"attachment-large size-large wp-image-2241\" alt=\"A trav\u00e9s de videollamada, Rudy se alegra con las sonrisas y la gratitud de los ancianos de El Pilar, La Democracia.\" srcset=\"https:\/\/soymigrante.com\/revista\/wp-content\/uploads\/2023\/08\/El-empresario-Rudy-Figueroa-celebra-a-distancia-se-comunica-por-plataformas-con-las-personas-de-su-aldea-1.webp 896w, https:\/\/soymigrante.com\/revista\/wp-content\/uploads\/2023\/08\/El-empresario-Rudy-Figueroa-celebra-a-distancia-se-comunica-por-plataformas-con-las-personas-de-su-aldea-1-300x213.webp 300w, https:\/\/soymigrante.com\/revista\/wp-content\/uploads\/2023\/08\/El-empresario-Rudy-Figueroa-celebra-a-distancia-se-comunica-por-plataformas-con-las-personas-de-su-aldea-1-768x544.webp 768w, https:\/\/soymigrante.com\/revista\/wp-content\/uploads\/2023\/08\/El-empresario-Rudy-Figueroa-celebra-a-distancia-se-comunica-por-plataformas-con-las-personas-de-su-aldea-1-120x86.webp 120w, https:\/\/soymigrante.com\/revista\/wp-content\/uploads\/2023\/08\/El-empresario-Rudy-Figueroa-celebra-a-distancia-se-comunica-por-plataformas-con-las-personas-de-su-aldea-1-750x532.webp 750w\" sizes=\"(max-width: 768px) 100vw, 768px\" title=\"A trav\u00e9s de videollamada, Rudy se alegra con las sonrisas y la gratitud de los ancianos de El Pilar, La Democracia. \u2013 SoyMigrante.com REVISTA\" \/>\t\t\t\t\t\t\t\t\t\t\t<figcaption class=\"widget-image-caption wp-caption-text\">A trav\u00e9s de videollamada, Rudy se alegra con las sonrisas y la gratitud de los ancianos de El Pilar, La Democracia.<\/figcaption>\n\t\t\t\t\t\t\t\t\t\t<\/figure>\n\t\t\t\t\t\t\t\t\t<\/div>\n\t\t\t\t\t<\/div>\n\t\t<\/div>\n\t\t\t\t\t<\/div>\n\t\t<\/section>\n\t\t\t\t<section data-particle_enable=\"false\" data-particle-mobile-disabled=\"false\" class=\"elementor-section elementor-top-section elementor-element elementor-element-0d2d1e4 elementor-section-boxed elementor-section-height-default elementor-section-height-default\" data-id=\"0d2d1e4\" data-element_type=\"section\" data-e-type=\"section\">\n\t\t\t\t\t\t<div class=\"elementor-container elementor-column-gap-default\">\n\t\t\t\t\t<div class=\"elementor-column elementor-col-100 elementor-top-column elementor-element elementor-element-6df7965\" data-id=\"6df7965\" data-element_type=\"column\" data-e-type=\"column\">\n\t\t\t<div class=\"elementor-widget-wrap elementor-element-populated\">\n\t\t\t\t\t\t<div class=\"elementor-element elementor-element-8f9da29 elementor-widget elementor-widget-heading\" data-id=\"8f9da29\" data-element_type=\"widget\" data-e-type=\"widget\" data-widget_type=\"heading.default\">\n\t\t\t\t\t<h3 class=\"elementor-heading-title elementor-size-default\">\u00bfC\u00f3mo nace esta iniciativa?<\/h3>\t\t\t\t<\/div>\n\t\t\t\t<div class=\"elementor-element elementor-element-95b9957 elementor-widget elementor-widget-text-editor\" data-id=\"95b9957\" data-element_type=\"widget\" data-e-type=\"widget\" data-widget_type=\"text-editor.default\">\n\t\t\t\t\t\t\t\t\t<p><span style=\"font-weight: 400\">Hace cuatro a\u00f1os,\u00a0 un 17 de agosto, Rudy se levant\u00f3 de su cama y record\u00f3 las necesidades de muchas personas en su pueblo natal. \u201cMe naci\u00f3 cuando logr\u00e9 fundar mi corporaci\u00f3n. Descubr\u00ed que no me sent\u00eda feliz al celebrar mi cumplea\u00f1os, al saber que otras personas no tienen que comer o no han disfrutado un pedazo de pastel\u201d\u00a0<\/span><\/p><p><span style=\"font-weight: 400\">Su mente y coraz\u00f3n fueron invadidos por sentimientos inexplicables. Esto lo llev\u00f3 a recordar que celebrar en grande su fiesta no lo hac\u00eda feliz \u201cYo soy feliz, si veo gente feliz\u201d. Entonces decidi\u00f3 celebrar con los abuelos de la aldea Pilar la Democracia, Guatemala. Se comprometi\u00f3 consigo mismo a celebrar cada a\u00f1o su cumplea\u00f1os con los abuelos de El Pilar.<\/span><\/p><p><span style=\"font-weight: 400\">Desde muy peque\u00f1o a Rudy le inculcaron valores y principios. Estos le abrieron grandes oportunidades. Por eso demuestra con acciones su humildad y respeto en su propia tierra.\u00a0 \u201cLe dije a mi pap\u00e1, a partir de este a\u00f1o y los a\u00f1os que tenga de vida voy a celebrar mi cumplea\u00f1os con los ancianitos\u201d. Para Rudy las personas mayores son valiosas por haber construido y luchado en su momento.<\/span><\/p>\t\t\t\t\t\t\t\t<\/div>\n\t\t\t\t\t<\/div>\n\t\t<\/div>\n\t\t\t\t\t<\/div>\n\t\t<\/section>\n\t\t\t\t<section data-particle_enable=\"false\" data-particle-mobile-disabled=\"false\" class=\"elementor-section elementor-top-section elementor-element elementor-element-88ed4e1 elementor-section-boxed elementor-section-height-default elementor-section-height-default\" data-id=\"88ed4e1\" data-element_type=\"section\" data-e-type=\"section\">\n\t\t\t\t\t\t<div class=\"elementor-container elementor-column-gap-default\">\n\t\t\t\t\t<div class=\"elementor-column elementor-col-100 elementor-top-column elementor-element elementor-element-5a35fad\" data-id=\"5a35fad\" data-element_type=\"column\" data-e-type=\"column\">\n\t\t\t<div class=\"elementor-widget-wrap elementor-element-populated\">\n\t\t\t\t\t\t<div class=\"elementor-element elementor-element-8c165c2 elementor-widget elementor-widget-image\" data-id=\"8c165c2\" data-element_type=\"widget\" data-e-type=\"widget\" data-widget_type=\"image.default\">\n\t\t\t\t\t\t\t\t\t\t\t\t<figure class=\"wp-caption\">\n\t\t\t\t\t\t\t\t\t\t<img decoding=\"async\" width=\"768\" height=\"500\" src=\"https:\/\/soymigrante.com\/revista\/wp-content\/uploads\/2023\/08\/El-apoyo-es-continuo-y-el-padre-de-Rudy-se-encarga-de-entregar-el-apoyo-a-las-familias-actos-que-se-realizan-sin-acto-politico--1024x667.webp\" class=\"attachment-large size-large wp-image-2217\" alt=\"El apoyo es continuo y el padre de Rudy se encarga de entregar el apoyo a las familias, actos que se realizan sin acto pol\u00edtico\" srcset=\"https:\/\/soymigrante.com\/revista\/wp-content\/uploads\/2023\/08\/El-apoyo-es-continuo-y-el-padre-de-Rudy-se-encarga-de-entregar-el-apoyo-a-las-familias-actos-que-se-realizan-sin-acto-politico--1024x667.webp 1024w, https:\/\/soymigrante.com\/revista\/wp-content\/uploads\/2023\/08\/El-apoyo-es-continuo-y-el-padre-de-Rudy-se-encarga-de-entregar-el-apoyo-a-las-familias-actos-que-se-realizan-sin-acto-politico--300x195.webp 300w, https:\/\/soymigrante.com\/revista\/wp-content\/uploads\/2023\/08\/El-apoyo-es-continuo-y-el-padre-de-Rudy-se-encarga-de-entregar-el-apoyo-a-las-familias-actos-que-se-realizan-sin-acto-politico--768x500.webp 768w, https:\/\/soymigrante.com\/revista\/wp-content\/uploads\/2023\/08\/El-apoyo-es-continuo-y-el-padre-de-Rudy-se-encarga-de-entregar-el-apoyo-a-las-familias-actos-que-se-realizan-sin-acto-politico--750x488.webp 750w, https:\/\/soymigrante.com\/revista\/wp-content\/uploads\/2023\/08\/El-apoyo-es-continuo-y-el-padre-de-Rudy-se-encarga-de-entregar-el-apoyo-a-las-familias-actos-que-se-realizan-sin-acto-politico-.webp 1080w\" sizes=\"(max-width: 768px) 100vw, 768px\" title=\"El apoyo es continuo y el padre de Rudy se encarga de entregar el apoyo a las familias, actos que se realizan sin acto pol\u00edtico \u2013 SoyMigrante.com REVISTA\" \/>\t\t\t\t\t\t\t\t\t\t\t<figcaption class=\"widget-image-caption wp-caption-text\">El apoyo es continuo y el padre de Rudy se encarga de entregar el apoyo a las familias, actos que se realizan sin acto pol\u00edtico<\/figcaption>\n\t\t\t\t\t\t\t\t\t\t<\/figure>\n\t\t\t\t\t\t\t\t\t<\/div>\n\t\t\t\t\t<\/div>\n\t\t<\/div>\n\t\t\t\t\t<\/div>\n\t\t<\/section>\n\t\t\t\t<section data-particle_enable=\"false\" data-particle-mobile-disabled=\"false\" class=\"elementor-section elementor-top-section elementor-element elementor-element-c0695c4 elementor-section-boxed elementor-section-height-default elementor-section-height-default\" data-id=\"c0695c4\" data-element_type=\"section\" data-e-type=\"section\">\n\t\t\t\t\t\t<div class=\"elementor-container elementor-column-gap-default\">\n\t\t\t\t\t<div class=\"elementor-column elementor-col-100 elementor-top-column elementor-element elementor-element-cce18f7\" data-id=\"cce18f7\" data-element_type=\"column\" data-e-type=\"column\">\n\t\t\t<div class=\"elementor-widget-wrap elementor-element-populated\">\n\t\t\t\t\t\t<div class=\"elementor-element elementor-element-d9f3f23 elementor-widget elementor-widget-heading\" data-id=\"d9f3f23\" data-element_type=\"widget\" data-e-type=\"widget\" data-widget_type=\"heading.default\">\n\t\t\t\t\t<h2 class=\"elementor-heading-title elementor-size-default\">Un bono sin inter\u00e9s alguno <\/h2>\t\t\t\t<\/div>\n\t\t\t\t<div class=\"elementor-element elementor-element-0d217c4 elementor-widget elementor-widget-text-editor\" data-id=\"0d217c4\" data-element_type=\"widget\" data-e-type=\"widget\" data-widget_type=\"text-editor.default\">\n\t\t\t\t\t\t\t\t\t<p><span style=\"font-weight: 400\">Es una iniciativa que se hace realidad con la ayuda de Carlos Figueroa padre de Rudy quien busca a las personas de la tercera edad para darles el apoyo, tambi\u00e9n ha sido fundamental contar con la red de l\u00edderes de la aldea para realizar dicha actividad.<\/span><\/p>\n<p><span style=\"font-weight: 400\">El bono abuelo beneficia&nbsp; a 270 abuelos de la aldea el Pilar la Democracia, Guatemala. Esta iniciativa se realizar\u00e1 este 2023 por cuarto a\u00f1o consecutivo. La satisfacci\u00f3n de Rudy es ver a los abuelos y abuelas contentos \u201cMi pap\u00e1 me env\u00eda videos de los abuelos, cuando escuch\u00f3 y los veo me transmiten felicidad y humanidad\u201d<\/span><\/p>\n<p><span style=\"font-weight: 400\">&nbsp;La actividad es esperada con cari\u00f1o y emoci\u00f3n por los abuelos, d\u00eda donde comparten comida, pastel y un peque\u00f1o incentivo econ\u00f3mico, Rudy a la distancia realiza videollamadas para saludar a los abuelos, las l\u00e1grimas que brotan en \u00e9l son de alegr\u00eda seg\u00fan relata.<\/span><\/p>\n<p><span style=\"font-weight: 400\">La idea de entregarles un incentivo econ\u00f3mico a los abuelitos nace derivado a las&nbsp; necesidades que cada uno presenta, en a\u00f1os anteriores realizaban entregas de bolsas de consumo sin embargo se dieron cuenta que necesitan otros servicios como: medicamentos, visitas m\u00e9dicas, ropa, zapatos entre otras cosas.<\/span><\/p>\n<p><br><\/p>\t\t\t\t\t\t\t\t<\/div>\n\t\t\t\t\t<\/div>\n\t\t<\/div>\n\t\t\t\t\t<\/div>\n\t\t<\/section>\n\t\t\t\t<section data-particle_enable=\"false\" data-particle-mobile-disabled=\"false\" class=\"elementor-section elementor-top-section elementor-element elementor-element-30a8fc6 elementor-section-boxed elementor-section-height-default elementor-section-height-default\" data-id=\"30a8fc6\" data-element_type=\"section\" data-e-type=\"section\">\n\t\t\t\t\t\t<div class=\"elementor-container elementor-column-gap-default\">\n\t\t\t\t\t<div class=\"elementor-column elementor-col-100 elementor-top-column elementor-element elementor-element-eb5bad3\" data-id=\"eb5bad3\" data-element_type=\"column\" data-e-type=\"column\">\n\t\t\t<div class=\"elementor-widget-wrap elementor-element-populated\">\n\t\t\t\t\t\t<div class=\"elementor-element elementor-element-a75eee9 elementor-widget elementor-widget-image\" data-id=\"a75eee9\" data-element_type=\"widget\" data-e-type=\"widget\" data-widget_type=\"image.default\">\n\t\t\t\t\t\t\t\t\t\t\t\t<figure class=\"wp-caption\">\n\t\t\t\t\t\t\t\t\t\t<img loading=\"lazy\" decoding=\"async\" width=\"768\" height=\"738\" src=\"https:\/\/soymigrante.com\/revista\/wp-content\/uploads\/2023\/08\/Se-entregan-incentivos-economicos-ante-las-diferentes-necesidades-que-presentan-los-abuelos-y-abuelas--1024x984.webp\" class=\"attachment-large size-large wp-image-2212\" alt=\"Se entregan incentivos econ\u00f3micos ante las diferentes necesidades que presentan los abuelos y abuelas\" srcset=\"https:\/\/soymigrante.com\/revista\/wp-content\/uploads\/2023\/08\/Se-entregan-incentivos-economicos-ante-las-diferentes-necesidades-que-presentan-los-abuelos-y-abuelas--1024x984.webp 1024w, https:\/\/soymigrante.com\/revista\/wp-content\/uploads\/2023\/08\/Se-entregan-incentivos-economicos-ante-las-diferentes-necesidades-que-presentan-los-abuelos-y-abuelas--300x288.webp 300w, https:\/\/soymigrante.com\/revista\/wp-content\/uploads\/2023\/08\/Se-entregan-incentivos-economicos-ante-las-diferentes-necesidades-que-presentan-los-abuelos-y-abuelas--768x738.webp 768w, https:\/\/soymigrante.com\/revista\/wp-content\/uploads\/2023\/08\/Se-entregan-incentivos-economicos-ante-las-diferentes-necesidades-que-presentan-los-abuelos-y-abuelas--750x721.webp 750w, https:\/\/soymigrante.com\/revista\/wp-content\/uploads\/2023\/08\/Se-entregan-incentivos-economicos-ante-las-diferentes-necesidades-que-presentan-los-abuelos-y-abuelas-.webp 1080w\" sizes=\"(max-width: 768px) 100vw, 768px\" title=\"Se entregan incentivos econ\u00f3micos ante las diferentes necesidades que presentan los abuelos y abuelas \u2013 SoyMigrante.com REVISTA\" \/>\t\t\t\t\t\t\t\t\t\t\t<figcaption class=\"widget-image-caption wp-caption-text\">Gracias al crecimiento de su empresa a logrado generar varios proyectos para su aldea. Su objetivo es apoyar y brindar una oportunidad<\/figcaption>\n\t\t\t\t\t\t\t\t\t\t<\/figure>\n\t\t\t\t\t\t\t\t\t<\/div>\n\t\t\t\t\t<\/div>\n\t\t<\/div>\n\t\t\t\t\t<\/div>\n\t\t<\/section>\n\t\t\t\t<section data-particle_enable=\"false\" data-particle-mobile-disabled=\"false\" class=\"elementor-section elementor-top-section elementor-element elementor-element-b1be68e elementor-section-boxed elementor-section-height-default elementor-section-height-default\" data-id=\"b1be68e\" data-element_type=\"section\" data-e-type=\"section\">\n\t\t\t\t\t\t<div class=\"elementor-container elementor-column-gap-default\">\n\t\t\t\t\t<div class=\"elementor-column elementor-col-100 elementor-top-column elementor-element elementor-element-79f2d98\" data-id=\"79f2d98\" data-element_type=\"column\" data-e-type=\"column\">\n\t\t\t<div class=\"elementor-widget-wrap elementor-element-populated\">\n\t\t\t\t\t\t<div class=\"elementor-element elementor-element-debc602 elementor-widget elementor-widget-heading\" data-id=\"debc602\" data-element_type=\"widget\" data-e-type=\"widget\" data-widget_type=\"heading.default\">\n\t\t\t\t\t<h2 class=\"elementor-heading-title elementor-size-default\">Rudy genera unos 20 mil empleos en Estados Unidos<\/h2>\t\t\t\t<\/div>\n\t\t\t\t\t<\/div>\n\t\t<\/div>\n\t\t\t\t\t<\/div>\n\t\t<\/section>\n\t\t\t\t<section data-particle_enable=\"false\" data-particle-mobile-disabled=\"false\" class=\"elementor-section elementor-top-section elementor-element elementor-element-9791a7a elementor-section-boxed elementor-section-height-default elementor-section-height-default\" data-id=\"9791a7a\" data-element_type=\"section\" data-e-type=\"section\">\n\t\t\t\t\t\t<div class=\"elementor-container elementor-column-gap-default\">\n\t\t\t\t\t<div class=\"elementor-column elementor-col-100 elementor-top-column elementor-element elementor-element-e85ab56\" data-id=\"e85ab56\" data-element_type=\"column\" data-e-type=\"column\">\n\t\t\t<div class=\"elementor-widget-wrap elementor-element-populated\">\n\t\t\t\t\t\t<div class=\"elementor-element elementor-element-8fe3c01 elementor-widget elementor-widget-text-editor\" data-id=\"8fe3c01\" data-element_type=\"widget\" data-e-type=\"widget\" data-widget_type=\"text-editor.default\">\n\t\t\t\t\t\t\t\t\t<p><span style=\"vertical-align: inherit\"><span style=\"vertical-align: inherit\"><span style=\"vertical-align: inherit\"><span style=\"vertical-align: inherit\">Rudy Figueroa es empresario y migrante originario de aldea El Pilar la Democracia Escuintla, Guatemala. <\/span><\/span><\/span><span style=\"vertical-align: inherit\"><span style=\"vertical-align: inherit\"><span style=\"vertical-align: inherit\">Se ha formado como un empresario de \u00e9xito en Estados Unidos, fund\u00f3 su primera compa\u00f1\u00eda de limpieza en el a\u00f1o 2017, estuvo conformado por cinco personas, obtuvo un crecimiento favorable que le permiti\u00f3 crear la Fundaci\u00f3n en el a\u00f1o 2018 para destinar apoyo a Guatemala, continu\u00f3 creciendo y en el a\u00f1o 2019 fund\u00f3 la Corporaci\u00f3n Figueroa la cual se<\/span><\/span><\/span><\/span><span style=\"color: var( --e-global-color-text );background-color: var(--ak-bg-color)\"><span style=\"vertical-align: inherit\"><span style=\"vertical-align: inherit\"><span style=\"vertical-align: inherit\"><span style=\"vertical-align: inherit\">\u00a0dedica a realizar m\u00e1s de 28 labores entre ello re construcci\u00f3n, construcci\u00f3n, limpieza entre otras actividades.<\/span><\/span><\/span><\/span><\/span><\/p><p><span style=\"vertical-align: inherit\"><span style=\"vertical-align: inherit\"><span style=\"vertical-align: inherit\"><span style=\"vertical-align: inherit\">La Corporaci\u00f3n Figueroa brinda espacio laboral al rededor de 20 mil personas migrantes guatemaltecos y centroamericanos, &#8220;El 60% de los trabajadores son de mi pueblo&#8221;. <\/span><\/span><\/span><span style=\"vertical-align: inherit\"><span style=\"vertical-align: inherit\"><span style=\"vertical-align: inherit\">Su objetivo es apoyar y crear espacios laborales en Guatemala y en Estados Unidos, &#8220;En Guatemala tengo a cincuenta personas trabajando en la fundaci\u00f3n, apoyando las diferentes actividades&#8221;<\/span><\/span><\/span><\/span><\/p><p>El esfuerzo y la disciplina fueron fundamentales para construir su empresa en un pa\u00eds tan imponente, &#8220;Fuimos una familia de escasos recursos pero mis padres siempre lucharon por darnos educaci\u00f3n y ense\u00f1arnos valores, creo que eso ha sido la base del \u00e9xito&#8221;.<\/p><p>Rudy finaliza: &#8220;Invito a los j\u00f3venes a impulsar un buen camino y no perder el rumbo de sus metas, todas las personas tienen la posibilidad de encontrar \u00e9xito siempre y cuando las aprovechemos al m\u00e1ximo y sobre todo con valores&#8221;.<\/p><p>&#8220;Los sue\u00f1os se cumplen con dedicaci\u00f3n, esfuerzo y disciplina, hay que perder el miedo a emprender, todo es posible si uno se lo propone&#8221;.\u00a0<\/p><p>\u00a0<\/p><p>\u00a0<\/p>\t\t\t\t\t\t\t\t<\/div>\n\t\t\t\t\t<\/div>\n\t\t<\/div>\n\t\t\t\t\t<\/div>\n\t\t<\/section>\n\t\t\t\t<section data-particle_enable=\"false\" data-particle-mobile-disabled=\"false\" class=\"elementor-section elementor-top-section elementor-element elementor-element-0713716 elementor-section-boxed elementor-section-height-default elementor-section-height-default\" data-id=\"0713716\" data-element_type=\"section\" data-e-type=\"section\">\n\t\t\t\t\t\t<div class=\"elementor-container elementor-column-gap-default\">\n\t\t\t\t\t<div class=\"elementor-column elementor-col-100 elementor-top-column elementor-element elementor-element-3735d96\" data-id=\"3735d96\" data-element_type=\"column\" data-e-type=\"column\">\n\t\t\t<div class=\"elementor-widget-wrap elementor-element-populated\">\n\t\t\t\t\t\t<div class=\"elementor-element elementor-element-9ddc0f6 elementor-widget elementor-widget-image\" data-id=\"9ddc0f6\" data-element_type=\"widget\" data-e-type=\"widget\" data-widget_type=\"image.default\">\n\t\t\t\t\t\t\t\t\t\t\t\t<figure class=\"wp-caption\">\n\t\t\t\t\t\t\t\t\t\t<img loading=\"lazy\" decoding=\"async\" width=\"768\" height=\"432\" src=\"https:\/\/soymigrante.com\/revista\/wp-content\/uploads\/2023\/08\/La-Corporacion-Figueroa-es-una-de-las-empresas-mas-importantes-en-Estados-Unidos-el-objetivo-es-lograr-gestionar-visas-de-trabajo-para-Guatemaltecos-y-evitar-la-migracion-irregular-1-1-1024x576.webp\" class=\"attachment-large size-large wp-image-2244\" alt=\"La excelencia en el servicio es una de las claves del \u00e9xito de Rudy Figueroa, como migrante y empresario en California.\" srcset=\"https:\/\/soymigrante.com\/revista\/wp-content\/uploads\/2023\/08\/La-Corporacion-Figueroa-es-una-de-las-empresas-mas-importantes-en-Estados-Unidos-el-objetivo-es-lograr-gestionar-visas-de-trabajo-para-Guatemaltecos-y-evitar-la-migracion-irregular-1-1-1024x576.webp 1024w, https:\/\/soymigrante.com\/revista\/wp-content\/uploads\/2023\/08\/La-Corporacion-Figueroa-es-una-de-las-empresas-mas-importantes-en-Estados-Unidos-el-objetivo-es-lograr-gestionar-visas-de-trabajo-para-Guatemaltecos-y-evitar-la-migracion-irregular-1-1-300x169.webp 300w, https:\/\/soymigrante.com\/revista\/wp-content\/uploads\/2023\/08\/La-Corporacion-Figueroa-es-una-de-las-empresas-mas-importantes-en-Estados-Unidos-el-objetivo-es-lograr-gestionar-visas-de-trabajo-para-Guatemaltecos-y-evitar-la-migracion-irregular-1-1-768x432.webp 768w, https:\/\/soymigrante.com\/revista\/wp-content\/uploads\/2023\/08\/La-Corporacion-Figueroa-es-una-de-las-empresas-mas-importantes-en-Estados-Unidos-el-objetivo-es-lograr-gestionar-visas-de-trabajo-para-Guatemaltecos-y-evitar-la-migracion-irregular-1-1-1536x864.webp 1536w, https:\/\/soymigrante.com\/revista\/wp-content\/uploads\/2023\/08\/La-Corporacion-Figueroa-es-una-de-las-empresas-mas-importantes-en-Estados-Unidos-el-objetivo-es-lograr-gestionar-visas-de-trabajo-para-Guatemaltecos-y-evitar-la-migracion-irregular-1-1-750x422.webp 750w, https:\/\/soymigrante.com\/revista\/wp-content\/uploads\/2023\/08\/La-Corporacion-Figueroa-es-una-de-las-empresas-mas-importantes-en-Estados-Unidos-el-objetivo-es-lograr-gestionar-visas-de-trabajo-para-Guatemaltecos-y-evitar-la-migracion-irregular-1-1-1140x641.webp 1140w, https:\/\/soymigrante.com\/revista\/wp-content\/uploads\/2023\/08\/La-Corporacion-Figueroa-es-una-de-las-empresas-mas-importantes-en-Estados-Unidos-el-objetivo-es-lograr-gestionar-visas-de-trabajo-para-Guatemaltecos-y-evitar-la-migracion-irregular-1-1.webp 1600w\" sizes=\"(max-width: 768px) 100vw, 768px\" title=\"La excelencia en el servicio es una de las claves del \u00e9xito de Rudy Figueroa, como migrante y empresario en California. \u2013 SoyMigrante.com REVISTA\" \/>\t\t\t\t\t\t\t\t\t\t\t<figcaption class=\"widget-image-caption wp-caption-text\">La excelencia en el servicio es una de las claves del \u00e9xito de Rudy Figueroa, como migrante y empresario en California.<\/figcaption>\n\t\t\t\t\t\t\t\t\t\t<\/figure>\n\t\t\t\t\t\t\t\t\t<\/div>\n\t\t\t\t<div class=\"elementor-element elementor-element-2d820a8 elementor-widget elementor-widget-heading\" data-id=\"2d820a8\" data-element_type=\"widget\" data-e-type=\"widget\" data-widget_type=\"heading.default\">\n\t\t\t\t\t<h2 class=\"elementor-heading-title elementor-size-default\">Rudy comparte su \u00e9xito y su cari\u00f1o<\/h2>\t\t\t\t<\/div>\n\t\t\t\t<div class=\"elementor-element elementor-element-0501116 elementor-widget elementor-widget-text-editor\" data-id=\"0501116\" data-element_type=\"widget\" data-e-type=\"widget\" data-widget_type=\"text-editor.default\">\n\t\t\t\t\t\t\t\t\t<p><span style=\"font-weight: 400\">Adem\u00e1s, se gestionan actividades que involucren a todas las familias y la aldea como celebraci\u00f3n del d\u00eda de la madre, entrega de insumos cada tres meses, apoyos a escuelas y colaboraci\u00f3n con las autoridades locales.<\/span><\/p><p><span style=\"font-weight: 400\">\u00a0Todas las acciones se realizan sin ning\u00fan fin pol\u00edtico o alg\u00fan inter\u00e9s seg\u00fan lo indica Rudy, la aldea es agradecida y da mucho cari\u00f1o a la familia, \u201cA veces visitan a mis papas para agradecer el apoyo que se brinda\u201d. La satisfacci\u00f3n de Rudy es compartir con su origen, el apoyo de su familia y colaboradores ha sido fundamental para llegar al coraz\u00f3n de la aldea.<\/span><\/p><p><span style=\"font-weight: 400\">\u00a0<\/span><b>\u00bfHan identificado avances en la implementaci\u00f3n del bono y los proyectos?<\/b><\/p><p><span style=\"font-weight: 400\">Desde la implementaci\u00f3n del bono abuelo y otras ayudas en la aldea han generado desarrollo en las escuelas, seguridad, salud entre otros. \u201cPor ejemplo casi en todo el pa\u00eds las escuelas est\u00e1n abandonadas, entonces hemos aportado y exhortado a muchas personas a construir un desarrollo en la aldea\u201d<\/span><\/p><p><span style=\"font-weight: 400\">Dentro de las acciones se ha mejorado la infraestructura, gestionado becas y dotaci\u00f3n de insumos para las escuelas, tambi\u00e9n se han implementado c\u00e1maras de seguridad en sectores de la aldea, \u201cHemos visto un cambio de un 40% a favor de nuestra aldea\u201d.<\/span><\/p>\t\t\t\t\t\t\t\t<\/div>\n\t\t\t\t\t<\/div>\n\t\t<\/div>\n\t\t\t\t\t<\/div>\n\t\t<\/section>\n\t\t\t\t<section data-particle_enable=\"false\" data-particle-mobile-disabled=\"false\" class=\"elementor-section elementor-top-section elementor-element elementor-element-d58a4cd elementor-section-boxed elementor-section-height-default elementor-section-height-default\" data-id=\"d58a4cd\" data-element_type=\"section\" data-e-type=\"section\">\n\t\t\t\t\t\t<div class=\"elementor-container elementor-column-gap-default\">\n\t\t\t\t\t<div class=\"elementor-column elementor-col-100 elementor-top-column elementor-element elementor-element-801d3fa\" data-id=\"801d3fa\" data-element_type=\"column\" data-e-type=\"column\">\n\t\t\t<div class=\"elementor-widget-wrap elementor-element-populated\">\n\t\t\t\t\t\t<div class=\"elementor-element elementor-element-f2fa725 elementor-widget elementor-widget-image\" data-id=\"f2fa725\" data-element_type=\"widget\" data-e-type=\"widget\" data-widget_type=\"image.default\">\n\t\t\t\t\t\t\t\t\t\t\t\t<figure class=\"wp-caption\">\n\t\t\t\t\t\t\t\t\t\t<img loading=\"lazy\" decoding=\"async\" width=\"768\" height=\"881\" src=\"https:\/\/soymigrante.com\/revista\/wp-content\/uploads\/2023\/08\/Se-ha-ganado-el-carino-y-respeto-de-la-aldea-a-distancia-varios-muestran-alegria-y-agradecimiento-893x1024.webp\" class=\"attachment-large size-large wp-image-2211\" alt=\"Se ha ganado el cari\u00f1o y respeto de la aldea, a distancia varios muestran alegr\u00eda y agradecimiento\" srcset=\"https:\/\/soymigrante.com\/revista\/wp-content\/uploads\/2023\/08\/Se-ha-ganado-el-carino-y-respeto-de-la-aldea-a-distancia-varios-muestran-alegria-y-agradecimiento-893x1024.webp 893w, https:\/\/soymigrante.com\/revista\/wp-content\/uploads\/2023\/08\/Se-ha-ganado-el-carino-y-respeto-de-la-aldea-a-distancia-varios-muestran-alegria-y-agradecimiento-262x300.webp 262w, https:\/\/soymigrante.com\/revista\/wp-content\/uploads\/2023\/08\/Se-ha-ganado-el-carino-y-respeto-de-la-aldea-a-distancia-varios-muestran-alegria-y-agradecimiento-768x880.webp 768w, https:\/\/soymigrante.com\/revista\/wp-content\/uploads\/2023\/08\/Se-ha-ganado-el-carino-y-respeto-de-la-aldea-a-distancia-varios-muestran-alegria-y-agradecimiento-750x860.webp 750w, https:\/\/soymigrante.com\/revista\/wp-content\/uploads\/2023\/08\/Se-ha-ganado-el-carino-y-respeto-de-la-aldea-a-distancia-varios-muestran-alegria-y-agradecimiento.webp 1080w\" sizes=\"(max-width: 768px) 100vw, 768px\" title=\"Se ha ganado el cari\u00f1o y respeto de la aldea, a distancia varios muestran alegr\u00eda y agradecimiento \u2013 SoyMigrante.com REVISTA\" \/>\t\t\t\t\t\t\t\t\t\t\t<figcaption class=\"widget-image-caption wp-caption-text\">Se ha ganado el cari\u00f1o y respeto de la aldea, a distancia varios muestran alegr\u00eda y agradecimiento<\/figcaption>\n\t\t\t\t\t\t\t\t\t\t<\/figure>\n\t\t\t\t\t\t\t\t\t<\/div>\n\t\t\t\t\t<\/div>\n\t\t<\/div>\n\t\t\t\t\t<\/div>\n\t\t<\/section>\n\t\t\t\t<section data-particle_enable=\"false\" data-particle-mobile-disabled=\"false\" class=\"elementor-section elementor-top-section elementor-element elementor-element-3f78199 elementor-section-boxed elementor-section-height-default elementor-section-height-default\" data-id=\"3f78199\" data-element_type=\"section\" data-e-type=\"section\">\n\t\t\t\t\t\t<div class=\"elementor-container elementor-column-gap-default\">\n\t\t\t\t\t<div class=\"elementor-column elementor-col-100 elementor-top-column elementor-element elementor-element-c38fb4c\" data-id=\"c38fb4c\" data-element_type=\"column\" data-e-type=\"column\">\n\t\t\t<div class=\"elementor-widget-wrap elementor-element-populated\">\n\t\t\t\t\t\t<div class=\"elementor-element elementor-element-a3fee0b elementor-widget elementor-widget-heading\" data-id=\"a3fee0b\" data-element_type=\"widget\" data-e-type=\"widget\" data-widget_type=\"heading.default\">\n\t\t\t\t\t<h2 class=\"elementor-heading-title elementor-size-default\">Mensaje para las autoridades<\/h2>\t\t\t\t<\/div>\n\t\t\t\t<div class=\"elementor-element elementor-element-f338aca elementor-widget elementor-widget-text-editor\" data-id=\"f338aca\" data-element_type=\"widget\" data-e-type=\"widget\" data-widget_type=\"text-editor.default\">\n\t\t\t\t\t\t\t\t\t<p><span style=\"font-weight: 400\">\u201cEn especial para las autoridades de Guatemala, sabemos que estamos pasado una situaci\u00f3n cr\u00edtica, tienen ver realmente las necesidades, muchos tienen hambre u otra necesidad, por ejemplo, de nada sirve construir una calle si la gente est\u00e1 muriendo de hambre, el gobierno debe enfocarse en dar trabajo o ver realmente la necesidad de la gente\u201d<\/span><\/p><p><span style=\"font-weight: 400\">La desnutrici\u00f3n, la falta de oportunidades laborales y la atenci\u00f3n m\u00e9dica son algunas necesidades que se han evidenciado durante la implementaci\u00f3n de apoyo en dicho pa\u00eds.<\/span><\/p><p>\u00a0<\/p>\t\t\t\t\t\t\t\t<\/div>\n\t\t\t\t\t<\/div>\n\t\t<\/div>\n\t\t\t\t\t<\/div>\n\t\t<\/section>\n\t\t\t\t<section data-particle_enable=\"false\" data-particle-mobile-disabled=\"false\" class=\"elementor-section elementor-top-section elementor-element elementor-element-2197794 elementor-section-boxed elementor-section-height-default elementor-section-height-default\" data-id=\"2197794\" data-element_type=\"section\" data-e-type=\"section\">\n\t\t\t\t\t\t<div class=\"elementor-container elementor-column-gap-default\">\n\t\t\t\t\t<div class=\"elementor-column elementor-col-100 elementor-top-column elementor-element elementor-element-7909942\" data-id=\"7909942\" data-element_type=\"column\" data-e-type=\"column\">\n\t\t\t<div class=\"elementor-widget-wrap elementor-element-populated\">\n\t\t\t\t\t\t<div class=\"elementor-element elementor-element-4221d70 elementor-arrows-position-inside elementor-pagination-position-outside elementor-invisible elementor-widget elementor-widget-image-carousel\" data-id=\"4221d70\" data-element_type=\"widget\" data-e-type=\"widget\" data-settings=\"{&quot;slides_to_show&quot;:&quot;1&quot;,&quot;_animation&quot;:&quot;rollIn&quot;,&quot;navigation&quot;:&quot;both&quot;,&quot;autoplay&quot;:&quot;yes&quot;,&quot;pause_on_hover&quot;:&quot;yes&quot;,&quot;pause_on_interaction&quot;:&quot;yes&quot;,&quot;autoplay_speed&quot;:5000,&quot;infinite&quot;:&quot;yes&quot;,&quot;effect&quot;:&quot;slide&quot;,&quot;speed&quot;:500}\" data-widget_type=\"image-carousel.default\">\n\t\t\t\t\t\t\t<div class=\"elementor-image-carousel-wrapper swiper\" role=\"region\" aria-roledescription=\"carousel\" aria-label=\"Carrusel de im\u00e1genes\" dir=\"ltr\">\n\t\t\t<div class=\"elementor-image-carousel swiper-wrapper\" aria-live=\"off\">\n\t\t\t\t\t\t\t\t<div class=\"swiper-slide\" role=\"group\" aria-roledescription=\"slide\" aria-label=\"1 de 6\"><figure class=\"swiper-slide-inner\"><img decoding=\"async\" class=\"swiper-slide-image\" src=\"https:\/\/soymigrante.com\/revista\/wp-content\/uploads\/2023\/08\/Durante-el-ano-se-realizan-diferentes-actividades-en-la-aldea-La-Democracia-Escuintla-Guatemala-768x576.webp\" alt=\"Durante el a\u00f1o se realizan diferentes actividades en la aldea La Democracia Escuintla Guatemala\" \/><figcaption class=\"elementor-image-carousel-caption\">Durante el a\u00f1o se realizan diferentes actividades en la aldea La Democracia Escuintla Guatemala<\/figcaption><\/figure><\/div><div class=\"swiper-slide\" role=\"group\" aria-roledescription=\"slide\" aria-label=\"2 de 6\"><figure class=\"swiper-slide-inner\"><img decoding=\"async\" class=\"swiper-slide-image\" src=\"https:\/\/soymigrante.com\/revista\/wp-content\/uploads\/2023\/08\/Abuelos-y-abuelas-de-la-aldea-tambien-reciben-donativos-en-insumos-de-consumo-diario--768x512.webp\" alt=\"Abuelos y abuelas de la aldea tambi\u00e9n reciben donativos en insumos de consumo diario\" \/><figcaption class=\"elementor-image-carousel-caption\">Abuelos y abuelas de la aldea tambi\u00e9n reciben donativos en insumos de consumo diario<\/figcaption><\/figure><\/div><div class=\"swiper-slide\" role=\"group\" aria-roledescription=\"slide\" aria-label=\"3 de 6\"><figure class=\"swiper-slide-inner\"><img decoding=\"async\" class=\"swiper-slide-image\" src=\"https:\/\/soymigrante.com\/revista\/wp-content\/uploads\/2023\/08\/Los-abuelos-y-abuelas-son-los-mas-vulnerables-en-su-mayoria-viven-solos--768x353.webp\" alt=\"Los abuelos y abuelas son los mas vulnerables en su mayor\u00eda viven solos\" \/><figcaption class=\"elementor-image-carousel-caption\">Los abuelos y abuelas son los mas vulnerables en su mayor\u00eda viven solos<\/figcaption><\/figure><\/div><div class=\"swiper-slide\" role=\"group\" aria-roledescription=\"slide\" aria-label=\"4 de 6\"><figure class=\"swiper-slide-inner\"><img decoding=\"async\" class=\"swiper-slide-image\" src=\"https:\/\/soymigrante.com\/revista\/wp-content\/uploads\/2023\/08\/Otras-de-las-actividades-durante-el-anos-es-la-celebracion-del-dia-de-la-madre--768x511.webp\" alt=\"Otras de las actividades durante el a\u00f1os es la celebraci\u00f3n del d\u00eda de la madre\" \/><figcaption class=\"elementor-image-carousel-caption\">Otras de las actividades durante el a\u00f1os es la celebraci\u00f3n del d\u00eda de la madre<\/figcaption><\/figure><\/div><div class=\"swiper-slide\" role=\"group\" aria-roledescription=\"slide\" aria-label=\"5 de 6\"><figure class=\"swiper-slide-inner\"><img decoding=\"async\" class=\"swiper-slide-image\" src=\"https:\/\/soymigrante.com\/revista\/wp-content\/uploads\/2023\/08\/Su-padre-Carlos-verifica-que-la-ayuda-se-ejecute-a-cabalidad--768x565.webp\" alt=\"Su padre Carlos verifica que la ayuda se ejecute a cabalidad\" \/><figcaption class=\"elementor-image-carousel-caption\">Su padre Carlos verifica que la ayuda se ejecute a cabalidad<\/figcaption><\/figure><\/div><div class=\"swiper-slide\" role=\"group\" aria-roledescription=\"slide\" aria-label=\"6 de 6\"><figure class=\"swiper-slide-inner\"><img decoding=\"async\" class=\"swiper-slide-image\" src=\"https:\/\/soymigrante.com\/revista\/wp-content\/uploads\/2023\/08\/El-mejoramiento-de-las-escuelas-de-la-aldea-a-sido-otros-de-los-aportes-del-empresario-768x567.webp\" alt=\"El mejoramiento de las escuelas de la aldea a sido otros de los aportes del empresario\" \/><figcaption class=\"elementor-image-carousel-caption\">El mejoramiento de las escuelas de la aldea a sido otros de los aportes del empresario<\/figcaption><\/figure><\/div>\t\t\t<\/div>\n\t\t\t\t\t\t\t\t\t\t\t\t<div class=\"elementor-swiper-button elementor-swiper-button-prev\" role=\"button\" tabindex=\"0\">\n\t\t\t\t\t\t<i aria-hidden=\"true\" class=\"eicon-chevron-left\"><\/i>\t\t\t\t\t<\/div>\n\t\t\t\t\t<div class=\"elementor-swiper-button elementor-swiper-button-next\" role=\"button\" tabindex=\"0\">\n\t\t\t\t\t\t<i aria-hidden=\"true\" class=\"eicon-chevron-right\"><\/i>\t\t\t\t\t<\/div>\n\t\t\t\t\n\t\t\t\t\t\t\t\t\t<div class=\"swiper-pagination\"><\/div>\n\t\t\t\t\t\t\t\t\t<\/div>\n\t\t\t\t\t\t<\/div>\n\t\t\t\t\t<\/div>\n\t\t<\/div>\n\t\t\t\t\t<\/div>\n\t\t<\/section>\n\t\t\t\t<section data-particle_enable=\"false\" data-particle-mobile-disabled=\"false\" class=\"elementor-section elementor-top-section elementor-element elementor-element-5e00f04 elementor-section-boxed elementor-section-height-default elementor-section-height-default\" data-id=\"5e00f04\" data-element_type=\"section\" data-e-type=\"section\">\n\t\t\t\t\t\t<div class=\"elementor-container elementor-column-gap-default\">\n\t\t\t\t\t<div class=\"elementor-column elementor-col-100 elementor-top-column elementor-element elementor-element-efc340a\" data-id=\"efc340a\" data-element_type=\"column\" data-e-type=\"column\">\n\t\t\t<div class=\"elementor-widget-wrap elementor-element-populated\">\n\t\t\t\t\t\t<div class=\"elementor-element elementor-element-436b83c elementor-widget elementor-widget-heading\" data-id=\"436b83c\" data-element_type=\"widget\" data-e-type=\"widget\" data-widget_type=\"heading.default\">\n\t\t\t\t\t<h2 class=\"elementor-heading-title elementor-size-default\">Para mi gente<\/h2>\t\t\t\t<\/div>\n\t\t\t\t<div class=\"elementor-element elementor-element-f629620 elementor-widget elementor-widget-text-editor\" data-id=\"f629620\" data-element_type=\"widget\" data-e-type=\"widget\" data-widget_type=\"text-editor.default\">\n\t\t\t\t\t\t\t\t\t<p><span style=\"font-weight: 400\">\u201cLa situaci\u00f3n econ\u00f3mica est\u00e1 dif\u00edcil, pero tratemos de administrar correctamente el dinero para invertir o generar alg\u00fan ingreso, tenemos que trabajar y luchar para lograr nuestras metas\u201d, expresa el migrante guatemalteco Rudy Figueroa.<\/span><\/p><p><span style=\"font-weight: 400\">\u201cPara los abuelos recordarles que ellos no est\u00e1n solos, hemos trabajado arduamente para brindarles alegr\u00eda, esperamos implementar un chequeo por lo menos una vez al mes para que est\u00e9n bien\u201d<\/span><\/p><p><span style=\"font-weight: 400\">El objetivo de Rudy en un futuro es apoyar la gesti\u00f3n de visas de trabajo temporales y evitar la migraci\u00f3n irregular, adem\u00e1s plantea la construcci\u00f3n de locales para generar negocios, empleos y desarrollo en la aldea de dicho pa\u00eds.<\/span><\/p><p>\u00a0<\/p>\t\t\t\t\t\t\t\t<\/div>\n\t\t\t\t\t<\/div>\n\t\t<\/div>\n\t\t\t\t\t<\/div>\n\t\t<\/section>\n\t\t\t\t<section data-particle_enable=\"false\" data-particle-mobile-disabled=\"false\" class=\"elementor-section elementor-top-section elementor-element elementor-element-202a349 elementor-section-boxed elementor-section-height-default elementor-section-height-default\" data-id=\"202a349\" data-element_type=\"section\" data-e-type=\"section\">\n\t\t\t\t\t\t<div class=\"elementor-container elementor-column-gap-default\">\n\t\t\t\t\t<div class=\"elementor-column elementor-col-100 elementor-top-column elementor-element elementor-element-4c34027\" data-id=\"4c34027\" data-element_type=\"column\" data-e-type=\"column\">\n\t\t\t<div class=\"elementor-widget-wrap elementor-element-populated\">\n\t\t\t\t\t\t<div class=\"elementor-element elementor-element-7a82733 elementor-widget elementor-widget-eael-facebook-feed\" data-id=\"7a82733\" data-element_type=\"widget\" data-e-type=\"widget\" data-widget_type=\"eael-facebook-feed.default\">\n\t\t\t\t\t        <div class=\"eael-facebook-feed eael-col-3 eael-facebook-feed-card\" id=\"eael-facebook-feed-7a82733\">\n                    <\/div>\n        <div class=\"clearfix\"><\/div>\n        \t\t\t\t<\/div>\n\t\t\t\t\t<\/div>\n\t\t<\/div>\n\t\t\t\t\t<\/div>\n\t\t<\/section>\n\t\t\t\t<section data-particle_enable=\"false\" data-particle-mobile-disabled=\"false\" class=\"elementor-section elementor-top-section elementor-element elementor-element-b12f45d elementor-section-boxed elementor-section-height-default elementor-section-height-default\" data-id=\"b12f45d\" data-element_type=\"section\" data-e-type=\"section\">\n\t\t\t\t\t\t<div class=\"elementor-container elementor-column-gap-default\">\n\t\t\t\t\t<div class=\"elementor-column elementor-col-100 elementor-top-column elementor-element elementor-element-66ebc28\" data-id=\"66ebc28\" data-element_type=\"column\" data-e-type=\"column\">\n\t\t\t<div class=\"elementor-widget-wrap elementor-element-populated\">\n\t\t\t\t\t\t<div class=\"elementor-element elementor-element-6cae4eb elementor-widget elementor-widget-facebook-page\" data-id=\"6cae4eb\" data-element_type=\"widget\" data-e-type=\"widget\" data-widget_type=\"facebook-page.default\">\n\t\t\t\t\t<div class=\"elementor-facebook-widget fb-page\" data-href=\"https:\/\/www.facebook.com\/rudy.m.figueroa?mibextid=ZbWKwL\" data-tabs=\"timeline\" data-height=\"472px\" data-width=\"500px\" data-small-header=\"false\" data-hide-cover=\"false\" data-show-facepile=\"true\" data-hide-cta=\"false\" style=\"min-height: 1px;height:472px\"><\/div>\t\t\t\t<\/div>\n\t\t\t\t\t<\/div>\n\t\t<\/div>\n\t\t\t\t\t<\/div>\n\t\t<\/section>\n\t\t\t\t<section data-particle_enable=\"false\" data-particle-mobile-disabled=\"false\" class=\"elementor-section elementor-top-section elementor-element elementor-element-fef0172 elementor-section-boxed elementor-section-height-default elementor-section-height-default\" data-id=\"fef0172\" data-element_type=\"section\" data-e-type=\"section\">\n\t\t\t\t\t\t<div class=\"elementor-container elementor-column-gap-default\">\n\t\t\t\t\t<div class=\"elementor-column elementor-col-100 elementor-top-column elementor-element elementor-element-30d051f\" data-id=\"30d051f\" data-element_type=\"column\" data-e-type=\"column\">\n\t\t\t<div class=\"elementor-widget-wrap elementor-element-populated\">\n\t\t\t\t\t\t<div class=\"elementor-element elementor-element-9d0e9b8 elementor-widget elementor-widget-blfe-post-grid\" data-id=\"9d0e9b8\" data-element_type=\"widget\" data-e-type=\"widget\" data-settings=\"{&quot;columns&quot;:&quot;3&quot;,&quot;columns_tablet&quot;:&quot;6&quot;,&quot;columns_mobile&quot;:&quot;12&quot;,&quot;hero1_layout_column_gap&quot;:{&quot;unit&quot;:&quot;px&quot;,&quot;size&quot;:30,&quot;sizes&quot;:[]},&quot;hero1_layout_column_gap_tablet&quot;:{&quot;unit&quot;:&quot;px&quot;,&quot;size&quot;:&quot;&quot;,&quot;sizes&quot;:[]},&quot;hero1_layout_column_gap_mobile&quot;:{&quot;unit&quot;:&quot;px&quot;,&quot;size&quot;:&quot;&quot;,&quot;sizes&quot;:[]},&quot;hero1_layout_row_gap&quot;:{&quot;unit&quot;:&quot;px&quot;,&quot;size&quot;:30,&quot;sizes&quot;:[]},&quot;hero1_layout_row_gap_tablet&quot;:{&quot;unit&quot;:&quot;px&quot;,&quot;size&quot;:&quot;&quot;,&quot;sizes&quot;:[]},&quot;hero1_layout_row_gap_mobile&quot;:{&quot;unit&quot;:&quot;px&quot;,&quot;size&quot;:&quot;&quot;,&quot;sizes&quot;:[]}}\" data-widget_type=\"blfe-post-grid.hero1\">\n\t\t\t\t<div class=\"elementor-widget-container\">\n\t\t\t\t\t\n                        <div class=\"blfe-post-grid-container \">\n            \n                <div data-skin=\"hero1\" class=\"blfe-row blfe-posts-inner blfe-hero1 blfe-posts-inner blfe-col-3 blfe-col-tab-6 blfe-col-mob-12     \">\n                            <div class=\"blfe-post-grid-item\">\n            <div class=\"blfe-post-grid-item-inner blfe-modern-zoom\">\n                        <div class=\"blfe-post-grid-bg-image\">\n            <a class=\"blfe-post-grid-image-inner\" href=\"https:\/\/soymigrante.com\/revista\/indumentaria-tradicional-del-varon-tzutujil\/\" title=\"Legendario \u201cN\u2019skaw\u201d: pantal\u00f3n del var\u00f3n tz&#8217;utuj&#8217;il de San Juan la Laguna\" rel=\"nofollow\" target=\"_blank\"><img decoding=\"async\" src=\"https:\/\/soymigrante.com\/revista\/wp-content\/uploads\/2023\/02\/San-Juan-pantalon-3-ecastro.webp\" alt=\"Legendario \u201cN\u2019skaw\u201d: pantal\u00f3n del var\u00f3n tz&#8217;utuj&#8217;il de San Juan la Laguna\"\/><\/a>        <\/div>\n                        <div class=\"blfe-post-grid-details\">\n                    <div class=\"blfe-post-grid-details-inner\">\n                        <span class=\"blfe-post-category\"><a href=\"https:\/\/soymigrante.com\/revista\/category\/guate-nuestra\/\">Guate Nuestra<\/a><\/span>                        <h3 class=\"blfe-post-grid-title\">\n            <a href=\"https:\/\/soymigrante.com\/revista\/indumentaria-tradicional-del-varon-tzutujil\/\" title=\"Legendario \u201cN\u2019skaw\u201d: pantal\u00f3n del var\u00f3n tz&#8217;utuj&#8217;il de San Juan la Laguna\" rel=\"nofollow\" target=\"_blank\">Legendario \u201cN\u2019skaw\u201d: pantal\u00f3n del var\u00f3n tz&#8217;utuj&#8217;il de San Juan la Laguna<\/a>\n            <\/h3>                                                            <div class=\"blfe-post-grid-meta\">\n                <span class=\"blfe-post-grid-author\"><i class=\"fa fa-user far fa-user\"><\/i>by <a href=\"https:\/\/soymigrante.com\/revista\/author\/soymigrante\/\">SoyMigrante.com REVISTA<\/a><\/span>                    <div class=\"blfe-post-meta-dot\"><\/div>\n                    <span class=\"blfe-post-grid-date\"><i class=\"fa fa-calendar-alt far fa-calendar-alt\"><\/i>26\/05\/2023<\/span>                    <div class=\"blfe-post-meta-dot\"><\/div>\n                                <\/div>\n                                                        <\/div>\n                <\/div>\n\n            <\/div>\n        <\/div>\n                <div class=\"blfe-post-grid-item\">\n            <div class=\"blfe-post-grid-item-inner blfe-modern-zoom\">\n                        <div class=\"blfe-post-grid-bg-image\">\n            <a class=\"blfe-post-grid-image-inner\" href=\"https:\/\/soymigrante.com\/revista\/chapines-nos-dicen-pero-de-donde-proviene-esta-expresion\/\" title=\"\u00bfQu\u00e9 significa la palabra chap\u00edn y de donde viene?\" rel=\"nofollow\" target=\"_blank\"><img decoding=\"async\" src=\"https:\/\/soymigrante.com\/revista\/wp-content\/uploads\/2024\/11\/tiana-ochoa-lider-migrante-rhode-island-5-e1734361323429.webp\" alt=\"\u00bfQu\u00e9 significa la palabra chap\u00edn y de donde viene?\"\/><\/a>        <\/div>\n                        <div class=\"blfe-post-grid-details\">\n                    <div class=\"blfe-post-grid-details-inner\">\n                        <span class=\"blfe-post-category\"><a href=\"https:\/\/soymigrante.com\/revista\/category\/guate-nuestra\/\">Guate Nuestra<\/a><\/span>                        <h3 class=\"blfe-post-grid-title\">\n            <a href=\"https:\/\/soymigrante.com\/revista\/chapines-nos-dicen-pero-de-donde-proviene-esta-expresion\/\" title=\"\u00bfQu\u00e9 significa la palabra chap\u00edn y de donde viene?\" rel=\"nofollow\" target=\"_blank\">\u00bfQu\u00e9 significa la palabra chap\u00edn y de donde viene?<\/a>\n            <\/h3>                                                            <div class=\"blfe-post-grid-meta\">\n                <span class=\"blfe-post-grid-author\"><i class=\"fa fa-user far fa-user\"><\/i>by <a href=\"https:\/\/soymigrante.com\/revista\/author\/soymigrante\/\">SoyMigrante.com REVISTA<\/a><\/span>                    <div class=\"blfe-post-meta-dot\"><\/div>\n                    <span class=\"blfe-post-grid-date\"><i class=\"fa fa-calendar-alt far fa-calendar-alt\"><\/i>16\/03\/2025<\/span>                    <div class=\"blfe-post-meta-dot\"><\/div>\n                                <\/div>\n                                                        <\/div>\n                <\/div>\n\n            <\/div>\n        <\/div>\n                <div class=\"blfe-post-grid-item\">\n            <div class=\"blfe-post-grid-item-inner blfe-modern-zoom\">\n                        <div class=\"blfe-post-grid-bg-image\">\n            <a class=\"blfe-post-grid-image-inner\" href=\"https:\/\/soymigrante.com\/revista\/yolnabaj-es-su-nombre-original-pero-tambien-le-llaman-laguna-brava\/\" title=\"\u00bfPor qu\u00e9 vale la pena el largo viaje hasta la Laguna Brava en Huehuetenango?\" rel=\"nofollow\" target=\"_blank\"><img decoding=\"async\" src=\"https:\/\/soymigrante.com\/revista\/wp-content\/uploads\/2025\/04\/laguna-brava-abel-juarez.png\" alt=\"\u00bfPor qu\u00e9 vale la pena el largo viaje hasta la Laguna Brava en Huehuetenango?\"\/><\/a>        <\/div>\n                        <div class=\"blfe-post-grid-details\">\n                    <div class=\"blfe-post-grid-details-inner\">\n                        <span class=\"blfe-post-category\"><a href=\"https:\/\/soymigrante.com\/revista\/category\/guate-nuestra\/\">Guate Nuestra<\/a><\/span>                        <h3 class=\"blfe-post-grid-title\">\n            <a href=\"https:\/\/soymigrante.com\/revista\/yolnabaj-es-su-nombre-original-pero-tambien-le-llaman-laguna-brava\/\" title=\"\u00bfPor qu\u00e9 vale la pena el largo viaje hasta la Laguna Brava en Huehuetenango?\" rel=\"nofollow\" target=\"_blank\">\u00bfPor qu\u00e9 vale la pena el largo viaje hasta la Laguna Brava en Huehuetenango?<\/a>\n            <\/h3>                                                            <div class=\"blfe-post-grid-meta\">\n                <span class=\"blfe-post-grid-author\"><i class=\"fa fa-user far fa-user\"><\/i>by <a href=\"https:\/\/soymigrante.com\/revista\/author\/soymigrante\/\">SoyMigrante.com REVISTA<\/a><\/span>                    <div class=\"blfe-post-meta-dot\"><\/div>\n                    <span class=\"blfe-post-grid-date\"><i class=\"fa fa-calendar-alt far fa-calendar-alt\"><\/i>26\/02\/2026<\/span>                    <div class=\"blfe-post-meta-dot\"><\/div>\n                                <\/div>\n                                                        <\/div>\n                <\/div>\n\n            <\/div>\n        <\/div>\n                        <\/div>\n\n                        <\/div>\n            \n                        <div class=\"blfe-post-footer\">\n                        <\/div>\n            \t\t\t\t<\/div>\n\t\t\t\t<\/div>\n\t\t\t\t\t<\/div>\n\t\t<\/div>\n\t\t\t\t\t<\/div>\n\t\t<\/section>\n\t\t\t\t<\/div>\n\t\t","protected":false},"excerpt":{"rendered":"<p>El migrante y empresario guatemalteco Rudy Figueroa tiene casi 2 mil empleados en Estados Unidos pero a pesar de su \u00e9xito nunca se olvida de su natal La Democracia, Escuintla. El migrante Rudy Figueroa dirige una compa\u00f1\u00eda de servicios de limpieza y construcci\u00f3n desde Los Angeles, en la cual brinda empleo a casi 2 mil [&hellip;]<\/p>\n","protected":false},"author":10,"featured_media":2241,"comment_status":"open","ping_status":"open","sticky":false,"template":"","format":"standard","meta":{"_acf_changed":false,"_eb_attr":"","footnotes":""},"categories":[50],"tags":[],"class_list":["post-2207","post","type-post","status-publish","format-standard","has-post-thumbnail","hentry","category-exitos"],"acf":[],"aioseo_notices":[],"aioseo_head":"\n\t\t<!-- All in One SEO Pro 4.9.6.2 - aioseo.com -->\n\t<meta name=\"description\" content=\"Esta laguna es un para\u00edso turquesa de gran belleza natural. \u00bfA qu\u00e9 distancia est\u00e1 de la capital? \u00bfQu\u00e9 se necesita para visitarla? Esto y m\u00e1s te lo decimos aqu\u00ed\" \/>\n\t<meta name=\"robots\" content=\"max-snippet:-1, max-image-preview:large, max-video-preview:-1\" \/>\n\t<meta name=\"author\" content=\"SoyMigrante.com REVISTA\"\/>\n\t<link rel=\"canonical\" href=\"https:\/\/soymigrante.com\/revista\/yolnabaj-es-su-nombre-original-pero-tambien-le-llaman-laguna-brava\/\" \/>\n\t<meta name=\"generator\" content=\"All in One SEO Pro (AIOSEO) 4.9.6.2\" \/>\n\n\t\t<link rel=\"preconnect\" href=\"https:\/\/fonts.googleapis.com\" crossorigin>\n<link rel=\"preconnect\" href=\"https:\/\/fonts.gstatic.com\" crossorigin>\n\t\t<meta property=\"og:locale\" content=\"es_ES\" \/>\n\t\t<meta property=\"og:site_name\" content=\"SoyMigrante.com REVISTA \u2013 Nuestra misi\u00f3n es reconocer y dignificar al migrante.\" \/>\n\t\t<meta property=\"og:type\" content=\"article\" \/>\n\t\t<meta property=\"og:title\" content=\"\u00bfPor qu\u00e9 es tan fascinante la Laguna Brava o Yolnabaj?\" \/>\n\t\t<meta property=\"og:description\" content=\"Esta laguna es un para\u00edso turquesa de gran belleza natural. \u00bfA qu\u00e9 distancia est\u00e1 de la capital? \u00bfQu\u00e9 se necesita para visitarla? Esto y m\u00e1s te lo decimos aqu\u00ed\" \/>\n\t\t<meta property=\"og:url\" content=\"https:\/\/soymigrante.com\/revista\/yolnabaj-es-su-nombre-original-pero-tambien-le-llaman-laguna-brava\/\" \/>\n\t\t<meta property=\"og:image\" content=\"https:\/\/soymigrante.com\/revista\/wp-content\/uploads\/2025\/04\/laguna-brava-abel-juarez.png\" \/>\n\t\t<meta property=\"og:image:secure_url\" content=\"https:\/\/soymigrante.com\/revista\/wp-content\/uploads\/2025\/04\/laguna-brava-abel-juarez.png\" \/>\n\t\t<meta property=\"og:image:width\" content=\"421\" \/>\n\t\t<meta property=\"og:image:height\" content=\"416\" \/>\n\t\t<meta property=\"article:published_time\" content=\"2026-02-26T16:14:31+00:00\" \/>\n\t\t<meta property=\"article:modified_time\" content=\"2026-04-08T10:01:26+00:00\" \/>\n\t\t<meta property=\"article:publisher\" content=\"https:\/\/www.facebook.com\/soymigrantecom\" \/>\n\t\t<meta name=\"twitter:card\" content=\"summary_large_image\" \/>\n\t\t<meta name=\"twitter:site\" content=\"@SoyMigrante_com\" \/>\n\t\t<meta name=\"twitter:title\" content=\"\u00bfPor qu\u00e9 es tan fascinante la Laguna Brava o Yolnabaj?\" \/>\n\t\t<meta name=\"twitter:description\" content=\"Esta laguna es un para\u00edso turquesa de gran belleza natural. \u00bfA qu\u00e9 distancia est\u00e1 de la capital? \u00bfQu\u00e9 se necesita para visitarla? Esto y m\u00e1s te lo decimos aqu\u00ed\" \/>\n\t\t<meta name=\"twitter:creator\" content=\"@SoyMigrante_com\" \/>\n\t\t<meta name=\"twitter:image\" content=\"https:\/\/soymigrante.com\/revista\/wp-content\/uploads\/2025\/04\/laguna-brava-abel-juarez.png\" \/>\n\t\t<!-- All in One SEO Pro -->\r\n\t\t<title>\u00bfPor qu\u00e9 es tan fascinante la Laguna Brava o Yolnabaj?<\/title>\n\n","aioseo_head_json":{"title":"\u00bfPor qu\u00e9 es tan fascinante la Laguna Brava o Yolnabaj?","description":"Esta laguna es un para\u00edso turquesa de gran belleza natural. \u00bfA qu\u00e9 distancia est\u00e1 de la capital? \u00bfQu\u00e9 se necesita para visitarla? Esto y m\u00e1s te lo decimos aqu\u00ed","canonical_url":"https:\/\/soymigrante.com\/revista\/yolnabaj-es-su-nombre-original-pero-tambien-le-llaman-laguna-brava\/","robots":"max-snippet:-1, max-image-preview:large, max-video-preview:-1","keywords":"","webmasterTools":{"miscellaneous":"&lt;link rel=\"preconnect\" href=\"https:\/\/fonts.googleapis.com\" crossorigin&gt;\n&lt;link rel=\"preconnect\" href=\"https:\/\/fonts.gstatic.com\" crossorigin&gt;"},"schema":null,"og:locale":"es_ES","og:site_name":"SoyMigrante.com REVISTA \u2013 Nuestra misi\u00f3n es reconocer y dignificar al migrante.","og:type":"article","og:title":"\u00bfPor qu\u00e9 es tan fascinante la Laguna Brava o Yolnabaj?","og:description":"Esta laguna es un para\u00edso turquesa de gran belleza natural. \u00bfA qu\u00e9 distancia est\u00e1 de la capital? \u00bfQu\u00e9 se necesita para visitarla? Esto y m\u00e1s te lo decimos aqu\u00ed","og:url":"https:\/\/soymigrante.com\/revista\/yolnabaj-es-su-nombre-original-pero-tambien-le-llaman-laguna-brava\/","og:image":"https:\/\/soymigrante.com\/revista\/wp-content\/uploads\/2025\/04\/laguna-brava-abel-juarez.png","og:image:secure_url":"https:\/\/soymigrante.com\/revista\/wp-content\/uploads\/2025\/04\/laguna-brava-abel-juarez.png","og:image:width":421,"og:image:height":416,"article:published_time":"2026-02-26T16:14:31+00:00","article:modified_time":"2026-04-08T10:01:26+00:00","article:publisher":"https:\/\/www.facebook.com\/soymigrantecom","twitter:card":"summary_large_image","twitter:site":"@SoyMigrante_com","twitter:title":"\u00bfPor qu\u00e9 es tan fascinante la Laguna Brava o Yolnabaj?","twitter:description":"Esta laguna es un para\u00edso turquesa de gran belleza natural. \u00bfA qu\u00e9 distancia est\u00e1 de la capital? \u00bfQu\u00e9 se necesita para visitarla? Esto y m\u00e1s te lo decimos aqu\u00ed","twitter:creator":"@SoyMigrante_com","twitter:image":"https:\/\/soymigrante.com\/revista\/wp-content\/uploads\/2025\/04\/laguna-brava-abel-juarez.png"},"aioseo_meta_data":{"post_id":"2207","title":"#post_title #separator_sa","description":"Rudy Figueroa, un guatemalteco exitoso en EE.UU., demuestra que el \u00e9xito verdadero se mide por c\u00f3mo devolvemos a nuestras comunidades. Descubre su historia","keywords":[],"keyphrases":{"focus":{"keyphrase":"Empresario y migrante guatemalteco","score":54,"analysis":{"keyphraseInTitle":{"score":9,"maxScore":9,"error":0},"keyphraseInDescription":{"score":3,"maxScore":9,"error":1},"keyphraseLength":{"score":9,"maxScore":9,"error":0,"length":4},"keyphraseInURL":{"score":1,"maxScore":5,"error":1},"keyphraseInIntroduction":{"score":3,"maxScore":9,"error":1},"keyphraseInSubHeadings":{"score":3,"maxScore":9,"error":1},"keyphraseInImageAlt":{"score":9,"maxScore":9,"error":0},"keywordDensity":{"score":0,"type":"low","maxScore":9,"error":1}}},"additional":[]},"primary_term":null,"canonical_url":null,"og_title":null,"og_description":null,"og_object_type":"default","og_image_type":"default","og_image_url":null,"og_image_width":null,"og_image_height":null,"og_image_custom_url":null,"og_image_custom_fields":null,"og_video":"","og_custom_url":null,"og_article_section":null,"og_article_tags":[],"twitter_use_og":false,"twitter_card":"default","twitter_image_type":"default","twitter_image_url":null,"twitter_image_custom_url":null,"twitter_image_custom_fields":null,"twitter_title":null,"twitter_description":null,"schema":{"blockGraphs":[],"customGraphs":[],"default":{"data":{"Article":[],"Course":[],"Dataset":[],"FAQPage":[],"Movie":[],"Person":[],"Product":[],"ProductReview":[],"Car":[],"Recipe":[],"Service":[],"SoftwareApplication":[],"WebPage":[]},"graphName":"BlogPosting","isEnabled":true},"graphs":[]},"schema_type":"default","schema_type_options":null,"pillar_content":false,"robots_default":true,"robots_noindex":false,"robots_noarchive":false,"robots_nosnippet":false,"robots_nofollow":false,"robots_noimageindex":false,"robots_noodp":false,"robots_notranslate":false,"robots_max_snippet":"-1","robots_max_videopreview":"-1","robots_max_imagepreview":"large","priority":null,"frequency":"default","local_seo":null,"seo_analyzer_scan_date":"2025-10-08 20:16:11","breadcrumb_settings":null,"limit_modified_date":false,"reviewed_by":null,"open_ai":null,"ai":null,"created":"2023-08-18 14:39:19","updated":"2026-02-04 09:30:14"},"aioseo_breadcrumb":"<div class=\"aioseo-breadcrumbs\"><span class=\"aioseo-breadcrumb\">\n\t<a href=\"https:\/\/soymigrante.com\/revista\" title=\"Home\">Home<\/a>\n<\/span><span class=\"aioseo-breadcrumb-separator\">\u00bb<\/span><span class=\"aioseo-breadcrumb\">\n\t<a href=\"https:\/\/soymigrante.com\/revista\/category\/exitos\/\" title=\"\u00c9xitos\">\u00c9xitos<\/a>\n<\/span><span class=\"aioseo-breadcrumb-separator\">\u00bb<\/span><span class=\"aioseo-breadcrumb\">\n\tRudy Figueroa: Exitoso empresario guatemalteco que no olvida sus ra\u00edces\n<\/span><\/div>","aioseo_breadcrumb_json":[{"label":"Home","link":"https:\/\/soymigrante.com\/revista"},{"label":"\u00c9xitos","link":"https:\/\/soymigrante.com\/revista\/category\/exitos\/"},{"label":"Rudy Figueroa: Exitoso empresario guatemalteco que no olvida sus ra\u00edces","link":"https:\/\/soymigrante.com\/revista\/migrante-rudy-figueroa-empresario-guatemalteco\/"}],"_links":{"self":[{"href":"https:\/\/soymigrante.com\/revista\/wp-json\/wp\/v2\/posts\/2207","targetHints":{"allow":["GET"]}}],"collection":[{"href":"https:\/\/soymigrante.com\/revista\/wp-json\/wp\/v2\/posts"}],"about":[{"href":"https:\/\/soymigrante.com\/revista\/wp-json\/wp\/v2\/types\/post"}],"author":[{"embeddable":true,"href":"https:\/\/soymigrante.com\/revista\/wp-json\/wp\/v2\/users\/10"}],"replies":[{"embeddable":true,"href":"https:\/\/soymigrante.com\/revista\/wp-json\/wp\/v2\/comments?post=2207"}],"version-history":[{"count":0,"href":"https:\/\/soymigrante.com\/revista\/wp-json\/wp\/v2\/posts\/2207\/revisions"}],"wp:featuredmedia":[{"embeddable":true,"href":"https:\/\/soymigrante.com\/revista\/wp-json\/wp\/v2\/media\/2241"}],"wp:attachment":[{"href":"https:\/\/soymigrante.com\/revista\/wp-json\/wp\/v2\/media?parent=2207"}],"wp:term":[{"taxonomy":"category","embeddable":true,"href":"https:\/\/soymigrante.com\/revista\/wp-json\/wp\/v2\/categories?post=2207"},{"taxonomy":"post_tag","embeddable":true,"href":"https:\/\/soymigrante.com\/revista\/wp-json\/wp\/v2\/tags?post=2207"}],"curies":[{"name":"wp","href":"https:\/\/api.w.org\/{rel}","templated":true}]}}