{"id":22040,"date":"2025-02-07T05:00:00","date_gmt":"2025-02-07T11:00:00","guid":{"rendered":"https:\/\/soymigrante.com\/revista\/?p=22040"},"modified":"2025-02-06T21:54:10","modified_gmt":"2025-02-07T03:54:10","slug":"pueblos-de-atitlan-santa-cruz-la-laguna-es-un-joyero-cultural-y-natural","status":"publish","type":"post","link":"https:\/\/soymigrante.com\/revista\/pueblos-de-atitlan-santa-cruz-la-laguna-es-un-joyero-cultural-y-natural\/","title":{"rendered":"Pueblos de Atitl\u00e1n: Santa Cruz La Laguna es un joyero cultural y natural"},"content":{"rendered":"\t\t<div data-elementor-type=\"wp-post\" data-elementor-id=\"22040\" class=\"elementor elementor-22040\" data-elementor-post-type=\"post\">\n\t\t\t\t<div data-particle_enable=\"false\" data-particle-mobile-disabled=\"false\" class=\"elementor-element elementor-element-9867ef8 e-flex e-con-boxed e-con e-parent\" data-id=\"9867ef8\" data-element_type=\"container\" data-e-type=\"container\">\n\t\t\t\t\t<div class=\"e-con-inner\">\n\t\t\t\t<div class=\"elementor-element elementor-element-e286b57 elementor-widget elementor-widget-heading\" data-id=\"e286b57\" data-element_type=\"widget\" data-e-type=\"widget\" data-widget_type=\"heading.default\">\n\t\t\t\t\t<h2 class=\"elementor-heading-title elementor-size-default\">A orillas del Lago de Atitl\u00e1n, Santa Cruz La Laguna ofrece a sus visitantes una experiencia inolvidable, desde sus impresionantes vistas hasta actividades como buceo, senderismo y una conexi\u00f3n profunda con la cultura k\u2019iche\u2019.   Descubre el encanto de este tranquilo pueblo.\n<\/h2>\t\t\t\t<\/div>\n\t\t\t\t\t<\/div>\n\t\t\t\t<\/div>\n\t\t<div data-particle_enable=\"false\" data-particle-mobile-disabled=\"false\" class=\"elementor-element elementor-element-f555d99 e-flex e-con-boxed e-con e-parent\" data-id=\"f555d99\" data-element_type=\"container\" data-e-type=\"container\">\n\t\t\t\t\t<div class=\"e-con-inner\">\n\t\t\t\t<div class=\"elementor-element elementor-element-1b166a6 elementor-widget elementor-widget-text-editor\" data-id=\"1b166a6\" data-element_type=\"widget\" data-e-type=\"widget\" data-widget_type=\"text-editor.default\">\n\t\t\t\t\t\t\t\t\t<p>Con una historia que se remonta a la \u00e9poca prehisp\u00e1nica, Santa Cruz La Laguna, en el majestuoso Lago de Atitl\u00e1n, es un destino que combina herencia cultural, paisajes espectaculares y hospitalidad aut\u00e9ntica. Su ubicaci\u00f3n estrat\u00e9gica y atractivos \u00fanicos la convierten en una joya imperdible de Guatemala.<\/p>\n<p><a style=\"text-align: var(--text-align)\" href=\"https:\/\/soymigrante.com\/revista\/10-pueblos-a-la-orilla-del-lago-de-atitlan-que-debes-descubrir\/\" target=\"_blank\" rel=\"noopener\">Santa Cruz La Laguna es uno de los 12 municipios que rodean el lago de Atitl\u00e1n,<\/a>&nbsp;en el departamento de Solol\u00e1, Guatemala.&nbsp;<a href=\"https:\/\/soymigrante.com\/revista\/el-pueblo-kiche-es-heredero-y-continuador-de-la-tradicion-del-popol-vuh\/\" target=\"_blank\">Este pueblo tiene ra\u00edces en la cultura maya k\u2019iche\u2019,<\/a>&nbsp;que habit\u00f3 la regi\u00f3n mucho antes de la llegada de los colonizadores espa\u00f1oles. En el per\u00edodo prehisp\u00e1nico, la zona fue un importante asentamiento debido a su ubicaci\u00f3n estrat\u00e9gica cerca del lago y las monta\u00f1as circundantes.<\/p>\t\t\t\t\t\t\t\t<\/div>\n\t\t\t\t\t<\/div>\n\t\t\t\t<\/div>\n\t\t<div data-particle_enable=\"false\" data-particle-mobile-disabled=\"false\" class=\"elementor-element elementor-element-e91b0c2 e-flex e-con-boxed e-con e-parent\" data-id=\"e91b0c2\" data-element_type=\"container\" data-e-type=\"container\">\n\t\t\t\t\t<div class=\"e-con-inner\">\n\t\t\t\t<div class=\"elementor-element elementor-element-064e232 elementor-widget elementor-widget-image\" data-id=\"064e232\" data-element_type=\"widget\" data-e-type=\"widget\" data-widget_type=\"image.default\">\n\t\t\t\t\t\t\t\t\t\t\t\t<figure class=\"wp-caption\">\n\t\t\t\t\t\t\t\t\t\t<img fetchpriority=\"high\" decoding=\"async\" width=\"688\" height=\"359\" src=\"https:\/\/soymigrante.com\/revista\/wp-content\/uploads\/2025\/01\/santa-cruz-la-laguna.webp\" class=\"attachment-large size-large wp-image-22057\" alt=\"Caba\u00f1as en la monta\u00f1a, comunidad rural en un entorno natural, en la p\u00e1gina de SoyMigrante.com REVISTA.\" srcset=\"https:\/\/soymigrante.com\/revista\/wp-content\/uploads\/2025\/01\/santa-cruz-la-laguna.webp 688w, https:\/\/soymigrante.com\/revista\/wp-content\/uploads\/2025\/01\/santa-cruz-la-laguna-300x157.jpg 300w\" sizes=\"(max-width: 688px) 100vw, 688px\" title=\"santa cruz la laguna \u2013 SoyMigrante.com REVISTA\" \/>\t\t\t\t\t\t\t\t\t\t\t<figcaption class=\"widget-image-caption wp-caption-text\">Una vista panor\u00e1mica de una comunidad rural en las monta\u00f1as, destacando la importancia de las historias y experiencias de los migrantes en entornos naturales a trav\u00e9s de SoyMigrante.com REVISTA.<\/figcaption>\n\t\t\t\t\t\t\t\t\t\t<\/figure>\n\t\t\t\t\t\t\t\t\t<\/div>\n\t\t\t\t\t<\/div>\n\t\t\t\t<\/div>\n\t\t<div data-particle_enable=\"false\" data-particle-mobile-disabled=\"false\" class=\"elementor-element elementor-element-6962955 e-flex e-con-boxed e-con e-parent\" data-id=\"6962955\" data-element_type=\"container\" data-e-type=\"container\">\n\t\t\t\t\t<div class=\"e-con-inner\">\n\t\t\t\t<div class=\"elementor-element elementor-element-413983e elementor-widget elementor-widget-heading\" data-id=\"413983e\" data-element_type=\"widget\" data-e-type=\"widget\" data-widget_type=\"heading.default\">\n\t\t\t\t\t<h3 class=\"elementor-heading-title elementor-size-default\">Punto estrat\u00e9gico de Santa Cruz La Laguna\n<\/h3>\t\t\t\t<\/div>\n\t\t\t\t\t<\/div>\n\t\t\t\t<\/div>\n\t\t<div data-particle_enable=\"false\" data-particle-mobile-disabled=\"false\" class=\"elementor-element elementor-element-98f541e e-flex e-con-boxed e-con e-parent\" data-id=\"98f541e\" data-element_type=\"container\" data-e-type=\"container\">\n\t\t\t\t\t<div class=\"e-con-inner\">\n\t\t\t\t<div class=\"elementor-element elementor-element-5a94c5d elementor-widget elementor-widget-text-editor\" data-id=\"5a94c5d\" data-element_type=\"widget\" data-e-type=\"widget\" data-widget_type=\"text-editor.default\">\n\t\t\t\t\t\t\t\t\t<p>Durante la \u00e9poca colonial, Santa Cruz mantuvo su car\u00e1cter agr\u00edcola y cultural, con las tradiciones mayas mezcl\u00e1ndose con las influencias europeas. Hoy en d\u00eda, conserva su esencia, reflejada en sus pr\u00e1cticas agr\u00edcolas, el idioma k\u2019iche\u2019 y las festividades locales.<\/p><p>La ubicaci\u00f3n de Santa Cruz La Laguna es clave dentro\u00a0<a href=\"https:\/\/soymigrante.com\/revista\/cuevas-misticas-explora-las-aventuras-subterraneas-en-las-verapaces\/\" target=\"_blank\" rel=\"noopener\">del ecosistema del lago de Atitl\u00e1n.<\/a>\u00a0Situada en una ladera que se alza directamente desde la orilla del lago, el acceso principal al pueblo es por lancha, lo que le otorga un aire de aislamiento y tranquilidad. Este punto elevado ofrece vistas panor\u00e1micas del lago y los volcanes que lo rodean<\/p><p>El municipio se ha convertido en un referente de turismo sostenible y comunitario. Muchas iniciativas locales promueven la preservaci\u00f3n del entorno natural, adem\u00e1s de proporcionar empleo y educaci\u00f3n a sus habitantes.<\/p>\t\t\t\t\t\t\t\t<\/div>\n\t\t\t\t\t<\/div>\n\t\t\t\t<\/div>\n\t\t<div data-particle_enable=\"false\" data-particle-mobile-disabled=\"false\" class=\"elementor-element elementor-element-138b1f8 e-flex e-con-boxed e-con e-parent\" data-id=\"138b1f8\" data-element_type=\"container\" data-e-type=\"container\">\n\t\t\t\t\t<div class=\"e-con-inner\">\n\t\t\t\t<div class=\"elementor-element elementor-element-31c93b4 elementor-widget elementor-widget-video\" data-id=\"31c93b4\" data-element_type=\"widget\" data-e-type=\"widget\" data-settings=\"{&quot;youtube_url&quot;:&quot;https:\\\/\\\/www.youtube.com\\\/watch?v=f49EQWW6xyo&quot;,&quot;video_type&quot;:&quot;youtube&quot;,&quot;controls&quot;:&quot;yes&quot;}\" data-widget_type=\"video.default\">\n\t\t\t\t\t\t\t<div class=\"elementor-wrapper elementor-open-inline\">\n\t\t\t<div class=\"elementor-video\"><\/div>\t\t<\/div>\n\t\t\t\t\t\t<\/div>\n\t\t\t\t\t<\/div>\n\t\t\t\t<\/div>\n\t\t<div data-particle_enable=\"false\" data-particle-mobile-disabled=\"false\" class=\"elementor-element elementor-element-4836931 e-flex e-con-boxed e-con e-parent\" data-id=\"4836931\" data-element_type=\"container\" data-e-type=\"container\">\n\t\t\t\t\t<div class=\"e-con-inner\">\n\t\t\t\t<div class=\"elementor-element elementor-element-084d15f elementor-widget elementor-widget-heading\" data-id=\"084d15f\" data-element_type=\"widget\" data-e-type=\"widget\" data-widget_type=\"heading.default\">\n\t\t\t\t\t<h3 class=\"elementor-heading-title elementor-size-default\">Atractivos tur\u00edsticos de Santa Cruz La Laguna\n<\/h3>\t\t\t\t<\/div>\n\t\t\t\t\t<\/div>\n\t\t\t\t<\/div>\n\t\t<div data-particle_enable=\"false\" data-particle-mobile-disabled=\"false\" class=\"elementor-element elementor-element-e92ae83 e-flex e-con-boxed e-con e-parent\" data-id=\"e92ae83\" data-element_type=\"container\" data-e-type=\"container\">\n\t\t\t\t\t<div class=\"e-con-inner\">\n\t\t\t\t<div class=\"elementor-element elementor-element-7c3a234 elementor-widget elementor-widget-text-editor\" data-id=\"7c3a234\" data-element_type=\"widget\" data-e-type=\"widget\" data-widget_type=\"text-editor.default\">\n\t\t\t\t\t\t\t\t\t<ul><li>Santa Cruz La Laguna destaca por su serenidad y actividades enfocadas en la naturaleza y la cultura:<\/li><li>Buceo en el Lago de Atitl\u00e1n: Santa Cruz es un punto destacado para el buceo, gracias a sus aguas cristalinas y\u00a0<a href=\"https:\/\/soymigrante.com\/revista\/cuando-es-el-ano-nuevo-del-calendario-maya-lunar-cholqij\/\" target=\"_blank\" rel=\"noopener\">la presencia de estructuras mayas<\/a>\u00a0sumergidas debido al cambio en los niveles del lago.<\/li><li>Senderismo y vistas panor\u00e1micas: Los alrededores del pueblo ofrecen m\u00faltiples rutas para practicar senderismo. Una de las m\u00e1s populares es el ascenso al mirador local, que regala vistas inolvidables del lago y los volcanes.<\/li><li>Cultura viva: El pueblo es un excelente lugar para aprender sobre las tradiciones mayas, desde la elaboraci\u00f3n de textiles hasta<a href=\"https:\/\/soymigrante.com\/revista\/atol-de-haba-es-una-bebida-tradicional-que-reconforta-el-alma-chapina\/\" target=\"_blank\" rel=\"noopener\"> la gastronom\u00eda t\u00edpica.<\/a><\/li><li>Hospitalidad y alojamiento: Santa Cruz cuenta con ecohoteles y hostales que destacan por su compromiso con la sostenibilidad. Lugares como el hotel La Iguana Perdida son populares entre mochileros y turistas que buscan experiencias aut\u00e9nticas.<\/li><\/ul>\t\t\t\t\t\t\t\t<\/div>\n\t\t\t\t\t<\/div>\n\t\t\t\t<\/div>\n\t\t<div data-particle_enable=\"false\" data-particle-mobile-disabled=\"false\" class=\"elementor-element elementor-element-af8522d e-flex e-con-boxed e-con e-parent\" data-id=\"af8522d\" data-element_type=\"container\" data-e-type=\"container\">\n\t\t\t\t\t<div class=\"e-con-inner\">\n\t\t\t\t<div class=\"elementor-element elementor-element-83734fb elementor-widget elementor-widget-video\" data-id=\"83734fb\" data-element_type=\"widget\" data-e-type=\"widget\" data-settings=\"{&quot;youtube_url&quot;:&quot;https:\\\/\\\/www.youtube.com\\\/watch?v=JXGUzMSUXu4&quot;,&quot;video_type&quot;:&quot;youtube&quot;,&quot;controls&quot;:&quot;yes&quot;}\" data-widget_type=\"video.default\">\n\t\t\t\t\t\t\t<div class=\"elementor-wrapper elementor-open-inline\">\n\t\t\t<div class=\"elementor-video\"><\/div>\t\t<\/div>\n\t\t\t\t\t\t<\/div>\n\t\t\t\t\t<\/div>\n\t\t\t\t<\/div>\n\t\t<div data-particle_enable=\"false\" data-particle-mobile-disabled=\"false\" class=\"elementor-element elementor-element-4ff5aa9 e-flex e-con-boxed e-con e-parent\" data-id=\"4ff5aa9\" data-element_type=\"container\" data-e-type=\"container\">\n\t\t\t\t\t<div class=\"e-con-inner\">\n\t\t\t\t<div class=\"elementor-element elementor-element-8af6e43 elementor-widget elementor-widget-heading\" data-id=\"8af6e43\" data-element_type=\"widget\" data-e-type=\"widget\" data-widget_type=\"heading.default\">\n\t\t\t\t\t<h2 class=\"elementor-heading-title elementor-size-default\">M\u00e1s sobre Solol\u00e1, desc\u00fabrela<\/h2>\t\t\t\t<\/div>\n\t\t\t\t\t<\/div>\n\t\t\t\t<\/div>\n\t\t<div data-particle_enable=\"false\" data-particle-mobile-disabled=\"false\" class=\"elementor-element elementor-element-22aac3e e-flex e-con-boxed e-con e-parent\" data-id=\"22aac3e\" data-element_type=\"container\" data-e-type=\"container\">\n\t\t\t\t\t<div class=\"e-con-inner\">\n\t\t\t\t<div class=\"elementor-element elementor-element-709f9c1 elementor-grid-eael-col-3 elementor-grid-tablet-eael-col-2 elementor-grid-mobile-eael-col-1 elementor-widget elementor-widget-eael-post-grid\" data-id=\"709f9c1\" data-element_type=\"widget\" data-e-type=\"widget\" data-settings=\"{&quot;eael_post_grid_columns&quot;:&quot;eael-col-3&quot;,&quot;eael_post_grid_columns_tablet&quot;:&quot;eael-col-2&quot;,&quot;eael_post_grid_columns_mobile&quot;:&quot;eael-col-1&quot;}\" data-widget_type=\"eael-post-grid.default\">\n\t\t\t\t\t<div id=\"eael-post-grid-709f9c1\" class=\"eael-post-grid-container\">\n            <div class=\"eael-post-grid eael-post-appender eael-post-appender-709f9c1 eael-post-grid-style-one\" data-layout-mode=\"masonry\"><article class=\"eael-grid-post  eael-post-grid-column eael-pg-post-9129 category-pueblos-de-guatemala\" data-id=\"9129\">\n        <div class=\"eael-grid-post-holder\">\n            <div class=\"eael-grid-post-holder-inner\"><div class=\"eael-entry-media\"><div class=\"eael-entry-overlay fade-in\"><i class=\"far fa-hand-pointer\" aria-hidden=\"true\"><\/i><a href=\"https:\/\/soymigrante.com\/revista\/pueblo-tzutujil-se-cobija-en-el-lago-atitlan-hace-mas-de-7-siglos\/\"><\/a><\/div><div class=\"eael-entry-thumbnail \">\n                <img decoding=\"async\" width=\"1024\" height=\"1024\" src=\"https:\/\/soymigrante.com\/revista\/wp-content\/uploads\/2024\/09\/tzutujil-2-1-1024x1024.webp\" class=\"attachment-large size-large wp-image-9521\" alt=\"Gente ind\u00edgena con trajes tradicionales y paisaje monta\u00f1oso al fondo, reflejando cultura y tradici\u00f3n en M\u00e9xico.\" srcset=\"https:\/\/soymigrante.com\/revista\/wp-content\/uploads\/2024\/09\/tzutujil-2-1-1024x1024.webp 1024w, https:\/\/soymigrante.com\/revista\/wp-content\/uploads\/2024\/09\/tzutujil-2-1-300x300.webp 300w, https:\/\/soymigrante.com\/revista\/wp-content\/uploads\/2024\/09\/tzutujil-2-1-150x150.webp 150w, https:\/\/soymigrante.com\/revista\/wp-content\/uploads\/2024\/09\/tzutujil-2-1-768x768.webp 768w, https:\/\/soymigrante.com\/revista\/wp-content\/uploads\/2024\/09\/tzutujil-2-1-75x75.webp 75w, https:\/\/soymigrante.com\/revista\/wp-content\/uploads\/2024\/09\/tzutujil-2-1-750x750.webp 750w, https:\/\/soymigrante.com\/revista\/wp-content\/uploads\/2024\/09\/tzutujil-2-1.webp 1066w\" sizes=\"(max-width: 1024px) 100vw, 1024px\" \/>\n            <\/div>\n        <\/div><div class=\"eael-entry-wrapper\"><header class=\"eael-entry-header\"><h2 class=\"eael-entry-title\"><a class=\"eael-grid-post-link\" href=\"https:\/\/soymigrante.com\/revista\/pueblo-tzutujil-se-cobija-en-el-lago-atitlan-hace-mas-de-7-siglos\/\" title=\"Pueblo Tz&#8217;utujil lleva m\u00e1s de 700 a\u00f1os en las riberas del  lago de Atitl\u00e1n\">Pueblo Tz&#8217;utujil lleva m\u00e1s de 700 a\u00f1os en las riberas del  lago de Atitl\u00e1n<\/a><\/h2><\/header><div class=\"eael-entry-content\">\n                        <div class=\"eael-grid-post-excerpt\"><a href=\"https:\/\/soymigrante.com\/revista\/pueblo-tzutujil-se-cobija-en-el-lago-atitlan-hace-mas-de-7-siglos\/\" class=\"eael-post-elements-readmore-btn\">CONOCE SU HISTORIA <\/a><\/div>\n                    <\/div><\/div><\/div>\n        <\/div>\n    <\/article><article class=\"eael-grid-post  eael-post-grid-column eael-pg-post-8947 category-exitos\" data-id=\"8947\">\n        <div class=\"eael-grid-post-holder\">\n            <div class=\"eael-grid-post-holder-inner\"><div class=\"eael-entry-media\"><div class=\"eael-entry-overlay fade-in\"><i class=\"far fa-hand-pointer\" aria-hidden=\"true\"><\/i><a href=\"https:\/\/soymigrante.com\/revista\/la-empresaria-francesca-kennedy-y-su-conexion-inquebrantable-con-atitlan\/\"><\/a><\/div><div class=\"eael-entry-thumbnail \">\n                <img decoding=\"async\" width=\"1024\" height=\"1024\" src=\"https:\/\/soymigrante.com\/revista\/wp-content\/uploads\/2024\/09\/ayuda-francesca-kennedy-soy-migrante-atitlan2-1-1024x1024.webp\" class=\"attachment-large size-large wp-image-8964\" alt=\"Ni\u00f1os y una mujer sonrientes en un entorno natural, promoviendo la visi\u00f3n de comunidad y bienestar en migrantes y sus familias en la revista SoyMigrante.com REVISTA.\" srcset=\"https:\/\/soymigrante.com\/revista\/wp-content\/uploads\/2024\/09\/ayuda-francesca-kennedy-soy-migrante-atitlan2-1-1024x1024.webp 1024w, https:\/\/soymigrante.com\/revista\/wp-content\/uploads\/2024\/09\/ayuda-francesca-kennedy-soy-migrante-atitlan2-1-300x300.webp 300w, https:\/\/soymigrante.com\/revista\/wp-content\/uploads\/2024\/09\/ayuda-francesca-kennedy-soy-migrante-atitlan2-1-150x150.webp 150w, https:\/\/soymigrante.com\/revista\/wp-content\/uploads\/2024\/09\/ayuda-francesca-kennedy-soy-migrante-atitlan2-1-768x768.webp 768w, https:\/\/soymigrante.com\/revista\/wp-content\/uploads\/2024\/09\/ayuda-francesca-kennedy-soy-migrante-atitlan2-1-75x75.webp 75w, https:\/\/soymigrante.com\/revista\/wp-content\/uploads\/2024\/09\/ayuda-francesca-kennedy-soy-migrante-atitlan2-1-750x750.webp 750w, https:\/\/soymigrante.com\/revista\/wp-content\/uploads\/2024\/09\/ayuda-francesca-kennedy-soy-migrante-atitlan2-1-1140x1140.jpeg 1140w, https:\/\/soymigrante.com\/revista\/wp-content\/uploads\/2024\/09\/ayuda-francesca-kennedy-soy-migrante-atitlan2-1.webp 1536w\" sizes=\"(max-width: 1024px) 100vw, 1024px\" \/>\n            <\/div>\n        <\/div><div class=\"eael-entry-wrapper\"><header class=\"eael-entry-header\"><h2 class=\"eael-entry-title\"><a class=\"eael-grid-post-link\" href=\"https:\/\/soymigrante.com\/revista\/la-empresaria-francesca-kennedy-y-su-conexion-inquebrantable-con-atitlan\/\" title=\"La empresaria Francesca Kennedy y su conexi\u00f3n inquebrantable con Atitl\u00e1n\">La empresaria Francesca Kennedy y su conexi\u00f3n inquebrantable con Atitl\u00e1n<\/a><\/h2><\/header><div class=\"eael-entry-content\">\n                        <div class=\"eael-grid-post-excerpt\"><a href=\"https:\/\/soymigrante.com\/revista\/la-empresaria-francesca-kennedy-y-su-conexion-inquebrantable-con-atitlan\/\" class=\"eael-post-elements-readmore-btn\">CONOCE SU HISTORIA <\/a><\/div>\n                    <\/div><\/div><\/div>\n        <\/div>\n    <\/article><article class=\"eael-grid-post  eael-post-grid-column eael-pg-post-6903 category-estamos-unidos\" data-id=\"6903\">\n        <div class=\"eael-grid-post-holder\">\n            <div class=\"eael-grid-post-holder-inner\"><div class=\"eael-entry-media\"><div class=\"eael-entry-overlay fade-in\"><i class=\"far fa-hand-pointer\" aria-hidden=\"true\"><\/i><a href=\"https:\/\/soymigrante.com\/revista\/textiles-mayas-a-favor-de-la-educacion-asi-vuela-quetzal-project\/\"><\/a><\/div><div class=\"eael-entry-thumbnail \">\n                <img loading=\"lazy\" decoding=\"async\" width=\"1024\" height=\"1024\" src=\"https:\/\/soymigrante.com\/revista\/wp-content\/uploads\/2024\/06\/45290550_347702532460758_7409872050883395584_n-1024x1024.webp\" class=\"attachment-large size-large wp-image-6916\" alt=\"Colorida ilustraci\u00f3n de un colibr\u00ed con fondo verde y un c\u00edrculo anaranjado, representando la diversidad y cultura en la revista SoyMigrante.com REVISTA.\" srcset=\"https:\/\/soymigrante.com\/revista\/wp-content\/uploads\/2024\/06\/45290550_347702532460758_7409872050883395584_n-1024x1024.webp 1024w, https:\/\/soymigrante.com\/revista\/wp-content\/uploads\/2024\/06\/45290550_347702532460758_7409872050883395584_n-300x300.webp 300w, https:\/\/soymigrante.com\/revista\/wp-content\/uploads\/2024\/06\/45290550_347702532460758_7409872050883395584_n-150x150.webp 150w, https:\/\/soymigrante.com\/revista\/wp-content\/uploads\/2024\/06\/45290550_347702532460758_7409872050883395584_n-768x768.webp 768w, https:\/\/soymigrante.com\/revista\/wp-content\/uploads\/2024\/06\/45290550_347702532460758_7409872050883395584_n-75x75.webp 75w, https:\/\/soymigrante.com\/revista\/wp-content\/uploads\/2024\/06\/45290550_347702532460758_7409872050883395584_n-750x750.webp 750w, https:\/\/soymigrante.com\/revista\/wp-content\/uploads\/2024\/06\/45290550_347702532460758_7409872050883395584_n-1140x1140.webp 1140w, https:\/\/soymigrante.com\/revista\/wp-content\/uploads\/2024\/06\/45290550_347702532460758_7409872050883395584_n.webp 1526w\" sizes=\"(max-width: 1024px) 100vw, 1024px\" \/>\n            <\/div>\n        <\/div><div class=\"eael-entry-wrapper\"><header class=\"eael-entry-header\"><h2 class=\"eael-entry-title\"><a class=\"eael-grid-post-link\" href=\"https:\/\/soymigrante.com\/revista\/textiles-mayas-a-favor-de-la-educacion-asi-vuela-quetzal-project\/\" title=\"Textiles mayas por la educaci\u00f3n:  Project Quetzal vuela en Solol\u00e1\">Textiles mayas por la educaci\u00f3n:  Project Quetzal vuela en Solol\u00e1<\/a><\/h2><\/header><div class=\"eael-entry-content\">\n                        <div class=\"eael-grid-post-excerpt\"><a href=\"https:\/\/soymigrante.com\/revista\/textiles-mayas-a-favor-de-la-educacion-asi-vuela-quetzal-project\/\" class=\"eael-post-elements-readmore-btn\">CONOCE SU HISTORIA <\/a><\/div>\n                    <\/div><\/div><\/div>\n        <\/div>\n    <\/article><\/div>\n            <div class=\"clearfix\"><\/div>\n        <\/div>\t\t\t\t<\/div>\n\t\t\t\t\t<\/div>\n\t\t\t\t<\/div>\n\t\t\t\t<\/div>\n\t\t","protected":false},"excerpt":{"rendered":"<p>A orillas del Lago de Atitl\u00e1n, Santa Cruz La Laguna ofrece a sus visitantes una experiencia inolvidable, desde sus impresionantes vistas hasta actividades como buceo, senderismo y una conexi\u00f3n profunda con la cultura k\u2019iche\u2019. Descubre el encanto de este tranquilo pueblo. Con una historia que se remonta a la \u00e9poca prehisp\u00e1nica, Santa Cruz La Laguna, [&hellip;]<\/p>\n","protected":false},"author":23,"featured_media":22063,"comment_status":"open","ping_status":"open","sticky":false,"template":"","format":"standard","meta":{"_acf_changed":false,"_eb_attr":"","footnotes":""},"categories":[58],"tags":[],"class_list":["post-22040","post","type-post","status-publish","format-standard","has-post-thumbnail","hentry","category-guate-nuestra"],"acf":[],"aioseo_notices":[],"aioseo_head":"\n\t\t<!-- All in One SEO Pro 4.9.6.2 - aioseo.com -->\n\t<meta name=\"description\" content=\"Brindar acceso a educaci\u00f3n preprimaria a ni\u00f1os del \u00e1rea del Lago de Atitl\u00e1n dio inicio a Quetzal Project, iniciativa de dos voluntarios de EE,UU.\" \/>\n\t<meta name=\"robots\" content=\"max-snippet:-1, max-image-preview:large, max-video-preview:-1\" \/>\n\t<meta name=\"author\" content=\"Marysabel Aldana\"\/>\n\t<link rel=\"canonical\" href=\"https:\/\/soymigrante.com\/revista\/textiles-mayas-a-favor-de-la-educacion-asi-vuela-quetzal-project\/\" \/>\n\t<meta name=\"generator\" content=\"All in One SEO Pro (AIOSEO) 4.9.6.2\" \/>\n\n\t\t<link rel=\"preconnect\" href=\"https:\/\/fonts.googleapis.com\" crossorigin>\n<link rel=\"preconnect\" href=\"https:\/\/fonts.gstatic.com\" crossorigin>\n\t\t<meta property=\"og:locale\" content=\"es_ES\" \/>\n\t\t<meta property=\"og:site_name\" content=\"SoyMigrante.com REVISTA \u2013 Nuestra misi\u00f3n es reconocer y dignificar al migrante.\" \/>\n\t\t<meta property=\"og:type\" content=\"article\" \/>\n\t\t<meta property=\"og:title\" content=\"Textiles mayas por la educaci\u00f3n: el sue\u00f1o de Quetzal Project\" \/>\n\t\t<meta property=\"og:description\" content=\"Brindar acceso a educaci\u00f3n preprimaria a ni\u00f1os del \u00e1rea del Lago de Atitl\u00e1n dio inicio a Quetzal Project, iniciativa de dos voluntarios de EE,UU.\" \/>\n\t\t<meta property=\"og:url\" content=\"https:\/\/soymigrante.com\/revista\/textiles-mayas-a-favor-de-la-educacion-asi-vuela-quetzal-project\/\" \/>\n\t\t<meta property=\"og:image\" content=\"https:\/\/soymigrante.com\/revista\/wp-content\/uploads\/2024\/06\/45290550_347702532460758_7409872050883395584_n.webp\" \/>\n\t\t<meta property=\"og:image:secure_url\" content=\"https:\/\/soymigrante.com\/revista\/wp-content\/uploads\/2024\/06\/45290550_347702532460758_7409872050883395584_n.webp\" \/>\n\t\t<meta property=\"og:image:width\" content=\"1526\" \/>\n\t\t<meta property=\"og:image:height\" content=\"1526\" \/>\n\t\t<meta property=\"article:published_time\" content=\"2024-06-10T22:41:42+00:00\" \/>\n\t\t<meta property=\"article:modified_time\" content=\"2024-07-27T07:45:06+00:00\" \/>\n\t\t<meta property=\"article:publisher\" content=\"https:\/\/www.facebook.com\/soymigrantecom\" \/>\n\t\t<meta name=\"twitter:card\" content=\"summary_large_image\" \/>\n\t\t<meta name=\"twitter:site\" content=\"@SoyMigrante_com\" \/>\n\t\t<meta name=\"twitter:title\" content=\"Textiles mayas por la educaci\u00f3n: el sue\u00f1o de Quetzal Project\" \/>\n\t\t<meta name=\"twitter:description\" content=\"Brindar acceso a educaci\u00f3n preprimaria a ni\u00f1os del \u00e1rea del Lago de Atitl\u00e1n dio inicio a Quetzal Project, iniciativa de dos voluntarios de EE,UU.\" \/>\n\t\t<meta name=\"twitter:creator\" content=\"@SoyMigrante_com\" \/>\n\t\t<meta name=\"twitter:image\" content=\"https:\/\/soymigrante.com\/revista\/wp-content\/uploads\/2024\/06\/45290550_347702532460758_7409872050883395584_n.webp\" \/>\n\t\t<!-- All in One SEO Pro -->\r\n\t\t<title>Textiles mayas por la educaci\u00f3n: el sue\u00f1o de Quetzal Project<\/title>\n\n","aioseo_head_json":{"title":"Textiles mayas por la educaci\u00f3n: el sue\u00f1o de Quetzal Project","description":"Brindar acceso a educaci\u00f3n preprimaria a ni\u00f1os del \u00e1rea del Lago de Atitl\u00e1n dio inicio a Quetzal Project, iniciativa de dos voluntarios de EE,UU.","canonical_url":"https:\/\/soymigrante.com\/revista\/textiles-mayas-a-favor-de-la-educacion-asi-vuela-quetzal-project\/","robots":"max-snippet:-1, max-image-preview:large, max-video-preview:-1","keywords":"","webmasterTools":{"miscellaneous":"&lt;link rel=\"preconnect\" href=\"https:\/\/fonts.googleapis.com\" crossorigin&gt;\n&lt;link rel=\"preconnect\" href=\"https:\/\/fonts.gstatic.com\" crossorigin&gt;"},"schema":null,"og:locale":"es_ES","og:site_name":"SoyMigrante.com REVISTA \u2013 Nuestra misi\u00f3n es reconocer y dignificar al migrante.","og:type":"article","og:title":"Textiles mayas por la educaci\u00f3n: el sue\u00f1o de Quetzal Project","og:description":"Brindar acceso a educaci\u00f3n preprimaria a ni\u00f1os del \u00e1rea del Lago de Atitl\u00e1n dio inicio a Quetzal Project, iniciativa de dos voluntarios de EE,UU.","og:url":"https:\/\/soymigrante.com\/revista\/textiles-mayas-a-favor-de-la-educacion-asi-vuela-quetzal-project\/","og:image":"https:\/\/soymigrante.com\/revista\/wp-content\/uploads\/2024\/06\/45290550_347702532460758_7409872050883395584_n.webp","og:image:secure_url":"https:\/\/soymigrante.com\/revista\/wp-content\/uploads\/2024\/06\/45290550_347702532460758_7409872050883395584_n.webp","og:image:width":1526,"og:image:height":1526,"article:published_time":"2024-06-10T22:41:42+00:00","article:modified_time":"2024-07-27T07:45:06+00:00","article:publisher":"https:\/\/www.facebook.com\/soymigrantecom","twitter:card":"summary_large_image","twitter:site":"@SoyMigrante_com","twitter:title":"Textiles mayas por la educaci\u00f3n: el sue\u00f1o de Quetzal Project","twitter:description":"Brindar acceso a educaci\u00f3n preprimaria a ni\u00f1os del \u00e1rea del Lago de Atitl\u00e1n dio inicio a Quetzal Project, iniciativa de dos voluntarios de EE,UU.","twitter:creator":"@SoyMigrante_com","twitter:image":"https:\/\/soymigrante.com\/revista\/wp-content\/uploads\/2024\/06\/45290550_347702532460758_7409872050883395584_n.webp"},"aioseo_meta_data":{"post_id":"22040","title":"Pueblos de Atitl\u00e1n: Santa Cruz La Laguna, belleza cultural","description":"Con una historia que se remonta a la \u00e9poca prehisp\u00e1nica, Santa Cruz La Laguna, en el majestuoso Lago de Atitl\u00e1n, es un destino que combina herencia cultural.","keywords":null,"keyphrases":{"focus":{"keyphrase":"Atitl\u00e1n","score":100,"analysis":{"keyphraseInTitle":{"score":9,"maxScore":9,"error":0},"keyphraseInDescription":{"score":9,"maxScore":9,"error":0},"keyphraseLength":{"score":9,"maxScore":9,"error":0,"length":2},"keyphraseInURL":{"score":5,"maxScore":5,"error":0},"keyphraseInIntroduction":{"score":9,"maxScore":9,"error":0},"keyphraseInSubHeadings":{"score":9,"maxScore":9,"error":0},"keyphraseInImageAlt":{"score":9,"maxScore":9,"error":0},"keywordDensity":{"type":"best","score":9,"maxScore":9,"error":0}}},"additional":[{"keyphrase":"Santa Cruz La Laguna","score":87,"analysis":{"keyphraseInDescription":{"score":9,"maxScore":9,"error":0},"keyphraseLength":{"score":9,"maxScore":9,"error":0,"length":4},"keyphraseInIntroduction":{"score":9,"maxScore":9,"error":0},"keyphraseInImageAlt":{"score":3,"maxScore":9,"error":1},"keywordDensity":{"type":"best","score":9,"maxScore":9,"error":0}}},{"keyphrase":"pueblos de solol\u00e1","score":40,"analysis":{"keyphraseInDescription":{"score":3,"maxScore":9,"error":1},"keyphraseLength":{"score":9,"maxScore":9,"error":0,"length":3},"keyphraseInIntroduction":{"score":3,"maxScore":9,"error":1},"keyphraseInImageAlt":{"score":3,"maxScore":9,"error":1},"keywordDensity":{"score":0,"type":"low","maxScore":9,"error":1}}},{"keyphrase":"Solol\u00e1","score":60,"analysis":{"keyphraseInDescription":{"score":3,"maxScore":9,"error":1},"keyphraseLength":{"score":9,"maxScore":9,"error":0,"length":1},"keyphraseInIntroduction":{"score":3,"maxScore":9,"error":1},"keyphraseInImageAlt":{"score":3,"maxScore":9,"error":1},"keywordDensity":{"type":"best","score":9,"maxScore":9,"error":0}}}]},"primary_term":null,"canonical_url":null,"og_title":null,"og_description":null,"og_object_type":"default","og_image_type":"default","og_image_url":null,"og_image_width":null,"og_image_height":null,"og_image_custom_url":null,"og_image_custom_fields":null,"og_video":"","og_custom_url":null,"og_article_section":null,"og_article_tags":null,"twitter_use_og":false,"twitter_card":"default","twitter_image_type":"default","twitter_image_url":null,"twitter_image_custom_url":null,"twitter_image_custom_fields":null,"twitter_title":null,"twitter_description":null,"schema":{"blockGraphs":[],"customGraphs":[],"default":{"data":{"Article":[],"Course":[],"Dataset":[],"FAQPage":[],"Movie":[],"Person":[],"Product":[],"ProductReview":[],"Car":[],"Recipe":[],"Service":[],"SoftwareApplication":[],"WebPage":[]},"graphName":"BlogPosting","isEnabled":true},"graphs":[]},"schema_type":"default","schema_type_options":null,"pillar_content":false,"robots_default":true,"robots_noindex":false,"robots_noarchive":false,"robots_nosnippet":false,"robots_nofollow":false,"robots_noimageindex":false,"robots_noodp":false,"robots_notranslate":false,"robots_max_snippet":"-1","robots_max_videopreview":"-1","robots_max_imagepreview":"large","priority":null,"frequency":"default","local_seo":null,"seo_analyzer_scan_date":"2025-10-09 02:29:55","breadcrumb_settings":null,"limit_modified_date":false,"reviewed_by":null,"open_ai":"{\"title\":{\"suggestions\":[],\"usage\":0},\"description\":{\"suggestions\":[],\"usage\":0}}","ai":null,"created":"2025-01-22 04:31:22","updated":"2026-02-04 21:09:29"},"aioseo_breadcrumb":"<div class=\"aioseo-breadcrumbs\"><span class=\"aioseo-breadcrumb\">\n\t<a href=\"https:\/\/soymigrante.com\/revista\" title=\"Home\">Home<\/a>\n<\/span><span class=\"aioseo-breadcrumb-separator\">\u00bb<\/span><span class=\"aioseo-breadcrumb\">\n\t<a href=\"https:\/\/soymigrante.com\/revista\/category\/guate-nuestra\/\" title=\"Guate Nuestra\">Guate Nuestra<\/a>\n<\/span><span class=\"aioseo-breadcrumb-separator\">\u00bb<\/span><span class=\"aioseo-breadcrumb\">\n\tPueblos de Atitl\u00e1n: Santa Cruz La Laguna es un joyero cultural y natural\n<\/span><\/div>","aioseo_breadcrumb_json":[{"label":"Home","link":"https:\/\/soymigrante.com\/revista"},{"label":"Guate Nuestra","link":"https:\/\/soymigrante.com\/revista\/category\/guate-nuestra\/"},{"label":"Pueblos de Atitl\u00e1n: Santa Cruz La Laguna es un joyero cultural y natural","link":"https:\/\/soymigrante.com\/revista\/pueblos-de-atitlan-santa-cruz-la-laguna-es-un-joyero-cultural-y-natural\/"}],"_links":{"self":[{"href":"https:\/\/soymigrante.com\/revista\/wp-json\/wp\/v2\/posts\/22040","targetHints":{"allow":["GET"]}}],"collection":[{"href":"https:\/\/soymigrante.com\/revista\/wp-json\/wp\/v2\/posts"}],"about":[{"href":"https:\/\/soymigrante.com\/revista\/wp-json\/wp\/v2\/types\/post"}],"author":[{"embeddable":true,"href":"https:\/\/soymigrante.com\/revista\/wp-json\/wp\/v2\/users\/23"}],"replies":[{"embeddable":true,"href":"https:\/\/soymigrante.com\/revista\/wp-json\/wp\/v2\/comments?post=22040"}],"version-history":[{"count":0,"href":"https:\/\/soymigrante.com\/revista\/wp-json\/wp\/v2\/posts\/22040\/revisions"}],"wp:featuredmedia":[{"embeddable":true,"href":"https:\/\/soymigrante.com\/revista\/wp-json\/wp\/v2\/media\/22063"}],"wp:attachment":[{"href":"https:\/\/soymigrante.com\/revista\/wp-json\/wp\/v2\/media?parent=22040"}],"wp:term":[{"taxonomy":"category","embeddable":true,"href":"https:\/\/soymigrante.com\/revista\/wp-json\/wp\/v2\/categories?post=22040"},{"taxonomy":"post_tag","embeddable":true,"href":"https:\/\/soymigrante.com\/revista\/wp-json\/wp\/v2\/tags?post=22040"}],"curies":[{"name":"wp","href":"https:\/\/api.w.org\/{rel}","templated":true}]}}