{"id":21994,"date":"2025-02-04T16:27:06","date_gmt":"2025-02-04T22:27:06","guid":{"rendered":"https:\/\/soymigrante.com\/revista\/?p=21994"},"modified":"2025-06-12T08:26:31","modified_gmt":"2025-06-12T14:26:31","slug":"ruta-volcanica-el-acatenango-historia-rutas-de-ascenso-y-consejos-esenciales","status":"publish","type":"post","link":"https:\/\/soymigrante.com\/revista\/ruta-volcanica-el-acatenango-historia-rutas-de-ascenso-y-consejos-esenciales\/","title":{"rendered":"Ruta volc\u00e1nica: El Acatenango, historia, rutas de ascenso y consejos esenciales"},"content":{"rendered":"\t\t<div data-elementor-type=\"wp-post\" data-elementor-id=\"21994\" class=\"elementor elementor-21994\" data-elementor-post-type=\"post\">\n\t\t\t\t<div data-particle_enable=\"false\" data-particle-mobile-disabled=\"false\" class=\"elementor-element elementor-element-a2399e7 e-flex e-con-boxed e-con e-parent\" data-id=\"a2399e7\" data-element_type=\"container\" data-e-type=\"container\">\n\t\t\t\t\t<div class=\"e-con-inner\">\n\t\t\t\t<div class=\"elementor-element elementor-element-a9e2e2e elementor-widget elementor-widget-heading\" data-id=\"a9e2e2e\" data-element_type=\"widget\" data-e-type=\"widget\" data-widget_type=\"heading.default\">\n\t\t\t\t\t<h2 class=\"elementor-heading-title elementor-size-default\">El ascenso al Volc\u00e1n de Acatenango no solo es una experiencia desafiante, sino tambi\u00e9n una oportunidad para sumergirse en paisajes \u00fanicos y en la historia natural de Guatemala.  \n<\/h2>\t\t\t\t<\/div>\n\t\t\t\t\t<\/div>\n\t\t\t\t<\/div>\n\t\t<div data-particle_enable=\"false\" data-particle-mobile-disabled=\"false\" class=\"elementor-element elementor-element-a1267e6 e-flex e-con-boxed e-con e-parent\" data-id=\"a1267e6\" data-element_type=\"container\" data-e-type=\"container\">\n\t\t\t\t\t<div class=\"e-con-inner\">\n\t\t\t\t<div class=\"elementor-element elementor-element-7dc943c elementor-widget elementor-widget-text-editor\" data-id=\"7dc943c\" data-element_type=\"widget\" data-e-type=\"widget\" data-widget_type=\"text-editor.default\">\n\t\t\t\t\t\t\t\t\t<p>Con m\u00e1s de 3,976 metros de altitud, el Volc\u00e1n de Acatenango es uno de los destinos m\u00e1s fascinantes de Guatemala. Su historia geol\u00f3gica, rutas de ascenso y vistas impresionantes&nbsp;<a href=\"https:\/\/soymigrante.com\/revista\/cuevas-misticas-explora-las-aventuras-subterraneas-en-las-verapaces\/\" target=\"_blank\" rel=\"noopener\">atraen a aventureros de todo el mundo,<\/a>&nbsp;ansiosos por presenciar la majestuosidad del volc\u00e1n de Fuego desde sus alturas. Entre ellos figuran incluso <a href=\"https:\/\/soymigrante.com\/revista\/migrante-guatemalteco-antonio-marcos-relata-su-aventura-en-los-volcanes-acatenango-y-de-fuego\/\">migrantes guatemaltecos que vuelven en vacaciones a su patria.<\/a><\/p>\n<p>El volc\u00e1n de Acatenango es parte del complejo volc\u00e1nico de Guatemala, situado en el altiplano central y vecino del volc\u00e1n de Fuego. A continuaci\u00f3n te invitamos a sumergirte en esta experiencia.<\/p>\t\t\t\t\t\t\t\t<\/div>\n\t\t\t\t\t<\/div>\n\t\t\t\t<\/div>\n\t\t<div data-particle_enable=\"false\" data-particle-mobile-disabled=\"false\" class=\"elementor-element elementor-element-9e40a41 e-flex e-con-boxed e-con e-parent\" data-id=\"9e40a41\" data-element_type=\"container\" data-e-type=\"container\">\n\t\t\t\t\t<div class=\"e-con-inner\">\n\t\t\t\t<div class=\"elementor-element elementor-element-23df211 elementor-widget elementor-widget-image\" data-id=\"23df211\" data-element_type=\"widget\" data-e-type=\"widget\" data-widget_type=\"image.default\">\n\t\t\t\t\t\t\t\t\t\t\t\t<figure class=\"wp-caption\">\n\t\t\t\t\t\t\t\t\t\t<img fetchpriority=\"high\" decoding=\"async\" width=\"768\" height=\"675\" src=\"https:\/\/soymigrante.com\/revista\/wp-content\/uploads\/2025\/01\/Acatenango-abel.webp\" class=\"attachment-large size-large wp-image-22020\" alt=\"Volc\u00e1n con sol naciente entre nubes al atardecer en una escena inspiradora de naturaleza en Guatemala.\" srcset=\"https:\/\/soymigrante.com\/revista\/wp-content\/uploads\/2025\/01\/Acatenango-abel.webp 1012w, https:\/\/soymigrante.com\/revista\/wp-content\/uploads\/2025\/01\/Acatenango-abel-300x264.jpg 300w, https:\/\/soymigrante.com\/revista\/wp-content\/uploads\/2025\/01\/Acatenango-abel-768x675.jpg 768w, https:\/\/soymigrante.com\/revista\/wp-content\/uploads\/2025\/01\/Acatenango-abel-750x660.webp 750w\" sizes=\"(max-width: 768px) 100vw, 768px\" title=\"Acatenango abel \u2013 SoyMigrante.com REVISTA\" \/>\t\t\t\t\t\t\t\t\t\t\t<figcaption class=\"widget-image-caption wp-caption-text\">Paisaje de volc\u00e1n activo con sol naciente en la cima, rodeado de nubes, en un amanecer impresionante en Guatemala, representando belleza natural y simbolizando esperanza y nuevos comienzos.<\/figcaption>\n\t\t\t\t\t\t\t\t\t\t<\/figure>\n\t\t\t\t\t\t\t\t\t<\/div>\n\t\t\t\t\t<\/div>\n\t\t\t\t<\/div>\n\t\t<div data-particle_enable=\"false\" data-particle-mobile-disabled=\"false\" class=\"elementor-element elementor-element-9d5cac8 e-flex e-con-boxed e-con e-parent\" data-id=\"9d5cac8\" data-element_type=\"container\" data-e-type=\"container\">\n\t\t\t\t\t<div class=\"e-con-inner\">\n\t\t\t\t<div class=\"elementor-element elementor-element-5e521ec elementor-widget elementor-widget-heading\" data-id=\"5e521ec\" data-element_type=\"widget\" data-e-type=\"widget\" data-widget_type=\"heading.default\">\n\t\t\t\t\t<h3 class=\"elementor-heading-title elementor-size-default\">El Acatenango es un excelente vecino de colosos<\/h3>\t\t\t\t<\/div>\n\t\t\t\t\t<\/div>\n\t\t\t\t<\/div>\n\t\t<div data-particle_enable=\"false\" data-particle-mobile-disabled=\"false\" class=\"elementor-element elementor-element-22a637c e-flex e-con-boxed e-con e-parent\" data-id=\"22a637c\" data-element_type=\"container\" data-e-type=\"container\">\n\t\t\t\t\t<div class=\"e-con-inner\">\n\t\t\t\t<div class=\"elementor-element elementor-element-07dc917 elementor-widget elementor-widget-text-editor\" data-id=\"07dc917\" data-element_type=\"widget\" data-e-type=\"widget\" data-widget_type=\"text-editor.default\">\n\t\t\t\t\t\t\t\t\t<p>El Acatenango es un volc\u00e1n de Acatenango cuya \u00faltima erupci\u00f3n documentada ocurri\u00f3 en 1972. Sin embargo, su proximidad al volc\u00e1n de Fuego, uno de los m\u00e1s activos del pa\u00eds, lo convierte en un punto estrat\u00e9gico para observar sus espectaculares erupciones.<\/p><p>La formaci\u00f3n del Acatenango comenz\u00f3 hace miles de a\u00f1os, producto de la actividad tect\u00f3nica y volc\u00e1nica en la regi\u00f3n. Su nombre proviene del n\u00e1huatl Acatecatl, que significa &#8220;lugar del carrizo&#8221;. A lo largo de la historia, ha sido testigo de cambios significativos en el paisaje y la cultura local.<\/p>\t\t\t\t\t\t\t\t<\/div>\n\t\t\t\t\t<\/div>\n\t\t\t\t<\/div>\n\t\t<div data-particle_enable=\"false\" data-particle-mobile-disabled=\"false\" class=\"elementor-element elementor-element-876007c e-flex e-con-boxed e-con e-parent\" data-id=\"876007c\" data-element_type=\"container\" data-e-type=\"container\">\n\t\t\t\t\t<div class=\"e-con-inner\">\n\t\t\t\t<div class=\"elementor-element elementor-element-d621a3c elementor-widget elementor-widget-image\" data-id=\"d621a3c\" data-element_type=\"widget\" data-e-type=\"widget\" data-widget_type=\"image.default\">\n\t\t\t\t\t\t\t\t\t\t\t\t<figure class=\"wp-caption\">\n\t\t\t\t\t\t\t\t\t\t<img decoding=\"async\" width=\"768\" height=\"470\" src=\"https:\/\/soymigrante.com\/revista\/wp-content\/uploads\/2025\/01\/Acatenango-y-Fuego-abel-juarez-1024x626.jpg\" class=\"attachment-large size-large wp-image-22008\" alt=\"Cumbre del volc\u00e1n Fuego en Guatemala en erupci\u00f3n, con lava y columnas de humo, rodeado de nubes altas, s\u00edmbolo de la fuerza natural y la actividad volc\u00e1nica en Centroam\u00e9rica.\" srcset=\"https:\/\/soymigrante.com\/revista\/wp-content\/uploads\/2025\/01\/Acatenango-y-Fuego-abel-juarez-1024x626.jpg 1024w, https:\/\/soymigrante.com\/revista\/wp-content\/uploads\/2025\/01\/Acatenango-y-Fuego-abel-juarez-300x183.jpg 300w, https:\/\/soymigrante.com\/revista\/wp-content\/uploads\/2025\/01\/Acatenango-y-Fuego-abel-juarez-768x469.jpg 768w, https:\/\/soymigrante.com\/revista\/wp-content\/uploads\/2025\/01\/Acatenango-y-Fuego-abel-juarez-1536x938.jpg 1536w, https:\/\/soymigrante.com\/revista\/wp-content\/uploads\/2025\/01\/Acatenango-y-Fuego-abel-juarez-750x458.webp 750w, https:\/\/soymigrante.com\/revista\/wp-content\/uploads\/2025\/01\/Acatenango-y-Fuego-abel-juarez-1140x696.webp 1140w, https:\/\/soymigrante.com\/revista\/wp-content\/uploads\/2025\/01\/Acatenango-y-Fuego-abel-juarez.webp 1920w\" sizes=\"(max-width: 768px) 100vw, 768px\" title=\"Acatenango y Fuego abel juarez \u2013 SoyMigrante.com REVISTA\" \/>\t\t\t\t\t\t\t\t\t\t\t<figcaption class=\"widget-image-caption wp-caption-text\">Impresionante vista a\u00e9rea de un volc\u00e1n en erupci\u00f3n en Guatemala, con columnas de humo y lava en contacto con las nubes, mostrando la naturaleza din\u00e1mica y activa del volc\u00e1n.<\/figcaption>\n\t\t\t\t\t\t\t\t\t\t<\/figure>\n\t\t\t\t\t\t\t\t\t<\/div>\n\t\t\t\t\t<\/div>\n\t\t\t\t<\/div>\n\t\t<div data-particle_enable=\"false\" data-particle-mobile-disabled=\"false\" class=\"elementor-element elementor-element-43dc4d6 e-flex e-con-boxed e-con e-parent\" data-id=\"43dc4d6\" data-element_type=\"container\" data-e-type=\"container\">\n\t\t\t\t\t<div class=\"e-con-inner\">\n\t\t\t\t<div class=\"elementor-element elementor-element-414f070 elementor-widget elementor-widget-heading\" data-id=\"414f070\" data-element_type=\"widget\" data-e-type=\"widget\" data-widget_type=\"heading.default\">\n\t\t\t\t\t<h3 class=\"elementor-heading-title elementor-size-default\">Rutas de ascenso<\/h3>\t\t\t\t<\/div>\n\t\t\t\t\t<\/div>\n\t\t\t\t<\/div>\n\t\t<div data-particle_enable=\"false\" data-particle-mobile-disabled=\"false\" class=\"elementor-element elementor-element-c168b20 e-flex e-con-boxed e-con e-parent\" data-id=\"c168b20\" data-element_type=\"container\" data-e-type=\"container\">\n\t\t\t\t\t<div class=\"e-con-inner\">\n\t\t\t\t<div class=\"elementor-element elementor-element-335c1c2 elementor-widget elementor-widget-text-editor\" data-id=\"335c1c2\" data-element_type=\"widget\" data-e-type=\"widget\" data-widget_type=\"text-editor.default\">\n\t\t\t\t\t\t\t\t\t<p>Existen dos rutas principales para subir al Volc\u00e1n de Acatenango:<\/p><p><strong>Ruta La Soledad:<\/strong><\/p><ul><li>Es la m\u00e1s popular y accesible. Comienza en la comunidad de La Soledad, a unos 2,400 metros sobre el nivel del mar.<\/li><li>El recorrido atraviesa diferentes ecosistemas, desde bosques densos hasta paisajes \u00e1ridos en las alturas.<\/li><li>La caminata suele durar entre 5 y 7 horas, dependiendo del ritmo del grupo.<\/li><\/ul><p><strong>Ruta de Yepocapa:<\/strong><\/p><ul><li>Menos transitada y m\u00e1s larga, esta ruta parte del municipio de Yepocapa.<br \/>Ofrece vistas \u00fanicas y la oportunidad de explorar el volc\u00e1n desde una perspectiva menos convencional.<\/li><li><a href=\"https:\/\/soymigrante.com\/revista\/objetivos-de-salud-fisica-y-mental-para-2025-acciones-para-empezar-hoy-y-continuar-todo-el-ano\/\" target=\"_blank\" rel=\"noopener\">Requiere mayor preparaci\u00f3n f\u00edsica debido a su distancia.<\/a><\/li><li>Ambas rutas culminan en el campamento base o en el pico, desde donde los visitantes pueden disfrutar de vistas panor\u00e1micas y observar las erupciones del Volc\u00e1n de Fuego.<\/li><\/ul>\t\t\t\t\t\t\t\t<\/div>\n\t\t\t\t\t<\/div>\n\t\t\t\t<\/div>\n\t\t<div data-particle_enable=\"false\" data-particle-mobile-disabled=\"false\" class=\"elementor-element elementor-element-a8f0951 e-flex e-con-boxed e-con e-parent\" data-id=\"a8f0951\" data-element_type=\"container\" data-e-type=\"container\">\n\t\t\t\t\t<div class=\"e-con-inner\">\n\t\t\t\t<div class=\"elementor-element elementor-element-2c744a0 elementor-invisible elementor-widget elementor-widget-facebook-embed\" data-id=\"2c744a0\" data-element_type=\"widget\" data-e-type=\"widget\" data-settings=\"{&quot;_animation&quot;:&quot;zoomInDown&quot;}\" data-widget_type=\"facebook-embed.default\">\n\t\t\t\t\t<div style=\"min-height: 1px\" class=\"elementor-facebook-widget fb-video\" data-href=\"https:\/\/www.facebook.com\/abelinoJuare\/videos\/982162973749776\" data-show-text=\"false\" data-allowfullscreen=\"false\" data-autoplay=\"false\" data-show-captions=\"false\"><\/div>\t\t\t\t<\/div>\n\t\t\t\t\t<\/div>\n\t\t\t\t<\/div>\n\t\t<div data-particle_enable=\"false\" data-particle-mobile-disabled=\"false\" class=\"elementor-element elementor-element-168678e e-flex e-con-boxed e-con e-parent\" data-id=\"168678e\" data-element_type=\"container\" data-e-type=\"container\">\n\t\t\t\t\t<div class=\"e-con-inner\">\n\t\t\t\t<div class=\"elementor-element elementor-element-02d1a3c elementor-widget elementor-widget-heading\" data-id=\"02d1a3c\" data-element_type=\"widget\" data-e-type=\"widget\" data-widget_type=\"heading.default\">\n\t\t\t\t\t<h3 class=\"elementor-heading-title elementor-size-default\">Recomendaciones para el ascenso\n<\/h3>\t\t\t\t<\/div>\n\t\t\t\t\t<\/div>\n\t\t\t\t<\/div>\n\t\t<div data-particle_enable=\"false\" data-particle-mobile-disabled=\"false\" class=\"elementor-element elementor-element-62f2812 e-flex e-con-boxed e-con e-parent\" data-id=\"62f2812\" data-element_type=\"container\" data-e-type=\"container\">\n\t\t\t\t\t<div class=\"e-con-inner\">\n\t\t\t\t<div class=\"elementor-element elementor-element-7aa81f9 elementor-widget elementor-widget-text-editor\" data-id=\"7aa81f9\" data-element_type=\"widget\" data-e-type=\"widget\" data-widget_type=\"text-editor.default\">\n\t\t\t\t\t\t\t\t\t<ul><li>Lleva ropa abrigadora, ya que las temperaturas pueden descender por debajo de los 0 \u00b0C.<br \/>Calzado c\u00f3modo y resistente, idealmente botas de senderismo.<br \/>Hidrataci\u00f3n y alimentos: Lleva al menos 3 litros de agua y suficientes alimentos energ\u00e9ticos.<\/li><li>Opta por snacks ligeros como frutas secas, barras de cereal o nueces.<br \/>Gu\u00edas locales: Contratar un gu\u00eda experimentado garantiza una experiencia segura y enriquecedora.<\/li><li>Los gu\u00edas suelen compartir datos interesantes sobre la flora, fauna e historia del lugar.<\/li><\/ul>\t\t\t\t\t\t\t\t<\/div>\n\t\t\t\t\t<\/div>\n\t\t\t\t<\/div>\n\t\t<div data-particle_enable=\"false\" data-particle-mobile-disabled=\"false\" class=\"elementor-element elementor-element-73c31bd e-flex e-con-boxed e-con e-parent\" data-id=\"73c31bd\" data-element_type=\"container\" data-e-type=\"container\">\n\t\t\t\t\t<div class=\"e-con-inner\">\n\t\t\t\t<div class=\"elementor-element elementor-element-65dbc5c elementor-widget elementor-widget-image\" data-id=\"65dbc5c\" data-element_type=\"widget\" data-e-type=\"widget\" data-widget_type=\"image.default\">\n\t\t\t\t\t\t\t\t\t\t\t\t<figure class=\"wp-caption\">\n\t\t\t\t\t\t\t\t\t\t<img decoding=\"async\" width=\"720\" height=\"960\" src=\"https:\/\/soymigrante.com\/revista\/wp-content\/uploads\/2025\/01\/Volcan-de-Agua-desde-el-Acatenango.webp\" class=\"attachment-large size-large wp-image-22012\" alt=\"Nube y volc\u00e1n desde la cima con vista a\u00e9rea, promoviendo noticias y cultura en SoyMigrante.com REVISTA.\" srcset=\"https:\/\/soymigrante.com\/revista\/wp-content\/uploads\/2025\/01\/Volcan-de-Agua-desde-el-Acatenango.webp 720w, https:\/\/soymigrante.com\/revista\/wp-content\/uploads\/2025\/01\/Volcan-de-Agua-desde-el-Acatenango-225x300.jpg 225w\" sizes=\"(max-width: 720px) 100vw, 720px\" title=\"Volcan de Agua desde el Acatenango \u2013 SoyMigrante.com REVISTA\" \/>\t\t\t\t\t\t\t\t\t\t\t<figcaption class=\"widget-image-caption wp-caption-text\">Vista a\u00e9rea del volc\u00e1n y nubes en SoyMigrante.com REVISTA, destacando temas de migraci\u00f3n, cultura y comunidades latinas en el mundo.<\/figcaption>\n\t\t\t\t\t\t\t\t\t\t<\/figure>\n\t\t\t\t\t\t\t\t\t<\/div>\n\t\t\t\t\t<\/div>\n\t\t\t\t<\/div>\n\t\t<div data-particle_enable=\"false\" data-particle-mobile-disabled=\"false\" class=\"elementor-element elementor-element-8764f85 e-flex e-con-boxed e-con e-parent\" data-id=\"8764f85\" data-element_type=\"container\" data-e-type=\"container\">\n\t\t\t\t\t<div class=\"e-con-inner\">\n\t\t\t\t<div class=\"elementor-element elementor-element-7a688a5 elementor-widget elementor-widget-heading\" data-id=\"7a688a5\" data-element_type=\"widget\" data-e-type=\"widget\" data-widget_type=\"heading.default\">\n\t\t\t\t\t<h3 class=\"elementor-heading-title elementor-size-default\">Condici\u00f3n f\u00edsica:\n\n<\/h3>\t\t\t\t<\/div>\n\t\t\t\t\t<\/div>\n\t\t\t\t<\/div>\n\t\t<div data-particle_enable=\"false\" data-particle-mobile-disabled=\"false\" class=\"elementor-element elementor-element-c44e88d e-flex e-con-boxed e-con e-parent\" data-id=\"c44e88d\" data-element_type=\"container\" data-e-type=\"container\">\n\t\t\t\t\t<div class=\"e-con-inner\">\n\t\t\t\t<div class=\"elementor-element elementor-element-0fd3bf6 elementor-widget elementor-widget-text-editor\" data-id=\"0fd3bf6\" data-element_type=\"widget\" data-e-type=\"widget\" data-widget_type=\"text-editor.default\">\n\t\t\t\t\t\t\t\t\t<ul><li>Realiza caminatas previas para preparar tu cuerpo.<\/li><li>T\u00f3mate el tiempo necesario durante el ascenso para adaptarte a la altitud.<\/li><li>Seguridad y respeto por la naturaleza: Sigue los senderos marcados y respeta las indicaciones de los gu\u00edas.<\/li><li>No dejes basura y respeta la flora y fauna del lugar.<\/li><li>Subir al Volc\u00e1n de Acatenango es m\u00e1s que un reto f\u00edsico; es una experiencia que conecta a los visitantes con la grandeza de la naturaleza y la cultura guatemalteca.<a href=\"https:\/\/soymigrante.com\/revista\/cronica-de-un-ascenso-al-volcan-tajumulco-el-mas-alto-de-guatemala-y-centro-america\/\" target=\"_blank\" rel=\"noopener\"> Con la preparaci\u00f3n adecuada, este viaje ser\u00e1 inolvidable.<\/a><\/li><\/ul>\t\t\t\t\t\t\t\t<\/div>\n\t\t\t\t\t<\/div>\n\t\t\t\t<\/div>\n\t\t<div data-particle_enable=\"false\" data-particle-mobile-disabled=\"false\" class=\"elementor-element elementor-element-31de24d e-flex e-con-boxed e-con e-parent\" data-id=\"31de24d\" data-element_type=\"container\" data-e-type=\"container\">\n\t\t\t\t\t<div class=\"e-con-inner\">\n\t\t\t\t<div class=\"elementor-element elementor-element-ee4451c elementor-widget elementor-widget-image\" data-id=\"ee4451c\" data-element_type=\"widget\" data-e-type=\"widget\" data-widget_type=\"image.default\">\n\t\t\t\t\t\t\t\t\t\t\t\t<figure class=\"wp-caption\">\n\t\t\t\t\t\t\t\t\t\t<img loading=\"lazy\" decoding=\"async\" width=\"768\" height=\"301\" src=\"https:\/\/soymigrante.com\/revista\/wp-content\/uploads\/2025\/01\/acatenango.webp\" class=\"attachment-large size-large wp-image-22013\" alt=\"Cima El Pl\u00e1tano y Cima Yepocapa en Guatemala, mirador en volc\u00e1n y cr\u00e1ter del Volc\u00e1n de Fuego, vistas desde la cima, senderismo y turismo de aventura en el volc\u00e1n.\" srcset=\"https:\/\/soymigrante.com\/revista\/wp-content\/uploads\/2025\/01\/acatenango.webp 904w, https:\/\/soymigrante.com\/revista\/wp-content\/uploads\/2025\/01\/acatenango-300x117.jpg 300w, https:\/\/soymigrante.com\/revista\/wp-content\/uploads\/2025\/01\/acatenango-768x301.jpg 768w, https:\/\/soymigrante.com\/revista\/wp-content\/uploads\/2025\/01\/acatenango-750x294.webp 750w\" sizes=\"(max-width: 768px) 100vw, 768px\" title=\"acatenango \u2013 SoyMigrante.com REVISTA\" \/>\t\t\t\t\t\t\t\t\t\t\t<figcaption class=\"widget-image-caption wp-caption-text\">Mirador en volc\u00e1n con vistas panor\u00e1micas de Cima El Pl\u00e1tano y Cima Yepocapa, ideal para senderismo y turismo de aventura en Guatemala.<\/figcaption>\n\t\t\t\t\t\t\t\t\t\t<\/figure>\n\t\t\t\t\t\t\t\t\t<\/div>\n\t\t\t\t\t<\/div>\n\t\t\t\t<\/div>\n\t\t<div data-particle_enable=\"false\" data-particle-mobile-disabled=\"false\" class=\"elementor-element elementor-element-553c650 e-flex e-con-boxed e-con e-parent\" data-id=\"553c650\" data-element_type=\"container\" data-e-type=\"container\">\n\t\t\t\t\t<div class=\"e-con-inner\">\n\t\t\t\t<div class=\"elementor-element elementor-element-126e433 elementor-widget elementor-widget-heading\" data-id=\"126e433\" data-element_type=\"widget\" data-e-type=\"widget\" data-widget_type=\"heading.default\">\n\t\t\t\t\t<h2 class=\"elementor-heading-title elementor-size-default\">Sigue descubriendo la tierra de El Quetzal<\/h2>\t\t\t\t<\/div>\n\t\t\t\t\t<\/div>\n\t\t\t\t<\/div>\n\t\t<div data-particle_enable=\"false\" data-particle-mobile-disabled=\"false\" class=\"elementor-element elementor-element-3c5c511 e-flex e-con-boxed e-con e-parent\" data-id=\"3c5c511\" data-element_type=\"container\" data-e-type=\"container\">\n\t\t\t\t\t<div class=\"e-con-inner\">\n\t\t\t\t<div class=\"elementor-element elementor-element-b1f4f77 elementor-grid-eael-col-3 elementor-grid-tablet-eael-col-2 elementor-grid-mobile-eael-col-1 elementor-widget elementor-widget-eael-post-grid\" data-id=\"b1f4f77\" data-element_type=\"widget\" data-e-type=\"widget\" data-settings=\"{&quot;eael_post_grid_columns&quot;:&quot;eael-col-3&quot;,&quot;eael_post_grid_columns_tablet&quot;:&quot;eael-col-2&quot;,&quot;eael_post_grid_columns_mobile&quot;:&quot;eael-col-1&quot;}\" data-widget_type=\"eael-post-grid.default\">\n\t\t\t\t\t<div id=\"eael-post-grid-b1f4f77\" class=\"eael-post-grid-container\">\n            <div class=\"eael-post-grid eael-post-appender eael-post-appender-b1f4f77 eael-post-grid-style-one\" data-layout-mode=\"masonry\"><article class=\"eael-grid-post  eael-post-grid-column eael-pg-post-10355 category-guate-nuestra tags-volcanes-de-guatemala\" data-id=\"10355\">\n        <div class=\"eael-grid-post-holder\">\n            <div class=\"eael-grid-post-holder-inner\"><div class=\"eael-entry-media\"><div class=\"eael-entry-overlay fade-in\"><i class=\"far fa-hand-pointer\" aria-hidden=\"true\"><\/i><a href=\"https:\/\/soymigrante.com\/revista\/tres-hermanos-tres-guardianes-del-lago-los-volcanes-atitlan-toliman-y-san-pedro\/\"><\/a><\/div><div class=\"eael-entry-thumbnail \">\n                <img loading=\"lazy\" decoding=\"async\" width=\"1024\" height=\"683\" src=\"https:\/\/soymigrante.com\/revista\/wp-content\/uploads\/2023\/02\/3-ATITLAN-2-1024x683.jpg\" class=\"attachment-large size-large wp-image-366\" alt=\"Los volcanes de Tolim\u00e1n y Atitl\u00e1n, en esta fotograf\u00eda, son el marco incomparable del lago. Foto Gustavo Montenegro\" srcset=\"https:\/\/soymigrante.com\/revista\/wp-content\/uploads\/2023\/02\/3-ATITLAN-2-1024x683.jpg 1024w, https:\/\/soymigrante.com\/revista\/wp-content\/uploads\/2023\/02\/3-ATITLAN-2-300x200.webp 300w, https:\/\/soymigrante.com\/revista\/wp-content\/uploads\/2023\/02\/3-ATITLAN-2-768x512.jpg 768w, https:\/\/soymigrante.com\/revista\/wp-content\/uploads\/2023\/02\/3-ATITLAN-2-1536x1024.jpg 1536w, https:\/\/soymigrante.com\/revista\/wp-content\/uploads\/2023\/02\/3-ATITLAN-2-2048x1365.jpg 2048w, https:\/\/soymigrante.com\/revista\/wp-content\/uploads\/2023\/02\/3-ATITLAN-2-750x500.webp 750w, https:\/\/soymigrante.com\/revista\/wp-content\/uploads\/2023\/02\/3-ATITLAN-2-1140x760.jpg 1140w, https:\/\/soymigrante.com\/revista\/wp-content\/uploads\/2023\/02\/3-ATITLAN-2-600x400.jpg 600w, https:\/\/soymigrante.com\/revista\/wp-content\/uploads\/2023\/02\/3-ATITLAN-2-scaled.webp 1920w\" sizes=\"(max-width: 1024px) 100vw, 1024px\" \/>\n            <\/div>\n        <\/div><div class=\"eael-entry-wrapper\"><header class=\"eael-entry-header\"><h2 class=\"eael-entry-title\"><a class=\"eael-grid-post-link\" href=\"https:\/\/soymigrante.com\/revista\/tres-hermanos-tres-guardianes-del-lago-los-volcanes-atitlan-toliman-y-san-pedro\/\" title=\"Tres gigantes custodian el lago de Atitl\u00e1n: los volcanes Atitl\u00e1n, Tolim\u00e1n y San Pedro\">Tres gigantes custodian el lago de Atitl\u00e1n: los volcanes Atitl\u00e1n, Tolim\u00e1n y San Pedro<\/a><\/h2><\/header><div class=\"eael-entry-content\">\n                        <div class=\"eael-grid-post-excerpt\"><a href=\"https:\/\/soymigrante.com\/revista\/tres-hermanos-tres-guardianes-del-lago-los-volcanes-atitlan-toliman-y-san-pedro\/\" class=\"eael-post-elements-readmore-btn\">CONOCE SU HISTORIA <\/a><\/div>\n                    <\/div><\/div><\/div>\n        <\/div>\n    <\/article><article class=\"eael-grid-post  eael-post-grid-column eael-pg-post-21453 category-lugar-de-voces tags-volcanes-de-guatemala\" data-id=\"21453\">\n        <div class=\"eael-grid-post-holder\">\n            <div class=\"eael-grid-post-holder-inner\"><div class=\"eael-entry-media\"><div class=\"eael-entry-overlay fade-in\"><i class=\"far fa-hand-pointer\" aria-hidden=\"true\"><\/i><a href=\"https:\/\/soymigrante.com\/revista\/migrante-guatemalteco-antonio-marcos-relata-su-aventura-en-los-volcanes-acatenango-y-de-fuego\/\"><\/a><\/div><div class=\"eael-entry-thumbnail \">\n                <img loading=\"lazy\" decoding=\"async\" width=\"1024\" height=\"1024\" src=\"https:\/\/soymigrante.com\/revista\/wp-content\/uploads\/2025\/01\/marcos-acatenango-fuego-4-1024x1024.jpg\" class=\"attachment-large size-large wp-image-21455\" alt=\"Explorador de monta\u00f1a en la cima, mostrando entusiasmo con bandera de Houston TX, foto en la cumbre, aventura, inmigrante, comunidad, superaci\u00f3n, pasi\u00f3n por la vida.\" srcset=\"https:\/\/soymigrante.com\/revista\/wp-content\/uploads\/2025\/01\/marcos-acatenango-fuego-4-1024x1024.jpg 1024w, https:\/\/soymigrante.com\/revista\/wp-content\/uploads\/2025\/01\/marcos-acatenango-fuego-4-300x300.jpg 300w, https:\/\/soymigrante.com\/revista\/wp-content\/uploads\/2025\/01\/marcos-acatenango-fuego-4-150x150.jpg 150w, https:\/\/soymigrante.com\/revista\/wp-content\/uploads\/2025\/01\/marcos-acatenango-fuego-4-768x768.jpg 768w, https:\/\/soymigrante.com\/revista\/wp-content\/uploads\/2025\/01\/marcos-acatenango-fuego-4-75x75.webp 75w, https:\/\/soymigrante.com\/revista\/wp-content\/uploads\/2025\/01\/marcos-acatenango-fuego-4-750x750.webp 750w, https:\/\/soymigrante.com\/revista\/wp-content\/uploads\/2025\/01\/marcos-acatenango-fuego-4-1140x1140.webp 1140w, https:\/\/soymigrante.com\/revista\/wp-content\/uploads\/2025\/01\/marcos-acatenango-fuego-4.webp 1536w\" sizes=\"(max-width: 1024px) 100vw, 1024px\" \/>\n            <\/div>\n        <\/div><div class=\"eael-entry-wrapper\"><header class=\"eael-entry-header\"><h2 class=\"eael-entry-title\"><a class=\"eael-grid-post-link\" href=\"https:\/\/soymigrante.com\/revista\/migrante-guatemalteco-antonio-marcos-relata-su-aventura-en-los-volcanes-acatenango-y-de-fuego\/\" title=\"Migrante guatemalteco Antonio Marcos cuenta su experiencia en los volcanes Acatenango y de Fuego\">Migrante guatemalteco Antonio Marcos cuenta su experiencia en los volcanes Acatenango y de Fuego<\/a><\/h2><\/header><div class=\"eael-entry-content\">\n                        <div class=\"eael-grid-post-excerpt\"><a href=\"https:\/\/soymigrante.com\/revista\/migrante-guatemalteco-antonio-marcos-relata-su-aventura-en-los-volcanes-acatenango-y-de-fuego\/\" class=\"eael-post-elements-readmore-btn\">CONOCE SU HISTORIA <\/a><\/div>\n                    <\/div><\/div><\/div>\n        <\/div>\n    <\/article><article class=\"eael-grid-post  eael-post-grid-column eael-pg-post-8355 category-guate-nuestra\" data-id=\"8355\">\n        <div class=\"eael-grid-post-holder\">\n            <div class=\"eael-grid-post-holder-inner\"><div class=\"eael-entry-media\"><div class=\"eael-entry-overlay fade-in\"><i class=\"far fa-hand-pointer\" aria-hidden=\"true\"><\/i><a href=\"https:\/\/soymigrante.com\/revista\/fotos-de-guatemala-pablo-galindo-refleja-la-magia-de-la-tierra-del-quetzal\/\"><\/a><\/div><div class=\"eael-entry-thumbnail \">\n                <img loading=\"lazy\" decoding=\"async\" width=\"1024\" height=\"1024\" src=\"https:\/\/soymigrante.com\/revista\/wp-content\/uploads\/2024\/08\/volcanes-pablo-galindo-soy-migrante3-1-1024x1024.webp\" class=\"attachment-large size-large wp-image-8385\" alt=\"Vista del volc\u00e1n en erupci\u00f3n con columnas de humo y lava illuminated por la noche, s\u00edmbolo del poder de la naturaleza y la actividad volc\u00e1nica en Am\u00e9rica Central.\" srcset=\"https:\/\/soymigrante.com\/revista\/wp-content\/uploads\/2024\/08\/volcanes-pablo-galindo-soy-migrante3-1-1024x1024.webp 1024w, https:\/\/soymigrante.com\/revista\/wp-content\/uploads\/2024\/08\/volcanes-pablo-galindo-soy-migrante3-1-300x300.webp 300w, https:\/\/soymigrante.com\/revista\/wp-content\/uploads\/2024\/08\/volcanes-pablo-galindo-soy-migrante3-1-150x150.webp 150w, https:\/\/soymigrante.com\/revista\/wp-content\/uploads\/2024\/08\/volcanes-pablo-galindo-soy-migrante3-1-768x768.webp 768w, https:\/\/soymigrante.com\/revista\/wp-content\/uploads\/2024\/08\/volcanes-pablo-galindo-soy-migrante3-1-75x75.webp 75w, https:\/\/soymigrante.com\/revista\/wp-content\/uploads\/2024\/08\/volcanes-pablo-galindo-soy-migrante3-1-750x750.webp 750w, https:\/\/soymigrante.com\/revista\/wp-content\/uploads\/2024\/08\/volcanes-pablo-galindo-soy-migrante3-1-1140x1140.webp 1140w, https:\/\/soymigrante.com\/revista\/wp-content\/uploads\/2024\/08\/volcanes-pablo-galindo-soy-migrante3-1.webp 1440w\" sizes=\"(max-width: 1024px) 100vw, 1024px\" \/>\n            <\/div>\n        <\/div><div class=\"eael-entry-wrapper\"><header class=\"eael-entry-header\"><h2 class=\"eael-entry-title\"><a class=\"eael-grid-post-link\" href=\"https:\/\/soymigrante.com\/revista\/fotos-de-guatemala-pablo-galindo-refleja-la-magia-de-la-tierra-del-quetzal\/\" title=\"Fotos de Guatemala :  Pablo Galindo refleja la magia de la tierra del Quetzal\">Fotos de Guatemala :  Pablo Galindo refleja la magia de la tierra del Quetzal<\/a><\/h2><\/header><div class=\"eael-entry-content\">\n                        <div class=\"eael-grid-post-excerpt\"><a href=\"https:\/\/soymigrante.com\/revista\/fotos-de-guatemala-pablo-galindo-refleja-la-magia-de-la-tierra-del-quetzal\/\" class=\"eael-post-elements-readmore-btn\">CONOCE SU HISTORIA <\/a><\/div>\n                    <\/div><\/div><\/div>\n        <\/div>\n    <\/article><\/div>\n            <div class=\"clearfix\"><\/div>\n        <\/div>\t\t\t\t<\/div>\n\t\t\t\t\t<\/div>\n\t\t\t\t<\/div>\n\t\t\t\t<\/div>\n\t\t","protected":false},"excerpt":{"rendered":"<p>El ascenso al Volc\u00e1n de Acatenango no solo es una experiencia desafiante, sino tambi\u00e9n una oportunidad para sumergirse en paisajes \u00fanicos y en la historia natural de Guatemala. Con m\u00e1s de 3,976 metros de altitud, el Volc\u00e1n de Acatenango es uno de los destinos m\u00e1s fascinantes de Guatemala. Su historia geol\u00f3gica, rutas de ascenso y [&hellip;]<\/p>\n","protected":false},"author":23,"featured_media":22037,"comment_status":"open","ping_status":"open","sticky":false,"template":"","format":"standard","meta":{"_acf_changed":false,"_eb_attr":"","footnotes":""},"categories":[58],"tags":[245],"class_list":["post-21994","post","type-post","status-publish","format-standard","has-post-thumbnail","hentry","category-guate-nuestra","tag-volcanes-de-guatemala"],"acf":[],"aioseo_notices":[],"aioseo_head":"\n\t\t<!-- All in One SEO Pro 4.9.6.2 - aioseo.com -->\n\t<meta name=\"description\" content=\"Parajes naturales como el lago de Atitl\u00e1n, Tikal o Huehuetenango deslumbran gracias al talento del fot\u00f3grafo Pablo Galindo. Conoce y sorpr\u00e9ndete con sus im\u00e1genes.\" \/>\n\t<meta name=\"robots\" content=\"max-snippet:-1, max-image-preview:large, max-video-preview:-1\" \/>\n\t<meta name=\"author\" content=\"Beatriz Tercero\"\/>\n\t<link rel=\"canonical\" href=\"https:\/\/soymigrante.com\/revista\/fotos-de-guatemala-pablo-galindo-refleja-la-magia-de-la-tierra-del-quetzal\/\" \/>\n\t<meta name=\"generator\" content=\"All in One SEO Pro (AIOSEO) 4.9.6.2\" \/>\n\n\t\t<link rel=\"preconnect\" href=\"https:\/\/fonts.googleapis.com\" crossorigin>\n<link rel=\"preconnect\" href=\"https:\/\/fonts.gstatic.com\" crossorigin>\n\t\t<meta property=\"og:locale\" content=\"es_ES\" \/>\n\t\t<meta property=\"og:site_name\" content=\"SoyMigrante.com REVISTA \u2013 Nuestra misi\u00f3n es reconocer y dignificar al migrante.\" \/>\n\t\t<meta property=\"og:type\" content=\"article\" \/>\n\t\t<meta property=\"og:title\" content=\"Fotos de Guatemala: la magia del lente de Pablo Galindo\" \/>\n\t\t<meta property=\"og:description\" content=\"Parajes naturales como el lago de Atitl\u00e1n, Tikal o Huehuetenango deslumbran gracias al talento del fot\u00f3grafo Pablo Galindo. Conoce y sorpr\u00e9ndete con sus im\u00e1genes.\" \/>\n\t\t<meta property=\"og:url\" content=\"https:\/\/soymigrante.com\/revista\/fotos-de-guatemala-pablo-galindo-refleja-la-magia-de-la-tierra-del-quetzal\/\" \/>\n\t\t<meta property=\"og:image\" content=\"https:\/\/soymigrante.com\/revista\/wp-content\/uploads\/2024\/08\/volcanes-pablo-galindo-soy-migrante3-1.webp\" \/>\n\t\t<meta property=\"og:image:secure_url\" content=\"https:\/\/soymigrante.com\/revista\/wp-content\/uploads\/2024\/08\/volcanes-pablo-galindo-soy-migrante3-1.webp\" \/>\n\t\t<meta property=\"og:image:width\" content=\"1440\" \/>\n\t\t<meta property=\"og:image:height\" content=\"1440\" \/>\n\t\t<meta property=\"article:published_time\" content=\"2024-08-28T12:00:00+00:00\" \/>\n\t\t<meta property=\"article:modified_time\" content=\"2024-08-28T04:15:42+00:00\" \/>\n\t\t<meta property=\"article:publisher\" content=\"https:\/\/www.facebook.com\/soymigrantecom\" \/>\n\t\t<meta name=\"twitter:card\" content=\"summary_large_image\" \/>\n\t\t<meta name=\"twitter:site\" content=\"@SoyMigrante_com\" \/>\n\t\t<meta name=\"twitter:title\" content=\"Fotos de Guatemala: la magia del lente de Pablo Galindo\" \/>\n\t\t<meta name=\"twitter:description\" content=\"Parajes naturales como el lago de Atitl\u00e1n, Tikal o Huehuetenango deslumbran gracias al talento del fot\u00f3grafo Pablo Galindo. Conoce y sorpr\u00e9ndete con sus im\u00e1genes.\" \/>\n\t\t<meta name=\"twitter:creator\" content=\"@SoyMigrante_com\" \/>\n\t\t<meta name=\"twitter:image\" content=\"https:\/\/soymigrante.com\/revista\/wp-content\/uploads\/2024\/08\/volcanes-pablo-galindo-soy-migrante3-1.webp\" \/>\n\t\t<!-- All in One SEO Pro -->\r\n\t\t<title>Fotos de Guatemala: la magia del lente de Pablo Galindo<\/title>\n\n","aioseo_head_json":{"title":"Fotos de Guatemala: la magia del lente de Pablo Galindo","description":"Parajes naturales como el lago de Atitl\u00e1n, Tikal o Huehuetenango deslumbran gracias al talento del fot\u00f3grafo Pablo Galindo. Conoce y sorpr\u00e9ndete con sus im\u00e1genes.","canonical_url":"https:\/\/soymigrante.com\/revista\/fotos-de-guatemala-pablo-galindo-refleja-la-magia-de-la-tierra-del-quetzal\/","robots":"max-snippet:-1, max-image-preview:large, max-video-preview:-1","keywords":"","webmasterTools":{"miscellaneous":"&lt;link rel=\"preconnect\" href=\"https:\/\/fonts.googleapis.com\" crossorigin&gt;\n&lt;link rel=\"preconnect\" href=\"https:\/\/fonts.gstatic.com\" crossorigin&gt;"},"schema":null,"og:locale":"es_ES","og:site_name":"SoyMigrante.com REVISTA \u2013 Nuestra misi\u00f3n es reconocer y dignificar al migrante.","og:type":"article","og:title":"Fotos de Guatemala: la magia del lente de Pablo Galindo","og:description":"Parajes naturales como el lago de Atitl\u00e1n, Tikal o Huehuetenango deslumbran gracias al talento del fot\u00f3grafo Pablo Galindo. Conoce y sorpr\u00e9ndete con sus im\u00e1genes.","og:url":"https:\/\/soymigrante.com\/revista\/fotos-de-guatemala-pablo-galindo-refleja-la-magia-de-la-tierra-del-quetzal\/","og:image":"https:\/\/soymigrante.com\/revista\/wp-content\/uploads\/2024\/08\/volcanes-pablo-galindo-soy-migrante3-1.webp","og:image:secure_url":"https:\/\/soymigrante.com\/revista\/wp-content\/uploads\/2024\/08\/volcanes-pablo-galindo-soy-migrante3-1.webp","og:image:width":1440,"og:image:height":1440,"article:published_time":"2024-08-28T12:00:00+00:00","article:modified_time":"2024-08-28T04:15:42+00:00","article:publisher":"https:\/\/www.facebook.com\/soymigrantecom","twitter:card":"summary_large_image","twitter:site":"@SoyMigrante_com","twitter:title":"Fotos de Guatemala: la magia del lente de Pablo Galindo","twitter:description":"Parajes naturales como el lago de Atitl\u00e1n, Tikal o Huehuetenango deslumbran gracias al talento del fot\u00f3grafo Pablo Galindo. Conoce y sorpr\u00e9ndete con sus im\u00e1genes.","twitter:creator":"@SoyMigrante_com","twitter:image":"https:\/\/soymigrante.com\/revista\/wp-content\/uploads\/2024\/08\/volcanes-pablo-galindo-soy-migrante3-1.webp"},"aioseo_meta_data":{"post_id":"21994","title":"Descubre la magia del volc\u00e1n de Acatenango: Historia, rutas de ascenso y consejos esenciales","description":"El ascenso al Volc\u00e1n de Acatenango no solo es una experiencia desafiante, sino tambi\u00e9n una oportunidad para sumergirse en paisajes \u00fanicos y en la historia natural de Guatemala.","keywords":null,"keyphrases":{"focus":{"keyphrase":"Acatenango","score":100,"analysis":{"keyphraseInTitle":{"score":9,"maxScore":9,"error":0},"keyphraseInDescription":{"score":9,"maxScore":9,"error":0},"keyphraseLength":{"score":9,"maxScore":9,"error":0,"length":1},"keyphraseInURL":{"score":5,"maxScore":5,"error":0},"keyphraseInIntroduction":{"score":9,"maxScore":9,"error":0},"keyphraseInSubHeadings":{"score":9,"maxScore":9,"error":0},"keyphraseInImageAlt":{"score":9,"maxScore":9,"error":0},"keywordDensity":{"type":"best","score":9,"maxScore":9,"error":0}}},"additional":[{"keyphrase":"volcan","score":53,"analysis":{"keyphraseInDescription":{"score":3,"maxScore":9,"error":1},"keyphraseLength":{"score":9,"maxScore":9,"error":0,"length":1},"keyphraseInIntroduction":{"score":3,"maxScore":9,"error":1},"keyphraseInImageAlt":{"score":9,"maxScore":9,"error":0},"keywordDensity":{"score":0,"type":"low","maxScore":9,"error":1}}},{"keyphrase":"historia","score":87,"analysis":{"keyphraseInDescription":{"score":9,"maxScore":9,"error":0},"keyphraseLength":{"score":9,"maxScore":9,"error":0,"length":1},"keyphraseInIntroduction":{"score":9,"maxScore":9,"error":0},"keyphraseInImageAlt":{"score":3,"maxScore":9,"error":1},"keywordDensity":{"type":"best","score":9,"maxScore":9,"error":0}}},{"keyphrase":"ascenso","score":87,"analysis":{"keyphraseInDescription":{"score":9,"maxScore":9,"error":0},"keyphraseLength":{"score":9,"maxScore":9,"error":0,"length":1},"keyphraseInIntroduction":{"score":9,"maxScore":9,"error":0},"keyphraseInImageAlt":{"score":3,"maxScore":9,"error":1},"keywordDensity":{"type":"best","score":9,"maxScore":9,"error":0}}},{"keyphrase":"Guatemala","score":87,"analysis":{"keyphraseInDescription":{"score":9,"maxScore":9,"error":0},"keyphraseLength":{"score":9,"maxScore":9,"error":0,"length":1},"keyphraseInIntroduction":{"score":9,"maxScore":9,"error":0},"keyphraseInImageAlt":{"score":3,"maxScore":9,"error":1},"keywordDensity":{"type":"best","score":9,"maxScore":9,"error":0}}},{"keyphrase":"soy migrante","score":40,"analysis":{"keyphraseInDescription":{"score":3,"maxScore":9,"error":1},"keyphraseLength":{"score":9,"maxScore":9,"error":0,"length":2},"keyphraseInIntroduction":{"score":3,"maxScore":9,"error":1},"keyphraseInImageAlt":{"score":3,"maxScore":9,"error":1},"keywordDensity":{"score":0,"type":"low","maxScore":9,"error":1}}}]},"primary_term":null,"canonical_url":null,"og_title":null,"og_description":null,"og_object_type":"default","og_image_type":"default","og_image_url":null,"og_image_width":null,"og_image_height":null,"og_image_custom_url":null,"og_image_custom_fields":null,"og_video":"","og_custom_url":null,"og_article_section":null,"og_article_tags":null,"twitter_use_og":false,"twitter_card":"default","twitter_image_type":"default","twitter_image_url":null,"twitter_image_custom_url":null,"twitter_image_custom_fields":null,"twitter_title":null,"twitter_description":null,"schema":{"blockGraphs":[],"customGraphs":[],"default":{"data":{"Article":[],"Course":[],"Dataset":[],"FAQPage":[],"Movie":[],"Person":[],"Product":[],"ProductReview":[],"Car":[],"Recipe":[],"Service":[],"SoftwareApplication":[],"WebPage":[]},"graphName":"none","isEnabled":true},"graphs":[]},"schema_type":"default","schema_type_options":null,"pillar_content":false,"robots_default":true,"robots_noindex":false,"robots_noarchive":false,"robots_nosnippet":false,"robots_nofollow":false,"robots_noimageindex":false,"robots_noodp":false,"robots_notranslate":false,"robots_max_snippet":"-1","robots_max_videopreview":"-1","robots_max_imagepreview":"large","priority":null,"frequency":"default","local_seo":null,"seo_analyzer_scan_date":"2025-10-09 02:25:13","breadcrumb_settings":null,"limit_modified_date":false,"reviewed_by":"0","open_ai":"{\"title\":{\"suggestions\":[],\"usage\":0},\"description\":{\"suggestions\":[],\"usage\":0}}","ai":null,"created":"2025-01-22 03:20:27","updated":"2026-02-04 21:06:49"},"aioseo_breadcrumb":"<div class=\"aioseo-breadcrumbs\"><span class=\"aioseo-breadcrumb\">\n\t<a href=\"https:\/\/soymigrante.com\/revista\" title=\"Home\">Home<\/a>\n<\/span><span class=\"aioseo-breadcrumb-separator\">\u00bb<\/span><span class=\"aioseo-breadcrumb\">\n\t<a href=\"https:\/\/soymigrante.com\/revista\/category\/guate-nuestra\/\" title=\"Guate Nuestra\">Guate Nuestra<\/a>\n<\/span><span class=\"aioseo-breadcrumb-separator\">\u00bb<\/span><span class=\"aioseo-breadcrumb\">\n\tRuta volc\u00e1nica: El Acatenango, historia, rutas de ascenso y consejos esenciales\n<\/span><\/div>","aioseo_breadcrumb_json":[{"label":"Home","link":"https:\/\/soymigrante.com\/revista"},{"label":"Guate Nuestra","link":"https:\/\/soymigrante.com\/revista\/category\/guate-nuestra\/"},{"label":"Ruta volc\u00e1nica: El Acatenango, historia, rutas de ascenso y consejos esenciales","link":"https:\/\/soymigrante.com\/revista\/ruta-volcanica-el-acatenango-historia-rutas-de-ascenso-y-consejos-esenciales\/"}],"_links":{"self":[{"href":"https:\/\/soymigrante.com\/revista\/wp-json\/wp\/v2\/posts\/21994","targetHints":{"allow":["GET"]}}],"collection":[{"href":"https:\/\/soymigrante.com\/revista\/wp-json\/wp\/v2\/posts"}],"about":[{"href":"https:\/\/soymigrante.com\/revista\/wp-json\/wp\/v2\/types\/post"}],"author":[{"embeddable":true,"href":"https:\/\/soymigrante.com\/revista\/wp-json\/wp\/v2\/users\/23"}],"replies":[{"embeddable":true,"href":"https:\/\/soymigrante.com\/revista\/wp-json\/wp\/v2\/comments?post=21994"}],"version-history":[{"count":4,"href":"https:\/\/soymigrante.com\/revista\/wp-json\/wp\/v2\/posts\/21994\/revisions"}],"predecessor-version":[{"id":36152,"href":"https:\/\/soymigrante.com\/revista\/wp-json\/wp\/v2\/posts\/21994\/revisions\/36152"}],"wp:featuredmedia":[{"embeddable":true,"href":"https:\/\/soymigrante.com\/revista\/wp-json\/wp\/v2\/media\/22037"}],"wp:attachment":[{"href":"https:\/\/soymigrante.com\/revista\/wp-json\/wp\/v2\/media?parent=21994"}],"wp:term":[{"taxonomy":"category","embeddable":true,"href":"https:\/\/soymigrante.com\/revista\/wp-json\/wp\/v2\/categories?post=21994"},{"taxonomy":"post_tag","embeddable":true,"href":"https:\/\/soymigrante.com\/revista\/wp-json\/wp\/v2\/tags?post=21994"}],"curies":[{"name":"wp","href":"https:\/\/api.w.org\/{rel}","templated":true}]}}