{"id":2197,"date":"2023-08-11T20:48:54","date_gmt":"2023-08-11T20:48:54","guid":{"rendered":"https:\/\/soymigrante.com\/revista\/?p=2197"},"modified":"2024-07-30T21:51:18","modified_gmt":"2024-07-31T03:51:18","slug":"riesgo-cancer-higado-hispanos-migrantes","status":"publish","type":"post","link":"https:\/\/soymigrante.com\/revista\/riesgo-cancer-higado-hispanos-migrantes\/","title":{"rendered":"C\u00e1ncer de H\u00edgado: Mayor Riesgo en Hispanos Migrantes"},"content":{"rendered":"\t\t<div data-elementor-type=\"wp-post\" data-elementor-id=\"2197\" class=\"elementor elementor-2197\" data-elementor-post-type=\"post\">\n\t\t\t\t\t\t<section data-particle_enable=\"false\" data-particle-mobile-disabled=\"false\" class=\"elementor-section elementor-top-section elementor-element elementor-element-64cb0c3 elementor-section-boxed elementor-section-height-default elementor-section-height-default\" data-id=\"64cb0c3\" data-element_type=\"section\" data-e-type=\"section\">\n\t\t\t\t\t\t<div class=\"elementor-container elementor-column-gap-default\">\n\t\t\t\t\t<div class=\"elementor-column elementor-col-100 elementor-top-column elementor-element elementor-element-4715d2c\" data-id=\"4715d2c\" data-element_type=\"column\" data-e-type=\"column\">\n\t\t\t<div class=\"elementor-widget-wrap elementor-element-populated\">\n\t\t\t\t\t\t<div class=\"elementor-element elementor-element-d1e1342 elementor-widget elementor-widget-heading\" data-id=\"d1e1342\" data-element_type=\"widget\" data-e-type=\"widget\" data-widget_type=\"heading.default\">\n\t\t\t\t\t<h1 class=\"elementor-heading-title elementor-size-default\">Problemas de salud o nutrici\u00f3n en los pa\u00edses de origen de migrantes hispanos se combinan con cambio de dieta y costumbres en Estados Unidos, entre diversos factores, se\u00f1ala estudio de los Institutos Nacionales de Salud (NIH)<\/h1>\t\t\t\t<\/div>\n\t\t\t\t\t<\/div>\n\t\t<\/div>\n\t\t\t\t\t<\/div>\n\t\t<\/section>\n\t\t\t\t<section data-particle_enable=\"false\" data-particle-mobile-disabled=\"false\" class=\"elementor-section elementor-top-section elementor-element elementor-element-0d5993a elementor-section-boxed elementor-section-height-default elementor-section-height-default\" data-id=\"0d5993a\" data-element_type=\"section\" data-e-type=\"section\">\n\t\t\t\t\t\t<div class=\"elementor-container elementor-column-gap-default\">\n\t\t\t\t\t<div class=\"elementor-column elementor-col-100 elementor-top-column elementor-element elementor-element-8112803\" data-id=\"8112803\" data-element_type=\"column\" data-e-type=\"column\">\n\t\t\t<div class=\"elementor-widget-wrap elementor-element-populated\">\n\t\t\t\t\t\t<div class=\"elementor-element elementor-element-f0cadee elementor-widget elementor-widget-text-editor\" data-id=\"f0cadee\" data-element_type=\"widget\" data-e-type=\"widget\" data-widget_type=\"text-editor.default\">\n\t\t\t\t\t\t\t\t\t<p><span style=\"background-color: var(--ak-bg-color);\">El riesgo de padecer c\u00e1ncer se ve marcado por factores como edad, alimentaci\u00f3n, factores hereditarios, los h\u00e1bitos o enfermedades previas.\u00a0 La combinaci\u00f3n de estos pueden conducir a una persona a padecer c\u00e1ncer. Sin embargo, el lugar de origen puede ser una consideraci\u00f3n importante para comprender tal peligro, sobre todo en el caso de migrantes hispanos y migrantes guatemaltecos.<\/span><\/p><p>Seg\u00fan el estudio All of Us (Todos nosotros) divulgado en 2022\u00a0 por los Institutos Nacionales de Salud de Estados Unidos, los participantes hispanos nacidos fuera de dicho pa\u00eds (es decir migrantes) tuvieron tasas m\u00e1s altas de c\u00e1ncer de h\u00edgado que los participantes nacidos dentro de Estados Unidos.\u00a0 En dicho estudio se cont\u00f3 con la participaci\u00f3n de unas 60 mil personas.<\/p><p><span style=\"color: var( --e-global-color-text ); background-color: var(--ak-bg-color);\">El riesgo de mortalidad en la poblaci\u00f3n hispana migrante aumenta por falta de diagn\u00f3stico y atenci\u00f3n m\u00e9dica oportuna:\u00a0 \u201cLas diferencias sociales y econ\u00f3micas entre los participantes hispanos nacidos dentro y fuera de los Estados Unidos pueden contribuir a tasas de detecci\u00f3n m\u00e1s bajas, acceso m\u00e1s deficiente a la atenci\u00f3n y tasas de c\u00e1ncer m\u00e1s altas\u201d, expone el estudio.<\/span><\/p>\t\t\t\t\t\t\t\t<\/div>\n\t\t\t\t\t<\/div>\n\t\t<\/div>\n\t\t\t\t\t<\/div>\n\t\t<\/section>\n\t\t\t\t<section data-particle_enable=\"false\" data-particle-mobile-disabled=\"false\" class=\"elementor-section elementor-top-section elementor-element elementor-element-cd8931d elementor-section-boxed elementor-section-height-default elementor-section-height-default\" data-id=\"cd8931d\" data-element_type=\"section\" data-e-type=\"section\">\n\t\t\t\t\t\t<div class=\"elementor-container elementor-column-gap-default\">\n\t\t\t\t\t<div class=\"elementor-column elementor-col-100 elementor-top-column elementor-element elementor-element-d24469b\" data-id=\"d24469b\" data-element_type=\"column\" data-e-type=\"column\">\n\t\t\t<div class=\"elementor-widget-wrap elementor-element-populated\">\n\t\t\t\t\t\t<div class=\"elementor-element elementor-element-3f01273 elementor-widget elementor-widget-image\" data-id=\"3f01273\" data-element_type=\"widget\" data-e-type=\"widget\" data-widget_type=\"image.default\">\n\t\t\t\t\t\t\t\t\t\t\t\t<figure class=\"wp-caption\">\n\t\t\t\t\t\t\t\t\t\t<img fetchpriority=\"high\" decoding=\"async\" width=\"768\" height=\"506\" src=\"https:\/\/soymigrante.com\/revista\/wp-content\/uploads\/2023\/08\/Captura-de-pantalla-2023-08-11-140915-1024x675.webp\" class=\"attachment-large size-large wp-image-2199\" alt=\"Los migrantes hispanos tienen hasta el doble de riesgo de padecer c\u00e1ncer de h\u00edgado o de est\u00f3mago, en comparaci\u00f3n con personas nacidas dentro de Estados Unidos, seg\u00fan el estudio.\" srcset=\"https:\/\/soymigrante.com\/revista\/wp-content\/uploads\/2023\/08\/Captura-de-pantalla-2023-08-11-140915-1024x675.webp 1024w, https:\/\/soymigrante.com\/revista\/wp-content\/uploads\/2023\/08\/Captura-de-pantalla-2023-08-11-140915-300x198.webp 300w, https:\/\/soymigrante.com\/revista\/wp-content\/uploads\/2023\/08\/Captura-de-pantalla-2023-08-11-140915-768x507.webp 768w, https:\/\/soymigrante.com\/revista\/wp-content\/uploads\/2023\/08\/Captura-de-pantalla-2023-08-11-140915-750x495.webp 750w, https:\/\/soymigrante.com\/revista\/wp-content\/uploads\/2023\/08\/Captura-de-pantalla-2023-08-11-140915-1140x752.webp 1140w, https:\/\/soymigrante.com\/revista\/wp-content\/uploads\/2023\/08\/Captura-de-pantalla-2023-08-11-140915.webp 1428w\" sizes=\"(max-width: 768px) 100vw, 768px\" title=\"Los migrantes hispanos tienen hasta el doble de riesgo de padecer c\u00e1ncer de h\u00edgado o de est\u00f3mago, en comparaci\u00f3n con personas nacidas dentro de Estados Unidos, seg\u00fan el estudio. \u2013 SoyMigrante.com REVISTA\" \/>\t\t\t\t\t\t\t\t\t\t\t<figcaption class=\"widget-image-caption wp-caption-text\">Los migrantes hispanos tienen hasta el doble de riesgo de padecer c\u00e1ncer de h\u00edgado o de est\u00f3mago, en comparaci\u00f3n con personas nacidas dentro de Estados Unidos, seg\u00fan el estudio.<\/figcaption>\n\t\t\t\t\t\t\t\t\t\t<\/figure>\n\t\t\t\t\t\t\t\t\t<\/div>\n\t\t\t\t\t<\/div>\n\t\t<\/div>\n\t\t\t\t\t<\/div>\n\t\t<\/section>\n\t\t\t\t<section data-particle_enable=\"false\" data-particle-mobile-disabled=\"false\" class=\"elementor-section elementor-top-section elementor-element elementor-element-ab2108b elementor-section-boxed elementor-section-height-default elementor-section-height-default\" data-id=\"ab2108b\" data-element_type=\"section\" data-e-type=\"section\">\n\t\t\t\t\t\t<div class=\"elementor-container elementor-column-gap-default\">\n\t\t\t\t\t<div class=\"elementor-column elementor-col-100 elementor-top-column elementor-element elementor-element-0a0081a\" data-id=\"0a0081a\" data-element_type=\"column\" data-e-type=\"column\">\n\t\t\t<div class=\"elementor-widget-wrap elementor-element-populated\">\n\t\t\t\t\t\t<div class=\"elementor-element elementor-element-15cce62 elementor-widget elementor-widget-heading\" data-id=\"15cce62\" data-element_type=\"widget\" data-e-type=\"widget\" data-widget_type=\"heading.default\">\n\t\t\t\t\t<h2 class=\"elementor-heading-title elementor-size-default\">Los hallazgos m\u00e1s importantes... pero tambi\u00e9n preocupantes <\/h2>\t\t\t\t<\/div>\n\t\t\t\t\t<\/div>\n\t\t<\/div>\n\t\t\t\t\t<\/div>\n\t\t<\/section>\n\t\t\t\t<section data-particle_enable=\"false\" data-particle-mobile-disabled=\"false\" class=\"elementor-section elementor-top-section elementor-element elementor-element-c2ff338 elementor-section-boxed elementor-section-height-default elementor-section-height-default\" data-id=\"c2ff338\" data-element_type=\"section\" data-e-type=\"section\">\n\t\t\t\t\t\t<div class=\"elementor-container elementor-column-gap-default\">\n\t\t\t\t\t<div class=\"elementor-column elementor-col-100 elementor-top-column elementor-element elementor-element-28a97e8\" data-id=\"28a97e8\" data-element_type=\"column\" data-e-type=\"column\">\n\t\t\t<div class=\"elementor-widget-wrap elementor-element-populated\">\n\t\t\t\t\t\t<div class=\"elementor-element elementor-element-88380fe elementor-widget elementor-widget-text-editor\" data-id=\"88380fe\" data-element_type=\"widget\" data-e-type=\"widget\" data-widget_type=\"text-editor.default\">\n\t\t\t\t\t\t\t\t\t<ul><li><span style=\"color: var( --e-global-color-text ); background-color: var(--ak-bg-color);\">Las tasas de c\u00e1ncer de h\u00edgado fueron casi el doble en los participantes hispanos nacidos fuera de los Estados Unidos.<\/span><\/li><li>Los participantes hispanos nacidos en los EE. UU. que ten\u00edan c\u00e1ncer de est\u00f3mago, cuello uterino e h\u00edgado eran m\u00e1s j\u00f3venes que los participantes no nacidos en los EE. UU.<\/li><li>El riesgo de c\u00e1ncer se ve afectado por muchos factores sociales, econ\u00f3micos y ambientales. Los participantes hispanos nacidos fuera de los Estados Unidos informaron tasas m\u00e1s bajas de educaci\u00f3n, seguro y empleo. Esto puede conducir a bajas tasas de detecci\u00f3n de c\u00e1ncer, acceso deficiente a la atenci\u00f3n y demoras en el tratamiento.<\/li><li>\u00a0Es probable que estos factores se sumen a las tasas m\u00e1s altas de c\u00e1ncer en los participantes hispanos nacidos fuera de los Estados Unidos.<\/li><\/ul>\t\t\t\t\t\t\t\t<\/div>\n\t\t\t\t\t<\/div>\n\t\t<\/div>\n\t\t\t\t\t<\/div>\n\t\t<\/section>\n\t\t\t\t<section data-particle_enable=\"false\" data-particle-mobile-disabled=\"false\" class=\"elementor-section elementor-top-section elementor-element elementor-element-34ea4bf elementor-section-boxed elementor-section-height-default elementor-section-height-default\" data-id=\"34ea4bf\" data-element_type=\"section\" data-e-type=\"section\">\n\t\t\t\t\t\t<div class=\"elementor-container elementor-column-gap-default\">\n\t\t\t\t\t<div class=\"elementor-column elementor-col-100 elementor-top-column elementor-element elementor-element-0f996cd\" data-id=\"0f996cd\" data-element_type=\"column\" data-e-type=\"column\">\n\t\t\t<div class=\"elementor-widget-wrap elementor-element-populated\">\n\t\t\t\t\t\t<div class=\"elementor-element elementor-element-63c3e9c elementor-grid-eael-col-1 elementor-grid-tablet-eael-col-2 elementor-grid-mobile-eael-col-1 elementor-invisible elementor-widget elementor-widget-eael-post-grid\" data-id=\"63c3e9c\" data-element_type=\"widget\" data-e-type=\"widget\" data-settings=\"{&quot;eael_post_grid_columns&quot;:&quot;eael-col-1&quot;,&quot;_animation&quot;:&quot;zoomInDown&quot;,&quot;eael_post_grid_columns_tablet&quot;:&quot;eael-col-2&quot;,&quot;eael_post_grid_columns_mobile&quot;:&quot;eael-col-1&quot;}\" data-widget_type=\"eael-post-grid.default\">\n\t\t\t\t\t<div id=\"eael-post-grid-63c3e9c\" class=\"eael-post-grid-container\">\n            <div class=\"eael-post-grid eael-post-appender eael-post-appender-63c3e9c eael-post-grid-style-one\" data-layout-mode=\"masonry\"><article class=\"eael-grid-post  eael-post-grid-column eael-pg-post-2147 category-bienestar\" data-id=\"2147\">\n        <div class=\"eael-grid-post-holder\">\n            <div class=\"eael-grid-post-holder-inner\"><div class=\"eael-entry-media\"><div class=\"eael-entry-overlay fade-in\"><i class=\"fas fa-long-arrow-alt-right\" aria-hidden=\"true\"><\/i><a href=\"https:\/\/soymigrante.com\/revista\/soluciones-cancer-migrantes-institutos-salud\/\"><\/a><\/div><div class=\"eael-entry-thumbnail eael-image-ratio\">\n                <img decoding=\"async\" width=\"300\" height=\"204\" src=\"https:\/\/soymigrante.com\/revista\/wp-content\/uploads\/2023\/08\/Captura-de-pantalla-2023-08-08-175010-300x204.webp\" class=\"attachment-medium size-medium wp-image-2152\" alt=\"\" srcset=\"https:\/\/soymigrante.com\/revista\/wp-content\/uploads\/2023\/08\/Captura-de-pantalla-2023-08-08-175010-300x204.webp 300w, https:\/\/soymigrante.com\/revista\/wp-content\/uploads\/2023\/08\/Captura-de-pantalla-2023-08-08-175010-1024x697.webp 1024w, https:\/\/soymigrante.com\/revista\/wp-content\/uploads\/2023\/08\/Captura-de-pantalla-2023-08-08-175010-768x523.webp 768w, https:\/\/soymigrante.com\/revista\/wp-content\/uploads\/2023\/08\/Captura-de-pantalla-2023-08-08-175010-750x511.webp 750w, https:\/\/soymigrante.com\/revista\/wp-content\/uploads\/2023\/08\/Captura-de-pantalla-2023-08-08-175010-1140x776.webp 1140w, https:\/\/soymigrante.com\/revista\/wp-content\/uploads\/2023\/08\/Captura-de-pantalla-2023-08-08-175010.webp 1347w\" sizes=\"(max-width: 300px) 100vw, 300px\" \/>\n            <\/div>\n        <\/div><div class=\"eael-entry-wrapper\"><header class=\"eael-entry-header\"><h2 class=\"eael-entry-title\"><a class=\"eael-grid-post-link\" href=\"https:\/\/soymigrante.com\/revista\/soluciones-cancer-migrantes-institutos-salud\/\" title=\"EE.UU. ofrece tratamientos de vanguardia para migrantes con c\u00e1ncer\">EE.UU. ofrece tratamientos de vanguardia para migrantes con c\u00e1ncer<\/a><\/h2><\/header><div class=\"eael-entry-footer\"><div class=\"eael-entry-meta\"><\/div><\/div><\/div><\/div>\n        <\/div>\n    <\/article><\/div>\n            <div class=\"clearfix\"><\/div>\n        <\/div>\t\t\t\t<\/div>\n\t\t\t\t\t<\/div>\n\t\t<\/div>\n\t\t\t\t\t<\/div>\n\t\t<\/section>\n\t\t\t\t<section data-particle_enable=\"false\" data-particle-mobile-disabled=\"false\" class=\"elementor-section elementor-top-section elementor-element elementor-element-16465a4 elementor-section-boxed elementor-section-height-default elementor-section-height-default\" data-id=\"16465a4\" data-element_type=\"section\" data-e-type=\"section\">\n\t\t\t\t\t\t<div class=\"elementor-container elementor-column-gap-default\">\n\t\t\t\t\t<div class=\"elementor-column elementor-col-100 elementor-top-column elementor-element elementor-element-c5a5fab\" data-id=\"c5a5fab\" data-element_type=\"column\" data-e-type=\"column\">\n\t\t\t<div class=\"elementor-widget-wrap elementor-element-populated\">\n\t\t\t\t\t\t<div class=\"elementor-element elementor-element-a033fcd elementor-widget-divider--view-line elementor-widget elementor-widget-divider\" data-id=\"a033fcd\" data-element_type=\"widget\" data-e-type=\"widget\" data-widget_type=\"divider.default\">\n\t\t\t\t\t\t\t<div class=\"elementor-divider\">\n\t\t\t<span class=\"elementor-divider-separator\">\n\t\t\t\t\t\t<\/span>\n\t\t<\/div>\n\t\t\t\t\t\t<\/div>\n\t\t\t\t\t<\/div>\n\t\t<\/div>\n\t\t\t\t\t<\/div>\n\t\t<\/section>\n\t\t\t\t<section data-particle_enable=\"false\" data-particle-mobile-disabled=\"false\" class=\"elementor-section elementor-top-section elementor-element elementor-element-dcac4ab elementor-section-boxed elementor-section-height-default elementor-section-height-default\" data-id=\"dcac4ab\" data-element_type=\"section\" data-e-type=\"section\">\n\t\t\t\t\t\t<div class=\"elementor-container elementor-column-gap-default\">\n\t\t\t\t\t<div class=\"elementor-column elementor-col-100 elementor-top-column elementor-element elementor-element-1843bcd\" data-id=\"1843bcd\" data-element_type=\"column\" data-e-type=\"column\">\n\t\t\t<div class=\"elementor-widget-wrap elementor-element-populated\">\n\t\t\t\t\t\t<div class=\"elementor-element elementor-element-286c118 elementor-widget elementor-widget-heading\" data-id=\"286c118\" data-element_type=\"widget\" data-e-type=\"widget\" data-widget_type=\"heading.default\">\n\t\t\t\t\t<h2 class=\"elementor-heading-title elementor-size-default\">La primera minor\u00eda de Estados Unidos<\/h2>\t\t\t\t<\/div>\n\t\t\t\t\t<\/div>\n\t\t<\/div>\n\t\t\t\t\t<\/div>\n\t\t<\/section>\n\t\t\t\t<section data-particle_enable=\"false\" data-particle-mobile-disabled=\"false\" class=\"elementor-section elementor-top-section elementor-element elementor-element-af27c2a elementor-section-boxed elementor-section-height-default elementor-section-height-default\" data-id=\"af27c2a\" data-element_type=\"section\" data-e-type=\"section\">\n\t\t\t\t\t\t<div class=\"elementor-container elementor-column-gap-default\">\n\t\t\t\t\t<div class=\"elementor-column elementor-col-100 elementor-top-column elementor-element elementor-element-a93f22b\" data-id=\"a93f22b\" data-element_type=\"column\" data-e-type=\"column\">\n\t\t\t<div class=\"elementor-widget-wrap elementor-element-populated\">\n\t\t\t\t\t\t<div class=\"elementor-element elementor-element-87c70d6 elementor-widget elementor-widget-text-editor\" data-id=\"87c70d6\" data-element_type=\"widget\" data-e-type=\"widget\" data-widget_type=\"text-editor.default\">\n\t\t\t\t\t\t\t\t\t<p><span style=\"color: var( --e-global-color-text ); background-color: var(--ak-bg-color);\">Los hispanos, ya sea migrantes o nacidos en Estados Unidos, constituyen\u00a0 la segunda poblaci\u00f3n m\u00e1s grande de este pa\u00eds. Pero el c\u00e1ncer es la primera causa de muerte en esta comunidad, a nivel mundial.\u00a0<\/span><\/p><p><span style=\"color: var( --e-global-color-text ); background-color: var(--ak-bg-color);\">Con la participaci\u00f3n voluntaria de m\u00e1s de 60 mil personas originarias o descendientes de migrantes de Am\u00e9rica Latina y Espa\u00f1a, que aceptaron brindar informaci\u00f3n de salud, se confirma el factor de riesgo.\u00a0 Aproximadamente la mitad naci\u00f3 en EE.UU. y otra mitad lleg\u00f3 como migrante.<\/span><\/p><p><span style=\"color: var( --e-global-color-text ); background-color: var(--ak-bg-color);\">\u201cEl estudio utiliz\u00f3 la informaci\u00f3n sobre edad, g\u00e9nero, educaci\u00f3n, ingresos y empleo que los participantes compartieron. Incorpor\u00f3 informaci\u00f3n sobre factores de riesgo de c\u00e1ncer, como el tabaquismo y el consumo de alcohol. Tambi\u00e9n incluy\u00f3 condiciones m\u00e9dicas cr\u00f3nicas como la diabetes y la obesidad\u201d refiere el an\u00e1lisis cient\u00edfico que se enfoc\u00f3 en c\u00e1ncer de est\u00f3mago, de cuello uterino y de h\u00edgado, debido a que son los que m\u00e1s afectan\u00a0 a hispanos en EE.UU: un importante sector de poblaci\u00f3n por su aporte a la econom\u00eda y la producci\u00f3n del pa\u00eds.<\/span><\/p>\t\t\t\t\t\t\t\t<\/div>\n\t\t\t\t\t<\/div>\n\t\t<\/div>\n\t\t\t\t\t<\/div>\n\t\t<\/section>\n\t\t\t\t<section data-particle_enable=\"false\" data-particle-mobile-disabled=\"false\" class=\"elementor-section elementor-top-section elementor-element elementor-element-7768206 elementor-section-boxed elementor-section-height-default elementor-section-height-default\" data-id=\"7768206\" data-element_type=\"section\" data-e-type=\"section\">\n\t\t\t\t\t\t<div class=\"elementor-container elementor-column-gap-default\">\n\t\t\t\t\t<div class=\"elementor-column elementor-col-100 elementor-top-column elementor-element elementor-element-4de655d\" data-id=\"4de655d\" data-element_type=\"column\" data-e-type=\"column\">\n\t\t\t<div class=\"elementor-widget-wrap elementor-element-populated\">\n\t\t\t\t\t\t<div class=\"elementor-element elementor-element-757c664 elementor-widget elementor-widget-button\" data-id=\"757c664\" data-element_type=\"widget\" data-e-type=\"widget\" data-widget_type=\"button.default\">\n\t\t\t\t\t\t\t\t\t\t<a class=\"elementor-button elementor-button-link elementor-size-sm\" href=\"https:\/\/www.joinallofus.org\/es\/who-can-join\">\n\t\t\t\t\t\t<span class=\"elementor-button-content-wrapper\">\n\t\t\t\t\t\t\t\t\t<span class=\"elementor-button-text\">Programa All of Us est\u00e1 abierto. CLIC aqu\u00ed para m\u00e1s informaci\u00f3n y participaci\u00f3n<\/span>\n\t\t\t\t\t<\/span>\n\t\t\t\t\t<\/a>\n\t\t\t\t\t\t\t\t<\/div>\n\t\t\t\t\t<\/div>\n\t\t<\/div>\n\t\t\t\t\t<\/div>\n\t\t<\/section>\n\t\t\t\t<\/div>\n\t\t","protected":false},"excerpt":{"rendered":"<p>Problemas de salud o nutrici\u00f3n en los pa\u00edses de origen de migrantes hispanos se combinan con cambio de dieta y costumbres en Estados Unidos, entre diversos factores, se\u00f1ala estudio de los Institutos Nacionales de Salud (NIH) El riesgo de padecer c\u00e1ncer se ve marcado por factores como edad, alimentaci\u00f3n, factores hereditarios, los h\u00e1bitos o enfermedades [&hellip;]<\/p>\n","protected":false},"author":7,"featured_media":2198,"comment_status":"open","ping_status":"open","sticky":false,"template":"","format":"standard","meta":{"_acf_changed":false,"_eb_attr":"","footnotes":""},"categories":[55],"tags":[],"class_list":["post-2197","post","type-post","status-publish","format-standard","has-post-thumbnail","hentry","category-bienestar"],"acf":[],"aioseo_notices":[],"aioseo_head":"\n\t\t<!-- All in One SEO Pro 4.9.6.2 - aioseo.com -->\n\t<meta name=\"description\" content=\"Los Institutos Nacionales de Salud (NIH) en EE.UU. brindan tratamientos cl\u00ednicos para migrantes hispanos con c\u00e1ncer, sin considerar su estatus legal\" \/>\n\t<meta name=\"robots\" content=\"max-snippet:-1, max-image-preview:large, max-video-preview:-1\" \/>\n\t<meta name=\"author\" content=\"SoyMigrante.com REVISTA\"\/>\n\t<link rel=\"canonical\" href=\"https:\/\/soymigrante.com\/revista\/soluciones-cancer-migrantes-institutos-salud\/\" \/>\n\t<meta name=\"generator\" content=\"All in One SEO Pro (AIOSEO) 4.9.6.2\" \/>\n\n\t\t<link rel=\"preconnect\" href=\"https:\/\/fonts.googleapis.com\" crossorigin>\n<link rel=\"preconnect\" href=\"https:\/\/fonts.gstatic.com\" crossorigin>\n\t\t<meta property=\"og:locale\" content=\"es_ES\" \/>\n\t\t<meta property=\"og:site_name\" content=\"SoyMigrante.com REVISTA \u2013 Nuestra misi\u00f3n es reconocer y dignificar al migrante.\" \/>\n\t\t<meta property=\"og:type\" content=\"article\" \/>\n\t\t<meta property=\"og:title\" content=\"EE.UU. ofrece tratamientos de vanguardia para migrantes con c\u00e1ncer\" \/>\n\t\t<meta property=\"og:description\" content=\"Los Institutos Nacionales de Salud (NIH) en EE.UU. brindan tratamientos cl\u00ednicos para migrantes hispanos con c\u00e1ncer, sin considerar su estatus legal\" \/>\n\t\t<meta property=\"og:url\" content=\"https:\/\/soymigrante.com\/revista\/soluciones-cancer-migrantes-institutos-salud\/\" \/>\n\t\t<meta property=\"og:image\" content=\"https:\/\/soymigrante.com\/revista\/wp-content\/uploads\/2023\/08\/Captura-de-pantalla-2023-08-08-175010.webp\" \/>\n\t\t<meta property=\"og:image:secure_url\" content=\"https:\/\/soymigrante.com\/revista\/wp-content\/uploads\/2023\/08\/Captura-de-pantalla-2023-08-08-175010.webp\" \/>\n\t\t<meta property=\"og:image:width\" content=\"1347\" \/>\n\t\t<meta property=\"og:image:height\" content=\"917\" \/>\n\t\t<meta property=\"article:published_time\" content=\"2024-05-13T14:23:09+00:00\" \/>\n\t\t<meta property=\"article:modified_time\" content=\"2024-07-31T03:25:26+00:00\" \/>\n\t\t<meta property=\"article:publisher\" content=\"https:\/\/www.facebook.com\/soymigrantecom\" \/>\n\t\t<meta name=\"twitter:card\" content=\"summary_large_image\" \/>\n\t\t<meta name=\"twitter:site\" content=\"@SoyMigrante_com\" \/>\n\t\t<meta name=\"twitter:title\" content=\"EE.UU. ofrece tratamientos de vanguardia para migrantes con c\u00e1ncer\" \/>\n\t\t<meta name=\"twitter:description\" content=\"Los Institutos Nacionales de Salud (NIH) en EE.UU. brindan tratamientos cl\u00ednicos para migrantes hispanos con c\u00e1ncer, sin considerar su estatus legal\" \/>\n\t\t<meta name=\"twitter:creator\" content=\"@SoyMigrante_com\" \/>\n\t\t<meta name=\"twitter:image\" content=\"https:\/\/soymigrante.com\/revista\/wp-content\/uploads\/2023\/08\/Captura-de-pantalla-2023-08-08-175010.webp\" \/>\n\t\t<!-- All in One SEO Pro -->\r\n\t\t<title>EE.UU. ofrece tratamientos de vanguardia para migrantes con c\u00e1ncer<\/title>\n\n","aioseo_head_json":{"title":"EE.UU. ofrece tratamientos de vanguardia para migrantes con c\u00e1ncer","description":"Los Institutos Nacionales de Salud (NIH) en EE.UU. brindan tratamientos cl\u00ednicos para migrantes hispanos con c\u00e1ncer, sin considerar su estatus legal","canonical_url":"https:\/\/soymigrante.com\/revista\/soluciones-cancer-migrantes-institutos-salud\/","robots":"max-snippet:-1, max-image-preview:large, max-video-preview:-1","keywords":"","webmasterTools":{"miscellaneous":"&lt;link rel=\"preconnect\" href=\"https:\/\/fonts.googleapis.com\" crossorigin&gt;\n&lt;link rel=\"preconnect\" href=\"https:\/\/fonts.gstatic.com\" crossorigin&gt;"},"schema":null,"og:locale":"es_ES","og:site_name":"SoyMigrante.com REVISTA \u2013 Nuestra misi\u00f3n es reconocer y dignificar al migrante.","og:type":"article","og:title":"EE.UU. ofrece tratamientos de vanguardia para migrantes con c\u00e1ncer","og:description":"Los Institutos Nacionales de Salud (NIH) en EE.UU. brindan tratamientos cl\u00ednicos para migrantes hispanos con c\u00e1ncer, sin considerar su estatus legal","og:url":"https:\/\/soymigrante.com\/revista\/soluciones-cancer-migrantes-institutos-salud\/","og:image":"https:\/\/soymigrante.com\/revista\/wp-content\/uploads\/2023\/08\/Captura-de-pantalla-2023-08-08-175010.webp","og:image:secure_url":"https:\/\/soymigrante.com\/revista\/wp-content\/uploads\/2023\/08\/Captura-de-pantalla-2023-08-08-175010.webp","og:image:width":1347,"og:image:height":917,"article:published_time":"2024-05-13T14:23:09+00:00","article:modified_time":"2024-07-31T03:25:26+00:00","article:publisher":"https:\/\/www.facebook.com\/soymigrantecom","twitter:card":"summary_large_image","twitter:site":"@SoyMigrante_com","twitter:title":"EE.UU. ofrece tratamientos de vanguardia para migrantes con c\u00e1ncer","twitter:description":"Los Institutos Nacionales de Salud (NIH) en EE.UU. brindan tratamientos cl\u00ednicos para migrantes hispanos con c\u00e1ncer, sin considerar su estatus legal","twitter:creator":"@SoyMigrante_com","twitter:image":"https:\/\/soymigrante.com\/revista\/wp-content\/uploads\/2023\/08\/Captura-de-pantalla-2023-08-08-175010.webp"},"aioseo_meta_data":{"post_id":"2197","title":"#post_title","description":"Los hispanos migrantes tienen hasta el doble de probabilidad de padecer c\u00e1ncer hep\u00e1tico. Descubre las causas y factores de riesgo","keywords":[],"keyphrases":{"focus":{"keyphrase":"migrantes","score":100,"analysis":{"keyphraseInTitle":{"score":9,"maxScore":9,"error":0},"keyphraseInDescription":{"score":9,"maxScore":9,"error":0},"keyphraseLength":{"score":9,"maxScore":9,"error":0,"length":1},"keyphraseInURL":{"score":5,"maxScore":5,"error":0},"keyphraseInIntroduction":{"score":9,"maxScore":9,"error":0},"keyphraseInSubHeadings":{"score":9,"maxScore":9,"error":0},"keyphraseInImageAlt":{"score":9,"maxScore":9,"error":0},"keywordDensity":{"type":"best","score":9,"maxScore":9,"error":0}}},"additional":[]},"primary_term":null,"canonical_url":null,"og_title":null,"og_description":null,"og_object_type":"default","og_image_type":"default","og_image_url":null,"og_image_width":null,"og_image_height":null,"og_image_custom_url":null,"og_image_custom_fields":null,"og_video":"","og_custom_url":null,"og_article_section":null,"og_article_tags":[],"twitter_use_og":false,"twitter_card":"default","twitter_image_type":"default","twitter_image_url":null,"twitter_image_custom_url":null,"twitter_image_custom_fields":null,"twitter_title":null,"twitter_description":null,"schema":{"blockGraphs":[],"customGraphs":[],"default":{"data":{"Article":[],"Course":[],"Dataset":[],"FAQPage":[],"Movie":[],"Person":[],"Product":[],"ProductReview":[],"Car":[],"Recipe":[],"Service":[],"SoftwareApplication":[],"WebPage":[]},"graphName":"BlogPosting","isEnabled":true},"graphs":[]},"schema_type":"default","schema_type_options":null,"pillar_content":false,"robots_default":true,"robots_noindex":false,"robots_noarchive":false,"robots_nosnippet":false,"robots_nofollow":false,"robots_noimageindex":false,"robots_noodp":false,"robots_notranslate":false,"robots_max_snippet":"-1","robots_max_videopreview":"-1","robots_max_imagepreview":"large","priority":null,"frequency":"default","local_seo":null,"seo_analyzer_scan_date":"2025-10-08 20:13:11","breadcrumb_settings":null,"limit_modified_date":false,"reviewed_by":null,"open_ai":null,"ai":null,"created":"2023-08-18 14:53:54","updated":"2026-02-04 09:24:50"},"aioseo_breadcrumb":"<div class=\"aioseo-breadcrumbs\"><span class=\"aioseo-breadcrumb\">\n\t<a href=\"https:\/\/soymigrante.com\/revista\" title=\"Home\">Home<\/a>\n<\/span><span class=\"aioseo-breadcrumb-separator\">\u00bb<\/span><span class=\"aioseo-breadcrumb\">\n\t<a href=\"https:\/\/soymigrante.com\/revista\/category\/bienestar\/\" title=\"Bienestar\">Bienestar<\/a>\n<\/span><span class=\"aioseo-breadcrumb-separator\">\u00bb<\/span><span class=\"aioseo-breadcrumb\">\n\tC\u00e1ncer de H\u00edgado: Mayor Riesgo en Hispanos Migrantes\n<\/span><\/div>","aioseo_breadcrumb_json":[{"label":"Home","link":"https:\/\/soymigrante.com\/revista"},{"label":"Bienestar","link":"https:\/\/soymigrante.com\/revista\/category\/bienestar\/"},{"label":"C\u00e1ncer de H\u00edgado: Mayor Riesgo en Hispanos Migrantes","link":"https:\/\/soymigrante.com\/revista\/riesgo-cancer-higado-hispanos-migrantes\/"}],"_links":{"self":[{"href":"https:\/\/soymigrante.com\/revista\/wp-json\/wp\/v2\/posts\/2197","targetHints":{"allow":["GET"]}}],"collection":[{"href":"https:\/\/soymigrante.com\/revista\/wp-json\/wp\/v2\/posts"}],"about":[{"href":"https:\/\/soymigrante.com\/revista\/wp-json\/wp\/v2\/types\/post"}],"author":[{"embeddable":true,"href":"https:\/\/soymigrante.com\/revista\/wp-json\/wp\/v2\/users\/7"}],"replies":[{"embeddable":true,"href":"https:\/\/soymigrante.com\/revista\/wp-json\/wp\/v2\/comments?post=2197"}],"version-history":[{"count":0,"href":"https:\/\/soymigrante.com\/revista\/wp-json\/wp\/v2\/posts\/2197\/revisions"}],"wp:featuredmedia":[{"embeddable":true,"href":"https:\/\/soymigrante.com\/revista\/wp-json\/wp\/v2\/media\/2198"}],"wp:attachment":[{"href":"https:\/\/soymigrante.com\/revista\/wp-json\/wp\/v2\/media?parent=2197"}],"wp:term":[{"taxonomy":"category","embeddable":true,"href":"https:\/\/soymigrante.com\/revista\/wp-json\/wp\/v2\/categories?post=2197"},{"taxonomy":"post_tag","embeddable":true,"href":"https:\/\/soymigrante.com\/revista\/wp-json\/wp\/v2\/tags?post=2197"}],"curies":[{"name":"wp","href":"https:\/\/api.w.org\/{rel}","templated":true}]}}