{"id":2190,"date":"2023-08-11T19:35:35","date_gmt":"2023-08-11T19:35:35","guid":{"rendered":"https:\/\/soymigrante.com\/revista\/?p=2190"},"modified":"2024-07-30T22:00:57","modified_gmt":"2024-07-31T04:00:57","slug":"compositor-guatemalteco-joselino-chocoj","status":"publish","type":"post","link":"https:\/\/soymigrante.com\/revista\/compositor-guatemalteco-joselino-chocoj\/","title":{"rendered":"Migrante y Compositor: La Inspiraci\u00f3n de Joselino Chocoj"},"content":{"rendered":"\t\t<div data-elementor-type=\"wp-post\" data-elementor-id=\"2190\" class=\"elementor elementor-2190\" data-elementor-post-type=\"post\">\n\t\t\t\t\t\t<section data-particle_enable=\"false\" data-particle-mobile-disabled=\"false\" class=\"elementor-section elementor-top-section elementor-element elementor-element-6393165 elementor-section-boxed elementor-section-height-default elementor-section-height-default\" data-id=\"6393165\" data-element_type=\"section\" data-e-type=\"section\">\n\t\t\t\t\t\t<div class=\"elementor-container elementor-column-gap-default\">\n\t\t\t\t\t<div class=\"elementor-column elementor-col-100 elementor-top-column elementor-element elementor-element-3330c32\" data-id=\"3330c32\" data-element_type=\"column\" data-e-type=\"column\">\n\t\t\t<div class=\"elementor-widget-wrap elementor-element-populated\">\n\t\t\t\t\t\t<div class=\"elementor-element elementor-element-89b0ccc elementor-widget elementor-widget-heading\" data-id=\"89b0ccc\" data-element_type=\"widget\" data-e-type=\"widget\" data-widget_type=\"heading.default\">\n\t\t\t\t\t<h1 class=\"elementor-heading-title elementor-size-default\">\"Pueblo bendito de Dios tu nombre es Pachalum, tierra donde di mis primeros pasos junto a mis padres\", as\u00ed inicia una canci\u00f3n de Joselino Chocoj, cantautor guatemalteco que dej\u00f3 su tierra para ayudar a su familia.<\/h1>\t\t\t\t<\/div>\n\t\t\t\t\t<\/div>\n\t\t<\/div>\n\t\t\t\t\t<\/div>\n\t\t<\/section>\n\t\t\t\t<section data-particle_enable=\"false\" data-particle-mobile-disabled=\"false\" class=\"elementor-section elementor-top-section elementor-element elementor-element-e70131c elementor-section-boxed elementor-section-height-default elementor-section-height-default\" data-id=\"e70131c\" data-element_type=\"section\" data-e-type=\"section\">\n\t\t\t\t\t\t<div class=\"elementor-container elementor-column-gap-default\">\n\t\t\t\t\t<div class=\"elementor-column elementor-col-100 elementor-top-column elementor-element elementor-element-584d7cd\" data-id=\"584d7cd\" data-element_type=\"column\" data-e-type=\"column\">\n\t\t\t<div class=\"elementor-widget-wrap elementor-element-populated\">\n\t\t\t\t\t\t<div class=\"elementor-element elementor-element-95c3c1d elementor-widget elementor-widget-video\" data-id=\"95c3c1d\" data-element_type=\"widget\" data-e-type=\"widget\" data-settings=\"{&quot;youtube_url&quot;:&quot;https:\\\/\\\/www.youtube.com\\\/watch?v=cRzHBvlK2zg&quot;,&quot;autoplay&quot;:&quot;yes&quot;,&quot;video_type&quot;:&quot;youtube&quot;,&quot;controls&quot;:&quot;yes&quot;}\" data-widget_type=\"video.default\">\n\t\t\t\t\t\t\t<div class=\"elementor-wrapper elementor-open-inline\">\n\t\t\t<div class=\"elementor-video\"><\/div>\t\t<\/div>\n\t\t\t\t\t\t<\/div>\n\t\t\t\t\t<\/div>\n\t\t<\/div>\n\t\t\t\t\t<\/div>\n\t\t<\/section>\n\t\t\t\t<section data-particle_enable=\"false\" data-particle-mobile-disabled=\"false\" class=\"elementor-section elementor-top-section elementor-element elementor-element-0f2353b elementor-section-boxed elementor-section-height-default elementor-section-height-default\" data-id=\"0f2353b\" data-element_type=\"section\" data-e-type=\"section\">\n\t\t\t\t\t\t<div class=\"elementor-container elementor-column-gap-default\">\n\t\t\t\t\t<div class=\"elementor-column elementor-col-100 elementor-top-column elementor-element elementor-element-e529ed8\" data-id=\"e529ed8\" data-element_type=\"column\" data-e-type=\"column\">\n\t\t\t<div class=\"elementor-widget-wrap elementor-element-populated\">\n\t\t\t\t\t\t<div class=\"elementor-element elementor-element-9323d6d elementor-widget elementor-widget-text-editor\" data-id=\"9323d6d\" data-element_type=\"widget\" data-e-type=\"widget\" data-widget_type=\"text-editor.default\">\n\t\t\t\t\t\t\t\t\t<p><span style=\"font-weight: 400;\">Joselino Chocoj es originario de Pachalum Quich\u00e9, Guatemala, migr\u00f3 a Estados Unidos a los 17 a\u00f1os de edad para mejorar su condici\u00f3n de vida y ayudar a su familia. La primera dificultad fue dejar su hogar y adaptarse a otro pa\u00eds que le brindar\u00eda una oportunidad que no hall\u00f3 en su municipio natal.<\/span><\/p><p><span style=\"font-weight: 400;\">\u201cLo m\u00e1s duro fue dejar a mi familia, estar en Estados Unidos tambi\u00e9n ha sido dif\u00edcil encontrar trabajo y enfrentarme a un nuevo ambiente, en mi caso por primera vez sal\u00ed de mi pueblo en aquel entonces\u201d\u00a0<\/span><\/p><p><span style=\"font-weight: 400;\">Pas\u00f3 hambre, fr\u00edo, tristeza y preocupaci\u00f3n. Una experiencia que le ense\u00f1\u00f3 a valorar a su familia y la vida. Encontr\u00f3 la mejor forma de expresi\u00f3n de sus emociones y vivencias en la letra de sus canciones.<\/span><\/p>\t\t\t\t\t\t\t\t<\/div>\n\t\t\t\t\t<\/div>\n\t\t<\/div>\n\t\t\t\t\t<\/div>\n\t\t<\/section>\n\t\t\t\t<section data-particle_enable=\"false\" data-particle-mobile-disabled=\"false\" class=\"elementor-section elementor-top-section elementor-element elementor-element-7b47e71 elementor-section-boxed elementor-section-height-default elementor-section-height-default\" data-id=\"7b47e71\" data-element_type=\"section\" data-e-type=\"section\">\n\t\t\t\t\t\t<div class=\"elementor-container elementor-column-gap-default\">\n\t\t\t\t\t<div class=\"elementor-column elementor-col-100 elementor-top-column elementor-element elementor-element-a96a78c\" data-id=\"a96a78c\" data-element_type=\"column\" data-e-type=\"column\">\n\t\t\t<div class=\"elementor-widget-wrap elementor-element-populated\">\n\t\t\t\t\t\t<div class=\"elementor-element elementor-element-38661a7 elementor-widget elementor-widget-image\" data-id=\"38661a7\" data-element_type=\"widget\" data-e-type=\"widget\" data-widget_type=\"image.default\">\n\t\t\t\t\t\t\t\t\t\t\t\t\t\t\t<img fetchpriority=\"high\" decoding=\"async\" width=\"768\" height=\"480\" src=\"https:\/\/soymigrante.com\/revista\/wp-content\/uploads\/2023\/08\/Captura-de-pantalla-2023-08-11-132241.webp\" class=\"attachment-large size-large wp-image-2195\" alt=\"Joselino Chocoj realiza presentaciones en eventos de la comunidad guatemalteca. En julio particip\u00f3 en el evento Chapines Fest Qu\u00e9 Chilero. Este afiche es de una despedida de a\u00f1o nuevo en la cual cant\u00f3 junto a otros artistas hispanos.\" srcset=\"https:\/\/soymigrante.com\/revista\/wp-content\/uploads\/2023\/08\/Captura-de-pantalla-2023-08-11-132241.webp 1012w, https:\/\/soymigrante.com\/revista\/wp-content\/uploads\/2023\/08\/Captura-de-pantalla-2023-08-11-132241-300x188.webp 300w, https:\/\/soymigrante.com\/revista\/wp-content\/uploads\/2023\/08\/Captura-de-pantalla-2023-08-11-132241-768x480.webp 768w, https:\/\/soymigrante.com\/revista\/wp-content\/uploads\/2023\/08\/Captura-de-pantalla-2023-08-11-132241-750x469.webp 750w\" sizes=\"(max-width: 768px) 100vw, 768px\" title=\"Joselino Chocoj realiza presentaciones en eventos de la comunidad guatemalteca. En julio particip\u00f3 en el evento Chapines Fest Qu\u00e9 Chilero. Este afiche es de una despedida de a\u00f1o nuevo en la cual cant\u00f3 junto a otros artistas hispanos. \u2013 SoyMigrante.com REVISTA\" \/>\t\t\t\t\t\t\t\t\t\t\t\t\t\t\t<\/div>\n\t\t\t\t\t<\/div>\n\t\t<\/div>\n\t\t\t\t\t<\/div>\n\t\t<\/section>\n\t\t\t\t<section data-particle_enable=\"false\" data-particle-mobile-disabled=\"false\" class=\"elementor-section elementor-top-section elementor-element elementor-element-0e85395 elementor-section-boxed elementor-section-height-default elementor-section-height-default\" data-id=\"0e85395\" data-element_type=\"section\" data-e-type=\"section\">\n\t\t\t\t\t\t<div class=\"elementor-container elementor-column-gap-default\">\n\t\t\t\t\t<div class=\"elementor-column elementor-col-100 elementor-top-column elementor-element elementor-element-76d7906\" data-id=\"76d7906\" data-element_type=\"column\" data-e-type=\"column\">\n\t\t\t<div class=\"elementor-widget-wrap elementor-element-populated\">\n\t\t\t\t\t\t<div class=\"elementor-element elementor-element-eec1ef5 elementor-widget elementor-widget-heading\" data-id=\"eec1ef5\" data-element_type=\"widget\" data-e-type=\"widget\" data-widget_type=\"heading.default\">\n\t\t\t\t\t<h2 class=\"elementor-heading-title elementor-size-default\">El talento siempre estuvo presente<\/h2>\t\t\t\t<\/div>\n\t\t\t\t<div class=\"elementor-element elementor-element-b2f77f4 elementor-widget elementor-widget-text-editor\" data-id=\"b2f77f4\" data-element_type=\"widget\" data-e-type=\"widget\" data-widget_type=\"text-editor.default\">\n\t\t\t\t\t\t\t\t\t<p><span style=\"font-weight: 400;\">Desde su primera guitarra de juguete, de ni\u00f1o, supo que al crecer quer\u00eda aprender a tocar varios instrumentos entre ellos la guitarra. \u201cDesde muy peque\u00f1o compraba guitarras de madera y me trasladaba a grandes escenarios en mi imaginaci\u00f3n\u201d pero tambi\u00e9n la expresi\u00f3n de sus pensamientos las escrib\u00eda en las hojas de sus cuadernos, sin saber que tendr\u00eda en un tesoro para su futuro.<\/span><\/p><p><span style=\"font-weight: 400;\">\u201cDe alguna manera yo era muy t\u00edmido al llegar a Estados Unidos me met\u00ed a estudiar actuaci\u00f3n por dos a\u00f1os para mejorar mi comunicaci\u00f3n con las personas\u201d\u00a0 Despu\u00e9s de un tiempo perfeccion\u00f3 la ejecuci\u00f3n de la guitarra, Joselino supo que tendr\u00eda una oportunidad para desarrollar su talento en la m\u00fasica.<\/span><\/p><p><span style=\"font-weight: 400;\">Tras su esfuerzo en la composici\u00f3n musical, se fue dando a conocer, formando as\u00ed parte de la organizaci\u00f3n del desfile hispanoamericano que se realiza todos los a\u00f1os en New Jersey Estados Unidos, dando a conocer la cultura, m\u00fasica y tradiciones guatemaltecas.<\/span><\/p><p><span style=\"font-weight: 400;\">Durante su formaci\u00f3n en la actuaci\u00f3n redescubri\u00f3 un talento que practicaba desde muy peque\u00f1o, era escribir. La tarea consist\u00eda en redactar una obra de teatro, Joselino encontr\u00f3 un espacio de expresi\u00f3n especial, conect\u00f3 su coraz\u00f3n y el talento por la escritura, a pesar de no realizarse la obra, sus letras las orient\u00f3 hacia su propia m\u00fasica.<\/span><\/p><p><span style=\"font-weight: 400;\">El miedo y la timidez se fueron desvaneciendo gracias a las clases de actuaci\u00f3n, tambi\u00e9n fue la se\u00f1al para encontrar su pasi\u00f3n y sobre todo enviar un mensaje de vida, humanidad y amor.<\/span><\/p>\t\t\t\t\t\t\t\t<\/div>\n\t\t\t\t\t<\/div>\n\t\t<\/div>\n\t\t\t\t\t<\/div>\n\t\t<\/section>\n\t\t\t\t<section data-particle_enable=\"false\" data-particle-mobile-disabled=\"false\" class=\"elementor-section elementor-top-section elementor-element elementor-element-c56f3b5 elementor-section-boxed elementor-section-height-default elementor-section-height-default\" data-id=\"c56f3b5\" data-element_type=\"section\" data-e-type=\"section\">\n\t\t\t\t\t\t<div class=\"elementor-container elementor-column-gap-default\">\n\t\t\t\t\t<div class=\"elementor-column elementor-col-100 elementor-top-column elementor-element elementor-element-75e413a\" data-id=\"75e413a\" data-element_type=\"column\" data-e-type=\"column\">\n\t\t\t<div class=\"elementor-widget-wrap elementor-element-populated\">\n\t\t\t\t\t\t<div class=\"elementor-element elementor-element-c8b8482 elementor-widget elementor-widget-image\" data-id=\"c8b8482\" data-element_type=\"widget\" data-e-type=\"widget\" data-widget_type=\"image.default\">\n\t\t\t\t\t\t\t\t\t\t\t\t<figure class=\"wp-caption\">\n\t\t\t\t\t\t\t\t\t\t<img decoding=\"async\" width=\"768\" height=\"1024\" src=\"https:\/\/soymigrante.com\/revista\/wp-content\/uploads\/2023\/08\/Joselino-Chocoj-originario-de-Pachulum-Quiche-Guatemala-es-cantante-y-compositor-migro-a-Estados-Unidos-muy-joven-escribe-canciones-inspirada-en-su-familia-y-paisanos--768x1024.webp\" class=\"attachment-large size-large wp-image-2187\" alt=\"Joselino Chocoj originario de Pachulum Quich\u00e9 Guatemala es cantante y compositor, migro a Estados Unidos muy joven, escribe canciones inspirada en su familia y paisanos\" srcset=\"https:\/\/soymigrante.com\/revista\/wp-content\/uploads\/2023\/08\/Joselino-Chocoj-originario-de-Pachulum-Quiche-Guatemala-es-cantante-y-compositor-migro-a-Estados-Unidos-muy-joven-escribe-canciones-inspirada-en-su-familia-y-paisanos--768x1024.webp 768w, https:\/\/soymigrante.com\/revista\/wp-content\/uploads\/2023\/08\/Joselino-Chocoj-originario-de-Pachulum-Quiche-Guatemala-es-cantante-y-compositor-migro-a-Estados-Unidos-muy-joven-escribe-canciones-inspirada-en-su-familia-y-paisanos--225x300.webp 225w, https:\/\/soymigrante.com\/revista\/wp-content\/uploads\/2023\/08\/Joselino-Chocoj-originario-de-Pachulum-Quiche-Guatemala-es-cantante-y-compositor-migro-a-Estados-Unidos-muy-joven-escribe-canciones-inspirada-en-su-familia-y-paisanos--1152x1536.webp 1152w, https:\/\/soymigrante.com\/revista\/wp-content\/uploads\/2023\/08\/Joselino-Chocoj-originario-de-Pachulum-Quiche-Guatemala-es-cantante-y-compositor-migro-a-Estados-Unidos-muy-joven-escribe-canciones-inspirada-en-su-familia-y-paisanos--750x1000.webp 750w, https:\/\/soymigrante.com\/revista\/wp-content\/uploads\/2023\/08\/Joselino-Chocoj-originario-de-Pachulum-Quiche-Guatemala-es-cantante-y-compositor-migro-a-Estados-Unidos-muy-joven-escribe-canciones-inspirada-en-su-familia-y-paisanos--1140x1520.webp 1140w, https:\/\/soymigrante.com\/revista\/wp-content\/uploads\/2023\/08\/Joselino-Chocoj-originario-de-Pachulum-Quiche-Guatemala-es-cantante-y-compositor-migro-a-Estados-Unidos-muy-joven-escribe-canciones-inspirada-en-su-familia-y-paisanos-.webp 1440w\" sizes=\"(max-width: 768px) 100vw, 768px\" title=\"Joselino Chocoj originario de Pachulum Quich\u00e9 Guatemala es cantante y compositor, migro a Estados Unidos muy joven, escribe canciones inspirada en su familia y paisanos \u2013 SoyMigrante.com REVISTA\" \/>\t\t\t\t\t\t\t\t\t\t\t<figcaption class=\"widget-image-caption wp-caption-text\">Joselino Chocoj originario de Pachulum Quich\u00e9 Guatemala es cantante y compositor, migro a Estados Unidos muy joven, escribe canciones inspirada en su familia y paisanos<\/figcaption>\n\t\t\t\t\t\t\t\t\t\t<\/figure>\n\t\t\t\t\t\t\t\t\t<\/div>\n\t\t\t\t\t<\/div>\n\t\t<\/div>\n\t\t\t\t\t<\/div>\n\t\t<\/section>\n\t\t\t\t<section data-particle_enable=\"false\" data-particle-mobile-disabled=\"false\" class=\"elementor-section elementor-top-section elementor-element elementor-element-2bb177b elementor-section-boxed elementor-section-height-default elementor-section-height-default\" data-id=\"2bb177b\" data-element_type=\"section\" data-e-type=\"section\">\n\t\t\t\t\t\t<div class=\"elementor-container elementor-column-gap-default\">\n\t\t\t\t\t<div class=\"elementor-column elementor-col-100 elementor-top-column elementor-element elementor-element-6245044\" data-id=\"6245044\" data-element_type=\"column\" data-e-type=\"column\">\n\t\t\t<div class=\"elementor-widget-wrap elementor-element-populated\">\n\t\t\t\t\t\t<div class=\"elementor-element elementor-element-df57d8f elementor-widget elementor-widget-heading\" data-id=\"df57d8f\" data-element_type=\"widget\" data-e-type=\"widget\" data-widget_type=\"heading.default\">\n\t\t\t\t\t<h2 class=\"elementor-heading-title elementor-size-default\">\"Mi pueblo y mis pap\u00e1s son mi historia\"<\/h2>\t\t\t\t<\/div>\n\t\t\t\t<div class=\"elementor-element elementor-element-d95f846 elementor-widget elementor-widget-text-editor\" data-id=\"d95f846\" data-element_type=\"widget\" data-e-type=\"widget\" data-widget_type=\"text-editor.default\">\n\t\t\t\t\t\t\t\t\t<p><span style=\"font-weight: 400\">Su primer tema musical fue inspirado en su familia, en especial a sus padres que no ve desde hace mucho tiempo el tema es denominado \u201cHomenaje a mis padres\u201d relata la dificultad de dejar un hogar y marcharse sin saber si alg\u00fan podr\u00e1 verlos y abrazarlos. Con el tema se identifican varios guatemaltecos migrantes que han perdido la oportunidad de reencontrarse.\u00a0<\/span><\/p><p><span style=\"font-weight: 400\">La experiencia de dejar a su familia, migrar con poco recurso, recordar la realidad de su tierra natal ha sido un portal que no va olvidar, con su m\u00fasica expresa la verdad de muchos connacionales que arriesgan su vida por migrar y las injusticias que pueden llegar a enfrentar.\u00a0<\/span><\/p><p><span style=\"font-weight: 400\">El tema musical \u201c12 millones\u201d, refleja el miedo, la cruda realidad, las injusticias y lo vivido en Guatemala para llegar a Estados Unidos. \u201cEn mi caso fue muy complicado la venida a este pa\u00eds, pase sue\u00f1o, fr\u00edo, humillaciones que marcaron mi vida\u201d<\/span><\/p><p><b>\u00bfC\u00f3mo Joselino encuentra la esencia en su m\u00fasica?\u00a0<\/b><\/p><p><span style=\"font-weight: 400\">\u201cEncontr\u00e9 mi talento a trav\u00e9s de la escritura de la obra de teatro, me di cuenta que me gustaba escribir, pero no actuar, entonces la mejor forma era cantar, as\u00ed surgieron mis primeras canciones\u201d Joselino reuni\u00f3 a un par de amigos para mejorar la ejecuci\u00f3n de la guitarra como interpretar dicho tema.<\/span><\/p><p><span style=\"font-weight: 400\">Lo m\u00e1s curioso es que le gustaba escribir y nunca intent\u00f3 cantar hasta que descubri\u00f3 que su voz tambi\u00e9n era una herramienta para ser escuchado, con la ayuda de sus amigos perfeccion\u00f3 su talento.<\/span><\/p><p><b>\u00bfCu\u00e1les han sido los proyectos?<\/b><\/p><p><span style=\"font-weight: 400\">\u201cSi, yo tengo ocho canciones propias, cinco est\u00e1n en YouTube y las otras se est\u00e1n produciendo, tambi\u00e9n grabe un cd que logre vender a los paisanos, ya que ellos se identifican con la letra de la canci\u00f3n\u201d Actualmente contin\u00faa trabajando con nuevos temas musicales que esperan grabar a en los pr\u00f3ximos meses.<\/span><\/p><p><b>\u00bfCu\u00e1l es su objetivo en cada canci\u00f3n que escribe?<\/b><\/p><p><span style=\"font-weight: 400\">\u201cMi objetivo es dar a conocer historias y la realidad, llevo siete a\u00f1os arreglando mis propias canciones, espero abrir espacios en el mercado de la composici\u00f3n, Gracias a Dios se abren m\u00e1s puertas\u201d El trabajo musical de Joselino se complementa con el apoyo del arreglista musical.<\/span><\/p>\t\t\t\t\t\t\t\t<\/div>\n\t\t\t\t\t<\/div>\n\t\t<\/div>\n\t\t\t\t\t<\/div>\n\t\t<\/section>\n\t\t\t\t<section data-particle_enable=\"false\" data-particle-mobile-disabled=\"false\" class=\"elementor-section elementor-top-section elementor-element elementor-element-679a85f elementor-section-boxed elementor-section-height-default elementor-section-height-default\" data-id=\"679a85f\" data-element_type=\"section\" data-e-type=\"section\">\n\t\t\t\t\t\t<div class=\"elementor-container elementor-column-gap-default\">\n\t\t\t\t\t<div class=\"elementor-column elementor-col-100 elementor-top-column elementor-element elementor-element-2d15444\" data-id=\"2d15444\" data-element_type=\"column\" data-e-type=\"column\">\n\t\t\t<div class=\"elementor-widget-wrap elementor-element-populated\">\n\t\t\t\t\t\t<div class=\"elementor-element elementor-element-cccc764 elementor-widget elementor-widget-video\" data-id=\"cccc764\" data-element_type=\"widget\" data-e-type=\"widget\" data-settings=\"{&quot;youtube_url&quot;:&quot;https:\\\/\\\/www.youtube.com\\\/watch?v=Kv-mf9h03-k&quot;,&quot;video_type&quot;:&quot;youtube&quot;,&quot;controls&quot;:&quot;yes&quot;}\" data-widget_type=\"video.default\">\n\t\t\t\t\t\t\t<div class=\"elementor-wrapper elementor-open-inline\">\n\t\t\t<div class=\"elementor-video\"><\/div>\t\t<\/div>\n\t\t\t\t\t\t<\/div>\n\t\t\t\t\t<\/div>\n\t\t<\/div>\n\t\t\t\t\t<\/div>\n\t\t<\/section>\n\t\t\t\t<section data-particle_enable=\"false\" data-particle-mobile-disabled=\"false\" class=\"elementor-section elementor-top-section elementor-element elementor-element-a626dd2 elementor-section-boxed elementor-section-height-default elementor-section-height-default\" data-id=\"a626dd2\" data-element_type=\"section\" data-e-type=\"section\">\n\t\t\t\t\t\t<div class=\"elementor-container elementor-column-gap-default\">\n\t\t\t\t\t<div class=\"elementor-column elementor-col-100 elementor-top-column elementor-element elementor-element-64814d4\" data-id=\"64814d4\" data-element_type=\"column\" data-e-type=\"column\">\n\t\t\t<div class=\"elementor-widget-wrap elementor-element-populated\">\n\t\t\t\t\t\t<div class=\"elementor-element elementor-element-bbacb0d elementor-widget elementor-widget-heading\" data-id=\"bbacb0d\" data-element_type=\"widget\" data-e-type=\"widget\" data-widget_type=\"heading.default\">\n\t\t\t\t\t<h2 class=\"elementor-heading-title elementor-size-default\">Le llaman El Charro de Pachalum&nbsp;<\/h2>\t\t\t\t<\/div>\n\t\t\t\t<div class=\"elementor-element elementor-element-661e663 elementor-widget elementor-widget-text-editor\" data-id=\"661e663\" data-element_type=\"widget\" data-e-type=\"widget\" data-widget_type=\"text-editor.default\">\n\t\t\t\t\t\t\t\t\t<p><span style=\"font-weight: 400\"><span style=\"vertical-align: inherit\"><span style=\"vertical-align: inherit\">Es reconocido en su tierra natal como el <\/span><\/span><\/span><b><span style=\"vertical-align: inherit\"><span style=\"vertical-align: inherit\">Charro de Pachalum <\/span><\/span><\/b><span style=\"font-weight: 400\"><span style=\"vertical-align: inherit\"><span style=\"vertical-align: inherit\">, a pesar de no haber regresado a\u00fan a su tierra natal, varios amigos y vecinos lo reconocen de esa forma, actualmente trabaja en otra ofici\u00f3, sin embargo, el mundo de composici\u00f3n lo lleva en el coraz\u00f3n y las venas.<\/span><\/span><\/span><\/p><p><span style=\"font-weight: 400\"><span style=\"vertical-align: inherit\"><span style=\"vertical-align: inherit\">A finales de a\u00f1o espera arrancar con la grabaci\u00f3n de m\u00e1s temas musicales, lleva escrito alrededor de 17 canciones, inspiradas en la realidad que viven los migrantes guatemaltecos y los recuerdos de su origen. <\/span><span style=\"vertical-align: inherit\">Su meta es incluir su m\u00fasica en las plataformas digitales.<\/span><\/span><\/span><\/p><p><span style=\"font-weight: 400\"><span style=\"vertical-align: inherit\"><span style=\"vertical-align: inherit\">Luchar por los sue\u00f1os es despertar y hacerlos realidad Joselino, El Charro de Pachalum describe que ha cumplido uno de ellos y es lograr hacer m\u00fasica que identifique su tierra e identidad. <\/span><span style=\"vertical-align: inherit\">\u201cLa dedicaci\u00f3n y la perseverancia puede permitirnos lograr nuestros sue\u00f1os, es un camino largo pero lleno de aprendizajes\u201d.<\/span><\/span><\/span><\/p>\t\t\t\t\t\t\t\t<\/div>\n\t\t\t\t\t<\/div>\n\t\t<\/div>\n\t\t\t\t\t<\/div>\n\t\t<\/section>\n\t\t\t\t<section data-particle_enable=\"false\" data-particle-mobile-disabled=\"false\" class=\"elementor-section elementor-top-section elementor-element elementor-element-25f8691 elementor-section-boxed elementor-section-height-default elementor-section-height-default\" data-id=\"25f8691\" data-element_type=\"section\" data-e-type=\"section\">\n\t\t\t\t\t\t<div class=\"elementor-container elementor-column-gap-default\">\n\t\t\t\t\t<div class=\"elementor-column elementor-col-100 elementor-top-column elementor-element elementor-element-4e90c94\" data-id=\"4e90c94\" data-element_type=\"column\" data-e-type=\"column\">\n\t\t\t<div class=\"elementor-widget-wrap elementor-element-populated\">\n\t\t\t\t\t\t<div class=\"elementor-element elementor-element-afda42f elementor-arrows-position-inside elementor-pagination-position-outside elementor-widget elementor-widget-image-carousel\" data-id=\"afda42f\" data-element_type=\"widget\" data-e-type=\"widget\" data-settings=\"{&quot;slides_to_show&quot;:&quot;1&quot;,&quot;navigation&quot;:&quot;both&quot;,&quot;autoplay&quot;:&quot;yes&quot;,&quot;pause_on_hover&quot;:&quot;yes&quot;,&quot;pause_on_interaction&quot;:&quot;yes&quot;,&quot;autoplay_speed&quot;:5000,&quot;infinite&quot;:&quot;yes&quot;,&quot;effect&quot;:&quot;slide&quot;,&quot;speed&quot;:500}\" data-widget_type=\"image-carousel.default\">\n\t\t\t\t\t\t\t<div class=\"elementor-image-carousel-wrapper swiper\" role=\"region\" aria-roledescription=\"carousel\" aria-label=\"Carrusel de im\u00e1genes\" dir=\"ltr\">\n\t\t\t<div class=\"elementor-image-carousel swiper-wrapper\" aria-live=\"off\">\n\t\t\t\t\t\t\t\t<div class=\"swiper-slide\" role=\"group\" aria-roledescription=\"slide\" aria-label=\"1 de 6\"><figure class=\"swiper-slide-inner\"><img decoding=\"async\" class=\"swiper-slide-image\" src=\"https:\/\/soymigrante.com\/revista\/wp-content\/uploads\/2023\/08\/Primera-fotografia-de-estudio-de-Joselino-Chocoj-iniciando-su-carrera-como-cantante-y-compositor--768x1164.webp\" alt=\"Primera fotograf\u00eda de estudio de Joselino Chocoj iniciando su carrera como cantante y compositor\" \/><figcaption class=\"elementor-image-carousel-caption\">Primera fotograf\u00eda de estudio de Joselino Chocoj iniciando su carrera como cantante y compositor<\/figcaption><\/figure><\/div><div class=\"swiper-slide\" role=\"group\" aria-roledescription=\"slide\" aria-label=\"2 de 6\"><figure class=\"swiper-slide-inner\"><img decoding=\"async\" class=\"swiper-slide-image\" src=\"https:\/\/soymigrante.com\/revista\/wp-content\/uploads\/2023\/08\/Participacion-en-el-desfile-hispano-americano-de-New-Jersey-768x1100.webp\" alt=\"Participaci\u00f3n en el desfile hispano americano de New Jersey\" \/><figcaption class=\"elementor-image-carousel-caption\">Participaci\u00f3n en el desfile hispano americano de New Jersey<\/figcaption><\/figure><\/div><div class=\"swiper-slide\" role=\"group\" aria-roledescription=\"slide\" aria-label=\"3 de 6\"><figure class=\"swiper-slide-inner\"><img decoding=\"async\" class=\"swiper-slide-image\" src=\"https:\/\/soymigrante.com\/revista\/wp-content\/uploads\/2023\/08\/Participacion-e-invitado-en-la-alfombra-roja-en-New-York-Estados-Unidos--768x1032.webp\" alt=\"Participaci\u00f3n e invitado en la alfombra roja en New York Estados Unidos\" \/><figcaption class=\"elementor-image-carousel-caption\">Participaci\u00f3n e invitado en la alfombra roja en New York Estados Unidos<\/figcaption><\/figure><\/div><div class=\"swiper-slide\" role=\"group\" aria-roledescription=\"slide\" aria-label=\"4 de 6\"><figure class=\"swiper-slide-inner\"><img decoding=\"async\" class=\"swiper-slide-image\" src=\"https:\/\/soymigrante.com\/revista\/wp-content\/uploads\/2023\/08\/Joselino-Grabo-su-primer-videoclip-llamado-_Homenaje-a-mis-padres_-un-tema-dedicado-a-sus-padres-Tras-migrar-a-Estados-Unidos-no-Ha-visto-a-su-familia-que-se-encuentra-en-Pachalum-Quiche--768x1208.webp\" alt=\"Joselino Grab\u00f3 su primer videoclip llamado _Homenaje a mis padres_ un tema dedicado a sus padres, Tras migrar a Estados Unidos no Ha visto a su familia que se encuentra en Pachalum Quich\u00e9\" \/><figcaption class=\"elementor-image-carousel-caption\">Joselino Grab\u00f3 su primer videoclip llamado _Homenaje a mis padres_ un tema dedicado a sus padres, Tras migrar a Estados Unidos no Ha visto a su familia que se encuentra en Pachalum Quich\u00e9<\/figcaption><\/figure><\/div><div class=\"swiper-slide\" role=\"group\" aria-roledescription=\"slide\" aria-label=\"5 de 6\"><figure class=\"swiper-slide-inner\"><img decoding=\"async\" class=\"swiper-slide-image\" src=\"https:\/\/soymigrante.com\/revista\/wp-content\/uploads\/2023\/08\/Joselino-Chocoj-es-reconocido-en-su-comunidad-omo-_El-Charro-de-Pachalum_.webp\" alt=\"Joselino Chocoj es reconocido en su comunidad como _El Charro de Pachalum_\" \/><figcaption class=\"elementor-image-carousel-caption\">Joselino Chocoj es reconocido en su comunidad como _El Charro de Pachalum_<\/figcaption><\/figure><\/div><div class=\"swiper-slide\" role=\"group\" aria-roledescription=\"slide\" aria-label=\"6 de 6\"><figure class=\"swiper-slide-inner\"><img decoding=\"async\" class=\"swiper-slide-image\" src=\"https:\/\/soymigrante.com\/revista\/wp-content\/uploads\/2023\/08\/Grabo-el-segundo-videoclip-denominado-_12-Millones_-tema-musical-que-habla-sobre-la-realidad-la-humanidad-y-el-trato-del-gobierno.webp\" alt=\"Grabo el segundo videoclip denominado _12 Millones_ tema musical que habla sobre la realidad , la humanidad y el trato del gobierno.\" \/><figcaption class=\"elementor-image-carousel-caption\">Grabo el segundo videoclip denominado _12 Millones_ tema musical que habla sobre la realidad , la humanidad y el trato del gobierno.<\/figcaption><\/figure><\/div>\t\t\t<\/div>\n\t\t\t\t\t\t\t\t\t\t\t\t<div class=\"elementor-swiper-button elementor-swiper-button-prev\" role=\"button\" tabindex=\"0\">\n\t\t\t\t\t\t<i aria-hidden=\"true\" class=\"eicon-chevron-left\"><\/i>\t\t\t\t\t<\/div>\n\t\t\t\t\t<div class=\"elementor-swiper-button elementor-swiper-button-next\" role=\"button\" tabindex=\"0\">\n\t\t\t\t\t\t<i aria-hidden=\"true\" class=\"eicon-chevron-right\"><\/i>\t\t\t\t\t<\/div>\n\t\t\t\t\n\t\t\t\t\t\t\t\t\t<div class=\"swiper-pagination\"><\/div>\n\t\t\t\t\t\t\t\t\t<\/div>\n\t\t\t\t\t\t<\/div>\n\t\t\t\t\t<\/div>\n\t\t<\/div>\n\t\t\t\t\t<\/div>\n\t\t<\/section>\n\t\t\t\t<\/div>\n\t\t","protected":false},"excerpt":{"rendered":"<p>&#8220;Pueblo bendito de Dios tu nombre es Pachalum, tierra donde di mis primeros pasos junto a mis padres&#8221;, as\u00ed inicia una canci\u00f3n de Joselino Chocoj, cantautor guatemalteco que dej\u00f3 su tierra para ayudar a su familia. Joselino Chocoj es originario de Pachalum Quich\u00e9, Guatemala, migr\u00f3 a Estados Unidos a los 17 a\u00f1os de edad para [&hellip;]<\/p>\n","protected":false},"author":10,"featured_media":2192,"comment_status":"open","ping_status":"open","sticky":false,"template":"","format":"standard","meta":{"_acf_changed":false,"_eb_attr":"","footnotes":""},"categories":[50],"tags":[],"class_list":["post-2190","post","type-post","status-publish","format-standard","has-post-thumbnail","hentry","category-exitos"],"acf":[],"aioseo_notices":[],"aioseo_head":"\n\t\t<!-- All in One SEO Pro 4.9.6.2 - aioseo.com -->\n\t<meta name=\"description\" content=\"Joselino Chocoj, un migrante guatemalteco que, a trav\u00e9s de su m\u00fasica, comparte su amor por la familia y su tierra natal\" \/>\n\t<meta name=\"robots\" content=\"max-snippet:-1, max-image-preview:large, max-video-preview:-1\" \/>\n\t<meta name=\"author\" content=\"Diana Batz\"\/>\n\t<link rel=\"canonical\" href=\"https:\/\/soymigrante.com\/revista\/compositor-guatemalteco-joselino-chocoj\/\" \/>\n\t<meta name=\"generator\" content=\"All in One SEO Pro (AIOSEO) 4.9.6.2\" \/>\n\n\t\t<link rel=\"preconnect\" href=\"https:\/\/fonts.googleapis.com\" crossorigin>\n<link rel=\"preconnect\" href=\"https:\/\/fonts.gstatic.com\" crossorigin>\n\t\t<meta property=\"og:locale\" content=\"es_ES\" \/>\n\t\t<meta property=\"og:site_name\" content=\"SoyMigrante.com REVISTA \u2013 Nuestra misi\u00f3n es reconocer y dignificar al migrante.\" \/>\n\t\t<meta property=\"og:type\" content=\"article\" \/>\n\t\t<meta property=\"og:title\" content=\"Migrante y Compositor: La Inspiraci\u00f3n de Joselino Chocoj\" \/>\n\t\t<meta property=\"og:description\" content=\"Joselino Chocoj, un migrante guatemalteco que, a trav\u00e9s de su m\u00fasica, comparte su amor por la familia y su tierra natal\" \/>\n\t\t<meta property=\"og:url\" content=\"https:\/\/soymigrante.com\/revista\/compositor-guatemalteco-joselino-chocoj\/\" \/>\n\t\t<meta property=\"og:image\" content=\"https:\/\/soymigrante.com\/revista\/wp-content\/uploads\/2023\/08\/Captura-de-pantalla-2023-08-11-115547.webp\" \/>\n\t\t<meta property=\"og:image:secure_url\" content=\"https:\/\/soymigrante.com\/revista\/wp-content\/uploads\/2023\/08\/Captura-de-pantalla-2023-08-11-115547.webp\" \/>\n\t\t<meta property=\"og:image:width\" content=\"1097\" \/>\n\t\t<meta property=\"og:image:height\" content=\"932\" \/>\n\t\t<meta property=\"article:published_time\" content=\"2023-08-11T19:35:35+00:00\" \/>\n\t\t<meta property=\"article:modified_time\" content=\"2024-07-31T04:00:57+00:00\" \/>\n\t\t<meta property=\"article:publisher\" content=\"https:\/\/www.facebook.com\/soymigrantecom\" \/>\n\t\t<meta name=\"twitter:card\" content=\"summary_large_image\" \/>\n\t\t<meta name=\"twitter:site\" content=\"@SoyMigrante_com\" \/>\n\t\t<meta name=\"twitter:title\" content=\"Migrante y Compositor: La Inspiraci\u00f3n de Joselino Chocoj\" \/>\n\t\t<meta name=\"twitter:description\" content=\"Joselino Chocoj, un migrante guatemalteco que, a trav\u00e9s de su m\u00fasica, comparte su amor por la familia y su tierra natal\" \/>\n\t\t<meta name=\"twitter:creator\" content=\"@SoyMigrante_com\" \/>\n\t\t<meta name=\"twitter:image\" content=\"https:\/\/soymigrante.com\/revista\/wp-content\/uploads\/2023\/08\/Captura-de-pantalla-2023-08-11-115547.webp\" \/>\n\t\t<!-- All in One SEO Pro -->\r\n\t\t<title>Migrante y Compositor: La Inspiraci\u00f3n de Joselino Chocoj<\/title>\n\n","aioseo_head_json":{"title":"Migrante y Compositor: La Inspiraci\u00f3n de Joselino Chocoj","description":"Joselino Chocoj, un migrante guatemalteco que, a trav\u00e9s de su m\u00fasica, comparte su amor por la familia y su tierra natal","canonical_url":"https:\/\/soymigrante.com\/revista\/compositor-guatemalteco-joselino-chocoj\/","robots":"max-snippet:-1, max-image-preview:large, max-video-preview:-1","keywords":"","webmasterTools":{"miscellaneous":"&lt;link rel=\"preconnect\" href=\"https:\/\/fonts.googleapis.com\" crossorigin&gt;\n&lt;link rel=\"preconnect\" href=\"https:\/\/fonts.gstatic.com\" crossorigin&gt;"},"schema":null,"og:locale":"es_ES","og:site_name":"SoyMigrante.com REVISTA \u2013 Nuestra misi\u00f3n es reconocer y dignificar al migrante.","og:type":"article","og:title":"Migrante y Compositor: La Inspiraci\u00f3n de Joselino Chocoj","og:description":"Joselino Chocoj, un migrante guatemalteco que, a trav\u00e9s de su m\u00fasica, comparte su amor por la familia y su tierra natal","og:url":"https:\/\/soymigrante.com\/revista\/compositor-guatemalteco-joselino-chocoj\/","og:image":"https:\/\/soymigrante.com\/revista\/wp-content\/uploads\/2023\/08\/Captura-de-pantalla-2023-08-11-115547.webp","og:image:secure_url":"https:\/\/soymigrante.com\/revista\/wp-content\/uploads\/2023\/08\/Captura-de-pantalla-2023-08-11-115547.webp","og:image:width":1097,"og:image:height":932,"article:published_time":"2023-08-11T19:35:35+00:00","article:modified_time":"2024-07-31T04:00:57+00:00","article:publisher":"https:\/\/www.facebook.com\/soymigrantecom","twitter:card":"summary_large_image","twitter:site":"@SoyMigrante_com","twitter:title":"Migrante y Compositor: La Inspiraci\u00f3n de Joselino Chocoj","twitter:description":"Joselino Chocoj, un migrante guatemalteco que, a trav\u00e9s de su m\u00fasica, comparte su amor por la familia y su tierra natal","twitter:creator":"@SoyMigrante_com","twitter:image":"https:\/\/soymigrante.com\/revista\/wp-content\/uploads\/2023\/08\/Captura-de-pantalla-2023-08-11-115547.webp"},"aioseo_meta_data":{"post_id":"2190","title":"#post_title","description":"Joselino Chocoj, un migrante guatemalteco que, a trav\u00e9s de su m\u00fasica, comparte su amor por la familia y su tierra natal","keywords":[],"keyphrases":{"focus":{"keyphrase":"migrante","score":60,"analysis":{"keyphraseInTitle":{"score":9,"maxScore":9,"error":0},"keyphraseInDescription":{"score":9,"maxScore":9,"error":0},"keyphraseLength":{"score":9,"maxScore":9,"error":0,"length":1},"keyphraseInURL":{"score":5,"maxScore":5,"error":0},"keyphraseInIntroduction":{"score":3,"maxScore":9,"error":1},"keyphraseInSubHeadings":{"score":3,"maxScore":9,"error":1},"keyphraseInImageAlt":{"score":3,"maxScore":9,"error":1},"keywordDensity":{"score":0,"type":"low","maxScore":9,"error":1}}},"additional":[]},"primary_term":null,"canonical_url":null,"og_title":null,"og_description":null,"og_object_type":"default","og_image_type":"default","og_image_url":null,"og_image_width":null,"og_image_height":null,"og_image_custom_url":null,"og_image_custom_fields":null,"og_video":"","og_custom_url":null,"og_article_section":null,"og_article_tags":[],"twitter_use_og":false,"twitter_card":"default","twitter_image_type":"default","twitter_image_url":null,"twitter_image_custom_url":null,"twitter_image_custom_fields":null,"twitter_title":null,"twitter_description":null,"schema":{"blockGraphs":[],"customGraphs":[],"default":{"data":{"Article":[],"Course":[],"Dataset":[],"FAQPage":[],"Movie":[],"Person":[],"Product":[],"ProductReview":[],"Car":[],"Recipe":[],"Service":[],"SoftwareApplication":[],"WebPage":[]},"graphName":"BlogPosting","isEnabled":true},"graphs":[]},"schema_type":"default","schema_type_options":null,"pillar_content":false,"robots_default":true,"robots_noindex":false,"robots_noarchive":false,"robots_nosnippet":false,"robots_nofollow":false,"robots_noimageindex":false,"robots_noodp":false,"robots_notranslate":false,"robots_max_snippet":"-1","robots_max_videopreview":"-1","robots_max_imagepreview":"large","priority":null,"frequency":"default","local_seo":null,"seo_analyzer_scan_date":"2025-10-08 20:13:10","breadcrumb_settings":null,"limit_modified_date":false,"reviewed_by":null,"open_ai":null,"ai":null,"created":"2023-08-18 14:52:58","updated":"2026-02-04 09:24:50"},"aioseo_breadcrumb":"<div class=\"aioseo-breadcrumbs\"><span class=\"aioseo-breadcrumb\">\n\t<a href=\"https:\/\/soymigrante.com\/revista\" title=\"Home\">Home<\/a>\n<\/span><span class=\"aioseo-breadcrumb-separator\">\u00bb<\/span><span class=\"aioseo-breadcrumb\">\n\t<a href=\"https:\/\/soymigrante.com\/revista\/category\/exitos\/\" title=\"\u00c9xitos\">\u00c9xitos<\/a>\n<\/span><span class=\"aioseo-breadcrumb-separator\">\u00bb<\/span><span class=\"aioseo-breadcrumb\">\n\tMigrante y Compositor: La Inspiraci\u00f3n de Joselino Chocoj\n<\/span><\/div>","aioseo_breadcrumb_json":[{"label":"Home","link":"https:\/\/soymigrante.com\/revista"},{"label":"\u00c9xitos","link":"https:\/\/soymigrante.com\/revista\/category\/exitos\/"},{"label":"Migrante y Compositor: La Inspiraci\u00f3n de Joselino Chocoj","link":"https:\/\/soymigrante.com\/revista\/compositor-guatemalteco-joselino-chocoj\/"}],"_links":{"self":[{"href":"https:\/\/soymigrante.com\/revista\/wp-json\/wp\/v2\/posts\/2190","targetHints":{"allow":["GET"]}}],"collection":[{"href":"https:\/\/soymigrante.com\/revista\/wp-json\/wp\/v2\/posts"}],"about":[{"href":"https:\/\/soymigrante.com\/revista\/wp-json\/wp\/v2\/types\/post"}],"author":[{"embeddable":true,"href":"https:\/\/soymigrante.com\/revista\/wp-json\/wp\/v2\/users\/10"}],"replies":[{"embeddable":true,"href":"https:\/\/soymigrante.com\/revista\/wp-json\/wp\/v2\/comments?post=2190"}],"version-history":[{"count":0,"href":"https:\/\/soymigrante.com\/revista\/wp-json\/wp\/v2\/posts\/2190\/revisions"}],"wp:featuredmedia":[{"embeddable":true,"href":"https:\/\/soymigrante.com\/revista\/wp-json\/wp\/v2\/media\/2192"}],"wp:attachment":[{"href":"https:\/\/soymigrante.com\/revista\/wp-json\/wp\/v2\/media?parent=2190"}],"wp:term":[{"taxonomy":"category","embeddable":true,"href":"https:\/\/soymigrante.com\/revista\/wp-json\/wp\/v2\/categories?post=2190"},{"taxonomy":"post_tag","embeddable":true,"href":"https:\/\/soymigrante.com\/revista\/wp-json\/wp\/v2\/tags?post=2190"}],"curies":[{"name":"wp","href":"https:\/\/api.w.org\/{rel}","templated":true}]}}