{"id":21861,"date":"2025-01-23T08:59:12","date_gmt":"2025-01-23T14:59:12","guid":{"rendered":"https:\/\/soymigrante.com\/revista\/?p=21861"},"modified":"2025-01-24T11:15:54","modified_gmt":"2025-01-24T17:15:54","slug":"a-b-galeria-de-geovani-batz-colorido-creatividad-y-tradicion-de-totonicapan-esta-en-mercado","status":"publish","type":"post","link":"https:\/\/soymigrante.com\/revista\/a-b-galeria-de-geovani-batz-colorido-creatividad-y-tradicion-de-totonicapan-esta-en-mercado\/","title":{"rendered":"B A Galer\u00eda de Geovani Batz: colorido, creatividad y tradici\u00f3n de Totonicap\u00e1n est\u00e1 en MERCADO"},"content":{"rendered":"\t\t<div data-elementor-type=\"wp-post\" data-elementor-id=\"21861\" class=\"elementor elementor-21861\" data-elementor-post-type=\"post\">\n\t\t\t\t<div data-particle_enable=\"false\" data-particle-mobile-disabled=\"false\" class=\"elementor-element elementor-element-a6efbdf e-flex e-con-boxed e-con e-parent\" data-id=\"a6efbdf\" data-element_type=\"container\" data-e-type=\"container\">\n\t\t\t\t\t<div class=\"e-con-inner\">\n\t\t\t\t<div class=\"elementor-element elementor-element-ce66bf8 elementor-widget elementor-widget-heading\" data-id=\"ce66bf8\" data-element_type=\"widget\" data-e-type=\"widget\" data-widget_type=\"heading.default\">\n\t\t\t\t\t<h2 class=\"elementor-heading-title elementor-size-default\">Desde el coraz\u00f3n de Totonicap\u00e1n, B A Galer\u00eda no solo es un espacio para exhibir arte, sino un movimiento que inspira a nuevas generaciones. Esta vez te traemos la historia de este emprendimiento que ha surgido de la necesidad de fomentar el arte y la m\u00fasica ancestral.<\/h2>\t\t\t\t<\/div>\n\t\t\t\t\t<\/div>\n\t\t\t\t<\/div>\n\t\t<div data-particle_enable=\"false\" data-particle-mobile-disabled=\"false\" class=\"elementor-element elementor-element-5f002a3 e-flex e-con-boxed e-con e-parent\" data-id=\"5f002a3\" data-element_type=\"container\" data-e-type=\"container\">\n\t\t\t\t\t<div class=\"e-con-inner\">\n\t\t\t\t<div class=\"elementor-element elementor-element-177b328 elementor-widget elementor-widget-text-editor\" data-id=\"177b328\" data-element_type=\"widget\" data-e-type=\"widget\" data-widget_type=\"text-editor.default\">\n\t\t\t\t\t\t\t\t\t<p>Con una historia de m\u00e1s de 20 a\u00f1os en la promoci\u00f3n cultural, Geovani Batz y su familia han transformado la visi\u00f3n art\u00edstica en una propuesta integral que combina tradici\u00f3n, creatividad y comunidad a trav\u00e9s de B A Galer\u00eda.\u00a0<\/p><p><span style=\"font-family: Roboto, sans-serif;font-size: 16px;font-style: normal;font-weight: 400\">Geovani Batz, maestro de arte y fundador de B A Galer\u00eda, ha dedicado\u00a0<\/span><a style=\"font-style: normal;font-weight: 400;font-size: 16px;font-family: Roboto, sans-serif\" href=\"https:\/\/soymigrante.com\/revista\/un-gran-sueno-en-coban-lleno-de-imaginacion-munecas-y-amor-por-la-cultura-maya-qeqchi\/\" target=\"_blank\" rel=\"noopener\">su vida a la ense\u00f1anza y creaci\u00f3n art\u00edstica.<\/a><span style=\"font-family: Roboto, sans-serif;font-size: 16px;font-style: normal;font-weight: 400\">\u00a0Su trabajo fusiona lo visual y lo musical, promoviendo la identidad y cultura guatemalteca tanto a nivel local como internacional.<\/span><\/p>\t\t\t\t\t\t\t\t<\/div>\n\t\t\t\t\t<\/div>\n\t\t\t\t<\/div>\n\t\t<div data-particle_enable=\"false\" data-particle-mobile-disabled=\"false\" class=\"elementor-element elementor-element-31d1ae9 e-flex e-con-boxed e-con e-parent\" data-id=\"31d1ae9\" data-element_type=\"container\" data-e-type=\"container\">\n\t\t\t\t\t<div class=\"e-con-inner\">\n\t\t\t\t<div class=\"elementor-element elementor-element-03b7d4d elementor-widget elementor-widget-image\" data-id=\"03b7d4d\" data-element_type=\"widget\" data-e-type=\"widget\" data-widget_type=\"image.default\">\n\t\t\t\t\t\t\t\t\t\t\t\t<figure class=\"wp-caption\">\n\t\t\t\t\t\t\t\t\t\t<img fetchpriority=\"high\" decoding=\"async\" width=\"576\" height=\"1024\" src=\"https:\/\/soymigrante.com\/revista\/wp-content\/uploads\/2025\/01\/Geovani-Batz-576x1024.jpeg\" class=\"attachment-large size-large wp-image-21887\" alt=\"Melod\u00eda tradicional mexicana, m\u00fasico ind\u00edgena tocando flauta en celebraci\u00f3n cultural en M\u00e9xico.\" srcset=\"https:\/\/soymigrante.com\/revista\/wp-content\/uploads\/2025\/01\/Geovani-Batz-576x1024.jpeg 576w, https:\/\/soymigrante.com\/revista\/wp-content\/uploads\/2025\/01\/Geovani-Batz-169x300.jpeg 169w, https:\/\/soymigrante.com\/revista\/wp-content\/uploads\/2025\/01\/Geovani-Batz-768x1365.jpeg 768w, https:\/\/soymigrante.com\/revista\/wp-content\/uploads\/2025\/01\/Geovani-Batz-864x1536.jpeg 864w, https:\/\/soymigrante.com\/revista\/wp-content\/uploads\/2025\/01\/Geovani-Batz-750x1333.webp 750w, https:\/\/soymigrante.com\/revista\/wp-content\/uploads\/2025\/01\/Geovani-Batz.webp 1080w\" sizes=\"(max-width: 576px) 100vw, 576px\" title=\"Geovani Batz \u2013 SoyMigrante.com REVISTA\" \/>\t\t\t\t\t\t\t\t\t\t\t<figcaption class=\"widget-image-caption wp-caption-text\">Reconocimiento de la m\u00fasica ind\u00edgena, cultura mexicana, tradiciones \u00e9tnicas y festivales en M\u00e9xico.<\/figcaption>\n\t\t\t\t\t\t\t\t\t\t<\/figure>\n\t\t\t\t\t\t\t\t\t<\/div>\n\t\t\t\t\t<\/div>\n\t\t\t\t<\/div>\n\t\t<div data-particle_enable=\"false\" data-particle-mobile-disabled=\"false\" class=\"elementor-element elementor-element-c1ac52a e-flex e-con-boxed e-con e-parent\" data-id=\"c1ac52a\" data-element_type=\"container\" data-e-type=\"container\">\n\t\t\t\t\t<div class=\"e-con-inner\">\n\t\t\t\t<div class=\"elementor-element elementor-element-d2e4549 elementor-widget elementor-widget-text-editor\" data-id=\"d2e4549\" data-element_type=\"widget\" data-e-type=\"widget\" data-widget_type=\"text-editor.default\">\n\t\t\t\t\t\t\t\t\t<p><a href=\"https:\/\/soymigrante.com\/mercado\/marketplace\/seller\/profile\/bagaleriadegeovanibatz\">La tienda digital B A Galer\u00eda ya est\u00e1 abierta en SoyMigrante.com MERCADO<\/a>, la comunidad en l\u00ednea creada para que emprendedores y compradores guatemaltecos se encuentren: un proyecto activo, proactivo e innovador para peque\u00f1os negocios y creadores de productos elaborados a mano, detr\u00e1s de los cuales siempre hay una historia. Conoce m\u00e1s de este emprendimiento creado por Geovani Batz.<\/p>\t\t\t\t\t\t\t\t<\/div>\n\t\t\t\t\t<\/div>\n\t\t\t\t<\/div>\n\t\t<div data-particle_enable=\"false\" data-particle-mobile-disabled=\"false\" class=\"elementor-element elementor-element-c214d17 e-flex e-con-boxed e-con e-parent\" data-id=\"c214d17\" data-element_type=\"container\" data-e-type=\"container\">\n\t\t\t\t\t<div class=\"e-con-inner\">\n\t\t\t\t<div class=\"elementor-element elementor-element-02194c0 elementor-widget elementor-widget-image\" data-id=\"02194c0\" data-element_type=\"widget\" data-e-type=\"widget\" data-widget_type=\"image.default\">\n\t\t\t\t\t\t\t\t\t\t\t\t<figure class=\"wp-caption\">\n\t\t\t\t\t\t\t\t\t\t\t<a href=\"https:\/\/soymigrante.com\/mercado\/marketplace\/seller\/profile\/bagaleriadegeovanibatz\">\n\t\t\t\t\t\t\t<img decoding=\"async\" width=\"768\" height=\"365\" src=\"https:\/\/soymigrante.com\/revista\/wp-content\/uploads\/2025\/01\/B-A-galeria-Batz--1024x487.jpg\" class=\"attachment-large size-large wp-image-21888\" alt=\"Arte y cultura en la B-A Galer\u00eda de Geovani Batz en Totonicap\u00e1n, Guatemala, destacando artistas y obras en una exposici\u00f3n de arte y dise\u00f1o.\" srcset=\"https:\/\/soymigrante.com\/revista\/wp-content\/uploads\/2025\/01\/B-A-galeria-Batz--1024x487.jpg 1024w, https:\/\/soymigrante.com\/revista\/wp-content\/uploads\/2025\/01\/B-A-galeria-Batz--300x143.jpg 300w, https:\/\/soymigrante.com\/revista\/wp-content\/uploads\/2025\/01\/B-A-galeria-Batz--768x366.jpg 768w, https:\/\/soymigrante.com\/revista\/wp-content\/uploads\/2025\/01\/B-A-galeria-Batz--750x357.webp 750w, https:\/\/soymigrante.com\/revista\/wp-content\/uploads\/2025\/01\/B-A-galeria-Batz--1140x543.webp 1140w, https:\/\/soymigrante.com\/revista\/wp-content\/uploads\/2025\/01\/B-A-galeria-Batz-.webp 1273w\" sizes=\"(max-width: 768px) 100vw, 768px\" title=\"B A galer\u00eda Batz \u2013 SoyMigrante.com REVISTA\" \/>\t\t\t\t\t\t\t\t<\/a>\n\t\t\t\t\t\t\t\t\t\t\t<figcaption class=\"widget-image-caption wp-caption-text\">Galer\u00eda de arte y dise\u00f1o en Guatemala muestra exhibiciones de artistas locales en la B-A Galer\u00eda.<\/figcaption>\n\t\t\t\t\t\t\t\t\t\t<\/figure>\n\t\t\t\t\t\t\t\t\t<\/div>\n\t\t\t\t\t<\/div>\n\t\t\t\t<\/div>\n\t\t<div data-particle_enable=\"false\" data-particle-mobile-disabled=\"false\" class=\"elementor-element elementor-element-87ac795 e-flex e-con-boxed e-con e-parent\" data-id=\"87ac795\" data-element_type=\"container\" data-e-type=\"container\">\n\t\t\t\t\t<div class=\"e-con-inner\">\n\t\t\t\t<div class=\"elementor-element elementor-element-c946461 elementor-widget elementor-widget-heading\" data-id=\"c946461\" data-element_type=\"widget\" data-e-type=\"widget\" data-widget_type=\"heading.default\">\n\t\t\t\t\t<h3 class=\"elementor-heading-title elementor-size-default\">Un sue\u00f1o que tom\u00f3 forma\n<\/h3>\t\t\t\t<\/div>\n\t\t\t\t\t<\/div>\n\t\t\t\t<\/div>\n\t\t<div data-particle_enable=\"false\" data-particle-mobile-disabled=\"false\" class=\"elementor-element elementor-element-d1eac83 e-flex e-con-boxed e-con e-parent\" data-id=\"d1eac83\" data-element_type=\"container\" data-e-type=\"container\">\n\t\t\t\t\t<div class=\"e-con-inner\">\n\t\t\t\t<div class=\"elementor-element elementor-element-654c135 elementor-widget elementor-widget-text-editor\" data-id=\"654c135\" data-element_type=\"widget\" data-e-type=\"widget\" data-widget_type=\"text-editor.default\">\n\t\t\t\t\t\t\t\t\t<p>La idea de\u00a0 B A Galer\u00eda surgi\u00f3 cuando Geovani, tras graduarse en 2005 como maestro de arte, identific\u00f3 la necesidad de un espacio f\u00edsico para exhibir y ense\u00f1ar arte. Durante a\u00f1os, mientras desarrollaba su l\u00ednea art\u00edstica con retratos y paisajes, so\u00f1aba con un lugar donde el talento local pudiera florecer.<\/p><p>En 2018, junto con su familia, abri\u00f3 un estudio que\u00a0<a href=\"https:\/\/soymigrante.com\/revista\/artista-david-de-paz-convierte-el-sentimiento-en-pinturas-de-arte-qeq\/\" target=\"_blank\" rel=\"noopener\">funcion\u00f3 como galer\u00eda<\/a>\u00a0y espacio para talleres. Aunque la pandemia en 2020 interrumpi\u00f3 temporalmente sus actividades, en 2022 reabrieron con fuerza, consolid\u00e1ndose como un referente art\u00edstico en la regi\u00f3n.<\/p>\t\t\t\t\t\t\t\t<\/div>\n\t\t\t\t\t<\/div>\n\t\t\t\t<\/div>\n\t\t<div data-particle_enable=\"false\" data-particle-mobile-disabled=\"false\" class=\"elementor-element elementor-element-fe1a0fa e-flex e-con-boxed e-con e-parent\" data-id=\"fe1a0fa\" data-element_type=\"container\" data-e-type=\"container\">\n\t\t\t\t\t<div class=\"e-con-inner\">\n\t\t\t\t<div class=\"elementor-element elementor-element-d8bc05f elementor-widget elementor-widget-image\" data-id=\"d8bc05f\" data-element_type=\"widget\" data-e-type=\"widget\" data-widget_type=\"image.default\">\n\t\t\t\t\t\t\t\t\t\t\t\t<figure class=\"wp-caption\">\n\t\t\t\t\t\t\t\t\t\t<img decoding=\"async\" width=\"768\" height=\"512\" src=\"https:\/\/soymigrante.com\/revista\/wp-content\/uploads\/2025\/01\/AB-Galeria-3-1024x682.jpeg\" class=\"attachment-large size-large wp-image-21895\" alt=\"Colores vibrantes y formas abstractas en arte mural, destacando la creatividad y cultura en la revista SoyMigrante.com. Arte urbano, muralismo y multiculturalidad en una imagen art\u00edstica.\" srcset=\"https:\/\/soymigrante.com\/revista\/wp-content\/uploads\/2025\/01\/AB-Galeria-3-1024x682.jpeg 1024w, https:\/\/soymigrante.com\/revista\/wp-content\/uploads\/2025\/01\/AB-Galeria-3-300x200.jpeg 300w, https:\/\/soymigrante.com\/revista\/wp-content\/uploads\/2025\/01\/AB-Galeria-3-768x512.jpeg 768w, https:\/\/soymigrante.com\/revista\/wp-content\/uploads\/2025\/01\/AB-Galeria-3-750x500.webp 750w, https:\/\/soymigrante.com\/revista\/wp-content\/uploads\/2025\/01\/AB-Galeria-3-1140x760.webp 1140w, https:\/\/soymigrante.com\/revista\/wp-content\/uploads\/2025\/01\/AB-Galeria-3.webp 1280w\" sizes=\"(max-width: 768px) 100vw, 768px\" title=\"AB Galer\u00eda 3 \u2013 SoyMigrante.com REVISTA\" \/>\t\t\t\t\t\t\t\t\t\t\t<figcaption class=\"widget-image-caption wp-caption-text\">Colorido mural de arte abstracto con figuras de bailarina y formas geom\u00e9tricas, representando cultura, creatividad y expresi\u00f3n art\u00edstica en un estilo moderno y vibrante. Ideal para ilustrar temas de arte contempor\u00e1neo y cultura visual.<\/figcaption>\n\t\t\t\t\t\t\t\t\t\t<\/figure>\n\t\t\t\t\t\t\t\t\t<\/div>\n\t\t\t\t\t<\/div>\n\t\t\t\t<\/div>\n\t\t<div data-particle_enable=\"false\" data-particle-mobile-disabled=\"false\" class=\"elementor-element elementor-element-8500cc6 e-flex e-con-boxed e-con e-parent\" data-id=\"8500cc6\" data-element_type=\"container\" data-e-type=\"container\">\n\t\t\t\t\t<div class=\"e-con-inner\">\n\t\t\t\t<div class=\"elementor-element elementor-element-5ae4e57 elementor-widget elementor-widget-heading\" data-id=\"5ae4e57\" data-element_type=\"widget\" data-e-type=\"widget\" data-widget_type=\"heading.default\">\n\t\t\t\t\t<h3 class=\"elementor-heading-title elementor-size-default\">El arte de crear\n<\/h3>\t\t\t\t<\/div>\n\t\t\t\t\t<\/div>\n\t\t\t\t<\/div>\n\t\t<div data-particle_enable=\"false\" data-particle-mobile-disabled=\"false\" class=\"elementor-element elementor-element-7f008e8 e-flex e-con-boxed e-con e-parent\" data-id=\"7f008e8\" data-element_type=\"container\" data-e-type=\"container\">\n\t\t\t\t\t<div class=\"e-con-inner\">\n\t\t\t\t<div class=\"elementor-element elementor-element-2885374 elementor-widget elementor-widget-text-editor\" data-id=\"2885374\" data-element_type=\"widget\" data-e-type=\"widget\" data-widget_type=\"text-editor.default\">\n\t\t\t\t\t\t\t\t\t<p>Geovani ha desarrollado nueve series art\u00edsticas a lo largo de su carrera, destac\u00e1ndose por su innovaci\u00f3n. Una de sus primeras creaciones fue un &#8220;ronr\u00f3n&#8221; artesanal hecho de cart\u00f3n y plumas, que adem\u00e1s produc\u00eda sonidos, lo que marc\u00f3 el inicio de una l\u00ednea creativa \u00fanica.<\/p><p>Inspirado en juguetes tradicionales y los paisajes vibrantes de Totonicap\u00e1n, Geovani ha explorado<a href=\"https:\/\/soymigrante.com\/revista\/historias-creatividad-y-economia-se-integran-en-el-ingenio-artesanal-de-guatemala\/\" target=\"_blank\" rel=\"noopener\"> la identidad cultural a trav\u00e9s de su arte.\u00a0<\/a>Su serie m\u00e1s reciente, Popt\u00fan, combina elementos como el tambor y la chirim\u00eda con el petate, destacando instrumentos nacionales y tradiciones ancestrales.<\/p>\t\t\t\t\t\t\t\t<\/div>\n\t\t\t\t\t<\/div>\n\t\t\t\t<\/div>\n\t\t<div data-particle_enable=\"false\" data-particle-mobile-disabled=\"false\" class=\"elementor-element elementor-element-0997620 e-flex e-con-boxed e-con e-parent\" data-id=\"0997620\" data-element_type=\"container\" data-e-type=\"container\">\n\t\t\t\t\t<div class=\"e-con-inner\">\n\t\t\t\t<div class=\"elementor-element elementor-element-26da0ff elementor-widget elementor-widget-heading\" data-id=\"26da0ff\" data-element_type=\"widget\" data-e-type=\"widget\" data-widget_type=\"heading.default\">\n\t\t\t\t\t<h3 class=\"elementor-heading-title elementor-size-default\">M\u00fasica y arte: Una fusi\u00f3n familiar\n<\/h3>\t\t\t\t<\/div>\n\t\t\t\t\t<\/div>\n\t\t\t\t<\/div>\n\t\t<div data-particle_enable=\"false\" data-particle-mobile-disabled=\"false\" class=\"elementor-element elementor-element-4fb5bb7 e-flex e-con-boxed e-con e-parent\" data-id=\"4fb5bb7\" data-element_type=\"container\" data-e-type=\"container\">\n\t\t\t\t\t<div class=\"e-con-inner\">\n\t\t\t\t<div class=\"elementor-element elementor-element-9c1724c elementor-widget elementor-widget-text-editor\" data-id=\"9c1724c\" data-element_type=\"widget\" data-e-type=\"widget\" data-widget_type=\"text-editor.default\">\n\t\t\t\t\t\t\t\t\t<p>Adem\u00e1s de la pintura, Geovani es m\u00fasico autodidacta. Desde los a\u00f1os 2000 ha integrado grupos musicales que se presentan en el occidente de Guatemala. Su serie Festejos refleja las celebraciones y festividades de los pueblos donde ha llevado su m\u00fasica.<\/p><p>El arte de B A Galer\u00eda no es solo un proyecto individual; es una visi\u00f3n de familia. Su esposa, quien es la representante legal del emprendimiento, administra la galer\u00eda, mientras que su hijo, de 13 a\u00f1os, ejecuta el tambor, manteniendo viva la m\u00fasica\u00a0<a style=\"text-align: var(--text-align)\" href=\"https:\/\/soymigrante.com\/revista\/atol-blanco-es-sabor-ancestral-que-nutre-se-disfruta-y-conecta-comunidades\/\" target=\"_blank\" rel=\"noopener\">ancestral.<\/a><\/p>\t\t\t\t\t\t\t\t<\/div>\n\t\t\t\t\t<\/div>\n\t\t\t\t<\/div>\n\t\t<div data-particle_enable=\"false\" data-particle-mobile-disabled=\"false\" class=\"elementor-element elementor-element-b081512 e-flex e-con-boxed e-con e-parent\" data-id=\"b081512\" data-element_type=\"container\" data-e-type=\"container\">\n\t\t\t\t\t<div class=\"e-con-inner\">\n\t\t\t\t<div class=\"elementor-element elementor-element-4b7a6d9 elementor-widget elementor-widget-image\" data-id=\"4b7a6d9\" data-element_type=\"widget\" data-e-type=\"widget\" data-widget_type=\"image.default\">\n\t\t\t\t\t\t\t\t\t\t\t\t<figure class=\"wp-caption\">\n\t\t\t\t\t\t\t\t\t\t<img loading=\"lazy\" decoding=\"async\" width=\"768\" height=\"735\" src=\"https:\/\/soymigrante.com\/revista\/wp-content\/uploads\/2025\/01\/Geovani-Batz-e-hijo-1024x980.jpeg\" class=\"attachment-large size-large wp-image-21896\" alt=\"Pop - Tuna - Batz, fotograf\u00eda en tonos sepia de un hombre y un ni\u00f1o con instrumentos musicales y pintura abstracta en el fondo, representando cultura y arte latinoamericano.\" srcset=\"https:\/\/soymigrante.com\/revista\/wp-content\/uploads\/2025\/01\/Geovani-Batz-e-hijo-1024x980.jpeg 1024w, https:\/\/soymigrante.com\/revista\/wp-content\/uploads\/2025\/01\/Geovani-Batz-e-hijo-300x287.jpeg 300w, https:\/\/soymigrante.com\/revista\/wp-content\/uploads\/2025\/01\/Geovani-Batz-e-hijo-768x735.jpeg 768w, https:\/\/soymigrante.com\/revista\/wp-content\/uploads\/2025\/01\/Geovani-Batz-e-hijo-750x718.webp 750w, https:\/\/soymigrante.com\/revista\/wp-content\/uploads\/2025\/01\/Geovani-Batz-e-hijo-1140x1091.webp 1140w, https:\/\/soymigrante.com\/revista\/wp-content\/uploads\/2025\/01\/Geovani-Batz-e-hijo.webp 1280w\" sizes=\"(max-width: 768px) 100vw, 768px\" title=\"Geovani Batz e hijo \u2013 SoyMigrante.com REVISTA\" \/>\t\t\t\t\t\t\t\t\t\t\t<figcaption class=\"widget-image-caption wp-caption-text\">Representaci\u00f3n art\u00edstica de m\u00fasicos con instrumentos tradicionales en estilo retro, destacando la cultura pop y el arte latinoamericano en la revista SoyMigrante.com.<\/figcaption>\n\t\t\t\t\t\t\t\t\t\t<\/figure>\n\t\t\t\t\t\t\t\t\t<\/div>\n\t\t\t\t\t<\/div>\n\t\t\t\t<\/div>\n\t\t<div data-particle_enable=\"false\" data-particle-mobile-disabled=\"false\" class=\"elementor-element elementor-element-f9da660 e-flex e-con-boxed e-con e-parent\" data-id=\"f9da660\" data-element_type=\"container\" data-e-type=\"container\">\n\t\t\t\t\t<div class=\"e-con-inner\">\n\t\t\t\t<div class=\"elementor-element elementor-element-4faa8ba elementor-widget elementor-widget-heading\" data-id=\"4faa8ba\" data-element_type=\"widget\" data-e-type=\"widget\" data-widget_type=\"heading.default\">\n\t\t\t\t\t<h3 class=\"elementor-heading-title elementor-size-default\">Expandiendo fronteras<\/h3>\t\t\t\t<\/div>\n\t\t\t\t\t<\/div>\n\t\t\t\t<\/div>\n\t\t<div data-particle_enable=\"false\" data-particle-mobile-disabled=\"false\" class=\"elementor-element elementor-element-564836f e-flex e-con-boxed e-con e-parent\" data-id=\"564836f\" data-element_type=\"container\" data-e-type=\"container\">\n\t\t\t\t\t<div class=\"e-con-inner\">\n\t\t\t\t<div class=\"elementor-element elementor-element-981f6bf elementor-widget elementor-widget-text-editor\" data-id=\"981f6bf\" data-element_type=\"widget\" data-e-type=\"widget\" data-widget_type=\"text-editor.default\">\n\t\t\t\t\t\t\t\t\t<p>En agosto de 2024, Geovani llev\u00f3 su propuesta visual y musical a Los \u00c1ngeles, California, por invitaci\u00f3n de la comunidad guatemalteca residente en esa ciudad. Esta experiencia marc\u00f3 un hito en su carrera, motiv\u00e1ndolo a seguir creando y expandiendo la cultura guatemalteca m\u00e1s all\u00e1 de las fronteras.<\/p><p>Geovani Batz es un ejemplo de perseverancia y pasi\u00f3n por el arte. Desde B A Galer\u00eda, busca motivar a las nuevas generaciones, demostrando que en Guatemala es posible construir proyectos significativos con dedicaci\u00f3n, esfuerzo y fe.<\/p><p>Con un estudio en la zona 3 de Totonicap\u00e1n,\u00a0 B A Galer\u00eda no solo es un espacio f\u00edsico, sino un movimiento cultural que refleja la riqueza y diversidad de las tradiciones guatemaltecas, promoviendo el arte como una herramienta para preservar la identidad y conectar comunidades.<\/p>\t\t\t\t\t\t\t\t<\/div>\n\t\t\t\t\t<\/div>\n\t\t\t\t<\/div>\n\t\t<div data-particle_enable=\"false\" data-particle-mobile-disabled=\"false\" class=\"elementor-element elementor-element-7087e67 e-flex e-con-boxed e-con e-parent\" data-id=\"7087e67\" data-element_type=\"container\" data-e-type=\"container\">\n\t\t\t\t\t<div class=\"e-con-inner\">\n\t\t\t\t<div class=\"elementor-element elementor-element-8751bde elementor-widget elementor-widget-video\" data-id=\"8751bde\" data-element_type=\"widget\" data-e-type=\"widget\" data-settings=\"{&quot;youtube_url&quot;:&quot;https:\\\/\\\/www.youtube.com\\\/watch?v=5IFH3q1FA4o&quot;,&quot;video_type&quot;:&quot;youtube&quot;,&quot;controls&quot;:&quot;yes&quot;}\" data-widget_type=\"video.default\">\n\t\t\t\t\t\t\t<div class=\"elementor-wrapper elementor-open-inline\">\n\t\t\t<div class=\"elementor-video\"><\/div>\t\t<\/div>\n\t\t\t\t\t\t<\/div>\n\t\t\t\t\t<\/div>\n\t\t\t\t<\/div>\n\t\t<div data-particle_enable=\"false\" data-particle-mobile-disabled=\"false\" class=\"elementor-element elementor-element-249aa9d e-flex e-con-boxed e-con e-parent\" data-id=\"249aa9d\" data-element_type=\"container\" data-e-type=\"container\">\n\t\t\t\t\t<div class=\"e-con-inner\">\n\t\t\t\t<div class=\"elementor-element elementor-element-6b79934 elementor-widget elementor-widget-heading\" data-id=\"6b79934\" data-element_type=\"widget\" data-e-type=\"widget\" data-widget_type=\"heading.default\">\n\t\t\t\t\t<h2 class=\"elementor-heading-title elementor-size-default\">Conoce la historia de estos emprendimientos<\/h2>\t\t\t\t<\/div>\n\t\t\t\t\t<\/div>\n\t\t\t\t<\/div>\n\t\t<div data-particle_enable=\"false\" data-particle-mobile-disabled=\"false\" class=\"elementor-element elementor-element-acbb8ab e-flex e-con-boxed e-con e-parent\" data-id=\"acbb8ab\" data-element_type=\"container\" data-e-type=\"container\">\n\t\t\t\t\t<div class=\"e-con-inner\">\n\t\t\t\t<div class=\"elementor-element elementor-element-dedf72e elementor-grid-eael-col-3 elementor-grid-tablet-eael-col-2 elementor-grid-mobile-eael-col-1 elementor-widget elementor-widget-eael-post-grid\" data-id=\"dedf72e\" data-element_type=\"widget\" data-e-type=\"widget\" data-settings=\"{&quot;eael_post_grid_columns&quot;:&quot;eael-col-3&quot;,&quot;eael_post_grid_columns_tablet&quot;:&quot;eael-col-2&quot;,&quot;eael_post_grid_columns_mobile&quot;:&quot;eael-col-1&quot;}\" data-widget_type=\"eael-post-grid.default\">\n\t\t\t\t\t<div id=\"eael-post-grid-dedf72e\" class=\"eael-post-grid-container\">\n            <div class=\"eael-post-grid eael-post-appender eael-post-appender-dedf72e eael-post-grid-style-one\" data-layout-mode=\"masonry\"><article class=\"eael-grid-post  eael-post-grid-column eael-pg-post-21664 category-guate-nuestra tags-mercado-emprendedores\" data-id=\"21664\">\n        <div class=\"eael-grid-post-holder\">\n            <div class=\"eael-grid-post-holder-inner\"><div class=\"eael-entry-media\"><div class=\"eael-entry-overlay fade-in\"><i class=\"far fa-hand-pointer\" aria-hidden=\"true\"><\/i><a href=\"https:\/\/soymigrante.com\/revista\/auroras-crafts-la-inspiradora-historia-de-aurora-mejia-y-su-emprendimiento\/\"><\/a><\/div><div class=\"eael-entry-thumbnail \">\n                <img loading=\"lazy\" decoding=\"async\" width=\"1024\" height=\"1024\" src=\"https:\/\/soymigrante.com\/revista\/wp-content\/uploads\/2025\/01\/auroras-grafts-6-1024x1024.jpg\" class=\"attachment-large size-large wp-image-21708\" alt=\"Mural de flores decorativas en tonos pastel, conrecipiente de cesto r\u00fastico y decorativo, en fondo de madera oscura, arte floral para decoraci\u00f3n de interiores, estilo natural y elegante, para espacios acogedores y c\u00e1lidos.\" srcset=\"https:\/\/soymigrante.com\/revista\/wp-content\/uploads\/2025\/01\/auroras-grafts-6-1024x1024.jpg 1024w, https:\/\/soymigrante.com\/revista\/wp-content\/uploads\/2025\/01\/auroras-grafts-6-300x300.jpg 300w, https:\/\/soymigrante.com\/revista\/wp-content\/uploads\/2025\/01\/auroras-grafts-6-150x150.jpg 150w, https:\/\/soymigrante.com\/revista\/wp-content\/uploads\/2025\/01\/auroras-grafts-6-768x768.jpg 768w, https:\/\/soymigrante.com\/revista\/wp-content\/uploads\/2025\/01\/auroras-grafts-6-75x75.webp 75w, https:\/\/soymigrante.com\/revista\/wp-content\/uploads\/2025\/01\/auroras-grafts-6-750x750.webp 750w, https:\/\/soymigrante.com\/revista\/wp-content\/uploads\/2025\/01\/auroras-grafts-6-1140x1140.webp 1140w, https:\/\/soymigrante.com\/revista\/wp-content\/uploads\/2025\/01\/auroras-grafts-6.webp 1377w\" sizes=\"(max-width: 1024px) 100vw, 1024px\" \/>\n            <\/div>\n        <\/div><div class=\"eael-entry-wrapper\"><header class=\"eael-entry-header\"><h2 class=\"eael-entry-title\"><a class=\"eael-grid-post-link\" href=\"https:\/\/soymigrante.com\/revista\/auroras-crafts-la-inspiradora-historia-de-aurora-mejia-y-su-emprendimiento\/\" title=\"Aurora&#8217;s Crafts: cuadros elaborados con materias naturales por manos muy laboriosas\">Aurora&#8217;s Crafts: cuadros elaborados con materias naturales por manos muy laboriosas<\/a><\/h2><\/header><div class=\"eael-entry-content\">\n                        <div class=\"eael-grid-post-excerpt\"><a href=\"https:\/\/soymigrante.com\/revista\/auroras-crafts-la-inspiradora-historia-de-aurora-mejia-y-su-emprendimiento\/\" class=\"eael-post-elements-readmore-btn\">CONOCE SU HISTORIA <\/a><\/div>\n                    <\/div><\/div><\/div>\n        <\/div>\n    <\/article><article class=\"eael-grid-post  eael-post-grid-column eael-pg-post-15424 category-guate-nuestra tags-mercado-emprendedores\" data-id=\"15424\">\n        <div class=\"eael-grid-post-holder\">\n            <div class=\"eael-grid-post-holder-inner\"><div class=\"eael-entry-media\"><div class=\"eael-entry-overlay fade-in\"><i class=\"far fa-hand-pointer\" aria-hidden=\"true\"><\/i><a href=\"https:\/\/soymigrante.com\/revista\/un-gran-sueno-en-coban-lleno-de-imaginacion-munecas-y-amor-por-la-cultura-maya-qeqchi\/\"><\/a><\/div><div class=\"eael-entry-thumbnail \">\n                <img loading=\"lazy\" decoding=\"async\" width=\"685\" height=\"685\" src=\"https:\/\/soymigrante.com\/revista\/wp-content\/uploads\/2024\/12\/munecas-emprendimiento-2.webp\" class=\"attachment-large size-large wp-image-16055\" alt=\"Diversidad cultural en celebraci\u00f3n, figura de mu\u00f1ecos de pareja con trajes tradicionales, representaci\u00f3n art\u00edstica de migrantes en la Revista SoyMigrante, enfatizando la integraci\u00f3n y cultura latinoamericana.\" srcset=\"https:\/\/soymigrante.com\/revista\/wp-content\/uploads\/2024\/12\/munecas-emprendimiento-2.webp 685w, https:\/\/soymigrante.com\/revista\/wp-content\/uploads\/2024\/12\/munecas-emprendimiento-2-300x300.jpg 300w, https:\/\/soymigrante.com\/revista\/wp-content\/uploads\/2024\/12\/munecas-emprendimiento-2-150x150.jpg 150w, https:\/\/soymigrante.com\/revista\/wp-content\/uploads\/2024\/12\/munecas-emprendimiento-2-75x75.webp 75w\" sizes=\"(max-width: 685px) 100vw, 685px\" \/>\n            <\/div>\n        <\/div><div class=\"eael-entry-wrapper\"><header class=\"eael-entry-header\"><h2 class=\"eael-entry-title\"><a class=\"eael-grid-post-link\" href=\"https:\/\/soymigrante.com\/revista\/un-gran-sueno-en-coban-lleno-de-imaginacion-munecas-y-amor-por-la-cultura-maya-qeqchi\/\" title=\"Un gran sue\u00f1o lleno de mu\u00f1ecas, creatividad y amor por la cultura q&#8217;eqchi&#8217; llega a MERCADO\">Un gran sue\u00f1o lleno de mu\u00f1ecas, creatividad y amor por la cultura q&#8217;eqchi&#8217; llega a MERCADO<\/a><\/h2><\/header><div class=\"eael-entry-content\">\n                        <div class=\"eael-grid-post-excerpt\"><a href=\"https:\/\/soymigrante.com\/revista\/un-gran-sueno-en-coban-lleno-de-imaginacion-munecas-y-amor-por-la-cultura-maya-qeqchi\/\" class=\"eael-post-elements-readmore-btn\">CONOCE SU HISTORIA <\/a><\/div>\n                    <\/div><\/div><\/div>\n        <\/div>\n    <\/article><article class=\"eael-grid-post  eael-post-grid-column eael-pg-post-10732 category-guate-nuestra tags-mercado-emprendedores\" data-id=\"10732\">\n        <div class=\"eael-grid-post-holder\">\n            <div class=\"eael-grid-post-holder-inner\"><div class=\"eael-entry-media\"><div class=\"eael-entry-overlay fade-in\"><i class=\"far fa-hand-pointer\" aria-hidden=\"true\"><\/i><a href=\"https:\/\/soymigrante.com\/revista\/maderas-grissell-de-la-familia-oxom-crea-muebles-y-piezas-decorativas-en-coban\/\"><\/a><\/div><div class=\"eael-entry-thumbnail \">\n                <img loading=\"lazy\" decoding=\"async\" width=\"750\" height=\"750\" src=\"https:\/\/soymigrante.com\/revista\/wp-content\/uploads\/2024\/10\/grissell-coban.webp\" class=\"attachment-large size-large wp-image-10972\" alt=\"Espejo de pie de madera, art\u00edculos de decoraci\u00f3n y accesorios para ba\u00f1os en un espacio comercial. Muestra productos de est\u00e9tica, mobiliario y art\u00edculos de higiene personal.\" srcset=\"https:\/\/soymigrante.com\/revista\/wp-content\/uploads\/2024\/10\/grissell-coban.webp 750w, https:\/\/soymigrante.com\/revista\/wp-content\/uploads\/2024\/10\/grissell-coban-300x300.webp 300w, https:\/\/soymigrante.com\/revista\/wp-content\/uploads\/2024\/10\/grissell-coban-150x150.webp 150w, https:\/\/soymigrante.com\/revista\/wp-content\/uploads\/2024\/10\/grissell-coban-75x75.webp 75w\" sizes=\"(max-width: 750px) 100vw, 750px\" \/>\n            <\/div>\n        <\/div><div class=\"eael-entry-wrapper\"><header class=\"eael-entry-header\"><h2 class=\"eael-entry-title\"><a class=\"eael-grid-post-link\" href=\"https:\/\/soymigrante.com\/revista\/maderas-grissell-de-la-familia-oxom-crea-muebles-y-piezas-decorativas-en-coban\/\" title=\"Familia Oxom crea muebles y piezas decorativas en Maderas Gryssell que ya est\u00e1 en MERCADO\">Familia Oxom crea muebles y piezas decorativas en Maderas Gryssell que ya est\u00e1 en MERCADO<\/a><\/h2><\/header><div class=\"eael-entry-content\">\n                        <div class=\"eael-grid-post-excerpt\"><a href=\"https:\/\/soymigrante.com\/revista\/maderas-grissell-de-la-familia-oxom-crea-muebles-y-piezas-decorativas-en-coban\/\" class=\"eael-post-elements-readmore-btn\">CONOCE SU HISTORIA <\/a><\/div>\n                    <\/div><\/div><\/div>\n        <\/div>\n    <\/article><\/div>\n            <div class=\"clearfix\"><\/div>\n        <\/div>\t\t\t\t<\/div>\n\t\t\t\t\t<\/div>\n\t\t\t\t<\/div>\n\t\t\t\t<\/div>\n\t\t","protected":false},"excerpt":{"rendered":"<p>Desde el coraz\u00f3n de Totonicap\u00e1n, B A Galer\u00eda no solo es un espacio para exhibir arte, sino un movimiento que inspira a nuevas generaciones. Esta vez te traemos la historia de este emprendimiento que ha surgido de la necesidad de fomentar el arte y la m\u00fasica ancestral. Con una historia de m\u00e1s de 20 a\u00f1os [&hellip;]<\/p>\n","protected":false},"author":23,"featured_media":21905,"comment_status":"open","ping_status":"open","sticky":false,"template":"","format":"standard","meta":{"_acf_changed":false,"_eb_attr":"","footnotes":""},"categories":[58],"tags":[130],"class_list":["post-21861","post","type-post","status-publish","format-standard","has-post-thumbnail","hentry","category-guate-nuestra","tag-mercado-emprendedores"],"acf":[],"aioseo_notices":[],"aioseo_head":"\n\t\t<!-- All in One SEO Pro 4.9.6.2 - aioseo.com -->\n\t<meta name=\"description\" content=\"Maderas Gryssell es una peque\u00f1a empresa familiar que surgi\u00f3 hace 30 a\u00f1os en la cabecera departamental de Cob\u00e1n, Alta Verapaz.\" \/>\n\t<meta name=\"robots\" content=\"max-snippet:-1, max-image-preview:large, max-video-preview:-1\" \/>\n\t<meta name=\"author\" content=\"Beatriz Tercero\"\/>\n\t<link rel=\"canonical\" href=\"https:\/\/soymigrante.com\/revista\/maderas-grissell-de-la-familia-oxom-crea-muebles-y-piezas-decorativas-en-coban\/\" \/>\n\t<meta name=\"generator\" content=\"All in One SEO Pro (AIOSEO) 4.9.6.2\" \/>\n\n\t\t<link rel=\"preconnect\" href=\"https:\/\/fonts.googleapis.com\" crossorigin>\n<link rel=\"preconnect\" href=\"https:\/\/fonts.gstatic.com\" crossorigin>\n\t\t<meta property=\"og:locale\" content=\"es_ES\" \/>\n\t\t<meta property=\"og:site_name\" content=\"SoyMigrante.com REVISTA \u2013 Nuestra misi\u00f3n es reconocer y dignificar al migrante.\" \/>\n\t\t<meta property=\"og:type\" content=\"article\" \/>\n\t\t<meta property=\"og:title\" content=\"Maderas Gryssell convierte la madera en arte y utilidad\" \/>\n\t\t<meta property=\"og:description\" content=\"Maderas Gryssell es una peque\u00f1a empresa familiar que surgi\u00f3 hace 30 a\u00f1os en la cabecera departamental de Cob\u00e1n, Alta Verapaz.\" \/>\n\t\t<meta property=\"og:url\" content=\"https:\/\/soymigrante.com\/revista\/maderas-grissell-de-la-familia-oxom-crea-muebles-y-piezas-decorativas-en-coban\/\" \/>\n\t\t<meta property=\"og:image\" content=\"https:\/\/soymigrante.com\/revista\/wp-content\/uploads\/2024\/10\/grissell-coban.webp\" \/>\n\t\t<meta property=\"og:image:secure_url\" content=\"https:\/\/soymigrante.com\/revista\/wp-content\/uploads\/2024\/10\/grissell-coban.webp\" \/>\n\t\t<meta property=\"og:image:width\" content=\"750\" \/>\n\t\t<meta property=\"og:image:height\" content=\"750\" \/>\n\t\t<meta property=\"article:published_time\" content=\"2024-10-30T22:23:17+00:00\" \/>\n\t\t<meta property=\"article:modified_time\" content=\"2025-07-21T20:27:30+00:00\" \/>\n\t\t<meta property=\"article:publisher\" content=\"https:\/\/www.facebook.com\/soymigrantecom\" \/>\n\t\t<meta name=\"twitter:card\" content=\"summary_large_image\" \/>\n\t\t<meta name=\"twitter:site\" content=\"@SoyMigrante_com\" \/>\n\t\t<meta name=\"twitter:title\" content=\"Maderas Gryssell convierte la madera en arte y utilidad\" \/>\n\t\t<meta name=\"twitter:description\" content=\"Maderas Gryssell es una peque\u00f1a empresa familiar que surgi\u00f3 hace 30 a\u00f1os en la cabecera departamental de Cob\u00e1n, Alta Verapaz.\" \/>\n\t\t<meta name=\"twitter:creator\" content=\"@SoyMigrante_com\" \/>\n\t\t<meta name=\"twitter:image\" content=\"https:\/\/soymigrante.com\/revista\/wp-content\/uploads\/2024\/10\/grissell-coban.webp\" \/>\n\t\t<!-- All in One SEO Pro -->\r\n\t\t<title>Maderas Gryssell convierte la madera en arte y utilidad<\/title>\n\n","aioseo_head_json":{"title":"Maderas Gryssell convierte la madera en arte y utilidad","description":"Maderas Gryssell es una peque\u00f1a empresa familiar que surgi\u00f3 hace 30 a\u00f1os en la cabecera departamental de Cob\u00e1n, Alta Verapaz.","canonical_url":"https:\/\/soymigrante.com\/revista\/maderas-grissell-de-la-familia-oxom-crea-muebles-y-piezas-decorativas-en-coban\/","robots":"max-snippet:-1, max-image-preview:large, max-video-preview:-1","keywords":"","webmasterTools":{"miscellaneous":"&lt;link rel=\"preconnect\" href=\"https:\/\/fonts.googleapis.com\" crossorigin&gt;\n&lt;link rel=\"preconnect\" href=\"https:\/\/fonts.gstatic.com\" crossorigin&gt;"},"schema":null,"og:locale":"es_ES","og:site_name":"SoyMigrante.com REVISTA \u2013 Nuestra misi\u00f3n es reconocer y dignificar al migrante.","og:type":"article","og:title":"Maderas Gryssell convierte la madera en arte y utilidad","og:description":"Maderas Gryssell es una peque\u00f1a empresa familiar que surgi\u00f3 hace 30 a\u00f1os en la cabecera departamental de Cob\u00e1n, Alta Verapaz.","og:url":"https:\/\/soymigrante.com\/revista\/maderas-grissell-de-la-familia-oxom-crea-muebles-y-piezas-decorativas-en-coban\/","og:image":"https:\/\/soymigrante.com\/revista\/wp-content\/uploads\/2024\/10\/grissell-coban.webp","og:image:secure_url":"https:\/\/soymigrante.com\/revista\/wp-content\/uploads\/2024\/10\/grissell-coban.webp","og:image:width":750,"og:image:height":750,"article:published_time":"2024-10-30T22:23:17+00:00","article:modified_time":"2025-07-21T20:27:30+00:00","article:publisher":"https:\/\/www.facebook.com\/soymigrantecom","twitter:card":"summary_large_image","twitter:site":"@SoyMigrante_com","twitter:title":"Maderas Gryssell convierte la madera en arte y utilidad","twitter:description":"Maderas Gryssell es una peque\u00f1a empresa familiar que surgi\u00f3 hace 30 a\u00f1os en la cabecera departamental de Cob\u00e1n, Alta Verapaz.","twitter:creator":"@SoyMigrante_com","twitter:image":"https:\/\/soymigrante.com\/revista\/wp-content\/uploads\/2024\/10\/grissell-coban.webp"},"aioseo_meta_data":{"post_id":"21861","title":"B A Galer\u00eda: Promoviendo el arte y la cultura desde Totonicap\u00e1n","description":"Desde el coraz\u00f3n de Totonicap\u00e1n, B A Galer\u00eda crea piezas que fusionan arte, color e imaginaci\u00f3n. Ya abri\u00f3 su tienda digital en SoyMigrante MERCADO.","keywords":null,"keyphrases":{"focus":{"keyphrase":"A B Galer\u00eda","score":65,"analysis":{"keyphraseInTitle":{"score":3,"maxScore":9,"error":1},"keyphraseInDescription":{"score":3,"maxScore":9,"error":1},"keyphraseLength":{"score":9,"maxScore":9,"error":0,"length":4},"keyphraseInURL":{"score":5,"maxScore":5,"error":0},"keyphraseInIntroduction":{"score":9,"maxScore":9,"error":0},"keyphraseInSubHeadings":{"score":3,"maxScore":9,"error":1},"keyphraseInImageAlt":{"score":3,"maxScore":9,"error":1},"keywordDensity":{"type":"best","score":9,"maxScore":9,"error":0}}},"additional":[{"keyphrase":"arte","score":73,"analysis":{"keyphraseInDescription":{"score":9,"maxScore":9,"error":0},"keyphraseLength":{"score":9,"maxScore":9,"error":0,"length":1},"keyphraseInIntroduction":{"score":3,"maxScore":9,"error":1},"keyphraseInImageAlt":{"score":3,"maxScore":9,"error":1},"keywordDensity":{"type":"best","score":9,"maxScore":9,"error":0}}},{"keyphrase":"cultura","score":60,"analysis":{"keyphraseInDescription":{"score":3,"maxScore":9,"error":1},"keyphraseLength":{"score":9,"maxScore":9,"error":0,"length":1},"keyphraseInIntroduction":{"score":3,"maxScore":9,"error":1},"keyphraseInImageAlt":{"score":3,"maxScore":9,"error":1},"keywordDensity":{"type":"best","score":9,"maxScore":9,"error":0}}},{"keyphrase":"Totonicap\u00e1n","score":53,"analysis":{"keyphraseInDescription":{"score":9,"maxScore":9,"error":0},"keyphraseLength":{"score":9,"maxScore":9,"error":0,"length":2},"keyphraseInIntroduction":{"score":3,"maxScore":9,"error":1},"keyphraseInImageAlt":{"score":3,"maxScore":9,"error":1},"keywordDensity":{"score":0,"type":"low","maxScore":9,"error":1}}},{"keyphrase":"mercado","score":53,"analysis":{"keyphraseInDescription":{"score":9,"maxScore":9,"error":0},"keyphraseLength":{"score":9,"maxScore":9,"error":0,"length":1},"keyphraseInIntroduction":{"score":3,"maxScore":9,"error":1},"keyphraseInImageAlt":{"score":3,"maxScore":9,"error":1},"keywordDensity":{"score":0,"type":"low","maxScore":9,"error":1}}},{"keyphrase":"B A Galer\u00eda","score":53,"analysis":{"keyphraseInDescription":{"score":9,"maxScore":9,"error":0},"keyphraseLength":{"score":9,"maxScore":9,"error":0,"length":4},"keyphraseInIntroduction":{"score":3,"maxScore":9,"error":1},"keyphraseInImageAlt":{"score":3,"maxScore":9,"error":1},"keywordDensity":{"score":0,"type":"low","maxScore":9,"error":1}}},{"keyphrase":"Geovani Batz","score":73,"analysis":{"keyphraseInDescription":{"score":3,"maxScore":9,"error":1},"keyphraseLength":{"score":9,"maxScore":9,"error":0,"length":2},"keyphraseInIntroduction":{"score":9,"maxScore":9,"error":0},"keyphraseInImageAlt":{"score":3,"maxScore":9,"error":1},"keywordDensity":{"type":"best","score":9,"maxScore":9,"error":0}}}]},"primary_term":null,"canonical_url":null,"og_title":null,"og_description":null,"og_object_type":"default","og_image_type":"default","og_image_url":null,"og_image_width":null,"og_image_height":null,"og_image_custom_url":null,"og_image_custom_fields":null,"og_video":"","og_custom_url":null,"og_article_section":null,"og_article_tags":null,"twitter_use_og":false,"twitter_card":"default","twitter_image_type":"default","twitter_image_url":null,"twitter_image_custom_url":null,"twitter_image_custom_fields":null,"twitter_title":null,"twitter_description":null,"schema":{"blockGraphs":[],"customGraphs":[],"default":{"data":{"Article":[],"Course":[],"Dataset":[],"FAQPage":[],"Movie":[],"Person":[],"Product":[],"ProductReview":[],"Car":[],"Recipe":[],"Service":[],"SoftwareApplication":[],"WebPage":[]},"graphName":"BlogPosting","isEnabled":true},"graphs":[]},"schema_type":"default","schema_type_options":null,"pillar_content":false,"robots_default":true,"robots_noindex":false,"robots_noarchive":false,"robots_nosnippet":false,"robots_nofollow":false,"robots_noimageindex":false,"robots_noodp":false,"robots_notranslate":false,"robots_max_snippet":"-1","robots_max_videopreview":"-1","robots_max_imagepreview":"large","priority":null,"frequency":"default","local_seo":null,"seo_analyzer_scan_date":"2025-10-09 02:05:10","breadcrumb_settings":null,"limit_modified_date":false,"reviewed_by":null,"open_ai":"{\"title\":{\"suggestions\":[],\"usage\":0},\"description\":{\"suggestions\":[],\"usage\":0}}","ai":null,"created":"2025-01-21 15:12:36","updated":"2026-02-04 19:30:17"},"aioseo_breadcrumb":"<div class=\"aioseo-breadcrumbs\"><span class=\"aioseo-breadcrumb\">\n\t<a href=\"https:\/\/soymigrante.com\/revista\" title=\"Home\">Home<\/a>\n<\/span><span class=\"aioseo-breadcrumb-separator\">\u00bb<\/span><span class=\"aioseo-breadcrumb\">\n\t<a href=\"https:\/\/soymigrante.com\/revista\/category\/guate-nuestra\/\" title=\"Guate Nuestra\">Guate Nuestra<\/a>\n<\/span><span class=\"aioseo-breadcrumb-separator\">\u00bb<\/span><span class=\"aioseo-breadcrumb\">\n\tB A Galer\u00eda de Geovani Batz: colorido, creatividad y tradici\u00f3n de Totonicap\u00e1n est\u00e1 en MERCADO\n<\/span><\/div>","aioseo_breadcrumb_json":[{"label":"Home","link":"https:\/\/soymigrante.com\/revista"},{"label":"Guate Nuestra","link":"https:\/\/soymigrante.com\/revista\/category\/guate-nuestra\/"},{"label":"B A Galer\u00eda de Geovani Batz: colorido, creatividad y tradici\u00f3n de Totonicap\u00e1n est\u00e1 en MERCADO","link":"https:\/\/soymigrante.com\/revista\/a-b-galeria-de-geovani-batz-colorido-creatividad-y-tradicion-de-totonicapan-esta-en-mercado\/"}],"_links":{"self":[{"href":"https:\/\/soymigrante.com\/revista\/wp-json\/wp\/v2\/posts\/21861","targetHints":{"allow":["GET"]}}],"collection":[{"href":"https:\/\/soymigrante.com\/revista\/wp-json\/wp\/v2\/posts"}],"about":[{"href":"https:\/\/soymigrante.com\/revista\/wp-json\/wp\/v2\/types\/post"}],"author":[{"embeddable":true,"href":"https:\/\/soymigrante.com\/revista\/wp-json\/wp\/v2\/users\/23"}],"replies":[{"embeddable":true,"href":"https:\/\/soymigrante.com\/revista\/wp-json\/wp\/v2\/comments?post=21861"}],"version-history":[{"count":0,"href":"https:\/\/soymigrante.com\/revista\/wp-json\/wp\/v2\/posts\/21861\/revisions"}],"wp:featuredmedia":[{"embeddable":true,"href":"https:\/\/soymigrante.com\/revista\/wp-json\/wp\/v2\/media\/21905"}],"wp:attachment":[{"href":"https:\/\/soymigrante.com\/revista\/wp-json\/wp\/v2\/media?parent=21861"}],"wp:term":[{"taxonomy":"category","embeddable":true,"href":"https:\/\/soymigrante.com\/revista\/wp-json\/wp\/v2\/categories?post=21861"},{"taxonomy":"post_tag","embeddable":true,"href":"https:\/\/soymigrante.com\/revista\/wp-json\/wp\/v2\/tags?post=21861"}],"curies":[{"name":"wp","href":"https:\/\/api.w.org\/{rel}","templated":true}]}}