{"id":2181,"date":"2023-08-12T19:28:55","date_gmt":"2023-08-12T19:28:55","guid":{"rendered":"https:\/\/soymigrante.com\/revista\/?p=2181"},"modified":"2025-05-12T11:52:07","modified_gmt":"2025-05-12T17:52:07","slug":"proceso-asilo-trabajo-estados-unidos","status":"publish","type":"post","link":"https:\/\/soymigrante.com\/revista\/proceso-asilo-trabajo-estados-unidos\/","title":{"rendered":"Asilo y permiso de trabajo tienen conexi\u00f3n, explica abogada experta en migraci\u00f3n"},"content":{"rendered":"\t\t<div data-elementor-type=\"wp-post\" data-elementor-id=\"2181\" class=\"elementor elementor-2181\" data-elementor-post-type=\"post\">\n\t\t\t\t\t\t<section data-particle_enable=\"false\" data-particle-mobile-disabled=\"false\" class=\"elementor-section elementor-top-section elementor-element elementor-element-5b91401 elementor-section-boxed elementor-section-height-default elementor-section-height-default\" data-id=\"5b91401\" data-element_type=\"section\" data-e-type=\"section\">\n\t\t\t\t\t\t<div class=\"elementor-container elementor-column-gap-default\">\n\t\t\t\t\t<div class=\"elementor-column elementor-col-100 elementor-top-column elementor-element elementor-element-b8b62d4\" data-id=\"b8b62d4\" data-element_type=\"column\" data-e-type=\"column\">\n\t\t\t<div class=\"elementor-widget-wrap elementor-element-populated\">\n\t\t\t\t\t\t<div class=\"elementor-element elementor-element-ed38e66 elementor-widget elementor-widget-heading\" data-id=\"ed38e66\" data-element_type=\"widget\" data-e-type=\"widget\" data-widget_type=\"heading.default\">\n\t\t\t\t\t<h2 class=\"elementor-heading-title elementor-size-default\">Seis meses despu\u00e9s de iniciar un tr\u00e1mite de asilo en Estados Unidos  podr\u00eda efectuarse una solicitud de permiso de trabajo. Cada caso es \u00fanico. La abogada Marlene Markowitz, de origen guatemalteco, ofrece algunas claves.<\/h2>\t\t\t\t<\/div>\n\t\t\t\t\t<\/div>\n\t\t<\/div>\n\t\t\t\t\t<\/div>\n\t\t<\/section>\n\t\t\t\t<section data-particle_enable=\"false\" data-particle-mobile-disabled=\"false\" class=\"elementor-section elementor-top-section elementor-element elementor-element-1ec2f01 elementor-section-boxed elementor-section-height-default elementor-section-height-default\" data-id=\"1ec2f01\" data-element_type=\"section\" data-e-type=\"section\">\n\t\t\t\t\t\t<div class=\"elementor-container elementor-column-gap-default\">\n\t\t\t\t\t<div class=\"elementor-column elementor-col-100 elementor-top-column elementor-element elementor-element-f6f9590\" data-id=\"f6f9590\" data-element_type=\"column\" data-e-type=\"column\">\n\t\t\t<div class=\"elementor-widget-wrap elementor-element-populated\">\n\t\t\t\t\t\t<div class=\"elementor-element elementor-element-20361a0 elementor-widget elementor-widget-text-editor\" data-id=\"20361a0\" data-element_type=\"widget\" data-e-type=\"widget\" data-widget_type=\"text-editor.default\">\n\t\t\t\t\t\t\t\t\t<p><span style=\"font-weight: 400;\">Todo <a href=\"https:\/\/soymigrante.com\/revista\/los-guatemaltecos-estan-acostumbrados-a-superar-condiciones-adversas-pedro-pablo-solares-experto-migratorio\/\">migrante<\/a> tiene derecho a estar informado de los procesos y solicitudes legales. Por eso es importante contar con asesor\u00eda legal a fin de respetar plazos pero tambi\u00e9n poder dar continuidad a tr\u00e1mites que le permitan poder trabajar de manera legalizada, opina la abogada Marlene Markowitz, de origen guatemalteco, quien tiene 12 a\u00f1os de experiencia en temas migratorios.<\/span><\/p><p>Cada caso es \u00fanico y personal. Las circunstancias y condiciones de un tr\u00e1mite pueden no aplicar en otro. Por ello es importante llevar los casos con apoyo de un abogado especialista en migraci\u00f3n, decir y declarar siempre la verdad, as\u00ed como guardar toda la documentaci\u00f3n necesaria del proceso.\u00a0<\/p>\t\t\t\t\t\t\t\t<\/div>\n\t\t\t\t\t<\/div>\n\t\t<\/div>\n\t\t\t\t\t<\/div>\n\t\t<\/section>\n\t\t\t\t<section data-particle_enable=\"false\" data-particle-mobile-disabled=\"false\" class=\"elementor-section elementor-top-section elementor-element elementor-element-e99d5fb elementor-section-boxed elementor-section-height-default elementor-section-height-default\" data-id=\"e99d5fb\" data-element_type=\"section\" data-e-type=\"section\">\n\t\t\t\t\t\t<div class=\"elementor-container elementor-column-gap-default\">\n\t\t\t\t\t<div class=\"elementor-column elementor-col-100 elementor-top-column elementor-element elementor-element-3c31c25\" data-id=\"3c31c25\" data-element_type=\"column\" data-e-type=\"column\">\n\t\t\t<div class=\"elementor-widget-wrap elementor-element-populated\">\n\t\t\t\t\t\t<div class=\"elementor-element elementor-element-0cb06ac elementor-widget elementor-widget-html\" data-id=\"0cb06ac\" data-element_type=\"widget\" data-e-type=\"widget\" data-widget_type=\"html.default\">\n\t\t\t\t\t<iframe width=\"320\" height=\"560\" src=\"https:\/\/www.youtube.com\/embed\/lVzX8Xpe1PY\" title=\"@abogadamarlene 786-566-0045 #abogadadeinmigracion #abogadalatina #inmigracion\" frameborder=\"0\" allow=\"accelerometer; autoplay; clipboard-write; encrypted-media; gyroscope; picture-in-picture; web-share\" allowfullscreen><\/iframe>\t\t\t\t<\/div>\n\t\t\t\t\t<\/div>\n\t\t<\/div>\n\t\t\t\t\t<\/div>\n\t\t<\/section>\n\t\t<div data-particle_enable=\"false\" data-particle-mobile-disabled=\"false\" class=\"elementor-element elementor-element-3134ad6 e-flex e-con-boxed e-con e-parent\" data-id=\"3134ad6\" data-element_type=\"container\" data-e-type=\"container\">\n\t\t\t\t\t<div class=\"e-con-inner\">\n\t\t\t\t<div class=\"elementor-element elementor-element-84d3c02 elementor-widget elementor-widget-heading\" data-id=\"84d3c02\" data-element_type=\"widget\" data-e-type=\"widget\" data-widget_type=\"heading.default\">\n\t\t\t\t\t<h3 class=\"elementor-heading-title elementor-size-default\">C\u00f3mo pedir asilo en Estados Unidos<\/h3>\t\t\t\t<\/div>\n\t\t\t\t\t<\/div>\n\t\t\t\t<\/div>\n\t\t<div data-particle_enable=\"false\" data-particle-mobile-disabled=\"false\" class=\"elementor-element elementor-element-2c110a5 e-flex e-con-boxed e-con e-parent\" data-id=\"2c110a5\" data-element_type=\"container\" data-e-type=\"container\">\n\t\t\t\t\t<div class=\"e-con-inner\">\n\t\t\t\t<div class=\"elementor-element elementor-element-d9c03e7 elementor-widget elementor-widget-text-editor\" data-id=\"d9c03e7\" data-element_type=\"widget\" data-e-type=\"widget\" data-widget_type=\"text-editor.default\">\n\t\t\t\t\t\t\t\t\t<p><span style=\"font-weight: 400;\">Comenzar un proceso de asilo en los Estados Unidos es un camino largo y a menudo desafiante, pero con la preparaci\u00f3n y el conocimiento adecuados puede ser menos abrumador.\u00a0 Para solicitar el asilo se debe estar f\u00edsicamente en los Estados Unidos o haber cruzado la frontera. <a href=\"https:\/\/soymigrante.com\/revista\/donde-encontrar-ayuda-legal-para-tu-caso-de-migracion-en-usa\/\">Se debe contar con apoyo de un abogado especialista.<\/a><\/span><\/p><p><b>Paso 1: <\/b><span style=\"font-weight: 400;\">Presentar el formulario I-589 dentro del primer a\u00f1o de la llegada, completar y enviar el formulario I-589 solicitud de asilo y de suspensi\u00f3n de deportaci\u00f3n al servicio de ciudadan\u00eda e inmigraci\u00f3n de los Estados Unidos.\u00a0 \u201cEste formulario es gratuito y en \u00e9l se te pedir\u00e1 que proporciones informaci\u00f3n sobre ti y las razones por las que no puedes regresar a tu pa\u00eds de origen\u201d<\/span><\/p><p><b>Paso 2: <\/b><span style=\"font-weight: 400;\">Fotograf\u00edas y huellas dactilares, despu\u00e9s de enviar el formulario, se convocar\u00e1 para tomar fotograf\u00edas y se recojan las huellas dactilares \u201cEsta informaci\u00f3n se utilizar\u00e1 para realizar verificaciones de antecedente\u201d<\/span><span style=\"font-weight: 400;\">\u00a0<\/span><\/p>\t\t\t\t\t\t\t\t<\/div>\n\t\t\t\t\t<\/div>\n\t\t\t\t<\/div>\n\t\t<div data-particle_enable=\"false\" data-particle-mobile-disabled=\"false\" class=\"elementor-element elementor-element-8bc03a8 e-flex e-con-boxed e-con e-parent\" data-id=\"8bc03a8\" data-element_type=\"container\" data-e-type=\"container\">\n\t\t\t\t\t<div class=\"e-con-inner\">\n\t\t\t\t<div class=\"elementor-element elementor-element-234695e elementor-widget elementor-widget-heading\" data-id=\"234695e\" data-element_type=\"widget\" data-e-type=\"widget\" data-widget_type=\"heading.default\">\n\t\t\t\t\t<h3 class=\"elementor-heading-title elementor-size-default\">Sobre el proceso de entrevista<\/h3>\t\t\t\t<\/div>\n\t\t\t\t\t<\/div>\n\t\t\t\t<\/div>\n\t\t\t\t<section data-particle_enable=\"false\" data-particle-mobile-disabled=\"false\" class=\"elementor-section elementor-top-section elementor-element elementor-element-7484999 elementor-section-boxed elementor-section-height-default elementor-section-height-default\" data-id=\"7484999\" data-element_type=\"section\" data-e-type=\"section\">\n\t\t\t\t\t\t<div class=\"elementor-container elementor-column-gap-default\">\n\t\t\t\t\t<div class=\"elementor-column elementor-col-100 elementor-top-column elementor-element elementor-element-5bf0de4\" data-id=\"5bf0de4\" data-element_type=\"column\" data-e-type=\"column\">\n\t\t\t<div class=\"elementor-widget-wrap elementor-element-populated\">\n\t\t\t\t\t\t<div class=\"elementor-element elementor-element-e9a58a5 elementor-widget elementor-widget-text-editor\" data-id=\"e9a58a5\" data-element_type=\"widget\" data-e-type=\"widget\" data-widget_type=\"text-editor.default\">\n\t\t\t\t\t\t\t\t\t<p>\u00a0<\/p><p><span style=\"font-family: Roboto, sans-serif; font-size: 16px; font-style: normal; font-variant-ligatures: normal; font-variant-caps: normal; font-weight: bold;\">Paso 3:\u00a0<\/span><span style=\"font-family: Roboto, sans-serif; font-size: 16px; font-style: normal; font-variant-ligatures: normal; font-variant-caps: normal; font-weight: 400;\">La entrevista, posteriormente la persona ser\u00e1 citada para una entrevista con un oficial de asilo. \u201cEsta entrevista es la oportunidad para explicar en detalle por qu\u00e9 temes regresar a tu pa\u00eds y por qu\u00e9 mereces el asilo\u201d, explica la abogada Marlene Markowitz.\u00a0<\/span><\/p><p><span style=\"font-weight: 400;\">Para la entrevista es crucial revisar la solicitud, familiarizarse con cada detalle del formulario I-589 \u201cAl encontrar alguna inconsistencia entre la solicitud y la entrevista podr\u00eda resultar en un rechazo\u201d<\/span><\/p><p><span style=\"font-weight: 400;\">Completar la documentaci\u00f3n \u201cRe\u00fane tantas pruebas como puedas para respaldar el caso esto puede incluir informes de noticias, informes m\u00e9dicos, policiales y testimonios de testigos entre otros\u201d\u00a0<\/span><\/p><p><span style=\"font-weight: 400;\">Pr\u00e1ctica las respuestas a las preguntas que podr\u00edan hacerte en la entrevista \u201cPueden preguntarte acerca de tus experiencias en tu pa\u00eds de origen y por qu\u00e9 temes regresar, la vestimenta y comportamiento; v\u00edstete de manera profesional y muestra respeto durante la entrevista\u201d<\/span><\/p><p><b>Paso 4: <\/b><span style=\"font-weight: 400;\">La decisi\u00f3n, despu\u00e9s de la entrevista se recibir\u00e1 la decisi\u00f3n del oficial de asilo puede ser aprobado rechazado o referido a un juez de inmigraci\u00f3n \u201cEn el \u00faltimo caso tendr\u00e1s que presentar tu caso en una corte de inmigraci\u00f3n\u201d<\/span><\/p><p><b>Paso 5: <\/b><span style=\"font-weight: 400;\">En caso de ser negativa se tiene derecho de apelar la decisi\u00f3n \u201cEsto debe hacerse en un plazo de 30 d\u00edas es importante recordar que este proceso puede ser muy complicado y estar sujeto a cambios dependiendo de las pol\u00edticas actuales\u201d<\/span><\/p>\t\t\t\t\t\t\t\t<\/div>\n\t\t\t\t\t<\/div>\n\t\t<\/div>\n\t\t\t\t\t<\/div>\n\t\t<\/section>\n\t\t\t\t<section data-particle_enable=\"false\" data-particle-mobile-disabled=\"false\" class=\"elementor-section elementor-top-section elementor-element elementor-element-1fb5e9f elementor-section-boxed elementor-section-height-default elementor-section-height-default\" data-id=\"1fb5e9f\" data-element_type=\"section\" data-e-type=\"section\">\n\t\t\t\t\t\t<div class=\"elementor-container elementor-column-gap-default\">\n\t\t\t\t\t<div class=\"elementor-column elementor-col-100 elementor-top-column elementor-element elementor-element-1890943\" data-id=\"1890943\" data-element_type=\"column\" data-e-type=\"column\">\n\t\t\t<div class=\"elementor-widget-wrap elementor-element-populated\">\n\t\t\t\t\t\t<div class=\"elementor-element elementor-element-decbe88 elementor-widget elementor-widget-image\" data-id=\"decbe88\" data-element_type=\"widget\" data-e-type=\"widget\" data-widget_type=\"image.default\">\n\t\t\t\t\t\t\t\t\t\t\t\t\t\t\t<img fetchpriority=\"high\" decoding=\"async\" width=\"768\" height=\"512\" src=\"https:\/\/soymigrante.com\/revista\/wp-content\/uploads\/2023\/08\/two-young-clerks-cleaning-food-truck-before-openin-2023-11-27-05-31-19-utc-1024x683.webp\" class=\"attachment-large size-large wp-image-10257\" alt=\"Clientes limpiando un food truck con tem\u00e1tica de migrantes en una fachada exterior, promoviendo negocios y emprendedores inmigrantes.\" srcset=\"https:\/\/soymigrante.com\/revista\/wp-content\/uploads\/2023\/08\/two-young-clerks-cleaning-food-truck-before-openin-2023-11-27-05-31-19-utc-1024x683.webp 1024w, https:\/\/soymigrante.com\/revista\/wp-content\/uploads\/2023\/08\/two-young-clerks-cleaning-food-truck-before-openin-2023-11-27-05-31-19-utc-300x200.webp 300w, https:\/\/soymigrante.com\/revista\/wp-content\/uploads\/2023\/08\/two-young-clerks-cleaning-food-truck-before-openin-2023-11-27-05-31-19-utc-768x512.webp 768w, https:\/\/soymigrante.com\/revista\/wp-content\/uploads\/2023\/08\/two-young-clerks-cleaning-food-truck-before-openin-2023-11-27-05-31-19-utc-1536x1024.webp 1536w, https:\/\/soymigrante.com\/revista\/wp-content\/uploads\/2023\/08\/two-young-clerks-cleaning-food-truck-before-openin-2023-11-27-05-31-19-utc-scaled.webp 1920w\" sizes=\"(max-width: 768px) 100vw, 768px\" title=\"Two young clerks cleaning food truck before opening \u2013 SoyMigrante.com REVISTA\" \/>\t\t\t\t\t\t\t\t\t\t\t\t\t\t\t<\/div>\n\t\t\t\t\t<\/div>\n\t\t<\/div>\n\t\t\t\t\t<\/div>\n\t\t<\/section>\n\t\t<div data-particle_enable=\"false\" data-particle-mobile-disabled=\"false\" class=\"elementor-element elementor-element-1f87a52 e-flex e-con-boxed e-con e-parent\" data-id=\"1f87a52\" data-element_type=\"container\" data-e-type=\"container\">\n\t\t\t\t\t<div class=\"e-con-inner\">\n\t\t\t\t<div class=\"elementor-element elementor-element-6884c6c elementor-widget elementor-widget-heading\" data-id=\"6884c6c\" data-element_type=\"widget\" data-e-type=\"widget\" data-widget_type=\"heading.default\">\n\t\t\t\t\t<h3 class=\"elementor-heading-title elementor-size-default\">Ya con el asilo se puede solicitar un permiso legal de trabajo<\/h3>\t\t\t\t<\/div>\n\t\t\t\t\t<\/div>\n\t\t\t\t<\/div>\n\t\t\t\t<section data-particle_enable=\"false\" data-particle-mobile-disabled=\"false\" class=\"elementor-section elementor-top-section elementor-element elementor-element-c92c8e8 elementor-section-boxed elementor-section-height-default elementor-section-height-default\" data-id=\"c92c8e8\" data-element_type=\"section\" data-e-type=\"section\">\n\t\t\t\t\t\t<div class=\"elementor-container elementor-column-gap-default\">\n\t\t\t\t\t<div class=\"elementor-column elementor-col-100 elementor-top-column elementor-element elementor-element-186f769\" data-id=\"186f769\" data-element_type=\"column\" data-e-type=\"column\">\n\t\t\t<div class=\"elementor-widget-wrap elementor-element-populated\">\n\t\t\t\t\t\t<div class=\"elementor-element elementor-element-f890a33 elementor-widget elementor-widget-text-editor\" data-id=\"f890a33\" data-element_type=\"widget\" data-e-type=\"widget\" data-widget_type=\"text-editor.default\">\n\t\t\t\t\t\t\t\t\t<p><span style=\"font-weight: 400;\">Uno de los aspectos importantes para <a href=\"https:\/\/soymigrante.com\/revista\/category\/recursos-migratorios\/\">quienes solicitan asilo <\/a>es trabajar y mantenerse econ\u00f3micamente durante el proceso. Implica conocer los siguientes aspectos<\/span><\/p><ul><li><b>Primero se realiza el proceso de solicitud de asilo y conocer los plazos<\/b><\/li><\/ul><p><span style=\"font-weight: 400;\">El proceso de solicitud de asilo en Estados Unidos implica presentar una petici\u00f3n formal ante el servicio de ciudadan\u00eda e inmigraci\u00f3n \u201cUna vez presentada la solicitud se inicia un proceso de evaluaci\u00f3n que puede llevar tiempo, aunque existen plazos legales establecidos, la realidad es que el tiempo de espera puede variar considerablemente debido a la carga de trabajo de las oficinas de asilo y otros factores\u201d<\/span><\/p><ul><li><b>Plazo para solicitar un permiso<\/b> <b>de trabajo<\/b><\/li><\/ul><p><span style=\"font-weight: 400;\">De acuerdo con las regulaciones de inmigraci\u00f3n de Estados Unidos, despu\u00e9s de que hayan transcurrido 180 d\u00edas desde la presentaci\u00f3n de la solicitud de asilo sin ninguna respuesta por parte de la instancia, los solicitantes pueden presentar una solicitud de permiso de trabajo utilizando el formulario I-765 (solicitud de documento de autorizaci\u00f3n de empleo)<\/span><\/p><p><span style=\"font-weight: 400;\">\u201cEste formulario debe completarse y enviarse junto con los documentos requeridos y la tarifa correspondiente\u201d<\/span><\/p><ul><li><b>Importancia del permiso de trabajo<\/b><span style=\"font-weight: 400;\">\u00a0<\/span><\/li><\/ul><p><span style=\"font-weight: 400;\">Obtener un permiso de trabajo es fundamental para las personas que buscan asilo en Estados Unidos les permita ganarse la vida de manera legal mientras esperan una respuesta a su solicitud de asilo, el permiso proporciona la oportunidad de encontrar un empleo pagar facturas y cubrir las necesidades b\u00e1sicas.<\/span><\/p><p><span style=\"font-weight: 400;\">\u201cTambi\u00e9n puede ser un factor importante para <a href=\"https:\/\/soymigrante.com\/revista\/migrante-idioma-ingles-aprendizaje-claves-reto-oportunidad\/\">la integraci\u00f3n de los solicitantes de asilo <\/a>en la sociedad estadounidense, es importante tener en cuenta que si bien el permiso de trabajo brinda la oportunidad de trabajar legalmente no garantiza la aprobaci\u00f3n de la solicitud de asilo, el proceso de asilo en s\u00ed mismo contin\u00faa su curso independientemente de la solicitud de permiso de trabajo\u201d.\u00a0<\/span><\/p>\t\t\t\t\t\t\t\t<\/div>\n\t\t\t\t\t<\/div>\n\t\t<\/div>\n\t\t\t\t\t<\/div>\n\t\t<\/section>\n\t\t\t\t<section data-particle_enable=\"false\" data-particle-mobile-disabled=\"false\" class=\"elementor-section elementor-top-section elementor-element elementor-element-e0841c2 elementor-section-boxed elementor-section-height-default elementor-section-height-default\" data-id=\"e0841c2\" data-element_type=\"section\" data-e-type=\"section\">\n\t\t\t\t\t\t<div class=\"elementor-container elementor-column-gap-default\">\n\t\t\t\t\t<div class=\"elementor-column elementor-col-100 elementor-top-column elementor-element elementor-element-db3e1ce\" data-id=\"db3e1ce\" data-element_type=\"column\" data-e-type=\"column\">\n\t\t\t<div class=\"elementor-widget-wrap elementor-element-populated\">\n\t\t\t\t\t\t<div class=\"elementor-element elementor-element-f1bac1a elementor-widget elementor-widget-text-editor\" data-id=\"f1bac1a\" data-element_type=\"widget\" data-e-type=\"widget\" data-widget_type=\"text-editor.default\">\n\t\t\t\t\t\t\t\t\t<p><b>Para mayor informaci\u00f3n pueden comunicarse al sitio web de la abogada Marlene Markowitz. Puees dar clic en la imagen.<\/b><\/p>\t\t\t\t\t\t\t\t<\/div>\n\t\t\t\t\t<\/div>\n\t\t<\/div>\n\t\t\t\t\t<\/div>\n\t\t<\/section>\n\t\t<div data-particle_enable=\"false\" data-particle-mobile-disabled=\"false\" class=\"elementor-element elementor-element-699d882 e-flex e-con-boxed e-con e-parent\" data-id=\"699d882\" data-element_type=\"container\" data-e-type=\"container\">\n\t\t\t\t\t<div class=\"e-con-inner\">\n\t\t\t\t<div class=\"elementor-element elementor-element-7301f3c elementor-widget elementor-widget-image\" data-id=\"7301f3c\" data-element_type=\"widget\" data-e-type=\"widget\" data-widget_type=\"image.default\">\n\t\t\t\t\t\t\t\t\t\t\t\t\t\t\t\t<a href=\"https:\/\/www.markowitzpa.com\/es\/\">\n\t\t\t\t\t\t\t<img decoding=\"async\" width=\"768\" height=\"503\" src=\"https:\/\/soymigrante.com\/revista\/wp-content\/uploads\/2023\/08\/marlene-markowitz-abogada-migrante-guatemalteca-1024x670.jpg\" class=\"attachment-large size-large wp-image-33198\" alt=\"Mujer migrante en oficina moderna, s\u00edmbolo de \u00e9xito y empoderamiento para la comunidad migrante en Am\u00e9rica Latina.\" srcset=\"https:\/\/soymigrante.com\/revista\/wp-content\/uploads\/2023\/08\/marlene-markowitz-abogada-migrante-guatemalteca-1024x670.jpg 1024w, https:\/\/soymigrante.com\/revista\/wp-content\/uploads\/2023\/08\/marlene-markowitz-abogada-migrante-guatemalteca-300x196.jpg 300w, https:\/\/soymigrante.com\/revista\/wp-content\/uploads\/2023\/08\/marlene-markowitz-abogada-migrante-guatemalteca-768x502.jpg 768w, https:\/\/soymigrante.com\/revista\/wp-content\/uploads\/2023\/08\/marlene-markowitz-abogada-migrante-guatemalteca-750x491.jpg 750w, https:\/\/soymigrante.com\/revista\/wp-content\/uploads\/2023\/08\/marlene-markowitz-abogada-migrante-guatemalteca.webp 1032w\" sizes=\"(max-width: 768px) 100vw, 768px\" title=\"marlene markowitz abogada migrante guatemalteca \u2013 SoyMigrante.com REVISTA\" \/>\t\t\t\t\t\t\t\t<\/a>\n\t\t\t\t\t\t\t\t\t\t\t\t\t\t\t<\/div>\n\t\t\t\t\t<\/div>\n\t\t\t\t<\/div>\n\t\t<div data-particle_enable=\"false\" data-particle-mobile-disabled=\"false\" class=\"elementor-element elementor-element-2bb9844 e-flex e-con-boxed e-con e-parent\" data-id=\"2bb9844\" data-element_type=\"container\" data-e-type=\"container\">\n\t\t\t\t\t<div class=\"e-con-inner\">\n\t\t\t\t<div class=\"elementor-element elementor-element-14c1c46 elementor-grid-eael-col-3 elementor-grid-tablet-eael-col-2 elementor-grid-mobile-eael-col-1 elementor-widget elementor-widget-eael-post-grid\" data-id=\"14c1c46\" data-element_type=\"widget\" data-e-type=\"widget\" data-settings=\"{&quot;eael_post_grid_columns&quot;:&quot;eael-col-3&quot;,&quot;eael_post_grid_columns_tablet&quot;:&quot;eael-col-2&quot;,&quot;eael_post_grid_columns_mobile&quot;:&quot;eael-col-1&quot;}\" data-widget_type=\"eael-post-grid.default\">\n\t\t\t\t\t<div id=\"eael-post-grid-14c1c46\" class=\"eael-post-grid-container\">\n            <div class=\"eael-post-grid eael-post-appender eael-post-appender-14c1c46 eael-post-grid-style-one\" data-layout-mode=\"masonry\"><article class=\"eael-grid-post  eael-post-grid-column eael-pg-post-55151 category-recursos-migratorios\" data-id=\"55151\">\n        <div class=\"eael-grid-post-holder\">\n            <div class=\"eael-grid-post-holder-inner\"><div class=\"eael-entry-media\"><div class=\"eael-entry-overlay fade-in\"><i class=\"far fa-hand-pointer\" aria-hidden=\"true\"><\/i><a href=\"https:\/\/soymigrante.com\/revista\/migrante-hispana-se-hace-viral-al-utilizar-una-tarjeta-roja-conoce-tus-derechos-ante-agentes\/\"><\/a><\/div><div class=\"eael-entry-thumbnail \">\n                <img decoding=\"async\" width=\"1024\" height=\"1024\" src=\"https:\/\/soymigrante.com\/revista\/wp-content\/uploads\/2026\/04\/tarjeta-roja.jpg\" class=\"attachment-large size-large wp-image-55152\" alt=\"tarjeta roja\" srcset=\"https:\/\/soymigrante.com\/revista\/wp-content\/uploads\/2026\/04\/tarjeta-roja.jpg 1024w, https:\/\/soymigrante.com\/revista\/wp-content\/uploads\/2026\/04\/tarjeta-roja-300x300.jpg 300w, https:\/\/soymigrante.com\/revista\/wp-content\/uploads\/2026\/04\/tarjeta-roja-150x150.jpg 150w, https:\/\/soymigrante.com\/revista\/wp-content\/uploads\/2026\/04\/tarjeta-roja-768x768.jpg 768w, https:\/\/soymigrante.com\/revista\/wp-content\/uploads\/2026\/04\/tarjeta-roja-75x75.jpg 75w, https:\/\/soymigrante.com\/revista\/wp-content\/uploads\/2026\/04\/tarjeta-roja-750x750.jpg 750w\" sizes=\"(max-width: 1024px) 100vw, 1024px\" \/>\n            <\/div>\n        <\/div><div class=\"eael-entry-wrapper\"><header class=\"eael-entry-header\"><h2 class=\"eael-entry-title\"><a class=\"eael-grid-post-link\" href=\"https:\/\/soymigrante.com\/revista\/migrante-hispana-se-hace-viral-al-utilizar-una-tarjeta-roja-conoce-tus-derechos-ante-agentes\/\" title=\"Migrante hispana se hace viral al utilizar una tarjeta roja Conoce tus Derechos, ante agentes\">Migrante hispana se hace viral al utilizar una tarjeta roja Conoce tus Derechos, ante agentes<\/a><\/h2><\/header><div class=\"eael-entry-content\">\n                        <div class=\"eael-grid-post-excerpt\"><a href=\"https:\/\/soymigrante.com\/revista\/migrante-hispana-se-hace-viral-al-utilizar-una-tarjeta-roja-conoce-tus-derechos-ante-agentes\/\" class=\"eael-post-elements-readmore-btn\">CONOCE SU HISTORIA <\/a><\/div>\n                    <\/div><\/div><\/div>\n        <\/div>\n    <\/article><article class=\"eael-grid-post  eael-post-grid-column eael-pg-post-54708 category-recursos-migratorios\" data-id=\"54708\">\n        <div class=\"eael-grid-post-holder\">\n            <div class=\"eael-grid-post-holder-inner\"><div class=\"eael-entry-media\"><div class=\"eael-entry-overlay fade-in\"><i class=\"far fa-hand-pointer\" aria-hidden=\"true\"><\/i><a href=\"https:\/\/soymigrante.com\/revista\/por-que-es-necesario-declarar-hasta-las-infracciones-de-transito-para-tramitar-residencia-o-ciudadania\/\"><\/a><\/div><div class=\"eael-entry-thumbnail \">\n                <img loading=\"lazy\" decoding=\"async\" width=\"1024\" height=\"1024\" src=\"https:\/\/soymigrante.com\/revista\/wp-content\/uploads\/2026\/04\/a-red-light-on-and-a-traffic-police-ticket-in-a-windshield-at-us-street-1-1024x1024.jpg\" class=\"attachment-large size-large wp-image-54709\" alt=\"a red light on and a traffic police ticket in a windshield at us street 1\" srcset=\"https:\/\/soymigrante.com\/revista\/wp-content\/uploads\/2026\/04\/a-red-light-on-and-a-traffic-police-ticket-in-a-windshield-at-us-street-1-1024x1024.jpg 1024w, https:\/\/soymigrante.com\/revista\/wp-content\/uploads\/2026\/04\/a-red-light-on-and-a-traffic-police-ticket-in-a-windshield-at-us-street-1-300x300.jpg 300w, https:\/\/soymigrante.com\/revista\/wp-content\/uploads\/2026\/04\/a-red-light-on-and-a-traffic-police-ticket-in-a-windshield-at-us-street-1-150x150.jpg 150w, https:\/\/soymigrante.com\/revista\/wp-content\/uploads\/2026\/04\/a-red-light-on-and-a-traffic-police-ticket-in-a-windshield-at-us-street-1-768x768.jpg 768w, https:\/\/soymigrante.com\/revista\/wp-content\/uploads\/2026\/04\/a-red-light-on-and-a-traffic-police-ticket-in-a-windshield-at-us-street-1-75x75.jpg 75w, https:\/\/soymigrante.com\/revista\/wp-content\/uploads\/2026\/04\/a-red-light-on-and-a-traffic-police-ticket-in-a-windshield-at-us-street-1-750x750.jpg 750w, https:\/\/soymigrante.com\/revista\/wp-content\/uploads\/2026\/04\/a-red-light-on-and-a-traffic-police-ticket-in-a-windshield-at-us-street-1-1140x1140.jpg 1140w, https:\/\/soymigrante.com\/revista\/wp-content\/uploads\/2026\/04\/a-red-light-on-and-a-traffic-police-ticket-in-a-windshield-at-us-street-1.jpg 1200w\" sizes=\"(max-width: 1024px) 100vw, 1024px\" \/>\n            <\/div>\n        <\/div><div class=\"eael-entry-wrapper\"><header class=\"eael-entry-header\"><h2 class=\"eael-entry-title\"><a class=\"eael-grid-post-link\" href=\"https:\/\/soymigrante.com\/revista\/por-que-es-necesario-declarar-hasta-las-infracciones-de-transito-para-tramitar-residencia-o-ciudadania\/\" title=\"\u00bfPor qu\u00e9 es necesario declarar hasta las infracciones de tr\u00e1nsito para tramitar residencia o ciudadan\u00eda?\">\u00bfPor qu\u00e9 es necesario declarar hasta las infracciones de tr\u00e1nsito para tramitar residencia o ciudadan\u00eda?<\/a><\/h2><\/header><div class=\"eael-entry-content\">\n                        <div class=\"eael-grid-post-excerpt\"><a href=\"https:\/\/soymigrante.com\/revista\/por-que-es-necesario-declarar-hasta-las-infracciones-de-transito-para-tramitar-residencia-o-ciudadania\/\" class=\"eael-post-elements-readmore-btn\">CONOCE SU HISTORIA <\/a><\/div>\n                    <\/div><\/div><\/div>\n        <\/div>\n    <\/article><article class=\"eael-grid-post  eael-post-grid-column eael-pg-post-53998 category-recursos-migratorios\" data-id=\"53998\">\n        <div class=\"eael-grid-post-holder\">\n            <div class=\"eael-grid-post-holder-inner\"><div class=\"eael-entry-media\"><div class=\"eael-entry-overlay fade-in\"><i class=\"far fa-hand-pointer\" aria-hidden=\"true\"><\/i><a href=\"https:\/\/soymigrante.com\/revista\/abogada-guatemalteca-explica-como-migrantes-detenidos-sin-fianza-podrian-beneficiarse-con-fallo-de-jueza\/\"><\/a><\/div><div class=\"eael-entry-thumbnail \">\n                <img loading=\"lazy\" decoding=\"async\" width=\"670\" height=\"670\" src=\"https:\/\/soymigrante.com\/revista\/wp-content\/uploads\/2026\/03\/abogada-ana-gabriela-urizar-migrante-guatemalteca.jpg\" class=\"attachment-large size-large wp-image-53999\" alt=\"abogada ana gabriela urizar migrante guatemalteca\" srcset=\"https:\/\/soymigrante.com\/revista\/wp-content\/uploads\/2026\/03\/abogada-ana-gabriela-urizar-migrante-guatemalteca.jpg 670w, https:\/\/soymigrante.com\/revista\/wp-content\/uploads\/2026\/03\/abogada-ana-gabriela-urizar-migrante-guatemalteca-300x300.jpg 300w, https:\/\/soymigrante.com\/revista\/wp-content\/uploads\/2026\/03\/abogada-ana-gabriela-urizar-migrante-guatemalteca-150x150.jpg 150w, https:\/\/soymigrante.com\/revista\/wp-content\/uploads\/2026\/03\/abogada-ana-gabriela-urizar-migrante-guatemalteca-75x75.jpg 75w\" sizes=\"(max-width: 670px) 100vw, 670px\" \/>\n            <\/div>\n        <\/div><div class=\"eael-entry-wrapper\"><header class=\"eael-entry-header\"><h2 class=\"eael-entry-title\"><a class=\"eael-grid-post-link\" href=\"https:\/\/soymigrante.com\/revista\/abogada-guatemalteca-explica-como-migrantes-detenidos-sin-fianza-podrian-beneficiarse-con-fallo-de-jueza\/\" title=\"Abogada guatemalteca explica c\u00f3mo migrantes detenidos sin fianza podr\u00edan beneficiarse con fallo judicial reciente\">Abogada guatemalteca explica c\u00f3mo migrantes detenidos sin fianza podr\u00edan beneficiarse con fallo judicial reciente<\/a><\/h2><\/header><div class=\"eael-entry-content\">\n                        <div class=\"eael-grid-post-excerpt\"><a href=\"https:\/\/soymigrante.com\/revista\/abogada-guatemalteca-explica-como-migrantes-detenidos-sin-fianza-podrian-beneficiarse-con-fallo-de-jueza\/\" class=\"eael-post-elements-readmore-btn\">CONOCE SU HISTORIA <\/a><\/div>\n                    <\/div><\/div><\/div>\n        <\/div>\n    <\/article><\/div>\n            <div class=\"clearfix\"><\/div>\n        <\/div>            <div class=\"eael-load-more-button-wrap eael-force-hide\">\n                <button class=\"eael-load-more-button\" id=\"eael-load-more-btn-14c1c46\" data-widget-id=\"14c1c46\" data-widget=\"14c1c46\" data-page-id=\"2181\" data-template=\"{&quot;dir&quot;:&quot;lite&quot;,&quot;file_name&quot;:&quot;one.php&quot;,&quot;name&quot;:&quot;Post-Grid&quot;}\" data-class=\"Essential_Addons_Elementor\\Elements\\Post_Grid\" data-layout=\"masonry\" data-page=\"1\" data-args=\"orderby=date&amp;order=desc&amp;ignore_sticky_posts=1&amp;post_status=publish&amp;posts_per_page=3&amp;offset=0&amp;post_type=post&amp;tax_query%5B0%5D%5Btaxonomy%5D=category&amp;tax_query%5B0%5D%5Bfield%5D=term_id&amp;tax_query%5B0%5D%5Bterms%5D%5B0%5D=59&amp;tax_query%5Brelation%5D=AND\" data-max-page=\"32\">\n                    <span class=\"eael-btn-loader button__loader\"><\/span>\n                    <span class=\"eael_load_more_text\">Load More<\/span>\n                <\/button>\n            <\/div>\n            \t\t\t\t<\/div>\n\t\t\t\t\t<\/div>\n\t\t\t\t<\/div>\n\t\t\t\t<\/div>\n\t\t","protected":false},"excerpt":{"rendered":"<p>Seis meses despu\u00e9s de iniciar un tr\u00e1mite de asilo en Estados Unidos podr\u00eda efectuarse una solicitud de permiso de trabajo. Cada caso es \u00fanico. La abogada Marlene Markowitz, de origen guatemalteco, ofrece algunas claves. Todo migrante tiene derecho a estar informado de los procesos y solicitudes legales. Por eso es importante contar con asesor\u00eda legal [&hellip;]<\/p>\n","protected":false},"author":10,"featured_media":33190,"comment_status":"open","ping_status":"open","sticky":false,"template":"","format":"standard","meta":{"_acf_changed":false,"_eb_attr":"","footnotes":""},"categories":[59],"tags":[],"class_list":["post-2181","post","type-post","status-publish","format-standard","has-post-thumbnail","hentry","category-recursos-migratorios"],"acf":[],"aioseo_notices":[],"aioseo_head":"\n\t\t<!-- All in One SEO Pro 4.9.6.2 - aioseo.com -->\n\t<meta name=\"description\" content=\"Caso Maldonado Bautista abri\u00f3 oportunidad de audiencia ante juez y solicitud de fianza para migrantes detenidos. Abogada guatemalteca Ana Ur\u00edzar explica.\" \/>\n\t<meta name=\"robots\" content=\"max-snippet:-1, max-image-preview:large, max-video-preview:-1\" \/>\n\t<meta name=\"author\" content=\"Gustavo Montenegro\"\/>\n\t<link rel=\"canonical\" href=\"https:\/\/soymigrante.com\/revista\/abogada-guatemalteca-explica-como-migrantes-detenidos-sin-fianza-podrian-beneficiarse-con-fallo-de-jueza\/\" \/>\n\t<meta name=\"generator\" content=\"All in One SEO Pro (AIOSEO) 4.9.6.2\" \/>\n\n\t\t<link rel=\"preconnect\" href=\"https:\/\/fonts.googleapis.com\" crossorigin>\n<link rel=\"preconnect\" href=\"https:\/\/fonts.gstatic.com\" crossorigin>\n\t\t<meta property=\"og:locale\" content=\"es_ES\" \/>\n\t\t<meta property=\"og:site_name\" content=\"SoyMigrante.com REVISTA \u2013 Nuestra misi\u00f3n es reconocer y dignificar al migrante.\" \/>\n\t\t<meta property=\"og:type\" content=\"article\" \/>\n\t\t<meta property=\"og:title\" content=\"Abogada explica fallo a favor de migrantes detenidos sin fianza\" \/>\n\t\t<meta property=\"og:description\" content=\"Caso Maldonado Bautista abri\u00f3 oportunidad de audiencia ante juez y solicitud de fianza para migrantes detenidos. Abogada guatemalteca Ana Ur\u00edzar explica.\" \/>\n\t\t<meta property=\"og:url\" content=\"https:\/\/soymigrante.com\/revista\/abogada-guatemalteca-explica-como-migrantes-detenidos-sin-fianza-podrian-beneficiarse-con-fallo-de-jueza\/\" \/>\n\t\t<meta property=\"og:image\" content=\"https:\/\/soymigrante.com\/revista\/wp-content\/uploads\/2026\/03\/abogada-ana-gabriela-urizar-migrante-guatemalteca.jpg\" \/>\n\t\t<meta property=\"og:image:secure_url\" content=\"https:\/\/soymigrante.com\/revista\/wp-content\/uploads\/2026\/03\/abogada-ana-gabriela-urizar-migrante-guatemalteca.jpg\" \/>\n\t\t<meta property=\"og:image:width\" content=\"670\" \/>\n\t\t<meta property=\"og:image:height\" content=\"670\" \/>\n\t\t<meta property=\"article:published_time\" content=\"2026-03-23T19:32:33+00:00\" \/>\n\t\t<meta property=\"article:modified_time\" content=\"2026-03-23T19:33:24+00:00\" \/>\n\t\t<meta property=\"article:publisher\" content=\"https:\/\/www.facebook.com\/soymigrantecom\" \/>\n\t\t<meta name=\"twitter:card\" content=\"summary_large_image\" \/>\n\t\t<meta name=\"twitter:site\" content=\"@SoyMigrante_com\" \/>\n\t\t<meta name=\"twitter:title\" content=\"Abogada explica fallo a favor de migrantes detenidos sin fianza\" \/>\n\t\t<meta name=\"twitter:description\" content=\"Caso Maldonado Bautista abri\u00f3 oportunidad de audiencia ante juez y solicitud de fianza para migrantes detenidos. Abogada guatemalteca Ana Ur\u00edzar explica.\" \/>\n\t\t<meta name=\"twitter:creator\" content=\"@SoyMigrante_com\" \/>\n\t\t<meta name=\"twitter:image\" content=\"https:\/\/soymigrante.com\/revista\/wp-content\/uploads\/2026\/03\/abogada-ana-gabriela-urizar-migrante-guatemalteca.jpg\" \/>\n\t\t<!-- All in One SEO Pro -->\r\n\t\t<title>Abogada explica fallo a favor de migrantes detenidos sin fianza<\/title>\n\n","aioseo_head_json":{"title":"Abogada explica fallo a favor de migrantes detenidos sin fianza","description":"Caso Maldonado Bautista abri\u00f3 oportunidad de audiencia ante juez y solicitud de fianza para migrantes detenidos. Abogada guatemalteca Ana Ur\u00edzar explica.","canonical_url":"https:\/\/soymigrante.com\/revista\/abogada-guatemalteca-explica-como-migrantes-detenidos-sin-fianza-podrian-beneficiarse-con-fallo-de-jueza\/","robots":"max-snippet:-1, max-image-preview:large, max-video-preview:-1","keywords":"","webmasterTools":{"miscellaneous":"&lt;link rel=\"preconnect\" href=\"https:\/\/fonts.googleapis.com\" crossorigin&gt;\n&lt;link rel=\"preconnect\" href=\"https:\/\/fonts.gstatic.com\" crossorigin&gt;"},"schema":null,"og:locale":"es_ES","og:site_name":"SoyMigrante.com REVISTA \u2013 Nuestra misi\u00f3n es reconocer y dignificar al migrante.","og:type":"article","og:title":"Abogada explica fallo a favor de migrantes detenidos sin fianza","og:description":"Caso Maldonado Bautista abri\u00f3 oportunidad de audiencia ante juez y solicitud de fianza para migrantes detenidos. Abogada guatemalteca Ana Ur\u00edzar explica.","og:url":"https:\/\/soymigrante.com\/revista\/abogada-guatemalteca-explica-como-migrantes-detenidos-sin-fianza-podrian-beneficiarse-con-fallo-de-jueza\/","og:image":"https:\/\/soymigrante.com\/revista\/wp-content\/uploads\/2026\/03\/abogada-ana-gabriela-urizar-migrante-guatemalteca.jpg","og:image:secure_url":"https:\/\/soymigrante.com\/revista\/wp-content\/uploads\/2026\/03\/abogada-ana-gabriela-urizar-migrante-guatemalteca.jpg","og:image:width":670,"og:image:height":670,"article:published_time":"2026-03-23T19:32:33+00:00","article:modified_time":"2026-03-23T19:33:24+00:00","article:publisher":"https:\/\/www.facebook.com\/soymigrantecom","twitter:card":"summary_large_image","twitter:site":"@SoyMigrante_com","twitter:title":"Abogada explica fallo a favor de migrantes detenidos sin fianza","twitter:description":"Caso Maldonado Bautista abri\u00f3 oportunidad de audiencia ante juez y solicitud de fianza para migrantes detenidos. Abogada guatemalteca Ana Ur\u00edzar explica.","twitter:creator":"@SoyMigrante_com","twitter:image":"https:\/\/soymigrante.com\/revista\/wp-content\/uploads\/2026\/03\/abogada-ana-gabriela-urizar-migrante-guatemalteca.jpg"},"aioseo_meta_data":{"post_id":"2181","title":"Solicitando asilo y trabajo en Estados Unidos","description":"Descubre c\u00f3mo el tr\u00e1mite de asilo puede conducir a un permiso laboral en EE.UU., seg\u00fan lo expuso la experta abogada de origen guatemalteco Marlene Markowitz","keywords":null,"keyphrases":{"focus":{"keyphrase":"asilo","score":82,"analysis":{"keyphraseInTitle":{"score":9,"maxScore":9,"error":0},"keyphraseInDescription":{"score":9,"maxScore":9,"error":0},"keyphraseLength":{"score":9,"maxScore":9,"error":0,"length":1},"keyphraseInURL":{"score":5,"maxScore":5,"error":0},"keyphraseInIntroduction":{"score":3,"maxScore":9,"error":1},"keyphraseInSubHeadings":{"score":9,"maxScore":9,"error":0},"keyphraseInImageAlt":{"score":3,"maxScore":9,"error":1},"keywordDensity":{"type":"best","score":9,"maxScore":9,"error":0}}},"additional":[{"keyphrase":"Trabajo","score":60,"analysis":{"keyphraseInDescription":{"score":3,"maxScore":9,"error":1},"keyphraseLength":{"score":9,"maxScore":9,"error":0,"length":1},"keyphraseInIntroduction":{"score":3,"maxScore":9,"error":1},"keyphraseInImageAlt":{"score":3,"maxScore":9,"error":1},"keywordDensity":{"type":"best","score":9,"maxScore":9,"error":0}}}]},"primary_term":null,"canonical_url":null,"og_title":null,"og_description":null,"og_object_type":"default","og_image_type":"default","og_image_url":null,"og_image_width":null,"og_image_height":null,"og_image_custom_url":null,"og_image_custom_fields":null,"og_video":"","og_custom_url":null,"og_article_section":null,"og_article_tags":null,"twitter_use_og":false,"twitter_card":"default","twitter_image_type":"default","twitter_image_url":null,"twitter_image_custom_url":null,"twitter_image_custom_fields":null,"twitter_title":null,"twitter_description":null,"schema":{"blockGraphs":[],"customGraphs":[],"default":{"data":{"Article":[],"Course":[],"Dataset":[],"FAQPage":[],"Movie":[],"Person":[],"Product":[],"ProductReview":[],"Car":[],"Recipe":[],"Service":[],"SoftwareApplication":[],"WebPage":[]},"graphName":"none","isEnabled":true},"graphs":[]},"schema_type":"default","schema_type_options":null,"pillar_content":false,"robots_default":true,"robots_noindex":false,"robots_noarchive":false,"robots_nosnippet":false,"robots_nofollow":false,"robots_noimageindex":false,"robots_noodp":false,"robots_notranslate":false,"robots_max_snippet":"-1","robots_max_videopreview":"-1","robots_max_imagepreview":"large","priority":null,"frequency":"default","local_seo":null,"seo_analyzer_scan_date":"2025-10-08 20:14:30","breadcrumb_settings":null,"limit_modified_date":false,"reviewed_by":null,"open_ai":"{\"title\":{\"suggestions\":[],\"usage\":0},\"description\":{\"suggestions\":[],\"usage\":0}}","ai":null,"created":"2023-08-18 14:52:12","updated":"2026-02-04 09:30:13"},"aioseo_breadcrumb":"<div class=\"aioseo-breadcrumbs\"><span class=\"aioseo-breadcrumb\">\n\t<a href=\"https:\/\/soymigrante.com\/revista\" title=\"Home\">Home<\/a>\n<\/span><span class=\"aioseo-breadcrumb-separator\">\u00bb<\/span><span class=\"aioseo-breadcrumb\">\n\t<a href=\"https:\/\/soymigrante.com\/revista\/category\/recursos-migratorios\/\" title=\"Recursos Migratorios\">Recursos Migratorios<\/a>\n<\/span><span class=\"aioseo-breadcrumb-separator\">\u00bb<\/span><span class=\"aioseo-breadcrumb\">\n\tAsilo y permiso de trabajo tienen conexi\u00f3n, explica abogada experta en migraci\u00f3n\n<\/span><\/div>","aioseo_breadcrumb_json":[{"label":"Home","link":"https:\/\/soymigrante.com\/revista"},{"label":"Recursos Migratorios","link":"https:\/\/soymigrante.com\/revista\/category\/recursos-migratorios\/"},{"label":"Asilo y permiso de trabajo tienen conexi\u00f3n, explica abogada experta en migraci\u00f3n","link":"https:\/\/soymigrante.com\/revista\/proceso-asilo-trabajo-estados-unidos\/"}],"_links":{"self":[{"href":"https:\/\/soymigrante.com\/revista\/wp-json\/wp\/v2\/posts\/2181","targetHints":{"allow":["GET"]}}],"collection":[{"href":"https:\/\/soymigrante.com\/revista\/wp-json\/wp\/v2\/posts"}],"about":[{"href":"https:\/\/soymigrante.com\/revista\/wp-json\/wp\/v2\/types\/post"}],"author":[{"embeddable":true,"href":"https:\/\/soymigrante.com\/revista\/wp-json\/wp\/v2\/users\/10"}],"replies":[{"embeddable":true,"href":"https:\/\/soymigrante.com\/revista\/wp-json\/wp\/v2\/comments?post=2181"}],"version-history":[{"count":11,"href":"https:\/\/soymigrante.com\/revista\/wp-json\/wp\/v2\/posts\/2181\/revisions"}],"predecessor-version":[{"id":33207,"href":"https:\/\/soymigrante.com\/revista\/wp-json\/wp\/v2\/posts\/2181\/revisions\/33207"}],"wp:featuredmedia":[{"embeddable":true,"href":"https:\/\/soymigrante.com\/revista\/wp-json\/wp\/v2\/media\/33190"}],"wp:attachment":[{"href":"https:\/\/soymigrante.com\/revista\/wp-json\/wp\/v2\/media?parent=2181"}],"wp:term":[{"taxonomy":"category","embeddable":true,"href":"https:\/\/soymigrante.com\/revista\/wp-json\/wp\/v2\/categories?post=2181"},{"taxonomy":"post_tag","embeddable":true,"href":"https:\/\/soymigrante.com\/revista\/wp-json\/wp\/v2\/tags?post=2181"}],"curies":[{"name":"wp","href":"https:\/\/api.w.org\/{rel}","templated":true}]}}