{"id":21793,"date":"2025-01-22T07:00:00","date_gmt":"2025-01-22T13:00:00","guid":{"rendered":"https:\/\/soymigrante.com\/revista\/?p=21793"},"modified":"2025-01-26T15:05:20","modified_gmt":"2025-01-26T21:05:20","slug":"alan-tenenbaum-es-ejemplo-de-resiliencia-voluntad-y-superacion-sus-libros-estan-en-mercado","status":"publish","type":"post","link":"https:\/\/soymigrante.com\/revista\/alan-tenenbaum-es-ejemplo-de-resiliencia-voluntad-y-superacion-sus-libros-estan-en-mercado\/","title":{"rendered":"Los libros de Alan Tenembaum animan a lograr lo imposible y ahora est\u00e1n en SoyMigrante.com MERCADO"},"content":{"rendered":"\t\t<div data-elementor-type=\"wp-post\" data-elementor-id=\"21793\" class=\"elementor elementor-21793\" data-elementor-post-type=\"post\">\n\t\t\t\t<div data-particle_enable=\"false\" data-particle-mobile-disabled=\"false\" class=\"elementor-element elementor-element-d25e77b e-flex e-con-boxed e-con e-parent\" data-id=\"d25e77b\" data-element_type=\"container\" data-e-type=\"container\">\n\t\t\t\t\t<div class=\"e-con-inner\">\n\t\t\t\t<div class=\"elementor-element elementor-element-1d8abcc elementor-widget elementor-widget-heading\" data-id=\"1d8abcc\" data-element_type=\"widget\" data-e-type=\"widget\" data-widget_type=\"heading.default\">\n\t\t\t\t\t<h2 class=\"elementor-heading-title elementor-size-default\">Alan Tenenbaum es un ejemplo de resiliencia y transformaci\u00f3n, su vida fue trasladada a libros y conferencias que han marcado vidas y que ahora est\u00e1n en SoyMigrante.com MERCADO. \n<\/h2>\t\t\t\t<\/div>\n\t\t\t\t\t<\/div>\n\t\t\t\t<\/div>\n\t\t<div data-particle_enable=\"false\" data-particle-mobile-disabled=\"false\" class=\"elementor-element elementor-element-dbc1ea2 e-flex e-con-boxed e-con e-parent\" data-id=\"dbc1ea2\" data-element_type=\"container\" data-e-type=\"container\">\n\t\t\t\t\t<div class=\"e-con-inner\">\n\t\t\t\t<div class=\"elementor-element elementor-element-cc0950e elementor-widget elementor-widget-html\" data-id=\"cc0950e\" data-element_type=\"widget\" data-e-type=\"widget\" data-widget_type=\"html.default\">\n\t\t\t\t\t<div id=\"buzzsprout-player-16484056\"><\/div><script src=\"https:\/\/www.buzzsprout.com\/2444168\/episodes\/16484056-alan-tenembaum-resiliencia-e-inspiracion.js?container_id=buzzsprout-player-16484056&player=small\" type=\"text\/javascript\" charset=\"utf-8\"><\/script>\t\t\t\t<\/div>\n\t\t\t\t<div class=\"elementor-element elementor-element-4d8d871 elementor-widget elementor-widget-text-editor\" data-id=\"4d8d871\" data-element_type=\"widget\" data-e-type=\"widget\" data-widget_type=\"text-editor.default\">\n\t\t\t\t\t\t\t\t\t<p>Alan Tenenbaum es un escritor, conferencista y motivador guatemalteco cuya vida cambi\u00f3 dr\u00e1sticamente a los 18 a\u00f1os debido a un accidente que lo dej\u00f3 cuadripl\u00e9jico.<\/p><p>Desde entonces, su historia se ha convertido en un ejemplo de c\u00f3mo afrontar la adversidad con fuerza, optimismo y determinaci\u00f3n.<\/p><p>A trav\u00e9s de sus libros y charlas, Alan ha inspirado a miles de personas en Guatemala y el mundo.<\/p>\t\t\t\t\t\t\t\t<\/div>\n\t\t\t\t\t<\/div>\n\t\t\t\t<\/div>\n\t\t<div data-particle_enable=\"false\" data-particle-mobile-disabled=\"false\" class=\"elementor-element elementor-element-9324200 e-flex e-con-boxed e-con e-parent\" data-id=\"9324200\" data-element_type=\"container\" data-e-type=\"container\">\n\t\t\t\t\t<div class=\"e-con-inner\">\n\t\t\t\t<div class=\"elementor-element elementor-element-33aca3d elementor-widget elementor-widget-text-editor\" data-id=\"33aca3d\" data-element_type=\"widget\" data-e-type=\"widget\" data-widget_type=\"text-editor.default\">\n\t\t\t\t\t\t\t\t\t<p>La tienda digital <a href=\"https:\/\/soymigrante.com\/mercado\/marketplace\/seller\/profile\/Teikirizi\" target=\"_blank\" rel=\"noopener\">\u00a1teikirizi &amp; pa&#8217;lante!<\/a> ya est\u00e1 abierta en <a href=\"https:\/\/soymigrante.com\/mercado\/\" target=\"_blank\" rel=\"noopener\">SoyMigrante.com MERCADO<\/a>, la comunidad en l\u00ednea creada para que emprendedores y compradores guatemaltecos se encuentren: un proyecto activo, proactivo e innovador para peque\u00f1os negocios y creadores de productos elaborados a mano, detr\u00e1s de las cuales siempre hay una historia. Y esta es la historia <a href=\"https:\/\/soymigrante.com\/mercado\/marketplace\/seller\/profile\/Teikirizi\" target=\"_blank\" rel=\"noopener\">\u00a1teikirizi &amp; pa&#8217;lante!.<\/a><\/p>\t\t\t\t\t\t\t\t<\/div>\n\t\t\t\t\t<\/div>\n\t\t\t\t<\/div>\n\t\t<div data-particle_enable=\"false\" data-particle-mobile-disabled=\"false\" class=\"elementor-element elementor-element-2ba49d2 e-flex e-con-boxed e-con e-parent\" data-id=\"2ba49d2\" data-element_type=\"container\" data-e-type=\"container\">\n\t\t\t\t\t<div class=\"e-con-inner\">\n\t\t\t\t<div class=\"elementor-element elementor-element-a814dab elementor-widget elementor-widget-image\" data-id=\"a814dab\" data-element_type=\"widget\" data-e-type=\"widget\" data-widget_type=\"image.default\">\n\t\t\t\t\t\t\t\t\t\t\t\t<figure class=\"wp-caption\">\n\t\t\t\t\t\t\t\t\t\t<img fetchpriority=\"high\" decoding=\"async\" width=\"768\" height=\"346\" src=\"https:\/\/soymigrante.com\/revista\/wp-content\/uploads\/2025\/01\/Captura-de-pantalla-2025-01-20-a-las-180559-1024x461.png\" class=\"attachment-large size-large wp-image-21797\" alt=\"Coloridos personajes de Teikirizi y Pa&#039;Lante, creados en Guatemala, presentan una tierna colecci\u00f3n de mu\u00f1ecos artesanales ideales para ni\u00f1os y coleccionistas, promoviendo la cultura guatemalteca y la artesan\u00eda.\" srcset=\"https:\/\/soymigrante.com\/revista\/wp-content\/uploads\/2025\/01\/Captura-de-pantalla-2025-01-20-a-las-180559-1024x461.png 1024w, https:\/\/soymigrante.com\/revista\/wp-content\/uploads\/2025\/01\/Captura-de-pantalla-2025-01-20-a-las-180559-300x135.png 300w, https:\/\/soymigrante.com\/revista\/wp-content\/uploads\/2025\/01\/Captura-de-pantalla-2025-01-20-a-las-180559-768x346.png 768w, https:\/\/soymigrante.com\/revista\/wp-content\/uploads\/2025\/01\/Captura-de-pantalla-2025-01-20-a-las-180559-1536x692.png 1536w, https:\/\/soymigrante.com\/revista\/wp-content\/uploads\/2025\/01\/Captura-de-pantalla-2025-01-20-a-las-180559-750x338.webp 750w, https:\/\/soymigrante.com\/revista\/wp-content\/uploads\/2025\/01\/Captura-de-pantalla-2025-01-20-a-las-180559-1140x514.webp 1140w, https:\/\/soymigrante.com\/revista\/wp-content\/uploads\/2025\/01\/Captura-de-pantalla-2025-01-20-a-las-180559.webp 1618w\" sizes=\"(max-width: 768px) 100vw, 768px\" title=\"Captura de pantalla 2025-01-20 a las 180559 \u2013 SoyMigrante.com REVISTA\" \/>\t\t\t\t\t\t\t\t\t\t\t<figcaption class=\"widget-image-caption wp-caption-text\">Alt text: Revista SoyMigrante.com con contenido sobre migrantes, cultura y comunidad en Guatemala.<\/figcaption>\n\t\t\t\t\t\t\t\t\t\t<\/figure>\n\t\t\t\t\t\t\t\t\t<\/div>\n\t\t\t\t\t<\/div>\n\t\t\t\t<\/div>\n\t\t<div data-particle_enable=\"false\" data-particle-mobile-disabled=\"false\" class=\"elementor-element elementor-element-81bd0c4 e-flex e-con-boxed e-con e-parent\" data-id=\"81bd0c4\" data-element_type=\"container\" data-e-type=\"container\">\n\t\t\t\t\t<div class=\"e-con-inner\">\n\t\t\t\t<div class=\"elementor-element elementor-element-06470f6 elementor-widget elementor-widget-heading\" data-id=\"06470f6\" data-element_type=\"widget\" data-e-type=\"widget\" data-widget_type=\"heading.default\">\n\t\t\t\t\t<h3 class=\"elementor-heading-title elementor-size-default\">Alan y el accidente que cambi\u00f3 su vida<\/h3>\t\t\t\t<\/div>\n\t\t\t\t\t<\/div>\n\t\t\t\t<\/div>\n\t\t<div data-particle_enable=\"false\" data-particle-mobile-disabled=\"false\" class=\"elementor-element elementor-element-d58272a e-flex e-con-boxed e-con e-parent\" data-id=\"d58272a\" data-element_type=\"container\" data-e-type=\"container\">\n\t\t\t\t\t<div class=\"e-con-inner\">\n\t\t\t\t<div class=\"elementor-element elementor-element-57ded70 elementor-widget elementor-widget-text-editor\" data-id=\"57ded70\" data-element_type=\"widget\" data-e-type=\"widget\" data-widget_type=\"text-editor.default\">\n\t\t\t\t\t\t\t\t\t<p>En 2008, mientras nadaba en una piscina, Alan sufri\u00f3 un golpe en la cabeza que lo dej\u00f3 sin movimiento en su cuerpo.<\/p><p>Este accidente lo llev\u00f3 a vivir en una silla de ruedas, enfrentando m\u00faltiples desaf\u00edos f\u00edsicos y emocionales. Durante los primeros meses tras el accidente, Alan pas\u00f3 por un proceso de aceptaci\u00f3n, adaptaci\u00f3n y aprendizaje.<\/p><p>Ha mencionado que, aunque el inicio fue dif\u00edcil, decidi\u00f3 transformar su situaci\u00f3n en una oportunidad para crecer y ayudar a otros.<\/p>\t\t\t\t\t\t\t\t<\/div>\n\t\t\t\t\t<\/div>\n\t\t\t\t<\/div>\n\t\t<div data-particle_enable=\"false\" data-particle-mobile-disabled=\"false\" class=\"elementor-element elementor-element-f174301 e-flex e-con-boxed e-con e-parent\" data-id=\"f174301\" data-element_type=\"container\" data-e-type=\"container\">\n\t\t\t\t\t<div class=\"e-con-inner\">\n\t\t\t\t<div class=\"elementor-element elementor-element-14cb9b9 elementor-invisible elementor-widget elementor-widget-testimonial\" data-id=\"14cb9b9\" data-element_type=\"widget\" data-e-type=\"widget\" data-settings=\"{&quot;_animation&quot;:&quot;rotateInUpRight&quot;}\" data-widget_type=\"testimonial.default\">\n\t\t\t\t\t\t\t<div class=\"elementor-testimonial-wrapper\">\n\t\t\t\t\t\t\t<div class=\"elementor-testimonial-content\">\u201cDesde que ocurri\u00f3 el accidente decid\u00ed ver eso como una oportunidad, una nueva vida y agradecer que, pese a todo, estaba all\u00ed con vida\u201d.<\/div>\n\t\t\t\n\t\t\t\t\t\t<div class=\"elementor-testimonial-meta elementor-has-image elementor-testimonial-image-position-aside\">\n\t\t\t\t<div class=\"elementor-testimonial-meta-inner\">\n\t\t\t\t\t\t\t\t\t\t\t<div class=\"elementor-testimonial-image\">\n\t\t\t\t\t\t\t<img decoding=\"async\" width=\"1070\" height=\"1600\" src=\"https:\/\/soymigrante.com\/revista\/wp-content\/uploads\/2025\/01\/Alan-1-1.webp\" class=\"attachment-full size-full wp-image-21796\" alt=\"Silla de ruedas con libros de la revista SoyMigrante.com REVISTA, en un entorno colorido y acogedor, promoviendo la inclusi\u00f3n, la lectura y el acceso a contenido sobre migraci\u00f3n y derechos humanos.\" title=\"Alan 1 \u2013 SoyMigrante.com REVISTA\" srcset=\"https:\/\/soymigrante.com\/revista\/wp-content\/uploads\/2025\/01\/Alan-1-1.webp 1070w, https:\/\/soymigrante.com\/revista\/wp-content\/uploads\/2025\/01\/Alan-1-1-201x300.jpeg 201w, https:\/\/soymigrante.com\/revista\/wp-content\/uploads\/2025\/01\/Alan-1-1-685x1024.jpeg 685w, https:\/\/soymigrante.com\/revista\/wp-content\/uploads\/2025\/01\/Alan-1-1-768x1148.jpeg 768w, https:\/\/soymigrante.com\/revista\/wp-content\/uploads\/2025\/01\/Alan-1-1-1027x1536.jpeg 1027w, https:\/\/soymigrante.com\/revista\/wp-content\/uploads\/2025\/01\/Alan-1-1-750x1121.webp 750w\" sizes=\"(max-width: 1070px) 100vw, 1070px\" \/>\t\t\t\t\t\t<\/div>\n\t\t\t\t\t\n\t\t\t\t\t\t\t\t\t\t<div class=\"elementor-testimonial-details\">\n\t\t\t\t\t\t\t\t\t\t\t\t\t\t<div class=\"elementor-testimonial-name\">Alan Tenenbaum<\/div>\n\t\t\t\t\t\t\t\t\t\t\t\t\t\t\t\t\t\t\t\t\t\t<div class=\"elementor-testimonial-job\">Emprendedor y escritor<\/div>\n\t\t\t\t\t\t\t\t\t\t\t\t\t<\/div>\n\t\t\t\t\t\t\t\t\t<\/div>\n\t\t\t<\/div>\n\t\t\t\t\t<\/div>\n\t\t\t\t\t\t<\/div>\n\t\t\t\t\t<\/div>\n\t\t\t\t<\/div>\n\t\t<div data-particle_enable=\"false\" data-particle-mobile-disabled=\"false\" class=\"elementor-element elementor-element-03023da e-flex e-con-boxed e-con e-parent\" data-id=\"03023da\" data-element_type=\"container\" data-e-type=\"container\">\n\t\t\t\t\t<div class=\"e-con-inner\">\n\t\t\t\t<div class=\"elementor-element elementor-element-08451ec elementor-widget elementor-widget-heading\" data-id=\"08451ec\" data-element_type=\"widget\" data-e-type=\"widget\" data-widget_type=\"heading.default\">\n\t\t\t\t\t<h3 class=\"elementor-heading-title elementor-size-default\">Sus palabras y logros son inspiraci\u00f3n para la vida<\/h3>\t\t\t\t<\/div>\n\t\t\t\t\t<\/div>\n\t\t\t\t<\/div>\n\t\t<div data-particle_enable=\"false\" data-particle-mobile-disabled=\"false\" class=\"elementor-element elementor-element-35b563a e-flex e-con-boxed e-con e-parent\" data-id=\"35b563a\" data-element_type=\"container\" data-e-type=\"container\">\n\t\t\t\t\t<div class=\"e-con-inner\">\n\t\t\t\t<div class=\"elementor-element elementor-element-6afb1f4 elementor-widget elementor-widget-image\" data-id=\"6afb1f4\" data-element_type=\"widget\" data-e-type=\"widget\" data-widget_type=\"image.default\">\n\t\t\t\t\t\t\t\t\t\t\t\t<figure class=\"wp-caption\">\n\t\t\t\t\t\t\t\t\t\t<img decoding=\"async\" width=\"768\" height=\"757\" src=\"https:\/\/soymigrante.com\/revista\/wp-content\/uploads\/2025\/01\/Alan-5.webp\" class=\"attachment-large size-large wp-image-21803\" alt=\"Discapacidad y diversidad en la comunidad de migrantes en M\u00e9xico, historia y derechos en Revista SoyMigrante.\" srcset=\"https:\/\/soymigrante.com\/revista\/wp-content\/uploads\/2025\/01\/Alan-5.webp 919w, https:\/\/soymigrante.com\/revista\/wp-content\/uploads\/2025\/01\/Alan-5-300x296.jpeg 300w, https:\/\/soymigrante.com\/revista\/wp-content\/uploads\/2025\/01\/Alan-5-768x757.jpeg 768w, https:\/\/soymigrante.com\/revista\/wp-content\/uploads\/2025\/01\/Alan-5-75x75.webp 75w, https:\/\/soymigrante.com\/revista\/wp-content\/uploads\/2025\/01\/Alan-5-750x739.webp 750w\" sizes=\"(max-width: 768px) 100vw, 768px\" title=\"Alan 5 \u2013 SoyMigrante.com REVISTA\" \/>\t\t\t\t\t\t\t\t\t\t\t<figcaption class=\"widget-image-caption wp-caption-text\">Persona en silla de ruedas disfrutando la playa en un d\u00eda soleado, mostrando inclusi\u00f3n, accesibilidad y derechos de las personas con discapacidad en migraci\u00f3n.<\/figcaption>\n\t\t\t\t\t\t\t\t\t\t<\/figure>\n\t\t\t\t\t\t\t\t\t<\/div>\n\t\t\t\t\t<\/div>\n\t\t\t\t<\/div>\n\t\t<div data-particle_enable=\"false\" data-particle-mobile-disabled=\"false\" class=\"elementor-element elementor-element-9496c0b e-flex e-con-boxed e-con e-parent\" data-id=\"9496c0b\" data-element_type=\"container\" data-e-type=\"container\">\n\t\t\t\t\t<div class=\"e-con-inner\">\n\t\t\t\t<div class=\"elementor-element elementor-element-475f6ff elementor-widget elementor-widget-heading\" data-id=\"475f6ff\" data-element_type=\"widget\" data-e-type=\"widget\" data-widget_type=\"heading.default\">\n\t\t\t\t\t<h3 class=\"elementor-heading-title elementor-size-default\">\u201cEn la Silla de Morfeo\u201d<\/h3>\t\t\t\t<\/div>\n\t\t\t\t\t<\/div>\n\t\t\t\t<\/div>\n\t\t<div data-particle_enable=\"false\" data-particle-mobile-disabled=\"false\" class=\"elementor-element elementor-element-aa2bfaf e-flex e-con-boxed e-con e-parent\" data-id=\"aa2bfaf\" data-element_type=\"container\" data-e-type=\"container\">\n\t\t\t\t\t<div class=\"e-con-inner\">\n\t\t\t\t<div class=\"elementor-element elementor-element-37a63bb elementor-widget elementor-widget-text-editor\" data-id=\"37a63bb\" data-element_type=\"widget\" data-e-type=\"widget\" data-widget_type=\"text-editor.default\">\n\t\t\t\t\t\t\t\t\t<p>Fue publicado en 2015, este libro narra su experiencia personal tras el accidente. Con una mezcla de honestidad y sensibilidad, Alan describe los momentos m\u00e1s dif\u00edciles, los aprendizajes y el proceso de aceptaci\u00f3n.<\/p><p>La obra ha sido muy bien recibida, no solo por personas que enfrentan discapacidades, sino tambi\u00e9n por quienes buscan inspiraci\u00f3n para superar retos en su d\u00eda a d\u00eda.<\/p>\t\t\t\t\t\t\t\t<\/div>\n\t\t\t\t\t<\/div>\n\t\t\t\t<\/div>\n\t\t<div data-particle_enable=\"false\" data-particle-mobile-disabled=\"false\" class=\"elementor-element elementor-element-4cf3088 e-flex e-con-boxed e-con e-parent\" data-id=\"4cf3088\" data-element_type=\"container\" data-e-type=\"container\">\n\t\t\t\t\t<div class=\"e-con-inner\">\n\t\t\t\t<div class=\"elementor-element elementor-element-1c1d2db elementor-widget elementor-widget-image\" data-id=\"1c1d2db\" data-element_type=\"widget\" data-e-type=\"widget\" data-widget_type=\"image.default\">\n\t\t\t\t\t\t\t\t\t\t\t\t<figure class=\"wp-caption\">\n\t\t\t\t\t\t\t\t\t\t<img loading=\"lazy\" decoding=\"async\" width=\"768\" height=\"451\" src=\"https:\/\/soymigrante.com\/revista\/wp-content\/uploads\/2025\/01\/Captura-de-pantalla-2025-01-20-a-las-180649-1024x601.png\" class=\"attachment-large size-large wp-image-21798\" alt=\"Libro en la silla de Morfeo, literatura sobre sue\u00f1os y bienestar, recomendado para lectores que disfrutan de relatos inspiradores y relajantes en espa\u00f1ol, exclusivo para Guatemala.\" srcset=\"https:\/\/soymigrante.com\/revista\/wp-content\/uploads\/2025\/01\/Captura-de-pantalla-2025-01-20-a-las-180649-1024x601.png 1024w, https:\/\/soymigrante.com\/revista\/wp-content\/uploads\/2025\/01\/Captura-de-pantalla-2025-01-20-a-las-180649-300x176.png 300w, https:\/\/soymigrante.com\/revista\/wp-content\/uploads\/2025\/01\/Captura-de-pantalla-2025-01-20-a-las-180649-768x450.png 768w, https:\/\/soymigrante.com\/revista\/wp-content\/uploads\/2025\/01\/Captura-de-pantalla-2025-01-20-a-las-180649-750x440.webp 750w, https:\/\/soymigrante.com\/revista\/wp-content\/uploads\/2025\/01\/Captura-de-pantalla-2025-01-20-a-las-180649-1140x669.webp 1140w, https:\/\/soymigrante.com\/revista\/wp-content\/uploads\/2025\/01\/Captura-de-pantalla-2025-01-20-a-las-180649.webp 1473w\" sizes=\"(max-width: 768px) 100vw, 768px\" title=\"Captura de pantalla 2025-01-20 a las 180649 \u2013 SoyMigrante.com REVISTA\" \/>\t\t\t\t\t\t\t\t\t\t\t<figcaption class=\"widget-image-caption wp-caption-text\">Libro en la silla de Morfeo, una obra que combina sue\u00f1os y relajaci\u00f3n, ideal para lectores que buscan inspiraci\u00f3n y calma en el mundo hispanohablante, disponible en Guatemala.<\/figcaption>\n\t\t\t\t\t\t\t\t\t\t<\/figure>\n\t\t\t\t\t\t\t\t\t<\/div>\n\t\t\t\t\t<\/div>\n\t\t\t\t<\/div>\n\t\t<div data-particle_enable=\"false\" data-particle-mobile-disabled=\"false\" class=\"elementor-element elementor-element-7d3fcfc e-flex e-con-boxed e-con e-parent\" data-id=\"7d3fcfc\" data-element_type=\"container\" data-e-type=\"container\">\n\t\t\t\t\t<div class=\"e-con-inner\">\n\t\t\t\t<div class=\"elementor-element elementor-element-fec5796 elementor-widget elementor-widget-heading\" data-id=\"fec5796\" data-element_type=\"widget\" data-e-type=\"widget\" data-widget_type=\"heading.default\">\n\t\t\t\t\t<h3 class=\"elementor-heading-title elementor-size-default\">\u201cLa batalla de Morfeo\u201d <\/h3>\t\t\t\t<\/div>\n\t\t\t\t\t<\/div>\n\t\t\t\t<\/div>\n\t\t<div data-particle_enable=\"false\" data-particle-mobile-disabled=\"false\" class=\"elementor-element elementor-element-c3e7aa8 e-flex e-con-boxed e-con e-parent\" data-id=\"c3e7aa8\" data-element_type=\"container\" data-e-type=\"container\">\n\t\t\t\t\t<div class=\"e-con-inner\">\n\t\t\t\t<div class=\"elementor-element elementor-element-c042dff elementor-widget elementor-widget-text-editor\" data-id=\"c042dff\" data-element_type=\"widget\" data-e-type=\"widget\" data-widget_type=\"text-editor.default\">\n\t\t\t\t\t\t\t\t\t<p>En esta obra, Alan explora temas universales como la resiliencia, la empat\u00eda y la importancia de encontrar prop\u00f3sito en la vida. Este libro busca motivar a los lectores a reflexionar sobre su propio potencial y su capacidad para transformar las adversidades en oportunidades.<\/p>\t\t\t\t\t\t\t\t<\/div>\n\t\t\t\t\t<\/div>\n\t\t\t\t<\/div>\n\t\t<div data-particle_enable=\"false\" data-particle-mobile-disabled=\"false\" class=\"elementor-element elementor-element-ac53bff e-flex e-con-boxed e-con e-parent\" data-id=\"ac53bff\" data-element_type=\"container\" data-e-type=\"container\">\n\t\t\t\t\t<div class=\"e-con-inner\">\n\t\t\t\t<div class=\"elementor-element elementor-element-ef5dd36 elementor-widget elementor-widget-image\" data-id=\"ef5dd36\" data-element_type=\"widget\" data-e-type=\"widget\" data-widget_type=\"image.default\">\n\t\t\t\t\t\t\t\t\t\t\t\t<figure class=\"wp-caption\">\n\t\t\t\t\t\t\t\t\t\t<img loading=\"lazy\" decoding=\"async\" width=\"768\" height=\"442\" src=\"https:\/\/soymigrante.com\/revista\/wp-content\/uploads\/2025\/01\/Captura-de-pantalla-2025-01-20-a-las-180706-1024x589.png\" class=\"attachment-large size-large wp-image-21799\" alt=\"Fichero de imagen: libro-la-batalla-de-morfeo.jpg.\" srcset=\"https:\/\/soymigrante.com\/revista\/wp-content\/uploads\/2025\/01\/Captura-de-pantalla-2025-01-20-a-las-180706-1024x589.png 1024w, https:\/\/soymigrante.com\/revista\/wp-content\/uploads\/2025\/01\/Captura-de-pantalla-2025-01-20-a-las-180706-300x173.png 300w, https:\/\/soymigrante.com\/revista\/wp-content\/uploads\/2025\/01\/Captura-de-pantalla-2025-01-20-a-las-180706-768x442.png 768w, https:\/\/soymigrante.com\/revista\/wp-content\/uploads\/2025\/01\/Captura-de-pantalla-2025-01-20-a-las-180706-750x431.webp 750w, https:\/\/soymigrante.com\/revista\/wp-content\/uploads\/2025\/01\/Captura-de-pantalla-2025-01-20-a-las-180706-1140x656.webp 1140w, https:\/\/soymigrante.com\/revista\/wp-content\/uploads\/2025\/01\/Captura-de-pantalla-2025-01-20-a-las-180706.webp 1499w\" sizes=\"(max-width: 768px) 100vw, 768px\" title=\"Captura de pantalla 2025-01-20 a las 180706 \u2013 SoyMigrante.com REVISTA\" \/>\t\t\t\t\t\t\t\t\t\t\t<figcaption class=\"widget-image-caption wp-caption-text\">Texto alternativo: Portada del libro La batalla de Morfeo, muestra a una persona en silla de ruedas y otra de pie, con fondo naranja vibrante.<\/figcaption>\n\t\t\t\t\t\t\t\t\t\t<\/figure>\n\t\t\t\t\t\t\t\t\t<\/div>\n\t\t\t\t\t<\/div>\n\t\t\t\t<\/div>\n\t\t<div data-particle_enable=\"false\" data-particle-mobile-disabled=\"false\" class=\"elementor-element elementor-element-1655462 e-flex e-con-boxed e-con e-parent\" data-id=\"1655462\" data-element_type=\"container\" data-e-type=\"container\">\n\t\t\t\t\t<div class=\"e-con-inner\">\n\t\t\t\t<div class=\"elementor-element elementor-element-32b64dc elementor-widget elementor-widget-heading\" data-id=\"32b64dc\" data-element_type=\"widget\" data-e-type=\"widget\" data-widget_type=\"heading.default\">\n\t\t\t\t\t<h3 class=\"elementor-heading-title elementor-size-default\">La motivaci\u00f3n que impulsa a Alan<\/h3>\t\t\t\t<\/div>\n\t\t\t\t\t<\/div>\n\t\t\t\t<\/div>\n\t\t<div data-particle_enable=\"false\" data-particle-mobile-disabled=\"false\" class=\"elementor-element elementor-element-15217a6 e-flex e-con-boxed e-con e-parent\" data-id=\"15217a6\" data-element_type=\"container\" data-e-type=\"container\">\n\t\t\t\t\t<div class=\"e-con-inner\">\n\t\t\t\t<div class=\"elementor-element elementor-element-451fcec elementor-widget elementor-widget-text-editor\" data-id=\"451fcec\" data-element_type=\"widget\" data-e-type=\"widget\" data-widget_type=\"text-editor.default\">\n\t\t\t\t\t\t\t\t\t<p>A lo largo de los a\u00f1os, Alan ha encontrado en la escritura, las charlas motivacionales y la conexi\u00f3n con otras personas, la raz\u00f3n para seguir adelante.<\/p><p>Su principal motivaci\u00f3n es demostrar que, incluso en las circunstancias m\u00e1s dif\u00edciles, es posible encontrar significado y felicidad en la vida.<\/p><p>Alan ha mencionado que sus mayores fuentes de inspiraci\u00f3n son su familia, sus amigos y las personas que se sienten motivadas por su historia.<\/p><p>Su objetivo es derribar las barreras de la discapacidad y fomentar una sociedad m\u00e1s inclusiva y emp\u00e1tica.<\/p>\t\t\t\t\t\t\t\t<\/div>\n\t\t\t\t\t<\/div>\n\t\t\t\t<\/div>\n\t\t<div data-particle_enable=\"false\" data-particle-mobile-disabled=\"false\" class=\"elementor-element elementor-element-b0254c4 e-flex e-con-boxed e-con e-parent\" data-id=\"b0254c4\" data-element_type=\"container\" data-e-type=\"container\">\n\t\t\t\t\t<div class=\"e-con-inner\">\n\t\t\t\t<div class=\"elementor-element elementor-element-7bce4db elementor-widget elementor-widget-image\" data-id=\"7bce4db\" data-element_type=\"widget\" data-e-type=\"widget\" data-widget_type=\"image.default\">\n\t\t\t\t\t\t\t\t\t\t\t\t<figure class=\"wp-caption\">\n\t\t\t\t\t\t\t\t\t\t<img loading=\"lazy\" decoding=\"async\" width=\"768\" height=\"820\" src=\"https:\/\/soymigrante.com\/revista\/wp-content\/uploads\/2025\/01\/Alan-4-959x1024.jpeg\" class=\"attachment-large size-large wp-image-21802\" alt=\"Accesibilidad e inclusi\u00f3n para personas con discapacidad en M\u00e9xico, representada por un hombre en silla de ruedas el\u00e9ctrica en un evento comunitario.\" srcset=\"https:\/\/soymigrante.com\/revista\/wp-content\/uploads\/2025\/01\/Alan-4-959x1024.jpeg 959w, https:\/\/soymigrante.com\/revista\/wp-content\/uploads\/2025\/01\/Alan-4-281x300.jpeg 281w, https:\/\/soymigrante.com\/revista\/wp-content\/uploads\/2025\/01\/Alan-4-768x820.jpeg 768w, https:\/\/soymigrante.com\/revista\/wp-content\/uploads\/2025\/01\/Alan-4-750x801.webp 750w, https:\/\/soymigrante.com\/revista\/wp-content\/uploads\/2025\/01\/Alan-4-1140x1218.webp 1140w, https:\/\/soymigrante.com\/revista\/wp-content\/uploads\/2025\/01\/Alan-4.webp 1172w\" sizes=\"(max-width: 768px) 100vw, 768px\" title=\"Alan 4 \u2013 SoyMigrante.com REVISTA\" \/>\t\t\t\t\t\t\t\t\t\t\t<figcaption class=\"widget-image-caption wp-caption-text\">Hombre en silla de ruedas el\u00e9ctrica participando en evento inclusivo en M\u00e9xico, promoviendo accesibilidad y derechos de personas con discapacidad en la comunidad.<\/figcaption>\n\t\t\t\t\t\t\t\t\t\t<\/figure>\n\t\t\t\t\t\t\t\t\t<\/div>\n\t\t\t\t\t<\/div>\n\t\t\t\t<\/div>\n\t\t<div data-particle_enable=\"false\" data-particle-mobile-disabled=\"false\" class=\"elementor-element elementor-element-9eb26d0 e-flex e-con-boxed e-con e-parent\" data-id=\"9eb26d0\" data-element_type=\"container\" data-e-type=\"container\">\n\t\t\t\t\t<div class=\"e-con-inner\">\n\t\t\t\t<div class=\"elementor-element elementor-element-82f58c7 elementor-widget elementor-widget-image\" data-id=\"82f58c7\" data-element_type=\"widget\" data-e-type=\"widget\" data-widget_type=\"image.default\">\n\t\t\t\t\t\t\t\t\t\t\t\t<figure class=\"wp-caption\">\n\t\t\t\t\t\t\t\t\t\t<img loading=\"lazy\" decoding=\"async\" width=\"768\" height=\"498\" src=\"https:\/\/soymigrante.com\/revista\/wp-content\/uploads\/2025\/01\/Captura-de-pantalla-2025-01-20-a-las-180621-1024x664.png\" class=\"attachment-large size-large wp-image-21800\" alt=\"Siete libros infantiles con ilustraciones coloridas y temas de fantas\u00eda, disponibles en SoyMigrante.com REVISTA para fomentar la lectura y creatividad infantil.\" srcset=\"https:\/\/soymigrante.com\/revista\/wp-content\/uploads\/2025\/01\/Captura-de-pantalla-2025-01-20-a-las-180621-1024x664.png 1024w, https:\/\/soymigrante.com\/revista\/wp-content\/uploads\/2025\/01\/Captura-de-pantalla-2025-01-20-a-las-180621-300x194.png 300w, https:\/\/soymigrante.com\/revista\/wp-content\/uploads\/2025\/01\/Captura-de-pantalla-2025-01-20-a-las-180621-768x498.png 768w, https:\/\/soymigrante.com\/revista\/wp-content\/uploads\/2025\/01\/Captura-de-pantalla-2025-01-20-a-las-180621-750x486.webp 750w, https:\/\/soymigrante.com\/revista\/wp-content\/uploads\/2025\/01\/Captura-de-pantalla-2025-01-20-a-las-180621-1140x739.webp 1140w, https:\/\/soymigrante.com\/revista\/wp-content\/uploads\/2025\/01\/Captura-de-pantalla-2025-01-20-a-las-180621.webp 1384w\" sizes=\"(max-width: 768px) 100vw, 768px\" title=\"Captura de pantalla 2025-01-20 a las 180621 \u2013 SoyMigrante.com REVISTA\" \/>\t\t\t\t\t\t\t\t\t\t\t<figcaption class=\"widget-image-caption wp-caption-text\">Libros ilustrados para ni\u00f1os con temas de fantas\u00eda y diversi\u00f3n, ideales para promover la lectura desde temprana edad en SoyMigrante.com REVISTA.<\/figcaption>\n\t\t\t\t\t\t\t\t\t\t<\/figure>\n\t\t\t\t\t\t\t\t\t<\/div>\n\t\t\t\t\t<\/div>\n\t\t\t\t<\/div>\n\t\t<div data-particle_enable=\"false\" data-particle-mobile-disabled=\"false\" class=\"elementor-element elementor-element-27fd407 e-flex e-con-boxed e-con e-parent\" data-id=\"27fd407\" data-element_type=\"container\" data-e-type=\"container\">\n\t\t\t\t\t<div class=\"e-con-inner\">\n\t\t\t\t<div class=\"elementor-element elementor-element-81b5ca4 elementor-widget elementor-widget-image\" data-id=\"81b5ca4\" data-element_type=\"widget\" data-e-type=\"widget\" data-widget_type=\"image.default\">\n\t\t\t\t\t\t\t\t\t\t\t\t<figure class=\"wp-caption\">\n\t\t\t\t\t\t\t\t\t\t<img loading=\"lazy\" decoding=\"async\" width=\"768\" height=\"1024\" src=\"https:\/\/soymigrante.com\/revista\/wp-content\/uploads\/2025\/01\/Alan-3-768x1024.jpeg\" class=\"attachment-large size-large wp-image-21804\" alt=\"Pumpkins en venta en granja de calabazas en un entorno rural. Familia disfrutando de la temporada de oto\u00f1o en un campo con calabazas y decoraciones de Halloween.\" srcset=\"https:\/\/soymigrante.com\/revista\/wp-content\/uploads\/2025\/01\/Alan-3-768x1024.jpeg 768w, https:\/\/soymigrante.com\/revista\/wp-content\/uploads\/2025\/01\/Alan-3-225x300.jpeg 225w, https:\/\/soymigrante.com\/revista\/wp-content\/uploads\/2025\/01\/Alan-3-750x1000.webp 750w, https:\/\/soymigrante.com\/revista\/wp-content\/uploads\/2025\/01\/Alan-3.webp 1080w\" sizes=\"(max-width: 768px) 100vw, 768px\" title=\"Alan 3 \u2013 SoyMigrante.com REVISTA\" \/>\t\t\t\t\t\t\t\t\t\t\t<figcaption class=\"widget-image-caption wp-caption-text\">Familia feliz en una granja de calabazas durante la temporada de oto\u00f1o, rodeada de paisaje campestre y decoraciones de Halloween en un entorno natural.<\/figcaption>\n\t\t\t\t\t\t\t\t\t\t<\/figure>\n\t\t\t\t\t\t\t\t\t<\/div>\n\t\t\t\t\t<\/div>\n\t\t\t\t<\/div>\n\t\t<div data-particle_enable=\"false\" data-particle-mobile-disabled=\"false\" class=\"elementor-element elementor-element-5532060 e-flex e-con-boxed e-con e-parent\" data-id=\"5532060\" data-element_type=\"container\" data-e-type=\"container\">\n\t\t\t\t\t<div class=\"e-con-inner\">\n\t\t\t\t<div class=\"elementor-element elementor-element-839a432 elementor-widget elementor-widget-heading\" data-id=\"839a432\" data-element_type=\"widget\" data-e-type=\"widget\" data-widget_type=\"heading.default\">\n\t\t\t\t\t<h3 class=\"elementor-heading-title elementor-size-default\">Un mensaje de esperanza para los migrantes <\/h3>\t\t\t\t<\/div>\n\t\t\t\t\t<\/div>\n\t\t\t\t<\/div>\n\t\t<div data-particle_enable=\"false\" data-particle-mobile-disabled=\"false\" class=\"elementor-element elementor-element-5c4ba91 e-flex e-con-boxed e-con e-parent\" data-id=\"5c4ba91\" data-element_type=\"container\" data-e-type=\"container\">\n\t\t\t\t\t<div class=\"e-con-inner\">\n\t\t\t\t<div class=\"elementor-element elementor-element-54f4871 elementor-widget elementor-widget-text-editor\" data-id=\"54f4871\" data-element_type=\"widget\" data-e-type=\"widget\" data-widget_type=\"text-editor.default\">\n\t\t\t\t\t\t\t\t\t<p>Adem\u00e1s de sus libros, Alan ha llevado su mensaje a trav\u00e9s de conferencias en escuelas, universidades y empresas, donde comparte su experiencia y alienta a las personas a enfrentar los desaf\u00edos con valent\u00eda.<\/p><p>Sus charlas se centran en la importancia de la resiliencia, el poder de una mentalidad positiva y la capacidad humana de superar cualquier obst\u00e1culo.<\/p><p>Pero tambi\u00e9n les ha dado un mensaje a los migrantes, que mientras m\u00e1s lejos est\u00e1n, recuerden que lo que est\u00e1n sacrificando es por un bien mayor. <\/p>\t\t\t\t\t\t\t\t<\/div>\n\t\t\t\t\t<\/div>\n\t\t\t\t<\/div>\n\t\t<div data-particle_enable=\"false\" data-particle-mobile-disabled=\"false\" class=\"elementor-element elementor-element-b251ad7 e-flex e-con-boxed e-con e-parent\" data-id=\"b251ad7\" data-element_type=\"container\" data-e-type=\"container\">\n\t\t\t\t\t<div class=\"e-con-inner\">\n\t\t\t\t<div class=\"elementor-element elementor-element-f937ae3 elementor-invisible elementor-widget elementor-widget-testimonial\" data-id=\"f937ae3\" data-element_type=\"widget\" data-e-type=\"widget\" data-settings=\"{&quot;_animation&quot;:&quot;rotateInUpRight&quot;}\" data-widget_type=\"testimonial.default\">\n\t\t\t\t\t\t\t<div class=\"elementor-testimonial-wrapper\">\n\t\t\t\t\t\t\t<div class=\"elementor-testimonial-content\">\u201cSiempre hay que pensar, aunque suene malo, si podr\u00edamos estar peor, porque ese es un mensaje tambi\u00e9n, que siempre hay personas que lo pueden estar pasando peor que nosotros\u201d, mencion\u00f3, Tenenbaum.\n<\/div>\n\t\t\t\n\t\t\t\t\t\t<div class=\"elementor-testimonial-meta elementor-has-image elementor-testimonial-image-position-aside\">\n\t\t\t\t<div class=\"elementor-testimonial-meta-inner\">\n\t\t\t\t\t\t\t\t\t\t\t<div class=\"elementor-testimonial-image\">\n\t\t\t\t\t\t\t<img decoding=\"async\" width=\"1070\" height=\"1600\" src=\"https:\/\/soymigrante.com\/revista\/wp-content\/uploads\/2025\/01\/Alan-1-1.webp\" class=\"attachment-full size-full wp-image-21796\" alt=\"Silla de ruedas con libros de la revista SoyMigrante.com REVISTA, en un entorno colorido y acogedor, promoviendo la inclusi\u00f3n, la lectura y el acceso a contenido sobre migraci\u00f3n y derechos humanos.\" title=\"Alan 1 \u2013 SoyMigrante.com REVISTA\" srcset=\"https:\/\/soymigrante.com\/revista\/wp-content\/uploads\/2025\/01\/Alan-1-1.webp 1070w, https:\/\/soymigrante.com\/revista\/wp-content\/uploads\/2025\/01\/Alan-1-1-201x300.jpeg 201w, https:\/\/soymigrante.com\/revista\/wp-content\/uploads\/2025\/01\/Alan-1-1-685x1024.jpeg 685w, https:\/\/soymigrante.com\/revista\/wp-content\/uploads\/2025\/01\/Alan-1-1-768x1148.jpeg 768w, https:\/\/soymigrante.com\/revista\/wp-content\/uploads\/2025\/01\/Alan-1-1-1027x1536.jpeg 1027w, https:\/\/soymigrante.com\/revista\/wp-content\/uploads\/2025\/01\/Alan-1-1-750x1121.webp 750w\" sizes=\"(max-width: 1070px) 100vw, 1070px\" \/>\t\t\t\t\t\t<\/div>\n\t\t\t\t\t\n\t\t\t\t\t\t\t\t\t\t<div class=\"elementor-testimonial-details\">\n\t\t\t\t\t\t\t\t\t\t\t\t\t\t<div class=\"elementor-testimonial-name\">Alan Tenenbaum<\/div>\n\t\t\t\t\t\t\t\t\t\t\t\t\t\t\t\t\t\t\t\t\t\t<div class=\"elementor-testimonial-job\">Emprendedor y escritor<\/div>\n\t\t\t\t\t\t\t\t\t\t\t\t\t<\/div>\n\t\t\t\t\t\t\t\t\t<\/div>\n\t\t\t<\/div>\n\t\t\t\t\t<\/div>\n\t\t\t\t\t\t<\/div>\n\t\t\t\t\t<\/div>\n\t\t\t\t<\/div>\n\t\t<div data-particle_enable=\"false\" data-particle-mobile-disabled=\"false\" class=\"elementor-element elementor-element-c626fcd e-flex e-con-boxed e-con e-parent\" data-id=\"c626fcd\" data-element_type=\"container\" data-e-type=\"container\">\n\t\t\t\t\t<div class=\"e-con-inner\">\n\t\t\t\t<div class=\"elementor-element elementor-element-af60e2f elementor-widget elementor-widget-image\" data-id=\"af60e2f\" data-element_type=\"widget\" data-e-type=\"widget\" data-widget_type=\"image.default\">\n\t\t\t\t\t\t\t\t\t\t\t\t<figure class=\"wp-caption\">\n\t\t\t\t\t\t\t\t\t\t<img loading=\"lazy\" decoding=\"async\" width=\"768\" height=\"942\" src=\"https:\/\/soymigrante.com\/revista\/wp-content\/uploads\/2025\/01\/Alan-2-835x1024.jpeg\" class=\"attachment-large size-large wp-image-21801\" alt=\"Foton de dos personas en una mesa con cajas de libros de la revista SoyMigrante.com REVISTA, promoviendo temas de migraci\u00f3n y derechos.\" srcset=\"https:\/\/soymigrante.com\/revista\/wp-content\/uploads\/2025\/01\/Alan-2-835x1024.jpeg 835w, https:\/\/soymigrante.com\/revista\/wp-content\/uploads\/2025\/01\/Alan-2-245x300.jpeg 245w, https:\/\/soymigrante.com\/revista\/wp-content\/uploads\/2025\/01\/Alan-2-768x942.jpeg 768w, https:\/\/soymigrante.com\/revista\/wp-content\/uploads\/2025\/01\/Alan-2-750x920.webp 750w, https:\/\/soymigrante.com\/revista\/wp-content\/uploads\/2025\/01\/Alan-2-1140x1398.webp 1140w, https:\/\/soymigrante.com\/revista\/wp-content\/uploads\/2025\/01\/Alan-2.webp 1200w\" sizes=\"(max-width: 768px) 100vw, 768px\" title=\"Alan 2 \u2013 SoyMigrante.com REVISTA\" \/>\t\t\t\t\t\t\t\t\t\t\t<figcaption class=\"widget-image-caption wp-caption-text\">Personas sonriendo con libros de la revista SoyMigrante.com, promoviendo contenido sobre migraci\u00f3n, derechos de migrantes y cultura en M\u00e9xico.<\/figcaption>\n\t\t\t\t\t\t\t\t\t\t<\/figure>\n\t\t\t\t\t\t\t\t\t<\/div>\n\t\t\t\t\t<\/div>\n\t\t\t\t<\/div>\n\t\t<div data-particle_enable=\"false\" data-particle-mobile-disabled=\"false\" class=\"elementor-element elementor-element-3a53c19 e-flex e-con-boxed e-con e-parent\" data-id=\"3a53c19\" data-element_type=\"container\" data-e-type=\"container\">\n\t\t\t\t\t<div class=\"e-con-inner\">\n\t\t\t\t<div class=\"elementor-element elementor-element-5e49524 elementor-widget elementor-widget-heading\" data-id=\"5e49524\" data-element_type=\"widget\" data-e-type=\"widget\" data-widget_type=\"heading.default\">\n\t\t\t\t\t<h3 class=\"elementor-heading-title elementor-size-default\">El impacto de su historia<\/h3>\t\t\t\t<\/div>\n\t\t\t\t\t<\/div>\n\t\t\t\t<\/div>\n\t\t<div data-particle_enable=\"false\" data-particle-mobile-disabled=\"false\" class=\"elementor-element elementor-element-fabda13 e-flex e-con-boxed e-con e-parent\" data-id=\"fabda13\" data-element_type=\"container\" data-e-type=\"container\">\n\t\t\t\t\t<div class=\"e-con-inner\">\n\t\t\t\t<div class=\"elementor-element elementor-element-d3152fb elementor-widget elementor-widget-text-editor\" data-id=\"d3152fb\" data-element_type=\"widget\" data-e-type=\"widget\" data-widget_type=\"text-editor.default\">\n\t\t\t\t\t\t\t\t\t<p>Alan Tenenbaum ha demostrado que las limitaciones f\u00edsicas no definen a una persona. Su vida es un testimonio de c\u00f3mo la fortaleza mental, el apoyo de los seres queridos y el deseo de trascender pueden cambiar la narrativa de una tragedia.<\/p><p>Con sus libros y su activismo, Alan no solo inspira a quienes enfrentan discapacidades, sino que tambi\u00e9n invita a reflexionar sobre la importancia de valorar la vida, agradecer cada d\u00eda y construir un mundo m\u00e1s accesible e inclusivo.<\/p><p>Su historia nos recuerda que las dificultades son inevitables, pero la manera en que las enfrentamos define qui\u00e9nes somos. A trav\u00e9s de sus palabras y su mensaje, Alan sigue dejando una huella positiva en todos los que tienen la oportunidad de conocer su historia.<\/p>\t\t\t\t\t\t\t\t<\/div>\n\t\t\t\t\t<\/div>\n\t\t\t\t<\/div>\n\t\t<div data-particle_enable=\"false\" data-particle-mobile-disabled=\"false\" class=\"elementor-element elementor-element-93bf3c8 e-flex e-con-boxed e-con e-parent\" data-id=\"93bf3c8\" data-element_type=\"container\" data-e-type=\"container\">\n\t\t\t\t\t<div class=\"e-con-inner\">\n\t\t\t\t<div class=\"elementor-element elementor-element-d8feeb4 elementor-widget elementor-widget-video\" data-id=\"d8feeb4\" data-element_type=\"widget\" data-e-type=\"widget\" data-settings=\"{&quot;youtube_url&quot;:&quot;https:\\\/\\\/www.youtube.com\\\/watch?v=43WYPdjOx_g&quot;,&quot;start&quot;:25,&quot;video_type&quot;:&quot;youtube&quot;,&quot;controls&quot;:&quot;yes&quot;}\" data-widget_type=\"video.default\">\n\t\t\t\t\t\t\t<div class=\"elementor-wrapper elementor-open-inline\">\n\t\t\t<div class=\"elementor-video\"><\/div>\t\t<\/div>\n\t\t\t\t\t\t<\/div>\n\t\t\t\t\t<\/div>\n\t\t\t\t<\/div>\n\t\t<div data-particle_enable=\"false\" data-particle-mobile-disabled=\"false\" class=\"elementor-element elementor-element-ac30c17 e-flex e-con-boxed e-con e-parent\" data-id=\"ac30c17\" data-element_type=\"container\" data-e-type=\"container\">\n\t\t\t\t\t<div class=\"e-con-inner\">\n\t\t\t\t<div class=\"elementor-element elementor-element-d32845b elementor-widget elementor-widget-heading\" data-id=\"d32845b\" data-element_type=\"widget\" data-e-type=\"widget\" data-widget_type=\"heading.default\">\n\t\t\t\t\t<h2 class=\"elementor-heading-title elementor-size-default\">Conoce otras historias que inspiran, ac\u00e1...<\/h2>\t\t\t\t<\/div>\n\t\t\t\t\t<\/div>\n\t\t\t\t<\/div>\n\t\t<div data-particle_enable=\"false\" data-particle-mobile-disabled=\"false\" class=\"elementor-element elementor-element-d9d59f4 e-flex e-con-boxed e-con e-parent\" data-id=\"d9d59f4\" data-element_type=\"container\" data-e-type=\"container\">\n\t\t\t\t\t<div class=\"e-con-inner\">\n\t\t\t\t<div class=\"elementor-element elementor-element-5c46bca elementor-grid-eael-col-3 elementor-grid-tablet-eael-col-2 elementor-grid-mobile-eael-col-1 elementor-widget elementor-widget-eael-post-grid\" data-id=\"5c46bca\" data-element_type=\"widget\" data-e-type=\"widget\" data-settings=\"{&quot;eael_post_grid_columns&quot;:&quot;eael-col-3&quot;,&quot;eael_post_grid_columns_tablet&quot;:&quot;eael-col-2&quot;,&quot;eael_post_grid_columns_mobile&quot;:&quot;eael-col-1&quot;}\" data-widget_type=\"eael-post-grid.default\">\n\t\t\t\t\t<div id=\"eael-post-grid-5c46bca\" class=\"eael-post-grid-container\">\n            <div class=\"eael-post-grid eael-post-appender eael-post-appender-5c46bca eael-post-grid-style-one\" data-layout-mode=\"masonry\"><article class=\"eael-grid-post  eael-post-grid-column eael-pg-post-20002 category-guate-nuestra tags-mercado-emprendedores\" data-id=\"20002\">\n        <div class=\"eael-grid-post-holder\">\n            <div class=\"eael-grid-post-holder-inner\"><div class=\"eael-entry-media\"><div class=\"eael-entry-overlay fade-in\"><i class=\"far fa-hand-pointer\" aria-hidden=\"true\"><\/i><a href=\"https:\/\/soymigrante.com\/revista\/el-arte-del-bonsai-la-pasion-que-cultiva-jeconias-guzman-esta-ahora-en-mercado\/\"><\/a><\/div><div class=\"eael-entry-thumbnail \">\n                <img loading=\"lazy\" decoding=\"async\" width=\"720\" height=\"723\" src=\"https:\/\/soymigrante.com\/revista\/wp-content\/uploads\/2025\/01\/El-arte-del-bonsa\u0301i-la-pasio\u0301n-que-cultiva-Jeconias-Guzma\u0301n3-e1736435304627.webp\" class=\"attachment-large size-large wp-image-20004\" alt=\"El arte del bons\u00e1i: la pasi\u00f3n que cultiva Jeconias Guzm\u00e1n\" \/>\n            <\/div>\n        <\/div><div class=\"eael-entry-wrapper\"><header class=\"eael-entry-header\"><h2 class=\"eael-entry-title\"><a class=\"eael-grid-post-link\" href=\"https:\/\/soymigrante.com\/revista\/el-arte-del-bonsai-la-pasion-que-cultiva-jeconias-guzman-esta-ahora-en-mercado\/\" title=\"El arte vivo del Bonsai es cultivado por Jecon\u00edas Guzm\u00e1n en Chimaltenango y est\u00e1 en MERCADO\">El arte vivo del Bonsai es cultivado por Jecon\u00edas Guzm\u00e1n en Chimaltenango y est\u00e1 en MERCADO<\/a><\/h2><\/header><div class=\"eael-entry-content\">\n                        <div class=\"eael-grid-post-excerpt\"><a href=\"https:\/\/soymigrante.com\/revista\/el-arte-del-bonsai-la-pasion-que-cultiva-jeconias-guzman-esta-ahora-en-mercado\/\" class=\"eael-post-elements-readmore-btn\">CONOCE SU HISTORIA <\/a><\/div>\n                    <\/div><\/div><\/div>\n        <\/div>\n    <\/article><article class=\"eael-grid-post  eael-post-grid-column eael-pg-post-19561 category-guate-nuestra tags-mercado-emprendedores\" data-id=\"19561\">\n        <div class=\"eael-grid-post-holder\">\n            <div class=\"eael-grid-post-holder-inner\"><div class=\"eael-entry-media\"><div class=\"eael-entry-overlay fade-in\"><i class=\"far fa-hand-pointer\" aria-hidden=\"true\"><\/i><a href=\"https:\/\/soymigrante.com\/revista\/hugo-pichiya-retrata-la-vida-desde-san-juan-comalapa-y-abrio-su-galeria-digital-en-mercado\/\"><\/a><\/div><div class=\"eael-entry-thumbnail \">\n                <img loading=\"lazy\" decoding=\"async\" width=\"769\" height=\"769\" src=\"https:\/\/soymigrante.com\/revista\/wp-content\/uploads\/2025\/01\/obra-hugo-pichiya.webp\" class=\"attachment-large size-large wp-image-19744\" alt=\"Monta\u00f1a de volc\u00e1n en el fondo, agricultores trabajando en el campo con vacas, paisaje rural de cultivo y naturaleza en la cultura latinoamericana, en una ilustraci\u00f3n art\u00edstica para revista SoyMigrante.com REVISTA.\" srcset=\"https:\/\/soymigrante.com\/revista\/wp-content\/uploads\/2025\/01\/obra-hugo-pichiya.webp 769w, https:\/\/soymigrante.com\/revista\/wp-content\/uploads\/2025\/01\/obra-hugo-pichiya-300x300.jpg 300w, https:\/\/soymigrante.com\/revista\/wp-content\/uploads\/2025\/01\/obra-hugo-pichiya-150x150.jpg 150w, https:\/\/soymigrante.com\/revista\/wp-content\/uploads\/2025\/01\/obra-hugo-pichiya-75x75.webp 75w, https:\/\/soymigrante.com\/revista\/wp-content\/uploads\/2025\/01\/obra-hugo-pichiya-750x750.webp 750w\" sizes=\"(max-width: 769px) 100vw, 769px\" \/>\n            <\/div>\n        <\/div><div class=\"eael-entry-wrapper\"><header class=\"eael-entry-header\"><h2 class=\"eael-entry-title\"><a class=\"eael-grid-post-link\" href=\"https:\/\/soymigrante.com\/revista\/hugo-pichiya-retrata-la-vida-desde-san-juan-comalapa-y-abrio-su-galeria-digital-en-mercado\/\" title=\"Hugo Pichiy\u00e1 retrata la vida de Comalapa y abri\u00f3 su galer\u00eda digital en MERCADO\">Hugo Pichiy\u00e1 retrata la vida de Comalapa y abri\u00f3 su galer\u00eda digital en MERCADO<\/a><\/h2><\/header><div class=\"eael-entry-content\">\n                        <div class=\"eael-grid-post-excerpt\"><a href=\"https:\/\/soymigrante.com\/revista\/hugo-pichiya-retrata-la-vida-desde-san-juan-comalapa-y-abrio-su-galeria-digital-en-mercado\/\" class=\"eael-post-elements-readmore-btn\">CONOCE SU HISTORIA <\/a><\/div>\n                    <\/div><\/div><\/div>\n        <\/div>\n    <\/article><article class=\"eael-grid-post  eael-post-grid-column eael-pg-post-10641\" data-id=\"10641\">\n        <div class=\"eael-grid-post-holder\">\n            <div class=\"eael-grid-post-holder-inner\"><div class=\"eael-entry-media\"><div class=\"eael-entry-overlay fade-in\"><i class=\"far fa-hand-pointer\" aria-hidden=\"true\"><\/i><a href=\"https:\/\/soymigrante.com\/revista\/emprendedores-de-mercado\/\"><\/a><\/div><div class=\"eael-entry-thumbnail \">\n                <img loading=\"lazy\" decoding=\"async\" width=\"1024\" height=\"379\" src=\"https:\/\/soymigrante.com\/revista\/wp-content\/uploads\/2024\/09\/soymigrantecom-mercado-1024x379.webp\" class=\"attachment-large size-large wp-image-8884\" alt=\"SoyMigrante.com revista de migrantes y mercado laboral, con noticias y art\u00edculos relevantes para la comunidad migrante en busca de integraci\u00f3n y oportunidades de empleo.\" srcset=\"https:\/\/soymigrante.com\/revista\/wp-content\/uploads\/2024\/09\/soymigrantecom-mercado-1024x379.webp 1024w, https:\/\/soymigrante.com\/revista\/wp-content\/uploads\/2024\/09\/soymigrantecom-mercado-300x111.webp 300w, https:\/\/soymigrante.com\/revista\/wp-content\/uploads\/2024\/09\/soymigrantecom-mercado-768x284.webp 768w, https:\/\/soymigrante.com\/revista\/wp-content\/uploads\/2024\/09\/soymigrantecom-mercado-750x278.webp 750w, https:\/\/soymigrante.com\/revista\/wp-content\/uploads\/2024\/09\/soymigrantecom-mercado.webp 1032w\" sizes=\"(max-width: 1024px) 100vw, 1024px\" \/>\n            <\/div>\n        <\/div><div class=\"eael-entry-wrapper\"><header class=\"eael-entry-header\"><h2 class=\"eael-entry-title\"><a class=\"eael-grid-post-link\" href=\"https:\/\/soymigrante.com\/revista\/emprendedores-de-mercado\/\" title=\"Conoce a los Emprendedores de SoyMigrante.com MERCADO\">Conoce a los Emprendedores de SoyMigrante.com MERCADO<\/a><\/h2><\/header><div class=\"eael-entry-content\">\n                        <div class=\"eael-grid-post-excerpt\"><a href=\"https:\/\/soymigrante.com\/revista\/emprendedores-de-mercado\/\" class=\"eael-post-elements-readmore-btn\">CONOCE SU HISTORIA <\/a><\/div>\n                    <\/div><\/div><\/div>\n        <\/div>\n    <\/article><\/div>\n            <div class=\"clearfix\"><\/div>\n        <\/div>\t\t\t\t<\/div>\n\t\t\t\t\t<\/div>\n\t\t\t\t<\/div>\n\t\t\t\t<\/div>\n\t\t","protected":false},"excerpt":{"rendered":"<p>Alan Tenenbaum es un ejemplo de resiliencia y transformaci\u00f3n, su vida fue trasladada a libros y conferencias que han marcado vidas y que ahora est\u00e1n en SoyMigrante.com MERCADO. Alan Tenenbaum es un escritor, conferencista y motivador guatemalteco cuya vida cambi\u00f3 dr\u00e1sticamente a los 18 a\u00f1os debido a un accidente que lo dej\u00f3 cuadripl\u00e9jico. Desde entonces, [&hellip;]<\/p>\n","protected":false},"author":19,"featured_media":21795,"comment_status":"open","ping_status":"open","sticky":false,"template":"","format":"standard","meta":{"_acf_changed":false,"_eb_attr":"","footnotes":""},"categories":[58],"tags":[130],"class_list":["post-21793","post","type-post","status-publish","format-standard","has-post-thumbnail","hentry","category-guate-nuestra","tag-mercado-emprendedores"],"acf":[],"aioseo_notices":[],"aioseo_head":"\n\t\t<!-- All in One SEO Pro 4.9.6.2 - aioseo.com -->\n\t<meta name=\"description\" content=\"Detr\u00e1s de cada producto en MERCADO, hay esfuerzo, creatividad y sue\u00f1os. Con\u00f3celas aqu\u00ed. Bienestar Estrategias para fidelizar clientes: peque\u00f1as acciones que te ayudar\u00e1n en el comercio digital Guate Nuestra Celebra el D\u00eda del Libro con inspiraci\u00f3n 100% guatemalteca: adquiere, disfruta u obsequia en MERCADO Guate Nuestra D\u00eda Mundial del Emprendimiento: 16 historias llenas de trabajo\" \/>\n\t<meta name=\"robots\" content=\"max-snippet:-1, max-image-preview:large, max-video-preview:-1\" \/>\n\t<meta name=\"author\" content=\"Marysabel Aldana\"\/>\n\t<link rel=\"canonical\" href=\"https:\/\/soymigrante.com\/revista\/alan-tenenbaum-es-ejemplo-de-resiliencia-voluntad-y-superacion-sus-libros-estan-en-mercado\/\" \/>\n\t<meta name=\"generator\" content=\"All in One SEO Pro (AIOSEO) 4.9.6.2\" \/>\n\n\t\t<link rel=\"preconnect\" href=\"https:\/\/fonts.googleapis.com\" crossorigin>\n<link rel=\"preconnect\" href=\"https:\/\/fonts.gstatic.com\" crossorigin>\n\t\t<meta property=\"og:locale\" content=\"es_ES\" \/>\n\t\t<meta property=\"og:site_name\" content=\"SoyMigrante.com REVISTA \u2013 Nuestra misi\u00f3n es reconocer y dignificar al migrante.\" \/>\n\t\t<meta property=\"og:type\" content=\"article\" \/>\n\t\t<meta property=\"og:title\" content=\"Los libros de Alan Tenembaum invitan a lograr lo imposible\" \/>\n\t\t<meta property=\"og:description\" content=\"Alan Tenenbaum es un ejemplo de resiliencia. Comparte su testimonio vital en libros para chicos y grandes. Ahora est\u00e1n disponibles en SoyMigrante.com MERCADO\" \/>\n\t\t<meta property=\"og:url\" content=\"https:\/\/soymigrante.com\/revista\/alan-tenenbaum-es-ejemplo-de-resiliencia-voluntad-y-superacion-sus-libros-estan-en-mercado\/\" \/>\n\t\t<meta property=\"og:image\" content=\"https:\/\/soymigrante.com\/revista\/wp-content\/uploads\/2025\/01\/Alan-1.webp\" \/>\n\t\t<meta property=\"og:image:secure_url\" content=\"https:\/\/soymigrante.com\/revista\/wp-content\/uploads\/2025\/01\/Alan-1.webp\" \/>\n\t\t<meta property=\"og:image:width\" content=\"1070\" \/>\n\t\t<meta property=\"og:image:height\" content=\"1600\" \/>\n\t\t<meta property=\"article:published_time\" content=\"2025-01-22T13:00:00+00:00\" \/>\n\t\t<meta property=\"article:modified_time\" content=\"2025-01-26T21:05:20+00:00\" \/>\n\t\t<meta property=\"article:publisher\" content=\"https:\/\/www.facebook.com\/soymigrantecom\" \/>\n\t\t<meta name=\"twitter:card\" content=\"summary_large_image\" \/>\n\t\t<meta name=\"twitter:site\" content=\"@SoyMigrante_com\" \/>\n\t\t<meta name=\"twitter:title\" content=\"Los libros de Alan Tenembaum invitan a lograr lo imposible\" \/>\n\t\t<meta name=\"twitter:description\" content=\"Alan Tenenbaum es un ejemplo de resiliencia. Comparte su testimonio vital en libros para chicos y grandes. Ahora est\u00e1n disponibles en SoyMigrante.com MERCADO\" \/>\n\t\t<meta name=\"twitter:creator\" content=\"@SoyMigrante_com\" \/>\n\t\t<meta name=\"twitter:image\" content=\"https:\/\/soymigrante.com\/revista\/wp-content\/uploads\/2025\/01\/Alan-1.webp\" \/>\n\t\t<!-- All in One SEO Pro -->\r\n\t\t<title>Los libros de Alan Tenembaum invitan a lograr lo imposible<\/title>\n\n","aioseo_head_json":{"title":"Los libros de Alan Tenembaum invitan a lograr lo imposible","description":"Alan Tenenbaum es un ejemplo de resiliencia. Comparte su testimonio vital en libros para chicos y grandes. Ahora est\u00e1n disponibles en SoyMigrante.com MERCADO","canonical_url":"https:\/\/soymigrante.com\/revista\/alan-tenenbaum-es-ejemplo-de-resiliencia-voluntad-y-superacion-sus-libros-estan-en-mercado\/","robots":"max-snippet:-1, max-image-preview:large, max-video-preview:-1","keywords":"","webmasterTools":{"miscellaneous":"&lt;link rel=\"preconnect\" href=\"https:\/\/fonts.googleapis.com\" crossorigin&gt;\n&lt;link rel=\"preconnect\" href=\"https:\/\/fonts.gstatic.com\" crossorigin&gt;"},"schema":null,"og:locale":"es_ES","og:site_name":"SoyMigrante.com REVISTA \u2013 Nuestra misi\u00f3n es reconocer y dignificar al migrante.","og:type":"article","og:title":"Los libros de Alan Tenembaum invitan a lograr lo imposible","og:description":"Alan Tenenbaum es un ejemplo de resiliencia. Comparte su testimonio vital en libros para chicos y grandes. Ahora est\u00e1n disponibles en SoyMigrante.com MERCADO","og:url":"https:\/\/soymigrante.com\/revista\/alan-tenenbaum-es-ejemplo-de-resiliencia-voluntad-y-superacion-sus-libros-estan-en-mercado\/","og:image":"https:\/\/soymigrante.com\/revista\/wp-content\/uploads\/2025\/01\/Alan-1.webp","og:image:secure_url":"https:\/\/soymigrante.com\/revista\/wp-content\/uploads\/2025\/01\/Alan-1.webp","og:image:width":1070,"og:image:height":1600,"article:published_time":"2025-01-22T13:00:00+00:00","article:modified_time":"2025-01-26T21:05:20+00:00","article:publisher":"https:\/\/www.facebook.com\/soymigrantecom","twitter:card":"summary_large_image","twitter:site":"@SoyMigrante_com","twitter:title":"Los libros de Alan Tenembaum invitan a lograr lo imposible","twitter:description":"Alan Tenenbaum es un ejemplo de resiliencia. Comparte su testimonio vital en libros para chicos y grandes. Ahora est\u00e1n disponibles en SoyMigrante.com MERCADO","twitter:creator":"@SoyMigrante_com","twitter:image":"https:\/\/soymigrante.com\/revista\/wp-content\/uploads\/2025\/01\/Alan-1.webp"},"aioseo_meta_data":{"post_id":"21793","title":"Los libros de Alan Tenembaum invitan a lograr lo imposible","description":"Alan Tenenbaum es un ejemplo de resiliencia. Comparte su testimonio vital en libros para chicos y grandes. Ahora est\u00e1n disponibles en SoyMigrante.com MERCADO","keywords":null,"keyphrases":{"focus":{"keyphrase":"Alan","score":91,"analysis":{"keyphraseInTitle":{"score":9,"maxScore":9,"error":0},"keyphraseInDescription":{"score":9,"maxScore":9,"error":0},"keyphraseLength":{"score":9,"maxScore":9,"error":0,"length":1},"keyphraseInURL":{"score":5,"maxScore":5,"error":0},"keyphraseInIntroduction":{"score":9,"maxScore":9,"error":0},"keyphraseInSubHeadings":{"score":3,"maxScore":9,"error":1},"keyphraseInImageAlt":{"score":9,"maxScore":9,"error":0},"keywordDensity":{"type":"best","score":9,"maxScore":9,"error":0}}},"additional":[{"keyphrase":"Alan","score":100,"analysis":{"keyphraseInDescription":{"score":9,"maxScore":9,"error":0},"keyphraseLength":{"score":9,"maxScore":9,"error":0,"length":1},"keyphraseInIntroduction":{"score":9,"maxScore":9,"error":0},"keyphraseInImageAlt":{"score":9,"maxScore":9,"error":0},"keywordDensity":{"type":"best","score":9,"maxScore":9,"error":0}}},{"keyphrase":"Tenenbaum","score":100,"analysis":{"keyphraseInDescription":{"score":9,"maxScore":9,"error":0},"keyphraseLength":{"score":9,"maxScore":9,"error":0,"length":1},"keyphraseInIntroduction":{"score":9,"maxScore":9,"error":0},"keyphraseInImageAlt":{"score":9,"maxScore":9,"error":0},"keywordDensity":{"type":"best","score":9,"maxScore":9,"error":0}}}]},"primary_term":null,"canonical_url":null,"og_title":null,"og_description":null,"og_object_type":"default","og_image_type":"default","og_image_url":null,"og_image_width":null,"og_image_height":null,"og_image_custom_url":null,"og_image_custom_fields":null,"og_video":"","og_custom_url":null,"og_article_section":null,"og_article_tags":null,"twitter_use_og":false,"twitter_card":"default","twitter_image_type":"default","twitter_image_url":null,"twitter_image_custom_url":null,"twitter_image_custom_fields":null,"twitter_title":null,"twitter_description":null,"schema":{"blockGraphs":[],"customGraphs":[],"default":{"data":{"Article":[],"Course":[],"Dataset":[],"FAQPage":[],"Movie":[],"Person":[],"Product":[],"ProductReview":[],"Car":[],"Recipe":[],"Service":[],"SoftwareApplication":[],"WebPage":[]},"graphName":"BlogPosting","isEnabled":true},"graphs":[]},"schema_type":"default","schema_type_options":null,"pillar_content":false,"robots_default":true,"robots_noindex":false,"robots_noarchive":false,"robots_nosnippet":false,"robots_nofollow":false,"robots_noimageindex":false,"robots_noodp":false,"robots_notranslate":false,"robots_max_snippet":"-1","robots_max_videopreview":"-1","robots_max_imagepreview":"large","priority":null,"frequency":"default","local_seo":null,"seo_analyzer_scan_date":"2025-10-09 02:02:31","breadcrumb_settings":null,"limit_modified_date":false,"reviewed_by":null,"open_ai":"{\"title\":{\"suggestions\":[],\"usage\":0},\"description\":{\"suggestions\":[],\"usage\":0}}","ai":null,"created":"2025-01-21 00:27:50","updated":"2026-02-04 19:30:15"},"aioseo_breadcrumb":"<div class=\"aioseo-breadcrumbs\"><span class=\"aioseo-breadcrumb\">\n\t<a href=\"https:\/\/soymigrante.com\/revista\" title=\"Home\">Home<\/a>\n<\/span><span class=\"aioseo-breadcrumb-separator\">\u00bb<\/span><span class=\"aioseo-breadcrumb\">\n\t<a href=\"https:\/\/soymigrante.com\/revista\/category\/guate-nuestra\/\" title=\"Guate Nuestra\">Guate Nuestra<\/a>\n<\/span><span class=\"aioseo-breadcrumb-separator\">\u00bb<\/span><span class=\"aioseo-breadcrumb\">\n\tLos libros de Alan Tenembaum animan a lograr lo imposible y ahora est\u00e1n en SoyMigrante.com MERCADO\n<\/span><\/div>","aioseo_breadcrumb_json":[{"label":"Home","link":"https:\/\/soymigrante.com\/revista"},{"label":"Guate Nuestra","link":"https:\/\/soymigrante.com\/revista\/category\/guate-nuestra\/"},{"label":"Los libros de Alan Tenembaum animan a lograr lo imposible y ahora est\u00e1n en SoyMigrante.com MERCADO","link":"https:\/\/soymigrante.com\/revista\/alan-tenenbaum-es-ejemplo-de-resiliencia-voluntad-y-superacion-sus-libros-estan-en-mercado\/"}],"_links":{"self":[{"href":"https:\/\/soymigrante.com\/revista\/wp-json\/wp\/v2\/posts\/21793","targetHints":{"allow":["GET"]}}],"collection":[{"href":"https:\/\/soymigrante.com\/revista\/wp-json\/wp\/v2\/posts"}],"about":[{"href":"https:\/\/soymigrante.com\/revista\/wp-json\/wp\/v2\/types\/post"}],"author":[{"embeddable":true,"href":"https:\/\/soymigrante.com\/revista\/wp-json\/wp\/v2\/users\/19"}],"replies":[{"embeddable":true,"href":"https:\/\/soymigrante.com\/revista\/wp-json\/wp\/v2\/comments?post=21793"}],"version-history":[{"count":1,"href":"https:\/\/soymigrante.com\/revista\/wp-json\/wp\/v2\/posts\/21793\/revisions"}],"predecessor-version":[{"id":31278,"href":"https:\/\/soymigrante.com\/revista\/wp-json\/wp\/v2\/posts\/21793\/revisions\/31278"}],"wp:featuredmedia":[{"embeddable":true,"href":"https:\/\/soymigrante.com\/revista\/wp-json\/wp\/v2\/media\/21795"}],"wp:attachment":[{"href":"https:\/\/soymigrante.com\/revista\/wp-json\/wp\/v2\/media?parent=21793"}],"wp:term":[{"taxonomy":"category","embeddable":true,"href":"https:\/\/soymigrante.com\/revista\/wp-json\/wp\/v2\/categories?post=21793"},{"taxonomy":"post_tag","embeddable":true,"href":"https:\/\/soymigrante.com\/revista\/wp-json\/wp\/v2\/tags?post=21793"}],"curies":[{"name":"wp","href":"https:\/\/api.w.org\/{rel}","templated":true}]}}