{"id":21664,"date":"2025-01-21T07:00:00","date_gmt":"2025-01-21T13:00:00","guid":{"rendered":"https:\/\/soymigrante.com\/revista\/?p=21664"},"modified":"2025-01-26T16:29:29","modified_gmt":"2025-01-26T22:29:29","slug":"auroras-crafts-la-inspiradora-historia-de-aurora-mejia-y-su-emprendimiento","status":"publish","type":"post","link":"https:\/\/soymigrante.com\/revista\/auroras-crafts-la-inspiradora-historia-de-aurora-mejia-y-su-emprendimiento\/","title":{"rendered":"Aurora&#8217;s Crafts: cuadros elaborados con materias naturales por manos muy laboriosas"},"content":{"rendered":"\t\t<div data-elementor-type=\"wp-post\" data-elementor-id=\"21664\" class=\"elementor elementor-21664\" data-elementor-post-type=\"post\">\n\t\t\t\t<div data-particle_enable=\"false\" data-particle-mobile-disabled=\"false\" class=\"elementor-element elementor-element-c4261b3 e-flex e-con-boxed e-con e-parent\" data-id=\"c4261b3\" data-element_type=\"container\" data-e-type=\"container\">\n\t\t\t\t\t<div class=\"e-con-inner\">\n\t\t\t\t<div class=\"elementor-element elementor-element-aae20e1 elementor-widget elementor-widget-heading\" data-id=\"aae20e1\" data-element_type=\"widget\" data-e-type=\"widget\" data-widget_type=\"heading.default\">\n\t\t\t\t\t<h2 class=\"elementor-heading-title elementor-size-default\">Aurora Mej\u00eda, la creadora de Aurora's Crafts, es un ejemplo vivo de c\u00f3mo las adversidades pueden transformarse en avances. Esta es la historia detr\u00e1s de este emprendimiento de cuadros ecol\u00f3gicos, presente en SoyMigrante.com MERCADO.<\/h2>\t\t\t\t<\/div>\n\t\t\t\t\t<\/div>\n\t\t\t\t<\/div>\n\t\t<div data-particle_enable=\"false\" data-particle-mobile-disabled=\"false\" class=\"elementor-element elementor-element-d02b4b9 e-flex e-con-boxed e-con e-parent\" data-id=\"d02b4b9\" data-element_type=\"container\" data-e-type=\"container\">\n\t\t\t\t\t<div class=\"e-con-inner\">\n\t\t\t\t<div class=\"elementor-element elementor-element-bc7bb7b elementor-widget elementor-widget-text-editor\" data-id=\"bc7bb7b\" data-element_type=\"widget\" data-e-type=\"widget\" data-widget_type=\"text-editor.default\">\n\t\t\t\t\t\t\t\t\t<p>Originaria de Aguacat\u00e1n, Huehuetenango,\u00a0 Aurora Mej\u00eda ha sido un testimonio de perseverancia y fe. Recuerda que en su ni\u00f1ez, le toc\u00f3 lustrar zapatos en las calles.\u00a0 Esto le llev\u00f3 a ser una creativa emprendedora en busca de nuevos productos. Un d\u00eda se fij\u00f3 en las pi\u00f1as que botan los pinos, restos de madera, hojas y otros vegetales, que pod\u00edan convertirse, con dedicaci\u00f3n, en obras de arte org\u00e1nicas y ecol\u00f3gicas.<\/p><p><a href=\"https:\/\/soymigrante.com\/mercado\/marketplace\/seller\/profile\/aurorascrafts\">Su tienda digital Aurora\u00b4s Crafts ya est\u00e1 abierta en SoyMigrante.com MERCADO<\/a><span style=\"font-family: Roboto, sans-serif; font-size: 16px; font-style: normal; font-weight: 400;\">, la comunidad en l\u00ednea creada para que emprendedores y compradores guatemaltecos se encuentren:\u00a0<\/span>un proyecto activo, proactivo e innovador para peque\u00f1os negocios y creadores de productos elaborados a mano,<span style=\"font-family: Roboto, sans-serif; font-size: 16px; font-style: normal; font-weight: 400;\">\u00a0detr\u00e1s de los cuales siempre hay una historia.\u00a0<\/span><\/p><p><span style=\"font-family: Roboto, sans-serif; font-size: 16px; font-style: normal; font-weight: 400;\">Esta es la historia de como naci\u00f3 este emprendimiento de Aurora Mej\u00eda.<\/span><span style=\"color: var( --e-global-color-text ); text-align: var(--text-align);\">\u00a0<\/span><\/p>\t\t\t\t\t\t\t\t<\/div>\n\t\t\t\t\t<\/div>\n\t\t\t\t<\/div>\n\t\t<div data-particle_enable=\"false\" data-particle-mobile-disabled=\"false\" class=\"elementor-element elementor-element-8023ae1 e-flex e-con-boxed e-con e-parent\" data-id=\"8023ae1\" data-element_type=\"container\" data-e-type=\"container\">\n\t\t\t\t\t<div class=\"e-con-inner\">\n\t\t\t\t<div class=\"elementor-element elementor-element-5635007 elementor-widget elementor-widget-image\" data-id=\"5635007\" data-element_type=\"widget\" data-e-type=\"widget\" data-widget_type=\"image.default\">\n\t\t\t\t\t\t\t\t\t\t\t\t<figure class=\"wp-caption\">\n\t\t\t\t\t\t\t\t\t\t\t<a href=\"https:\/\/soymigrante.com\/mercado\/marketplace\/seller\/profile\/aurorascrafts\">\n\t\t\t\t\t\t\t<img fetchpriority=\"high\" decoding=\"async\" width=\"768\" height=\"379\" src=\"https:\/\/soymigrante.com\/revista\/wp-content\/uploads\/2025\/01\/mercado-auroras-grafts-1024x505.jpg\" class=\"attachment-large size-large wp-image-21670\" alt=\"Artesan\u00edas y manualidades guatemaltecas en SoyMigrante.com Revista, destacando productos hechos a mano y exclusivos para apoyar comunidades locales.\" srcset=\"https:\/\/soymigrante.com\/revista\/wp-content\/uploads\/2025\/01\/mercado-auroras-grafts-1024x505.jpg 1024w, https:\/\/soymigrante.com\/revista\/wp-content\/uploads\/2025\/01\/mercado-auroras-grafts-300x148.jpg 300w, https:\/\/soymigrante.com\/revista\/wp-content\/uploads\/2025\/01\/mercado-auroras-grafts-768x379.jpg 768w, https:\/\/soymigrante.com\/revista\/wp-content\/uploads\/2025\/01\/mercado-auroras-grafts-750x370.webp 750w, https:\/\/soymigrante.com\/revista\/wp-content\/uploads\/2025\/01\/mercado-auroras-grafts-1140x563.webp 1140w, https:\/\/soymigrante.com\/revista\/wp-content\/uploads\/2025\/01\/mercado-auroras-grafts.webp 1244w\" sizes=\"(max-width: 768px) 100vw, 768px\" title=\"mercado auroras grafts \u2013 SoyMigrante.com REVISTA\" \/>\t\t\t\t\t\t\t\t<\/a>\n\t\t\t\t\t\t\t\t\t\t\t<figcaption class=\"widget-image-caption wp-caption-text\">Venta de productos artesanales y manualidades en Guatemala, promoviendo cultura y tradiciones en SoyMigrante.com.<\/figcaption>\n\t\t\t\t\t\t\t\t\t\t<\/figure>\n\t\t\t\t\t\t\t\t\t<\/div>\n\t\t\t\t\t<\/div>\n\t\t\t\t<\/div>\n\t\t<div data-particle_enable=\"false\" data-particle-mobile-disabled=\"false\" class=\"elementor-element elementor-element-875a187 e-flex e-con-boxed e-con e-parent\" data-id=\"875a187\" data-element_type=\"container\" data-e-type=\"container\">\n\t\t\t\t\t<div class=\"e-con-inner\">\n\t\t\t\t<div class=\"elementor-element elementor-element-ca76d5a elementor-widget elementor-widget-text-editor\" data-id=\"ca76d5a\" data-element_type=\"widget\" data-e-type=\"widget\" data-widget_type=\"text-editor.default\">\n\t\t\t\t\t\t\t\t\t<p><span style=\"font-family: Roboto, sans-serif; font-size: 16px; font-style: normal; font-variant-ligatures: normal; font-variant-caps: normal; font-weight: 400;\">Aurora Mej\u00eda vive en la ciudad de Guatemala. Es maestra en Finanzas y Administradora de Empresas, carrera que cerr\u00f3 con esfuerzo. &#8220;Me toc\u00f3 trabajar y estudiar desde los 13 a\u00f1os de edad, fueron etapas y momentos dif\u00edciles, pero a la vez ello me fue forjando perseverancia&#8221;, dice.<\/span><\/p><p>En 2019, Aurora enfrent\u00f3 el fallecimiento de su mam\u00e1, un evento que marc\u00f3 profundamente su vida. A pesar del dolor, termin\u00f3 sus estudios universitarios pero en 2024 tuvo que dejar su empleo debido a problemas de salud. Fue entonces cuando decidi\u00f3 cultivar<a href=\"https:\/\/soymigrante.com\/revista\/black-and-white-piezas-artesanales-de-mostacilla-e-ingenio\/\" target=\"_blank\" rel=\"noopener\"> su pasi\u00f3n por el arte,<\/a>\u00a0aunque no sab\u00eda c\u00f3mo empezar. \u201cConsidero que Dios me puso esa idea y creatividad\u201d, comparte Aurora, refiri\u00e9ndose al inicio de su proyecto.<\/p>\t\t\t\t\t\t\t\t<\/div>\n\t\t\t\t\t<\/div>\n\t\t\t\t<\/div>\n\t\t<div data-particle_enable=\"false\" data-particle-mobile-disabled=\"false\" class=\"elementor-element elementor-element-139bb67 e-flex e-con-boxed e-con e-parent\" data-id=\"139bb67\" data-element_type=\"container\" data-e-type=\"container\">\n\t\t\t\t\t<div class=\"e-con-inner\">\n\t\t\t\t<div class=\"elementor-element elementor-element-1410120 elementor-widget elementor-widget-image\" data-id=\"1410120\" data-element_type=\"widget\" data-e-type=\"widget\" data-widget_type=\"image.default\">\n\t\t\t\t\t\t\t\t\t\t\t\t<figure class=\"wp-caption\">\n\t\t\t\t\t\t\t\t\t\t<img decoding=\"async\" width=\"768\" height=\"768\" src=\"https:\/\/soymigrante.com\/revista\/wp-content\/uploads\/2025\/01\/Aurora-Mejia-1024x1024.jpeg\" class=\"attachment-large size-large wp-image-21712\" alt=\"Retrato de una mujer sonriendo, en un ambiente interior, con decoraci\u00f3n floral en el fondo, destacando la alegr\u00eda y autenticidad que refleja en la revista SoyMigrante.com REVISTA.\" srcset=\"https:\/\/soymigrante.com\/revista\/wp-content\/uploads\/2025\/01\/Aurora-Mejia-1024x1024.jpeg 1024w, https:\/\/soymigrante.com\/revista\/wp-content\/uploads\/2025\/01\/Aurora-Mejia-300x300.jpeg 300w, https:\/\/soymigrante.com\/revista\/wp-content\/uploads\/2025\/01\/Aurora-Mejia-150x150.jpeg 150w, https:\/\/soymigrante.com\/revista\/wp-content\/uploads\/2025\/01\/Aurora-Mejia-768x768.jpeg 768w, https:\/\/soymigrante.com\/revista\/wp-content\/uploads\/2025\/01\/Aurora-Mejia-75x75.webp 75w, https:\/\/soymigrante.com\/revista\/wp-content\/uploads\/2025\/01\/Aurora-Mejia-750x750.webp 750w, https:\/\/soymigrante.com\/revista\/wp-content\/uploads\/2025\/01\/Aurora-Mejia.webp 1080w\" sizes=\"(max-width: 768px) 100vw, 768px\" title=\"Aurora Mej\u00eda \u2013 SoyMigrante.com REVISTA\" \/>\t\t\t\t\t\t\t\t\t\t\t<figcaption class=\"widget-image-caption wp-caption-text\">Mujer sonriente en interior con decoraci\u00f3n floral, reflejando alegr\u00eda y autenticidad en la revista SoyMigrante.com.<\/figcaption>\n\t\t\t\t\t\t\t\t\t\t<\/figure>\n\t\t\t\t\t\t\t\t\t<\/div>\n\t\t\t\t\t<\/div>\n\t\t\t\t<\/div>\n\t\t<div data-particle_enable=\"false\" data-particle-mobile-disabled=\"false\" class=\"elementor-element elementor-element-aa411cf e-flex e-con-boxed e-con e-parent\" data-id=\"aa411cf\" data-element_type=\"container\" data-e-type=\"container\">\n\t\t\t\t\t<div class=\"e-con-inner\">\n\t\t\t\t<div class=\"elementor-element elementor-element-2db8473 elementor-widget elementor-widget-heading\" data-id=\"2db8473\" data-element_type=\"widget\" data-e-type=\"widget\" data-widget_type=\"heading.default\">\n\t\t\t\t\t<h3 class=\"elementor-heading-title elementor-size-default\">La evoluci\u00f3n de una idea<\/h3>\t\t\t\t<\/div>\n\t\t\t\t\t<\/div>\n\t\t\t\t<\/div>\n\t\t<div data-particle_enable=\"false\" data-particle-mobile-disabled=\"false\" class=\"elementor-element elementor-element-931f601 e-flex e-con-boxed e-con e-parent\" data-id=\"931f601\" data-element_type=\"container\" data-e-type=\"container\">\n\t\t\t\t\t<div class=\"e-con-inner\">\n\t\t\t\t<div class=\"elementor-element elementor-element-1095626 elementor-widget elementor-widget-text-editor\" data-id=\"1095626\" data-element_type=\"widget\" data-e-type=\"widget\" data-widget_type=\"text-editor.default\">\n\t\t\t\t\t\t\t\t\t<p>Aurora comenz\u00f3 publicando sus primeras creacionesen estados de WhatsApp, donde amigos y excompa\u00f1eros le brindaban sugerencias. La idea de \u201cAurora&#8217;s Crafts\u201d naci\u00f3 en 2021, durante\u00a0<a href=\"https:\/\/soymigrante.com\/revista\/lumiz-naturals-un-emprendimiento-familiar-que-alimenta-con-amor-y-proposito\/\" target=\"_blank\" rel=\"noopener\">un taller de mujeres emprendedoras en un vivero.\u00a0<\/a>Una compa\u00f1era sugiri\u00f3 que incluyera su propio nombre en la marca.<\/p><p>Al principio, sus creaciones no ten\u00edan la calidad que ahora las caracteriza. &#8220;Fue un proceso de pruebas e intentos. Con solo Q100, comenc\u00e9 a experimentar, utilizando cajas de tomate como bases y mezclando pinturas para crear nuevos colores&#8221;.\u00a0<\/p><p>Aprendi\u00f3 sobre maderas, texturas y otros materiales. Encontr\u00f3 a un carpintero que le proporcion\u00f3 materiales al cr\u00e9dito. Con esfuerzo y dedicaci\u00f3n, logr\u00f3 vender sus primeras cinco piezas, lo que le permiti\u00f3 reinvertir y expandir su emprendimiento.<\/p>\t\t\t\t\t\t\t\t<\/div>\n\t\t\t\t\t<\/div>\n\t\t\t\t<\/div>\n\t\t<div data-particle_enable=\"false\" data-particle-mobile-disabled=\"false\" class=\"elementor-element elementor-element-470ab3e e-flex e-con-boxed e-con e-parent\" data-id=\"470ab3e\" data-element_type=\"container\" data-e-type=\"container\">\n\t\t\t\t\t<div class=\"e-con-inner\">\n\t\t\t\t<div class=\"elementor-element elementor-element-dbdbfe1 elementor-arrows-position-inside elementor-pagination-position-outside elementor-widget elementor-widget-image-carousel\" data-id=\"dbdbfe1\" data-element_type=\"widget\" data-e-type=\"widget\" data-settings=\"{&quot;slides_to_show&quot;:&quot;1&quot;,&quot;navigation&quot;:&quot;both&quot;,&quot;autoplay&quot;:&quot;yes&quot;,&quot;pause_on_hover&quot;:&quot;yes&quot;,&quot;pause_on_interaction&quot;:&quot;yes&quot;,&quot;autoplay_speed&quot;:5000,&quot;infinite&quot;:&quot;yes&quot;,&quot;effect&quot;:&quot;slide&quot;,&quot;speed&quot;:500}\" data-widget_type=\"image-carousel.default\">\n\t\t\t\t\t\t\t<div class=\"elementor-image-carousel-wrapper swiper\" role=\"region\" aria-roledescription=\"carousel\" aria-label=\"Carrusel de im\u00e1genes\" dir=\"ltr\">\n\t\t\t<div class=\"elementor-image-carousel swiper-wrapper\" aria-live=\"off\">\n\t\t\t\t\t\t\t\t<div class=\"swiper-slide\" role=\"group\" aria-roledescription=\"slide\" aria-label=\"1 de 3\"><figure class=\"swiper-slide-inner\"><img decoding=\"async\" class=\"swiper-slide-image\" src=\"https:\/\/soymigrante.com\/revista\/wp-content\/uploads\/2025\/01\/auroras-grafts-3-1024x735.jpg\" alt=\"Bicicleta decorativa con macetas de flores en dise\u00f1o artesanal para decoraci\u00f3n de interiores y jardines. Elemento de arte y creatividad en madera y cinta, ideal para espacios modernos y acogedores.\" \/><figcaption class=\"elementor-image-carousel-caption\">Colorido arte en madera y flores artificiales en forma de bicicleta, perfecto para decoraci\u00f3n de hogar o espacio destacado en revistas de dise\u00f1o y estilo de vida.<\/figcaption><\/figure><\/div><div class=\"swiper-slide\" role=\"group\" aria-roledescription=\"slide\" aria-label=\"2 de 3\"><figure class=\"swiper-slide-inner\"><img decoding=\"async\" class=\"swiper-slide-image\" src=\"https:\/\/soymigrante.com\/revista\/wp-content\/uploads\/2025\/01\/Bases-de-madera-les-sirven-a-Aurora-para-colocar-sus-creaciones-1024x544.jpeg\" alt=\"Madera natural para muebles de exterior en proceso de fabricaci\u00f3n, ilustrando t\u00e9cnicas de carpinter\u00eda y dise\u00f1o artesanal.\" \/><figcaption class=\"elementor-image-carousel-caption\">Paneles de madera sin tratar listos para construir muebles o estructuras, exhibiendo la textura y acabado natural de la madera.<\/figcaption><\/figure><\/div><div class=\"swiper-slide\" role=\"group\" aria-roledescription=\"slide\" aria-label=\"3 de 3\"><figure class=\"swiper-slide-inner\"><img decoding=\"async\" class=\"swiper-slide-image\" src=\"https:\/\/soymigrante.com\/revista\/wp-content\/uploads\/2025\/01\/Este-emprendimiento-nacio-con-el-uso-de-estos-pinos-secos-1024x768.jpeg\" alt=\"Pi\u00f1as de pino naturales en diferentes tama\u00f1os y colores para actividades artesanales y decorativas.\" \/><figcaption class=\"elementor-image-carousel-caption\">Finas pi\u00f1as de pino variadas, ideales para manualidades y decoraci\u00f3n en proyectos creativos sustentables.<\/figcaption><\/figure><\/div>\t\t\t<\/div>\n\t\t\t\t\t\t\t\t\t\t\t\t<div class=\"elementor-swiper-button elementor-swiper-button-prev\" role=\"button\" tabindex=\"0\">\n\t\t\t\t\t\t<i aria-hidden=\"true\" class=\"eicon-chevron-left\"><\/i>\t\t\t\t\t<\/div>\n\t\t\t\t\t<div class=\"elementor-swiper-button elementor-swiper-button-next\" role=\"button\" tabindex=\"0\">\n\t\t\t\t\t\t<i aria-hidden=\"true\" class=\"eicon-chevron-right\"><\/i>\t\t\t\t\t<\/div>\n\t\t\t\t\n\t\t\t\t\t\t\t\t\t<div class=\"swiper-pagination\"><\/div>\n\t\t\t\t\t\t\t\t\t<\/div>\n\t\t\t\t\t\t<\/div>\n\t\t\t\t\t<\/div>\n\t\t\t\t<\/div>\n\t\t<div data-particle_enable=\"false\" data-particle-mobile-disabled=\"false\" class=\"elementor-element elementor-element-1402bb2 e-flex e-con-boxed e-con e-parent\" data-id=\"1402bb2\" data-element_type=\"container\" data-e-type=\"container\">\n\t\t\t\t\t<div class=\"e-con-inner\">\n\t\t\t\t<div class=\"elementor-element elementor-element-891a07c elementor-widget elementor-widget-heading\" data-id=\"891a07c\" data-element_type=\"widget\" data-e-type=\"widget\" data-widget_type=\"heading.default\">\n\t\t\t\t\t<h3 class=\"elementor-heading-title elementor-size-default\">La belleza en los detalles<\/h3>\t\t\t\t<\/div>\n\t\t\t\t\t<\/div>\n\t\t\t\t<\/div>\n\t\t<div data-particle_enable=\"false\" data-particle-mobile-disabled=\"false\" class=\"elementor-element elementor-element-2a9bbbb e-flex e-con-boxed e-con e-parent\" data-id=\"2a9bbbb\" data-element_type=\"container\" data-e-type=\"container\">\n\t\t\t\t\t<div class=\"e-con-inner\">\n\t\t\t\t<div class=\"elementor-element elementor-element-5554668 elementor-widget elementor-widget-text-editor\" data-id=\"5554668\" data-element_type=\"widget\" data-e-type=\"widget\" data-widget_type=\"text-editor.default\">\n\t\t\t\t\t\t\t\t\t<p>Aurora&#8217;s Crafts se distingue por sus cuadros hechos con materiales org\u00e1nicos. Aurora utiliza elementos como c\u00e1scaras de naranja, arroz, hilos, y p\u00e9talos de rosa secos para crear dise\u00f1os \u00fanicos y detallados. &#8220;Cada obra es un proceso laborioso que puede tomar una semana y media, incluyendo el tiempo de secado y los tratamientos especiales para proteger las piezas de la polilla&#8221;, relata la emprendedora.<\/p><p>Entre sus creaciones m\u00e1s destacadas est\u00e1 un mapa de Guatemala hecho con arroz y detalles en hilo. Tambi\u00e9n utiliza bases de madera chilena, reconocida por su ligereza, y experimenta constantemente con nuevos materiales y t\u00e9cnicas para poder sorprender a los posibles compradores, que desean una obra de arte original, ecol\u00f3gica y org\u00e1nica.<\/p>\t\t\t\t\t\t\t\t<\/div>\n\t\t\t\t\t<\/div>\n\t\t\t\t<\/div>\n\t\t<div data-particle_enable=\"false\" data-particle-mobile-disabled=\"false\" class=\"elementor-element elementor-element-ef9cae7 e-flex e-con-boxed e-con e-parent\" data-id=\"ef9cae7\" data-element_type=\"container\" data-e-type=\"container\">\n\t\t\t\t\t<div class=\"e-con-inner\">\n\t\t\t\t<div class=\"elementor-element elementor-element-89fff6a elementor-invisible elementor-widget elementor-widget-facebook-embed\" data-id=\"89fff6a\" data-element_type=\"widget\" data-e-type=\"widget\" data-settings=\"{&quot;_animation&quot;:&quot;zoomInDown&quot;}\" data-widget_type=\"facebook-embed.default\">\n\t\t\t\t\t<div style=\"min-height: 1px\" class=\"elementor-facebook-widget fb-video\" data-href=\"https:\/\/www.facebook.com\/watch\/?v=1350005485542667&#038;ref=sharing\" data-show-text=\"false\" data-allowfullscreen=\"false\" data-autoplay=\"false\" data-show-captions=\"false\"><\/div>\t\t\t\t<\/div>\n\t\t\t\t\t<\/div>\n\t\t\t\t<\/div>\n\t\t<div data-particle_enable=\"false\" data-particle-mobile-disabled=\"false\" class=\"elementor-element elementor-element-b68095b e-flex e-con-boxed e-con e-parent\" data-id=\"b68095b\" data-element_type=\"container\" data-e-type=\"container\">\n\t\t\t\t\t<div class=\"e-con-inner\">\n\t\t\t\t<div class=\"elementor-element elementor-element-360ffa8 elementor-widget elementor-widget-heading\" data-id=\"360ffa8\" data-element_type=\"widget\" data-e-type=\"widget\" data-widget_type=\"heading.default\">\n\t\t\t\t\t<h3 class=\"elementor-heading-title elementor-size-default\">Una historia de superaci\u00f3n<\/h3>\t\t\t\t<\/div>\n\t\t\t\t\t<\/div>\n\t\t\t\t<\/div>\n\t\t<div data-particle_enable=\"false\" data-particle-mobile-disabled=\"false\" class=\"elementor-element elementor-element-93ceb0c e-flex e-con-boxed e-con e-parent\" data-id=\"93ceb0c\" data-element_type=\"container\" data-e-type=\"container\">\n\t\t\t\t\t<div class=\"e-con-inner\">\n\t\t\t\t<div class=\"elementor-element elementor-element-401426c elementor-widget elementor-widget-text-editor\" data-id=\"401426c\" data-element_type=\"widget\" data-e-type=\"widget\" data-widget_type=\"text-editor.default\">\n\t\t\t\t\t\t\t\t\t<p>\u00a0<\/p><p>Actualmente, Aurora busca capital para expandir su negocio y espera vender sus creaciones. No cuenta con un espacio f\u00edsico,pero conf\u00eda en que su arte continuar\u00e1 tocando corazones y encontrando hogares que deseen disfrutarlo, ahora\u00a0<a style=\"text-align: var(--text-align);\" href=\"https:\/\/soymigrante.com\/mercado\/marketplace\/seller\/profile\/aurorascrafts\" target=\"_blank\" rel=\"noopener\">a trav\u00e9s de SoyMigrante.com MERCADO<\/a>.<\/p><p>Aurora&#8217;s Crafts no es solo un emprendimiento; es el reflejo de la resiliencia y la creatividad de una mujer que\u00a0<a href=\"https:\/\/soymigrante.com\/revista\/artista-david-de-paz-convierte-el-sentimiento-en-pinturas-de-arte-qeq\/\" target=\"_blank\" rel=\"noopener\">transform\u00f3 el dolor y la necesidad en arte.\u00a0<\/a>Su historia nos recuerda que, con fe, esfuerzo y pasi\u00f3n, es posible construir algo hermoso incluso en los momentos m\u00e1s dif\u00edciles.<\/p>\t\t\t\t\t\t\t\t<\/div>\n\t\t\t\t\t<\/div>\n\t\t\t\t<\/div>\n\t\t<div data-particle_enable=\"false\" data-particle-mobile-disabled=\"false\" class=\"elementor-element elementor-element-eff7276 e-flex e-con-boxed e-con e-parent\" data-id=\"eff7276\" data-element_type=\"container\" data-e-type=\"container\">\n\t\t\t\t\t<div class=\"e-con-inner\">\n\t\t\t\t<div class=\"elementor-element elementor-element-8bdac9e elementor-widget elementor-widget-heading\" data-id=\"8bdac9e\" data-element_type=\"widget\" data-e-type=\"widget\" data-widget_type=\"heading.default\">\n\t\t\t\t\t<h2 class=\"elementor-heading-title elementor-size-default\">Emprendimientos que hallas en MERCADO<\/h2>\t\t\t\t<\/div>\n\t\t\t\t\t<\/div>\n\t\t\t\t<\/div>\n\t\t<div data-particle_enable=\"false\" data-particle-mobile-disabled=\"false\" class=\"elementor-element elementor-element-31c1257 e-flex e-con-boxed e-con e-parent\" data-id=\"31c1257\" data-element_type=\"container\" data-e-type=\"container\">\n\t\t\t\t\t<div class=\"e-con-inner\">\n\t\t\t\t<div class=\"elementor-element elementor-element-bf0b931 elementor-grid-eael-col-3 elementor-grid-tablet-eael-col-2 elementor-grid-mobile-eael-col-1 elementor-widget elementor-widget-eael-post-grid\" data-id=\"bf0b931\" data-element_type=\"widget\" data-e-type=\"widget\" data-settings=\"{&quot;eael_post_grid_columns&quot;:&quot;eael-col-3&quot;,&quot;eael_post_grid_columns_tablet&quot;:&quot;eael-col-2&quot;,&quot;eael_post_grid_columns_mobile&quot;:&quot;eael-col-1&quot;}\" data-widget_type=\"eael-post-grid.default\">\n\t\t\t\t\t<div id=\"eael-post-grid-bf0b931\" class=\"eael-post-grid-container\">\n            <div class=\"eael-post-grid eael-post-appender eael-post-appender-bf0b931 eael-post-grid-style-one\" data-layout-mode=\"masonry\"><article class=\"eael-grid-post  eael-post-grid-column eael-pg-post-17848 category-guate-nuestra tags-mercado-emprendedores\" data-id=\"17848\">\n        <div class=\"eael-grid-post-holder\">\n            <div class=\"eael-grid-post-holder-inner\"><div class=\"eael-entry-media\"><div class=\"eael-entry-overlay fade-in\"><i class=\"far fa-hand-pointer\" aria-hidden=\"true\"><\/i><a href=\"https:\/\/soymigrante.com\/revista\/mayan-dog-cuando-el-carino-por-tu-mascota-se-encuentra-con-la-tradicion-textil\/\"><\/a><\/div><div class=\"eael-entry-thumbnail \">\n                <img decoding=\"async\" width=\"1024\" height=\"1024\" src=\"https:\/\/soymigrante.com\/revista\/wp-content\/uploads\/2024\/12\/mayan-dog-mercado-1024x1024.jpg\" class=\"attachment-large size-large wp-image-17879\" alt=\"Perro joven con pelaje claro y camiseta a rayas roja, sentado en banco de madera, expresi\u00f3n amigable y feliz.\" srcset=\"https:\/\/soymigrante.com\/revista\/wp-content\/uploads\/2024\/12\/mayan-dog-mercado-1024x1024.jpg 1024w, https:\/\/soymigrante.com\/revista\/wp-content\/uploads\/2024\/12\/mayan-dog-mercado-300x300.jpg 300w, https:\/\/soymigrante.com\/revista\/wp-content\/uploads\/2024\/12\/mayan-dog-mercado-150x150.jpg 150w, https:\/\/soymigrante.com\/revista\/wp-content\/uploads\/2024\/12\/mayan-dog-mercado-768x768.jpg 768w, https:\/\/soymigrante.com\/revista\/wp-content\/uploads\/2024\/12\/mayan-dog-mercado-75x75.webp 75w, https:\/\/soymigrante.com\/revista\/wp-content\/uploads\/2024\/12\/mayan-dog-mercado-750x750.webp 750w, https:\/\/soymigrante.com\/revista\/wp-content\/uploads\/2024\/12\/mayan-dog-mercado.webp 1080w\" sizes=\"(max-width: 1024px) 100vw, 1024px\" \/>\n            <\/div>\n        <\/div><div class=\"eael-entry-wrapper\"><header class=\"eael-entry-header\"><h2 class=\"eael-entry-title\"><a class=\"eael-grid-post-link\" href=\"https:\/\/soymigrante.com\/revista\/mayan-dog-cuando-el-carino-por-tu-mascota-se-encuentra-con-la-tradicion-textil\/\" title=\"Emprendimiento Mayan Dog: Cuando el cari\u00f1o por tu mascota se encuentra con la creatividad textil\">Emprendimiento Mayan Dog: Cuando el cari\u00f1o por tu mascota se encuentra con la creatividad textil<\/a><\/h2><\/header><div class=\"eael-entry-content\">\n                        <div class=\"eael-grid-post-excerpt\"><a href=\"https:\/\/soymigrante.com\/revista\/mayan-dog-cuando-el-carino-por-tu-mascota-se-encuentra-con-la-tradicion-textil\/\" class=\"eael-post-elements-readmore-btn\">CONOCE SU HISTORIA <\/a><\/div>\n                    <\/div><\/div><\/div>\n        <\/div>\n    <\/article><article class=\"eael-grid-post  eael-post-grid-column eael-pg-post-16494 category-guate-nuestra tags-mercado-emprendedores\" data-id=\"16494\">\n        <div class=\"eael-grid-post-holder\">\n            <div class=\"eael-grid-post-holder-inner\"><div class=\"eael-entry-media\"><div class=\"eael-entry-overlay fade-in\"><i class=\"far fa-hand-pointer\" aria-hidden=\"true\"><\/i><a href=\"https:\/\/soymigrante.com\/revista\/lumiz-naturals-un-emprendimiento-familiar-que-alimenta-con-amor-y-proposito\/\"><\/a><\/div><div class=\"eael-entry-thumbnail \">\n                <img loading=\"lazy\" decoding=\"async\" width=\"1024\" height=\"1024\" src=\"https:\/\/soymigrante.com\/revista\/wp-content\/uploads\/2024\/12\/lumiz-naturals-9-1024x1024.jpg\" class=\"attachment-large size-large wp-image-16551\" alt=\"Jarras de frutos secos y snacks caseros en envases reutilizables, ideales para alimentaci\u00f3n saludable y sostenible, con etiquetas personalizadas en el estilo de SoyMigrante.com REVISTA.\" srcset=\"https:\/\/soymigrante.com\/revista\/wp-content\/uploads\/2024\/12\/lumiz-naturals-9-1024x1024.jpg 1024w, https:\/\/soymigrante.com\/revista\/wp-content\/uploads\/2024\/12\/lumiz-naturals-9-300x300.jpg 300w, https:\/\/soymigrante.com\/revista\/wp-content\/uploads\/2024\/12\/lumiz-naturals-9-150x150.jpg 150w, https:\/\/soymigrante.com\/revista\/wp-content\/uploads\/2024\/12\/lumiz-naturals-9-768x768.jpg 768w, https:\/\/soymigrante.com\/revista\/wp-content\/uploads\/2024\/12\/lumiz-naturals-9-75x75.webp 75w, https:\/\/soymigrante.com\/revista\/wp-content\/uploads\/2024\/12\/lumiz-naturals-9-750x750.webp 750w, https:\/\/soymigrante.com\/revista\/wp-content\/uploads\/2024\/12\/lumiz-naturals-9-1140x1140.webp 1140w, https:\/\/soymigrante.com\/revista\/wp-content\/uploads\/2024\/12\/lumiz-naturals-9.webp 1536w\" sizes=\"(max-width: 1024px) 100vw, 1024px\" \/>\n            <\/div>\n        <\/div><div class=\"eael-entry-wrapper\"><header class=\"eael-entry-header\"><h2 class=\"eael-entry-title\"><a class=\"eael-grid-post-link\" href=\"https:\/\/soymigrante.com\/revista\/lumiz-naturals-un-emprendimiento-familiar-que-alimenta-con-amor-y-proposito\/\" title=\"Lumiz Naturals: Emprendimiento familiar que nutre con amor, sabor y prop\u00f3sito\">Lumiz Naturals: Emprendimiento familiar que nutre con amor, sabor y prop\u00f3sito<\/a><\/h2><\/header><div class=\"eael-entry-content\">\n                        <div class=\"eael-grid-post-excerpt\"><a href=\"https:\/\/soymigrante.com\/revista\/lumiz-naturals-un-emprendimiento-familiar-que-alimenta-con-amor-y-proposito\/\" class=\"eael-post-elements-readmore-btn\">CONOCE SU HISTORIA <\/a><\/div>\n                    <\/div><\/div><\/div>\n        <\/div>\n    <\/article><article class=\"eael-grid-post  eael-post-grid-column eael-pg-post-12811 category-guate-nuestra tags-mercado-emprendedores\" data-id=\"12811\">\n        <div class=\"eael-grid-post-holder\">\n            <div class=\"eael-grid-post-holder-inner\"><div class=\"eael-entry-media\"><div class=\"eael-entry-overlay fade-in\"><i class=\"far fa-hand-pointer\" aria-hidden=\"true\"><\/i><a href=\"https:\/\/soymigrante.com\/revista\/arte-kat-aretes-y-accesorios-originales-elaborados-con-hilos-semillas-pero-sobre-todo-con-amor\/\"><\/a><\/div><div class=\"eael-entry-thumbnail \">\n                <img loading=\"lazy\" decoding=\"async\" width=\"458\" height=\"458\" src=\"https:\/\/soymigrante.com\/revista\/wp-content\/uploads\/2024\/11\/arte-kat-feature.webp\" class=\"attachment-large size-large wp-image-12816\" alt=\"Colar de cuentas de colores con dise\u00f1o tradicional, usado en trajes folcl\u00f3ricos, simboliza la cultura y la identidad de comunidades ind\u00edgenas en Latinoam\u00e9rica.\" srcset=\"https:\/\/soymigrante.com\/revista\/wp-content\/uploads\/2024\/11\/arte-kat-feature.webp 458w, https:\/\/soymigrante.com\/revista\/wp-content\/uploads\/2024\/11\/arte-kat-feature-300x300.webp 300w, https:\/\/soymigrante.com\/revista\/wp-content\/uploads\/2024\/11\/arte-kat-feature-150x150.webp 150w, https:\/\/soymigrante.com\/revista\/wp-content\/uploads\/2024\/11\/arte-kat-feature-75x75.webp 75w\" sizes=\"(max-width: 458px) 100vw, 458px\" \/>\n            <\/div>\n        <\/div><div class=\"eael-entry-wrapper\"><header class=\"eael-entry-header\"><h2 class=\"eael-entry-title\"><a class=\"eael-grid-post-link\" href=\"https:\/\/soymigrante.com\/revista\/arte-kat-aretes-y-accesorios-originales-elaborados-con-hilos-semillas-pero-sobre-todo-con-amor\/\" title=\"Arte K\u00b4at: aretes y accesorios originales elaborados con hilos, semillas, pero sobre todo con amor\">Arte K\u00b4at: aretes y accesorios originales elaborados con hilos, semillas, pero sobre todo con amor<\/a><\/h2><\/header><div class=\"eael-entry-content\">\n                        <div class=\"eael-grid-post-excerpt\"><a href=\"https:\/\/soymigrante.com\/revista\/arte-kat-aretes-y-accesorios-originales-elaborados-con-hilos-semillas-pero-sobre-todo-con-amor\/\" class=\"eael-post-elements-readmore-btn\">CONOCE SU HISTORIA <\/a><\/div>\n                    <\/div><\/div><\/div>\n        <\/div>\n    <\/article><\/div>\n            <div class=\"clearfix\"><\/div>\n        <\/div>\t\t\t\t<\/div>\n\t\t\t\t\t<\/div>\n\t\t\t\t<\/div>\n\t\t\t\t<\/div>\n\t\t","protected":false},"excerpt":{"rendered":"<p>Aurora Mej\u00eda, la creadora de Aurora&#8217;s Crafts, es un ejemplo vivo de c\u00f3mo las adversidades pueden transformarse en avances. Esta es la historia detr\u00e1s de este emprendimiento de cuadros ecol\u00f3gicos, presente en SoyMigrante.com MERCADO. Originaria de Aguacat\u00e1n, Huehuetenango,\u00a0 Aurora Mej\u00eda ha sido un testimonio de perseverancia y fe. Recuerda que en su ni\u00f1ez, le toc\u00f3 [&hellip;]<\/p>\n","protected":false},"author":23,"featured_media":21708,"comment_status":"open","ping_status":"open","sticky":false,"template":"","format":"standard","meta":{"_acf_changed":false,"_eb_attr":"","footnotes":""},"categories":[58],"tags":[130],"class_list":["post-21664","post","type-post","status-publish","format-standard","has-post-thumbnail","hentry","category-guate-nuestra","tag-mercado-emprendedores"],"acf":[],"aioseo_notices":[],"aioseo_head":"\n\t\t<!-- All in One SEO Pro 4.9.6.2 - aioseo.com -->\n\t<meta name=\"description\" content=\"Arte K&#039;at es el emprendimiento de joyer\u00eda textil de Edna Serech de San Juan Comalapa, Chimaltenango. Ahora est\u00e1 en SoyMigrante.com MERCADO y esta es su historia.\" \/>\n\t<meta name=\"robots\" content=\"max-snippet:-1, max-image-preview:large, max-video-preview:-1\" \/>\n\t<meta name=\"author\" content=\"Beatriz Tercero\"\/>\n\t<link rel=\"canonical\" href=\"https:\/\/soymigrante.com\/revista\/arte-kat-aretes-y-accesorios-originales-elaborados-con-hilos-semillas-pero-sobre-todo-con-amor\/\" \/>\n\t<meta name=\"generator\" content=\"All in One SEO Pro (AIOSEO) 4.9.6.2\" \/>\n\n\t\t<link rel=\"preconnect\" href=\"https:\/\/fonts.googleapis.com\" crossorigin>\n<link rel=\"preconnect\" href=\"https:\/\/fonts.gstatic.com\" crossorigin>\n\t\t<meta property=\"og:locale\" content=\"es_ES\" \/>\n\t\t<meta property=\"og:site_name\" content=\"SoyMigrante.com REVISTA \u2013 Nuestra misi\u00f3n es reconocer y dignificar al migrante.\" \/>\n\t\t<meta property=\"og:type\" content=\"article\" \/>\n\t\t<meta property=\"og:title\" content=\"Arte K\u00b4at: joyer\u00eda textil elaborada con semillas y amor\" \/>\n\t\t<meta property=\"og:description\" content=\"Arte K&#039;at es el emprendimiento de joyer\u00eda textil de Edna Serech de San Juan Comalapa, Chimaltenango. Ahora est\u00e1 en SoyMigrante.com MERCADO y esta es su historia.\" \/>\n\t\t<meta property=\"og:url\" content=\"https:\/\/soymigrante.com\/revista\/arte-kat-aretes-y-accesorios-originales-elaborados-con-hilos-semillas-pero-sobre-todo-con-amor\/\" \/>\n\t\t<meta property=\"og:image\" content=\"https:\/\/soymigrante.com\/revista\/wp-content\/uploads\/2024\/11\/arte-kat-feature.webp\" \/>\n\t\t<meta property=\"og:image:secure_url\" content=\"https:\/\/soymigrante.com\/revista\/wp-content\/uploads\/2024\/11\/arte-kat-feature.webp\" \/>\n\t\t<meta property=\"og:image:width\" content=\"458\" \/>\n\t\t<meta property=\"og:image:height\" content=\"458\" \/>\n\t\t<meta property=\"article:published_time\" content=\"2024-11-18T18:22:54+00:00\" \/>\n\t\t<meta property=\"article:modified_time\" content=\"2025-05-29T22:12:47+00:00\" \/>\n\t\t<meta property=\"article:publisher\" content=\"https:\/\/www.facebook.com\/soymigrantecom\" \/>\n\t\t<meta name=\"twitter:card\" content=\"summary_large_image\" \/>\n\t\t<meta name=\"twitter:site\" content=\"@SoyMigrante_com\" \/>\n\t\t<meta name=\"twitter:title\" content=\"Arte K\u00b4at: joyer\u00eda textil elaborada con semillas y amor\" \/>\n\t\t<meta name=\"twitter:description\" content=\"Arte K&#039;at es el emprendimiento de joyer\u00eda textil de Edna Serech de San Juan Comalapa, Chimaltenango. Ahora est\u00e1 en SoyMigrante.com MERCADO y esta es su historia.\" \/>\n\t\t<meta name=\"twitter:creator\" content=\"@SoyMigrante_com\" \/>\n\t\t<meta name=\"twitter:image\" content=\"https:\/\/soymigrante.com\/revista\/wp-content\/uploads\/2024\/11\/arte-kat-feature.webp\" \/>\n\t\t<!-- All in One SEO Pro -->\r\n\t\t<title>Arte K\u00b4at: joyer\u00eda textil elaborada con semillas y amor<\/title>\n\n","aioseo_head_json":{"title":"Arte K\u00b4at: joyer\u00eda textil elaborada con semillas y amor","description":"Arte K'at es el emprendimiento de joyer\u00eda textil de Edna Serech de San Juan Comalapa, Chimaltenango. Ahora est\u00e1 en SoyMigrante.com MERCADO y esta es su historia.","canonical_url":"https:\/\/soymigrante.com\/revista\/arte-kat-aretes-y-accesorios-originales-elaborados-con-hilos-semillas-pero-sobre-todo-con-amor\/","robots":"max-snippet:-1, max-image-preview:large, max-video-preview:-1","keywords":"","webmasterTools":{"miscellaneous":"&lt;link rel=\"preconnect\" href=\"https:\/\/fonts.googleapis.com\" crossorigin&gt;\n&lt;link rel=\"preconnect\" href=\"https:\/\/fonts.gstatic.com\" crossorigin&gt;"},"schema":null,"og:locale":"es_ES","og:site_name":"SoyMigrante.com REVISTA \u2013 Nuestra misi\u00f3n es reconocer y dignificar al migrante.","og:type":"article","og:title":"Arte K\u00b4at: joyer\u00eda textil elaborada con semillas y amor","og:description":"Arte K'at es el emprendimiento de joyer\u00eda textil de Edna Serech de San Juan Comalapa, Chimaltenango. Ahora est\u00e1 en SoyMigrante.com MERCADO y esta es su historia.","og:url":"https:\/\/soymigrante.com\/revista\/arte-kat-aretes-y-accesorios-originales-elaborados-con-hilos-semillas-pero-sobre-todo-con-amor\/","og:image":"https:\/\/soymigrante.com\/revista\/wp-content\/uploads\/2024\/11\/arte-kat-feature.webp","og:image:secure_url":"https:\/\/soymigrante.com\/revista\/wp-content\/uploads\/2024\/11\/arte-kat-feature.webp","og:image:width":458,"og:image:height":458,"article:published_time":"2024-11-18T18:22:54+00:00","article:modified_time":"2025-05-29T22:12:47+00:00","article:publisher":"https:\/\/www.facebook.com\/soymigrantecom","twitter:card":"summary_large_image","twitter:site":"@SoyMigrante_com","twitter:title":"Arte K\u00b4at: joyer\u00eda textil elaborada con semillas y amor","twitter:description":"Arte K'at es el emprendimiento de joyer\u00eda textil de Edna Serech de San Juan Comalapa, Chimaltenango. Ahora est\u00e1 en SoyMigrante.com MERCADO y esta es su historia.","twitter:creator":"@SoyMigrante_com","twitter:image":"https:\/\/soymigrante.com\/revista\/wp-content\/uploads\/2024\/11\/arte-kat-feature.webp"},"aioseo_meta_data":{"post_id":"21664","title":"Auroras Crafts, un emprendimiento ecol\u00f3gico y muy original","description":"Aurora Mej\u00eda empez\u00f3 a trabajar de ni\u00f1a como lustradora, se super\u00f3 y hoy es administradora de empresas. Crea cuadros con materias naturales y los vende en MERCADO","keywords":null,"keyphrases":{"focus":{"keyphrase":"Auroras Grafts","score":37,"analysis":{"keyphraseInTitle":{"score":3,"maxScore":9,"error":1},"keyphraseInDescription":{"score":3,"maxScore":9,"error":1},"keyphraseLength":{"score":9,"maxScore":9,"error":0,"length":2},"keyphraseInURL":{"score":1,"maxScore":5,"error":1},"keyphraseInIntroduction":{"score":3,"maxScore":9,"error":1},"keyphraseInSubHeadings":{"score":3,"maxScore":9,"error":1},"keyphraseInImageAlt":{"score":3,"maxScore":9,"error":1},"keywordDensity":{"score":0,"type":"low","maxScore":9,"error":1}}},"additional":[{"keyphrase":"Aurora Mej\u00eda","score":87,"analysis":{"keyphraseInDescription":{"score":9,"maxScore":9,"error":0},"keyphraseLength":{"score":9,"maxScore":9,"error":0,"length":3},"keyphraseInIntroduction":{"score":9,"maxScore":9,"error":0},"keyphraseInImageAlt":{"score":3,"maxScore":9,"error":1},"keywordDensity":{"type":"best","score":9,"maxScore":9,"error":0}}},{"keyphrase":"emprendimiento","score":73,"analysis":{"keyphraseInDescription":{"score":3,"maxScore":9,"error":1},"keyphraseLength":{"score":9,"maxScore":9,"error":0,"length":1},"keyphraseInIntroduction":{"score":3,"maxScore":9,"error":1},"keyphraseInImageAlt":{"score":9,"maxScore":9,"error":0},"keywordDensity":{"type":"best","score":9,"maxScore":9,"error":0}}},{"keyphrase":"MERCADO","score":87,"analysis":{"keyphraseInDescription":{"score":9,"maxScore":9,"error":0},"keyphraseLength":{"score":9,"maxScore":9,"error":0,"length":1},"keyphraseInIntroduction":{"score":3,"maxScore":9,"error":1},"keyphraseInImageAlt":{"score":9,"maxScore":9,"error":0},"keywordDensity":{"type":"best","score":9,"maxScore":9,"error":0}}},{"keyphrase":"historia","score":60,"analysis":{"keyphraseInDescription":{"score":3,"maxScore":9,"error":1},"keyphraseLength":{"score":9,"maxScore":9,"error":0,"length":1},"keyphraseInIntroduction":{"score":3,"maxScore":9,"error":1},"keyphraseInImageAlt":{"score":3,"maxScore":9,"error":1},"keywordDensity":{"type":"best","score":9,"maxScore":9,"error":0}}},{"keyphrase":"ventas online","score":40,"analysis":{"keyphraseInDescription":{"score":3,"maxScore":9,"error":1},"keyphraseLength":{"score":9,"maxScore":9,"error":0,"length":2},"keyphraseInIntroduction":{"score":3,"maxScore":9,"error":1},"keyphraseInImageAlt":{"score":3,"maxScore":9,"error":1},"keywordDensity":{"score":0,"type":"low","maxScore":9,"error":1}}}]},"primary_term":null,"canonical_url":null,"og_title":null,"og_description":null,"og_object_type":"default","og_image_type":"default","og_image_url":null,"og_image_width":null,"og_image_height":null,"og_image_custom_url":null,"og_image_custom_fields":null,"og_video":"","og_custom_url":null,"og_article_section":null,"og_article_tags":null,"twitter_use_og":false,"twitter_card":"default","twitter_image_type":"default","twitter_image_url":null,"twitter_image_custom_url":null,"twitter_image_custom_fields":null,"twitter_title":null,"twitter_description":null,"schema":{"blockGraphs":[],"customGraphs":[],"default":{"data":{"Article":[],"Course":[],"Dataset":[],"FAQPage":[],"Movie":[],"Person":[],"Product":[],"ProductReview":[],"Car":[],"Recipe":[],"Service":[],"SoftwareApplication":[],"WebPage":[]},"graphName":"BlogPosting","isEnabled":true},"graphs":[]},"schema_type":"default","schema_type_options":null,"pillar_content":false,"robots_default":true,"robots_noindex":false,"robots_noarchive":false,"robots_nosnippet":false,"robots_nofollow":false,"robots_noimageindex":false,"robots_noodp":false,"robots_notranslate":false,"robots_max_snippet":"-1","robots_max_videopreview":"-1","robots_max_imagepreview":"large","priority":null,"frequency":"default","local_seo":null,"seo_analyzer_scan_date":"2025-10-09 02:00:11","breadcrumb_settings":null,"limit_modified_date":false,"reviewed_by":null,"open_ai":"{\"title\":{\"suggestions\":[],\"usage\":0},\"description\":{\"suggestions\":[],\"usage\":0}}","ai":null,"created":"2025-01-20 17:40:04","updated":"2026-02-04 19:16:30"},"aioseo_breadcrumb":"<div class=\"aioseo-breadcrumbs\"><span class=\"aioseo-breadcrumb\">\n\t<a href=\"https:\/\/soymigrante.com\/revista\" title=\"Home\">Home<\/a>\n<\/span><span class=\"aioseo-breadcrumb-separator\">\u00bb<\/span><span class=\"aioseo-breadcrumb\">\n\t<a href=\"https:\/\/soymigrante.com\/revista\/category\/guate-nuestra\/\" title=\"Guate Nuestra\">Guate Nuestra<\/a>\n<\/span><span class=\"aioseo-breadcrumb-separator\">\u00bb<\/span><span class=\"aioseo-breadcrumb\">\n\tAurora\u2019s Crafts: cuadros elaborados con materias naturales por manos muy laboriosas\n<\/span><\/div>","aioseo_breadcrumb_json":[{"label":"Home","link":"https:\/\/soymigrante.com\/revista"},{"label":"Guate Nuestra","link":"https:\/\/soymigrante.com\/revista\/category\/guate-nuestra\/"},{"label":"Aurora&#8217;s Crafts: cuadros elaborados con materias naturales por manos muy laboriosas","link":"https:\/\/soymigrante.com\/revista\/auroras-crafts-la-inspiradora-historia-de-aurora-mejia-y-su-emprendimiento\/"}],"_links":{"self":[{"href":"https:\/\/soymigrante.com\/revista\/wp-json\/wp\/v2\/posts\/21664","targetHints":{"allow":["GET"]}}],"collection":[{"href":"https:\/\/soymigrante.com\/revista\/wp-json\/wp\/v2\/posts"}],"about":[{"href":"https:\/\/soymigrante.com\/revista\/wp-json\/wp\/v2\/types\/post"}],"author":[{"embeddable":true,"href":"https:\/\/soymigrante.com\/revista\/wp-json\/wp\/v2\/users\/23"}],"replies":[{"embeddable":true,"href":"https:\/\/soymigrante.com\/revista\/wp-json\/wp\/v2\/comments?post=21664"}],"version-history":[{"count":0,"href":"https:\/\/soymigrante.com\/revista\/wp-json\/wp\/v2\/posts\/21664\/revisions"}],"wp:featuredmedia":[{"embeddable":true,"href":"https:\/\/soymigrante.com\/revista\/wp-json\/wp\/v2\/media\/21708"}],"wp:attachment":[{"href":"https:\/\/soymigrante.com\/revista\/wp-json\/wp\/v2\/media?parent=21664"}],"wp:term":[{"taxonomy":"category","embeddable":true,"href":"https:\/\/soymigrante.com\/revista\/wp-json\/wp\/v2\/categories?post=21664"},{"taxonomy":"post_tag","embeddable":true,"href":"https:\/\/soymigrante.com\/revista\/wp-json\/wp\/v2\/tags?post=21664"}],"curies":[{"name":"wp","href":"https:\/\/api.w.org\/{rel}","templated":true}]}}