{"id":21652,"date":"2025-01-20T14:20:59","date_gmt":"2025-01-20T20:20:59","guid":{"rendered":"https:\/\/soymigrante.com\/revista\/?p=21652"},"modified":"2025-03-12T12:15:36","modified_gmt":"2025-03-12T18:15:36","slug":"los-guatemaltecos-estan-acostumbrados-a-superar-condiciones-adversas-pedro-pablo-solares-experto-migratorio","status":"publish","type":"post","link":"https:\/\/soymigrante.com\/revista\/los-guatemaltecos-estan-acostumbrados-a-superar-condiciones-adversas-pedro-pablo-solares-experto-migratorio\/","title":{"rendered":"\u201cLos guatemaltecos est\u00e1n acostumbrados a superar condiciones adversas\u201d: Pedro Pablo Solares, experto migratorio"},"content":{"rendered":"\t\t<div data-elementor-type=\"wp-post\" data-elementor-id=\"21652\" class=\"elementor elementor-21652\" data-elementor-post-type=\"post\">\n\t\t\t\t<div data-particle_enable=\"false\" data-particle-mobile-disabled=\"false\" class=\"elementor-element elementor-element-8c3417b e-flex e-con-boxed e-con e-parent\" data-id=\"8c3417b\" data-element_type=\"container\" data-e-type=\"container\">\n\t\t\t\t\t<div class=\"e-con-inner\">\n\t\t\t\t<div class=\"elementor-element elementor-element-3d75ab0 elementor-widget elementor-widget-heading\" data-id=\"3d75ab0\" data-element_type=\"widget\" data-e-type=\"widget\" data-widget_type=\"heading.default\">\n\t\t\t\t\t<h2 class=\"elementor-heading-title elementor-size-default\"><span style=\"font-size: 31.2px\">Los guatemaltecos enviaron al pa\u00eds US$21,510 millones en remesas familiares durante el 2024, lo cual se consolida como pilar macrecon\u00f3mico; pero muchos est\u00e1n en situacion migratoria irregular y ante el retorno de Donald Trump al poder, hay muchas preguntas abiertas. <\/span><\/h2>\t\t\t\t<\/div>\n\t\t\t\t\t<\/div>\n\t\t\t\t<\/div>\n\t\t<div data-particle_enable=\"false\" data-particle-mobile-disabled=\"false\" class=\"elementor-element elementor-element-34ca509 e-flex e-con-boxed e-con e-parent\" data-id=\"34ca509\" data-element_type=\"container\" data-e-type=\"container\">\n\t\t\t\t\t<div class=\"e-con-inner\">\n\t\t\t\t<div class=\"elementor-element elementor-element-b5c7588 elementor-widget elementor-widget-heading\" data-id=\"b5c7588\" data-element_type=\"widget\" data-e-type=\"widget\" data-widget_type=\"heading.default\">\n\t\t\t\t\t<h5 class=\"elementor-heading-title elementor-size-default\">Por Alejandra \u00c1lvarez, especial para SoyMigrante.com<\/h5>\t\t\t\t<\/div>\n\t\t\t\t\t<\/div>\n\t\t\t\t<\/div>\n\t\t<div data-particle_enable=\"false\" data-particle-mobile-disabled=\"false\" class=\"elementor-element elementor-element-7f23b78 e-flex e-con-boxed e-con e-parent\" data-id=\"7f23b78\" data-element_type=\"container\" data-e-type=\"container\">\n\t\t\t\t\t<div class=\"e-con-inner\">\n\t\t\t\t<div class=\"elementor-element elementor-element-9f8f39e elementor-widget elementor-widget-html\" data-id=\"9f8f39e\" data-element_type=\"widget\" data-e-type=\"widget\" data-widget_type=\"html.default\">\n\t\t\t\t\t<div id=\"buzzsprout-player-16471481\"><\/div><script src=\"https:\/\/www.buzzsprout.com\/2444168\/episodes\/16471481-migrantes-guatemaltecos-en-ee-uu-2025-ante-el-regreso-de-trump-al-poder.js?container_id=buzzsprout-player-16471481&player=small\" type=\"text\/javascript\" charset=\"utf-8\"><\/script>\t\t\t\t<\/div>\n\t\t\t\t<div class=\"elementor-element elementor-element-ffa6fe8 elementor-widget elementor-widget-text-editor\" data-id=\"ffa6fe8\" data-element_type=\"widget\" data-e-type=\"widget\" data-widget_type=\"text-editor.default\">\n\t\t\t\t\t\t\t\t\t<p><span style=\"color: var( --e-global-color-text ); text-align: var(--text-align);\">La comunidad guatemalteca en Estados Unidos (3.2 millones seg\u00fan el Ministerio de Relaciones Exteriores de Guatemala) y especialmente los connacionales indocumentados,\u00a0 se encuentran atentos de las medidas que implemente el gobierno de Donald Trump, que arranca este 20 de enero. Durante la campa\u00f1a presidencial, el tema migratorio volvi\u00f3 a centrar la atenci\u00f3n, sobre todo por los ofrecimientos de pol\u00edticas agresivas contra indocumentados.<\/span><\/p><p>Pero hay que recordar algo: las deportaciones de guatemaltecos desde EE.UU. ya existen desde antes. El actual gobierno, de Joe Biden, cerr\u00f3 el a\u00f1o con m\u00e1s de 70 mil guatemaltecos repatriados. Adem\u00e1s, no otorg\u00f3 la solicitud de Estatus de Protecci\u00f3n Temporal (TPS por sus siglas en ingl\u00e9s) a pesar de ser Guatemala un socio estrat\u00e9gico de EE.UU. en la regi\u00f3n.\u00a0<\/p><p>En todo caso, a pesar del escenario pol\u00edtico y gubernamental, los guatemaltecos siguen contribuyendo como una fuerza laboral indispensable en dicho pa\u00eds y un pilar econ\u00f3mico del pa\u00eds. Pese a ello, <b>e<\/b><span style=\"color: var( --e-global-color-text ); text-align: var(--text-align);\"><b>l abogado Pedro Pablo Solares, especialista en migrantes, <\/b>se\u00f1ala que el gobierno de Guatemala no ha presentado un plan detallado de c\u00f3mo actuar\u00e1 ante la administraci\u00f3n Trump.<\/span><\/p>\t\t\t\t\t\t\t\t<\/div>\n\t\t\t\t\t<\/div>\n\t\t\t\t<\/div>\n\t\t<div data-particle_enable=\"false\" data-particle-mobile-disabled=\"false\" class=\"elementor-element elementor-element-14d6eed e-flex e-con-boxed e-con e-parent\" data-id=\"14d6eed\" data-element_type=\"container\" data-e-type=\"container\">\n\t\t\t\t\t<div class=\"e-con-inner\">\n\t\t\t\t\t<\/div>\n\t\t\t\t<\/div>\n\t\t<div data-particle_enable=\"false\" data-particle-mobile-disabled=\"false\" class=\"elementor-element elementor-element-0ffb017 e-flex e-con-boxed e-con e-parent\" data-id=\"0ffb017\" data-element_type=\"container\" data-e-type=\"container\">\n\t\t\t\t\t<div class=\"e-con-inner\">\n\t\t\t\t<div class=\"elementor-element elementor-element-8fac93e elementor-widget elementor-widget-text-editor\" data-id=\"8fac93e\" data-element_type=\"widget\" data-e-type=\"widget\" data-widget_type=\"text-editor.default\">\n\t\t\t\t\t\t\t\t\t<p><span style=\"color: var( --e-global-color-text ); text-align: var(--text-align);\"><b>\u00bfCu\u00e1l es el panorama en 2025 para la comunidad migrante guatemalteca en Estados Unidos?<\/b><\/span><\/p><p>La principal orientaci\u00f3n es hacia la incertidumbre que existe por los ofrecimientos que hizo el presidente entrante, Donald Trump. La promesa en temas de migraci\u00f3n fue conducir la mayor campa\u00f1a de deportaciones de la historia de Estados Unidos.<\/p><p>Una parte importante de la poblaci\u00f3n guatemalteca all\u00e1 se encuentra en estado de irregularidad y, en este momento, lo que se anticipa es la expectativa de la capacidad del nuevo presidente de cumplir con esas ofertas de campa\u00f1a, las cuales, de consumarse incluso en una proporci\u00f3n peque\u00f1a, tendr\u00eda efectos muy serios y preocupantes para las personas sin documentaci\u00f3n legal de residencia.\u00a0<\/p><p><b>\u00bfCu\u00e1les ser\u00edan esos efectos inmediatos?\u00a0<\/b><\/p><p>Acciones que representen una repercusi\u00f3n pol\u00edtica pronta para Trump y que transmitan el mensaje de que est\u00e1 cumpliendo promesas. Si ese fuera el caso, podr\u00edan verse redadas masivas en puestos de trabajo donde hay gran cantidad de migrantes indocumentados (guatemaltecos y de otros pa\u00edses).\u00a0<\/p><p>Otra estrategia podr\u00eda ser el ataque de casos individuales en los que se busque el perfil de personas que han infringido la ley, pero eso tiene la gran complicaci\u00f3n de que es una estrategia de uno por uno, mientras que las redadas implican a cientos de personas en un solo d\u00eda. Entonces es posible que\u00a0 haya redadas de gran magnitud en los primeros seis meses de la presidencia de Trump.\u00a0<\/p>\t\t\t\t\t\t\t\t<\/div>\n\t\t\t\t\t<\/div>\n\t\t\t\t<\/div>\n\t\t<div data-particle_enable=\"false\" data-particle-mobile-disabled=\"false\" class=\"elementor-element elementor-element-6b66af1 e-flex e-con-boxed e-con e-parent\" data-id=\"6b66af1\" data-element_type=\"container\" data-e-type=\"container\">\n\t\t\t\t\t<div class=\"e-con-inner\">\n\t\t\t\t<div class=\"elementor-element elementor-element-9030468 elementor-invisible elementor-widget elementor-widget-testimonial\" data-id=\"9030468\" data-element_type=\"widget\" data-e-type=\"widget\" data-settings=\"{&quot;_animation&quot;:&quot;rotateInUpRight&quot;}\" data-widget_type=\"testimonial.default\">\n\t\t\t\t\t\t\t<div class=\"elementor-testimonial-wrapper\">\n\t\t\t\t\t\t\t<div class=\"elementor-testimonial-content\">\"No he visto un plan claro (por parte del gobierno guatemalteco) para enfrentar lo que se puede venir. No hay campa\u00f1as informativas, mejoras en los consulados ni preparativos para manejar un posible aumento de las deportaciones\"<span style=\"font-family: Roboto, sans-serif;font-size: 16px;font-style: normal;font-weight: 400;text-align: start\">&nbsp;<\/span><\/div>\n\t\t\t\n\t\t\t\t\t\t<div class=\"elementor-testimonial-meta elementor-has-image elementor-testimonial-image-position-aside\">\n\t\t\t\t<div class=\"elementor-testimonial-meta-inner\">\n\t\t\t\t\t\t\t\t\t\t\t<div class=\"elementor-testimonial-image\">\n\t\t\t\t\t\t\t<img fetchpriority=\"high\" decoding=\"async\" width=\"198\" height=\"300\" src=\"https:\/\/soymigrante.com\/revista\/wp-content\/uploads\/2025\/01\/pedro-pablo-solares-198x300.jpg\" class=\"attachment-medium size-medium wp-image-21722\" alt=\"Estilo de vida de migrantes, entrevista, historia personal, integraci\u00f3n social, SoyMigrante.com REVISTA.\" title=\"pedro pablo solares \u2013 SoyMigrante.com REVISTA\" \/>\t\t\t\t\t\t<\/div>\n\t\t\t\t\t\n\t\t\t\t\t\t\t\t\t\t<div class=\"elementor-testimonial-details\">\n\t\t\t\t\t\t\t\t\t\t\t\t\t\t<div class=\"elementor-testimonial-name\">Pedro Pablo Solares<\/div>\n\t\t\t\t\t\t\t\t\t\t\t\t\t\t\t\t\t\t\t\t\t\t<div class=\"elementor-testimonial-job\">Abogado guatemalteco experto en\ntemas migratorios<\/div>\n\t\t\t\t\t\t\t\t\t\t\t\t\t<\/div>\n\t\t\t\t\t\t\t\t\t<\/div>\n\t\t\t<\/div>\n\t\t\t\t\t<\/div>\n\t\t\t\t\t\t<\/div>\n\t\t\t\t\t<\/div>\n\t\t\t\t<\/div>\n\t\t<div data-particle_enable=\"false\" data-particle-mobile-disabled=\"false\" class=\"elementor-element elementor-element-1624b52 e-flex e-con-boxed e-con e-parent\" data-id=\"1624b52\" data-element_type=\"container\" data-e-type=\"container\">\n\t\t\t\t\t<div class=\"e-con-inner\">\n\t\t\t\t<div class=\"elementor-element elementor-element-0c534b9 elementor-widget elementor-widget-text-editor\" data-id=\"0c534b9\" data-element_type=\"widget\" data-e-type=\"widget\" data-widget_type=\"text-editor.default\">\n\t\t\t\t\t\t\t\t\t<p><b style=\"color: var( --e-global-color-text ); text-align: var(--text-align);\">\u00bfCree que esto va a tener un impacto directo en las fuentes de trabajo para los migrantes en Estados Unidos?\u00a0<\/b><\/p><p>Totalmente. Es eso lo que est\u00e1n buscando. Las deportaciones tienen ciertas reglas. El escenario para los guatemaltecos puede ser m\u00e1s preocupante, si tomamos en cuenta que deportar a una persona desde Estados Unidos es menos costoso si se hace hacia los pa\u00edses m\u00e1s cercanos, como Guatemala.\u00a0\u00a0<\/p><p>Hay ciertas industrias como la de carne, en la que ellos se re\u00fanen en una proporci\u00f3n mayor que los trabajadores de otras nacionalidades. En el pasado, las grandes plantas de procesamiento de alimentos se han vuelto el campo m\u00e1s apetecible para conducir este tipo de redadas. Recordemos los casos de Postville, Iowa en 2008, y de Jackson, Mississippi, en 2019.\u00a0\u00a0<\/p><p><b>\u00bfC\u00f3mo percibe la reacci\u00f3n de los migrantes frente a esta situaci\u00f3n?<\/b><\/p><p>Curiosamente, no he detectado miedo generalizado entre las comunidades guatemaltecas en Estados Unidos, pese a la amenaza de deportaciones masivas. Esto podr\u00eda deberse a que los migrantes est\u00e1n acostumbrados a vivir en condiciones adversas.\u00a0<\/p><p>Adem\u00e1s, he notado un apoyo inesperado hacia Trump en algunos sectores (hispanos), motivado por la expectativa de mejoras econ\u00f3micas.<\/p><p><b>\u00bfHabr\u00e1 impacto en las remesas?<\/b><\/p><p>No parece que el miedo a las deportaciones vaya a influir significativamente en esto. El flujo depende m\u00e1s de factores econ\u00f3micos, como la cantidad de migrantes empleados y el estado de la econom\u00eda estadounidense.\u00a0<\/p><p>Actualmente, no hay restricciones para enviar remesas, y no se espera que las pol\u00edticas migratorias generen un cambio en este panorama en el corto plazo. De hecho en el 2024 (que se superaron los $21 mil millones en remesas) no hubo un aumento extraordinario ni siquiera en el mes de diciembrre, despu\u00e9s de la victoria de Trump.<\/p>\t\t\t\t\t\t\t\t<\/div>\n\t\t\t\t\t<\/div>\n\t\t\t\t<\/div>\n\t\t<div data-particle_enable=\"false\" data-particle-mobile-disabled=\"false\" class=\"elementor-element elementor-element-2c06dd0 e-flex e-con-boxed e-con e-parent\" data-id=\"2c06dd0\" data-element_type=\"container\" data-e-type=\"container\">\n\t\t\t\t\t<div class=\"e-con-inner\">\n\t\t\t\t<div class=\"elementor-element elementor-element-83c684f elementor-grid-eael-col-1 elementor-grid-tablet-eael-col-2 elementor-grid-mobile-eael-col-1 elementor-widget elementor-widget-eael-post-grid\" data-id=\"83c684f\" data-element_type=\"widget\" data-e-type=\"widget\" data-settings=\"{&quot;eael_post_grid_columns&quot;:&quot;eael-col-1&quot;,&quot;eael_post_grid_columns_tablet&quot;:&quot;eael-col-2&quot;,&quot;eael_post_grid_columns_mobile&quot;:&quot;eael-col-1&quot;}\" data-widget_type=\"eael-post-grid.default\">\n\t\t\t\t\t<div id=\"eael-post-grid-83c684f\" class=\"eael-post-grid-container\">\n            <div class=\"eael-post-grid eael-post-appender eael-post-appender-83c684f eael-post-grid-style-one\" data-layout-mode=\"masonry\"><article class=\"eael-grid-post  eael-post-grid-column eael-pg-post-6331 category-estamos-unidos\" data-id=\"6331\">\n        <div class=\"eael-grid-post-holder\">\n            <div class=\"eael-grid-post-holder-inner\"><div class=\"eael-entry-media\"><div class=\"eael-entry-overlay fade-in\"><i class=\"far fa-hand-pointer\" aria-hidden=\"true\"><\/i><a href=\"https:\/\/soymigrante.com\/revista\/cuantos-guatemaltecos-hay-en-estados-unidos-minex-2024-cifras-migrantes\/\"><\/a><\/div><div class=\"eael-entry-thumbnail eael-image-ratio\">\n                <img decoding=\"async\" width=\"867\" height=\"767\" src=\"https:\/\/soymigrante.com\/revista\/wp-content\/uploads\/2024\/05\/Captura-de-pantalla-2024-05-09-224018.webp\" class=\"attachment-large size-large wp-image-6332\" alt=\"Cuantos guatemaltecos hay en Estados Unidos cifras actualizadas del Minex. Fotograf\u00eda de Chapines de Coraz\u00f3n Houston\" srcset=\"https:\/\/soymigrante.com\/revista\/wp-content\/uploads\/2024\/05\/Captura-de-pantalla-2024-05-09-224018.webp 867w, https:\/\/soymigrante.com\/revista\/wp-content\/uploads\/2024\/05\/Captura-de-pantalla-2024-05-09-224018-300x265.webp 300w, https:\/\/soymigrante.com\/revista\/wp-content\/uploads\/2024\/05\/Captura-de-pantalla-2024-05-09-224018-768x679.webp 768w, https:\/\/soymigrante.com\/revista\/wp-content\/uploads\/2024\/05\/Captura-de-pantalla-2024-05-09-224018-750x663.webp 750w\" sizes=\"(max-width: 867px) 100vw, 867px\" \/>\n            <\/div>\n        <\/div><div class=\"eael-entry-wrapper\"><header class=\"eael-entry-header\"><h2 class=\"eael-entry-title\"><a class=\"eael-grid-post-link\" href=\"https:\/\/soymigrante.com\/revista\/cuantos-guatemaltecos-hay-en-estados-unidos-minex-2024-cifras-migrantes\/\" title=\"Cifra actualizada de cuantos guatemaltecos hay en Estados Unidos en 2024\">Cifra actualizada de cuantos guatemaltecos hay en Estados Unidos en 2024<\/a><\/h2><\/header><div class=\"eael-entry-content\">\n                        <div class=\"eael-grid-post-excerpt\"><a href=\"https:\/\/soymigrante.com\/revista\/cuantos-guatemaltecos-hay-en-estados-unidos-minex-2024-cifras-migrantes\/\" class=\"eael-post-elements-readmore-btn\">CONOCE SU HISTORIA <\/a><\/div>\n                    <\/div><\/div><\/div>\n        <\/div>\n    <\/article><\/div>\n            <div class=\"clearfix\"><\/div>\n        <\/div>\t\t\t\t<\/div>\n\t\t\t\t\t<\/div>\n\t\t\t\t<\/div>\n\t\t<div data-particle_enable=\"false\" data-particle-mobile-disabled=\"false\" class=\"elementor-element elementor-element-5274a2c e-flex e-con-boxed e-con e-parent\" data-id=\"5274a2c\" data-element_type=\"container\" data-e-type=\"container\">\n\t\t\t\t\t<div class=\"e-con-inner\">\n\t\t\t\t<div class=\"elementor-element elementor-element-0a37c73 elementor-widget elementor-widget-heading\" data-id=\"0a37c73\" data-element_type=\"widget\" data-e-type=\"widget\" data-widget_type=\"heading.default\">\n\t\t\t\t\t<h3 class=\"elementor-heading-title elementor-size-default\">Llegada de Trump y sus posibles efectos<\/h3>\t\t\t\t<\/div>\n\t\t\t\t\t<\/div>\n\t\t\t\t<\/div>\n\t\t<div data-particle_enable=\"false\" data-particle-mobile-disabled=\"false\" class=\"elementor-element elementor-element-25dd39f e-flex e-con-boxed e-con e-parent\" data-id=\"25dd39f\" data-element_type=\"container\" data-e-type=\"container\">\n\t\t\t\t\t<div class=\"e-con-inner\">\n\t\t\t\t<div class=\"elementor-element elementor-element-613060f elementor-widget elementor-widget-text-editor\" data-id=\"613060f\" data-element_type=\"widget\" data-e-type=\"widget\" data-widget_type=\"text-editor.default\">\n\t\t\t\t\t\t\t\t\t<p><b style=\"color: var( --e-global-color-text ); text-align: var(--text-align);\">\u00bfSe observa alguna alteraci\u00f3n en la intenci\u00f3n de migrar?<\/b><\/p><p>Tampoco he percibido un cambio notorio en las intenciones de viaje, ni un aumento en los costos asociados al cruce fronterizo. Aunque en el pasado los coyotes han usado la ret\u00f3rica antiinmigrante para encarecer sus servicios, la confianza en las redes migrantes parece mantenerse intacta.<\/p><p><b>\u00bfQu\u00e9 acciones ha tomado el gobierno guatemalteco ante este escenario?<\/b><\/p><p><span style=\"text-align: var(--text-align);\">Lamentablemente, no he visto un plan claro para enfrentar lo que se puede venir. Reci\u00e9n la semana pasada el Gobierno lanz\u00f3 un plan informativo, pero sin mayor detalle, lo cual puede ser indicativo de improvisaci\u00f3n. Se anunci\u00f3 la creaci\u00f3n de dos nuevos consulados, pero la red no tiene mejoras ni se ven preparativos para manejar un posible aumento en las deportaciones.\u00a0<\/span><\/p><p><span style=\"color: var( --e-global-color-text ); text-align: var(--text-align);\">Esto contrasta con pa\u00edses como M\u00e9xico, que tienen sistemas consulares m\u00e1s eficientes y mejor preparados para asistir a sus connacionales.<\/span><\/p>\t\t\t\t\t\t\t\t<\/div>\n\t\t\t\t\t<\/div>\n\t\t\t\t<\/div>\n\t\t<div data-particle_enable=\"false\" data-particle-mobile-disabled=\"false\" class=\"elementor-element elementor-element-d74be9f e-flex e-con-boxed e-con e-parent\" data-id=\"d74be9f\" data-element_type=\"container\" data-e-type=\"container\">\n\t\t\t\t\t<div class=\"e-con-inner\">\n\t\t\t\t<div class=\"elementor-element elementor-element-b1cf068 elementor-widget elementor-widget-image\" data-id=\"b1cf068\" data-element_type=\"widget\" data-e-type=\"widget\" data-widget_type=\"image.default\">\n\t\t\t\t\t\t\t\t\t\t\t\t<figure class=\"wp-caption\">\n\t\t\t\t\t\t\t\t\t\t<img decoding=\"async\" width=\"633\" height=\"595\" src=\"https:\/\/soymigrante.com\/revista\/wp-content\/uploads\/2025\/01\/migrantes-guatemaltecos-2-1.webp\" class=\"attachment-large size-large wp-image-21725\" alt=\"Vendedor en puesto de souvenirs de Guatemala con banderas y art\u00edculos de f\u00fatbol en un mercado al aire libre, atendiendo a clientes durante un evento cultural comunal.\" srcset=\"https:\/\/soymigrante.com\/revista\/wp-content\/uploads\/2025\/01\/migrantes-guatemaltecos-2-1.webp 633w, https:\/\/soymigrante.com\/revista\/wp-content\/uploads\/2025\/01\/migrantes-guatemaltecos-2-1-300x282.jpg 300w\" sizes=\"(max-width: 633px) 100vw, 633px\" title=\"El experto migratorio Pedro Pablo Solares percibe una serena espera en comunidades migrantes guatemaltecas en EE.UU., pero prev\u00e9 que el efecto de las redadas masivas prometidas por el presidente Trump pueda afectar a cientos de miles de connacionales indocumentados. \u2013 SoyMigrante.com REVISTA\" \/>\t\t\t\t\t\t\t\t\t\t\t<figcaption class=\"widget-image-caption wp-caption-text\">Personas comprando y vendiendo productos t\u00edpicos guatemaltecos en feria al aire libre.<\/figcaption>\n\t\t\t\t\t\t\t\t\t\t<\/figure>\n\t\t\t\t\t\t\t\t\t<\/div>\n\t\t\t\t\t<\/div>\n\t\t\t\t<\/div>\n\t\t<div data-particle_enable=\"false\" data-particle-mobile-disabled=\"false\" class=\"elementor-element elementor-element-dc97070 e-flex e-con-boxed e-con e-parent\" data-id=\"dc97070\" data-element_type=\"container\" data-e-type=\"container\">\n\t\t\t\t\t<div class=\"e-con-inner\">\n\t\t\t\t<div class=\"elementor-element elementor-element-5d3c6e9 elementor-widget elementor-widget-text-editor\" data-id=\"5d3c6e9\" data-element_type=\"widget\" data-e-type=\"widget\" data-widget_type=\"text-editor.default\">\n\t\t\t\t\t\t\t\t\t<p><b style=\"color: var( --e-global-color-text ); text-align: var(--text-align);\">\u00bfCu\u00e1l es la principal preocupaci\u00f3n para 2025?<\/b><\/p><p>El mayor temor es que las redadas masivas afecten a comunidades enteras. Estas acciones no solo desintegran familias, sino que tambi\u00e9n generan un impacto devastador en el tejido social y econ\u00f3mico de los afectados. Adem\u00e1s, hay incertidumbre sobre si Trump lograr\u00e1 cumplir sus promesas o si estas ser\u00e1n m\u00e1s simb\u00f3licas que efectivas, como ocurri\u00f3 con la construcci\u00f3n parcial del muro fronterizo.<\/p><p><b>\u00bfD\u00f3nde podr\u00eda radicar el optimismo?<\/b><\/p><p>En la resiliencia de la comunidad migrante guatemalteca. A pesar de los retos, estas personas contin\u00faan trabajando arduamente, contribuyendo de manera significativa a las econom\u00edas locales y demostrando su valor como miembros indispensables de la sociedad estadounidense.<\/p>\t\t\t\t\t\t\t\t<\/div>\n\t\t\t\t\t<\/div>\n\t\t\t\t<\/div>\n\t\t<div data-particle_enable=\"false\" data-particle-mobile-disabled=\"false\" class=\"elementor-element elementor-element-e95a4f3 e-flex e-con-boxed e-con e-parent\" data-id=\"e95a4f3\" data-element_type=\"container\" data-e-type=\"container\">\n\t\t\t\t\t<div class=\"e-con-inner\">\n\t\t\t\t<div class=\"elementor-element elementor-element-5a5258b elementor-widget elementor-widget-heading\" data-id=\"5a5258b\" data-element_type=\"widget\" data-e-type=\"widget\" data-widget_type=\"heading.default\">\n\t\t\t\t\t<h2 class=\"elementor-heading-title elementor-size-default\">Aporte guatemalteco en EE.UU. es grande<\/h2>\t\t\t\t<\/div>\n\t\t\t\t\t<\/div>\n\t\t\t\t<\/div>\n\t\t<div data-particle_enable=\"false\" data-particle-mobile-disabled=\"false\" class=\"elementor-element elementor-element-1547530 e-flex e-con-boxed e-con e-parent\" data-id=\"1547530\" data-element_type=\"container\" data-e-type=\"container\">\n\t\t\t\t\t<div class=\"e-con-inner\">\n\t\t\t\t<div class=\"elementor-element elementor-element-dc5e740 elementor-grid-eael-col-3 elementor-grid-tablet-eael-col-2 elementor-grid-mobile-eael-col-1 elementor-widget elementor-widget-eael-post-grid\" data-id=\"dc5e740\" data-element_type=\"widget\" data-e-type=\"widget\" data-settings=\"{&quot;eael_post_grid_columns&quot;:&quot;eael-col-3&quot;,&quot;eael_post_grid_columns_tablet&quot;:&quot;eael-col-2&quot;,&quot;eael_post_grid_columns_mobile&quot;:&quot;eael-col-1&quot;}\" data-widget_type=\"eael-post-grid.default\">\n\t\t\t\t\t<div id=\"eael-post-grid-dc5e740\" class=\"eael-post-grid-container\">\n            <div class=\"eael-post-grid eael-post-appender eael-post-appender-dc5e740 eael-post-grid-style-one\" data-layout-mode=\"masonry\"><article class=\"eael-grid-post  eael-post-grid-column eael-pg-post-18082 category-guate-nuestra\" data-id=\"18082\">\n        <div class=\"eael-grid-post-holder\">\n            <div class=\"eael-grid-post-holder-inner\"><div class=\"eael-entry-media\"><div class=\"eael-entry-overlay fade-in\"><i class=\"far fa-hand-pointer\" aria-hidden=\"true\"><\/i><a href=\"https:\/\/soymigrante.com\/revista\/migrantes-guatemaltecos-asi-fortalecen-y-aportan-a-estados-unidos\/\"><\/a><\/div><div class=\"eael-entry-thumbnail \">\n                <img loading=\"lazy\" decoding=\"async\" width=\"1024\" height=\"1024\" src=\"https:\/\/soymigrante.com\/revista\/wp-content\/uploads\/2024\/11\/tiana-ochoa-lider-migrante-rhode-island-5-e1734361323429-1024x1024.webp\" class=\"attachment-large size-large wp-image-11993\" alt=\"Celebraci\u00f3n de migrantes en un evento cultural, con banderas de Estados Unidos, Guatemala, y Cuba, mostrando orgullo y comunidad en un ambiente festivo y multicultural.\" srcset=\"https:\/\/soymigrante.com\/revista\/wp-content\/uploads\/2024\/11\/tiana-ochoa-lider-migrante-rhode-island-5-e1734361323429-1024x1024.webp 1024w, https:\/\/soymigrante.com\/revista\/wp-content\/uploads\/2024\/11\/tiana-ochoa-lider-migrante-rhode-island-5-e1734361323429-300x300.webp 300w, https:\/\/soymigrante.com\/revista\/wp-content\/uploads\/2024\/11\/tiana-ochoa-lider-migrante-rhode-island-5-e1734361323429-150x150.webp 150w, https:\/\/soymigrante.com\/revista\/wp-content\/uploads\/2024\/11\/tiana-ochoa-lider-migrante-rhode-island-5-e1734361323429-768x768.webp 768w, https:\/\/soymigrante.com\/revista\/wp-content\/uploads\/2024\/11\/tiana-ochoa-lider-migrante-rhode-island-5-e1734361323429-75x75.webp 75w, https:\/\/soymigrante.com\/revista\/wp-content\/uploads\/2024\/11\/tiana-ochoa-lider-migrante-rhode-island-5-e1734361323429-750x750.webp 750w, https:\/\/soymigrante.com\/revista\/wp-content\/uploads\/2024\/11\/tiana-ochoa-lider-migrante-rhode-island-5-e1734361323429-1140x1140.webp 1140w, https:\/\/soymigrante.com\/revista\/wp-content\/uploads\/2024\/11\/tiana-ochoa-lider-migrante-rhode-island-5-e1734361323429.webp 1370w\" sizes=\"(max-width: 1024px) 100vw, 1024px\" \/>\n            <\/div>\n        <\/div><div class=\"eael-entry-wrapper\"><header class=\"eael-entry-header\"><h2 class=\"eael-entry-title\"><a class=\"eael-grid-post-link\" href=\"https:\/\/soymigrante.com\/revista\/migrantes-guatemaltecos-asi-fortalecen-y-aportan-a-estados-unidos\/\" title=\"Migrantes guatemaltecos: As\u00ed fortalecen y aportan a Estados Unidos\">Migrantes guatemaltecos: As\u00ed fortalecen y aportan a Estados Unidos<\/a><\/h2><\/header><div class=\"eael-entry-content\">\n                        <div class=\"eael-grid-post-excerpt\"><a href=\"https:\/\/soymigrante.com\/revista\/migrantes-guatemaltecos-asi-fortalecen-y-aportan-a-estados-unidos\/\" class=\"eael-post-elements-readmore-btn\">CONOCE SU HISTORIA <\/a><\/div>\n                    <\/div><\/div><\/div>\n        <\/div>\n    <\/article><article class=\"eael-grid-post  eael-post-grid-column eael-pg-post-12781 category-estamos-unidos\" data-id=\"12781\">\n        <div class=\"eael-grid-post-holder\">\n            <div class=\"eael-grid-post-holder-inner\"><div class=\"eael-entry-media\"><div class=\"eael-entry-overlay fade-in\"><i class=\"far fa-hand-pointer\" aria-hidden=\"true\"><\/i><a href=\"https:\/\/soymigrante.com\/revista\/premiaran-liderazgo-de-la-comunidad-guatemalteca-en-oklahoma\/\"><\/a><\/div><div class=\"eael-entry-thumbnail \">\n                <img loading=\"lazy\" decoding=\"async\" width=\"1024\" height=\"768\" src=\"https:\/\/soymigrante.com\/revista\/wp-content\/uploads\/2024\/11\/PREMIARA\u0301N-A-GUATEMALTECOS--1024x768.jpeg\" class=\"attachment-large size-large wp-image-12783\" alt=\"Premiar\u00e1n liderazgo de la comunidad guatemalteca en Oklahoma\" srcset=\"https:\/\/soymigrante.com\/revista\/wp-content\/uploads\/2024\/11\/PREMIARA\u0301N-A-GUATEMALTECOS--1024x768.jpeg 1024w, https:\/\/soymigrante.com\/revista\/wp-content\/uploads\/2024\/11\/PREMIARA\u0301N-A-GUATEMALTECOS--300x225.webp 300w, https:\/\/soymigrante.com\/revista\/wp-content\/uploads\/2024\/11\/PREMIARA\u0301N-A-GUATEMALTECOS--768x576.jpeg 768w, https:\/\/soymigrante.com\/revista\/wp-content\/uploads\/2024\/11\/PREMIARA\u0301N-A-GUATEMALTECOS--1536x1152.jpeg 1536w, https:\/\/soymigrante.com\/revista\/wp-content\/uploads\/2024\/11\/PREMIARA\u0301N-A-GUATEMALTECOS--750x563.webp 750w, https:\/\/soymigrante.com\/revista\/wp-content\/uploads\/2024\/11\/PREMIARA\u0301N-A-GUATEMALTECOS--1140x855.jpeg 1140w, https:\/\/soymigrante.com\/revista\/wp-content\/uploads\/2024\/11\/PREMIARA\u0301N-A-GUATEMALTECOS-.webp 1920w\" sizes=\"(max-width: 1024px) 100vw, 1024px\" \/>\n            <\/div>\n        <\/div><div class=\"eael-entry-wrapper\"><header class=\"eael-entry-header\"><h2 class=\"eael-entry-title\"><a class=\"eael-grid-post-link\" href=\"https:\/\/soymigrante.com\/revista\/premiaran-liderazgo-de-la-comunidad-guatemalteca-en-oklahoma\/\" title=\"Comunidad guatemalteca en Oklahoma premia liderazgo y aportes hispanos en USA\">Comunidad guatemalteca en Oklahoma premia liderazgo y aportes hispanos en USA<\/a><\/h2><\/header><div class=\"eael-entry-content\">\n                        <div class=\"eael-grid-post-excerpt\"><a href=\"https:\/\/soymigrante.com\/revista\/premiaran-liderazgo-de-la-comunidad-guatemalteca-en-oklahoma\/\" class=\"eael-post-elements-readmore-btn\">CONOCE SU HISTORIA <\/a><\/div>\n                    <\/div><\/div><\/div>\n        <\/div>\n    <\/article><article class=\"eael-grid-post  eael-post-grid-column eael-pg-post-1650 category-estamos-unidos tags-remesas-migrantes\" data-id=\"1650\">\n        <div class=\"eael-grid-post-holder\">\n            <div class=\"eael-grid-post-holder-inner\"><div class=\"eael-entry-media\"><div class=\"eael-entry-overlay fade-in\"><i class=\"far fa-hand-pointer\" aria-hidden=\"true\"><\/i><a href=\"https:\/\/soymigrante.com\/revista\/impacto-remesas-guatemala-desde-eeuu\/\"><\/a><\/div><div class=\"eael-entry-thumbnail \">\n                <img loading=\"lazy\" decoding=\"async\" width=\"1024\" height=\"700\" src=\"https:\/\/soymigrante.com\/revista\/wp-content\/uploads\/2023\/06\/Captura-de-pantalla-2023-06-28-124853-1024x700.webp\" class=\"attachment-large size-large wp-image-1651\" alt=\"Ilustraci\u00f3n de d\u00f3lares para ilustrar tema de remesas migrantes de Estados Unidos a Guatemala\" \/>\n            <\/div>\n        <\/div><div class=\"eael-entry-wrapper\"><header class=\"eael-entry-header\"><h2 class=\"eael-entry-title\"><a class=\"eael-grid-post-link\" href=\"https:\/\/soymigrante.com\/revista\/impacto-remesas-guatemala-desde-eeuu\/\" title=\"\u00bfA d\u00f3nde van las remesas enviadas por migrantes guatemaltecos desde Estados Unidos?\">\u00bfA d\u00f3nde van las remesas enviadas por migrantes guatemaltecos desde Estados Unidos?<\/a><\/h2><\/header><div class=\"eael-entry-content\">\n                        <div class=\"eael-grid-post-excerpt\"><a href=\"https:\/\/soymigrante.com\/revista\/impacto-remesas-guatemala-desde-eeuu\/\" class=\"eael-post-elements-readmore-btn\">CONOCE SU HISTORIA <\/a><\/div>\n                    <\/div><\/div><\/div>\n        <\/div>\n    <\/article><\/div>\n            <div class=\"clearfix\"><\/div>\n        <\/div>\t\t\t\t<\/div>\n\t\t\t\t\t<\/div>\n\t\t\t\t<\/div>\n\t\t\t\t<\/div>\n\t\t","protected":false},"excerpt":{"rendered":"<p>Los guatemaltecos enviaron al pa\u00eds US$21,510 millones en remesas familiares durante el 2024, lo cual se consolida como pilar macrecon\u00f3mico; pero muchos est\u00e1n en situacion migratoria irregular y ante el retorno de Donald Trump al poder, hay muchas preguntas abiertas. Por Alejandra \u00c1lvarez, especial para SoyMigrante.com La comunidad guatemalteca en Estados Unidos (3.2 millones seg\u00fan [&hellip;]<\/p>\n","protected":false},"author":1,"featured_media":21677,"comment_status":"open","ping_status":"open","sticky":false,"template":"","format":"standard","meta":{"_acf_changed":false,"_eb_attr":"","footnotes":""},"categories":[54],"tags":[],"class_list":["post-21652","post","type-post","status-publish","format-standard","has-post-thumbnail","hentry","category-estamos-unidos"],"acf":[],"aioseo_notices":[],"aioseo_head":"\n\t\t<!-- All in One SEO Pro 4.9.6.2 - aioseo.com -->\n\t<meta name=\"description\" content=\"Las remesas de migrantes guatemaltecos en EE.UU. juegan un papel crucial en la econom\u00eda de Guatemala.\" \/>\n\t<meta name=\"robots\" content=\"max-snippet:-1, max-image-preview:large, max-video-preview:-1\" \/>\n\t<meta name=\"author\" content=\"Gustavo Montenegro\"\/>\n\t<link rel=\"canonical\" href=\"https:\/\/soymigrante.com\/revista\/impacto-remesas-guatemala-desde-eeuu\/\" \/>\n\t<meta name=\"generator\" content=\"All in One SEO Pro (AIOSEO) 4.9.6.2\" \/>\n\n\t\t<link rel=\"preconnect\" href=\"https:\/\/fonts.googleapis.com\" crossorigin>\n<link rel=\"preconnect\" href=\"https:\/\/fonts.gstatic.com\" crossorigin>\n\t\t<meta property=\"og:locale\" content=\"es_ES\" \/>\n\t\t<meta property=\"og:site_name\" content=\"SoyMigrante.com REVISTA \u2013 Nuestra misi\u00f3n es reconocer y dignificar al migrante.\" \/>\n\t\t<meta property=\"og:type\" content=\"article\" \/>\n\t\t<meta property=\"og:title\" content=\"Migrantes guatemaltecos en EE.UU.: El poder econ\u00f3mico de las remesas\" \/>\n\t\t<meta property=\"og:description\" content=\"Las remesas de migrantes guatemaltecos en EE.UU. juegan un papel crucial en la econom\u00eda de Guatemala.\" \/>\n\t\t<meta property=\"og:url\" content=\"https:\/\/soymigrante.com\/revista\/impacto-remesas-guatemala-desde-eeuu\/\" \/>\n\t\t<meta property=\"og:image\" content=\"https:\/\/soymigrante.com\/revista\/wp-content\/uploads\/2023\/06\/Captura-de-pantalla-2023-06-28-124853-e1732033990885.webp\" \/>\n\t\t<meta property=\"og:image:secure_url\" content=\"https:\/\/soymigrante.com\/revista\/wp-content\/uploads\/2023\/06\/Captura-de-pantalla-2023-06-28-124853-e1732033990885.webp\" \/>\n\t\t<meta property=\"og:image:width\" content=\"890\" \/>\n\t\t<meta property=\"og:image:height\" content=\"890\" \/>\n\t\t<meta property=\"article:published_time\" content=\"2023-06-28T20:08:14+00:00\" \/>\n\t\t<meta property=\"article:modified_time\" content=\"2024-07-31T18:32:02+00:00\" \/>\n\t\t<meta property=\"article:publisher\" content=\"https:\/\/www.facebook.com\/soymigrantecom\" \/>\n\t\t<meta name=\"twitter:card\" content=\"summary_large_image\" \/>\n\t\t<meta name=\"twitter:site\" content=\"@SoyMigrante_com\" \/>\n\t\t<meta name=\"twitter:title\" content=\"Migrantes guatemaltecos en EE.UU.: El poder econ\u00f3mico de las remesas\" \/>\n\t\t<meta name=\"twitter:description\" content=\"Las remesas de migrantes guatemaltecos en EE.UU. juegan un papel crucial en la econom\u00eda de Guatemala.\" \/>\n\t\t<meta name=\"twitter:creator\" content=\"@SoyMigrante_com\" \/>\n\t\t<meta name=\"twitter:image\" content=\"https:\/\/soymigrante.com\/revista\/wp-content\/uploads\/2023\/06\/Captura-de-pantalla-2023-06-28-124853-e1732033990885.webp\" \/>\n\t\t<!-- All in One SEO Pro -->\r\n\t\t<title>Migrantes guatemaltecos en EE.UU.: El poder econ\u00f3mico de las remesas<\/title>\n\n","aioseo_head_json":{"title":"Migrantes guatemaltecos en EE.UU.: El poder econ\u00f3mico de las remesas","description":"Las remesas de migrantes guatemaltecos en EE.UU. juegan un papel crucial en la econom\u00eda de Guatemala.","canonical_url":"https:\/\/soymigrante.com\/revista\/impacto-remesas-guatemala-desde-eeuu\/","robots":"max-snippet:-1, max-image-preview:large, max-video-preview:-1","keywords":"","webmasterTools":{"miscellaneous":"&lt;link rel=\"preconnect\" href=\"https:\/\/fonts.googleapis.com\" crossorigin&gt;\n&lt;link rel=\"preconnect\" href=\"https:\/\/fonts.gstatic.com\" crossorigin&gt;"},"schema":null,"og:locale":"es_ES","og:site_name":"SoyMigrante.com REVISTA \u2013 Nuestra misi\u00f3n es reconocer y dignificar al migrante.","og:type":"article","og:title":"Migrantes guatemaltecos en EE.UU.: El poder econ\u00f3mico de las remesas","og:description":"Las remesas de migrantes guatemaltecos en EE.UU. juegan un papel crucial en la econom\u00eda de Guatemala.","og:url":"https:\/\/soymigrante.com\/revista\/impacto-remesas-guatemala-desde-eeuu\/","og:image":"https:\/\/soymigrante.com\/revista\/wp-content\/uploads\/2023\/06\/Captura-de-pantalla-2023-06-28-124853-e1732033990885.webp","og:image:secure_url":"https:\/\/soymigrante.com\/revista\/wp-content\/uploads\/2023\/06\/Captura-de-pantalla-2023-06-28-124853-e1732033990885.webp","og:image:width":890,"og:image:height":890,"article:published_time":"2023-06-28T20:08:14+00:00","article:modified_time":"2024-07-31T18:32:02+00:00","article:publisher":"https:\/\/www.facebook.com\/soymigrantecom","twitter:card":"summary_large_image","twitter:site":"@SoyMigrante_com","twitter:title":"Migrantes guatemaltecos en EE.UU.: El poder econ\u00f3mico de las remesas","twitter:description":"Las remesas de migrantes guatemaltecos en EE.UU. juegan un papel crucial en la econom\u00eda de Guatemala.","twitter:creator":"@SoyMigrante_com","twitter:image":"https:\/\/soymigrante.com\/revista\/wp-content\/uploads\/2023\/06\/Captura-de-pantalla-2023-06-28-124853-e1732033990885.webp"},"aioseo_meta_data":{"post_id":"21652","title":"Migrantes guatemaltecos ante los desaf\u00edos de 2025: entrevista","description":"Los migrantes guatemaltecos enviaron al pa\u00eds US$21,510 millones en remesas durante el 2024, pero este pilar econ\u00f3mico est\u00e1 en jaque ante las medidas de Trump.","keywords":null,"keyphrases":{"focus":{"keyphrase":"Migrantes guatemaltecos","score":54,"analysis":{"keyphraseInTitle":{"score":9,"maxScore":9,"error":0},"keyphraseInDescription":{"score":9,"maxScore":9,"error":0},"keyphraseLength":{"score":9,"maxScore":9,"error":0,"length":2},"keyphraseInURL":{"score":1,"maxScore":5,"error":1},"keyphraseInIntroduction":{"score":3,"maxScore":9,"error":1},"keyphraseInSubHeadings":{"score":3,"maxScore":9,"error":1},"keyphraseInImageAlt":{"score":3,"maxScore":9,"error":1},"keywordDensity":{"score":0,"type":"low","maxScore":9,"error":1}}},"additional":[{"keyphrase":"Trump","score":100,"analysis":{"keyphraseInDescription":{"score":9,"maxScore":9,"error":0},"keyphraseLength":{"score":9,"maxScore":9,"error":0,"length":1},"keyphraseInIntroduction":{"score":9,"maxScore":9,"error":0},"keyphraseInImageAlt":{"score":9,"maxScore":9,"error":0},"keywordDensity":{"type":"best","score":9,"maxScore":9,"error":0}}},{"keyphrase":"Remesas","score":87,"analysis":{"keyphraseInDescription":{"score":9,"maxScore":9,"error":0},"keyphraseLength":{"score":9,"maxScore":9,"error":0,"length":1},"keyphraseInIntroduction":{"score":3,"maxScore":9,"error":1},"keyphraseInImageAlt":{"score":9,"maxScore":9,"error":0},"keywordDensity":{"type":"best","score":9,"maxScore":9,"error":0}}}]},"primary_term":null,"canonical_url":null,"og_title":null,"og_description":null,"og_object_type":"default","og_image_type":"default","og_image_url":null,"og_image_width":null,"og_image_height":null,"og_image_custom_url":null,"og_image_custom_fields":null,"og_video":"","og_custom_url":null,"og_article_section":null,"og_article_tags":null,"twitter_use_og":false,"twitter_card":"default","twitter_image_type":"default","twitter_image_url":null,"twitter_image_custom_url":null,"twitter_image_custom_fields":null,"twitter_title":null,"twitter_description":null,"schema":{"blockGraphs":[],"customGraphs":[],"default":{"data":{"Article":[],"Course":[],"Dataset":[],"FAQPage":[],"Movie":[],"Person":[],"Product":[],"ProductReview":[],"Car":[],"Recipe":[],"Service":[],"SoftwareApplication":[],"WebPage":[]},"graphName":"BlogPosting","isEnabled":true},"graphs":[]},"schema_type":"default","schema_type_options":null,"pillar_content":false,"robots_default":true,"robots_noindex":false,"robots_noarchive":false,"robots_nosnippet":false,"robots_nofollow":false,"robots_noimageindex":false,"robots_noodp":false,"robots_notranslate":false,"robots_max_snippet":"-1","robots_max_videopreview":"-1","robots_max_imagepreview":"large","priority":null,"frequency":"default","local_seo":null,"seo_analyzer_scan_date":"2025-10-09 01:58:16","breadcrumb_settings":null,"limit_modified_date":false,"reviewed_by":null,"open_ai":"{\"title\":{\"suggestions\":[],\"usage\":0},\"description\":{\"suggestions\":[],\"usage\":0}}","ai":null,"created":"2025-01-20 15:33:40","updated":"2026-02-04 19:16:29"},"aioseo_breadcrumb":"<div class=\"aioseo-breadcrumbs\"><span class=\"aioseo-breadcrumb\">\n\t<a href=\"https:\/\/soymigrante.com\/revista\" title=\"Home\">Home<\/a>\n<\/span><span class=\"aioseo-breadcrumb-separator\">\u00bb<\/span><span class=\"aioseo-breadcrumb\">\n\t<a href=\"https:\/\/soymigrante.com\/revista\/category\/estamos-unidos\/\" title=\"Estamos Unidos\">Estamos Unidos<\/a>\n<\/span><span class=\"aioseo-breadcrumb-separator\">\u00bb<\/span><span class=\"aioseo-breadcrumb\">\n\t\u201cLos guatemaltecos est\u00e1n acostumbrados a superar condiciones adversas\u201d: Pedro Pablo Solares, experto migratorio\n<\/span><\/div>","aioseo_breadcrumb_json":[{"label":"Home","link":"https:\/\/soymigrante.com\/revista"},{"label":"Estamos Unidos","link":"https:\/\/soymigrante.com\/revista\/category\/estamos-unidos\/"},{"label":"\u201cLos guatemaltecos est\u00e1n acostumbrados a superar condiciones adversas\u201d: Pedro Pablo Solares, experto migratorio","link":"https:\/\/soymigrante.com\/revista\/los-guatemaltecos-estan-acostumbrados-a-superar-condiciones-adversas-pedro-pablo-solares-experto-migratorio\/"}],"_links":{"self":[{"href":"https:\/\/soymigrante.com\/revista\/wp-json\/wp\/v2\/posts\/21652","targetHints":{"allow":["GET"]}}],"collection":[{"href":"https:\/\/soymigrante.com\/revista\/wp-json\/wp\/v2\/posts"}],"about":[{"href":"https:\/\/soymigrante.com\/revista\/wp-json\/wp\/v2\/types\/post"}],"author":[{"embeddable":true,"href":"https:\/\/soymigrante.com\/revista\/wp-json\/wp\/v2\/users\/1"}],"replies":[{"embeddable":true,"href":"https:\/\/soymigrante.com\/revista\/wp-json\/wp\/v2\/comments?post=21652"}],"version-history":[{"count":0,"href":"https:\/\/soymigrante.com\/revista\/wp-json\/wp\/v2\/posts\/21652\/revisions"}],"wp:featuredmedia":[{"embeddable":true,"href":"https:\/\/soymigrante.com\/revista\/wp-json\/wp\/v2\/media\/21677"}],"wp:attachment":[{"href":"https:\/\/soymigrante.com\/revista\/wp-json\/wp\/v2\/media?parent=21652"}],"wp:term":[{"taxonomy":"category","embeddable":true,"href":"https:\/\/soymigrante.com\/revista\/wp-json\/wp\/v2\/categories?post=21652"},{"taxonomy":"post_tag","embeddable":true,"href":"https:\/\/soymigrante.com\/revista\/wp-json\/wp\/v2\/tags?post=21652"}],"curies":[{"name":"wp","href":"https:\/\/api.w.org\/{rel}","templated":true}]}}