{"id":21564,"date":"2025-10-20T09:34:53","date_gmt":"2025-10-20T15:34:53","guid":{"rendered":"https:\/\/soymigrante.com\/revista\/?p=21564"},"modified":"2025-10-20T09:35:02","modified_gmt":"2025-10-20T15:35:02","slug":"momentos-dificiles-estando-lejos-como-afrontar-los-duelos-del-migrante","status":"publish","type":"post","link":"https:\/\/soymigrante.com\/revista\/momentos-dificiles-estando-lejos-como-afrontar-los-duelos-del-migrante\/","title":{"rendered":"Momentos dif\u00edciles estando lejos: c\u00f3mo afrontar los duelos del migrante"},"content":{"rendered":"\t\t<div data-elementor-type=\"wp-post\" data-elementor-id=\"21564\" class=\"elementor elementor-21564\" data-elementor-post-type=\"post\">\n\t\t\t\t<div data-particle_enable=\"false\" data-particle-mobile-disabled=\"false\" class=\"elementor-element elementor-element-1df9363 e-flex e-con-boxed e-con e-parent\" data-id=\"1df9363\" data-element_type=\"container\" data-e-type=\"container\">\n\t\t\t\t\t<div class=\"e-con-inner\">\n\t\t\t\t<div class=\"elementor-element elementor-element-0fd5f6d elementor-widget elementor-widget-heading\" data-id=\"0fd5f6d\" data-element_type=\"widget\" data-e-type=\"widget\" data-widget_type=\"heading.default\">\n\t\t\t\t\t<h2 class=\"elementor-heading-title elementor-size-default\">Afrontar el duelo como migrante es un momento duro, perder a un familiar estando lejos es dif\u00edcil, pero hay maneras para superarlo. \n<\/h2>\t\t\t\t<\/div>\n\t\t\t\t\t<\/div>\n\t\t\t\t<\/div>\n\t\t<div data-particle_enable=\"false\" data-particle-mobile-disabled=\"false\" class=\"elementor-element elementor-element-fb64d9d e-flex e-con-boxed e-con e-parent\" data-id=\"fb64d9d\" data-element_type=\"container\" data-e-type=\"container\">\n\t\t\t\t\t<div class=\"e-con-inner\">\n\t\t\t\t<div class=\"elementor-element elementor-element-aca9f8b elementor-widget elementor-widget-text-editor\" data-id=\"aca9f8b\" data-element_type=\"widget\" data-e-type=\"widget\" data-widget_type=\"text-editor.default\">\n\t\t\t\t\t\t\t\t\t<p>El duelo es una experiencia emocional compleja, pero para los migrantes guatemaltecos en Estados Unidos, enfrentarlo puede ser a\u00fan m\u00e1s desafiante.<\/p><p>La distancia geogr\u00e1fica, las limitaciones econ\u00f3micas y la falta de redes de apoyo cercanas dificultan el proceso de asimilar la p\u00e9rdida de un ser querido que falleci\u00f3 en Guatemala. Sin embargo, <a href=\"https:\/\/soymigrante.com\/revista\/estas-son-las-tradiciones-del-dia-de-difuntos-en-guatemala\/\" target=\"_blank\" rel=\"noopener\">existen formas de honrar su memoria y superar este dolor de manera significativa.<\/a><\/p>\t\t\t\t\t\t\t\t<\/div>\n\t\t\t\t\t<\/div>\n\t\t\t\t<\/div>\n\t\t<div data-particle_enable=\"false\" data-particle-mobile-disabled=\"false\" class=\"elementor-element elementor-element-9141238 e-flex e-con-boxed e-con e-parent\" data-id=\"9141238\" data-element_type=\"container\" data-e-type=\"container\">\n\t\t\t\t\t<div class=\"e-con-inner\">\n\t\t\t\t<div class=\"elementor-element elementor-element-2c245e2 elementor-widget elementor-widget-heading\" data-id=\"2c245e2\" data-element_type=\"widget\" data-e-type=\"widget\" data-widget_type=\"heading.default\">\n\t\t\t\t\t<h3 class=\"elementor-heading-title elementor-size-default\">Los desaf\u00edos del duelo en la distancia<\/h3>\t\t\t\t<\/div>\n\t\t\t\t\t<\/div>\n\t\t\t\t<\/div>\n\t\t<div data-particle_enable=\"false\" data-particle-mobile-disabled=\"false\" class=\"elementor-element elementor-element-41a51ff e-flex e-con-boxed e-con e-parent\" data-id=\"41a51ff\" data-element_type=\"container\" data-e-type=\"container\">\n\t\t\t\t\t<div class=\"e-con-inner\">\n\t\t\t\t<div class=\"elementor-element elementor-element-de00b16 elementor-widget elementor-widget-text-editor\" data-id=\"de00b16\" data-element_type=\"widget\" data-e-type=\"widget\" data-widget_type=\"text-editor.default\">\n\t\t\t\t\t\t\t\t\t<p>Para los migrantes, perder a un ser querido en su tierra natal puede traer sentimientos de culpa, impotencia y nostalgia.<\/p><p>La imposibilidad de viajar para despedirse, participar en el funeral o acompa\u00f1ar a la familia aumenta el dolor emocional. Adem\u00e1s, <a href=\"https:\/\/soymigrante.com\/revista\/estas-son-las-tradiciones-del-dia-de-difuntos-en-guatemala\/\" target=\"_blank\" rel=\"noopener\">muchos migrantes enfrentan la presi\u00f3n de mantenerse fuertes para seguir trabajando y apoyando econ\u00f3micamente a sus familias<\/a>, seg\u00fan la psic\u00f3loga \u00c1ngela Contreras, hay estrategias para afrontar el duelo estando lejos.<\/p>\t\t\t\t\t\t\t\t<\/div>\n\t\t\t\t\t<\/div>\n\t\t\t\t<\/div>\n\t\t<div data-particle_enable=\"false\" data-particle-mobile-disabled=\"false\" class=\"elementor-element elementor-element-0be8132 e-flex e-con-boxed e-con e-parent\" data-id=\"0be8132\" data-element_type=\"container\" data-e-type=\"container\">\n\t\t\t\t\t<div class=\"e-con-inner\">\n\t\t\t\t<div class=\"elementor-element elementor-element-847410a elementor-widget elementor-widget-heading\" data-id=\"847410a\" data-element_type=\"widget\" data-e-type=\"widget\" data-widget_type=\"heading.default\">\n\t\t\t\t\t<h3 class=\"elementor-heading-title elementor-size-default\">Estrategias para afrontar el duelo como migrante<\/h3>\t\t\t\t<\/div>\n\t\t\t\t\t<\/div>\n\t\t\t\t<\/div>\n\t\t<div data-particle_enable=\"false\" data-particle-mobile-disabled=\"false\" class=\"elementor-element elementor-element-1bd1f42 e-flex e-con-boxed e-con e-parent\" data-id=\"1bd1f42\" data-element_type=\"container\" data-e-type=\"container\">\n\t\t\t\t\t<div class=\"e-con-inner\">\n\t\t\t\t<div class=\"elementor-element elementor-element-15e14a0 elementor-widget elementor-widget-text-editor\" data-id=\"15e14a0\" data-element_type=\"widget\" data-e-type=\"widget\" data-widget_type=\"text-editor.default\">\n\t\t\t\t\t\t\t\t\t<div>Aunque cada persona vive el duelo de forma diferente, estas recomendaciones pueden ayudar a procesar la p\u00e9rdida desde lejos:<\/div><div>\u00a0<\/div><div><strong>1.Hablar del ser querido:<\/strong> Compartir recuerdos y an\u00e9cdotas con amigos o familiares, incluso a trav\u00e9s de videollamadas, puede aliviar el dolor y mantener viva la memoria del fallecido.<\/div><div>\u00a0<\/div><div><strong>2.Crear un espacio de homenaje:<\/strong> Dedica un rinc\u00f3n en tu hogar a la persona fallecida. Puedes colocar una fotograf\u00eda, una vela y objetos significativos que conecten con su memoria.<\/div><div>\u00a0<\/div><div><strong>3.Participar en rituales religiosos<\/strong>: La fe es una fuente de fortaleza para muchos guatemaltecos. Unirte a una comunidad religiosa en Estados Unidos o realizar oraciones y ceremonias desde casa puede ser reconfortante.<\/div><div>\u00a0<\/div><div><strong>4.Escribir cartas o reflexiones:<\/strong> Plasmar tus pensamientos en una carta dirigida al ser querido puede ser un ejercicio terap\u00e9utico que te ayude a expresar emociones reprimidas.<\/div><div>\u00a0<\/div><div><strong>5.Buscar apoyo profesional:<\/strong> Hablar con un terapeuta especializado en migrantes puede ayudarte a manejar el duelo y a identificar estrategias para sobrellevar la p\u00e9rdida.<\/div>\t\t\t\t\t\t\t\t<\/div>\n\t\t\t\t\t<\/div>\n\t\t\t\t<\/div>\n\t\t<div data-particle_enable=\"false\" data-particle-mobile-disabled=\"false\" class=\"elementor-element elementor-element-8aaf47c e-flex e-con-boxed e-con e-parent\" data-id=\"8aaf47c\" data-element_type=\"container\" data-e-type=\"container\">\n\t\t\t\t\t<div class=\"e-con-inner\">\n\t\t\t\t<div class=\"elementor-element elementor-element-a090c08 elementor-widget elementor-widget-image\" data-id=\"a090c08\" data-element_type=\"widget\" data-e-type=\"widget\" data-widget_type=\"image.default\">\n\t\t\t\t\t\t\t\t\t\t\t\t<figure class=\"wp-caption\">\n\t\t\t\t\t\t\t\t\t\t<img fetchpriority=\"high\" decoding=\"async\" width=\"1024\" height=\"682\" src=\"https:\/\/soymigrante.com\/revista\/wp-content\/uploads\/2025\/01\/Afrontar-el-duelo-como-migrante-guatemalteco-en-Estados-Unidos2-1024x682.jpg\" class=\"attachment-large size-large wp-image-21571\" alt=\"Baner de la revista SoyMigrante.com, destacando temas migratorios y derechos de migrantes en M\u00e9xico y Am\u00e9rica Latina. Imagen de una mano tocando una placa con inscripciones sobre migrantes y derechos humanos.\" srcset=\"https:\/\/soymigrante.com\/revista\/wp-content\/uploads\/2025\/01\/Afrontar-el-duelo-como-migrante-guatemalteco-en-Estados-Unidos2-1024x682.jpg 1024w, https:\/\/soymigrante.com\/revista\/wp-content\/uploads\/2025\/01\/Afrontar-el-duelo-como-migrante-guatemalteco-en-Estados-Unidos2-300x200.jpg 300w, https:\/\/soymigrante.com\/revista\/wp-content\/uploads\/2025\/01\/Afrontar-el-duelo-como-migrante-guatemalteco-en-Estados-Unidos2-768x512.jpg 768w, https:\/\/soymigrante.com\/revista\/wp-content\/uploads\/2025\/01\/Afrontar-el-duelo-como-migrante-guatemalteco-en-Estados-Unidos2-750x500.webp 750w, https:\/\/soymigrante.com\/revista\/wp-content\/uploads\/2025\/01\/Afrontar-el-duelo-como-migrante-guatemalteco-en-Estados-Unidos2-1140x760.webp 1140w, https:\/\/soymigrante.com\/revista\/wp-content\/uploads\/2025\/01\/Afrontar-el-duelo-como-migrante-guatemalteco-en-Estados-Unidos2.webp 1280w\" sizes=\"(max-width: 1024px) 100vw, 1024px\" title=\"Afrontar el duelo como migrante guatemalteco en Estados Unidos2 \u2013 SoyMigrante.com REVISTA\" \/>\t\t\t\t\t\t\t\t\t\t\t<figcaption class=\"widget-image-caption wp-caption-text\">Una mano tocando una placa en memoria de las v\u00edctimas, resaltando la importancia del reconocimiento y la memoria hist\u00f3rica en la lucha por los derechos de los migrantes.<\/figcaption>\n\t\t\t\t\t\t\t\t\t\t<\/figure>\n\t\t\t\t\t\t\t\t\t<\/div>\n\t\t\t\t\t<\/div>\n\t\t\t\t<\/div>\n\t\t<div data-particle_enable=\"false\" data-particle-mobile-disabled=\"false\" class=\"elementor-element elementor-element-91306f3 e-flex e-con-boxed e-con e-parent\" data-id=\"91306f3\" data-element_type=\"container\" data-e-type=\"container\">\n\t\t\t\t\t<div class=\"e-con-inner\">\n\t\t\t\t<div class=\"elementor-element elementor-element-7197f1e elementor-widget elementor-widget-heading\" data-id=\"7197f1e\" data-element_type=\"widget\" data-e-type=\"widget\" data-widget_type=\"heading.default\">\n\t\t\t\t\t<h3 class=\"elementor-heading-title elementor-size-default\">C\u00f3mo honrar a un ser querido desde la distancia<\/h3>\t\t\t\t<\/div>\n\t\t\t\t\t<\/div>\n\t\t\t\t<\/div>\n\t\t<div data-particle_enable=\"false\" data-particle-mobile-disabled=\"false\" class=\"elementor-element elementor-element-990ff6f e-flex e-con-boxed e-con e-parent\" data-id=\"990ff6f\" data-element_type=\"container\" data-e-type=\"container\">\n\t\t\t\t\t<div class=\"e-con-inner\">\n\t\t\t\t<div class=\"elementor-element elementor-element-336e5fb elementor-widget elementor-widget-text-editor\" data-id=\"336e5fb\" data-element_type=\"widget\" data-e-type=\"widget\" data-widget_type=\"text-editor.default\">\n\t\t\t\t\t\t\t\t\t<div>Los migrantes <a href=\"https:\/\/soymigrante.com\/revista\/estas-son-las-tradiciones-del-dia-de-difuntos-en-guatemala\/\" target=\"_blank\" rel=\"noopener\">guatemaltecos encuentran formas \u00fanicas de rendir homenaje a sus seres queridos<\/a>, incluso lejos de su tierra natal:<\/div><div>\u00a0<\/div><div><strong>\u2022Barriletes como conexi\u00f3n espiritual:<\/strong> Aunque no est\u00e9s en Guatemala, puedes construir y elevar un barrilete, s\u00edmbolo tradicional de conexi\u00f3n con los difuntos, especialmente en fechas como el D\u00eda de Muertos.<\/div><div>\u00a0<\/div><div><strong>\u2022Fiambre en su memoria:<\/strong> Preparar un fiambre, plato t\u00edpico guatemalteco, es una forma de celebrar la vida de quienes partieron. Puedes compartirlo con otros migrantes para recordar juntos.<\/div><div>\u00a0<\/div><div><strong>\u2022Envi\u00f3 de flores o velas:<\/strong> Muchos migrantes env\u00edan flores o velas a sus familias en Guatemala para que las coloquen en la tumba del ser querido.<\/div><div>\u00a0<\/div><div><strong>\u2022Participar en comunidades culturales:<\/strong> Grupos de guatemaltecos en Estados Unidos suelen organizar eventos para recordar a los fallecidos, como misas comunitarias o altares colectivos.<\/div>\t\t\t\t\t\t\t\t<\/div>\n\t\t\t\t\t<\/div>\n\t\t\t\t<\/div>\n\t\t<div data-particle_enable=\"false\" data-particle-mobile-disabled=\"false\" class=\"elementor-element elementor-element-bfc3e3e e-flex e-con-boxed e-con e-parent\" data-id=\"bfc3e3e\" data-element_type=\"container\" data-e-type=\"container\">\n\t\t\t\t\t<div class=\"e-con-inner\">\n\t\t\t\t<div class=\"elementor-element elementor-element-86c8707 elementor-widget elementor-widget-image\" data-id=\"86c8707\" data-element_type=\"widget\" data-e-type=\"widget\" data-widget_type=\"image.default\">\n\t\t\t\t\t\t\t\t\t\t\t\t<figure class=\"wp-caption\">\n\t\t\t\t\t\t\t\t\t\t<img decoding=\"async\" width=\"1024\" height=\"682\" src=\"https:\/\/soymigrante.com\/revista\/wp-content\/uploads\/2025\/01\/Afrontar-el-duelo-como-migrante-guatemalteco-en-Estados-Unidos-3-1024x682.jpg\" class=\"attachment-large size-large wp-image-21572\" alt=\"Centros de vela encendidos en la oscuridad, velas en recipientes de vidrio con piedras alrededor, ambiente tranquilo y meditativo, ideal para momentos de reflexi\u00f3n y espiritualidad.\" srcset=\"https:\/\/soymigrante.com\/revista\/wp-content\/uploads\/2025\/01\/Afrontar-el-duelo-como-migrante-guatemalteco-en-Estados-Unidos-3-1024x682.jpg 1024w, https:\/\/soymigrante.com\/revista\/wp-content\/uploads\/2025\/01\/Afrontar-el-duelo-como-migrante-guatemalteco-en-Estados-Unidos-3-300x200.jpg 300w, https:\/\/soymigrante.com\/revista\/wp-content\/uploads\/2025\/01\/Afrontar-el-duelo-como-migrante-guatemalteco-en-Estados-Unidos-3-768x512.jpg 768w, https:\/\/soymigrante.com\/revista\/wp-content\/uploads\/2025\/01\/Afrontar-el-duelo-como-migrante-guatemalteco-en-Estados-Unidos-3-750x500.webp 750w, https:\/\/soymigrante.com\/revista\/wp-content\/uploads\/2025\/01\/Afrontar-el-duelo-como-migrante-guatemalteco-en-Estados-Unidos-3-1140x760.webp 1140w, https:\/\/soymigrante.com\/revista\/wp-content\/uploads\/2025\/01\/Afrontar-el-duelo-como-migrante-guatemalteco-en-Estados-Unidos-3.webp 1280w\" sizes=\"(max-width: 1024px) 100vw, 1024px\" title=\"Afrontar el duelo como migrante guatemalteco en Estados Unidos 3 \u2013 SoyMigrante.com REVISTA\" \/>\t\t\t\t\t\t\t\t\t\t\t<figcaption class=\"widget-image-caption wp-caption-text\">Velas encendidas en un ambiente oscuro rodeadas de piedras, creando un espacio de paz y contemplaci\u00f3n en la revista SoyMigrante.com.<\/figcaption>\n\t\t\t\t\t\t\t\t\t\t<\/figure>\n\t\t\t\t\t\t\t\t\t<\/div>\n\t\t\t\t\t<\/div>\n\t\t\t\t<\/div>\n\t\t<div data-particle_enable=\"false\" data-particle-mobile-disabled=\"false\" class=\"elementor-element elementor-element-28691d0 e-flex e-con-boxed e-con e-parent\" data-id=\"28691d0\" data-element_type=\"container\" data-e-type=\"container\">\n\t\t\t\t\t<div class=\"e-con-inner\">\n\t\t\t\t<div class=\"elementor-element elementor-element-c20fefb elementor-widget elementor-widget-heading\" data-id=\"c20fefb\" data-element_type=\"widget\" data-e-type=\"widget\" data-widget_type=\"heading.default\">\n\t\t\t\t\t<h3 class=\"elementor-heading-title elementor-size-default\">El significado de recordar<\/h3>\t\t\t\t<\/div>\n\t\t\t\t\t<\/div>\n\t\t\t\t<\/div>\n\t\t<div data-particle_enable=\"false\" data-particle-mobile-disabled=\"false\" class=\"elementor-element elementor-element-89df16c e-flex e-con-boxed e-con e-parent\" data-id=\"89df16c\" data-element_type=\"container\" data-e-type=\"container\">\n\t\t\t\t\t<div class=\"e-con-inner\">\n\t\t\t\t<div class=\"elementor-element elementor-element-6a14604 elementor-widget elementor-widget-text-editor\" data-id=\"6a14604\" data-element_type=\"widget\" data-e-type=\"widget\" data-widget_type=\"text-editor.default\">\n\t\t\t\t\t\t\t\t\t<p><a href=\"https:\/\/soymigrante.com\/revista\/estas-son-las-tradiciones-del-dia-de-difuntos-en-guatemala\/\" target=\"_blank\" rel=\"noopener\">Honrar a los seres queridos que han partido no solo es un acto de amor, sino tambi\u00e9n una forma de sanar.<\/a> Aunque la distancia f\u00edsica sea un obst\u00e1culo, los lazos emocionales y culturales trascienden fronteras. Mantener vivas las tradiciones y apoyarse en la comunidad son pasos clave para afrontar el duelo como migrante.<\/p><p>Superar la p\u00e9rdida es un proceso que lleva tiempo, pero recordar que no est\u00e1s solo puede marcar la diferencia. Busca apoyo, conecta con tus ra\u00edces y honra la vida de quienes amaste.<\/p>\t\t\t\t\t\t\t\t<\/div>\n\t\t\t\t\t<\/div>\n\t\t\t\t<\/div>\n\t\t<div data-particle_enable=\"false\" data-particle-mobile-disabled=\"false\" class=\"elementor-element elementor-element-289022b e-flex e-con-boxed e-con e-parent\" data-id=\"289022b\" data-element_type=\"container\" data-e-type=\"container\">\n\t\t\t\t\t<div class=\"e-con-inner\">\n\t\t\t\t<div class=\"elementor-element elementor-element-a77b051 elementor-widget elementor-widget-heading\" data-id=\"a77b051\" data-element_type=\"widget\" data-e-type=\"widget\" data-widget_type=\"heading.default\">\n\t\t\t\t\t<h2 class=\"elementor-heading-title elementor-size-default\">Conoce m\u00e1s de como honrar a los seres amados...<\/h2>\t\t\t\t<\/div>\n\t\t\t\t\t<\/div>\n\t\t\t\t<\/div>\n\t\t<div data-particle_enable=\"false\" data-particle-mobile-disabled=\"false\" class=\"elementor-element elementor-element-d9738ca e-flex e-con-boxed e-con e-parent\" data-id=\"d9738ca\" data-element_type=\"container\" data-e-type=\"container\">\n\t\t\t\t\t<div class=\"e-con-inner\">\n\t\t\t\t<div class=\"elementor-element elementor-element-74dc9a1 elementor-grid-eael-col-3 elementor-grid-tablet-eael-col-2 elementor-grid-mobile-eael-col-1 elementor-widget elementor-widget-eael-post-grid\" data-id=\"74dc9a1\" data-element_type=\"widget\" data-e-type=\"widget\" data-settings=\"{&quot;eael_post_grid_columns&quot;:&quot;eael-col-3&quot;,&quot;eael_post_grid_columns_tablet&quot;:&quot;eael-col-2&quot;,&quot;eael_post_grid_columns_mobile&quot;:&quot;eael-col-1&quot;}\" data-widget_type=\"eael-post-grid.default\">\n\t\t\t\t\t<div id=\"eael-post-grid-74dc9a1\" class=\"eael-post-grid-container\">\n            <div class=\"eael-post-grid eael-post-appender eael-post-appender-74dc9a1 eael-post-grid-style-one\" data-layout-mode=\"masonry\"><article class=\"eael-grid-post  eael-post-grid-column eael-pg-post-10531 category-guate-nuestra\" data-id=\"10531\">\n        <div class=\"eael-grid-post-holder\">\n            <div class=\"eael-grid-post-holder-inner\"><div class=\"eael-entry-media\"><div class=\"eael-entry-overlay fade-in\"><i class=\"far fa-hand-pointer\" aria-hidden=\"true\"><\/i><a href=\"https:\/\/soymigrante.com\/revista\/estas-son-las-tradiciones-del-dia-de-difuntos-en-guatemala\/\"><\/a><\/div><div class=\"eael-entry-thumbnail \">\n                <img decoding=\"async\" width=\"1024\" height=\"674\" src=\"https:\/\/soymigrante.com\/revista\/wp-content\/uploads\/2024\/10\/Estas-son-las-tradiciones-del-Dia-de-Muertos-en-Guatemala1-1024x674.webp\" class=\"attachment-large size-large wp-image-10532\" alt=\"Florer\u00eda y monumento en un cementerio mexicano con nichos y placas conmemorativas, decoradas con flores frescas y artificiales, en un d\u00eda soleado, s\u00edmbolo de memoria y homenaje.\" srcset=\"https:\/\/soymigrante.com\/revista\/wp-content\/uploads\/2024\/10\/Estas-son-las-tradiciones-del-Dia-de-Muertos-en-Guatemala1-1024x674.webp 1024w, https:\/\/soymigrante.com\/revista\/wp-content\/uploads\/2024\/10\/Estas-son-las-tradiciones-del-Dia-de-Muertos-en-Guatemala1-300x197.webp 300w, https:\/\/soymigrante.com\/revista\/wp-content\/uploads\/2024\/10\/Estas-son-las-tradiciones-del-Dia-de-Muertos-en-Guatemala1-768x505.webp 768w, https:\/\/soymigrante.com\/revista\/wp-content\/uploads\/2024\/10\/Estas-son-las-tradiciones-del-Dia-de-Muertos-en-Guatemala1-1536x1011.webp 1536w, https:\/\/soymigrante.com\/revista\/wp-content\/uploads\/2024\/10\/Estas-son-las-tradiciones-del-Dia-de-Muertos-en-Guatemala1-scaled.webp 1920w, https:\/\/soymigrante.com\/revista\/wp-content\/uploads\/2024\/10\/Estas-son-las-tradiciones-del-Dia-de-Muertos-en-Guatemala1-750x494.webp 750w, https:\/\/soymigrante.com\/revista\/wp-content\/uploads\/2024\/10\/Estas-son-las-tradiciones-del-Dia-de-Muertos-en-Guatemala1-1140x750.webp 1140w\" sizes=\"(max-width: 1024px) 100vw, 1024px\" \/>\n            <\/div>\n        <\/div><div class=\"eael-entry-wrapper\"><header class=\"eael-entry-header\"><h2 class=\"eael-entry-title\"><a class=\"eael-grid-post-link\" href=\"https:\/\/soymigrante.com\/revista\/estas-son-las-tradiciones-del-dia-de-difuntos-en-guatemala\/\" title=\"Estas son las tradiciones del D\u00eda de Difuntos en Guatemala\">Estas son las tradiciones del D\u00eda de Difuntos en Guatemala<\/a><\/h2><\/header><div class=\"eael-entry-content\">\n                        <div class=\"eael-grid-post-excerpt\"><a href=\"https:\/\/soymigrante.com\/revista\/estas-son-las-tradiciones-del-dia-de-difuntos-en-guatemala\/\" class=\"eael-post-elements-readmore-btn\">CONOCE SU HISTORIA <\/a><\/div>\n                    <\/div><\/div><\/div>\n        <\/div>\n    <\/article><article class=\"eael-grid-post  eael-post-grid-column eael-pg-post-9130 category-bienestar\" data-id=\"9130\">\n        <div class=\"eael-grid-post-holder\">\n            <div class=\"eael-grid-post-holder-inner\"><div class=\"eael-entry-media\"><div class=\"eael-entry-overlay fade-in\"><i class=\"far fa-hand-pointer\" aria-hidden=\"true\"><\/i><a href=\"https:\/\/soymigrante.com\/revista\/estas-lejos-de-tus-hijos-seis-claves-para-mantener-una-comunicacion-efectiva\/\"><\/a><\/div><div class=\"eael-entry-thumbnail \">\n                <img loading=\"lazy\" decoding=\"async\" width=\"693\" height=\"693\" src=\"https:\/\/soymigrante.com\/revista\/wp-content\/uploads\/2024\/09\/hijos-videollamada.webp\" class=\"attachment-large size-large wp-image-9215\" alt=\"Conexi\u00f3n familiar, maternidad, tecnolog\u00eda para ni\u00f1os, educaci\u00f3n digital, entretenimiento infantil, interacci\u00f3n madre e hija, uso responsable de dispositivos, aprendizaje y diversi\u00f3n, innovaci\u00f3n en la educaci\u00f3n familiar.\" srcset=\"https:\/\/soymigrante.com\/revista\/wp-content\/uploads\/2024\/09\/hijos-videollamada.webp 693w, https:\/\/soymigrante.com\/revista\/wp-content\/uploads\/2024\/09\/hijos-videollamada-300x300.webp 300w, https:\/\/soymigrante.com\/revista\/wp-content\/uploads\/2024\/09\/hijos-videollamada-150x150.webp 150w, https:\/\/soymigrante.com\/revista\/wp-content\/uploads\/2024\/09\/hijos-videollamada-75x75.webp 75w\" sizes=\"(max-width: 693px) 100vw, 693px\" \/>\n            <\/div>\n        <\/div><div class=\"eael-entry-wrapper\"><header class=\"eael-entry-header\"><h2 class=\"eael-entry-title\"><a class=\"eael-grid-post-link\" href=\"https:\/\/soymigrante.com\/revista\/estas-lejos-de-tus-hijos-seis-claves-para-mantener-una-comunicacion-efectiva\/\" title=\"\u00bfEst\u00e1s lejos de tus hijos? Seis claves para mantener una comunicaci\u00f3n efectiva\">\u00bfEst\u00e1s lejos de tus hijos? Seis claves para mantener una comunicaci\u00f3n efectiva<\/a><\/h2><\/header><div class=\"eael-entry-content\">\n                        <div class=\"eael-grid-post-excerpt\"><a href=\"https:\/\/soymigrante.com\/revista\/estas-lejos-de-tus-hijos-seis-claves-para-mantener-una-comunicacion-efectiva\/\" class=\"eael-post-elements-readmore-btn\">CONOCE SU HISTORIA <\/a><\/div>\n                    <\/div><\/div><\/div>\n        <\/div>\n    <\/article><article class=\"eael-grid-post  eael-post-grid-column eael-pg-post-1413 category-en-familia\" data-id=\"1413\">\n        <div class=\"eael-grid-post-holder\">\n            <div class=\"eael-grid-post-holder-inner\"><div class=\"eael-entry-media\"><div class=\"eael-entry-overlay fade-in\"><i class=\"far fa-hand-pointer\" aria-hidden=\"true\"><\/i><a href=\"https:\/\/soymigrante.com\/revista\/consejos-para-parejas-migrantes-no-discutir-o-tratar-temas-delicados-frente-a-los-hijos\/\"><\/a><\/div><div class=\"eael-entry-thumbnail \">\n                <img loading=\"lazy\" decoding=\"async\" width=\"1024\" height=\"659\" src=\"https:\/\/soymigrante.com\/revista\/wp-content\/uploads\/2023\/06\/Las-discusiones-de-padres-frente-a-los-hijos-son-inconvenientes-y-daninas-2-1024x659.webp\" class=\"attachment-large size-large wp-image-1418\" alt=\"\" srcset=\"https:\/\/soymigrante.com\/revista\/wp-content\/uploads\/2023\/06\/Las-discusiones-de-padres-frente-a-los-hijos-son-inconvenientes-y-daninas-2-1024x659.webp 1024w, https:\/\/soymigrante.com\/revista\/wp-content\/uploads\/2023\/06\/Las-discusiones-de-padres-frente-a-los-hijos-son-inconvenientes-y-daninas-2-300x193.webp 300w, https:\/\/soymigrante.com\/revista\/wp-content\/uploads\/2023\/06\/Las-discusiones-de-padres-frente-a-los-hijos-son-inconvenientes-y-daninas-2-768x494.webp 768w, https:\/\/soymigrante.com\/revista\/wp-content\/uploads\/2023\/06\/Las-discusiones-de-padres-frente-a-los-hijos-son-inconvenientes-y-daninas-2-750x483.webp 750w, https:\/\/soymigrante.com\/revista\/wp-content\/uploads\/2023\/06\/Las-discusiones-de-padres-frente-a-los-hijos-son-inconvenientes-y-daninas-2-1140x734.webp 1140w, https:\/\/soymigrante.com\/revista\/wp-content\/uploads\/2023\/06\/Las-discusiones-de-padres-frente-a-los-hijos-son-inconvenientes-y-daninas-2.webp 1345w\" sizes=\"(max-width: 1024px) 100vw, 1024px\" \/>\n            <\/div>\n        <\/div><div class=\"eael-entry-wrapper\"><header class=\"eael-entry-header\"><h2 class=\"eael-entry-title\"><a class=\"eael-grid-post-link\" href=\"https:\/\/soymigrante.com\/revista\/consejos-para-parejas-migrantes-no-discutir-o-tratar-temas-delicados-frente-a-los-hijos\/\" title=\"Claves para abordar temas y situaciones dif\u00edciles en pareja\">Claves para abordar temas y situaciones dif\u00edciles en pareja<\/a><\/h2><\/header><div class=\"eael-entry-content\">\n                        <div class=\"eael-grid-post-excerpt\"><a href=\"https:\/\/soymigrante.com\/revista\/consejos-para-parejas-migrantes-no-discutir-o-tratar-temas-delicados-frente-a-los-hijos\/\" class=\"eael-post-elements-readmore-btn\">CONOCE SU HISTORIA <\/a><\/div>\n                    <\/div><\/div><\/div>\n        <\/div>\n    <\/article><\/div>\n            <div class=\"clearfix\"><\/div>\n        <\/div>\t\t\t\t<\/div>\n\t\t\t\t\t<\/div>\n\t\t\t\t<\/div>\n\t\t\t\t<\/div>\n\t\t","protected":false},"excerpt":{"rendered":"<p>Afrontar el duelo como migrante es un momento duro, perder a un familiar estando lejos es dif\u00edcil, pero hay maneras para superarlo. El duelo es una experiencia emocional compleja, pero para los migrantes guatemaltecos en Estados Unidos, enfrentarlo puede ser a\u00fan m\u00e1s desafiante. La distancia geogr\u00e1fica, las limitaciones econ\u00f3micas y la falta de redes de [&hellip;]<\/p>\n","protected":false},"author":1,"featured_media":21567,"comment_status":"open","ping_status":"open","sticky":false,"template":"","format":"standard","meta":{"_acf_changed":false,"_eb_attr":"","footnotes":""},"categories":[55],"tags":[],"class_list":["post-21564","post","type-post","status-publish","format-standard","has-post-thumbnail","hentry","category-bienestar"],"acf":[],"aioseo_notices":[],"aioseo_head":"\n\t\t<!-- All in One SEO Pro 4.9.6.2 - aioseo.com -->\n\t<meta name=\"description\" content=\"Nunca faltan dificultades, imprevistos y cambios sobre todo en la vida de familias migrantes. El psic\u00f3logo y orientador familiar guatemalteco Roberto L\u00f3pez brinda algunas claves sencillas para enfrentar con di\u00e1logo y asertividad estos momentos. \u00bfQu\u00e9 ocurre cuando los padres hablan de problemas econ\u00f3micos o dificultades de la vida migrante, en presencia de ni\u00f1os? Esto puede\" \/>\n\t<meta name=\"robots\" content=\"max-snippet:-1, max-image-preview:large, max-video-preview:-1\" \/>\n\t<meta name=\"author\" content=\"Gustavo Montenegro\"\/>\n\t<link rel=\"canonical\" href=\"https:\/\/soymigrante.com\/revista\/consejos-para-parejas-migrantes-no-discutir-o-tratar-temas-delicados-frente-a-los-hijos\/\" \/>\n\t<meta name=\"generator\" content=\"All in One SEO Pro (AIOSEO) 4.9.6.2\" \/>\n\n\t\t<link rel=\"preconnect\" href=\"https:\/\/fonts.googleapis.com\" crossorigin>\n<link rel=\"preconnect\" href=\"https:\/\/fonts.gstatic.com\" crossorigin>\n\t\t<meta property=\"og:locale\" content=\"es_ES\" \/>\n\t\t<meta property=\"og:site_name\" content=\"SoyMigrante.com REVISTA \u2013 Nuestra misi\u00f3n es reconocer y dignificar al migrante.\" \/>\n\t\t<meta property=\"og:type\" content=\"article\" \/>\n\t\t<meta property=\"og:title\" content=\"Claves para abordar temas y situaciones dif\u00edciles en pareja\" \/>\n\t\t<meta property=\"og:description\" content=\"Nunca faltan dificultades, imprevistos y cambios sobre todo en la vida de familias migrantes. El psic\u00f3logo y orientador familiar guatemalteco Roberto L\u00f3pez brinda algunas claves sencillas para enfrentar con di\u00e1logo y asertividad estos momentos. \u00bfQu\u00e9 ocurre cuando los padres hablan de problemas econ\u00f3micos o dificultades de la vida migrante, en presencia de ni\u00f1os? Esto puede\" \/>\n\t\t<meta property=\"og:url\" content=\"https:\/\/soymigrante.com\/revista\/consejos-para-parejas-migrantes-no-discutir-o-tratar-temas-delicados-frente-a-los-hijos\/\" \/>\n\t\t<meta property=\"og:image\" content=\"https:\/\/soymigrante.com\/revista\/wp-content\/uploads\/2023\/06\/Las-discusiones-de-padres-frente-a-los-hijos-son-inconvenientes-y-daninas-2.webp\" \/>\n\t\t<meta property=\"og:image:secure_url\" content=\"https:\/\/soymigrante.com\/revista\/wp-content\/uploads\/2023\/06\/Las-discusiones-de-padres-frente-a-los-hijos-son-inconvenientes-y-daninas-2.webp\" \/>\n\t\t<meta property=\"og:image:width\" content=\"1345\" \/>\n\t\t<meta property=\"og:image:height\" content=\"866\" \/>\n\t\t<meta property=\"article:published_time\" content=\"2023-06-16T17:44:03+00:00\" \/>\n\t\t<meta property=\"article:modified_time\" content=\"2025-08-28T05:44:02+00:00\" \/>\n\t\t<meta property=\"article:publisher\" content=\"https:\/\/www.facebook.com\/soymigrantecom\" \/>\n\t\t<meta name=\"twitter:card\" content=\"summary_large_image\" \/>\n\t\t<meta name=\"twitter:site\" content=\"@SoyMigrante_com\" \/>\n\t\t<meta name=\"twitter:title\" content=\"Claves para abordar temas y situaciones dif\u00edciles en pareja\" \/>\n\t\t<meta name=\"twitter:description\" content=\"Nunca faltan dificultades, imprevistos y cambios sobre todo en la vida de familias migrantes. El psic\u00f3logo y orientador familiar guatemalteco Roberto L\u00f3pez brinda algunas claves sencillas para enfrentar con di\u00e1logo y asertividad estos momentos. \u00bfQu\u00e9 ocurre cuando los padres hablan de problemas econ\u00f3micos o dificultades de la vida migrante, en presencia de ni\u00f1os? Esto puede\" \/>\n\t\t<meta name=\"twitter:creator\" content=\"@SoyMigrante_com\" \/>\n\t\t<meta name=\"twitter:image\" content=\"https:\/\/soymigrante.com\/revista\/wp-content\/uploads\/2023\/06\/Las-discusiones-de-padres-frente-a-los-hijos-son-inconvenientes-y-daninas-2.webp\" \/>\n\t\t<!-- All in One SEO Pro -->\r\n\t\t<title>Claves para abordar temas y situaciones dif\u00edciles en pareja<\/title>\n\n","aioseo_head_json":{"title":"Claves para abordar temas y situaciones dif\u00edciles en pareja","description":"Nunca faltan dificultades, imprevistos y cambios sobre todo en la vida de familias migrantes. El psic\u00f3logo y orientador familiar guatemalteco Roberto L\u00f3pez brinda algunas claves sencillas para enfrentar con di\u00e1logo y asertividad estos momentos. \u00bfQu\u00e9 ocurre cuando los padres hablan de problemas econ\u00f3micos o dificultades de la vida migrante, en presencia de ni\u00f1os? Esto puede","canonical_url":"https:\/\/soymigrante.com\/revista\/consejos-para-parejas-migrantes-no-discutir-o-tratar-temas-delicados-frente-a-los-hijos\/","robots":"max-snippet:-1, max-image-preview:large, max-video-preview:-1","keywords":"","webmasterTools":{"miscellaneous":"&lt;link rel=\"preconnect\" href=\"https:\/\/fonts.googleapis.com\" crossorigin&gt;\n&lt;link rel=\"preconnect\" href=\"https:\/\/fonts.gstatic.com\" crossorigin&gt;"},"schema":null,"og:locale":"es_ES","og:site_name":"SoyMigrante.com REVISTA \u2013 Nuestra misi\u00f3n es reconocer y dignificar al migrante.","og:type":"article","og:title":"Claves para abordar temas y situaciones dif\u00edciles en pareja","og:description":"Nunca faltan dificultades, imprevistos y cambios sobre todo en la vida de familias migrantes. El psic\u00f3logo y orientador familiar guatemalteco Roberto L\u00f3pez brinda algunas claves sencillas para enfrentar con di\u00e1logo y asertividad estos momentos. \u00bfQu\u00e9 ocurre cuando los padres hablan de problemas econ\u00f3micos o dificultades de la vida migrante, en presencia de ni\u00f1os? Esto puede","og:url":"https:\/\/soymigrante.com\/revista\/consejos-para-parejas-migrantes-no-discutir-o-tratar-temas-delicados-frente-a-los-hijos\/","og:image":"https:\/\/soymigrante.com\/revista\/wp-content\/uploads\/2023\/06\/Las-discusiones-de-padres-frente-a-los-hijos-son-inconvenientes-y-daninas-2.webp","og:image:secure_url":"https:\/\/soymigrante.com\/revista\/wp-content\/uploads\/2023\/06\/Las-discusiones-de-padres-frente-a-los-hijos-son-inconvenientes-y-daninas-2.webp","og:image:width":1345,"og:image:height":866,"article:published_time":"2023-06-16T17:44:03+00:00","article:modified_time":"2025-08-28T05:44:02+00:00","article:publisher":"https:\/\/www.facebook.com\/soymigrantecom","twitter:card":"summary_large_image","twitter:site":"@SoyMigrante_com","twitter:title":"Claves para abordar temas y situaciones dif\u00edciles en pareja","twitter:description":"Nunca faltan dificultades, imprevistos y cambios sobre todo en la vida de familias migrantes. El psic\u00f3logo y orientador familiar guatemalteco Roberto L\u00f3pez brinda algunas claves sencillas para enfrentar con di\u00e1logo y asertividad estos momentos. \u00bfQu\u00e9 ocurre cuando los padres hablan de problemas econ\u00f3micos o dificultades de la vida migrante, en presencia de ni\u00f1os? Esto puede","twitter:creator":"@SoyMigrante_com","twitter:image":"https:\/\/soymigrante.com\/revista\/wp-content\/uploads\/2023\/06\/Las-discusiones-de-padres-frente-a-los-hijos-son-inconvenientes-y-daninas-2.webp"},"aioseo_meta_data":{"post_id":"21564","title":null,"description":"Afrontar el duelo como migrante es un momento duro, perder a un familiar estando lejos es dif\u00edcil, pero hay maneras para superarlo.","keywords":null,"keyphrases":{"focus":{"keyphrase":"duelo","score":82,"analysis":{"keyphraseInTitle":{"score":3,"maxScore":9,"error":1},"keyphraseInDescription":{"score":9,"maxScore":9,"error":0},"keyphraseLength":{"score":9,"maxScore":9,"error":0,"length":1},"keyphraseInURL":{"score":5,"maxScore":5,"error":0},"keyphraseInIntroduction":{"score":9,"maxScore":9,"error":0},"keyphraseInSubHeadings":{"score":3,"maxScore":9,"error":1},"keyphraseInImageAlt":{"score":9,"maxScore":9,"error":0},"keywordDensity":{"type":"best","score":9,"maxScore":9,"error":0}}},"additional":[{"keyphrase":"duelo","score":100,"analysis":{"keyphraseInDescription":{"score":9,"maxScore":9,"error":0},"keyphraseLength":{"score":9,"maxScore":9,"error":0,"length":1},"keyphraseInIntroduction":{"score":9,"maxScore":9,"error":0},"keyphraseInImageAlt":{"score":9,"maxScore":9,"error":0},"keywordDensity":{"type":"best","score":9,"maxScore":9,"error":0}}},{"keyphrase":"Migrante","score":87,"analysis":{"keyphraseInDescription":{"score":9,"maxScore":9,"error":0},"keyphraseLength":{"score":9,"maxScore":9,"error":0,"length":1},"keyphraseInIntroduction":{"score":3,"maxScore":9,"error":1},"keyphraseInImageAlt":{"score":9,"maxScore":9,"error":0},"keywordDensity":{"type":"best","score":9,"maxScore":9,"error":0}}}]},"primary_term":null,"canonical_url":null,"og_title":null,"og_description":null,"og_object_type":"default","og_image_type":"default","og_image_url":null,"og_image_width":null,"og_image_height":null,"og_image_custom_url":null,"og_image_custom_fields":null,"og_video":"","og_custom_url":null,"og_article_section":null,"og_article_tags":null,"twitter_use_og":false,"twitter_card":"default","twitter_image_type":"default","twitter_image_url":null,"twitter_image_custom_url":null,"twitter_image_custom_fields":null,"twitter_title":null,"twitter_description":null,"schema":{"blockGraphs":[],"customGraphs":[],"default":{"data":{"Article":[],"Course":[],"Dataset":[],"FAQPage":[],"Movie":[],"Person":[],"Product":[],"ProductReview":[],"Car":[],"Recipe":[],"Service":[],"SoftwareApplication":[],"WebPage":[]},"graphName":"none","isEnabled":true},"graphs":[]},"schema_type":"default","schema_type_options":null,"pillar_content":false,"robots_default":true,"robots_noindex":false,"robots_noarchive":false,"robots_nosnippet":false,"robots_nofollow":false,"robots_noimageindex":false,"robots_noodp":false,"robots_notranslate":false,"robots_max_snippet":"-1","robots_max_videopreview":"-1","robots_max_imagepreview":"large","priority":null,"frequency":"default","local_seo":null,"seo_analyzer_scan_date":"2025-10-20 15:35:20","breadcrumb_settings":null,"limit_modified_date":false,"reviewed_by":"0","open_ai":"{\"title\":{\"suggestions\":[],\"usage\":0},\"description\":{\"suggestions\":[],\"usage\":0}}","ai":{"faqs":[],"keyPoints":[],"titles":[],"descriptions":[],"socialPosts":{"email":[],"linkedin":[],"twitter":[],"facebook":[],"instagram":[]}},"created":"2025-01-17 23:01:27","updated":"2026-02-05 06:36:59"},"aioseo_breadcrumb":"<div class=\"aioseo-breadcrumbs\"><span class=\"aioseo-breadcrumb\">\n\t<a href=\"https:\/\/soymigrante.com\/revista\" title=\"Home\">Home<\/a>\n<\/span><span class=\"aioseo-breadcrumb-separator\">\u00bb<\/span><span class=\"aioseo-breadcrumb\">\n\t<a href=\"https:\/\/soymigrante.com\/revista\/category\/bienestar\/\" title=\"Bienestar\">Bienestar<\/a>\n<\/span><span class=\"aioseo-breadcrumb-separator\">\u00bb<\/span><span class=\"aioseo-breadcrumb\">\n\tMomentos dif\u00edciles estando lejos: c\u00f3mo afrontar los duelos del migrante\n<\/span><\/div>","aioseo_breadcrumb_json":[{"label":"Home","link":"https:\/\/soymigrante.com\/revista"},{"label":"Bienestar","link":"https:\/\/soymigrante.com\/revista\/category\/bienestar\/"},{"label":"Momentos dif\u00edciles estando lejos: c\u00f3mo afrontar los duelos del migrante","link":"https:\/\/soymigrante.com\/revista\/momentos-dificiles-estando-lejos-como-afrontar-los-duelos-del-migrante\/"}],"_links":{"self":[{"href":"https:\/\/soymigrante.com\/revista\/wp-json\/wp\/v2\/posts\/21564","targetHints":{"allow":["GET"]}}],"collection":[{"href":"https:\/\/soymigrante.com\/revista\/wp-json\/wp\/v2\/posts"}],"about":[{"href":"https:\/\/soymigrante.com\/revista\/wp-json\/wp\/v2\/types\/post"}],"author":[{"embeddable":true,"href":"https:\/\/soymigrante.com\/revista\/wp-json\/wp\/v2\/users\/1"}],"replies":[{"embeddable":true,"href":"https:\/\/soymigrante.com\/revista\/wp-json\/wp\/v2\/comments?post=21564"}],"version-history":[{"count":3,"href":"https:\/\/soymigrante.com\/revista\/wp-json\/wp\/v2\/posts\/21564\/revisions"}],"predecessor-version":[{"id":47422,"href":"https:\/\/soymigrante.com\/revista\/wp-json\/wp\/v2\/posts\/21564\/revisions\/47422"}],"wp:featuredmedia":[{"embeddable":true,"href":"https:\/\/soymigrante.com\/revista\/wp-json\/wp\/v2\/media\/21567"}],"wp:attachment":[{"href":"https:\/\/soymigrante.com\/revista\/wp-json\/wp\/v2\/media?parent=21564"}],"wp:term":[{"taxonomy":"category","embeddable":true,"href":"https:\/\/soymigrante.com\/revista\/wp-json\/wp\/v2\/categories?post=21564"},{"taxonomy":"post_tag","embeddable":true,"href":"https:\/\/soymigrante.com\/revista\/wp-json\/wp\/v2\/tags?post=21564"}],"curies":[{"name":"wp","href":"https:\/\/api.w.org\/{rel}","templated":true}]}}