{"id":21553,"date":"2025-01-20T14:48:57","date_gmt":"2025-01-20T20:48:57","guid":{"rendered":"https:\/\/soymigrante.com\/revista\/?p=21553"},"modified":"2025-01-26T16:42:06","modified_gmt":"2025-01-26T22:42:06","slug":"para-que-me-sirve-saber-que-temperamento-y-que-caracter-tengo-aqui-te-lo-explicamos","status":"publish","type":"post","link":"https:\/\/soymigrante.com\/revista\/para-que-me-sirve-saber-que-temperamento-y-que-caracter-tengo-aqui-te-lo-explicamos\/","title":{"rendered":"\u00bfPara qu\u00e9 me sirve saber qu\u00e9 temperamento y qu\u00e9 car\u00e1cter tengo? Aqu\u00ed te lo explicamos"},"content":{"rendered":"\t\t<div data-elementor-type=\"wp-post\" data-elementor-id=\"21553\" class=\"elementor elementor-21553\" data-elementor-post-type=\"post\">\n\t\t\t\t<div data-particle_enable=\"false\" data-particle-mobile-disabled=\"false\" class=\"elementor-element elementor-element-15086db e-flex e-con-boxed e-con e-parent\" data-id=\"15086db\" data-element_type=\"container\" data-e-type=\"container\">\n\t\t\t\t\t<div class=\"e-con-inner\">\n\t\t\t\t<div class=\"elementor-element elementor-element-a75f16f elementor-widget elementor-widget-heading\" data-id=\"a75f16f\" data-element_type=\"widget\" data-e-type=\"widget\" data-widget_type=\"heading.default\">\n\t\t\t\t\t<h2 class=\"elementor-heading-title elementor-size-default\">Conocer el temperamento y car\u00e1cter es vital, para que el desempe\u00f1o en las relaciones personales y laborales sea \u00f3ptimo y mejor. <\/h2>\t\t\t\t<\/div>\n\t\t\t\t\t<\/div>\n\t\t\t\t<\/div>\n\t\t<div data-particle_enable=\"false\" data-particle-mobile-disabled=\"false\" class=\"elementor-element elementor-element-1e97c35 e-flex e-con-boxed e-con e-parent\" data-id=\"1e97c35\" data-element_type=\"container\" data-e-type=\"container\">\n\t\t\t\t\t<div class=\"e-con-inner\">\n\t\t\t\t<div class=\"elementor-element elementor-element-8615c67 elementor-widget elementor-widget-text-editor\" data-id=\"8615c67\" data-element_type=\"widget\" data-e-type=\"widget\" data-widget_type=\"text-editor.default\">\n\t\t\t\t\t\t\t\t\t<p>Conocer nuestro temperamento y car\u00e1cter no solo nos permite entendernos mejor,<a href=\"https:\/\/soymigrante.com\/revista\/la-negociacion-es-la-mejor-via-para-enfrentar-un-problema-algunas-claves-para-negociar\/\" target=\"_blank\" rel=\"noopener\"> sino que tambi\u00e9n nos ayuda a mejorar nuestras relaciones personales<\/a> y profesionales.<\/p><p>A continuaci\u00f3n, exploraremos qu\u00e9 significan estos conceptos y c\u00f3mo puedes identificar tu propia personalidad mediante un test virtual.<\/p>\t\t\t\t\t\t\t\t<\/div>\n\t\t\t\t\t<\/div>\n\t\t\t\t<\/div>\n\t\t<div data-particle_enable=\"false\" data-particle-mobile-disabled=\"false\" class=\"elementor-element elementor-element-9b9e8e0 e-flex e-con-boxed e-con e-parent\" data-id=\"9b9e8e0\" data-element_type=\"container\" data-e-type=\"container\">\n\t\t\t\t\t<div class=\"e-con-inner\">\n\t\t\t\t<div class=\"elementor-element elementor-element-d06bf99 elementor-widget elementor-widget-heading\" data-id=\"d06bf99\" data-element_type=\"widget\" data-e-type=\"widget\" data-widget_type=\"heading.default\">\n\t\t\t\t\t<h3 class=\"elementor-heading-title elementor-size-default\">Temperamento y car\u00e1cter: \u00bfQu\u00e9 son y c\u00f3mo se relacionan?<\/h3>\t\t\t\t<\/div>\n\t\t\t\t\t<\/div>\n\t\t\t\t<\/div>\n\t\t<div data-particle_enable=\"false\" data-particle-mobile-disabled=\"false\" class=\"elementor-element elementor-element-b25ac1f e-flex e-con-boxed e-con e-parent\" data-id=\"b25ac1f\" data-element_type=\"container\" data-e-type=\"container\">\n\t\t\t\t\t<div class=\"e-con-inner\">\n\t\t\t\t<div class=\"elementor-element elementor-element-12436ae elementor-widget elementor-widget-text-editor\" data-id=\"12436ae\" data-element_type=\"widget\" data-e-type=\"widget\" data-widget_type=\"text-editor.default\">\n\t\t\t\t\t\t\t\t\t<div>El temperamento se refiere a los rasgos innatos que heredamos y que influyen en nuestra forma de reaccionar al mundo. Este aspecto de nuestra personalidad es m\u00e1s dif\u00edcil de cambiar, ya que est\u00e1 vinculado a nuestra biolog\u00eda. Existen cuatro tipos b\u00e1sicos de temperamento:<\/div><div><strong>1.Col\u00e9rico:<\/strong> Energ\u00e9tico, decidido, pero a veces impaciente.<\/div><div><strong>2.Sangu\u00edneo:<\/strong> Extrovertido, entusiasta y sociable.<\/div><div><strong>3.Flem\u00e1tico:<\/strong> Tranquilo, relajado, pero reservado.<\/div><div><strong>4.Melanc\u00f3lico:<\/strong> Reflexivo, perfeccionista y sensible.<\/div>\t\t\t\t\t\t\t\t<\/div>\n\t\t\t\t\t<\/div>\n\t\t\t\t<\/div>\n\t\t<div data-particle_enable=\"false\" data-particle-mobile-disabled=\"false\" class=\"elementor-element elementor-element-c7c3417 e-flex e-con-boxed e-con e-parent\" data-id=\"c7c3417\" data-element_type=\"container\" data-e-type=\"container\">\n\t\t\t\t\t<div class=\"e-con-inner\">\n\t\t\t\t<div class=\"elementor-element elementor-element-9fa366d elementor-widget elementor-widget-image\" data-id=\"9fa366d\" data-element_type=\"widget\" data-e-type=\"widget\" data-widget_type=\"image.default\">\n\t\t\t\t\t\t\t\t\t\t\t\t<figure class=\"wp-caption\">\n\t\t\t\t\t\t\t\t\t\t<img fetchpriority=\"high\" decoding=\"async\" width=\"768\" height=\"512\" src=\"https:\/\/soymigrante.com\/revista\/wp-content\/uploads\/2025\/01\/Que-temperamento-y-que-caracter-tengo-1-1024x683.jpg\" class=\"attachment-large size-large wp-image-21556\" alt=\"Pensativa mujer con expresi\u00f3n de duda, usando camisa azul claro, s\u00edmbolo de reflexi\u00f3n y consulta, en fondo blanco.\" srcset=\"https:\/\/soymigrante.com\/revista\/wp-content\/uploads\/2025\/01\/Que-temperamento-y-que-caracter-tengo-1-1024x683.jpg 1024w, https:\/\/soymigrante.com\/revista\/wp-content\/uploads\/2025\/01\/Que-temperamento-y-que-caracter-tengo-1-300x200.jpg 300w, https:\/\/soymigrante.com\/revista\/wp-content\/uploads\/2025\/01\/Que-temperamento-y-que-caracter-tengo-1-768x512.jpg 768w, https:\/\/soymigrante.com\/revista\/wp-content\/uploads\/2025\/01\/Que-temperamento-y-que-caracter-tengo-1-750x500.webp 750w, https:\/\/soymigrante.com\/revista\/wp-content\/uploads\/2025\/01\/Que-temperamento-y-que-caracter-tengo-1-1140x761.webp 1140w, https:\/\/soymigrante.com\/revista\/wp-content\/uploads\/2025\/01\/Que-temperamento-y-que-caracter-tengo-1.webp 1280w\" sizes=\"(max-width: 768px) 100vw, 768px\" title=\"Qu\u00e9 temperamento y qu\u00e9 car\u00e1cter tengo 1 \u2013 SoyMigrante.com REVISTA\" \/>\t\t\t\t\t\t\t\t\t\t\t<figcaption class=\"widget-image-caption wp-caption-text\">Mujer pensativa con expresi\u00f3n de duda, ilustrando la reflexi\u00f3n y la toma de decisiones, en una imagen para temas relacionados con consulta, incertidumbre y an\u00e1lisis en contextos de migraci\u00f3n o consejos.<\/figcaption>\n\t\t\t\t\t\t\t\t\t\t<\/figure>\n\t\t\t\t\t\t\t\t\t<\/div>\n\t\t\t\t\t<\/div>\n\t\t\t\t<\/div>\n\t\t<div data-particle_enable=\"false\" data-particle-mobile-disabled=\"false\" class=\"elementor-element elementor-element-f71460a e-flex e-con-boxed e-con e-parent\" data-id=\"f71460a\" data-element_type=\"container\" data-e-type=\"container\">\n\t\t\t\t\t<div class=\"e-con-inner\">\n\t\t\t\t<div class=\"elementor-element elementor-element-97f7bae elementor-widget elementor-widget-text-editor\" data-id=\"97f7bae\" data-element_type=\"widget\" data-e-type=\"widget\" data-widget_type=\"text-editor.default\">\n\t\t\t\t\t\t\t\t\t<p>El car\u00e1cter, en cambio, se desarrolla con el tiempo y est\u00e1 influido por <a href=\"https:\/\/soymigrante.com\/revista\/la-negociacion-es-la-mejor-via-para-enfrentar-un-problema-algunas-claves-para-negociar\/\" target=\"_blank\" rel=\"noopener\">el entorno, las experiencias de vida y la educaci\u00f3n.<\/a> Es la parte de nuestra personalidad que podemos moldear.<\/p>\t\t\t\t\t\t\t\t<\/div>\n\t\t\t\t\t<\/div>\n\t\t\t\t<\/div>\n\t\t<div data-particle_enable=\"false\" data-particle-mobile-disabled=\"false\" class=\"elementor-element elementor-element-ef51c31 e-flex e-con-boxed e-con e-parent\" data-id=\"ef51c31\" data-element_type=\"container\" data-e-type=\"container\">\n\t\t\t\t\t<div class=\"e-con-inner\">\n\t\t\t\t<div class=\"elementor-element elementor-element-44acf27 elementor-widget elementor-widget-text-editor\" data-id=\"44acf27\" data-element_type=\"widget\" data-e-type=\"widget\" data-widget_type=\"text-editor.default\">\n\t\t\t\t\t\t\t\t\t<div><strong>Preguntas clave para identificar tu temperamento y car\u00e1cter<\/strong><\/div><div>1.\u00bfC\u00f3mo reaccionas ante situaciones inesperadas o de estr\u00e9s?<\/div><div>2.\u00bfPrefieres actividades en solitario o en grupo?<\/div><div>3.\u00bfTe resulta f\u00e1cil tomar decisiones r\u00e1pidas o necesitas analizar cada detalle?<\/div><div>4.\u00bfSueles ser optimista o pesimista en tu d\u00eda a d\u00eda?<\/div><div>5.\u00bfQu\u00e9 tan adaptable eres a los cambios?<\/div>\t\t\t\t\t\t\t\t<\/div>\n\t\t\t\t\t<\/div>\n\t\t\t\t<\/div>\n\t\t<div data-particle_enable=\"false\" data-particle-mobile-disabled=\"false\" class=\"elementor-element elementor-element-a078861 e-flex e-con-boxed e-con e-parent\" data-id=\"a078861\" data-element_type=\"container\" data-e-type=\"container\">\n\t\t\t\t\t<div class=\"e-con-inner\">\n\t\t\t\t<div class=\"elementor-element elementor-element-89c408d elementor-widget elementor-widget-text-editor\" data-id=\"89c408d\" data-element_type=\"widget\" data-e-type=\"widget\" data-widget_type=\"text-editor.default\">\n\t\t\t\t\t\t\t\t\t<p>Estas preguntas son un punto de partida para reflexionar sobre tus rasgos. <a href=\"https:\/\/soymigrante.com\/revista\/la-negociacion-es-la-mejor-via-para-enfrentar-un-problema-algunas-claves-para-negociar\/\" target=\"_blank\" rel=\"noopener\">Para obtener un an\u00e1lisis m\u00e1s profundo, un test virtual puede ayudarte a identificar<\/a> si tienes un temperamento dominante y c\u00f3mo interact\u00faa con tu car\u00e1cter.<\/p>\t\t\t\t\t\t\t\t<\/div>\n\t\t\t\t\t<\/div>\n\t\t\t\t<\/div>\n\t\t<div data-particle_enable=\"false\" data-particle-mobile-disabled=\"false\" class=\"elementor-element elementor-element-8c3b83c e-flex e-con-boxed e-con e-parent\" data-id=\"8c3b83c\" data-element_type=\"container\" data-e-type=\"container\">\n\t\t\t\t\t<div class=\"e-con-inner\">\n\t\t\t\t<div class=\"elementor-element elementor-element-34e936c elementor-widget elementor-widget-image\" data-id=\"34e936c\" data-element_type=\"widget\" data-e-type=\"widget\" data-widget_type=\"image.default\">\n\t\t\t\t\t\t\t\t\t\t\t\t<figure class=\"wp-caption\">\n\t\t\t\t\t\t\t\t\t\t<img decoding=\"async\" width=\"768\" height=\"458\" src=\"https:\/\/soymigrante.com\/revista\/wp-content\/uploads\/2025\/01\/Que-temperamento-y-que-caracter-tengo-2-1024x610.jpg\" class=\"attachment-large size-large wp-image-21557\" alt=\"Joven mirando por la ventana en un entorno urbano, oportunidad y transformaci\u00f3n, estilo de vida moderno, reflexi\u00f3n personal, inspiraci\u00f3n migrante en una ciudad vibrante.\" srcset=\"https:\/\/soymigrante.com\/revista\/wp-content\/uploads\/2025\/01\/Que-temperamento-y-que-caracter-tengo-2-1024x610.jpg 1024w, https:\/\/soymigrante.com\/revista\/wp-content\/uploads\/2025\/01\/Que-temperamento-y-que-caracter-tengo-2-300x179.jpg 300w, https:\/\/soymigrante.com\/revista\/wp-content\/uploads\/2025\/01\/Que-temperamento-y-que-caracter-tengo-2-768x457.jpg 768w, https:\/\/soymigrante.com\/revista\/wp-content\/uploads\/2025\/01\/Que-temperamento-y-que-caracter-tengo-2-750x446.webp 750w, https:\/\/soymigrante.com\/revista\/wp-content\/uploads\/2025\/01\/Que-temperamento-y-que-caracter-tengo-2-1140x679.webp 1140w, https:\/\/soymigrante.com\/revista\/wp-content\/uploads\/2025\/01\/Que-temperamento-y-que-caracter-tengo-2.webp 1280w\" sizes=\"(max-width: 768px) 100vw, 768px\" title=\"Qu\u00e9 temperamento y qu\u00e9 car\u00e1cter tengo 2 \u2013 SoyMigrante.com REVISTA\" \/>\t\t\t\t\t\t\t\t\t\t\t<figcaption class=\"widget-image-caption wp-caption-text\">Una joven mira pensativa desde una ventana con vista a la ciudad, simbolizando reflexi\u00f3n, sue\u00f1os y esperanza en la comunidad migrante y en la b\u00fasqueda de oportunidades.<\/figcaption>\n\t\t\t\t\t\t\t\t\t\t<\/figure>\n\t\t\t\t\t\t\t\t\t<\/div>\n\t\t\t\t\t<\/div>\n\t\t\t\t<\/div>\n\t\t<div data-particle_enable=\"false\" data-particle-mobile-disabled=\"false\" class=\"elementor-element elementor-element-aa0d3b0 e-flex e-con-boxed e-con e-parent\" data-id=\"aa0d3b0\" data-element_type=\"container\" data-e-type=\"container\">\n\t\t\t\t\t<div class=\"e-con-inner\">\n\t\t\t\t<div class=\"elementor-element elementor-element-109f2e6 elementor-widget elementor-widget-heading\" data-id=\"109f2e6\" data-element_type=\"widget\" data-e-type=\"widget\" data-widget_type=\"heading.default\">\n\t\t\t\t\t<h3 class=\"elementor-heading-title elementor-size-default\">Haz el test y desc\u00fabrelo<\/h3>\t\t\t\t<\/div>\n\t\t\t\t\t<\/div>\n\t\t\t\t<\/div>\n\t\t<div data-particle_enable=\"false\" data-particle-mobile-disabled=\"false\" class=\"elementor-element elementor-element-72cacb9 e-flex e-con-boxed e-con e-parent\" data-id=\"72cacb9\" data-element_type=\"container\" data-e-type=\"container\">\n\t\t\t\t\t<div class=\"e-con-inner\">\n\t\t\t\t<div class=\"elementor-element elementor-element-5705f26 elementor-widget elementor-widget-text-editor\" data-id=\"5705f26\" data-element_type=\"widget\" data-e-type=\"widget\" data-widget_type=\"text-editor.default\">\n\t\t\t\t\t\t\t\t\t<p>Si quieres conocer m\u00e1s sobre tu temperamento y car\u00e1cter, te recomendamos realizar un test virtual. Es f\u00e1cil y r\u00e1pido. Aqu\u00ed tienes un enlace:<br \/><a href=\"https:\/\/www.psicologia-online.com\/test-de-temperamento-4542.html\" target=\"_blank\" rel=\"noopener\">Descubre tu temperamento y car\u00e1cter<\/a><\/p><p>Reflexionar sobre estas \u00e1reas de nuestra <a href=\"https:\/\/soymigrante.com\/revista\/la-negociacion-es-la-mejor-via-para-enfrentar-un-problema-algunas-claves-para-negociar\/\" target=\"_blank\" rel=\"noopener\">personalidad puede ser el primer paso hacia el crecimiento personal<\/a> y una mejor comunicaci\u00f3n con los dem\u00e1s. \u00a1An\u00edmate a descubrir m\u00e1s sobre ti mismo!<\/p>\t\t\t\t\t\t\t\t<\/div>\n\t\t\t\t\t<\/div>\n\t\t\t\t<\/div>\n\t\t<div data-particle_enable=\"false\" data-particle-mobile-disabled=\"false\" class=\"elementor-element elementor-element-3a69c10 e-flex e-con-boxed e-con e-parent\" data-id=\"3a69c10\" data-element_type=\"container\" data-e-type=\"container\">\n\t\t\t\t\t<div class=\"e-con-inner\">\n\t\t\t\t<div class=\"elementor-element elementor-element-ea6b129 elementor-widget elementor-widget-heading\" data-id=\"ea6b129\" data-element_type=\"widget\" data-e-type=\"widget\" data-widget_type=\"heading.default\">\n\t\t\t\t\t<h2 class=\"elementor-heading-title elementor-size-default\">Aprender a reconocerse es valorarse<\/h2>\t\t\t\t<\/div>\n\t\t\t\t\t<\/div>\n\t\t\t\t<\/div>\n\t\t<div data-particle_enable=\"false\" data-particle-mobile-disabled=\"false\" class=\"elementor-element elementor-element-91f9428 e-flex e-con-boxed e-con e-parent\" data-id=\"91f9428\" data-element_type=\"container\" data-e-type=\"container\">\n\t\t\t\t\t<div class=\"e-con-inner\">\n\t\t\t\t<div class=\"elementor-element elementor-element-51ea665 elementor-grid-eael-col-3 elementor-grid-tablet-eael-col-2 elementor-grid-mobile-eael-col-1 elementor-widget elementor-widget-eael-post-grid\" data-id=\"51ea665\" data-element_type=\"widget\" data-e-type=\"widget\" data-settings=\"{&quot;eael_post_grid_columns&quot;:&quot;eael-col-3&quot;,&quot;eael_post_grid_columns_tablet&quot;:&quot;eael-col-2&quot;,&quot;eael_post_grid_columns_mobile&quot;:&quot;eael-col-1&quot;}\" data-widget_type=\"eael-post-grid.default\">\n\t\t\t\t\t<div id=\"eael-post-grid-51ea665\" class=\"eael-post-grid-container\">\n            <div class=\"eael-post-grid eael-post-appender eael-post-appender-51ea665 eael-post-grid-style-one\" data-layout-mode=\"masonry\"><article class=\"eael-grid-post  eael-post-grid-column eael-pg-post-20446 category-bienestar\" data-id=\"20446\">\n        <div class=\"eael-grid-post-holder\">\n            <div class=\"eael-grid-post-holder-inner\"><div class=\"eael-entry-media\"><div class=\"eael-entry-overlay fade-in\"><i class=\"far fa-hand-pointer\" aria-hidden=\"true\"><\/i><a href=\"https:\/\/soymigrante.com\/revista\/como-puedo-identificar-sintomas-de-depresion-o-ansiedad\/\"><\/a><\/div><div class=\"eael-entry-thumbnail \">\n                <img decoding=\"async\" width=\"1024\" height=\"1024\" src=\"https:\/\/soymigrante.com\/revista\/wp-content\/uploads\/2025\/01\/Sen\u0303ales-de-alerta-de-depresio\u0301n-y-ansiedad-en-migrantes2-scaled-e1736786647146-1024x1024.jpg\" class=\"attachment-large size-large wp-image-20447\" alt=\"Se\u00f1ales de alerta de depresi\u00f3n y ansiedad en migrantes\" srcset=\"https:\/\/soymigrante.com\/revista\/wp-content\/uploads\/2025\/01\/Sen\u0303ales-de-alerta-de-depresio\u0301n-y-ansiedad-en-migrantes2-scaled-e1736786647146-1024x1024.jpg 1024w, https:\/\/soymigrante.com\/revista\/wp-content\/uploads\/2025\/01\/Sen\u0303ales-de-alerta-de-depresio\u0301n-y-ansiedad-en-migrantes2-scaled-e1736786647146-300x300.jpg 300w, https:\/\/soymigrante.com\/revista\/wp-content\/uploads\/2025\/01\/Sen\u0303ales-de-alerta-de-depresio\u0301n-y-ansiedad-en-migrantes2-scaled-e1736786647146-150x150.jpg 150w, https:\/\/soymigrante.com\/revista\/wp-content\/uploads\/2025\/01\/Sen\u0303ales-de-alerta-de-depresio\u0301n-y-ansiedad-en-migrantes2-scaled-e1736786647146-768x768.jpg 768w, https:\/\/soymigrante.com\/revista\/wp-content\/uploads\/2025\/01\/Sen\u0303ales-de-alerta-de-depresio\u0301n-y-ansiedad-en-migrantes2-scaled-e1736786647146-1536x1536.jpg 1536w, https:\/\/soymigrante.com\/revista\/wp-content\/uploads\/2025\/01\/Sen\u0303ales-de-alerta-de-depresio\u0301n-y-ansiedad-en-migrantes2-scaled-e1736786647146-75x75.webp 75w, https:\/\/soymigrante.com\/revista\/wp-content\/uploads\/2025\/01\/Sen\u0303ales-de-alerta-de-depresio\u0301n-y-ansiedad-en-migrantes2-scaled-e1736786647146-750x750.webp 750w, https:\/\/soymigrante.com\/revista\/wp-content\/uploads\/2025\/01\/Sen\u0303ales-de-alerta-de-depresio\u0301n-y-ansiedad-en-migrantes2-scaled-e1736786647146-1140x1140.webp 1140w, https:\/\/soymigrante.com\/revista\/wp-content\/uploads\/2025\/01\/Sen\u0303ales-de-alerta-de-depresio\u0301n-y-ansiedad-en-migrantes2-scaled-e1736786647146.webp 1758w\" sizes=\"(max-width: 1024px) 100vw, 1024px\" \/>\n            <\/div>\n        <\/div><div class=\"eael-entry-wrapper\"><header class=\"eael-entry-header\"><h2 class=\"eael-entry-title\"><a class=\"eael-grid-post-link\" href=\"https:\/\/soymigrante.com\/revista\/como-puedo-identificar-sintomas-de-depresion-o-ansiedad\/\" title=\"\u00bfC\u00f3mo puedo identificar s\u00edntomas de depresi\u00f3n o ansiedad?\">\u00bfC\u00f3mo puedo identificar s\u00edntomas de depresi\u00f3n o ansiedad?<\/a><\/h2><\/header><div class=\"eael-entry-content\">\n                        <div class=\"eael-grid-post-excerpt\"><a href=\"https:\/\/soymigrante.com\/revista\/como-puedo-identificar-sintomas-de-depresion-o-ansiedad\/\" class=\"eael-post-elements-readmore-btn\">CONOCE SU HISTORIA <\/a><\/div>\n                    <\/div><\/div><\/div>\n        <\/div>\n    <\/article><article class=\"eael-grid-post  eael-post-grid-column eael-pg-post-14156 category-bienestar\" data-id=\"14156\">\n        <div class=\"eael-grid-post-holder\">\n            <div class=\"eael-grid-post-holder-inner\"><div class=\"eael-entry-media\"><div class=\"eael-entry-overlay fade-in\"><i class=\"far fa-hand-pointer\" aria-hidden=\"true\"><\/i><a href=\"https:\/\/soymigrante.com\/revista\/la-negociacion-es-la-mejor-via-para-enfrentar-un-problema-algunas-claves-para-negociar\/\"><\/a><\/div><div class=\"eael-entry-thumbnail \">\n                <img loading=\"lazy\" decoding=\"async\" width=\"882\" height=\"882\" src=\"https:\/\/soymigrante.com\/revista\/wp-content\/uploads\/2024\/11\/negociacion-para-resolver-conflictos.webp\" class=\"attachment-large size-large wp-image-14544\" alt=\"Manos estrech\u00e1ndose en un contexto profesional, simbolizando colaboraci\u00f3n y conexi\u00f3n entre migrantes y empleadores en la revista SoyMigrante.com REVISTA.\" srcset=\"https:\/\/soymigrante.com\/revista\/wp-content\/uploads\/2024\/11\/negociacion-para-resolver-conflictos.webp 882w, https:\/\/soymigrante.com\/revista\/wp-content\/uploads\/2024\/11\/negociacion-para-resolver-conflictos-300x300.jpg 300w, https:\/\/soymigrante.com\/revista\/wp-content\/uploads\/2024\/11\/negociacion-para-resolver-conflictos-150x150.jpg 150w, https:\/\/soymigrante.com\/revista\/wp-content\/uploads\/2024\/11\/negociacion-para-resolver-conflictos-768x768.jpg 768w, https:\/\/soymigrante.com\/revista\/wp-content\/uploads\/2024\/11\/negociacion-para-resolver-conflictos-75x75.webp 75w, https:\/\/soymigrante.com\/revista\/wp-content\/uploads\/2024\/11\/negociacion-para-resolver-conflictos-750x750.webp 750w\" sizes=\"(max-width: 882px) 100vw, 882px\" \/>\n            <\/div>\n        <\/div><div class=\"eael-entry-wrapper\"><header class=\"eael-entry-header\"><h2 class=\"eael-entry-title\"><a class=\"eael-grid-post-link\" href=\"https:\/\/soymigrante.com\/revista\/la-negociacion-es-la-mejor-via-para-enfrentar-un-problema-algunas-claves-para-negociar\/\" title=\"La negociaci\u00f3n es la mejor v\u00eda para enfrentar un problema, pero&#8230; \u00bfSabemos negociar bien?\">La negociaci\u00f3n es la mejor v\u00eda para enfrentar un problema, pero&#8230; \u00bfSabemos negociar bien?<\/a><\/h2><\/header><div class=\"eael-entry-content\">\n                        <div class=\"eael-grid-post-excerpt\"><a href=\"https:\/\/soymigrante.com\/revista\/la-negociacion-es-la-mejor-via-para-enfrentar-un-problema-algunas-claves-para-negociar\/\" class=\"eael-post-elements-readmore-btn\">CONOCE SU HISTORIA <\/a><\/div>\n                    <\/div><\/div><\/div>\n        <\/div>\n    <\/article><article class=\"eael-grid-post  eael-post-grid-column eael-pg-post-7915 category-bienestar\" data-id=\"7915\">\n        <div class=\"eael-grid-post-holder\">\n            <div class=\"eael-grid-post-holder-inner\"><div class=\"eael-entry-media\"><div class=\"eael-entry-overlay fade-in\"><i class=\"far fa-hand-pointer\" aria-hidden=\"true\"><\/i><a href=\"https:\/\/soymigrante.com\/revista\/no-todos-pensamos-en-una-refaccion-saludable-pero-debemos\/\"><\/a><\/div><div class=\"eael-entry-thumbnail \">\n                <img loading=\"lazy\" decoding=\"async\" width=\"487\" height=\"486\" src=\"https:\/\/soymigrante.com\/revista\/wp-content\/uploads\/2024\/08\/refaccion-saludable-en-el-trabajo-soy-migrante4-e1723753062880.webp\" class=\"attachment-large size-large wp-image-7960\" alt=\"Fruta fresca en un frasco de vidrio con yogurt y cereales, s\u00edmbolo de salud y bienestar, en un entorno minimalista.\" srcset=\"https:\/\/soymigrante.com\/revista\/wp-content\/uploads\/2024\/08\/refaccion-saludable-en-el-trabajo-soy-migrante4-e1723753062880.webp 487w, https:\/\/soymigrante.com\/revista\/wp-content\/uploads\/2024\/08\/refaccion-saludable-en-el-trabajo-soy-migrante4-e1723753062880-300x300.webp 300w, https:\/\/soymigrante.com\/revista\/wp-content\/uploads\/2024\/08\/refaccion-saludable-en-el-trabajo-soy-migrante4-e1723753062880-150x150.webp 150w, https:\/\/soymigrante.com\/revista\/wp-content\/uploads\/2024\/08\/refaccion-saludable-en-el-trabajo-soy-migrante4-e1723753062880-75x75.webp 75w\" sizes=\"(max-width: 487px) 100vw, 487px\" \/>\n            <\/div>\n        <\/div><div class=\"eael-entry-wrapper\"><header class=\"eael-entry-header\"><h2 class=\"eael-entry-title\"><a class=\"eael-grid-post-link\" href=\"https:\/\/soymigrante.com\/revista\/no-todos-pensamos-en-una-refaccion-saludable-pero-debemos\/\" title=\"No todos pensamos en una refacci\u00f3n saludable, pero debemos\">No todos pensamos en una refacci\u00f3n saludable, pero debemos<\/a><\/h2><\/header><div class=\"eael-entry-content\">\n                        <div class=\"eael-grid-post-excerpt\"><a href=\"https:\/\/soymigrante.com\/revista\/no-todos-pensamos-en-una-refaccion-saludable-pero-debemos\/\" class=\"eael-post-elements-readmore-btn\">CONOCE SU HISTORIA <\/a><\/div>\n                    <\/div><\/div><\/div>\n        <\/div>\n    <\/article><\/div>\n            <div class=\"clearfix\"><\/div>\n        <\/div>\t\t\t\t<\/div>\n\t\t\t\t\t<\/div>\n\t\t\t\t<\/div>\n\t\t\t\t<\/div>\n\t\t","protected":false},"excerpt":{"rendered":"<p>Conocer el temperamento y car\u00e1cter es vital, para que el desempe\u00f1o en las relaciones personales y laborales sea \u00f3ptimo y mejor. Conocer nuestro temperamento y car\u00e1cter no solo nos permite entendernos mejor, sino que tambi\u00e9n nos ayuda a mejorar nuestras relaciones personales y profesionales. A continuaci\u00f3n, exploraremos qu\u00e9 significan estos conceptos y c\u00f3mo puedes identificar [&hellip;]<\/p>\n","protected":false},"author":19,"featured_media":21555,"comment_status":"open","ping_status":"open","sticky":false,"template":"","format":"standard","meta":{"_acf_changed":false,"_eb_attr":"","footnotes":""},"categories":[55],"tags":[],"class_list":["post-21553","post","type-post","status-publish","format-standard","has-post-thumbnail","hentry","category-bienestar"],"acf":[],"aioseo_notices":[],"aioseo_head":"\n\t\t<!-- All in One SEO Pro 4.9.6.2 - aioseo.com -->\n\t<meta name=\"description\" content=\"En este art\u00edculo te recomendamos varios tips para que a la hora de tu refacci\u00f3n aproveches mejor los nutrientes para desempe\u00f1ar mejor tus labores, con salud.\" \/>\n\t<meta name=\"robots\" content=\"max-snippet:-1, max-image-preview:large, max-video-preview:-1\" \/>\n\t<meta name=\"author\" content=\"Beatriz Tercero\"\/>\n\t<link rel=\"canonical\" href=\"https:\/\/soymigrante.com\/revista\/no-todos-pensamos-en-una-refaccion-saludable-pero-debemos\/\" \/>\n\t<meta name=\"generator\" content=\"All in One SEO Pro (AIOSEO) 4.9.6.2\" \/>\n\n\t\t<link rel=\"preconnect\" href=\"https:\/\/fonts.googleapis.com\" crossorigin>\n<link rel=\"preconnect\" href=\"https:\/\/fonts.gstatic.com\" crossorigin>\n\t\t<meta property=\"og:locale\" content=\"es_ES\" \/>\n\t\t<meta property=\"og:site_name\" content=\"SoyMigrante.com REVISTA \u2013 Nuestra misi\u00f3n es reconocer y dignificar al migrante.\" \/>\n\t\t<meta property=\"og:type\" content=\"article\" \/>\n\t\t<meta property=\"og:title\" content=\"Consejos para una refacci\u00f3n saludable en tu horario laboral\" \/>\n\t\t<meta property=\"og:description\" content=\"En este art\u00edculo te recomendamos varios tips para que a la hora de tu refacci\u00f3n aproveches mejor los nutrientes para desempe\u00f1ar mejor tus labores, con salud.\" \/>\n\t\t<meta property=\"og:url\" content=\"https:\/\/soymigrante.com\/revista\/no-todos-pensamos-en-una-refaccion-saludable-pero-debemos\/\" \/>\n\t\t<meta property=\"og:image\" content=\"https:\/\/soymigrante.com\/revista\/wp-content\/uploads\/2024\/08\/refaccion-saludable-en-el-trabajo-soy-migrante4-e1723753062880.webp\" \/>\n\t\t<meta property=\"og:image:secure_url\" content=\"https:\/\/soymigrante.com\/revista\/wp-content\/uploads\/2024\/08\/refaccion-saludable-en-el-trabajo-soy-migrante4-e1723753062880.webp\" \/>\n\t\t<meta property=\"og:image:width\" content=\"487\" \/>\n\t\t<meta property=\"og:image:height\" content=\"486\" \/>\n\t\t<meta property=\"article:published_time\" content=\"2024-08-12T16:24:17+00:00\" \/>\n\t\t<meta property=\"article:modified_time\" content=\"2024-08-15T20:18:48+00:00\" \/>\n\t\t<meta property=\"article:publisher\" content=\"https:\/\/www.facebook.com\/soymigrantecom\" \/>\n\t\t<meta name=\"twitter:card\" content=\"summary_large_image\" \/>\n\t\t<meta name=\"twitter:site\" content=\"@SoyMigrante_com\" \/>\n\t\t<meta name=\"twitter:title\" content=\"Consejos para una refacci\u00f3n saludable en tu horario laboral\" \/>\n\t\t<meta name=\"twitter:description\" content=\"En este art\u00edculo te recomendamos varios tips para que a la hora de tu refacci\u00f3n aproveches mejor los nutrientes para desempe\u00f1ar mejor tus labores, con salud.\" \/>\n\t\t<meta name=\"twitter:creator\" content=\"@SoyMigrante_com\" \/>\n\t\t<meta name=\"twitter:image\" content=\"https:\/\/soymigrante.com\/revista\/wp-content\/uploads\/2024\/08\/refaccion-saludable-en-el-trabajo-soy-migrante4-e1723753062880.webp\" \/>\n\t\t<!-- All in One SEO Pro -->\r\n\t\t<title>Consejos para una refacci\u00f3n saludable en tu horario laboral<\/title>\n\n","aioseo_head_json":{"title":"Consejos para una refacci\u00f3n saludable en tu horario laboral","description":"En este art\u00edculo te recomendamos varios tips para que a la hora de tu refacci\u00f3n aproveches mejor los nutrientes para desempe\u00f1ar mejor tus labores, con salud.","canonical_url":"https:\/\/soymigrante.com\/revista\/no-todos-pensamos-en-una-refaccion-saludable-pero-debemos\/","robots":"max-snippet:-1, max-image-preview:large, max-video-preview:-1","keywords":"","webmasterTools":{"miscellaneous":"&lt;link rel=\"preconnect\" href=\"https:\/\/fonts.googleapis.com\" crossorigin&gt;\n&lt;link rel=\"preconnect\" href=\"https:\/\/fonts.gstatic.com\" crossorigin&gt;"},"schema":null,"og:locale":"es_ES","og:site_name":"SoyMigrante.com REVISTA \u2013 Nuestra misi\u00f3n es reconocer y dignificar al migrante.","og:type":"article","og:title":"Consejos para una refacci\u00f3n saludable en tu horario laboral","og:description":"En este art\u00edculo te recomendamos varios tips para que a la hora de tu refacci\u00f3n aproveches mejor los nutrientes para desempe\u00f1ar mejor tus labores, con salud.","og:url":"https:\/\/soymigrante.com\/revista\/no-todos-pensamos-en-una-refaccion-saludable-pero-debemos\/","og:image":"https:\/\/soymigrante.com\/revista\/wp-content\/uploads\/2024\/08\/refaccion-saludable-en-el-trabajo-soy-migrante4-e1723753062880.webp","og:image:secure_url":"https:\/\/soymigrante.com\/revista\/wp-content\/uploads\/2024\/08\/refaccion-saludable-en-el-trabajo-soy-migrante4-e1723753062880.webp","og:image:width":487,"og:image:height":486,"article:published_time":"2024-08-12T16:24:17+00:00","article:modified_time":"2024-08-15T20:18:48+00:00","article:publisher":"https:\/\/www.facebook.com\/soymigrantecom","twitter:card":"summary_large_image","twitter:site":"@SoyMigrante_com","twitter:title":"Consejos para una refacci\u00f3n saludable en tu horario laboral","twitter:description":"En este art\u00edculo te recomendamos varios tips para que a la hora de tu refacci\u00f3n aproveches mejor los nutrientes para desempe\u00f1ar mejor tus labores, con salud.","twitter:creator":"@SoyMigrante_com","twitter:image":"https:\/\/soymigrante.com\/revista\/wp-content\/uploads\/2024\/08\/refaccion-saludable-en-el-trabajo-soy-migrante4-e1723753062880.webp"},"aioseo_meta_data":{"post_id":"21553","title":null,"description":"Conocer el temperamento y car\u00e1cter es vital, para que el desempe\u00f1o en las relaciones personales y laborales sea \u00f3ptimo y mejor.","keywords":null,"keyphrases":{"focus":{"keyphrase":"temperamento","score":100,"analysis":{"keyphraseInTitle":{"score":9,"maxScore":9,"error":0},"keyphraseInDescription":{"score":9,"maxScore":9,"error":0},"keyphraseLength":{"score":9,"maxScore":9,"error":0,"length":1},"keyphraseInURL":{"score":5,"maxScore":5,"error":0},"keyphraseInIntroduction":{"score":9,"maxScore":9,"error":0},"keyphraseInSubHeadings":{"score":9,"maxScore":9,"error":0},"keyphraseInImageAlt":{"score":9,"maxScore":9,"error":0},"keywordDensity":{"type":"best","score":9,"maxScore":9,"error":0}}},"additional":[{"keyphrase":"temperamento","score":100,"analysis":{"keyphraseInDescription":{"score":9,"maxScore":9,"error":0},"keyphraseLength":{"score":9,"maxScore":9,"error":0,"length":1},"keyphraseInIntroduction":{"score":9,"maxScore":9,"error":0},"keyphraseInImageAlt":{"score":9,"maxScore":9,"error":0},"keywordDensity":{"type":"best","score":9,"maxScore":9,"error":0}}},{"keyphrase":"Car\u00e1cter","score":100,"analysis":{"keyphraseInDescription":{"score":9,"maxScore":9,"error":0},"keyphraseLength":{"score":9,"maxScore":9,"error":0,"length":2},"keyphraseInIntroduction":{"score":9,"maxScore":9,"error":0},"keyphraseInImageAlt":{"score":9,"maxScore":9,"error":0},"keywordDensity":{"type":"best","score":9,"maxScore":9,"error":0}}}]},"primary_term":null,"canonical_url":null,"og_title":null,"og_description":null,"og_object_type":"default","og_image_type":"default","og_image_url":null,"og_image_width":null,"og_image_height":null,"og_image_custom_url":null,"og_image_custom_fields":null,"og_video":"","og_custom_url":null,"og_article_section":null,"og_article_tags":null,"twitter_use_og":false,"twitter_card":"default","twitter_image_type":"default","twitter_image_url":null,"twitter_image_custom_url":null,"twitter_image_custom_fields":null,"twitter_title":null,"twitter_description":null,"schema":{"blockGraphs":[],"customGraphs":[],"default":{"data":{"Article":[],"Course":[],"Dataset":[],"FAQPage":[],"Movie":[],"Person":[],"Product":[],"ProductReview":[],"Car":[],"Recipe":[],"Service":[],"SoftwareApplication":[],"WebPage":[]},"graphName":"BlogPosting","isEnabled":true},"graphs":[]},"schema_type":"default","schema_type_options":null,"pillar_content":false,"robots_default":true,"robots_noindex":false,"robots_noarchive":false,"robots_nosnippet":false,"robots_nofollow":false,"robots_noimageindex":false,"robots_noodp":false,"robots_notranslate":false,"robots_max_snippet":"-1","robots_max_videopreview":"-1","robots_max_imagepreview":"large","priority":null,"frequency":"default","local_seo":null,"seo_analyzer_scan_date":"2025-10-09 01:58:16","breadcrumb_settings":null,"limit_modified_date":false,"reviewed_by":null,"open_ai":"{\"title\":{\"suggestions\":[],\"usage\":0},\"description\":{\"suggestions\":[],\"usage\":0}}","ai":null,"created":"2025-01-17 22:14:07","updated":"2026-02-04 19:16:29"},"aioseo_breadcrumb":"<div class=\"aioseo-breadcrumbs\"><span class=\"aioseo-breadcrumb\">\n\t<a href=\"https:\/\/soymigrante.com\/revista\" title=\"Home\">Home<\/a>\n<\/span><span class=\"aioseo-breadcrumb-separator\">\u00bb<\/span><span class=\"aioseo-breadcrumb\">\n\t<a href=\"https:\/\/soymigrante.com\/revista\/category\/bienestar\/\" title=\"Bienestar\">Bienestar<\/a>\n<\/span><span class=\"aioseo-breadcrumb-separator\">\u00bb<\/span><span class=\"aioseo-breadcrumb\">\n\t\u00bfPara qu\u00e9 me sirve saber qu\u00e9 temperamento y qu\u00e9 car\u00e1cter tengo? Aqu\u00ed te lo explicamos\n<\/span><\/div>","aioseo_breadcrumb_json":[{"label":"Home","link":"https:\/\/soymigrante.com\/revista"},{"label":"Bienestar","link":"https:\/\/soymigrante.com\/revista\/category\/bienestar\/"},{"label":"\u00bfPara qu\u00e9 me sirve saber qu\u00e9 temperamento y qu\u00e9 car\u00e1cter tengo? Aqu\u00ed te lo explicamos","link":"https:\/\/soymigrante.com\/revista\/para-que-me-sirve-saber-que-temperamento-y-que-caracter-tengo-aqui-te-lo-explicamos\/"}],"_links":{"self":[{"href":"https:\/\/soymigrante.com\/revista\/wp-json\/wp\/v2\/posts\/21553","targetHints":{"allow":["GET"]}}],"collection":[{"href":"https:\/\/soymigrante.com\/revista\/wp-json\/wp\/v2\/posts"}],"about":[{"href":"https:\/\/soymigrante.com\/revista\/wp-json\/wp\/v2\/types\/post"}],"author":[{"embeddable":true,"href":"https:\/\/soymigrante.com\/revista\/wp-json\/wp\/v2\/users\/19"}],"replies":[{"embeddable":true,"href":"https:\/\/soymigrante.com\/revista\/wp-json\/wp\/v2\/comments?post=21553"}],"version-history":[{"count":0,"href":"https:\/\/soymigrante.com\/revista\/wp-json\/wp\/v2\/posts\/21553\/revisions"}],"wp:featuredmedia":[{"embeddable":true,"href":"https:\/\/soymigrante.com\/revista\/wp-json\/wp\/v2\/media\/21555"}],"wp:attachment":[{"href":"https:\/\/soymigrante.com\/revista\/wp-json\/wp\/v2\/media?parent=21553"}],"wp:term":[{"taxonomy":"category","embeddable":true,"href":"https:\/\/soymigrante.com\/revista\/wp-json\/wp\/v2\/categories?post=21553"},{"taxonomy":"post_tag","embeddable":true,"href":"https:\/\/soymigrante.com\/revista\/wp-json\/wp\/v2\/tags?post=21553"}],"curies":[{"name":"wp","href":"https:\/\/api.w.org\/{rel}","templated":true}]}}