{"id":21517,"date":"2025-01-30T14:58:12","date_gmt":"2025-01-30T20:58:12","guid":{"rendered":"https:\/\/soymigrante.com\/revista\/?p=21517"},"modified":"2025-01-30T15:06:18","modified_gmt":"2025-01-30T21:06:18","slug":"has-oido-hablar-de-la-fortaleza-kaqchiqel-chwa-nima-abaj-y-el-nombre-erroneo-que-tenia","status":"publish","type":"post","link":"https:\/\/soymigrante.com\/revista\/has-oido-hablar-de-la-fortaleza-kaqchiqel-chwa-nima-abaj-y-el-nombre-erroneo-que-tenia\/","title":{"rendered":"\u00bfHas o\u00eddo hablar de la fortaleza kaqchiq&#8217;el Ch&#8217;wa Nima&#8217; Ab&#8217;aj y el nombre err\u00f3neo que ten\u00eda?"},"content":{"rendered":"\t\t<div data-elementor-type=\"wp-post\" data-elementor-id=\"21517\" class=\"elementor elementor-21517\" data-elementor-post-type=\"post\">\n\t\t\t\t<div data-particle_enable=\"false\" data-particle-mobile-disabled=\"false\" class=\"elementor-element elementor-element-488393e e-flex e-con-boxed e-con e-parent\" data-id=\"488393e\" data-element_type=\"container\" data-e-type=\"container\">\n\t\t\t\t\t<div class=\"e-con-inner\">\n\t\t\t\t<div class=\"elementor-element elementor-element-13fb1c2 elementor-widget elementor-widget-heading\" data-id=\"13fb1c2\" data-element_type=\"widget\" data-e-type=\"widget\" data-widget_type=\"heading.default\">\n\t\t\t\t\t<h2 class=\"elementor-heading-title elementor-size-default\">Sum\u00e9rgete en la riqueza hist\u00f3rica de Chuwa Nima' Ab'\u00e4j, una antigua ciudad kaqchikel que controlaba rutas comerciales y serv\u00eda como basti\u00f3n militar.<\/h2>\t\t\t\t<\/div>\n\t\t\t\t\t<\/div>\n\t\t\t\t<\/div>\n\t\t<div data-particle_enable=\"false\" data-particle-mobile-disabled=\"false\" class=\"elementor-element elementor-element-0df22da e-flex e-con-boxed e-con e-parent\" data-id=\"0df22da\" data-element_type=\"container\" data-e-type=\"container\">\n\t\t\t\t\t<div class=\"e-con-inner\">\n\t\t\t\t<div class=\"elementor-element elementor-element-1bb1a1b elementor-widget elementor-widget-text-editor\" data-id=\"1bb1a1b\" data-element_type=\"widget\" data-e-type=\"widget\" data-widget_type=\"text-editor.default\">\n\t\t\t\t\t\t\t\t\t<p>Descubre Chuwa Nima&#8217; Ab&#8217;\u00e4j, muchos conocen el lugar como Mixco Viejo, una ciudad precolombina enclavada en los barrancos de San Mart\u00edn Jilotepeque,\u00a0<a href=\"https:\/\/soymigrante.com\/revista\/departamentos-de-guatemala-chimaltenango-tiene-montanas-tradicion-y-la-primera-capital-de-guatemala\/\" target=\"_blank\" rel=\"noopener\">Chimaltenango.<\/a>\u00a0Este sitio arqueol\u00f3gico ofrece una mirada profunda a la historia y cultura del pueblo kaqchikel, destacando su estrat\u00e9gica ubicaci\u00f3n y arquitectura defensiva.<\/p><p>Sus templos, altares y juegos de pelota narran las tradiciones y\u00a0<a href=\"https:\/\/soymigrante.com\/revista\/zaculeu-antigua-capital-mam-no-deja-de-sorprender\/\" target=\"_blank\" rel=\"noopener\">el legado de una civilizaci\u00f3n\u00a0<\/a>que a\u00fan palpita en el coraz\u00f3n de Guatemala.<\/p><p>La ciudad fue fundada en el siglo XII d.C. y alcanz\u00f3 su apogeo a inicios del siglo XVI, con una poblaci\u00f3n estimada de alrededor de 10 mil habitantes.<\/p>\t\t\t\t\t\t\t\t<\/div>\n\t\t\t\t\t<\/div>\n\t\t\t\t<\/div>\n\t\t<div data-particle_enable=\"false\" data-particle-mobile-disabled=\"false\" class=\"elementor-element elementor-element-4529dc3 e-flex e-con-boxed e-con e-parent\" data-id=\"4529dc3\" data-element_type=\"container\" data-e-type=\"container\">\n\t\t\t\t\t<div class=\"e-con-inner\">\n\t\t\t\t<div class=\"elementor-element elementor-element-51b53b3 elementor-widget elementor-widget-image\" data-id=\"51b53b3\" data-element_type=\"widget\" data-e-type=\"widget\" data-widget_type=\"image.default\">\n\t\t\t\t\t\t\t\t\t\t\t\t<figure class=\"wp-caption\">\n\t\t\t\t\t\t\t\t\t\t<img fetchpriority=\"high\" decoding=\"async\" width=\"681\" height=\"409\" src=\"https:\/\/soymigrante.com\/revista\/wp-content\/uploads\/2025\/01\/mixco-viejo-sicultura.webp\" class=\"attachment-large size-large wp-image-21531\" alt=\"Ruinas de un edificio destruido por un terremoto, muestra da\u00f1o estructural y escombros, en una imagen hist\u00f3rica relacionada con desastres naturales y reconstrucci\u00f3n.\" srcset=\"https:\/\/soymigrante.com\/revista\/wp-content\/uploads\/2025\/01\/mixco-viejo-sicultura.webp 681w, https:\/\/soymigrante.com\/revista\/wp-content\/uploads\/2025\/01\/mixco-viejo-sicultura-300x180.jpg 300w\" sizes=\"(max-width: 681px) 100vw, 681px\" title=\"mixco viejo sicultura \u2013 SoyMigrante.com REVISTA\" \/>\t\t\t\t\t\t\t\t\t\t\t<figcaption class=\"widget-image-caption wp-caption-text\">Fotograf\u00eda de un edificio en ruinas tras un terremoto, con da\u00f1os estructurales evidentes, escombros y restos en el suelo, reflejando los efectos devastadores de los desastres naturales y los esfuerzos de recuperaci\u00f3n.<\/figcaption>\n\t\t\t\t\t\t\t\t\t\t<\/figure>\n\t\t\t\t\t\t\t\t\t<\/div>\n\t\t\t\t\t<\/div>\n\t\t\t\t<\/div>\n\t\t<div data-particle_enable=\"false\" data-particle-mobile-disabled=\"false\" class=\"elementor-element elementor-element-051ba95 e-flex e-con-boxed e-con e-parent\" data-id=\"051ba95\" data-element_type=\"container\" data-e-type=\"container\">\n\t\t\t\t\t<div class=\"e-con-inner\">\n\t\t\t\t<div class=\"elementor-element elementor-element-2e04abb elementor-widget elementor-widget-heading\" data-id=\"2e04abb\" data-element_type=\"widget\" data-e-type=\"widget\" data-widget_type=\"heading.default\">\n\t\t\t\t\t<h3 class=\"elementor-heading-title elementor-size-default\">Un viaje a la historia de Chuwa Nima'Ab'aj<\/h3>\t\t\t\t<\/div>\n\t\t\t\t\t<\/div>\n\t\t\t\t<\/div>\n\t\t<div data-particle_enable=\"false\" data-particle-mobile-disabled=\"false\" class=\"elementor-element elementor-element-ea6868a e-flex e-con-boxed e-con e-parent\" data-id=\"ea6868a\" data-element_type=\"container\" data-e-type=\"container\">\n\t\t\t\t\t<div class=\"e-con-inner\">\n\t\t\t\t<div class=\"elementor-element elementor-element-a5abcf2 elementor-widget elementor-widget-heading\" data-id=\"a5abcf2\" data-element_type=\"widget\" data-e-type=\"widget\" data-widget_type=\"heading.default\">\n\t\t\t\t\t<h3 class=\"elementor-heading-title elementor-size-default\">\u00bfQu\u00e9 significa Chuwa Nima' Ab'aj?<\/h3>\t\t\t\t<\/div>\n\t\t\t\t\t<\/div>\n\t\t\t\t<\/div>\n\t\t<div data-particle_enable=\"false\" data-particle-mobile-disabled=\"false\" class=\"elementor-element elementor-element-4193b97 e-flex e-con-boxed e-con e-parent\" data-id=\"4193b97\" data-element_type=\"container\" data-e-type=\"container\">\n\t\t\t\t\t<div class=\"e-con-inner\">\n\t\t\t\t<div class=\"elementor-element elementor-element-b9cabd4 elementor-widget elementor-widget-text-editor\" data-id=\"b9cabd4\" data-element_type=\"widget\" data-e-type=\"widget\" data-widget_type=\"text-editor.default\">\n\t\t\t\t\t\t\t\t\t<p>Significado del sitio arqueol\u00f3gico Chuwa Nima&#8217; Ab&#8217;\u00e4j: El nombre &#8220;Chuwa Nima&#8217; Ab&#8217;aj&#8221;\u00a0<a href=\"https:\/\/soymigrante.com\/revista\/el-traductor-que-contribuye-a-preservar-idiomas-mayas-en-internet\/\" target=\"_blank\" rel=\"noopener\">se traduce del kaqchikel\u00a0<\/a>como &#8220;Frente a la Gran Piedra&#8221;. Este nombre refleja la importancia simb\u00f3lica y geogr\u00e1fica del lugar para el pueblo kaqchikel.<\/p><p>Alrededor del a\u00f1o 1470, Chuwa Nima Ab&#8217;aj fue conquistada por los kaqchikeles, quienes la utilizaron como una fortaleza estrat\u00e9gica para controlar rutas comerciales y defenderse de invasores.<\/p><p>\u00a0<\/p>\t\t\t\t\t\t\t\t<\/div>\n\t\t\t\t\t<\/div>\n\t\t\t\t<\/div>\n\t\t<div data-particle_enable=\"false\" data-particle-mobile-disabled=\"false\" class=\"elementor-element elementor-element-34b6b38 e-flex e-con-boxed e-con e-parent\" data-id=\"34b6b38\" data-element_type=\"container\" data-e-type=\"container\">\n\t\t\t\t\t<div class=\"e-con-inner\">\n\t\t\t\t<div class=\"elementor-element elementor-element-23b5d63 elementor-widget elementor-widget-image\" data-id=\"23b5d63\" data-element_type=\"widget\" data-e-type=\"widget\" data-widget_type=\"image.default\">\n\t\t\t\t\t\t\t\t\t\t\t\t<figure class=\"wp-caption\">\n\t\t\t\t\t\t\t\t\t\t<img decoding=\"async\" width=\"675\" height=\"388\" src=\"https:\/\/soymigrante.com\/revista\/wp-content\/uploads\/2025\/01\/piramide-mixco-viejo.webp\" class=\"attachment-large size-large wp-image-21535\" alt=\"Ancient Maya pyramid reflecting indigenous heritage and archaeological significance in Mexico.\" srcset=\"https:\/\/soymigrante.com\/revista\/wp-content\/uploads\/2025\/01\/piramide-mixco-viejo.webp 675w, https:\/\/soymigrante.com\/revista\/wp-content\/uploads\/2025\/01\/piramide-mixco-viejo-300x172.jpg 300w\" sizes=\"(max-width: 675px) 100vw, 675px\" title=\"piramide mixco viejo \u2013 SoyMigrante.com REVISTA\" \/>\t\t\t\t\t\t\t\t\t\t\t<figcaption class=\"widget-image-caption wp-caption-text\">Revista SoyMigrante presenta historia y cultura ind\u00edgena mexicana a trav\u00e9s de im\u00e1genes y art\u00edculos especializados.<\/figcaption>\n\t\t\t\t\t\t\t\t\t\t<\/figure>\n\t\t\t\t\t\t\t\t\t<\/div>\n\t\t\t\t\t<\/div>\n\t\t\t\t<\/div>\n\t\t<div data-particle_enable=\"false\" data-particle-mobile-disabled=\"false\" class=\"elementor-element elementor-element-2db453b e-flex e-con-boxed e-con e-parent\" data-id=\"2db453b\" data-element_type=\"container\" data-e-type=\"container\">\n\t\t\t\t\t<div class=\"e-con-inner\">\n\t\t\t\t<div class=\"elementor-element elementor-element-2870f18 elementor-widget elementor-widget-heading\" data-id=\"2870f18\" data-element_type=\"widget\" data-e-type=\"widget\" data-widget_type=\"heading.default\">\n\t\t\t\t\t<h3 class=\"elementor-heading-title elementor-size-default\">\u00bfCu\u00e1ndo fue redescubierta y restaurada Chuwa Nima Ab'aj?<\/h3>\t\t\t\t<\/div>\n\t\t\t\t\t<\/div>\n\t\t\t\t<\/div>\n\t\t<div data-particle_enable=\"false\" data-particle-mobile-disabled=\"false\" class=\"elementor-element elementor-element-64af091 e-flex e-con-boxed e-con e-parent\" data-id=\"64af091\" data-element_type=\"container\" data-e-type=\"container\">\n\t\t\t\t\t<div class=\"e-con-inner\">\n\t\t\t\t<div class=\"elementor-element elementor-element-52d67c7 elementor-widget elementor-widget-text-editor\" data-id=\"52d67c7\" data-element_type=\"widget\" data-e-type=\"widget\" data-widget_type=\"text-editor.default\">\n\t\t\t\t\t\t\t\t\t<p>El sitio fue investigado por el ge\u00f3grafo alem\u00e1n Karl Sapper en 1896. Posteriormente, entre 1954 y 1967, se llevaron a cabo excavaciones y restauraciones bajo la direcci\u00f3n del arque\u00f3logo Henri Lehmann.<\/p><p>La restituci\u00f3n del nombre original fue resultado de investigaciones hist\u00f3ricas y arqueol\u00f3gicas que identificaron su verdadero nombre como Chuwa Nima Ab&#8217;aj, que significa &#8220;frente a la gran piedra&#8221; en kaqchikel.\u00a0<\/p>\t\t\t\t\t\t\t\t<\/div>\n\t\t\t\t\t<\/div>\n\t\t\t\t<\/div>\n\t\t<div data-particle_enable=\"false\" data-particle-mobile-disabled=\"false\" class=\"elementor-element elementor-element-84a9e05 e-flex e-con-boxed e-con e-parent\" data-id=\"84a9e05\" data-element_type=\"container\" data-e-type=\"container\">\n\t\t\t\t\t<div class=\"e-con-inner\">\n\t\t\t\t<div class=\"elementor-element elementor-element-0f92657 elementor-widget elementor-widget-video\" data-id=\"0f92657\" data-element_type=\"widget\" data-e-type=\"widget\" data-settings=\"{&quot;youtube_url&quot;:&quot;https:\\\/\\\/www.youtube.com\\\/watch?v=yfF_58UaIOk&quot;,&quot;video_type&quot;:&quot;youtube&quot;,&quot;controls&quot;:&quot;yes&quot;}\" data-widget_type=\"video.default\">\n\t\t\t\t\t\t\t<div class=\"elementor-wrapper elementor-open-inline\">\n\t\t\t<div class=\"elementor-video\"><\/div>\t\t<\/div>\n\t\t\t\t\t\t<\/div>\n\t\t\t\t\t<\/div>\n\t\t\t\t<\/div>\n\t\t<div data-particle_enable=\"false\" data-particle-mobile-disabled=\"false\" class=\"elementor-element elementor-element-000b24b e-flex e-con-boxed e-con e-parent\" data-id=\"000b24b\" data-element_type=\"container\" data-e-type=\"container\">\n\t\t\t\t\t<div class=\"e-con-inner\">\n\t\t\t\t<div class=\"elementor-element elementor-element-6c6c1ae elementor-widget elementor-widget-heading\" data-id=\"6c6c1ae\" data-element_type=\"widget\" data-e-type=\"widget\" data-widget_type=\"heading.default\">\n\t\t\t\t\t<h3 class=\"elementor-heading-title elementor-size-default\">\n\u00bfPor qu\u00e9 se le llamaba antes Mixco Viejo?<\/h3>\t\t\t\t<\/div>\n\t\t\t\t\t<\/div>\n\t\t\t\t<\/div>\n\t\t<div data-particle_enable=\"false\" data-particle-mobile-disabled=\"false\" class=\"elementor-element elementor-element-128084c e-flex e-con-boxed e-con e-parent\" data-id=\"128084c\" data-element_type=\"container\" data-e-type=\"container\">\n\t\t\t\t\t<div class=\"e-con-inner\">\n\t\t\t\t<div class=\"elementor-element elementor-element-14a8869 elementor-widget elementor-widget-text-editor\" data-id=\"14a8869\" data-element_type=\"widget\" data-e-type=\"widget\" data-widget_type=\"text-editor.default\">\n\t\t\t\t\t\t\t\t\t<p>El nombre original de la ciudad, Chuwa Nima Ab&#8217;aj, fue reemplazado por &#8220;Mixco Viejo&#8221; debido a una confusi\u00f3n del cronista Francisco Antonio de Fuentes y Guzm\u00e1n, quien err\u00f3neamente identific\u00f3 el sitio como la antigua capital del reino poqomam. De hecho el nombre real de &#8220;Mixco Viejo&#8221;&nbsp;<a style=\"text-align: var(--text-align)\" href=\"https:\/\/biblioteca.inguat.gob.gt\/opac\/record\/4479?&amp;query=@autor=LEHMANN.%20HENRY&amp;recnum=1\" target=\"_blank\" rel=\"noopener\">es Jilotepeque Viejo.<\/a><\/p>\t\t\t\t\t\t\t\t<\/div>\n\t\t\t\t\t<\/div>\n\t\t\t\t<\/div>\n\t\t<div data-particle_enable=\"false\" data-particle-mobile-disabled=\"false\" class=\"elementor-element elementor-element-01f6425 e-flex e-con-boxed e-con e-parent\" data-id=\"01f6425\" data-element_type=\"container\" data-e-type=\"container\">\n\t\t\t\t\t<div class=\"e-con-inner\">\n\t\t\t\t<div class=\"elementor-element elementor-element-7faba44 elementor-widget elementor-widget-heading\" data-id=\"7faba44\" data-element_type=\"widget\" data-e-type=\"widget\" data-widget_type=\"heading.default\">\n\t\t\t\t\t<h3 class=\"elementor-heading-title elementor-size-default\">\u00bfCu\u00e1les son los hallazgos en Chuwa Nima' Ab'aj?<\/h3>\t\t\t\t<\/div>\n\t\t\t\t\t<\/div>\n\t\t\t\t<\/div>\n\t\t<div data-particle_enable=\"false\" data-particle-mobile-disabled=\"false\" class=\"elementor-element elementor-element-e581f78 e-flex e-con-boxed e-con e-parent\" data-id=\"e581f78\" data-element_type=\"container\" data-e-type=\"container\">\n\t\t\t\t\t<div class=\"e-con-inner\">\n\t\t\t\t<div class=\"elementor-element elementor-element-5ffbe18 elementor-widget elementor-widget-text-editor\" data-id=\"5ffbe18\" data-element_type=\"widget\" data-e-type=\"widget\" data-widget_type=\"text-editor.default\">\n\t\t\t\t\t\t\t\t\t<p>Entre los descubrimientos m\u00e1s significativos se encuentran 52 urnas funerarias en las bases de los monumentos, piezas ornamentales de jade, puntas de lanza y navajas de obsidiana. Estos hallazgos evidencian la importancia<a href=\"https:\/\/soymigrante.com\/revista\/atoles-ancestrales-chilate-de-rabinal-bebida-ceremonial-que-enlaza-tradicion-y-fe\/\" target=\"_blank\" rel=\"noopener\"> ceremonial<\/a>\u00a0del sitio y su relevancia en las rutas comerciales de la \u00e9poca.<\/p>\t\t\t\t\t\t\t\t<\/div>\n\t\t\t\t\t<\/div>\n\t\t\t\t<\/div>\n\t\t<div data-particle_enable=\"false\" data-particle-mobile-disabled=\"false\" class=\"elementor-element elementor-element-609eeb4 e-flex e-con-boxed e-con e-parent\" data-id=\"609eeb4\" data-element_type=\"container\" data-e-type=\"container\">\n\t\t\t\t\t<div class=\"e-con-inner\">\n\t\t\t\t<div class=\"elementor-element elementor-element-43b329c elementor-widget elementor-widget-image\" data-id=\"43b329c\" data-element_type=\"widget\" data-e-type=\"widget\" data-widget_type=\"image.default\">\n\t\t\t\t\t\t\t\t\t\t\t\t<figure class=\"wp-caption\">\n\t\t\t\t\t\t\t\t\t\t<img decoding=\"async\" width=\"570\" height=\"306\" src=\"https:\/\/soymigrante.com\/revista\/wp-content\/uploads\/2025\/01\/mixco-viejo-piramide.webp\" class=\"attachment-large size-large wp-image-21536\" alt=\"Antiguas ruinas mayas en M\u00e9xico, monumento hist\u00f3rico y cultural de Am\u00e9rica Central, patrimonio arqueol\u00f3gico, sitios arqueol\u00f3gicos, turismo cultural, historia y civilizaci\u00f3n maya.\" srcset=\"https:\/\/soymigrante.com\/revista\/wp-content\/uploads\/2025\/01\/mixco-viejo-piramide.webp 570w, https:\/\/soymigrante.com\/revista\/wp-content\/uploads\/2025\/01\/mixco-viejo-piramide-300x161.jpg 300w\" sizes=\"(max-width: 570px) 100vw, 570px\" title=\"mixco viejo piramide \u2013 SoyMigrante.com REVISTA\" \/>\t\t\t\t\t\t\t\t\t\t\t<figcaption class=\"widget-image-caption wp-caption-text\">Ruinas arqueol\u00f3gicas mayas en M\u00e9xico, patrimonio cultural de Am\u00e9rica Central, sitios hist\u00f3ricos, turismo cultural y descubrimiento de la historia maya.<\/figcaption>\n\t\t\t\t\t\t\t\t\t\t<\/figure>\n\t\t\t\t\t\t\t\t\t<\/div>\n\t\t\t\t\t<\/div>\n\t\t\t\t<\/div>\n\t\t<div data-particle_enable=\"false\" data-particle-mobile-disabled=\"false\" class=\"elementor-element elementor-element-5da9e6f e-flex e-con-boxed e-con e-parent\" data-id=\"5da9e6f\" data-element_type=\"container\" data-e-type=\"container\">\n\t\t\t\t\t<div class=\"e-con-inner\">\n\t\t\t\t<div class=\"elementor-element elementor-element-9a30fed elementor-widget elementor-widget-heading\" data-id=\"9a30fed\" data-element_type=\"widget\" data-e-type=\"widget\" data-widget_type=\"heading.default\">\n\t\t\t\t\t<h3 class=\"elementor-heading-title elementor-size-default\">\u00bfCu\u00e1l es la importancia del sitio Chuwa Nima' Ab'aj?<\/h3>\t\t\t\t<\/div>\n\t\t\t\t\t<\/div>\n\t\t\t\t<\/div>\n\t\t<div data-particle_enable=\"false\" data-particle-mobile-disabled=\"false\" class=\"elementor-element elementor-element-1d1fdc5 e-flex e-con-boxed e-con e-parent\" data-id=\"1d1fdc5\" data-element_type=\"container\" data-e-type=\"container\">\n\t\t\t\t\t<div class=\"e-con-inner\">\n\t\t\t\t<div class=\"elementor-element elementor-element-3881e2d elementor-widget elementor-widget-text-editor\" data-id=\"3881e2d\" data-element_type=\"widget\" data-e-type=\"widget\" data-widget_type=\"text-editor.default\">\n\t\t\t\t\t\t\t\t\t<p>El redescubrimiento y estudio de Chuwa Nima&#8217; Ab&#8217;aj proporcionan una comprensi\u00f3n m\u00e1s profunda de la organizaci\u00f3n social, militar y econ\u00f3mica del pueblo kaqchikel.\u00a0<\/p><p>Adem\u00e1s, el sitio ofrece valiosa informaci\u00f3n sobre las estrategias defensivas y las pr\u00e1cticas ceremoniales de la \u00e9poca precolombina, enriqueciendo\u00a0<a style=\"text-align: var(--text-align)\" href=\"https:\/\/soymigrante.com\/revista\/barriletes-gigantes-de-guatemala-son-incluidos-en-lista-del-patrimonio-cultural-de-la-humanidad\/\" target=\"_blank\" rel=\"noopener\">el patrimonio cultural de Guatemala.<\/a><\/p><p>Con informaci\u00f3n de Inguat, Anales de la Sociedad de Geograf\u00eda e Historia y SICultura.<\/p>\t\t\t\t\t\t\t\t<\/div>\n\t\t\t\t\t<\/div>\n\t\t\t\t<\/div>\n\t\t<div data-particle_enable=\"false\" data-particle-mobile-disabled=\"false\" class=\"elementor-element elementor-element-4d78f3f e-flex e-con-boxed e-con e-parent\" data-id=\"4d78f3f\" data-element_type=\"container\" data-e-type=\"container\">\n\t\t\t\t\t<div class=\"e-con-inner\">\n\t\t\t\t<div class=\"elementor-element elementor-element-9947283 elementor-widget elementor-widget-video\" data-id=\"9947283\" data-element_type=\"widget\" data-e-type=\"widget\" data-settings=\"{&quot;youtube_url&quot;:&quot;https:\\\/\\\/www.youtube.com\\\/watch?v=ygxRgO_TwQo&quot;,&quot;video_type&quot;:&quot;youtube&quot;,&quot;controls&quot;:&quot;yes&quot;}\" data-widget_type=\"video.default\">\n\t\t\t\t\t\t\t<div class=\"elementor-wrapper elementor-open-inline\">\n\t\t\t<div class=\"elementor-video\"><\/div>\t\t<\/div>\n\t\t\t\t\t\t<\/div>\n\t\t\t\t\t<\/div>\n\t\t\t\t<\/div>\n\t\t<div data-particle_enable=\"false\" data-particle-mobile-disabled=\"false\" class=\"elementor-element elementor-element-debc75e e-flex e-con-boxed e-con e-parent\" data-id=\"debc75e\" data-element_type=\"container\" data-e-type=\"container\">\n\t\t\t\t\t<div class=\"e-con-inner\">\n\t\t\t\t<div class=\"elementor-element elementor-element-08937b5 elementor-widget elementor-widget-heading\" data-id=\"08937b5\" data-element_type=\"widget\" data-e-type=\"widget\" data-widget_type=\"heading.default\">\n\t\t\t\t\t<h2 class=\"elementor-heading-title elementor-size-default\">Descubre m\u00e1s sobre la civilizaci\u00f3n maya<\/h2>\t\t\t\t<\/div>\n\t\t\t\t\t<\/div>\n\t\t\t\t<\/div>\n\t\t<div data-particle_enable=\"false\" data-particle-mobile-disabled=\"false\" class=\"elementor-element elementor-element-f577555 e-flex e-con-boxed e-con e-parent\" data-id=\"f577555\" data-element_type=\"container\" data-e-type=\"container\">\n\t\t\t\t\t<div class=\"e-con-inner\">\n\t\t\t\t<div class=\"elementor-element elementor-element-29e2691 elementor-grid-eael-col-3 elementor-grid-tablet-eael-col-2 elementor-grid-mobile-eael-col-1 elementor-widget elementor-widget-eael-post-grid\" data-id=\"29e2691\" data-element_type=\"widget\" data-e-type=\"widget\" data-settings=\"{&quot;eael_post_grid_columns&quot;:&quot;eael-col-3&quot;,&quot;eael_post_grid_columns_tablet&quot;:&quot;eael-col-2&quot;,&quot;eael_post_grid_columns_mobile&quot;:&quot;eael-col-1&quot;}\" data-widget_type=\"eael-post-grid.default\">\n\t\t\t\t\t<div id=\"eael-post-grid-29e2691\" class=\"eael-post-grid-container\">\n            <div class=\"eael-post-grid eael-post-appender eael-post-appender-29e2691 eael-post-grid-style-one\" data-layout-mode=\"masonry\"><article class=\"eael-grid-post  eael-post-grid-column eael-pg-post-2390 category-guate-nuestra tags-danzas-de-guatemala\" data-id=\"2390\">\n        <div class=\"eael-grid-post-holder\">\n            <div class=\"eael-grid-post-holder-inner\"><div class=\"eael-entry-media\"><div class=\"eael-entry-overlay fade-in\"><i class=\"far fa-hand-pointer\" aria-hidden=\"true\"><\/i><a href=\"https:\/\/soymigrante.com\/revista\/guatemala-danza-el-baile-de-la-paach-de-san-marcos-es-patrimonio-de-la-humanidad\/\"><\/a><\/div><div class=\"eael-entry-thumbnail \">\n                <img loading=\"lazy\" decoding=\"async\" width=\"1000\" height=\"636\" src=\"https:\/\/soymigrante.com\/revista\/wp-content\/uploads\/2023\/09\/03672-HUG.webp\" class=\"attachment-large size-large wp-image-2424\" alt=\"La percusi\u00f3n del tambor abre paso al recorrido de los ancianos, padrinos y comunidad, en camino a la Casa de la Paazh (Fotograf\u00eda Archivo FLAAR-Unesco)\" srcset=\"https:\/\/soymigrante.com\/revista\/wp-content\/uploads\/2023\/09\/03672-HUG.webp 1000w, https:\/\/soymigrante.com\/revista\/wp-content\/uploads\/2023\/09\/03672-HUG-300x191.webp 300w, https:\/\/soymigrante.com\/revista\/wp-content\/uploads\/2023\/09\/03672-HUG-768x488.webp 768w, https:\/\/soymigrante.com\/revista\/wp-content\/uploads\/2023\/09\/03672-HUG-750x477.webp 750w\" sizes=\"(max-width: 1000px) 100vw, 1000px\" \/>\n            <\/div>\n        <\/div><div class=\"eael-entry-wrapper\"><header class=\"eael-entry-header\"><h2 class=\"eael-entry-title\"><a class=\"eael-grid-post-link\" href=\"https:\/\/soymigrante.com\/revista\/guatemala-danza-el-baile-de-la-paach-de-san-marcos-es-patrimonio-de-la-humanidad\/\" title=\"Danzas de Guatemala: El baile de La Paach, de San Marcos es Patrimonio de la Humanidad\">Danzas de Guatemala: El baile de La Paach, de San Marcos es Patrimonio de la Humanidad<\/a><\/h2><\/header><div class=\"eael-entry-content\">\n                        <div class=\"eael-grid-post-excerpt\"><a href=\"https:\/\/soymigrante.com\/revista\/guatemala-danza-el-baile-de-la-paach-de-san-marcos-es-patrimonio-de-la-humanidad\/\" class=\"eael-post-elements-readmore-btn\">CONOCE SU HISTORIA <\/a><\/div>\n                    <\/div><\/div><\/div>\n        <\/div>\n    <\/article><article class=\"eael-grid-post  eael-post-grid-column eael-pg-post-2456 category-guate-nuestra tags-danzas-de-guatemala\" data-id=\"2456\">\n        <div class=\"eael-grid-post-holder\">\n            <div class=\"eael-grid-post-holder-inner\"><div class=\"eael-entry-media\"><div class=\"eael-entry-overlay fade-in\"><i class=\"far fa-hand-pointer\" aria-hidden=\"true\"><\/i><a href=\"https:\/\/soymigrante.com\/revista\/guatemala-danza-el-palo-volador-en-joyabaj-cubulco-o-chichicastenango-siempre-es-memorable\/\"><\/a><\/div><div class=\"eael-entry-thumbnail \">\n                <img loading=\"lazy\" decoding=\"async\" width=\"1024\" height=\"604\" src=\"https:\/\/soymigrante.com\/revista\/wp-content\/uploads\/2023\/09\/Captura-de-pantalla-2023-09-04-073800-e1693837574983-1024x604.webp\" class=\"attachment-large size-large wp-image-2458\" alt=\"Los monos Hun Batz y Hun Chouen en lo alto del palo antes de descender. Captura de pantalla de video de TV Asunci\u00f3n Joyabaj.\" srcset=\"https:\/\/soymigrante.com\/revista\/wp-content\/uploads\/2023\/09\/Captura-de-pantalla-2023-09-04-073800-e1693837574983-1024x604.webp 1024w, https:\/\/soymigrante.com\/revista\/wp-content\/uploads\/2023\/09\/Captura-de-pantalla-2023-09-04-073800-e1693837574983-300x177.webp 300w, https:\/\/soymigrante.com\/revista\/wp-content\/uploads\/2023\/09\/Captura-de-pantalla-2023-09-04-073800-e1693837574983-768x453.webp 768w, https:\/\/soymigrante.com\/revista\/wp-content\/uploads\/2023\/09\/Captura-de-pantalla-2023-09-04-073800-e1693837574983-750x442.webp 750w, https:\/\/soymigrante.com\/revista\/wp-content\/uploads\/2023\/09\/Captura-de-pantalla-2023-09-04-073800-e1693837574983-1140x673.webp 1140w, https:\/\/soymigrante.com\/revista\/wp-content\/uploads\/2023\/09\/Captura-de-pantalla-2023-09-04-073800-e1693837574983.webp 1256w\" sizes=\"(max-width: 1024px) 100vw, 1024px\" \/>\n            <\/div>\n        <\/div><div class=\"eael-entry-wrapper\"><header class=\"eael-entry-header\"><h2 class=\"eael-entry-title\"><a class=\"eael-grid-post-link\" href=\"https:\/\/soymigrante.com\/revista\/guatemala-danza-el-palo-volador-en-joyabaj-cubulco-o-chichicastenango-siempre-es-memorable\/\" title=\"Danzas de Guatemala: El Palo Volador en Joyabaj, Cubulco o Chichicastenango es inolvidable\">Danzas de Guatemala: El Palo Volador en Joyabaj, Cubulco o Chichicastenango es inolvidable<\/a><\/h2><\/header><div class=\"eael-entry-content\">\n                        <div class=\"eael-grid-post-excerpt\"><a href=\"https:\/\/soymigrante.com\/revista\/guatemala-danza-el-palo-volador-en-joyabaj-cubulco-o-chichicastenango-siempre-es-memorable\/\" class=\"eael-post-elements-readmore-btn\">CONOCE SU HISTORIA <\/a><\/div>\n                    <\/div><\/div><\/div>\n        <\/div>\n    <\/article><article class=\"eael-grid-post  eael-post-grid-column eael-pg-post-2449 category-guate-nuestra tags-danzas-de-guatemala\" data-id=\"2449\">\n        <div class=\"eael-grid-post-holder\">\n            <div class=\"eael-grid-post-holder-inner\"><div class=\"eael-entry-media\"><div class=\"eael-entry-overlay fade-in\"><i class=\"far fa-hand-pointer\" aria-hidden=\"true\"><\/i><a href=\"https:\/\/soymigrante.com\/revista\/danza-guatemala-el-ancestral-baile-del-venado\/\"><\/a><\/div><div class=\"eael-entry-thumbnail \">\n                <img loading=\"lazy\" decoding=\"async\" width=\"1024\" height=\"683\" src=\"https:\/\/soymigrante.com\/revista\/wp-content\/uploads\/2023\/09\/DANZA-DEL-VENADO-CUNEN-QUICHE-1024x683.webp\" class=\"attachment-large size-large wp-image-2450\" alt=\"DANZA DEL VENADO CUNEN QUICHE\" srcset=\"https:\/\/soymigrante.com\/revista\/wp-content\/uploads\/2023\/09\/DANZA-DEL-VENADO-CUNEN-QUICHE-1024x683.webp 1024w, https:\/\/soymigrante.com\/revista\/wp-content\/uploads\/2023\/09\/DANZA-DEL-VENADO-CUNEN-QUICHE-300x200.webp 300w, https:\/\/soymigrante.com\/revista\/wp-content\/uploads\/2023\/09\/DANZA-DEL-VENADO-CUNEN-QUICHE-768x512.webp 768w, https:\/\/soymigrante.com\/revista\/wp-content\/uploads\/2023\/09\/DANZA-DEL-VENADO-CUNEN-QUICHE-1536x1024.webp 1536w, https:\/\/soymigrante.com\/revista\/wp-content\/uploads\/2023\/09\/DANZA-DEL-VENADO-CUNEN-QUICHE-750x500.webp 750w, https:\/\/soymigrante.com\/revista\/wp-content\/uploads\/2023\/09\/DANZA-DEL-VENADO-CUNEN-QUICHE-1140x760.webp 1140w, https:\/\/soymigrante.com\/revista\/wp-content\/uploads\/2023\/09\/DANZA-DEL-VENADO-CUNEN-QUICHE-600x400.webp 600w, https:\/\/soymigrante.com\/revista\/wp-content\/uploads\/2023\/09\/DANZA-DEL-VENADO-CUNEN-QUICHE.webp 1920w\" sizes=\"(max-width: 1024px) 100vw, 1024px\" \/>\n            <\/div>\n        <\/div><div class=\"eael-entry-wrapper\"><header class=\"eael-entry-header\"><h2 class=\"eael-entry-title\"><a class=\"eael-grid-post-link\" href=\"https:\/\/soymigrante.com\/revista\/danza-guatemala-el-ancestral-baile-del-venado\/\" title=\"Danzas de Guatemala: El  Baile del Venado est\u00e1 en la memoria de muchos migrantes.\">Danzas de Guatemala: El  Baile del Venado est\u00e1 en la memoria de muchos migrantes.<\/a><\/h2><\/header><div class=\"eael-entry-content\">\n                        <div class=\"eael-grid-post-excerpt\"><a href=\"https:\/\/soymigrante.com\/revista\/danza-guatemala-el-ancestral-baile-del-venado\/\" class=\"eael-post-elements-readmore-btn\">CONOCE SU HISTORIA <\/a><\/div>\n                    <\/div><\/div><\/div>\n        <\/div>\n    <\/article><\/div>\n            <div class=\"clearfix\"><\/div>\n        <\/div>\t\t\t\t<\/div>\n\t\t\t\t\t<\/div>\n\t\t\t\t<\/div>\n\t\t\t\t<\/div>\n\t\t","protected":false},"excerpt":{"rendered":"<p>Sum\u00e9rgete en la riqueza hist\u00f3rica de Chuwa Nima&#8217; Ab&#8217;\u00e4j, una antigua ciudad kaqchikel que controlaba rutas comerciales y serv\u00eda como basti\u00f3n militar. Descubre Chuwa Nima&#8217; Ab&#8217;\u00e4j, muchos conocen el lugar como Mixco Viejo, una ciudad precolombina enclavada en los barrancos de San Mart\u00edn Jilotepeque,\u00a0Chimaltenango.\u00a0Este sitio arqueol\u00f3gico ofrece una mirada profunda a la historia y cultura [&hellip;]<\/p>\n","protected":false},"author":23,"featured_media":8456,"comment_status":"open","ping_status":"open","sticky":false,"template":"","format":"standard","meta":{"_acf_changed":false,"_eb_attr":"","footnotes":""},"categories":[58],"tags":[],"class_list":["post-21517","post","type-post","status-publish","format-standard","has-post-thumbnail","hentry","category-guate-nuestra"],"acf":[],"aioseo_notices":[],"aioseo_head":"\n\t\t<!-- All in One SEO Pro 4.9.6.2 - aioseo.com -->\n\t<meta name=\"description\" content=\"Se calcula que El Baile del Venado surgi\u00f3 hace 1,500 a\u00f1os como un ritual de cacer\u00eda; tiene unos 26 danzantes y en cada localidad donde se celebra tiene distintas caracter\u00edsticas. Tradici\u00f3n en al menos 35 comunidades El Baile del Venado es una danza ritual que surgi\u00f3 hace unos 1,500 a\u00f1os, es decir en plena \u00e9poca\" \/>\n\t<meta name=\"robots\" content=\"max-snippet:-1, max-image-preview:large, max-video-preview:-1\" \/>\n\t<meta name=\"author\" content=\"Beatriz Tercero\"\/>\n\t<link rel=\"canonical\" href=\"https:\/\/soymigrante.com\/revista\/has-oido-hablar-de-la-fortaleza-kaqchiqel-chwa-nima-abaj-y-el-nombre-erroneo-que-tenia\/\" \/>\n\t<meta name=\"generator\" content=\"All in One SEO Pro (AIOSEO) 4.9.6.2\" \/>\n\n\t\t<link rel=\"preconnect\" href=\"https:\/\/fonts.googleapis.com\" crossorigin>\n<link rel=\"preconnect\" href=\"https:\/\/fonts.gstatic.com\" crossorigin>\n\t\t<meta property=\"og:locale\" content=\"es_ES\" \/>\n\t\t<meta property=\"og:site_name\" content=\"SoyMigrante.com REVISTA \u2013 Nuestra misi\u00f3n es reconocer y dignificar al migrante.\" \/>\n\t\t<meta property=\"og:type\" content=\"article\" \/>\n\t\t<meta property=\"og:title\" content=\"Chuwa Nima&#039; Ab&#039;\u00e4j: fortaleza kaqchikel desaf\u00eda al tiempo\" \/>\n\t\t<meta property=\"og:description\" content=\"Por muchos a\u00f1os el sitio prehisp\u00e1nico kaqchiq&#039;el Ch&#039;wa Nima&#039; Ab&#039;aj, en San Mart\u00edn Jilotepeque, Chimaltenango, fue llamado por error &quot;Mixco Viejo&quot;. Conoce m\u00e1s aqu\u00ed\" \/>\n\t\t<meta property=\"og:url\" content=\"https:\/\/soymigrante.com\/revista\/has-oido-hablar-de-la-fortaleza-kaqchiqel-chwa-nima-abaj-y-el-nombre-erroneo-que-tenia\/\" \/>\n\t\t<meta property=\"og:image\" content=\"https:\/\/soymigrante.com\/revista\/wp-content\/uploads\/2024\/08\/sitios-mixco-viejo-pablo-galindo-soy-migrante-e1738270742879.webp\" \/>\n\t\t<meta property=\"og:image:secure_url\" content=\"https:\/\/soymigrante.com\/revista\/wp-content\/uploads\/2024\/08\/sitios-mixco-viejo-pablo-galindo-soy-migrante-e1738270742879.webp\" \/>\n\t\t<meta property=\"og:image:width\" content=\"1440\" \/>\n\t\t<meta property=\"og:image:height\" content=\"1440\" \/>\n\t\t<meta property=\"article:published_time\" content=\"2025-01-30T20:58:12+00:00\" \/>\n\t\t<meta property=\"article:modified_time\" content=\"2025-01-30T21:06:18+00:00\" \/>\n\t\t<meta property=\"article:publisher\" content=\"https:\/\/www.facebook.com\/soymigrantecom\" \/>\n\t\t<meta name=\"twitter:card\" content=\"summary_large_image\" \/>\n\t\t<meta name=\"twitter:site\" content=\"@SoyMigrante_com\" \/>\n\t\t<meta name=\"twitter:title\" content=\"Chuwa Nima&#039; Ab&#039;\u00e4j: fortaleza kaqchikel desaf\u00eda al tiempo\" \/>\n\t\t<meta name=\"twitter:description\" content=\"Por muchos a\u00f1os el sitio prehisp\u00e1nico kaqchiq&#039;el Ch&#039;wa Nima&#039; Ab&#039;aj, en San Mart\u00edn Jilotepeque, Chimaltenango, fue llamado por error &quot;Mixco Viejo&quot;. Conoce m\u00e1s aqu\u00ed\" \/>\n\t\t<meta name=\"twitter:creator\" content=\"@SoyMigrante_com\" \/>\n\t\t<meta name=\"twitter:image\" content=\"https:\/\/soymigrante.com\/revista\/wp-content\/uploads\/2024\/08\/sitios-mixco-viejo-pablo-galindo-soy-migrante-e1738270742879.webp\" \/>\n\t\t<!-- All in One SEO Pro -->\r\n\t\t<title>Chuwa Nima' Ab'\u00e4j: fortaleza kaqchikel desaf\u00eda al tiempo<\/title>\n\n","aioseo_head_json":{"title":"Chuwa Nima' Ab'\u00e4j: fortaleza kaqchikel desaf\u00eda al tiempo","description":"Por muchos a\u00f1os el sitio prehisp\u00e1nico kaqchiq'el Ch'wa Nima' Ab'aj, en San Mart\u00edn Jilotepeque, Chimaltenango, fue llamado por error \"Mixco Viejo\". Conoce m\u00e1s aqu\u00ed","canonical_url":"https:\/\/soymigrante.com\/revista\/has-oido-hablar-de-la-fortaleza-kaqchiqel-chwa-nima-abaj-y-el-nombre-erroneo-que-tenia\/","robots":"max-snippet:-1, max-image-preview:large, max-video-preview:-1","keywords":"","webmasterTools":{"miscellaneous":"&lt;link rel=\"preconnect\" href=\"https:\/\/fonts.googleapis.com\" crossorigin&gt;\n&lt;link rel=\"preconnect\" href=\"https:\/\/fonts.gstatic.com\" crossorigin&gt;"},"schema":null,"og:locale":"es_ES","og:site_name":"SoyMigrante.com REVISTA \u2013 Nuestra misi\u00f3n es reconocer y dignificar al migrante.","og:type":"article","og:title":"Chuwa Nima' Ab'\u00e4j: fortaleza kaqchikel desaf\u00eda al tiempo","og:description":"Por muchos a\u00f1os el sitio prehisp\u00e1nico kaqchiq'el Ch'wa Nima' Ab'aj, en San Mart\u00edn Jilotepeque, Chimaltenango, fue llamado por error &quot;Mixco Viejo&quot;. Conoce m\u00e1s aqu\u00ed","og:url":"https:\/\/soymigrante.com\/revista\/has-oido-hablar-de-la-fortaleza-kaqchiqel-chwa-nima-abaj-y-el-nombre-erroneo-que-tenia\/","og:image":"https:\/\/soymigrante.com\/revista\/wp-content\/uploads\/2024\/08\/sitios-mixco-viejo-pablo-galindo-soy-migrante-e1738270742879.webp","og:image:secure_url":"https:\/\/soymigrante.com\/revista\/wp-content\/uploads\/2024\/08\/sitios-mixco-viejo-pablo-galindo-soy-migrante-e1738270742879.webp","og:image:width":1440,"og:image:height":1440,"article:published_time":"2025-01-30T20:58:12+00:00","article:modified_time":"2025-01-30T21:06:18+00:00","article:publisher":"https:\/\/www.facebook.com\/soymigrantecom","twitter:card":"summary_large_image","twitter:site":"@SoyMigrante_com","twitter:title":"Chuwa Nima' Ab'\u00e4j: fortaleza kaqchikel desaf\u00eda al tiempo","twitter:description":"Por muchos a\u00f1os el sitio prehisp\u00e1nico kaqchiq'el Ch'wa Nima' Ab'aj, en San Mart\u00edn Jilotepeque, Chimaltenango, fue llamado por error &quot;Mixco Viejo&quot;. Conoce m\u00e1s aqu\u00ed","twitter:creator":"@SoyMigrante_com","twitter:image":"https:\/\/soymigrante.com\/revista\/wp-content\/uploads\/2024\/08\/sitios-mixco-viejo-pablo-galindo-soy-migrante-e1738270742879.webp"},"aioseo_meta_data":{"post_id":"21517","title":"Chuwa Nima' Ab'\u00e4j: fortaleza kaqchikel desaf\u00eda al tiempo","description":"Por muchos a\u00f1os el sitio prehisp\u00e1nico kaqchiq'el Ch'wa Nima' Ab'aj, en San Mart\u00edn Jilotepeque, Chimaltenango, fue llamado por error \"Mixco Viejo\". Conoce m\u00e1s aqu\u00ed","keywords":null,"keyphrases":{"focus":{"keyphrase":"Kaqchiq'el","score":51,"analysis":{"keyphraseInTitle":{"score":3,"maxScore":9,"error":1},"keyphraseInDescription":{"score":9,"maxScore":9,"error":0},"keyphraseLength":{"score":9,"maxScore":9,"error":0,"length":1},"keyphraseInURL":{"score":5,"maxScore":5,"error":0},"keyphraseInIntroduction":{"score":3,"maxScore":9,"error":1},"keyphraseInSubHeadings":{"score":3,"maxScore":9,"error":1},"keyphraseInImageAlt":{"score":3,"maxScore":9,"error":1},"keywordDensity":{"score":0,"type":"low","maxScore":9,"error":1}}},"additional":[{"keyphrase":"Maya","score":40,"analysis":{"keyphraseInDescription":{"score":3,"maxScore":9,"error":1},"keyphraseLength":{"score":9,"maxScore":9,"error":0,"length":1},"keyphraseInIntroduction":{"score":3,"maxScore":9,"error":1},"keyphraseInImageAlt":{"score":3,"maxScore":9,"error":1},"keywordDensity":{"score":0,"type":"low","maxScore":9,"error":1}}},{"keyphrase":"Chwa Nima' Ab'aj","score":40,"analysis":{"keyphraseInDescription":{"score":3,"maxScore":9,"error":1},"keyphraseLength":{"score":9,"maxScore":9,"error":0,"length":3},"keyphraseInIntroduction":{"score":3,"maxScore":9,"error":1},"keyphraseInImageAlt":{"score":3,"maxScore":9,"error":1},"keywordDensity":{"score":0,"type":"low","maxScore":9,"error":1}}},{"keyphrase":"Mixco Viejo","score":87,"analysis":{"keyphraseInDescription":{"score":9,"maxScore":9,"error":0},"keyphraseLength":{"score":9,"maxScore":9,"error":0,"length":2},"keyphraseInIntroduction":{"score":9,"maxScore":9,"error":0},"keyphraseInImageAlt":{"score":3,"maxScore":9,"error":1},"keywordDensity":{"type":"best","score":9,"maxScore":9,"error":0}}},{"keyphrase":"Guatemala","score":60,"analysis":{"keyphraseInDescription":{"score":3,"maxScore":9,"error":1},"keyphraseLength":{"score":9,"maxScore":9,"error":0,"length":1},"keyphraseInIntroduction":{"score":3,"maxScore":9,"error":1},"keyphraseInImageAlt":{"score":3,"maxScore":9,"error":1},"keywordDensity":{"type":"best","score":9,"maxScore":9,"error":0}}}]},"primary_term":null,"canonical_url":null,"og_title":null,"og_description":null,"og_object_type":"default","og_image_type":"default","og_image_url":null,"og_image_width":null,"og_image_height":null,"og_image_custom_url":null,"og_image_custom_fields":null,"og_video":"","og_custom_url":null,"og_article_section":null,"og_article_tags":null,"twitter_use_og":false,"twitter_card":"default","twitter_image_type":"default","twitter_image_url":null,"twitter_image_custom_url":null,"twitter_image_custom_fields":null,"twitter_title":null,"twitter_description":null,"schema":{"blockGraphs":[],"customGraphs":[],"default":{"data":{"Article":[],"Course":[],"Dataset":[],"FAQPage":[],"Movie":[],"Person":[],"Product":[],"ProductReview":[],"Car":[],"Recipe":[],"Service":[],"SoftwareApplication":[],"WebPage":[]},"graphName":"BlogPosting","isEnabled":true},"graphs":[]},"schema_type":"default","schema_type_options":null,"pillar_content":false,"robots_default":true,"robots_noindex":false,"robots_noarchive":false,"robots_nosnippet":false,"robots_nofollow":false,"robots_noimageindex":false,"robots_noodp":false,"robots_notranslate":false,"robots_max_snippet":"-1","robots_max_videopreview":"-1","robots_max_imagepreview":"large","priority":null,"frequency":"default","local_seo":null,"seo_analyzer_scan_date":"2025-10-09 02:17:12","breadcrumb_settings":null,"limit_modified_date":false,"reviewed_by":null,"open_ai":"{\"title\":{\"suggestions\":[],\"usage\":0},\"description\":{\"suggestions\":[],\"usage\":0}}","ai":null,"created":"2025-01-17 20:40:49","updated":"2026-02-04 21:04:39"},"aioseo_breadcrumb":"<div class=\"aioseo-breadcrumbs\"><span class=\"aioseo-breadcrumb\">\n\t<a href=\"https:\/\/soymigrante.com\/revista\" title=\"Home\">Home<\/a>\n<\/span><span class=\"aioseo-breadcrumb-separator\">\u00bb<\/span><span class=\"aioseo-breadcrumb\">\n\t<a href=\"https:\/\/soymigrante.com\/revista\/category\/guate-nuestra\/\" title=\"Guate Nuestra\">Guate Nuestra<\/a>\n<\/span><span class=\"aioseo-breadcrumb-separator\">\u00bb<\/span><span class=\"aioseo-breadcrumb\">\n\t\u00bfHas o\u00eddo hablar de la fortaleza kaqchiq\u2019el Ch\u2019wa Nima\u2019 Ab\u2019aj y el nombre err\u00f3neo que ten\u00eda?\n<\/span><\/div>","aioseo_breadcrumb_json":[{"label":"Home","link":"https:\/\/soymigrante.com\/revista"},{"label":"Guate Nuestra","link":"https:\/\/soymigrante.com\/revista\/category\/guate-nuestra\/"},{"label":"\u00bfHas o\u00eddo hablar de la fortaleza kaqchiq&#8217;el Ch&#8217;wa Nima&#8217; Ab&#8217;aj y el nombre err\u00f3neo que ten\u00eda?","link":"https:\/\/soymigrante.com\/revista\/has-oido-hablar-de-la-fortaleza-kaqchiqel-chwa-nima-abaj-y-el-nombre-erroneo-que-tenia\/"}],"_links":{"self":[{"href":"https:\/\/soymigrante.com\/revista\/wp-json\/wp\/v2\/posts\/21517","targetHints":{"allow":["GET"]}}],"collection":[{"href":"https:\/\/soymigrante.com\/revista\/wp-json\/wp\/v2\/posts"}],"about":[{"href":"https:\/\/soymigrante.com\/revista\/wp-json\/wp\/v2\/types\/post"}],"author":[{"embeddable":true,"href":"https:\/\/soymigrante.com\/revista\/wp-json\/wp\/v2\/users\/23"}],"replies":[{"embeddable":true,"href":"https:\/\/soymigrante.com\/revista\/wp-json\/wp\/v2\/comments?post=21517"}],"version-history":[{"count":0,"href":"https:\/\/soymigrante.com\/revista\/wp-json\/wp\/v2\/posts\/21517\/revisions"}],"wp:featuredmedia":[{"embeddable":true,"href":"https:\/\/soymigrante.com\/revista\/wp-json\/wp\/v2\/media\/8456"}],"wp:attachment":[{"href":"https:\/\/soymigrante.com\/revista\/wp-json\/wp\/v2\/media?parent=21517"}],"wp:term":[{"taxonomy":"category","embeddable":true,"href":"https:\/\/soymigrante.com\/revista\/wp-json\/wp\/v2\/categories?post=21517"},{"taxonomy":"post_tag","embeddable":true,"href":"https:\/\/soymigrante.com\/revista\/wp-json\/wp\/v2\/tags?post=21517"}],"curies":[{"name":"wp","href":"https:\/\/api.w.org\/{rel}","templated":true}]}}