{"id":2149,"date":"2023-08-09T15:38:20","date_gmt":"2023-08-09T15:38:20","guid":{"rendered":"https:\/\/soymigrante.com\/revista\/?p=2149"},"modified":"2024-07-30T22:12:17","modified_gmt":"2024-07-31T04:12:17","slug":"lesly-cruz-empoderamiento-artesanas-guatemala","status":"publish","type":"post","link":"https:\/\/soymigrante.com\/revista\/lesly-cruz-empoderamiento-artesanas-guatemala\/","title":{"rendered":"Lesly Cruz: Emprendedora que eleva el arte guatemalteco"},"content":{"rendered":"\t\t<div data-elementor-type=\"wp-post\" data-elementor-id=\"2149\" class=\"elementor elementor-2149\" data-elementor-post-type=\"post\">\n\t\t\t\t\t\t<section data-particle_enable=\"false\" data-particle-mobile-disabled=\"false\" class=\"elementor-section elementor-top-section elementor-element elementor-element-9571097 elementor-section-boxed elementor-section-height-default elementor-section-height-default\" data-id=\"9571097\" data-element_type=\"section\" data-e-type=\"section\">\n\t\t\t\t\t\t<div class=\"elementor-container elementor-column-gap-default\">\n\t\t\t\t\t<div class=\"elementor-column elementor-col-100 elementor-top-column elementor-element elementor-element-f9c7406\" data-id=\"f9c7406\" data-element_type=\"column\" data-e-type=\"column\">\n\t\t\t<div class=\"elementor-widget-wrap elementor-element-populated\">\n\t\t\t\t\t\t<div class=\"elementor-element elementor-element-59c863f elementor-widget elementor-widget-heading\" data-id=\"59c863f\" data-element_type=\"widget\" data-e-type=\"widget\" data-widget_type=\"heading.default\">\n\t\t\t\t\t<h1 class=\"elementor-heading-title elementor-size-default\"> Lesly Cruz encontr\u00f3 en las artesan\u00edas de su pa\u00eds un exitoso negocio, su objetivo es apoyar a las artesanas guatemaltecas para mejorar su condici\u00f3n econ\u00f3mica y evitar la migraci\u00f3n.<\/h1>\t\t\t\t<\/div>\n\t\t\t\t\t<\/div>\n\t\t<\/div>\n\t\t\t\t\t<\/div>\n\t\t<\/section>\n\t\t\t\t<section data-particle_enable=\"false\" data-particle-mobile-disabled=\"false\" class=\"elementor-section elementor-top-section elementor-element elementor-element-af8aeda elementor-section-boxed elementor-section-height-default elementor-section-height-default\" data-id=\"af8aeda\" data-element_type=\"section\" data-e-type=\"section\">\n\t\t\t\t\t\t<div class=\"elementor-container elementor-column-gap-default\">\n\t\t\t\t\t<div class=\"elementor-column elementor-col-100 elementor-top-column elementor-element elementor-element-aa28059\" data-id=\"aa28059\" data-element_type=\"column\" data-e-type=\"column\">\n\t\t\t<div class=\"elementor-widget-wrap elementor-element-populated\">\n\t\t\t\t\t\t<div class=\"elementor-element elementor-element-d520bb9 elementor-widget elementor-widget-image\" data-id=\"d520bb9\" data-element_type=\"widget\" data-e-type=\"widget\" data-widget_type=\"image.default\">\n\t\t\t\t\t\t\t\t\t\t\t\t<figure class=\"wp-caption\">\n\t\t\t\t\t\t\t\t\t\t<img fetchpriority=\"high\" decoding=\"async\" width=\"768\" height=\"708\" src=\"https:\/\/soymigrante.com\/revista\/wp-content\/uploads\/2023\/08\/Todo-tejido-tiene-significado-la-compra-la-realiza-directamente-con-las-artesanas-y-costureras-para-generar-mayor-ingreso-y-apoyar-a-comercializar-sus-productos.webp\" class=\"attachment-large size-large wp-image-2168\" alt=\"Todo tejido tiene significado la compra la realiza directamente con las artesanas y costureras para generar mayor ingreso y apoyar a comercializar sus productos\" srcset=\"https:\/\/soymigrante.com\/revista\/wp-content\/uploads\/2023\/08\/Todo-tejido-tiene-significado-la-compra-la-realiza-directamente-con-las-artesanas-y-costureras-para-generar-mayor-ingreso-y-apoyar-a-comercializar-sus-productos.webp 937w, https:\/\/soymigrante.com\/revista\/wp-content\/uploads\/2023\/08\/Todo-tejido-tiene-significado-la-compra-la-realiza-directamente-con-las-artesanas-y-costureras-para-generar-mayor-ingreso-y-apoyar-a-comercializar-sus-productos-300x277.webp 300w, https:\/\/soymigrante.com\/revista\/wp-content\/uploads\/2023\/08\/Todo-tejido-tiene-significado-la-compra-la-realiza-directamente-con-las-artesanas-y-costureras-para-generar-mayor-ingreso-y-apoyar-a-comercializar-sus-productos-768x708.webp 768w, https:\/\/soymigrante.com\/revista\/wp-content\/uploads\/2023\/08\/Todo-tejido-tiene-significado-la-compra-la-realiza-directamente-con-las-artesanas-y-costureras-para-generar-mayor-ingreso-y-apoyar-a-comercializar-sus-productos-750x692.webp 750w\" sizes=\"(max-width: 768px) 100vw, 768px\" title=\"Todo tejido tiene significado la compra la realiza directamente con las artesanas y costureras para generar mayor ingreso y apoyar a comercializar sus productos \u2013 SoyMigrante.com REVISTA\" \/>\t\t\t\t\t\t\t\t\t\t\t<figcaption class=\"widget-image-caption wp-caption-text\">Todo tejido tiene significado la compra la realiza directamente con las artesanas y costureras para generar mayor ingreso y apoyar a comercializar sus productos<\/figcaption>\n\t\t\t\t\t\t\t\t\t\t<\/figure>\n\t\t\t\t\t\t\t\t\t<\/div>\n\t\t\t\t\t<\/div>\n\t\t<\/div>\n\t\t\t\t\t<\/div>\n\t\t<\/section>\n\t\t\t\t<section data-particle_enable=\"false\" data-particle-mobile-disabled=\"false\" class=\"elementor-section elementor-top-section elementor-element elementor-element-1f70655 elementor-section-boxed elementor-section-height-default elementor-section-height-default\" data-id=\"1f70655\" data-element_type=\"section\" data-e-type=\"section\">\n\t\t\t\t\t\t<div class=\"elementor-container elementor-column-gap-default\">\n\t\t\t\t\t<div class=\"elementor-column elementor-col-100 elementor-top-column elementor-element elementor-element-82a1d6e\" data-id=\"82a1d6e\" data-element_type=\"column\" data-e-type=\"column\">\n\t\t\t<div class=\"elementor-widget-wrap elementor-element-populated\">\n\t\t\t\t\t\t<div class=\"elementor-element elementor-element-19355a3 elementor-widget elementor-widget-heading\" data-id=\"19355a3\" data-element_type=\"widget\" data-e-type=\"widget\" data-widget_type=\"heading.default\">\n\t\t\t\t\t<h2 class=\"elementor-heading-title elementor-size-default\">Un trabajo no asegurado<\/h2>\t\t\t\t<\/div>\n\t\t\t\t<div class=\"elementor-element elementor-element-3438802 elementor-widget elementor-widget-text-editor\" data-id=\"3438802\" data-element_type=\"widget\" data-e-type=\"widget\" data-widget_type=\"text-editor.default\">\n\t\t\t\t\t\t\t\t\t<p><span style=\"font-weight: 400\">\u00a0<\/span><span style=\"font-weight: 400\">Llena de ilusiones y sue\u00f1os Lesly en el a\u00f1o 2006 decide viajar a Estados Unidos. Su objetivo era trabajar en el \u00e1rea de recursos humanos de una empresa muy grande, esto tras una oferta de una persona, con miedo e ilusi\u00f3n emprendi\u00f3 este camino que le arrebat\u00f3 todo lo planeado.<\/span><\/p><p><span style=\"font-weight: 400\">\u201cMe decid\u00ed venir a Estados Unidos pero la persona me minti\u00f3, cuando llegu\u00e9 necesitaba muchos m\u00e1s requerimientos para obtener el trabajo, as\u00ed que tuve que buscar otros trabajos\u201d dice: Lesly Cruz.<\/span><\/p><p><span style=\"font-weight: 400\">Los planes de Lesly era trabajar en dicha empresa por una temporada para regresar a Guatemala y culminar con sus estudios en psicolog\u00eda y luego colocar una cl\u00ednica psicol\u00f3gica en su pa\u00eds, a pesar de haber planeado esto por mucho tiempo, decidi\u00f3 quedarse en Estados Unidos para obtener una estabilidad que le cost\u00f3 mucho tiempo obtener.<\/span><\/p><p><span style=\"font-weight: 400\">\u201cMe tocaba sacar tesis dos, un paso para graduarme, cuando se me dio la oportunidad me vine a Estados Unidos, mis planes eran regresar, pero opt\u00e9 por quedarme\u201d<\/span><\/p><p><span style=\"font-weight: 400\">Al principio a Lesly no le import\u00f3 trabajar en otros oficios le interesaba obtener ingresos para lograr comprar una casa, pero la realidad fue que los gastos en dicho pa\u00eds son altos y los ahorros m\u00ednimos. Busc\u00f3 otros trabajados y no logr\u00f3 sentirse c\u00f3moda y feliz tal como lo describe, pas\u00f3 el tiempo y encontr\u00f3 una pasi\u00f3n.<\/span><\/p>\t\t\t\t\t\t\t\t<\/div>\n\t\t\t\t\t<\/div>\n\t\t<\/div>\n\t\t\t\t\t<\/div>\n\t\t<\/section>\n\t\t\t\t<section data-particle_enable=\"false\" data-particle-mobile-disabled=\"false\" class=\"elementor-section elementor-top-section elementor-element elementor-element-886e7b8 elementor-section-boxed elementor-section-height-default elementor-section-height-default\" data-id=\"886e7b8\" data-element_type=\"section\" data-e-type=\"section\">\n\t\t\t\t\t\t<div class=\"elementor-container elementor-column-gap-default\">\n\t\t\t\t\t<div class=\"elementor-column elementor-col-100 elementor-top-column elementor-element elementor-element-8b68030\" data-id=\"8b68030\" data-element_type=\"column\" data-e-type=\"column\">\n\t\t\t<div class=\"elementor-widget-wrap elementor-element-populated\">\n\t\t\t\t\t\t<div class=\"elementor-element elementor-element-2933611 elementor-widget elementor-widget-image\" data-id=\"2933611\" data-element_type=\"widget\" data-e-type=\"widget\" data-widget_type=\"image.default\">\n\t\t\t\t\t\t\t\t\t\t\t\t<figure class=\"wp-caption\">\n\t\t\t\t\t\t\t\t\t\t<img decoding=\"async\" width=\"768\" height=\"1016\" src=\"https:\/\/soymigrante.com\/revista\/wp-content\/uploads\/2023\/08\/El-sueno-de-Lesly-era-colocar-una-clinica-psicologica-pero-se-convirtio-en-una-emprendedora-exitosa-que-apoya-la-economia-y-produccion-de-las-mujeres-guatemaltecas--774x1024.webp\" class=\"attachment-large size-large wp-image-2159\" alt=\"El sue\u00f1o de Lesly era colocar una cl\u00ednica psicol\u00f3gica pero se convirti\u00f3 en una emprendedora exitosa que apoya la econom\u00eda y producci\u00f3n de las mujeres guatemaltecas\" srcset=\"https:\/\/soymigrante.com\/revista\/wp-content\/uploads\/2023\/08\/El-sueno-de-Lesly-era-colocar-una-clinica-psicologica-pero-se-convirtio-en-una-emprendedora-exitosa-que-apoya-la-economia-y-produccion-de-las-mujeres-guatemaltecas--774x1024.webp 774w, https:\/\/soymigrante.com\/revista\/wp-content\/uploads\/2023\/08\/El-sueno-de-Lesly-era-colocar-una-clinica-psicologica-pero-se-convirtio-en-una-emprendedora-exitosa-que-apoya-la-economia-y-produccion-de-las-mujeres-guatemaltecas--227x300.webp 227w, https:\/\/soymigrante.com\/revista\/wp-content\/uploads\/2023\/08\/El-sueno-de-Lesly-era-colocar-una-clinica-psicologica-pero-se-convirtio-en-una-emprendedora-exitosa-que-apoya-la-economia-y-produccion-de-las-mujeres-guatemaltecas--768x1015.webp 768w, https:\/\/soymigrante.com\/revista\/wp-content\/uploads\/2023\/08\/El-sueno-de-Lesly-era-colocar-una-clinica-psicologica-pero-se-convirtio-en-una-emprendedora-exitosa-que-apoya-la-economia-y-produccion-de-las-mujeres-guatemaltecas--750x992.webp 750w, https:\/\/soymigrante.com\/revista\/wp-content\/uploads\/2023\/08\/El-sueno-de-Lesly-era-colocar-una-clinica-psicologica-pero-se-convirtio-en-una-emprendedora-exitosa-que-apoya-la-economia-y-produccion-de-las-mujeres-guatemaltecas-.webp 1080w\" sizes=\"(max-width: 768px) 100vw, 768px\" title=\"El sue\u00f1o de Lesly era colocar una cl\u00ednica psicol\u00f3gica pero se convirti\u00f3 en una emprendedora exitosa que apoya la econom\u00eda y producci\u00f3n de las mujeres guatemaltecas \u2013 SoyMigrante.com REVISTA\" \/>\t\t\t\t\t\t\t\t\t\t\t<figcaption class=\"widget-image-caption wp-caption-text\">El sue\u00f1o de Lesly era colocar una cl\u00ednica psicol\u00f3gica pero se convirti\u00f3 en una emprendedora exitosa que apoya la econom\u00eda y producci\u00f3n de las mujeres guatemaltecas<\/figcaption>\n\t\t\t\t\t\t\t\t\t\t<\/figure>\n\t\t\t\t\t\t\t\t\t<\/div>\n\t\t\t\t\t<\/div>\n\t\t<\/div>\n\t\t\t\t\t<\/div>\n\t\t<\/section>\n\t\t\t\t<section data-particle_enable=\"false\" data-particle-mobile-disabled=\"false\" class=\"elementor-section elementor-top-section elementor-element elementor-element-eae5b30 elementor-section-boxed elementor-section-height-default elementor-section-height-default\" data-id=\"eae5b30\" data-element_type=\"section\" data-e-type=\"section\">\n\t\t\t\t\t\t<div class=\"elementor-container elementor-column-gap-default\">\n\t\t\t\t\t<div class=\"elementor-column elementor-col-100 elementor-top-column elementor-element elementor-element-ddbf256\" data-id=\"ddbf256\" data-element_type=\"column\" data-e-type=\"column\">\n\t\t\t<div class=\"elementor-widget-wrap elementor-element-populated\">\n\t\t\t\t\t\t<div class=\"elementor-element elementor-element-697caa2 elementor-widget elementor-widget-heading\" data-id=\"697caa2\" data-element_type=\"widget\" data-e-type=\"widget\" data-widget_type=\"heading.default\">\n\t\t\t\t\t<h2 class=\"elementor-heading-title elementor-size-default\">\u00a0El comienzo<\/h2>\t\t\t\t<\/div>\n\t\t\t\t<div class=\"elementor-element elementor-element-8963535 elementor-widget elementor-widget-text-editor\" data-id=\"8963535\" data-element_type=\"widget\" data-e-type=\"widget\" data-widget_type=\"text-editor.default\">\n\t\t\t\t\t\t\t\t\t<p><span style=\"font-weight: 400\">Lesly se ha identificado con la indumentaria, el significado y el colorido propios de la eterna primavera Guatemala. Tras una extensa b\u00fasqueda en cuanto a su trabajo se dio cuenta que le gustaba emprender con cosas muy peque\u00f1as como accesorios y curiosidades.<\/span><\/p><p><span style=\"font-weight: 400\">\u201cDurante mucho tiempo me dediqu\u00e9 a varios trabajos, en uno de ellos me sent\u00eda frustrada y cansada hasta que empec\u00e9 a buscar qu\u00e9 negocios podr\u00eda emprender desde ac\u00e1\u201d<\/span><\/p><p><span style=\"font-weight: 400\">\u00a0<\/span><span style=\"font-weight: 400\">Despu\u00e9s de haber ahorrado por mucho tiempo regreso a Guatemala a visitar a su familia, visit\u00f3 varios sitios del territorio guatemalteco compr\u00f3 varias artesan\u00edas, tejidos y accesorios con el fin de recordarle sus ra\u00edces, cada objetivo iba adornar su hogar en Estados Unidos, sin embargo, empaco lo que ser\u00eda el inicio de una nueva etapa.<\/span><\/p><p><span style=\"font-weight: 400\">Tras su llegada empez\u00f3 a utilizar los accesorios, varias de sus amigas y conocidas preguntaban por los mismos, d\u00e1ndole una oportunidad de promover y comenzar su negocio. \u201cLas primeras cosas las daba como recuerdo hasta que nace mi primer emprendimiento en Estados Unidos\u201d tras una \u00e9poca complicada Lesly decide emprender y vender art\u00edculos artesanales.<\/span><\/p>\t\t\t\t\t\t\t\t<\/div>\n\t\t\t\t\t<\/div>\n\t\t<\/div>\n\t\t\t\t\t<\/div>\n\t\t<\/section>\n\t\t\t\t<section data-particle_enable=\"false\" data-particle-mobile-disabled=\"false\" class=\"elementor-section elementor-top-section elementor-element elementor-element-cbd1c4d elementor-section-boxed elementor-section-height-default elementor-section-height-default\" data-id=\"cbd1c4d\" data-element_type=\"section\" data-e-type=\"section\">\n\t\t\t\t\t\t<div class=\"elementor-container elementor-column-gap-default\">\n\t\t\t\t\t<div class=\"elementor-column elementor-col-100 elementor-top-column elementor-element elementor-element-1ee8d09\" data-id=\"1ee8d09\" data-element_type=\"column\" data-e-type=\"column\">\n\t\t\t<div class=\"elementor-widget-wrap elementor-element-populated\">\n\t\t\t\t\t\t<div class=\"elementor-element elementor-element-3a422a6 elementor-widget elementor-widget-heading\" data-id=\"3a422a6\" data-element_type=\"widget\" data-e-type=\"widget\" data-widget_type=\"heading.default\">\n\t\t\t\t\t<h2 class=\"elementor-heading-title elementor-size-default\">La mano de las artesanas<\/h2>\t\t\t\t<\/div>\n\t\t\t\t<div class=\"elementor-element elementor-element-d08cbc1 elementor-widget elementor-widget-text-editor\" data-id=\"d08cbc1\" data-element_type=\"widget\" data-e-type=\"widget\" data-widget_type=\"text-editor.default\">\n\t\t\t\t\t\t\t\t\t<p><span style=\"font-weight: 400\">Tras nacer la idea de vender art\u00edculos netamente guatemaltecos, record\u00f3 las necesidades de las personas en su pa\u00eds en especial de las mujeres artesanas quienes ganan muy poco, por lo que germina un v\u00ednculo de la compra directa para que la ganancia de este sector sea mayor.<\/span><\/p><p><span style=\"font-weight: 400\">\u201cMi abuela, mi mam\u00e1 y t\u00eda se han dedicado a la fabricaci\u00f3n de textiles por ejemplo mi mam\u00e1 tiene una venta de costura y desde los cinco a\u00f1os aprend\u00ed a bordar, siempre estuve rodeada de la belleza cultural, por eso tengo amor por lo nuestro y lo t\u00edpico\u201d<\/span><\/p><p><span style=\"font-weight: 400\">La comercializaci\u00f3n de los productos no se hab\u00eda concretado hasta que la amiga de Lesly la aconsej\u00f3 y ayud\u00f3 para participar en una feria artesanal donde el objetivo era exhibir y vender productos, con lo poco que ten\u00eda accedi\u00f3 y fue un gran \u00e9xito.<\/span><\/p><p><span style=\"font-weight: 400\">\u00a0\u201cMi amiga me motivo ella me ayud\u00f3 a conseguir una mesa y un toldo para colocar los productos, todo se vendi\u00f3 entonces encontr\u00e9 una oportunidad, adem\u00e1s aprend\u00ed c\u00f3mo establecer un negocio, ya que requiere de costos, permisos y seguros\u201d Lesly dej\u00f3 su trabajo para dedicarse completamente a su negocio en Estados Unidos.<\/span><\/p>\t\t\t\t\t\t\t\t<\/div>\n\t\t\t\t\t<\/div>\n\t\t<\/div>\n\t\t\t\t\t<\/div>\n\t\t<\/section>\n\t\t\t\t<section data-particle_enable=\"false\" data-particle-mobile-disabled=\"false\" class=\"elementor-section elementor-top-section elementor-element elementor-element-1100d3b elementor-section-boxed elementor-section-height-default elementor-section-height-default\" data-id=\"1100d3b\" data-element_type=\"section\" data-e-type=\"section\">\n\t\t\t\t\t\t<div class=\"elementor-container elementor-column-gap-default\">\n\t\t\t\t\t<div class=\"elementor-column elementor-col-100 elementor-top-column elementor-element elementor-element-cb140d2\" data-id=\"cb140d2\" data-element_type=\"column\" data-e-type=\"column\">\n\t\t\t<div class=\"elementor-widget-wrap elementor-element-populated\">\n\t\t\t\t\t\t<div class=\"elementor-element elementor-element-25b2b2d elementor-arrows-position-inside elementor-pagination-position-outside elementor-widget elementor-widget-image-carousel\" data-id=\"25b2b2d\" data-element_type=\"widget\" data-e-type=\"widget\" data-settings=\"{&quot;slides_to_show&quot;:&quot;1&quot;,&quot;navigation&quot;:&quot;both&quot;,&quot;autoplay&quot;:&quot;yes&quot;,&quot;pause_on_hover&quot;:&quot;yes&quot;,&quot;pause_on_interaction&quot;:&quot;yes&quot;,&quot;autoplay_speed&quot;:5000,&quot;infinite&quot;:&quot;yes&quot;,&quot;effect&quot;:&quot;slide&quot;,&quot;speed&quot;:500}\" data-widget_type=\"image-carousel.default\">\n\t\t\t\t\t\t\t<div class=\"elementor-image-carousel-wrapper swiper\" role=\"region\" aria-roledescription=\"carousel\" aria-label=\"Carrusel de im\u00e1genes\" dir=\"ltr\">\n\t\t\t<div class=\"elementor-image-carousel swiper-wrapper\" aria-live=\"off\">\n\t\t\t\t\t\t\t\t<div class=\"swiper-slide\" role=\"group\" aria-roledescription=\"slide\" aria-label=\"1 de 5\"><figure class=\"swiper-slide-inner\"><img decoding=\"async\" class=\"swiper-slide-image\" src=\"https:\/\/soymigrante.com\/revista\/wp-content\/uploads\/2023\/08\/Apoya-el-talento-local-en-especial-de-los-y-las-artesanas-de-Guatemala--243x300.webp\" alt=\"Apoya el talento local en especial de los y las artesanas de Guatemala\" \/><figcaption class=\"elementor-image-carousel-caption\">Apoya el talento local en especial de los y las artesanas de Guatemala<\/figcaption><\/figure><\/div><div class=\"swiper-slide\" role=\"group\" aria-roledescription=\"slide\" aria-label=\"2 de 5\"><figure class=\"swiper-slide-inner\"><img decoding=\"async\" class=\"swiper-slide-image\" src=\"https:\/\/soymigrante.com\/revista\/wp-content\/uploads\/2023\/08\/Su-clientela-son-principalmente-mujeres-entre-connacionales-y-lugarenas-quienes-admiran-los-diferentes-articulos--300x262.webp\" alt=\"Su clientela son principalmente mujeres entre connacionales y lugare\u00f1as quienes admiran los diferentes art\u00edculos\" \/><figcaption class=\"elementor-image-carousel-caption\">Su clientela son principalmente mujeres entre connacionales y lugare\u00f1as quienes admiran los diferentes art\u00edculos<\/figcaption><\/figure><\/div><div class=\"swiper-slide\" role=\"group\" aria-roledescription=\"slide\" aria-label=\"3 de 5\"><figure class=\"swiper-slide-inner\"><img decoding=\"async\" class=\"swiper-slide-image\" src=\"https:\/\/soymigrante.com\/revista\/wp-content\/uploads\/2023\/08\/Compra-articulos-y-accesorios-con-las-artesanas-directamente-su-objetivo-es-promover-la-economia-en-su-pais--200x300.webp\" alt=\"Compra art\u00edculos y accesorios con las artesanas directamente, su objetivo es promover la econom\u00eda en su pa\u00eds\" \/><figcaption class=\"elementor-image-carousel-caption\">Compra art\u00edculos y accesorios con las artesanas directamente, su objetivo es promover la econom\u00eda en su pa\u00eds<\/figcaption><\/figure><\/div><div class=\"swiper-slide\" role=\"group\" aria-roledescription=\"slide\" aria-label=\"4 de 5\"><figure class=\"swiper-slide-inner\"><img decoding=\"async\" class=\"swiper-slide-image\" src=\"https:\/\/soymigrante.com\/revista\/wp-content\/uploads\/2023\/08\/Accesorios-y-textiles-como-los-huipiles-son-los-mas-adquiridos-por-el-sector-mujer--e1735905406828-300x300.webp\" alt=\"Accesorios y textiles como los huipiles son los mas adquiridos por el sector mujer\" \/><figcaption class=\"elementor-image-carousel-caption\">Accesorios y textiles como los huipiles son los mas adquiridos por el sector mujer<\/figcaption><\/figure><\/div><div class=\"swiper-slide\" role=\"group\" aria-roledescription=\"slide\" aria-label=\"5 de 5\"><figure class=\"swiper-slide-inner\"><img decoding=\"async\" class=\"swiper-slide-image\" src=\"https:\/\/soymigrante.com\/revista\/wp-content\/uploads\/2023\/08\/Su-negocio-inicio-vendiendo-en-las-calles-de-Estados-Unidos-y-con-conocidos-luego-la-pandemia-la-obligo-a-buscar-otras-formas-de-vender-creando-asi-su-tienda-en-linea--300x217.webp\" alt=\"Su negocio inicio vendiendo en las calles de Estados Unidos y con conocidos, luego la pandemia la obligo a buscar otras formas de vender creando as\u00ed su tienda en l\u00ednea\" \/><figcaption class=\"elementor-image-carousel-caption\">Su negocio inicio vendiendo en las calles de Estados Unidos y con conocidos, luego la pandemia la obligo a buscar otras formas de vender creando as\u00ed su tienda en l\u00ednea<\/figcaption><\/figure><\/div>\t\t\t<\/div>\n\t\t\t\t\t\t\t\t\t\t\t\t<div class=\"elementor-swiper-button elementor-swiper-button-prev\" role=\"button\" tabindex=\"0\">\n\t\t\t\t\t\t<i aria-hidden=\"true\" class=\"eicon-chevron-left\"><\/i>\t\t\t\t\t<\/div>\n\t\t\t\t\t<div class=\"elementor-swiper-button elementor-swiper-button-next\" role=\"button\" tabindex=\"0\">\n\t\t\t\t\t\t<i aria-hidden=\"true\" class=\"eicon-chevron-right\"><\/i>\t\t\t\t\t<\/div>\n\t\t\t\t\n\t\t\t\t\t\t\t\t\t<div class=\"swiper-pagination\"><\/div>\n\t\t\t\t\t\t\t\t\t<\/div>\n\t\t\t\t\t\t<\/div>\n\t\t\t\t\t<\/div>\n\t\t<\/div>\n\t\t\t\t\t<\/div>\n\t\t<\/section>\n\t\t\t\t<section data-particle_enable=\"false\" data-particle-mobile-disabled=\"false\" class=\"elementor-section elementor-top-section elementor-element elementor-element-ef6c0bc elementor-section-boxed elementor-section-height-default elementor-section-height-default\" data-id=\"ef6c0bc\" data-element_type=\"section\" data-e-type=\"section\">\n\t\t\t\t\t\t<div class=\"elementor-container elementor-column-gap-default\">\n\t\t\t\t\t<div class=\"elementor-column elementor-col-100 elementor-top-column elementor-element elementor-element-2b42ab2\" data-id=\"2b42ab2\" data-element_type=\"column\" data-e-type=\"column\">\n\t\t\t<div class=\"elementor-widget-wrap elementor-element-populated\">\n\t\t\t\t\t\t<div class=\"elementor-element elementor-element-bb88441 elementor-widget elementor-widget-heading\" data-id=\"bb88441\" data-element_type=\"widget\" data-e-type=\"widget\" data-widget_type=\"heading.default\">\n\t\t\t\t\t<h2 class=\"elementor-heading-title elementor-size-default\">SaviaGuate alimenta esperanzas<\/h2>\t\t\t\t<\/div>\n\t\t\t\t<div class=\"elementor-element elementor-element-44a05e1 elementor-widget elementor-widget-text-editor\" data-id=\"44a05e1\" data-element_type=\"widget\" data-e-type=\"widget\" data-widget_type=\"text-editor.default\">\n\t\t\t\t\t\t\t\t\t<p><span style=\"font-weight: 400\">Savia significa esencia de las plantas y guate es el complemento para identificar el producto de donde proviene, nace as\u00ed SaviaGuate \u201cCombine ambas palabras, los hilos de los textiles son te\u00f1idos con productos naturales (savia) y (guate) lugar de donde proviene\u201d.<\/span><\/p><p><span style=\"font-weight: 400\">El negocio se estableci\u00f3 hace 30 a\u00f1os. Su funci\u00f3n es ser un espacio de comercializaci\u00f3n para los artesanos, dise\u00f1adores y costureros guatemaltecos para que puedan generar ganancias desde su territorio. Cada producto proviene de diferentes departamentos de Guatemala.<\/span><\/p><p><span style=\"font-weight: 400\">\u201cLos dise\u00f1os no son m\u00edos, son puramente ind\u00edgenas guatemaltecos, compro lo que ellas realizan directamente, cada dise\u00f1o est\u00e1 basado en la historia y cultura, las formas, colores, las monta\u00f1as, volcanes, los p\u00e1jaros son parte de identidad\u201d<\/span><\/p><p><span style=\"font-weight: 400\">\u00a0La pandemia fue una plataforma para avanzar, durante el encierro Lesly opt\u00f3 por la apertura de un espacio virtual, donde comercializa los productos.<\/span><\/p>\t\t\t\t\t\t\t\t<\/div>\n\t\t\t\t\t<\/div>\n\t\t<\/div>\n\t\t\t\t\t<\/div>\n\t\t<\/section>\n\t\t\t\t<section data-particle_enable=\"false\" data-particle-mobile-disabled=\"false\" class=\"elementor-section elementor-top-section elementor-element elementor-element-5169ea9 elementor-section-boxed elementor-section-height-default elementor-section-height-default\" data-id=\"5169ea9\" data-element_type=\"section\" data-e-type=\"section\">\n\t\t\t\t\t\t<div class=\"elementor-container elementor-column-gap-default\">\n\t\t\t\t\t<div class=\"elementor-column elementor-col-100 elementor-top-column elementor-element elementor-element-5f50af7\" data-id=\"5f50af7\" data-element_type=\"column\" data-e-type=\"column\">\n\t\t\t<div class=\"elementor-widget-wrap elementor-element-populated\">\n\t\t\t\t\t\t<div class=\"elementor-element elementor-element-e7bb26b elementor-widget elementor-widget-facebook-page\" data-id=\"e7bb26b\" data-element_type=\"widget\" data-e-type=\"widget\" data-widget_type=\"facebook-page.default\">\n\t\t\t\t\t<div class=\"elementor-facebook-widget fb-page\" data-href=\"https:\/\/www.facebook.com\/guatesavia?mibextid=ZbWKwL\" data-tabs=\"timeline\" data-height=\"500px\" data-width=\"500px\" data-small-header=\"false\" data-hide-cover=\"false\" data-show-facepile=\"true\" data-hide-cta=\"false\" style=\"min-height: 1px;height:500px\"><\/div>\t\t\t\t<\/div>\n\t\t\t\t\t<\/div>\n\t\t<\/div>\n\t\t\t\t\t<\/div>\n\t\t<\/section>\n\t\t\t\t<section data-particle_enable=\"false\" data-particle-mobile-disabled=\"false\" class=\"elementor-section elementor-top-section elementor-element elementor-element-ca30c0d elementor-section-boxed elementor-section-height-default elementor-section-height-default\" data-id=\"ca30c0d\" data-element_type=\"section\" data-e-type=\"section\">\n\t\t\t\t\t\t<div class=\"elementor-container elementor-column-gap-default\">\n\t\t\t\t\t<div class=\"elementor-column elementor-col-100 elementor-top-column elementor-element elementor-element-1124d0e\" data-id=\"1124d0e\" data-element_type=\"column\" data-e-type=\"column\">\n\t\t\t<div class=\"elementor-widget-wrap elementor-element-populated\">\n\t\t\t\t\t\t<div class=\"elementor-element elementor-element-de7c072 elementor-widget elementor-widget-heading\" data-id=\"de7c072\" data-element_type=\"widget\" data-e-type=\"widget\" data-widget_type=\"heading.default\">\n\t\t\t\t\t<h3 class=\"elementor-heading-title elementor-size-default\">Aprendizajes<\/h3>\t\t\t\t<\/div>\n\t\t\t\t<div class=\"elementor-element elementor-element-a325c06 elementor-widget elementor-widget-text-editor\" data-id=\"a325c06\" data-element_type=\"widget\" data-e-type=\"widget\" data-widget_type=\"text-editor.default\">\n\t\t\t\t\t\t\t\t\t<ul><li><span style=\"font-weight: 400\">El reto para Lesly es ampliar su clientela, describe que en su mayor\u00eda los connacionales no comprenden c\u00f3mo funciona un negocio y la complicaci\u00f3n que conlleva en relaci\u00f3n a precios, permisos y traslado entre otros.<\/span><\/li><li><span style=\"font-weight: 400\">El principal logro para Lesly es obtener la libertad de manejo de su tiempo y su negocio, enfoca todas sus energ\u00edas en promover la identidad cultural, tambi\u00e9n destaca actividades en el arte y fotograf\u00eda.<\/span><\/li><li><span style=\"font-weight: 400\">\u00a0La aceptaci\u00f3n ha sido positiva para los connacionales y residentes del lugar, admiran y valoran todo lo relacionado con los textiles, accesorios entre otros art\u00edculos artesanales.<\/span><\/li><\/ul><p><b>\u00bfCu\u00e1les son los proyectos a futuro? <\/b><\/p><p><span style=\"font-weight: 400\">\u201cEstoy trabajando con un grupo de personas que se dedican ayudar a ni\u00f1as en comunidades ind\u00edgenas para brindarles apoyo en sus estudios y \u00fatiles escolares, el objetivo es que a trav\u00e9s de esta plataforma m\u00e1s personas escuchen y se puedan unir para patrocinar la educaci\u00f3n de este sector\u201d.<\/span><\/p>\t\t\t\t\t\t\t\t<\/div>\n\t\t\t\t\t<\/div>\n\t\t<\/div>\n\t\t\t\t\t<\/div>\n\t\t<\/section>\n\t\t\t\t<section data-particle_enable=\"false\" data-particle-mobile-disabled=\"false\" class=\"elementor-section elementor-top-section elementor-element elementor-element-64813f2 elementor-section-boxed elementor-section-height-default elementor-section-height-default\" data-id=\"64813f2\" data-element_type=\"section\" data-e-type=\"section\">\n\t\t\t\t\t\t<div class=\"elementor-container elementor-column-gap-default\">\n\t\t\t\t\t<div class=\"elementor-column elementor-col-100 elementor-top-column elementor-element elementor-element-84bc490\" data-id=\"84bc490\" data-element_type=\"column\" data-e-type=\"column\">\n\t\t\t<div class=\"elementor-widget-wrap elementor-element-populated\">\n\t\t\t\t\t\t<div class=\"elementor-element elementor-element-b0199bd elementor-widget elementor-widget-heading\" data-id=\"b0199bd\" data-element_type=\"widget\" data-e-type=\"widget\" data-widget_type=\"heading.default\">\n\t\t\t\t\t<h3 class=\"elementor-heading-title elementor-size-default\">Mensaje para los connacionales<\/h3>\t\t\t\t<\/div>\n\t\t\t\t<div class=\"elementor-element elementor-element-3b0c0b9 elementor-widget elementor-widget-text-editor\" data-id=\"3b0c0b9\" data-element_type=\"widget\" data-e-type=\"widget\" data-widget_type=\"text-editor.default\">\n\t\t\t\t\t\t\t\t\t<p><span style=\"font-weight: 400\">\u201cPara quienes tienen la idea de migrar, recordarles que no es f\u00e1cil, el valor del d\u00f3lar puede sonar una cantidad mayor, cuando en realidad no es suficiente para vivir en Estados Unidos\u201d las rentas, alimentaci\u00f3n y otras necesidades son limitadas a comparaci\u00f3n del pa\u00eds de origen.<\/span><\/p><p><span style=\"font-weight: 400\">\u201cPara quienes est\u00e1n ac\u00e1 recordarles que es importante ser persistente y no perder los objetivos ni las metas por ejemplo aprender el idioma, es una herramienta \u00fatil que facilita y da grandes oportunidades\u201d Lesly Cruz finaliza argumentando que debe existir un equilibrio entre el trabajo y la familia ya que muchos se dedican \u00fanicamente a trabajar y nunca retornan al pa\u00eds.<\/span><\/p><p><span style=\"font-weight: 400\">Lesly Cruz mujer migrante guatemalteca continuar\u00e1 en la comercializaci\u00f3n de productos artesanales a trav\u00e9s de su plataforma, de esa manera apoya a las mujeres artesanas y dise\u00f1adoras en su calidad econ\u00f3mica y empoderamiento local.<\/span><\/p>\t\t\t\t\t\t\t\t<\/div>\n\t\t\t\t\t<\/div>\n\t\t<\/div>\n\t\t\t\t\t<\/div>\n\t\t<\/section>\n\t\t\t\t<section data-particle_enable=\"false\" data-particle-mobile-disabled=\"false\" class=\"elementor-section elementor-top-section elementor-element elementor-element-5abfb34 elementor-section-boxed elementor-section-height-default elementor-section-height-default\" data-id=\"5abfb34\" data-element_type=\"section\" data-e-type=\"section\">\n\t\t\t\t\t\t<div class=\"elementor-container elementor-column-gap-default\">\n\t\t\t\t\t<div class=\"elementor-column elementor-col-100 elementor-top-column elementor-element elementor-element-d8a345d\" data-id=\"d8a345d\" data-element_type=\"column\" data-e-type=\"column\">\n\t\t\t<div class=\"elementor-widget-wrap elementor-element-populated\">\n\t\t\t\t\t\t<div class=\"elementor-element elementor-element-bf2b0de elementor-arrows-position-inside elementor-pagination-position-outside elementor-widget elementor-widget-image-carousel\" data-id=\"bf2b0de\" data-element_type=\"widget\" data-e-type=\"widget\" data-settings=\"{&quot;slides_to_show&quot;:&quot;1&quot;,&quot;navigation&quot;:&quot;both&quot;,&quot;autoplay&quot;:&quot;yes&quot;,&quot;pause_on_hover&quot;:&quot;yes&quot;,&quot;pause_on_interaction&quot;:&quot;yes&quot;,&quot;autoplay_speed&quot;:5000,&quot;infinite&quot;:&quot;yes&quot;,&quot;effect&quot;:&quot;slide&quot;,&quot;speed&quot;:500}\" data-widget_type=\"image-carousel.default\">\n\t\t\t\t\t\t\t<div class=\"elementor-image-carousel-wrapper swiper\" role=\"region\" aria-roledescription=\"carousel\" aria-label=\"Carrusel de im\u00e1genes\" dir=\"ltr\">\n\t\t\t<div class=\"elementor-image-carousel swiper-wrapper\" aria-live=\"off\">\n\t\t\t\t\t\t\t\t<div class=\"swiper-slide\" role=\"group\" aria-roledescription=\"slide\" aria-label=\"1 de 3\"><figure class=\"swiper-slide-inner\"><img decoding=\"async\" class=\"swiper-slide-image\" src=\"https:\/\/soymigrante.com\/revista\/wp-content\/uploads\/2023\/08\/Lesly-Esmeralda-Cruz-es-originaria-Jalapa-Guatemala-768x856.webp\" alt=\"Lesly Esmeralda Cruz es originaria Jalapa Guatemala\" \/><figcaption class=\"elementor-image-carousel-caption\">Lesly Esmeralda Cruz es originaria Jalapa Guatemala, migrante y emprendedora<\/figcaption><\/figure><\/div><div class=\"swiper-slide\" role=\"group\" aria-roledescription=\"slide\" aria-label=\"2 de 3\"><figure class=\"swiper-slide-inner\"><img decoding=\"async\" class=\"swiper-slide-image\" src=\"https:\/\/soymigrante.com\/revista\/wp-content\/uploads\/2023\/08\/Ofrece-productos-como-accesorios-ropa-tejidos-y-curiosidades-remarca-la-cultura-guatemalteca-ademas-busca-realzar-la-identidad-y-la-cultura-768x772.webp\" alt=\"Ofrece productos como accesorios, ropa, tejidos y curiosidades remarca la cultura guatemalteca adem\u00e1s busca realzar la identidad y la cultura\" \/><figcaption class=\"elementor-image-carousel-caption\">Ofrece productos como accesorios, ropa, tejidos y curiosidades remarca la cultura guatemalteca adem\u00e1s busca realzar la identidad y la cultura<\/figcaption><\/figure><\/div><div class=\"swiper-slide\" role=\"group\" aria-roledescription=\"slide\" aria-label=\"3 de 3\"><figure class=\"swiper-slide-inner\"><img decoding=\"async\" class=\"swiper-slide-image\" src=\"https:\/\/soymigrante.com\/revista\/wp-content\/uploads\/2023\/08\/La-identidad-y-el-valor-hacia-los-productos-locales-es-importante-resaltarlos-para-Lesly-la-esencia-de-sus-productos-se-basan-por-el-color-y-el-estilo-768x947.webp\" alt=\"La identidad y el valor hacia los productos locales es importante resaltarlos. Para Lesly la esencia de los productos se basan por el color y el estilo\" \/><figcaption class=\"elementor-image-carousel-caption\">La identidad y el valor hacia los productos locales es importante resaltarlos. Para Lesly la esencia de los productos se basan por el color y el estilo<\/figcaption><\/figure><\/div>\t\t\t<\/div>\n\t\t\t\t\t\t\t\t\t\t\t\t<div class=\"elementor-swiper-button elementor-swiper-button-prev\" role=\"button\" tabindex=\"0\">\n\t\t\t\t\t\t<i aria-hidden=\"true\" class=\"eicon-chevron-left\"><\/i>\t\t\t\t\t<\/div>\n\t\t\t\t\t<div class=\"elementor-swiper-button elementor-swiper-button-next\" role=\"button\" tabindex=\"0\">\n\t\t\t\t\t\t<i aria-hidden=\"true\" class=\"eicon-chevron-right\"><\/i>\t\t\t\t\t<\/div>\n\t\t\t\t\n\t\t\t\t\t\t\t\t\t<div class=\"swiper-pagination\"><\/div>\n\t\t\t\t\t\t\t\t\t<\/div>\n\t\t\t\t\t\t<\/div>\n\t\t\t\t\t<\/div>\n\t\t<\/div>\n\t\t\t\t\t<\/div>\n\t\t<\/section>\n\t\t\t\t<\/div>\n\t\t","protected":false},"excerpt":{"rendered":"<p>Lesly Cruz encontr\u00f3 en las artesan\u00edas de su pa\u00eds un exitoso negocio, su objetivo es apoyar a las artesanas guatemaltecas para mejorar su condici\u00f3n econ\u00f3mica y evitar la migraci\u00f3n. Todo tejido tiene significado la compra la realiza directamente con las artesanas y costureras para generar mayor ingreso y apoyar a comercializar sus productos Un trabajo [&hellip;]<\/p>\n","protected":false},"author":10,"featured_media":2161,"comment_status":"open","ping_status":"open","sticky":false,"template":"","format":"standard","meta":{"_acf_changed":false,"_eb_attr":"","footnotes":""},"categories":[50],"tags":[],"class_list":["post-2149","post","type-post","status-publish","format-standard","has-post-thumbnail","hentry","category-exitos"],"acf":[],"aioseo_notices":[],"aioseo_head":"\n\t\t<!-- All in One SEO Pro 4.9.6.2 - aioseo.com -->\n\t<meta name=\"description\" content=\"Lesly Cruz, migrante guatemalteca, crea SaviaGuate, un negocio que promueve artesan\u00edas locales, apoyando a artesanas y conservando tradiciones ancestrales\" \/>\n\t<meta name=\"robots\" content=\"max-snippet:-1, max-image-preview:large, max-video-preview:-1\" \/>\n\t<meta name=\"author\" content=\"Diana Batz\"\/>\n\t<link rel=\"canonical\" href=\"https:\/\/soymigrante.com\/revista\/lesly-cruz-empoderamiento-artesanas-guatemala\/\" \/>\n\t<meta name=\"generator\" content=\"All in One SEO Pro (AIOSEO) 4.9.6.2\" \/>\n\n\t\t<link rel=\"preconnect\" href=\"https:\/\/fonts.googleapis.com\" crossorigin>\n<link rel=\"preconnect\" href=\"https:\/\/fonts.gstatic.com\" crossorigin>\n\t\t<meta property=\"og:locale\" content=\"es_ES\" \/>\n\t\t<meta property=\"og:site_name\" content=\"SoyMigrante.com REVISTA \u2013 Nuestra misi\u00f3n es reconocer y dignificar al migrante.\" \/>\n\t\t<meta property=\"og:type\" content=\"article\" \/>\n\t\t<meta property=\"og:title\" content=\"Lesly Cruz: Emprendedora que eleva el arte guatemalteco\" \/>\n\t\t<meta property=\"og:description\" content=\"Lesly Cruz, migrante guatemalteca, crea SaviaGuate, un negocio que promueve artesan\u00edas locales, apoyando a artesanas y conservando tradiciones ancestrales\" \/>\n\t\t<meta property=\"og:url\" content=\"https:\/\/soymigrante.com\/revista\/lesly-cruz-empoderamiento-artesanas-guatemala\/\" \/>\n\t\t<meta property=\"og:image\" content=\"https:\/\/soymigrante.com\/revista\/wp-content\/uploads\/2023\/08\/Apoya-el-talento-local-en-especial-de-los-y-las-artesanas-de-Guatemala-.webp\" \/>\n\t\t<meta property=\"og:image:secure_url\" content=\"https:\/\/soymigrante.com\/revista\/wp-content\/uploads\/2023\/08\/Apoya-el-talento-local-en-especial-de-los-y-las-artesanas-de-Guatemala-.webp\" \/>\n\t\t<meta property=\"og:image:width\" content=\"1078\" \/>\n\t\t<meta property=\"og:image:height\" content=\"1330\" \/>\n\t\t<meta property=\"article:published_time\" content=\"2023-08-09T15:38:20+00:00\" \/>\n\t\t<meta property=\"article:modified_time\" content=\"2024-07-31T04:12:17+00:00\" \/>\n\t\t<meta property=\"article:publisher\" content=\"https:\/\/www.facebook.com\/soymigrantecom\" \/>\n\t\t<meta name=\"twitter:card\" content=\"summary_large_image\" \/>\n\t\t<meta name=\"twitter:site\" content=\"@SoyMigrante_com\" \/>\n\t\t<meta name=\"twitter:title\" content=\"Lesly Cruz: Emprendedora que eleva el arte guatemalteco\" \/>\n\t\t<meta name=\"twitter:description\" content=\"Lesly Cruz, migrante guatemalteca, crea SaviaGuate, un negocio que promueve artesan\u00edas locales, apoyando a artesanas y conservando tradiciones ancestrales\" \/>\n\t\t<meta name=\"twitter:creator\" content=\"@SoyMigrante_com\" \/>\n\t\t<meta name=\"twitter:image\" content=\"https:\/\/soymigrante.com\/revista\/wp-content\/uploads\/2023\/08\/Apoya-el-talento-local-en-especial-de-los-y-las-artesanas-de-Guatemala-.webp\" \/>\n\t\t<!-- All in One SEO Pro -->\r\n\t\t<title>Lesly Cruz: Emprendedora que eleva el arte guatemalteco<\/title>\n\n","aioseo_head_json":{"title":"Lesly Cruz: Emprendedora que eleva el arte guatemalteco","description":"Lesly Cruz, migrante guatemalteca, crea SaviaGuate, un negocio que promueve artesan\u00edas locales, apoyando a artesanas y conservando tradiciones ancestrales","canonical_url":"https:\/\/soymigrante.com\/revista\/lesly-cruz-empoderamiento-artesanas-guatemala\/","robots":"max-snippet:-1, max-image-preview:large, max-video-preview:-1","keywords":"","webmasterTools":{"miscellaneous":"&lt;link rel=\"preconnect\" href=\"https:\/\/fonts.googleapis.com\" crossorigin&gt;\n&lt;link rel=\"preconnect\" href=\"https:\/\/fonts.gstatic.com\" crossorigin&gt;"},"schema":null,"og:locale":"es_ES","og:site_name":"SoyMigrante.com REVISTA \u2013 Nuestra misi\u00f3n es reconocer y dignificar al migrante.","og:type":"article","og:title":"Lesly Cruz: Emprendedora que eleva el arte guatemalteco","og:description":"Lesly Cruz, migrante guatemalteca, crea SaviaGuate, un negocio que promueve artesan\u00edas locales, apoyando a artesanas y conservando tradiciones ancestrales","og:url":"https:\/\/soymigrante.com\/revista\/lesly-cruz-empoderamiento-artesanas-guatemala\/","og:image":"https:\/\/soymigrante.com\/revista\/wp-content\/uploads\/2023\/08\/Apoya-el-talento-local-en-especial-de-los-y-las-artesanas-de-Guatemala-.webp","og:image:secure_url":"https:\/\/soymigrante.com\/revista\/wp-content\/uploads\/2023\/08\/Apoya-el-talento-local-en-especial-de-los-y-las-artesanas-de-Guatemala-.webp","og:image:width":1078,"og:image:height":1330,"article:published_time":"2023-08-09T15:38:20+00:00","article:modified_time":"2024-07-31T04:12:17+00:00","article:publisher":"https:\/\/www.facebook.com\/soymigrantecom","twitter:card":"summary_large_image","twitter:site":"@SoyMigrante_com","twitter:title":"Lesly Cruz: Emprendedora que eleva el arte guatemalteco","twitter:description":"Lesly Cruz, migrante guatemalteca, crea SaviaGuate, un negocio que promueve artesan\u00edas locales, apoyando a artesanas y conservando tradiciones ancestrales","twitter:creator":"@SoyMigrante_com","twitter:image":"https:\/\/soymigrante.com\/revista\/wp-content\/uploads\/2023\/08\/Apoya-el-talento-local-en-especial-de-los-y-las-artesanas-de-Guatemala-.webp"},"aioseo_meta_data":{"post_id":"2149","title":"#post_title","description":"Lesly Cruz, migrante guatemalteca, crea SaviaGuate, un negocio que promueve artesan\u00edas locales, apoyando a artesanas y conservando tradiciones ancestrales","keywords":[],"keyphrases":{"focus":{"keyphrase":"arte","score":74,"analysis":{"keyphraseInTitle":{"score":9,"maxScore":9,"error":0},"keyphraseInDescription":{"score":3,"maxScore":9,"error":1},"keyphraseLength":{"score":9,"maxScore":9,"error":0,"length":1},"keyphraseInURL":{"score":5,"maxScore":5,"error":0},"keyphraseInIntroduction":{"score":3,"maxScore":9,"error":1},"keyphraseInSubHeadings":{"score":3,"maxScore":9,"error":1},"keyphraseInImageAlt":{"score":9,"maxScore":9,"error":0},"keywordDensity":{"type":"best","score":9,"maxScore":9,"error":0}}},"additional":[]},"primary_term":null,"canonical_url":null,"og_title":null,"og_description":null,"og_object_type":"default","og_image_type":"default","og_image_url":null,"og_image_width":null,"og_image_height":null,"og_image_custom_url":null,"og_image_custom_fields":null,"og_video":"","og_custom_url":null,"og_article_section":null,"og_article_tags":[],"twitter_use_og":false,"twitter_card":"default","twitter_image_type":"default","twitter_image_url":null,"twitter_image_custom_url":null,"twitter_image_custom_fields":null,"twitter_title":null,"twitter_description":null,"schema":{"blockGraphs":[],"customGraphs":[],"default":{"data":{"Article":[],"Course":[],"Dataset":[],"FAQPage":[],"Movie":[],"Person":[],"Product":[],"ProductReview":[],"Car":[],"Recipe":[],"Service":[],"SoftwareApplication":[],"WebPage":[]},"graphName":"BlogPosting","isEnabled":true},"graphs":[]},"schema_type":"default","schema_type_options":null,"pillar_content":false,"robots_default":true,"robots_noindex":false,"robots_noarchive":false,"robots_nosnippet":false,"robots_nofollow":false,"robots_noimageindex":false,"robots_noodp":false,"robots_notranslate":false,"robots_max_snippet":"-1","robots_max_videopreview":"-1","robots_max_imagepreview":"large","priority":null,"frequency":"default","local_seo":null,"seo_analyzer_scan_date":"2025-10-08 20:13:10","breadcrumb_settings":null,"limit_modified_date":false,"reviewed_by":null,"open_ai":null,"ai":null,"created":"2023-08-18 14:49:15","updated":"2026-02-04 09:24:50"},"aioseo_breadcrumb":"<div class=\"aioseo-breadcrumbs\"><span class=\"aioseo-breadcrumb\">\n\t<a href=\"https:\/\/soymigrante.com\/revista\" title=\"Home\">Home<\/a>\n<\/span><span class=\"aioseo-breadcrumb-separator\">\u00bb<\/span><span class=\"aioseo-breadcrumb\">\n\t<a href=\"https:\/\/soymigrante.com\/revista\/category\/exitos\/\" title=\"\u00c9xitos\">\u00c9xitos<\/a>\n<\/span><span class=\"aioseo-breadcrumb-separator\">\u00bb<\/span><span class=\"aioseo-breadcrumb\">\n\tLesly Cruz: Emprendedora que eleva el arte guatemalteco\n<\/span><\/div>","aioseo_breadcrumb_json":[{"label":"Home","link":"https:\/\/soymigrante.com\/revista"},{"label":"\u00c9xitos","link":"https:\/\/soymigrante.com\/revista\/category\/exitos\/"},{"label":"Lesly Cruz: Emprendedora que eleva el arte guatemalteco","link":"https:\/\/soymigrante.com\/revista\/lesly-cruz-empoderamiento-artesanas-guatemala\/"}],"_links":{"self":[{"href":"https:\/\/soymigrante.com\/revista\/wp-json\/wp\/v2\/posts\/2149","targetHints":{"allow":["GET"]}}],"collection":[{"href":"https:\/\/soymigrante.com\/revista\/wp-json\/wp\/v2\/posts"}],"about":[{"href":"https:\/\/soymigrante.com\/revista\/wp-json\/wp\/v2\/types\/post"}],"author":[{"embeddable":true,"href":"https:\/\/soymigrante.com\/revista\/wp-json\/wp\/v2\/users\/10"}],"replies":[{"embeddable":true,"href":"https:\/\/soymigrante.com\/revista\/wp-json\/wp\/v2\/comments?post=2149"}],"version-history":[{"count":0,"href":"https:\/\/soymigrante.com\/revista\/wp-json\/wp\/v2\/posts\/2149\/revisions"}],"wp:featuredmedia":[{"embeddable":true,"href":"https:\/\/soymigrante.com\/revista\/wp-json\/wp\/v2\/media\/2161"}],"wp:attachment":[{"href":"https:\/\/soymigrante.com\/revista\/wp-json\/wp\/v2\/media?parent=2149"}],"wp:term":[{"taxonomy":"category","embeddable":true,"href":"https:\/\/soymigrante.com\/revista\/wp-json\/wp\/v2\/categories?post=2149"},{"taxonomy":"post_tag","embeddable":true,"href":"https:\/\/soymigrante.com\/revista\/wp-json\/wp\/v2\/tags?post=2149"}],"curies":[{"name":"wp","href":"https:\/\/api.w.org\/{rel}","templated":true}]}}