{"id":21465,"date":"2025-01-23T08:54:31","date_gmt":"2025-01-23T14:54:31","guid":{"rendered":"https:\/\/soymigrante.com\/revista\/?p=21465"},"modified":"2025-01-26T14:43:39","modified_gmt":"2025-01-26T20:43:39","slug":"sabias-que-bajo-las-aguas-del-lago-atitlan-esta-el-sitio-maya-samabaj","status":"publish","type":"post","link":"https:\/\/soymigrante.com\/revista\/sabias-que-bajo-las-aguas-del-lago-atitlan-esta-el-sitio-maya-samabaj\/","title":{"rendered":"\u00bfPor qu\u00e9 al sitio prehisp\u00e1nico Samabaj en Atitl\u00e1n le dicen la Atl\u00e1ntida maya?"},"content":{"rendered":"\t\t<div data-elementor-type=\"wp-post\" data-elementor-id=\"21465\" class=\"elementor elementor-21465\" data-elementor-post-type=\"post\">\n\t\t\t\t<div data-particle_enable=\"false\" data-particle-mobile-disabled=\"false\" class=\"elementor-element elementor-element-0a7f381 e-flex e-con-boxed e-con e-parent\" data-id=\"0a7f381\" data-element_type=\"container\" data-e-type=\"container\">\n\t\t\t\t\t<div class=\"e-con-inner\">\n\t\t\t\t<div class=\"elementor-element elementor-element-8c0c98c elementor-widget elementor-widget-heading\" data-id=\"8c0c98c\" data-element_type=\"widget\" data-e-type=\"widget\" data-widget_type=\"heading.default\">\n\t\t\t\t\t<h2 class=\"elementor-heading-title elementor-size-default\">Sum\u00e9rgete en la historia oculta de Samabaj, un santuario ceremonial maya que yace bajo las aguas cristalinas del lago Atitl\u00e1n en Guatemala. <\/h2>\t\t\t\t<\/div>\n\t\t\t\t\t<\/div>\n\t\t\t\t<\/div>\n\t\t<div data-particle_enable=\"false\" data-particle-mobile-disabled=\"false\" class=\"elementor-element elementor-element-3833e2b e-flex e-con-boxed e-con e-parent\" data-id=\"3833e2b\" data-element_type=\"container\" data-e-type=\"container\">\n\t\t\t\t\t<div class=\"e-con-inner\">\n\t\t\t\t<div class=\"elementor-element elementor-element-bcac7ed elementor-widget elementor-widget-text-editor\" data-id=\"bcac7ed\" data-element_type=\"widget\" data-e-type=\"widget\" data-widget_type=\"text-editor.default\">\n\t\t\t\t\t\t\t\t\t<p>Bajo las profundidades del lago Atitl\u00e1n se esconde Samabaj, un antiguo sitio maya que revela secretos de ceremonias sagradas y de una civilizaci\u00f3n marcada por su conexi\u00f3n con la naturaleza y el cosmos. Acomp\u00e1\u00f1anos a explorar este enigm\u00e1tico lugar que sigue cautivando a arque\u00f3logos e historiadores.<\/p><p>Descubre c\u00f3mo este fascinante sitio arqueol\u00f3gico ofrece pistas sobre la vida, la espiritualidad y <a href=\"https:\/\/soymigrante.com\/revista\/san-juan-la-laguna-tesoro-cultural-a-la-orilla-del-lago-de-atitlan-fue-aspirante-a-best-tourism-villages\/\">el legado de una de las civilizaciones<\/a> m\u00e1s enigm\u00e1ticas del mundo.<\/p><div>\u00a0\u00bfSab\u00edas que\u00a0<span style=\"text-align: var(--text-align)\">Samabaj fue antiguamente una isla ubicada al sur del lago de Atitl\u00e1n? S\u00ed, el agua sumergi\u00f3 el sito desde hace m\u00e1s de 2 mil a\u00f1os, seg\u00fan los estudios efectuados.<\/span><\/div><div><span style=\"color: var( --e-global-color-text );text-align: var(--text-align)\">\u00a0<\/span><\/div>\t\t\t\t\t\t\t\t<\/div>\n\t\t\t\t\t<\/div>\n\t\t\t\t<\/div>\n\t\t<div data-particle_enable=\"false\" data-particle-mobile-disabled=\"false\" class=\"elementor-element elementor-element-213f682 e-flex e-con-boxed e-con e-parent\" data-id=\"213f682\" data-element_type=\"container\" data-e-type=\"container\">\n\t\t\t\t\t<div class=\"e-con-inner\">\n\t\t\t\t<div class=\"elementor-element elementor-element-afb4fa9 elementor-widget elementor-widget-image\" data-id=\"afb4fa9\" data-element_type=\"widget\" data-e-type=\"widget\" data-widget_type=\"image.default\">\n\t\t\t\t\t\t\t\t\t\t\t\t<figure class=\"wp-caption\">\n\t\t\t\t\t\t\t\t\t\t<img fetchpriority=\"high\" decoding=\"async\" width=\"640\" height=\"638\" src=\"https:\/\/soymigrante.com\/revista\/wp-content\/uploads\/2025\/01\/sitio-samabaj-atitlan-e1737643992562.webp\" class=\"attachment-large size-large wp-image-22266\" alt=\"Restos de un barco hundido en el oc\u00e9ano con bloques de piedra cubiertos de algas y corales.\" srcset=\"https:\/\/soymigrante.com\/revista\/wp-content\/uploads\/2025\/01\/sitio-samabaj-atitlan-e1737643992562.webp 640w, https:\/\/soymigrante.com\/revista\/wp-content\/uploads\/2025\/01\/sitio-samabaj-atitlan-e1737643992562-300x300.jpg 300w, https:\/\/soymigrante.com\/revista\/wp-content\/uploads\/2025\/01\/sitio-samabaj-atitlan-e1737643992562-150x150.jpg 150w, https:\/\/soymigrante.com\/revista\/wp-content\/uploads\/2025\/01\/sitio-samabaj-atitlan-e1737643992562-75x75.webp 75w\" sizes=\"(max-width: 640px) 100vw, 640px\" title=\"sitio samabaj atitlan \u2013 SoyMigrante.com REVISTA\" \/>\t\t\t\t\t\t\t\t\t\t\t<figcaption class=\"widget-image-caption wp-caption-text\">Restos de un barco hundido en el oc\u00e9ano con bloques de piedra cubiertos de algas y corales.<\/figcaption>\n\t\t\t\t\t\t\t\t\t\t<\/figure>\n\t\t\t\t\t\t\t\t\t<\/div>\n\t\t\t\t\t<\/div>\n\t\t\t\t<\/div>\n\t\t<div data-particle_enable=\"false\" data-particle-mobile-disabled=\"false\" class=\"elementor-element elementor-element-32d3b35 e-flex e-con-boxed e-con e-parent\" data-id=\"32d3b35\" data-element_type=\"container\" data-e-type=\"container\">\n\t\t\t\t\t<div class=\"e-con-inner\">\n\t\t\t\t<div class=\"elementor-element elementor-element-1841505 elementor-widget elementor-widget-heading\" data-id=\"1841505\" data-element_type=\"widget\" data-e-type=\"widget\" data-widget_type=\"heading.default\">\n\t\t\t\t\t<h3 class=\"elementor-heading-title elementor-size-default\">\u00bfA qu\u00e9 profundidad se ubica Samabaj?<\/h3>\t\t\t\t<\/div>\n\t\t\t\t\t<\/div>\n\t\t\t\t<\/div>\n\t\t<div data-particle_enable=\"false\" data-particle-mobile-disabled=\"false\" class=\"elementor-element elementor-element-0a65bbe e-flex e-con-boxed e-con e-parent\" data-id=\"0a65bbe\" data-element_type=\"container\" data-e-type=\"container\">\n\t\t\t\t\t<div class=\"e-con-inner\">\n\t\t\t\t<div class=\"elementor-element elementor-element-993de5a elementor-widget elementor-widget-text-editor\" data-id=\"993de5a\" data-element_type=\"widget\" data-e-type=\"widget\" data-widget_type=\"text-editor.default\">\n\t\t\t\t\t\t\t\t\t<p>Samabaj es un sitio arqueol\u00f3gico sumergido en el lago de Atitl\u00e1n, en Guatemala. Se encuentra a unos 15 a 30 metros de profundidad, dependiendo de las fluctuaciones del nivel del agua. Este sitio se considera una antigua isla ceremonial maya que qued\u00f3 inundada debido a un aumento significativo en el nivel del lago.<\/p>\t\t\t\t\t\t\t\t<\/div>\n\t\t\t\t\t<\/div>\n\t\t\t\t<\/div>\n\t\t<div data-particle_enable=\"false\" data-particle-mobile-disabled=\"false\" class=\"elementor-element elementor-element-4ce3e0b e-flex e-con-boxed e-con e-parent\" data-id=\"4ce3e0b\" data-element_type=\"container\" data-e-type=\"container\">\n\t\t\t\t\t<div class=\"e-con-inner\">\n\t\t\t\t<div class=\"elementor-element elementor-element-6df40dd elementor-widget elementor-widget-heading\" data-id=\"6df40dd\" data-element_type=\"widget\" data-e-type=\"widget\" data-widget_type=\"heading.default\">\n\t\t\t\t\t<h3 class=\"elementor-heading-title elementor-size-default\">\u00bfQui\u00e9n descubri\u00f3 Samabaj?<\/h3>\t\t\t\t<\/div>\n\t\t\t\t\t<\/div>\n\t\t\t\t<\/div>\n\t\t<div data-particle_enable=\"false\" data-particle-mobile-disabled=\"false\" class=\"elementor-element elementor-element-2283a00 e-flex e-con-boxed e-con e-parent\" data-id=\"2283a00\" data-element_type=\"container\" data-e-type=\"container\">\n\t\t\t\t\t<div class=\"e-con-inner\">\n\t\t\t\t<div class=\"elementor-element elementor-element-4519b65 elementor-widget elementor-widget-text-editor\" data-id=\"4519b65\" data-element_type=\"widget\" data-e-type=\"widget\" data-widget_type=\"text-editor.default\">\n\t\t\t\t\t\t\t\t\t<p>El sitio arqueol\u00f3gico de Samabaj en el lago de Atitl\u00e1n fue descubierto en 1996&nbsp;<a href=\"https:\/\/www.asociaciontikal.com\/simposio-23-ano-2009\/26-medrano-y-samayoa-doc\/\" target=\"_blank\">por el buzo guatemalteco Roberto Samayoa.&nbsp;<\/a>Durante una inmersi\u00f3n recreativa, Samayoa not\u00f3 la presencia de estructuras inusuales bajo el agua, como altares y plataformas que no parec\u00edan formaciones naturales. Estas estructuras estaban ubicadas a una profundidad de entre 12 y 35 metros.<\/p>\n<p>Su descubrimiento despert\u00f3 el inter\u00e9s de arque\u00f3logos y especialistas, lo que llev\u00f3 a posteriores investigaciones cient\u00edficas en el lugar. Desde entonces, se ha confirmado que Samabaj era un sitio ceremonial maya que qued\u00f3 sumergido debido a un aumento<a href=\"https:\/\/soymigrante.com\/revista\/san-juan-la-laguna-tesoro-cultural-a-la-orilla-del-lago-de-atitlan-fue-aspirante-a-best-tourism-villages\/\" target=\"_blank\"> abrupto en el nivel del lago Atitl\u00e1n,<\/a>&nbsp;probablemente causado por actividad volc\u00e1nica o geol\u00f3gica.<\/p>\n<p>El nombre Samabaj es una combinaci\u00f3n de &#8220;Sama&#8221;, una referencia al apellido de Roberto Samayoa, y &#8220;baj&#8221;, que significa &#8220;piedra&#8221; en el idioma maya kaqchikel. En este sentido es importante mencionar que fue gracias al documental de History Channel que este sitio sumergido en las aguas del lago de Atitl\u00e1n cobr\u00f3 inter\u00e9s y relevancia a nivel internacional, a partir del descrubimiento que hizo Samayoa.<\/p>\t\t\t\t\t\t\t\t<\/div>\n\t\t\t\t\t<\/div>\n\t\t\t\t<\/div>\n\t\t<div data-particle_enable=\"false\" data-particle-mobile-disabled=\"false\" class=\"elementor-element elementor-element-76309e9 e-flex e-con-boxed e-con e-parent\" data-id=\"76309e9\" data-element_type=\"container\" data-e-type=\"container\">\n\t\t\t\t\t<div class=\"e-con-inner\">\n\t\t\t\t<div class=\"elementor-element elementor-element-6e97e9e elementor-widget elementor-widget-video\" data-id=\"6e97e9e\" data-element_type=\"widget\" data-e-type=\"widget\" data-settings=\"{&quot;youtube_url&quot;:&quot;https:\\\/\\\/www.youtube.com\\\/watch?v=8zbgchJi_fc&amp;t=20s&quot;,&quot;video_type&quot;:&quot;youtube&quot;,&quot;controls&quot;:&quot;yes&quot;}\" data-widget_type=\"video.default\">\n\t\t\t\t\t\t\t<div class=\"elementor-wrapper elementor-open-inline\">\n\t\t\t<div class=\"elementor-video\"><\/div>\t\t<\/div>\n\t\t\t\t\t\t<\/div>\n\t\t\t\t\t<\/div>\n\t\t\t\t<\/div>\n\t\t<div data-particle_enable=\"false\" data-particle-mobile-disabled=\"false\" class=\"elementor-element elementor-element-71f3dc1 e-flex e-con-boxed e-con e-parent\" data-id=\"71f3dc1\" data-element_type=\"container\" data-e-type=\"container\">\n\t\t\t\t\t<div class=\"e-con-inner\">\n\t\t\t\t<div class=\"elementor-element elementor-element-e607a37 elementor-widget elementor-widget-heading\" data-id=\"e607a37\" data-element_type=\"widget\" data-e-type=\"widget\" data-widget_type=\"heading.default\">\n\t\t\t\t\t<h3 class=\"elementor-heading-title elementor-size-default\">\u00bfCu\u00e1les fueron los hallazgos en Samabaj?\n<\/h3>\t\t\t\t<\/div>\n\t\t\t\t\t<\/div>\n\t\t\t\t<\/div>\n\t\t<div data-particle_enable=\"false\" data-particle-mobile-disabled=\"false\" class=\"elementor-element elementor-element-a0e3b0d e-flex e-con-boxed e-con e-parent\" data-id=\"a0e3b0d\" data-element_type=\"container\" data-e-type=\"container\">\n\t\t\t\t\t<div class=\"e-con-inner\">\n\t\t\t\t<div class=\"elementor-element elementor-element-cc7659b elementor-widget elementor-widget-text-editor\" data-id=\"cc7659b\" data-element_type=\"widget\" data-e-type=\"widget\" data-widget_type=\"text-editor.default\">\n\t\t\t\t\t\t\t\t\t<p>Entre los descubrimientos m\u00e1s destacados en Samabaj se encuentran:<\/p><ul><li>Altares ceremoniales: Indican que la isla fue un importante centro ritual.<\/li><li>Estelas y esculturas de piedra: Estas piezas reflejan la habilidad art\u00edstica de los mayas y proporcionan informaci\u00f3n sobre sus pr\u00e1cticas culturales.<\/li><li>Estructuras habitacionales: Restos de viviendas sugieren que <a href=\"https:\/\/soymigrante.com\/revista\/pueblo-tzutujil-se-cobija-en-el-lago-atitlan-hace-mas-de-7-siglos\/\">algunas personas viv\u00edan all\u00ed, a<\/a>dem\u00e1s de ser un sitio ceremonial.<\/li><li>Cer\u00e1mica: Vasijas y otros objetos han sido recuperados, revelando detalles sobre el comercio, la alimentaci\u00f3n y los rituales.<\/li><\/ul>\t\t\t\t\t\t\t\t<\/div>\n\t\t\t\t\t<\/div>\n\t\t\t\t<\/div>\n\t\t<div data-particle_enable=\"false\" data-particle-mobile-disabled=\"false\" class=\"elementor-element elementor-element-207b00b e-flex e-con-boxed e-con e-parent\" data-id=\"207b00b\" data-element_type=\"container\" data-e-type=\"container\">\n\t\t\t\t\t<div class=\"e-con-inner\">\n\t\t\t\t<div class=\"elementor-element elementor-element-f57236b elementor-widget elementor-widget-heading\" data-id=\"f57236b\" data-element_type=\"widget\" data-e-type=\"widget\" data-widget_type=\"heading.default\">\n\t\t\t\t\t<h3 class=\"elementor-heading-title elementor-size-default\">\u00bfQu\u00e9 importancia tiene el descubrimiento de Samabaj?\n<\/h3>\t\t\t\t<\/div>\n\t\t\t\t\t<\/div>\n\t\t\t\t<\/div>\n\t\t<div data-particle_enable=\"false\" data-particle-mobile-disabled=\"false\" class=\"elementor-element elementor-element-a1dd8bb e-flex e-con-boxed e-con e-parent\" data-id=\"a1dd8bb\" data-element_type=\"container\" data-e-type=\"container\">\n\t\t\t\t\t<div class=\"e-con-inner\">\n\t\t\t\t<div class=\"elementor-element elementor-element-f266dca elementor-widget elementor-widget-text-editor\" data-id=\"f266dca\" data-element_type=\"widget\" data-e-type=\"widget\" data-widget_type=\"text-editor.default\">\n\t\t\t\t\t\t\t\t\t<p>El descubrimiento de Samabaj tiene gran relevancia por varias razones:<\/p><ul><li>Un vistazo \u00fanico a los mayas: Samabaj es uno de los pocos sitios arqueol\u00f3gicos bajo el agua que se asocia directamente con<a href=\"https:\/\/soymigrante.com\/revista\/que-tanto-conoces-del-calendario-maya-de-cuenta-larga\/\" target=\"_blank\" rel=\"noopener\"> la civilizaci\u00f3n maya.<\/a><\/li><li>Conservaci\u00f3n excepcional: Debido a su ubicaci\u00f3n submarina, muchos artefactos est\u00e1n mejor preservados que en sitios terrestres.<\/li><li>Entendimiento del cambio ambiental: El sitio ayuda a estudiar c\u00f3mo los cambios clim\u00e1ticos y geol\u00f3gicos afectaron a las comunidades mayas.<\/li><li>Valor espiritual y cultural: Confirma la importancia\u00a0<a href=\"https:\/\/soymigrante.com\/revista\/la-empresaria-francesca-kennedy-y-su-conexion-inquebrantable-con-atitlan\/\" target=\"_blank\" rel=\"noopener\">del lago Atitl\u00e1n<\/a>\u00a0como un espacio sagrado para los mayas.<\/li><\/ul>\t\t\t\t\t\t\t\t<\/div>\n\t\t\t\t\t<\/div>\n\t\t\t\t<\/div>\n\t\t<div data-particle_enable=\"false\" data-particle-mobile-disabled=\"false\" class=\"elementor-element elementor-element-43b5ca4 e-flex e-con-boxed e-con e-parent\" data-id=\"43b5ca4\" data-element_type=\"container\" data-e-type=\"container\">\n\t\t\t\t\t<div class=\"e-con-inner\">\n\t\t\t\t<div class=\"elementor-element elementor-element-51721a3 elementor-widget elementor-widget-video\" data-id=\"51721a3\" data-element_type=\"widget\" data-e-type=\"widget\" data-settings=\"{&quot;youtube_url&quot;:&quot;https:\\\/\\\/www.youtube.com\\\/watch?v=Cy-gnTbbH1A&quot;,&quot;video_type&quot;:&quot;youtube&quot;,&quot;controls&quot;:&quot;yes&quot;}\" data-widget_type=\"video.default\">\n\t\t\t\t\t\t\t<div class=\"elementor-wrapper elementor-open-inline\">\n\t\t\t<div class=\"elementor-video\"><\/div>\t\t<\/div>\n\t\t\t\t\t\t<\/div>\n\t\t\t\t\t<\/div>\n\t\t\t\t<\/div>\n\t\t<div data-particle_enable=\"false\" data-particle-mobile-disabled=\"false\" class=\"elementor-element elementor-element-294e5e0 e-flex e-con-boxed e-con e-parent\" data-id=\"294e5e0\" data-element_type=\"container\" data-e-type=\"container\">\n\t\t\t\t\t<div class=\"e-con-inner\">\n\t\t\t\t<div class=\"elementor-element elementor-element-b92e29f elementor-widget elementor-widget-heading\" data-id=\"b92e29f\" data-element_type=\"widget\" data-e-type=\"widget\" data-widget_type=\"heading.default\">\n\t\t\t\t\t<h3 class=\"elementor-heading-title elementor-size-default\">\u00bfPor qu\u00e9 le llaman la Atl\u00e1ntida Maya?\n<\/h3>\t\t\t\t<\/div>\n\t\t\t\t\t<\/div>\n\t\t\t\t<\/div>\n\t\t<div data-particle_enable=\"false\" data-particle-mobile-disabled=\"false\" class=\"elementor-element elementor-element-d23fce0 e-flex e-con-boxed e-con e-parent\" data-id=\"d23fce0\" data-element_type=\"container\" data-e-type=\"container\">\n\t\t\t\t\t<div class=\"e-con-inner\">\n\t\t\t\t<div class=\"elementor-element elementor-element-bf3ed32 elementor-widget elementor-widget-text-editor\" data-id=\"bf3ed32\" data-element_type=\"widget\" data-e-type=\"widget\" data-widget_type=\"text-editor.default\">\n\t\t\t\t\t\t\t\t\t<p>Se le llama la Atl\u00e1ntida maya porque el sitio qued\u00f3 sumergido debido a un evento catastr\u00f3fico, probablemente un aumento repentino en el nivel del lago Atitl\u00e1n hace m\u00e1s de 1,700 a\u00f1os. Esta inundaci\u00f3n habr\u00eda forzado a los habitantes mayas a abandonar el lugar, convirti\u00e9ndolo en un sitio perdido y sumergido, similar a la m\u00edtica Atl\u00e1ntida descrita por Plat\u00f3n.<\/p><p>Adem\u00e1s, el sitio conserva templos, altares y restos culturales que ofrecen evidencia de su importancia espiritual, reflejando una civilizaci\u00f3n avanzada que vivi\u00f3 a orillas del lago.<\/p>\t\t\t\t\t\t\t\t<\/div>\n\t\t\t\t\t<\/div>\n\t\t\t\t<\/div>\n\t\t<div data-particle_enable=\"false\" data-particle-mobile-disabled=\"false\" class=\"elementor-element elementor-element-14440a1 e-flex e-con-boxed e-con e-parent\" data-id=\"14440a1\" data-element_type=\"container\" data-e-type=\"container\">\n\t\t\t\t\t<div class=\"e-con-inner\">\n\t\t\t\t<div class=\"elementor-element elementor-element-a8ac8b4 elementor-widget elementor-widget-video\" data-id=\"a8ac8b4\" data-element_type=\"widget\" data-e-type=\"widget\" data-settings=\"{&quot;youtube_url&quot;:&quot;https:\\\/\\\/www.youtube.com\\\/watch?v=diYtfv7Opko&quot;,&quot;video_type&quot;:&quot;youtube&quot;,&quot;controls&quot;:&quot;yes&quot;}\" data-widget_type=\"video.default\">\n\t\t\t\t\t\t\t<div class=\"elementor-wrapper elementor-open-inline\">\n\t\t\t<div class=\"elementor-video\"><\/div>\t\t<\/div>\n\t\t\t\t\t\t<\/div>\n\t\t\t\t\t<\/div>\n\t\t\t\t<\/div>\n\t\t<div data-particle_enable=\"false\" data-particle-mobile-disabled=\"false\" class=\"elementor-element elementor-element-72fee31 e-flex e-con-boxed e-con e-parent\" data-id=\"72fee31\" data-element_type=\"container\" data-e-type=\"container\">\n\t\t\t\t\t<div class=\"e-con-inner\">\n\t\t\t\t<div class=\"elementor-element elementor-element-3ffd1b5 elementor-widget elementor-widget-heading\" data-id=\"3ffd1b5\" data-element_type=\"widget\" data-e-type=\"widget\" data-widget_type=\"heading.default\">\n\t\t\t\t\t<h3 class=\"elementor-heading-title elementor-size-default\">\u00bfD\u00f3nde permanecen las piezas localizadas?<\/h3>\t\t\t\t<\/div>\n\t\t\t\t\t<\/div>\n\t\t\t\t<\/div>\n\t\t<div data-particle_enable=\"false\" data-particle-mobile-disabled=\"false\" class=\"elementor-element elementor-element-3d2ebfc e-flex e-con-boxed e-con e-parent\" data-id=\"3d2ebfc\" data-element_type=\"container\" data-e-type=\"container\">\n\t\t\t\t\t<div class=\"e-con-inner\">\n\t\t\t\t<div class=\"elementor-element elementor-element-35ef5fd elementor-widget elementor-widget-text-editor\" data-id=\"35ef5fd\" data-element_type=\"widget\" data-e-type=\"widget\" data-widget_type=\"text-editor.default\">\n\t\t\t\t\t\t\t\t\t<p>Las piezas recuperadas del sitio arqueol\u00f3gico de Samabaj son resguardadas en museos y colecciones oficiales de Guatemala, espec\u00edficamente bajo la supervisi\u00f3n del Ministerio de Cultura y Deportes y el Instituto de Antropolog\u00eda e Historia&nbsp;<a href=\"https:\/\/www.instagram.com\/mcd_guate\/p\/DE53UPco6zO\/?locale=undefined&amp;img_index=1\" target=\"_blank\">(IDAEH).<\/a>&nbsp;Durante el hallazgo se localizaron 28 estructuras y 10 monumentos.&nbsp;<\/p>\n<p>En la actualidad,&nbsp;<a href=\"https:\/\/www.sicultura.gob.gt\/directory-directorio_c\/listing\/museo-lacustre-del-lago-de-atitlan\/\" target=\"_blank\">el Museo Lacustre de Arqueolog\u00eda Maya&nbsp;<\/a>Subacu\u00e1tica es donde puedes ubicar algunas de las piezas que se han logrado sacar de Samabaj o sumergirte a una experiencia para ver el sitio de Samabaj, este est\u00e1 ubicado en Panajachel, Solol\u00e1.&nbsp;<\/p>\t\t\t\t\t\t\t\t<\/div>\n\t\t\t\t\t<\/div>\n\t\t\t\t<\/div>\n\t\t<div data-particle_enable=\"false\" data-particle-mobile-disabled=\"false\" class=\"elementor-element elementor-element-41b66f3 e-flex e-con-boxed e-con e-parent\" data-id=\"41b66f3\" data-element_type=\"container\" data-e-type=\"container\">\n\t\t\t\t\t<div class=\"e-con-inner\">\n\t\t\t\t<div class=\"elementor-element elementor-element-65c675f elementor-widget elementor-widget-image\" data-id=\"65c675f\" data-element_type=\"widget\" data-e-type=\"widget\" data-widget_type=\"image.default\">\n\t\t\t\t\t\t\t\t\t\t\t\t<figure class=\"wp-caption\">\n\t\t\t\t\t\t\t\t\t\t<img decoding=\"async\" width=\"768\" height=\"474\" src=\"https:\/\/soymigrante.com\/revista\/wp-content\/uploads\/2025\/01\/muse-samabaj-1024x632.jpg\" class=\"attachment-large size-large wp-image-22164\" alt=\"Museo La Curne en Tixla, un espacio cultural con una arquitectura moderna y jardines exuberantes, dedicado a la historia y cultura local en Michoac\u00e1n.\" srcset=\"https:\/\/soymigrante.com\/revista\/wp-content\/uploads\/2025\/01\/muse-samabaj-1024x632.jpg 1024w, https:\/\/soymigrante.com\/revista\/wp-content\/uploads\/2025\/01\/muse-samabaj-300x185.jpg 300w, https:\/\/soymigrante.com\/revista\/wp-content\/uploads\/2025\/01\/muse-samabaj-768x474.jpg 768w, https:\/\/soymigrante.com\/revista\/wp-content\/uploads\/2025\/01\/muse-samabaj-750x463.webp 750w, https:\/\/soymigrante.com\/revista\/wp-content\/uploads\/2025\/01\/muse-samabaj-1140x704.webp 1140w, https:\/\/soymigrante.com\/revista\/wp-content\/uploads\/2025\/01\/muse-samabaj.webp 1226w\" sizes=\"(max-width: 768px) 100vw, 768px\" title=\"muse samabaj \u2013 SoyMigrante.com REVISTA\" \/>\t\t\t\t\t\t\t\t\t\t\t<figcaption class=\"widget-image-caption wp-caption-text\">Rel\u00e1jate en el Museo La Curne de Tixla, un lugar que combina arte, historia y naturaleza en un entorno acogedor y bien cuidado, ideal para aprender y disfrutar en familia o con amigos.<\/figcaption>\n\t\t\t\t\t\t\t\t\t\t<\/figure>\n\t\t\t\t\t\t\t\t\t<\/div>\n\t\t\t\t\t<\/div>\n\t\t\t\t<\/div>\n\t\t<div data-particle_enable=\"false\" data-particle-mobile-disabled=\"false\" class=\"elementor-element elementor-element-de49905 e-flex e-con-boxed e-con e-parent\" data-id=\"de49905\" data-element_type=\"container\" data-e-type=\"container\">\n\t\t\t\t\t<div class=\"e-con-inner\">\n\t\t\t\t<div class=\"elementor-element elementor-element-4f1c99a elementor-widget elementor-widget-heading\" data-id=\"4f1c99a\" data-element_type=\"widget\" data-e-type=\"widget\" data-widget_type=\"heading.default\">\n\t\t\t\t\t<h3 class=\"elementor-heading-title elementor-size-default\">\u00bfCu\u00e1l es la conexi\u00f3n de Samabaj con la cosmovisi\u00f3n maya?<\/h3>\t\t\t\t<\/div>\n\t\t\t\t\t<\/div>\n\t\t\t\t<\/div>\n\t\t<div data-particle_enable=\"false\" data-particle-mobile-disabled=\"false\" class=\"elementor-element elementor-element-4190349 e-flex e-con-boxed e-con e-parent\" data-id=\"4190349\" data-element_type=\"container\" data-e-type=\"container\">\n\t\t\t\t\t<div class=\"e-con-inner\">\n\t\t\t\t<div class=\"elementor-element elementor-element-625eb4a elementor-widget elementor-widget-text-editor\" data-id=\"625eb4a\" data-element_type=\"widget\" data-e-type=\"widget\" data-widget_type=\"text-editor.default\">\n\t\t\t\t\t\t\t\t\t<p>Samabaj est\u00e1 profundamente ligado a la civilizaci\u00f3n maya. Fue un centro ceremonial importante, vinculado a las creencias espirituales y c\u00f3smicas de esta cultura. El lago Atitl\u00e1n, en cuya profundidad yace Samabaj, tiene un significado m\u00edtico para los mayas, quienes lo consideraban un portal al inframundo y un lugar cargado de energ\u00eda espiritual.\u00a0<\/p><p>Adem\u00e1s, los objetos recuperados muestran similitudes con otros asentamientos mayas, lo que refuerza su integraci\u00f3n cultural.<\/p><p><i>Con informaci\u00f3n de Inguat, Idaeh, History Channel y Asociaci\u00f3n Tikal.<\/i><\/p>\t\t\t\t\t\t\t\t<\/div>\n\t\t\t\t\t<\/div>\n\t\t\t\t<\/div>\n\t\t<div data-particle_enable=\"false\" data-particle-mobile-disabled=\"false\" class=\"elementor-element elementor-element-b427949 e-flex e-con-boxed e-con e-parent\" data-id=\"b427949\" data-element_type=\"container\" data-e-type=\"container\">\n\t\t\t\t\t<div class=\"e-con-inner\">\n\t\t\t\t<div class=\"elementor-element elementor-element-7d4e74f elementor-widget elementor-widget-heading\" data-id=\"7d4e74f\" data-element_type=\"widget\" data-e-type=\"widget\" data-widget_type=\"heading.default\">\n\t\t\t\t\t<h2 class=\"elementor-heading-title elementor-size-default\">Conoce m\u00e1s de Solol\u00e1<\/h2>\t\t\t\t<\/div>\n\t\t\t\t\t<\/div>\n\t\t\t\t<\/div>\n\t\t<div data-particle_enable=\"false\" data-particle-mobile-disabled=\"false\" class=\"elementor-element elementor-element-2fac290 e-flex e-con-boxed e-con e-parent\" data-id=\"2fac290\" data-element_type=\"container\" data-e-type=\"container\">\n\t\t\t\t\t<div class=\"e-con-inner\">\n\t\t\t\t<div class=\"elementor-element elementor-element-e888ce2 elementor-grid-eael-col-3 elementor-grid-tablet-eael-col-2 elementor-grid-mobile-eael-col-1 elementor-widget elementor-widget-eael-post-grid\" data-id=\"e888ce2\" data-element_type=\"widget\" data-e-type=\"widget\" data-settings=\"{&quot;eael_post_grid_columns&quot;:&quot;eael-col-3&quot;,&quot;eael_post_grid_columns_tablet&quot;:&quot;eael-col-2&quot;,&quot;eael_post_grid_columns_mobile&quot;:&quot;eael-col-1&quot;}\" data-widget_type=\"eael-post-grid.default\">\n\t\t\t\t\t<div id=\"eael-post-grid-e888ce2\" class=\"eael-post-grid-container\">\n            <div class=\"eael-post-grid eael-post-appender eael-post-appender-e888ce2 eael-post-grid-style-one\" data-layout-mode=\"masonry\"><article class=\"eael-grid-post  eael-post-grid-column eael-pg-post-363 category-guate-nuestra\" data-id=\"363\">\n        <div class=\"eael-grid-post-holder\">\n            <div class=\"eael-grid-post-holder-inner\"><div class=\"eael-entry-media\"><div class=\"eael-entry-overlay fade-in\"><i class=\"far fa-hand-pointer\" aria-hidden=\"true\"><\/i><a href=\"https:\/\/soymigrante.com\/revista\/atitlan-lago-de-atitlan\/\"><\/a><\/div><div class=\"eael-entry-thumbnail \">\n                <img decoding=\"async\" width=\"1024\" height=\"683\" src=\"https:\/\/soymigrante.com\/revista\/wp-content\/uploads\/2023\/03\/2-LAGO-ATITLAN-FOTO-ABEL-JUAREZ-1-1024x683.jpeg\" class=\"attachment-large size-large wp-image-681\" alt=\"\" srcset=\"https:\/\/soymigrante.com\/revista\/wp-content\/uploads\/2023\/03\/2-LAGO-ATITLAN-FOTO-ABEL-JUAREZ-1-1024x683.jpeg 1024w, https:\/\/soymigrante.com\/revista\/wp-content\/uploads\/2023\/03\/2-LAGO-ATITLAN-FOTO-ABEL-JUAREZ-1-300x200.webp 300w, https:\/\/soymigrante.com\/revista\/wp-content\/uploads\/2023\/03\/2-LAGO-ATITLAN-FOTO-ABEL-JUAREZ-1-768x512.jpeg 768w, https:\/\/soymigrante.com\/revista\/wp-content\/uploads\/2023\/03\/2-LAGO-ATITLAN-FOTO-ABEL-JUAREZ-1-1536x1024.jpeg 1536w, https:\/\/soymigrante.com\/revista\/wp-content\/uploads\/2023\/03\/2-LAGO-ATITLAN-FOTO-ABEL-JUAREZ-1-2048x1365.jpeg 2048w, https:\/\/soymigrante.com\/revista\/wp-content\/uploads\/2023\/03\/2-LAGO-ATITLAN-FOTO-ABEL-JUAREZ-1-750x500.webp 750w, https:\/\/soymigrante.com\/revista\/wp-content\/uploads\/2023\/03\/2-LAGO-ATITLAN-FOTO-ABEL-JUAREZ-1-1140x760.jpeg 1140w, https:\/\/soymigrante.com\/revista\/wp-content\/uploads\/2023\/03\/2-LAGO-ATITLAN-FOTO-ABEL-JUAREZ-1-600x400.jpeg 600w, https:\/\/soymigrante.com\/revista\/wp-content\/uploads\/2023\/03\/2-LAGO-ATITLAN-FOTO-ABEL-JUAREZ-1.webp 1920w\" sizes=\"(max-width: 1024px) 100vw, 1024px\" \/>\n            <\/div>\n        <\/div><div class=\"eael-entry-wrapper\"><header class=\"eael-entry-header\"><h2 class=\"eael-entry-title\"><a class=\"eael-grid-post-link\" href=\"https:\/\/soymigrante.com\/revista\/atitlan-lago-de-atitlan\/\" title=\"\u00bfQu\u00e9 profundidad tiene el lago de Atitl\u00e1n?&#8230; y otras preguntas con respuesta fascinante\">\u00bfQu\u00e9 profundidad tiene el lago de Atitl\u00e1n?&#8230; y otras preguntas con respuesta fascinante<\/a><\/h2><\/header><div class=\"eael-entry-content\">\n                        <div class=\"eael-grid-post-excerpt\"><a href=\"https:\/\/soymigrante.com\/revista\/atitlan-lago-de-atitlan\/\" class=\"eael-post-elements-readmore-btn\">CONOCE SU HISTORIA <\/a><\/div>\n                    <\/div><\/div><\/div>\n        <\/div>\n    <\/article><article class=\"eael-grid-post  eael-post-grid-column eael-pg-post-9129 category-pueblos-de-guatemala\" data-id=\"9129\">\n        <div class=\"eael-grid-post-holder\">\n            <div class=\"eael-grid-post-holder-inner\"><div class=\"eael-entry-media\"><div class=\"eael-entry-overlay fade-in\"><i class=\"far fa-hand-pointer\" aria-hidden=\"true\"><\/i><a href=\"https:\/\/soymigrante.com\/revista\/pueblo-tzutujil-se-cobija-en-el-lago-atitlan-hace-mas-de-7-siglos\/\"><\/a><\/div><div class=\"eael-entry-thumbnail \">\n                <img loading=\"lazy\" decoding=\"async\" width=\"1024\" height=\"1024\" src=\"https:\/\/soymigrante.com\/revista\/wp-content\/uploads\/2024\/09\/tzutujil-2-1-1024x1024.webp\" class=\"attachment-large size-large wp-image-9521\" alt=\"Gente ind\u00edgena con trajes tradicionales y paisaje monta\u00f1oso al fondo, reflejando cultura y tradici\u00f3n en M\u00e9xico.\" srcset=\"https:\/\/soymigrante.com\/revista\/wp-content\/uploads\/2024\/09\/tzutujil-2-1-1024x1024.webp 1024w, https:\/\/soymigrante.com\/revista\/wp-content\/uploads\/2024\/09\/tzutujil-2-1-300x300.webp 300w, https:\/\/soymigrante.com\/revista\/wp-content\/uploads\/2024\/09\/tzutujil-2-1-150x150.webp 150w, https:\/\/soymigrante.com\/revista\/wp-content\/uploads\/2024\/09\/tzutujil-2-1-768x768.webp 768w, https:\/\/soymigrante.com\/revista\/wp-content\/uploads\/2024\/09\/tzutujil-2-1-75x75.webp 75w, https:\/\/soymigrante.com\/revista\/wp-content\/uploads\/2024\/09\/tzutujil-2-1-750x750.webp 750w, https:\/\/soymigrante.com\/revista\/wp-content\/uploads\/2024\/09\/tzutujil-2-1.webp 1066w\" sizes=\"(max-width: 1024px) 100vw, 1024px\" \/>\n            <\/div>\n        <\/div><div class=\"eael-entry-wrapper\"><header class=\"eael-entry-header\"><h2 class=\"eael-entry-title\"><a class=\"eael-grid-post-link\" href=\"https:\/\/soymigrante.com\/revista\/pueblo-tzutujil-se-cobija-en-el-lago-atitlan-hace-mas-de-7-siglos\/\" title=\"Pueblo Tz&#8217;utujil lleva m\u00e1s de 700 a\u00f1os en las riberas del  lago de Atitl\u00e1n\">Pueblo Tz&#8217;utujil lleva m\u00e1s de 700 a\u00f1os en las riberas del  lago de Atitl\u00e1n<\/a><\/h2><\/header><div class=\"eael-entry-content\">\n                        <div class=\"eael-grid-post-excerpt\"><a href=\"https:\/\/soymigrante.com\/revista\/pueblo-tzutujil-se-cobija-en-el-lago-atitlan-hace-mas-de-7-siglos\/\" class=\"eael-post-elements-readmore-btn\">CONOCE SU HISTORIA <\/a><\/div>\n                    <\/div><\/div><\/div>\n        <\/div>\n    <\/article><article class=\"eael-grid-post  eael-post-grid-column eael-pg-post-8594 category-guate-nuestra\" data-id=\"8594\">\n        <div class=\"eael-grid-post-holder\">\n            <div class=\"eael-grid-post-holder-inner\"><div class=\"eael-entry-media\"><div class=\"eael-entry-overlay fade-in\"><i class=\"far fa-hand-pointer\" aria-hidden=\"true\"><\/i><a href=\"https:\/\/soymigrante.com\/revista\/10-pueblos-a-la-orilla-del-lago-de-atitlan-que-debes-descubrir\/\"><\/a><\/div><div class=\"eael-entry-thumbnail \">\n                <img loading=\"lazy\" decoding=\"async\" width=\"1024\" height=\"1024\" src=\"https:\/\/soymigrante.com\/revista\/wp-content\/uploads\/2024\/08\/agricultura-san-antonio-palopo-face-soy-migrante-2-1024x1024.webp\" class=\"attachment-large size-large wp-image-8615\" alt=\"Paisaje del Lago de Atitl\u00e1n, volcanes y zonas agr\u00edcolas en Guatemala, turismo y paisaje natural en Centroam\u00e9rica.\" srcset=\"https:\/\/soymigrante.com\/revista\/wp-content\/uploads\/2024\/08\/agricultura-san-antonio-palopo-face-soy-migrante-2-1024x1024.webp 1024w, https:\/\/soymigrante.com\/revista\/wp-content\/uploads\/2024\/08\/agricultura-san-antonio-palopo-face-soy-migrante-2-300x300.webp 300w, https:\/\/soymigrante.com\/revista\/wp-content\/uploads\/2024\/08\/agricultura-san-antonio-palopo-face-soy-migrante-2-150x150.webp 150w, https:\/\/soymigrante.com\/revista\/wp-content\/uploads\/2024\/08\/agricultura-san-antonio-palopo-face-soy-migrante-2-768x768.webp 768w, https:\/\/soymigrante.com\/revista\/wp-content\/uploads\/2024\/08\/agricultura-san-antonio-palopo-face-soy-migrante-2-1536x1536.webp 1536w, https:\/\/soymigrante.com\/revista\/wp-content\/uploads\/2024\/08\/agricultura-san-antonio-palopo-face-soy-migrante-2-75x75.webp 75w, https:\/\/soymigrante.com\/revista\/wp-content\/uploads\/2024\/08\/agricultura-san-antonio-palopo-face-soy-migrante-2-750x750.webp 750w, https:\/\/soymigrante.com\/revista\/wp-content\/uploads\/2024\/08\/agricultura-san-antonio-palopo-face-soy-migrante-2-1140x1140.webp 1140w, https:\/\/soymigrante.com\/revista\/wp-content\/uploads\/2024\/08\/agricultura-san-antonio-palopo-face-soy-migrante-2.webp 1538w\" sizes=\"(max-width: 1024px) 100vw, 1024px\" \/>\n            <\/div>\n        <\/div><div class=\"eael-entry-wrapper\"><header class=\"eael-entry-header\"><h2 class=\"eael-entry-title\"><a class=\"eael-grid-post-link\" href=\"https:\/\/soymigrante.com\/revista\/10-pueblos-a-la-orilla-del-lago-de-atitlan-que-debes-descubrir\/\" title=\"Ocho pueblos a la orilla del lago de Atitl\u00e1n que debes descubrir\">Ocho pueblos a la orilla del lago de Atitl\u00e1n que debes descubrir<\/a><\/h2><\/header><div class=\"eael-entry-content\">\n                        <div class=\"eael-grid-post-excerpt\"><a href=\"https:\/\/soymigrante.com\/revista\/10-pueblos-a-la-orilla-del-lago-de-atitlan-que-debes-descubrir\/\" class=\"eael-post-elements-readmore-btn\">CONOCE SU HISTORIA <\/a><\/div>\n                    <\/div><\/div><\/div>\n        <\/div>\n    <\/article><\/div>\n            <div class=\"clearfix\"><\/div>\n        <\/div>\t\t\t\t<\/div>\n\t\t\t\t\t<\/div>\n\t\t\t\t<\/div>\n\t\t\t\t<\/div>\n\t\t","protected":false},"excerpt":{"rendered":"<p>Sum\u00e9rgete en la historia oculta de Samabaj, un santuario ceremonial maya que yace bajo las aguas cristalinas del lago Atitl\u00e1n en Guatemala. Bajo las profundidades del lago Atitl\u00e1n se esconde Samabaj, un antiguo sitio maya que revela secretos de ceremonias sagradas y de una civilizaci\u00f3n marcada por su conexi\u00f3n con la naturaleza y el cosmos. [&hellip;]<\/p>\n","protected":false},"author":23,"featured_media":21510,"comment_status":"open","ping_status":"open","sticky":false,"template":"","format":"standard","meta":{"_acf_changed":false,"_eb_attr":"","footnotes":""},"categories":[58],"tags":[],"class_list":["post-21465","post","type-post","status-publish","format-standard","has-post-thumbnail","hentry","category-guate-nuestra"],"acf":[],"aioseo_notices":[],"aioseo_head":"\n\t\t<!-- All in One SEO Pro 4.9.6.2 - aioseo.com -->\n\t<meta name=\"description\" content=\"Aunque ya has de conocer esta historia y algunos pueblos de la orilla del lago de Atitl\u00e1n, te compartimos datos de inter\u00e9s para explorar cada uno.\" \/>\n\t<meta name=\"robots\" content=\"max-snippet:-1, max-image-preview:large, max-video-preview:-1\" \/>\n\t<meta name=\"author\" content=\"Beatriz Tercero\"\/>\n\t<link rel=\"canonical\" href=\"https:\/\/soymigrante.com\/revista\/10-pueblos-a-la-orilla-del-lago-de-atitlan-que-debes-descubrir\/\" \/>\n\t<meta name=\"generator\" content=\"All in One SEO Pro (AIOSEO) 4.9.6.2\" \/>\n\n\t\t<link rel=\"preconnect\" href=\"https:\/\/fonts.googleapis.com\" crossorigin>\n<link rel=\"preconnect\" href=\"https:\/\/fonts.gstatic.com\" crossorigin>\n\t\t<meta property=\"og:locale\" content=\"es_ES\" \/>\n\t\t<meta property=\"og:site_name\" content=\"SoyMigrante.com REVISTA \u2013 Nuestra misi\u00f3n es reconocer y dignificar al migrante.\" \/>\n\t\t<meta property=\"og:type\" content=\"article\" \/>\n\t\t<meta property=\"og:title\" content=\"Ocho pueblos a la orilla del lago de Atitl\u00e1n que debes descubrir\" \/>\n\t\t<meta property=\"og:description\" content=\"Aunque ya has de conocer esta historia y algunos pueblos de la orilla del lago de Atitl\u00e1n, te compartimos datos de inter\u00e9s para explorar cada uno.\" \/>\n\t\t<meta property=\"og:url\" content=\"https:\/\/soymigrante.com\/revista\/10-pueblos-a-la-orilla-del-lago-de-atitlan-que-debes-descubrir\/\" \/>\n\t\t<meta property=\"og:image\" content=\"https:\/\/soymigrante.com\/revista\/wp-content\/uploads\/2024\/08\/agricultura-san-antonio-palopo-face-soy-migrante-2.webp\" \/>\n\t\t<meta property=\"og:image:secure_url\" content=\"https:\/\/soymigrante.com\/revista\/wp-content\/uploads\/2024\/08\/agricultura-san-antonio-palopo-face-soy-migrante-2.webp\" \/>\n\t\t<meta property=\"og:image:width\" content=\"1538\" \/>\n\t\t<meta property=\"og:image:height\" content=\"1538\" \/>\n\t\t<meta property=\"article:published_time\" content=\"2024-08-31T16:29:40+00:00\" \/>\n\t\t<meta property=\"article:modified_time\" content=\"2025-01-09T15:18:49+00:00\" \/>\n\t\t<meta property=\"article:publisher\" content=\"https:\/\/www.facebook.com\/soymigrantecom\" \/>\n\t\t<meta name=\"twitter:card\" content=\"summary_large_image\" \/>\n\t\t<meta name=\"twitter:site\" content=\"@SoyMigrante_com\" \/>\n\t\t<meta name=\"twitter:title\" content=\"Ocho pueblos a la orilla del lago de Atitl\u00e1n que debes descubrir\" \/>\n\t\t<meta name=\"twitter:description\" content=\"Aunque ya has de conocer esta historia y algunos pueblos de la orilla del lago de Atitl\u00e1n, te compartimos datos de inter\u00e9s para explorar cada uno.\" \/>\n\t\t<meta name=\"twitter:creator\" content=\"@SoyMigrante_com\" \/>\n\t\t<meta name=\"twitter:image\" content=\"https:\/\/soymigrante.com\/revista\/wp-content\/uploads\/2024\/08\/agricultura-san-antonio-palopo-face-soy-migrante-2.webp\" \/>\n\t\t<!-- All in One SEO Pro -->\r\n\t\t<title>Ocho pueblos a la orilla del lago de Atitl\u00e1n que debes descubrir<\/title>\n\n","aioseo_head_json":{"title":"Ocho pueblos a la orilla del lago de Atitl\u00e1n que debes descubrir","description":"Aunque ya has de conocer esta historia y algunos pueblos de la orilla del lago de Atitl\u00e1n, te compartimos datos de inter\u00e9s para explorar cada uno.","canonical_url":"https:\/\/soymigrante.com\/revista\/10-pueblos-a-la-orilla-del-lago-de-atitlan-que-debes-descubrir\/","robots":"max-snippet:-1, max-image-preview:large, max-video-preview:-1","keywords":"","webmasterTools":{"miscellaneous":"&lt;link rel=\"preconnect\" href=\"https:\/\/fonts.googleapis.com\" crossorigin&gt;\n&lt;link rel=\"preconnect\" href=\"https:\/\/fonts.gstatic.com\" crossorigin&gt;"},"schema":null,"og:locale":"es_ES","og:site_name":"SoyMigrante.com REVISTA \u2013 Nuestra misi\u00f3n es reconocer y dignificar al migrante.","og:type":"article","og:title":"Ocho pueblos a la orilla del lago de Atitl\u00e1n que debes descubrir","og:description":"Aunque ya has de conocer esta historia y algunos pueblos de la orilla del lago de Atitl\u00e1n, te compartimos datos de inter\u00e9s para explorar cada uno.","og:url":"https:\/\/soymigrante.com\/revista\/10-pueblos-a-la-orilla-del-lago-de-atitlan-que-debes-descubrir\/","og:image":"https:\/\/soymigrante.com\/revista\/wp-content\/uploads\/2024\/08\/agricultura-san-antonio-palopo-face-soy-migrante-2.webp","og:image:secure_url":"https:\/\/soymigrante.com\/revista\/wp-content\/uploads\/2024\/08\/agricultura-san-antonio-palopo-face-soy-migrante-2.webp","og:image:width":1538,"og:image:height":1538,"article:published_time":"2024-08-31T16:29:40+00:00","article:modified_time":"2025-01-09T15:18:49+00:00","article:publisher":"https:\/\/www.facebook.com\/soymigrantecom","twitter:card":"summary_large_image","twitter:site":"@SoyMigrante_com","twitter:title":"Ocho pueblos a la orilla del lago de Atitl\u00e1n que debes descubrir","twitter:description":"Aunque ya has de conocer esta historia y algunos pueblos de la orilla del lago de Atitl\u00e1n, te compartimos datos de inter\u00e9s para explorar cada uno.","twitter:creator":"@SoyMigrante_com","twitter:image":"https:\/\/soymigrante.com\/revista\/wp-content\/uploads\/2024\/08\/agricultura-san-antonio-palopo-face-soy-migrante-2.webp"},"aioseo_meta_data":{"post_id":"21465","title":"\u00bfPor qu\u00e9 al sitio Samabaj de Solol\u00e1 le dicen la Atl\u00e1ntida maya?","description":"Sum\u00e9rgete en la historia oculta de Samabaj, un santuario ceremonial maya que yace bajo las aguas cristalinas del lago Atitl\u00e1n en Guatemala.","keywords":null,"keyphrases":{"focus":{"keyphrase":"Lago Atitl\u00e1n","score":82,"analysis":{"keyphraseInTitle":{"score":3,"maxScore":9,"error":1},"keyphraseInDescription":{"score":9,"maxScore":9,"error":0},"keyphraseLength":{"score":9,"maxScore":9,"error":0,"length":3},"keyphraseInURL":{"score":5,"maxScore":5,"error":0},"keyphraseInIntroduction":{"score":9,"maxScore":9,"error":0},"keyphraseInSubHeadings":{"score":3,"maxScore":9,"error":1},"keyphraseInImageAlt":{"score":9,"maxScore":9,"error":0},"keywordDensity":{"type":"best","score":9,"maxScore":9,"error":0}}},"additional":[{"keyphrase":"Samabaj","score":87,"analysis":{"keyphraseInDescription":{"score":9,"maxScore":9,"error":0},"keyphraseLength":{"score":9,"maxScore":9,"error":0,"length":1},"keyphraseInIntroduction":{"score":9,"maxScore":9,"error":0},"keyphraseInImageAlt":{"score":3,"maxScore":9,"error":1},"keywordDensity":{"type":"best","score":9,"maxScore":9,"error":0}}},{"keyphrase":"templo","score":40,"analysis":{"keyphraseInDescription":{"score":3,"maxScore":9,"error":1},"keyphraseLength":{"score":9,"maxScore":9,"error":0,"length":1},"keyphraseInIntroduction":{"score":3,"maxScore":9,"error":1},"keyphraseInImageAlt":{"score":3,"maxScore":9,"error":1},"keywordDensity":{"score":0,"type":"low","maxScore":9,"error":1}}},{"keyphrase":"maya","score":87,"analysis":{"keyphraseInDescription":{"score":9,"maxScore":9,"error":0},"keyphraseLength":{"score":9,"maxScore":9,"error":0,"length":1},"keyphraseInIntroduction":{"score":9,"maxScore":9,"error":0},"keyphraseInImageAlt":{"score":3,"maxScore":9,"error":1},"keywordDensity":{"type":"best","score":9,"maxScore":9,"error":0}}}]},"primary_term":null,"canonical_url":null,"og_title":null,"og_description":null,"og_object_type":"default","og_image_type":"default","og_image_url":null,"og_image_width":null,"og_image_height":null,"og_image_custom_url":null,"og_image_custom_fields":null,"og_video":"","og_custom_url":null,"og_article_section":null,"og_article_tags":null,"twitter_use_og":false,"twitter_card":"default","twitter_image_type":"default","twitter_image_url":null,"twitter_image_custom_url":null,"twitter_image_custom_fields":null,"twitter_title":null,"twitter_description":null,"schema":{"blockGraphs":[],"customGraphs":[],"default":{"data":{"Article":[],"Course":[],"Dataset":[],"FAQPage":[],"Movie":[],"Person":[],"Product":[],"ProductReview":[],"Car":[],"Recipe":[],"Service":[],"SoftwareApplication":[],"WebPage":[]},"graphName":"BlogPosting","isEnabled":true},"graphs":[]},"schema_type":"default","schema_type_options":null,"pillar_content":false,"robots_default":true,"robots_noindex":false,"robots_noarchive":false,"robots_nosnippet":false,"robots_nofollow":false,"robots_noimageindex":false,"robots_noodp":false,"robots_notranslate":false,"robots_max_snippet":"-1","robots_max_videopreview":"-1","robots_max_imagepreview":"large","priority":null,"frequency":"default","local_seo":null,"seo_analyzer_scan_date":"2025-10-09 02:05:10","breadcrumb_settings":null,"limit_modified_date":false,"reviewed_by":null,"open_ai":"{\"title\":{\"suggestions\":[],\"usage\":0},\"description\":{\"suggestions\":[],\"usage\":0}}","ai":null,"created":"2025-01-17 18:29:52","updated":"2026-02-04 19:30:16"},"aioseo_breadcrumb":"<div class=\"aioseo-breadcrumbs\"><span class=\"aioseo-breadcrumb\">\n\t<a href=\"https:\/\/soymigrante.com\/revista\" title=\"Home\">Home<\/a>\n<\/span><span class=\"aioseo-breadcrumb-separator\">\u00bb<\/span><span class=\"aioseo-breadcrumb\">\n\t<a href=\"https:\/\/soymigrante.com\/revista\/category\/guate-nuestra\/\" title=\"Guate Nuestra\">Guate Nuestra<\/a>\n<\/span><span class=\"aioseo-breadcrumb-separator\">\u00bb<\/span><span class=\"aioseo-breadcrumb\">\n\t\u00bfPor qu\u00e9 al sitio prehisp\u00e1nico Samabaj en Atitl\u00e1n le dicen la Atl\u00e1ntida maya?\n<\/span><\/div>","aioseo_breadcrumb_json":[{"label":"Home","link":"https:\/\/soymigrante.com\/revista"},{"label":"Guate Nuestra","link":"https:\/\/soymigrante.com\/revista\/category\/guate-nuestra\/"},{"label":"\u00bfPor qu\u00e9 al sitio prehisp\u00e1nico Samabaj en Atitl\u00e1n le dicen la Atl\u00e1ntida maya?","link":"https:\/\/soymigrante.com\/revista\/sabias-que-bajo-las-aguas-del-lago-atitlan-esta-el-sitio-maya-samabaj\/"}],"_links":{"self":[{"href":"https:\/\/soymigrante.com\/revista\/wp-json\/wp\/v2\/posts\/21465","targetHints":{"allow":["GET"]}}],"collection":[{"href":"https:\/\/soymigrante.com\/revista\/wp-json\/wp\/v2\/posts"}],"about":[{"href":"https:\/\/soymigrante.com\/revista\/wp-json\/wp\/v2\/types\/post"}],"author":[{"embeddable":true,"href":"https:\/\/soymigrante.com\/revista\/wp-json\/wp\/v2\/users\/23"}],"replies":[{"embeddable":true,"href":"https:\/\/soymigrante.com\/revista\/wp-json\/wp\/v2\/comments?post=21465"}],"version-history":[{"count":0,"href":"https:\/\/soymigrante.com\/revista\/wp-json\/wp\/v2\/posts\/21465\/revisions"}],"wp:featuredmedia":[{"embeddable":true,"href":"https:\/\/soymigrante.com\/revista\/wp-json\/wp\/v2\/media\/21510"}],"wp:attachment":[{"href":"https:\/\/soymigrante.com\/revista\/wp-json\/wp\/v2\/media?parent=21465"}],"wp:term":[{"taxonomy":"category","embeddable":true,"href":"https:\/\/soymigrante.com\/revista\/wp-json\/wp\/v2\/categories?post=21465"},{"taxonomy":"post_tag","embeddable":true,"href":"https:\/\/soymigrante.com\/revista\/wp-json\/wp\/v2\/tags?post=21465"}],"curies":[{"name":"wp","href":"https:\/\/api.w.org\/{rel}","templated":true}]}}