{"id":21453,"date":"2025-01-17T12:31:05","date_gmt":"2025-01-17T18:31:05","guid":{"rendered":"https:\/\/soymigrante.com\/revista\/?p=21453"},"modified":"2025-06-12T08:27:56","modified_gmt":"2025-06-12T14:27:56","slug":"migrante-guatemalteco-antonio-marcos-relata-su-aventura-en-los-volcanes-acatenango-y-de-fuego","status":"publish","type":"post","link":"https:\/\/soymigrante.com\/revista\/migrante-guatemalteco-antonio-marcos-relata-su-aventura-en-los-volcanes-acatenango-y-de-fuego\/","title":{"rendered":"Migrante guatemalteco Antonio Marcos cuenta su experiencia en los volcanes Acatenango y de Fuego"},"content":{"rendered":"\t\t<div data-elementor-type=\"wp-post\" data-elementor-id=\"21453\" class=\"elementor elementor-21453\" data-elementor-post-type=\"post\">\n\t\t\t\t<div data-particle_enable=\"false\" data-particle-mobile-disabled=\"false\" class=\"elementor-element elementor-element-5d5435a e-flex e-con-boxed e-con e-parent\" data-id=\"5d5435a\" data-element_type=\"container\" data-e-type=\"container\">\n\t\t\t\t\t<div class=\"e-con-inner\">\n\t\t\t\t<div class=\"elementor-element elementor-element-1fb8491 elementor-widget elementor-widget-heading\" data-id=\"1fb8491\" data-element_type=\"widget\" data-e-type=\"widget\" data-widget_type=\"heading.default\">\n\t\t\t\t\t<h2 class=\"elementor-heading-title elementor-size-default\"><span style=\"font-family: Roboto, sans-serif;font-size: 16px;font-style: normal;font-weight: 400\">&nbsp;&nbsp;<\/span>\"Cuando logramos ver de cerca el cr\u00e1ter del volc\u00e1n de Fuego, fue emocionante.  Me impresion\u00f3 cuando tron\u00f3 al tirar erupci\u00f3n. Todo tiembla, se mueve el suelo, como si te estuvieran escarbando debajo de los pies\"<\/h2>\t\t\t\t<\/div>\n\t\t\t\t\t<\/div>\n\t\t\t\t<\/div>\n\t\t<div data-particle_enable=\"false\" data-particle-mobile-disabled=\"false\" class=\"elementor-element elementor-element-d48f499 e-flex e-con-boxed e-con e-parent\" data-id=\"d48f499\" data-element_type=\"container\" data-e-type=\"container\">\n\t\t\t\t\t<div class=\"e-con-inner\">\n\t\t\t\t<div class=\"elementor-element elementor-element-9f1214f elementor-widget elementor-widget-heading\" data-id=\"9f1214f\" data-element_type=\"widget\" data-e-type=\"widget\" data-widget_type=\"heading.default\">\n\t\t\t\t\t<h5 class=\"elementor-heading-title elementor-size-default\">Por Antonio Marcos, migrante guatemalteco residente en Houston, Texas<\/h5>\t\t\t\t<\/div>\n\t\t\t\t\t<\/div>\n\t\t\t\t<\/div>\n\t\t<div data-particle_enable=\"false\" data-particle-mobile-disabled=\"false\" class=\"elementor-element elementor-element-ab258c4 e-flex e-con-boxed e-con e-parent\" data-id=\"ab258c4\" data-element_type=\"container\" data-e-type=\"container\">\n\t\t\t\t\t<div class=\"e-con-inner\">\n\t\t\t\t<div class=\"elementor-element elementor-element-6103713 elementor-widget elementor-widget-text-editor\" data-id=\"6103713\" data-element_type=\"widget\" data-e-type=\"widget\" data-widget_type=\"text-editor.default\">\n\t\t\t\t\t\t\t\t\t<p><span style=\"color: var( --e-global-color-text ); text-align: var(--text-align);\">&#8220;El reto surgi\u00f3 porque mis hijas, la mayor y la m\u00e1s peque\u00f1a, fueron a subir el volc\u00e1n de Acatenango en noviembre y adem\u00e1s vieron al volc\u00e1n de Fuego tirar ceniza en explosiones. Me contaron que no fue f\u00e1cil subir pero s\u00ed muy emocionante. Entonces yo viaj\u00e9 a Guatemala a finales de diciembre. Y me compromet\u00ed a algo: &#8220;Si Xelaj\u00fa M.C. queda campe\u00f3n (del torneto de futbol nacional) subir\u00e9 la bandera de Xela a la cima del Acatenango&#8221;, cuenta <a href=\"https:\/\/soymigrante.com\/revista\/antonio-marcos-migrante-guatemalteco-atrajo-atencion-al-apoyar-a-la-seleccion-nacional\/\">Antonio Marcos, migrante guatemalteco radicado en Houston, Texas.<\/a>\u00a0Al ser Guatemala una <a href=\"https:\/\/soymigrante.com\/revista\/7-volcanes-de-guatemala-datos-y-leyenda-que-quiza-ya-sabias-o-tal-vez-no\/\">tierra de volcanes<\/a> y no escalar uno, consideraba tener un desaf\u00edo pendiente.<\/span><\/p><p>Este es el relato de su aventura en los volcanes Acatenango y Fuego.<\/p>\t\t\t\t\t\t\t\t<\/div>\n\t\t\t\t\t<\/div>\n\t\t\t\t<\/div>\n\t\t<div data-particle_enable=\"false\" data-particle-mobile-disabled=\"false\" class=\"elementor-element elementor-element-f839811 e-flex e-con-boxed e-con e-parent\" data-id=\"f839811\" data-element_type=\"container\" data-e-type=\"container\">\n\t\t\t\t\t<div class=\"e-con-inner\">\n\t\t\t\t<div class=\"elementor-element elementor-element-ea4255c elementor-widget elementor-widget-image\" data-id=\"ea4255c\" data-element_type=\"widget\" data-e-type=\"widget\" data-widget_type=\"image.default\">\n\t\t\t\t\t\t\t\t\t\t\t\t<figure class=\"wp-caption\">\n\t\t\t\t\t\t\t\t\t\t<img fetchpriority=\"high\" decoding=\"async\" width=\"768\" height=\"1024\" src=\"https:\/\/soymigrante.com\/revista\/wp-content\/uploads\/2025\/01\/marcos-acatenango-fuego-3-768x1024.jpg\" class=\"attachment-large size-large wp-image-21462\" alt=\"Exploradores en la cima de un volc\u00e1n activo, rodeados de nubes de humo y ceniza, demostrando valent\u00eda y esp\u00edritu aventurero en una experiencia impresionante e inolvidable.\" srcset=\"https:\/\/soymigrante.com\/revista\/wp-content\/uploads\/2025\/01\/marcos-acatenango-fuego-3-768x1024.jpg 768w, https:\/\/soymigrante.com\/revista\/wp-content\/uploads\/2025\/01\/marcos-acatenango-fuego-3-225x300.jpg 225w, https:\/\/soymigrante.com\/revista\/wp-content\/uploads\/2025\/01\/marcos-acatenango-fuego-3-1152x1536.jpg 1152w, https:\/\/soymigrante.com\/revista\/wp-content\/uploads\/2025\/01\/marcos-acatenango-fuego-3-750x1000.webp 750w, https:\/\/soymigrante.com\/revista\/wp-content\/uploads\/2025\/01\/marcos-acatenango-fuego-3-1140x1520.webp 1140w, https:\/\/soymigrante.com\/revista\/wp-content\/uploads\/2025\/01\/marcos-acatenango-fuego-3.webp 1440w\" sizes=\"(max-width: 768px) 100vw, 768px\" title=\"La respectiva foto con el volc\u00e1n de Fuego al fondo, en plena explosi\u00f3n, marc\u00f3 el logro de Antonio Marcos al ascender por primera vez la cumbre del Acatenango y admirar al coloso activo. \u2013 SoyMigrante.com REVISTA\" \/>\t\t\t\t\t\t\t\t\t\t\t<figcaption class=\"widget-image-caption wp-caption-text\">Ascenso al volc\u00e1n con grupo de excursionistas, enfrentando condiciones extremas en una aventura de monta\u00f1ismo y exploraci\u00f3n volc\u00e1nica.<\/figcaption>\n\t\t\t\t\t\t\t\t\t\t<\/figure>\n\t\t\t\t\t\t\t\t\t<\/div>\n\t\t\t\t\t<\/div>\n\t\t\t\t<\/div>\n\t\t<div data-particle_enable=\"false\" data-particle-mobile-disabled=\"false\" class=\"elementor-element elementor-element-11f3c0a e-flex e-con-boxed e-con e-parent\" data-id=\"11f3c0a\" data-element_type=\"container\" data-e-type=\"container\">\n\t\t\t\t\t<div class=\"e-con-inner\">\n\t\t\t\t<div class=\"elementor-element elementor-element-21b443c elementor-widget elementor-widget-heading\" data-id=\"21b443c\" data-element_type=\"widget\" data-e-type=\"widget\" data-widget_type=\"heading.default\">\n\t\t\t\t\t<h3 class=\"elementor-heading-title elementor-size-default\">Una meta pendiente desde hac\u00eda mucho<\/h3>\t\t\t\t<\/div>\n\t\t\t\t\t<\/div>\n\t\t\t\t<\/div>\n\t\t<div data-particle_enable=\"false\" data-particle-mobile-disabled=\"false\" class=\"elementor-element elementor-element-24d4540 e-flex e-con-boxed e-con e-parent\" data-id=\"24d4540\" data-element_type=\"container\" data-e-type=\"container\">\n\t\t\t\t\t<div class=\"e-con-inner\">\n\t\t\t\t<div class=\"elementor-element elementor-element-91b2515 elementor-widget elementor-widget-text-editor\" data-id=\"91b2515\" data-element_type=\"widget\" data-e-type=\"widget\" data-widget_type=\"text-editor.default\">\n\t\t\t\t\t\t\t\t\t<p><span style=\"color: var( --e-global-color-text ); text-align: var(--text-align);\">&#8220;El reto surgi\u00f3 porque mis hijas, la mayor y la m\u00e1s peque\u00f1a, fueron a subir el volc\u00e1n de Acatenango en noviembre y adem\u00e1s vieron al volc\u00e1n de Fuego tirar ceniza en explosiones. Me contaron que no fue f\u00e1cil subir pero s\u00ed muy emocionante. Entonces yo viaj\u00e9 a Guatemala a finales de diciembre. Y me compromet\u00ed a algo: &#8220;Si Xelaj\u00fa M.C. queda campe\u00f3n (del torneto de futbol nacional) subir\u00e9 la bandera de Xela a la cima del Acatenango&#8221;, cuenta Antonio Marcos, migrante guatemalteco radicado en Houston, Texas.<\/span><\/p><p><span style=\"color: var( --e-global-color-text ); text-align: var(--text-align);\">&#8220;Fuimos con mi hijo y otro muchacho, amigo de la familia, que siempre vamos a los juegos de Xela cuando estoy aqu\u00ed. Mis hijas no pudieron ir por trabajo. En los d\u00edas previos hice ejercicio. En Houston estoy a nivel del mar y para escalar necesitas m\u00e1s resistencia. Me puse a caminar, subir gradas, a ejercitarme para la prueba&#8221;.<\/span><\/p>\t\t\t\t\t\t\t\t<\/div>\n\t\t\t\t\t<\/div>\n\t\t\t\t<\/div>\n\t\t<div data-particle_enable=\"false\" data-particle-mobile-disabled=\"false\" class=\"elementor-element elementor-element-bd99301 e-flex e-con-boxed e-con e-parent\" data-id=\"bd99301\" data-element_type=\"container\" data-e-type=\"container\">\n\t\t\t\t\t<div class=\"e-con-inner\">\n\t\t\t\t<div class=\"elementor-element elementor-element-8cb618a elementor-invisible elementor-widget elementor-widget-facebook-embed\" data-id=\"8cb618a\" data-element_type=\"widget\" data-e-type=\"widget\" data-settings=\"{&quot;_animation&quot;:&quot;zoomInDown&quot;}\" data-widget_type=\"facebook-embed.default\">\n\t\t\t\t\t<div style=\"min-height: 1px\" class=\"elementor-facebook-widget fb-video\" data-href=\"https:\/\/www.facebook.com\/100008171023450\/videos\/618322107436443\" data-show-text=\"false\" data-allowfullscreen=\"false\" data-autoplay=\"false\" data-show-captions=\"false\"><\/div>\t\t\t\t<\/div>\n\t\t\t\t\t<\/div>\n\t\t\t\t<\/div>\n\t\t<div data-particle_enable=\"false\" data-particle-mobile-disabled=\"false\" class=\"elementor-element elementor-element-f783c7a e-flex e-con-boxed e-con e-parent\" data-id=\"f783c7a\" data-element_type=\"container\" data-e-type=\"container\">\n\t\t\t\t\t<div class=\"e-con-inner\">\n\t\t\t\t<div class=\"elementor-element elementor-element-ed8c403 elementor-widget elementor-widget-heading\" data-id=\"ed8c403\" data-element_type=\"widget\" data-e-type=\"widget\" data-widget_type=\"heading.default\">\n\t\t\t\t\t<h3 class=\"elementor-heading-title elementor-size-default\">\"4 horas y 15 minutos se dice r\u00e1pido\" <\/h3>\t\t\t\t<\/div>\n\t\t\t\t\t<\/div>\n\t\t\t\t<\/div>\n\t\t<div data-particle_enable=\"false\" data-particle-mobile-disabled=\"false\" class=\"elementor-element elementor-element-06501f1 e-flex e-con-boxed e-con e-parent\" data-id=\"06501f1\" data-element_type=\"container\" data-e-type=\"container\">\n\t\t\t\t\t<div class=\"e-con-inner\">\n\t\t\t\t<div class=\"elementor-element elementor-element-d4cce63 elementor-widget elementor-widget-text-editor\" data-id=\"d4cce63\" data-element_type=\"widget\" data-e-type=\"widget\" data-widget_type=\"text-editor.default\">\n\t\t\t\t\t\t\t\t\t<p><span style=\"color: var( --e-global-color-text ); text-align: var(--text-align);\">&#8220;Cuando mi hija fue, me cont\u00f3 que le cost\u00f3 llegar y por momentos quer\u00eda regresarse pero resisti\u00f3. Ella me advirti\u00f3 que no era f\u00e1cil.\u00a0 Pasado de Navidad, el 27 de diciembre lleg\u00f3 el d\u00eda. Parado frente a los volcanes de Fuego y Acatenango se miran gigantes, enorme, pero uno tiene en la mente una palabra: esto es un reto. El gu\u00eda nos dijo: no tenga pena, vamos a ir subiendo seg\u00fan la resistencia de ustedes&#8221;.\u00a0<\/span><\/p><p><span style=\"color: var( --e-global-color-text ); text-align: var(--text-align);\">&#8220;Nos hicimos 4 horas y 15 minutos para llegar a la cumbre del Acatenango. No me dolieron ni las rodillas. Un poco la cintura por la posici\u00f3n cuando vas escalando&#8221;. Pero s\u00ed hubo tramos de mucho cansancio.<\/span><\/p>\t\t\t\t\t\t\t\t<\/div>\n\t\t\t\t\t<\/div>\n\t\t\t\t<\/div>\n\t\t<div data-particle_enable=\"false\" data-particle-mobile-disabled=\"false\" class=\"elementor-element elementor-element-b4fb859 e-flex e-con-boxed e-con e-parent\" data-id=\"b4fb859\" data-element_type=\"container\" data-e-type=\"container\">\n\t\t\t\t\t<div class=\"e-con-inner\">\n\t\t\t\t<div class=\"elementor-element elementor-element-b235270 elementor-widget elementor-widget-image\" data-id=\"b235270\" data-element_type=\"widget\" data-e-type=\"widget\" data-widget_type=\"image.default\">\n\t\t\t\t\t\t\t\t\t\t\t\t<figure class=\"wp-caption\">\n\t\t\t\t\t\t\t\t\t\t<img decoding=\"async\" width=\"768\" height=\"1024\" src=\"https:\/\/soymigrante.com\/revista\/wp-content\/uploads\/2025\/01\/marcos-acatenango-fuego-4-768x1024.jpeg\" class=\"attachment-large size-large wp-image-21464\" alt=\"Campe\u00f3n con bandera de Guatemala y aficionado con gorra decorada con banderas, expresando entusiasmo y orgullo por su pa\u00eds.\" srcset=\"https:\/\/soymigrante.com\/revista\/wp-content\/uploads\/2025\/01\/marcos-acatenango-fuego-4-768x1024.jpeg 768w, https:\/\/soymigrante.com\/revista\/wp-content\/uploads\/2025\/01\/marcos-acatenango-fuego-4-225x300.jpeg 225w, https:\/\/soymigrante.com\/revista\/wp-content\/uploads\/2025\/01\/marcos-acatenango-fuego-4-1152x1536.jpeg 1152w, https:\/\/soymigrante.com\/revista\/wp-content\/uploads\/2025\/01\/marcos-acatenango-fuego-4-750x1000.jpeg 750w, https:\/\/soymigrante.com\/revista\/wp-content\/uploads\/2025\/01\/marcos-acatenango-fuego-4-1140x1520.jpeg 1140w, https:\/\/soymigrante.com\/revista\/wp-content\/uploads\/2025\/01\/marcos-acatenango-fuego-4.jpeg 1536w\" sizes=\"(max-width: 768px) 100vw, 768px\" title=\"Ya de vuelta en Texas, Antonio Marcos muestra los dos brazaletes que representan los dos pagos que se hacen para poder subir al volc\u00e1n de Acatenango. Los guarda como recuerdo de una meta cumplida. \u2013 SoyMigrante.com REVISTA\" \/>\t\t\t\t\t\t\t\t\t\t\t<figcaption class=\"widget-image-caption wp-caption-text\">Celebrando la cultura y el orgullo nacional guatemalteco en un ambiente festivo.<\/figcaption>\n\t\t\t\t\t\t\t\t\t\t<\/figure>\n\t\t\t\t\t\t\t\t\t<\/div>\n\t\t\t\t\t<\/div>\n\t\t\t\t<\/div>\n\t\t<div data-particle_enable=\"false\" data-particle-mobile-disabled=\"false\" class=\"elementor-element elementor-element-abb7d8f e-flex e-con-boxed e-con e-parent\" data-id=\"abb7d8f\" data-element_type=\"container\" data-e-type=\"container\">\n\t\t\t\t\t<div class=\"e-con-inner\">\n\t\t\t\t<div class=\"elementor-element elementor-element-a34921b elementor-widget elementor-widget-heading\" data-id=\"a34921b\" data-element_type=\"widget\" data-e-type=\"widget\" data-widget_type=\"heading.default\">\n\t\t\t\t\t<h3 class=\"elementor-heading-title elementor-size-default\">As\u00ed fue el recorrido<\/h3>\t\t\t\t<\/div>\n\t\t\t\t\t<\/div>\n\t\t\t\t<\/div>\n\t\t<div data-particle_enable=\"false\" data-particle-mobile-disabled=\"false\" class=\"elementor-element elementor-element-57aeb09 e-flex e-con-boxed e-con e-parent\" data-id=\"57aeb09\" data-element_type=\"container\" data-e-type=\"container\">\n\t\t\t\t\t<div class=\"e-con-inner\">\n\t\t\t\t<div class=\"elementor-element elementor-element-84f396b elementor-widget elementor-widget-text-editor\" data-id=\"84f396b\" data-element_type=\"widget\" data-e-type=\"widget\" data-widget_type=\"text-editor.default\">\n\t\t\t\t\t\t\t\t\t<p><span style=\"color: var( --e-global-color-text ); text-align: var(--text-align);\">&#8220;Cuando empezamos a subir, desde\u00a0 la carretera, primero caminamos entre milpas. el suelo ese arenoso, as\u00ed que hay que llevar zapatos con buena suela para monta\u00f1a, si no te caes porque ya desde all\u00ed es arenoso. Empiezan las caba\u00f1itas y peque\u00f1as tiendas&#8221;.<\/span><\/p><p>&#8220;Empieza un primer tramo de gradas, que han hecho con madera. Facilitan dar el paso pero son un mont\u00f3n. A medio tramo se queda uno tomando aire otra vez, porque es empinado. Otra cosa que cambia es el clima: empieza\u00a0<span style=\"color: var( --e-global-color-text ); text-align: var(--text-align);\">templado, pero conforme subes, el fr\u00edo empieza a sentirse. Es mejor no detenerse mucho para mantener el calor&#8221;.<\/span><\/p><p>&#8220;Llegamos a la primera perada, donde uno compra el brazalete, de la municipalidad de Alotenango. Aqu\u00ed te das cuenta que tambi\u00e9n se puede subir en carro hasta all\u00ed. Pero si vas a ir en carro, te pierdes la experiencia total. Empieza puro bosque con mucha neblina. Seguimos hasta la otra entrada, donde te ponen otro brazalete, que es de la otra municipalidad, de Acatenango. Pagas dos veces para poder seguir escalando&#8221;.<\/p><p>&#8220;Seguimos avanzando unos 20 minutos, hay una caba\u00f1a para descansar y ya se puede ver el volc\u00e1n de Fuego atr\u00e1s. All\u00ed descansamos unos 30 minutos. Luego el gu\u00eda nos dijo, subamos para ver el atardecer. El clima estaba muy nublado; hab\u00eda sol pero se oscurec\u00eda, caminamos casi hora y media. El problema es que all\u00ed hay puros barrancos, es la parte m\u00e1s peligrosa. Hay que tener cuidado donde te paras, porque puedes resbalarte en la arena con piedr\u00edn. Es de d\u00eda a\u00fan pero por tanta neblina, se oscurece. Por ratos, no puedes ver al que va caminando adelante&#8221;.<\/p>\t\t\t\t\t\t\t\t<\/div>\n\t\t\t\t\t<\/div>\n\t\t\t\t<\/div>\n\t\t<div data-particle_enable=\"false\" data-particle-mobile-disabled=\"false\" class=\"elementor-element elementor-element-1fca2ec e-flex e-con-boxed e-con e-parent\" data-id=\"1fca2ec\" data-element_type=\"container\" data-e-type=\"container\">\n\t\t\t\t\t<div class=\"e-con-inner\">\n\t\t\t\t<div class=\"elementor-element elementor-element-13d480e elementor-invisible elementor-widget elementor-widget-facebook-embed\" data-id=\"13d480e\" data-element_type=\"widget\" data-e-type=\"widget\" data-settings=\"{&quot;_animation&quot;:&quot;zoomInDown&quot;}\" data-widget_type=\"facebook-embed.default\">\n\t\t\t\t\t<div style=\"min-height: 1px\" class=\"elementor-facebook-widget fb-video\" data-href=\"https:\/\/www.facebook.com\/100008171023450\/videos\/861093095971914\" data-show-text=\"false\" data-allowfullscreen=\"false\" data-autoplay=\"false\" data-show-captions=\"false\"><\/div>\t\t\t\t<\/div>\n\t\t\t\t\t<\/div>\n\t\t\t\t<\/div>\n\t\t<div data-particle_enable=\"false\" data-particle-mobile-disabled=\"false\" class=\"elementor-element elementor-element-9c3523a e-flex e-con-boxed e-con e-parent\" data-id=\"9c3523a\" data-element_type=\"container\" data-e-type=\"container\">\n\t\t\t\t\t<div class=\"e-con-inner\">\n\t\t\t\t<div class=\"elementor-element elementor-element-6ee83a3 elementor-widget elementor-widget-heading\" data-id=\"6ee83a3\" data-element_type=\"widget\" data-e-type=\"widget\" data-widget_type=\"heading.default\">\n\t\t\t\t\t<h3 class=\"elementor-heading-title elementor-size-default\">Orgulloso de ser de Guatemala<\/h3>\t\t\t\t<\/div>\n\t\t\t\t\t<\/div>\n\t\t\t\t<\/div>\n\t\t<div data-particle_enable=\"false\" data-particle-mobile-disabled=\"false\" class=\"elementor-element elementor-element-ac5295c e-flex e-con-boxed e-con e-parent\" data-id=\"ac5295c\" data-element_type=\"container\" data-e-type=\"container\">\n\t\t\t\t\t<div class=\"e-con-inner\">\n\t\t\t\t<div class=\"elementor-element elementor-element-bf22474 elementor-widget elementor-widget-text-editor\" data-id=\"bf22474\" data-element_type=\"widget\" data-e-type=\"widget\" data-widget_type=\"text-editor.default\">\n\t\t\t\t\t\t\t\t\t<p><span style=\"color: var( --e-global-color-text ); text-align: var(--text-align);\">Hay tramos con tanta arena y piedras que das dos pasos y te regresas uno. Acampamos. Nos encontramos con un grupo de salvadore\u00f1os y otro de guatemaltecos.\u00a0 A la 3.30 de la ma\u00f1ana nos habl\u00f3 el gu\u00eda para empezar a subir para ver el amanecer y el volc\u00e1n de Fuego. Pero estaba lloviznando fuerte, esperamos. Se despej\u00f3 a las 8 de la ma\u00f1ana. Tambi\u00e9n hab\u00eda un grupo de turistas de Puebla, unos italianos. Me tom\u00e9 foto con un vato de Seattle y otro de Colorado. Eran monta\u00f1istas profesionales pero estaban admirados de la belleza del Acatenango.<\/span><\/p><p>Cuando logramos ver de cerca el de Fuego, a m\u00ed me dio miedo. Fue impresionante cuando empez\u00f3 a tirar erupci\u00f3n. Todo tiembla, el suelo se mueve, Se siente como si te est\u00e1n escarbando debajo de los pies. Pero a la vez, me sent\u00ed orgulloso de que esa belleza magn\u00edfica est\u00e1 en Guatemala<span style=\"color: var( --e-global-color-text ); text-align: var(--text-align);\">.<\/span><\/p>\t\t\t\t\t\t\t\t<\/div>\n\t\t\t\t\t<\/div>\n\t\t\t\t<\/div>\n\t\t<div data-particle_enable=\"false\" data-particle-mobile-disabled=\"false\" class=\"elementor-element elementor-element-d2f7ae0 e-flex e-con-boxed e-con e-parent\" data-id=\"d2f7ae0\" data-element_type=\"container\" data-e-type=\"container\">\n\t\t\t\t\t<div class=\"e-con-inner\">\n\t\t\t\t<div class=\"elementor-element elementor-element-454e819 elementor-widget elementor-widget-video\" data-id=\"454e819\" data-element_type=\"widget\" data-e-type=\"widget\" data-settings=\"{&quot;video_type&quot;:&quot;hosted&quot;,&quot;controls&quot;:&quot;yes&quot;}\" data-widget_type=\"video.default\">\n\t\t\t\t\t\t\t<div class=\"e-hosted-video elementor-wrapper elementor-open-inline\">\n\t\t\t\t\t<video class=\"elementor-video\" src=\"https:\/\/soymigrante.com\/revista\/wp-content\/uploads\/2025\/01\/4ef45fca-86db-4631-bdf5-aaeabcc92d93.mp4\" controls=\"\" preload=\"metadata\" controlsList=\"nodownload\"><\/video>\n\t\t\t\t<\/div>\n\t\t\t\t\t\t<\/div>\n\t\t\t\t\t<\/div>\n\t\t\t\t<\/div>\n\t\t<div data-particle_enable=\"false\" data-particle-mobile-disabled=\"false\" class=\"elementor-element elementor-element-a4fb846 e-flex e-con-boxed e-con e-parent\" data-id=\"a4fb846\" data-element_type=\"container\" data-e-type=\"container\">\n\t\t\t\t\t<div class=\"e-con-inner\">\n\t\t\t\t<div class=\"elementor-element elementor-element-48232a2 elementor-widget elementor-widget-heading\" data-id=\"48232a2\" data-element_type=\"widget\" data-e-type=\"widget\" data-widget_type=\"heading.default\">\n\t\t\t\t\t<h3 class=\"elementor-heading-title elementor-size-default\">Siempre se puede mejorar y debemos mejorar<\/h3>\t\t\t\t<\/div>\n\t\t\t\t\t<\/div>\n\t\t\t\t<\/div>\n\t\t<div data-particle_enable=\"false\" data-particle-mobile-disabled=\"false\" class=\"elementor-element elementor-element-d3a4efb e-flex e-con-boxed e-con e-parent\" data-id=\"d3a4efb\" data-element_type=\"container\" data-e-type=\"container\">\n\t\t\t\t\t<div class=\"e-con-inner\">\n\t\t\t\t<div class=\"elementor-element elementor-element-ef87fa0 elementor-widget elementor-widget-text-editor\" data-id=\"ef87fa0\" data-element_type=\"widget\" data-e-type=\"widget\" data-widget_type=\"text-editor.default\">\n\t\t\t\t\t\t\t\t\t<p><span style=\"color: var( --e-global-color-text ); font-family: Roboto, sans-serif; font-size: 16px; font-style: normal; font-variant-ligatures: normal; font-variant-caps: normal; font-weight: 400; text-align: var(--text-align);\">Hay que hablar lo que es. Soy de Guatemala, amo a Guatemala. Vivo en Estados Unidos, pero s\u00e9 que siempre debemos mejorar aqu\u00ed para ser competitivos. Hay gu\u00edas que son buena onda y otros solo les interesa el dinero. Ni siquiera son amables con la gente. Caminan sin importar que algunos viajeros no puedan llevar el paso y los dejan atr\u00e1s.\u00a0<\/span><\/p><p><span style=\"color: var( --e-global-color-text ); font-family: Roboto, sans-serif; font-size: 16px; font-style: normal; font-variant-ligatures: normal; font-variant-caps: normal; font-weight: 400; text-align: var(--text-align);\">Nosotros nos encontramos algunos turistas extranjeros perdidos, se hab\u00edan quedado reazagados. Su gu\u00eda subi\u00f3 con otros y los dej\u00f3 all\u00ed. Podr\u00edan perderse, porque hay muchos caminos y veredas. Pero no todos los gu\u00edas son as\u00ed; sin embargo deber\u00eda haber una supervisi\u00f3n sobre la calidad del servicio, porque es algo pagado&#8221;.<\/span><\/p><p><span style=\"color: var( --e-global-color-text ); text-align: var(--text-align);\">Yo he estado a muchos lugares tur\u00edsticos y tratan al turista como un amigo. Por ejemplo,\u00a0<\/span><span style=\"color: var( --e-global-color-text ); text-align: var(--text-align);\">en\u00a0 Puerto Vallarta, M\u00e9xico: tratan al turista con tanta atenci\u00f3n, porque saben que de \u00e9l comen, que gracias a su visita hay pan en la casa. Si el turista deja de venir, no tienen trabajo. Aqu\u00ed en Guatemala si te ven que vienes de EE.UU. te quieren cobrar de m\u00e1s, aunque seas de aqu\u00ed.<\/span><\/p><p><span style=\"color: var( --e-global-color-text ); text-align: var(--text-align);\">En Guatemala tenemos tesoros naturales maravillosos, pueden generar muchas m\u00e1s oportunidades de empleo, de desarrollo, pero debemos cuidar esos lugares y tambi\u00e9n ofrecer una atenci\u00f3n de calidad mundial. Nuestro gu\u00eda lo hace as\u00ed, porque sabe que de eso dependen m\u00e1s oportunidades a futuro.<\/span><\/p>\t\t\t\t\t\t\t\t<\/div>\n\t\t\t\t\t<\/div>\n\t\t\t\t<\/div>\n\t\t<div data-particle_enable=\"false\" data-particle-mobile-disabled=\"false\" class=\"elementor-element elementor-element-e04bd80 e-flex e-con-boxed e-con e-parent\" data-id=\"e04bd80\" data-element_type=\"container\" data-e-type=\"container\">\n\t\t\t\t\t<div class=\"e-con-inner\">\n\t\t\t\t<div class=\"elementor-element elementor-element-18caa8a elementor-widget elementor-widget-heading\" data-id=\"18caa8a\" data-element_type=\"widget\" data-e-type=\"widget\" data-widget_type=\"heading.default\">\n\t\t\t\t\t<h2 class=\"elementor-heading-title elementor-size-default\">Migrantes nunca olvidan su Tierra del Quetzal<\/h2>\t\t\t\t<\/div>\n\t\t\t\t\t<\/div>\n\t\t\t\t<\/div>\n\t\t<div data-particle_enable=\"false\" data-particle-mobile-disabled=\"false\" class=\"elementor-element elementor-element-da44bef e-flex e-con-boxed e-con e-parent\" data-id=\"da44bef\" data-element_type=\"container\" data-e-type=\"container\">\n\t\t\t\t\t<div class=\"e-con-inner\">\n\t\t\t\t<div class=\"elementor-element elementor-element-058e4ac elementor-grid-eael-col-3 elementor-grid-tablet-eael-col-2 elementor-grid-mobile-eael-col-1 elementor-widget elementor-widget-eael-post-grid\" data-id=\"058e4ac\" data-element_type=\"widget\" data-e-type=\"widget\" data-settings=\"{&quot;eael_post_grid_columns&quot;:&quot;eael-col-3&quot;,&quot;eael_post_grid_columns_tablet&quot;:&quot;eael-col-2&quot;,&quot;eael_post_grid_columns_mobile&quot;:&quot;eael-col-1&quot;}\" data-widget_type=\"eael-post-grid.default\">\n\t\t\t\t\t<div id=\"eael-post-grid-058e4ac\" class=\"eael-post-grid-container\">\n            <div class=\"eael-post-grid eael-post-appender eael-post-appender-058e4ac eael-post-grid-style-one\" data-layout-mode=\"masonry\"><article class=\"eael-grid-post  eael-post-grid-column eael-pg-post-9736 category-lugar-de-voces\" data-id=\"9736\">\n        <div class=\"eael-grid-post-holder\">\n            <div class=\"eael-grid-post-holder-inner\"><div class=\"eael-entry-media\"><div class=\"eael-entry-overlay fade-in\"><i class=\"far fa-hand-pointer\" aria-hidden=\"true\"><\/i><a href=\"https:\/\/soymigrante.com\/revista\/guatemaltecos-somos-parte-de-una-gran-union-hispana-leonel-arenas\/\"><\/a><\/div><div class=\"eael-entry-thumbnail \">\n                <img decoding=\"async\" width=\"1024\" height=\"1024\" src=\"https:\/\/soymigrante.com\/revista\/wp-content\/uploads\/2024\/09\/desfile-hispano-queens-guatemala-1-1024x1024.webp\" class=\"attachment-large size-large wp-image-9737\" alt=\"Disfruta de la diversidad cultural en la celebraci\u00f3n con personas en trajes tradicionales frente a un mural que menciona la generaci\u00f3n de energ\u00eda sostenible, promoviendo el orgullo y la identidad de la cultura latina.\" srcset=\"https:\/\/soymigrante.com\/revista\/wp-content\/uploads\/2024\/09\/desfile-hispano-queens-guatemala-1-1024x1024.webp 1024w, https:\/\/soymigrante.com\/revista\/wp-content\/uploads\/2024\/09\/desfile-hispano-queens-guatemala-1-300x300.webp 300w, https:\/\/soymigrante.com\/revista\/wp-content\/uploads\/2024\/09\/desfile-hispano-queens-guatemala-1-150x150.webp 150w, https:\/\/soymigrante.com\/revista\/wp-content\/uploads\/2024\/09\/desfile-hispano-queens-guatemala-1-768x768.webp 768w, https:\/\/soymigrante.com\/revista\/wp-content\/uploads\/2024\/09\/desfile-hispano-queens-guatemala-1-75x75.webp 75w, https:\/\/soymigrante.com\/revista\/wp-content\/uploads\/2024\/09\/desfile-hispano-queens-guatemala-1-750x750.webp 750w, https:\/\/soymigrante.com\/revista\/wp-content\/uploads\/2024\/09\/desfile-hispano-queens-guatemala-1-1140x1140.webp 1140w, https:\/\/soymigrante.com\/revista\/wp-content\/uploads\/2024\/09\/desfile-hispano-queens-guatemala-1.webp 1364w\" sizes=\"(max-width: 1024px) 100vw, 1024px\" \/>\n            <\/div>\n        <\/div><div class=\"eael-entry-wrapper\"><header class=\"eael-entry-header\"><h2 class=\"eael-entry-title\"><a class=\"eael-grid-post-link\" href=\"https:\/\/soymigrante.com\/revista\/guatemaltecos-somos-parte-de-una-gran-union-hispana-leonel-arenas\/\" title=\"&#8220;Guatemaltecos somos parte de una gran uni\u00f3n hispana&#8221;: Leonel Arenas\">&#8220;Guatemaltecos somos parte de una gran uni\u00f3n hispana&#8221;: Leonel Arenas<\/a><\/h2><\/header><div class=\"eael-entry-content\">\n                        <div class=\"eael-grid-post-excerpt\"><a href=\"https:\/\/soymigrante.com\/revista\/guatemaltecos-somos-parte-de-una-gran-union-hispana-leonel-arenas\/\" class=\"eael-post-elements-readmore-btn\">CONOCE SU HISTORIA <\/a><\/div>\n                    <\/div><\/div><\/div>\n        <\/div>\n    <\/article><article class=\"eael-grid-post  eael-post-grid-column eael-pg-post-7294 category-exitos\" data-id=\"7294\">\n        <div class=\"eael-grid-post-holder\">\n            <div class=\"eael-grid-post-holder-inner\"><div class=\"eael-entry-media\"><div class=\"eael-entry-overlay fade-in\"><i class=\"far fa-hand-pointer\" aria-hidden=\"true\"><\/i><a href=\"https:\/\/soymigrante.com\/revista\/david-aguilar-es-jaguar-venado-y-quetzal-migrante-en-canada\/\"><\/a><\/div><div class=\"eael-entry-thumbnail \">\n                <img loading=\"lazy\" decoding=\"async\" width=\"482\" height=\"482\" src=\"https:\/\/soymigrante.com\/revista\/wp-content\/uploads\/2024\/07\/migrante-en-canada.webp\" class=\"attachment-large size-large wp-image-7311\" alt=\"Relevancia.\" srcset=\"https:\/\/soymigrante.com\/revista\/wp-content\/uploads\/2024\/07\/migrante-en-canada.webp 482w, https:\/\/soymigrante.com\/revista\/wp-content\/uploads\/2024\/07\/migrante-en-canada-300x300.webp 300w, https:\/\/soymigrante.com\/revista\/wp-content\/uploads\/2024\/07\/migrante-en-canada-150x150.webp 150w, https:\/\/soymigrante.com\/revista\/wp-content\/uploads\/2024\/07\/migrante-en-canada-75x75.webp 75w\" sizes=\"(max-width: 482px) 100vw, 482px\" \/>\n            <\/div>\n        <\/div><div class=\"eael-entry-wrapper\"><header class=\"eael-entry-header\"><h2 class=\"eael-entry-title\"><a class=\"eael-grid-post-link\" href=\"https:\/\/soymigrante.com\/revista\/david-aguilar-es-jaguar-venado-y-quetzal-migrante-en-canada\/\" title=\"David Aguilar es jaguar, venado y quetzal migrante en Canad\u00e1\">David Aguilar es jaguar, venado y quetzal migrante en Canad\u00e1<\/a><\/h2><\/header><div class=\"eael-entry-content\">\n                        <div class=\"eael-grid-post-excerpt\"><a href=\"https:\/\/soymigrante.com\/revista\/david-aguilar-es-jaguar-venado-y-quetzal-migrante-en-canada\/\" class=\"eael-post-elements-readmore-btn\">CONOCE SU HISTORIA <\/a><\/div>\n                    <\/div><\/div><\/div>\n        <\/div>\n    <\/article><article class=\"eael-grid-post  eael-post-grid-column eael-pg-post-6366 category-lugar-de-voces\" data-id=\"6366\">\n        <div class=\"eael-grid-post-holder\">\n            <div class=\"eael-grid-post-holder-inner\"><div class=\"eael-entry-media\"><div class=\"eael-entry-overlay fade-in\"><i class=\"far fa-hand-pointer\" aria-hidden=\"true\"><\/i><a href=\"https:\/\/soymigrante.com\/revista\/articulo-guatemalteco-carlos-martinez-arquitecto-canada\/\"><\/a><\/div><div class=\"eael-entry-thumbnail \">\n                <img loading=\"lazy\" decoding=\"async\" width=\"662\" height=\"662\" src=\"https:\/\/soymigrante.com\/revista\/wp-content\/uploads\/2024\/05\/Captura-de-pantalla-2024-05-11-114759-e1715691885958.webp\" class=\"attachment-large size-large wp-image-6372\" alt=\"Relevancia.\" srcset=\"https:\/\/soymigrante.com\/revista\/wp-content\/uploads\/2024\/05\/Captura-de-pantalla-2024-05-11-114759-e1715691885958.webp 662w, https:\/\/soymigrante.com\/revista\/wp-content\/uploads\/2024\/05\/Captura-de-pantalla-2024-05-11-114759-e1715691885958-300x300.webp 300w, https:\/\/soymigrante.com\/revista\/wp-content\/uploads\/2024\/05\/Captura-de-pantalla-2024-05-11-114759-e1715691885958-150x150.webp 150w, https:\/\/soymigrante.com\/revista\/wp-content\/uploads\/2024\/05\/Captura-de-pantalla-2024-05-11-114759-e1715691885958-75x75.webp 75w\" sizes=\"(max-width: 662px) 100vw, 662px\" \/>\n            <\/div>\n        <\/div><div class=\"eael-entry-wrapper\"><header class=\"eael-entry-header\"><h2 class=\"eael-entry-title\"><a class=\"eael-grid-post-link\" href=\"https:\/\/soymigrante.com\/revista\/articulo-guatemalteco-carlos-martinez-arquitecto-canada\/\" title=\"Una fracci\u00f3n de m\u00ed se qued\u00f3 en Guatemala: estigmas y migraci\u00f3n\">Una fracci\u00f3n de m\u00ed se qued\u00f3 en Guatemala: estigmas y migraci\u00f3n<\/a><\/h2><\/header><div class=\"eael-entry-content\">\n                        <div class=\"eael-grid-post-excerpt\"><a href=\"https:\/\/soymigrante.com\/revista\/articulo-guatemalteco-carlos-martinez-arquitecto-canada\/\" class=\"eael-post-elements-readmore-btn\">CONOCE SU HISTORIA <\/a><\/div>\n                    <\/div><\/div><\/div>\n        <\/div>\n    <\/article><\/div>\n            <div class=\"clearfix\"><\/div>\n        <\/div>\t\t\t\t<\/div>\n\t\t\t\t\t<\/div>\n\t\t\t\t<\/div>\n\t\t\t\t<\/div>\n\t\t","protected":false},"excerpt":{"rendered":"<p>&nbsp;&nbsp;&#8220;Cuando logramos ver de cerca el cr\u00e1ter del volc\u00e1n de Fuego, fue emocionante. Me impresion\u00f3 cuando tron\u00f3 al tirar erupci\u00f3n. Todo tiembla, se mueve el suelo, como si te estuvieran escarbando debajo de los pies&#8221; Por Antonio Marcos, migrante guatemalteco residente en Houston, Texas &#8220;El reto surgi\u00f3 porque mis hijas, la mayor y la m\u00e1s [&hellip;]<\/p>\n","protected":false},"author":1,"featured_media":21455,"comment_status":"open","ping_status":"open","sticky":false,"template":"","format":"standard","meta":{"_acf_changed":false,"_eb_attr":"","footnotes":""},"categories":[56],"tags":[245],"class_list":["post-21453","post","type-post","status-publish","format-standard","has-post-thumbnail","hentry","category-lugar-de-voces","tag-volcanes-de-guatemala"],"acf":[],"aioseo_notices":[],"aioseo_head":"\n\t\t<!-- All in One SEO Pro 4.9.6.2 - aioseo.com -->\n\t<meta name=\"description\" content=\"Una fracci\u00f3n de m\u00ed se qued\u00f3 en Guatemala: estigmas y migraci\u00f3n\" \/>\n\t<meta name=\"robots\" content=\"max-snippet:-1, max-image-preview:large, max-video-preview:-1\" \/>\n\t<meta name=\"author\" content=\"SoyMigrante.com REVISTA\"\/>\n\t<link rel=\"canonical\" href=\"https:\/\/soymigrante.com\/revista\/articulo-guatemalteco-carlos-martinez-arquitecto-canada\/\" \/>\n\t<meta name=\"generator\" content=\"All in One SEO Pro (AIOSEO) 4.9.6.2\" \/>\n\n\t\t<link rel=\"preconnect\" href=\"https:\/\/fonts.googleapis.com\" crossorigin>\n<link rel=\"preconnect\" href=\"https:\/\/fonts.gstatic.com\" crossorigin>\n\t\t<meta property=\"og:locale\" content=\"es_ES\" \/>\n\t\t<meta property=\"og:site_name\" content=\"SoyMigrante.com REVISTA \u2013 Nuestra misi\u00f3n es reconocer y dignificar al migrante.\" \/>\n\t\t<meta property=\"og:type\" content=\"article\" \/>\n\t\t<meta property=\"og:title\" content=\"Una fracci\u00f3n de m\u00ed se qued\u00f3 en Guatemala: estigmas y migraci\u00f3n\" \/>\n\t\t<meta property=\"og:description\" content=\"Una fracci\u00f3n de m\u00ed se qued\u00f3 en Guatemala: estigmas y migraci\u00f3n\" \/>\n\t\t<meta property=\"og:url\" content=\"https:\/\/soymigrante.com\/revista\/articulo-guatemalteco-carlos-martinez-arquitecto-canada\/\" \/>\n\t\t<meta property=\"og:image\" content=\"https:\/\/soymigrante.com\/revista\/wp-content\/uploads\/2024\/05\/Captura-de-pantalla-2024-05-11-114759-e1715691885958.webp\" \/>\n\t\t<meta property=\"og:image:secure_url\" content=\"https:\/\/soymigrante.com\/revista\/wp-content\/uploads\/2024\/05\/Captura-de-pantalla-2024-05-11-114759-e1715691885958.webp\" \/>\n\t\t<meta property=\"og:image:width\" content=\"662\" \/>\n\t\t<meta property=\"og:image:height\" content=\"662\" \/>\n\t\t<meta property=\"article:published_time\" content=\"2024-05-11T17:55:26+00:00\" \/>\n\t\t<meta property=\"article:modified_time\" content=\"2024-11-01T17:33:33+00:00\" \/>\n\t\t<meta property=\"article:publisher\" content=\"https:\/\/www.facebook.com\/soymigrantecom\" \/>\n\t\t<meta name=\"twitter:card\" content=\"summary_large_image\" \/>\n\t\t<meta name=\"twitter:site\" content=\"@SoyMigrante_com\" \/>\n\t\t<meta name=\"twitter:title\" content=\"Una fracci\u00f3n de m\u00ed se qued\u00f3 en Guatemala: estigmas y migraci\u00f3n\" \/>\n\t\t<meta name=\"twitter:description\" content=\"Una fracci\u00f3n de m\u00ed se qued\u00f3 en Guatemala: estigmas y migraci\u00f3n\" \/>\n\t\t<meta name=\"twitter:creator\" content=\"@SoyMigrante_com\" \/>\n\t\t<meta name=\"twitter:image\" content=\"https:\/\/soymigrante.com\/revista\/wp-content\/uploads\/2024\/05\/Captura-de-pantalla-2024-05-11-114759-e1715691885958.webp\" \/>\n\t\t<!-- All in One SEO Pro -->\r\n\t\t<title>Una fracci\u00f3n de m\u00ed se qued\u00f3 en Guatemala: estigmas y migraci\u00f3n<\/title>\n\n","aioseo_head_json":{"title":"Una fracci\u00f3n de m\u00ed se qued\u00f3 en Guatemala: estigmas y migraci\u00f3n","description":"Una fracci\u00f3n de m\u00ed se qued\u00f3 en Guatemala: estigmas y migraci\u00f3n","canonical_url":"https:\/\/soymigrante.com\/revista\/articulo-guatemalteco-carlos-martinez-arquitecto-canada\/","robots":"max-snippet:-1, max-image-preview:large, max-video-preview:-1","keywords":"","webmasterTools":{"miscellaneous":"&lt;link rel=\"preconnect\" href=\"https:\/\/fonts.googleapis.com\" crossorigin&gt;\n&lt;link rel=\"preconnect\" href=\"https:\/\/fonts.gstatic.com\" crossorigin&gt;"},"schema":null,"og:locale":"es_ES","og:site_name":"SoyMigrante.com REVISTA \u2013 Nuestra misi\u00f3n es reconocer y dignificar al migrante.","og:type":"article","og:title":"Una fracci\u00f3n de m\u00ed se qued\u00f3 en Guatemala: estigmas y migraci\u00f3n","og:description":"Una fracci\u00f3n de m\u00ed se qued\u00f3 en Guatemala: estigmas y migraci\u00f3n","og:url":"https:\/\/soymigrante.com\/revista\/articulo-guatemalteco-carlos-martinez-arquitecto-canada\/","og:image":"https:\/\/soymigrante.com\/revista\/wp-content\/uploads\/2024\/05\/Captura-de-pantalla-2024-05-11-114759-e1715691885958.webp","og:image:secure_url":"https:\/\/soymigrante.com\/revista\/wp-content\/uploads\/2024\/05\/Captura-de-pantalla-2024-05-11-114759-e1715691885958.webp","og:image:width":662,"og:image:height":662,"article:published_time":"2024-05-11T17:55:26+00:00","article:modified_time":"2024-11-01T17:33:33+00:00","article:publisher":"https:\/\/www.facebook.com\/soymigrantecom","twitter:card":"summary_large_image","twitter:site":"@SoyMigrante_com","twitter:title":"Una fracci\u00f3n de m\u00ed se qued\u00f3 en Guatemala: estigmas y migraci\u00f3n","twitter:description":"Una fracci\u00f3n de m\u00ed se qued\u00f3 en Guatemala: estigmas y migraci\u00f3n","twitter:creator":"@SoyMigrante_com","twitter:image":"https:\/\/soymigrante.com\/revista\/wp-content\/uploads\/2024\/05\/Captura-de-pantalla-2024-05-11-114759-e1715691885958.webp"},"aioseo_meta_data":{"post_id":"21453","title":"Migrante relata aventura en los volcanes Acatenango y Fuego","description":"Antonio Marcos, radicado en Texas, visit\u00f3 a su familia en Totonicap\u00e1n. Nunca hab\u00eda escalado un volc\u00e1n pero tom\u00f3 el reto de subir el Acatenango. As\u00ed lo cuenta.","keywords":null,"keyphrases":{"focus":{"keyphrase":"Migrante","score":60,"analysis":{"keyphraseInTitle":{"score":9,"maxScore":9,"error":0},"keyphraseInDescription":{"score":3,"maxScore":9,"error":1},"keyphraseLength":{"score":9,"maxScore":9,"error":0,"length":1},"keyphraseInURL":{"score":5,"maxScore":5,"error":0},"keyphraseInIntroduction":{"score":9,"maxScore":9,"error":0},"keyphraseInSubHeadings":{"score":3,"maxScore":9,"error":1},"keyphraseInImageAlt":{"score":3,"maxScore":9,"error":1},"keywordDensity":{"score":0,"type":"low","maxScore":9,"error":1}}},"additional":[{"keyphrase":"Volc\u00e1n Acatenango","score":53,"analysis":{"keyphraseInDescription":{"score":3,"maxScore":9,"error":1},"keyphraseLength":{"score":9,"maxScore":9,"error":0,"length":3},"keyphraseInIntroduction":{"score":3,"maxScore":9,"error":1},"keyphraseInImageAlt":{"score":9,"maxScore":9,"error":0},"keywordDensity":{"score":0,"type":"low","maxScore":9,"error":1}}},{"keyphrase":"Volc\u00e1n de Fuego","score":67,"analysis":{"keyphraseInDescription":{"score":3,"maxScore":9,"error":1},"keyphraseLength":{"score":9,"maxScore":9,"error":0,"length":4},"keyphraseInIntroduction":{"score":9,"maxScore":9,"error":0},"keyphraseInImageAlt":{"score":9,"maxScore":9,"error":0},"keywordDensity":{"score":0,"type":"low","maxScore":9,"error":1}}},{"keyphrase":"Escalar","score":53,"analysis":{"keyphraseInDescription":{"score":3,"maxScore":9,"error":1},"keyphraseLength":{"score":9,"maxScore":9,"error":0,"length":1},"keyphraseInIntroduction":{"score":9,"maxScore":9,"error":0},"keyphraseInImageAlt":{"score":3,"maxScore":9,"error":1},"keywordDensity":{"score":0,"type":"low","maxScore":9,"error":1}}}]},"primary_term":null,"canonical_url":null,"og_title":null,"og_description":null,"og_object_type":"default","og_image_type":"default","og_image_url":null,"og_image_width":null,"og_image_height":null,"og_image_custom_url":null,"og_image_custom_fields":null,"og_video":"","og_custom_url":null,"og_article_section":null,"og_article_tags":null,"twitter_use_og":false,"twitter_card":"default","twitter_image_type":"default","twitter_image_url":null,"twitter_image_custom_url":null,"twitter_image_custom_fields":null,"twitter_title":null,"twitter_description":null,"schema":{"blockGraphs":[],"customGraphs":[],"default":{"data":{"Article":[],"Course":[],"Dataset":[],"FAQPage":[],"Movie":[],"Person":[],"Product":[],"ProductReview":[],"Car":[],"Recipe":[],"Service":[],"SoftwareApplication":[],"WebPage":[]},"graphName":"none","isEnabled":true},"graphs":[]},"schema_type":"default","schema_type_options":null,"pillar_content":false,"robots_default":true,"robots_noindex":false,"robots_noarchive":false,"robots_nosnippet":false,"robots_nofollow":false,"robots_noimageindex":false,"robots_noodp":false,"robots_notranslate":false,"robots_max_snippet":"-1","robots_max_videopreview":"-1","robots_max_imagepreview":"large","priority":null,"frequency":"default","local_seo":null,"seo_analyzer_scan_date":"2025-10-09 01:54:09","breadcrumb_settings":null,"limit_modified_date":false,"reviewed_by":"0","open_ai":"{\"title\":{\"suggestions\":[],\"usage\":0},\"description\":{\"suggestions\":[],\"usage\":0}}","ai":null,"created":"2025-01-17 16:18:55","updated":"2026-02-04 19:00:35"},"aioseo_breadcrumb":"<div class=\"aioseo-breadcrumbs\"><span class=\"aioseo-breadcrumb\">\n\t<a href=\"https:\/\/soymigrante.com\/revista\" title=\"Home\">Home<\/a>\n<\/span><span class=\"aioseo-breadcrumb-separator\">\u00bb<\/span><span class=\"aioseo-breadcrumb\">\n\t<a href=\"https:\/\/soymigrante.com\/revista\/category\/estamos-unidos\/\" title=\"Estamos Unidos\">Estamos Unidos<\/a>\n<\/span><span class=\"aioseo-breadcrumb-separator\">\u00bb<\/span><span class=\"aioseo-breadcrumb\">\n\t<a href=\"https:\/\/soymigrante.com\/revista\/category\/estamos-unidos\/lugar-de-voces\/\" title=\"Lugar de Voces\">Lugar de Voces<\/a>\n<\/span><span class=\"aioseo-breadcrumb-separator\">\u00bb<\/span><span class=\"aioseo-breadcrumb\">\n\tMigrante guatemalteco Antonio Marcos cuenta su experiencia en los volcanes Acatenango y de Fuego\n<\/span><\/div>","aioseo_breadcrumb_json":[{"label":"Home","link":"https:\/\/soymigrante.com\/revista"},{"label":"Estamos Unidos","link":"https:\/\/soymigrante.com\/revista\/category\/estamos-unidos\/"},{"label":"Lugar de Voces","link":"https:\/\/soymigrante.com\/revista\/category\/estamos-unidos\/lugar-de-voces\/"},{"label":"Migrante guatemalteco Antonio Marcos cuenta su experiencia en los volcanes Acatenango y de Fuego","link":"https:\/\/soymigrante.com\/revista\/migrante-guatemalteco-antonio-marcos-relata-su-aventura-en-los-volcanes-acatenango-y-de-fuego\/"}],"_links":{"self":[{"href":"https:\/\/soymigrante.com\/revista\/wp-json\/wp\/v2\/posts\/21453","targetHints":{"allow":["GET"]}}],"collection":[{"href":"https:\/\/soymigrante.com\/revista\/wp-json\/wp\/v2\/posts"}],"about":[{"href":"https:\/\/soymigrante.com\/revista\/wp-json\/wp\/v2\/types\/post"}],"author":[{"embeddable":true,"href":"https:\/\/soymigrante.com\/revista\/wp-json\/wp\/v2\/users\/1"}],"replies":[{"embeddable":true,"href":"https:\/\/soymigrante.com\/revista\/wp-json\/wp\/v2\/comments?post=21453"}],"version-history":[{"count":1,"href":"https:\/\/soymigrante.com\/revista\/wp-json\/wp\/v2\/posts\/21453\/revisions"}],"predecessor-version":[{"id":36154,"href":"https:\/\/soymigrante.com\/revista\/wp-json\/wp\/v2\/posts\/21453\/revisions\/36154"}],"wp:featuredmedia":[{"embeddable":true,"href":"https:\/\/soymigrante.com\/revista\/wp-json\/wp\/v2\/media\/21455"}],"wp:attachment":[{"href":"https:\/\/soymigrante.com\/revista\/wp-json\/wp\/v2\/media?parent=21453"}],"wp:term":[{"taxonomy":"category","embeddable":true,"href":"https:\/\/soymigrante.com\/revista\/wp-json\/wp\/v2\/categories?post=21453"},{"taxonomy":"post_tag","embeddable":true,"href":"https:\/\/soymigrante.com\/revista\/wp-json\/wp\/v2\/tags?post=21453"}],"curies":[{"name":"wp","href":"https:\/\/api.w.org\/{rel}","templated":true}]}}