{"id":214,"date":"2023-05-26T00:00:08","date_gmt":"2023-05-26T00:00:08","guid":{"rendered":"https:\/\/soymigrante.wpengine.com\/?p=214"},"modified":"2026-03-11T14:41:21","modified_gmt":"2026-03-11T20:41:21","slug":"juan-francisco-es-qanjobal-comunicador-impulsor-de-talentos-y-experto-en-robotica","status":"publish","type":"post","link":"https:\/\/soymigrante.com\/revista\/juan-francisco-es-qanjobal-comunicador-impulsor-de-talentos-y-experto-en-robotica\/","title":{"rendered":"Los guatemaltecos debemos cambiar de chip: Juan Francisco"},"content":{"rendered":"\t\t<div data-elementor-type=\"wp-post\" data-elementor-id=\"214\" class=\"elementor elementor-214\" data-elementor-post-type=\"post\">\n\t\t\t\t\t\t<section data-particle_enable=\"false\" data-particle-mobile-disabled=\"false\" class=\"elementor-section elementor-top-section elementor-element elementor-element-678a081f elementor-section-boxed elementor-section-height-default elementor-section-height-default\" data-id=\"678a081f\" data-element_type=\"section\" data-e-type=\"section\">\n\t\t\t\t\t\t<div class=\"elementor-container elementor-column-gap-default\">\n\t\t\t\t\t<div class=\"elementor-column elementor-col-100 elementor-top-column elementor-element elementor-element-498a2bb1\" data-id=\"498a2bb1\" data-element_type=\"column\" data-e-type=\"column\">\n\t\t\t<div class=\"elementor-widget-wrap elementor-element-populated\">\n\t\t\t\t\t\t<div class=\"elementor-element elementor-element-b7018e5 elementor-widget elementor-widget-heading\" data-id=\"b7018e5\" data-element_type=\"widget\" data-e-type=\"widget\" data-widget_type=\"heading.default\">\n\t\t\t\t\t<h2 class=\"elementor-heading-title elementor-size-default\">Juan Francisco es maya q\u2019anjob\u2019al, comunicador, impulsor de talentos y experto en rob\u00f3tica: su gran sue\u00f1o era transmitir m\u00fasica de marimba a sus compatriotas en EE.UU. y la sigue programando a diario desde Michigan para todo el mundo.<\/h2>\t\t\t\t<\/div>\n\t\t\t\t<div class=\"elementor-element elementor-element-d15cf1f elementor-widget elementor-widget-text-editor\" data-id=\"d15cf1f\" data-element_type=\"widget\" data-e-type=\"widget\" data-widget_type=\"text-editor.default\">\n\t\t\t\t\t\t\t\t\t<p>La radio es su pasi\u00f3n y por alg\u00fan tiempo fue un medio de ingresos. Juan Francisco, maya q\u2019anjob\u2019al guatemalteco, migrante, trabaja en el campo de la programaci\u00f3n rob\u00f3tica para la industria automotriz. No obstante, sigue adelante con el proyecto de sus sue\u00f1os Panchol\u00f3n Radio, una estaci\u00f3n digital que transmite m\u00fasica de marimba desde Michigan para todo el mundo.<\/p>\n<p>El sobrenombre viene de la forma en que un locutor deportivo le hac\u00eda el pase para que continuara la narraci\u00f3n. \u00bfQu\u00e9 dices Panchol\u00f3n?\u00a0 Est\u00e1 convencido de que todo migrante se puede superar con trabajo, pero tambi\u00e9n con aprendizaje y actitudes renovadas.<\/p>\n<p>De todo eso va la conversaci\u00f3n.<\/p>\t\t\t\t\t\t\t\t<\/div>\n\t\t\t\t<div class=\"elementor-element elementor-element-6c88a85 elementor-widget elementor-widget-heading\" data-id=\"6c88a85\" data-element_type=\"widget\" data-e-type=\"widget\" data-widget_type=\"heading.default\">\n\t\t\t\t\t<h2 class=\"elementor-heading-title elementor-size-default\">\u00bfC\u00f3mo surgi\u00f3 la idea de esta radio?<\/h2>\t\t\t\t<\/div>\n\t\t\t\t<div class=\"elementor-element elementor-element-8b63525 elementor-widget elementor-widget-text-editor\" data-id=\"8b63525\" data-element_type=\"widget\" data-e-type=\"widget\" data-widget_type=\"text-editor.default\">\n\t\t\t\t\t\t\t\t\t<p>La idea comenz\u00f3 en Los Angeles, en el a\u00f1o 2000. Pero solo idea. Yo trabajaba de voluntario en una radio pero no nos dejaban poner sones guatemaltecos, porque no era el formato.\u00a0 Pero yo deseaba poder escucharlos y compartirlos con m\u00e1s paisanos guatemaltecos. Conduc\u00eda de 9 a 11 de la noche.\u00a0<\/p>\t\t\t\t\t\t\t\t<\/div>\n\t\t\t\t<div class=\"elementor-element elementor-element-2c7ca4f elementor-widget elementor-widget-heading\" data-id=\"2c7ca4f\" data-element_type=\"widget\" data-e-type=\"widget\" data-widget_type=\"heading.default\">\n\t\t\t\t\t<h2 class=\"elementor-heading-title elementor-size-default\">\u00bfCu\u00e1ndo sali\u00f3 de Guatemala?<\/h2>\t\t\t\t<\/div>\n\t\t\t\t<div class=\"elementor-element elementor-element-7401812 elementor-widget elementor-widget-text-editor\" data-id=\"7401812\" data-element_type=\"widget\" data-e-type=\"widget\" data-widget_type=\"text-editor.default\">\n\t\t\t\t\t\t\t\t\t<p>En 1989, por la guerra. No hab\u00eda oportunidades de trabajo y hab\u00eda mucha violencia. Yo estaba estudiando perito contador, pero no hab\u00eda trabajo ni hab\u00eda oportunidad de seguir en la universidad.\u00a0 A los 17 a\u00f1os emprend\u00ed camino, cruzando M\u00e9xico, hasta Los Angeles, California.<\/p>\t\t\t\t\t\t\t\t<\/div>\n\t\t\t\t<div class=\"elementor-element elementor-element-fc8daf7 elementor-widget elementor-widget-heading\" data-id=\"fc8daf7\" data-element_type=\"widget\" data-e-type=\"widget\" data-widget_type=\"heading.default\">\n\t\t\t\t\t<h2 class=\"elementor-heading-title elementor-size-default\">\u00bfC\u00f3mo fue su llegada a EE.UU?<\/h2>\t\t\t\t<\/div>\n\t\t\t\t<div class=\"elementor-element elementor-element-3b5d9c9 elementor-widget elementor-widget-text-editor\" data-id=\"3b5d9c9\" data-element_type=\"widget\" data-e-type=\"widget\" data-widget_type=\"text-editor.default\">\n\t\t\t\t\t\t\t\t\t<p>Los guatemaltecos somos trabajadores, todos los paisanos son trabajadores, pero muchos\u00a0 nos enfrentamos con la barrera del idioma. En la calle o apartamentos uno comparte con paisanos, pero en los trabajos, sin ingl\u00e9s se dificulta.<\/p>\t\t\t\t\t\t\t\t<\/div>\n\t\t\t\t<div class=\"elementor-element elementor-element-0f940b9 elementor-widget elementor-widget-image\" data-id=\"0f940b9\" data-element_type=\"widget\" data-e-type=\"widget\" data-widget_type=\"image.default\">\n\t\t\t\t\t\t\t\t\t\t\t\t\t\t\t<img fetchpriority=\"high\" decoding=\"async\" width=\"512\" height=\"250\" src=\"https:\/\/soymigrante.com\/revista\/wp-content\/uploads\/2023\/02\/PANCHOLON-6.webp\" class=\"attachment-large size-large wp-image-216\" alt=\"Pacholon Radio Internacional\" srcset=\"https:\/\/soymigrante.com\/revista\/wp-content\/uploads\/2023\/02\/PANCHOLON-6.webp 512w, https:\/\/soymigrante.com\/revista\/wp-content\/uploads\/2023\/02\/PANCHOLON-6-300x146.webp 300w\" sizes=\"(max-width: 512px) 100vw, 512px\" title=\"Pacholon Radio Internacional \u2013 SoyMigrante.com REVISTA\" \/>\t\t\t\t\t\t\t\t\t\t\t\t\t\t\t<\/div>\n\t\t\t\t<div class=\"elementor-element elementor-element-e6fe6cd elementor-widget elementor-widget-heading\" data-id=\"e6fe6cd\" data-element_type=\"widget\" data-e-type=\"widget\" data-widget_type=\"heading.default\">\n\t\t\t\t\t<h2 class=\"elementor-heading-title elementor-size-default\">\u00bfEn qu\u00e9 trabaj\u00f3 al llegar a Estados Unidos?<\/h2>\t\t\t\t<\/div>\n\t\t\t\t<div class=\"elementor-element elementor-element-a28224c elementor-widget elementor-widget-text-editor\" data-id=\"a28224c\" data-element_type=\"widget\" data-e-type=\"widget\" data-widget_type=\"text-editor.default\">\n\t\t\t\t\t\t\t\t\t<p>En talleres de confecci\u00f3n de ropa; pantalones, camisas, de todo. Yo nunca hab\u00eda cosido antes. En Guatemala yo solo trabajaba siembras en la monta\u00f1a. Fue dif\u00edcil. Me dieron ganas de regresarme. Pero \u00bfa qu\u00e9 iba a volver? As\u00ed que yo dije: este trabajo no va a ser siempre para m\u00ed. A\u00fan as\u00ed trabaj\u00e9 siete a\u00f1os, pero al salir de trabajar me iba a la escuela nocturna, a estudiar ingl\u00e9s. Tambi\u00e9n logr\u00e9 cr\u00e9ditos de la escuela que aqu\u00ed se llama college.<\/p>\t\t\t\t\t\t\t\t<\/div>\n\t\t\t\t<div class=\"elementor-element elementor-element-0b60415 elementor-widget elementor-widget-heading\" data-id=\"0b60415\" data-element_type=\"widget\" data-e-type=\"widget\" data-widget_type=\"heading.default\">\n\t\t\t\t\t<h2 class=\"elementor-heading-title elementor-size-default\">\u00bfY en qu\u00e9 trabaj\u00f3 despu\u00e9s?<\/h2>\t\t\t\t<\/div>\n\t\t\t\t<div class=\"elementor-element elementor-element-5c8e3ca elementor-widget elementor-widget-text-editor\" data-id=\"5c8e3ca\" data-element_type=\"widget\" data-e-type=\"widget\" data-widget_type=\"text-editor.default\">\n\t\t\t\t\t\t\t\t\t<p>Ya con lo aprendido y con el ingl\u00e9s dominado, encontr\u00e9 trabajo en la publicidad. En aquel tiempo, finales de los 90s, no hab\u00eda redes sociales. Yo impulsaba empresas como Sears, Macy\u2019s o Coca Cola, yo iba repartiendo anuncios y hablando de las marcas. Era un mercadeo puerta a puerta. En mi camioneta llevaba a otros 5 trabajadores como impulsadores de productos.<\/p>\t\t\t\t\t\t\t\t<\/div>\n\t\t\t\t<div class=\"elementor-element elementor-element-4590436 elementor-widget elementor-widget-heading\" data-id=\"4590436\" data-element_type=\"widget\" data-e-type=\"widget\" data-widget_type=\"heading.default\">\n\t\t\t\t\t<h2 class=\"elementor-heading-title elementor-size-default\">\u00bfCu\u00e1ndo regres\u00f3 a la radio?<\/h2>\t\t\t\t<\/div>\n\t\t\t\t<div class=\"elementor-element elementor-element-b681dda elementor-widget elementor-widget-text-editor\" data-id=\"b681dda\" data-element_type=\"widget\" data-e-type=\"widget\" data-widget_type=\"text-editor.default\">\n\t\t\t\t\t\t\t\t\t<p>En Michigan hab\u00eda oportunidad de narrar juegos de furtbol en las ligas locales. Lo hac\u00eda gratis, pero me escuch\u00f3 un locutor local que me invit\u00f3 a comentar el mundial. Ven\u00eda el Mundial de Futbol de Sud\u00e1frica. Me qued\u00e9 con ganas de seguir en radio y un amigo en Huehuetenango estaba vendiendo equipo de una radio on line.\u00a0 Y en 2011 nace Panchol\u00f3n Radio.\u00a0 Segu\u00eda muy viva mi inquietud de poner marimba, sones, mi m\u00fasica. Nadie lo estaba haciendo. Gracias a Dios fuimos los primeros: as\u00ed que ganamos tremenda audiencia. Me invitaban a eventos de todo Estados Unidos. Porque los guatemaltecos siempre est\u00e1n muy enamorados de su cultura, no solo yo. Hay muchas tradiciones que se viven en los hogares.<\/p>\t\t\t\t\t\t\t\t<\/div>\n\t\t\t\t<div class=\"elementor-element elementor-element-62fc4f2 elementor-widget elementor-widget-image\" data-id=\"62fc4f2\" data-element_type=\"widget\" data-e-type=\"widget\" data-widget_type=\"image.default\">\n\t\t\t\t\t\t\t\t\t\t\t\t\t\t\t<img decoding=\"async\" width=\"689\" height=\"1024\" src=\"https:\/\/soymigrante.com\/revista\/wp-content\/uploads\/2023\/02\/PANCHOLON-1-689x1024.jpg\" class=\"attachment-large size-large wp-image-960\" alt=\"Pancolon Radio Internacional Francisco\" srcset=\"https:\/\/soymigrante.com\/revista\/wp-content\/uploads\/2023\/02\/PANCHOLON-1-689x1024.jpg 689w, https:\/\/soymigrante.com\/revista\/wp-content\/uploads\/2023\/02\/PANCHOLON-1-202x300.webp 202w, https:\/\/soymigrante.com\/revista\/wp-content\/uploads\/2023\/02\/PANCHOLON-1.webp 720w\" sizes=\"(max-width: 689px) 100vw, 689px\" title=\"Pancolon Radio Internacional Francisco \u2013 SoyMigrante.com REVISTA\" \/>\t\t\t\t\t\t\t\t\t\t\t\t\t\t\t<\/div>\n\t\t\t\t<div class=\"elementor-element elementor-element-38d3ee0 elementor-widget elementor-widget-heading\" data-id=\"38d3ee0\" data-element_type=\"widget\" data-e-type=\"widget\" data-widget_type=\"heading.default\">\n\t\t\t\t\t<h2 class=\"elementor-heading-title elementor-size-default\">\u00bfD\u00f3nde tiene m\u00e1s audiencia?<\/h2>\t\t\t\t<\/div>\n\t\t\t\t<div class=\"elementor-element elementor-element-c5d058e elementor-widget elementor-widget-text-editor\" data-id=\"c5d058e\" data-element_type=\"widget\" data-e-type=\"widget\" data-widget_type=\"text-editor.default\">\n\t\t\t\t\t\t\t\t\t<p>En Estados Unidos tenemos 1. California. 2. Florida 3. Alabama\u00a0 4. Georgia y 5. Las Carolinas. Nos escucha mucha gente de San Marcos, Huehuetenango y Alta Verapaz. Y en Guatemala tambi\u00e9n nos escuchan, sobre todo porque transmitimos segmentos en q\u2019anjob\u2019al y ya ampliamos nuestro grupo de locutoras. Son muchachas guatemaltecas que est\u00e1n estudiando en la universidad y logran un ingreso alternativo en la radio.<\/p>\t\t\t\t\t\t\t\t<\/div>\n\t\t\t\t<div class=\"elementor-element elementor-element-0a0f5c8 elementor-widget elementor-widget-heading\" data-id=\"0a0f5c8\" data-element_type=\"widget\" data-e-type=\"widget\" data-widget_type=\"heading.default\">\n\t\t\t\t\t<h2 class=\"elementor-heading-title elementor-size-default\">\u00bfCu\u00e1l es su gran sue\u00f1o?\n<\/h2>\t\t\t\t<\/div>\n\t\t\t\t<div class=\"elementor-element elementor-element-abfa148 elementor-widget elementor-widget-text-editor\" data-id=\"abfa148\" data-element_type=\"widget\" data-e-type=\"widget\" data-widget_type=\"text-editor.default\">\n\t\t\t\t\t\t\t\t\t<p>He logrado mis sue\u00f1os: cuando comenc\u00e9 la radio quer\u00eda conectar a m\u00e1s paisanos y as\u00ed ha sido. En 2016 una empresa de Reino Unido, Zenomedia, me busc\u00f3 y adquirido los derechos de la radio. Nos dieron aplicaciones modernas. Quiero fortalecer siempre la diversidad cultural guatemalteca en Estados Unidos. Porque a todos los guatemaltecos nos une la a\u00f1oranza por nuestra Tierra y queremos regresar alguna vez.<\/p>\t\t\t\t\t\t\t\t<\/div>\n\t\t\t\t<div class=\"elementor-element elementor-element-f800133 elementor-widget elementor-widget-heading\" data-id=\"f800133\" data-element_type=\"widget\" data-e-type=\"widget\" data-widget_type=\"heading.default\">\n\t\t\t\t\t<h2 class=\"elementor-heading-title elementor-size-default\">\u00bfSe dedica todo el tiempo a la radio?<\/h2>\t\t\t\t<\/div>\n\t\t\t\t<div class=\"elementor-element elementor-element-a3203fd elementor-widget elementor-widget-text-editor\" data-id=\"a3203fd\" data-element_type=\"widget\" data-e-type=\"widget\" data-widget_type=\"text-editor.default\">\n\t\t\t\t\t\t\t\t\t<p>No, solo transmito un programa. Mi campo es la programaci\u00f3n digital. No puedo hablar tanto de eso, pero me encargo de programar robots de la industria de ensamblaje automovil\u00edstico. Fue algo que aprend\u00ed en aquellos a\u00f1os en que me dediqu\u00e9 a trabajar y estudiar.<\/p>\n<p>Para terminar\u2026los guatemaltecos tienen cualidades pero si pudiera, \u00bfqu\u00e9 les cambiar\u00eda?<\/p>\n<p>Creo que hay que cambiar el \u201cchip\u201d en la mente de la nueva generaci\u00f3n: no podemos venir a trabajar solo en lo mismo. Tenemos que cultivarnos, aprender, adquirir conocimiento para progresar y ser algo m\u00e1s como ciudadanos, pero tambi\u00e9n como pa\u00eds.<\/p>\t\t\t\t\t\t\t\t<\/div>\n\t\t\t\t<div class=\"elementor-element elementor-element-13b5a45 elementor-headline--style-highlight elementor-widget elementor-widget-animated-headline\" data-id=\"13b5a45\" data-element_type=\"widget\" data-e-type=\"widget\" data-settings=\"{&quot;highlighted_text&quot;:&quot;https:\\\/\\\/pancholonradio.com\\\/&quot;,&quot;headline_style&quot;:&quot;highlight&quot;,&quot;marker&quot;:&quot;circle&quot;,&quot;loop&quot;:&quot;yes&quot;,&quot;highlight_animation_duration&quot;:1200,&quot;highlight_iteration_delay&quot;:8000}\" data-widget_type=\"animated-headline.default\">\n\t\t\t\t\t\t\t\t<a href=\"https:\/\/pancholonradio.com\/\">\n\n\t\t\t\t\t<h3 class=\"elementor-headline\">\n\t\t\t\t\t<span class=\"elementor-headline-plain-text elementor-headline-text-wrapper\">Sinton\u00edcelo en:<\/span>\n\t\t\t\t<span class=\"elementor-headline-dynamic-wrapper elementor-headline-text-wrapper\">\n\t\t\t\t\t<span class=\"elementor-headline-dynamic-text elementor-headline-text-active\">https:\/\/pancholonradio.com\/<\/span>\n\t\t\t\t<\/span>\n\t\t\t\t<\/h3>\n\t\t<\/a>\t\t\t\t<\/div>\n\t\t\t\t\t<\/div>\n\t\t<\/div>\n\t\t\t\t\t<\/div>\n\t\t<\/section>\n\t\t\t\t<\/div>\n\t\t","protected":false},"excerpt":{"rendered":"<p>La radio es su pasi\u00f3n y por alg\u00fan tiempo fue un medio de ingresos. Juan Francisco, maya q\u2019anjob\u2019al guatemalteco, migrante, trabaja en el campo de la programaci\u00f3n rob\u00f3tica para la industria automotriz. No obstante, sigue adelante con el proyecto de sus sue\u00f1os Panchol\u00f3n Radio, una estaci\u00f3n digital que transmite m\u00fasica de marimba desde Michigan para todo el mundo.<\/p>\n","protected":false},"author":1,"featured_media":960,"comment_status":"open","ping_status":"open","sticky":false,"template":"","format":"standard","meta":{"_acf_changed":false,"_eb_attr":"","footnotes":""},"categories":[50,274],"tags":[292],"class_list":["post-214","post","type-post","status-publish","format-standard","has-post-thumbnail","hentry","category-exitos","category-guatemala","tag-michigan"],"acf":[],"aioseo_notices":[],"aioseo_head":"\n\t\t<!-- All in One SEO Pro 4.9.6.2 - aioseo.com -->\n\t<meta name=\"description\" content=\"La radio es su pasi\u00f3n y por alg\u00fan tiempo fue un medio de ingresos. Juan Francisco, maya q\u2019anjob\u2019al guatemalteco, migrante, trabaja en el campo de la programaci\u00f3n rob\u00f3tica para la industria automotriz. No obstante, sigue adelante con el proyecto de sus sue\u00f1os Panchol\u00f3n Radio, una estaci\u00f3n digital que transmite m\u00fasica de marimba desde Michigan para todo el mundo.\" \/>\n\t<meta name=\"robots\" content=\"max-snippet:-1, max-image-preview:large, max-video-preview:-1\" \/>\n\t<meta name=\"author\" content=\"SoyMigrante.com REVISTA\"\/>\n\t<link rel=\"canonical\" href=\"https:\/\/soymigrante.com\/revista\/juan-francisco-es-qanjobal-comunicador-impulsor-de-talentos-y-experto-en-robotica\/\" \/>\n\t<meta name=\"generator\" content=\"All in One SEO Pro (AIOSEO) 4.9.6.2\" \/>\n\n\t\t<link rel=\"preconnect\" href=\"https:\/\/fonts.googleapis.com\" crossorigin>\n<link rel=\"preconnect\" href=\"https:\/\/fonts.gstatic.com\" crossorigin>\n\t\t<meta property=\"og:locale\" content=\"es_ES\" \/>\n\t\t<meta property=\"og:site_name\" content=\"SoyMigrante.com REVISTA \u2013 Nuestra misi\u00f3n es reconocer y dignificar al migrante.\" \/>\n\t\t<meta property=\"og:type\" content=\"article\" \/>\n\t\t<meta property=\"og:title\" content=\"Los guatemaltecos debemos cambiar de chip: Juan Francisco\" \/>\n\t\t<meta property=\"og:description\" content=\"La radio es su pasi\u00f3n y por alg\u00fan tiempo fue un medio de ingresos. Juan Francisco, maya q\u2019anjob\u2019al guatemalteco, migrante, trabaja en el campo de la programaci\u00f3n rob\u00f3tica para la industria automotriz. No obstante, sigue adelante con el proyecto de sus sue\u00f1os Panchol\u00f3n Radio, una estaci\u00f3n digital que transmite m\u00fasica de marimba desde Michigan para todo el mundo.\" \/>\n\t\t<meta property=\"og:url\" content=\"https:\/\/soymigrante.com\/revista\/juan-francisco-es-qanjobal-comunicador-impulsor-de-talentos-y-experto-en-robotica\/\" \/>\n\t\t<meta property=\"og:image\" content=\"https:\/\/soymigrante.com\/revista\/wp-content\/uploads\/2023\/02\/PANCHOLON-1.webp\" \/>\n\t\t<meta property=\"og:image:secure_url\" content=\"https:\/\/soymigrante.com\/revista\/wp-content\/uploads\/2023\/02\/PANCHOLON-1.webp\" \/>\n\t\t<meta property=\"og:image:width\" content=\"720\" \/>\n\t\t<meta property=\"og:image:height\" content=\"1070\" \/>\n\t\t<meta property=\"article:published_time\" content=\"2023-05-26T00:00:08+00:00\" \/>\n\t\t<meta property=\"article:modified_time\" content=\"2026-03-11T20:41:21+00:00\" \/>\n\t\t<meta property=\"article:publisher\" content=\"https:\/\/www.facebook.com\/soymigrantecom\" \/>\n\t\t<meta name=\"twitter:card\" content=\"summary_large_image\" \/>\n\t\t<meta name=\"twitter:site\" content=\"@SoyMigrante_com\" \/>\n\t\t<meta name=\"twitter:title\" content=\"Los guatemaltecos debemos cambiar de chip: Juan Francisco\" \/>\n\t\t<meta name=\"twitter:description\" content=\"La radio es su pasi\u00f3n y por alg\u00fan tiempo fue un medio de ingresos. Juan Francisco, maya q\u2019anjob\u2019al guatemalteco, migrante, trabaja en el campo de la programaci\u00f3n rob\u00f3tica para la industria automotriz. No obstante, sigue adelante con el proyecto de sus sue\u00f1os Panchol\u00f3n Radio, una estaci\u00f3n digital que transmite m\u00fasica de marimba desde Michigan para todo el mundo.\" \/>\n\t\t<meta name=\"twitter:creator\" content=\"@SoyMigrante_com\" \/>\n\t\t<meta name=\"twitter:image\" content=\"https:\/\/soymigrante.com\/revista\/wp-content\/uploads\/2023\/02\/PANCHOLON-1.webp\" \/>\n\t\t<!-- All in One SEO Pro -->\r\n\t\t<title>Los guatemaltecos debemos cambiar de chip: Juan Francisco<\/title>\n\n","aioseo_head_json":{"title":"Los guatemaltecos debemos cambiar de chip: Juan Francisco","description":"La radio es su pasi\u00f3n y por alg\u00fan tiempo fue un medio de ingresos. Juan Francisco, maya q\u2019anjob\u2019al guatemalteco, migrante, trabaja en el campo de la programaci\u00f3n rob\u00f3tica para la industria automotriz. No obstante, sigue adelante con el proyecto de sus sue\u00f1os Panchol\u00f3n Radio, una estaci\u00f3n digital que transmite m\u00fasica de marimba desde Michigan para todo el mundo.","canonical_url":"https:\/\/soymigrante.com\/revista\/juan-francisco-es-qanjobal-comunicador-impulsor-de-talentos-y-experto-en-robotica\/","robots":"max-snippet:-1, max-image-preview:large, max-video-preview:-1","keywords":"","webmasterTools":{"miscellaneous":"&lt;link rel=\"preconnect\" href=\"https:\/\/fonts.googleapis.com\" crossorigin&gt;\n&lt;link rel=\"preconnect\" href=\"https:\/\/fonts.gstatic.com\" crossorigin&gt;"},"schema":null,"og:locale":"es_ES","og:site_name":"SoyMigrante.com REVISTA \u2013 Nuestra misi\u00f3n es reconocer y dignificar al migrante.","og:type":"article","og:title":"Los guatemaltecos debemos cambiar de chip: Juan Francisco","og:description":"La radio es su pasi\u00f3n y por alg\u00fan tiempo fue un medio de ingresos. Juan Francisco, maya q\u2019anjob\u2019al guatemalteco, migrante, trabaja en el campo de la programaci\u00f3n rob\u00f3tica para la industria automotriz. No obstante, sigue adelante con el proyecto de sus sue\u00f1os Panchol\u00f3n Radio, una estaci\u00f3n digital que transmite m\u00fasica de marimba desde Michigan para todo el mundo.","og:url":"https:\/\/soymigrante.com\/revista\/juan-francisco-es-qanjobal-comunicador-impulsor-de-talentos-y-experto-en-robotica\/","og:image":"https:\/\/soymigrante.com\/revista\/wp-content\/uploads\/2023\/02\/PANCHOLON-1.webp","og:image:secure_url":"https:\/\/soymigrante.com\/revista\/wp-content\/uploads\/2023\/02\/PANCHOLON-1.webp","og:image:width":720,"og:image:height":1070,"article:published_time":"2023-05-26T00:00:08+00:00","article:modified_time":"2026-03-11T20:41:21+00:00","article:publisher":"https:\/\/www.facebook.com\/soymigrantecom","twitter:card":"summary_large_image","twitter:site":"@SoyMigrante_com","twitter:title":"Los guatemaltecos debemos cambiar de chip: Juan Francisco","twitter:description":"La radio es su pasi\u00f3n y por alg\u00fan tiempo fue un medio de ingresos. Juan Francisco, maya q\u2019anjob\u2019al guatemalteco, migrante, trabaja en el campo de la programaci\u00f3n rob\u00f3tica para la industria automotriz. No obstante, sigue adelante con el proyecto de sus sue\u00f1os Panchol\u00f3n Radio, una estaci\u00f3n digital que transmite m\u00fasica de marimba desde Michigan para todo el mundo.","twitter:creator":"@SoyMigrante_com","twitter:image":"https:\/\/soymigrante.com\/revista\/wp-content\/uploads\/2023\/02\/PANCHOLON-1.webp"},"aioseo_meta_data":{"post_id":"214","title":"#post_title","description":"#post_excerpt","keywords":null,"keyphrases":{"focus":{"keyphrase":"Guatemaltecos","score":59,"analysis":{"keyphraseInTitle":{"score":9,"maxScore":9,"error":0},"keyphraseInDescription":{"score":3,"maxScore":9,"error":1},"keyphraseLength":{"score":9,"maxScore":9,"error":0,"length":1},"keyphraseInURL":{"score":1,"maxScore":5,"error":1},"keyphraseInIntroduction":{"score":3,"maxScore":9,"error":1},"keyphraseInSubHeadings":{"score":3,"maxScore":9,"error":1},"keyphraseInImageAlt":{"score":3,"maxScore":9,"error":1},"keywordDensity":{"type":"best","score":9,"maxScore":9,"error":0}}},"additional":[]},"primary_term":null,"canonical_url":null,"og_title":null,"og_description":null,"og_object_type":"default","og_image_type":"default","og_image_url":null,"og_image_width":null,"og_image_height":null,"og_image_custom_url":null,"og_image_custom_fields":null,"og_video":"","og_custom_url":null,"og_article_section":null,"og_article_tags":null,"twitter_use_og":false,"twitter_card":"default","twitter_image_type":"default","twitter_image_url":null,"twitter_image_custom_url":null,"twitter_image_custom_fields":null,"twitter_title":null,"twitter_description":null,"schema":{"blockGraphs":[],"customGraphs":[],"default":{"data":{"Article":[],"Course":[],"Dataset":[],"FAQPage":[],"Movie":[],"Person":[],"Product":[],"ProductReview":[],"Car":[],"Recipe":[],"Service":[],"SoftwareApplication":[],"WebPage":[]},"graphName":"Article","isEnabled":true},"graphs":[]},"schema_type":"default","schema_type_options":null,"pillar_content":false,"robots_default":true,"robots_noindex":false,"robots_noarchive":false,"robots_nosnippet":false,"robots_nofollow":false,"robots_noimageindex":false,"robots_noodp":false,"robots_notranslate":false,"robots_max_snippet":"-1","robots_max_videopreview":"-1","robots_max_imagepreview":"large","priority":null,"frequency":"default","local_seo":null,"seo_analyzer_scan_date":"2026-03-16 21:44:37","breadcrumb_settings":null,"limit_modified_date":false,"reviewed_by":null,"open_ai":"{\"title\":{\"suggestions\":[],\"usage\":0},\"description\":{\"suggestions\":[],\"usage\":0}}","ai":null,"created":"2023-08-17 09:12:00","updated":"2026-03-16 21:44:37"},"aioseo_breadcrumb":"<div class=\"aioseo-breadcrumbs\"><span class=\"aioseo-breadcrumb\">\n\t<a href=\"https:\/\/soymigrante.com\/revista\" title=\"Home\">Home<\/a>\n<\/span><span class=\"aioseo-breadcrumb-separator\">\u00bb<\/span><span class=\"aioseo-breadcrumb\">\n\t<a href=\"https:\/\/soymigrante.com\/revista\/category\/exitos\/\" title=\"\u00c9xitos\">\u00c9xitos<\/a>\n<\/span><span class=\"aioseo-breadcrumb-separator\">\u00bb<\/span><span class=\"aioseo-breadcrumb\">\n\t<a href=\"https:\/\/soymigrante.com\/revista\/category\/exitos\/guatemala\/\" title=\"Guatemala\">Guatemala<\/a>\n<\/span><span class=\"aioseo-breadcrumb-separator\">\u00bb<\/span><span class=\"aioseo-breadcrumb\">\n\tLos guatemaltecos debemos cambiar de chip: Juan Francisco\n<\/span><\/div>","aioseo_breadcrumb_json":[{"label":"Home","link":"https:\/\/soymigrante.com\/revista"},{"label":"\u00c9xitos","link":"https:\/\/soymigrante.com\/revista\/category\/exitos\/"},{"label":"Guatemala","link":"https:\/\/soymigrante.com\/revista\/category\/exitos\/guatemala\/"},{"label":"Los guatemaltecos debemos cambiar de chip: Juan Francisco","link":"https:\/\/soymigrante.com\/revista\/juan-francisco-es-qanjobal-comunicador-impulsor-de-talentos-y-experto-en-robotica\/"}],"_links":{"self":[{"href":"https:\/\/soymigrante.com\/revista\/wp-json\/wp\/v2\/posts\/214","targetHints":{"allow":["GET"]}}],"collection":[{"href":"https:\/\/soymigrante.com\/revista\/wp-json\/wp\/v2\/posts"}],"about":[{"href":"https:\/\/soymigrante.com\/revista\/wp-json\/wp\/v2\/types\/post"}],"author":[{"embeddable":true,"href":"https:\/\/soymigrante.com\/revista\/wp-json\/wp\/v2\/users\/1"}],"replies":[{"embeddable":true,"href":"https:\/\/soymigrante.com\/revista\/wp-json\/wp\/v2\/comments?post=214"}],"version-history":[{"count":1,"href":"https:\/\/soymigrante.com\/revista\/wp-json\/wp\/v2\/posts\/214\/revisions"}],"predecessor-version":[{"id":53569,"href":"https:\/\/soymigrante.com\/revista\/wp-json\/wp\/v2\/posts\/214\/revisions\/53569"}],"wp:featuredmedia":[{"embeddable":true,"href":"https:\/\/soymigrante.com\/revista\/wp-json\/wp\/v2\/media\/960"}],"wp:attachment":[{"href":"https:\/\/soymigrante.com\/revista\/wp-json\/wp\/v2\/media?parent=214"}],"wp:term":[{"taxonomy":"category","embeddable":true,"href":"https:\/\/soymigrante.com\/revista\/wp-json\/wp\/v2\/categories?post=214"},{"taxonomy":"post_tag","embeddable":true,"href":"https:\/\/soymigrante.com\/revista\/wp-json\/wp\/v2\/tags?post=214"}],"curies":[{"name":"wp","href":"https:\/\/api.w.org\/{rel}","templated":true}]}}