{"id":21276,"date":"2025-01-17T06:00:00","date_gmt":"2025-01-17T12:00:00","guid":{"rendered":"https:\/\/soymigrante.com\/revista\/?p=21276"},"modified":"2025-01-26T17:35:32","modified_gmt":"2025-01-26T23:35:32","slug":"como-saber-si-mi-hijo-tiene-sobrepeso-y-que-hacer","status":"publish","type":"post","link":"https:\/\/soymigrante.com\/revista\/como-saber-si-mi-hijo-tiene-sobrepeso-y-que-hacer\/","title":{"rendered":"\u00bfC\u00f3mo saber si mi hijo tiene sobrepeso y qu\u00e9 hacer?"},"content":{"rendered":"\t\t<div data-elementor-type=\"wp-post\" data-elementor-id=\"21276\" class=\"elementor elementor-21276\" data-elementor-post-type=\"post\">\n\t\t\t\t<div data-particle_enable=\"false\" data-particle-mobile-disabled=\"false\" class=\"elementor-element elementor-element-a479d7e e-flex e-con-boxed e-con e-parent\" data-id=\"a479d7e\" data-element_type=\"container\" data-e-type=\"container\">\n\t\t\t\t\t<div class=\"e-con-inner\">\n\t\t\t\t<div class=\"elementor-element elementor-element-798c631 elementor-widget elementor-widget-heading\" data-id=\"798c631\" data-element_type=\"widget\" data-e-type=\"widget\" data-widget_type=\"heading.default\">\n\t\t\t\t\t<h2 class=\"elementor-heading-title elementor-size-default\">Ayudar a un hijo con sobrepeso requiere de amor, paciencia y compromiso. La clave est\u00e1 en promover un entorno saludable donde el ni\u00f1o se sienta apoyado y motivado.  <\/h2>\t\t\t\t<\/div>\n\t\t\t\t\t<\/div>\n\t\t\t\t<\/div>\n\t\t<div data-particle_enable=\"false\" data-particle-mobile-disabled=\"false\" class=\"elementor-element elementor-element-f06fa45 e-flex e-con-boxed e-con e-parent\" data-id=\"f06fa45\" data-element_type=\"container\" data-e-type=\"container\">\n\t\t\t\t\t<div class=\"e-con-inner\">\n\t\t\t\t<div class=\"elementor-element elementor-element-142d0f3 elementor-widget elementor-widget-text-editor\" data-id=\"142d0f3\" data-element_type=\"widget\" data-e-type=\"widget\" data-widget_type=\"text-editor.default\">\n\t\t\t\t\t\t\t\t\t<p>El sobrepeso en ni\u00f1os es una preocupaci\u00f3n creciente a nivel mundial. Seg\u00fan<a href=\"https:\/\/www.who.int\/\" target=\"_blank\" rel=\"noopener\"> la Organizaci\u00f3n Mundial de la Salud (OMS),<\/a> los casos de obesidad infantil se han triplicado en los \u00faltimos 30 a\u00f1os.<\/p><p>Este problema no solo afecta la salud f\u00edsica, sino tambi\u00e9n el bienestar emocional de los menores, seg\u00fan Lucia Villatoro, nutricionista, es prioridad ayudar a los ni\u00f1os, para evitar problemas en la adultez.<\/p><p>Ayudar a tu hijo a adoptar <a href=\"https:\/\/soymigrante.com\/revista\/dias-de-frio-que-frutas-fortalecen-mejor-las-defensas-contra-resfriados-y-gripes\/\" target=\"_blank\" rel=\"noopener\">h\u00e1bitos saludables es crucial para mejorar su calidad de vida<\/a> y prevenir problemas a futuro.<\/p><p>Aqu\u00ed te presentamos consejos pr\u00e1cticos para abordar esta situaci\u00f3n de manera efectiva y amorosa.<\/p>\t\t\t\t\t\t\t\t<\/div>\n\t\t\t\t\t<\/div>\n\t\t\t\t<\/div>\n\t\t<div data-particle_enable=\"false\" data-particle-mobile-disabled=\"false\" class=\"elementor-element elementor-element-05d0a3f e-flex e-con-boxed e-con e-parent\" data-id=\"05d0a3f\" data-element_type=\"container\" data-e-type=\"container\">\n\t\t\t\t\t<div class=\"e-con-inner\">\n\t\t\t\t<div class=\"elementor-element elementor-element-6ddf9f8 elementor-widget elementor-widget-heading\" data-id=\"6ddf9f8\" data-element_type=\"widget\" data-e-type=\"widget\" data-widget_type=\"heading.default\">\n\t\t\t\t\t<h3 class=\"elementor-heading-title elementor-size-default\">1. Entender la causa del sobrepeso<\/h3>\t\t\t\t<\/div>\n\t\t\t\t\t<\/div>\n\t\t\t\t<\/div>\n\t\t<div data-particle_enable=\"false\" data-particle-mobile-disabled=\"false\" class=\"elementor-element elementor-element-5fd1cc6 e-flex e-con-boxed e-con e-parent\" data-id=\"5fd1cc6\" data-element_type=\"container\" data-e-type=\"container\">\n\t\t\t\t\t<div class=\"e-con-inner\">\n\t\t\t\t<div class=\"elementor-element elementor-element-c7badbe elementor-widget elementor-widget-text-editor\" data-id=\"c7badbe\" data-element_type=\"widget\" data-e-type=\"widget\" data-widget_type=\"text-editor.default\">\n\t\t\t\t\t\t\t\t\t<p>El sobrepeso en ni\u00f1os puede ser causado por diversos factores, como una alimentaci\u00f3n desequilibrada, falta de actividad f\u00edsica, gen\u00e9tica o problemas emocionales.<\/p><p>Lo primero es consultar a un m\u00e9dico o nutricionista para evaluar la salud general del menor, identificar posibles causas y trazar un plan personalizado.<\/p>\t\t\t\t\t\t\t\t<\/div>\n\t\t\t\t\t<\/div>\n\t\t\t\t<\/div>\n\t\t<div data-particle_enable=\"false\" data-particle-mobile-disabled=\"false\" class=\"elementor-element elementor-element-7992b5c e-flex e-con-boxed e-con e-parent\" data-id=\"7992b5c\" data-element_type=\"container\" data-e-type=\"container\">\n\t\t\t\t\t<div class=\"e-con-inner\">\n\t\t\t\t<div class=\"elementor-element elementor-element-8438907 elementor-widget elementor-widget-heading\" data-id=\"8438907\" data-element_type=\"widget\" data-e-type=\"widget\" data-widget_type=\"heading.default\">\n\t\t\t\t\t<h3 class=\"elementor-heading-title elementor-size-default\">2. Fomentar una alimentaci\u00f3n saludable<\/h3>\t\t\t\t<\/div>\n\t\t\t\t\t<\/div>\n\t\t\t\t<\/div>\n\t\t<div data-particle_enable=\"false\" data-particle-mobile-disabled=\"false\" class=\"elementor-element elementor-element-afe256a e-flex e-con-boxed e-con e-parent\" data-id=\"afe256a\" data-element_type=\"container\" data-e-type=\"container\">\n\t\t\t\t\t<div class=\"e-con-inner\">\n\t\t\t\t<div class=\"elementor-element elementor-element-565870f elementor-widget elementor-widget-text-editor\" data-id=\"565870f\" data-element_type=\"widget\" data-e-type=\"widget\" data-widget_type=\"text-editor.default\">\n\t\t\t\t\t\t\t\t\t<div>No se trata de poner al ni\u00f1o a dieta estricta, sino de ense\u00f1ar buenos h\u00e1bitos alimenticios. Algunos consejos incluyen:<\/div><div>\u00a0<\/div><div><strong>\u2022Planificar comidas balanceadas:<\/strong> Incluir frutas, verduras, prote\u00ednas magras y granos integrales en cada comida.<\/div><div><strong>\u2022Evitar alimentos ultraprocesados:<\/strong> Reducir el consumo de bebidas azucaradas, snacks empaquetados y comida r\u00e1pida.<\/div><div><strong>\u2022Involucrar al ni\u00f1o en la cocina<\/strong>: Cocinar juntos fomenta el inter\u00e9s por alimentos saludables.<\/div><div><strong>\u2022Tama\u00f1os de porciones adecuados:<\/strong> Ense\u00f1arles a comer hasta sentirse satisfechos, no llenos.<\/div>\t\t\t\t\t\t\t\t<\/div>\n\t\t\t\t\t<\/div>\n\t\t\t\t<\/div>\n\t\t<div data-particle_enable=\"false\" data-particle-mobile-disabled=\"false\" class=\"elementor-element elementor-element-8522a28 e-flex e-con-boxed e-con e-parent\" data-id=\"8522a28\" data-element_type=\"container\" data-e-type=\"container\">\n\t\t\t\t\t<div class=\"e-con-inner\">\n\t\t\t\t<div class=\"elementor-element elementor-element-e149985 elementor-widget elementor-widget-image\" data-id=\"e149985\" data-element_type=\"widget\" data-e-type=\"widget\" data-widget_type=\"image.default\">\n\t\t\t\t\t\t\t\t\t\t\t\t<figure class=\"wp-caption\">\n\t\t\t\t\t\t\t\t\t\t<img fetchpriority=\"high\" decoding=\"async\" width=\"683\" height=\"1024\" src=\"https:\/\/soymigrante.com\/revista\/wp-content\/uploads\/2025\/01\/Como-ayudar-a-mi-hijo-con-sobrepeso-recomendaciones-y-consejos4-683x1024.jpg\" class=\"attachment-large size-large wp-image-21284\" alt=\"Refresco de leche con t\u00e9 de baya, fresa y pl\u00e1tano en botella medidora en un desayuno saludable.\" srcset=\"https:\/\/soymigrante.com\/revista\/wp-content\/uploads\/2025\/01\/Como-ayudar-a-mi-hijo-con-sobrepeso-recomendaciones-y-consejos4-683x1024.jpg 683w, https:\/\/soymigrante.com\/revista\/wp-content\/uploads\/2025\/01\/Como-ayudar-a-mi-hijo-con-sobrepeso-recomendaciones-y-consejos4-200x300.jpg 200w, https:\/\/soymigrante.com\/revista\/wp-content\/uploads\/2025\/01\/Como-ayudar-a-mi-hijo-con-sobrepeso-recomendaciones-y-consejos4-768x1152.jpg 768w, https:\/\/soymigrante.com\/revista\/wp-content\/uploads\/2025\/01\/Como-ayudar-a-mi-hijo-con-sobrepeso-recomendaciones-y-consejos4-1024x1536.jpg 1024w, https:\/\/soymigrante.com\/revista\/wp-content\/uploads\/2025\/01\/Como-ayudar-a-mi-hijo-con-sobrepeso-recomendaciones-y-consejos4-1365x2048.jpg 1365w, https:\/\/soymigrante.com\/revista\/wp-content\/uploads\/2025\/01\/Como-ayudar-a-mi-hijo-con-sobrepeso-recomendaciones-y-consejos4-750x1125.webp 750w, https:\/\/soymigrante.com\/revista\/wp-content\/uploads\/2025\/01\/Como-ayudar-a-mi-hijo-con-sobrepeso-recomendaciones-y-consejos4-1140x1710.webp 1140w, https:\/\/soymigrante.com\/revista\/wp-content\/uploads\/2025\/01\/Como-ayudar-a-mi-hijo-con-sobrepeso-recomendaciones-y-consejos4-scaled.webp 1280w\" sizes=\"(max-width: 683px) 100vw, 683px\" title=\"C\u00f3mo ayudar a mi hijo con sobrepeso recomendaciones y consejos4 \u2013 SoyMigrante.com REVISTA\" \/>\t\t\t\t\t\t\t\t\t\t\t<figcaption class=\"widget-image-caption wp-caption-text\">Bebida nutritiva de leche de soja con fruta, perfecta para un desayuno saludable y energizante, acompa\u00f1ada de frutas frescas y un desayuno balanceado.<\/figcaption>\n\t\t\t\t\t\t\t\t\t\t<\/figure>\n\t\t\t\t\t\t\t\t\t<\/div>\n\t\t\t\t\t<\/div>\n\t\t\t\t<\/div>\n\t\t<div data-particle_enable=\"false\" data-particle-mobile-disabled=\"false\" class=\"elementor-element elementor-element-5d7e5f4 e-flex e-con-boxed e-con e-parent\" data-id=\"5d7e5f4\" data-element_type=\"container\" data-e-type=\"container\">\n\t\t\t\t\t<div class=\"e-con-inner\">\n\t\t\t\t<div class=\"elementor-element elementor-element-25e4ca5 elementor-widget elementor-widget-heading\" data-id=\"25e4ca5\" data-element_type=\"widget\" data-e-type=\"widget\" data-widget_type=\"heading.default\">\n\t\t\t\t\t<h3 class=\"elementor-heading-title elementor-size-default\">3. Fomentar la actividad f\u00edsica<\/h3>\t\t\t\t<\/div>\n\t\t\t\t\t<\/div>\n\t\t\t\t<\/div>\n\t\t<div data-particle_enable=\"false\" data-particle-mobile-disabled=\"false\" class=\"elementor-element elementor-element-abaac1a e-flex e-con-boxed e-con e-parent\" data-id=\"abaac1a\" data-element_type=\"container\" data-e-type=\"container\">\n\t\t\t\t\t<div class=\"e-con-inner\">\n\t\t\t\t<div class=\"elementor-element elementor-element-6486a1d elementor-widget elementor-widget-text-editor\" data-id=\"6486a1d\" data-element_type=\"widget\" data-e-type=\"widget\" data-widget_type=\"text-editor.default\">\n\t\t\t\t\t\t\t\t\t<div>El ejercicio no solo ayuda a quemar calor\u00edas, sino que tambi\u00e9n mejora el estado de \u00e1nimo y fortalece el cuerpo. Para motivar a tu hijo:<\/div><div>\u2022Encuentra actividades que disfrute, como bailar, montar bicicleta o jugar f\u00fatbol.<\/div><div>\u2022Limita el tiempo frente a pantallas a un m\u00e1ximo de dos horas diarias.<\/div><div>\u2022Realiza actividades en familia, como caminatas o paseos al aire libre.<\/div>\t\t\t\t\t\t\t\t<\/div>\n\t\t\t\t\t<\/div>\n\t\t\t\t<\/div>\n\t\t<div data-particle_enable=\"false\" data-particle-mobile-disabled=\"false\" class=\"elementor-element elementor-element-5c8b692 e-flex e-con-boxed e-con e-parent\" data-id=\"5c8b692\" data-element_type=\"container\" data-e-type=\"container\">\n\t\t\t\t\t<div class=\"e-con-inner\">\n\t\t\t\t<div class=\"elementor-element elementor-element-451582f elementor-widget elementor-widget-heading\" data-id=\"451582f\" data-element_type=\"widget\" data-e-type=\"widget\" data-widget_type=\"heading.default\">\n\t\t\t\t\t<h3 class=\"elementor-heading-title elementor-size-default\">4. Fortalecer la autoestima y el apoyo emocional<\/h3>\t\t\t\t<\/div>\n\t\t\t\t\t<\/div>\n\t\t\t\t<\/div>\n\t\t<div data-particle_enable=\"false\" data-particle-mobile-disabled=\"false\" class=\"elementor-element elementor-element-bfd6ef4 e-flex e-con-boxed e-con e-parent\" data-id=\"bfd6ef4\" data-element_type=\"container\" data-e-type=\"container\">\n\t\t\t\t\t<div class=\"e-con-inner\">\n\t\t\t\t<div class=\"elementor-element elementor-element-42b42d7 elementor-widget elementor-widget-text-editor\" data-id=\"42b42d7\" data-element_type=\"widget\" data-e-type=\"widget\" data-widget_type=\"text-editor.default\">\n\t\t\t\t\t\t\t\t\t<div>El sobrepeso puede afectar la confianza de los ni\u00f1os, especialmente si enfrentan burlas o comentarios negativos. Como padre, es importante:<\/div><div>\u2022Evitar cr\u00edticas o rega\u00f1os relacionados con su peso.<\/div><div>\u2022Resaltar sus logros y habilidades en lugar de enfocarse solo en su apariencia.<\/div><div>\u2022Mantener una comunicaci\u00f3n abierta y escucharlos si expresan inseguridades.<\/div>\t\t\t\t\t\t\t\t<\/div>\n\t\t\t\t\t<\/div>\n\t\t\t\t<\/div>\n\t\t<div data-particle_enable=\"false\" data-particle-mobile-disabled=\"false\" class=\"elementor-element elementor-element-6a8e950 e-flex e-con-boxed e-con e-parent\" data-id=\"6a8e950\" data-element_type=\"container\" data-e-type=\"container\">\n\t\t\t\t\t<div class=\"e-con-inner\">\n\t\t\t\t<div class=\"elementor-element elementor-element-4c6bf17 elementor-widget elementor-widget-image\" data-id=\"4c6bf17\" data-element_type=\"widget\" data-e-type=\"widget\" data-widget_type=\"image.default\">\n\t\t\t\t\t\t\t\t\t\t\t\t<figure class=\"wp-caption\">\n\t\t\t\t\t\t\t\t\t\t<img decoding=\"async\" width=\"768\" height=\"512\" src=\"https:\/\/soymigrante.com\/revista\/wp-content\/uploads\/2025\/01\/Como-ayudar-a-mi-hijo-con-sobrepeso-recomendaciones-y-consejos2-1024x683.jpg\" class=\"attachment-large size-large wp-image-21286\" alt=\"Dolor de est\u00f3mago, molestias abdominales, hinchaz\u00f3n o indigesti\u00f3n.\" srcset=\"https:\/\/soymigrante.com\/revista\/wp-content\/uploads\/2025\/01\/Como-ayudar-a-mi-hijo-con-sobrepeso-recomendaciones-y-consejos2-1024x683.jpg 1024w, https:\/\/soymigrante.com\/revista\/wp-content\/uploads\/2025\/01\/Como-ayudar-a-mi-hijo-con-sobrepeso-recomendaciones-y-consejos2-300x200.jpg 300w, https:\/\/soymigrante.com\/revista\/wp-content\/uploads\/2025\/01\/Como-ayudar-a-mi-hijo-con-sobrepeso-recomendaciones-y-consejos2-768x512.jpg 768w, https:\/\/soymigrante.com\/revista\/wp-content\/uploads\/2025\/01\/Como-ayudar-a-mi-hijo-con-sobrepeso-recomendaciones-y-consejos2-1536x1025.jpg 1536w, https:\/\/soymigrante.com\/revista\/wp-content\/uploads\/2025\/01\/Como-ayudar-a-mi-hijo-con-sobrepeso-recomendaciones-y-consejos2-2048x1367.jpg 2048w, https:\/\/soymigrante.com\/revista\/wp-content\/uploads\/2025\/01\/Como-ayudar-a-mi-hijo-con-sobrepeso-recomendaciones-y-consejos2-750x500.webp 750w, https:\/\/soymigrante.com\/revista\/wp-content\/uploads\/2025\/01\/Como-ayudar-a-mi-hijo-con-sobrepeso-recomendaciones-y-consejos2-1140x761.webp 1140w, https:\/\/soymigrante.com\/revista\/wp-content\/uploads\/2025\/01\/Como-ayudar-a-mi-hijo-con-sobrepeso-recomendaciones-y-consejos2-scaled.webp 1920w\" sizes=\"(max-width: 768px) 100vw, 768px\" title=\"C\u00f3mo ayudar a mi hijo con sobrepeso recomendaciones y consejos2 \u2013 SoyMigrante.com REVISTA\" \/>\t\t\t\t\t\t\t\t\t\t\t<figcaption class=\"widget-image-caption wp-caption-text\">Imagen que muestra dolor abdominal en una persona, resaltando s\u00edntomas comunes relacionados con problemas digestivos, ideal para art\u00edculos sobre salud gastrointestinal.<\/figcaption>\n\t\t\t\t\t\t\t\t\t\t<\/figure>\n\t\t\t\t\t\t\t\t\t<\/div>\n\t\t\t\t\t<\/div>\n\t\t\t\t<\/div>\n\t\t<div data-particle_enable=\"false\" data-particle-mobile-disabled=\"false\" class=\"elementor-element elementor-element-cb89f43 e-flex e-con-boxed e-con e-parent\" data-id=\"cb89f43\" data-element_type=\"container\" data-e-type=\"container\">\n\t\t\t\t\t<div class=\"e-con-inner\">\n\t\t\t\t<div class=\"elementor-element elementor-element-dd42897 elementor-widget elementor-widget-heading\" data-id=\"dd42897\" data-element_type=\"widget\" data-e-type=\"widget\" data-widget_type=\"heading.default\">\n\t\t\t\t\t<h3 class=\"elementor-heading-title elementor-size-default\">5. Establecer h\u00e1bitos familiares saludables<\/h3>\t\t\t\t<\/div>\n\t\t\t\t\t<\/div>\n\t\t\t\t<\/div>\n\t\t<div data-particle_enable=\"false\" data-particle-mobile-disabled=\"false\" class=\"elementor-element elementor-element-6538c2a e-flex e-con-boxed e-con e-parent\" data-id=\"6538c2a\" data-element_type=\"container\" data-e-type=\"container\">\n\t\t\t\t\t<div class=\"e-con-inner\">\n\t\t\t\t<div class=\"elementor-element elementor-element-e37ee2b elementor-widget elementor-widget-text-editor\" data-id=\"e37ee2b\" data-element_type=\"widget\" data-e-type=\"widget\" data-widget_type=\"text-editor.default\">\n\t\t\t\t\t\t\t\t\t<p>Los ni\u00f1os tienden a imitar a los adultos, por lo que es fundamental que toda la familia adopte un estilo de vida saludable.<\/p><p><a href=\"https:\/\/soymigrante.com\/revista\/dias-de-frio-que-frutas-fortalecen-mejor-las-defensas-contra-resfriados-y-gripes\/\" target=\"_blank\" rel=\"noopener\">Comer juntos en un ambiente tranquilo, promover actividades f\u00edsicas<\/a>, familiares y evitar la compra de alimentos poco saludables son pasos clave para generar un cambio sostenible.<\/p>\t\t\t\t\t\t\t\t<\/div>\n\t\t\t\t\t<\/div>\n\t\t\t\t<\/div>\n\t\t<div data-particle_enable=\"false\" data-particle-mobile-disabled=\"false\" class=\"elementor-element elementor-element-e216a4c e-flex e-con-boxed e-con e-parent\" data-id=\"e216a4c\" data-element_type=\"container\" data-e-type=\"container\">\n\t\t\t\t\t<div class=\"e-con-inner\">\n\t\t\t\t<div class=\"elementor-element elementor-element-324c9c6 elementor-widget elementor-widget-heading\" data-id=\"324c9c6\" data-element_type=\"widget\" data-e-type=\"widget\" data-widget_type=\"heading.default\">\n\t\t\t\t\t<h3 class=\"elementor-heading-title elementor-size-default\">6. Consultar a profesionales<\/h3>\t\t\t\t<\/div>\n\t\t\t\t\t<\/div>\n\t\t\t\t<\/div>\n\t\t<div data-particle_enable=\"false\" data-particle-mobile-disabled=\"false\" class=\"elementor-element elementor-element-1705bd8 e-flex e-con-boxed e-con e-parent\" data-id=\"1705bd8\" data-element_type=\"container\" data-e-type=\"container\">\n\t\t\t\t\t<div class=\"e-con-inner\">\n\t\t\t\t<div class=\"elementor-element elementor-element-a674e10 elementor-widget elementor-widget-text-editor\" data-id=\"a674e10\" data-element_type=\"widget\" data-e-type=\"widget\" data-widget_type=\"text-editor.default\">\n\t\t\t\t\t\t\t\t\t<p>En algunos casos, el sobrepeso puede estar relacionado con problemas m\u00e9dicos o psicol\u00f3gicos, como el estr\u00e9s o la ansiedad. Contar con el apoyo de un pediatra, nutricionista o psic\u00f3logo puede ser de gran ayuda <a href=\"https:\/\/soymigrante.com\/revista\/dias-de-frio-que-frutas-fortalecen-mejor-las-defensas-contra-resfriados-y-gripes\/\" target=\"_blank\" rel=\"noopener\">para tratar la ra\u00edz del problema<\/a> y acompa\u00f1ar a tu hijo en el proceso.<\/p>\t\t\t\t\t\t\t\t<\/div>\n\t\t\t\t\t<\/div>\n\t\t\t\t<\/div>\n\t\t<div data-particle_enable=\"false\" data-particle-mobile-disabled=\"false\" class=\"elementor-element elementor-element-8820bd7 e-flex e-con-boxed e-con e-parent\" data-id=\"8820bd7\" data-element_type=\"container\" data-e-type=\"container\">\n\t\t\t\t\t<div class=\"e-con-inner\">\n\t\t\t\t<div class=\"elementor-element elementor-element-46fd06f elementor-widget elementor-widget-image\" data-id=\"46fd06f\" data-element_type=\"widget\" data-e-type=\"widget\" data-widget_type=\"image.default\">\n\t\t\t\t\t\t\t\t\t\t\t\t<figure class=\"wp-caption\">\n\t\t\t\t\t\t\t\t\t\t<img decoding=\"async\" width=\"768\" height=\"512\" src=\"https:\/\/soymigrante.com\/revista\/wp-content\/uploads\/2025\/01\/Como-ayudar-a-mi-hijo-con-sobrepeso-recomendaciones-y-consejos-1024x683.jpg\" class=\"attachment-large size-large wp-image-21288\" alt=\"Algod\u00f3n de comida r\u00e1pida, papas fritas, hamburguesa y pizza, cultura migrante, estilo de vida, comida callejera, gastronom\u00eda internacional, comida r\u00e1pida para migrantes, ingredientes frescos, alimentaci\u00f3n en movilidad.\" srcset=\"https:\/\/soymigrante.com\/revista\/wp-content\/uploads\/2025\/01\/Como-ayudar-a-mi-hijo-con-sobrepeso-recomendaciones-y-consejos-1024x683.jpg 1024w, https:\/\/soymigrante.com\/revista\/wp-content\/uploads\/2025\/01\/Como-ayudar-a-mi-hijo-con-sobrepeso-recomendaciones-y-consejos-300x200.jpg 300w, https:\/\/soymigrante.com\/revista\/wp-content\/uploads\/2025\/01\/Como-ayudar-a-mi-hijo-con-sobrepeso-recomendaciones-y-consejos-768x512.jpg 768w, https:\/\/soymigrante.com\/revista\/wp-content\/uploads\/2025\/01\/Como-ayudar-a-mi-hijo-con-sobrepeso-recomendaciones-y-consejos-1536x1024.jpg 1536w, https:\/\/soymigrante.com\/revista\/wp-content\/uploads\/2025\/01\/Como-ayudar-a-mi-hijo-con-sobrepeso-recomendaciones-y-consejos-2048x1365.jpg 2048w, https:\/\/soymigrante.com\/revista\/wp-content\/uploads\/2025\/01\/Como-ayudar-a-mi-hijo-con-sobrepeso-recomendaciones-y-consejos-750x500.webp 750w, https:\/\/soymigrante.com\/revista\/wp-content\/uploads\/2025\/01\/Como-ayudar-a-mi-hijo-con-sobrepeso-recomendaciones-y-consejos-1140x760.webp 1140w, https:\/\/soymigrante.com\/revista\/wp-content\/uploads\/2025\/01\/Como-ayudar-a-mi-hijo-con-sobrepeso-recomendaciones-y-consejos-scaled.webp 1920w\" sizes=\"(max-width: 768px) 100vw, 768px\" title=\"C\u00f3mo ayudar a mi hijo con sobrepeso recomendaciones y consejos \u2013 SoyMigrante.com REVISTA\" \/>\t\t\t\t\t\t\t\t\t\t\t<figcaption class=\"widget-image-caption wp-caption-text\">Comida r\u00e1pida para inmigrantes y migrantes: papas fritas, hamburguesas y pizza en Latinoam\u00e9rica.<\/figcaption>\n\t\t\t\t\t\t\t\t\t\t<\/figure>\n\t\t\t\t\t\t\t\t\t<\/div>\n\t\t\t\t\t<\/div>\n\t\t\t\t<\/div>\n\t\t<div data-particle_enable=\"false\" data-particle-mobile-disabled=\"false\" class=\"elementor-element elementor-element-318ea10 e-flex e-con-boxed e-con e-parent\" data-id=\"318ea10\" data-element_type=\"container\" data-e-type=\"container\">\n\t\t\t\t\t<div class=\"e-con-inner\">\n\t\t\t\t<div class=\"elementor-element elementor-element-0b3b953 elementor-widget elementor-widget-heading\" data-id=\"0b3b953\" data-element_type=\"widget\" data-e-type=\"widget\" data-widget_type=\"heading.default\">\n\t\t\t\t\t<h3 class=\"elementor-heading-title elementor-size-default\">7. Tener paciencia y celebrar los peque\u00f1os logros<\/h3>\t\t\t\t<\/div>\n\t\t\t\t\t<\/div>\n\t\t\t\t<\/div>\n\t\t<div data-particle_enable=\"false\" data-particle-mobile-disabled=\"false\" class=\"elementor-element elementor-element-3658b81 e-flex e-con-boxed e-con e-parent\" data-id=\"3658b81\" data-element_type=\"container\" data-e-type=\"container\">\n\t\t\t\t\t<div class=\"e-con-inner\">\n\t\t\t\t<div class=\"elementor-element elementor-element-2364cc3 elementor-widget elementor-widget-text-editor\" data-id=\"2364cc3\" data-element_type=\"widget\" data-e-type=\"widget\" data-widget_type=\"text-editor.default\">\n\t\t\t\t\t\t\t\t\t<p>El cambio no sucede de la noche a la ma\u00f1ana. Es fundamental ser constante y celebrar cada avance, por peque\u00f1o que sea. Esto refuerza el compromiso del ni\u00f1o y mejora su confianza.<\/p>\t\t\t\t\t\t\t\t<\/div>\n\t\t\t\t\t<\/div>\n\t\t\t\t<\/div>\n\t\t<div data-particle_enable=\"false\" data-particle-mobile-disabled=\"false\" class=\"elementor-element elementor-element-85e1a52 e-flex e-con-boxed e-con e-parent\" data-id=\"85e1a52\" data-element_type=\"container\" data-e-type=\"container\">\n\t\t\t\t\t<div class=\"e-con-inner\">\n\t\t\t\t<div class=\"elementor-element elementor-element-18fd757 elementor-widget elementor-widget-text-editor\" data-id=\"18fd757\" data-element_type=\"widget\" data-e-type=\"widget\" data-widget_type=\"text-editor.default\">\n\t\t\t\t\t\t\t\t\t<p><a href=\"https:\/\/soymigrante.com\/revista\/dias-de-frio-que-frutas-fortalecen-mejor-las-defensas-contra-resfriados-y-gripes\/\" target=\"_blank\" rel=\"noopener\">Recuerda que el objetivo no es solo perder peso<\/a>, sino mejorar su calidad de vida y asegurar su bienestar a largo plazo.<\/p>\t\t\t\t\t\t\t\t<\/div>\n\t\t\t\t\t<\/div>\n\t\t\t\t<\/div>\n\t\t<div data-particle_enable=\"false\" data-particle-mobile-disabled=\"false\" class=\"elementor-element elementor-element-e9bae5e e-flex e-con-boxed e-con e-parent\" data-id=\"e9bae5e\" data-element_type=\"container\" data-e-type=\"container\">\n\t\t\t\t\t<div class=\"e-con-inner\">\n\t\t\t\t<div class=\"elementor-element elementor-element-5b8ba8d elementor-widget elementor-widget-heading\" data-id=\"5b8ba8d\" data-element_type=\"widget\" data-e-type=\"widget\" data-widget_type=\"heading.default\">\n\t\t\t\t\t<h2 class=\"elementor-heading-title elementor-size-default\">Sigue estos consejos para cuidar de los que amas...<\/h2>\t\t\t\t<\/div>\n\t\t\t\t\t<\/div>\n\t\t\t\t<\/div>\n\t\t<div data-particle_enable=\"false\" data-particle-mobile-disabled=\"false\" class=\"elementor-element elementor-element-9c63245 e-flex e-con-boxed e-con e-parent\" data-id=\"9c63245\" data-element_type=\"container\" data-e-type=\"container\">\n\t\t\t\t\t<div class=\"e-con-inner\">\n\t\t\t\t<div class=\"elementor-element elementor-element-d59b002 elementor-grid-eael-col-3 elementor-grid-tablet-eael-col-2 elementor-grid-mobile-eael-col-1 elementor-widget elementor-widget-eael-post-grid\" data-id=\"d59b002\" data-element_type=\"widget\" data-e-type=\"widget\" data-settings=\"{&quot;eael_post_grid_columns&quot;:&quot;eael-col-3&quot;,&quot;eael_post_grid_columns_tablet&quot;:&quot;eael-col-2&quot;,&quot;eael_post_grid_columns_mobile&quot;:&quot;eael-col-1&quot;}\" data-widget_type=\"eael-post-grid.default\">\n\t\t\t\t\t<div id=\"eael-post-grid-d59b002\" class=\"eael-post-grid-container\">\n            <div class=\"eael-post-grid eael-post-appender eael-post-appender-d59b002 eael-post-grid-style-one\" data-layout-mode=\"masonry\"><article class=\"eael-grid-post  eael-post-grid-column eael-pg-post-8765 category-bienestar\" data-id=\"8765\">\n        <div class=\"eael-grid-post-holder\">\n            <div class=\"eael-grid-post-holder-inner\"><div class=\"eael-entry-media\"><div class=\"eael-entry-overlay fade-in\"><i class=\"far fa-hand-pointer\" aria-hidden=\"true\"><\/i><a href=\"https:\/\/soymigrante.com\/revista\/seis-consejos-para-conseguir-ser-una-persona-puntual\/\"><\/a><\/div><div class=\"eael-entry-thumbnail \">\n                <img loading=\"lazy\" decoding=\"async\" width=\"1024\" height=\"770\" src=\"https:\/\/soymigrante.com\/revista\/wp-content\/uploads\/2024\/08\/Zonas-horarias--1024x770.webp\" class=\"attachment-large size-large wp-image-8324\" alt=\"Reloj de bolsillo dorado con mecanismo visible, simbolizando el paso del tiempo y la historia de migrantes en la Rep\u00fablica Mexicana y Estados Unidos.\" \/>\n            <\/div>\n        <\/div><div class=\"eael-entry-wrapper\"><header class=\"eael-entry-header\"><h2 class=\"eael-entry-title\"><a class=\"eael-grid-post-link\" href=\"https:\/\/soymigrante.com\/revista\/seis-consejos-para-conseguir-ser-una-persona-puntual\/\" title=\"Seis consejos para conseguir ser una persona puntual\">Seis consejos para conseguir ser una persona puntual<\/a><\/h2><\/header><div class=\"eael-entry-content\">\n                        <div class=\"eael-grid-post-excerpt\"><a href=\"https:\/\/soymigrante.com\/revista\/seis-consejos-para-conseguir-ser-una-persona-puntual\/\" class=\"eael-post-elements-readmore-btn\">CONOCE SU HISTORIA <\/a><\/div>\n                    <\/div><\/div><\/div>\n        <\/div>\n    <\/article><article class=\"eael-grid-post  eael-post-grid-column eael-pg-post-8629 category-salud-emocional tags-salud-emocional\" data-id=\"8629\">\n        <div class=\"eael-grid-post-holder\">\n            <div class=\"eael-grid-post-holder-inner\"><div class=\"eael-entry-media\"><div class=\"eael-entry-overlay fade-in\"><i class=\"far fa-hand-pointer\" aria-hidden=\"true\"><\/i><a href=\"https:\/\/soymigrante.com\/revista\/consejos-para-ayudar-a-enfrentar-el-duelo-migratorio-en-ninos\/\"><\/a><\/div><div class=\"eael-entry-thumbnail \">\n                <img loading=\"lazy\" decoding=\"async\" width=\"1024\" height=\"1024\" src=\"https:\/\/soymigrante.com\/revista\/wp-content\/uploads\/2024\/08\/Consejos-para-ayudar-a-enfrentar-el-duelo-migratorio-en-ninos2-scaled-e1725058578930-1024x1024.webp\" class=\"attachment-large size-large wp-image-8630\" alt=\"Perro de raza Golden Retriever con ni\u00f1a peque\u00f1a caminando por sendero de tierra, imagen en blanco y negro, enfoque en amistad y compa\u00f1\u00eda entre ni\u00f1os y mascotas.\" srcset=\"https:\/\/soymigrante.com\/revista\/wp-content\/uploads\/2024\/08\/Consejos-para-ayudar-a-enfrentar-el-duelo-migratorio-en-ninos2-scaled-e1725058578930-1024x1024.webp 1024w, https:\/\/soymigrante.com\/revista\/wp-content\/uploads\/2024\/08\/Consejos-para-ayudar-a-enfrentar-el-duelo-migratorio-en-ninos2-scaled-e1725058578930-300x300.webp 300w, https:\/\/soymigrante.com\/revista\/wp-content\/uploads\/2024\/08\/Consejos-para-ayudar-a-enfrentar-el-duelo-migratorio-en-ninos2-scaled-e1725058578930-150x150.webp 150w, https:\/\/soymigrante.com\/revista\/wp-content\/uploads\/2024\/08\/Consejos-para-ayudar-a-enfrentar-el-duelo-migratorio-en-ninos2-scaled-e1725058578930-768x768.webp 768w, https:\/\/soymigrante.com\/revista\/wp-content\/uploads\/2024\/08\/Consejos-para-ayudar-a-enfrentar-el-duelo-migratorio-en-ninos2-scaled-e1725058578930-75x75.webp 75w, https:\/\/soymigrante.com\/revista\/wp-content\/uploads\/2024\/08\/Consejos-para-ayudar-a-enfrentar-el-duelo-migratorio-en-ninos2-scaled-e1725058578930-750x750.webp 750w, https:\/\/soymigrante.com\/revista\/wp-content\/uploads\/2024\/08\/Consejos-para-ayudar-a-enfrentar-el-duelo-migratorio-en-ninos2-scaled-e1725058578930-1140x1140.webp 1140w, https:\/\/soymigrante.com\/revista\/wp-content\/uploads\/2024\/08\/Consejos-para-ayudar-a-enfrentar-el-duelo-migratorio-en-ninos2-scaled-e1725058578930.webp 1200w\" sizes=\"(max-width: 1024px) 100vw, 1024px\" \/>\n            <\/div>\n        <\/div><div class=\"eael-entry-wrapper\"><header class=\"eael-entry-header\"><h2 class=\"eael-entry-title\"><a class=\"eael-grid-post-link\" href=\"https:\/\/soymigrante.com\/revista\/consejos-para-ayudar-a-enfrentar-el-duelo-migratorio-en-ninos\/\" title=\"Consejos para ayudar a enfrentar el duelo migratorio en ni\u00f1os\">Consejos para ayudar a enfrentar el duelo migratorio en ni\u00f1os<\/a><\/h2><\/header><div class=\"eael-entry-content\">\n                        <div class=\"eael-grid-post-excerpt\"><a href=\"https:\/\/soymigrante.com\/revista\/consejos-para-ayudar-a-enfrentar-el-duelo-migratorio-en-ninos\/\" class=\"eael-post-elements-readmore-btn\">CONOCE SU HISTORIA <\/a><\/div>\n                    <\/div><\/div><\/div>\n        <\/div>\n    <\/article><article class=\"eael-grid-post  eael-post-grid-column eael-pg-post-7648 category-bienestar\" data-id=\"7648\">\n        <div class=\"eael-grid-post-holder\">\n            <div class=\"eael-grid-post-holder-inner\"><div class=\"eael-entry-media\"><div class=\"eael-entry-overlay fade-in\"><i class=\"far fa-hand-pointer\" aria-hidden=\"true\"><\/i><a href=\"https:\/\/soymigrante.com\/revista\/cinco-claves-del-manejo-de-sentimientos-y-emociones-para-mejorar-tu-vida\/\"><\/a><\/div><div class=\"eael-entry-thumbnail \">\n                <img loading=\"lazy\" decoding=\"async\" width=\"542\" height=\"471\" src=\"https:\/\/soymigrante.com\/revista\/wp-content\/uploads\/2024\/07\/emociones-y-sentimientos.webp\" class=\"attachment-large size-large wp-image-7673\" alt=\"Emojis con diferentes expresiones faciales, relacionadas con emociones como felicidad, sorpresa, tristeza y amor.\" srcset=\"https:\/\/soymigrante.com\/revista\/wp-content\/uploads\/2024\/07\/emociones-y-sentimientos.webp 542w, https:\/\/soymigrante.com\/revista\/wp-content\/uploads\/2024\/07\/emociones-y-sentimientos-300x261.webp 300w\" sizes=\"(max-width: 542px) 100vw, 542px\" \/>\n            <\/div>\n        <\/div><div class=\"eael-entry-wrapper\"><header class=\"eael-entry-header\"><h2 class=\"eael-entry-title\"><a class=\"eael-grid-post-link\" href=\"https:\/\/soymigrante.com\/revista\/cinco-claves-del-manejo-de-sentimientos-y-emociones-para-mejorar-tu-vida\/\" title=\"Cinco consejos profesionales para el manejo de sentimientos y emociones\">Cinco consejos profesionales para el manejo de sentimientos y emociones<\/a><\/h2><\/header><div class=\"eael-entry-content\">\n                        <div class=\"eael-grid-post-excerpt\"><a href=\"https:\/\/soymigrante.com\/revista\/cinco-claves-del-manejo-de-sentimientos-y-emociones-para-mejorar-tu-vida\/\" class=\"eael-post-elements-readmore-btn\">CONOCE SU HISTORIA <\/a><\/div>\n                    <\/div><\/div><\/div>\n        <\/div>\n    <\/article><\/div>\n            <div class=\"clearfix\"><\/div>\n        <\/div>\t\t\t\t<\/div>\n\t\t\t\t\t<\/div>\n\t\t\t\t<\/div>\n\t\t\t\t<\/div>\n\t\t","protected":false},"excerpt":{"rendered":"<p>Ayudar a un hijo con sobrepeso requiere de amor, paciencia y compromiso. La clave est\u00e1 en promover un entorno saludable donde el ni\u00f1o se sienta apoyado y motivado. El sobrepeso en ni\u00f1os es una preocupaci\u00f3n creciente a nivel mundial. Seg\u00fan la Organizaci\u00f3n Mundial de la Salud (OMS), los casos de obesidad infantil se han triplicado [&hellip;]<\/p>\n","protected":false},"author":19,"featured_media":21434,"comment_status":"open","ping_status":"open","sticky":false,"template":"","format":"standard","meta":{"_acf_changed":false,"_eb_attr":"","footnotes":""},"categories":[55],"tags":[],"class_list":["post-21276","post","type-post","status-publish","format-standard","has-post-thumbnail","hentry","category-bienestar"],"acf":[],"aioseo_notices":[],"aioseo_head":"\n\t\t<!-- All in One SEO Pro 4.9.6.2 - aioseo.com -->\n\t<meta name=\"description\" content=\"\u00bfC\u00f3mo manejo mejor mis sentimientos y emociones? Es una pregunta que muchos se hacen. Saber responderla y actuar es algo que puede transformar positivamente tu vida\" \/>\n\t<meta name=\"robots\" content=\"max-snippet:-1, max-image-preview:large, max-video-preview:-1\" \/>\n\t<meta name=\"author\" content=\"Marysabel Aldana\"\/>\n\t<link rel=\"canonical\" href=\"https:\/\/soymigrante.com\/revista\/cinco-claves-del-manejo-de-sentimientos-y-emociones-para-mejorar-tu-vida\/\" \/>\n\t<meta name=\"generator\" content=\"All in One SEO Pro (AIOSEO) 4.9.6.2\" \/>\n\n\t\t<link rel=\"preconnect\" href=\"https:\/\/fonts.googleapis.com\" crossorigin>\n<link rel=\"preconnect\" href=\"https:\/\/fonts.gstatic.com\" crossorigin>\n\t\t<meta property=\"og:locale\" content=\"es_ES\" \/>\n\t\t<meta property=\"og:site_name\" content=\"SoyMigrante.com REVISTA \u2013 Nuestra misi\u00f3n es reconocer y dignificar al migrante.\" \/>\n\t\t<meta property=\"og:type\" content=\"article\" \/>\n\t\t<meta property=\"og:title\" content=\"Claves para mejorar el manejo de sentimientos y emociones\" \/>\n\t\t<meta property=\"og:description\" content=\"\u00bfC\u00f3mo manejo mejor mis sentimientos y emociones? Es una pregunta que muchos se hacen. Saber responderla y actuar es algo que puede transformar positivamente tu vida\" \/>\n\t\t<meta property=\"og:url\" content=\"https:\/\/soymigrante.com\/revista\/cinco-claves-del-manejo-de-sentimientos-y-emociones-para-mejorar-tu-vida\/\" \/>\n\t\t<meta property=\"og:image\" content=\"https:\/\/soymigrante.com\/revista\/wp-content\/uploads\/2024\/07\/emociones-y-sentimientos.webp\" \/>\n\t\t<meta property=\"og:image:secure_url\" content=\"https:\/\/soymigrante.com\/revista\/wp-content\/uploads\/2024\/07\/emociones-y-sentimientos.webp\" \/>\n\t\t<meta property=\"og:image:width\" content=\"542\" \/>\n\t\t<meta property=\"og:image:height\" content=\"471\" \/>\n\t\t<meta property=\"article:published_time\" content=\"2024-07-26T18:42:20+00:00\" \/>\n\t\t<meta property=\"article:modified_time\" content=\"2024-08-01T01:39:42+00:00\" \/>\n\t\t<meta property=\"article:publisher\" content=\"https:\/\/www.facebook.com\/soymigrantecom\" \/>\n\t\t<meta name=\"twitter:card\" content=\"summary_large_image\" \/>\n\t\t<meta name=\"twitter:site\" content=\"@SoyMigrante_com\" \/>\n\t\t<meta name=\"twitter:title\" content=\"Claves para mejorar el manejo de sentimientos y emociones\" \/>\n\t\t<meta name=\"twitter:description\" content=\"\u00bfC\u00f3mo manejo mejor mis sentimientos y emociones? Es una pregunta que muchos se hacen. Saber responderla y actuar es algo que puede transformar positivamente tu vida\" \/>\n\t\t<meta name=\"twitter:creator\" content=\"@SoyMigrante_com\" \/>\n\t\t<meta name=\"twitter:image\" content=\"https:\/\/soymigrante.com\/revista\/wp-content\/uploads\/2024\/07\/emociones-y-sentimientos.webp\" \/>\n\t\t<!-- All in One SEO Pro -->\r\n\t\t<title>Claves para mejorar el manejo de sentimientos y emociones<\/title>\n\n","aioseo_head_json":{"title":"Claves para mejorar el manejo de sentimientos y emociones","description":"\u00bfC\u00f3mo manejo mejor mis sentimientos y emociones? Es una pregunta que muchos se hacen. Saber responderla y actuar es algo que puede transformar positivamente tu vida","canonical_url":"https:\/\/soymigrante.com\/revista\/cinco-claves-del-manejo-de-sentimientos-y-emociones-para-mejorar-tu-vida\/","robots":"max-snippet:-1, max-image-preview:large, max-video-preview:-1","keywords":"","webmasterTools":{"miscellaneous":"&lt;link rel=\"preconnect\" href=\"https:\/\/fonts.googleapis.com\" crossorigin&gt;\n&lt;link rel=\"preconnect\" href=\"https:\/\/fonts.gstatic.com\" crossorigin&gt;"},"schema":null,"og:locale":"es_ES","og:site_name":"SoyMigrante.com REVISTA \u2013 Nuestra misi\u00f3n es reconocer y dignificar al migrante.","og:type":"article","og:title":"Claves para mejorar el manejo de sentimientos y emociones","og:description":"\u00bfC\u00f3mo manejo mejor mis sentimientos y emociones? Es una pregunta que muchos se hacen. Saber responderla y actuar es algo que puede transformar positivamente tu vida","og:url":"https:\/\/soymigrante.com\/revista\/cinco-claves-del-manejo-de-sentimientos-y-emociones-para-mejorar-tu-vida\/","og:image":"https:\/\/soymigrante.com\/revista\/wp-content\/uploads\/2024\/07\/emociones-y-sentimientos.webp","og:image:secure_url":"https:\/\/soymigrante.com\/revista\/wp-content\/uploads\/2024\/07\/emociones-y-sentimientos.webp","og:image:width":542,"og:image:height":471,"article:published_time":"2024-07-26T18:42:20+00:00","article:modified_time":"2024-08-01T01:39:42+00:00","article:publisher":"https:\/\/www.facebook.com\/soymigrantecom","twitter:card":"summary_large_image","twitter:site":"@SoyMigrante_com","twitter:title":"Claves para mejorar el manejo de sentimientos y emociones","twitter:description":"\u00bfC\u00f3mo manejo mejor mis sentimientos y emociones? Es una pregunta que muchos se hacen. Saber responderla y actuar es algo que puede transformar positivamente tu vida","twitter:creator":"@SoyMigrante_com","twitter:image":"https:\/\/soymigrante.com\/revista\/wp-content\/uploads\/2024\/07\/emociones-y-sentimientos.webp"},"aioseo_meta_data":{"post_id":"21276","title":null,"description":"Ayudar a un hijo con sobrepeso requiere de amor, paciencia y compromiso. La clave est\u00e1 en promover un entorno saludable donde el ni\u00f1o se sienta apoyado.","keywords":null,"keyphrases":{"focus":{"keyphrase":"Sobrepeso","score":91,"analysis":{"keyphraseInTitle":{"score":9,"maxScore":9,"error":0},"keyphraseInDescription":{"score":9,"maxScore":9,"error":0},"keyphraseLength":{"score":9,"maxScore":9,"error":0,"length":1},"keyphraseInURL":{"score":5,"maxScore":5,"error":0},"keyphraseInIntroduction":{"score":9,"maxScore":9,"error":0},"keyphraseInSubHeadings":{"score":3,"maxScore":9,"error":1},"keyphraseInImageAlt":{"score":9,"maxScore":9,"error":0},"keywordDensity":{"type":"best","score":9,"maxScore":9,"error":0}}},"additional":[{"keyphrase":"Sobrepeso","score":100,"analysis":{"keyphraseInDescription":{"score":9,"maxScore":9,"error":0},"keyphraseLength":{"score":9,"maxScore":9,"error":0,"length":1},"keyphraseInIntroduction":{"score":9,"maxScore":9,"error":0},"keyphraseInImageAlt":{"score":9,"maxScore":9,"error":0},"keywordDensity":{"type":"best","score":9,"maxScore":9,"error":0}}}]},"primary_term":null,"canonical_url":null,"og_title":null,"og_description":null,"og_object_type":"default","og_image_type":"default","og_image_url":null,"og_image_width":null,"og_image_height":null,"og_image_custom_url":null,"og_image_custom_fields":null,"og_video":"","og_custom_url":null,"og_article_section":null,"og_article_tags":null,"twitter_use_og":false,"twitter_card":"default","twitter_image_type":"default","twitter_image_url":null,"twitter_image_custom_url":null,"twitter_image_custom_fields":null,"twitter_title":null,"twitter_description":null,"schema":{"blockGraphs":[],"customGraphs":[],"default":{"data":{"Article":[],"Course":[],"Dataset":[],"FAQPage":[],"Movie":[],"Person":[],"Product":[],"ProductReview":[],"Car":[],"Recipe":[],"Service":[],"SoftwareApplication":[],"WebPage":[]},"graphName":"BlogPosting","isEnabled":true},"graphs":[]},"schema_type":"default","schema_type_options":null,"pillar_content":false,"robots_default":true,"robots_noindex":false,"robots_noarchive":false,"robots_nosnippet":false,"robots_nofollow":false,"robots_noimageindex":false,"robots_noodp":false,"robots_notranslate":false,"robots_max_snippet":"-1","robots_max_videopreview":"-1","robots_max_imagepreview":"large","priority":null,"frequency":"default","local_seo":null,"seo_analyzer_scan_date":"2025-10-09 01:52:29","breadcrumb_settings":null,"limit_modified_date":false,"reviewed_by":null,"open_ai":"{\"title\":{\"suggestions\":[],\"usage\":0},\"description\":{\"suggestions\":[],\"usage\":0}}","ai":null,"created":"2025-01-16 18:33:56","updated":"2026-02-04 19:00:35"},"aioseo_breadcrumb":"<div class=\"aioseo-breadcrumbs\"><span class=\"aioseo-breadcrumb\">\n\t<a href=\"https:\/\/soymigrante.com\/revista\" title=\"Home\">Home<\/a>\n<\/span><span class=\"aioseo-breadcrumb-separator\">\u00bb<\/span><span class=\"aioseo-breadcrumb\">\n\t<a href=\"https:\/\/soymigrante.com\/revista\/category\/bienestar\/\" title=\"Bienestar\">Bienestar<\/a>\n<\/span><span class=\"aioseo-breadcrumb-separator\">\u00bb<\/span><span class=\"aioseo-breadcrumb\">\n\t\u00bfC\u00f3mo saber si mi hijo tiene sobrepeso y qu\u00e9 hacer?\n<\/span><\/div>","aioseo_breadcrumb_json":[{"label":"Home","link":"https:\/\/soymigrante.com\/revista"},{"label":"Bienestar","link":"https:\/\/soymigrante.com\/revista\/category\/bienestar\/"},{"label":"\u00bfC\u00f3mo saber si mi hijo tiene sobrepeso y qu\u00e9 hacer?","link":"https:\/\/soymigrante.com\/revista\/como-saber-si-mi-hijo-tiene-sobrepeso-y-que-hacer\/"}],"_links":{"self":[{"href":"https:\/\/soymigrante.com\/revista\/wp-json\/wp\/v2\/posts\/21276","targetHints":{"allow":["GET"]}}],"collection":[{"href":"https:\/\/soymigrante.com\/revista\/wp-json\/wp\/v2\/posts"}],"about":[{"href":"https:\/\/soymigrante.com\/revista\/wp-json\/wp\/v2\/types\/post"}],"author":[{"embeddable":true,"href":"https:\/\/soymigrante.com\/revista\/wp-json\/wp\/v2\/users\/19"}],"replies":[{"embeddable":true,"href":"https:\/\/soymigrante.com\/revista\/wp-json\/wp\/v2\/comments?post=21276"}],"version-history":[{"count":0,"href":"https:\/\/soymigrante.com\/revista\/wp-json\/wp\/v2\/posts\/21276\/revisions"}],"wp:featuredmedia":[{"embeddable":true,"href":"https:\/\/soymigrante.com\/revista\/wp-json\/wp\/v2\/media\/21434"}],"wp:attachment":[{"href":"https:\/\/soymigrante.com\/revista\/wp-json\/wp\/v2\/media?parent=21276"}],"wp:term":[{"taxonomy":"category","embeddable":true,"href":"https:\/\/soymigrante.com\/revista\/wp-json\/wp\/v2\/categories?post=21276"},{"taxonomy":"post_tag","embeddable":true,"href":"https:\/\/soymigrante.com\/revista\/wp-json\/wp\/v2\/tags?post=21276"}],"curies":[{"name":"wp","href":"https:\/\/api.w.org\/{rel}","templated":true}]}}