{"id":2124,"date":"2023-08-07T14:01:17","date_gmt":"2023-08-07T14:01:17","guid":{"rendered":"https:\/\/soymigrante.com\/revista\/?p=2124"},"modified":"2024-07-30T22:28:35","modified_gmt":"2024-07-31T04:28:35","slug":"pablo-mazariegos-psicologo-migrante-guatemalteco","status":"publish","type":"post","link":"https:\/\/soymigrante.com\/revista\/pablo-mazariegos-psicologo-migrante-guatemalteco\/","title":{"rendered":"Pablo Mazariegos: Transformando historias migrantes en esperanza"},"content":{"rendered":"\t\t<div data-elementor-type=\"wp-post\" data-elementor-id=\"2124\" class=\"elementor elementor-2124\" data-elementor-post-type=\"post\">\n\t\t\t\t\t\t<section data-particle_enable=\"false\" data-particle-mobile-disabled=\"false\" class=\"elementor-section elementor-top-section elementor-element elementor-element-2ba5cc9 elementor-section-boxed elementor-section-height-default elementor-section-height-default\" data-id=\"2ba5cc9\" data-element_type=\"section\" data-e-type=\"section\">\n\t\t\t\t\t\t<div class=\"elementor-container elementor-column-gap-default\">\n\t\t\t\t\t<div class=\"elementor-column elementor-col-100 elementor-top-column elementor-element elementor-element-7d566ec\" data-id=\"7d566ec\" data-element_type=\"column\" data-e-type=\"column\">\n\t\t\t<div class=\"elementor-widget-wrap elementor-element-populated\">\n\t\t\t\t\t\t<div class=\"elementor-element elementor-element-d62688c elementor-widget elementor-widget-heading\" data-id=\"d62688c\" data-element_type=\"widget\" data-e-type=\"widget\" data-widget_type=\"heading.default\">\n\t\t\t\t\t<h1 class=\"elementor-heading-title elementor-size-default\">Ayudar a  j\u00f3venes migrantes a superar el dolor de haber estado separados de sus padres y de haber vivido  una traves\u00eda incierta es el aporte de Pablo Mazariegos, migrante, psic\u00f3logo y documentalista que lleg\u00f3 a Estados Unidos a los 11 a\u00f1os.<\/h1>\t\t\t\t<\/div>\n\t\t\t\t\t<\/div>\n\t\t<\/div>\n\t\t\t\t\t<\/div>\n\t\t<\/section>\n\t\t\t\t<section data-particle_enable=\"false\" data-particle-mobile-disabled=\"false\" class=\"elementor-section elementor-top-section elementor-element elementor-element-a1b2a6c elementor-section-boxed elementor-section-height-default elementor-section-height-default\" data-id=\"a1b2a6c\" data-element_type=\"section\" data-e-type=\"section\">\n\t\t\t\t\t\t<div class=\"elementor-container elementor-column-gap-default\">\n\t\t\t\t\t<div class=\"elementor-column elementor-col-100 elementor-top-column elementor-element elementor-element-7222e68\" data-id=\"7222e68\" data-element_type=\"column\" data-e-type=\"column\">\n\t\t\t<div class=\"elementor-widget-wrap elementor-element-populated\">\n\t\t\t\t\t\t<div class=\"elementor-element elementor-element-65c86b7 elementor-widget elementor-widget-video\" data-id=\"65c86b7\" data-element_type=\"widget\" data-e-type=\"widget\" data-settings=\"{&quot;youtube_url&quot;:&quot;https:\\\/\\\/www.youtube.com\\\/watch?v=6D9GwX_19XI&quot;,&quot;video_type&quot;:&quot;youtube&quot;,&quot;controls&quot;:&quot;yes&quot;}\" data-widget_type=\"video.default\">\n\t\t\t\t\t\t\t<div class=\"elementor-wrapper elementor-open-inline\">\n\t\t\t<div class=\"elementor-video\"><\/div>\t\t<\/div>\n\t\t\t\t\t\t<\/div>\n\t\t\t\t\t<\/div>\n\t\t<\/div>\n\t\t\t\t\t<\/div>\n\t\t<\/section>\n\t\t\t\t<section data-particle_enable=\"false\" data-particle-mobile-disabled=\"false\" class=\"elementor-section elementor-top-section elementor-element elementor-element-7610a25 elementor-section-boxed elementor-section-height-default elementor-section-height-default\" data-id=\"7610a25\" data-element_type=\"section\" data-e-type=\"section\">\n\t\t\t\t\t\t<div class=\"elementor-container elementor-column-gap-default\">\n\t\t\t\t\t<div class=\"elementor-column elementor-col-100 elementor-top-column elementor-element elementor-element-9639abf\" data-id=\"9639abf\" data-element_type=\"column\" data-e-type=\"column\">\n\t\t\t<div class=\"elementor-widget-wrap elementor-element-populated\">\n\t\t\t\t\t\t<div class=\"elementor-element elementor-element-2a0da66 elementor-widget elementor-widget-text-editor\" data-id=\"2a0da66\" data-element_type=\"widget\" data-e-type=\"widget\" data-widget_type=\"text-editor.default\">\n\t\t\t\t\t\t\t\t\t<p>Un nuevo pasado es el m\u00e1s reciente documental de Pablo Mazariegos. En \u00e9l registra testimonios de ni\u00f1os, j\u00f3venes y padres migrantes guatemaltecos en busca de una sanaci\u00f3n emocional.<\/p>\t\t\t\t\t\t\t\t<\/div>\n\t\t\t\t\t<\/div>\n\t\t<\/div>\n\t\t\t\t\t<\/div>\n\t\t<\/section>\n\t\t\t\t<section data-particle_enable=\"false\" data-particle-mobile-disabled=\"false\" class=\"elementor-section elementor-top-section elementor-element elementor-element-fa9d3df elementor-section-boxed elementor-section-height-default elementor-section-height-default\" data-id=\"fa9d3df\" data-element_type=\"section\" data-e-type=\"section\">\n\t\t\t\t\t\t<div class=\"elementor-container elementor-column-gap-default\">\n\t\t\t\t\t<div class=\"elementor-column elementor-col-100 elementor-top-column elementor-element elementor-element-689f59e\" data-id=\"689f59e\" data-element_type=\"column\" data-e-type=\"column\">\n\t\t\t<div class=\"elementor-widget-wrap elementor-element-populated\">\n\t\t\t\t\t\t<div class=\"elementor-element elementor-element-1c7350b elementor-widget elementor-widget-heading\" data-id=\"1c7350b\" data-element_type=\"widget\" data-e-type=\"widget\" data-widget_type=\"heading.default\">\n\t\t\t\t\t<h2 class=\"elementor-heading-title elementor-size-default\">Misi\u00f3n nace de experiencia personal <\/h2>\t\t\t\t<\/div>\n\t\t\t\t\t<\/div>\n\t\t<\/div>\n\t\t\t\t\t<\/div>\n\t\t<\/section>\n\t\t\t\t<section data-particle_enable=\"false\" data-particle-mobile-disabled=\"false\" class=\"elementor-section elementor-top-section elementor-element elementor-element-ca516a5 elementor-section-boxed elementor-section-height-default elementor-section-height-default\" data-id=\"ca516a5\" data-element_type=\"section\" data-e-type=\"section\">\n\t\t\t\t\t\t<div class=\"elementor-container elementor-column-gap-default\">\n\t\t\t\t\t<div class=\"elementor-column elementor-col-100 elementor-top-column elementor-element elementor-element-f1a6fa1\" data-id=\"f1a6fa1\" data-element_type=\"column\" data-e-type=\"column\">\n\t\t\t<div class=\"elementor-widget-wrap elementor-element-populated\">\n\t\t\t\t\t\t<div class=\"elementor-element elementor-element-962cd1a elementor-widget elementor-widget-text-editor\" data-id=\"962cd1a\" data-element_type=\"widget\" data-e-type=\"widget\" data-widget_type=\"text-editor.default\">\n\t\t\t\t\t\t\t\t\t<p>Haber migrado desde Guatemala a Estados Unidos a los 11 a\u00f1os fue una experiencia dif\u00edcil para Pablo Mazariegos. Sus padres ya estaban en Raleigh, Carolina del Norte. Su cabeza estaba llena de preguntas y a la vez de ansiedades.\u00a0<\/p><p>&#8220;\u00bfSe acordar\u00e1 mi mam\u00e1 de m\u00ed?, \u00bfhabr\u00e1 cambiado ella? \u00bfser\u00e1 que me va a reconocer? Eran las preguntas que me hac\u00eda. Acu\u00e9rdate que era el a\u00f1o 1992: no hab\u00eda celulares, ni redes sociales ni acceso a internet&#8221;, cuenta Pablo, quien aborda esas mismas cuestiones que son vividas por cientos de ni\u00f1os y j\u00f3venes migrantes que llegan a Estados Unidos para reunirse con sus padres.<\/p><p>Al preguntarle c\u00f3mo fue el encuentro con su mam\u00e1, se le entrecorta la voz y relata:\u00a0 &#8220;Cruzamos la frontera de Estados Unidos, pero todav\u00eda faltaba mucho, porque mi mam\u00e1 estaba en Carolina del Norte. Yo no ten\u00eda idea de todo el territorio que se deb\u00eda atravesar.\u00a0 Lo m\u00e1s lejos que yo hab\u00eda viajado era de Ostuncalco a Xela. Pero por fin lleg\u00f3 el momento:<span style=\"color: var( --e-global-color-text ); background-color: var(--ak-bg-color);\">\u00a0yo iba con mis preguntas, dudas todav\u00eda&#8230;&#8221;, relata el migrante guatemalteco.<\/span><\/p><p><span style=\"color: var( --e-global-color-text ); background-color: var(--ak-bg-color);\">&#8220;Abro la puerta del carro en dos segundos veo una se\u00f1ora corriendo hacia nosotros, iba con mis hermanos: ven\u00eda con sus manos abiertas. Era mi mam\u00e1. \u00a1Mis hijos!, dec\u00eda. Nos abrazamos. \u00a1Men, fue algo incre\u00edble! Lloramos. Entramos a la casa y nos hincamos en un cuarto para darle gracias a Dios porque fue algo incre\u00edble haber llegado desde tan lejos! Y ahora entiendo mucho m\u00e1s la angustia de ella porque soy pap\u00e1!&#8221;, cuenta Pablo.<\/span><\/p><p>\u00a0<\/p>\t\t\t\t\t\t\t\t<\/div>\n\t\t\t\t\t<\/div>\n\t\t<\/div>\n\t\t\t\t\t<\/div>\n\t\t<\/section>\n\t\t\t\t<section data-particle_enable=\"false\" data-particle-mobile-disabled=\"false\" class=\"elementor-section elementor-top-section elementor-element elementor-element-ef6b66b elementor-section-boxed elementor-section-height-default elementor-section-height-default\" data-id=\"ef6b66b\" data-element_type=\"section\" data-e-type=\"section\">\n\t\t\t\t\t\t<div class=\"elementor-container elementor-column-gap-default\">\n\t\t\t\t\t<div class=\"elementor-column elementor-col-100 elementor-top-column elementor-element elementor-element-ea2232f\" data-id=\"ea2232f\" data-element_type=\"column\" data-e-type=\"column\">\n\t\t\t<div class=\"elementor-widget-wrap elementor-element-populated\">\n\t\t\t\t\t\t<div class=\"elementor-element elementor-element-bc4156e elementor-widget elementor-widget-image\" data-id=\"bc4156e\" data-element_type=\"widget\" data-e-type=\"widget\" data-widget_type=\"image.default\">\n\t\t\t\t\t\t\t\t\t\t\t\t<figure class=\"wp-caption\">\n\t\t\t\t\t\t\t\t\t\t<img fetchpriority=\"high\" decoding=\"async\" width=\"1024\" height=\"686\" src=\"https:\/\/soymigrante.com\/revista\/wp-content\/uploads\/2023\/08\/pablo-mazariegos-b-1024x686.webp\" class=\"attachment-large size-large wp-image-2130\" alt=\"Pablo Mazariegos es graduado universitario en terapia familiar y psicolog\u00eda escolar, pero a su vez estas facetas e historias le condujeron a ser creador audiovisual, a trav\u00e9s de documentales propositivos y optimistas dedicados sobre todo a j\u00f3venes.\" srcset=\"https:\/\/soymigrante.com\/revista\/wp-content\/uploads\/2023\/08\/pablo-mazariegos-b-1024x686.webp 1024w, https:\/\/soymigrante.com\/revista\/wp-content\/uploads\/2023\/08\/pablo-mazariegos-b-300x201.webp 300w, https:\/\/soymigrante.com\/revista\/wp-content\/uploads\/2023\/08\/pablo-mazariegos-b-768x514.webp 768w, https:\/\/soymigrante.com\/revista\/wp-content\/uploads\/2023\/08\/pablo-mazariegos-b-1536x1028.webp 1536w, https:\/\/soymigrante.com\/revista\/wp-content\/uploads\/2023\/08\/pablo-mazariegos-b-750x502.webp 750w, https:\/\/soymigrante.com\/revista\/wp-content\/uploads\/2023\/08\/pablo-mazariegos-b-1140x763.webp 1140w, https:\/\/soymigrante.com\/revista\/wp-content\/uploads\/2023\/08\/pablo-mazariegos-b.webp 1920w\" sizes=\"(max-width: 1024px) 100vw, 1024px\" \/>\t\t\t\t\t\t\t\t\t\t\t<figcaption class=\"widget-image-caption wp-caption-text\">Pablo Mazariegos es graduado universitario en terapia familiar y psicolog\u00eda escolar, pero a su vez estas facetas e historias le condujeron a ser creador audiovisual, a trav\u00e9s de documentales propositivos y optimistas dedicados sobre todo a j\u00f3venes.<\/figcaption>\n\t\t\t\t\t\t\t\t\t\t<\/figure>\n\t\t\t\t\t\t\t\t\t<\/div>\n\t\t\t\t\t<\/div>\n\t\t<\/div>\n\t\t\t\t\t<\/div>\n\t\t<\/section>\n\t\t\t\t<section data-particle_enable=\"false\" data-particle-mobile-disabled=\"false\" class=\"elementor-section elementor-top-section elementor-element elementor-element-2608227 elementor-section-boxed elementor-section-height-default elementor-section-height-default\" data-id=\"2608227\" data-element_type=\"section\" data-e-type=\"section\">\n\t\t\t\t\t\t<div class=\"elementor-container elementor-column-gap-default\">\n\t\t\t\t\t<div class=\"elementor-column elementor-col-100 elementor-top-column elementor-element elementor-element-ea413c1\" data-id=\"ea413c1\" data-element_type=\"column\" data-e-type=\"column\">\n\t\t\t<div class=\"elementor-widget-wrap elementor-element-populated\">\n\t\t\t\t\t\t<div class=\"elementor-element elementor-element-663d4e4 elementor-widget elementor-widget-heading\" data-id=\"663d4e4\" data-element_type=\"widget\" data-e-type=\"widget\" data-widget_type=\"heading.default\">\n\t\t\t\t\t<h2 class=\"elementor-heading-title elementor-size-default\">\"Debemos crear un nuevo pasado\" <\/h2>\t\t\t\t<\/div>\n\t\t\t\t\t<\/div>\n\t\t<\/div>\n\t\t\t\t\t<\/div>\n\t\t<\/section>\n\t\t\t\t<section data-particle_enable=\"false\" data-particle-mobile-disabled=\"false\" class=\"elementor-section elementor-top-section elementor-element elementor-element-8b1922e elementor-section-boxed elementor-section-height-default elementor-section-height-default\" data-id=\"8b1922e\" data-element_type=\"section\" data-e-type=\"section\">\n\t\t\t\t\t\t<div class=\"elementor-container elementor-column-gap-default\">\n\t\t\t\t\t<div class=\"elementor-column elementor-col-100 elementor-top-column elementor-element elementor-element-a8cb893\" data-id=\"a8cb893\" data-element_type=\"column\" data-e-type=\"column\">\n\t\t\t<div class=\"elementor-widget-wrap elementor-element-populated\">\n\t\t\t\t\t\t<div class=\"elementor-element elementor-element-3db871d elementor-widget elementor-widget-text-editor\" data-id=\"3db871d\" data-element_type=\"widget\" data-e-type=\"widget\" data-widget_type=\"text-editor.default\">\n\t\t\t\t\t\t\t\t\t<p>Pablo se enfrent\u00f3, a los 11 a\u00f1os, a un nuevo entorno en el cual no conoc\u00eda el idioma, excepto unas cuantas palabras.\u00a0 Esto le representaba dificultad en las clases y una sensaci\u00f3n de ser extra\u00f1o en un entorno. &#8220;Solo a la hora del recreo la pelota de futbol o baskebol era un lenguaje universal. Pero en una ocasi\u00f3n, recuerdo que yo quer\u00eda participar en clase y una maestra hizo una pregunta que yo intentar\u00eda responder, pero me mir\u00f3 y sigui\u00f3 de largo. No me tom\u00f3 en cuenta&#8221;, relata.<\/p><p>&#8220;En Chatanooga, Tenessee, hay escuelas en las cuales el 70% de los estudiantes son migrantes y la gran mayor\u00eda son guatemaltecos. Entonces tenemos muchas de esas historias. Imag\u00ednate, haber atravesado el desierto, haber vivido separado de tus padres por 2, 5, 10 a\u00f1os&#8221;.\u00a0<\/p><p>&#8220;Te dejaron con los abuelos cuando eras muy peque\u00f1o y ahora que eres adolescente debes adaptarte a sus reglas, pero tambi\u00e9n a esa pregunta \u00bfpor qu\u00e9 me dejaste. Como orientador escolar me encontr\u00e9 muchas veces con esos casos y por eso comenc\u00e9 a registrar los testimonios para el documental Un Nuevo Futuro&#8221;.<\/p>\t\t\t\t\t\t\t\t<\/div>\n\t\t\t\t\t<\/div>\n\t\t<\/div>\n\t\t\t\t\t<\/div>\n\t\t<\/section>\n\t\t\t\t<section data-particle_enable=\"false\" data-particle-mobile-disabled=\"false\" class=\"elementor-section elementor-top-section elementor-element elementor-element-68d4e2e elementor-section-boxed elementor-section-height-default elementor-section-height-default\" data-id=\"68d4e2e\" data-element_type=\"section\" data-e-type=\"section\">\n\t\t\t\t\t\t<div class=\"elementor-container elementor-column-gap-default\">\n\t\t\t\t\t<div class=\"elementor-column elementor-col-100 elementor-top-column elementor-element elementor-element-bd3b675\" data-id=\"bd3b675\" data-element_type=\"column\" data-e-type=\"column\">\n\t\t\t<div class=\"elementor-widget-wrap elementor-element-populated\">\n\t\t\t\t\t\t<div class=\"elementor-element elementor-element-28e30d5 elementor-widget elementor-widget-video\" data-id=\"28e30d5\" data-element_type=\"widget\" data-e-type=\"widget\" data-settings=\"{&quot;video_type&quot;:&quot;vimeo&quot;,&quot;start&quot;:1,&quot;autoplay&quot;:&quot;yes&quot;}\" data-widget_type=\"video.default\">\n\t\t\t\t\t\t\t<div class=\"elementor-wrapper elementor-open-inline\">\n\t\t\t<iframe class=\"elementor-video-iframe\" allowfullscreen allow=\"autoplay\" title=\"Reproductor de v\u00eddeo vimeo\" src=\"https:\/\/player.vimeo.com\/video\/848713043?autoplay=1&amp;color&amp;autopause=0&amp;loop=0&amp;muted=0&amp;title=1&amp;portrait=1&amp;byline=1&amp;h=168431c32c#t=00h00m01s\"><\/iframe>\t\t<\/div>\n\t\t\t\t\t\t<\/div>\n\t\t\t\t\t<\/div>\n\t\t<\/div>\n\t\t\t\t\t<\/div>\n\t\t<\/section>\n\t\t\t\t<section data-particle_enable=\"false\" data-particle-mobile-disabled=\"false\" class=\"elementor-section elementor-top-section elementor-element elementor-element-159a449 elementor-section-boxed elementor-section-height-default elementor-section-height-default\" data-id=\"159a449\" data-element_type=\"section\" data-e-type=\"section\">\n\t\t\t\t\t\t<div class=\"elementor-container elementor-column-gap-default\">\n\t\t\t\t\t<div class=\"elementor-column elementor-col-100 elementor-top-column elementor-element elementor-element-712e6a1\" data-id=\"712e6a1\" data-element_type=\"column\" data-e-type=\"column\">\n\t\t\t<div class=\"elementor-widget-wrap elementor-element-populated\">\n\t\t\t\t\t\t<div class=\"elementor-element elementor-element-5179cac elementor-widget elementor-widget-heading\" data-id=\"5179cac\" data-element_type=\"widget\" data-e-type=\"widget\" data-widget_type=\"heading.default\">\n\t\t\t\t\t<h2 class=\"elementor-heading-title elementor-size-default\">Su misi\u00f3n es la Construcci\u00f3n de Futuros <\/h2>\t\t\t\t<\/div>\n\t\t\t\t\t<\/div>\n\t\t<\/div>\n\t\t\t\t\t<\/div>\n\t\t<\/section>\n\t\t\t\t<section data-particle_enable=\"false\" data-particle-mobile-disabled=\"false\" class=\"elementor-section elementor-top-section elementor-element elementor-element-481ed8b elementor-section-boxed elementor-section-height-default elementor-section-height-default\" data-id=\"481ed8b\" data-element_type=\"section\" data-e-type=\"section\">\n\t\t\t\t\t\t<div class=\"elementor-container elementor-column-gap-default\">\n\t\t\t\t\t<div class=\"elementor-column elementor-col-100 elementor-top-column elementor-element elementor-element-9c9d2f1\" data-id=\"9c9d2f1\" data-element_type=\"column\" data-e-type=\"column\">\n\t\t\t<div class=\"elementor-widget-wrap elementor-element-populated\">\n\t\t\t\t\t\t<div class=\"elementor-element elementor-element-b4a745a elementor-widget elementor-widget-text-editor\" data-id=\"b4a745a\" data-element_type=\"widget\" data-e-type=\"widget\" data-widget_type=\"text-editor.default\">\n\t\t\t\t\t\t\t\t\t<p>Pablo aprendi\u00f3 a trabajar duro junto a su padre, que efectuaba trabajos de construcci\u00f3n. &#8220;Nuestros padres nos dieron la oportunidad de estudiar que ellos no tuvieron. Mis hermanos y yo pudimos superarnos. Pero yo segu\u00eda trabajando junto a mi pap\u00e1 y estaba seguro que mi futuro estaba en la construcci\u00f3n. Me encantaba manejar el cemento, los ladrillos&#8230; pero una vez fui a una entrevista de trabajo en la cual el encargado me dijo: \u00a1Tu perfil no es adecuado para esta labor, t\u00fa debes estar en un trabajo de proyecci\u00f3n social!&#8221;<br \/>Pablo qued\u00f3 at\u00f3nito, extra\u00f1ado o incluso molesto porque alguien m\u00e1s le dijera qu\u00e9 ten\u00eda qu\u00e9 hacer. Ten\u00eda unos 22 a\u00f1os entonces pero aquel fue el momento clave que lo llev\u00f3 a estudiar Psicolog\u00eda y asesor\u00eda familiar. De pronto se encontr\u00f3 con nuevas realidades en las que pod\u00eda construir futuros.\u00a0 Hace siete a\u00f1os empez\u00f3 a ser consejero escolar, en donde se dedica a descubrir talentos y animar a los j\u00f3venes migrantes.\u00a0\u00a0<\/p>\t\t\t\t\t\t\t\t<\/div>\n\t\t\t\t\t<\/div>\n\t\t<\/div>\n\t\t\t\t\t<\/div>\n\t\t<\/section>\n\t\t\t\t<section data-particle_enable=\"false\" data-particle-mobile-disabled=\"false\" class=\"elementor-section elementor-top-section elementor-element elementor-element-c901da0 elementor-section-boxed elementor-section-height-default elementor-section-height-default\" data-id=\"c901da0\" data-element_type=\"section\" data-e-type=\"section\">\n\t\t\t\t\t\t<div class=\"elementor-container elementor-column-gap-default\">\n\t\t\t\t\t<div class=\"elementor-column elementor-col-100 elementor-top-column elementor-element elementor-element-3d5382d\" data-id=\"3d5382d\" data-element_type=\"column\" data-e-type=\"column\">\n\t\t\t<div class=\"elementor-widget-wrap elementor-element-populated\">\n\t\t\t\t\t\t<div class=\"elementor-element elementor-element-896ef0f elementor-widget elementor-widget-video\" data-id=\"896ef0f\" data-element_type=\"widget\" data-e-type=\"widget\" data-settings=\"{&quot;video_type&quot;:&quot;vimeo&quot;}\" data-widget_type=\"video.default\">\n\t\t\t\t\t\t\t<div class=\"elementor-wrapper elementor-open-inline\">\n\t\t\t<iframe class=\"elementor-video-iframe\" allowfullscreen allow=\"clipboard-write\" title=\"Reproductor de v\u00eddeo vimeo\" src=\"https:\/\/player.vimeo.com\/video\/498899965?color&amp;autopause=0&amp;loop=0&amp;muted=0&amp;title=1&amp;portrait=1&amp;byline=1&amp;h=c1155aa8d6#t=\"><\/iframe>\t\t<\/div>\n\t\t\t\t\t\t<\/div>\n\t\t\t\t\t<\/div>\n\t\t<\/div>\n\t\t\t\t\t<\/div>\n\t\t<\/section>\n\t\t\t\t<section data-particle_enable=\"false\" data-particle-mobile-disabled=\"false\" class=\"elementor-section elementor-top-section elementor-element elementor-element-211c7d8 elementor-section-boxed elementor-section-height-default elementor-section-height-default\" data-id=\"211c7d8\" data-element_type=\"section\" data-e-type=\"section\">\n\t\t\t\t\t\t<div class=\"elementor-container elementor-column-gap-default\">\n\t\t\t\t\t<div class=\"elementor-column elementor-col-100 elementor-top-column elementor-element elementor-element-d7f457f\" data-id=\"d7f457f\" data-element_type=\"column\" data-e-type=\"column\">\n\t\t\t<div class=\"elementor-widget-wrap elementor-element-populated\">\n\t\t\t\t\t\t<div class=\"elementor-element elementor-element-556e744 elementor-widget elementor-widget-text-editor\" data-id=\"556e744\" data-element_type=\"widget\" data-e-type=\"widget\" data-widget_type=\"text-editor.default\">\n\t\t\t\t\t\t\t\t\t<p>En 2020, por la pandemia, Pablo desarroll\u00f3 un video instructivo sobre la vacunaci\u00f3n contra el Covid. Pero ese a\u00f1o\u00a0 un tornado golpe\u00f3 a la comunidad y muchas familias hispanas se vieron afectadas. As\u00ed que tambi\u00e9n produjo la pieza &#8220;H\u00e9roes&#8221;.<\/p>\t\t\t\t\t\t\t\t<\/div>\n\t\t\t\t\t<\/div>\n\t\t<\/div>\n\t\t\t\t\t<\/div>\n\t\t<\/section>\n\t\t\t\t<section data-particle_enable=\"false\" data-particle-mobile-disabled=\"false\" class=\"elementor-section elementor-top-section elementor-element elementor-element-4b90bc5 elementor-section-boxed elementor-section-height-default elementor-section-height-default\" data-id=\"4b90bc5\" data-element_type=\"section\" data-e-type=\"section\">\n\t\t\t\t\t\t<div class=\"elementor-container elementor-column-gap-default\">\n\t\t\t\t\t<div class=\"elementor-column elementor-col-100 elementor-top-column elementor-element elementor-element-25df903\" data-id=\"25df903\" data-element_type=\"column\" data-e-type=\"column\">\n\t\t\t<div class=\"elementor-widget-wrap elementor-element-populated\">\n\t\t\t\t\t\t<div class=\"elementor-element elementor-element-c59501d elementor-widget elementor-widget-heading\" data-id=\"c59501d\" data-element_type=\"widget\" data-e-type=\"widget\" data-widget_type=\"heading.default\">\n\t\t\t\t\t<h2 class=\"elementor-heading-title elementor-size-default\">Amo a Guatemala y a mis hermanos<\/h2>\t\t\t\t<\/div>\n\t\t\t\t\t<\/div>\n\t\t<\/div>\n\t\t\t\t\t<\/div>\n\t\t<\/section>\n\t\t\t\t<section data-particle_enable=\"false\" data-particle-mobile-disabled=\"false\" class=\"elementor-section elementor-top-section elementor-element elementor-element-73710d2 elementor-section-boxed elementor-section-height-default elementor-section-height-default\" data-id=\"73710d2\" data-element_type=\"section\" data-e-type=\"section\">\n\t\t\t\t\t\t<div class=\"elementor-container elementor-column-gap-default\">\n\t\t\t\t\t<div class=\"elementor-column elementor-col-100 elementor-top-column elementor-element elementor-element-5fc73e5\" data-id=\"5fc73e5\" data-element_type=\"column\" data-e-type=\"column\">\n\t\t\t<div class=\"elementor-widget-wrap elementor-element-populated\">\n\t\t\t\t\t\t<div class=\"elementor-element elementor-element-1f2cf11 elementor-widget elementor-widget-text-editor\" data-id=\"1f2cf11\" data-element_type=\"widget\" data-e-type=\"widget\" data-widget_type=\"text-editor.default\">\n\t\t\t\t\t\t\t\t\t<p>Pablo se siente orgulloso de ser guatemalteco y de poder ayudar a los compatriotas que llegan en busca de un mejor futuro. &#8220;Creo que se necesita establecer un di\u00e1logo entre los hijos que llegan y los padres que llevan tiempo all\u00ed. Hay dudas, temores, a veces resentimientos, pero hay que hablarlo para poder cambiar la narrativa de ese pasado, entenderse, para trazar un nuevo futuro&#8221;, explica Pablo, quien espera muy pronto poder proyectar Un nuevo pasado tambi\u00e9n en Guatemala.<\/p>\n<p>Pablo tambi\u00e9n ha producido documentales como Resilient Story, sobre la vida de mujeres que recuperan sus vidas; Diploma Dreamas (Sue\u00f1os de Diploma) sobre los esfuerzos de estudiantes por graduarse a pesar de las adversidades o Bigger than me, acerca de j\u00f3venes que se superan a trav\u00e9s de programas extraescolares como la m\u00fasica.<\/p>\t\t\t\t\t\t\t\t<\/div>\n\t\t\t\t\t<\/div>\n\t\t<\/div>\n\t\t\t\t\t<\/div>\n\t\t<\/section>\n\t\t\t\t<section data-particle_enable=\"false\" data-particle-mobile-disabled=\"false\" class=\"elementor-section elementor-top-section elementor-element elementor-element-4166998 elementor-section-boxed elementor-section-height-default elementor-section-height-default\" data-id=\"4166998\" data-element_type=\"section\" data-e-type=\"section\">\n\t\t\t\t\t\t<div class=\"elementor-container elementor-column-gap-default\">\n\t\t\t\t\t<div class=\"elementor-column elementor-col-100 elementor-top-column elementor-element elementor-element-e66b2ac\" data-id=\"e66b2ac\" data-element_type=\"column\" data-e-type=\"column\">\n\t\t\t<div class=\"elementor-widget-wrap elementor-element-populated\">\n\t\t\t\t\t\t<div class=\"elementor-element elementor-element-4e038e9 elementor-widget elementor-widget-facebook-embed\" data-id=\"4e038e9\" data-element_type=\"widget\" data-e-type=\"widget\" data-widget_type=\"facebook-embed.default\">\n\t\t\t\t\t<div style=\"min-height: 1px\" class=\"elementor-facebook-widget fb-post\" data-href=\"https:\/\/www.facebook.com\/ResilientStory\/videos\/787952004917380\" data-show-text=\"false\"><\/div>\t\t\t\t<\/div>\n\t\t\t\t\t<\/div>\n\t\t<\/div>\n\t\t\t\t\t<\/div>\n\t\t<\/section>\n\t\t\t\t<\/div>\n\t\t","protected":false},"excerpt":{"rendered":"<p>Ayudar a j\u00f3venes migrantes a superar el dolor de haber estado separados de sus padres y de haber vivido una traves\u00eda incierta es el aporte de Pablo Mazariegos, migrante, psic\u00f3logo y documentalista que lleg\u00f3 a Estados Unidos a los 11 a\u00f1os. Un nuevo pasado es el m\u00e1s reciente documental de Pablo Mazariegos. En \u00e9l registra [&hellip;]<\/p>\n","protected":false},"author":7,"featured_media":2130,"comment_status":"open","ping_status":"open","sticky":false,"template":"","format":"standard","meta":{"_acf_changed":false,"_eb_attr":"","footnotes":""},"categories":[50],"tags":[],"class_list":["post-2124","post","type-post","status-publish","format-standard","has-post-thumbnail","hentry","category-exitos"],"acf":[],"aioseo_notices":[],"aioseo_head":"\n\t\t<!-- All in One SEO Pro 4.9.6.2 - aioseo.com -->\n\t<meta name=\"description\" content=\"Pablo Mazariegos, psic\u00f3logo y migrante, dedica su vida a ayudar a j\u00f3venes migrantes en EE.UU. a superar traumas y construir un futuro prometedor\" \/>\n\t<meta name=\"robots\" content=\"max-snippet:-1, max-image-preview:large, max-video-preview:-1\" \/>\n\t<meta name=\"author\" content=\"Gustavo Montenegro\"\/>\n\t<link rel=\"canonical\" href=\"https:\/\/soymigrante.com\/revista\/pablo-mazariegos-psicologo-migrante-guatemalteco\/\" \/>\n\t<meta name=\"generator\" content=\"All in One SEO Pro (AIOSEO) 4.9.6.2\" \/>\n\n\t\t<link rel=\"preconnect\" href=\"https:\/\/fonts.googleapis.com\" crossorigin>\n<link rel=\"preconnect\" href=\"https:\/\/fonts.gstatic.com\" crossorigin>\n\t\t<meta property=\"og:locale\" content=\"es_ES\" \/>\n\t\t<meta property=\"og:site_name\" content=\"SoyMigrante.com REVISTA \u2013 Nuestra misi\u00f3n es reconocer y dignificar al migrante.\" \/>\n\t\t<meta property=\"og:type\" content=\"article\" \/>\n\t\t<meta property=\"og:title\" content=\"Pablo Mazariegos: Transformando historias migrantes en esperanza\" \/>\n\t\t<meta property=\"og:description\" content=\"Pablo Mazariegos, psic\u00f3logo y migrante, dedica su vida a ayudar a j\u00f3venes migrantes en EE.UU. a superar traumas y construir un futuro prometedor\" \/>\n\t\t<meta property=\"og:url\" content=\"https:\/\/soymigrante.com\/revista\/pablo-mazariegos-psicologo-migrante-guatemalteco\/\" \/>\n\t\t<meta property=\"og:image\" content=\"https:\/\/soymigrante.com\/revista\/wp-content\/uploads\/2023\/08\/pablo-mazariegos-b.webp\" \/>\n\t\t<meta property=\"og:image:secure_url\" content=\"https:\/\/soymigrante.com\/revista\/wp-content\/uploads\/2023\/08\/pablo-mazariegos-b.webp\" \/>\n\t\t<meta property=\"og:image:width\" content=\"1920\" \/>\n\t\t<meta property=\"og:image:height\" content=\"1285\" \/>\n\t\t<meta property=\"article:published_time\" content=\"2023-08-07T14:01:17+00:00\" \/>\n\t\t<meta property=\"article:modified_time\" content=\"2024-07-31T04:28:35+00:00\" \/>\n\t\t<meta property=\"article:publisher\" content=\"https:\/\/www.facebook.com\/soymigrantecom\" \/>\n\t\t<meta name=\"twitter:card\" content=\"summary_large_image\" \/>\n\t\t<meta name=\"twitter:site\" content=\"@SoyMigrante_com\" \/>\n\t\t<meta name=\"twitter:title\" content=\"Pablo Mazariegos: Transformando historias migrantes en esperanza\" \/>\n\t\t<meta name=\"twitter:description\" content=\"Pablo Mazariegos, psic\u00f3logo y migrante, dedica su vida a ayudar a j\u00f3venes migrantes en EE.UU. a superar traumas y construir un futuro prometedor\" \/>\n\t\t<meta name=\"twitter:creator\" content=\"@SoyMigrante_com\" \/>\n\t\t<meta name=\"twitter:image\" content=\"https:\/\/soymigrante.com\/revista\/wp-content\/uploads\/2023\/08\/pablo-mazariegos-b.webp\" \/>\n\t\t<!-- All in One SEO Pro -->\r\n\t\t<title>Pablo Mazariegos: Transformando historias migrantes en esperanza<\/title>\n\n","aioseo_head_json":{"title":"Pablo Mazariegos: Transformando historias migrantes en esperanza","description":"Pablo Mazariegos, psic\u00f3logo y migrante, dedica su vida a ayudar a j\u00f3venes migrantes en EE.UU. a superar traumas y construir un futuro prometedor","canonical_url":"https:\/\/soymigrante.com\/revista\/pablo-mazariegos-psicologo-migrante-guatemalteco\/","robots":"max-snippet:-1, max-image-preview:large, max-video-preview:-1","keywords":"","webmasterTools":{"miscellaneous":"&lt;link rel=\"preconnect\" href=\"https:\/\/fonts.googleapis.com\" crossorigin&gt;\n&lt;link rel=\"preconnect\" href=\"https:\/\/fonts.gstatic.com\" crossorigin&gt;"},"schema":null,"og:locale":"es_ES","og:site_name":"SoyMigrante.com REVISTA \u2013 Nuestra misi\u00f3n es reconocer y dignificar al migrante.","og:type":"article","og:title":"Pablo Mazariegos: Transformando historias migrantes en esperanza","og:description":"Pablo Mazariegos, psic\u00f3logo y migrante, dedica su vida a ayudar a j\u00f3venes migrantes en EE.UU. a superar traumas y construir un futuro prometedor","og:url":"https:\/\/soymigrante.com\/revista\/pablo-mazariegos-psicologo-migrante-guatemalteco\/","og:image":"https:\/\/soymigrante.com\/revista\/wp-content\/uploads\/2023\/08\/pablo-mazariegos-b.webp","og:image:secure_url":"https:\/\/soymigrante.com\/revista\/wp-content\/uploads\/2023\/08\/pablo-mazariegos-b.webp","og:image:width":1920,"og:image:height":1285,"article:published_time":"2023-08-07T14:01:17+00:00","article:modified_time":"2024-07-31T04:28:35+00:00","article:publisher":"https:\/\/www.facebook.com\/soymigrantecom","twitter:card":"summary_large_image","twitter:site":"@SoyMigrante_com","twitter:title":"Pablo Mazariegos: Transformando historias migrantes en esperanza","twitter:description":"Pablo Mazariegos, psic\u00f3logo y migrante, dedica su vida a ayudar a j\u00f3venes migrantes en EE.UU. a superar traumas y construir un futuro prometedor","twitter:creator":"@SoyMigrante_com","twitter:image":"https:\/\/soymigrante.com\/revista\/wp-content\/uploads\/2023\/08\/pablo-mazariegos-b.webp"},"aioseo_meta_data":{"post_id":"2124","title":"#post_title","description":"Pablo Mazariegos, psic\u00f3logo y migrante, dedica su vida a ayudar a j\u00f3venes migrantes en EE.UU. a superar traumas y construir un futuro prometedor","keywords":[],"keyphrases":{"focus":{"keyphrase":"migrante","score":74,"analysis":{"keyphraseInTitle":{"score":9,"maxScore":9,"error":0},"keyphraseInDescription":{"score":9,"maxScore":9,"error":0},"keyphraseLength":{"score":9,"maxScore":9,"error":0,"length":1},"keyphraseInURL":{"score":5,"maxScore":5,"error":0},"keyphraseInIntroduction":{"score":3,"maxScore":9,"error":1},"keyphraseInSubHeadings":{"score":3,"maxScore":9,"error":1},"keyphraseInImageAlt":{"score":3,"maxScore":9,"error":1},"keywordDensity":{"type":"best","score":9,"maxScore":9,"error":0}}},"additional":[]},"primary_term":null,"canonical_url":null,"og_title":null,"og_description":null,"og_object_type":"default","og_image_type":"default","og_image_url":null,"og_image_width":null,"og_image_height":null,"og_image_custom_url":null,"og_image_custom_fields":null,"og_video":"","og_custom_url":null,"og_article_section":null,"og_article_tags":[],"twitter_use_og":false,"twitter_card":"default","twitter_image_type":"default","twitter_image_url":null,"twitter_image_custom_url":null,"twitter_image_custom_fields":null,"twitter_title":null,"twitter_description":null,"schema":{"blockGraphs":[],"customGraphs":[],"default":{"data":{"Article":[],"Course":[],"Dataset":[],"FAQPage":[],"Movie":[],"Person":[],"Product":[],"ProductReview":[],"Car":[],"Recipe":[],"Service":[],"SoftwareApplication":[],"WebPage":[]},"graphName":"BlogPosting","isEnabled":true},"graphs":[]},"schema_type":"default","schema_type_options":null,"pillar_content":false,"robots_default":true,"robots_noindex":false,"robots_noarchive":false,"robots_nosnippet":false,"robots_nofollow":false,"robots_noimageindex":false,"robots_noodp":false,"robots_notranslate":false,"robots_max_snippet":"-1","robots_max_videopreview":"-1","robots_max_imagepreview":"large","priority":null,"frequency":"default","local_seo":null,"seo_analyzer_scan_date":"2025-10-08 20:11:22","breadcrumb_settings":null,"limit_modified_date":false,"reviewed_by":null,"open_ai":null,"ai":null,"created":"2023-08-18 14:48:15","updated":"2026-02-04 09:24:49"},"aioseo_breadcrumb":"<div class=\"aioseo-breadcrumbs\"><span class=\"aioseo-breadcrumb\">\n\t<a href=\"https:\/\/soymigrante.com\/revista\" title=\"Home\">Home<\/a>\n<\/span><span class=\"aioseo-breadcrumb-separator\">\u00bb<\/span><span class=\"aioseo-breadcrumb\">\n\t<a href=\"https:\/\/soymigrante.com\/revista\/category\/exitos\/\" title=\"\u00c9xitos\">\u00c9xitos<\/a>\n<\/span><span class=\"aioseo-breadcrumb-separator\">\u00bb<\/span><span class=\"aioseo-breadcrumb\">\n\tPablo Mazariegos: Transformando historias migrantes en esperanza\n<\/span><\/div>","aioseo_breadcrumb_json":[{"label":"Home","link":"https:\/\/soymigrante.com\/revista"},{"label":"\u00c9xitos","link":"https:\/\/soymigrante.com\/revista\/category\/exitos\/"},{"label":"Pablo Mazariegos: Transformando historias migrantes en esperanza","link":"https:\/\/soymigrante.com\/revista\/pablo-mazariegos-psicologo-migrante-guatemalteco\/"}],"_links":{"self":[{"href":"https:\/\/soymigrante.com\/revista\/wp-json\/wp\/v2\/posts\/2124","targetHints":{"allow":["GET"]}}],"collection":[{"href":"https:\/\/soymigrante.com\/revista\/wp-json\/wp\/v2\/posts"}],"about":[{"href":"https:\/\/soymigrante.com\/revista\/wp-json\/wp\/v2\/types\/post"}],"author":[{"embeddable":true,"href":"https:\/\/soymigrante.com\/revista\/wp-json\/wp\/v2\/users\/7"}],"replies":[{"embeddable":true,"href":"https:\/\/soymigrante.com\/revista\/wp-json\/wp\/v2\/comments?post=2124"}],"version-history":[{"count":0,"href":"https:\/\/soymigrante.com\/revista\/wp-json\/wp\/v2\/posts\/2124\/revisions"}],"wp:featuredmedia":[{"embeddable":true,"href":"https:\/\/soymigrante.com\/revista\/wp-json\/wp\/v2\/media\/2130"}],"wp:attachment":[{"href":"https:\/\/soymigrante.com\/revista\/wp-json\/wp\/v2\/media?parent=2124"}],"wp:term":[{"taxonomy":"category","embeddable":true,"href":"https:\/\/soymigrante.com\/revista\/wp-json\/wp\/v2\/categories?post=2124"},{"taxonomy":"post_tag","embeddable":true,"href":"https:\/\/soymigrante.com\/revista\/wp-json\/wp\/v2\/tags?post=2124"}],"curies":[{"name":"wp","href":"https:\/\/api.w.org\/{rel}","templated":true}]}}