{"id":21239,"date":"2025-01-16T14:06:56","date_gmt":"2025-01-16T20:06:56","guid":{"rendered":"https:\/\/soymigrante.com\/revista\/?p=21239"},"modified":"2025-01-17T04:56:04","modified_gmt":"2025-01-17T10:56:04","slug":"que-tanto-conoces-del-calendario-maya-de-cuenta-larga","status":"publish","type":"post","link":"https:\/\/soymigrante.com\/revista\/que-tanto-conoces-del-calendario-maya-de-cuenta-larga\/","title":{"rendered":"\u00bfQu\u00e9 tanto conoces del calendario maya de Cuenta Larga?"},"content":{"rendered":"\t\t<div data-elementor-type=\"wp-post\" data-elementor-id=\"21239\" class=\"elementor elementor-21239\" data-elementor-post-type=\"post\">\n\t\t\t\t<div data-particle_enable=\"false\" data-particle-mobile-disabled=\"false\" class=\"elementor-element elementor-element-a4477f8 e-flex e-con-boxed e-con e-parent\" data-id=\"a4477f8\" data-element_type=\"container\" data-e-type=\"container\">\n\t\t\t\t\t<div class=\"e-con-inner\">\n\t\t\t\t<div class=\"elementor-element elementor-element-c987547 elementor-widget elementor-widget-heading\" data-id=\"c987547\" data-element_type=\"widget\" data-e-type=\"widget\" data-widget_type=\"heading.default\">\n\t\t\t\t\t<h2 class=\"elementor-heading-title elementor-size-default\">El calendario maya de Cuenta Larga fue un sistema revolucionario para registrar eventos hist\u00f3ricos y c\u00f3smicos, abarcando miles de a\u00f1os desde su fecha inicial en el 3114 a.C. Aprende m\u00e1s de este aporte de la civilizaci\u00f3n maya.<\/h2>\t\t\t\t<\/div>\n\t\t\t\t\t<\/div>\n\t\t\t\t<\/div>\n\t\t<div data-particle_enable=\"false\" data-particle-mobile-disabled=\"false\" class=\"elementor-element elementor-element-e734320 e-flex e-con-boxed e-con e-parent\" data-id=\"e734320\" data-element_type=\"container\" data-e-type=\"container\">\n\t\t\t\t\t<div class=\"e-con-inner\">\n\t\t\t\t<div class=\"elementor-element elementor-element-41ffab1 elementor-widget elementor-widget-text-editor\" data-id=\"41ffab1\" data-element_type=\"widget\" data-e-type=\"widget\" data-widget_type=\"text-editor.default\">\n\t\t\t\t\t\t\t\t\t<p>Aunque su uso ha cambiado con el tiempo, la Cuenta Larga sigue viva en investigaciones arqueol\u00f3gicas y tradiciones espirituales, record\u00e1ndonos la profunda conexi\u00f3n de los mayas con los ciclos c\u00f3smicos y la historia universal.<\/p><p>Este calendario marc\u00f3 hitos en la civilizaci\u00f3n maya y reflej\u00f3 su visi\u00f3n c\u00edclica del tiempo. Conoce m\u00e1s sobre el calendario maya de Cuenta Larga con estas cinco preguntas.<\/p>\t\t\t\t\t\t\t\t<\/div>\n\t\t\t\t\t<\/div>\n\t\t\t\t<\/div>\n\t\t<div data-particle_enable=\"false\" data-particle-mobile-disabled=\"false\" class=\"elementor-element elementor-element-6591425 e-flex e-con-boxed e-con e-parent\" data-id=\"6591425\" data-element_type=\"container\" data-e-type=\"container\">\n\t\t\t\t\t<div class=\"e-con-inner\">\n\t\t\t\t<div class=\"elementor-element elementor-element-d4a7084 elementor-widget elementor-widget-image\" data-id=\"d4a7084\" data-element_type=\"widget\" data-e-type=\"widget\" data-widget_type=\"image.default\">\n\t\t\t\t\t\t\t\t\t\t\t\t<figure class=\"wp-caption\">\n\t\t\t\t\t\t\t\t\t\t<img fetchpriority=\"high\" decoding=\"async\" width=\"659\" height=\"392\" src=\"https:\/\/soymigrante.com\/revista\/wp-content\/uploads\/2025\/01\/baktun.webp\" class=\"attachment-large size-large wp-image-21271\" alt=\"100% ethics-friendly:.\" srcset=\"https:\/\/soymigrante.com\/revista\/wp-content\/uploads\/2025\/01\/baktun.webp 659w, https:\/\/soymigrante.com\/revista\/wp-content\/uploads\/2025\/01\/baktun-300x178.jpg 300w\" sizes=\"(max-width: 659px) 100vw, 659px\" title=\"baktun \u2013 SoyMigrante.com REVISTA\" \/>\t\t\t\t\t\t\t\t\t\t\t<figcaption class=\"widget-image-caption wp-caption-text\">Dibujo de figuras mayas que representa diferentes per\u00edodos del calendario maya: bakt\u00fan, kat\u00fan, tun, uinal y kin. Elementos culturales y aztecas para entender la cronolog\u00eda maya y su influencia en la historia de M\u00e9xico.<\/figcaption>\n\t\t\t\t\t\t\t\t\t\t<\/figure>\n\t\t\t\t\t\t\t\t\t<\/div>\n\t\t\t\t\t<\/div>\n\t\t\t\t<\/div>\n\t\t<div data-particle_enable=\"false\" data-particle-mobile-disabled=\"false\" class=\"elementor-element elementor-element-3e5e725 e-flex e-con-boxed e-con e-parent\" data-id=\"3e5e725\" data-element_type=\"container\" data-e-type=\"container\">\n\t\t\t\t\t<div class=\"e-con-inner\">\n\t\t\t\t<div class=\"elementor-element elementor-element-46bcc96 elementor-widget elementor-widget-heading\" data-id=\"46bcc96\" data-element_type=\"widget\" data-e-type=\"widget\" data-widget_type=\"heading.default\">\n\t\t\t\t\t<h3 class=\"elementor-heading-title elementor-size-default\">\u00bfQu\u00e9 es el calendario maya de Cuenta Larga?\n<\/h3>\t\t\t\t<\/div>\n\t\t\t\t\t<\/div>\n\t\t\t\t<\/div>\n\t\t<div data-particle_enable=\"false\" data-particle-mobile-disabled=\"false\" class=\"elementor-element elementor-element-f0becb1 e-flex e-con-boxed e-con e-parent\" data-id=\"f0becb1\" data-element_type=\"container\" data-e-type=\"container\">\n\t\t\t\t\t<div class=\"e-con-inner\">\n\t\t\t\t<div class=\"elementor-element elementor-element-2dbc774 elementor-widget elementor-widget-text-editor\" data-id=\"2dbc774\" data-element_type=\"widget\" data-e-type=\"widget\" data-widget_type=\"text-editor.default\">\n\t\t\t\t\t\t\t\t\t<p>El calendario maya de Cuenta Larga es un sistema de registro temporal que permite medir largos per\u00edodos de tiempo, extendi\u00e9ndose m\u00e1s all\u00e1 de los ciclos anuales de otros calendarios mayas,\u00a0<a href=\"https:\/\/soymigrante.com\/revista\/como-rige-el-calendario-solar-maya-haab-el-tiempo-de-la-naturaleza-y-la-persona\/\" target=\"_blank\" rel=\"noopener\">como el Haab\u2019\u00a0<\/a>o\u00a0<a href=\"https:\/\/soymigrante.com\/revista\/cuando-es-el-ano-nuevo-del-calendario-maya-lunar-cholqij\/\" target=\"_blank\" rel=\"noopener\">el Cholq\u2019ij.\u00a0<\/a>Fue utilizado para documentar eventos hist\u00f3ricos, cosmol\u00f3gicos y pol\u00edticos, abarcando miles de a\u00f1os.<\/p>\t\t\t\t\t\t\t\t<\/div>\n\t\t\t\t\t<\/div>\n\t\t\t\t<\/div>\n\t\t<div data-particle_enable=\"false\" data-particle-mobile-disabled=\"false\" class=\"elementor-element elementor-element-2802969 e-flex e-con-boxed e-con e-parent\" data-id=\"2802969\" data-element_type=\"container\" data-e-type=\"container\">\n\t\t\t\t\t<div class=\"e-con-inner\">\n\t\t\t\t<div class=\"elementor-element elementor-element-59d3b22 elementor-widget elementor-widget-image\" data-id=\"59d3b22\" data-element_type=\"widget\" data-e-type=\"widget\" data-widget_type=\"image.default\">\n\t\t\t\t\t\t\t\t\t\t\t\t<figure class=\"wp-caption\">\n\t\t\t\t\t\t\t\t\t\t<img decoding=\"async\" width=\"584\" height=\"540\" src=\"https:\/\/soymigrante.com\/revista\/wp-content\/uploads\/2025\/01\/cuenta-larga.webp\" class=\"attachment-large size-large wp-image-21270\" alt=\"Ciclo de la cuenta larga en astronom\u00eda, muestra la duraci\u00f3n de diferentes ciclos en d\u00edas y a\u00f1os, incluyendo kin, uinal, tun, katun y baktun, en un estilo de calendario maya.\" srcset=\"https:\/\/soymigrante.com\/revista\/wp-content\/uploads\/2025\/01\/cuenta-larga.webp 584w, https:\/\/soymigrante.com\/revista\/wp-content\/uploads\/2025\/01\/cuenta-larga-300x277.jpg 300w\" sizes=\"(max-width: 584px) 100vw, 584px\" title=\"cuenta larga \u2013 SoyMigrante.com REVISTA\" \/>\t\t\t\t\t\t\t\t\t\t\t<figcaption class=\"widget-image-caption wp-caption-text\">Ciclo de la cuenta larga maya en calendario lunar y solar, explicando la duraci\u00f3n en d\u00edas y a\u00f1os por per\u00edodos como kin, uinal, tun, katun y baktun, con escritura tradicional.<\/figcaption>\n\t\t\t\t\t\t\t\t\t\t<\/figure>\n\t\t\t\t\t\t\t\t\t<\/div>\n\t\t\t\t\t<\/div>\n\t\t\t\t<\/div>\n\t\t<div data-particle_enable=\"false\" data-particle-mobile-disabled=\"false\" class=\"elementor-element elementor-element-b75dc3c e-flex e-con-boxed e-con e-parent\" data-id=\"b75dc3c\" data-element_type=\"container\" data-e-type=\"container\">\n\t\t\t\t\t<div class=\"e-con-inner\">\n\t\t\t\t<div class=\"elementor-element elementor-element-7cae4bf elementor-widget elementor-widget-heading\" data-id=\"7cae4bf\" data-element_type=\"widget\" data-e-type=\"widget\" data-widget_type=\"heading.default\">\n\t\t\t\t\t<h3 class=\"elementor-heading-title elementor-size-default\">\u00bfCu\u00e1l es el sistema del calendario maya de Cuenta Larga?\n\n<\/h3>\t\t\t\t<\/div>\n\t\t\t\t\t<\/div>\n\t\t\t\t<\/div>\n\t\t<div data-particle_enable=\"false\" data-particle-mobile-disabled=\"false\" class=\"elementor-element elementor-element-4666121 e-flex e-con-boxed e-con e-parent\" data-id=\"4666121\" data-element_type=\"container\" data-e-type=\"container\">\n\t\t\t\t\t<div class=\"e-con-inner\">\n\t\t\t\t<div class=\"elementor-element elementor-element-5c243b5 elementor-widget elementor-widget-text-editor\" data-id=\"5c243b5\" data-element_type=\"widget\" data-e-type=\"widget\" data-widget_type=\"text-editor.default\">\n\t\t\t\t\t\t\t\t\t<p>El sistema de Cuenta Larga se basa en ciclos de d\u00edas organizados en unidades mayores llamadas baktunes, k\u2019atunes, tunes, winales y k\u2019ines. Un bakt\u00fan, por ejemplo, equivale a 144,000 d\u00edas (aproximadamente 394 a\u00f1os).<\/p><p>Este m\u00e9todo de medici\u00f3n comienza desde una fecha inicial que los mayas fijaron como 11 de agosto del 3114 a.C. en el calendario gregoriano. A partir de esta referencia,\u00a0<a href=\"https:\/\/soymigrante.com\/revista\/joyas-mayas-migrantes-guatemaltecos-pueden-admirar-vaso-de-los-11-dioses-en-los-angeles\/\" target=\"_blank\" rel=\"noopener\">los mayas\u00a0<\/a>pod\u00edan registrar fechas en el pasado y proyectar hacia el futuro.<\/p>\t\t\t\t\t\t\t\t<\/div>\n\t\t\t\t\t<\/div>\n\t\t\t\t<\/div>\n\t\t<div data-particle_enable=\"false\" data-particle-mobile-disabled=\"false\" class=\"elementor-element elementor-element-3491e69 e-flex e-con-boxed e-con e-parent\" data-id=\"3491e69\" data-element_type=\"container\" data-e-type=\"container\">\n\t\t\t\t\t<div class=\"e-con-inner\">\n\t\t\t\t<div class=\"elementor-element elementor-element-6162b4e elementor-widget elementor-widget-video\" data-id=\"6162b4e\" data-element_type=\"widget\" data-e-type=\"widget\" data-settings=\"{&quot;youtube_url&quot;:&quot;https:\\\/\\\/www.youtube.com\\\/watch?v=i1DuEVQ1fFU&quot;,&quot;video_type&quot;:&quot;youtube&quot;,&quot;controls&quot;:&quot;yes&quot;}\" data-widget_type=\"video.default\">\n\t\t\t\t\t\t\t<div class=\"elementor-wrapper elementor-open-inline\">\n\t\t\t<div class=\"elementor-video\"><\/div>\t\t<\/div>\n\t\t\t\t\t\t<\/div>\n\t\t\t\t\t<\/div>\n\t\t\t\t<\/div>\n\t\t<div data-particle_enable=\"false\" data-particle-mobile-disabled=\"false\" class=\"elementor-element elementor-element-396d4cd e-flex e-con-boxed e-con e-parent\" data-id=\"396d4cd\" data-element_type=\"container\" data-e-type=\"container\">\n\t\t\t\t\t<div class=\"e-con-inner\">\n\t\t\t\t<div class=\"elementor-element elementor-element-4ecec85 elementor-widget elementor-widget-heading\" data-id=\"4ecec85\" data-element_type=\"widget\" data-e-type=\"widget\" data-widget_type=\"heading.default\">\n\t\t\t\t\t<h3 class=\"elementor-heading-title elementor-size-default\">\u00bfQu\u00e9 papel jug\u00f3 el calendario de Cuenta Larga en la civilizaci\u00f3n maya?\n\n<\/h3>\t\t\t\t<\/div>\n\t\t\t\t\t<\/div>\n\t\t\t\t<\/div>\n\t\t<div data-particle_enable=\"false\" data-particle-mobile-disabled=\"false\" class=\"elementor-element elementor-element-8999633 e-flex e-con-boxed e-con e-parent\" data-id=\"8999633\" data-element_type=\"container\" data-e-type=\"container\">\n\t\t\t\t\t<div class=\"e-con-inner\">\n\t\t\t\t<div class=\"elementor-element elementor-element-d92e818 elementor-widget elementor-widget-text-editor\" data-id=\"d92e818\" data-element_type=\"widget\" data-e-type=\"widget\" data-widget_type=\"text-editor.default\">\n\t\t\t\t\t\t\t\t\t<p>El calendario de Cuenta Larga fue esencial para la cronolog\u00eda hist\u00f3rica y<a href=\"https:\/\/soymigrante.com\/revista\/atoles-ancestrales-chilate-de-rabinal-bebida-ceremonial-que-enlaza-tradicion-y-fe\/\" target=\"_blank\" rel=\"noopener\"> mitol\u00f3gica maya.\u00a0<\/a>Permiti\u00f3 a esta civilizaci\u00f3n registrar eventos significativos en sus estelas y monumentos, como coronaciones, guerras y rituales. Tambi\u00e9n ten\u00eda un papel cosmol\u00f3gico, ya que reflejaba la concepci\u00f3n c\u00edclica del tiempo, donde los ciclos se repet\u00edan en armon\u00eda con el universo.<\/p>\t\t\t\t\t\t\t\t<\/div>\n\t\t\t\t\t<\/div>\n\t\t\t\t<\/div>\n\t\t<div data-particle_enable=\"false\" data-particle-mobile-disabled=\"false\" class=\"elementor-element elementor-element-d4bb6c3 e-flex e-con-boxed e-con e-parent\" data-id=\"d4bb6c3\" data-element_type=\"container\" data-e-type=\"container\">\n\t\t\t\t\t<div class=\"e-con-inner\">\n\t\t\t\t<div class=\"elementor-element elementor-element-19004ff elementor-align-center elementor-widget elementor-widget-button\" data-id=\"19004ff\" data-element_type=\"widget\" data-e-type=\"widget\" data-widget_type=\"button.default\">\n\t\t\t\t\t\t\t\t\t\t<a class=\"elementor-button elementor-button-link elementor-size-sm\" href=\"https:\/\/soymigrante.com\/revista\/como-rige-el-calendario-solar-maya-haab-el-tiempo-de-la-naturaleza-y-la-persona\/\">\n\t\t\t\t\t\t<span class=\"elementor-button-content-wrapper\">\n\t\t\t\t\t\t\t\t\t<span class=\"elementor-button-text\">Conoce el calendario maya solar, el Haab\u00b4<\/span>\n\t\t\t\t\t<\/span>\n\t\t\t\t\t<\/a>\n\t\t\t\t\t\t\t\t<\/div>\n\t\t\t\t\t<\/div>\n\t\t\t\t<\/div>\n\t\t<div data-particle_enable=\"false\" data-particle-mobile-disabled=\"false\" class=\"elementor-element elementor-element-047b3e0 e-flex e-con-boxed e-con e-parent\" data-id=\"047b3e0\" data-element_type=\"container\" data-e-type=\"container\">\n\t\t\t\t\t<div class=\"e-con-inner\">\n\t\t\t\t<div class=\"elementor-element elementor-element-746ff8c elementor-widget elementor-widget-video\" data-id=\"746ff8c\" data-element_type=\"widget\" data-e-type=\"widget\" data-settings=\"{&quot;youtube_url&quot;:&quot;https:\\\/\\\/www.youtube.com\\\/watch?v=GD-qAMv_ByU&quot;,&quot;video_type&quot;:&quot;youtube&quot;,&quot;controls&quot;:&quot;yes&quot;}\" data-widget_type=\"video.default\">\n\t\t\t\t\t\t\t<div class=\"elementor-wrapper elementor-open-inline\">\n\t\t\t<div class=\"elementor-video\"><\/div>\t\t<\/div>\n\t\t\t\t\t\t<\/div>\n\t\t\t\t\t<\/div>\n\t\t\t\t<\/div>\n\t\t<div data-particle_enable=\"false\" data-particle-mobile-disabled=\"false\" class=\"elementor-element elementor-element-b473b7f e-flex e-con-boxed e-con e-parent\" data-id=\"b473b7f\" data-element_type=\"container\" data-e-type=\"container\">\n\t\t\t\t\t<div class=\"e-con-inner\">\n\t\t\t\t<div class=\"elementor-element elementor-element-0e9b3b3 elementor-widget elementor-widget-heading\" data-id=\"0e9b3b3\" data-element_type=\"widget\" data-e-type=\"widget\" data-widget_type=\"heading.default\">\n\t\t\t\t\t<h3 class=\"elementor-heading-title elementor-size-default\">\u00bfExiste influencia del calendario maya de cuenta larga en la actualidad?\n\n<\/h3>\t\t\t\t<\/div>\n\t\t\t\t\t<\/div>\n\t\t\t\t<\/div>\n\t\t<div data-particle_enable=\"false\" data-particle-mobile-disabled=\"false\" class=\"elementor-element elementor-element-b6722d3 e-flex e-con-boxed e-con e-parent\" data-id=\"b6722d3\" data-element_type=\"container\" data-e-type=\"container\">\n\t\t\t\t\t<div class=\"e-con-inner\">\n\t\t\t\t<div class=\"elementor-element elementor-element-405e799 elementor-widget elementor-widget-text-editor\" data-id=\"405e799\" data-element_type=\"widget\" data-e-type=\"widget\" data-widget_type=\"text-editor.default\">\n\t\t\t\t\t\t\t\t\t<p>Aunque su uso ya no es com\u00fan en la vida cotidiana, el calendario de Cuenta Larga sigue siendo relevante&nbsp;<a href=\"https:\/\/soymigrante.com\/revista\/tejedoras-mayas-preservan-su-herencia-plasmada-de-cosmovision\/\" target=\"_blank\">como un legado cultural&nbsp;<\/a>y arqueol\u00f3gico. En 2012, se gener\u00f3 gran inter\u00e9s mundial por la finalizaci\u00f3n de un bakt\u00fan en el 21 de diciembre de ese a\u00f1o, lo que algunos interpretaron como el &#8220;fin del mundo&#8221;, aunque para los mayas simplemente marcaba el inicio de un nuevo ciclo.&nbsp;<\/p>\n<p>Hoy en d\u00eda, investigadores y comunidades ind\u00edgenas contin\u00faan estudi\u00e1ndolo y preservando su significado espiritual e hist\u00f3rico.<\/p>\t\t\t\t\t\t\t\t<\/div>\n\t\t\t\t\t<\/div>\n\t\t\t\t<\/div>\n\t\t<div data-particle_enable=\"false\" data-particle-mobile-disabled=\"false\" class=\"elementor-element elementor-element-d406156 e-flex e-con-boxed e-con e-parent\" data-id=\"d406156\" data-element_type=\"container\" data-e-type=\"container\">\n\t\t\t\t\t<div class=\"e-con-inner\">\n\t\t\t\t<div class=\"elementor-element elementor-element-36c7020 elementor-align-center elementor-widget elementor-widget-button\" data-id=\"36c7020\" data-element_type=\"widget\" data-e-type=\"widget\" data-widget_type=\"button.default\">\n\t\t\t\t\t\t\t\t\t\t<a class=\"elementor-button elementor-button-link elementor-size-sm\" href=\"https:\/\/soymigrante.com\/revista\/cuando-es-el-ano-nuevo-del-calendario-maya-lunar-cholqij\/\">\n\t\t\t\t\t\t<span class=\"elementor-button-content-wrapper\">\n\t\t\t\t\t\t\t\t\t<span class=\"elementor-button-text\">Cholq\u2019ij, el calendario maya lunar. Conoce m\u00e1s AQU\u00cd.<\/span>\n\t\t\t\t\t<\/span>\n\t\t\t\t\t<\/a>\n\t\t\t\t\t\t\t\t<\/div>\n\t\t\t\t\t<\/div>\n\t\t\t\t<\/div>\n\t\t<div data-particle_enable=\"false\" data-particle-mobile-disabled=\"false\" class=\"elementor-element elementor-element-76f443b e-flex e-con-boxed e-con e-parent\" data-id=\"76f443b\" data-element_type=\"container\" data-e-type=\"container\">\n\t\t\t\t\t<div class=\"e-con-inner\">\n\t\t\t\t<div class=\"elementor-element elementor-element-74af397 elementor-widget elementor-widget-video\" data-id=\"74af397\" data-element_type=\"widget\" data-e-type=\"widget\" data-settings=\"{&quot;youtube_url&quot;:&quot;https:\\\/\\\/www.youtube.com\\\/watch?v=LtYQ2F-jSQw&quot;,&quot;video_type&quot;:&quot;youtube&quot;,&quot;controls&quot;:&quot;yes&quot;}\" data-widget_type=\"video.default\">\n\t\t\t\t\t\t\t<div class=\"elementor-wrapper elementor-open-inline\">\n\t\t\t<div class=\"elementor-video\"><\/div>\t\t<\/div>\n\t\t\t\t\t\t<\/div>\n\t\t\t\t\t<\/div>\n\t\t\t\t<\/div>\n\t\t<div data-particle_enable=\"false\" data-particle-mobile-disabled=\"false\" class=\"elementor-element elementor-element-966e2af e-flex e-con-boxed e-con e-parent\" data-id=\"966e2af\" data-element_type=\"container\" data-e-type=\"container\">\n\t\t\t\t\t<div class=\"e-con-inner\">\n\t\t\t\t<div class=\"elementor-element elementor-element-cbdc927 elementor-widget elementor-widget-heading\" data-id=\"cbdc927\" data-element_type=\"widget\" data-e-type=\"widget\" data-widget_type=\"heading.default\">\n\t\t\t\t\t<h3 class=\"elementor-heading-title elementor-size-default\">\u00bfC\u00f3mo est\u00e1 compuesto el calendario maya de cuenta larga?\n<\/h3>\t\t\t\t<\/div>\n\t\t\t\t\t<\/div>\n\t\t\t\t<\/div>\n\t\t<div data-particle_enable=\"false\" data-particle-mobile-disabled=\"false\" class=\"elementor-element elementor-element-dc8cd70 e-flex e-con-boxed e-con e-parent\" data-id=\"dc8cd70\" data-element_type=\"container\" data-e-type=\"container\">\n\t\t\t\t\t<div class=\"e-con-inner\">\n\t\t\t\t<div class=\"elementor-element elementor-element-76a6901 elementor-widget elementor-widget-text-editor\" data-id=\"76a6901\" data-element_type=\"widget\" data-e-type=\"widget\" data-widget_type=\"text-editor.default\">\n\t\t\t\t\t\t\t\t\t<p>El sistema de Cuenta Larga del calendario maya organiza el tiempo en ciclos de d\u00edas divididos en cinco unidades principales:<\/p><ul><li>K\u2019in: Representa un d\u00eda. Es la unidad b\u00e1sica del sistema.<\/li><li>Winal: Equivale a 20 d\u00edas, similar a un mes.<\/li><li>Tun: Corresponde a 18 winales, es decir, 360 d\u00edas, cercano a un a\u00f1o solar.<\/li><li>K\u2019atun: Compuesto por 20 tunes, lo que equivale a 7,200 d\u00edas o aproximadamente 20 a\u00f1os.<\/li><li>Bakt\u00fan: La unidad m\u00e1s grande del sistema regular, formada por 20 k\u2019atunes, o 144,000 d\u00edas (aproximadamente 394 a\u00f1os).<\/li><\/ul><p>Este sistema permite registrar largas extensiones de tiempo, comenzando desde una fecha inicial establecida como el 11 de agosto del 3114 a.C. en el calendario gregoriano. Es un sistema c\u00edclico que refleja la concepci\u00f3n maya de un tiempo continuo y repetitivo.<\/p>\t\t\t\t\t\t\t\t<\/div>\n\t\t\t\t\t<\/div>\n\t\t\t\t<\/div>\n\t\t<div data-particle_enable=\"false\" data-particle-mobile-disabled=\"false\" class=\"elementor-element elementor-element-f8a5cfa e-flex e-con-boxed e-con e-parent\" data-id=\"f8a5cfa\" data-element_type=\"container\" data-e-type=\"container\">\n\t\t\t\t\t<div class=\"e-con-inner\">\n\t\t\t\t<div class=\"elementor-element elementor-element-a43f341 elementor-widget elementor-widget-eael-creative-button\" data-id=\"a43f341\" data-element_type=\"widget\" data-e-type=\"widget\" data-widget_type=\"eael-creative-button.default\">\n\t\t\t\t\t        <div class=\"eael-creative-button-wrapper\">\n\n            <a class=\"eael-creative-button eael-creative-button--default eael-cb-icon-position-\" href=\"https:\/\/lexiquetos.org\/fechas-maya\/#google_vignette\" data-text=\"Go!\">\n            \t    \n                <div class=\"creative-button-inner\">\n\n                    \n                    <span class=\"cretive-button-text\">Aqu\u00ed puedes ubicar tu Rueda Calend\u00e1rica maya del d\u00eda de tu nacimiento<\/span>\n\n                                    <\/div>\n\t                        <\/a>\n        <\/div>\n        \t\t\t\t<\/div>\n\t\t\t\t\t<\/div>\n\t\t\t\t<\/div>\n\t\t<div data-particle_enable=\"false\" data-particle-mobile-disabled=\"false\" class=\"elementor-element elementor-element-2b06301 e-flex e-con-boxed e-con e-parent\" data-id=\"2b06301\" data-element_type=\"container\" data-e-type=\"container\">\n\t\t\t\t\t<div class=\"e-con-inner\">\n\t\t\t\t<div class=\"elementor-element elementor-element-a464891 elementor-widget elementor-widget-heading\" data-id=\"a464891\" data-element_type=\"widget\" data-e-type=\"widget\" data-widget_type=\"heading.default\">\n\t\t\t\t\t<h2 class=\"elementor-heading-title elementor-size-default\">Tres ciclos del sistema calend\u00e1rico maya<\/h2>\t\t\t\t<\/div>\n\t\t\t\t\t<\/div>\n\t\t\t\t<\/div>\n\t\t<div data-particle_enable=\"false\" data-particle-mobile-disabled=\"false\" class=\"elementor-element elementor-element-ba3fc84 e-flex e-con-boxed e-con e-parent\" data-id=\"ba3fc84\" data-element_type=\"container\" data-e-type=\"container\">\n\t\t\t\t\t<div class=\"e-con-inner\">\n\t\t\t\t<div class=\"elementor-element elementor-element-f1ba709 elementor-grid-eael-col-3 elementor-grid-tablet-eael-col-2 elementor-grid-mobile-eael-col-1 elementor-widget elementor-widget-eael-post-grid\" data-id=\"f1ba709\" data-element_type=\"widget\" data-e-type=\"widget\" data-settings=\"{&quot;eael_post_grid_columns&quot;:&quot;eael-col-3&quot;,&quot;eael_post_grid_columns_tablet&quot;:&quot;eael-col-2&quot;,&quot;eael_post_grid_columns_mobile&quot;:&quot;eael-col-1&quot;}\" data-widget_type=\"eael-post-grid.default\">\n\t\t\t\t\t<div id=\"eael-post-grid-f1ba709\" class=\"eael-post-grid-container\">\n            <div class=\"eael-post-grid eael-post-appender eael-post-appender-f1ba709 eael-post-grid-style-one\" data-layout-mode=\"masonry\"><article class=\"eael-grid-post  eael-post-grid-column eael-pg-post-21055 category-guate-nuestra\" data-id=\"21055\">\n        <div class=\"eael-grid-post-holder\">\n            <div class=\"eael-grid-post-holder-inner\"><div class=\"eael-entry-media\"><div class=\"eael-entry-overlay fade-in\"><i class=\"far fa-hand-pointer\" aria-hidden=\"true\"><\/i><a href=\"https:\/\/soymigrante.com\/revista\/como-rige-el-calendario-solar-maya-haab-el-tiempo-de-la-naturaleza-y-la-persona\/\"><\/a><\/div><div class=\"eael-entry-thumbnail \">\n                <img decoding=\"async\" width=\"995\" height=\"975\" src=\"https:\/\/soymigrante.com\/revista\/wp-content\/uploads\/2025\/01\/God_G_Kinich_Ahau_2-e1737003847402.webp\" class=\"attachment-large size-large wp-image-21211\" alt=\"Predominancia de arte y cultura en la revista SoyMigrante.com con enfoque en historia y patrimonio ind\u00edgena mexicano.\" \/>\n            <\/div>\n        <\/div><div class=\"eael-entry-wrapper\"><header class=\"eael-entry-header\"><h2 class=\"eael-entry-title\"><a class=\"eael-grid-post-link\" href=\"https:\/\/soymigrante.com\/revista\/como-rige-el-calendario-solar-maya-haab-el-tiempo-de-la-naturaleza-y-la-persona\/\" title=\"Este 18 de febrero es el primer d\u00eda del nuevo a\u00f1o maya Ha&#8217;ab\">Este 18 de febrero es el primer d\u00eda del nuevo a\u00f1o maya Ha&#8217;ab<\/a><\/h2><\/header><div class=\"eael-entry-content\">\n                        <div class=\"eael-grid-post-excerpt\"><a href=\"https:\/\/soymigrante.com\/revista\/como-rige-el-calendario-solar-maya-haab-el-tiempo-de-la-naturaleza-y-la-persona\/\" class=\"eael-post-elements-readmore-btn\">CONOCE SU HISTORIA <\/a><\/div>\n                    <\/div><\/div><\/div>\n        <\/div>\n    <\/article><article class=\"eael-grid-post  eael-post-grid-column eael-pg-post-15263 category-lugar-de-voces\" data-id=\"15263\">\n        <div class=\"eael-grid-post-holder\">\n            <div class=\"eael-grid-post-holder-inner\"><div class=\"eael-entry-media\"><div class=\"eael-entry-overlay fade-in\"><i class=\"far fa-hand-pointer\" aria-hidden=\"true\"><\/i><a href=\"https:\/\/soymigrante.com\/revista\/sabiduria-ancestral-en-nuestros-dias-astronomia-y-el-sistema-calendarico-maya\/\"><\/a><\/div><div class=\"eael-entry-thumbnail \">\n                <img loading=\"lazy\" decoding=\"async\" width=\"427\" height=\"384\" src=\"https:\/\/soymigrante.com\/revista\/wp-content\/uploads\/2024\/12\/calendario-maya.webp\" class=\"attachment-large size-large wp-image-15264\" alt=\"Iconos ind\u00edgenas y culturales en estilos precolombinos con motivos tradicionales en tonos marr\u00f3n, reflejando la diversidad y riqueza cultural en la revista SoyMigrante.com REVISTA.\" srcset=\"https:\/\/soymigrante.com\/revista\/wp-content\/uploads\/2024\/12\/calendario-maya.webp 427w, https:\/\/soymigrante.com\/revista\/wp-content\/uploads\/2024\/12\/calendario-maya-300x270.png 300w\" sizes=\"(max-width: 427px) 100vw, 427px\" \/>\n            <\/div>\n        <\/div><div class=\"eael-entry-wrapper\"><header class=\"eael-entry-header\"><h2 class=\"eael-entry-title\"><a class=\"eael-grid-post-link\" href=\"https:\/\/soymigrante.com\/revista\/sabiduria-ancestral-en-nuestros-dias-astronomia-y-el-sistema-calendarico-maya\/\" title=\"Calendario maya tiene tres ciclos para la cuenta del tiempo: \u00bfLos conoces?\">Calendario maya tiene tres ciclos para la cuenta del tiempo: \u00bfLos conoces?<\/a><\/h2><\/header><div class=\"eael-entry-content\">\n                        <div class=\"eael-grid-post-excerpt\"><a href=\"https:\/\/soymigrante.com\/revista\/sabiduria-ancestral-en-nuestros-dias-astronomia-y-el-sistema-calendarico-maya\/\" class=\"eael-post-elements-readmore-btn\">CONOCE SU HISTORIA <\/a><\/div>\n                    <\/div><\/div><\/div>\n        <\/div>\n    <\/article><article class=\"eael-grid-post  eael-post-grid-column eael-pg-post-20823 category-guate-nuestra\" data-id=\"20823\">\n        <div class=\"eael-grid-post-holder\">\n            <div class=\"eael-grid-post-holder-inner\"><div class=\"eael-entry-media\"><div class=\"eael-entry-overlay fade-in\"><i class=\"far fa-hand-pointer\" aria-hidden=\"true\"><\/i><a href=\"https:\/\/soymigrante.com\/revista\/cuando-es-el-ano-nuevo-del-calendario-maya-lunar-cholqij\/\"><\/a><\/div><div class=\"eael-entry-thumbnail \">\n                <img loading=\"lazy\" decoding=\"async\" width=\"661\" height=\"627\" src=\"https:\/\/soymigrante.com\/revista\/wp-content\/uploads\/2025\/01\/cholquij-calendario.webp\" class=\"attachment-large size-large wp-image-20887\" alt=\"B\u00faho con estilo tradicional y colores vibrantes, representando cultura y diversidad en la revista SoyMigrante.com REVISTA.\" srcset=\"https:\/\/soymigrante.com\/revista\/wp-content\/uploads\/2025\/01\/cholquij-calendario.webp 661w, https:\/\/soymigrante.com\/revista\/wp-content\/uploads\/2025\/01\/cholquij-calendario-300x285.jpg 300w\" sizes=\"(max-width: 661px) 100vw, 661px\" \/>\n            <\/div>\n        <\/div><div class=\"eael-entry-wrapper\"><header class=\"eael-entry-header\"><h2 class=\"eael-entry-title\"><a class=\"eael-grid-post-link\" href=\"https:\/\/soymigrante.com\/revista\/cuando-es-el-ano-nuevo-del-calendario-maya-lunar-cholqij\/\" title=\"Calendario maya lunar Cholq\u2019ij tiene un significado para cada d\u00eda\">Calendario maya lunar Cholq\u2019ij tiene un significado para cada d\u00eda<\/a><\/h2><\/header><div class=\"eael-entry-content\">\n                        <div class=\"eael-grid-post-excerpt\"><a href=\"https:\/\/soymigrante.com\/revista\/cuando-es-el-ano-nuevo-del-calendario-maya-lunar-cholqij\/\" class=\"eael-post-elements-readmore-btn\">CONOCE SU HISTORIA <\/a><\/div>\n                    <\/div><\/div><\/div>\n        <\/div>\n    <\/article><\/div>\n            <div class=\"clearfix\"><\/div>\n        <\/div>\t\t\t\t<\/div>\n\t\t\t\t\t<\/div>\n\t\t\t\t<\/div>\n\t\t\t\t<\/div>\n\t\t","protected":false},"excerpt":{"rendered":"<p>El calendario maya de Cuenta Larga fue un sistema revolucionario para registrar eventos hist\u00f3ricos y c\u00f3smicos, abarcando miles de a\u00f1os desde su fecha inicial en el 3114 a.C. Aprende m\u00e1s de este aporte de la civilizaci\u00f3n maya. Aunque su uso ha cambiado con el tiempo, la Cuenta Larga sigue viva en investigaciones arqueol\u00f3gicas y tradiciones [&hellip;]<\/p>\n","protected":false},"author":23,"featured_media":21270,"comment_status":"open","ping_status":"open","sticky":false,"template":"","format":"standard","meta":{"_acf_changed":false,"_eb_attr":"","footnotes":""},"categories":[58],"tags":[],"class_list":["post-21239","post","type-post","status-publish","format-standard","has-post-thumbnail","hentry","category-guate-nuestra"],"acf":[],"aioseo_notices":[],"aioseo_head":"\n\t\t<!-- All in One SEO Pro 4.9.6.2 - aioseo.com -->\n\t<meta name=\"description\" content=\"El Cholq\u2019ij es uno de los tres calendarios sagrados mayas. Es un c\u00e1lculo basado en el ciclo de la luna. \u00bfCu\u00e1ntos meses y cu\u00e1ntos d\u00edas tiene? Eso y m\u00e1s aqu\u00ed.\" \/>\n\t<meta name=\"robots\" content=\"max-snippet:-1, max-image-preview:large, max-video-preview:-1\" \/>\n\t<meta name=\"author\" content=\"Beatriz Tercero\"\/>\n\t<link rel=\"canonical\" href=\"https:\/\/soymigrante.com\/revista\/cuando-es-el-ano-nuevo-del-calendario-maya-lunar-cholqij\/\" \/>\n\t<meta name=\"generator\" content=\"All in One SEO Pro (AIOSEO) 4.9.6.2\" \/>\n\n\t\t<link rel=\"preconnect\" href=\"https:\/\/fonts.googleapis.com\" crossorigin>\n<link rel=\"preconnect\" href=\"https:\/\/fonts.gstatic.com\" crossorigin>\n\t\t<meta property=\"og:locale\" content=\"es_ES\" \/>\n\t\t<meta property=\"og:site_name\" content=\"SoyMigrante.com REVISTA \u2013 Nuestra misi\u00f3n es reconocer y dignificar al migrante.\" \/>\n\t\t<meta property=\"og:type\" content=\"article\" \/>\n\t\t<meta property=\"og:title\" content=\"\u00bfCu\u00e1ndo es el a\u00f1o nuevo del calendario maya Choljqu&#039;ij?\" \/>\n\t\t<meta property=\"og:description\" content=\"El Cholq\u2019ij es uno de los tres calendarios sagrados mayas. Es un c\u00e1lculo basado en el ciclo de la luna. \u00bfCu\u00e1ntos meses y cu\u00e1ntos d\u00edas tiene? Eso y m\u00e1s aqu\u00ed.\" \/>\n\t\t<meta property=\"og:url\" content=\"https:\/\/soymigrante.com\/revista\/cuando-es-el-ano-nuevo-del-calendario-maya-lunar-cholqij\/\" \/>\n\t\t<meta property=\"og:image\" content=\"https:\/\/soymigrante.com\/revista\/wp-content\/uploads\/2025\/01\/cholquij-calendario.webp\" \/>\n\t\t<meta property=\"og:image:secure_url\" content=\"https:\/\/soymigrante.com\/revista\/wp-content\/uploads\/2025\/01\/cholquij-calendario.webp\" \/>\n\t\t<meta property=\"og:image:width\" content=\"661\" \/>\n\t\t<meta property=\"og:image:height\" content=\"627\" \/>\n\t\t<meta property=\"article:published_time\" content=\"2025-02-16T19:39:49+00:00\" \/>\n\t\t<meta property=\"article:modified_time\" content=\"2025-02-16T19:39:49+00:00\" \/>\n\t\t<meta property=\"article:publisher\" content=\"https:\/\/www.facebook.com\/soymigrantecom\" \/>\n\t\t<meta name=\"twitter:card\" content=\"summary_large_image\" \/>\n\t\t<meta name=\"twitter:site\" content=\"@SoyMigrante_com\" \/>\n\t\t<meta name=\"twitter:title\" content=\"\u00bfCu\u00e1ndo es el a\u00f1o nuevo del calendario maya Choljqu&#039;ij?\" \/>\n\t\t<meta name=\"twitter:description\" content=\"El Cholq\u2019ij es uno de los tres calendarios sagrados mayas. Es un c\u00e1lculo basado en el ciclo de la luna. \u00bfCu\u00e1ntos meses y cu\u00e1ntos d\u00edas tiene? Eso y m\u00e1s aqu\u00ed.\" \/>\n\t\t<meta name=\"twitter:creator\" content=\"@SoyMigrante_com\" \/>\n\t\t<meta name=\"twitter:image\" content=\"https:\/\/soymigrante.com\/revista\/wp-content\/uploads\/2025\/01\/cholquij-calendario.webp\" \/>\n\t\t<!-- All in One SEO Pro -->\r\n\t\t<title>\u00bfCu\u00e1ndo es el a\u00f1o nuevo del calendario maya Choljqu'ij?<\/title>\n\n","aioseo_head_json":{"title":"\u00bfCu\u00e1ndo es el a\u00f1o nuevo del calendario maya Choljqu'ij?","description":"El Cholq\u2019ij es uno de los tres calendarios sagrados mayas. Es un c\u00e1lculo basado en el ciclo de la luna. \u00bfCu\u00e1ntos meses y cu\u00e1ntos d\u00edas tiene? Eso y m\u00e1s aqu\u00ed.","canonical_url":"https:\/\/soymigrante.com\/revista\/cuando-es-el-ano-nuevo-del-calendario-maya-lunar-cholqij\/","robots":"max-snippet:-1, max-image-preview:large, max-video-preview:-1","keywords":"","webmasterTools":{"miscellaneous":"&lt;link rel=\"preconnect\" href=\"https:\/\/fonts.googleapis.com\" crossorigin&gt;\n&lt;link rel=\"preconnect\" href=\"https:\/\/fonts.gstatic.com\" crossorigin&gt;"},"schema":null,"og:locale":"es_ES","og:site_name":"SoyMigrante.com REVISTA \u2013 Nuestra misi\u00f3n es reconocer y dignificar al migrante.","og:type":"article","og:title":"\u00bfCu\u00e1ndo es el a\u00f1o nuevo del calendario maya Choljqu'ij?","og:description":"El Cholq\u2019ij es uno de los tres calendarios sagrados mayas. Es un c\u00e1lculo basado en el ciclo de la luna. \u00bfCu\u00e1ntos meses y cu\u00e1ntos d\u00edas tiene? Eso y m\u00e1s aqu\u00ed.","og:url":"https:\/\/soymigrante.com\/revista\/cuando-es-el-ano-nuevo-del-calendario-maya-lunar-cholqij\/","og:image":"https:\/\/soymigrante.com\/revista\/wp-content\/uploads\/2025\/01\/cholquij-calendario.webp","og:image:secure_url":"https:\/\/soymigrante.com\/revista\/wp-content\/uploads\/2025\/01\/cholquij-calendario.webp","og:image:width":661,"og:image:height":627,"article:published_time":"2025-02-16T19:39:49+00:00","article:modified_time":"2025-02-16T19:39:49+00:00","article:publisher":"https:\/\/www.facebook.com\/soymigrantecom","twitter:card":"summary_large_image","twitter:site":"@SoyMigrante_com","twitter:title":"\u00bfCu\u00e1ndo es el a\u00f1o nuevo del calendario maya Choljqu'ij?","twitter:description":"El Cholq\u2019ij es uno de los tres calendarios sagrados mayas. Es un c\u00e1lculo basado en el ciclo de la luna. \u00bfCu\u00e1ntos meses y cu\u00e1ntos d\u00edas tiene? Eso y m\u00e1s aqu\u00ed.","twitter:creator":"@SoyMigrante_com","twitter:image":"https:\/\/soymigrante.com\/revista\/wp-content\/uploads\/2025\/01\/cholquij-calendario.webp"},"aioseo_meta_data":{"post_id":"21239","title":"Calendario maya de Cuenta Larga: La cronolog\u00eda c\u00f3smica de la civilizaci\u00f3n maya","description":"El calendario maya de Cuenta Larga fue un sistema revolucionario para registrar eventos hist\u00f3ricos y c\u00f3smicos, abarcando miles de a\u00f1os desde su fecha inicial en el 3114 a.C.","keywords":null,"keyphrases":{"focus":{"keyphrase":"cuenta larga","score":82,"analysis":{"keyphraseInTitle":{"score":9,"maxScore":9,"error":0},"keyphraseInDescription":{"score":9,"maxScore":9,"error":0},"keyphraseLength":{"score":9,"maxScore":9,"error":0,"length":2},"keyphraseInURL":{"score":5,"maxScore":5,"error":0},"keyphraseInIntroduction":{"score":9,"maxScore":9,"error":0},"keyphraseInSubHeadings":{"score":3,"maxScore":9,"error":1},"keyphraseInImageAlt":{"score":3,"maxScore":9,"error":1},"keywordDensity":{"type":"best","score":9,"maxScore":9,"error":0}}},"additional":[{"keyphrase":"calendario maya","score":73,"analysis":{"keyphraseInDescription":{"score":9,"maxScore":9,"error":0},"keyphraseLength":{"score":9,"maxScore":9,"error":0,"length":2},"keyphraseInIntroduction":{"score":3,"maxScore":9,"error":1},"keyphraseInImageAlt":{"score":3,"maxScore":9,"error":1},"keywordDensity":{"type":"best","score":9,"maxScore":9,"error":0}}},{"keyphrase":"cronolog\u00eda c\u00f3smica","score":40,"analysis":{"keyphraseInDescription":{"score":3,"maxScore":9,"error":1},"keyphraseLength":{"score":9,"maxScore":9,"error":0,"length":4},"keyphraseInIntroduction":{"score":3,"maxScore":9,"error":1},"keyphraseInImageAlt":{"score":3,"maxScore":9,"error":1},"keywordDensity":{"score":0,"type":"low","maxScore":9,"error":1}}},{"keyphrase":"civilizaci\u00f3n maya","score":60,"analysis":{"keyphraseInDescription":{"score":3,"maxScore":9,"error":1},"keyphraseLength":{"score":9,"maxScore":9,"error":0,"length":3},"keyphraseInIntroduction":{"score":3,"maxScore":9,"error":1},"keyphraseInImageAlt":{"score":3,"maxScore":9,"error":1},"keywordDensity":{"type":"best","score":9,"maxScore":9,"error":0}}}]},"primary_term":null,"canonical_url":null,"og_title":null,"og_description":null,"og_object_type":"default","og_image_type":"default","og_image_url":null,"og_image_width":null,"og_image_height":null,"og_image_custom_url":null,"og_image_custom_fields":null,"og_video":"","og_custom_url":null,"og_article_section":null,"og_article_tags":null,"twitter_use_og":false,"twitter_card":"default","twitter_image_type":"default","twitter_image_url":null,"twitter_image_custom_url":null,"twitter_image_custom_fields":null,"twitter_title":null,"twitter_description":null,"schema":{"blockGraphs":[],"customGraphs":[],"default":{"data":{"Article":[],"Course":[],"Dataset":[],"FAQPage":[],"Movie":[],"Person":[],"Product":[],"ProductReview":[],"Car":[],"Recipe":[],"Service":[],"SoftwareApplication":[],"WebPage":[]},"graphName":"BlogPosting","isEnabled":true},"graphs":[]},"schema_type":"default","schema_type_options":null,"pillar_content":false,"robots_default":true,"robots_noindex":false,"robots_noarchive":false,"robots_nosnippet":false,"robots_nofollow":false,"robots_noimageindex":false,"robots_noodp":false,"robots_notranslate":false,"robots_max_snippet":"-1","robots_max_videopreview":"-1","robots_max_imagepreview":"large","priority":null,"frequency":"default","local_seo":null,"seo_analyzer_scan_date":"2025-10-09 01:52:28","breadcrumb_settings":null,"limit_modified_date":false,"reviewed_by":null,"open_ai":"{\"title\":{\"suggestions\":[],\"usage\":0},\"description\":{\"suggestions\":[],\"usage\":0}}","ai":null,"created":"2025-01-16 17:27:51","updated":"2026-02-04 19:00:34"},"aioseo_breadcrumb":"<div class=\"aioseo-breadcrumbs\"><span class=\"aioseo-breadcrumb\">\n\t<a href=\"https:\/\/soymigrante.com\/revista\" title=\"Home\">Home<\/a>\n<\/span><span class=\"aioseo-breadcrumb-separator\">\u00bb<\/span><span class=\"aioseo-breadcrumb\">\n\t<a href=\"https:\/\/soymigrante.com\/revista\/category\/guate-nuestra\/\" title=\"Guate Nuestra\">Guate Nuestra<\/a>\n<\/span><span class=\"aioseo-breadcrumb-separator\">\u00bb<\/span><span class=\"aioseo-breadcrumb\">\n\t\u00bfQu\u00e9 tanto conoces del calendario maya de Cuenta Larga?\n<\/span><\/div>","aioseo_breadcrumb_json":[{"label":"Home","link":"https:\/\/soymigrante.com\/revista"},{"label":"Guate Nuestra","link":"https:\/\/soymigrante.com\/revista\/category\/guate-nuestra\/"},{"label":"\u00bfQu\u00e9 tanto conoces del calendario maya de Cuenta Larga?","link":"https:\/\/soymigrante.com\/revista\/que-tanto-conoces-del-calendario-maya-de-cuenta-larga\/"}],"_links":{"self":[{"href":"https:\/\/soymigrante.com\/revista\/wp-json\/wp\/v2\/posts\/21239","targetHints":{"allow":["GET"]}}],"collection":[{"href":"https:\/\/soymigrante.com\/revista\/wp-json\/wp\/v2\/posts"}],"about":[{"href":"https:\/\/soymigrante.com\/revista\/wp-json\/wp\/v2\/types\/post"}],"author":[{"embeddable":true,"href":"https:\/\/soymigrante.com\/revista\/wp-json\/wp\/v2\/users\/23"}],"replies":[{"embeddable":true,"href":"https:\/\/soymigrante.com\/revista\/wp-json\/wp\/v2\/comments?post=21239"}],"version-history":[{"count":0,"href":"https:\/\/soymigrante.com\/revista\/wp-json\/wp\/v2\/posts\/21239\/revisions"}],"wp:featuredmedia":[{"embeddable":true,"href":"https:\/\/soymigrante.com\/revista\/wp-json\/wp\/v2\/media\/21270"}],"wp:attachment":[{"href":"https:\/\/soymigrante.com\/revista\/wp-json\/wp\/v2\/media?parent=21239"}],"wp:term":[{"taxonomy":"category","embeddable":true,"href":"https:\/\/soymigrante.com\/revista\/wp-json\/wp\/v2\/categories?post=21239"},{"taxonomy":"post_tag","embeddable":true,"href":"https:\/\/soymigrante.com\/revista\/wp-json\/wp\/v2\/tags?post=21239"}],"curies":[{"name":"wp","href":"https:\/\/api.w.org\/{rel}","templated":true}]}}