{"id":21116,"date":"2025-01-22T12:38:00","date_gmt":"2025-01-22T18:38:00","guid":{"rendered":"https:\/\/soymigrante.com\/revista\/?p=21116"},"modified":"2025-01-26T17:45:50","modified_gmt":"2025-01-26T23:45:50","slug":"has-oido-hablar-del-sitio-maya-de-cancuen-en-peten","status":"publish","type":"post","link":"https:\/\/soymigrante.com\/revista\/has-oido-hablar-del-sitio-maya-de-cancuen-en-peten\/","title":{"rendered":"\u00bfEs cierto que est\u00e1 en el abandono el gran sitio maya Cancu\u00e9n en Pet\u00e9n?"},"content":{"rendered":"\t\t<div data-elementor-type=\"wp-post\" data-elementor-id=\"21116\" class=\"elementor elementor-21116\" data-elementor-post-type=\"post\">\n\t\t\t\t<div data-particle_enable=\"false\" data-particle-mobile-disabled=\"false\" class=\"elementor-element elementor-element-27db31a e-flex e-con-boxed e-con e-parent\" data-id=\"27db31a\" data-element_type=\"container\" data-e-type=\"container\">\n\t\t\t\t\t<div class=\"e-con-inner\">\n\t\t\t\t<div class=\"elementor-element elementor-element-8ba9301 elementor-widget elementor-widget-heading\" data-id=\"8ba9301\" data-element_type=\"widget\" data-e-type=\"widget\" data-widget_type=\"heading.default\">\n\t\t\t\t\t<h2 class=\"elementor-heading-title elementor-size-default\">No se puede entender el comercio maya prehisp\u00e1nico sin valorar la importancia del sitio Cancu\u00e9n, en donde se ha descubierto un Palacio Real, joyas de jade y esculturas que exhiben su grandeza y poder. Conoce m\u00e1s.<\/h2>\t\t\t\t<\/div>\n\t\t\t\t\t<\/div>\n\t\t\t\t<\/div>\n\t\t<div data-particle_enable=\"false\" data-particle-mobile-disabled=\"false\" class=\"elementor-element elementor-element-a7616dd e-flex e-con-boxed e-con e-parent\" data-id=\"a7616dd\" data-element_type=\"container\" data-e-type=\"container\">\n\t\t\t\t\t<div class=\"e-con-inner\">\n\t\t\t\t<div class=\"elementor-element elementor-element-c893095 elementor-widget elementor-widget-text-editor\" data-id=\"c893095\" data-element_type=\"widget\" data-e-type=\"widget\" data-widget_type=\"text-editor.default\">\n\t\t\t\t\t\t\t\t\t<p>Cancu\u00e9n floreci\u00f3 entre los siglos VI y IX d.C. como un importante n\u00facleo comercial maya. Su ubicaci\u00f3n estrat\u00e9gica permiti\u00f3 conectar las tierras altas y bajas, convirti\u00e9ndola en un eje clave para el intercambio de bienes como jade, obsidiana y cer\u00e1mica.\u00a0<\/p><p>Fue ampliamente explorada, sobre todo por el arque\u00f3logo estadounidense Arthur Demarest. &#8220;Es el puerto m\u00e1s grande del mundo maya y el punto m\u00e1s grande de las rutas de comercio prehisp\u00e1nico&#8221;, afirma el cient\u00edfico en una conferencia. &#8220;No se puede comprender el comercio maya sin Cancu\u00e9n&#8221;, afirma.\u00a0<\/p><p>Lamentablemente, Cancu\u00e9n pr\u00e1cticamente est\u00e1 en abandono y sin personal de cuidado desde hace un a\u00f1o.<\/p>\t\t\t\t\t\t\t\t<\/div>\n\t\t\t\t\t<\/div>\n\t\t\t\t<\/div>\n\t\t<div data-particle_enable=\"false\" data-particle-mobile-disabled=\"false\" class=\"elementor-element elementor-element-f53014d e-flex e-con-boxed e-con e-parent\" data-id=\"f53014d\" data-element_type=\"container\" data-e-type=\"container\">\n\t\t\t\t\t<div class=\"e-con-inner\">\n\t\t\t\t<div class=\"elementor-element elementor-element-db22b11 elementor-widget elementor-widget-video\" data-id=\"db22b11\" data-element_type=\"widget\" data-e-type=\"widget\" data-settings=\"{&quot;youtube_url&quot;:&quot;https:\\\/\\\/www.youtube.com\\\/watch?v=aNPyg-_56oU&quot;,&quot;start&quot;:690,&quot;video_type&quot;:&quot;youtube&quot;,&quot;controls&quot;:&quot;yes&quot;}\" data-widget_type=\"video.default\">\n\t\t\t\t\t\t\t<div class=\"elementor-wrapper elementor-open-inline\">\n\t\t\t<div class=\"elementor-video\"><\/div>\t\t<\/div>\n\t\t\t\t\t\t<\/div>\n\t\t\t\t\t<\/div>\n\t\t\t\t<\/div>\n\t\t<div data-particle_enable=\"false\" data-particle-mobile-disabled=\"false\" class=\"elementor-element elementor-element-052bb70 e-flex e-con-boxed e-con e-parent\" data-id=\"052bb70\" data-element_type=\"container\" data-e-type=\"container\">\n\t\t\t\t\t<div class=\"e-con-inner\">\n\t\t\t\t<div class=\"elementor-element elementor-element-cd410cd elementor-widget elementor-widget-image\" data-id=\"cd410cd\" data-element_type=\"widget\" data-e-type=\"widget\" data-widget_type=\"image.default\">\n\t\t\t\t\t\t\t\t\t\t\t\t<figure class=\"wp-caption\">\n\t\t\t\t\t\t\t\t\t\t<img fetchpriority=\"high\" decoding=\"async\" width=\"668\" height=\"494\" src=\"https:\/\/soymigrante.com\/revista\/wp-content\/uploads\/2025\/01\/rey-cancuen.webp\" class=\"attachment-large size-large wp-image-21142\" alt=\"Estilo de arte maya con diagrama lineal, ilustraci\u00f3n para revista SoyMigrante.com REVISTA, tem\u00e1tica de migraci\u00f3n y cultura ind\u00edgena.\" srcset=\"https:\/\/soymigrante.com\/revista\/wp-content\/uploads\/2025\/01\/rey-cancuen.webp 668w, https:\/\/soymigrante.com\/revista\/wp-content\/uploads\/2025\/01\/rey-cancuen-300x222.jpg 300w\" sizes=\"(max-width: 668px) 100vw, 668px\" title=\"rey cancuen \u2013 SoyMigrante.com REVISTA\" \/>\t\t\t\t\t\t\t\t\t\t\t<figcaption class=\"widget-image-caption wp-caption-text\">Ilustraci\u00f3n en estilo maya con elementos culturales y simb\u00f3licos, ideal para art\u00edculos sobre migraci\u00f3n ind\u00edgena y cultura en SoyMigrante.com REVISTA.<\/figcaption>\n\t\t\t\t\t\t\t\t\t\t<\/figure>\n\t\t\t\t\t\t\t\t\t<\/div>\n\t\t\t\t\t<\/div>\n\t\t\t\t<\/div>\n\t\t<div data-particle_enable=\"false\" data-particle-mobile-disabled=\"false\" class=\"elementor-element elementor-element-ddc40b5 e-flex e-con-boxed e-con e-parent\" data-id=\"ddc40b5\" data-element_type=\"container\" data-e-type=\"container\">\n\t\t\t\t\t<div class=\"e-con-inner\">\n\t\t\t\t<div class=\"elementor-element elementor-element-3728d45 elementor-widget elementor-widget-heading\" data-id=\"3728d45\" data-element_type=\"widget\" data-e-type=\"widget\" data-widget_type=\"heading.default\">\n\t\t\t\t\t<h3 class=\"elementor-heading-title elementor-size-default\">\u00bfD\u00f3nde est\u00e1 localizada Cancu\u00e9n?\n<\/h3>\t\t\t\t<\/div>\n\t\t\t\t\t<\/div>\n\t\t\t\t<\/div>\n\t\t<div data-particle_enable=\"false\" data-particle-mobile-disabled=\"false\" class=\"elementor-element elementor-element-84e350e e-flex e-con-boxed e-con e-parent\" data-id=\"84e350e\" data-element_type=\"container\" data-e-type=\"container\">\n\t\t\t\t\t<div class=\"e-con-inner\">\n\t\t\t\t<div class=\"elementor-element elementor-element-d20e4df elementor-widget elementor-widget-text-editor\" data-id=\"d20e4df\" data-element_type=\"widget\" data-e-type=\"widget\" data-widget_type=\"text-editor.default\">\n\t\t\t\t\t\t\t\t\t<p>Cancu\u00e9n se encuentra en el\u00a0<a href=\"https:\/\/soymigrante.com\/revista\/isla-de-flores-en-peten-tesoro-cultural-nominado-a-la-lista-best-tourism-villages-2024\/\" target=\"_blank\" rel=\"noopener\">departamento de Pet\u00e9n<\/a>, Guatemala, cerca de la frontera con Alta Verapaz. Est\u00e1\u00a0<a href=\"https:\/\/soymigrante.com\/revista\/uaxactun-el-legado-astronomico-y-cultural-de-los-mayas-en-el-corazon-del-peten\/\" target=\"_blank\" rel=\"noopener\">situada estrat\u00e9gicamente\u00a0<\/a>en la cuenca del r\u00edo Pasi\u00f3n, una v\u00eda fluvial clave para el comercio y la comunicaci\u00f3n entre las tierras bajas y las tierras altas mayas.<\/p>\t\t\t\t\t\t\t\t<\/div>\n\t\t\t\t\t<\/div>\n\t\t\t\t<\/div>\n\t\t<div data-particle_enable=\"false\" data-particle-mobile-disabled=\"false\" class=\"elementor-element elementor-element-4de7140 e-flex e-con-boxed e-con e-parent\" data-id=\"4de7140\" data-element_type=\"container\" data-e-type=\"container\">\n\t\t\t\t\t<div class=\"e-con-inner\">\n\t\t\t\t<div class=\"elementor-element elementor-element-192264d elementor-widget elementor-widget-google_maps\" data-id=\"192264d\" data-element_type=\"widget\" data-e-type=\"widget\" data-widget_type=\"google_maps.default\">\n\t\t\t\t\t\t\t<div class=\"elementor-custom-embed\">\n\t\t\t<iframe loading=\"lazy\"\n\t\t\t\t\tsrc=\"https:\/\/maps.google.com\/maps?q=Cancu%C3%A9n&#038;t=m&#038;z=10&#038;output=embed&#038;iwloc=near\"\n\t\t\t\t\ttitle=\"Cancu\u00e9n\"\n\t\t\t\t\taria-label=\"Cancu\u00e9n\"\n\t\t\t><\/iframe>\n\t\t<\/div>\n\t\t\t\t\t\t<\/div>\n\t\t\t\t\t<\/div>\n\t\t\t\t<\/div>\n\t\t<div data-particle_enable=\"false\" data-particle-mobile-disabled=\"false\" class=\"elementor-element elementor-element-31b6fae e-flex e-con-boxed e-con e-parent\" data-id=\"31b6fae\" data-element_type=\"container\" data-e-type=\"container\">\n\t\t\t\t\t<div class=\"e-con-inner\">\n\t\t\t\t<div class=\"elementor-element elementor-element-f148064 elementor-widget elementor-widget-heading\" data-id=\"f148064\" data-element_type=\"widget\" data-e-type=\"widget\" data-widget_type=\"heading.default\">\n\t\t\t\t\t<h3 class=\"elementor-heading-title elementor-size-default\">\u00bfCu\u00e1ndo estuvo activa la ciudad de Cancu\u00e9n?<\/h3>\t\t\t\t<\/div>\n\t\t\t\t\t<\/div>\n\t\t\t\t<\/div>\n\t\t<div data-particle_enable=\"false\" data-particle-mobile-disabled=\"false\" class=\"elementor-element elementor-element-47c5d55 e-flex e-con-boxed e-con e-parent\" data-id=\"47c5d55\" data-element_type=\"container\" data-e-type=\"container\">\n\t\t\t\t\t<div class=\"e-con-inner\">\n\t\t\t\t<div class=\"elementor-element elementor-element-6d17fa6 elementor-widget elementor-widget-text-editor\" data-id=\"6d17fa6\" data-element_type=\"widget\" data-e-type=\"widget\" data-widget_type=\"text-editor.default\">\n\t\t\t\t\t\t\t\t\t<p>Cancu\u00e9n fue un importante centro maya que alcanz\u00f3 su apogeo entre los siglos VI y IX d.C., durante el per\u00edodo Cl\u00e1sico<a href=\"https:\/\/soymigrante.com\/revista\/cuando-es-el-ano-nuevo-del-calendario-maya-lunar-cholqij\/\" target=\"_blank\" rel=\"noopener\"> de la civilizaci\u00f3n maya.\u00a0<\/a>Aunque la ciudad estuvo habitada antes de este per\u00edodo, fue en esta \u00e9poca cuando se convirti\u00f3 en un importante n\u00facleo de comercio y poder en la regi\u00f3n.<\/p>\t\t\t\t\t\t\t\t<\/div>\n\t\t\t\t\t<\/div>\n\t\t\t\t<\/div>\n\t\t<div data-particle_enable=\"false\" data-particle-mobile-disabled=\"false\" class=\"elementor-element elementor-element-0d7e86a e-flex e-con-boxed e-con e-parent\" data-id=\"0d7e86a\" data-element_type=\"container\" data-e-type=\"container\">\n\t\t\t\t\t<div class=\"e-con-inner\">\n\t\t\t\t<div class=\"elementor-element elementor-element-a61ffde elementor-arrows-position-inside elementor-pagination-position-outside elementor-widget elementor-widget-image-carousel\" data-id=\"a61ffde\" data-element_type=\"widget\" data-e-type=\"widget\" data-settings=\"{&quot;slides_to_show&quot;:&quot;1&quot;,&quot;navigation&quot;:&quot;both&quot;,&quot;autoplay&quot;:&quot;yes&quot;,&quot;pause_on_hover&quot;:&quot;yes&quot;,&quot;pause_on_interaction&quot;:&quot;yes&quot;,&quot;autoplay_speed&quot;:5000,&quot;infinite&quot;:&quot;yes&quot;,&quot;effect&quot;:&quot;slide&quot;,&quot;speed&quot;:500}\" data-widget_type=\"image-carousel.default\">\n\t\t\t\t\t\t\t<div class=\"elementor-image-carousel-wrapper swiper\" role=\"region\" aria-roledescription=\"carousel\" aria-label=\"Carrusel de im\u00e1genes\" dir=\"ltr\">\n\t\t\t<div class=\"elementor-image-carousel swiper-wrapper\" aria-live=\"off\">\n\t\t\t\t\t\t\t\t<div class=\"swiper-slide\" role=\"group\" aria-roledescription=\"slide\" aria-label=\"1 de 3\"><figure class=\"swiper-slide-inner\"><img decoding=\"async\" class=\"swiper-slide-image\" src=\"https:\/\/soymigrante.com\/revista\/wp-content\/uploads\/2025\/01\/cancuen-6.webp\" alt=\"Filo de \u00e1rbol cortado en la naturaleza con fondo de tierra y vegetaci\u00f3n, imagen de sostenibilidad y medio ambiente.\" \/><\/figure><\/div><div class=\"swiper-slide\" role=\"group\" aria-roledescription=\"slide\" aria-label=\"2 de 3\"><figure class=\"swiper-slide-inner\"><img decoding=\"async\" class=\"swiper-slide-image\" src=\"https:\/\/soymigrante.com\/revista\/wp-content\/uploads\/2025\/01\/cancuen-5.webp\" alt=\"Restos arqueol\u00f3gicos prehisp\u00e1nicos en Mayas, sitio hist\u00f3rico antiguo, vestigios culturales en M\u00e9xico, conservaci\u00f3n de patrimonio hist\u00f3rico y arqueol\u00f3gico, turismo cultural en zonas arqueol\u00f3gicas, historia maya en estado original.\" \/><\/figure><\/div><div class=\"swiper-slide\" role=\"group\" aria-roledescription=\"slide\" aria-label=\"3 de 3\"><figure class=\"swiper-slide-inner\"><img decoding=\"async\" class=\"swiper-slide-image\" src=\"https:\/\/soymigrante.com\/revista\/wp-content\/uploads\/2025\/01\/cuancuen.webp\" alt=\"Calles rurales de Mayas, estructura de piedra, escalones antiguos, turismo cultural, arquitectura ancestral, sitios arqueol\u00f3gicos, historia maya, patrimonio cultural, turismo en Mayas, restos hist\u00f3ricos de civilizaciones antiguas.\" \/><\/figure><\/div>\t\t\t<\/div>\n\t\t\t\t\t\t\t\t\t\t\t\t<div class=\"elementor-swiper-button elementor-swiper-button-prev\" role=\"button\" tabindex=\"0\">\n\t\t\t\t\t\t<i aria-hidden=\"true\" class=\"eicon-chevron-left\"><\/i>\t\t\t\t\t<\/div>\n\t\t\t\t\t<div class=\"elementor-swiper-button elementor-swiper-button-next\" role=\"button\" tabindex=\"0\">\n\t\t\t\t\t\t<i aria-hidden=\"true\" class=\"eicon-chevron-right\"><\/i>\t\t\t\t\t<\/div>\n\t\t\t\t\n\t\t\t\t\t\t\t\t\t<div class=\"swiper-pagination\"><\/div>\n\t\t\t\t\t\t\t\t\t<\/div>\n\t\t\t\t\t\t<\/div>\n\t\t\t\t\t<\/div>\n\t\t\t\t<\/div>\n\t\t<div data-particle_enable=\"false\" data-particle-mobile-disabled=\"false\" class=\"elementor-element elementor-element-56e087f e-flex e-con-boxed e-con e-parent\" data-id=\"56e087f\" data-element_type=\"container\" data-e-type=\"container\">\n\t\t\t\t\t<div class=\"e-con-inner\">\n\t\t\t\t<div class=\"elementor-element elementor-element-1f77c15 elementor-widget elementor-widget-heading\" data-id=\"1f77c15\" data-element_type=\"widget\" data-e-type=\"widget\" data-widget_type=\"heading.default\">\n\t\t\t\t\t<h3 class=\"elementor-heading-title elementor-size-default\">\u00bfEs cierto que a pesar de su gran importancia se encuentra en el abandono?<\/h3>\t\t\t\t<\/div>\n\t\t\t\t\t<\/div>\n\t\t\t\t<\/div>\n\t\t<div data-particle_enable=\"false\" data-particle-mobile-disabled=\"false\" class=\"elementor-element elementor-element-2cfb55e e-flex e-con-boxed e-con e-parent\" data-id=\"2cfb55e\" data-element_type=\"container\" data-e-type=\"container\">\n\t\t\t\t\t<div class=\"e-con-inner\">\n\t\t\t\t<div class=\"elementor-element elementor-element-633c771 elementor-widget elementor-widget-text-editor\" data-id=\"633c771\" data-element_type=\"widget\" data-e-type=\"widget\" data-widget_type=\"text-editor.default\">\n\t\t\t\t\t\t\t\t\t<p>Seg\u00fan el sitio <a href=\"https:\/\/prensacomunitaria.org\/2025\/01\/sitio-arqueologico-cancuen-en-sayaxche-peten-abandono-y-deterioro-historico\/\">Prensa Comunitaria, el sitio maya Cancu\u00e9n se encuentra en abandono desde hace m\u00e1s de un a\u00f1o.<\/a> No tiene personal del Instituto de Antropolog\u00eda e Historia a su cuidado, por lo cual se han producidos saqueos y da\u00f1os. &#8220;El problema surge aparentemente por disputas sobre la propiedad del problema&#8230; El propietario reclama su derecho sobre el lugar, mientras tanto Ni el Ministerio de Cultura ni otras entidades han dado una respuesta clara&#8221;.<\/p>\t\t\t\t\t\t\t\t<\/div>\n\t\t\t\t\t<\/div>\n\t\t\t\t<\/div>\n\t\t<div data-particle_enable=\"false\" data-particle-mobile-disabled=\"false\" class=\"elementor-element elementor-element-b495e86 e-flex e-con-boxed e-con e-parent\" data-id=\"b495e86\" data-element_type=\"container\" data-e-type=\"container\">\n\t\t\t\t\t<div class=\"e-con-inner\">\n\t\t\t\t<div class=\"elementor-element elementor-element-3bd430d elementor-invisible elementor-widget elementor-widget-facebook-embed\" data-id=\"3bd430d\" data-element_type=\"widget\" data-e-type=\"widget\" data-settings=\"{&quot;_animation&quot;:&quot;zoomInDown&quot;}\" data-widget_type=\"facebook-embed.default\">\n\t\t\t\t\t<div style=\"min-height: 1px\" class=\"elementor-facebook-widget fb-video\" data-href=\"https:\/\/fb.watch\/xh1rriYJdt\/\" data-show-text=\"false\" data-allowfullscreen=\"false\" data-autoplay=\"false\" data-show-captions=\"false\"><\/div>\t\t\t\t<\/div>\n\t\t\t\t\t<\/div>\n\t\t\t\t<\/div>\n\t\t<div data-particle_enable=\"false\" data-particle-mobile-disabled=\"false\" class=\"elementor-element elementor-element-7f2d8c8 e-flex e-con-boxed e-con e-parent\" data-id=\"7f2d8c8\" data-element_type=\"container\" data-e-type=\"container\">\n\t\t\t\t\t<div class=\"e-con-inner\">\n\t\t\t\t<div class=\"elementor-element elementor-element-8be4d77 elementor-widget elementor-widget-heading\" data-id=\"8be4d77\" data-element_type=\"widget\" data-e-type=\"widget\" data-widget_type=\"heading.default\">\n\t\t\t\t\t<h3 class=\"elementor-heading-title elementor-size-default\">\u00bfQu\u00e9 importancia ten\u00eda Cancu\u00e9n con otros sitios mayas?\n<\/h3>\t\t\t\t<\/div>\n\t\t\t\t\t<\/div>\n\t\t\t\t<\/div>\n\t\t<div data-particle_enable=\"false\" data-particle-mobile-disabled=\"false\" class=\"elementor-element elementor-element-be24ab7 e-flex e-con-boxed e-con e-parent\" data-id=\"be24ab7\" data-element_type=\"container\" data-e-type=\"container\">\n\t\t\t\t\t<div class=\"e-con-inner\">\n\t\t\t\t<div class=\"elementor-element elementor-element-f68110a elementor-widget elementor-widget-text-editor\" data-id=\"f68110a\" data-element_type=\"widget\" data-e-type=\"widget\" data-widget_type=\"text-editor.default\">\n\t\t\t\t\t\t\t\t\t<p>Cancu\u00e9n era un importante centro comercial y punto de conexi\u00f3n entre las ciudades mayas de las tierras altas y las tierras bajas. Su ubicaci\u00f3n estrat\u00e9gica en el r\u00edo Pasi\u00f3n la convirti\u00f3 en un lugar crucial para el intercambio de bienes como obsidiana, jade, cer\u00e1mica y alimentos.<\/p><p>Cancu\u00e9n manten\u00eda relaciones comerciales con grandes ciudades como Tikal y Calakmul, lo que le permiti\u00f3 desempe\u00f1ar un papel clave en las redes econ\u00f3micas y pol\u00edticas de la \u00e9poca.<\/p>\t\t\t\t\t\t\t\t<\/div>\n\t\t\t\t\t<\/div>\n\t\t\t\t<\/div>\n\t\t<div data-particle_enable=\"false\" data-particle-mobile-disabled=\"false\" class=\"elementor-element elementor-element-41521c0 e-flex e-con-boxed e-con e-parent\" data-id=\"41521c0\" data-element_type=\"container\" data-e-type=\"container\">\n\t\t\t\t\t<div class=\"e-con-inner\">\n\t\t\t\t<div class=\"elementor-element elementor-element-3cc65dc elementor-arrows-position-inside elementor-pagination-position-outside elementor-widget elementor-widget-image-carousel\" data-id=\"3cc65dc\" data-element_type=\"widget\" data-e-type=\"widget\" data-settings=\"{&quot;slides_to_show&quot;:&quot;1&quot;,&quot;navigation&quot;:&quot;both&quot;,&quot;autoplay&quot;:&quot;yes&quot;,&quot;pause_on_hover&quot;:&quot;yes&quot;,&quot;pause_on_interaction&quot;:&quot;yes&quot;,&quot;autoplay_speed&quot;:5000,&quot;infinite&quot;:&quot;yes&quot;,&quot;effect&quot;:&quot;slide&quot;,&quot;speed&quot;:500}\" data-widget_type=\"image-carousel.default\">\n\t\t\t\t\t\t\t<div class=\"elementor-image-carousel-wrapper swiper\" role=\"region\" aria-roledescription=\"carousel\" aria-label=\"Carrusel de im\u00e1genes\" dir=\"ltr\">\n\t\t\t<div class=\"elementor-image-carousel swiper-wrapper\" aria-live=\"off\">\n\t\t\t\t\t\t\t\t<div class=\"swiper-slide\" role=\"group\" aria-roledescription=\"slide\" aria-label=\"1 de 3\"><figure class=\"swiper-slide-inner\"><img decoding=\"async\" class=\"swiper-slide-image\" src=\"https:\/\/soymigrante.com\/revista\/wp-content\/uploads\/2025\/01\/cancuen-4.webp\" alt=\"Ruinas arqueol\u00f3gicas en Mayas, con inscripciones y escaleras de piedra, parte del patrimonio cultural y tur\u00edstico de la regi\u00f3n maya.\" \/><\/figure><\/div><div class=\"swiper-slide\" role=\"group\" aria-roledescription=\"slide\" aria-label=\"2 de 3\"><figure class=\"swiper-slide-inner\"><img decoding=\"async\" class=\"swiper-slide-image\" src=\"https:\/\/soymigrante.com\/revista\/wp-content\/uploads\/2025\/01\/cancuen-3.webp\" alt=\"Camino en las zonas rurales de Mayas para inmigrantes y migrantes en contexto hist\u00f3rico y cultural.\" \/><\/figure><\/div><div class=\"swiper-slide\" role=\"group\" aria-roledescription=\"slide\" aria-label=\"3 de 3\"><figure class=\"swiper-slide-inner\"><img decoding=\"async\" class=\"swiper-slide-image\" src=\"https:\/\/soymigrante.com\/revista\/wp-content\/uploads\/2025\/01\/cancuen-2.webp\" alt=\"Escalera de madera en un entorno natural rodeada de vegetaci\u00f3n exuberante, representando espacios verdes y sostenibilidad en zonas urbanas y rurales.\" \/><\/figure><\/div>\t\t\t<\/div>\n\t\t\t\t\t\t\t\t\t\t\t\t<div class=\"elementor-swiper-button elementor-swiper-button-prev\" role=\"button\" tabindex=\"0\">\n\t\t\t\t\t\t<i aria-hidden=\"true\" class=\"eicon-chevron-left\"><\/i>\t\t\t\t\t<\/div>\n\t\t\t\t\t<div class=\"elementor-swiper-button elementor-swiper-button-next\" role=\"button\" tabindex=\"0\">\n\t\t\t\t\t\t<i aria-hidden=\"true\" class=\"eicon-chevron-right\"><\/i>\t\t\t\t\t<\/div>\n\t\t\t\t\n\t\t\t\t\t\t\t\t\t<div class=\"swiper-pagination\"><\/div>\n\t\t\t\t\t\t\t\t\t<\/div>\n\t\t\t\t\t\t<\/div>\n\t\t\t\t\t<\/div>\n\t\t\t\t<\/div>\n\t\t<div data-particle_enable=\"false\" data-particle-mobile-disabled=\"false\" class=\"elementor-element elementor-element-01f32c9 e-flex e-con-boxed e-con e-parent\" data-id=\"01f32c9\" data-element_type=\"container\" data-e-type=\"container\">\n\t\t\t\t\t<div class=\"e-con-inner\">\n\t\t\t\t<div class=\"elementor-element elementor-element-27e2a78 elementor-widget elementor-widget-heading\" data-id=\"27e2a78\" data-element_type=\"widget\" data-e-type=\"widget\" data-widget_type=\"heading.default\">\n\t\t\t\t\t<h3 class=\"elementor-heading-title elementor-size-default\">\u00bfQu\u00e9 se ha encontrado en Cancu\u00e9n?\n\n<\/h3>\t\t\t\t<\/div>\n\t\t\t\t\t<\/div>\n\t\t\t\t<\/div>\n\t\t<div data-particle_enable=\"false\" data-particle-mobile-disabled=\"false\" class=\"elementor-element elementor-element-6c5fcb5 e-flex e-con-boxed e-con e-parent\" data-id=\"6c5fcb5\" data-element_type=\"container\" data-e-type=\"container\">\n\t\t\t\t\t<div class=\"e-con-inner\">\n\t\t\t\t<div class=\"elementor-element elementor-element-7276e39 elementor-widget elementor-widget-text-editor\" data-id=\"7276e39\" data-element_type=\"widget\" data-e-type=\"widget\" data-widget_type=\"text-editor.default\">\n\t\t\t\t\t\t\t\t\t<p>En Cancu\u00e9n se han realizado importantes descubrimientos arqueol\u00f3gicos, entre ellos:<\/p><ul><li>El Palacio Real, una de las estructuras m\u00e1s grandes y elaboradas del mundo maya, con m\u00e1s de 200 habitaciones, patios y pasillos.<\/li><li>Numerosos artefactos de jade, cer\u00e1mica fina y herramientas de obsidiana, que reflejan la riqueza y el comercio de la ciudad.<\/li><li>Una serie de esculturas y estelas que representan a la \u00e9lite gobernante, ofreciendo informaci\u00f3n sobre el linaje y la pol\u00edtica de Cancu\u00e9n.<\/li><li>Restos de embarcaderos y dep\u00f3sitos asociados con el comercio fluvial, lo que refuerza su papel como centro de intercambio comercial.<\/li><\/ul><p>Estos hallazgos han permitido a los arque\u00f3logos comprender mejor la importancia de Cancu\u00e9n como un centro econ\u00f3mico y cultural dentro del mundo maya.<\/p>\t\t\t\t\t\t\t\t<\/div>\n\t\t\t\t\t<\/div>\n\t\t\t\t<\/div>\n\t\t<div data-particle_enable=\"false\" data-particle-mobile-disabled=\"false\" class=\"elementor-element elementor-element-fdc7c74 e-flex e-con-boxed e-con e-parent\" data-id=\"fdc7c74\" data-element_type=\"container\" data-e-type=\"container\">\n\t\t\t\t\t<div class=\"e-con-inner\">\n\t\t\t\t<div class=\"elementor-element elementor-element-6bd7b4f elementor-widget elementor-widget-video\" data-id=\"6bd7b4f\" data-element_type=\"widget\" data-e-type=\"widget\" data-settings=\"{&quot;youtube_url&quot;:&quot;https:\\\/\\\/www.youtube.com\\\/watch?v=9QUrwXvJCVA&quot;,&quot;video_type&quot;:&quot;youtube&quot;,&quot;controls&quot;:&quot;yes&quot;}\" data-widget_type=\"video.default\">\n\t\t\t\t\t\t\t<div class=\"elementor-wrapper elementor-open-inline\">\n\t\t\t<div class=\"elementor-video\"><\/div>\t\t<\/div>\n\t\t\t\t\t\t<\/div>\n\t\t\t\t\t<\/div>\n\t\t\t\t<\/div>\n\t\t<div data-particle_enable=\"false\" data-particle-mobile-disabled=\"false\" class=\"elementor-element elementor-element-61f09c9 e-flex e-con-boxed e-con e-parent\" data-id=\"61f09c9\" data-element_type=\"container\" data-e-type=\"container\">\n\t\t\t\t\t<div class=\"e-con-inner\">\n\t\t\t\t<div class=\"elementor-element elementor-element-93dac9b elementor-widget elementor-widget-heading\" data-id=\"93dac9b\" data-element_type=\"widget\" data-e-type=\"widget\" data-widget_type=\"heading.default\">\n\t\t\t\t\t<h2 class=\"elementor-heading-title elementor-size-default\">M\u00e1s sobre la grandeza maya <\/h2>\t\t\t\t<\/div>\n\t\t\t\t\t<\/div>\n\t\t\t\t<\/div>\n\t\t<div data-particle_enable=\"false\" data-particle-mobile-disabled=\"false\" class=\"elementor-element elementor-element-5194b64 e-flex e-con-boxed e-con e-parent\" data-id=\"5194b64\" data-element_type=\"container\" data-e-type=\"container\">\n\t\t\t\t\t<div class=\"e-con-inner\">\n\t\t\t\t<div class=\"elementor-element elementor-element-47d5f3e elementor-grid-eael-col-3 elementor-grid-tablet-eael-col-2 elementor-grid-mobile-eael-col-1 elementor-widget elementor-widget-eael-post-grid\" data-id=\"47d5f3e\" data-element_type=\"widget\" data-e-type=\"widget\" data-settings=\"{&quot;eael_post_grid_columns&quot;:&quot;eael-col-3&quot;,&quot;eael_post_grid_columns_tablet&quot;:&quot;eael-col-2&quot;,&quot;eael_post_grid_columns_mobile&quot;:&quot;eael-col-1&quot;}\" data-widget_type=\"eael-post-grid.default\">\n\t\t\t\t\t<div id=\"eael-post-grid-47d5f3e\" class=\"eael-post-grid-container\">\n            <div class=\"eael-post-grid eael-post-appender eael-post-appender-47d5f3e eael-post-grid-style-one\" data-layout-mode=\"masonry\"><article class=\"eael-grid-post  eael-post-grid-column eael-pg-post-8528 category-guate-nuestra\" data-id=\"8528\">\n        <div class=\"eael-grid-post-holder\">\n            <div class=\"eael-grid-post-holder-inner\"><div class=\"eael-entry-media\"><div class=\"eael-entry-overlay fade-in\"><i class=\"far fa-hand-pointer\" aria-hidden=\"true\"><\/i><a href=\"https:\/\/soymigrante.com\/revista\/7-curiosidades-del-sitio-arqueologico-maya-quirigua-que-quiza-ya-sabias-o-tal-vez-no\/\"><\/a><\/div><div class=\"eael-entry-thumbnail \">\n                <img decoding=\"async\" width=\"612\" height=\"612\" src=\"https:\/\/soymigrante.com\/revista\/wp-content\/uploads\/2024\/08\/quirigua-2.webp\" class=\"attachment-large size-large wp-image-8889\" alt=\"Arte maya en piedra, escultura monumental ancestral, relieves arqueol\u00f3gicos de la cultura precolombina en M\u00e9xico.\" srcset=\"https:\/\/soymigrante.com\/revista\/wp-content\/uploads\/2024\/08\/quirigua-2.webp 612w, https:\/\/soymigrante.com\/revista\/wp-content\/uploads\/2024\/08\/quirigua-2-300x300.webp 300w, https:\/\/soymigrante.com\/revista\/wp-content\/uploads\/2024\/08\/quirigua-2-150x150.webp 150w, https:\/\/soymigrante.com\/revista\/wp-content\/uploads\/2024\/08\/quirigua-2-75x75.webp 75w\" sizes=\"(max-width: 612px) 100vw, 612px\" \/>\n            <\/div>\n        <\/div><div class=\"eael-entry-wrapper\"><header class=\"eael-entry-header\"><h2 class=\"eael-entry-title\"><a class=\"eael-grid-post-link\" href=\"https:\/\/soymigrante.com\/revista\/7-curiosidades-del-sitio-arqueologico-maya-quirigua-que-quiza-ya-sabias-o-tal-vez-no\/\" title=\"El majestuoso sitio arqueol\u00f3gico maya de Quirigu\u00e1: 7 detalles que tal vez ya conoc\u00edas (o quiz\u00e1 no)\">El majestuoso sitio arqueol\u00f3gico maya de Quirigu\u00e1: 7 detalles que tal vez ya conoc\u00edas (o quiz\u00e1 no)<\/a><\/h2><\/header><div class=\"eael-entry-content\">\n                        <div class=\"eael-grid-post-excerpt\"><a href=\"https:\/\/soymigrante.com\/revista\/7-curiosidades-del-sitio-arqueologico-maya-quirigua-que-quiza-ya-sabias-o-tal-vez-no\/\" class=\"eael-post-elements-readmore-btn\">CONOCE SU HISTORIA <\/a><\/div>\n                    <\/div><\/div><\/div>\n        <\/div>\n    <\/article><article class=\"eael-grid-post  eael-post-grid-column eael-pg-post-16274 category-guate-nuestra\" data-id=\"16274\">\n        <div class=\"eael-grid-post-holder\">\n            <div class=\"eael-grid-post-holder-inner\"><div class=\"eael-entry-media\"><div class=\"eael-entry-overlay fade-in\"><i class=\"far fa-hand-pointer\" aria-hidden=\"true\"><\/i><a href=\"https:\/\/soymigrante.com\/revista\/uaxactun-el-legado-astronomico-y-cultural-de-los-mayas-en-el-corazon-del-peten\/\"><\/a><\/div><div class=\"eael-entry-thumbnail \">\n                <img decoding=\"async\" width=\"334\" height=\"334\" src=\"https:\/\/soymigrante.com\/revista\/wp-content\/uploads\/2024\/12\/uaxactun-4-1.webp\" class=\"attachment-large size-large wp-image-16306\" alt=\"Restos arqueol\u00f3gicos de una antigua ciudad en las ruinas de un sitio prehisp\u00e1nico en M\u00e9xico, muestra vestigios hist\u00f3ricos y culturales en un entorno natural verde y selv\u00e1tico.\" srcset=\"https:\/\/soymigrante.com\/revista\/wp-content\/uploads\/2024\/12\/uaxactun-4-1.webp 334w, https:\/\/soymigrante.com\/revista\/wp-content\/uploads\/2024\/12\/uaxactun-4-1-300x300.jpg 300w, https:\/\/soymigrante.com\/revista\/wp-content\/uploads\/2024\/12\/uaxactun-4-1-150x150.jpg 150w, https:\/\/soymigrante.com\/revista\/wp-content\/uploads\/2024\/12\/uaxactun-4-1-75x75.webp 75w\" sizes=\"(max-width: 334px) 100vw, 334px\" \/>\n            <\/div>\n        <\/div><div class=\"eael-entry-wrapper\"><header class=\"eael-entry-header\"><h2 class=\"eael-entry-title\"><a class=\"eael-grid-post-link\" href=\"https:\/\/soymigrante.com\/revista\/uaxactun-el-legado-astronomico-y-cultural-de-los-mayas-en-el-corazon-del-peten\/\" title=\"Comunidad y sitio maya Uaxact\u00fan, en Pet\u00e9n figura en la lista Best Tourism Villages de la ONU\">Comunidad y sitio maya Uaxact\u00fan, en Pet\u00e9n figura en la lista Best Tourism Villages de la ONU<\/a><\/h2><\/header><div class=\"eael-entry-content\">\n                        <div class=\"eael-grid-post-excerpt\"><a href=\"https:\/\/soymigrante.com\/revista\/uaxactun-el-legado-astronomico-y-cultural-de-los-mayas-en-el-corazon-del-peten\/\" class=\"eael-post-elements-readmore-btn\">CONOCE SU HISTORIA <\/a><\/div>\n                    <\/div><\/div><\/div>\n        <\/div>\n    <\/article><article class=\"eael-grid-post  eael-post-grid-column eael-pg-post-8740 category-pueblos-de-guatemala\" data-id=\"8740\">\n        <div class=\"eael-grid-post-holder\">\n            <div class=\"eael-grid-post-holder-inner\"><div class=\"eael-entry-media\"><div class=\"eael-entry-overlay fade-in\"><i class=\"far fa-hand-pointer\" aria-hidden=\"true\"><\/i><a href=\"https:\/\/soymigrante.com\/revista\/el-pueblo-chuj-tiene-firme-raiz-en-las-montanas-de-huehuetenango\/\"><\/a><\/div><div class=\"eael-entry-thumbnail \">\n                <img loading=\"lazy\" decoding=\"async\" width=\"1024\" height=\"1024\" src=\"https:\/\/soymigrante.com\/revista\/wp-content\/uploads\/2024\/09\/chuj-abel-juarez-1024x1024.webp\" class=\"attachment-large size-large wp-image-8742\" alt=\"El pueblo Chuj tiene firme ra\u00edz en las monta\u00f1as de Huehuetenango. Tejido chuj, g\u00fcipil de San Mateo Ixtat\u00e1n, Huehuetenango. Museo Ixchel del Traje Ind\u00edgena.\" srcset=\"https:\/\/soymigrante.com\/revista\/wp-content\/uploads\/2024\/09\/chuj-abel-juarez-1024x1024.webp 1024w, https:\/\/soymigrante.com\/revista\/wp-content\/uploads\/2024\/09\/chuj-abel-juarez-300x300.webp 300w, https:\/\/soymigrante.com\/revista\/wp-content\/uploads\/2024\/09\/chuj-abel-juarez-150x150.webp 150w, https:\/\/soymigrante.com\/revista\/wp-content\/uploads\/2024\/09\/chuj-abel-juarez-768x768.webp 768w, https:\/\/soymigrante.com\/revista\/wp-content\/uploads\/2024\/09\/chuj-abel-juarez-75x75.webp 75w, https:\/\/soymigrante.com\/revista\/wp-content\/uploads\/2024\/09\/chuj-abel-juarez-750x750.webp 750w, https:\/\/soymigrante.com\/revista\/wp-content\/uploads\/2024\/09\/chuj-abel-juarez-1140x1140.webp 1140w, https:\/\/soymigrante.com\/revista\/wp-content\/uploads\/2024\/09\/chuj-abel-juarez.webp 1367w\" sizes=\"(max-width: 1024px) 100vw, 1024px\" \/>\n            <\/div>\n        <\/div><div class=\"eael-entry-wrapper\"><header class=\"eael-entry-header\"><h2 class=\"eael-entry-title\"><a class=\"eael-grid-post-link\" href=\"https:\/\/soymigrante.com\/revista\/el-pueblo-chuj-tiene-firme-raiz-en-las-montanas-de-huehuetenango\/\" title=\"El pueblo Chuj tiene firme ra\u00edz en las monta\u00f1as de Huehuetenango\">El pueblo Chuj tiene firme ra\u00edz en las monta\u00f1as de Huehuetenango<\/a><\/h2><\/header><div class=\"eael-entry-content\">\n                        <div class=\"eael-grid-post-excerpt\"><a href=\"https:\/\/soymigrante.com\/revista\/el-pueblo-chuj-tiene-firme-raiz-en-las-montanas-de-huehuetenango\/\" class=\"eael-post-elements-readmore-btn\">CONOCE SU HISTORIA <\/a><\/div>\n                    <\/div><\/div><\/div>\n        <\/div>\n    <\/article><\/div>\n            <div class=\"clearfix\"><\/div>\n        <\/div>\t\t\t\t<\/div>\n\t\t\t\t\t<\/div>\n\t\t\t\t<\/div>\n\t\t\t\t<\/div>\n\t\t","protected":false},"excerpt":{"rendered":"<p>No se puede entender el comercio maya prehisp\u00e1nico sin valorar la importancia del sitio Cancu\u00e9n, en donde se ha descubierto un Palacio Real, joyas de jade y esculturas que exhiben su grandeza y poder. Conoce m\u00e1s. Cancu\u00e9n floreci\u00f3 entre los siglos VI y IX d.C. como un importante n\u00facleo comercial maya. Su ubicaci\u00f3n estrat\u00e9gica permiti\u00f3 [&hellip;]<\/p>\n","protected":false},"author":23,"featured_media":22089,"comment_status":"open","ping_status":"open","sticky":false,"template":"","format":"standard","meta":{"_acf_changed":false,"_eb_attr":"","footnotes":""},"categories":[58],"tags":[],"class_list":["post-21116","post","type-post","status-publish","format-standard","has-post-thumbnail","hentry","category-guate-nuestra"],"acf":[],"aioseo_notices":[],"aioseo_head":"\n\t\t<!-- All in One SEO Pro 4.9.6.2 - aioseo.com -->\n\t<meta name=\"description\" content=\"El Chuj es idoma hermano del Q&#039;anjob&#039;al, del cual se separ\u00f3 hace unos 2 mil a\u00f1os. Hay 90 mil pobladores chuj guatemaltecos y otros 10 mil del lado mexicano.\" \/>\n\t<meta name=\"robots\" content=\"max-snippet:-1, max-image-preview:large, max-video-preview:-1\" \/>\n\t<meta name=\"author\" content=\"Edwin Castro\"\/>\n\t<link rel=\"canonical\" href=\"https:\/\/soymigrante.com\/revista\/el-pueblo-chuj-tiene-firme-raiz-en-las-montanas-de-huehuetenango\/\" \/>\n\t<meta name=\"generator\" content=\"All in One SEO Pro (AIOSEO) 4.9.6.2\" \/>\n\n\t\t<link rel=\"preconnect\" href=\"https:\/\/fonts.googleapis.com\" crossorigin>\n<link rel=\"preconnect\" href=\"https:\/\/fonts.gstatic.com\" crossorigin>\n\t\t<meta property=\"og:locale\" content=\"es_ES\" \/>\n\t\t<meta property=\"og:site_name\" content=\"SoyMigrante.com REVISTA \u2013 Nuestra misi\u00f3n es reconocer y dignificar al migrante.\" \/>\n\t\t<meta property=\"og:type\" content=\"article\" \/>\n\t\t<meta property=\"og:title\" content=\"Pueblo Chuj: con firme ra\u00edz en las monta\u00f1as de Huehuetenango\" \/>\n\t\t<meta property=\"og:description\" content=\"El Chuj es idoma hermano del Q&#039;anjob&#039;al, del cual se separ\u00f3 hace unos 2 mil a\u00f1os. Hay 90 mil pobladores chuj guatemaltecos y otros 10 mil del lado mexicano.\" \/>\n\t\t<meta property=\"og:url\" content=\"https:\/\/soymigrante.com\/revista\/el-pueblo-chuj-tiene-firme-raiz-en-las-montanas-de-huehuetenango\/\" \/>\n\t\t<meta property=\"og:image\" content=\"https:\/\/soymigrante.com\/revista\/wp-content\/uploads\/2024\/09\/chuj-abel-juarez.webp\" \/>\n\t\t<meta property=\"og:image:secure_url\" content=\"https:\/\/soymigrante.com\/revista\/wp-content\/uploads\/2024\/09\/chuj-abel-juarez.webp\" \/>\n\t\t<meta property=\"og:image:width\" content=\"1367\" \/>\n\t\t<meta property=\"og:image:height\" content=\"1367\" \/>\n\t\t<meta property=\"article:published_time\" content=\"2024-09-20T17:23:31+00:00\" \/>\n\t\t<meta property=\"article:modified_time\" content=\"2026-04-08T11:48:26+00:00\" \/>\n\t\t<meta property=\"article:publisher\" content=\"https:\/\/www.facebook.com\/soymigrantecom\" \/>\n\t\t<meta name=\"twitter:card\" content=\"summary_large_image\" \/>\n\t\t<meta name=\"twitter:site\" content=\"@SoyMigrante_com\" \/>\n\t\t<meta name=\"twitter:title\" content=\"Pueblo Chuj: con firme ra\u00edz en las monta\u00f1as de Huehuetenango\" \/>\n\t\t<meta name=\"twitter:description\" content=\"El Chuj es idoma hermano del Q&#039;anjob&#039;al, del cual se separ\u00f3 hace unos 2 mil a\u00f1os. Hay 90 mil pobladores chuj guatemaltecos y otros 10 mil del lado mexicano.\" \/>\n\t\t<meta name=\"twitter:creator\" content=\"@SoyMigrante_com\" \/>\n\t\t<meta name=\"twitter:image\" content=\"https:\/\/soymigrante.com\/revista\/wp-content\/uploads\/2024\/09\/chuj-abel-juarez.webp\" \/>\n\t\t<!-- All in One SEO Pro -->\r\n\t\t<title>Pueblo Chuj: con firme ra\u00edz en las monta\u00f1as de Huehuetenango<\/title>\n\n","aioseo_head_json":{"title":"Pueblo Chuj: con firme ra\u00edz en las monta\u00f1as de Huehuetenango","description":"El Chuj es idoma hermano del Q'anjob'al, del cual se separ\u00f3 hace unos 2 mil a\u00f1os. Hay 90 mil pobladores chuj guatemaltecos y otros 10 mil del lado mexicano.","canonical_url":"https:\/\/soymigrante.com\/revista\/el-pueblo-chuj-tiene-firme-raiz-en-las-montanas-de-huehuetenango\/","robots":"max-snippet:-1, max-image-preview:large, max-video-preview:-1","keywords":"","webmasterTools":{"miscellaneous":"&lt;link rel=\"preconnect\" href=\"https:\/\/fonts.googleapis.com\" crossorigin&gt;\n&lt;link rel=\"preconnect\" href=\"https:\/\/fonts.gstatic.com\" crossorigin&gt;"},"schema":null,"og:locale":"es_ES","og:site_name":"SoyMigrante.com REVISTA \u2013 Nuestra misi\u00f3n es reconocer y dignificar al migrante.","og:type":"article","og:title":"Pueblo Chuj: con firme ra\u00edz en las monta\u00f1as de Huehuetenango","og:description":"El Chuj es idoma hermano del Q'anjob'al, del cual se separ\u00f3 hace unos 2 mil a\u00f1os. Hay 90 mil pobladores chuj guatemaltecos y otros 10 mil del lado mexicano.","og:url":"https:\/\/soymigrante.com\/revista\/el-pueblo-chuj-tiene-firme-raiz-en-las-montanas-de-huehuetenango\/","og:image":"https:\/\/soymigrante.com\/revista\/wp-content\/uploads\/2024\/09\/chuj-abel-juarez.webp","og:image:secure_url":"https:\/\/soymigrante.com\/revista\/wp-content\/uploads\/2024\/09\/chuj-abel-juarez.webp","og:image:width":1367,"og:image:height":1367,"article:published_time":"2024-09-20T17:23:31+00:00","article:modified_time":"2026-04-08T11:48:26+00:00","article:publisher":"https:\/\/www.facebook.com\/soymigrantecom","twitter:card":"summary_large_image","twitter:site":"@SoyMigrante_com","twitter:title":"Pueblo Chuj: con firme ra\u00edz en las monta\u00f1as de Huehuetenango","twitter:description":"El Chuj es idoma hermano del Q'anjob'al, del cual se separ\u00f3 hace unos 2 mil a\u00f1os. Hay 90 mil pobladores chuj guatemaltecos y otros 10 mil del lado mexicano.","twitter:creator":"@SoyMigrante_com","twitter:image":"https:\/\/soymigrante.com\/revista\/wp-content\/uploads\/2024\/09\/chuj-abel-juarez.webp"},"aioseo_meta_data":{"post_id":"21116","title":"Cancu\u00e9n fue n\u00facleo comercial en el per\u00edodo Cl\u00e1sico maya","description":"Cancu\u00e9n, fue un centro de poder econ\u00f3mico y pol\u00edtico en el per\u00edodo Cl\u00e1sico sobre el r\u00edo La Pasi\u00f3n. Su palacio real es impresionante. Pero...","keywords":null,"keyphrases":{"focus":{"keyphrase":"Cancu\u00e9n","score":87,"analysis":{"keyphraseInTitle":{"score":9,"maxScore":9,"error":0},"keyphraseInDescription":{"score":9,"maxScore":9,"error":0},"keyphraseLength":{"score":9,"maxScore":9,"error":0,"length":2},"keyphraseInURL":{"score":5,"maxScore":5,"error":0},"keyphraseInIntroduction":{"score":9,"maxScore":9,"error":0},"keyphraseInSubHeadings":{"score":9,"maxScore":9,"error":0},"keyphraseInImageAlt":{"score":9,"maxScore":9,"error":0},"keywordDensity":{"type":"high","score":0,"maxScore":9,"error":1}}},"additional":[{"keyphrase":"sitio arqueol\u00f3gico","score":40,"analysis":{"keyphraseInDescription":{"score":3,"maxScore":9,"error":1},"keyphraseLength":{"score":9,"maxScore":9,"error":0,"length":3},"keyphraseInIntroduction":{"score":3,"maxScore":9,"error":1},"keyphraseInImageAlt":{"score":3,"maxScore":9,"error":1},"keywordDensity":{"score":0,"type":"low","maxScore":9,"error":1}}},{"keyphrase":"maya","score":87,"analysis":{"keyphraseInDescription":{"score":3,"maxScore":9,"error":1},"keyphraseLength":{"score":9,"maxScore":9,"error":0,"length":1},"keyphraseInIntroduction":{"score":9,"maxScore":9,"error":0},"keyphraseInImageAlt":{"score":9,"maxScore":9,"error":0},"keywordDensity":{"type":"best","score":9,"maxScore":9,"error":0}}}]},"primary_term":null,"canonical_url":null,"og_title":null,"og_description":null,"og_object_type":"default","og_image_type":"default","og_image_url":null,"og_image_width":null,"og_image_height":null,"og_image_custom_url":null,"og_image_custom_fields":null,"og_video":"","og_custom_url":null,"og_article_section":null,"og_article_tags":null,"twitter_use_og":false,"twitter_card":"default","twitter_image_type":"default","twitter_image_url":null,"twitter_image_custom_url":null,"twitter_image_custom_fields":null,"twitter_title":null,"twitter_description":null,"schema":{"blockGraphs":[],"customGraphs":[],"default":{"data":{"Article":[],"Course":[],"Dataset":[],"FAQPage":[],"Movie":[],"Person":[],"Product":[],"ProductReview":[],"Car":[],"Recipe":[],"Service":[],"SoftwareApplication":[],"WebPage":[]},"graphName":"BlogPosting","isEnabled":true},"graphs":[]},"schema_type":"default","schema_type_options":null,"pillar_content":false,"robots_default":true,"robots_noindex":false,"robots_noarchive":false,"robots_nosnippet":false,"robots_nofollow":false,"robots_noimageindex":false,"robots_noodp":false,"robots_notranslate":false,"robots_max_snippet":"-1","robots_max_videopreview":"-1","robots_max_imagepreview":"large","priority":null,"frequency":"default","local_seo":null,"seo_analyzer_scan_date":"2025-10-09 02:02:31","breadcrumb_settings":null,"limit_modified_date":false,"reviewed_by":null,"open_ai":"{\"title\":{\"suggestions\":[],\"usage\":0},\"description\":{\"suggestions\":[],\"usage\":0}}","ai":null,"created":"2025-01-15 22:59:54","updated":"2026-02-04 19:30:15"},"aioseo_breadcrumb":"<div class=\"aioseo-breadcrumbs\"><span class=\"aioseo-breadcrumb\">\n\t<a href=\"https:\/\/soymigrante.com\/revista\" title=\"Home\">Home<\/a>\n<\/span><span class=\"aioseo-breadcrumb-separator\">\u00bb<\/span><span class=\"aioseo-breadcrumb\">\n\t<a href=\"https:\/\/soymigrante.com\/revista\/category\/guate-nuestra\/\" title=\"Guate Nuestra\">Guate Nuestra<\/a>\n<\/span><span class=\"aioseo-breadcrumb-separator\">\u00bb<\/span><span class=\"aioseo-breadcrumb\">\n\t\u00bfEs cierto que est\u00e1 en el abandono el gran sitio maya Cancu\u00e9n en Pet\u00e9n?\n<\/span><\/div>","aioseo_breadcrumb_json":[{"label":"Home","link":"https:\/\/soymigrante.com\/revista"},{"label":"Guate Nuestra","link":"https:\/\/soymigrante.com\/revista\/category\/guate-nuestra\/"},{"label":"\u00bfEs cierto que est\u00e1 en el abandono el gran sitio maya Cancu\u00e9n en Pet\u00e9n?","link":"https:\/\/soymigrante.com\/revista\/has-oido-hablar-del-sitio-maya-de-cancuen-en-peten\/"}],"_links":{"self":[{"href":"https:\/\/soymigrante.com\/revista\/wp-json\/wp\/v2\/posts\/21116","targetHints":{"allow":["GET"]}}],"collection":[{"href":"https:\/\/soymigrante.com\/revista\/wp-json\/wp\/v2\/posts"}],"about":[{"href":"https:\/\/soymigrante.com\/revista\/wp-json\/wp\/v2\/types\/post"}],"author":[{"embeddable":true,"href":"https:\/\/soymigrante.com\/revista\/wp-json\/wp\/v2\/users\/23"}],"replies":[{"embeddable":true,"href":"https:\/\/soymigrante.com\/revista\/wp-json\/wp\/v2\/comments?post=21116"}],"version-history":[{"count":0,"href":"https:\/\/soymigrante.com\/revista\/wp-json\/wp\/v2\/posts\/21116\/revisions"}],"wp:featuredmedia":[{"embeddable":true,"href":"https:\/\/soymigrante.com\/revista\/wp-json\/wp\/v2\/media\/22089"}],"wp:attachment":[{"href":"https:\/\/soymigrante.com\/revista\/wp-json\/wp\/v2\/media?parent=21116"}],"wp:term":[{"taxonomy":"category","embeddable":true,"href":"https:\/\/soymigrante.com\/revista\/wp-json\/wp\/v2\/categories?post=21116"},{"taxonomy":"post_tag","embeddable":true,"href":"https:\/\/soymigrante.com\/revista\/wp-json\/wp\/v2\/tags?post=21116"}],"curies":[{"name":"wp","href":"https:\/\/api.w.org\/{rel}","templated":true}]}}