{"id":21088,"date":"2025-01-23T09:58:27","date_gmt":"2025-01-23T15:58:27","guid":{"rendered":"https:\/\/soymigrante.com\/revista\/?p=21088"},"modified":"2025-01-23T09:58:29","modified_gmt":"2025-01-23T15:58:29","slug":"como-ha-cambiado-la-vida-del-biologo-migrante-rene-corado-a-10-anos-de-su-libro-el-lustrador","status":"publish","type":"post","link":"https:\/\/soymigrante.com\/revista\/como-ha-cambiado-la-vida-del-biologo-migrante-rene-corado-a-10-anos-de-su-libro-el-lustrador\/","title":{"rendered":"\u00bfC\u00f3mo ha cambiado la vida del bi\u00f3logo migrante Ren\u00e9 Corado a 10 a\u00f1os de su libro El Lustrador?"},"content":{"rendered":"\t\t<div data-elementor-type=\"wp-post\" data-elementor-id=\"21088\" class=\"elementor elementor-21088\" data-elementor-post-type=\"post\">\n\t\t\t\t<div data-particle_enable=\"false\" data-particle-mobile-disabled=\"false\" class=\"elementor-element elementor-element-adfca81 e-flex e-con-boxed e-con e-parent\" data-id=\"adfca81\" data-element_type=\"container\" data-e-type=\"container\">\n\t\t\t\t\t<div class=\"e-con-inner\">\n\t\t\t\t<div class=\"elementor-element elementor-element-d640ce3 elementor-widget elementor-widget-heading\" data-id=\"d640ce3\" data-element_type=\"widget\" data-e-type=\"widget\" data-widget_type=\"heading.default\">\n\t\t\t\t\t<h2 class=\"elementor-heading-title elementor-size-default\">Relato de una infancia llena de retos y limitaciones, la migraci\u00f3n y sus logros como bi\u00f3logo y director del Museo de Aves de Camarillo, California est\u00e1n en El Lustrador, libro biogr\u00e1fico de Ren\u00e9 Corado cuya edici\u00f3n de 10 a\u00f1os se lanzar\u00e1 en Guatemala el 25 de enero<\/h2>\t\t\t\t<\/div>\n\t\t\t\t\t<\/div>\n\t\t\t\t<\/div>\n\t\t<div data-particle_enable=\"false\" data-particle-mobile-disabled=\"false\" class=\"elementor-element elementor-element-29dccc9 e-flex e-con-boxed e-con e-parent\" data-id=\"29dccc9\" data-element_type=\"container\" data-e-type=\"container\">\n\t\t\t\t\t<div class=\"e-con-inner\">\n\t\t\t\t<div class=\"elementor-element elementor-element-6587328 elementor-widget elementor-widget-text-editor\" data-id=\"6587328\" data-element_type=\"widget\" data-e-type=\"widget\" data-widget_type=\"text-editor.default\">\n\t\t\t\t\t\t\t\t\t<p><a href=\"https:\/\/soymigrante.com\/revista\/biologo-lustra-el-mayor-tesoro-de-guatemala\/\">Ren\u00e9 Corado<\/a> est\u00e1 muy emocionado. Cuenta que nunca pens\u00f3 tener tantos lectores y menos a\u00fan historias de recuperaci\u00f3n, reinvenci\u00f3n y reinicio en las vidas de tantas personas gracias al relato de las dificultades que vivi\u00f3 cuando era ni\u00f1o: su vida como lustrador, los momentos en que tuvo que buscar comida en la basura, los sue\u00f1os de ser profesional que en alg\u00fan momento parec\u00edan imposibles.<br \/><b>\u00a1Pero no fueron imposibles!<\/b><\/p><p>El pr\u00f3ximo 25 de enero en DeMuseo Majadas, zona 11 de la ciudad de Guatemala, <a href=\"https:\/\/soymigrante.com\/revista\/biologo-lustra-el-mayor-tesoro-de-guatemala\/\">el bi\u00f3logo y director del museo de aves de Camarillo, Ren\u00e9 Corado<\/a>, autor de El Lustrador, celebra los 10 a\u00f1os de su libro con el lanzamiento de una edici\u00f3n especial y la proyecci\u00f3n de su documental El Lustrador.\u00a0\u00a0<\/p><p>Por ello le hicimos algunas preguntas, que amablemente accedi\u00f3 a responder:<\/p>\t\t\t\t\t\t\t\t<\/div>\n\t\t\t\t\t<\/div>\n\t\t\t\t<\/div>\n\t\t<div data-particle_enable=\"false\" data-particle-mobile-disabled=\"false\" class=\"elementor-element elementor-element-f001b5b e-flex e-con-boxed e-con e-parent\" data-id=\"f001b5b\" data-element_type=\"container\" data-e-type=\"container\">\n\t\t\t\t\t<div class=\"e-con-inner\">\n\t\t\t\t<div class=\"elementor-element elementor-element-5d1439e elementor-widget elementor-widget-image\" data-id=\"5d1439e\" data-element_type=\"widget\" data-e-type=\"widget\" data-widget_type=\"image.default\">\n\t\t\t\t\t\t\t\t\t\t\t\t<figure class=\"wp-caption\">\n\t\t\t\t\t\t\t\t\t\t<img fetchpriority=\"high\" decoding=\"async\" width=\"768\" height=\"432\" src=\"https:\/\/soymigrante.com\/revista\/wp-content\/uploads\/2025\/01\/rene-corado-el-lustrador-2-1024x576.jpg\" class=\"attachment-large size-large wp-image-21167\" alt=\"El-luchador-una-historia-de-inspiracion-fe-y-valentia-ren\u00e9-corado-en-son-migrante.\" srcset=\"https:\/\/soymigrante.com\/revista\/wp-content\/uploads\/2025\/01\/rene-corado-el-lustrador-2-1024x576.jpg 1024w, https:\/\/soymigrante.com\/revista\/wp-content\/uploads\/2025\/01\/rene-corado-el-lustrador-2-300x169.jpg 300w, https:\/\/soymigrante.com\/revista\/wp-content\/uploads\/2025\/01\/rene-corado-el-lustrador-2-768x432.jpg 768w, https:\/\/soymigrante.com\/revista\/wp-content\/uploads\/2025\/01\/rene-corado-el-lustrador-2-1536x864.jpg 1536w, https:\/\/soymigrante.com\/revista\/wp-content\/uploads\/2025\/01\/rene-corado-el-lustrador-2-750x422.webp 750w, https:\/\/soymigrante.com\/revista\/wp-content\/uploads\/2025\/01\/rene-corado-el-lustrador-2-1140x641.webp 1140w, https:\/\/soymigrante.com\/revista\/wp-content\/uploads\/2025\/01\/rene-corado-el-lustrador-2.webp 1599w\" sizes=\"(max-width: 768px) 100vw, 768px\" title=\"A finales de 2024, Ren\u00e9 Corado afinaba detalles de la edicion 10o. Aniversario de El Lustrador, un libro que le ha ganado muchos amigos nuevos, en EE.UU y Guatemala. \u2013 SoyMigrante.com REVISTA\" \/>\t\t\t\t\t\t\t\t\t\t\t<figcaption class=\"widget-image-caption wp-caption-text\">Rene Corado en la portada de SoyMigrante.com Revista, destacando su historia de inspiraci\u00f3n, fe y valent\u00eda como migrante y luchador en Estados Unidos y Guatemala, con enfoque en inmigraci\u00f3n, lucha y superaci\u00f3n personal.<\/figcaption>\n\t\t\t\t\t\t\t\t\t\t<\/figure>\n\t\t\t\t\t\t\t\t\t<\/div>\n\t\t\t\t\t<\/div>\n\t\t\t\t<\/div>\n\t\t<div data-particle_enable=\"false\" data-particle-mobile-disabled=\"false\" class=\"elementor-element elementor-element-d6e5b63 e-flex e-con-boxed e-con e-parent\" data-id=\"d6e5b63\" data-element_type=\"container\" data-e-type=\"container\">\n\t\t\t\t\t<div class=\"e-con-inner\">\n\t\t\t\t<div class=\"elementor-element elementor-element-92d3c5e elementor-widget elementor-widget-heading\" data-id=\"92d3c5e\" data-element_type=\"widget\" data-e-type=\"widget\" data-widget_type=\"heading.default\">\n\t\t\t\t\t<h3 class=\"elementor-heading-title elementor-size-default\">\u00bfC\u00f3mo le ha cambiado la vida El Lustrador a  Ud. despu\u00e9s de 10 a\u00f1os de haber sido publicado?<\/h3>\t\t\t\t<\/div>\n\t\t\t\t\t<\/div>\n\t\t\t\t<\/div>\n\t\t<div data-particle_enable=\"false\" data-particle-mobile-disabled=\"false\" class=\"elementor-element elementor-element-1a84e13 e-flex e-con-boxed e-con e-parent\" data-id=\"1a84e13\" data-element_type=\"container\" data-e-type=\"container\">\n\t\t\t\t\t<div class=\"e-con-inner\">\n\t\t\t\t<div class=\"elementor-element elementor-element-0e07621 elementor-widget elementor-widget-text-editor\" data-id=\"0e07621\" data-element_type=\"widget\" data-e-type=\"widget\" data-widget_type=\"text-editor.default\">\n\t\t\t\t\t\t\t\t\t<p>Nunca pens\u00e9 ser figura publica ni pretend\u00ed ser ejemplo. Solo quer\u00eda compartir la ruta de vida que tuve. Pero en el camino resulta que me han dicho, mucha gente, que he sido ejemplo para muchos j\u00f3venes y no tan j\u00f3venes.<\/p><p><span style=\"color: var( --e-global-color-text ); text-align: var(--text-align);\">Eso es una responsabilidad muy grande, porque tengo que seguir adelante. No es cosa de &#8220;publico un libro y me quedo sentado&#8221; o aquello de &#8220;haz fama y \u00e9chate a dormir&#8221;, no. Aqu\u00ed es &#8220;haz fama y ya no vas a dormir&#8221; (r\u00ede).\u00a0<\/span><\/p><p><span style=\"color: var( --e-global-color-text ); text-align: var(--text-align);\">El Lustrador me ha hecho m\u00e1s feliz. Ha guiado a muchas formas a cambiar la forma de pensar de una forma que no imagin\u00e9. Yo mismo soy m\u00e1s positivo y alegre con la vida.\u00a0<\/span><\/p>\t\t\t\t\t\t\t\t<\/div>\n\t\t\t\t\t<\/div>\n\t\t\t\t<\/div>\n\t\t<div data-particle_enable=\"false\" data-particle-mobile-disabled=\"false\" class=\"elementor-element elementor-element-20161c2 e-flex e-con-boxed e-con e-parent\" data-id=\"20161c2\" data-element_type=\"container\" data-e-type=\"container\">\n\t\t\t\t\t<div class=\"e-con-inner\">\n\t\t\t\t<div class=\"elementor-element elementor-element-13806a4 elementor-arrows-position-inside elementor-pagination-position-outside elementor-widget elementor-widget-image-carousel\" data-id=\"13806a4\" data-element_type=\"widget\" data-e-type=\"widget\" data-settings=\"{&quot;slides_to_show&quot;:&quot;1&quot;,&quot;navigation&quot;:&quot;both&quot;,&quot;autoplay&quot;:&quot;yes&quot;,&quot;pause_on_hover&quot;:&quot;yes&quot;,&quot;pause_on_interaction&quot;:&quot;yes&quot;,&quot;autoplay_speed&quot;:5000,&quot;infinite&quot;:&quot;yes&quot;,&quot;effect&quot;:&quot;slide&quot;,&quot;speed&quot;:500}\" data-widget_type=\"image-carousel.default\">\n\t\t\t\t\t\t\t<div class=\"elementor-image-carousel-wrapper swiper\" role=\"region\" aria-roledescription=\"carousel\" aria-label=\"Carrusel de im\u00e1genes\" dir=\"ltr\">\n\t\t\t<div class=\"elementor-image-carousel swiper-wrapper\" aria-live=\"off\">\n\t\t\t\t\t\t\t\t<div class=\"swiper-slide\" role=\"group\" aria-roledescription=\"slide\" aria-label=\"1 de 4\"><figure class=\"swiper-slide-inner\"><img decoding=\"async\" class=\"swiper-slide-image\" src=\"https:\/\/soymigrante.com\/revista\/wp-content\/uploads\/2025\/01\/famosos-el-lustrador-2-300x300.jpg\" alt=\"Un hombre mayor sosteniendo un libro con ilustraciones coloridas, en un entorno cerrado, promocionando cultura y literatura hispana.\" \/><figcaption class=\"elementor-image-carousel-caption\">Hombre mayor mostrando un libro ilustrado en un evento cultural, promoviendo la lectura y la cultura hispana en un entorno cerrado.<\/figcaption><\/figure><\/div><div class=\"swiper-slide\" role=\"group\" aria-roledescription=\"slide\" aria-label=\"2 de 4\"><figure class=\"swiper-slide-inner\"><img decoding=\"async\" class=\"swiper-slide-image\" src=\"https:\/\/soymigrante.com\/revista\/wp-content\/uploads\/2025\/01\/famosos-el-lustrador-3-300x300.jpg\" alt=\"Persona sosteniendo una revista en un aeropuerto, mostrando inter\u00e9s por la lectura y el emprendimiento, en un entorno de viaje.\" \/><figcaption class=\"elementor-image-carousel-caption\">Hombre en aeropuerto sosteniendo una revista, promoviendo lectura y cultura migrante, en un entorno de viaje internacional.<\/figcaption><\/figure><\/div><div class=\"swiper-slide\" role=\"group\" aria-roledescription=\"slide\" aria-label=\"3 de 4\"><figure class=\"swiper-slide-inner\"><img decoding=\"async\" class=\"swiper-slide-image\" src=\"https:\/\/soymigrante.com\/revista\/wp-content\/uploads\/2025\/01\/famosos-el-lustrador-4-300x300.jpg\" alt=\"Revista SoyMigrante, personajes en evento cultural, migrantes y comunidad hispana, inclusi\u00f3n social, cultura migrante en M\u00e9xico, colaboraci\u00f3n comunitaria, evento cultural en M\u00e9xico, integraci\u00f3n de migrantes, diversidad cultural, noticias sobre migraci\u00f3n en M\u00e9xico.\" \/><figcaption class=\"elementor-image-carousel-caption\">Dos hombres sonriendo en un evento social, uno sostiene un libro titulado \"El Listador\", ambiente festivo y multicultural.<\/figcaption><\/figure><\/div><div class=\"swiper-slide\" role=\"group\" aria-roledescription=\"slide\" aria-label=\"4 de 4\"><figure class=\"swiper-slide-inner\"><img decoding=\"async\" class=\"swiper-slide-image\" src=\"https:\/\/soymigrante.com\/revista\/wp-content\/uploads\/2025\/01\/famosos-el-lustrador-1-300x300.jpg\" alt=\"Revista SoyMigrante, edici\u00f3n destacada sobre migraci\u00f3n, derechos y cultura para migrantes y comunidades hispanas.\" \/><figcaption class=\"elementor-image-carousel-caption\">Portada de la revista SoyMigrante.com REVISTA, centrada en temas de migraci\u00f3n, integraci\u00f3n cultural y derechos de los inmigrantes.<\/figcaption><\/figure><\/div>\t\t\t<\/div>\n\t\t\t\t\t\t\t\t\t\t\t\t<div class=\"elementor-swiper-button elementor-swiper-button-prev\" role=\"button\" tabindex=\"0\">\n\t\t\t\t\t\t<i aria-hidden=\"true\" class=\"eicon-chevron-left\"><\/i>\t\t\t\t\t<\/div>\n\t\t\t\t\t<div class=\"elementor-swiper-button elementor-swiper-button-next\" role=\"button\" tabindex=\"0\">\n\t\t\t\t\t\t<i aria-hidden=\"true\" class=\"eicon-chevron-right\"><\/i>\t\t\t\t\t<\/div>\n\t\t\t\t\n\t\t\t\t\t\t\t\t\t<div class=\"swiper-pagination\"><\/div>\n\t\t\t\t\t\t\t\t\t<\/div>\n\t\t\t\t\t\t<\/div>\n\t\t\t\t\t<\/div>\n\t\t\t\t<\/div>\n\t\t<div data-particle_enable=\"false\" data-particle-mobile-disabled=\"false\" class=\"elementor-element elementor-element-34732e5 e-flex e-con-boxed e-con e-parent\" data-id=\"34732e5\" data-element_type=\"container\" data-e-type=\"container\">\n\t\t\t\t\t<div class=\"e-con-inner\">\n\t\t\t\t<div class=\"elementor-element elementor-element-d7bb3c5 elementor-widget elementor-widget-heading\" data-id=\"d7bb3c5\" data-element_type=\"widget\" data-e-type=\"widget\" data-widget_type=\"heading.default\">\n\t\t\t\t\t<h3 class=\"elementor-heading-title elementor-size-default\">\u00bfQu\u00e9 es lo m\u00e1s bonito que le han dicho sobre El Lustrador?<\/h3>\t\t\t\t<\/div>\n\t\t\t\t\t<\/div>\n\t\t\t\t<\/div>\n\t\t<div data-particle_enable=\"false\" data-particle-mobile-disabled=\"false\" class=\"elementor-element elementor-element-9e9d7db e-flex e-con-boxed e-con e-parent\" data-id=\"9e9d7db\" data-element_type=\"container\" data-e-type=\"container\">\n\t\t\t\t\t<div class=\"e-con-inner\">\n\t\t\t\t<div class=\"elementor-element elementor-element-dd051b5 elementor-widget elementor-widget-text-editor\" data-id=\"dd051b5\" data-element_type=\"widget\" data-e-type=\"widget\" data-widget_type=\"text-editor.default\">\n\t\t\t\t\t\t\t\t\t<p><span style=\"color: var( --e-global-color-text ); text-align: var(--text-align);\">De todo. Lo m\u00e1s bonito es conocer a tanta gente gracias a El Lustrador. Pero de los comentarios, me alegr\u00f3 mucho saber que algunos escribieron\u00a0<\/span><span style=\"color: var( --e-global-color-text ); text-align: var(--text-align);\">su propia biograf\u00eda o su propia novela. Otros decidieron aprender un oficio, otro idioma o regresar a la universidad o incluso a la escuela. El Lustrador les ayud\u00f3 a terminar lo que hab\u00edan\u00a0 comenzado, o a empezar lo que no hab\u00edan querido. Porque les mostr\u00f3 que nunca es tarde.<\/span><\/p><p>Hay algo que se repite bastante: personas que me dicen &#8220;pens\u00e9 que mi vida fue dura y me hab\u00eda dado por vencido, pero al ver la historia de El Lustrador, v\u00ed que puedo y debo seguir adelante.\u00a0 Alguien estaba en cama, crey\u00f3 que nunca se iba a recuperar, pero tras leer el libro, dese\u00f3 recuperarse y lo hizo.<\/p>\t\t\t\t\t\t\t\t<\/div>\n\t\t\t\t\t<\/div>\n\t\t\t\t<\/div>\n\t\t<div data-particle_enable=\"false\" data-particle-mobile-disabled=\"false\" class=\"elementor-element elementor-element-3129632 e-flex e-con-boxed e-con e-parent\" data-id=\"3129632\" data-element_type=\"container\" data-e-type=\"container\">\n\t\t\t\t\t<div class=\"e-con-inner\">\n\t\t\t\t<div class=\"elementor-element elementor-element-4d757dc elementor-widget elementor-widget-heading\" data-id=\"4d757dc\" data-element_type=\"widget\" data-e-type=\"widget\" data-widget_type=\"heading.default\">\n\t\t\t\t\t<h3 class=\"elementor-heading-title elementor-size-default\"><a href=\"https:\/\/www.ellustradorfoundation.org\/es\">\u00bfC\u00f3mo van los proyectos educativos que apoya la Fundaci\u00f3n El Lustrador?<\/a><\/h3>\t\t\t\t<\/div>\n\t\t\t\t\t<\/div>\n\t\t\t\t<\/div>\n\t\t<div data-particle_enable=\"false\" data-particle-mobile-disabled=\"false\" class=\"elementor-element elementor-element-928ed94 e-flex e-con-boxed e-con e-parent\" data-id=\"928ed94\" data-element_type=\"container\" data-e-type=\"container\">\n\t\t\t\t\t<div class=\"e-con-inner\">\n\t\t\t\t<div class=\"elementor-element elementor-element-532758a elementor-widget elementor-widget-text-editor\" data-id=\"532758a\" data-element_type=\"widget\" data-e-type=\"widget\" data-widget_type=\"text-editor.default\">\n\t\t\t\t\t\t\t\t\t<p><span style=\"color: var( --e-global-color-text ); text-align: var(--text-align);\">Los proyectos educativos son otra diferencia en 10 a\u00f1os. Surgieron gracias al libro y las ventas se dedican a esos proyectos de la <a href=\"https:\/\/www.ellustradorfoundation.org\/es\">Fundaci\u00f3n El Lustrador.\u00a0<\/a> Est\u00e1n avanzando y se han agrandado. Hoy ayudamos a m\u00e1s escuelas y bibliotecas; estamos en Moraz\u00e1n, mi pueblo y otros departamentos. Pensamos seguir creciendo.<\/span><\/p><p>Ac\u00e1 en Estados Unidos, varias escuelas han utilizado mi libro como lectura y he estado trabajando tambi\u00e9n con ni\u00f1os migrantes que no hablan el espa\u00f1ol, les doy un tour por el museo en espa\u00f1ol pero les invito a que aprendan y le pierdan el miedo al ingl\u00e9s. Tambi\u00e9n me contratan para dar presentaciones y conferencias&#8230;<\/p>\t\t\t\t\t\t\t\t<\/div>\n\t\t\t\t\t<\/div>\n\t\t\t\t<\/div>\n\t\t<div data-particle_enable=\"false\" data-particle-mobile-disabled=\"false\" class=\"elementor-element elementor-element-fdb89bb e-flex e-con-boxed e-con e-parent\" data-id=\"fdb89bb\" data-element_type=\"container\" data-e-type=\"container\">\n\t\t\t\t\t<div class=\"e-con-inner\">\n\t\t\t\t<div class=\"elementor-element elementor-element-3d94d1d elementor-invisible elementor-widget elementor-widget-facebook-embed\" data-id=\"3d94d1d\" data-element_type=\"widget\" data-e-type=\"widget\" data-settings=\"{&quot;_animation&quot;:&quot;zoomInDown&quot;}\" data-widget_type=\"facebook-embed.default\">\n\t\t\t\t\t<div style=\"min-height: 1px\" class=\"elementor-facebook-widget fb-video\" data-href=\"https:\/\/fb.watch\/x84F4858m3\/\" data-show-text=\"false\" data-allowfullscreen=\"false\" data-autoplay=\"false\" data-show-captions=\"false\"><\/div>\t\t\t\t<\/div>\n\t\t\t\t\t<\/div>\n\t\t\t\t<\/div>\n\t\t<div data-particle_enable=\"false\" data-particle-mobile-disabled=\"false\" class=\"elementor-element elementor-element-be3336a e-flex e-con-boxed e-con e-parent\" data-id=\"be3336a\" data-element_type=\"container\" data-e-type=\"container\">\n\t\t\t\t\t<div class=\"e-con-inner\">\n\t\t\t\t<div class=\"elementor-element elementor-element-54363f4 elementor-widget elementor-widget-heading\" data-id=\"54363f4\" data-element_type=\"widget\" data-e-type=\"widget\" data-widget_type=\"heading.default\">\n\t\t\t\t\t<h3 class=\"elementor-heading-title elementor-size-default\">\u00bfQu\u00e9 destacar\u00eda m\u00e1s de la edici\u00f3n de 10o. aniversario de El Lustrador?<\/h3>\t\t\t\t<\/div>\n\t\t\t\t\t<\/div>\n\t\t\t\t<\/div>\n\t\t<div data-particle_enable=\"false\" data-particle-mobile-disabled=\"false\" class=\"elementor-element elementor-element-f764926 e-flex e-con-boxed e-con e-parent\" data-id=\"f764926\" data-element_type=\"container\" data-e-type=\"container\">\n\t\t\t\t\t<div class=\"e-con-inner\">\n\t\t\t\t<div class=\"elementor-element elementor-element-0abaae1 elementor-widget elementor-widget-text-editor\" data-id=\"0abaae1\" data-element_type=\"widget\" data-e-type=\"widget\" data-widget_type=\"text-editor.default\">\n\t\t\t\t\t\t\t\t\t<p><span style=\"color: var( --e-global-color-text ); text-align: var(--text-align);\">Diez a\u00f1os se han ido volando. Es un orgullo celebrar estos 10 a\u00f1os con una actualizaci\u00f3n del libro. En esta edici\u00f3n se ampl\u00edan algunos detalles de aventuras y hay m\u00e1s motivaci\u00f3n. Vamos incluir lo que ocurri\u00f3 despu\u00e9s de la presentaci\u00f3n del libro: much\u00edsimas experiencias bonitas y positivas.<\/span><\/p><p><span style=\"color: var( --e-global-color-text ); text-align: var(--text-align);\">Adem\u00e1s, durante esta presentaci\u00f3n <a href=\"https:\/\/soymigrante.com\/revista\/migrante-rene-corado-documental-el-lustrador-en-guatemala\/\">se proyectar\u00e1 el documental El Lustrador, con el que fuimos premiados en el Festival de cine de Antigua<\/a>. Esto ser\u00e1 el 25 de enero a las 18 horas en DeMuseo Majadas zona 11.<\/span><\/p>\t\t\t\t\t\t\t\t<\/div>\n\t\t\t\t\t<\/div>\n\t\t\t\t<\/div>\n\t\t<div data-particle_enable=\"false\" data-particle-mobile-disabled=\"false\" class=\"elementor-element elementor-element-61f9aa8 e-flex e-con-boxed e-con e-parent\" data-id=\"61f9aa8\" data-element_type=\"container\" data-e-type=\"container\">\n\t\t\t\t\t<div class=\"e-con-inner\">\n\t\t\t\t<div class=\"elementor-element elementor-element-d48347a elementor-widget elementor-widget-heading\" data-id=\"d48347a\" data-element_type=\"widget\" data-e-type=\"widget\" data-widget_type=\"heading.default\">\n\t\t\t\t\t<h3 class=\"elementor-heading-title elementor-size-default\">\u00bfQu\u00e9 ha aprendido usted en estos 10 a\u00f1os?<\/h3>\t\t\t\t<\/div>\n\t\t\t\t\t<\/div>\n\t\t\t\t<\/div>\n\t\t<div data-particle_enable=\"false\" data-particle-mobile-disabled=\"false\" class=\"elementor-element elementor-element-acf446a e-flex e-con-boxed e-con e-parent\" data-id=\"acf446a\" data-element_type=\"container\" data-e-type=\"container\">\n\t\t\t\t\t<div class=\"e-con-inner\">\n\t\t\t\t<div class=\"elementor-element elementor-element-d7d0b81 elementor-widget elementor-widget-text-editor\" data-id=\"d7d0b81\" data-element_type=\"widget\" data-e-type=\"widget\" data-widget_type=\"text-editor.default\">\n\t\t\t\t\t\t\t\t\t<p><span style=\"color: var( --e-global-color-text ); text-align: var(--text-align);\">He aprendido que muchas veces las personas no es que necesiten dinero. El dinero no lo es todo. S\u00ed sirve, pero lo que necesitamos m\u00e1s que dinero es motivaci\u00f3n: creer en vos mismo, creer que vos sos importante, crees que vos pod\u00e9s hacerlo, que vos sos inteligente.<\/span><\/p><p><span style=\"color: var( --e-global-color-text ); text-align: var(--text-align);\">Yo puedo ser mejor cuando descubro el valor de mis ra\u00edces para salir adelante siendo yo mismo. Porque se triunfa al ser uno mismo ante la vida.<\/span><\/p>\t\t\t\t\t\t\t\t<\/div>\n\t\t\t\t\t<\/div>\n\t\t\t\t<\/div>\n\t\t<div data-particle_enable=\"false\" data-particle-mobile-disabled=\"false\" class=\"elementor-element elementor-element-11baa5d e-flex e-con-boxed e-con e-parent\" data-id=\"11baa5d\" data-element_type=\"container\" data-e-type=\"container\">\n\t\t\t\t\t<div class=\"e-con-inner\">\n\t\t\t\t<div class=\"elementor-element elementor-element-2a12a02 elementor-widget elementor-widget-heading\" data-id=\"2a12a02\" data-element_type=\"widget\" data-e-type=\"widget\" data-widget_type=\"heading.default\">\n\t\t\t\t\t<h2 class=\"elementor-heading-title elementor-size-default\">Guatemaltecos de aporte y servicio sin fronteras<\/h2>\t\t\t\t<\/div>\n\t\t\t\t\t<\/div>\n\t\t\t\t<\/div>\n\t\t<div data-particle_enable=\"false\" data-particle-mobile-disabled=\"false\" class=\"elementor-element elementor-element-60aedb3 e-flex e-con-boxed e-con e-parent\" data-id=\"60aedb3\" data-element_type=\"container\" data-e-type=\"container\">\n\t\t\t\t\t<div class=\"e-con-inner\">\n\t\t\t\t<div class=\"elementor-element elementor-element-517c23c elementor-grid-eael-col-3 elementor-grid-tablet-eael-col-2 elementor-grid-mobile-eael-col-1 elementor-widget elementor-widget-eael-post-grid\" data-id=\"517c23c\" data-element_type=\"widget\" data-e-type=\"widget\" data-settings=\"{&quot;eael_post_grid_columns&quot;:&quot;eael-col-3&quot;,&quot;eael_post_grid_columns_tablet&quot;:&quot;eael-col-2&quot;,&quot;eael_post_grid_columns_mobile&quot;:&quot;eael-col-1&quot;}\" data-widget_type=\"eael-post-grid.default\">\n\t\t\t\t\t<div id=\"eael-post-grid-517c23c\" class=\"eael-post-grid-container\">\n            <div class=\"eael-post-grid eael-post-appender eael-post-appender-517c23c eael-post-grid-style-one\" data-layout-mode=\"masonry\"><article class=\"eael-grid-post  eael-post-grid-column eael-pg-post-7063 category-exitos\" data-id=\"7063\">\n        <div class=\"eael-grid-post-holder\">\n            <div class=\"eael-grid-post-holder-inner\"><div class=\"eael-entry-media\"><div class=\"eael-entry-overlay fade-in\"><i class=\"far fa-hand-pointer\" aria-hidden=\"true\"><\/i><a href=\"https:\/\/soymigrante.com\/revista\/revolucion-avicola-impulsa-guatemalteco-reginaldo-marroquin-en-minnesota\/\"><\/a><\/div><div class=\"eael-entry-thumbnail \">\n                <img decoding=\"async\" width=\"865\" height=\"865\" src=\"https:\/\/soymigrante.com\/revista\/wp-content\/uploads\/2024\/06\/regisd.webp\" class=\"attachment-large size-large wp-image-7064\" alt=\"Empleado agr\u00edcola en un huerto de plantas verdes, trabajando en agricultura, exportaci\u00f3n de productos agr\u00edcolas, trabajo en campo, sostenibilidad agr\u00edcola, flexible y amigable con la naturaleza.\" srcset=\"https:\/\/soymigrante.com\/revista\/wp-content\/uploads\/2024\/06\/regisd.webp 865w, https:\/\/soymigrante.com\/revista\/wp-content\/uploads\/2024\/06\/regisd-300x300.webp 300w, https:\/\/soymigrante.com\/revista\/wp-content\/uploads\/2024\/06\/regisd-150x150.webp 150w, https:\/\/soymigrante.com\/revista\/wp-content\/uploads\/2024\/06\/regisd-768x768.webp 768w, https:\/\/soymigrante.com\/revista\/wp-content\/uploads\/2024\/06\/regisd-75x75.webp 75w, https:\/\/soymigrante.com\/revista\/wp-content\/uploads\/2024\/06\/regisd-750x750.webp 750w\" sizes=\"(max-width: 865px) 100vw, 865px\" \/>\n            <\/div>\n        <\/div><div class=\"eael-entry-wrapper\"><header class=\"eael-entry-header\"><h2 class=\"eael-entry-title\"><a class=\"eael-grid-post-link\" href=\"https:\/\/soymigrante.com\/revista\/revolucion-avicola-impulsa-guatemalteco-reginaldo-marroquin-en-minnesota\/\" title=\"Revoluci\u00f3n av\u00edcola impulsa guatemalteco Reginaldo Marroqu\u00edn  en Minnesota\">Revoluci\u00f3n av\u00edcola impulsa guatemalteco Reginaldo Marroqu\u00edn  en Minnesota<\/a><\/h2><\/header><div class=\"eael-entry-content\">\n                        <div class=\"eael-grid-post-excerpt\"><a href=\"https:\/\/soymigrante.com\/revista\/revolucion-avicola-impulsa-guatemalteco-reginaldo-marroquin-en-minnesota\/\" class=\"eael-post-elements-readmore-btn\">CONOCE SU HISTORIA <\/a><\/div>\n                    <\/div><\/div><\/div>\n        <\/div>\n    <\/article><article class=\"eael-grid-post  eael-post-grid-column eael-pg-post-6429 category-lugar-de-voces\" data-id=\"6429\">\n        <div class=\"eael-grid-post-holder\">\n            <div class=\"eael-grid-post-holder-inner\"><div class=\"eael-entry-media\"><div class=\"eael-entry-overlay fade-in\"><i class=\"far fa-hand-pointer\" aria-hidden=\"true\"><\/i><a href=\"https:\/\/soymigrante.com\/revista\/donativo-migrantes-guatemaltecos-escuela-palencia-quetzi\/\"><\/a><\/div><div class=\"eael-entry-thumbnail \">\n                <img decoding=\"async\" width=\"1024\" height=\"1024\" src=\"https:\/\/soymigrante.com\/revista\/wp-content\/uploads\/2024\/05\/IMG-20240513-WA0045-e1718760507162-1024x1024.webp\" class=\"attachment-large size-large wp-image-6435\" alt=\"D\u00eda de la diversidad cultural en el colegio, ni\u00f1os celebrando con juguetes y actividades relacionadas con sus ra\u00edces y tradiciones en un entorno escolar.\" srcset=\"https:\/\/soymigrante.com\/revista\/wp-content\/uploads\/2024\/05\/IMG-20240513-WA0045-e1718760507162-1024x1024.webp 1024w, https:\/\/soymigrante.com\/revista\/wp-content\/uploads\/2024\/05\/IMG-20240513-WA0045-e1718760507162-300x300.webp 300w, https:\/\/soymigrante.com\/revista\/wp-content\/uploads\/2024\/05\/IMG-20240513-WA0045-e1718760507162-150x150.webp 150w, https:\/\/soymigrante.com\/revista\/wp-content\/uploads\/2024\/05\/IMG-20240513-WA0045-e1718760507162-768x768.webp 768w, https:\/\/soymigrante.com\/revista\/wp-content\/uploads\/2024\/05\/IMG-20240513-WA0045-e1718760507162-75x75.webp 75w, https:\/\/soymigrante.com\/revista\/wp-content\/uploads\/2024\/05\/IMG-20240513-WA0045-e1718760507162-750x750.webp 750w, https:\/\/soymigrante.com\/revista\/wp-content\/uploads\/2024\/05\/IMG-20240513-WA0045-e1718760507162-1140x1140.webp 1140w, https:\/\/soymigrante.com\/revista\/wp-content\/uploads\/2024\/05\/IMG-20240513-WA0045-e1718760507162.webp 1244w\" sizes=\"(max-width: 1024px) 100vw, 1024px\" \/>\n            <\/div>\n        <\/div><div class=\"eael-entry-wrapper\"><header class=\"eael-entry-header\"><h2 class=\"eael-entry-title\"><a class=\"eael-grid-post-link\" href=\"https:\/\/soymigrante.com\/revista\/donativo-migrantes-guatemaltecos-escuela-palencia-quetzi\/\" title=\"Proyecto Quetzi: donaci\u00f3n migrante para ni\u00f1os y j\u00f3venes de una escuela en Guatemala\">Proyecto Quetzi: donaci\u00f3n migrante para ni\u00f1os y j\u00f3venes de una escuela en Guatemala<\/a><\/h2><\/header><div class=\"eael-entry-content\">\n                        <div class=\"eael-grid-post-excerpt\"><a href=\"https:\/\/soymigrante.com\/revista\/donativo-migrantes-guatemaltecos-escuela-palencia-quetzi\/\" class=\"eael-post-elements-readmore-btn\">CONOCE SU HISTORIA <\/a><\/div>\n                    <\/div><\/div><\/div>\n        <\/div>\n    <\/article><article class=\"eael-grid-post  eael-post-grid-column eael-pg-post-859 category-exitos tags-nueva-york\" data-id=\"859\">\n        <div class=\"eael-grid-post-holder\">\n            <div class=\"eael-grid-post-holder-inner\"><div class=\"eael-entry-media\"><div class=\"eael-entry-overlay fade-in\"><i class=\"far fa-hand-pointer\" aria-hidden=\"true\"><\/i><a href=\"https:\/\/soymigrante.com\/revista\/yuntos-impulsa-un-camino-a-la-generosidad\/\"><\/a><\/div><div class=\"eael-entry-thumbnail \">\n                <img loading=\"lazy\" decoding=\"async\" width=\"960\" height=\"833\" src=\"https:\/\/soymigrante.com\/revista\/wp-content\/uploads\/2023\/04\/MARVIN-RODRIGUEZ-EN-ANTIGUA-GUATEMALA.webp\" class=\"attachment-large size-large wp-image-868\" alt=\"\" srcset=\"https:\/\/soymigrante.com\/revista\/wp-content\/uploads\/2023\/04\/MARVIN-RODRIGUEZ-EN-ANTIGUA-GUATEMALA.webp 960w, https:\/\/soymigrante.com\/revista\/wp-content\/uploads\/2023\/04\/MARVIN-RODRIGUEZ-EN-ANTIGUA-GUATEMALA-300x260.webp 300w, https:\/\/soymigrante.com\/revista\/wp-content\/uploads\/2023\/04\/MARVIN-RODRIGUEZ-EN-ANTIGUA-GUATEMALA-768x666.jpeg 768w, https:\/\/soymigrante.com\/revista\/wp-content\/uploads\/2023\/04\/MARVIN-RODRIGUEZ-EN-ANTIGUA-GUATEMALA-750x651.webp 750w\" sizes=\"(max-width: 960px) 100vw, 960px\" \/>\n            <\/div>\n        <\/div><div class=\"eael-entry-wrapper\"><header class=\"eael-entry-header\"><h2 class=\"eael-entry-title\"><a class=\"eael-grid-post-link\" href=\"https:\/\/soymigrante.com\/revista\/yuntos-impulsa-un-camino-a-la-generosidad\/\" title=\"Generosidad impulsa la iniciativa Yuntos, de Marvin Rodr\u00edguez\">Generosidad impulsa la iniciativa Yuntos, de Marvin Rodr\u00edguez<\/a><\/h2><\/header><div class=\"eael-entry-content\">\n                        <div class=\"eael-grid-post-excerpt\"><a href=\"https:\/\/soymigrante.com\/revista\/yuntos-impulsa-un-camino-a-la-generosidad\/\" class=\"eael-post-elements-readmore-btn\">CONOCE SU HISTORIA <\/a><\/div>\n                    <\/div><\/div><\/div>\n        <\/div>\n    <\/article><\/div>\n            <div class=\"clearfix\"><\/div>\n        <\/div>\t\t\t\t<\/div>\n\t\t\t\t\t<\/div>\n\t\t\t\t<\/div>\n\t\t\t\t<\/div>\n\t\t","protected":false},"excerpt":{"rendered":"<p>Relato de una infancia llena de retos y limitaciones, la migraci\u00f3n y sus logros como bi\u00f3logo y director del Museo de Aves de Camarillo, California est\u00e1n en El Lustrador, libro biogr\u00e1fico de Ren\u00e9 Corado cuya edici\u00f3n de 10 a\u00f1os se lanzar\u00e1 en Guatemala el 25 de enero Ren\u00e9 Corado est\u00e1 muy emocionado. Cuenta que nunca [&hellip;]<\/p>\n","protected":false},"author":7,"featured_media":21108,"comment_status":"open","ping_status":"open","sticky":false,"template":"","format":"standard","meta":{"_acf_changed":false,"_eb_attr":"","footnotes":""},"categories":[54],"tags":[],"class_list":["post-21088","post","type-post","status-publish","format-standard","has-post-thumbnail","hentry","category-estamos-unidos"],"acf":[],"aioseo_notices":[],"aioseo_head":"\n\t\t<!-- All in One SEO Pro 4.9.6.2 - aioseo.com -->\n\t<meta name=\"description\" content=\"Marvin Rodr\u00edguez es profesional de la programaci\u00f3n, trabaja en Boston, Massachussets. Resuelve intrincados desaf\u00edos tecnol\u00f3gicos pero tambi\u00e9n aporta nuevos pasos en su Palencia, natal. Nunca debemos olvidar de donde venimos\u201d, declara Marvin Rodr\u00edguez, analista de programaci\u00f3n guatemalteco radicado en Boston, Massachussets, fundador de la iniciativa Yuntos: cuyo objetivo es recaudar zapatos de medio uso los\" \/>\n\t<meta name=\"robots\" content=\"max-snippet:-1, max-image-preview:large, max-video-preview:-1\" \/>\n\t<meta name=\"author\" content=\"Gustavo Montenegro\"\/>\n\t<link rel=\"canonical\" href=\"https:\/\/soymigrante.com\/revista\/yuntos-impulsa-un-camino-a-la-generosidad\/\" \/>\n\t<meta name=\"generator\" content=\"All in One SEO Pro (AIOSEO) 4.9.6.2\" \/>\n\n\t\t<link rel=\"preconnect\" href=\"https:\/\/fonts.googleapis.com\" crossorigin>\n<link rel=\"preconnect\" href=\"https:\/\/fonts.gstatic.com\" crossorigin>\n\t\t<meta property=\"og:locale\" content=\"es_ES\" \/>\n\t\t<meta property=\"og:site_name\" content=\"SoyMigrante.com REVISTA \u2013 Nuestra misi\u00f3n es reconocer y dignificar al migrante.\" \/>\n\t\t<meta property=\"og:type\" content=\"article\" \/>\n\t\t<meta property=\"og:title\" content=\"Generosidad impulsa la iniciativa Yuntos, de Marvin Rodr\u00edguez\" \/>\n\t\t<meta property=\"og:description\" content=\"Marvin Rodr\u00edguez es profesional de la programaci\u00f3n, trabaja en Boston, Massachussets. Resuelve intrincados desaf\u00edos tecnol\u00f3gicos pero tambi\u00e9n aporta nuevos pasos en su Palencia, natal. Nunca debemos olvidar de donde venimos\u201d, declara Marvin Rodr\u00edguez, analista de programaci\u00f3n guatemalteco radicado en Boston, Massachussets, fundador de la iniciativa Yuntos: cuyo objetivo es recaudar zapatos de medio uso los\" \/>\n\t\t<meta property=\"og:url\" content=\"https:\/\/soymigrante.com\/revista\/yuntos-impulsa-un-camino-a-la-generosidad\/\" \/>\n\t\t<meta property=\"og:image\" content=\"https:\/\/soymigrante.com\/revista\/wp-content\/uploads\/2023\/04\/MARVIN-RODRIGUEZ-EN-ANTIGUA-GUATEMALA.webp\" \/>\n\t\t<meta property=\"og:image:secure_url\" content=\"https:\/\/soymigrante.com\/revista\/wp-content\/uploads\/2023\/04\/MARVIN-RODRIGUEZ-EN-ANTIGUA-GUATEMALA.webp\" \/>\n\t\t<meta property=\"og:image:width\" content=\"960\" \/>\n\t\t<meta property=\"og:image:height\" content=\"833\" \/>\n\t\t<meta property=\"article:published_time\" content=\"2023-05-26T00:07:24+00:00\" \/>\n\t\t<meta property=\"article:modified_time\" content=\"2026-03-11T20:36:34+00:00\" \/>\n\t\t<meta property=\"article:publisher\" content=\"https:\/\/www.facebook.com\/soymigrantecom\" \/>\n\t\t<meta name=\"twitter:card\" content=\"summary_large_image\" \/>\n\t\t<meta name=\"twitter:site\" content=\"@SoyMigrante_com\" \/>\n\t\t<meta name=\"twitter:title\" content=\"Generosidad impulsa la iniciativa Yuntos, de Marvin Rodr\u00edguez\" \/>\n\t\t<meta name=\"twitter:description\" content=\"Marvin Rodr\u00edguez es profesional de la programaci\u00f3n, trabaja en Boston, Massachussets. Resuelve intrincados desaf\u00edos tecnol\u00f3gicos pero tambi\u00e9n aporta nuevos pasos en su Palencia, natal. Nunca debemos olvidar de donde venimos\u201d, declara Marvin Rodr\u00edguez, analista de programaci\u00f3n guatemalteco radicado en Boston, Massachussets, fundador de la iniciativa Yuntos: cuyo objetivo es recaudar zapatos de medio uso los\" \/>\n\t\t<meta name=\"twitter:creator\" content=\"@SoyMigrante_com\" \/>\n\t\t<meta name=\"twitter:image\" content=\"https:\/\/soymigrante.com\/revista\/wp-content\/uploads\/2023\/04\/MARVIN-RODRIGUEZ-EN-ANTIGUA-GUATEMALA.webp\" \/>\n\t\t<!-- All in One SEO Pro -->\r\n\t\t<title>Generosidad impulsa la iniciativa Yuntos, de Marvin Rodr\u00edguez<\/title>\n\n","aioseo_head_json":{"title":"Generosidad impulsa la iniciativa Yuntos, de Marvin Rodr\u00edguez","description":"Marvin Rodr\u00edguez es profesional de la programaci\u00f3n, trabaja en Boston, Massachussets. Resuelve intrincados desaf\u00edos tecnol\u00f3gicos pero tambi\u00e9n aporta nuevos pasos en su Palencia, natal. Nunca debemos olvidar de donde venimos\u201d, declara Marvin Rodr\u00edguez, analista de programaci\u00f3n guatemalteco radicado en Boston, Massachussets, fundador de la iniciativa Yuntos: cuyo objetivo es recaudar zapatos de medio uso los","canonical_url":"https:\/\/soymigrante.com\/revista\/yuntos-impulsa-un-camino-a-la-generosidad\/","robots":"max-snippet:-1, max-image-preview:large, max-video-preview:-1","keywords":"","webmasterTools":{"miscellaneous":"&lt;link rel=\"preconnect\" href=\"https:\/\/fonts.googleapis.com\" crossorigin&gt;\n&lt;link rel=\"preconnect\" href=\"https:\/\/fonts.gstatic.com\" crossorigin&gt;"},"schema":null,"og:locale":"es_ES","og:site_name":"SoyMigrante.com REVISTA \u2013 Nuestra misi\u00f3n es reconocer y dignificar al migrante.","og:type":"article","og:title":"Generosidad impulsa la iniciativa Yuntos, de Marvin Rodr\u00edguez","og:description":"Marvin Rodr\u00edguez es profesional de la programaci\u00f3n, trabaja en Boston, Massachussets. Resuelve intrincados desaf\u00edos tecnol\u00f3gicos pero tambi\u00e9n aporta nuevos pasos en su Palencia, natal. Nunca debemos olvidar de donde venimos\u201d, declara Marvin Rodr\u00edguez, analista de programaci\u00f3n guatemalteco radicado en Boston, Massachussets, fundador de la iniciativa Yuntos: cuyo objetivo es recaudar zapatos de medio uso los","og:url":"https:\/\/soymigrante.com\/revista\/yuntos-impulsa-un-camino-a-la-generosidad\/","og:image":"https:\/\/soymigrante.com\/revista\/wp-content\/uploads\/2023\/04\/MARVIN-RODRIGUEZ-EN-ANTIGUA-GUATEMALA.webp","og:image:secure_url":"https:\/\/soymigrante.com\/revista\/wp-content\/uploads\/2023\/04\/MARVIN-RODRIGUEZ-EN-ANTIGUA-GUATEMALA.webp","og:image:width":960,"og:image:height":833,"article:published_time":"2023-05-26T00:07:24+00:00","article:modified_time":"2026-03-11T20:36:34+00:00","article:publisher":"https:\/\/www.facebook.com\/soymigrantecom","twitter:card":"summary_large_image","twitter:site":"@SoyMigrante_com","twitter:title":"Generosidad impulsa la iniciativa Yuntos, de Marvin Rodr\u00edguez","twitter:description":"Marvin Rodr\u00edguez es profesional de la programaci\u00f3n, trabaja en Boston, Massachussets. Resuelve intrincados desaf\u00edos tecnol\u00f3gicos pero tambi\u00e9n aporta nuevos pasos en su Palencia, natal. Nunca debemos olvidar de donde venimos\u201d, declara Marvin Rodr\u00edguez, analista de programaci\u00f3n guatemalteco radicado en Boston, Massachussets, fundador de la iniciativa Yuntos: cuyo objetivo es recaudar zapatos de medio uso los","twitter:creator":"@SoyMigrante_com","twitter:image":"https:\/\/soymigrante.com\/revista\/wp-content\/uploads\/2023\/04\/MARVIN-RODRIGUEZ-EN-ANTIGUA-GUATEMALA.webp"},"aioseo_meta_data":{"post_id":"21088","title":"Bi\u00f3logo migrante Ren\u00e9 Corado celebra 10 a\u00f1os de El Lustrador","description":"\u00bfC\u00f3mo ha cambiado la vida del bi\u00f3logo migrante guatemalteco Ren\u00e9 Corado a 10 a\u00f1os del lanzamiento de su libro El Lustrador? Esa y otras preguntas responde aqu\u00ed","keywords":null,"keyphrases":{"focus":{"keyphrase":"El Lustrador","score":91,"analysis":{"keyphraseInTitle":{"score":9,"maxScore":9,"error":0},"keyphraseInDescription":{"score":9,"maxScore":9,"error":0},"keyphraseLength":{"score":9,"maxScore":9,"error":0,"length":2},"keyphraseInURL":{"score":5,"maxScore":5,"error":0},"keyphraseInIntroduction":{"score":3,"maxScore":9,"error":1},"keyphraseInSubHeadings":{"score":9,"maxScore":9,"error":0},"keyphraseInImageAlt":{"score":9,"maxScore":9,"error":0},"keywordDensity":{"type":"best","score":9,"maxScore":9,"error":0}}},"additional":[{"keyphrase":"Ren\u00e9 Corado","score":100,"analysis":{"keyphraseInDescription":{"score":9,"maxScore":9,"error":0},"keyphraseLength":{"score":9,"maxScore":9,"error":0,"length":2},"keyphraseInIntroduction":{"score":9,"maxScore":9,"error":0},"keyphraseInImageAlt":{"score":9,"maxScore":9,"error":0},"keywordDensity":{"type":"best","score":9,"maxScore":9,"error":0}}},{"keyphrase":"Migrante","score":67,"analysis":{"keyphraseInDescription":{"score":9,"maxScore":9,"error":0},"keyphraseLength":{"score":9,"maxScore":9,"error":0,"length":1},"keyphraseInIntroduction":{"score":3,"maxScore":9,"error":1},"keyphraseInImageAlt":{"score":9,"maxScore":9,"error":0},"keywordDensity":{"score":0,"type":"low","maxScore":9,"error":1}}},{"keyphrase":"Libro","score":87,"analysis":{"keyphraseInDescription":{"score":9,"maxScore":9,"error":0},"keyphraseLength":{"score":9,"maxScore":9,"error":0,"length":1},"keyphraseInIntroduction":{"score":3,"maxScore":9,"error":1},"keyphraseInImageAlt":{"score":9,"maxScore":9,"error":0},"keywordDensity":{"type":"best","score":9,"maxScore":9,"error":0}}},{"keyphrase":"Bi\u00f3logo","score":53,"analysis":{"keyphraseInDescription":{"score":9,"maxScore":9,"error":0},"keyphraseLength":{"score":9,"maxScore":9,"error":0,"length":2},"keyphraseInIntroduction":{"score":3,"maxScore":9,"error":1},"keyphraseInImageAlt":{"score":3,"maxScore":9,"error":1},"keywordDensity":{"score":0,"type":"low","maxScore":9,"error":1}}}]},"primary_term":null,"canonical_url":null,"og_title":null,"og_description":null,"og_object_type":"default","og_image_type":"default","og_image_url":null,"og_image_width":null,"og_image_height":null,"og_image_custom_url":null,"og_image_custom_fields":null,"og_video":"","og_custom_url":null,"og_article_section":null,"og_article_tags":null,"twitter_use_og":false,"twitter_card":"default","twitter_image_type":"default","twitter_image_url":null,"twitter_image_custom_url":null,"twitter_image_custom_fields":null,"twitter_title":null,"twitter_description":null,"schema":{"blockGraphs":[],"customGraphs":[],"default":{"data":{"Article":[],"Course":[],"Dataset":[],"FAQPage":[],"Movie":[],"Person":[],"Product":[],"ProductReview":[],"Car":[],"Recipe":[],"Service":[],"SoftwareApplication":[],"WebPage":[]},"graphName":"BlogPosting","isEnabled":true},"graphs":[]},"schema_type":"default","schema_type_options":null,"pillar_content":false,"robots_default":true,"robots_noindex":false,"robots_noarchive":false,"robots_nosnippet":false,"robots_nofollow":false,"robots_noimageindex":false,"robots_noodp":false,"robots_notranslate":false,"robots_max_snippet":"-1","robots_max_videopreview":"-1","robots_max_imagepreview":"large","priority":null,"frequency":"default","local_seo":null,"seo_analyzer_scan_date":"2025-10-09 02:05:11","breadcrumb_settings":null,"limit_modified_date":false,"reviewed_by":null,"open_ai":"{\"title\":{\"suggestions\":[],\"usage\":0},\"description\":{\"suggestions\":[],\"usage\":0}}","ai":null,"created":"2025-01-15 22:34:32","updated":"2026-02-04 19:57:24"},"aioseo_breadcrumb":"<div class=\"aioseo-breadcrumbs\"><span class=\"aioseo-breadcrumb\">\n\t<a href=\"https:\/\/soymigrante.com\/revista\" title=\"Home\">Home<\/a>\n<\/span><span class=\"aioseo-breadcrumb-separator\">\u00bb<\/span><span class=\"aioseo-breadcrumb\">\n\t<a href=\"https:\/\/soymigrante.com\/revista\/category\/estamos-unidos\/\" title=\"Estamos Unidos\">Estamos Unidos<\/a>\n<\/span><span class=\"aioseo-breadcrumb-separator\">\u00bb<\/span><span class=\"aioseo-breadcrumb\">\n\t\u00bfC\u00f3mo ha cambiado la vida del bi\u00f3logo migrante Ren\u00e9 Corado a 10 a\u00f1os de su libro El Lustrador?\n<\/span><\/div>","aioseo_breadcrumb_json":[{"label":"Home","link":"https:\/\/soymigrante.com\/revista"},{"label":"Estamos Unidos","link":"https:\/\/soymigrante.com\/revista\/category\/estamos-unidos\/"},{"label":"\u00bfC\u00f3mo ha cambiado la vida del bi\u00f3logo migrante Ren\u00e9 Corado a 10 a\u00f1os de su libro El Lustrador?","link":"https:\/\/soymigrante.com\/revista\/como-ha-cambiado-la-vida-del-biologo-migrante-rene-corado-a-10-anos-de-su-libro-el-lustrador\/"}],"_links":{"self":[{"href":"https:\/\/soymigrante.com\/revista\/wp-json\/wp\/v2\/posts\/21088","targetHints":{"allow":["GET"]}}],"collection":[{"href":"https:\/\/soymigrante.com\/revista\/wp-json\/wp\/v2\/posts"}],"about":[{"href":"https:\/\/soymigrante.com\/revista\/wp-json\/wp\/v2\/types\/post"}],"author":[{"embeddable":true,"href":"https:\/\/soymigrante.com\/revista\/wp-json\/wp\/v2\/users\/7"}],"replies":[{"embeddable":true,"href":"https:\/\/soymigrante.com\/revista\/wp-json\/wp\/v2\/comments?post=21088"}],"version-history":[{"count":0,"href":"https:\/\/soymigrante.com\/revista\/wp-json\/wp\/v2\/posts\/21088\/revisions"}],"wp:featuredmedia":[{"embeddable":true,"href":"https:\/\/soymigrante.com\/revista\/wp-json\/wp\/v2\/media\/21108"}],"wp:attachment":[{"href":"https:\/\/soymigrante.com\/revista\/wp-json\/wp\/v2\/media?parent=21088"}],"wp:term":[{"taxonomy":"category","embeddable":true,"href":"https:\/\/soymigrante.com\/revista\/wp-json\/wp\/v2\/categories?post=21088"},{"taxonomy":"post_tag","embeddable":true,"href":"https:\/\/soymigrante.com\/revista\/wp-json\/wp\/v2\/tags?post=21088"}],"curies":[{"name":"wp","href":"https:\/\/api.w.org\/{rel}","templated":true}]}}