{"id":21055,"date":"2025-02-18T12:24:47","date_gmt":"2025-02-18T18:24:47","guid":{"rendered":"https:\/\/soymigrante.com\/revista\/?p=21055"},"modified":"2025-02-18T12:24:47","modified_gmt":"2025-02-18T18:24:47","slug":"como-rige-el-calendario-solar-maya-haab-el-tiempo-de-la-naturaleza-y-la-persona","status":"publish","type":"post","link":"https:\/\/soymigrante.com\/revista\/como-rige-el-calendario-solar-maya-haab-el-tiempo-de-la-naturaleza-y-la-persona\/","title":{"rendered":"Este 18 de febrero es el primer d\u00eda del nuevo a\u00f1o maya Ha&#8217;ab"},"content":{"rendered":"\t\t<div data-elementor-type=\"wp-post\" data-elementor-id=\"21055\" class=\"elementor elementor-21055\" data-elementor-post-type=\"post\">\n\t\t\t\t<div data-particle_enable=\"false\" data-particle-mobile-disabled=\"false\" class=\"elementor-element elementor-element-f480d0b e-flex e-con-boxed e-con e-parent\" data-id=\"f480d0b\" data-element_type=\"container\" data-e-type=\"container\">\n\t\t\t\t\t<div class=\"e-con-inner\">\n\t\t\t\t<div class=\"elementor-element elementor-element-84521df elementor-widget elementor-widget-heading\" data-id=\"84521df\" data-element_type=\"widget\" data-e-type=\"widget\" data-widget_type=\"heading.default\">\n\t\t\t\t\t<h2 class=\"elementor-heading-title elementor-size-default\">A trav\u00e9s de su combinaci\u00f3n con el calendario sagrado lunar Cholq\u2019ij, el calendario solar Haab',  permite una visi\u00f3n integral del tiempo, entrelazando lo espiritual y la vida cotidiana. <\/h2>\t\t\t\t<\/div>\n\t\t\t\t\t<\/div>\n\t\t\t\t<\/div>\n\t\t<div data-particle_enable=\"false\" data-particle-mobile-disabled=\"false\" class=\"elementor-element elementor-element-23ad7c4 e-flex e-con-boxed e-con e-parent\" data-id=\"23ad7c4\" data-element_type=\"container\" data-e-type=\"container\">\n\t\t\t\t\t<div class=\"e-con-inner\">\n\t\t\t\t<div class=\"elementor-element elementor-element-a53f0cd elementor-widget elementor-widget-html\" data-id=\"a53f0cd\" data-element_type=\"widget\" data-e-type=\"widget\" data-widget_type=\"html.default\">\n\t\t\t\t\t<div id=\"buzzsprout-player-16473376\"><\/div><script src=\"https:\/\/www.buzzsprout.com\/2444168\/episodes\/16473376-cuantos-dias-tiene-el-calendario-maya-solar-haab.js?container_id=buzzsprout-player-16473376&player=small\" type=\"text\/javascript\" charset=\"utf-8\"><\/script>\t\t\t\t<\/div>\n\t\t\t\t<div class=\"elementor-element elementor-element-56953de elementor-widget elementor-widget-text-editor\" data-id=\"56953de\" data-element_type=\"widget\" data-e-type=\"widget\" data-widget_type=\"text-editor.default\">\n\t\t\t\t\t\t\t\t\t<p>El Haab&#8217;, el calendario solar de los mayas, es mucho m\u00e1s que una herramienta de medici\u00f3n del tiempo. Con sus 365 d\u00edas organizados en 18 meses de 20 d\u00edas (360 d\u00edas) m\u00e1s un per\u00edodo especial sagrado de 5 d\u00edas, contin\u00faa marcando ciclos agr\u00edcolas y ceremoniales del pueblo maya de Guatemala, demostrando la conexi\u00f3n \u00fanica\u00a0<a href=\"https:\/\/soymigrante.com\/revista\/uaxactun-el-legado-astronomico-y-cultural-de-los-mayas-en-el-corazon-del-peten\/\" target=\"_blank\" rel=\"noopener\">de esta civilizaci\u00f3n<\/a>\u00a0con la naturaleza.\u00a0<\/p><p>Este calendario est\u00e1 en completa armon\u00eda con la cuenta lunar del Cholq&#8217;ij. De hecho este c\u00e1lcuo del tiempo maya es el m\u00e1s exacto del mundo, Su c\u00e1lculo difiere del calendario gregoriano, actualmente vigente en todo el mundo, por eso te presentamos la fecha en la cual iniciar\u00e1 el mes sagrado Wayeb y el nuevo a\u00f1o.<\/p>\t\t\t\t\t\t\t\t<\/div>\n\t\t\t\t\t<\/div>\n\t\t\t\t<\/div>\n\t\t<div data-particle_enable=\"false\" data-particle-mobile-disabled=\"false\" class=\"elementor-element elementor-element-375026d e-flex e-con-boxed e-con e-parent\" data-id=\"375026d\" data-element_type=\"container\" data-e-type=\"container\">\n\t\t\t\t\t<div class=\"e-con-inner\">\n\t\t\t\t<div class=\"elementor-element elementor-element-d34667b elementor-widget elementor-widget-video\" data-id=\"d34667b\" data-element_type=\"widget\" data-e-type=\"widget\" data-settings=\"{&quot;youtube_url&quot;:&quot;https:\\\/\\\/www.youtube.com\\\/watch?v=XLJGdyOcC8I&quot;,&quot;video_type&quot;:&quot;youtube&quot;,&quot;controls&quot;:&quot;yes&quot;}\" data-widget_type=\"video.default\">\n\t\t\t\t\t\t\t<div class=\"elementor-wrapper elementor-open-inline\">\n\t\t\t<div class=\"elementor-video\"><\/div>\t\t<\/div>\n\t\t\t\t\t\t<\/div>\n\t\t\t\t\t<\/div>\n\t\t\t\t<\/div>\n\t\t<div data-particle_enable=\"false\" data-particle-mobile-disabled=\"false\" class=\"elementor-element elementor-element-9bc8d52 e-flex e-con-boxed e-con e-parent\" data-id=\"9bc8d52\" data-element_type=\"container\" data-e-type=\"container\">\n\t\t\t\t\t<div class=\"e-con-inner\">\n\t\t\t\t<div class=\"elementor-element elementor-element-050a7b8 elementor-widget elementor-widget-heading\" data-id=\"050a7b8\" data-element_type=\"widget\" data-e-type=\"widget\" data-widget_type=\"heading.default\">\n\t\t\t\t\t<h3 class=\"elementor-heading-title elementor-size-default\">\u00bfQu\u00e9 significa el Haab' en el calendario maya?\n<\/h3>\t\t\t\t<\/div>\n\t\t\t\t\t<\/div>\n\t\t\t\t<\/div>\n\t\t<div data-particle_enable=\"false\" data-particle-mobile-disabled=\"false\" class=\"elementor-element elementor-element-266a280 e-flex e-con-boxed e-con e-parent\" data-id=\"266a280\" data-element_type=\"container\" data-e-type=\"container\">\n\t\t\t\t\t<div class=\"e-con-inner\">\n\t\t\t\t<div class=\"elementor-element elementor-element-6c70e2d elementor-widget elementor-widget-text-editor\" data-id=\"6c70e2d\" data-element_type=\"widget\" data-e-type=\"widget\" data-widget_type=\"text-editor.default\">\n\t\t\t\t\t\t\t\t\t<p>El Haab&#8217; es el calendario solar\u00a0<a href=\"https:\/\/soymigrante.com\/revista\/cuando-es-el-ano-nuevo-del-calendario-maya-lunar-cholqij\/\" target=\"_blank\" rel=\"noopener\">de la civilizaci\u00f3n maya\u00a0<\/a>y se utilizaba para marcar los ciclos agr\u00edcolas y las estaciones del a\u00f1o. Su nombre significa &#8220;a\u00f1o&#8221; en lengua maya y refleja la conexi\u00f3n directa entre los mayas y los ciclos naturales de la Tierra, especialmente en relaci\u00f3n con la agricultura.\u00a0<\/p><p>A trav\u00e9s del Haab&#8217;, los mayas organizaban su vida agr\u00edcola, ceremonial y administrativa, sincroniz\u00e1ndose con las estaciones y las lluvias necesarias<a href=\"https:\/\/soymigrante.com\/revista\/evita-llevar-estas-frutas-si-viajas-a-usa-hay-restricciones\/\"> para sus cultivos.<\/a><\/p>\t\t\t\t\t\t\t\t<\/div>\n\t\t\t\t\t<\/div>\n\t\t\t\t<\/div>\n\t\t<div data-particle_enable=\"false\" data-particle-mobile-disabled=\"false\" class=\"elementor-element elementor-element-3ce5714 e-flex e-con-boxed e-con e-parent\" data-id=\"3ce5714\" data-element_type=\"container\" data-e-type=\"container\">\n\t\t\t\t\t<div class=\"e-con-inner\">\n\t\t\t\t<div class=\"elementor-element elementor-element-1855c32 elementor-widget elementor-widget-image\" data-id=\"1855c32\" data-element_type=\"widget\" data-e-type=\"widget\" data-widget_type=\"image.default\">\n\t\t\t\t\t\t\t\t\t\t\t\t<figure class=\"wp-caption\">\n\t\t\t\t\t\t\t\t\t\t<img fetchpriority=\"high\" decoding=\"async\" width=\"408\" height=\"388\" src=\"https:\/\/soymigrante.com\/revista\/wp-content\/uploads\/2025\/01\/calendario-haab.webp\" class=\"attachment-large size-large wp-image-21074\" alt=\"Estera Yax Tormenta Verde, mujer con estera y s\u00edmbolo de tormenta en la naturaleza.\" srcset=\"https:\/\/soymigrante.com\/revista\/wp-content\/uploads\/2025\/01\/calendario-haab.webp 408w, https:\/\/soymigrante.com\/revista\/wp-content\/uploads\/2025\/01\/calendario-haab-300x285.jpg 300w\" sizes=\"(max-width: 408px) 100vw, 408px\" title=\"calendario haab \u2013 SoyMigrante.com REVISTA\" \/>\t\t\t\t\t\t\t\t\t\t\t<figcaption class=\"widget-image-caption wp-caption-text\">Revista SoyMigrante.com destaca temas culturales, sociales y migratorios en su edici\u00f3n actual.<\/figcaption>\n\t\t\t\t\t\t\t\t\t\t<\/figure>\n\t\t\t\t\t\t\t\t\t<\/div>\n\t\t\t\t\t<\/div>\n\t\t\t\t<\/div>\n\t\t<div data-particle_enable=\"false\" data-particle-mobile-disabled=\"false\" class=\"elementor-element elementor-element-61044a5 e-flex e-con-boxed e-con e-parent\" data-id=\"61044a5\" data-element_type=\"container\" data-e-type=\"container\">\n\t\t\t\t\t<div class=\"e-con-inner\">\n\t\t\t\t<div class=\"elementor-element elementor-element-9c86baa elementor-widget elementor-widget-heading\" data-id=\"9c86baa\" data-element_type=\"widget\" data-e-type=\"widget\" data-widget_type=\"heading.default\">\n\t\t\t\t\t<h3 class=\"elementor-heading-title elementor-size-default\">\u00bfC\u00f3mo est\u00e1 compuesto el calendario maya Haab'?\n\n<\/h3>\t\t\t\t<\/div>\n\t\t\t\t\t<\/div>\n\t\t\t\t<\/div>\n\t\t<div data-particle_enable=\"false\" data-particle-mobile-disabled=\"false\" class=\"elementor-element elementor-element-49a1e9d e-flex e-con-boxed e-con e-parent\" data-id=\"49a1e9d\" data-element_type=\"container\" data-e-type=\"container\">\n\t\t\t\t\t<div class=\"e-con-inner\">\n\t\t\t\t<div class=\"elementor-element elementor-element-ff61795 elementor-widget elementor-widget-text-editor\" data-id=\"ff61795\" data-element_type=\"widget\" data-e-type=\"widget\" data-widget_type=\"text-editor.default\">\n\t\t\t\t\t\t\t\t\t<p>El Haab&#8217; est\u00e1 compuesto por 365 d\u00edas, divididos en 18 meses de 20 d\u00edas cada uno, m\u00e1s un per\u00edodo adicional de 5 d\u00edas conocido como Wayeb&#8217;. Estos \u00faltimos son considerados d\u00edas &#8220;fuera del tiempo&#8221;, asociados con la introspecci\u00f3n, la meditaci\u00f3n y los rituales para atraer la protecci\u00f3n de las deidades.<\/p><p>Cada mes del Haab&#8217; ten\u00eda un nombre espec\u00edfico y un orden \u00fanico que gu\u00eda las actividades sociales y\u00a0<a style=\"text-align: var(--text-align);\" href=\"https:\/\/soymigrante.com\/revista\/atoles-ancestrales-chilate-de-rabinal-bebida-ceremonial-que-enlaza-tradicion-y-fe\/\" target=\"_blank\" rel=\"noopener\">ceremoniales.<\/a><\/p>\t\t\t\t\t\t\t\t<\/div>\n\t\t\t\t\t<\/div>\n\t\t\t\t<\/div>\n\t\t<div data-particle_enable=\"false\" data-particle-mobile-disabled=\"false\" class=\"elementor-element elementor-element-c782ba8 e-flex e-con-boxed e-con e-parent\" data-id=\"c782ba8\" data-element_type=\"container\" data-e-type=\"container\">\n\t\t\t\t\t<div class=\"e-con-inner\">\n\t\t\t\t<div class=\"elementor-element elementor-element-0e394c1 elementor-widget elementor-widget-video\" data-id=\"0e394c1\" data-element_type=\"widget\" data-e-type=\"widget\" data-settings=\"{&quot;youtube_url&quot;:&quot;https:\\\/\\\/www.youtube.com\\\/watch?v=85NWP_pzALw&quot;,&quot;video_type&quot;:&quot;youtube&quot;,&quot;controls&quot;:&quot;yes&quot;}\" data-widget_type=\"video.default\">\n\t\t\t\t\t\t\t<div class=\"elementor-wrapper elementor-open-inline\">\n\t\t\t<div class=\"elementor-video\"><\/div>\t\t<\/div>\n\t\t\t\t\t\t<\/div>\n\t\t\t\t\t<\/div>\n\t\t\t\t<\/div>\n\t\t<div data-particle_enable=\"false\" data-particle-mobile-disabled=\"false\" class=\"elementor-element elementor-element-db77b6c e-flex e-con-boxed e-con e-parent\" data-id=\"db77b6c\" data-element_type=\"container\" data-e-type=\"container\">\n\t\t\t\t\t<div class=\"e-con-inner\">\n\t\t\t\t<div class=\"elementor-element elementor-element-13a8a47 elementor-widget elementor-widget-heading\" data-id=\"13a8a47\" data-element_type=\"widget\" data-e-type=\"widget\" data-widget_type=\"heading.default\">\n\t\t\t\t\t<h3 class=\"elementor-heading-title elementor-size-default\">\u00bfCu\u00e1ndo es el per\u00edodo sagrado de 5 d\u00edas o Wayeb?<\/h3>\t\t\t\t<\/div>\n\t\t\t\t\t<\/div>\n\t\t\t\t<\/div>\n\t\t<div data-particle_enable=\"false\" data-particle-mobile-disabled=\"false\" class=\"elementor-element elementor-element-d4c3126 e-flex e-con-boxed e-con e-parent\" data-id=\"d4c3126\" data-element_type=\"container\" data-e-type=\"container\">\n\t\t\t\t\t<div class=\"e-con-inner\">\n\t\t\t\t<div class=\"elementor-element elementor-element-4e56e47 elementor-widget elementor-widget-text-editor\" data-id=\"4e56e47\" data-element_type=\"widget\" data-e-type=\"widget\" data-widget_type=\"text-editor.default\">\n\t\t\t\t\t\t\t\t\t<p>El Wayeb&#8217; es un per\u00edodo especial de reflexi\u00f3n y meditaci\u00f3n, que marca el fin e inicio de un nuevo ciclo en el calendario maya solar Haab&#8217;. En su equivalencia con el calendario gregoriano, este 2025, el Wayeb&#8217;&nbsp; comenzar\u00e1 el 13 de febrero de 2025 y durar\u00e1 hasta el 17 de febrero de 2025.<\/p><p>El 18 de febrero de 2025 ser\u00e1 el inicio de un nuevo a\u00f1o maya solar del calendario Ha&#8217;ab.<\/p>\t\t\t\t\t\t\t\t<\/div>\n\t\t\t\t\t<\/div>\n\t\t\t\t<\/div>\n\t\t<div data-particle_enable=\"false\" data-particle-mobile-disabled=\"false\" class=\"elementor-element elementor-element-581d4fa e-flex e-con-boxed e-con e-parent\" data-id=\"581d4fa\" data-element_type=\"container\" data-e-type=\"container\">\n\t\t\t\t\t<div class=\"e-con-inner\">\n\t\t\t\t<div class=\"elementor-element elementor-element-632b57d elementor--h-position-center elementor--v-position-middle elementor-widget elementor-widget-slides\" data-id=\"632b57d\" data-element_type=\"widget\" data-e-type=\"widget\" data-settings=\"{&quot;navigation&quot;:&quot;none&quot;,&quot;transition&quot;:&quot;fade&quot;,&quot;infinite&quot;:&quot;yes&quot;,&quot;transition_speed&quot;:500}\" data-widget_type=\"slides.default\">\n\t\t\t\t\t\t\t\t\t\t<div class=\"elementor-slides-wrapper elementor-main-swiper swiper\" role=\"region\" aria-roledescription=\"carousel\" aria-label=\"Diapositivas\" dir=\"ltr\" data-animation=\"fadeInLeft\">\n\t\t\t\t<div class=\"swiper-wrapper elementor-slides\">\n\t\t\t\t\t\t\t\t\t\t<div class=\"elementor-repeater-item-0b4da0c swiper-slide\" role=\"group\" aria-roledescription=\"slide\"><div class=\"swiper-slide-bg elementor-ken-burns elementor-ken-burns--out\" role=\"img\" aria-label=\"Arte y cultura prehisp\u00e1nica de M\u00e9xico en el relieve de una piedra con grabados mayas y mexicas.\"><\/div><a class=\"swiper-slide-inner\" href=\"https:\/\/maya.nmai.si.edu\/es\/calendario\/convertidor-de-calendario-maya\" target=\"_blank\"><div class=\"swiper-slide-contents\"><div class=\"elementor-slide-heading\">Conoce la fecha equivalente de tu cumplea\u00f1os en el sistema calend\u00e1rico maya<\/div><div  class=\"elementor-button elementor-slide-button elementor-size-md\">CLIC AQUI<\/div><\/div><\/a><\/div>\t\t\t\t<\/div>\n\t\t\t\t\t\t\t<\/div>\n\t\t\t\t\t\t\t\t<\/div>\n\t\t\t\t\t<\/div>\n\t\t\t\t<\/div>\n\t\t<div data-particle_enable=\"false\" data-particle-mobile-disabled=\"false\" class=\"elementor-element elementor-element-1738f1e e-flex e-con-boxed e-con e-parent\" data-id=\"1738f1e\" data-element_type=\"container\" data-e-type=\"container\">\n\t\t\t\t\t<div class=\"e-con-inner\">\n\t\t\t\t<div class=\"elementor-element elementor-element-684fcde elementor-widget elementor-widget-heading\" data-id=\"684fcde\" data-element_type=\"widget\" data-e-type=\"widget\" data-widget_type=\"heading.default\">\n\t\t\t\t\t<h3 class=\"elementor-heading-title elementor-size-default\">\u00bfC\u00f3mo combinaban los mayas el uso del calendario Haab' en su vida cotidiana?\n\n<\/h3>\t\t\t\t<\/div>\n\t\t\t\t\t<\/div>\n\t\t\t\t<\/div>\n\t\t<div data-particle_enable=\"false\" data-particle-mobile-disabled=\"false\" class=\"elementor-element elementor-element-33001fa e-flex e-con-boxed e-con e-parent\" data-id=\"33001fa\" data-element_type=\"container\" data-e-type=\"container\">\n\t\t\t\t\t<div class=\"e-con-inner\">\n\t\t\t\t<div class=\"elementor-element elementor-element-e9474a0 elementor-widget elementor-widget-text-editor\" data-id=\"e9474a0\" data-element_type=\"widget\" data-e-type=\"widget\" data-widget_type=\"text-editor.default\">\n\t\t\t\t\t\t\t\t\t<p>Los mayas utilizaban el Haab&#8217; para regular actividades como la siembra, la cosecha y la planificaci\u00f3n de ceremonias relacionadas con las estaciones. Cada mes representaba un per\u00edodo clave en el ciclo agr\u00edcola y social.\u00a0<\/p><p>Al combinarlo con el Cholq\u2019ij, obten\u00edan una sincronizaci\u00f3n entre los aspectos espirituales y pr\u00e1cticos de su existencia, integrando los tiempos ceremoniales<a href=\"https:\/\/soymigrante.com\/revista\/cultivo-de-rosa-de-jamaica-en-guatemala-tiene-mas-de-cuatro-siglos\/\" target=\"_blank\" rel=\"noopener\"> con las labores agr\u00edcolas<\/a>\u00a0y la vida comunitaria.<\/p><h6><em>Con informaci\u00f3n de\u00a0maya.nmai.si.edu<\/em><\/h6>\t\t\t\t\t\t\t\t<\/div>\n\t\t\t\t\t<\/div>\n\t\t\t\t<\/div>\n\t\t<div data-particle_enable=\"false\" data-particle-mobile-disabled=\"false\" class=\"elementor-element elementor-element-4e5c6e4 e-flex e-con-boxed e-con e-parent\" data-id=\"4e5c6e4\" data-element_type=\"container\" data-e-type=\"container\">\n\t\t\t\t\t<div class=\"e-con-inner\">\n\t\t\t\t<div class=\"elementor-element elementor-element-b366bba elementor-widget elementor-widget-video\" data-id=\"b366bba\" data-element_type=\"widget\" data-e-type=\"widget\" data-settings=\"{&quot;youtube_url&quot;:&quot;https:\\\/\\\/www.youtube.com\\\/watch?v=gbq9CSBZgDE&quot;,&quot;video_type&quot;:&quot;youtube&quot;,&quot;controls&quot;:&quot;yes&quot;}\" data-widget_type=\"video.default\">\n\t\t\t\t\t\t\t<div class=\"elementor-wrapper elementor-open-inline\">\n\t\t\t<div class=\"elementor-video\"><\/div>\t\t<\/div>\n\t\t\t\t\t\t<\/div>\n\t\t\t\t\t<\/div>\n\t\t\t\t<\/div>\n\t\t<div data-particle_enable=\"false\" data-particle-mobile-disabled=\"false\" class=\"elementor-element elementor-element-4ac72fd e-flex e-con-boxed e-con e-parent\" data-id=\"4ac72fd\" data-element_type=\"container\" data-e-type=\"container\">\n\t\t\t\t\t<div class=\"e-con-inner\">\n\t\t\t\t<div class=\"elementor-element elementor-element-bc12cea elementor-widget elementor-widget-heading\" data-id=\"bc12cea\" data-element_type=\"widget\" data-e-type=\"widget\" data-widget_type=\"heading.default\">\n\t\t\t\t\t<h2 class=\"elementor-heading-title elementor-size-default\">Riqueza multicultural ancestral de Guatemala<\/h2>\t\t\t\t<\/div>\n\t\t\t\t\t<\/div>\n\t\t\t\t<\/div>\n\t\t<div data-particle_enable=\"false\" data-particle-mobile-disabled=\"false\" class=\"elementor-element elementor-element-f6cde19 e-flex e-con-boxed e-con e-parent\" data-id=\"f6cde19\" data-element_type=\"container\" data-e-type=\"container\">\n\t\t\t\t\t<div class=\"e-con-inner\">\n\t\t\t\t<div class=\"elementor-element elementor-element-3c66de9 elementor-grid-eael-col-3 elementor-grid-tablet-eael-col-2 elementor-grid-mobile-eael-col-1 elementor-widget elementor-widget-eael-post-grid\" data-id=\"3c66de9\" data-element_type=\"widget\" data-e-type=\"widget\" data-settings=\"{&quot;eael_post_grid_columns&quot;:&quot;eael-col-3&quot;,&quot;eael_post_grid_columns_tablet&quot;:&quot;eael-col-2&quot;,&quot;eael_post_grid_columns_mobile&quot;:&quot;eael-col-1&quot;}\" data-widget_type=\"eael-post-grid.default\">\n\t\t\t\t\t<div id=\"eael-post-grid-3c66de9\" class=\"eael-post-grid-container\">\n            <div class=\"eael-post-grid eael-post-appender eael-post-appender-3c66de9 eael-post-grid-style-one\" data-layout-mode=\"masonry\"><article class=\"eael-grid-post  eael-post-grid-column eael-pg-post-9323 category-pueblos-de-guatemala\" data-id=\"9323\">\n        <div class=\"eael-grid-post-holder\">\n            <div class=\"eael-grid-post-holder-inner\"><div class=\"eael-entry-media\"><div class=\"eael-entry-overlay fade-in\"><i class=\"far fa-hand-pointer\" aria-hidden=\"true\"><\/i><a href=\"https:\/\/soymigrante.com\/revista\/el-idioma-del-pueblo-sipakapense-fue-reconocido-hasta-1987\/\"><\/a><\/div><div class=\"eael-entry-thumbnail \">\n                <img decoding=\"async\" width=\"703\" height=\"703\" src=\"https:\/\/soymigrante.com\/revista\/wp-content\/uploads\/2024\/09\/producciones-ixchel.webp\" class=\"attachment-large size-large wp-image-9324\" alt=\"Orgullosa mujer ind\u00edgena en vestimenta tradicional con banda que dice &quot;Soy Migrante&quot; en evento cultural.\" srcset=\"https:\/\/soymigrante.com\/revista\/wp-content\/uploads\/2024\/09\/producciones-ixchel.webp 703w, https:\/\/soymigrante.com\/revista\/wp-content\/uploads\/2024\/09\/producciones-ixchel-300x300.webp 300w, https:\/\/soymigrante.com\/revista\/wp-content\/uploads\/2024\/09\/producciones-ixchel-150x150.webp 150w, https:\/\/soymigrante.com\/revista\/wp-content\/uploads\/2024\/09\/producciones-ixchel-75x75.webp 75w\" sizes=\"(max-width: 703px) 100vw, 703px\" \/>\n            <\/div>\n        <\/div><div class=\"eael-entry-wrapper\"><header class=\"eael-entry-header\"><h2 class=\"eael-entry-title\"><a class=\"eael-grid-post-link\" href=\"https:\/\/soymigrante.com\/revista\/el-idioma-del-pueblo-sipakapense-fue-reconocido-hasta-1987\/\" title=\"El idioma del Pueblo Sipakapense fue reconocido hasta 1987\">El idioma del Pueblo Sipakapense fue reconocido hasta 1987<\/a><\/h2><\/header><div class=\"eael-entry-content\">\n                        <div class=\"eael-grid-post-excerpt\"><a href=\"https:\/\/soymigrante.com\/revista\/el-idioma-del-pueblo-sipakapense-fue-reconocido-hasta-1987\/\" class=\"eael-post-elements-readmore-btn\">CONOCE SU HISTORIA <\/a><\/div>\n                    <\/div><\/div><\/div>\n        <\/div>\n    <\/article><article class=\"eael-grid-post  eael-post-grid-column eael-pg-post-8770 category-pueblos-de-guatemala\" data-id=\"8770\">\n        <div class=\"eael-grid-post-holder\">\n            <div class=\"eael-grid-post-holder-inner\"><div class=\"eael-entry-media\"><div class=\"eael-entry-overlay fade-in\"><i class=\"far fa-hand-pointer\" aria-hidden=\"true\"><\/i><a href=\"https:\/\/soymigrante.com\/revista\/el-itza-es-el-idioma-maya-que-lucha-por-sobrevivir\/\"><\/a><\/div><div class=\"eael-entry-thumbnail \">\n                <img decoding=\"async\" width=\"1024\" height=\"1024\" src=\"https:\/\/soymigrante.com\/revista\/wp-content\/uploads\/2024\/09\/maya-itza-1024x1024.webp\" class=\"attachment-large size-large wp-image-8771\" alt=\"El Itza&#039; es el idioma maya que lucha por sobrevivir\" srcset=\"https:\/\/soymigrante.com\/revista\/wp-content\/uploads\/2024\/09\/maya-itza-1024x1024.webp 1024w, https:\/\/soymigrante.com\/revista\/wp-content\/uploads\/2024\/09\/maya-itza-300x300.webp 300w, https:\/\/soymigrante.com\/revista\/wp-content\/uploads\/2024\/09\/maya-itza-150x150.webp 150w, https:\/\/soymigrante.com\/revista\/wp-content\/uploads\/2024\/09\/maya-itza-768x768.webp 768w, https:\/\/soymigrante.com\/revista\/wp-content\/uploads\/2024\/09\/maya-itza-75x75.webp 75w, https:\/\/soymigrante.com\/revista\/wp-content\/uploads\/2024\/09\/maya-itza-750x750.webp 750w, https:\/\/soymigrante.com\/revista\/wp-content\/uploads\/2024\/09\/maya-itza-1140x1140.webp 1140w, https:\/\/soymigrante.com\/revista\/wp-content\/uploads\/2024\/09\/maya-itza.webp 1365w\" sizes=\"(max-width: 1024px) 100vw, 1024px\" \/>\n            <\/div>\n        <\/div><div class=\"eael-entry-wrapper\"><header class=\"eael-entry-header\"><h2 class=\"eael-entry-title\"><a class=\"eael-grid-post-link\" href=\"https:\/\/soymigrante.com\/revista\/el-itza-es-el-idioma-maya-que-lucha-por-sobrevivir\/\" title=\"El Itza&#8217; es el idioma maya que lucha por sobrevivir\">El Itza&#8217; es el idioma maya que lucha por sobrevivir<\/a><\/h2><\/header><div class=\"eael-entry-content\">\n                        <div class=\"eael-grid-post-excerpt\"><a href=\"https:\/\/soymigrante.com\/revista\/el-itza-es-el-idioma-maya-que-lucha-por-sobrevivir\/\" class=\"eael-post-elements-readmore-btn\">CONOCE SU HISTORIA <\/a><\/div>\n                    <\/div><\/div><\/div>\n        <\/div>\n    <\/article><article class=\"eael-grid-post  eael-post-grid-column eael-pg-post-8529 category-pueblos-de-guatemala\" data-id=\"8529\">\n        <div class=\"eael-grid-post-holder\">\n            <div class=\"eael-grid-post-holder-inner\"><div class=\"eael-entry-media\"><div class=\"eael-entry-overlay fade-in\"><i class=\"far fa-hand-pointer\" aria-hidden=\"true\"><\/i><a href=\"https:\/\/soymigrante.com\/revista\/etnias-de-guatemala-los-achi\/\"><\/a><\/div><div class=\"eael-entry-thumbnail \">\n                <img loading=\"lazy\" decoding=\"async\" width=\"1024\" height=\"1024\" src=\"https:\/\/soymigrante.com\/revista\/wp-content\/uploads\/2024\/08\/Achi-14-La-Conquista-e1724976866589-1024x1024.webp\" class=\"attachment-large size-large wp-image-8530\" alt=\"La danza de la Conquista de Rabina Baja Verapaz es una de las expresiones tradicionales del pueblo maya Achi\" srcset=\"https:\/\/soymigrante.com\/revista\/wp-content\/uploads\/2024\/08\/Achi-14-La-Conquista-e1724976866589-1024x1024.webp 1024w, https:\/\/soymigrante.com\/revista\/wp-content\/uploads\/2024\/08\/Achi-14-La-Conquista-e1724976866589-300x300.webp 300w, https:\/\/soymigrante.com\/revista\/wp-content\/uploads\/2024\/08\/Achi-14-La-Conquista-e1724976866589-150x150.webp 150w, https:\/\/soymigrante.com\/revista\/wp-content\/uploads\/2024\/08\/Achi-14-La-Conquista-e1724976866589-768x768.webp 768w, https:\/\/soymigrante.com\/revista\/wp-content\/uploads\/2024\/08\/Achi-14-La-Conquista-e1724976866589-75x75.webp 75w, https:\/\/soymigrante.com\/revista\/wp-content\/uploads\/2024\/08\/Achi-14-La-Conquista-e1724976866589-750x750.webp 750w, https:\/\/soymigrante.com\/revista\/wp-content\/uploads\/2024\/08\/Achi-14-La-Conquista-e1724976866589-1140x1140.webp 1140w, https:\/\/soymigrante.com\/revista\/wp-content\/uploads\/2024\/08\/Achi-14-La-Conquista-e1724976866589.webp 1280w\" sizes=\"(max-width: 1024px) 100vw, 1024px\" \/>\n            <\/div>\n        <\/div><div class=\"eael-entry-wrapper\"><header class=\"eael-entry-header\"><h2 class=\"eael-entry-title\"><a class=\"eael-grid-post-link\" href=\"https:\/\/soymigrante.com\/revista\/etnias-de-guatemala-los-achi\/\" title=\"El pueblo Achi&#8217; es descendiente de los se\u00f1ores Rabinaleb\">El pueblo Achi&#8217; es descendiente de los se\u00f1ores Rabinaleb<\/a><\/h2><\/header><div class=\"eael-entry-content\">\n                        <div class=\"eael-grid-post-excerpt\"><a href=\"https:\/\/soymigrante.com\/revista\/etnias-de-guatemala-los-achi\/\" class=\"eael-post-elements-readmore-btn\">CONOCE SU HISTORIA <\/a><\/div>\n                    <\/div><\/div><\/div>\n        <\/div>\n    <\/article><\/div>\n            <div class=\"clearfix\"><\/div>\n        <\/div>            <div class=\"eael-load-more-button-wrap eael-force-hide\">\n                <button class=\"eael-load-more-button\" id=\"eael-load-more-btn-3c66de9\" data-widget-id=\"3c66de9\" data-widget=\"3c66de9\" data-page-id=\"21055\" data-template=\"{&quot;dir&quot;:&quot;lite&quot;,&quot;file_name&quot;:&quot;one.php&quot;,&quot;name&quot;:&quot;Post-Grid&quot;}\" data-class=\"Essential_Addons_Elementor\\Elements\\Post_Grid\" data-layout=\"masonry\" data-page=\"1\" data-args=\"orderby=title&amp;order=asc&amp;ignore_sticky_posts=1&amp;post_status=publish&amp;posts_per_page=3&amp;offset=0&amp;post_type=post&amp;tax_query%5B0%5D%5Btaxonomy%5D=category&amp;tax_query%5B0%5D%5Bfield%5D=term_id&amp;tax_query%5B0%5D%5Bterms%5D%5B0%5D=125&amp;tax_query%5Brelation%5D=AND\" data-max-page=\"9\">\n                    <span class=\"eael-btn-loader button__loader\"><\/span>\n                    <span class=\"eael_load_more_text\">Load More<\/span>\n                <\/button>\n            <\/div>\n            \t\t\t\t<\/div>\n\t\t\t\t\t<\/div>\n\t\t\t\t<\/div>\n\t\t\t\t<\/div>\n\t\t","protected":false},"excerpt":{"rendered":"<p>A trav\u00e9s de su combinaci\u00f3n con el calendario sagrado lunar Cholq\u2019ij, el calendario solar Haab&#8217;, permite una visi\u00f3n integral del tiempo, entrelazando lo espiritual y la vida cotidiana. El Haab&#8217;, el calendario solar de los mayas, es mucho m\u00e1s que una herramienta de medici\u00f3n del tiempo. Con sus 365 d\u00edas organizados en 18 meses de [&hellip;]<\/p>\n","protected":false},"author":23,"featured_media":21211,"comment_status":"open","ping_status":"open","sticky":false,"template":"","format":"standard","meta":{"_acf_changed":false,"_eb_attr":"","footnotes":""},"categories":[58],"tags":[],"class_list":["post-21055","post","type-post","status-publish","format-standard","has-post-thumbnail","hentry","category-guate-nuestra"],"acf":[],"aioseo_notices":[],"aioseo_head":"\n\t\t<!-- All in One SEO Pro 4.9.6.2 - aioseo.com -->\n\t<meta name=\"description\" content=\"Descendientes de los antiguos Rabinaleb, tambi\u00e9n conocidos como k&#039;iche&#039; ach\u00ed, son una etnia maya guatemalteca de profundas ra\u00edces hist\u00f3ricas en Baja Verapaz.\" \/>\n\t<meta name=\"robots\" content=\"max-snippet:-1, max-image-preview:large, max-video-preview:-1\" \/>\n\t<meta name=\"author\" content=\"Edwin Castro\"\/>\n\t<link rel=\"canonical\" href=\"https:\/\/soymigrante.com\/revista\/etnias-de-guatemala-los-achi\/\" \/>\n\t<meta name=\"generator\" content=\"All in One SEO Pro (AIOSEO) 4.9.6.2\" \/>\n\n\t\t<link rel=\"preconnect\" href=\"https:\/\/fonts.googleapis.com\" crossorigin>\n<link rel=\"preconnect\" href=\"https:\/\/fonts.gstatic.com\" crossorigin>\n\t\t<meta property=\"og:locale\" content=\"es_ES\" \/>\n\t\t<meta property=\"og:site_name\" content=\"SoyMigrante.com REVISTA \u2013 Nuestra misi\u00f3n es reconocer y dignificar al migrante.\" \/>\n\t\t<meta property=\"og:type\" content=\"article\" \/>\n\t\t<meta property=\"og:title\" content=\"El pueblo Achi\u2019 es descendiente de los se\u00f1ores Rabinaleb\" \/>\n\t\t<meta property=\"og:description\" content=\"Descendientes de los antiguos Rabinaleb, tambi\u00e9n conocidos como k&#039;iche&#039; ach\u00ed, son una etnia maya guatemalteca de profundas ra\u00edces hist\u00f3ricas en Baja Verapaz.\" \/>\n\t\t<meta property=\"og:url\" content=\"https:\/\/soymigrante.com\/revista\/etnias-de-guatemala-los-achi\/\" \/>\n\t\t<meta property=\"og:image\" content=\"https:\/\/soymigrante.com\/revista\/wp-content\/uploads\/2024\/08\/Achi-14-La-Conquista-e1724976866589.webp\" \/>\n\t\t<meta property=\"og:image:secure_url\" content=\"https:\/\/soymigrante.com\/revista\/wp-content\/uploads\/2024\/08\/Achi-14-La-Conquista-e1724976866589.webp\" \/>\n\t\t<meta property=\"og:image:width\" content=\"1280\" \/>\n\t\t<meta property=\"og:image:height\" content=\"1280\" \/>\n\t\t<meta property=\"article:published_time\" content=\"2024-09-20T17:25:32+00:00\" \/>\n\t\t<meta property=\"article:modified_time\" content=\"2025-09-17T23:34:55+00:00\" \/>\n\t\t<meta property=\"article:publisher\" content=\"https:\/\/www.facebook.com\/soymigrantecom\" \/>\n\t\t<meta name=\"twitter:card\" content=\"summary_large_image\" \/>\n\t\t<meta name=\"twitter:site\" content=\"@SoyMigrante_com\" \/>\n\t\t<meta name=\"twitter:title\" content=\"El pueblo Achi\u2019 es descendiente de los se\u00f1ores Rabinaleb\" \/>\n\t\t<meta name=\"twitter:description\" content=\"Descendientes de los antiguos Rabinaleb, tambi\u00e9n conocidos como k&#039;iche&#039; ach\u00ed, son una etnia maya guatemalteca de profundas ra\u00edces hist\u00f3ricas en Baja Verapaz.\" \/>\n\t\t<meta name=\"twitter:creator\" content=\"@SoyMigrante_com\" \/>\n\t\t<meta name=\"twitter:image\" content=\"https:\/\/soymigrante.com\/revista\/wp-content\/uploads\/2024\/08\/Achi-14-La-Conquista-e1724976866589.webp\" \/>\n\t\t<!-- All in One SEO Pro -->\r\n\t\t<title>El pueblo Achi\u2019 es descendiente de los se\u00f1ores Rabinaleb<\/title>\n\n","aioseo_head_json":{"title":"El pueblo Achi\u2019 es descendiente de los se\u00f1ores Rabinaleb","description":"Descendientes de los antiguos Rabinaleb, tambi\u00e9n conocidos como k'iche' ach\u00ed, son una etnia maya guatemalteca de profundas ra\u00edces hist\u00f3ricas en Baja Verapaz.","canonical_url":"https:\/\/soymigrante.com\/revista\/etnias-de-guatemala-los-achi\/","robots":"max-snippet:-1, max-image-preview:large, max-video-preview:-1","keywords":"","webmasterTools":{"miscellaneous":"&lt;link rel=\"preconnect\" href=\"https:\/\/fonts.googleapis.com\" crossorigin&gt;\n&lt;link rel=\"preconnect\" href=\"https:\/\/fonts.gstatic.com\" crossorigin&gt;"},"schema":null,"og:locale":"es_ES","og:site_name":"SoyMigrante.com REVISTA \u2013 Nuestra misi\u00f3n es reconocer y dignificar al migrante.","og:type":"article","og:title":"El pueblo Achi\u2019 es descendiente de los se\u00f1ores Rabinaleb","og:description":"Descendientes de los antiguos Rabinaleb, tambi\u00e9n conocidos como k'iche' ach\u00ed, son una etnia maya guatemalteca de profundas ra\u00edces hist\u00f3ricas en Baja Verapaz.","og:url":"https:\/\/soymigrante.com\/revista\/etnias-de-guatemala-los-achi\/","og:image":"https:\/\/soymigrante.com\/revista\/wp-content\/uploads\/2024\/08\/Achi-14-La-Conquista-e1724976866589.webp","og:image:secure_url":"https:\/\/soymigrante.com\/revista\/wp-content\/uploads\/2024\/08\/Achi-14-La-Conquista-e1724976866589.webp","og:image:width":1280,"og:image:height":1280,"article:published_time":"2024-09-20T17:25:32+00:00","article:modified_time":"2025-09-17T23:34:55+00:00","article:publisher":"https:\/\/www.facebook.com\/soymigrantecom","twitter:card":"summary_large_image","twitter:site":"@SoyMigrante_com","twitter:title":"El pueblo Achi\u2019 es descendiente de los se\u00f1ores Rabinaleb","twitter:description":"Descendientes de los antiguos Rabinaleb, tambi\u00e9n conocidos como k'iche' ach\u00ed, son una etnia maya guatemalteca de profundas ra\u00edces hist\u00f3ricas en Baja Verapaz.","twitter:creator":"@SoyMigrante_com","twitter:image":"https:\/\/soymigrante.com\/revista\/wp-content\/uploads\/2024\/08\/Achi-14-La-Conquista-e1724976866589.webp"},"aioseo_meta_data":{"post_id":"21055","title":"\u00bfCu\u00e1ndo comienza el nuevo a\u00f1o del calendario maya solar Ha'ab?","description":"El calendario maya solar Haab' tiene 18 meses de 20 d\u00edas y un mes sagrado de 5 d\u00edas. Su A\u00f1o Nuevo es en febrero del calendario gregoriano. Conoce la fecha.","keywords":null,"keyphrases":{"focus":{"keyphrase":"calendario solar","score":74,"analysis":{"keyphraseInTitle":{"score":3,"maxScore":9,"error":1},"keyphraseInDescription":{"score":3,"maxScore":9,"error":1},"keyphraseLength":{"score":9,"maxScore":9,"error":0,"length":2},"keyphraseInURL":{"score":5,"maxScore":5,"error":0},"keyphraseInIntroduction":{"score":9,"maxScore":9,"error":0},"keyphraseInSubHeadings":{"score":9,"maxScore":9,"error":0},"keyphraseInImageAlt":{"score":3,"maxScore":9,"error":1},"keywordDensity":{"type":"best","score":9,"maxScore":9,"error":0}}},"additional":[{"keyphrase":"Haab'","score":87,"analysis":{"keyphraseInDescription":{"score":9,"maxScore":9,"error":0},"keyphraseLength":{"score":9,"maxScore":9,"error":0,"length":1},"keyphraseInIntroduction":{"score":9,"maxScore":9,"error":0},"keyphraseInImageAlt":{"score":3,"maxScore":9,"error":1},"keywordDensity":{"type":"best","score":9,"maxScore":9,"error":0}}},{"keyphrase":"maya","score":80,"analysis":{"keyphraseInDescription":{"score":9,"maxScore":9,"error":0},"keyphraseLength":{"score":9,"maxScore":9,"error":0,"length":1},"keyphraseInIntroduction":{"score":9,"maxScore":9,"error":0},"keyphraseInImageAlt":{"score":9,"maxScore":9,"error":0},"keywordDensity":{"type":"high","score":0,"maxScore":9,"error":1}}},{"keyphrase":"naturaleza","score":53,"analysis":{"keyphraseInDescription":{"score":3,"maxScore":9,"error":1},"keyphraseLength":{"score":9,"maxScore":9,"error":0,"length":1},"keyphraseInIntroduction":{"score":9,"maxScore":9,"error":0},"keyphraseInImageAlt":{"score":3,"maxScore":9,"error":1},"keywordDensity":{"score":0,"type":"low","maxScore":9,"error":1}}},{"keyphrase":"agr\u00edcola","score":60,"analysis":{"keyphraseInDescription":{"score":3,"maxScore":9,"error":1},"keyphraseLength":{"score":9,"maxScore":9,"error":0,"length":2},"keyphraseInIntroduction":{"score":3,"maxScore":9,"error":1},"keyphraseInImageAlt":{"score":3,"maxScore":9,"error":1},"keywordDensity":{"type":"best","score":9,"maxScore":9,"error":0}}},{"keyphrase":"civilizaci\u00f3n maya","score":40,"analysis":{"keyphraseInDescription":{"score":3,"maxScore":9,"error":1},"keyphraseLength":{"score":9,"maxScore":9,"error":0,"length":3},"keyphraseInIntroduction":{"score":3,"maxScore":9,"error":1},"keyphraseInImageAlt":{"score":3,"maxScore":9,"error":1},"keywordDensity":{"score":0,"type":"low","maxScore":9,"error":1}}}]},"primary_term":null,"canonical_url":null,"og_title":null,"og_description":null,"og_object_type":"default","og_image_type":"default","og_image_url":null,"og_image_width":null,"og_image_height":null,"og_image_custom_url":null,"og_image_custom_fields":null,"og_video":"","og_custom_url":null,"og_article_section":null,"og_article_tags":null,"twitter_use_og":false,"twitter_card":"default","twitter_image_type":"default","twitter_image_url":null,"twitter_image_custom_url":null,"twitter_image_custom_fields":null,"twitter_title":null,"twitter_description":null,"schema":{"blockGraphs":[],"customGraphs":[],"default":{"data":{"Article":[],"Course":[],"Dataset":[],"FAQPage":[],"Movie":[],"Person":[],"Product":[],"ProductReview":[],"Car":[],"Recipe":[],"Service":[],"SoftwareApplication":[],"WebPage":[]},"graphName":"BlogPosting","isEnabled":true},"graphs":[]},"schema_type":"default","schema_type_options":null,"pillar_content":false,"robots_default":true,"robots_noindex":false,"robots_noarchive":false,"robots_nosnippet":false,"robots_nofollow":false,"robots_noimageindex":false,"robots_noodp":false,"robots_notranslate":false,"robots_max_snippet":"-1","robots_max_videopreview":"-1","robots_max_imagepreview":"large","priority":null,"frequency":"default","local_seo":null,"seo_analyzer_scan_date":"2025-10-09 02:46:53","breadcrumb_settings":null,"limit_modified_date":false,"reviewed_by":null,"open_ai":"{\"title\":{\"suggestions\":[],\"usage\":0},\"description\":{\"suggestions\":[],\"usage\":0}}","ai":null,"created":"2025-01-15 21:47:27","updated":"2026-02-04 21:40:14"},"aioseo_breadcrumb":"<div class=\"aioseo-breadcrumbs\"><span class=\"aioseo-breadcrumb\">\n\t<a href=\"https:\/\/soymigrante.com\/revista\" title=\"Home\">Home<\/a>\n<\/span><span class=\"aioseo-breadcrumb-separator\">\u00bb<\/span><span class=\"aioseo-breadcrumb\">\n\t<a href=\"https:\/\/soymigrante.com\/revista\/category\/guate-nuestra\/\" title=\"Guate Nuestra\">Guate Nuestra<\/a>\n<\/span><span class=\"aioseo-breadcrumb-separator\">\u00bb<\/span><span class=\"aioseo-breadcrumb\">\n\tEste 18 de febrero es el primer d\u00eda del nuevo a\u00f1o maya Ha\u2019ab\n<\/span><\/div>","aioseo_breadcrumb_json":[{"label":"Home","link":"https:\/\/soymigrante.com\/revista"},{"label":"Guate Nuestra","link":"https:\/\/soymigrante.com\/revista\/category\/guate-nuestra\/"},{"label":"Este 18 de febrero es el primer d\u00eda del nuevo a\u00f1o maya Ha&#8217;ab","link":"https:\/\/soymigrante.com\/revista\/como-rige-el-calendario-solar-maya-haab-el-tiempo-de-la-naturaleza-y-la-persona\/"}],"_links":{"self":[{"href":"https:\/\/soymigrante.com\/revista\/wp-json\/wp\/v2\/posts\/21055","targetHints":{"allow":["GET"]}}],"collection":[{"href":"https:\/\/soymigrante.com\/revista\/wp-json\/wp\/v2\/posts"}],"about":[{"href":"https:\/\/soymigrante.com\/revista\/wp-json\/wp\/v2\/types\/post"}],"author":[{"embeddable":true,"href":"https:\/\/soymigrante.com\/revista\/wp-json\/wp\/v2\/users\/23"}],"replies":[{"embeddable":true,"href":"https:\/\/soymigrante.com\/revista\/wp-json\/wp\/v2\/comments?post=21055"}],"version-history":[{"count":0,"href":"https:\/\/soymigrante.com\/revista\/wp-json\/wp\/v2\/posts\/21055\/revisions"}],"wp:featuredmedia":[{"embeddable":true,"href":"https:\/\/soymigrante.com\/revista\/wp-json\/wp\/v2\/media\/21211"}],"wp:attachment":[{"href":"https:\/\/soymigrante.com\/revista\/wp-json\/wp\/v2\/media?parent=21055"}],"wp:term":[{"taxonomy":"category","embeddable":true,"href":"https:\/\/soymigrante.com\/revista\/wp-json\/wp\/v2\/categories?post=21055"},{"taxonomy":"post_tag","embeddable":true,"href":"https:\/\/soymigrante.com\/revista\/wp-json\/wp\/v2\/tags?post=21055"}],"curies":[{"name":"wp","href":"https:\/\/api.w.org\/{rel}","templated":true}]}}