{"id":21040,"date":"2025-01-17T07:00:00","date_gmt":"2025-01-17T13:00:00","guid":{"rendered":"https:\/\/soymigrante.com\/revista\/?p=21040"},"modified":"2025-03-04T12:30:57","modified_gmt":"2025-03-04T18:30:57","slug":"departamentos-de-guatemala-izabal-es-la-puerta-del-caribe","status":"publish","type":"post","link":"https:\/\/soymigrante.com\/revista\/departamentos-de-guatemala-izabal-es-la-puerta-del-caribe\/","title":{"rendered":"Departamentos de Guatemala: Izabal es la puerta del Caribe"},"content":{"rendered":"\t\t<div data-elementor-type=\"wp-post\" data-elementor-id=\"21040\" class=\"elementor elementor-21040\" data-elementor-post-type=\"post\">\n\t\t\t\t<div data-particle_enable=\"false\" data-particle-mobile-disabled=\"false\" class=\"elementor-element elementor-element-a3d50ef e-flex e-con-boxed e-con e-parent\" data-id=\"a3d50ef\" data-element_type=\"container\" data-e-type=\"container\">\n\t\t\t\t\t<div class=\"e-con-inner\">\n\t\t\t\t<div class=\"elementor-element elementor-element-9690b87 elementor-widget elementor-widget-heading\" data-id=\"9690b87\" data-element_type=\"widget\" data-e-type=\"widget\" data-widget_type=\"heading.default\">\n\t\t\t\t\t<h2 class=\"elementor-heading-title elementor-size-default\">Izabal no solo tiene amplia riqueza natural, tur\u00edstica y cultural: tambi\u00e9n es la puerta del Atl\u00e1ntico, por donde salen exportaciones guatemaltecas al exterior e ingresan productos y materias primas.<\/h2>\t\t\t\t<\/div>\n\t\t\t\t\t<\/div>\n\t\t\t\t<\/div>\n\t\t<div data-particle_enable=\"false\" data-particle-mobile-disabled=\"false\" class=\"elementor-element elementor-element-6ea5a4b e-flex e-con-boxed e-con e-parent\" data-id=\"6ea5a4b\" data-element_type=\"container\" data-e-type=\"container\">\n\t\t\t\t\t<div class=\"e-con-inner\">\n\t\t\t\t<div class=\"elementor-element elementor-element-ad05f0a elementor-widget elementor-widget-text-editor\" data-id=\"ad05f0a\" data-element_type=\"widget\" data-e-type=\"widget\" data-widget_type=\"text-editor.default\">\n\t\t\t\t\t\t\t\t\t<p>Izabal, ubicado en la regi\u00f3n nororiental de Guatemala,<a href=\"https:\/\/soymigrante.com\/revista\/pueblo-garinagu-garifuna-lleva-mas-de-dos-siglos-en-guatemala\/\" target=\"_blank\" rel=\"noopener\"> es el \u00fanico departamento del pa\u00eds con acceso directo al mar Caribe<\/a>, lo que le otorga una posici\u00f3n estrat\u00e9gica tanto en t\u00e9rminos econ\u00f3micos como tur\u00edsticos. Desde tiempos coloniales, en su territorio se ubic\u00f3 la salida mar\u00edtima en varios puntos del gran R\u00edo Dulce o el Lago de Izabal.<\/p><p>A continuaci\u00f3n algunas preguntas y respuestas sobre este departamento tan estrat\u00e9gico para la actividad econ\u00f3mica nacional.<\/p>\t\t\t\t\t\t\t\t<\/div>\n\t\t\t\t\t<\/div>\n\t\t\t\t<\/div>\n\t\t<div data-particle_enable=\"false\" data-particle-mobile-disabled=\"false\" class=\"elementor-element elementor-element-8c0caa9 e-flex e-con-boxed e-con e-parent\" data-id=\"8c0caa9\" data-element_type=\"container\" data-e-type=\"container\">\n\t\t\t\t\t<div class=\"e-con-inner\">\n\t\t\t\t<div class=\"elementor-element elementor-element-1ef9747 elementor-widget elementor-widget-heading\" data-id=\"1ef9747\" data-element_type=\"widget\" data-e-type=\"widget\" data-widget_type=\"heading.default\">\n\t\t\t\t\t<h3 class=\"elementor-heading-title elementor-size-default\">\u00bfCu\u00e1l es el origen del nombre de Izabal?<\/h3>\t\t\t\t<\/div>\n\t\t\t\t\t<\/div>\n\t\t\t\t<\/div>\n\t\t<div data-particle_enable=\"false\" data-particle-mobile-disabled=\"false\" class=\"elementor-element elementor-element-68193ff e-flex e-con-boxed e-con e-parent\" data-id=\"68193ff\" data-element_type=\"container\" data-e-type=\"container\">\n\t\t\t\t\t<div class=\"e-con-inner\">\n\t\t\t\t<div class=\"elementor-element elementor-element-bbe9f99 elementor-widget elementor-widget-text-editor\" data-id=\"bbe9f99\" data-element_type=\"widget\" data-e-type=\"widget\" data-widget_type=\"text-editor.default\">\n\t\t\t\t\t\t\t\t\t<p>El nombre \u201cIzabal\u201d proviene del lago de Izabal, el m\u00e1s grande de Guatemala, que se encuentra en el coraz\u00f3n del departamento.<\/p><p>Proviene del idioma vasco o vascuence, del t\u00e9rmino Zabal que quiere decir &#8220;ancho&#8221;, para hacer alusi\u00f3n a lo ancho de la bah\u00eda, del r\u00edo Dulce y tambi\u00e9n del Lago, que en tiempos coloniales fue llamado &#8220;Golfo Dulce&#8221;.<\/p>\t\t\t\t\t\t\t\t<\/div>\n\t\t\t\t\t<\/div>\n\t\t\t\t<\/div>\n\t\t<div data-particle_enable=\"false\" data-particle-mobile-disabled=\"false\" class=\"elementor-element elementor-element-331e9fc e-flex e-con-boxed e-con e-parent\" data-id=\"331e9fc\" data-element_type=\"container\" data-e-type=\"container\">\n\t\t\t\t\t<div class=\"e-con-inner\">\n\t\t\t\t<div class=\"elementor-element elementor-element-70c983f elementor-widget elementor-widget-heading\" data-id=\"70c983f\" data-element_type=\"widget\" data-e-type=\"widget\" data-widget_type=\"heading.default\">\n\t\t\t\t\t<h3 class=\"elementor-heading-title elementor-size-default\">\u00bfCu\u00e1l es la extensi\u00f3n territorial de Izabal?<\/h3>\t\t\t\t<\/div>\n\t\t\t\t\t<\/div>\n\t\t\t\t<\/div>\n\t\t<div data-particle_enable=\"false\" data-particle-mobile-disabled=\"false\" class=\"elementor-element elementor-element-8c4dad9 e-flex e-con-boxed e-con e-parent\" data-id=\"8c4dad9\" data-element_type=\"container\" data-e-type=\"container\">\n\t\t\t\t\t<div class=\"e-con-inner\">\n\t\t\t\t<div class=\"elementor-element elementor-element-2ec157a elementor-widget elementor-widget-text-editor\" data-id=\"2ec157a\" data-element_type=\"widget\" data-e-type=\"widget\" data-widget_type=\"text-editor.default\">\n\t\t\t\t\t\t\t\t\t<p>Izabal abarca una superficie de aproximadamente 9,038 km\u00b2, lo que lo convierte en el segundo m\u00e1s extenso del pa\u00eds, solo superado por Pet\u00e9n.\u00a0<\/p>\t\t\t\t\t\t\t\t<\/div>\n\t\t\t\t\t<\/div>\n\t\t\t\t<\/div>\n\t\t<div data-particle_enable=\"false\" data-particle-mobile-disabled=\"false\" class=\"elementor-element elementor-element-b0ed5d0 e-flex e-con-boxed e-con e-parent\" data-id=\"b0ed5d0\" data-element_type=\"container\" data-e-type=\"container\">\n\t\t\t\t\t<div class=\"e-con-inner\">\n\t\t\t\t<div class=\"elementor-element elementor-element-e8636e7 elementor-widget elementor-widget-google_maps\" data-id=\"e8636e7\" data-element_type=\"widget\" data-e-type=\"widget\" data-widget_type=\"google_maps.default\">\n\t\t\t\t\t\t\t<div class=\"elementor-custom-embed\">\n\t\t\t<iframe loading=\"lazy\"\n\t\t\t\t\tsrc=\"https:\/\/maps.google.com\/maps?q=Departamento%20de%20Izabal&#038;t=m&#038;z=10&#038;output=embed&#038;iwloc=near\"\n\t\t\t\t\ttitle=\"Departamento de Izabal\"\n\t\t\t\t\taria-label=\"Departamento de Izabal\"\n\t\t\t><\/iframe>\n\t\t<\/div>\n\t\t\t\t\t\t<\/div>\n\t\t\t\t\t<\/div>\n\t\t\t\t<\/div>\n\t\t<div data-particle_enable=\"false\" data-particle-mobile-disabled=\"false\" class=\"elementor-element elementor-element-4e1e6e6 e-flex e-con-boxed e-con e-parent\" data-id=\"4e1e6e6\" data-element_type=\"container\" data-e-type=\"container\">\n\t\t\t\t\t<div class=\"e-con-inner\">\n\t\t\t\t<div class=\"elementor-element elementor-element-52aa40c elementor-widget elementor-widget-heading\" data-id=\"52aa40c\" data-element_type=\"widget\" data-e-type=\"widget\" data-widget_type=\"heading.default\">\n\t\t\t\t\t<h3 class=\"elementor-heading-title elementor-size-default\">\u00bfCu\u00e1ntos municipios tiene Izabal?<\/h3>\t\t\t\t<\/div>\n\t\t\t\t\t<\/div>\n\t\t\t\t<\/div>\n\t\t<div data-particle_enable=\"false\" data-particle-mobile-disabled=\"false\" class=\"elementor-element elementor-element-8895295 e-flex e-con-boxed e-con e-parent\" data-id=\"8895295\" data-element_type=\"container\" data-e-type=\"container\">\n\t\t\t\t\t<div class=\"e-con-inner\">\n\t\t\t\t<div class=\"elementor-element elementor-element-9d283fe elementor-widget elementor-widget-text-editor\" data-id=\"9d283fe\" data-element_type=\"widget\" data-e-type=\"widget\" data-widget_type=\"text-editor.default\">\n\t\t\t\t\t\t\t\t\t<p>El departamento se divide en cinco municipios:<\/p><ol><li>Puerto Barrios (cabecera departamental)<\/li><li>Livingston<\/li><li>El Estor<\/li><li>Morales<\/li><li>Los Amates<\/li><\/ol>\t\t\t\t\t\t\t\t<\/div>\n\t\t\t\t\t<\/div>\n\t\t\t\t<\/div>\n\t\t<div data-particle_enable=\"false\" data-particle-mobile-disabled=\"false\" class=\"elementor-element elementor-element-51518be e-flex e-con-boxed e-con e-parent\" data-id=\"51518be\" data-element_type=\"container\" data-e-type=\"container\">\n\t\t\t\t\t<div class=\"e-con-inner\">\n\t\t\t\t<div class=\"elementor-element elementor-element-7151121 elementor-widget elementor-widget-heading\" data-id=\"7151121\" data-element_type=\"widget\" data-e-type=\"widget\" data-widget_type=\"heading.default\">\n\t\t\t\t\t<h3 class=\"elementor-heading-title elementor-size-default\">\u00bfCu\u00e1ntos habitantes tiene Izabal? <\/h3>\t\t\t\t<\/div>\n\t\t\t\t\t<\/div>\n\t\t\t\t<\/div>\n\t\t<div data-particle_enable=\"false\" data-particle-mobile-disabled=\"false\" class=\"elementor-element elementor-element-37ef4ef e-flex e-con-boxed e-con e-parent\" data-id=\"37ef4ef\" data-element_type=\"container\" data-e-type=\"container\">\n\t\t\t\t\t<div class=\"e-con-inner\">\n\t\t\t\t<div class=\"elementor-element elementor-element-4f268f7 elementor-widget elementor-widget-text-editor\" data-id=\"4f268f7\" data-element_type=\"widget\" data-e-type=\"widget\" data-widget_type=\"text-editor.default\">\n\t\t\t\t\t\t\t\t\t<p>Seg\u00fan el <a href=\"https:\/\/www.ine.gob.gt\/2024\/02\/20\/informacion-del-xii-censo-nacional-de-poblacion-y-vii-de-vivienda-2018-a-nivel-de-lugar-poblado\/\" target=\"_blank\" rel=\"noopener\">Censo Nacional de Poblaci\u00f3n de 2018,<\/a> Izabal cuenta con una poblaci\u00f3n de 408,688 habitantes, de los cuales 201,859 son hombres (49.39%) y 206,829 son mujeres (50.61%).<\/p><p>En cuanto a pertenencia cultural, la poblaci\u00f3n se integra as\u00ed:<\/p><p><span style=\"color: var( --e-global-color-text ); text-align: var(--text-align);\"><a href=\"https:\/\/soymigrante.com\/revista\/pueblo-ladino-integra-raices-y-mestizajes-de-guatemala\/\">Ladino:<\/a> 287,869: 70%<br \/><\/span><span style=\"color: var( --e-global-color-text ); text-align: var(--text-align);\">Maya: 115,296: 28%, de la cual la mayor\u00eda es <a href=\"https:\/\/soymigrante.com\/revista\/pueblo-qeqchi-es-el-idioma-maya-con-mayor-cifra-de-hablantes\/\">Q&#8217;eqchi<\/a><br \/><\/span><span style=\"color: var( --e-global-color-text ); text-align: var(--text-align);\"><a href=\"https:\/\/soymigrante.com\/revista\/pueblo-garinagu-garifuna-lleva-mas-de-dos-siglos-en-guatemala\/\">Gar\u00edfuna<\/a>: 3,002: 1%<br \/><\/span><\/p>\t\t\t\t\t\t\t\t<\/div>\n\t\t\t\t\t<\/div>\n\t\t\t\t<\/div>\n\t\t<div data-particle_enable=\"false\" data-particle-mobile-disabled=\"false\" class=\"elementor-element elementor-element-875e389 e-flex e-con-boxed e-con e-parent\" data-id=\"875e389\" data-element_type=\"container\" data-e-type=\"container\">\n\t\t\t\t\t<div class=\"e-con-inner\">\n\t\t\t\t<div class=\"elementor-element elementor-element-4fe4c5b elementor-grid-eael-col-1 elementor-grid-tablet-eael-col-2 elementor-grid-mobile-eael-col-1 elementor-widget elementor-widget-eael-post-grid\" data-id=\"4fe4c5b\" data-element_type=\"widget\" data-e-type=\"widget\" data-settings=\"{&quot;eael_post_grid_columns&quot;:&quot;eael-col-1&quot;,&quot;eael_post_grid_columns_tablet&quot;:&quot;eael-col-2&quot;,&quot;eael_post_grid_columns_mobile&quot;:&quot;eael-col-1&quot;}\" data-widget_type=\"eael-post-grid.default\">\n\t\t\t\t\t<div id=\"eael-post-grid-4fe4c5b\" class=\"eael-post-grid-container\">\n            <div class=\"eael-post-grid eael-post-appender eael-post-appender-4fe4c5b eael-post-grid-style-one\" data-layout-mode=\"masonry\"><article class=\"eael-grid-post  eael-post-grid-column eael-pg-post-8709 category-pueblos-de-guatemala\" data-id=\"8709\">\n        <div class=\"eael-grid-post-holder\">\n            <div class=\"eael-grid-post-holder-inner\"><div class=\"eael-entry-media\"><div class=\"eael-entry-overlay fade-in\"><i class=\"far fa-hand-pointer\" aria-hidden=\"true\"><\/i><a href=\"https:\/\/soymigrante.com\/revista\/pueblo-garinagu-garifuna-lleva-mas-de-dos-siglos-en-guatemala\/\"><\/a><\/div><div class=\"eael-entry-thumbnail eael-image-ratio\">\n                <img fetchpriority=\"high\" decoding=\"async\" width=\"664\" height=\"664\" src=\"https:\/\/soymigrante.com\/revista\/wp-content\/uploads\/2024\/09\/garifuna-garinagu.webp\" class=\"attachment-large size-large wp-image-8710\" alt=\"Trabajador migrante en manifestaci\u00f3n, derechos laborales, emigrantes, igualdad social, protesta migrante.\" srcset=\"https:\/\/soymigrante.com\/revista\/wp-content\/uploads\/2024\/09\/garifuna-garinagu.webp 664w, https:\/\/soymigrante.com\/revista\/wp-content\/uploads\/2024\/09\/garifuna-garinagu-300x300.webp 300w, https:\/\/soymigrante.com\/revista\/wp-content\/uploads\/2024\/09\/garifuna-garinagu-150x150.webp 150w, https:\/\/soymigrante.com\/revista\/wp-content\/uploads\/2024\/09\/garifuna-garinagu-75x75.webp 75w\" sizes=\"(max-width: 664px) 100vw, 664px\" \/>\n            <\/div>\n        <\/div><div class=\"eael-entry-wrapper\"><header class=\"eael-entry-header\"><h2 class=\"eael-entry-title\"><a class=\"eael-grid-post-link\" href=\"https:\/\/soymigrante.com\/revista\/pueblo-garinagu-garifuna-lleva-mas-de-dos-siglos-en-guatemala\/\" title=\"Pueblo Gar\u00ednagu (Gar\u00edfuna) lleva m\u00e1s de 200 a\u00f1os en Guatemala y el 26 noviembre es su d\u00eda\">Pueblo Gar\u00ednagu (Gar\u00edfuna) lleva m\u00e1s de 200 a\u00f1os en Guatemala y el 26 noviembre es su d\u00eda<\/a><\/h2><\/header><div class=\"eael-entry-content\">\n                        <div class=\"eael-grid-post-excerpt\"><a href=\"https:\/\/soymigrante.com\/revista\/pueblo-garinagu-garifuna-lleva-mas-de-dos-siglos-en-guatemala\/\" class=\"eael-post-elements-readmore-btn\">CONOCE SU HISTORIA <\/a><\/div>\n                    <\/div><\/div><\/div>\n        <\/div>\n    <\/article><\/div>\n            <div class=\"clearfix\"><\/div>\n        <\/div>\t\t\t\t<\/div>\n\t\t\t\t\t<\/div>\n\t\t\t\t<\/div>\n\t\t<div data-particle_enable=\"false\" data-particle-mobile-disabled=\"false\" class=\"elementor-element elementor-element-bea6307 e-flex e-con-boxed e-con e-parent\" data-id=\"bea6307\" data-element_type=\"container\" data-e-type=\"container\">\n\t\t\t\t\t<div class=\"e-con-inner\">\n\t\t\t\t<div class=\"elementor-element elementor-element-1b473ea elementor-widget elementor-widget-heading\" data-id=\"1b473ea\" data-element_type=\"widget\" data-e-type=\"widget\" data-widget_type=\"heading.default\">\n\t\t\t\t\t<h3 class=\"elementor-heading-title elementor-size-default\">\u00bfCu\u00e1l es su producci\u00f3n econ\u00f3mica?<\/h3>\t\t\t\t<\/div>\n\t\t\t\t\t<\/div>\n\t\t\t\t<\/div>\n\t\t<div data-particle_enable=\"false\" data-particle-mobile-disabled=\"false\" class=\"elementor-element elementor-element-d0608ce e-flex e-con-boxed e-con e-parent\" data-id=\"d0608ce\" data-element_type=\"container\" data-e-type=\"container\">\n\t\t\t\t\t<div class=\"e-con-inner\">\n\t\t\t\t<div class=\"elementor-element elementor-element-75baff7 elementor-widget elementor-widget-text-editor\" data-id=\"75baff7\" data-element_type=\"widget\" data-e-type=\"widget\" data-widget_type=\"text-editor.default\">\n\t\t\t\t\t\t\t\t\t<div>Izabal posee una econom\u00eda diversificada, destacando en los siguientes sectores:<\/div>\n<div><strong>\u2022Agricultura:<\/strong> Cultivo de ma\u00edz blanco y arroz.&nbsp;&nbsp;<\/div>\n<div><strong>\u2022Artesan\u00edas:<\/strong> Elaboraci\u00f3n de instrumentos musicales, joyas, cester\u00eda, utensilios de cocina y art\u00edculos decorativos, reflejando la riqueza cultural de sus habitantes.&nbsp;&nbsp;<\/div>\n<div><strong>\u2022Pesca<\/strong>: Gracias a su acceso al mar Caribe y al lago de Izabal, la pesca es una actividad econ\u00f3mica significativa.<\/div>\n<div>\u2022<strong>Turismo:<\/strong> Los atractivos naturales y culturales atraen a visitantes nacionales e internacionales, contribuyendo al desarrollo econ\u00f3mico local.<br><b><span style=\"font-family: Roboto, sans-serif; font-size: 16px; font-style: normal; font-variant-ligatures: normal; font-variant-caps: normal;\">\u2022Servicios<\/span><span style=\"font-family: Roboto, sans-serif; font-size: 16px; font-style: normal; font-variant-ligatures: normal; font-variant-caps: normal;\">:<\/span><\/b><span style=\"font-family: Roboto, sans-serif; font-size: 16px; font-style: normal; font-variant-ligatures: normal; font-variant-caps: normal; font-weight: 400;\">&nbsp;Debido al intenso comercio de importaci\u00f3n y exportaci\u00f3n&nbsp; a trav\u00e9s de la Portuaria Santo Tom\u00e1s de Castilla, tambi\u00e9n existe una fuerte actividad de transporte de carga que a su vez precisa de m\u00faltiples servicios como alimentaci\u00f3n, hospedaje, administraci\u00f3n.<\/span><\/div>\n<div>&nbsp;<\/div>\t\t\t\t\t\t\t\t<\/div>\n\t\t\t\t\t<\/div>\n\t\t\t\t<\/div>\n\t\t<div data-particle_enable=\"false\" data-particle-mobile-disabled=\"false\" class=\"elementor-element elementor-element-bfb34f7 e-flex e-con-boxed e-con e-parent\" data-id=\"bfb34f7\" data-element_type=\"container\" data-e-type=\"container\">\n\t\t\t\t\t<div class=\"e-con-inner\">\n\t\t\t\t<div class=\"elementor-element elementor-element-3521faa elementor-widget elementor-widget-video\" data-id=\"3521faa\" data-element_type=\"widget\" data-e-type=\"widget\" data-settings=\"{&quot;youtube_url&quot;:&quot;https:\\\/\\\/www.youtube.com\\\/watch?v=MbqPmuI-RRU&quot;,&quot;video_type&quot;:&quot;youtube&quot;,&quot;controls&quot;:&quot;yes&quot;}\" data-widget_type=\"video.default\">\n\t\t\t\t\t\t\t<div class=\"elementor-wrapper elementor-open-inline\">\n\t\t\t<div class=\"elementor-video\"><\/div>\t\t<\/div>\n\t\t\t\t\t\t<\/div>\n\t\t\t\t\t<\/div>\n\t\t\t\t<\/div>\n\t\t<div data-particle_enable=\"false\" data-particle-mobile-disabled=\"false\" class=\"elementor-element elementor-element-05bedf4 e-flex e-con-boxed e-con e-parent\" data-id=\"05bedf4\" data-element_type=\"container\" data-e-type=\"container\">\n\t\t\t\t\t<div class=\"e-con-inner\">\n\t\t\t\t<div class=\"elementor-element elementor-element-9276b05 elementor-widget elementor-widget-heading\" data-id=\"9276b05\" data-element_type=\"widget\" data-e-type=\"widget\" data-widget_type=\"heading.default\">\n\t\t\t\t\t<h3 class=\"elementor-heading-title elementor-size-default\">\u00bfCu\u00e1les son los principales  atractivos tur\u00edsticos de Izabal?<\/h3>\t\t\t\t<\/div>\n\t\t\t\t\t<\/div>\n\t\t\t\t<\/div>\n\t\t<div data-particle_enable=\"false\" data-particle-mobile-disabled=\"false\" class=\"elementor-element elementor-element-d8ae67a e-flex e-con-boxed e-con e-parent\" data-id=\"d8ae67a\" data-element_type=\"container\" data-e-type=\"container\">\n\t\t\t\t\t<div class=\"e-con-inner\">\n\t\t\t\t<div class=\"elementor-element elementor-element-281124c elementor-widget elementor-widget-text-editor\" data-id=\"281124c\" data-element_type=\"widget\" data-e-type=\"widget\" data-widget_type=\"text-editor.default\">\n\t\t\t\t\t\t\t\t\t<div>Izabal es reconocido por su riqueza natural y cultural. Algunos de los principales destinos tur\u00edsticos incluyen:<\/div><div><strong>\u2022R\u00edo Dulce:<\/strong> Un parque nacional con variedad de ecosistemas acu\u00e1ticos, ideal para la navegaci\u00f3n y la observaci\u00f3n de flora y fauna.\u00a0\u00a0<\/div><div><strong>\u2022Castillo de San Felipe de Lara<\/strong>: Fortaleza colonial espa\u00f1ola construida en el siglo XVII para proteger el lago de Izabal de los piratas.\u00a0\u00a0<\/div><div><strong>\u2022Livingston:<\/strong> Poblado con una rica herencia gar\u00edfuna, accesible \u00fanicamente por v\u00eda fluvial o mar\u00edtima, conocido por su cultura y gastronom\u00eda \u00fanicas.\u00a0\u00a0<\/div><div><strong>\u2022Playa Blanca:<\/strong> Hermosa playa de arena blanca en el Caribe guatemalteco, ideal para el descanso y actividades acu\u00e1ticas.\u00a0\u00a0<\/div><div><strong>\u2022Siete Altares:<\/strong> Conjunto de pozas y cascadas de agua cristalina rodeadas de selva tropical, perfecto para el ecoturismo.\u00a0\u00a0<\/div><div><strong>\u2022Ruinas de Quirigu\u00e1:<\/strong> Sitio arqueol\u00f3gico maya reconocido por sus estelas talladas, declaradas Patrimonio de la Humanidad por la UNESCO.\u00a0\u00a0<\/div>\t\t\t\t\t\t\t\t<\/div>\n\t\t\t\t\t<\/div>\n\t\t\t\t<\/div>\n\t\t<div data-particle_enable=\"false\" data-particle-mobile-disabled=\"false\" class=\"elementor-element elementor-element-0923dcb e-flex e-con-boxed e-con e-parent\" data-id=\"0923dcb\" data-element_type=\"container\" data-e-type=\"container\">\n\t\t\t\t\t<div class=\"e-con-inner\">\n\t\t\t\t<div class=\"elementor-element elementor-element-b935e69 elementor-widget elementor-widget-facebook-page\" data-id=\"b935e69\" data-element_type=\"widget\" data-e-type=\"widget\" data-widget_type=\"facebook-page.default\">\n\t\t\t\t\t<div class=\"elementor-facebook-widget fb-page\" data-href=\"https:\/\/www.facebook.com\/profile.php?id=100057288675572\" data-tabs=\"timeline\" data-height=\"500px\" data-width=\"500px\" data-small-header=\"false\" data-hide-cover=\"false\" data-show-facepile=\"true\" data-hide-cta=\"false\" style=\"min-height: 1px;height:500px\"><\/div>\t\t\t\t<\/div>\n\t\t\t\t\t<\/div>\n\t\t\t\t<\/div>\n\t\t<div data-particle_enable=\"false\" data-particle-mobile-disabled=\"false\" class=\"elementor-element elementor-element-13a9a5c e-flex e-con-boxed e-con e-parent\" data-id=\"13a9a5c\" data-element_type=\"container\" data-e-type=\"container\">\n\t\t\t\t\t<div class=\"e-con-inner\">\n\t\t\t\t<div class=\"elementor-element elementor-element-227dd63 elementor-widget elementor-widget-heading\" data-id=\"227dd63\" data-element_type=\"widget\" data-e-type=\"widget\" data-widget_type=\"heading.default\">\n\t\t\t\t\t<h3 class=\"elementor-heading-title elementor-size-default\">\u00bfCu\u00e1ntas remesas migrantes recibe Izabal?<\/h3>\t\t\t\t<\/div>\n\t\t\t\t\t<\/div>\n\t\t\t\t<\/div>\n\t\t<div data-particle_enable=\"false\" data-particle-mobile-disabled=\"false\" class=\"elementor-element elementor-element-3637c00 e-flex e-con-boxed e-con e-parent\" data-id=\"3637c00\" data-element_type=\"container\" data-e-type=\"container\">\n\t\t\t\t\t<div class=\"e-con-inner\">\n\t\t\t\t<div class=\"elementor-element elementor-element-7f3b40d elementor-widget elementor-widget-text-editor\" data-id=\"7f3b40d\" data-element_type=\"widget\" data-e-type=\"widget\" data-widget_type=\"text-editor.default\">\n\t\t\t\t\t\t\t\t\t<p>Las remesas enviadas por guatemaltecos residentes en el extranjero son una fuente significativa de ingresos para muchas familias en el Departamento de Izabal.<\/p><p>Seg\u00fan la <a href=\"https:\/\/infounitnca.iom.int\/uploads\/RemesasGT2022\/Resumen_EncuestaRemesas2022_gt.pdf\" target=\"_blank\" rel=\"noopener\">Encuesta de Remesas 2022, de la OIM<\/a>, el departamento de Izabal, se beneficia con el 2.8% del total de las remesas que en ese a\u00f1o fueron US$18 mil 40 millones.\u00a0<span style=\"color: var( --e-global-color-text ); text-align: var(--text-align);\">\u00a0Eso quiere decir, que en ese a\u00f1o, familias del departamento de Izabal recibieron US$ 500 millones enviados por familiares desde Estados Unidos.<\/span><\/p><p>A nivel nacional, las remesas representaron el 19.8% del Producto Interno Bruto (PIB) en 2022.<\/p><p>En 2024 las remesas fueron de US$21 mil 500 millones.<\/p>\t\t\t\t\t\t\t\t<\/div>\n\t\t\t\t\t<\/div>\n\t\t\t\t<\/div>\n\t\t<div data-particle_enable=\"false\" data-particle-mobile-disabled=\"false\" class=\"elementor-element elementor-element-0f29e8f e-flex e-con-boxed e-con e-parent\" data-id=\"0f29e8f\" data-element_type=\"container\" data-e-type=\"container\">\n\t\t\t\t\t<div class=\"e-con-inner\">\n\t\t\t\t<div class=\"elementor-element elementor-element-ec4ab06 elementor-grid-eael-col-1 elementor-grid-tablet-eael-col-2 elementor-grid-mobile-eael-col-1 elementor-widget elementor-widget-eael-post-grid\" data-id=\"ec4ab06\" data-element_type=\"widget\" data-e-type=\"widget\" data-settings=\"{&quot;eael_post_grid_columns&quot;:&quot;eael-col-1&quot;,&quot;eael_post_grid_columns_tablet&quot;:&quot;eael-col-2&quot;,&quot;eael_post_grid_columns_mobile&quot;:&quot;eael-col-1&quot;}\" data-widget_type=\"eael-post-grid.default\">\n\t\t\t\t\t<div id=\"eael-post-grid-ec4ab06\" class=\"eael-post-grid-container\">\n            <div class=\"eael-post-grid eael-post-appender eael-post-appender-ec4ab06 eael-post-grid-style-one\" data-layout-mode=\"masonry\"><article class=\"eael-grid-post  eael-post-grid-column eael-pg-post-8528 category-guate-nuestra\" data-id=\"8528\">\n        <div class=\"eael-grid-post-holder\">\n            <div class=\"eael-grid-post-holder-inner\"><div class=\"eael-entry-media\"><div class=\"eael-entry-overlay fade-in\"><i class=\"far fa-hand-pointer\" aria-hidden=\"true\"><\/i><a href=\"https:\/\/soymigrante.com\/revista\/7-curiosidades-del-sitio-arqueologico-maya-quirigua-que-quiza-ya-sabias-o-tal-vez-no\/\"><\/a><\/div><div class=\"eael-entry-thumbnail \">\n                <img decoding=\"async\" width=\"612\" height=\"612\" src=\"https:\/\/soymigrante.com\/revista\/wp-content\/uploads\/2024\/08\/quirigua-2.webp\" class=\"attachment-large size-large wp-image-8889\" alt=\"Arte maya en piedra, escultura monumental ancestral, relieves arqueol\u00f3gicos de la cultura precolombina en M\u00e9xico.\" srcset=\"https:\/\/soymigrante.com\/revista\/wp-content\/uploads\/2024\/08\/quirigua-2.webp 612w, https:\/\/soymigrante.com\/revista\/wp-content\/uploads\/2024\/08\/quirigua-2-300x300.webp 300w, https:\/\/soymigrante.com\/revista\/wp-content\/uploads\/2024\/08\/quirigua-2-150x150.webp 150w, https:\/\/soymigrante.com\/revista\/wp-content\/uploads\/2024\/08\/quirigua-2-75x75.webp 75w\" sizes=\"(max-width: 612px) 100vw, 612px\" \/>\n            <\/div>\n        <\/div><div class=\"eael-entry-wrapper\"><header class=\"eael-entry-header\"><h2 class=\"eael-entry-title\"><a class=\"eael-grid-post-link\" href=\"https:\/\/soymigrante.com\/revista\/7-curiosidades-del-sitio-arqueologico-maya-quirigua-que-quiza-ya-sabias-o-tal-vez-no\/\" title=\"El majestuoso sitio arqueol\u00f3gico maya de Quirigu\u00e1: 7 detalles que tal vez ya conoc\u00edas (o quiz\u00e1 no)\">El majestuoso sitio arqueol\u00f3gico maya de Quirigu\u00e1: 7 detalles que tal vez ya conoc\u00edas (o quiz\u00e1 no)<\/a><\/h2><\/header><div class=\"eael-entry-content\">\n                        <div class=\"eael-grid-post-excerpt\"><a href=\"https:\/\/soymigrante.com\/revista\/7-curiosidades-del-sitio-arqueologico-maya-quirigua-que-quiza-ya-sabias-o-tal-vez-no\/\" class=\"eael-post-elements-readmore-btn\">CONOCE SU HISTORIA <\/a><\/div>\n                    <\/div><\/div><\/div>\n        <\/div>\n    <\/article><\/div>\n            <div class=\"clearfix\"><\/div>\n        <\/div>\t\t\t\t<\/div>\n\t\t\t\t\t<\/div>\n\t\t\t\t<\/div>\n\t\t<div data-particle_enable=\"false\" data-particle-mobile-disabled=\"false\" class=\"elementor-element elementor-element-9e6eaba e-flex e-con-boxed e-con e-parent\" data-id=\"9e6eaba\" data-element_type=\"container\" data-e-type=\"container\">\n\t\t\t\t\t<div class=\"e-con-inner\">\n\t\t\t\t<div class=\"elementor-element elementor-element-9937a0f elementor-widget elementor-widget-text-editor\" data-id=\"9937a0f\" data-element_type=\"widget\" data-e-type=\"widget\" data-widget_type=\"text-editor.default\">\n\t\t\t\t\t\t\t\t\t<p><a href=\"https:\/\/soymigrante.com\/revista\/pueblo-garinagu-garifuna-lleva-mas-de-dos-siglos-en-guatemala\/\" target=\"_blank\" rel=\"noopener\">Izabal es un departamento de gran relevancia para Guatemala,<\/a> no solo por su extensi\u00f3n y poblaci\u00f3n, sino tambi\u00e9n por su diversidad econ\u00f3mica, cultural y natural.<\/p><p>Su producci\u00f3n agr\u00edcola, riqueza artesanal y atractivos tur\u00edsticos lo convierten en un destino clave para el desarrollo y la promoci\u00f3n del pa\u00eds a nivel internacional.<\/p>\t\t\t\t\t\t\t\t<\/div>\n\t\t\t\t\t<\/div>\n\t\t\t\t<\/div>\n\t\t<div data-particle_enable=\"false\" data-particle-mobile-disabled=\"false\" class=\"elementor-element elementor-element-8ee83d1 e-flex e-con-boxed e-con e-parent\" data-id=\"8ee83d1\" data-element_type=\"container\" data-e-type=\"container\">\n\t\t\t\t\t<div class=\"e-con-inner\">\n\t\t\t\t<div class=\"elementor-element elementor-element-4aed14b elementor-widget elementor-widget-heading\" data-id=\"4aed14b\" data-element_type=\"widget\" data-e-type=\"widget\" data-widget_type=\"heading.default\">\n\t\t\t\t\t<h2 class=\"elementor-heading-title elementor-size-default\">Conoce m\u00e1s departamentos ac\u00e1...<\/h2>\t\t\t\t<\/div>\n\t\t\t\t\t<\/div>\n\t\t\t\t<\/div>\n\t\t<div data-particle_enable=\"false\" data-particle-mobile-disabled=\"false\" class=\"elementor-element elementor-element-d91df03 e-flex e-con-boxed e-con e-parent\" data-id=\"d91df03\" data-element_type=\"container\" data-e-type=\"container\">\n\t\t\t\t\t<div class=\"e-con-inner\">\n\t\t\t\t<div class=\"elementor-element elementor-element-748939c elementor-grid-eael-col-3 elementor-grid-tablet-eael-col-2 elementor-grid-mobile-eael-col-1 elementor-widget elementor-widget-eael-post-grid\" data-id=\"748939c\" data-element_type=\"widget\" data-e-type=\"widget\" data-settings=\"{&quot;eael_post_grid_columns&quot;:&quot;eael-col-3&quot;,&quot;eael_post_grid_columns_tablet&quot;:&quot;eael-col-2&quot;,&quot;eael_post_grid_columns_mobile&quot;:&quot;eael-col-1&quot;}\" data-widget_type=\"eael-post-grid.default\">\n\t\t\t\t\t<div id=\"eael-post-grid-748939c\" class=\"eael-post-grid-container\">\n            <div class=\"eael-post-grid eael-post-appender eael-post-appender-748939c eael-post-grid-style-one\" data-layout-mode=\"masonry\"><article class=\"eael-grid-post  eael-post-grid-column eael-pg-post-18016 category-guate-nuestra tags-departamentos-de-guatemala\" data-id=\"18016\">\n        <div class=\"eael-grid-post-holder\">\n            <div class=\"eael-grid-post-holder-inner\"><div class=\"eael-entry-media\"><div class=\"eael-entry-overlay fade-in\"><i class=\"far fa-hand-pointer\" aria-hidden=\"true\"><\/i><a href=\"https:\/\/soymigrante.com\/revista\/departamentos-de-guatemala-escuintla-es-corredor-economico-destino-turistico-y-puerta-al-pacifico\/\"><\/a><\/div><div class=\"eael-entry-thumbnail \">\n                <img decoding=\"async\" width=\"893\" height=\"893\" src=\"https:\/\/soymigrante.com\/revista\/wp-content\/uploads\/2025\/01\/puerto-san-jose-1.webp\" class=\"attachment-large size-large wp-image-19926\" alt=\"Barco abandonado en la playa con estructura oxidation en el agua, turismo en la costa, paisaje mar\u00edtimo, deterioro y historia de barcos en la playa, deterioro en estructuras navales, cultura mar\u00edtima y viajes costeros.\" srcset=\"https:\/\/soymigrante.com\/revista\/wp-content\/uploads\/2025\/01\/puerto-san-jose-1.webp 893w, https:\/\/soymigrante.com\/revista\/wp-content\/uploads\/2025\/01\/puerto-san-jose-1-300x300.jpg 300w, https:\/\/soymigrante.com\/revista\/wp-content\/uploads\/2025\/01\/puerto-san-jose-1-150x150.jpg 150w, https:\/\/soymigrante.com\/revista\/wp-content\/uploads\/2025\/01\/puerto-san-jose-1-768x768.jpg 768w, https:\/\/soymigrante.com\/revista\/wp-content\/uploads\/2025\/01\/puerto-san-jose-1-75x75.webp 75w, https:\/\/soymigrante.com\/revista\/wp-content\/uploads\/2025\/01\/puerto-san-jose-1-750x750.webp 750w\" sizes=\"(max-width: 893px) 100vw, 893px\" \/>\n            <\/div>\n        <\/div><div class=\"eael-entry-wrapper\"><header class=\"eael-entry-header\"><h2 class=\"eael-entry-title\"><a class=\"eael-grid-post-link\" href=\"https:\/\/soymigrante.com\/revista\/departamentos-de-guatemala-escuintla-es-corredor-economico-destino-turistico-y-puerta-al-pacifico\/\" title=\"Departamentos de Guatemala: Escuintla es corredor econ\u00f3mico, destino tur\u00edstico y puerta al Pac\u00edfico\">Departamentos de Guatemala: Escuintla es corredor econ\u00f3mico, destino tur\u00edstico y puerta al Pac\u00edfico<\/a><\/h2><\/header><div class=\"eael-entry-content\">\n                        <div class=\"eael-grid-post-excerpt\"><a href=\"https:\/\/soymigrante.com\/revista\/departamentos-de-guatemala-escuintla-es-corredor-economico-destino-turistico-y-puerta-al-pacifico\/\" class=\"eael-post-elements-readmore-btn\">CONOCE SU HISTORIA <\/a><\/div>\n                    <\/div><\/div><\/div>\n        <\/div>\n    <\/article><article class=\"eael-grid-post  eael-post-grid-column eael-pg-post-17968 category-guate-nuestra tags-departamentos-de-guatemala\" data-id=\"17968\">\n        <div class=\"eael-grid-post-holder\">\n            <div class=\"eael-grid-post-holder-inner\"><div class=\"eael-entry-media\"><div class=\"eael-entry-overlay fade-in\"><i class=\"far fa-hand-pointer\" aria-hidden=\"true\"><\/i><a href=\"https:\/\/soymigrante.com\/revista\/departamentos-de-guatemala-chimaltenango-tiene-montanas-tradicion-y-la-primera-capital-de-guatemala\/\"><\/a><\/div><div class=\"eael-entry-thumbnail \">\n                <img loading=\"lazy\" decoding=\"async\" width=\"1024\" height=\"1024\" src=\"https:\/\/soymigrante.com\/revista\/wp-content\/uploads\/2024\/12\/eduardo-cot-patzun-cuadrada-1024x1024.jpg\" class=\"attachment-large size-large wp-image-18646\" alt=\"Nube cubriendo monta\u00f1as al amanecer en un paisaje rural con volcanes, cielo colorido y casas en primer plano, resaltando la belleza natural y cultural de Guatemala.\" srcset=\"https:\/\/soymigrante.com\/revista\/wp-content\/uploads\/2024\/12\/eduardo-cot-patzun-cuadrada-1024x1024.jpg 1024w, https:\/\/soymigrante.com\/revista\/wp-content\/uploads\/2024\/12\/eduardo-cot-patzun-cuadrada-300x300.jpg 300w, https:\/\/soymigrante.com\/revista\/wp-content\/uploads\/2024\/12\/eduardo-cot-patzun-cuadrada-150x150.jpg 150w, https:\/\/soymigrante.com\/revista\/wp-content\/uploads\/2024\/12\/eduardo-cot-patzun-cuadrada-768x768.jpg 768w, https:\/\/soymigrante.com\/revista\/wp-content\/uploads\/2024\/12\/eduardo-cot-patzun-cuadrada-75x75.webp 75w, https:\/\/soymigrante.com\/revista\/wp-content\/uploads\/2024\/12\/eduardo-cot-patzun-cuadrada-750x750.webp 750w, https:\/\/soymigrante.com\/revista\/wp-content\/uploads\/2024\/12\/eduardo-cot-patzun-cuadrada.webp 1059w\" sizes=\"(max-width: 1024px) 100vw, 1024px\" \/>\n            <\/div>\n        <\/div><div class=\"eael-entry-wrapper\"><header class=\"eael-entry-header\"><h2 class=\"eael-entry-title\"><a class=\"eael-grid-post-link\" href=\"https:\/\/soymigrante.com\/revista\/departamentos-de-guatemala-chimaltenango-tiene-montanas-tradicion-y-la-primera-capital-de-guatemala\/\" title=\"Departamentos de Guatemala: Chimaltenango tiene monta\u00f1as, tradici\u00f3n y la primera capital de Guatemala\">Departamentos de Guatemala: Chimaltenango tiene monta\u00f1as, tradici\u00f3n y la primera capital de Guatemala<\/a><\/h2><\/header><div class=\"eael-entry-content\">\n                        <div class=\"eael-grid-post-excerpt\"><a href=\"https:\/\/soymigrante.com\/revista\/departamentos-de-guatemala-chimaltenango-tiene-montanas-tradicion-y-la-primera-capital-de-guatemala\/\" class=\"eael-post-elements-readmore-btn\">CONOCE SU HISTORIA <\/a><\/div>\n                    <\/div><\/div><\/div>\n        <\/div>\n    <\/article><article class=\"eael-grid-post  eael-post-grid-column eael-pg-post-15953 category-guate-nuestra tags-departamentos-de-guatemala\" data-id=\"15953\">\n        <div class=\"eael-grid-post-holder\">\n            <div class=\"eael-grid-post-holder-inner\"><div class=\"eael-entry-media\"><div class=\"eael-entry-overlay fade-in\"><i class=\"far fa-hand-pointer\" aria-hidden=\"true\"><\/i><a href=\"https:\/\/soymigrante.com\/revista\/departamentos-de-guatemala-alta-verapaz-mosaico-cultural-y-natural\/\"><\/a><\/div><div class=\"eael-entry-thumbnail \">\n                <img loading=\"lazy\" decoding=\"async\" width=\"1024\" height=\"1024\" src=\"https:\/\/soymigrante.com\/revista\/wp-content\/uploads\/2024\/12\/Alta-verapaz-e1733850705973-1024x1024.jpeg\" class=\"attachment-large size-large wp-image-15955\" alt=\"L\u00e1grimas gigantes en la selva tropical con cascada y piscina de agua, vista a\u00e9rea de exuberante vegetaci\u00f3n verde en un paisaje natural impresionante.\" srcset=\"https:\/\/soymigrante.com\/revista\/wp-content\/uploads\/2024\/12\/Alta-verapaz-e1733850705973-1024x1024.jpeg 1024w, https:\/\/soymigrante.com\/revista\/wp-content\/uploads\/2024\/12\/Alta-verapaz-e1733850705973-300x300.jpeg 300w, https:\/\/soymigrante.com\/revista\/wp-content\/uploads\/2024\/12\/Alta-verapaz-e1733850705973-150x150.jpeg 150w, https:\/\/soymigrante.com\/revista\/wp-content\/uploads\/2024\/12\/Alta-verapaz-e1733850705973-768x768.jpeg 768w, https:\/\/soymigrante.com\/revista\/wp-content\/uploads\/2024\/12\/Alta-verapaz-e1733850705973-75x75.webp 75w, https:\/\/soymigrante.com\/revista\/wp-content\/uploads\/2024\/12\/Alta-verapaz-e1733850705973-750x750.webp 750w, https:\/\/soymigrante.com\/revista\/wp-content\/uploads\/2024\/12\/Alta-verapaz-e1733850705973.webp 1078w\" sizes=\"(max-width: 1024px) 100vw, 1024px\" \/>\n            <\/div>\n        <\/div><div class=\"eael-entry-wrapper\"><header class=\"eael-entry-header\"><h2 class=\"eael-entry-title\"><a class=\"eael-grid-post-link\" href=\"https:\/\/soymigrante.com\/revista\/departamentos-de-guatemala-alta-verapaz-mosaico-cultural-y-natural\/\" title=\"Departamentos de Guatemala : Alta Verapaz, cuna de la Monja Blanca\">Departamentos de Guatemala : Alta Verapaz, cuna de la Monja Blanca<\/a><\/h2><\/header><div class=\"eael-entry-content\">\n                        <div class=\"eael-grid-post-excerpt\"><a href=\"https:\/\/soymigrante.com\/revista\/departamentos-de-guatemala-alta-verapaz-mosaico-cultural-y-natural\/\" class=\"eael-post-elements-readmore-btn\">CONOCE SU HISTORIA <\/a><\/div>\n                    <\/div><\/div><\/div>\n        <\/div>\n    <\/article><\/div>\n            <div class=\"clearfix\"><\/div>\n        <\/div>\t\t\t\t<\/div>\n\t\t\t\t\t<\/div>\n\t\t\t\t<\/div>\n\t\t\t\t<\/div>\n\t\t","protected":false},"excerpt":{"rendered":"<p>Izabal no solo tiene amplia riqueza natural, tur\u00edstica y cultural: tambi\u00e9n es la puerta del Atl\u00e1ntico, por donde salen exportaciones guatemaltecas al exterior e ingresan productos y materias primas. Izabal, ubicado en la regi\u00f3n nororiental de Guatemala, es el \u00fanico departamento del pa\u00eds con acceso directo al mar Caribe, lo que le otorga una posici\u00f3n [&hellip;]<\/p>\n","protected":false},"author":19,"featured_media":21437,"comment_status":"open","ping_status":"open","sticky":false,"template":"","format":"standard","meta":{"_acf_changed":false,"_eb_attr":"","footnotes":""},"categories":[58],"tags":[137],"class_list":["post-21040","post","type-post","status-publish","format-standard","has-post-thumbnail","hentry","category-guate-nuestra","tag-departamentos-de-guatemala"],"acf":[],"aioseo_notices":[],"aioseo_head":"\n\t\t<!-- All in One SEO Pro 4.9.6.2 - aioseo.com -->\n\t<meta name=\"description\" content=\"Alta Verapaz es la tierra de Manuel Tot y de la maravilla natural de Semuc Champey, entre muchos otros tesoros de historia y naturaleza.\" \/>\n\t<meta name=\"robots\" content=\"max-snippet:-1, max-image-preview:large, max-video-preview:-1\" \/>\n\t<meta name=\"author\" content=\"Marysabel Aldana\"\/>\n\t<link rel=\"canonical\" href=\"https:\/\/soymigrante.com\/revista\/departamentos-de-guatemala-alta-verapaz-mosaico-cultural-y-natural\/\" \/>\n\t<meta name=\"generator\" content=\"All in One SEO Pro (AIOSEO) 4.9.6.2\" \/>\n\n\t\t<link rel=\"preconnect\" href=\"https:\/\/fonts.googleapis.com\" crossorigin>\n<link rel=\"preconnect\" href=\"https:\/\/fonts.gstatic.com\" crossorigin>\n\t\t<meta property=\"og:locale\" content=\"es_ES\" \/>\n\t\t<meta property=\"og:site_name\" content=\"SoyMigrante.com REVISTA \u2013 Nuestra misi\u00f3n es reconocer y dignificar al migrante.\" \/>\n\t\t<meta property=\"og:type\" content=\"article\" \/>\n\t\t<meta property=\"og:title\" content=\"Departamentos de Guatemala : Alta Verapaz, cuna de la Monja Blanca\" \/>\n\t\t<meta property=\"og:description\" content=\"Alta Verapaz es la tierra de Manuel Tot y de la maravilla natural de Semuc Champey, entre muchos otros tesoros de historia y naturaleza.\" \/>\n\t\t<meta property=\"og:url\" content=\"https:\/\/soymigrante.com\/revista\/departamentos-de-guatemala-alta-verapaz-mosaico-cultural-y-natural\/\" \/>\n\t\t<meta property=\"og:image\" content=\"https:\/\/soymigrante.com\/revista\/wp-content\/uploads\/2024\/12\/Alta-verapaz-e1733850705973.webp\" \/>\n\t\t<meta property=\"og:image:secure_url\" content=\"https:\/\/soymigrante.com\/revista\/wp-content\/uploads\/2024\/12\/Alta-verapaz-e1733850705973.webp\" \/>\n\t\t<meta property=\"og:image:width\" content=\"1078\" \/>\n\t\t<meta property=\"og:image:height\" content=\"1078\" \/>\n\t\t<meta property=\"article:published_time\" content=\"2024-12-26T18:56:53+00:00\" \/>\n\t\t<meta property=\"article:modified_time\" content=\"2025-03-04T18:38:32+00:00\" \/>\n\t\t<meta property=\"article:publisher\" content=\"https:\/\/www.facebook.com\/soymigrantecom\" \/>\n\t\t<meta name=\"twitter:card\" content=\"summary_large_image\" \/>\n\t\t<meta name=\"twitter:site\" content=\"@SoyMigrante_com\" \/>\n\t\t<meta name=\"twitter:title\" content=\"Departamentos de Guatemala : Alta Verapaz, cuna de la Monja Blanca\" \/>\n\t\t<meta name=\"twitter:description\" content=\"Alta Verapaz es la tierra de Manuel Tot y de la maravilla natural de Semuc Champey, entre muchos otros tesoros de historia y naturaleza.\" \/>\n\t\t<meta name=\"twitter:creator\" content=\"@SoyMigrante_com\" \/>\n\t\t<meta name=\"twitter:image\" content=\"https:\/\/soymigrante.com\/revista\/wp-content\/uploads\/2024\/12\/Alta-verapaz-e1733850705973.webp\" \/>\n\t\t<!-- All in One SEO Pro -->\r\n\t\t<title>Departamentos de Guatemala : Alta Verapaz, cuna de la Monja Blanca<\/title>\n\n","aioseo_head_json":{"title":"Departamentos de Guatemala : Alta Verapaz, cuna de la Monja Blanca","description":"Alta Verapaz es la tierra de Manuel Tot y de la maravilla natural de Semuc Champey, entre muchos otros tesoros de historia y naturaleza.","canonical_url":"https:\/\/soymigrante.com\/revista\/departamentos-de-guatemala-alta-verapaz-mosaico-cultural-y-natural\/","robots":"max-snippet:-1, max-image-preview:large, max-video-preview:-1","keywords":"","webmasterTools":{"miscellaneous":"&lt;link rel=\"preconnect\" href=\"https:\/\/fonts.googleapis.com\" crossorigin&gt;\n&lt;link rel=\"preconnect\" href=\"https:\/\/fonts.gstatic.com\" crossorigin&gt;"},"schema":null,"og:locale":"es_ES","og:site_name":"SoyMigrante.com REVISTA \u2013 Nuestra misi\u00f3n es reconocer y dignificar al migrante.","og:type":"article","og:title":"Departamentos de Guatemala : Alta Verapaz, cuna de la Monja Blanca","og:description":"Alta Verapaz es la tierra de Manuel Tot y de la maravilla natural de Semuc Champey, entre muchos otros tesoros de historia y naturaleza.","og:url":"https:\/\/soymigrante.com\/revista\/departamentos-de-guatemala-alta-verapaz-mosaico-cultural-y-natural\/","og:image":"https:\/\/soymigrante.com\/revista\/wp-content\/uploads\/2024\/12\/Alta-verapaz-e1733850705973.webp","og:image:secure_url":"https:\/\/soymigrante.com\/revista\/wp-content\/uploads\/2024\/12\/Alta-verapaz-e1733850705973.webp","og:image:width":1078,"og:image:height":1078,"article:published_time":"2024-12-26T18:56:53+00:00","article:modified_time":"2025-03-04T18:38:32+00:00","article:publisher":"https:\/\/www.facebook.com\/soymigrantecom","twitter:card":"summary_large_image","twitter:site":"@SoyMigrante_com","twitter:title":"Departamentos de Guatemala : Alta Verapaz, cuna de la Monja Blanca","twitter:description":"Alta Verapaz es la tierra de Manuel Tot y de la maravilla natural de Semuc Champey, entre muchos otros tesoros de historia y naturaleza.","twitter:creator":"@SoyMigrante_com","twitter:image":"https:\/\/soymigrante.com\/revista\/wp-content\/uploads\/2024\/12\/Alta-verapaz-e1733850705973.webp"},"aioseo_meta_data":{"post_id":"21040","title":null,"description":"Izabal no solo posee el mayor lago de Guatemala, tambi\u00e9n la mayor estela de la cultura maya y valiosos atractivos naturales. Conoce m\u00e1s aqu\u00ed.","keywords":null,"keyphrases":{"focus":{"keyphrase":"Izabal","score":82,"analysis":{"keyphraseInTitle":{"score":9,"maxScore":9,"error":0},"keyphraseInDescription":{"score":9,"maxScore":9,"error":0},"keyphraseLength":{"score":9,"maxScore":9,"error":0,"length":1},"keyphraseInURL":{"score":5,"maxScore":5,"error":0},"keyphraseInIntroduction":{"score":9,"maxScore":9,"error":0},"keyphraseInSubHeadings":{"score":3,"maxScore":9,"error":1},"keyphraseInImageAlt":{"score":3,"maxScore":9,"error":1},"keywordDensity":{"type":"best","score":9,"maxScore":9,"error":0}}},"additional":[{"keyphrase":"Guatemala","score":100,"analysis":{"keyphraseInDescription":{"score":9,"maxScore":9,"error":0},"keyphraseLength":{"score":9,"maxScore":9,"error":0,"length":1},"keyphraseInIntroduction":{"score":9,"maxScore":9,"error":0},"keyphraseInImageAlt":{"score":9,"maxScore":9,"error":0},"keywordDensity":{"type":"best","score":9,"maxScore":9,"error":0}}},{"keyphrase":"Izabal","score":87,"analysis":{"keyphraseInDescription":{"score":9,"maxScore":9,"error":0},"keyphraseLength":{"score":9,"maxScore":9,"error":0,"length":1},"keyphraseInIntroduction":{"score":9,"maxScore":9,"error":0},"keyphraseInImageAlt":{"score":3,"maxScore":9,"error":1},"keywordDensity":{"type":"best","score":9,"maxScore":9,"error":0}}},{"keyphrase":"Puerto Barrios","score":40,"analysis":{"keyphraseInDescription":{"score":3,"maxScore":9,"error":1},"keyphraseLength":{"score":9,"maxScore":9,"error":0,"length":2},"keyphraseInIntroduction":{"score":3,"maxScore":9,"error":1},"keyphraseInImageAlt":{"score":3,"maxScore":9,"error":1},"keywordDensity":{"score":0,"type":"low","maxScore":9,"error":1}}}]},"primary_term":null,"canonical_url":null,"og_title":null,"og_description":null,"og_object_type":"default","og_image_type":"default","og_image_url":null,"og_image_width":null,"og_image_height":null,"og_image_custom_url":null,"og_image_custom_fields":null,"og_video":"","og_custom_url":null,"og_article_section":null,"og_article_tags":null,"twitter_use_og":false,"twitter_card":"default","twitter_image_type":"default","twitter_image_url":null,"twitter_image_custom_url":null,"twitter_image_custom_fields":null,"twitter_title":null,"twitter_description":null,"schema":{"blockGraphs":[],"customGraphs":[],"default":{"data":{"Article":[],"Course":[],"Dataset":[],"FAQPage":[],"Movie":[],"Person":[],"Product":[],"ProductReview":[],"Car":[],"Recipe":[],"Service":[],"SoftwareApplication":[],"WebPage":[]},"graphName":"BlogPosting","isEnabled":true},"graphs":[]},"schema_type":"default","schema_type_options":null,"pillar_content":false,"robots_default":true,"robots_noindex":false,"robots_noarchive":false,"robots_nosnippet":false,"robots_nofollow":false,"robots_noimageindex":false,"robots_noodp":false,"robots_notranslate":false,"robots_max_snippet":"-1","robots_max_videopreview":"-1","robots_max_imagepreview":"large","priority":null,"frequency":"default","local_seo":null,"seo_analyzer_scan_date":"2025-10-09 01:52:29","breadcrumb_settings":null,"limit_modified_date":false,"reviewed_by":null,"open_ai":"{\"title\":{\"suggestions\":[],\"usage\":0},\"description\":{\"suggestions\":[],\"usage\":0}}","ai":null,"created":"2025-01-15 21:23:46","updated":"2026-02-04 19:00:35"},"aioseo_breadcrumb":"<div class=\"aioseo-breadcrumbs\"><span class=\"aioseo-breadcrumb\">\n\t<a href=\"https:\/\/soymigrante.com\/revista\" title=\"Home\">Home<\/a>\n<\/span><span class=\"aioseo-breadcrumb-separator\">\u00bb<\/span><span class=\"aioseo-breadcrumb\">\n\t<a href=\"https:\/\/soymigrante.com\/revista\/category\/guate-nuestra\/\" title=\"Guate Nuestra\">Guate Nuestra<\/a>\n<\/span><span class=\"aioseo-breadcrumb-separator\">\u00bb<\/span><span class=\"aioseo-breadcrumb\">\n\tDepartamentos de Guatemala: Izabal es la puerta del Caribe\n<\/span><\/div>","aioseo_breadcrumb_json":[{"label":"Home","link":"https:\/\/soymigrante.com\/revista"},{"label":"Guate Nuestra","link":"https:\/\/soymigrante.com\/revista\/category\/guate-nuestra\/"},{"label":"Departamentos de Guatemala: Izabal es la puerta del Caribe","link":"https:\/\/soymigrante.com\/revista\/departamentos-de-guatemala-izabal-es-la-puerta-del-caribe\/"}],"_links":{"self":[{"href":"https:\/\/soymigrante.com\/revista\/wp-json\/wp\/v2\/posts\/21040","targetHints":{"allow":["GET"]}}],"collection":[{"href":"https:\/\/soymigrante.com\/revista\/wp-json\/wp\/v2\/posts"}],"about":[{"href":"https:\/\/soymigrante.com\/revista\/wp-json\/wp\/v2\/types\/post"}],"author":[{"embeddable":true,"href":"https:\/\/soymigrante.com\/revista\/wp-json\/wp\/v2\/users\/19"}],"replies":[{"embeddable":true,"href":"https:\/\/soymigrante.com\/revista\/wp-json\/wp\/v2\/comments?post=21040"}],"version-history":[{"count":0,"href":"https:\/\/soymigrante.com\/revista\/wp-json\/wp\/v2\/posts\/21040\/revisions"}],"wp:featuredmedia":[{"embeddable":true,"href":"https:\/\/soymigrante.com\/revista\/wp-json\/wp\/v2\/media\/21437"}],"wp:attachment":[{"href":"https:\/\/soymigrante.com\/revista\/wp-json\/wp\/v2\/media?parent=21040"}],"wp:term":[{"taxonomy":"category","embeddable":true,"href":"https:\/\/soymigrante.com\/revista\/wp-json\/wp\/v2\/categories?post=21040"},{"taxonomy":"post_tag","embeddable":true,"href":"https:\/\/soymigrante.com\/revista\/wp-json\/wp\/v2\/tags?post=21040"}],"curies":[{"name":"wp","href":"https:\/\/api.w.org\/{rel}","templated":true}]}}