{"id":2103,"date":"2023-08-05T19:42:05","date_gmt":"2023-08-05T19:42:05","guid":{"rendered":"https:\/\/soymigrante.com\/revista\/?p=2103"},"modified":"2026-03-11T16:52:48","modified_gmt":"2026-03-11T22:52:48","slug":"dia-juana-son-houston-reconocimiento","status":"publish","type":"post","link":"https:\/\/soymigrante.com\/revista\/dia-juana-son-houston-reconocimiento\/","title":{"rendered":"Houston celebra el D\u00eda de Juanita Son: un verdadero orgullo guatemalteco"},"content":{"rendered":"\t\t<div data-elementor-type=\"wp-post\" data-elementor-id=\"2103\" class=\"elementor elementor-2103\" data-elementor-post-type=\"post\">\n\t\t\t\t\t\t<section data-particle_enable=\"false\" data-particle-mobile-disabled=\"false\" class=\"elementor-section elementor-top-section elementor-element elementor-element-759935f elementor-section-boxed elementor-section-height-default elementor-section-height-default\" data-id=\"759935f\" data-element_type=\"section\" data-e-type=\"section\">\n\t\t\t\t\t\t<div class=\"elementor-container elementor-column-gap-default\">\n\t\t\t\t\t<div class=\"elementor-column elementor-col-100 elementor-top-column elementor-element elementor-element-695854a\" data-id=\"695854a\" data-element_type=\"column\" data-e-type=\"column\">\n\t\t\t<div class=\"elementor-widget-wrap elementor-element-populated\">\n\t\t\t\t\t\t<div class=\"elementor-element elementor-element-1b15766 elementor-widget elementor-widget-heading\" data-id=\"1b15766\" data-element_type=\"widget\" data-e-type=\"widget\" data-widget_type=\"heading.default\">\n\t\t\t\t\t<h1 class=\"elementor-heading-title elementor-size-default\">\u00bfComo logras que una ciudad como Houston te dedique un d\u00eda especial? Para Juana Francisca Son, migrante guatemalteca originaria de Quetzaltenango, la respuesta es: aportar a la comunidad sin buscar ning\u00fan reconocimiento.<\/h1>\t\t\t\t<\/div>\n\t\t\t\t\t<\/div>\n\t\t<\/div>\n\t\t\t\t\t<\/div>\n\t\t<\/section>\n\t\t\t\t<section data-particle_enable=\"false\" data-particle-mobile-disabled=\"false\" class=\"elementor-section elementor-top-section elementor-element elementor-element-042f56c elementor-section-boxed elementor-section-height-default elementor-section-height-default\" data-id=\"042f56c\" data-element_type=\"section\" data-e-type=\"section\">\n\t\t\t\t\t\t<div class=\"elementor-container elementor-column-gap-default\">\n\t\t\t\t\t<div class=\"elementor-column elementor-col-100 elementor-top-column elementor-element elementor-element-223659b\" data-id=\"223659b\" data-element_type=\"column\" data-e-type=\"column\">\n\t\t\t<div class=\"elementor-widget-wrap elementor-element-populated\">\n\t\t\t\t\t\t<div class=\"elementor-element elementor-element-2ce00ca elementor-widget elementor-widget-text-editor\" data-id=\"2ce00ca\" data-element_type=\"widget\" data-e-type=\"widget\" data-widget_type=\"text-editor.default\">\n\t\t\t\t\t\t\t\t\t<p>El pr\u00f3ximo 14 de agosto se conmemorar\u00e1 por tercer a\u00f1o el D\u00eda de Juana F. Son (as\u00ed aparece su nombre en el t\u00edtulo de declaratoria) en la ciudad de Houston, Texas, en donde esta migrante guatemalteca, originaria de Quetzaltenango, radica desde hace 31 a\u00f1os. Lleg\u00f3 en busca de oportunidades de trabajo y superaci\u00f3n. No fue f\u00e1cil. No fue r\u00e1pido. &#8220;Pero Dios ha sido muy lindo conmigo y me ha abierto puertas siempre&#8221;, expresa con humildad y emoci\u00f3n.<\/p>\t\t\t\t\t\t\t\t<\/div>\n\t\t\t\t\t<\/div>\n\t\t<\/div>\n\t\t\t\t\t<\/div>\n\t\t<\/section>\n\t\t\t\t<section data-particle_enable=\"false\" data-particle-mobile-disabled=\"false\" class=\"elementor-section elementor-top-section elementor-element elementor-element-e48156f elementor-section-boxed elementor-section-height-default elementor-section-height-default\" data-id=\"e48156f\" data-element_type=\"section\" data-e-type=\"section\">\n\t\t\t\t\t\t<div class=\"elementor-container elementor-column-gap-default\">\n\t\t\t\t\t<div class=\"elementor-column elementor-col-100 elementor-top-column elementor-element elementor-element-82d64b8\" data-id=\"82d64b8\" data-element_type=\"column\" data-e-type=\"column\">\n\t\t\t<div class=\"elementor-widget-wrap elementor-element-populated\">\n\t\t\t\t\t\t<div class=\"elementor-element elementor-element-3c72891 elementor-widget elementor-widget-image\" data-id=\"3c72891\" data-element_type=\"widget\" data-e-type=\"widget\" data-widget_type=\"image.default\">\n\t\t\t\t\t\t\t\t\t\t\t\t\t\t\t<img fetchpriority=\"high\" decoding=\"async\" width=\"723\" height=\"1024\" src=\"https:\/\/soymigrante.com\/revista\/wp-content\/uploads\/2023\/08\/MIGRANTE-GUATEMALTECA-JUANA-FRANCISCA-SON-8.webp\" class=\"attachment-large size-large wp-image-2108\" alt=\"Declaratoria del 14 de agosto como D\u00eda de Juana F. Son, migrante guatemalteca, firmado por el alcalde de Houston Texas en 2021.\" srcset=\"https:\/\/soymigrante.com\/revista\/wp-content\/uploads\/2023\/08\/MIGRANTE-GUATEMALTECA-JUANA-FRANCISCA-SON-8.webp 723w, https:\/\/soymigrante.com\/revista\/wp-content\/uploads\/2023\/08\/MIGRANTE-GUATEMALTECA-JUANA-FRANCISCA-SON-8-212x300.webp 212w\" sizes=\"(max-width: 723px) 100vw, 723px\" title=\"Declaratoria del 14 de agosto como D\u00eda de Juana F. Son,  migrante guatemalteca, firmado por el alcalde de Houston Texas en 2021. \u2013 SoyMigrante.com REVISTA\" \/>\t\t\t\t\t\t\t\t\t\t\t\t\t\t\t<\/div>\n\t\t\t\t\t<\/div>\n\t\t<\/div>\n\t\t\t\t\t<\/div>\n\t\t<\/section>\n\t\t\t\t<section data-particle_enable=\"false\" data-particle-mobile-disabled=\"false\" class=\"elementor-section elementor-top-section elementor-element elementor-element-0f12f94 elementor-section-boxed elementor-section-height-default elementor-section-height-default\" data-id=\"0f12f94\" data-element_type=\"section\" data-e-type=\"section\">\n\t\t\t\t\t\t<div class=\"elementor-container elementor-column-gap-default\">\n\t\t\t\t\t<div class=\"elementor-column elementor-col-100 elementor-top-column elementor-element elementor-element-b63dd26\" data-id=\"b63dd26\" data-element_type=\"column\" data-e-type=\"column\">\n\t\t\t<div class=\"elementor-widget-wrap elementor-element-populated\">\n\t\t\t\t\t\t<div class=\"elementor-element elementor-element-69e1721 elementor-widget elementor-widget-heading\" data-id=\"69e1721\" data-element_type=\"widget\" data-e-type=\"widget\" data-widget_type=\"heading.default\">\n\t\t\t\t\t<h2 class=\"elementor-heading-title elementor-size-default\">Dos mam\u00e1s, un solo aprendizaje<\/h2>\t\t\t\t<\/div>\n\t\t\t\t\t<\/div>\n\t\t<\/div>\n\t\t\t\t\t<\/div>\n\t\t<\/section>\n\t\t\t\t<section data-particle_enable=\"false\" data-particle-mobile-disabled=\"false\" class=\"elementor-section elementor-top-section elementor-element elementor-element-4328f82 elementor-section-boxed elementor-section-height-default elementor-section-height-default\" data-id=\"4328f82\" data-element_type=\"section\" data-e-type=\"section\">\n\t\t\t\t\t\t<div class=\"elementor-container elementor-column-gap-default\">\n\t\t\t\t\t<div class=\"elementor-column elementor-col-100 elementor-top-column elementor-element elementor-element-5546602\" data-id=\"5546602\" data-element_type=\"column\" data-e-type=\"column\">\n\t\t\t<div class=\"elementor-widget-wrap elementor-element-populated\">\n\t\t\t\t\t\t<div class=\"elementor-element elementor-element-7c216ea elementor-widget elementor-widget-text-editor\" data-id=\"7c216ea\" data-element_type=\"widget\" data-e-type=\"widget\" data-widget_type=\"text-editor.default\">\n\t\t\t\t\t\t\t\t\t<p>&#8220;MI pap\u00e1 falleci\u00f3 cuando yo ten\u00eda 11 a\u00f1os. El se llamaba Anselmo Son y era maestro de construcci\u00f3n. Mi madre, Laura Ajanel Hern\u00e1ndez trabaj\u00f3 muy duro para criar 4 hijos. Yo era la m\u00e1s peque\u00f1a. Ella dec\u00eda &#8220;Nada es imposible y vamos a salir adelante. Y me siendo dichosa y orgullosa,\u00a0 porque tuve dos mam\u00e1s: mi mam\u00e1 y mi abuelita, que tambi\u00e9n nos aconsejaba tener un esp\u00edritu de servicio&#8221;.<\/p><p>Aquella inspiraci\u00f3n de trabajo y de servir a los dem\u00e1s fue y sigue siendo clave en la vida de Juanita, quien ha logrado sacar adelante a sus dos hijos, Henry, de 32, que trabaja en una empresa petrolera y Luis, de 30, que se desenvuelve en marketing. &#8220;Los guatemaltecos en Estados Unidos tenemos grandes objetivos, tambi\u00e9n la necesidad de salir adelante y por eso luchamos&#8221;, dice Juanita.<\/p>\t\t\t\t\t\t\t\t<\/div>\n\t\t\t\t<div class=\"elementor-element elementor-element-3d08218 elementor-widget elementor-widget-image\" data-id=\"3d08218\" data-element_type=\"widget\" data-e-type=\"widget\" data-widget_type=\"image.default\">\n\t\t\t\t\t\t\t\t\t\t\t\t<figure class=\"wp-caption\">\n\t\t\t\t\t\t\t\t\t\t<img decoding=\"async\" width=\"1024\" height=\"770\" src=\"https:\/\/soymigrante.com\/revista\/wp-content\/uploads\/2023\/08\/MIGRANTE-GUATEMALTECA-JUANA-FRANCISCA-SON-1-e1691262465776-1024x770.webp\" class=\"attachment-large size-large wp-image-2115\" alt=\"El 14 de agosto de 2021, d\u00eda de su cumplea\u00f1os, Juanita F. Son celebr\u00f3 rodeada de familia, amigos y la comunidad el d\u00eda dedicado a su trayectoria y aporte.\" srcset=\"https:\/\/soymigrante.com\/revista\/wp-content\/uploads\/2023\/08\/MIGRANTE-GUATEMALTECA-JUANA-FRANCISCA-SON-1-e1691262465776-1024x770.webp 1024w, https:\/\/soymigrante.com\/revista\/wp-content\/uploads\/2023\/08\/MIGRANTE-GUATEMALTECA-JUANA-FRANCISCA-SON-1-e1691262465776-300x226.webp 300w, https:\/\/soymigrante.com\/revista\/wp-content\/uploads\/2023\/08\/MIGRANTE-GUATEMALTECA-JUANA-FRANCISCA-SON-1-e1691262465776-768x577.webp 768w, https:\/\/soymigrante.com\/revista\/wp-content\/uploads\/2023\/08\/MIGRANTE-GUATEMALTECA-JUANA-FRANCISCA-SON-1-e1691262465776-750x564.webp 750w, https:\/\/soymigrante.com\/revista\/wp-content\/uploads\/2023\/08\/MIGRANTE-GUATEMALTECA-JUANA-FRANCISCA-SON-1-e1691262465776-1140x857.webp 1140w, https:\/\/soymigrante.com\/revista\/wp-content\/uploads\/2023\/08\/MIGRANTE-GUATEMALTECA-JUANA-FRANCISCA-SON-1-e1691262465776.webp 1463w\" sizes=\"(max-width: 1024px) 100vw, 1024px\" title=\"El 14 de agosto de 2021, d\u00eda de su cumplea\u00f1os, Juanita F. Son celebr\u00f3 rodeada de familia, amigos y la comunidad el d\u00eda dedicado a su trayectoria y aporte. \u2013 SoyMigrante.com REVISTA\" \/>\t\t\t\t\t\t\t\t\t\t\t<figcaption class=\"widget-image-caption wp-caption-text\">El 14 de agosto de 2021, d\u00eda de su cumplea\u00f1os, Juanita F. Son celebr\u00f3 rodeada de familia, amigos y la comunidad el d\u00eda dedicado a su trayectoria y aporte.<\/figcaption>\n\t\t\t\t\t\t\t\t\t\t<\/figure>\n\t\t\t\t\t\t\t\t\t<\/div>\n\t\t\t\t\t<\/div>\n\t\t<\/div>\n\t\t\t\t\t<\/div>\n\t\t<\/section>\n\t\t\t\t<section data-particle_enable=\"false\" data-particle-mobile-disabled=\"false\" class=\"elementor-section elementor-top-section elementor-element elementor-element-d0d61d3 elementor-section-boxed elementor-section-height-default elementor-section-height-default\" data-id=\"d0d61d3\" data-element_type=\"section\" data-e-type=\"section\">\n\t\t\t\t\t\t<div class=\"elementor-container elementor-column-gap-default\">\n\t\t\t\t\t<div class=\"elementor-column elementor-col-100 elementor-top-column elementor-element elementor-element-31faaab\" data-id=\"31faaab\" data-element_type=\"column\" data-e-type=\"column\">\n\t\t\t<div class=\"elementor-widget-wrap elementor-element-populated\">\n\t\t\t\t\t\t<div class=\"elementor-element elementor-element-3057d09 elementor-widget elementor-widget-heading\" data-id=\"3057d09\" data-element_type=\"widget\" data-e-type=\"widget\" data-widget_type=\"heading.default\">\n\t\t\t\t\t<h2 class=\"elementor-heading-title elementor-size-default\">Orgullo por la identidad maya k'iche'<\/h2>\t\t\t\t<\/div>\n\t\t\t\t\t<\/div>\n\t\t<\/div>\n\t\t\t\t\t<\/div>\n\t\t<\/section>\n\t\t\t\t<section data-particle_enable=\"false\" data-particle-mobile-disabled=\"false\" class=\"elementor-section elementor-top-section elementor-element elementor-element-54a69a5 elementor-section-boxed elementor-section-height-default elementor-section-height-default\" data-id=\"54a69a5\" data-element_type=\"section\" data-e-type=\"section\">\n\t\t\t\t\t\t<div class=\"elementor-container elementor-column-gap-default\">\n\t\t\t\t\t<div class=\"elementor-column elementor-col-100 elementor-top-column elementor-element elementor-element-d174f54\" data-id=\"d174f54\" data-element_type=\"column\" data-e-type=\"column\">\n\t\t\t<div class=\"elementor-widget-wrap elementor-element-populated\">\n\t\t\t\t\t\t<div class=\"elementor-element elementor-element-147dc5f elementor-widget elementor-widget-text-editor\" data-id=\"147dc5f\" data-element_type=\"widget\" data-e-type=\"widget\" data-widget_type=\"text-editor.default\">\n\t\t\t\t\t\t\t\t\t<p>&#8220;En cada ocasi\u00f3n que puedo, uso con mucho orgullo la indumentaria ceremonial de mi comunidad maya k&#8217;iche'&#8221;, expresa Juana, quien suele participar en actividades de migrantes guatemaltecos e hispanos, en las cuales se refuerzan lazos de identidad.<\/p><p>&#8220;Recibo invitaciones para participar en eventos culturales y ben\u00e9ficos. Yo acudo con gusto para mostrar que los guatemaltecos somos generosos, activos y entusiastas. Que venimos a este pa\u00eds, Estados Unidos para trabajar pero tambi\u00e9n para enriquecer y ser hermanos&#8221;, agrega.<\/p>\t\t\t\t\t\t\t\t<\/div>\n\t\t\t\t\t<\/div>\n\t\t<\/div>\n\t\t\t\t\t<\/div>\n\t\t<\/section>\n\t\t\t\t<section data-particle_enable=\"false\" data-particle-mobile-disabled=\"false\" class=\"elementor-section elementor-top-section elementor-element elementor-element-dad4d29 elementor-section-boxed elementor-section-height-default elementor-section-height-default\" data-id=\"dad4d29\" data-element_type=\"section\" data-e-type=\"section\">\n\t\t\t\t\t\t<div class=\"elementor-container elementor-column-gap-default\">\n\t\t\t\t\t<div class=\"elementor-column elementor-col-100 elementor-top-column elementor-element elementor-element-4c72b6c\" data-id=\"4c72b6c\" data-element_type=\"column\" data-e-type=\"column\">\n\t\t\t<div class=\"elementor-widget-wrap elementor-element-populated\">\n\t\t\t\t\t\t<div class=\"elementor-element elementor-element-98f8809 elementor-arrows-position-outside elementor-pagination-position-inside elementor-widget elementor-widget-image-carousel\" data-id=\"98f8809\" data-element_type=\"widget\" data-e-type=\"widget\" data-settings=\"{&quot;slides_to_show&quot;:&quot;1&quot;,&quot;navigation&quot;:&quot;both&quot;,&quot;autoplay&quot;:&quot;yes&quot;,&quot;pause_on_hover&quot;:&quot;yes&quot;,&quot;pause_on_interaction&quot;:&quot;yes&quot;,&quot;autoplay_speed&quot;:5000,&quot;infinite&quot;:&quot;yes&quot;,&quot;effect&quot;:&quot;slide&quot;,&quot;speed&quot;:500}\" data-widget_type=\"image-carousel.default\">\n\t\t\t\t\t\t\t<div class=\"elementor-image-carousel-wrapper swiper\" role=\"region\" aria-roledescription=\"carousel\" aria-label=\"Carrusel de im\u00e1genes\" dir=\"ltr\">\n\t\t\t<div class=\"elementor-image-carousel swiper-wrapper\" aria-live=\"off\">\n\t\t\t\t\t\t\t\t<div class=\"swiper-slide\" role=\"group\" aria-roledescription=\"slide\" aria-label=\"1 de 6\"><figure class=\"swiper-slide-inner\"><img decoding=\"async\" class=\"swiper-slide-image\" src=\"https:\/\/soymigrante.com\/revista\/wp-content\/uploads\/2023\/08\/MIGRANTE-GUATEMALTECA-JUANA-FRANCISCA-SON-14-768x512.webp\" alt=\"La promoci\u00f3n de la identidad maya guatemalteca es uno de los ideales constantes de Juana Son\" \/><figcaption class=\"elementor-image-carousel-caption\">La promoci\u00f3n de la identidad maya guatemalteca es uno de los ideales constantes de Juana Son<\/figcaption><\/figure><\/div><div class=\"swiper-slide\" role=\"group\" aria-roledescription=\"slide\" aria-label=\"2 de 6\"><figure class=\"swiper-slide-inner\"><img decoding=\"async\" class=\"swiper-slide-image\" src=\"https:\/\/soymigrante.com\/revista\/wp-content\/uploads\/2023\/08\/MIGRANTE-GUATEMALTECA-JUANA-FRANCISCA-SON-4-768x576.webp\" alt=\"En recaudaciones de recursos, ferias comerciales y eventos educativos, Juana no duda en participar.\" \/><figcaption class=\"elementor-image-carousel-caption\">En recaudaciones de recursos, ferias comerciales y eventos educativos, Juana no duda en participar.<\/figcaption><\/figure><\/div><div class=\"swiper-slide\" role=\"group\" aria-roledescription=\"slide\" aria-label=\"3 de 6\"><figure class=\"swiper-slide-inner\"><img decoding=\"async\" class=\"swiper-slide-image\" src=\"https:\/\/soymigrante.com\/revista\/wp-content\/uploads\/2023\/08\/MIGRANTE-GUATEMALTECA-JUANA-FRANCISCA-SON-3-768x576.webp\" alt=\"En un desfile de identidades hispanas, Juana F. Son aporta la identidad quetzalteca.\" \/><figcaption class=\"elementor-image-carousel-caption\">En un desfile de identidades hispanas, Juana F. Son aporta la identidad quetzalteca.<\/figcaption><\/figure><\/div><div class=\"swiper-slide\" role=\"group\" aria-roledescription=\"slide\" aria-label=\"4 de 6\"><figure class=\"swiper-slide-inner\"><img decoding=\"async\" class=\"swiper-slide-image\" src=\"https:\/\/soymigrante.com\/revista\/wp-content\/uploads\/2023\/08\/MIGRANTE-GUATEMALTECA-JUANA-FRANCISCA-SON-2-e1691263447345-768x660.webp\" alt=\"Juana participa activamente en actividades ben\u00e9ficas en la ciudad de Houston.\" \/><figcaption class=\"elementor-image-carousel-caption\">Juana participa activamente en actividades ben\u00e9ficas en la ciudad de Houston.<\/figcaption><\/figure><\/div><div class=\"swiper-slide\" role=\"group\" aria-roledescription=\"slide\" aria-label=\"5 de 6\"><figure class=\"swiper-slide-inner\"><img decoding=\"async\" class=\"swiper-slide-image\" src=\"https:\/\/soymigrante.com\/revista\/wp-content\/uploads\/2023\/08\/MIGRANTE-GUATEMALTECA-JUANA-FRANCISCA-SON-11-e1691263531960-768x660.webp\" alt=\"&quot;Mi abuela dec\u00eda que si alguien llega a tu casa y no tienes nada qu\u00e9 darle, ofr\u00e9cele aunque sea un vaso de agua, porque estamos para servir&quot;, expresa Juana.\" \/><figcaption class=\"elementor-image-carousel-caption\">\"Mi abuela dec\u00eda que si alguien llega a tu casa y no tienes nada qu\u00e9 darle, ofr\u00e9cele aunque sea un vaso de agua, porque estamos para servir\", expresa Juana.<\/figcaption><\/figure><\/div><div class=\"swiper-slide\" role=\"group\" aria-roledescription=\"slide\" aria-label=\"6 de 6\"><figure class=\"swiper-slide-inner\"><img decoding=\"async\" class=\"swiper-slide-image\" src=\"https:\/\/soymigrante.com\/revista\/wp-content\/uploads\/2023\/08\/MIGRANTE-GUATEMALTECA-JUANA-FRANCISCA-SON-7-e1691263619359-768x824.webp\" alt=\"&quot;Me siento orgullosa de ser guatemalteca migrante en Estados Unidos, porque mantengo mis ra\u00edces&quot;, expresa Juana Son.\" \/><figcaption class=\"elementor-image-carousel-caption\">\"Me siento orgullosa de ser guatemalteca migrante en Estados Unidos, porque mantengo mis ra\u00edces\", expresa Juana Son.<\/figcaption><\/figure><\/div>\t\t\t<\/div>\n\t\t\t\t\t\t\t\t\t\t\t\t<div class=\"elementor-swiper-button elementor-swiper-button-prev\" role=\"button\" tabindex=\"0\">\n\t\t\t\t\t\t<i aria-hidden=\"true\" class=\"eicon-chevron-left\"><\/i>\t\t\t\t\t<\/div>\n\t\t\t\t\t<div class=\"elementor-swiper-button elementor-swiper-button-next\" role=\"button\" tabindex=\"0\">\n\t\t\t\t\t\t<i aria-hidden=\"true\" class=\"eicon-chevron-right\"><\/i>\t\t\t\t\t<\/div>\n\t\t\t\t\n\t\t\t\t\t\t\t\t\t<div class=\"swiper-pagination\"><\/div>\n\t\t\t\t\t\t\t\t\t<\/div>\n\t\t\t\t\t\t<\/div>\n\t\t\t\t\t<\/div>\n\t\t<\/div>\n\t\t\t\t\t<\/div>\n\t\t<\/section>\n\t\t\t\t<section data-particle_enable=\"false\" data-particle-mobile-disabled=\"false\" class=\"elementor-section elementor-top-section elementor-element elementor-element-b85987b elementor-section-boxed elementor-section-height-default elementor-section-height-default\" data-id=\"b85987b\" data-element_type=\"section\" data-e-type=\"section\">\n\t\t\t\t\t\t<div class=\"elementor-container elementor-column-gap-default\">\n\t\t\t\t\t<div class=\"elementor-column elementor-col-100 elementor-top-column elementor-element elementor-element-b595645\" data-id=\"b595645\" data-element_type=\"column\" data-e-type=\"column\">\n\t\t\t<div class=\"elementor-widget-wrap elementor-element-populated\">\n\t\t\t\t\t\t<div class=\"elementor-element elementor-element-4f6f870 elementor-widget elementor-widget-heading\" data-id=\"4f6f870\" data-element_type=\"widget\" data-e-type=\"widget\" data-widget_type=\"heading.default\">\n\t\t\t\t\t<h1 class=\"elementor-heading-title elementor-size-default\">Solidaridad y apoyo<br><\/h1>\t\t\t\t<\/div>\n\t\t\t\t\t<\/div>\n\t\t<\/div>\n\t\t\t\t\t<\/div>\n\t\t<\/section>\n\t\t\t\t<section data-particle_enable=\"false\" data-particle-mobile-disabled=\"false\" class=\"elementor-section elementor-top-section elementor-element elementor-element-012e6f5 elementor-section-boxed elementor-section-height-default elementor-section-height-default\" data-id=\"012e6f5\" data-element_type=\"section\" data-e-type=\"section\">\n\t\t\t\t\t\t<div class=\"elementor-container elementor-column-gap-default\">\n\t\t\t\t\t<div class=\"elementor-column elementor-col-100 elementor-top-column elementor-element elementor-element-8975139\" data-id=\"8975139\" data-element_type=\"column\" data-e-type=\"column\">\n\t\t\t<div class=\"elementor-widget-wrap elementor-element-populated\">\n\t\t\t\t\t\t<div class=\"elementor-element elementor-element-91a1c2f elementor-widget elementor-widget-text-editor\" data-id=\"91a1c2f\" data-element_type=\"widget\" data-e-type=\"widget\" data-widget_type=\"text-editor.default\">\n\t\t\t\t\t\t\t\t\t<p>En 2017, el hurac\u00e1n Harvey impact\u00f3 en Houston y caus\u00f3 fuertes inundaciones y da\u00f1os. &#8220;Yo siempre he participado en actividades de la comunidad guatemalteca, pero en esa ocasi\u00f3n hab\u00eda tantas personas albergadas en refugios, que se necesitaba apoyo para servir comida y atender a la gente. Yo me sum\u00e9 al esfuerzo de la Cruz Roja Americana. Pero lo hice siguiendo mis principios, como agradecimiento a tanto que he recibido de este pa\u00eds. No lo hice por aparentar ni por destacar&#8221;, cuenta.<\/p><p>&#8220;Uno cuando est\u00e1 apoyando no se da cuenta ni le pone atenci\u00f3n a que otros ven el esfuerzo. Porque no lo haces para impulsarte o por presumir. Pero fueron varias personas las que pidieron a la alcad\u00eda de Houston un reconocimiento para m\u00ed. Y fue as\u00ed como en 2021, el alcalde de la ciudad dedic\u00f3 el d\u00eda 14 de agosto a mi persona, que es el d\u00eda de mi cumplea\u00f1os. Yo lo dedico a mi familia, a mi pa\u00eds&#8221;, expresa con humildad.<br \/>En el video siguiente se encuentra la grabac\u00edon del festejo del D\u00eda de Juanita Son, a la cual asisti\u00f3 como invitada especial su mam\u00e1.<\/p>\t\t\t\t\t\t\t\t<\/div>\n\t\t\t\t\t<\/div>\n\t\t<\/div>\n\t\t\t\t\t<\/div>\n\t\t<\/section>\n\t\t\t\t<section data-particle_enable=\"false\" data-particle-mobile-disabled=\"false\" class=\"elementor-section elementor-top-section elementor-element elementor-element-6b5a3ad elementor-section-boxed elementor-section-height-default elementor-section-height-default\" data-id=\"6b5a3ad\" data-element_type=\"section\" data-e-type=\"section\">\n\t\t\t\t\t\t<div class=\"elementor-container elementor-column-gap-default\">\n\t\t\t\t\t<div class=\"elementor-column elementor-col-100 elementor-top-column elementor-element elementor-element-3e9c004\" data-id=\"3e9c004\" data-element_type=\"column\" data-e-type=\"column\">\n\t\t\t<div class=\"elementor-widget-wrap elementor-element-populated\">\n\t\t\t\t\t\t<div class=\"elementor-element elementor-element-895ccec elementor-widget elementor-widget-heading\" data-id=\"895ccec\" data-element_type=\"widget\" data-e-type=\"widget\" data-widget_type=\"heading.default\">\n\t\t\t\t\t<h2 class=\"elementor-heading-title elementor-size-default\">Nunca es f\u00e1cil pero nada es imposible <\/h2>\t\t\t\t<\/div>\n\t\t\t\t\t<\/div>\n\t\t<\/div>\n\t\t\t\t\t<\/div>\n\t\t<\/section>\n\t\t\t\t<section data-particle_enable=\"false\" data-particle-mobile-disabled=\"false\" class=\"elementor-section elementor-top-section elementor-element elementor-element-f2d86b6 elementor-section-boxed elementor-section-height-default elementor-section-height-default\" data-id=\"f2d86b6\" data-element_type=\"section\" data-e-type=\"section\">\n\t\t\t\t\t\t<div class=\"elementor-container elementor-column-gap-default\">\n\t\t\t\t\t<div class=\"elementor-column elementor-col-100 elementor-top-column elementor-element elementor-element-e05536b\" data-id=\"e05536b\" data-element_type=\"column\" data-e-type=\"column\">\n\t\t\t<div class=\"elementor-widget-wrap elementor-element-populated\">\n\t\t\t\t\t\t<div class=\"elementor-element elementor-element-865c1de elementor-widget elementor-widget-text-editor\" data-id=\"865c1de\" data-element_type=\"widget\" data-e-type=\"widget\" data-widget_type=\"text-editor.default\">\n\t\t\t\t\t\t\t\t\t<p>Juana Son relat\u00f3 a SoyMigrante.com que su mayor barrera como migrante guatemalteca fue adaptarse a una realidad distante de su familia. &#8220;La soledad fue una sensaci\u00f3n dif\u00edcil. Empec\u00e9 trabajando en limpieza, despu\u00e9s tambi\u00e9n estuve en\u00a0 una gasolinera. Sab\u00eda algo de ingl\u00e9s al llegar, porque estudi\u00e9 Secretariado Biling\u00fce en Quetzaltenango, pero despu\u00e9s de graduarme me vine para ac\u00e1.\u00a0<\/p><p><span style=\"font-family: Roboto, sans-serif; font-size: 16px; font-style: normal; font-variant-ligatures: normal; font-variant-caps: normal; font-weight: 400;\">Desde hace 14 a\u00f1os trabaja como asistente de servicio de una se\u00f1ora de la tercera edad, no vidente. &#8220;Gracias a Dios me he ganado la confianza y el cari\u00f1o de esa familia&#8221;, finaliza.<\/span><\/p><p>Desde que lleg\u00f3 a Estados Unidos pasaron 18 largos a\u00f1os para que pudiera volver a ver a su mam\u00e1.\u00a0<\/p><p>&#8220;Ella sigue viviendo en Quetzaltenango, pero logr\u00f3 obtener su vida y me vino a visitar. Aquel d\u00eda -expresa sin poder contener las l\u00e1grimas- fue un d\u00eda muy feliz, y la abrac\u00e9 tan fuerte y tan largo tiempo para agradecerle todos sus consejos. Su\u00a0 mam\u00e1, do\u00f1a Laura, asisti\u00f3 a la conmemoraci\u00f3n del D\u00eda de Juanita.<\/p>\t\t\t\t\t\t\t\t<\/div>\n\t\t\t\t\t<\/div>\n\t\t<\/div>\n\t\t\t\t\t<\/div>\n\t\t<\/section>\n\t\t\t\t<section data-particle_enable=\"false\" data-particle-mobile-disabled=\"false\" class=\"elementor-section elementor-top-section elementor-element elementor-element-418bb7f elementor-section-boxed elementor-section-height-default elementor-section-height-default\" data-id=\"418bb7f\" data-element_type=\"section\" data-e-type=\"section\">\n\t\t\t\t\t\t<div class=\"elementor-container elementor-column-gap-default\">\n\t\t\t\t\t<div class=\"elementor-column elementor-col-100 elementor-top-column elementor-element elementor-element-3f0c352\" data-id=\"3f0c352\" data-element_type=\"column\" data-e-type=\"column\">\n\t\t\t<div class=\"elementor-widget-wrap elementor-element-populated\">\n\t\t\t\t\t\t<div class=\"elementor-element elementor-element-2897942 elementor-widget elementor-widget-image\" data-id=\"2897942\" data-element_type=\"widget\" data-e-type=\"widget\" data-widget_type=\"image.default\">\n\t\t\t\t\t\t\t\t\t\t\t\t\t\t\t<img decoding=\"async\" width=\"540\" height=\"960\" src=\"https:\/\/soymigrante.com\/revista\/wp-content\/uploads\/2023\/08\/MIGRANTE-GUATEMALTECA-JUANA-FRANCISCA-SON-5.webp\" class=\"attachment-large size-large wp-image-2111\" alt=\"\" srcset=\"https:\/\/soymigrante.com\/revista\/wp-content\/uploads\/2023\/08\/MIGRANTE-GUATEMALTECA-JUANA-FRANCISCA-SON-5.webp 540w, https:\/\/soymigrante.com\/revista\/wp-content\/uploads\/2023\/08\/MIGRANTE-GUATEMALTECA-JUANA-FRANCISCA-SON-5-169x300.webp 169w\" sizes=\"(max-width: 540px) 100vw, 540px\" title=\"MIGRANTE GUATEMALTECA JUANA FRANCISCA SON (5) \u2013 SoyMigrante.com REVISTA\" \/>\t\t\t\t\t\t\t\t\t\t\t\t\t\t\t<\/div>\n\t\t\t\t\t<\/div>\n\t\t<\/div>\n\t\t\t\t\t<\/div>\n\t\t<\/section>\n\t\t\t\t<section data-particle_enable=\"false\" data-particle-mobile-disabled=\"false\" class=\"elementor-section elementor-top-section elementor-element elementor-element-10571e4 elementor-section-boxed elementor-section-height-default elementor-section-height-default\" data-id=\"10571e4\" data-element_type=\"section\" data-e-type=\"section\">\n\t\t\t\t\t\t<div class=\"elementor-container elementor-column-gap-default\">\n\t\t\t\t\t<div class=\"elementor-column elementor-col-100 elementor-top-column elementor-element elementor-element-342c2ec\" data-id=\"342c2ec\" data-element_type=\"column\" data-e-type=\"column\">\n\t\t\t<div class=\"elementor-widget-wrap elementor-element-populated\">\n\t\t\t\t\t\t<div class=\"elementor-element elementor-element-9e878d6 elementor-widget elementor-widget-testimonial\" data-id=\"9e878d6\" data-element_type=\"widget\" data-e-type=\"widget\" data-widget_type=\"testimonial.default\">\n\t\t\t\t\t\t\t<div class=\"elementor-testimonial-wrapper\">\n\t\t\t\t\t\t\t<div class=\"elementor-testimonial-content\">\"Gracias a Dios por haber tenido dos mam\u00e1s: mi mam\u00e1 y mi abuelita que me ense\u00f1aron el valor del trabajo y del servicio. Lo que yo haya aportado o logrado, se los debo al ejemplo de ellas\"<\/div>\n\t\t\t\n\t\t\t\t\t\t<div class=\"elementor-testimonial-meta elementor-has-image elementor-testimonial-image-position-aside\">\n\t\t\t\t<div class=\"elementor-testimonial-meta-inner\">\n\t\t\t\t\t\t\t\t\t\t\t<div class=\"elementor-testimonial-image\">\n\t\t\t\t\t\t\t<img loading=\"lazy\" decoding=\"async\" width=\"1920\" height=\"1920\" src=\"https:\/\/soymigrante.com\/revista\/wp-content\/uploads\/2023\/08\/juanita-sob.webp\" class=\"attachment-full size-full wp-image-2120\" alt=\"\" title=\"juanita sob \u2013 SoyMigrante.com REVISTA\" srcset=\"https:\/\/soymigrante.com\/revista\/wp-content\/uploads\/2023\/08\/juanita-sob.webp 1920w, https:\/\/soymigrante.com\/revista\/wp-content\/uploads\/2023\/08\/juanita-sob-300x300.webp 300w, https:\/\/soymigrante.com\/revista\/wp-content\/uploads\/2023\/08\/juanita-sob-1024x1024.webp 1024w, https:\/\/soymigrante.com\/revista\/wp-content\/uploads\/2023\/08\/juanita-sob-150x150.webp 150w, https:\/\/soymigrante.com\/revista\/wp-content\/uploads\/2023\/08\/juanita-sob-768x768.webp 768w, https:\/\/soymigrante.com\/revista\/wp-content\/uploads\/2023\/08\/juanita-sob-1536x1536.webp 1536w, https:\/\/soymigrante.com\/revista\/wp-content\/uploads\/2023\/08\/juanita-sob-75x75.webp 75w, https:\/\/soymigrante.com\/revista\/wp-content\/uploads\/2023\/08\/juanita-sob-750x750.webp 750w, https:\/\/soymigrante.com\/revista\/wp-content\/uploads\/2023\/08\/juanita-sob-1140x1140.webp 1140w, https:\/\/soymigrante.com\/revista\/wp-content\/uploads\/2023\/08\/juanita-sob-600x600.webp 600w\" sizes=\"(max-width: 1920px) 100vw, 1920px\" \/>\t\t\t\t\t\t<\/div>\n\t\t\t\t\t\n\t\t\t\t\t\t\t\t\t\t<div class=\"elementor-testimonial-details\">\n\t\t\t\t\t\t\t\t\t\t\t\t\t\t<div class=\"elementor-testimonial-name\">Juana F. Son<\/div>\n\t\t\t\t\t\t\t\t\t\t\t\t\t\t\t\t\t\t\t\t\t\t<div class=\"elementor-testimonial-job\">migrante guatemalteca en cuyo honor  la ciudad de Houston le  \ndedica el 14 de agosto<\/div>\n\t\t\t\t\t\t\t\t\t\t\t\t\t<\/div>\n\t\t\t\t\t\t\t\t\t<\/div>\n\t\t\t<\/div>\n\t\t\t\t\t<\/div>\n\t\t\t\t\t\t<\/div>\n\t\t\t\t\t<\/div>\n\t\t<\/div>\n\t\t\t\t\t<\/div>\n\t\t<\/section>\n\t\t\t\t<\/div>\n\t\t","protected":false},"excerpt":{"rendered":"<p>\u00bfComo logras que una ciudad como Houston te dedique un d\u00eda especial? Para Juana Francisca Son, migrante guatemalteca originaria de Quetzaltenango, la respuesta es: aportar a la comunidad sin buscar ning\u00fan reconocimiento. El pr\u00f3ximo 14 de agosto se conmemorar\u00e1 por tercer a\u00f1o el D\u00eda de Juana F. Son (as\u00ed aparece su nombre en el t\u00edtulo [&hellip;]<\/p>\n","protected":false},"author":7,"featured_media":2119,"comment_status":"open","ping_status":"open","sticky":false,"template":"","format":"standard","meta":{"_acf_changed":false,"_eb_attr":"","footnotes":""},"categories":[50,274],"tags":[295],"class_list":["post-2103","post","type-post","status-publish","format-standard","has-post-thumbnail","hentry","category-exitos","category-guatemala","tag-texas"],"acf":[],"aioseo_notices":[],"aioseo_head":"\n\t\t<!-- All in One SEO Pro 4.9.6.2 - aioseo.com -->\n\t<meta name=\"description\" content=\"Descubre la historia de Juanita Son, una guatemalteca que, con esfuerzo y solidaridad, logr\u00f3 que Houston le dedicara un d\u00eda en su honor.\" \/>\n\t<meta name=\"robots\" content=\"max-snippet:-1, max-image-preview:large, max-video-preview:-1\" \/>\n\t<meta name=\"author\" content=\"Gustavo Montenegro\"\/>\n\t<link rel=\"canonical\" href=\"https:\/\/soymigrante.com\/revista\/dia-juana-son-houston-reconocimiento\/\" \/>\n\t<meta name=\"generator\" content=\"All in One SEO Pro (AIOSEO) 4.9.6.2\" \/>\n\n\t\t<link rel=\"preconnect\" href=\"https:\/\/fonts.googleapis.com\" crossorigin>\n<link rel=\"preconnect\" href=\"https:\/\/fonts.gstatic.com\" crossorigin>\n\t\t<meta property=\"og:locale\" content=\"es_ES\" \/>\n\t\t<meta property=\"og:site_name\" content=\"SoyMigrante.com REVISTA \u2013 Nuestra misi\u00f3n es reconocer y dignificar al migrante.\" \/>\n\t\t<meta property=\"og:type\" content=\"article\" \/>\n\t\t<meta property=\"og:title\" content=\"Houston celebra el D\u00eda de Juanita Son: un verdadero orgullo guatemalteco\" \/>\n\t\t<meta property=\"og:description\" content=\"Descubre la historia de Juanita Son, una guatemalteca que, con esfuerzo y solidaridad, logr\u00f3 que Houston le dedicara un d\u00eda en su honor.\" \/>\n\t\t<meta property=\"og:url\" content=\"https:\/\/soymigrante.com\/revista\/dia-juana-son-houston-reconocimiento\/\" \/>\n\t\t<meta property=\"og:image\" content=\"https:\/\/soymigrante.com\/revista\/wp-content\/uploads\/2023\/08\/118779811_2760436354233216_3185290102746527048_n.webp\" \/>\n\t\t<meta property=\"og:image:secure_url\" content=\"https:\/\/soymigrante.com\/revista\/wp-content\/uploads\/2023\/08\/118779811_2760436354233216_3185290102746527048_n.webp\" \/>\n\t\t<meta property=\"og:image:width\" content=\"959\" \/>\n\t\t<meta property=\"og:image:height\" content=\"959\" \/>\n\t\t<meta property=\"article:published_time\" content=\"2023-08-05T19:42:05+00:00\" \/>\n\t\t<meta property=\"article:modified_time\" content=\"2026-03-11T22:52:48+00:00\" \/>\n\t\t<meta property=\"article:publisher\" content=\"https:\/\/www.facebook.com\/soymigrantecom\" \/>\n\t\t<meta name=\"twitter:card\" content=\"summary_large_image\" \/>\n\t\t<meta name=\"twitter:site\" content=\"@SoyMigrante_com\" \/>\n\t\t<meta name=\"twitter:title\" content=\"Houston celebra el D\u00eda de Juanita Son: un verdadero orgullo guatemalteco\" \/>\n\t\t<meta name=\"twitter:description\" content=\"Descubre la historia de Juanita Son, una guatemalteca que, con esfuerzo y solidaridad, logr\u00f3 que Houston le dedicara un d\u00eda en su honor.\" \/>\n\t\t<meta name=\"twitter:creator\" content=\"@SoyMigrante_com\" \/>\n\t\t<meta name=\"twitter:image\" content=\"https:\/\/soymigrante.com\/revista\/wp-content\/uploads\/2023\/08\/118779811_2760436354233216_3185290102746527048_n.webp\" \/>\n\t\t<!-- All in One SEO Pro -->\r\n\t\t<title>Houston celebra el D\u00eda de Juanita Son: un verdadero orgullo guatemalteco<\/title>\n\n","aioseo_head_json":{"title":"Houston celebra el D\u00eda de Juanita Son: un verdadero orgullo guatemalteco","description":"Descubre la historia de Juanita Son, una guatemalteca que, con esfuerzo y solidaridad, logr\u00f3 que Houston le dedicara un d\u00eda en su honor.","canonical_url":"https:\/\/soymigrante.com\/revista\/dia-juana-son-houston-reconocimiento\/","robots":"max-snippet:-1, max-image-preview:large, max-video-preview:-1","keywords":"","webmasterTools":{"miscellaneous":"&lt;link rel=\"preconnect\" href=\"https:\/\/fonts.googleapis.com\" crossorigin&gt;\n&lt;link rel=\"preconnect\" href=\"https:\/\/fonts.gstatic.com\" crossorigin&gt;"},"schema":null,"og:locale":"es_ES","og:site_name":"SoyMigrante.com REVISTA \u2013 Nuestra misi\u00f3n es reconocer y dignificar al migrante.","og:type":"article","og:title":"Houston celebra el D\u00eda de Juanita Son: un verdadero orgullo guatemalteco","og:description":"Descubre la historia de Juanita Son, una guatemalteca que, con esfuerzo y solidaridad, logr\u00f3 que Houston le dedicara un d\u00eda en su honor.","og:url":"https:\/\/soymigrante.com\/revista\/dia-juana-son-houston-reconocimiento\/","og:image":"https:\/\/soymigrante.com\/revista\/wp-content\/uploads\/2023\/08\/118779811_2760436354233216_3185290102746527048_n.webp","og:image:secure_url":"https:\/\/soymigrante.com\/revista\/wp-content\/uploads\/2023\/08\/118779811_2760436354233216_3185290102746527048_n.webp","og:image:width":959,"og:image:height":959,"article:published_time":"2023-08-05T19:42:05+00:00","article:modified_time":"2026-03-11T22:52:48+00:00","article:publisher":"https:\/\/www.facebook.com\/soymigrantecom","twitter:card":"summary_large_image","twitter:site":"@SoyMigrante_com","twitter:title":"Houston celebra el D\u00eda de Juanita Son: un verdadero orgullo guatemalteco","twitter:description":"Descubre la historia de Juanita Son, una guatemalteca que, con esfuerzo y solidaridad, logr\u00f3 que Houston le dedicara un d\u00eda en su honor.","twitter:creator":"@SoyMigrante_com","twitter:image":"https:\/\/soymigrante.com\/revista\/wp-content\/uploads\/2023\/08\/118779811_2760436354233216_3185290102746527048_n.webp"},"aioseo_meta_data":{"post_id":"2103","title":null,"description":"Descubre la historia de Juanita Son, una guatemalteca que, con esfuerzo y solidaridad, logr\u00f3 que Houston le dedicara un d\u00eda en su honor.","keywords":null,"keyphrases":{"focus":{"keyphrase":"migrante","score":74,"analysis":{"keyphraseInTitle":{"score":3,"maxScore":9,"error":1},"keyphraseInDescription":{"score":3,"maxScore":9,"error":1},"keyphraseLength":{"score":9,"maxScore":9,"error":0,"length":1},"keyphraseInURL":{"score":5,"maxScore":5,"error":0},"keyphraseInIntroduction":{"score":9,"maxScore":9,"error":0},"keyphraseInSubHeadings":{"score":3,"maxScore":9,"error":1},"keyphraseInImageAlt":{"score":9,"maxScore":9,"error":0},"keywordDensity":{"type":"best","score":9,"maxScore":9,"error":0}}},"additional":[]},"primary_term":null,"canonical_url":null,"og_title":null,"og_description":null,"og_object_type":"default","og_image_type":"default","og_image_url":null,"og_image_width":null,"og_image_height":null,"og_image_custom_url":null,"og_image_custom_fields":null,"og_video":"","og_custom_url":null,"og_article_section":null,"og_article_tags":null,"twitter_use_og":false,"twitter_card":"default","twitter_image_type":"default","twitter_image_url":null,"twitter_image_custom_url":null,"twitter_image_custom_fields":null,"twitter_title":null,"twitter_description":null,"schema":{"blockGraphs":[],"customGraphs":[],"default":{"data":{"Article":[],"Course":[],"Dataset":[],"FAQPage":[],"Movie":[],"Person":[],"Product":[],"ProductReview":[],"Car":[],"Recipe":[],"Service":[],"SoftwareApplication":[],"WebPage":[]},"graphName":"NewsArticle","isEnabled":true},"graphs":[]},"schema_type":"default","schema_type_options":null,"pillar_content":false,"robots_default":true,"robots_noindex":false,"robots_noarchive":false,"robots_nosnippet":false,"robots_nofollow":false,"robots_noimageindex":false,"robots_noodp":false,"robots_notranslate":false,"robots_max_snippet":"-1","robots_max_videopreview":"-1","robots_max_imagepreview":"large","priority":null,"frequency":"default","local_seo":null,"seo_analyzer_scan_date":"2026-04-23 15:19:26","breadcrumb_settings":null,"limit_modified_date":false,"reviewed_by":"0","open_ai":null,"ai":{"faqs":[],"keyPoints":[],"titles":[],"descriptions":[],"socialPosts":{"email":[],"linkedin":[],"twitter":[],"facebook":[],"instagram":[]}},"created":"2023-08-18 14:45:51","updated":"2026-04-23 15:19:26"},"aioseo_breadcrumb":"<div class=\"aioseo-breadcrumbs\"><span class=\"aioseo-breadcrumb\">\n\t<a href=\"https:\/\/soymigrante.com\/revista\" title=\"Home\">Home<\/a>\n<\/span><span class=\"aioseo-breadcrumb-separator\">\u00bb<\/span><span class=\"aioseo-breadcrumb\">\n\t<a href=\"https:\/\/soymigrante.com\/revista\/category\/exitos\/\" title=\"\u00c9xitos\">\u00c9xitos<\/a>\n<\/span><span class=\"aioseo-breadcrumb-separator\">\u00bb<\/span><span class=\"aioseo-breadcrumb\">\n\t<a href=\"https:\/\/soymigrante.com\/revista\/category\/exitos\/guatemala\/\" title=\"Guatemala\">Guatemala<\/a>\n<\/span><span class=\"aioseo-breadcrumb-separator\">\u00bb<\/span><span class=\"aioseo-breadcrumb\">\n\tHouston celebra el D\u00eda de Juanita Son: un verdadero orgullo guatemalteco\n<\/span><\/div>","aioseo_breadcrumb_json":[{"label":"Home","link":"https:\/\/soymigrante.com\/revista"},{"label":"\u00c9xitos","link":"https:\/\/soymigrante.com\/revista\/category\/exitos\/"},{"label":"Guatemala","link":"https:\/\/soymigrante.com\/revista\/category\/exitos\/guatemala\/"},{"label":"Houston celebra el D\u00eda de Juanita Son: un verdadero orgullo guatemalteco","link":"https:\/\/soymigrante.com\/revista\/dia-juana-son-houston-reconocimiento\/"}],"_links":{"self":[{"href":"https:\/\/soymigrante.com\/revista\/wp-json\/wp\/v2\/posts\/2103","targetHints":{"allow":["GET"]}}],"collection":[{"href":"https:\/\/soymigrante.com\/revista\/wp-json\/wp\/v2\/posts"}],"about":[{"href":"https:\/\/soymigrante.com\/revista\/wp-json\/wp\/v2\/types\/post"}],"author":[{"embeddable":true,"href":"https:\/\/soymigrante.com\/revista\/wp-json\/wp\/v2\/users\/7"}],"replies":[{"embeddable":true,"href":"https:\/\/soymigrante.com\/revista\/wp-json\/wp\/v2\/comments?post=2103"}],"version-history":[{"count":1,"href":"https:\/\/soymigrante.com\/revista\/wp-json\/wp\/v2\/posts\/2103\/revisions"}],"predecessor-version":[{"id":53594,"href":"https:\/\/soymigrante.com\/revista\/wp-json\/wp\/v2\/posts\/2103\/revisions\/53594"}],"wp:featuredmedia":[{"embeddable":true,"href":"https:\/\/soymigrante.com\/revista\/wp-json\/wp\/v2\/media\/2119"}],"wp:attachment":[{"href":"https:\/\/soymigrante.com\/revista\/wp-json\/wp\/v2\/media?parent=2103"}],"wp:term":[{"taxonomy":"category","embeddable":true,"href":"https:\/\/soymigrante.com\/revista\/wp-json\/wp\/v2\/categories?post=2103"},{"taxonomy":"post_tag","embeddable":true,"href":"https:\/\/soymigrante.com\/revista\/wp-json\/wp\/v2\/tags?post=2103"}],"curies":[{"name":"wp","href":"https:\/\/api.w.org\/{rel}","templated":true}]}}