{"id":21013,"date":"2025-01-16T05:00:00","date_gmt":"2025-01-16T11:00:00","guid":{"rendered":"https:\/\/soymigrante.com\/revista\/?p=21013"},"modified":"2025-08-27T11:16:58","modified_gmt":"2025-08-27T17:16:58","slug":"dias-de-frio-que-frutas-fortalecen-mejor-las-defensas-contra-resfriados-y-gripes","status":"publish","type":"post","link":"https:\/\/soymigrante.com\/revista\/dias-de-frio-que-frutas-fortalecen-mejor-las-defensas-contra-resfriados-y-gripes\/","title":{"rendered":"\u00bfQu\u00e9 frutas fortalecen mejor las defensas contra resfriados y gripes?"},"content":{"rendered":"\t\t<div data-elementor-type=\"wp-post\" data-elementor-id=\"21013\" class=\"elementor elementor-21013\" data-elementor-post-type=\"post\">\n\t\t\t\t<div data-particle_enable=\"false\" data-particle-mobile-disabled=\"false\" class=\"elementor-element elementor-element-41b6a4f e-flex e-con-boxed e-con e-parent\" data-id=\"41b6a4f\" data-element_type=\"container\" data-e-type=\"container\">\n\t\t\t\t\t<div class=\"e-con-inner\">\n\t\t\t\t<div class=\"elementor-element elementor-element-2a5ca01 elementor-widget elementor-widget-heading\" data-id=\"2a5ca01\" data-element_type=\"widget\" data-e-type=\"widget\" data-widget_type=\"heading.default\">\n\t\t\t\t\t<h2 class=\"elementor-heading-title elementor-size-default\">Las frutas son una fuente natural de vitaminas que pueden fortalecer tus defensas contra padecimientos, incluyendo gripes, resfriados y otros cuadros respiratorios durante d\u00edas de bajas temperaturas y tormentas invernales.\n<\/h2>\t\t\t\t<\/div>\n\t\t\t\t\t<\/div>\n\t\t\t\t<\/div>\n\t\t<div data-particle_enable=\"false\" data-particle-mobile-disabled=\"false\" class=\"elementor-element elementor-element-25d19a9 e-flex e-con-boxed e-con e-parent\" data-id=\"25d19a9\" data-element_type=\"container\" data-e-type=\"container\">\n\t\t\t\t\t<div class=\"e-con-inner\">\n\t\t\t\t<div class=\"elementor-element elementor-element-76d1c4f elementor-widget elementor-widget-text-editor\" data-id=\"76d1c4f\" data-element_type=\"widget\" data-e-type=\"widget\" data-widget_type=\"text-editor.default\">\n\t\t\t\t\t\t\t\t\t<p>La temporada de fr\u00edo trae consigo un aumento de resfriados, gripes y enfermedades respiratorias debido a las bajas temperaturas y la exposici\u00f3n a virus.<\/p><p><a href=\"https:\/\/soymigrante.com\/revista\/objetivos-de-salud-fisica-y-mental-para-2025-acciones-para-empezar-hoy-y-continuar-todo-el-ano\/\" target=\"_blank\" rel=\"noopener\">Para prevenir estas afecciones, la alimentaci\u00f3n juega un papel clave, y en especial, las frutas<\/a> se convierten en aliados naturales que fortalecen el sistema inmunol\u00f3gico.<\/p><p>A continuaci\u00f3n, te presentamos las frutas m\u00e1s recomendadas para mantener tus defensas altas y c\u00f3mo aprovecharlas al m\u00e1ximo.<\/p>\t\t\t\t\t\t\t\t<\/div>\n\t\t\t\t\t<\/div>\n\t\t\t\t<\/div>\n\t\t<div data-particle_enable=\"false\" data-particle-mobile-disabled=\"false\" class=\"elementor-element elementor-element-96b6a18 e-flex e-con-boxed e-con e-parent\" data-id=\"96b6a18\" data-element_type=\"container\" data-e-type=\"container\">\n\t\t\t\t\t<div class=\"e-con-inner\">\n\t\t\t\t<div class=\"elementor-element elementor-element-55f9756 elementor-widget elementor-widget-heading\" data-id=\"55f9756\" data-element_type=\"widget\" data-e-type=\"widget\" data-widget_type=\"heading.default\">\n\t\t\t\t\t<h3 class=\"elementor-heading-title elementor-size-default\">1. Naranja y mandarina: fuentes de vitamina C<\/h3>\t\t\t\t<\/div>\n\t\t\t\t\t<\/div>\n\t\t\t\t<\/div>\n\t\t<div data-particle_enable=\"false\" data-particle-mobile-disabled=\"false\" class=\"elementor-element elementor-element-5c44393 e-flex e-con-boxed e-con e-parent\" data-id=\"5c44393\" data-element_type=\"container\" data-e-type=\"container\">\n\t\t\t\t\t<div class=\"e-con-inner\">\n\t\t\t\t<div class=\"elementor-element elementor-element-73d6c4f elementor-widget elementor-widget-text-editor\" data-id=\"73d6c4f\" data-element_type=\"widget\" data-e-type=\"widget\" data-widget_type=\"text-editor.default\">\n\t\t\t\t\t\t\t\t\t<p>Las naranjas y mandarinas son las frutas por excelencia para combatir resfriados. Ricas en vitamina C, estas frutas ayudan a incrementar la producci\u00f3n de gl\u00f3bulos blancos, esenciales para combatir infecciones.<\/p><p>De acuerdo con la nutricionista, Paola Regalado, el consumo de vitamina C puede reducir la duraci\u00f3n de los s\u00edntomas de la gripe, aunque no previene directamente su aparici\u00f3n.<\/p><p>Una naranja mediana aporta alrededor del 70% de la cantidad diaria recomendada de vitamina C, lo que las convierte en una opci\u00f3n pr\u00e1ctica y deliciosa para fortalecer las defensas.<\/p>\t\t\t\t\t\t\t\t<\/div>\n\t\t\t\t\t<\/div>\n\t\t\t\t<\/div>\n\t\t<div data-particle_enable=\"false\" data-particle-mobile-disabled=\"false\" class=\"elementor-element elementor-element-2c47aec e-flex e-con-boxed e-con e-parent\" data-id=\"2c47aec\" data-element_type=\"container\" data-e-type=\"container\">\n\t\t\t\t\t<div class=\"e-con-inner\">\n\t\t\t\t<div class=\"elementor-element elementor-element-f3348f8 elementor-widget elementor-widget-image\" data-id=\"f3348f8\" data-element_type=\"widget\" data-e-type=\"widget\" data-widget_type=\"image.default\">\n\t\t\t\t\t\t\t\t\t\t\t\t<figure class=\"wp-caption\">\n\t\t\t\t\t\t\t\t\t\t<img fetchpriority=\"high\" decoding=\"async\" width=\"1024\" height=\"681\" src=\"https:\/\/soymigrante.com\/revista\/wp-content\/uploads\/2025\/01\/Las-frutas-que-fortalecen-tus-defensas-contra-las-gripes-2-1024x681.jpg\" class=\"attachment-large size-large wp-image-21025\" alt=\"Naranjas frescas y jugosas en un fondo blanco, resaltando beneficios de c\u00edtricos en la alimentaci\u00f3n saludable y la cultura migrante en M\u00e9xico.\" srcset=\"https:\/\/soymigrante.com\/revista\/wp-content\/uploads\/2025\/01\/Las-frutas-que-fortalecen-tus-defensas-contra-las-gripes-2-1024x681.jpg 1024w, https:\/\/soymigrante.com\/revista\/wp-content\/uploads\/2025\/01\/Las-frutas-que-fortalecen-tus-defensas-contra-las-gripes-2-300x200.jpg 300w, https:\/\/soymigrante.com\/revista\/wp-content\/uploads\/2025\/01\/Las-frutas-que-fortalecen-tus-defensas-contra-las-gripes-2-768x511.jpg 768w, https:\/\/soymigrante.com\/revista\/wp-content\/uploads\/2025\/01\/Las-frutas-que-fortalecen-tus-defensas-contra-las-gripes-2-1536x1022.jpg 1536w, https:\/\/soymigrante.com\/revista\/wp-content\/uploads\/2025\/01\/Las-frutas-que-fortalecen-tus-defensas-contra-las-gripes-2-2048x1362.jpg 2048w, https:\/\/soymigrante.com\/revista\/wp-content\/uploads\/2025\/01\/Las-frutas-que-fortalecen-tus-defensas-contra-las-gripes-2-750x499.webp 750w, https:\/\/soymigrante.com\/revista\/wp-content\/uploads\/2025\/01\/Las-frutas-que-fortalecen-tus-defensas-contra-las-gripes-2-1140x758.webp 1140w, https:\/\/soymigrante.com\/revista\/wp-content\/uploads\/2025\/01\/Las-frutas-que-fortalecen-tus-defensas-contra-las-gripes-2-scaled.webp 1920w\" sizes=\"(max-width: 1024px) 100vw, 1024px\" \/>\t\t\t\t\t\t\t\t\t\t\t<figcaption class=\"widget-image-caption wp-caption-text\">C\u00edtricos, alimentaci\u00f3n saludable y cultura migrante en M\u00e9xico.<\/figcaption>\n\t\t\t\t\t\t\t\t\t\t<\/figure>\n\t\t\t\t\t\t\t\t\t<\/div>\n\t\t\t\t\t<\/div>\n\t\t\t\t<\/div>\n\t\t<div data-particle_enable=\"false\" data-particle-mobile-disabled=\"false\" class=\"elementor-element elementor-element-853db55 e-flex e-con-boxed e-con e-parent\" data-id=\"853db55\" data-element_type=\"container\" data-e-type=\"container\">\n\t\t\t\t\t<div class=\"e-con-inner\">\n\t\t\t\t<div class=\"elementor-element elementor-element-e042d22 elementor-widget elementor-widget-heading\" data-id=\"e042d22\" data-element_type=\"widget\" data-e-type=\"widget\" data-widget_type=\"heading.default\">\n\t\t\t\t\t<h3 class=\"elementor-heading-title elementor-size-default\">2. Kiwi: el peque\u00f1o gigante nutricional<\/h3>\t\t\t\t<\/div>\n\t\t\t\t\t<\/div>\n\t\t\t\t<\/div>\n\t\t<div data-particle_enable=\"false\" data-particle-mobile-disabled=\"false\" class=\"elementor-element elementor-element-879e77c e-flex e-con-boxed e-con e-parent\" data-id=\"879e77c\" data-element_type=\"container\" data-e-type=\"container\">\n\t\t\t\t\t<div class=\"e-con-inner\">\n\t\t\t\t<div class=\"elementor-element elementor-element-9e83ebf elementor-widget elementor-widget-text-editor\" data-id=\"9e83ebf\" data-element_type=\"widget\" data-e-type=\"widget\" data-widget_type=\"text-editor.default\">\n\t\t\t\t\t\t\t\t\t<p>El kiwi es una fruta que supera a muchas otras en contenido de vitamina C, con aproximadamente 92 mg por cada 100 gramos, seg\u00fan datos del <a href=\"https:\/\/www.usa.gov\/es\/agencias\/departamento-de-agricultura\" target=\"_blank\" rel=\"noopener\">Departamento de Agricultura de Estados Unidos<\/a> (USDA). Adem\u00e1s, es rico en antioxidantes y vitamina E, que tambi\u00e9n contribuyen al buen funcionamiento del sistema inmunol\u00f3gico.<\/p><p>Incluye kiwi en tus desayunos o como snack a media tarde para aprovechar sus beneficios y mantenerte protegido.<\/p>\t\t\t\t\t\t\t\t<\/div>\n\t\t\t\t\t<\/div>\n\t\t\t\t<\/div>\n\t\t<div data-particle_enable=\"false\" data-particle-mobile-disabled=\"false\" class=\"elementor-element elementor-element-9518ee2 e-flex e-con-boxed e-con e-parent\" data-id=\"9518ee2\" data-element_type=\"container\" data-e-type=\"container\">\n\t\t\t\t\t<div class=\"e-con-inner\">\n\t\t\t\t<div class=\"elementor-element elementor-element-278addf elementor-widget elementor-widget-image\" data-id=\"278addf\" data-element_type=\"widget\" data-e-type=\"widget\" data-widget_type=\"image.default\">\n\t\t\t\t\t\t\t\t\t\t\t\t<figure class=\"wp-caption\">\n\t\t\t\t\t\t\t\t\t\t<img decoding=\"async\" width=\"1024\" height=\"683\" src=\"https:\/\/soymigrante.com\/revista\/wp-content\/uploads\/2025\/01\/Las-frutas-que-fortalecen-tus-defensas-contra-las-gripes-3-1024x683.jpg\" class=\"attachment-large size-large wp-image-21026\" alt=\"Rodajas de kiwi fresco, saludable y nutritivo, ideales para recetas y meriendas, resaltando los beneficios de las frutas en la alimentaci\u00f3n saludable y el estilo de vida activo.\" srcset=\"https:\/\/soymigrante.com\/revista\/wp-content\/uploads\/2025\/01\/Las-frutas-que-fortalecen-tus-defensas-contra-las-gripes-3-1024x683.jpg 1024w, https:\/\/soymigrante.com\/revista\/wp-content\/uploads\/2025\/01\/Las-frutas-que-fortalecen-tus-defensas-contra-las-gripes-3-300x200.jpg 300w, https:\/\/soymigrante.com\/revista\/wp-content\/uploads\/2025\/01\/Las-frutas-que-fortalecen-tus-defensas-contra-las-gripes-3-768x512.jpg 768w, https:\/\/soymigrante.com\/revista\/wp-content\/uploads\/2025\/01\/Las-frutas-que-fortalecen-tus-defensas-contra-las-gripes-3-1536x1024.jpg 1536w, https:\/\/soymigrante.com\/revista\/wp-content\/uploads\/2025\/01\/Las-frutas-que-fortalecen-tus-defensas-contra-las-gripes-3-2048x1365.jpg 2048w, https:\/\/soymigrante.com\/revista\/wp-content\/uploads\/2025\/01\/Las-frutas-que-fortalecen-tus-defensas-contra-las-gripes-3-750x500.webp 750w, https:\/\/soymigrante.com\/revista\/wp-content\/uploads\/2025\/01\/Las-frutas-que-fortalecen-tus-defensas-contra-las-gripes-3-1140x760.webp 1140w, https:\/\/soymigrante.com\/revista\/wp-content\/uploads\/2025\/01\/Las-frutas-que-fortalecen-tus-defensas-contra-las-gripes-3-scaled.webp 1920w\" sizes=\"(max-width: 1024px) 100vw, 1024px\" \/>\t\t\t\t\t\t\t\t\t\t\t<figcaption class=\"widget-image-caption wp-caption-text\">Imagen de rodajas de kiwi, resaltando su color vibrante y textura jugosa, perfectas para art\u00edculos sobre salud, nutrici\u00f3n y recetas con fruta natural.<\/figcaption>\n\t\t\t\t\t\t\t\t\t\t<\/figure>\n\t\t\t\t\t\t\t\t\t<\/div>\n\t\t\t\t\t<\/div>\n\t\t\t\t<\/div>\n\t\t<div data-particle_enable=\"false\" data-particle-mobile-disabled=\"false\" class=\"elementor-element elementor-element-dc46558 e-flex e-con-boxed e-con e-parent\" data-id=\"dc46558\" data-element_type=\"container\" data-e-type=\"container\">\n\t\t\t\t\t<div class=\"e-con-inner\">\n\t\t\t\t<div class=\"elementor-element elementor-element-56fb262 elementor-widget elementor-widget-heading\" data-id=\"56fb262\" data-element_type=\"widget\" data-e-type=\"widget\" data-widget_type=\"heading.default\">\n\t\t\t\t\t<h3 class=\"elementor-heading-title elementor-size-default\">3. Papaya: una aliada contra la inflamaci\u00f3n<\/h3>\t\t\t\t<\/div>\n\t\t\t\t\t<\/div>\n\t\t\t\t<\/div>\n\t\t<div data-particle_enable=\"false\" data-particle-mobile-disabled=\"false\" class=\"elementor-element elementor-element-a9a1144 e-flex e-con-boxed e-con e-parent\" data-id=\"a9a1144\" data-element_type=\"container\" data-e-type=\"container\">\n\t\t\t\t\t<div class=\"e-con-inner\">\n\t\t\t\t<div class=\"elementor-element elementor-element-bbf24e8 elementor-widget elementor-widget-text-editor\" data-id=\"bbf24e8\" data-element_type=\"widget\" data-e-type=\"widget\" data-widget_type=\"text-editor.default\">\n\t\t\t\t\t\t\t\t\t<p>La papaya es otra excelente fuente de vitamina C y antioxidantes, como el betacaroteno, que ayudan a reducir la inflamaci\u00f3n en el cuerpo y fortalecen las barreras naturales contra virus y bacterias.<\/p><p>Adem\u00e1s, contiene una enzima llamada papa\u00edna, que facilita la digesti\u00f3n, lo que a su vez beneficia al sistema inmunol\u00f3gico.<\/p><p>Un vaso de jugo de papaya o una porci\u00f3n diaria puede ser suficiente para cubrir el 100% de tus necesidades diarias de vitamina C.<\/p>\t\t\t\t\t\t\t\t<\/div>\n\t\t\t\t\t<\/div>\n\t\t\t\t<\/div>\n\t\t<div data-particle_enable=\"false\" data-particle-mobile-disabled=\"false\" class=\"elementor-element elementor-element-76cfe02 e-flex e-con-boxed e-con e-parent\" data-id=\"76cfe02\" data-element_type=\"container\" data-e-type=\"container\">\n\t\t\t\t\t<div class=\"e-con-inner\">\n\t\t\t\t<div class=\"elementor-element elementor-element-23ac784 elementor-widget elementor-widget-image\" data-id=\"23ac784\" data-element_type=\"widget\" data-e-type=\"widget\" data-widget_type=\"image.default\">\n\t\t\t\t\t\t\t\t\t\t\t\t<figure class=\"wp-caption\">\n\t\t\t\t\t\t\t\t\t\t<img decoding=\"async\" width=\"683\" height=\"1024\" src=\"https:\/\/soymigrante.com\/revista\/wp-content\/uploads\/2025\/01\/Las-frutas-que-fortalecen-tus-defensas-contra-las-gripes-4-683x1024.jpg\" class=\"attachment-large size-large wp-image-21027\" alt=\"Jugos naturales de papaya, lim\u00f3n y naranja en platos y vasos, fruta fresca y saludable.\" srcset=\"https:\/\/soymigrante.com\/revista\/wp-content\/uploads\/2025\/01\/Las-frutas-que-fortalecen-tus-defensas-contra-las-gripes-4-683x1024.jpg 683w, https:\/\/soymigrante.com\/revista\/wp-content\/uploads\/2025\/01\/Las-frutas-que-fortalecen-tus-defensas-contra-las-gripes-4-200x300.jpg 200w, https:\/\/soymigrante.com\/revista\/wp-content\/uploads\/2025\/01\/Las-frutas-que-fortalecen-tus-defensas-contra-las-gripes-4-768x1152.jpg 768w, https:\/\/soymigrante.com\/revista\/wp-content\/uploads\/2025\/01\/Las-frutas-que-fortalecen-tus-defensas-contra-las-gripes-4-1024x1536.jpg 1024w, https:\/\/soymigrante.com\/revista\/wp-content\/uploads\/2025\/01\/Las-frutas-que-fortalecen-tus-defensas-contra-las-gripes-4-1365x2048.jpg 1365w, https:\/\/soymigrante.com\/revista\/wp-content\/uploads\/2025\/01\/Las-frutas-que-fortalecen-tus-defensas-contra-las-gripes-4-750x1125.webp 750w, https:\/\/soymigrante.com\/revista\/wp-content\/uploads\/2025\/01\/Las-frutas-que-fortalecen-tus-defensas-contra-las-gripes-4-1140x1710.webp 1140w, https:\/\/soymigrante.com\/revista\/wp-content\/uploads\/2025\/01\/Las-frutas-que-fortalecen-tus-defensas-contra-las-gripes-4-scaled.webp 1280w\" sizes=\"(max-width: 683px) 100vw, 683px\" \/>\t\t\t\t\t\t\t\t\t\t\t<figcaption class=\"widget-image-caption wp-caption-text\">Papaya, lim\u00f3n y naranja, recetas de jugos frescos y saludables en presentaci\u00f3n moderna y colorida.<\/figcaption>\n\t\t\t\t\t\t\t\t\t\t<\/figure>\n\t\t\t\t\t\t\t\t\t<\/div>\n\t\t\t\t\t<\/div>\n\t\t\t\t<\/div>\n\t\t<div data-particle_enable=\"false\" data-particle-mobile-disabled=\"false\" class=\"elementor-element elementor-element-feb809d e-flex e-con-boxed e-con e-parent\" data-id=\"feb809d\" data-element_type=\"container\" data-e-type=\"container\">\n\t\t\t\t\t<div class=\"e-con-inner\">\n\t\t\t\t<div class=\"elementor-element elementor-element-c6488f0 elementor-widget elementor-widget-heading\" data-id=\"c6488f0\" data-element_type=\"widget\" data-e-type=\"widget\" data-widget_type=\"heading.default\">\n\t\t\t\t\t<h3 class=\"elementor-heading-title elementor-size-default\">4. Fresas: dulzura cargada de nutrientes<\/h3>\t\t\t\t<\/div>\n\t\t\t\t\t<\/div>\n\t\t\t\t<\/div>\n\t\t<div data-particle_enable=\"false\" data-particle-mobile-disabled=\"false\" class=\"elementor-element elementor-element-2cedde2 e-flex e-con-boxed e-con e-parent\" data-id=\"2cedde2\" data-element_type=\"container\" data-e-type=\"container\">\n\t\t\t\t\t<div class=\"e-con-inner\">\n\t\t\t\t<div class=\"elementor-element elementor-element-f83b2c2 elementor-widget elementor-widget-text-editor\" data-id=\"f83b2c2\" data-element_type=\"widget\" data-e-type=\"widget\" data-widget_type=\"text-editor.default\">\n\t\t\t\t\t\t\t\t\t<p>Aunque son m\u00e1s comunes en la primavera, las fresas congeladas pueden ser una alternativa en invierno.<\/p><p>Estas frutas contienen vitamina C, antioxidantes y manganeso, que contribuyen a la producci\u00f3n de anticuerpos. Adem\u00e1s, ayudan a proteger las c\u00e9lulas del da\u00f1o causado por los radicales libres, seg\u00fan Regalado.<\/p>\t\t\t\t\t\t\t\t<\/div>\n\t\t\t\t\t<\/div>\n\t\t\t\t<\/div>\n\t\t<div data-particle_enable=\"false\" data-particle-mobile-disabled=\"false\" class=\"elementor-element elementor-element-b571e86 e-flex e-con-boxed e-con e-parent\" data-id=\"b571e86\" data-element_type=\"container\" data-e-type=\"container\">\n\t\t\t\t\t<div class=\"e-con-inner\">\n\t\t\t\t<div class=\"elementor-element elementor-element-b037d62 elementor-widget elementor-widget-image\" data-id=\"b037d62\" data-element_type=\"widget\" data-e-type=\"widget\" data-widget_type=\"image.default\">\n\t\t\t\t\t\t\t\t\t\t\t\t<figure class=\"wp-caption\">\n\t\t\t\t\t\t\t\t\t\t<img loading=\"lazy\" decoding=\"async\" width=\"768\" height=\"1024\" src=\"https:\/\/soymigrante.com\/revista\/wp-content\/uploads\/2025\/01\/Las-frutas-que-fortalecen-tus-defensas-contra-las-gripes-5-768x1024.jpg\" class=\"attachment-large size-large wp-image-21028\" alt=\"Fresas frescas y maduras de temporada en un puesto de mercado, resaltando la frescura y calidad de los frutos rojos.\" srcset=\"https:\/\/soymigrante.com\/revista\/wp-content\/uploads\/2025\/01\/Las-frutas-que-fortalecen-tus-defensas-contra-las-gripes-5-768x1024.jpg 768w, https:\/\/soymigrante.com\/revista\/wp-content\/uploads\/2025\/01\/Las-frutas-que-fortalecen-tus-defensas-contra-las-gripes-5-225x300.jpg 225w, https:\/\/soymigrante.com\/revista\/wp-content\/uploads\/2025\/01\/Las-frutas-que-fortalecen-tus-defensas-contra-las-gripes-5-1152x1536.jpg 1152w, https:\/\/soymigrante.com\/revista\/wp-content\/uploads\/2025\/01\/Las-frutas-que-fortalecen-tus-defensas-contra-las-gripes-5-1536x2048.jpg 1536w, https:\/\/soymigrante.com\/revista\/wp-content\/uploads\/2025\/01\/Las-frutas-que-fortalecen-tus-defensas-contra-las-gripes-5-750x1000.webp 750w, https:\/\/soymigrante.com\/revista\/wp-content\/uploads\/2025\/01\/Las-frutas-que-fortalecen-tus-defensas-contra-las-gripes-5-1140x1520.webp 1140w, https:\/\/soymigrante.com\/revista\/wp-content\/uploads\/2025\/01\/Las-frutas-que-fortalecen-tus-defensas-contra-las-gripes-5-scaled.webp 1440w\" sizes=\"(max-width: 768px) 100vw, 768px\" \/>\t\t\t\t\t\t\t\t\t\t\t<figcaption class=\"widget-image-caption wp-caption-text\">Disfruta de las mejores fresas en esta imagen para promover productos agr\u00edcolas y recetas con frutas en tu blog o tienda online.<\/figcaption>\n\t\t\t\t\t\t\t\t\t\t<\/figure>\n\t\t\t\t\t\t\t\t\t<\/div>\n\t\t\t\t\t<\/div>\n\t\t\t\t<\/div>\n\t\t<div data-particle_enable=\"false\" data-particle-mobile-disabled=\"false\" class=\"elementor-element elementor-element-4466e72 e-flex e-con-boxed e-con e-parent\" data-id=\"4466e72\" data-element_type=\"container\" data-e-type=\"container\">\n\t\t\t\t\t<div class=\"e-con-inner\">\n\t\t\t\t<div class=\"elementor-element elementor-element-8952ea1 elementor-widget elementor-widget-heading\" data-id=\"8952ea1\" data-element_type=\"widget\" data-e-type=\"widget\" data-widget_type=\"heading.default\">\n\t\t\t\t\t<h3 class=\"elementor-heading-title elementor-size-default\">5. Granada: una fruta rica en polifenoles<\/h3>\t\t\t\t<\/div>\n\t\t\t\t\t<\/div>\n\t\t\t\t<\/div>\n\t\t<div data-particle_enable=\"false\" data-particle-mobile-disabled=\"false\" class=\"elementor-element elementor-element-ca4a429 e-flex e-con-boxed e-con e-parent\" data-id=\"ca4a429\" data-element_type=\"container\" data-e-type=\"container\">\n\t\t\t\t\t<div class=\"e-con-inner\">\n\t\t\t\t<div class=\"elementor-element elementor-element-2e0c82d elementor-widget elementor-widget-text-editor\" data-id=\"2e0c82d\" data-element_type=\"widget\" data-e-type=\"widget\" data-widget_type=\"text-editor.default\">\n\t\t\t\t\t\t\t\t\t<p>La granada es conocida por su alto contenido en polifenoles, compuestos con propiedades antiinflamatorias y antioxidantes.<\/p><p>Seg\u00fan un estudio de la<a href=\"https:\/\/www.universityofcalifornia.edu\/\" target=\"_blank\" rel=\"noopener\"> Universidad de California,<\/a> estos compuestos ayudan a reducir el estr\u00e9s oxidativo en el cuerpo, lo que fortalece el sistema inmunol\u00f3gico.<\/p><p>El jugo de granada es una forma pr\u00e1ctica de incluir esta fruta en tu dieta y disfrutar de sus beneficios.<\/p>\t\t\t\t\t\t\t\t<\/div>\n\t\t\t\t\t<\/div>\n\t\t\t\t<\/div>\n\t\t<div data-particle_enable=\"false\" data-particle-mobile-disabled=\"false\" class=\"elementor-element elementor-element-09660e0 e-flex e-con-boxed e-con e-parent\" data-id=\"09660e0\" data-element_type=\"container\" data-e-type=\"container\">\n\t\t\t\t\t<div class=\"e-con-inner\">\n\t\t\t\t<div class=\"elementor-element elementor-element-d746a76 elementor-widget elementor-widget-image\" data-id=\"d746a76\" data-element_type=\"widget\" data-e-type=\"widget\" data-widget_type=\"image.default\">\n\t\t\t\t\t\t\t\t\t\t\t\t<figure class=\"wp-caption\">\n\t\t\t\t\t\t\t\t\t\t<img loading=\"lazy\" decoding=\"async\" width=\"683\" height=\"1024\" src=\"https:\/\/soymigrante.com\/revista\/wp-content\/uploads\/2025\/01\/Las-frutas-que-fortalecen-tus-defensas-contra-las-gripes-6-683x1024.jpg\" class=\"attachment-large size-large wp-image-21029\" alt=\"Jugos naturales de granadas, naranjas y pomelos frescos, ideales para una alimentaci\u00f3n saludable y nutritiva. Frutas c\u00edtricas y superalimentos para tu bienestar.\" srcset=\"https:\/\/soymigrante.com\/revista\/wp-content\/uploads\/2025\/01\/Las-frutas-que-fortalecen-tus-defensas-contra-las-gripes-6-683x1024.jpg 683w, https:\/\/soymigrante.com\/revista\/wp-content\/uploads\/2025\/01\/Las-frutas-que-fortalecen-tus-defensas-contra-las-gripes-6-200x300.jpg 200w, https:\/\/soymigrante.com\/revista\/wp-content\/uploads\/2025\/01\/Las-frutas-que-fortalecen-tus-defensas-contra-las-gripes-6-768x1152.jpg 768w, https:\/\/soymigrante.com\/revista\/wp-content\/uploads\/2025\/01\/Las-frutas-que-fortalecen-tus-defensas-contra-las-gripes-6-1024x1536.jpg 1024w, https:\/\/soymigrante.com\/revista\/wp-content\/uploads\/2025\/01\/Las-frutas-que-fortalecen-tus-defensas-contra-las-gripes-6-1365x2048.jpg 1365w, https:\/\/soymigrante.com\/revista\/wp-content\/uploads\/2025\/01\/Las-frutas-que-fortalecen-tus-defensas-contra-las-gripes-6-750x1125.webp 750w, https:\/\/soymigrante.com\/revista\/wp-content\/uploads\/2025\/01\/Las-frutas-que-fortalecen-tus-defensas-contra-las-gripes-6-1140x1710.webp 1140w, https:\/\/soymigrante.com\/revista\/wp-content\/uploads\/2025\/01\/Las-frutas-que-fortalecen-tus-defensas-contra-las-gripes-6-scaled.webp 1280w\" sizes=\"(max-width: 683px) 100vw, 683px\" \/>\t\t\t\t\t\t\t\t\t\t\t<figcaption class=\"widget-image-caption wp-caption-text\">Variedad de frutas c\u00edtricas y superalimentos, incluyendo granadas, naranjas y pomelos, resaltando sus beneficios para la salud y su uso en dietas equilibradas.<\/figcaption>\n\t\t\t\t\t\t\t\t\t\t<\/figure>\n\t\t\t\t\t\t\t\t\t<\/div>\n\t\t\t\t\t<\/div>\n\t\t\t\t<\/div>\n\t\t<div data-particle_enable=\"false\" data-particle-mobile-disabled=\"false\" class=\"elementor-element elementor-element-ad06949 e-flex e-con-boxed e-con e-parent\" data-id=\"ad06949\" data-element_type=\"container\" data-e-type=\"container\">\n\t\t\t\t\t<div class=\"e-con-inner\">\n\t\t\t\t<div class=\"elementor-element elementor-element-6cfe91d elementor-widget elementor-widget-heading\" data-id=\"6cfe91d\" data-element_type=\"widget\" data-e-type=\"widget\" data-widget_type=\"heading.default\">\n\t\t\t\t\t<h3 class=\"elementor-heading-title elementor-size-default\">6. Guayaba: un superalimento tropical<\/h3>\t\t\t\t<\/div>\n\t\t\t\t\t<\/div>\n\t\t\t\t<\/div>\n\t\t<div data-particle_enable=\"false\" data-particle-mobile-disabled=\"false\" class=\"elementor-element elementor-element-230b7dc e-flex e-con-boxed e-con e-parent\" data-id=\"230b7dc\" data-element_type=\"container\" data-e-type=\"container\">\n\t\t\t\t\t<div class=\"e-con-inner\">\n\t\t\t\t<div class=\"elementor-element elementor-element-49f9800 elementor-widget elementor-widget-text-editor\" data-id=\"49f9800\" data-element_type=\"widget\" data-e-type=\"widget\" data-widget_type=\"text-editor.default\">\n\t\t\t\t\t\t\t\t\t<p>La guayaba contiene hasta cinco veces m\u00e1s vitamina C que una naranja. Tambi\u00e9n es rica en fibra y otros antioxidantes que protegen al cuerpo de infecciones.<\/p><p>En pa\u00edses tropicales, esta fruta se utiliza tradicionalmente para combatir los s\u00edntomas del resfriado y reforzar las defensas naturales.<\/p>\t\t\t\t\t\t\t\t<\/div>\n\t\t\t\t\t<\/div>\n\t\t\t\t<\/div>\n\t\t<div data-particle_enable=\"false\" data-particle-mobile-disabled=\"false\" class=\"elementor-element elementor-element-14f1046 e-flex e-con-boxed e-con e-parent\" data-id=\"14f1046\" data-element_type=\"container\" data-e-type=\"container\">\n\t\t\t\t\t<div class=\"e-con-inner\">\n\t\t\t\t<div class=\"elementor-element elementor-element-baf1ff8 elementor-widget elementor-widget-image\" data-id=\"baf1ff8\" data-element_type=\"widget\" data-e-type=\"widget\" data-widget_type=\"image.default\">\n\t\t\t\t\t\t\t\t\t\t\t\t<figure class=\"wp-caption\">\n\t\t\t\t\t\t\t\t\t\t<img loading=\"lazy\" decoding=\"async\" width=\"683\" height=\"1024\" src=\"https:\/\/soymigrante.com\/revista\/wp-content\/uploads\/2025\/01\/Las-frutas-que-fortalecen-tus-defensas-contra-las-gripes-7-683x1024.jpg\" class=\"attachment-large size-large wp-image-21030\" alt=\"Manzana de agua verde y roja cortada, fruta saludable y refrescante en fondo rosa, ideal para alimentaci\u00f3n saludable y recetas naturales.\" srcset=\"https:\/\/soymigrante.com\/revista\/wp-content\/uploads\/2025\/01\/Las-frutas-que-fortalecen-tus-defensas-contra-las-gripes-7-683x1024.jpg 683w, https:\/\/soymigrante.com\/revista\/wp-content\/uploads\/2025\/01\/Las-frutas-que-fortalecen-tus-defensas-contra-las-gripes-7-200x300.jpg 200w, https:\/\/soymigrante.com\/revista\/wp-content\/uploads\/2025\/01\/Las-frutas-que-fortalecen-tus-defensas-contra-las-gripes-7-768x1152.jpg 768w, https:\/\/soymigrante.com\/revista\/wp-content\/uploads\/2025\/01\/Las-frutas-que-fortalecen-tus-defensas-contra-las-gripes-7-1024x1536.jpg 1024w, https:\/\/soymigrante.com\/revista\/wp-content\/uploads\/2025\/01\/Las-frutas-que-fortalecen-tus-defensas-contra-las-gripes-7-1365x2048.jpg 1365w, https:\/\/soymigrante.com\/revista\/wp-content\/uploads\/2025\/01\/Las-frutas-que-fortalecen-tus-defensas-contra-las-gripes-7-750x1125.webp 750w, https:\/\/soymigrante.com\/revista\/wp-content\/uploads\/2025\/01\/Las-frutas-que-fortalecen-tus-defensas-contra-las-gripes-7-1140x1710.webp 1140w, https:\/\/soymigrante.com\/revista\/wp-content\/uploads\/2025\/01\/Las-frutas-que-fortalecen-tus-defensas-contra-las-gripes-7-scaled.webp 1280w\" sizes=\"(max-width: 683px) 100vw, 683px\" \/>\t\t\t\t\t\t\t\t\t\t\t<figcaption class=\"widget-image-caption wp-caption-text\">Fruta tradicional mexicana, duatluma, en la revista SoyMigrante.com, mostrando su importancia cultural y nutricional en comunidades migrantes y su uso en recetas tradicionales con im\u00e1genes llamativas.<\/figcaption>\n\t\t\t\t\t\t\t\t\t\t<\/figure>\n\t\t\t\t\t\t\t\t\t<\/div>\n\t\t\t\t\t<\/div>\n\t\t\t\t<\/div>\n\t\t<div data-particle_enable=\"false\" data-particle-mobile-disabled=\"false\" class=\"elementor-element elementor-element-a20a839 e-flex e-con-boxed e-con e-parent\" data-id=\"a20a839\" data-element_type=\"container\" data-e-type=\"container\">\n\t\t\t\t\t<div class=\"e-con-inner\">\n\t\t\t\t<div class=\"elementor-element elementor-element-052675d elementor-widget elementor-widget-heading\" data-id=\"052675d\" data-element_type=\"widget\" data-e-type=\"widget\" data-widget_type=\"heading.default\">\n\t\t\t\t\t<h3 class=\"elementor-heading-title elementor-size-default\">7. Manzana: energ\u00eda para el invierno<\/h3>\t\t\t\t<\/div>\n\t\t\t\t\t<\/div>\n\t\t\t\t<\/div>\n\t\t<div data-particle_enable=\"false\" data-particle-mobile-disabled=\"false\" class=\"elementor-element elementor-element-2e5d151 e-flex e-con-boxed e-con e-parent\" data-id=\"2e5d151\" data-element_type=\"container\" data-e-type=\"container\">\n\t\t\t\t\t<div class=\"e-con-inner\">\n\t\t\t\t<div class=\"elementor-element elementor-element-46187ad elementor-widget elementor-widget-text-editor\" data-id=\"46187ad\" data-element_type=\"widget\" data-e-type=\"widget\" data-widget_type=\"text-editor.default\">\n\t\t\t\t\t\t\t\t\t<p>La manzana no solo es deliciosa, sino que tambi\u00e9n contiene quercetina, un flavonoide con propiedades antivirales y antiinflamatorias, seg\u00fan investigaciones de la <a href=\"https:\/\/www.cornell.edu\/\" target=\"_blank\" rel=\"noopener\">Universidad de Cornell.<\/a><\/p><p>Adem\u00e1s, su contenido en fibra soluble ayuda a mantener un intestino saludable, lo que influye directamente en la salud inmunol\u00f3gica.<\/p>\t\t\t\t\t\t\t\t<\/div>\n\t\t\t\t\t<\/div>\n\t\t\t\t<\/div>\n\t\t<div data-particle_enable=\"false\" data-particle-mobile-disabled=\"false\" class=\"elementor-element elementor-element-3d2de74 e-flex e-con-boxed e-con e-parent\" data-id=\"3d2de74\" data-element_type=\"container\" data-e-type=\"container\">\n\t\t\t\t\t<div class=\"e-con-inner\">\n\t\t\t\t<div class=\"elementor-element elementor-element-662526c elementor-widget elementor-widget-image\" data-id=\"662526c\" data-element_type=\"widget\" data-e-type=\"widget\" data-widget_type=\"image.default\">\n\t\t\t\t\t\t\t\t\t\t\t\t<figure class=\"wp-caption\">\n\t\t\t\t\t\t\t\t\t\t<img loading=\"lazy\" decoding=\"async\" width=\"859\" height=\"1024\" src=\"https:\/\/soymigrante.com\/revista\/wp-content\/uploads\/2025\/01\/Las-frutas-que-fortalecen-tus-defensas-contra-las-gripes-8-859x1024.jpg\" class=\"attachment-large size-large wp-image-21031\" alt=\"T\u00e9cnica de edici\u00f3n fotogr\u00e1fica que muestra una manzana cortada en varias rodajas con una hoja de menta, resaltando ingredientes naturales y saludables en el contexto de la revista SoyMigrante.com REVISTA.\" srcset=\"https:\/\/soymigrante.com\/revista\/wp-content\/uploads\/2025\/01\/Las-frutas-que-fortalecen-tus-defensas-contra-las-gripes-8-859x1024.jpg 859w, https:\/\/soymigrante.com\/revista\/wp-content\/uploads\/2025\/01\/Las-frutas-que-fortalecen-tus-defensas-contra-las-gripes-8-252x300.jpg 252w, https:\/\/soymigrante.com\/revista\/wp-content\/uploads\/2025\/01\/Las-frutas-que-fortalecen-tus-defensas-contra-las-gripes-8-768x915.jpg 768w, https:\/\/soymigrante.com\/revista\/wp-content\/uploads\/2025\/01\/Las-frutas-que-fortalecen-tus-defensas-contra-las-gripes-8-1289x1536.jpg 1289w, https:\/\/soymigrante.com\/revista\/wp-content\/uploads\/2025\/01\/Las-frutas-que-fortalecen-tus-defensas-contra-las-gripes-8-1718x2048.jpg 1718w, https:\/\/soymigrante.com\/revista\/wp-content\/uploads\/2025\/01\/Las-frutas-que-fortalecen-tus-defensas-contra-las-gripes-8-750x894.webp 750w, https:\/\/soymigrante.com\/revista\/wp-content\/uploads\/2025\/01\/Las-frutas-que-fortalecen-tus-defensas-contra-las-gripes-8-1140x1359.webp 1140w, https:\/\/soymigrante.com\/revista\/wp-content\/uploads\/2025\/01\/Las-frutas-que-fortalecen-tus-defensas-contra-las-gripes-8-scaled.webp 1611w\" sizes=\"(max-width: 859px) 100vw, 859px\" \/>\t\t\t\t\t\t\t\t\t\t\t<figcaption class=\"widget-image-caption wp-caption-text\">Una manzana cortada en rodajas colocada junto a una hoja de menta, representando salud y alimentaci\u00f3n natural en la portada de SoyMigrante.com REVISTA.<\/figcaption>\n\t\t\t\t\t\t\t\t\t\t<\/figure>\n\t\t\t\t\t\t\t\t\t<\/div>\n\t\t\t\t\t<\/div>\n\t\t\t\t<\/div>\n\t\t<div data-particle_enable=\"false\" data-particle-mobile-disabled=\"false\" class=\"elementor-element elementor-element-ecbdd50 e-flex e-con-boxed e-con e-parent\" data-id=\"ecbdd50\" data-element_type=\"container\" data-e-type=\"container\">\n\t\t\t\t\t<div class=\"e-con-inner\">\n\t\t\t\t<div class=\"elementor-element elementor-element-5343aff elementor-widget elementor-widget-heading\" data-id=\"5343aff\" data-element_type=\"widget\" data-e-type=\"widget\" data-widget_type=\"heading.default\">\n\t\t\t\t\t<h3 class=\"elementor-heading-title elementor-size-default\">Recomendaciones generales para el consumo de frutas<\/h3>\t\t\t\t<\/div>\n\t\t\t\t\t<\/div>\n\t\t\t\t<\/div>\n\t\t<div data-particle_enable=\"false\" data-particle-mobile-disabled=\"false\" class=\"elementor-element elementor-element-2a2c8f2 e-flex e-con-boxed e-con e-parent\" data-id=\"2a2c8f2\" data-element_type=\"container\" data-e-type=\"container\">\n\t\t\t\t\t<div class=\"e-con-inner\">\n\t\t\t\t<div class=\"elementor-element elementor-element-ad476ba elementor-widget elementor-widget-text-editor\" data-id=\"ad476ba\" data-element_type=\"widget\" data-e-type=\"widget\" data-widget_type=\"text-editor.default\">\n\t\t\t\t\t\t\t\t\t<div><strong>1. Variedad y frescura:<\/strong> Procura consumir una variedad de frutas para obtener un espectro completo de nutrientes.<\/div><div>\u00a0<\/div><div><strong>2.Mejor frescas:<\/strong> Siempre que sea posible, elige frutas frescas en lugar de procesadas o en alm\u00edbar.<\/div><div>\u00a0<\/div><div><strong>3.En horarios estrat\u00e9gicos:<\/strong> I<a href=\"https:\/\/soymigrante.com\/revista\/objetivos-de-salud-fisica-y-mental-para-2025-acciones-para-empezar-hoy-y-continuar-todo-el-ano\/\" target=\"_blank\" rel=\"noopener\">ncl\u00fayelas en el desayuno o como meriendas<\/a> para mantener tus niveles de energ\u00eda estables durante el d\u00eda.<\/div><div>\u00a0<\/div><div><strong>4.Complementa tu dieta:<\/strong> Combina estas frutas con otros alimentos ricos en zinc, como nueces, semillas y pescados, para un refuerzo inmunol\u00f3gico completo.<\/div><div>\u00a0<\/div>\t\t\t\t\t\t\t\t<\/div>\n\t\t\t\t\t<\/div>\n\t\t\t\t<\/div>\n\t\t<div data-particle_enable=\"false\" data-particle-mobile-disabled=\"false\" class=\"elementor-element elementor-element-e61bd0c e-flex e-con-boxed e-con e-parent\" data-id=\"e61bd0c\" data-element_type=\"container\" data-e-type=\"container\">\n\t\t\t\t\t<div class=\"e-con-inner\">\n\t\t\t\t<div class=\"elementor-element elementor-element-9faa9ba elementor-widget elementor-widget-text-editor\" data-id=\"9faa9ba\" data-element_type=\"widget\" data-e-type=\"widget\" data-widget_type=\"text-editor.default\">\n\t\t\t\t\t\t\t\t\t<p>Mantener una dieta rica en frutas frescas, variadas y de temporada es una estrategia simple pero poderosa para fortalecer tus defensas durante la temporada de fr\u00edo.<\/p><p><a href=\"https:\/\/soymigrante.com\/revista\/objetivos-de-salud-fisica-y-mental-para-2025-acciones-para-empezar-hoy-y-continuar-todo-el-ano\/\" target=\"_blank\" rel=\"noopener\">Aprovecha estos superalimentos naturales y disfruta de un invierno m\u00e1s saludable.<\/a><\/p>\t\t\t\t\t\t\t\t<\/div>\n\t\t\t\t\t<\/div>\n\t\t\t\t<\/div>\n\t\t<div data-particle_enable=\"false\" data-particle-mobile-disabled=\"false\" class=\"elementor-element elementor-element-c731337 e-flex e-con-boxed e-con e-parent\" data-id=\"c731337\" data-element_type=\"container\" data-e-type=\"container\">\n\t\t\t\t\t<div class=\"e-con-inner\">\n\t\t\t\t<div class=\"elementor-element elementor-element-f98dc94 elementor-widget elementor-widget-heading\" data-id=\"f98dc94\" data-element_type=\"widget\" data-e-type=\"widget\" data-widget_type=\"heading.default\">\n\t\t\t\t\t<h2 class=\"elementor-heading-title elementor-size-default\">Conoce m\u00e1s datos para cuidar tu salud, ac\u00e1...<\/h2>\t\t\t\t<\/div>\n\t\t\t\t\t<\/div>\n\t\t\t\t<\/div>\n\t\t<div data-particle_enable=\"false\" data-particle-mobile-disabled=\"false\" class=\"elementor-element elementor-element-827c176 e-flex e-con-boxed e-con e-parent\" data-id=\"827c176\" data-element_type=\"container\" data-e-type=\"container\">\n\t\t\t\t\t<div class=\"e-con-inner\">\n\t\t\t\t<div class=\"elementor-element elementor-element-9493924 elementor-grid-eael-col-3 elementor-grid-tablet-eael-col-2 elementor-grid-mobile-eael-col-1 elementor-widget elementor-widget-eael-post-grid\" data-id=\"9493924\" data-element_type=\"widget\" data-e-type=\"widget\" data-settings=\"{&quot;eael_post_grid_columns&quot;:&quot;eael-col-3&quot;,&quot;eael_post_grid_columns_tablet&quot;:&quot;eael-col-2&quot;,&quot;eael_post_grid_columns_mobile&quot;:&quot;eael-col-1&quot;}\" data-widget_type=\"eael-post-grid.default\">\n\t\t\t\t\t<div id=\"eael-post-grid-9493924\" class=\"eael-post-grid-container\">\n            <div class=\"eael-post-grid eael-post-appender eael-post-appender-9493924 eael-post-grid-style-one\" data-layout-mode=\"masonry\"><article class=\"eael-grid-post  eael-post-grid-column eael-pg-post-12606 category-bienestar\" data-id=\"12606\">\n        <div class=\"eael-grid-post-holder\">\n            <div class=\"eael-grid-post-holder-inner\"><div class=\"eael-entry-media\"><div class=\"eael-entry-overlay fade-in\"><i class=\"far fa-hand-pointer\" aria-hidden=\"true\"><\/i><a href=\"https:\/\/soymigrante.com\/revista\/salud-bucal-de-los-ninos-migrantes-todo-reto-tiene-una-solucion\/\"><\/a><\/div><div class=\"eael-entry-thumbnail \">\n                <img loading=\"lazy\" decoding=\"async\" width=\"1024\" height=\"1024\" src=\"https:\/\/soymigrante.com\/revista\/wp-content\/uploads\/2024\/11\/Salud-bucal-de-los-nin\u0303os-migrantes-Retos-y-soluciones--scaled-e1731012276108-1024x1024.webp\" class=\"attachment-large size-large wp-image-12608\" alt=\"Salud bucal de los ni\u00f1os migrantes: Retos y soluciones\" srcset=\"https:\/\/soymigrante.com\/revista\/wp-content\/uploads\/2024\/11\/Salud-bucal-de-los-nin\u0303os-migrantes-Retos-y-soluciones--scaled-e1731012276108-1024x1024.webp 1024w, https:\/\/soymigrante.com\/revista\/wp-content\/uploads\/2024\/11\/Salud-bucal-de-los-nin\u0303os-migrantes-Retos-y-soluciones--scaled-e1731012276108-300x300.webp 300w, https:\/\/soymigrante.com\/revista\/wp-content\/uploads\/2024\/11\/Salud-bucal-de-los-nin\u0303os-migrantes-Retos-y-soluciones--scaled-e1731012276108-150x150.webp 150w, https:\/\/soymigrante.com\/revista\/wp-content\/uploads\/2024\/11\/Salud-bucal-de-los-nin\u0303os-migrantes-Retos-y-soluciones--scaled-e1731012276108-768x768.webp 768w, https:\/\/soymigrante.com\/revista\/wp-content\/uploads\/2024\/11\/Salud-bucal-de-los-nin\u0303os-migrantes-Retos-y-soluciones--scaled-e1731012276108-75x75.webp 75w, https:\/\/soymigrante.com\/revista\/wp-content\/uploads\/2024\/11\/Salud-bucal-de-los-nin\u0303os-migrantes-Retos-y-soluciones--scaled-e1731012276108-750x750.webp 750w, https:\/\/soymigrante.com\/revista\/wp-content\/uploads\/2024\/11\/Salud-bucal-de-los-nin\u0303os-migrantes-Retos-y-soluciones--scaled-e1731012276108-1140x1140.webp 1140w, https:\/\/soymigrante.com\/revista\/wp-content\/uploads\/2024\/11\/Salud-bucal-de-los-nin\u0303os-migrantes-Retos-y-soluciones--scaled-e1731012276108.webp 1280w\" sizes=\"(max-width: 1024px) 100vw, 1024px\" \/>\n            <\/div>\n        <\/div><div class=\"eael-entry-wrapper\"><header class=\"eael-entry-header\"><h2 class=\"eael-entry-title\"><a class=\"eael-grid-post-link\" href=\"https:\/\/soymigrante.com\/revista\/salud-bucal-de-los-ninos-migrantes-todo-reto-tiene-una-solucion\/\" title=\"Salud bucal de los ni\u00f1os migrantes: todo reto tiene una soluci\u00f3n\">Salud bucal de los ni\u00f1os migrantes: todo reto tiene una soluci\u00f3n<\/a><\/h2><\/header><div class=\"eael-entry-content\">\n                        <div class=\"eael-grid-post-excerpt\"><a href=\"https:\/\/soymigrante.com\/revista\/salud-bucal-de-los-ninos-migrantes-todo-reto-tiene-una-solucion\/\" class=\"eael-post-elements-readmore-btn\">CONOCE SU HISTORIA <\/a><\/div>\n                    <\/div><\/div><\/div>\n        <\/div>\n    <\/article><article class=\"eael-grid-post  eael-post-grid-column eael-pg-post-10022 category-guate-nuestra\" data-id=\"10022\">\n        <div class=\"eael-grid-post-holder\">\n            <div class=\"eael-grid-post-holder-inner\"><div class=\"eael-entry-media\"><div class=\"eael-entry-overlay fade-in\"><i class=\"far fa-hand-pointer\" aria-hidden=\"true\"><\/i><a href=\"https:\/\/soymigrante.com\/revista\/tres-comidas-guatemaltecas-que-son-saludables-por-sus-ingredientes-prehispanicos\/\"><\/a><\/div><div class=\"eael-entry-thumbnail \">\n                <img loading=\"lazy\" decoding=\"async\" width=\"760\" height=\"760\" src=\"https:\/\/soymigrante.com\/revista\/wp-content\/uploads\/2024\/10\/feature-comida-saludable.webp\" class=\"attachment-large size-large wp-image-10024\" alt=\"Deleite de un plato tradicional mexicano con pollo, arroz, tortillas y vegetales frescos en un ambiente cultural. Ideal para quienes buscan gastronom\u00eda aut\u00e9ntica y sabores tradicionales.\" srcset=\"https:\/\/soymigrante.com\/revista\/wp-content\/uploads\/2024\/10\/feature-comida-saludable.webp 760w, https:\/\/soymigrante.com\/revista\/wp-content\/uploads\/2024\/10\/feature-comida-saludable-300x300.webp 300w, https:\/\/soymigrante.com\/revista\/wp-content\/uploads\/2024\/10\/feature-comida-saludable-150x150.webp 150w, https:\/\/soymigrante.com\/revista\/wp-content\/uploads\/2024\/10\/feature-comida-saludable-75x75.webp 75w, https:\/\/soymigrante.com\/revista\/wp-content\/uploads\/2024\/10\/feature-comida-saludable-750x750.webp 750w\" sizes=\"(max-width: 760px) 100vw, 760px\" \/>\n            <\/div>\n        <\/div><div class=\"eael-entry-wrapper\"><header class=\"eael-entry-header\"><h2 class=\"eael-entry-title\"><a class=\"eael-grid-post-link\" href=\"https:\/\/soymigrante.com\/revista\/tres-comidas-guatemaltecas-que-son-saludables-por-sus-ingredientes-prehispanicos\/\" title=\"Tres comidas guatemaltecas que son saludables por sus ingredientes prehisp\u00e1nicos\">Tres comidas guatemaltecas que son saludables por sus ingredientes prehisp\u00e1nicos<\/a><\/h2><\/header><div class=\"eael-entry-content\">\n                        <div class=\"eael-grid-post-excerpt\"><a href=\"https:\/\/soymigrante.com\/revista\/tres-comidas-guatemaltecas-que-son-saludables-por-sus-ingredientes-prehispanicos\/\" class=\"eael-post-elements-readmore-btn\">CONOCE SU HISTORIA <\/a><\/div>\n                    <\/div><\/div><\/div>\n        <\/div>\n    <\/article><article class=\"eael-grid-post  eael-post-grid-column eael-pg-post-8203 category-bienestar\" data-id=\"8203\">\n        <div class=\"eael-grid-post-holder\">\n            <div class=\"eael-grid-post-holder-inner\"><div class=\"eael-entry-media\"><div class=\"eael-entry-overlay fade-in\"><i class=\"far fa-hand-pointer\" aria-hidden=\"true\"><\/i><a href=\"https:\/\/soymigrante.com\/revista\/como-cuidar-la-alimentacion-de-tus-hijos-instituto-americano-de-salud-digiestiva\/\"><\/a><\/div><div class=\"eael-entry-thumbnail \">\n                <img loading=\"lazy\" decoding=\"async\" width=\"792\" height=\"792\" src=\"https:\/\/soymigrante.com\/revista\/wp-content\/uploads\/2024\/08\/ALIMENTACION-INFANTIL.webp\" class=\"attachment-large size-large wp-image-8242\" alt=\"Disfrutando de una rodaja de sand\u00eda, ni\u00f1a comiendo fruta refrescante, verano, saludable, en el parque, sonriente, saludable y feliz.\" srcset=\"https:\/\/soymigrante.com\/revista\/wp-content\/uploads\/2024\/08\/ALIMENTACION-INFANTIL.webp 792w, https:\/\/soymigrante.com\/revista\/wp-content\/uploads\/2024\/08\/ALIMENTACION-INFANTIL-300x300.webp 300w, https:\/\/soymigrante.com\/revista\/wp-content\/uploads\/2024\/08\/ALIMENTACION-INFANTIL-150x150.webp 150w, https:\/\/soymigrante.com\/revista\/wp-content\/uploads\/2024\/08\/ALIMENTACION-INFANTIL-768x768.webp 768w, https:\/\/soymigrante.com\/revista\/wp-content\/uploads\/2024\/08\/ALIMENTACION-INFANTIL-75x75.webp 75w, https:\/\/soymigrante.com\/revista\/wp-content\/uploads\/2024\/08\/ALIMENTACION-INFANTIL-750x750.webp 750w\" sizes=\"(max-width: 792px) 100vw, 792px\" \/>\n            <\/div>\n        <\/div><div class=\"eael-entry-wrapper\"><header class=\"eael-entry-header\"><h2 class=\"eael-entry-title\"><a class=\"eael-grid-post-link\" href=\"https:\/\/soymigrante.com\/revista\/como-cuidar-la-alimentacion-de-tus-hijos-instituto-americano-de-salud-digiestiva\/\" title=\"C\u00f3mo cuidar la alimentaci\u00f3n de tus hijos: instituto americano de salud digestiva\">C\u00f3mo cuidar la alimentaci\u00f3n de tus hijos: instituto americano de salud digestiva<\/a><\/h2><\/header><div class=\"eael-entry-content\">\n                        <div class=\"eael-grid-post-excerpt\"><a href=\"https:\/\/soymigrante.com\/revista\/como-cuidar-la-alimentacion-de-tus-hijos-instituto-americano-de-salud-digiestiva\/\" class=\"eael-post-elements-readmore-btn\">CONOCE SU HISTORIA <\/a><\/div>\n                    <\/div><\/div><\/div>\n        <\/div>\n    <\/article><\/div>\n            <div class=\"clearfix\"><\/div>\n        <\/div>\t\t\t\t<\/div>\n\t\t\t\t\t<\/div>\n\t\t\t\t<\/div>\n\t\t\t\t<\/div>\n\t\t","protected":false},"excerpt":{"rendered":"<p>Las frutas son una fuente natural de vitaminas que pueden fortalecer tus defensas contra padecimientos, incluyendo gripes, resfriados y otros cuadros respiratorios durante d\u00edas de bajas temperaturas y tormentas invernales. La temporada de fr\u00edo trae consigo un aumento de resfriados, gripes y enfermedades respiratorias debido a las bajas temperaturas y la exposici\u00f3n a virus. Para [&hellip;]<\/p>\n","protected":false},"author":19,"featured_media":21015,"comment_status":"open","ping_status":"open","sticky":false,"template":"","format":"standard","meta":{"_acf_changed":false,"_eb_attr":"","footnotes":""},"categories":[265],"tags":[264],"class_list":["post-21013","post","type-post","status-publish","format-standard","has-post-thumbnail","hentry","category-salud-fisica","tag-salud-fisica"],"acf":[],"aioseo_notices":[],"aioseo_head":"\n\t\t<!-- All in One SEO Pro 4.9.6.2 - aioseo.com -->\n\t<meta name=\"description\" content=\"Desde la lactancia se puede cuidar la ingesta de alimentos de los ni\u00f1os para que crezcan mejor. Estas son algunas claves accesibles y posibles en el hogar.\" \/>\n\t<meta name=\"robots\" content=\"max-snippet:-1, max-image-preview:large, max-video-preview:-1\" \/>\n\t<meta name=\"author\" content=\"Beatriz Tercero\"\/>\n\t<link rel=\"canonical\" href=\"https:\/\/soymigrante.com\/revista\/como-cuidar-la-alimentacion-de-tus-hijos-instituto-americano-de-salud-digiestiva\/\" \/>\n\t<meta name=\"generator\" content=\"All in One SEO Pro (AIOSEO) 4.9.6.2\" \/>\n\n\t\t<link rel=\"preconnect\" href=\"https:\/\/fonts.googleapis.com\" crossorigin>\n<link rel=\"preconnect\" href=\"https:\/\/fonts.gstatic.com\" crossorigin>\n\t\t<meta property=\"og:locale\" content=\"es_ES\" \/>\n\t\t<meta property=\"og:site_name\" content=\"SoyMigrante.com REVISTA \u2013 Nuestra misi\u00f3n es reconocer y dignificar al migrante.\" \/>\n\t\t<meta property=\"og:type\" content=\"article\" \/>\n\t\t<meta property=\"og:title\" content=\"Claves de nutrici\u00f3n infantil seg\u00fan instituto americano de salud digestiva\" \/>\n\t\t<meta property=\"og:description\" content=\"Desde la lactancia se puede cuidar la ingesta de alimentos de los ni\u00f1os para que crezcan mejor. Estas son algunas claves accesibles y posibles en el hogar.\" \/>\n\t\t<meta property=\"og:url\" content=\"https:\/\/soymigrante.com\/revista\/como-cuidar-la-alimentacion-de-tus-hijos-instituto-americano-de-salud-digiestiva\/\" \/>\n\t\t<meta property=\"og:image\" content=\"https:\/\/soymigrante.com\/revista\/wp-content\/uploads\/2024\/08\/ALIMENTACION-INFANTIL.webp\" \/>\n\t\t<meta property=\"og:image:secure_url\" content=\"https:\/\/soymigrante.com\/revista\/wp-content\/uploads\/2024\/08\/ALIMENTACION-INFANTIL.webp\" \/>\n\t\t<meta property=\"og:image:width\" content=\"792\" \/>\n\t\t<meta property=\"og:image:height\" content=\"792\" \/>\n\t\t<meta property=\"article:published_time\" content=\"2024-08-21T15:37:32+00:00\" \/>\n\t\t<meta property=\"article:modified_time\" content=\"2024-08-21T15:50:35+00:00\" \/>\n\t\t<meta property=\"article:publisher\" content=\"https:\/\/www.facebook.com\/soymigrantecom\" \/>\n\t\t<meta name=\"twitter:card\" content=\"summary_large_image\" \/>\n\t\t<meta name=\"twitter:site\" content=\"@SoyMigrante_com\" \/>\n\t\t<meta name=\"twitter:title\" content=\"Claves de nutrici\u00f3n infantil seg\u00fan instituto americano de salud digestiva\" \/>\n\t\t<meta name=\"twitter:description\" content=\"Desde la lactancia se puede cuidar la ingesta de alimentos de los ni\u00f1os para que crezcan mejor. Estas son algunas claves accesibles y posibles en el hogar.\" \/>\n\t\t<meta name=\"twitter:creator\" content=\"@SoyMigrante_com\" \/>\n\t\t<meta name=\"twitter:image\" content=\"https:\/\/soymigrante.com\/revista\/wp-content\/uploads\/2024\/08\/ALIMENTACION-INFANTIL.webp\" \/>\n\t\t<!-- All in One SEO Pro -->\r\n\t\t<title>Claves de nutrici\u00f3n infantil seg\u00fan instituto americano de salud digestiva<\/title>\n\n","aioseo_head_json":{"title":"Claves de nutrici\u00f3n infantil seg\u00fan instituto americano de salud digestiva","description":"Desde la lactancia se puede cuidar la ingesta de alimentos de los ni\u00f1os para que crezcan mejor. Estas son algunas claves accesibles y posibles en el hogar.","canonical_url":"https:\/\/soymigrante.com\/revista\/como-cuidar-la-alimentacion-de-tus-hijos-instituto-americano-de-salud-digiestiva\/","robots":"max-snippet:-1, max-image-preview:large, max-video-preview:-1","keywords":"","webmasterTools":{"miscellaneous":"&lt;link rel=\"preconnect\" href=\"https:\/\/fonts.googleapis.com\" crossorigin&gt;\n&lt;link rel=\"preconnect\" href=\"https:\/\/fonts.gstatic.com\" crossorigin&gt;"},"schema":null,"og:locale":"es_ES","og:site_name":"SoyMigrante.com REVISTA \u2013 Nuestra misi\u00f3n es reconocer y dignificar al migrante.","og:type":"article","og:title":"Claves de nutrici\u00f3n infantil seg\u00fan instituto americano de salud digestiva","og:description":"Desde la lactancia se puede cuidar la ingesta de alimentos de los ni\u00f1os para que crezcan mejor. Estas son algunas claves accesibles y posibles en el hogar.","og:url":"https:\/\/soymigrante.com\/revista\/como-cuidar-la-alimentacion-de-tus-hijos-instituto-americano-de-salud-digiestiva\/","og:image":"https:\/\/soymigrante.com\/revista\/wp-content\/uploads\/2024\/08\/ALIMENTACION-INFANTIL.webp","og:image:secure_url":"https:\/\/soymigrante.com\/revista\/wp-content\/uploads\/2024\/08\/ALIMENTACION-INFANTIL.webp","og:image:width":792,"og:image:height":792,"article:published_time":"2024-08-21T15:37:32+00:00","article:modified_time":"2024-08-21T15:50:35+00:00","article:publisher":"https:\/\/www.facebook.com\/soymigrantecom","twitter:card":"summary_large_image","twitter:site":"@SoyMigrante_com","twitter:title":"Claves de nutrici\u00f3n infantil seg\u00fan instituto americano de salud digestiva","twitter:description":"Desde la lactancia se puede cuidar la ingesta de alimentos de los ni\u00f1os para que crezcan mejor. Estas son algunas claves accesibles y posibles en el hogar.","twitter:creator":"@SoyMigrante_com","twitter:image":"https:\/\/soymigrante.com\/revista\/wp-content\/uploads\/2024\/08\/ALIMENTACION-INFANTIL.webp"},"aioseo_meta_data":{"post_id":"21013","title":"\u00bfQu\u00e9 frutas fortalecen las defensas contra resfr\u00edos y gripe?","description":"Las frutas son una fuente natural y deliciosa de vitaminas que fortalecen tus defensas contra enfermedades respiratorias, principalmente en la \u00e9poca de fr\u00edo.","keywords":null,"keyphrases":{"focus":{"keyphrase":"Frutas","score":82,"analysis":{"keyphraseInTitle":{"score":9,"maxScore":9,"error":0},"keyphraseInDescription":{"score":9,"maxScore":9,"error":0},"keyphraseLength":{"score":9,"maxScore":9,"error":0,"length":1},"keyphraseInURL":{"score":5,"maxScore":5,"error":0},"keyphraseInIntroduction":{"score":3,"maxScore":9,"error":1},"keyphraseInSubHeadings":{"score":3,"maxScore":9,"error":1},"keyphraseInImageAlt":{"score":9,"maxScore":9,"error":0},"keywordDensity":{"type":"best","score":9,"maxScore":9,"error":0}}},"additional":[{"keyphrase":"frutas","score":87,"analysis":{"keyphraseInDescription":{"score":9,"maxScore":9,"error":0},"keyphraseLength":{"score":9,"maxScore":9,"error":0,"length":1},"keyphraseInIntroduction":{"score":3,"maxScore":9,"error":1},"keyphraseInImageAlt":{"score":9,"maxScore":9,"error":0},"keywordDensity":{"type":"best","score":9,"maxScore":9,"error":0}}},{"keyphrase":"defensas","score":87,"analysis":{"keyphraseInDescription":{"score":9,"maxScore":9,"error":0},"keyphraseLength":{"score":9,"maxScore":9,"error":0,"length":1},"keyphraseInIntroduction":{"score":3,"maxScore":9,"error":1},"keyphraseInImageAlt":{"score":9,"maxScore":9,"error":0},"keywordDensity":{"type":"best","score":9,"maxScore":9,"error":0}}},{"keyphrase":"Fr\u00edo","score":67,"analysis":{"keyphraseInDescription":{"score":9,"maxScore":9,"error":0},"keyphraseLength":{"score":9,"maxScore":9,"error":0,"length":2},"keyphraseInIntroduction":{"score":9,"maxScore":9,"error":0},"keyphraseInImageAlt":{"score":3,"maxScore":9,"error":1},"keywordDensity":{"score":0,"type":"low","maxScore":9,"error":1}}}]},"primary_term":null,"canonical_url":null,"og_title":null,"og_description":null,"og_object_type":"default","og_image_type":"default","og_image_url":null,"og_image_width":null,"og_image_height":null,"og_image_custom_url":null,"og_image_custom_fields":null,"og_video":"","og_custom_url":null,"og_article_section":null,"og_article_tags":null,"twitter_use_og":false,"twitter_card":"default","twitter_image_type":"default","twitter_image_url":null,"twitter_image_custom_url":null,"twitter_image_custom_fields":null,"twitter_title":null,"twitter_description":null,"schema":{"blockGraphs":[],"customGraphs":[],"default":{"data":{"Article":[],"Course":[],"Dataset":[],"FAQPage":[],"Movie":[],"Person":[],"Product":[],"ProductReview":[],"Car":[],"Recipe":[],"Service":[],"SoftwareApplication":[],"WebPage":[]},"graphName":"none","isEnabled":true},"graphs":[]},"schema_type":"default","schema_type_options":null,"pillar_content":false,"robots_default":true,"robots_noindex":false,"robots_noarchive":false,"robots_nosnippet":false,"robots_nofollow":false,"robots_noimageindex":false,"robots_noodp":false,"robots_notranslate":false,"robots_max_snippet":"-1","robots_max_videopreview":"-1","robots_max_imagepreview":"large","priority":null,"frequency":"default","local_seo":null,"seo_analyzer_scan_date":"2025-10-09 01:50:26","breadcrumb_settings":null,"limit_modified_date":false,"reviewed_by":"0","open_ai":"{\"title\":{\"suggestions\":[],\"usage\":0},\"description\":{\"suggestions\":[],\"usage\":0}}","ai":{"faqs":[],"keyPoints":[],"titles":[],"descriptions":[],"socialPosts":{"email":[],"linkedin":[],"twitter":[],"facebook":[],"instagram":[]}},"created":"2025-01-15 17:47:13","updated":"2026-02-04 19:00:34"},"aioseo_breadcrumb":"<div class=\"aioseo-breadcrumbs\"><span class=\"aioseo-breadcrumb\">\n\t<a href=\"https:\/\/soymigrante.com\/revista\" title=\"Home\">Home<\/a>\n<\/span><span class=\"aioseo-breadcrumb-separator\">\u00bb<\/span><span class=\"aioseo-breadcrumb\">\n\t<a href=\"https:\/\/soymigrante.com\/revista\/category\/bienestar\/\" title=\"Bienestar\">Bienestar<\/a>\n<\/span><span class=\"aioseo-breadcrumb-separator\">\u00bb<\/span><span class=\"aioseo-breadcrumb\">\n\t<a href=\"https:\/\/soymigrante.com\/revista\/category\/bienestar\/salud-fisica\/\" title=\"Salud F\u00edsica\">Salud F\u00edsica<\/a>\n<\/span><span class=\"aioseo-breadcrumb-separator\">\u00bb<\/span><span class=\"aioseo-breadcrumb\">\n\t\u00bfQu\u00e9 frutas fortalecen mejor las defensas contra resfriados y gripes?\n<\/span><\/div>","aioseo_breadcrumb_json":[{"label":"Home","link":"https:\/\/soymigrante.com\/revista"},{"label":"Bienestar","link":"https:\/\/soymigrante.com\/revista\/category\/bienestar\/"},{"label":"Salud F\u00edsica","link":"https:\/\/soymigrante.com\/revista\/category\/bienestar\/salud-fisica\/"},{"label":"\u00bfQu\u00e9 frutas fortalecen mejor las defensas contra resfriados y gripes?","link":"https:\/\/soymigrante.com\/revista\/dias-de-frio-que-frutas-fortalecen-mejor-las-defensas-contra-resfriados-y-gripes\/"}],"_links":{"self":[{"href":"https:\/\/soymigrante.com\/revista\/wp-json\/wp\/v2\/posts\/21013","targetHints":{"allow":["GET"]}}],"collection":[{"href":"https:\/\/soymigrante.com\/revista\/wp-json\/wp\/v2\/posts"}],"about":[{"href":"https:\/\/soymigrante.com\/revista\/wp-json\/wp\/v2\/types\/post"}],"author":[{"embeddable":true,"href":"https:\/\/soymigrante.com\/revista\/wp-json\/wp\/v2\/users\/19"}],"replies":[{"embeddable":true,"href":"https:\/\/soymigrante.com\/revista\/wp-json\/wp\/v2\/comments?post=21013"}],"version-history":[{"count":1,"href":"https:\/\/soymigrante.com\/revista\/wp-json\/wp\/v2\/posts\/21013\/revisions"}],"predecessor-version":[{"id":42841,"href":"https:\/\/soymigrante.com\/revista\/wp-json\/wp\/v2\/posts\/21013\/revisions\/42841"}],"wp:featuredmedia":[{"embeddable":true,"href":"https:\/\/soymigrante.com\/revista\/wp-json\/wp\/v2\/media\/21015"}],"wp:attachment":[{"href":"https:\/\/soymigrante.com\/revista\/wp-json\/wp\/v2\/media?parent=21013"}],"wp:term":[{"taxonomy":"category","embeddable":true,"href":"https:\/\/soymigrante.com\/revista\/wp-json\/wp\/v2\/categories?post=21013"},{"taxonomy":"post_tag","embeddable":true,"href":"https:\/\/soymigrante.com\/revista\/wp-json\/wp\/v2\/tags?post=21013"}],"curies":[{"name":"wp","href":"https:\/\/api.w.org\/{rel}","templated":true}]}}