{"id":20957,"date":"2025-01-14T15:42:00","date_gmt":"2025-01-14T21:42:00","guid":{"rendered":"https:\/\/soymigrante.com\/revista\/?p=20957"},"modified":"2025-04-15T09:57:14","modified_gmt":"2025-04-15T15:57:14","slug":"solidaridad-viva-con-voluntariado-y-donaciones-migrantes-apoyan-a-afectados-por-incendios-de-los-angeles","status":"publish","type":"post","link":"https:\/\/soymigrante.com\/revista\/solidaridad-viva-con-voluntariado-y-donaciones-migrantes-apoyan-a-afectados-por-incendios-de-los-angeles\/","title":{"rendered":"Solidaridad viva: con voluntariado y donaciones, migrantes apoyan a afectados por incendios de Los Angeles"},"content":{"rendered":"\t\t<div data-elementor-type=\"wp-post\" data-elementor-id=\"20957\" class=\"elementor elementor-20957\" data-elementor-post-type=\"post\">\n\t\t\t\t<div data-particle_enable=\"false\" data-particle-mobile-disabled=\"false\" class=\"elementor-element elementor-element-1c6272d e-flex e-con-boxed e-con e-parent\" data-id=\"1c6272d\" data-element_type=\"container\" data-e-type=\"container\">\n\t\t\t\t\t<div class=\"e-con-inner\">\n\t\t\t\t<div class=\"elementor-element elementor-element-4a8ff15 elementor-widget elementor-widget-heading\" data-id=\"4a8ff15\" data-element_type=\"widget\" data-e-type=\"widget\" data-widget_type=\"heading.default\">\n\t\t\t\t\t<h2 class=\"elementor-heading-title elementor-size-default\">Nadie se queda indiferente ante la tragedia de Los Angeles, mucho menos los migrantes guatemaltecos e hispanos, que est\u00e1n aportando trabajo, tiempo, donaciones, alimentos para los albergues y damnificados, incluyendo la Operaci\u00f3n \"Chuchito\".<\/h2>\t\t\t\t<\/div>\n\t\t\t\t\t<\/div>\n\t\t\t\t<\/div>\n\t\t<div data-particle_enable=\"false\" data-particle-mobile-disabled=\"false\" class=\"elementor-element elementor-element-170b3b4 e-flex e-con-boxed e-con e-parent\" data-id=\"170b3b4\" data-element_type=\"container\" data-e-type=\"container\">\n\t\t\t\t\t<div class=\"e-con-inner\">\n\t\t\t\t<div class=\"elementor-element elementor-element-4390e75 elementor-widget elementor-widget-text-editor\" data-id=\"4390e75\" data-element_type=\"widget\" data-e-type=\"widget\" data-widget_type=\"text-editor.default\">\n\t\t\t\t\t\t\t\t\t<p>&#8220;Aqu\u00ed hay gente guatemalteca y de pa\u00edses latinoamericanos dando hasta la \u00faltima gota para apoyar, servir y contribuir con los damnificados por los incendios&#8221;, dice Walter Batres, presidente de la Red Migrante Guatemalteca desde el Centro de Trabajadores de Pasadena, uno de los centros de acopio y distribuci\u00f3n de voluntarios para trabajar en la limpieza y descombramiento de \u00e1reas afectadas por los incendios de Los Angeles, California.<\/p><p><span style=\"color: var( --e-global-color-text ); text-align: var(--text-align);\">&#8220;Todos traen piochas, palas, picos, cepillos y muchas ganas de trabajar. Es voluntario. Dejan sus trabajos para poder venir a colaborar.\u00a0<\/span><span style=\"color: var( --e-global-color-text ); text-align: var(--text-align);\">Ac\u00e1 vemos calambres, tirones, alergias, quemaduras por el sol, fatiga,\u00a0 pero la gente migrante hispana est\u00e1 al frente y al servicio de Los Angeles&#8221;, contin\u00faa explicando.\u00a0<\/span><\/p><p><span style=\"color: var( --e-global-color-text ); text-align: var(--text-align);\">&#8220;Nos traen donaciones en una calle y las entregamos en otra.\u00a0 \u00a0Hay unos 700 voluntarios de todas nacionalidades, pero tambi\u00e9n llegan otros hermanos guatemaltecos que traen comida y bebida para los que est\u00e1n trabajando sin otro inter\u00e9s que servir, apoyar y dar \u00e1nimos&#8221;, finaliza Batres.<\/span><\/p>\t\t\t\t\t\t\t\t<\/div>\n\t\t\t\t\t<\/div>\n\t\t\t\t<\/div>\n\t\t<div data-particle_enable=\"false\" data-particle-mobile-disabled=\"false\" class=\"elementor-element elementor-element-4a9dfdf e-flex e-con-boxed e-con e-parent\" data-id=\"4a9dfdf\" data-element_type=\"container\" data-e-type=\"container\">\n\t\t\t\t\t<div class=\"e-con-inner\">\n\t\t\t\t<div class=\"elementor-element elementor-element-60b5e5e elementor-widget elementor-widget-image\" data-id=\"60b5e5e\" data-element_type=\"widget\" data-e-type=\"widget\" data-widget_type=\"image.default\">\n\t\t\t\t\t\t\t\t\t\t\t\t<figure class=\"wp-caption\">\n\t\t\t\t\t\t\t\t\t\t<img fetchpriority=\"high\" decoding=\"async\" width=\"177\" height=\"300\" src=\"https:\/\/soymigrante.com\/revista\/wp-content\/uploads\/2025\/01\/voluntarios-los-angeles-5-177x300.jpg\" class=\"attachment-medium size-medium wp-image-20962\" alt=\"Choclo con queso, comida tradicional latinoamericana, preparado con ma\u00edz tierno y queso derretido, servido en hoja de pl\u00e1tano, representando sabores aut\u00e9nticos y cultura gastron\u00f3mica.\" srcset=\"https:\/\/soymigrante.com\/revista\/wp-content\/uploads\/2025\/01\/voluntarios-los-angeles-5-177x300.jpg 177w, https:\/\/soymigrante.com\/revista\/wp-content\/uploads\/2025\/01\/voluntarios-los-angeles-5-605x1024.jpg 605w, https:\/\/soymigrante.com\/revista\/wp-content\/uploads\/2025\/01\/voluntarios-los-angeles-5.webp 673w\" sizes=\"(max-width: 177px) 100vw, 177px\" title=\"Con la preparaci\u00f3n y donaci\u00f3n de chuchitos guatemaltecos, familias migrantes aportan alimento a decenas de voluntarios que est\u00e1n trabajando en Pasadena. &quot;Ya tenemos donativos de aqu\u00ed al s\u00e1bado en la Operaci\u00f3n Chuchito&quot;, dicen las redes sociales de la Red Migrante Guatemalteca. \u2013 SoyMigrante.com REVISTA\" \/>\t\t\t\t\t\t\t\t\t\t\t<figcaption class=\"widget-image-caption wp-caption-text\">Disfruta del choclo con queso, un plato emblem\u00e1tico de la gastronom\u00eda latinoamericana que combina ma\u00edz dulce y queso fundido, presentado en hoja de pl\u00e1tano, ideal para degustar en ferias o festivales culturales.<\/figcaption>\n\t\t\t\t\t\t\t\t\t\t<\/figure>\n\t\t\t\t\t\t\t\t\t<\/div>\n\t\t\t\t\t<\/div>\n\t\t\t\t<\/div>\n\t\t<div data-particle_enable=\"false\" data-particle-mobile-disabled=\"false\" class=\"elementor-element elementor-element-9d600a3 e-flex e-con-boxed e-con e-parent\" data-id=\"9d600a3\" data-element_type=\"container\" data-e-type=\"container\">\n\t\t\t\t\t<div class=\"e-con-inner\">\n\t\t\t\t<div class=\"elementor-element elementor-element-df69690 elementor-widget elementor-widget-heading\" data-id=\"df69690\" data-element_type=\"widget\" data-e-type=\"widget\" data-widget_type=\"heading.default\">\n\t\t\t\t\t<h3 class=\"elementor-heading-title elementor-size-default\">Sabor a solidaridad guatemalteca<\/h3>\t\t\t\t<\/div>\n\t\t\t\t\t<\/div>\n\t\t\t\t<\/div>\n\t\t<div data-particle_enable=\"false\" data-particle-mobile-disabled=\"false\" class=\"elementor-element elementor-element-c4ee094 e-flex e-con-boxed e-con e-parent\" data-id=\"c4ee094\" data-element_type=\"container\" data-e-type=\"container\">\n\t\t\t\t\t<div class=\"e-con-inner\">\n\t\t\t\t<div class=\"elementor-element elementor-element-3b01488 elementor-widget elementor-widget-text-editor\" data-id=\"3b01488\" data-element_type=\"widget\" data-e-type=\"widget\" data-widget_type=\"text-editor.default\">\n\t\t\t\t\t\t\t\t\t<p>&#8220;Es un desayuno muy sencillo y muy guatemalteco&#8221;, dice Mariela Osorio, guatemalteca originaria de Ayarza, Santa Rosa, acerca del donativo de chuchitos de ma\u00edz que prepar\u00f3 para la jornada de voluntarios en Pasadena. &#8220;Crec\u00ed inculcada de que dar es mejor que recibir; es poco pero con toda voluntad. No nos sobra, pero Dios siempre nos bendice, servir es una pasi\u00f3n y una misi\u00f3n&#8221;, afirma.<\/p><p>Paty Rodr\u00edguez, tambi\u00e9n migrante guatemalteca, contribuy\u00f3 tambi\u00e9n con un donativo de &#8220;chuchitos&#8221;, lo cual dio inicio a la llamada Operaci\u00f3n Chuchito, de Red Migrante Guatemalteca, para conseguir m\u00e1s donaciones de familias connacionales radicadas en el \u00e1rea de Los Angeles. Tambi\u00e9n hubo panes con frijoles volteados<\/p>\t\t\t\t\t\t\t\t<\/div>\n\t\t\t\t\t<\/div>\n\t\t\t\t<\/div>\n\t\t<div data-particle_enable=\"false\" data-particle-mobile-disabled=\"false\" class=\"elementor-element elementor-element-ee7db78 e-flex e-con-boxed e-con e-parent\" data-id=\"ee7db78\" data-element_type=\"container\" data-e-type=\"container\">\n\t\t\t\t\t<div class=\"e-con-inner\">\n\t\t\t\t<div class=\"elementor-element elementor-element-2c050a8 elementor-widget elementor-widget-image\" data-id=\"2c050a8\" data-element_type=\"widget\" data-e-type=\"widget\" data-widget_type=\"image.default\">\n\t\t\t\t\t\t\t\t\t\t\t\t<figure class=\"wp-caption\">\n\t\t\t\t\t\t\t\t\t\t<img decoding=\"async\" width=\"576\" height=\"1024\" src=\"https:\/\/soymigrante.com\/revista\/wp-content\/uploads\/2025\/01\/voluntarios-los-angeles-3-576x1024.jpg\" class=\"attachment-large size-large wp-image-20960\" alt=\"Cocina comunitaria con alimentos y recipientes para distribuci\u00f3n de comida, con cartel que dice &quot;Solidarity not charity&quot; en espa\u00f1ol.\" srcset=\"https:\/\/soymigrante.com\/revista\/wp-content\/uploads\/2025\/01\/voluntarios-los-angeles-3-576x1024.jpg 576w, https:\/\/soymigrante.com\/revista\/wp-content\/uploads\/2025\/01\/voluntarios-los-angeles-3-169x300.jpg 169w, https:\/\/soymigrante.com\/revista\/wp-content\/uploads\/2025\/01\/voluntarios-los-angeles-3-768x1365.jpg 768w, https:\/\/soymigrante.com\/revista\/wp-content\/uploads\/2025\/01\/voluntarios-los-angeles-3-864x1536.jpg 864w, https:\/\/soymigrante.com\/revista\/wp-content\/uploads\/2025\/01\/voluntarios-los-angeles-3-750x1333.webp 750w, https:\/\/soymigrante.com\/revista\/wp-content\/uploads\/2025\/01\/voluntarios-los-angeles-3.webp 900w\" sizes=\"(max-width: 576px) 100vw, 576px\" title=\"Mariela Osorio, originaria de Santa Rosa, Guatemala, sirve desayunos a voluntarios en el Centro de Trabajadores de Pasadena. (Foto Red Migrante Guatemalteca) \u2013 SoyMigrante.com REVISTA\" \/>\t\t\t\t\t\t\t\t\t\t\t<figcaption class=\"widget-image-caption wp-caption-text\">Distribuci\u00f3n de comida en comunidad migrante en una cocina solidaria con enfoque en ayuda y apoyo migrante.<\/figcaption>\n\t\t\t\t\t\t\t\t\t\t<\/figure>\n\t\t\t\t\t\t\t\t\t<\/div>\n\t\t\t\t\t<\/div>\n\t\t\t\t<\/div>\n\t\t<div data-particle_enable=\"false\" data-particle-mobile-disabled=\"false\" class=\"elementor-element elementor-element-064c2cc e-flex e-con-boxed e-con e-parent\" data-id=\"064c2cc\" data-element_type=\"container\" data-e-type=\"container\">\n\t\t\t\t\t<div class=\"e-con-inner\">\n\t\t\t\t<div class=\"elementor-element elementor-element-145513e elementor-widget elementor-widget-heading\" data-id=\"145513e\" data-element_type=\"widget\" data-e-type=\"widget\" data-widget_type=\"heading.default\">\n\t\t\t\t\t<h3 class=\"elementor-heading-title elementor-size-default\">Servicio sin fronteras: unidos por la hermandad<\/h3>\t\t\t\t<\/div>\n\t\t\t\t\t<\/div>\n\t\t\t\t<\/div>\n\t\t<div data-particle_enable=\"false\" data-particle-mobile-disabled=\"false\" class=\"elementor-element elementor-element-ded9f44 e-flex e-con-boxed e-con e-parent\" data-id=\"ded9f44\" data-element_type=\"container\" data-e-type=\"container\">\n\t\t\t\t\t<div class=\"e-con-inner\">\n\t\t\t\t<div class=\"elementor-element elementor-element-a84abf3 elementor-widget elementor-widget-text-editor\" data-id=\"a84abf3\" data-element_type=\"widget\" data-e-type=\"widget\" data-widget_type=\"text-editor.default\">\n\t\t\t\t\t\t\t\t\t<p>Desde antes que saliera el sol ya hab\u00eda congregadas decenas de hispanos\u00a0 en el Centro de Trabajadores de Pasadena, California. Traen herramientas de trabajo. Dejaron sus empleos para acudir en ayuda de vecinos de Los Angeles.<\/p><p>Entre ellos, Jennifer Contreras, originaria de La Ceiba, hermana rep\u00fablica de Honduras. &#8220;Estoy ayudando con la entrega de donaciones de agua, jugos de frutas, cereales, sueros, leche en polvo, pa\u00f1ales. Tengo amigos que fueron afectados, que perdieron sus casas y eso me motiva a ayudar a todos los damnificados&#8221;, dice.\u00a0<\/p><p>No toda la ayuda es material. Tambi\u00e9n se necesita de acompa\u00f1amiento emocional y espiritual &#8220;Tenemos hombres fuertes de pensamiento y alma como Edgar Reyes, quien brinda oraci\u00f3n y consuelo a amigos. Llega gente llorando porque lo perdieron todo. Necesitan apoyo en alimentos, pero tambi\u00e9n fortaleza y testimonio de Dios&#8221;, describe Batres.\u00a0<\/p>\t\t\t\t\t\t\t\t<\/div>\n\t\t\t\t\t<\/div>\n\t\t\t\t<\/div>\n\t\t<div data-particle_enable=\"false\" data-particle-mobile-disabled=\"false\" class=\"elementor-element elementor-element-bd13244 e-flex e-con-boxed e-con e-parent\" data-id=\"bd13244\" data-element_type=\"container\" data-e-type=\"container\">\n\t\t\t\t\t<div class=\"e-con-inner\">\n\t\t\t\t<div class=\"elementor-element elementor-element-9e90902 elementor-widget elementor-widget-image\" data-id=\"9e90902\" data-element_type=\"widget\" data-e-type=\"widget\" data-widget_type=\"image.default\">\n\t\t\t\t\t\t\t\t\t\t\t\t<figure class=\"wp-caption\">\n\t\t\t\t\t\t\t\t\t\t<img decoding=\"async\" width=\"768\" height=\"935\" src=\"https:\/\/soymigrante.com\/revista\/wp-content\/uploads\/2025\/01\/voluntarios-los-angeles-7-e1736890650277-841x1024.webp\" class=\"attachment-large size-large wp-image-20964\" alt=\"Humanitaria atenci\u00f3n a migrantes en situaci\u00f3n de crisis en M\u00e9xico, apoyo y empat\u00eda en un entorno urbano, solidaridad y ayuda humanitaria, evento de asistencia social a migrantes en tr\u00e1nsito.\" srcset=\"https:\/\/soymigrante.com\/revista\/wp-content\/uploads\/2025\/01\/voluntarios-los-angeles-7-e1736890650277-841x1024.webp 841w, https:\/\/soymigrante.com\/revista\/wp-content\/uploads\/2025\/01\/voluntarios-los-angeles-7-e1736890650277-246x300.webp 246w, https:\/\/soymigrante.com\/revista\/wp-content\/uploads\/2025\/01\/voluntarios-los-angeles-7-e1736890650277-768x935.webp 768w, https:\/\/soymigrante.com\/revista\/wp-content\/uploads\/2025\/01\/voluntarios-los-angeles-7-e1736890650277-750x913.webp 750w, https:\/\/soymigrante.com\/revista\/wp-content\/uploads\/2025\/01\/voluntarios-los-angeles-7-e1736890650277.webp 900w\" sizes=\"(max-width: 768px) 100vw, 768px\" title=\"Voluntario Edgar Reyes ora por una pobladora afectada por los incendios de Los Angeles. \u00a1No toda la ayuda es material, tambi\u00e9n se necesita apoyo espiritual y emocional!(Foto Red Migrante Guatemalteca) \u2013 SoyMigrante.com REVISTA\" \/>\t\t\t\t\t\t\t\t\t\t\t<figcaption class=\"widget-image-caption wp-caption-text\">Historia de solidaridad y empat\u00eda en contexto migratorio en M\u00e9xico, destacando la importancia del apoyo comunitario y la atenci\u00f3n a migrantes.<\/figcaption>\n\t\t\t\t\t\t\t\t\t\t<\/figure>\n\t\t\t\t\t\t\t\t\t<\/div>\n\t\t\t\t\t<\/div>\n\t\t\t\t<\/div>\n\t\t<div data-particle_enable=\"false\" data-particle-mobile-disabled=\"false\" class=\"elementor-element elementor-element-a4be693 e-flex e-con-boxed e-con e-parent\" data-id=\"a4be693\" data-element_type=\"container\" data-e-type=\"container\">\n\t\t\t\t\t<div class=\"e-con-inner\">\n\t\t\t\t<div class=\"elementor-element elementor-element-674e95d elementor-widget elementor-widget-heading\" data-id=\"674e95d\" data-element_type=\"widget\" data-e-type=\"widget\" data-widget_type=\"heading.default\">\n\t\t\t\t\t<h3 class=\"elementor-heading-title elementor-size-default\">Manos hermanas se multiplican<\/h3>\t\t\t\t<\/div>\n\t\t\t\t\t<\/div>\n\t\t\t\t<\/div>\n\t\t<div data-particle_enable=\"false\" data-particle-mobile-disabled=\"false\" class=\"elementor-element elementor-element-b6875a8 e-flex e-con-boxed e-con e-parent\" data-id=\"b6875a8\" data-element_type=\"container\" data-e-type=\"container\">\n\t\t\t\t\t<div class=\"e-con-inner\">\n\t\t\t\t<div class=\"elementor-element elementor-element-65c1d88 elementor-widget elementor-widget-text-editor\" data-id=\"65c1d88\" data-element_type=\"widget\" data-e-type=\"widget\" data-widget_type=\"text-editor.default\">\n\t\t\t\t\t\t\t\t\t<p>&#8220;Mi sentimiento es solidario con la gente que sufre por este desastre&#8221; declara el guatemalteco Ervin Conrado Mancilla, originario de la capital de Guatemala. &#8220;Yo gracias a Dios estoy bien, pero eso a la vez me permite poder aportar mis manos al servicio de los dem\u00e1s&#8221;, expresa.<\/p><p>Toda tarea es valiosa: incluso recolectar la basura, repartir platos de comida o esperar a recibir instrucciones de qu\u00e9 lugar acudir a limpiar. Y los guatemaltecos est\u00e1n siendo parte de este servicio en la ciudad de Los Angeles. Con este esp\u00edritu comienza la reconstrucci\u00f3n.<\/p>\t\t\t\t\t\t\t\t<\/div>\n\t\t\t\t\t<\/div>\n\t\t\t\t<\/div>\n\t\t<div data-particle_enable=\"false\" data-particle-mobile-disabled=\"false\" class=\"elementor-element elementor-element-4a13c32 e-flex e-con-boxed e-con e-parent\" data-id=\"4a13c32\" data-element_type=\"container\" data-e-type=\"container\">\n\t\t\t\t\t<div class=\"e-con-inner\">\n\t\t\t\t<div class=\"elementor-element elementor-element-7446d50 elementor-arrows-position-inside elementor-pagination-position-outside elementor-widget elementor-widget-image-carousel\" data-id=\"7446d50\" data-element_type=\"widget\" data-e-type=\"widget\" data-settings=\"{&quot;slides_to_show&quot;:&quot;1&quot;,&quot;navigation&quot;:&quot;both&quot;,&quot;autoplay&quot;:&quot;yes&quot;,&quot;pause_on_hover&quot;:&quot;yes&quot;,&quot;pause_on_interaction&quot;:&quot;yes&quot;,&quot;autoplay_speed&quot;:5000,&quot;infinite&quot;:&quot;yes&quot;,&quot;effect&quot;:&quot;slide&quot;,&quot;speed&quot;:500}\" data-widget_type=\"image-carousel.default\">\n\t\t\t\t\t\t\t<div class=\"elementor-image-carousel-wrapper swiper\" role=\"region\" aria-roledescription=\"carousel\" aria-label=\"Carrusel de im\u00e1genes\" dir=\"ltr\">\n\t\t\t<div class=\"elementor-image-carousel swiper-wrapper\" aria-live=\"off\">\n\t\t\t\t\t\t\t\t<div class=\"swiper-slide\" role=\"group\" aria-roledescription=\"slide\" aria-label=\"1 de 5\"><figure class=\"swiper-slide-inner\"><img decoding=\"async\" class=\"swiper-slide-image\" src=\"https:\/\/soymigrante.com\/revista\/wp-content\/uploads\/2025\/01\/voluntarios-los-angeles-2-1024x576.jpg\" alt=\"Basurero en la acera durante el d\u00eda en la ciudad, con trabajador de limpieza urbana en uniforme amarillo y naranja recogiendo basura en la calle, con edificios y tr\u00e1fico en el fondo.\" \/><figcaption class=\"elementor-image-carousel-caption\">Persona realizando limpieza urbana en la calle durante el d\u00eda, importante para mantener la ciudad limpia y segura, con uniforme de trabajo, en un entorno urbano con veh\u00edculos y edificios.<\/figcaption><\/figure><\/div><div class=\"swiper-slide\" role=\"group\" aria-roledescription=\"slide\" aria-label=\"2 de 5\"><figure class=\"swiper-slide-inner\"><img decoding=\"async\" class=\"swiper-slide-image\" src=\"https:\/\/soymigrante.com\/revista\/wp-content\/uploads\/2025\/01\/voluntarios-los-angeles-1-1024x576.jpg\" alt=\"Camioneros repartiendo agua y suministros frente a la librer\u00eda The Huntington en una ciudad concurrida, promoviendo ayuda humanitaria y solidaridad en comunidades migrantes.\" \/><figcaption class=\"elementor-image-carousel-caption\">La imagen muestra voluntarios repartiendo agua embotellada y productos de primera necesidad en la calle, reflejando acciones de apoyo social y ayuda comunitaria en un entorno urbano.<\/figcaption><\/figure><\/div><div class=\"swiper-slide\" role=\"group\" aria-roledescription=\"slide\" aria-label=\"3 de 5\"><figure class=\"swiper-slide-inner\"><img decoding=\"async\" class=\"swiper-slide-image\" src=\"https:\/\/soymigrante.com\/revista\/wp-content\/uploads\/2025\/01\/voluntarios-los-angeles-6-1024x576.jpg\" alt=\"Una escena urbana al atardecer con personas conversando y un puesto de venta de agua en la acera. La imagen refleja vida cotidiana, comunidad y movilidad en un entorno citadino, destacando aspectos culturales y sociales.\" \/><figcaption class=\"elementor-image-carousel-caption\">Revista SoyMigrante.com: im\u00e1genes que muestran la vida, cultura y comunidad de inmigrantes en su d\u00eda a d\u00eda.<\/figcaption><\/figure><\/div><div class=\"swiper-slide\" role=\"group\" aria-roledescription=\"slide\" aria-label=\"4 de 5\"><figure class=\"swiper-slide-inner\"><img decoding=\"async\" class=\"swiper-slide-image\" src=\"https:\/\/soymigrante.com\/revista\/wp-content\/uploads\/2025\/01\/voluntario-1024x576.jpg\" alt=\"Personas voluntarias colaborando en un evento de ayuda humanitaria con un cami\u00f3n de donaciones en una calle urbana.\" \/><figcaption class=\"elementor-image-carousel-caption\">Voluntarios repartiendo y encarg\u00e1ndose de donaciones para comunidades necesitadas.<\/figcaption><\/figure><\/div><div class=\"swiper-slide\" role=\"group\" aria-roledescription=\"slide\" aria-label=\"5 de 5\"><figure class=\"swiper-slide-inner\"><img decoding=\"async\" class=\"swiper-slide-image\" src=\"https:\/\/soymigrante.com\/revista\/wp-content\/uploads\/2025\/01\/Imagen-de-WhatsApp-2025-01-13-a-las-172201_f0d040b3-1024x576.jpg\" alt=\"Diversos migrantes en espera en un espacio p\u00fablico, algunos con chalecos reflectantes y otros con indumentaria casual, mostrando integraci\u00f3n y comunidad.\" \/><figcaption class=\"elementor-image-carousel-caption\">Grupo de migrantes en una oficina, vistiendo ropa de seguridad y mostrando actitudes amigables, esperando tr\u00e1mites de migraci\u00f3n.<\/figcaption><\/figure><\/div>\t\t\t<\/div>\n\t\t\t\t\t\t\t\t\t\t\t\t<div class=\"elementor-swiper-button elementor-swiper-button-prev\" role=\"button\" tabindex=\"0\">\n\t\t\t\t\t\t<i aria-hidden=\"true\" class=\"eicon-chevron-left\"><\/i>\t\t\t\t\t<\/div>\n\t\t\t\t\t<div class=\"elementor-swiper-button elementor-swiper-button-next\" role=\"button\" tabindex=\"0\">\n\t\t\t\t\t\t<i aria-hidden=\"true\" class=\"eicon-chevron-right\"><\/i>\t\t\t\t\t<\/div>\n\t\t\t\t\n\t\t\t\t\t\t\t\t\t<div class=\"swiper-pagination\"><\/div>\n\t\t\t\t\t\t\t\t\t<\/div>\n\t\t\t\t\t\t<\/div>\n\t\t\t\t\t<\/div>\n\t\t\t\t<\/div>\n\t\t\t\t<\/div>\n\t\t","protected":false},"excerpt":{"rendered":"<p>Nadie se queda indiferente ante la tragedia de Los Angeles, mucho menos los migrantes guatemaltecos e hispanos, que est\u00e1n aportando trabajo, tiempo, donaciones, alimentos para los albergues y damnificados, incluyendo la Operaci\u00f3n &#8220;Chuchito&#8221;. &#8220;Aqu\u00ed hay gente guatemalteca y de pa\u00edses latinoamericanos dando hasta la \u00faltima gota para apoyar, servir y contribuir con los damnificados por [&hellip;]<\/p>\n","protected":false},"author":7,"featured_media":20959,"comment_status":"open","ping_status":"open","sticky":false,"template":"","format":"standard","meta":{"_acf_changed":false,"_eb_attr":"","footnotes":""},"categories":[54],"tags":[],"class_list":["post-20957","post","type-post","status-publish","format-standard","has-post-thumbnail","hentry","category-estamos-unidos"],"acf":[],"aioseo_notices":[],"aioseo_head":"\n\t\t<!-- All in One SEO Pro 4.9.6.2 - aioseo.com -->\n\t<meta name=\"description\" content=\"Con palas, piochas, escobas y m\u00e1s herramientas, migrantes hispanos llegan al Centro de Trabajadores de Pasadena para ser voluntarios. Solidaridad viva en L.A.\" \/>\n\t<meta name=\"robots\" content=\"max-snippet:-1, max-image-preview:large, max-video-preview:-1\" \/>\n\t<meta name=\"author\" content=\"Gustavo Montenegro\"\/>\n\t<link rel=\"canonical\" href=\"https:\/\/soymigrante.com\/revista\/solidaridad-viva-con-voluntariado-y-donaciones-migrantes-apoyan-a-afectados-por-incendios-de-los-angeles\/\" \/>\n\t<meta name=\"generator\" content=\"All in One SEO Pro (AIOSEO) 4.9.6.2\" \/>\n\n\t\t<link rel=\"preconnect\" href=\"https:\/\/fonts.googleapis.com\" crossorigin>\n<link rel=\"preconnect\" href=\"https:\/\/fonts.gstatic.com\" crossorigin>\n\t\t<meta property=\"og:locale\" content=\"es_ES\" \/>\n\t\t<meta property=\"og:site_name\" content=\"SoyMigrante.com REVISTA \u2013 Nuestra misi\u00f3n es reconocer y dignificar al migrante.\" \/>\n\t\t<meta property=\"og:type\" content=\"article\" \/>\n\t\t<meta property=\"og:title\" content=\"Voluntarios apoyan a afectados por incendios de Los Angeles\" \/>\n\t\t<meta property=\"og:description\" content=\"Con palas, piochas, escobas y m\u00e1s herramientas, migrantes hispanos llegan al Centro de Trabajadores de Pasadena para ser voluntarios. Solidaridad viva en L.A.\" \/>\n\t\t<meta property=\"og:url\" content=\"https:\/\/soymigrante.com\/revista\/solidaridad-viva-con-voluntariado-y-donaciones-migrantes-apoyan-a-afectados-por-incendios-de-los-angeles\/\" \/>\n\t\t<meta property=\"og:image\" content=\"https:\/\/soymigrante.com\/revista\/wp-content\/uploads\/2025\/01\/fuegos-los-angeles-2.webp\" \/>\n\t\t<meta property=\"og:image:secure_url\" content=\"https:\/\/soymigrante.com\/revista\/wp-content\/uploads\/2025\/01\/fuegos-los-angeles-2.webp\" \/>\n\t\t<meta property=\"og:image:width\" content=\"752\" \/>\n\t\t<meta property=\"og:image:height\" content=\"752\" \/>\n\t\t<meta property=\"article:published_time\" content=\"2025-01-14T21:42:00+00:00\" \/>\n\t\t<meta property=\"article:modified_time\" content=\"2025-04-15T15:57:14+00:00\" \/>\n\t\t<meta property=\"article:publisher\" content=\"https:\/\/www.facebook.com\/soymigrantecom\" \/>\n\t\t<meta name=\"twitter:card\" content=\"summary_large_image\" \/>\n\t\t<meta name=\"twitter:site\" content=\"@SoyMigrante_com\" \/>\n\t\t<meta name=\"twitter:title\" content=\"Voluntarios apoyan a afectados por incendios de Los Angeles\" \/>\n\t\t<meta name=\"twitter:description\" content=\"Con palas, piochas, escobas y m\u00e1s herramientas, migrantes hispanos llegan al Centro de Trabajadores de Pasadena para ser voluntarios. Solidaridad viva en L.A.\" \/>\n\t\t<meta name=\"twitter:creator\" content=\"@SoyMigrante_com\" \/>\n\t\t<meta name=\"twitter:image\" content=\"https:\/\/soymigrante.com\/revista\/wp-content\/uploads\/2025\/01\/fuegos-los-angeles-2.webp\" \/>\n\t\t<!-- All in One SEO Pro -->\r\n\t\t<title>Voluntarios apoyan a afectados por incendios de Los Angeles<\/title>\n\n","aioseo_head_json":{"title":"Voluntarios apoyan a afectados por incendios de Los Angeles","description":"Con palas, piochas, escobas y m\u00e1s herramientas, migrantes hispanos llegan al Centro de Trabajadores de Pasadena para ser voluntarios. Solidaridad viva en L.A.","canonical_url":"https:\/\/soymigrante.com\/revista\/solidaridad-viva-con-voluntariado-y-donaciones-migrantes-apoyan-a-afectados-por-incendios-de-los-angeles\/","robots":"max-snippet:-1, max-image-preview:large, max-video-preview:-1","keywords":"","webmasterTools":{"miscellaneous":"&lt;link rel=\"preconnect\" href=\"https:\/\/fonts.googleapis.com\" crossorigin&gt;\n&lt;link rel=\"preconnect\" href=\"https:\/\/fonts.gstatic.com\" crossorigin&gt;"},"schema":null,"og:locale":"es_ES","og:site_name":"SoyMigrante.com REVISTA \u2013 Nuestra misi\u00f3n es reconocer y dignificar al migrante.","og:type":"article","og:title":"Voluntarios apoyan a afectados por incendios de Los Angeles","og:description":"Con palas, piochas, escobas y m\u00e1s herramientas, migrantes hispanos llegan al Centro de Trabajadores de Pasadena para ser voluntarios. Solidaridad viva en L.A.","og:url":"https:\/\/soymigrante.com\/revista\/solidaridad-viva-con-voluntariado-y-donaciones-migrantes-apoyan-a-afectados-por-incendios-de-los-angeles\/","og:image":"https:\/\/soymigrante.com\/revista\/wp-content\/uploads\/2025\/01\/fuegos-los-angeles-2.webp","og:image:secure_url":"https:\/\/soymigrante.com\/revista\/wp-content\/uploads\/2025\/01\/fuegos-los-angeles-2.webp","og:image:width":752,"og:image:height":752,"article:published_time":"2025-01-14T21:42:00+00:00","article:modified_time":"2025-04-15T15:57:14+00:00","article:publisher":"https:\/\/www.facebook.com\/soymigrantecom","twitter:card":"summary_large_image","twitter:site":"@SoyMigrante_com","twitter:title":"Voluntarios apoyan a afectados por incendios de Los Angeles","twitter:description":"Con palas, piochas, escobas y m\u00e1s herramientas, migrantes hispanos llegan al Centro de Trabajadores de Pasadena para ser voluntarios. Solidaridad viva en L.A.","twitter:creator":"@SoyMigrante_com","twitter:image":"https:\/\/soymigrante.com\/revista\/wp-content\/uploads\/2025\/01\/fuegos-los-angeles-2.webp"},"aioseo_meta_data":{"post_id":"20957","title":"Voluntarios apoyan a afectados por incendios de Los Angeles","description":"Con palas, piochas, escobas y m\u00e1s herramientas, migrantes hispanos llegan al Centro de Trabajadores de Pasadena para ser voluntarios. Solidaridad viva en L.A.","keywords":null,"keyphrases":{"focus":{"keyphrase":"Voluntariado","score":43,"analysis":{"keyphraseInTitle":{"score":3,"maxScore":9,"error":1},"keyphraseInDescription":{"score":3,"maxScore":9,"error":1},"keyphraseLength":{"score":9,"maxScore":9,"error":0,"length":1},"keyphraseInURL":{"score":5,"maxScore":5,"error":0},"keyphraseInIntroduction":{"score":3,"maxScore":9,"error":1},"keyphraseInSubHeadings":{"score":3,"maxScore":9,"error":1},"keyphraseInImageAlt":{"score":3,"maxScore":9,"error":1},"keywordDensity":{"score":0,"type":"low","maxScore":9,"error":1}}},"additional":[{"keyphrase":"Incendios Los Angeles","score":53,"analysis":{"keyphraseInDescription":{"score":3,"maxScore":9,"error":1},"keyphraseLength":{"score":9,"maxScore":9,"error":0,"length":3},"keyphraseInIntroduction":{"score":3,"maxScore":9,"error":1},"keyphraseInImageAlt":{"score":9,"maxScore":9,"error":0},"keywordDensity":{"score":0,"type":"low","maxScore":9,"error":1}}},{"keyphrase":"Migrantes","score":67,"analysis":{"keyphraseInDescription":{"score":9,"maxScore":9,"error":0},"keyphraseLength":{"score":9,"maxScore":9,"error":0,"length":1},"keyphraseInIntroduction":{"score":3,"maxScore":9,"error":1},"keyphraseInImageAlt":{"score":9,"maxScore":9,"error":0},"keywordDensity":{"score":0,"type":"low","maxScore":9,"error":1}}}]},"primary_term":null,"canonical_url":null,"og_title":null,"og_description":null,"og_object_type":"default","og_image_type":"default","og_image_url":null,"og_image_width":null,"og_image_height":null,"og_image_custom_url":null,"og_image_custom_fields":null,"og_video":"","og_custom_url":null,"og_article_section":null,"og_article_tags":null,"twitter_use_og":false,"twitter_card":"default","twitter_image_type":"default","twitter_image_url":null,"twitter_image_custom_url":null,"twitter_image_custom_fields":null,"twitter_title":null,"twitter_description":null,"schema":{"blockGraphs":[],"customGraphs":[],"default":{"data":{"Article":[],"Course":[],"Dataset":[],"FAQPage":[],"Movie":[],"Person":[],"Product":[],"ProductReview":[],"Car":[],"Recipe":[],"Service":[],"SoftwareApplication":[],"WebPage":[]},"graphName":"none","isEnabled":true},"graphs":[]},"schema_type":"default","schema_type_options":null,"pillar_content":false,"robots_default":true,"robots_noindex":false,"robots_noarchive":false,"robots_nosnippet":false,"robots_nofollow":false,"robots_noimageindex":false,"robots_noodp":false,"robots_notranslate":false,"robots_max_snippet":"-1","robots_max_videopreview":"-1","robots_max_imagepreview":"large","priority":null,"frequency":"default","local_seo":null,"seo_analyzer_scan_date":"2025-10-09 01:48:09","breadcrumb_settings":null,"limit_modified_date":false,"reviewed_by":null,"open_ai":"{\"title\":{\"suggestions\":[],\"usage\":0},\"description\":{\"suggestions\":[],\"usage\":0}}","ai":null,"created":"2025-01-14 20:44:30","updated":"2026-02-04 18:58:05"},"aioseo_breadcrumb":"<div class=\"aioseo-breadcrumbs\"><span class=\"aioseo-breadcrumb\">\n\t<a href=\"https:\/\/soymigrante.com\/revista\" title=\"Home\">Home<\/a>\n<\/span><span class=\"aioseo-breadcrumb-separator\">\u00bb<\/span><span class=\"aioseo-breadcrumb\">\n\t<a href=\"https:\/\/soymigrante.com\/revista\/category\/estamos-unidos\/\" title=\"Estamos Unidos\">Estamos Unidos<\/a>\n<\/span><span class=\"aioseo-breadcrumb-separator\">\u00bb<\/span><span class=\"aioseo-breadcrumb\">\n\tSolidaridad viva: con voluntariado y donaciones, migrantes apoyan a afectados por incendios de Los Angeles\n<\/span><\/div>","aioseo_breadcrumb_json":[{"label":"Home","link":"https:\/\/soymigrante.com\/revista"},{"label":"Estamos Unidos","link":"https:\/\/soymigrante.com\/revista\/category\/estamos-unidos\/"},{"label":"Solidaridad viva: con voluntariado y donaciones, migrantes apoyan a afectados por incendios de Los Angeles","link":"https:\/\/soymigrante.com\/revista\/solidaridad-viva-con-voluntariado-y-donaciones-migrantes-apoyan-a-afectados-por-incendios-de-los-angeles\/"}],"_links":{"self":[{"href":"https:\/\/soymigrante.com\/revista\/wp-json\/wp\/v2\/posts\/20957","targetHints":{"allow":["GET"]}}],"collection":[{"href":"https:\/\/soymigrante.com\/revista\/wp-json\/wp\/v2\/posts"}],"about":[{"href":"https:\/\/soymigrante.com\/revista\/wp-json\/wp\/v2\/types\/post"}],"author":[{"embeddable":true,"href":"https:\/\/soymigrante.com\/revista\/wp-json\/wp\/v2\/users\/7"}],"replies":[{"embeddable":true,"href":"https:\/\/soymigrante.com\/revista\/wp-json\/wp\/v2\/comments?post=20957"}],"version-history":[{"count":2,"href":"https:\/\/soymigrante.com\/revista\/wp-json\/wp\/v2\/posts\/20957\/revisions"}],"predecessor-version":[{"id":31074,"href":"https:\/\/soymigrante.com\/revista\/wp-json\/wp\/v2\/posts\/20957\/revisions\/31074"}],"wp:featuredmedia":[{"embeddable":true,"href":"https:\/\/soymigrante.com\/revista\/wp-json\/wp\/v2\/media\/20959"}],"wp:attachment":[{"href":"https:\/\/soymigrante.com\/revista\/wp-json\/wp\/v2\/media?parent=20957"}],"wp:term":[{"taxonomy":"category","embeddable":true,"href":"https:\/\/soymigrante.com\/revista\/wp-json\/wp\/v2\/categories?post=20957"},{"taxonomy":"post_tag","embeddable":true,"href":"https:\/\/soymigrante.com\/revista\/wp-json\/wp\/v2\/tags?post=20957"}],"curies":[{"name":"wp","href":"https:\/\/api.w.org\/{rel}","templated":true}]}}