{"id":20884,"date":"2025-01-15T09:55:10","date_gmt":"2025-01-15T15:55:10","guid":{"rendered":"https:\/\/soymigrante.com\/revista\/?p=20884"},"modified":"2025-01-26T18:32:21","modified_gmt":"2025-01-27T00:32:21","slug":"migrantes-en-ee-uu-tienen-mucho-que-ofrecer-a-traves-de-participacion-comunitaria-local","status":"publish","type":"post","link":"https:\/\/soymigrante.com\/revista\/migrantes-en-ee-uu-tienen-mucho-que-ofrecer-a-traves-de-participacion-comunitaria-local\/","title":{"rendered":"Migrantes en EE.UU. tienen mucho que ofrecer a trav\u00e9s del servicio comunitario local"},"content":{"rendered":"\t\t<div data-elementor-type=\"wp-post\" data-elementor-id=\"20884\" class=\"elementor elementor-20884\" data-elementor-post-type=\"post\">\n\t\t\t\t<div data-particle_enable=\"false\" data-particle-mobile-disabled=\"false\" class=\"elementor-element elementor-element-82eadbc e-flex e-con-boxed e-con e-parent\" data-id=\"82eadbc\" data-element_type=\"container\" data-e-type=\"container\">\n\t\t\t\t\t<div class=\"e-con-inner\">\n\t\t\t\t<div class=\"elementor-element elementor-element-7e7c6a9 elementor-widget elementor-widget-heading\" data-id=\"7e7c6a9\" data-element_type=\"widget\" data-e-type=\"widget\" data-widget_type=\"heading.default\">\n\t\t\t\t\t<h2 class=\"elementor-heading-title elementor-size-default\">Los migrantes guatemaltecos cuentan con elementos de identidad cultural, talentos, habilidades e historia que no solo permite sino hace valiosa su participaci\u00f3n en voluntariados y grupos de cultura, educaci\u00f3n, deporte, religi\u00f3n y otras \u00e1reas. Lo importante es participar.\n<\/h2>\t\t\t\t<\/div>\n\t\t\t\t\t<\/div>\n\t\t\t\t<\/div>\n\t\t<div data-particle_enable=\"false\" data-particle-mobile-disabled=\"false\" class=\"elementor-element elementor-element-b8e4de8 e-flex e-con-boxed e-con e-parent\" data-id=\"b8e4de8\" data-element_type=\"container\" data-e-type=\"container\">\n\t\t\t\t\t<div class=\"e-con-inner\">\n\t\t\t\t<div class=\"elementor-element elementor-element-621c774 elementor-widget elementor-widget-text-editor\" data-id=\"621c774\" data-element_type=\"widget\" data-e-type=\"widget\" data-widget_type=\"text-editor.default\">\n\t\t\t\t\t\t\t\t\t<p>En un pa\u00eds como Estados Unidos, donde las culturas convergen en un mosaico diverso, <a href=\"https:\/\/soymigrante.com\/revista\/migrantes-guatemaltecos-en-ee-uu-demuestran-valores-servicio-creatividad-excelencia-y-mas\/\" target=\"_blank\" rel=\"noopener\">los migrantes guatemaltecos encuentran en las comunidades culturales un espacio vital para preservar su identidad<\/a>, fortalecer sus ra\u00edces y adaptarse a su nuevo entorno.<\/p><p>Estas comunidades no solo son fuentes de apoyo emocional y social, sino tambi\u00e9n canales para el desarrollo personal y profesional.<\/p><p>Seg\u00fan el soci\u00f3logo Alfredo Barrios, es importante que los migrantes encuentren comunidades que los hagan sentir en casa y que se mantengan las costumbres.<\/p><p>Por su lado, Romeo Valenzuela, psic\u00f3logo de la Universidad de Chicago, menciona que<a href=\"https:\/\/soymigrante.com\/revista\/migrantes-guatemaltecos-en-ee-uu-demuestran-valores-servicio-creatividad-excelencia-y-mas\/\" target=\"_blank\" rel=\"noopener\"> hacer comunidades es estrechar lazos fraternos<\/a> en momentos dif\u00edciles.<\/p>\t\t\t\t\t\t\t\t<\/div>\n\t\t\t\t\t<\/div>\n\t\t\t\t<\/div>\n\t\t<div data-particle_enable=\"false\" data-particle-mobile-disabled=\"false\" class=\"elementor-element elementor-element-911b429 e-flex e-con-boxed e-con e-parent\" data-id=\"911b429\" data-element_type=\"container\" data-e-type=\"container\">\n\t\t\t\t\t<div class=\"e-con-inner\">\n\t\t\t\t<div class=\"elementor-element elementor-element-43b4e5f elementor-widget elementor-widget-image\" data-id=\"43b4e5f\" data-element_type=\"widget\" data-e-type=\"widget\" data-widget_type=\"image.default\">\n\t\t\t\t\t\t\t\t\t\t\t\t\t\t\t<img fetchpriority=\"high\" decoding=\"async\" width=\"1024\" height=\"683\" src=\"https:\/\/soymigrante.com\/revista\/wp-content\/uploads\/2025\/01\/Beneficios-de-participar-en-comunidades-en-Estados-Unidos-2-1024x683.jpg\" class=\"attachment-large size-large wp-image-20900\" alt=\"Diversas mujeres riendo y compartiendo bebidas en un bar al aire libre, disfrutando de la amistad y la buena compa\u00f1\u00eda en un ambiente urbano y relajado.\" srcset=\"https:\/\/soymigrante.com\/revista\/wp-content\/uploads\/2025\/01\/Beneficios-de-participar-en-comunidades-en-Estados-Unidos-2-1024x683.jpg 1024w, https:\/\/soymigrante.com\/revista\/wp-content\/uploads\/2025\/01\/Beneficios-de-participar-en-comunidades-en-Estados-Unidos-2-300x200.jpg 300w, https:\/\/soymigrante.com\/revista\/wp-content\/uploads\/2025\/01\/Beneficios-de-participar-en-comunidades-en-Estados-Unidos-2-768x512.jpg 768w, https:\/\/soymigrante.com\/revista\/wp-content\/uploads\/2025\/01\/Beneficios-de-participar-en-comunidades-en-Estados-Unidos-2-1536x1024.jpg 1536w, https:\/\/soymigrante.com\/revista\/wp-content\/uploads\/2025\/01\/Beneficios-de-participar-en-comunidades-en-Estados-Unidos-2-2048x1365.jpg 2048w, https:\/\/soymigrante.com\/revista\/wp-content\/uploads\/2025\/01\/Beneficios-de-participar-en-comunidades-en-Estados-Unidos-2-750x500.webp 750w, https:\/\/soymigrante.com\/revista\/wp-content\/uploads\/2025\/01\/Beneficios-de-participar-en-comunidades-en-Estados-Unidos-2-1140x760.webp 1140w, https:\/\/soymigrante.com\/revista\/wp-content\/uploads\/2025\/01\/Beneficios-de-participar-en-comunidades-en-Estados-Unidos-2-scaled.webp 1920w\" sizes=\"(max-width: 1024px) 100vw, 1024px\" \/>\t\t\t\t\t\t\t\t\t\t\t\t\t\t\t<\/div>\n\t\t\t\t\t<\/div>\n\t\t\t\t<\/div>\n\t\t<div data-particle_enable=\"false\" data-particle-mobile-disabled=\"false\" class=\"elementor-element elementor-element-c8501c7 e-flex e-con-boxed e-con e-parent\" data-id=\"c8501c7\" data-element_type=\"container\" data-e-type=\"container\">\n\t\t\t\t\t<div class=\"e-con-inner\">\n\t\t\t\t<div class=\"elementor-element elementor-element-07f1ee7 elementor-widget elementor-widget-heading\" data-id=\"07f1ee7\" data-element_type=\"widget\" data-e-type=\"widget\" data-widget_type=\"heading.default\">\n\t\t\t\t\t<h3 class=\"elementor-heading-title elementor-size-default\">La importancia de las comunidades culturales<\/h3>\t\t\t\t<\/div>\n\t\t\t\t\t<\/div>\n\t\t\t\t<\/div>\n\t\t<div data-particle_enable=\"false\" data-particle-mobile-disabled=\"false\" class=\"elementor-element elementor-element-dd64fc2 e-flex e-con-boxed e-con e-parent\" data-id=\"dd64fc2\" data-element_type=\"container\" data-e-type=\"container\">\n\t\t\t\t\t<div class=\"e-con-inner\">\n\t\t\t\t<div class=\"elementor-element elementor-element-136b179 elementor-widget elementor-widget-text-editor\" data-id=\"136b179\" data-element_type=\"widget\" data-e-type=\"widget\" data-widget_type=\"text-editor.default\">\n\t\t\t\t\t\t\t\t\t<p><a href=\"https:\/\/soymigrante.com\/revista\/migrantes-guatemaltecos-en-ee-uu-demuestran-valores-servicio-creatividad-excelencia-y-mas\/\" target=\"_blank\" rel=\"noopener\">Las comunidades culturales desempe\u00f1an un papel crucial<\/a> para los migrantes guatemaltecos, especialmente en un entorno donde pueden enfrentarse a la barrera del idioma, la discriminaci\u00f3n o la soledad.<\/p><p>\u201cFormar parte de estos grupos permite mantener vivas las tradiciones y costumbres guatemaltecas, como las celebraciones del D\u00eda de Muertos, las ferias patronales, o las pr\u00e1cticas culinarias que incluyen el fiambre o los tamales\u201d, coment\u00f3 Barrios.<\/p><p>Adem\u00e1s, estas comunidades ofrecen un espacio seguro para compartir experiencias, buscar apoyo en momentos de crisis, y encontrar recursos legales, educativos y laborales. <a href=\"https:\/\/soymigrante.com\/revista\/migrantes-guatemaltecos-en-ee-uu-demuestran-valores-servicio-creatividad-excelencia-y-mas\/\" target=\"_blank\" rel=\"noopener\">Tambi\u00e9n promueven un sentido de pertenencia y orgullo<\/a> cultural que fortalece la identidad, incluso a miles de kil\u00f3metros de Guatemala.<\/p>\t\t\t\t\t\t\t\t<\/div>\n\t\t\t\t\t<\/div>\n\t\t\t\t<\/div>\n\t\t<div data-particle_enable=\"false\" data-particle-mobile-disabled=\"false\" class=\"elementor-element elementor-element-e44c025 e-flex e-con-boxed e-con e-parent\" data-id=\"e44c025\" data-element_type=\"container\" data-e-type=\"container\">\n\t\t\t\t\t<div class=\"e-con-inner\">\n\t\t\t\t<div class=\"elementor-element elementor-element-7377130 elementor-widget elementor-widget-heading\" data-id=\"7377130\" data-element_type=\"widget\" data-e-type=\"widget\" data-widget_type=\"heading.default\">\n\t\t\t\t\t<h3 class=\"elementor-heading-title elementor-size-default\">\u00bfCu\u00e1les son los tipos de comunidades culturales para migrantes guatemaltecos?<\/h3>\t\t\t\t<\/div>\n\t\t\t\t\t<\/div>\n\t\t\t\t<\/div>\n\t\t<div data-particle_enable=\"false\" data-particle-mobile-disabled=\"false\" class=\"elementor-element elementor-element-a1ba3c6 e-flex e-con-boxed e-con e-parent\" data-id=\"a1ba3c6\" data-element_type=\"container\" data-e-type=\"container\">\n\t\t\t\t\t<div class=\"e-con-inner\">\n\t\t\t\t<div class=\"elementor-element elementor-element-86ca50a elementor-widget elementor-widget-text-editor\" data-id=\"86ca50a\" data-element_type=\"widget\" data-e-type=\"widget\" data-widget_type=\"text-editor.default\">\n\t\t\t\t\t\t\t\t\t<div><strong>1. Asociaciones comunitarias:<\/strong> Grupos organizados por guatemaltecos para preservar y promover su cultura. Algunos ejemplos son asociaciones departamentales (como las de Huehuetenango o Quetzaltenango) que organizan eventos culturales y deportivos.<\/div><div>\u00a0<\/div><div><strong>2.Organizaciones religiosas:<\/strong> Iglesias cat\u00f3licas o evang\u00e9licas que, adem\u00e1s de ser un espacio espiritual, ofrecen apoyo comunitario, eventos culturales y ayuda social.<\/div><div>\u00a0<\/div><div><strong>3.Grupos art\u00edsticos y culturales:<\/strong> Colectivos que impulsan la m\u00fasica, la danza o el arte guatemalteco, como marimbas, bailes folkl\u00f3ricos y talleres de arte.<\/div><div>\u00a0<\/div><div><strong>4.Espacios de emprendimiento:<\/strong> Redes que apoyan a migrantes a comercializar productos t\u00edpicos como textiles, artesan\u00edas y gastronom\u00eda guatemalteca.<\/div><div>\u00a0<\/div><div><strong>5.Clubes deportivos:<\/strong> Equipos de f\u00fatbol o actividades deportivas que re\u00fanen a los migrantes para compartir momentos recreativos y fortalecer lazos.<\/div>\t\t\t\t\t\t\t\t<\/div>\n\t\t\t\t\t<\/div>\n\t\t\t\t<\/div>\n\t\t<div data-particle_enable=\"false\" data-particle-mobile-disabled=\"false\" class=\"elementor-element elementor-element-174ecac e-flex e-con-boxed e-con e-parent\" data-id=\"174ecac\" data-element_type=\"container\" data-e-type=\"container\">\n\t\t\t\t\t<div class=\"e-con-inner\">\n\t\t\t\t<div class=\"elementor-element elementor-element-8b954ac elementor-grid-eael-col-1 elementor-grid-tablet-eael-col-2 elementor-grid-mobile-eael-col-1 elementor-widget elementor-widget-eael-post-grid\" data-id=\"8b954ac\" data-element_type=\"widget\" data-e-type=\"widget\" data-settings=\"{&quot;eael_post_grid_columns&quot;:&quot;eael-col-1&quot;,&quot;eael_post_grid_columns_tablet&quot;:&quot;eael-col-2&quot;,&quot;eael_post_grid_columns_mobile&quot;:&quot;eael-col-1&quot;}\" data-widget_type=\"eael-post-grid.default\">\n\t\t\t\t\t<div id=\"eael-post-grid-8b954ac\" class=\"eael-post-grid-container\">\n            <div class=\"eael-post-grid eael-post-appender eael-post-appender-8b954ac eael-post-grid-style-one\" data-layout-mode=\"masonry\"><article class=\"eael-grid-post  eael-post-grid-column eael-pg-post-8153 category-estamos-unidos\" data-id=\"8153\">\n        <div class=\"eael-grid-post-holder\">\n            <div class=\"eael-grid-post-holder-inner\"><div class=\"eael-entry-media\"><div class=\"eael-entry-overlay fade-in\"><i class=\"far fa-hand-pointer\" aria-hidden=\"true\"><\/i><a href=\"https:\/\/soymigrante.com\/revista\/el-alto-costo-de-la-migracion-cobra-vidas-voluntarios-de-red-guatemalteca-tratan-de-ayudar\/\"><\/a><\/div><div class=\"eael-entry-thumbnail eael-image-ratio\">\n                <img decoding=\"async\" width=\"288\" height=\"288\" src=\"https:\/\/soymigrante.com\/revista\/wp-content\/uploads\/2024\/08\/red-migrante-desierto-5.webp\" class=\"attachment-large size-large wp-image-8154\" alt=\"Hombre en un paisaje \u00e1rido sosteniendo botellas de agua, s\u00edmbolo de resistencia y esfuerzo en trabajos migrantes en entornos rurales.\" srcset=\"https:\/\/soymigrante.com\/revista\/wp-content\/uploads\/2024\/08\/red-migrante-desierto-5.webp 288w, https:\/\/soymigrante.com\/revista\/wp-content\/uploads\/2024\/08\/red-migrante-desierto-5-150x150.webp 150w, https:\/\/soymigrante.com\/revista\/wp-content\/uploads\/2024\/08\/red-migrante-desierto-5-75x75.webp 75w\" sizes=\"(max-width: 288px) 100vw, 288px\" \/>\n            <\/div>\n        <\/div><div class=\"eael-entry-wrapper\"><header class=\"eael-entry-header\"><h2 class=\"eael-entry-title\"><a class=\"eael-grid-post-link\" href=\"https:\/\/soymigrante.com\/revista\/el-alto-costo-de-la-migracion-cobra-vidas-voluntarios-de-red-guatemalteca-tratan-de-ayudar\/\" title=\"El alto costo de la migraci\u00f3n cobra vidas: voluntarios de Red Guatemalteca tratan de ayudar\">El alto costo de la migraci\u00f3n cobra vidas: voluntarios de Red Guatemalteca tratan de ayudar<\/a><\/h2><\/header><div class=\"eael-entry-content\">\n                        <div class=\"eael-grid-post-excerpt\"><a href=\"https:\/\/soymigrante.com\/revista\/el-alto-costo-de-la-migracion-cobra-vidas-voluntarios-de-red-guatemalteca-tratan-de-ayudar\/\" class=\"eael-post-elements-readmore-btn\">CONOCE SU HISTORIA <\/a><\/div>\n                    <\/div><\/div><\/div>\n        <\/div>\n    <\/article><\/div>\n            <div class=\"clearfix\"><\/div>\n        <\/div>\t\t\t\t<\/div>\n\t\t\t\t\t<\/div>\n\t\t\t\t<\/div>\n\t\t<div data-particle_enable=\"false\" data-particle-mobile-disabled=\"false\" class=\"elementor-element elementor-element-0a11125 e-flex e-con-boxed e-con e-parent\" data-id=\"0a11125\" data-element_type=\"container\" data-e-type=\"container\">\n\t\t\t\t\t<div class=\"e-con-inner\">\n\t\t\t\t<div class=\"elementor-element elementor-element-9c5cba2 elementor-widget elementor-widget-heading\" data-id=\"9c5cba2\" data-element_type=\"widget\" data-e-type=\"widget\" data-widget_type=\"heading.default\">\n\t\t\t\t\t<h3 class=\"elementor-heading-title elementor-size-default\">Beneficios de participar<\/h3>\t\t\t\t<\/div>\n\t\t\t\t\t<\/div>\n\t\t\t\t<\/div>\n\t\t<div data-particle_enable=\"false\" data-particle-mobile-disabled=\"false\" class=\"elementor-element elementor-element-116d790 e-flex e-con-boxed e-con e-parent\" data-id=\"116d790\" data-element_type=\"container\" data-e-type=\"container\">\n\t\t\t\t\t<div class=\"e-con-inner\">\n\t\t\t\t<div class=\"elementor-element elementor-element-da9062a elementor-widget elementor-widget-text-editor\" data-id=\"da9062a\" data-element_type=\"widget\" data-e-type=\"widget\" data-widget_type=\"text-editor.default\">\n\t\t\t\t\t\t\t\t\t<div><strong>\u2022 Apoyo emocional:<\/strong> Compartir experiencias similares ayuda a combatir la nostalgia y el aislamiento.<\/div><div>\u00a0<\/div><div><strong>\u2022Conexiones sociales:<\/strong> Permite formar redes de apoyo entre compatriotas, lo que facilita el acceso a empleo, vivienda y asesor\u00eda legal.<\/div><div>\u00a0<\/div><div><strong>\u2022Preservaci\u00f3n cultural:<\/strong> Mantener vivas las tradiciones guatemaltecas permite que las nuevas generaciones las conozcan y las valoren.<\/div><div>\u00a0<\/div><div><strong>\u2022Desarrollo profesional:<\/strong> Muchas comunidades ofrecen talleres de capacitaci\u00f3n, recursos para aprender ingl\u00e9s o plataformas para emprender.<\/div><div>\u00a0<\/div><div><strong>\u2022Impacto en la integraci\u00f3n:<\/strong> Participar en estas comunidades facilita la adaptaci\u00f3n al entorno estadounidense sin perder la identidad cultural.<\/div>\t\t\t\t\t\t\t\t<\/div>\n\t\t\t\t\t<\/div>\n\t\t\t\t<\/div>\n\t\t<div data-particle_enable=\"false\" data-particle-mobile-disabled=\"false\" class=\"elementor-element elementor-element-13388eb e-flex e-con-boxed e-con e-parent\" data-id=\"13388eb\" data-element_type=\"container\" data-e-type=\"container\">\n\t\t\t\t\t<div class=\"e-con-inner\">\n\t\t\t\t<div class=\"elementor-element elementor-element-b29b24c elementor-grid-eael-col-1 elementor-grid-tablet-eael-col-2 elementor-grid-mobile-eael-col-1 elementor-widget elementor-widget-eael-post-grid\" data-id=\"b29b24c\" data-element_type=\"widget\" data-e-type=\"widget\" data-settings=\"{&quot;eael_post_grid_columns&quot;:&quot;eael-col-1&quot;,&quot;eael_post_grid_columns_tablet&quot;:&quot;eael-col-2&quot;,&quot;eael_post_grid_columns_mobile&quot;:&quot;eael-col-1&quot;}\" data-widget_type=\"eael-post-grid.default\">\n\t\t\t\t\t<div id=\"eael-post-grid-b29b24c\" class=\"eael-post-grid-container\">\n            <div class=\"eael-post-grid eael-post-appender eael-post-appender-b29b24c eael-post-grid-style-one\" data-layout-mode=\"masonry\"><article class=\"eael-grid-post  eael-post-grid-column eael-pg-post-20957 category-estamos-unidos\" data-id=\"20957\">\n        <div class=\"eael-grid-post-holder\">\n            <div class=\"eael-grid-post-holder-inner\"><div class=\"eael-entry-media\"><div class=\"eael-entry-overlay fade-in\"><i class=\"far fa-hand-pointer\" aria-hidden=\"true\"><\/i><a href=\"https:\/\/soymigrante.com\/revista\/solidaridad-viva-con-voluntariado-y-donaciones-migrantes-apoyan-a-afectados-por-incendios-de-los-angeles\/\"><\/a><\/div><div class=\"eael-entry-thumbnail eael-image-ratio\">\n                <img decoding=\"async\" width=\"752\" height=\"752\" src=\"https:\/\/soymigrante.com\/revista\/wp-content\/uploads\/2025\/01\/fuegos-los-angeles-2.webp\" class=\"attachment-large size-large wp-image-20959\" alt=\"Personas migrantes en fila en el exterior, participando en actividad comunitaria o social en un ambiente urbano al aire libre.\" srcset=\"https:\/\/soymigrante.com\/revista\/wp-content\/uploads\/2025\/01\/fuegos-los-angeles-2.webp 752w, https:\/\/soymigrante.com\/revista\/wp-content\/uploads\/2025\/01\/fuegos-los-angeles-2-300x300.jpg 300w, https:\/\/soymigrante.com\/revista\/wp-content\/uploads\/2025\/01\/fuegos-los-angeles-2-150x150.jpg 150w, https:\/\/soymigrante.com\/revista\/wp-content\/uploads\/2025\/01\/fuegos-los-angeles-2-75x75.webp 75w, https:\/\/soymigrante.com\/revista\/wp-content\/uploads\/2025\/01\/fuegos-los-angeles-2-750x750.webp 750w\" sizes=\"(max-width: 752px) 100vw, 752px\" \/>\n            <\/div>\n        <\/div><div class=\"eael-entry-wrapper\"><header class=\"eael-entry-header\"><h2 class=\"eael-entry-title\"><a class=\"eael-grid-post-link\" href=\"https:\/\/soymigrante.com\/revista\/solidaridad-viva-con-voluntariado-y-donaciones-migrantes-apoyan-a-afectados-por-incendios-de-los-angeles\/\" title=\"Solidaridad viva: con voluntariado y donaciones, migrantes apoyan a afectados por incendios de Los Angeles\">Solidaridad viva: con voluntariado y donaciones, migrantes apoyan a afectados por incendios de Los Angeles<\/a><\/h2><\/header><div class=\"eael-entry-content\">\n                        <div class=\"eael-grid-post-excerpt\"><a href=\"https:\/\/soymigrante.com\/revista\/solidaridad-viva-con-voluntariado-y-donaciones-migrantes-apoyan-a-afectados-por-incendios-de-los-angeles\/\" class=\"eael-post-elements-readmore-btn\">CONOCE SU HISTORIA <\/a><\/div>\n                    <\/div><\/div><\/div>\n        <\/div>\n    <\/article><\/div>\n            <div class=\"clearfix\"><\/div>\n        <\/div>\t\t\t\t<\/div>\n\t\t\t\t\t<\/div>\n\t\t\t\t<\/div>\n\t\t<div data-particle_enable=\"false\" data-particle-mobile-disabled=\"false\" class=\"elementor-element elementor-element-42c0551 e-flex e-con-boxed e-con e-parent\" data-id=\"42c0551\" data-element_type=\"container\" data-e-type=\"container\">\n\t\t\t\t\t<div class=\"e-con-inner\">\n\t\t\t\t<div class=\"elementor-element elementor-element-8edfdc2 elementor-widget elementor-widget-heading\" data-id=\"8edfdc2\" data-element_type=\"widget\" data-e-type=\"widget\" data-widget_type=\"heading.default\">\n\t\t\t\t\t<h3 class=\"elementor-heading-title elementor-size-default\">\u00bfC\u00f3mo permanecer activo en una comunidad cultural?<\/h3>\t\t\t\t<\/div>\n\t\t\t\t\t<\/div>\n\t\t\t\t<\/div>\n\t\t<div data-particle_enable=\"false\" data-particle-mobile-disabled=\"false\" class=\"elementor-element elementor-element-8a141c8 e-flex e-con-boxed e-con e-parent\" data-id=\"8a141c8\" data-element_type=\"container\" data-e-type=\"container\">\n\t\t\t\t\t<div class=\"e-con-inner\">\n\t\t\t\t<div class=\"elementor-element elementor-element-696bacd elementor-widget elementor-widget-text-editor\" data-id=\"696bacd\" data-element_type=\"widget\" data-e-type=\"widget\" data-widget_type=\"text-editor.default\">\n\t\t\t\t\t\t\t\t\t<div><strong>1. Asistir a eventos:<\/strong> Participar en actividades como festivales, ferias o reuniones comunitarias.<\/div><div>\u00a0<\/div><div><strong>2.Voluntariado:<\/strong> Ofrecer tiempo para ayudar en la organizaci\u00f3n de actividades o eventos.<\/div><div>\u00a0<\/div><div><strong>3.Promover el legado cultural:<\/strong> Compartir recetas, historias y tradiciones con la comunidad y con las generaciones m\u00e1s j\u00f3venes.<\/div><div>\u00a0<\/div><div><strong>4.Crear redes sociales:<\/strong> Usar plataformas como Facebook o WhatsApp para mantenerse informado sobre actividades culturales y eventos.<\/div><div>\u00a0<\/div><div><strong>5.Formar nuevos grupos:<\/strong> Si no existe una comunidad espec\u00edfica en tu \u00e1rea, liderar la creaci\u00f3n de un grupo para reunir a otros guatemaltecos.<\/div>\t\t\t\t\t\t\t\t<\/div>\n\t\t\t\t\t<\/div>\n\t\t\t\t<\/div>\n\t\t<div data-particle_enable=\"false\" data-particle-mobile-disabled=\"false\" class=\"elementor-element elementor-element-5b17157 e-flex e-con-boxed e-con e-parent\" data-id=\"5b17157\" data-element_type=\"container\" data-e-type=\"container\">\n\t\t\t\t\t<div class=\"e-con-inner\">\n\t\t\t\t<div class=\"elementor-element elementor-element-1be5985 elementor-widget elementor-widget-text-editor\" data-id=\"1be5985\" data-element_type=\"widget\" data-e-type=\"widget\" data-widget_type=\"text-editor.default\">\n\t\t\t\t\t\t\t\t\t<p>Participar en comunidades culturales no solo es una forma de conectarse con el pasado, sino tambi\u00e9n<a href=\"https:\/\/soymigrante.com\/revista\/migrantes-guatemaltecos-en-ee-uu-demuestran-valores-servicio-creatividad-excelencia-y-mas\/\" target=\"_blank\" rel=\"noopener\"> una herramienta poderosa para construir un futuro m\u00e1s s\u00f3lido y conectado en un nuevo pa\u00eds.<\/a> <br \/>\u201cPara los migrantes guatemaltecos en Estados Unidos, estas comunidades son un recordatorio de que, aunque est\u00e9n lejos de casa, sus ra\u00edces siguen firmes\u201d, mencion\u00f3 Valenzuela.<\/p>\t\t\t\t\t\t\t\t<\/div>\n\t\t\t\t\t<\/div>\n\t\t\t\t<\/div>\n\t\t<div data-particle_enable=\"false\" data-particle-mobile-disabled=\"false\" class=\"elementor-element elementor-element-cb60a51 e-flex e-con-boxed e-con e-parent\" data-id=\"cb60a51\" data-element_type=\"container\" data-e-type=\"container\">\n\t\t\t\t\t<div class=\"e-con-inner\">\n\t\t\t\t<div class=\"elementor-element elementor-element-daf07c1 elementor-widget elementor-widget-heading\" data-id=\"daf07c1\" data-element_type=\"widget\" data-e-type=\"widget\" data-widget_type=\"heading.default\">\n\t\t\t\t\t<h2 class=\"elementor-heading-title elementor-size-default\">Grupos y esfuerzos dedicados al servicio de la identidad guatemalteca en EE.UU.<\/h2>\t\t\t\t<\/div>\n\t\t\t\t\t<\/div>\n\t\t\t\t<\/div>\n\t\t<div data-particle_enable=\"false\" data-particle-mobile-disabled=\"false\" class=\"elementor-element elementor-element-38f4005 e-flex e-con-boxed e-con e-parent\" data-id=\"38f4005\" data-element_type=\"container\" data-e-type=\"container\">\n\t\t\t\t\t<div class=\"e-con-inner\">\n\t\t\t\t<div class=\"elementor-element elementor-element-4680e74 elementor-grid-eael-col-3 elementor-grid-tablet-eael-col-2 elementor-grid-mobile-eael-col-1 elementor-widget elementor-widget-eael-post-grid\" data-id=\"4680e74\" data-element_type=\"widget\" data-e-type=\"widget\" data-settings=\"{&quot;eael_post_grid_columns&quot;:&quot;eael-col-3&quot;,&quot;eael_post_grid_columns_tablet&quot;:&quot;eael-col-2&quot;,&quot;eael_post_grid_columns_mobile&quot;:&quot;eael-col-1&quot;}\" data-widget_type=\"eael-post-grid.default\">\n\t\t\t\t\t<div id=\"eael-post-grid-4680e74\" class=\"eael-post-grid-container\">\n            <div class=\"eael-post-grid eael-post-appender eael-post-appender-4680e74 eael-post-grid-style-one\" data-layout-mode=\"masonry\"><article class=\"eael-grid-post  eael-post-grid-column eael-pg-post-10116 category-exitos\" data-id=\"10116\">\n        <div class=\"eael-grid-post-holder\">\n            <div class=\"eael-grid-post-holder-inner\"><div class=\"eael-entry-media\"><div class=\"eael-entry-overlay fade-in\"><i class=\"far fa-hand-pointer\" aria-hidden=\"true\"><\/i><a href=\"https:\/\/soymigrante.com\/revista\/de-monjas-a-stamford-connecticut-maria-sandoval-preside-el-grupo-quetzal\/\"><\/a><\/div><div class=\"eael-entry-thumbnail \">\n                <img loading=\"lazy\" decoding=\"async\" width=\"1024\" height=\"1024\" src=\"https:\/\/soymigrante.com\/revista\/wp-content\/uploads\/2024\/10\/Maria-Sandoval-Grupo-Quetzal-soy-migrante-1-1024x1024.webp\" class=\"attachment-large size-large wp-image-10135\" alt=\"Colaboradora con traje tradicional mexicano durante celebraci\u00f3n cultural con \u00e1rboles de fondo en la revista SoyMigrante.com REVISTA.\" srcset=\"https:\/\/soymigrante.com\/revista\/wp-content\/uploads\/2024\/10\/Maria-Sandoval-Grupo-Quetzal-soy-migrante-1-1024x1024.webp 1024w, https:\/\/soymigrante.com\/revista\/wp-content\/uploads\/2024\/10\/Maria-Sandoval-Grupo-Quetzal-soy-migrante-1-300x300.webp 300w, https:\/\/soymigrante.com\/revista\/wp-content\/uploads\/2024\/10\/Maria-Sandoval-Grupo-Quetzal-soy-migrante-1-150x150.webp 150w, https:\/\/soymigrante.com\/revista\/wp-content\/uploads\/2024\/10\/Maria-Sandoval-Grupo-Quetzal-soy-migrante-1-768x768.webp 768w, https:\/\/soymigrante.com\/revista\/wp-content\/uploads\/2024\/10\/Maria-Sandoval-Grupo-Quetzal-soy-migrante-1-75x75.webp 75w, https:\/\/soymigrante.com\/revista\/wp-content\/uploads\/2024\/10\/Maria-Sandoval-Grupo-Quetzal-soy-migrante-1-750x750.webp 750w, https:\/\/soymigrante.com\/revista\/wp-content\/uploads\/2024\/10\/Maria-Sandoval-Grupo-Quetzal-soy-migrante-1-1140x1140.webp 1140w, https:\/\/soymigrante.com\/revista\/wp-content\/uploads\/2024\/10\/Maria-Sandoval-Grupo-Quetzal-soy-migrante-1.webp 1514w\" sizes=\"(max-width: 1024px) 100vw, 1024px\" \/>\n            <\/div>\n        <\/div><div class=\"eael-entry-wrapper\"><header class=\"eael-entry-header\"><h2 class=\"eael-entry-title\"><a class=\"eael-grid-post-link\" href=\"https:\/\/soymigrante.com\/revista\/de-monjas-a-stamford-connecticut-maria-sandoval-preside-el-grupo-quetzal\/\" title=\"De Monjas a Stamford, Connecticut: Mar\u00eda Sandoval preside el Grupo Quetzal\">De Monjas a Stamford, Connecticut: Mar\u00eda Sandoval preside el Grupo Quetzal<\/a><\/h2><\/header><div class=\"eael-entry-content\">\n                        <div class=\"eael-grid-post-excerpt\"><a href=\"https:\/\/soymigrante.com\/revista\/de-monjas-a-stamford-connecticut-maria-sandoval-preside-el-grupo-quetzal\/\" class=\"eael-post-elements-readmore-btn\">CONOCE SU HISTORIA <\/a><\/div>\n                    <\/div><\/div><\/div>\n        <\/div>\n    <\/article><article class=\"eael-grid-post  eael-post-grid-column eael-pg-post-8427 category-estamos-unidos\" data-id=\"8427\">\n        <div class=\"eael-grid-post-holder\">\n            <div class=\"eael-grid-post-holder-inner\"><div class=\"eael-entry-media\"><div class=\"eael-entry-overlay fade-in\"><i class=\"far fa-hand-pointer\" aria-hidden=\"true\"><\/i><a href=\"https:\/\/soymigrante.com\/revista\/historico-la-ciudad-de-los-angeles-proclama-la-semana-del-guatemalteco\/\"><\/a><\/div><div class=\"eael-entry-thumbnail \">\n                <img loading=\"lazy\" decoding=\"async\" width=\"900\" height=\"900\" src=\"https:\/\/soymigrante.com\/revista\/wp-content\/uploads\/2024\/08\/WhatsApp-Image-2024-08-27-at-124901-PM-copia.webp\" class=\"attachment-large size-large wp-image-8429\" alt=\"Reconocidas representantes de comunidades ind\u00edgenas mexicanas reciben reconocimiento oficial en un acto con autoridades en un entorno urbano, destacando la importancia de la cultura y los derechos de los migrantes.\" srcset=\"https:\/\/soymigrante.com\/revista\/wp-content\/uploads\/2024\/08\/WhatsApp-Image-2024-08-27-at-124901-PM-copia.webp 900w, https:\/\/soymigrante.com\/revista\/wp-content\/uploads\/2024\/08\/WhatsApp-Image-2024-08-27-at-124901-PM-copia-300x300.webp 300w, https:\/\/soymigrante.com\/revista\/wp-content\/uploads\/2024\/08\/WhatsApp-Image-2024-08-27-at-124901-PM-copia-150x150.webp 150w, https:\/\/soymigrante.com\/revista\/wp-content\/uploads\/2024\/08\/WhatsApp-Image-2024-08-27-at-124901-PM-copia-768x768.webp 768w, https:\/\/soymigrante.com\/revista\/wp-content\/uploads\/2024\/08\/WhatsApp-Image-2024-08-27-at-124901-PM-copia-75x75.webp 75w, https:\/\/soymigrante.com\/revista\/wp-content\/uploads\/2024\/08\/WhatsApp-Image-2024-08-27-at-124901-PM-copia-750x750.webp 750w\" sizes=\"(max-width: 900px) 100vw, 900px\" \/>\n            <\/div>\n        <\/div><div class=\"eael-entry-wrapper\"><header class=\"eael-entry-header\"><h2 class=\"eael-entry-title\"><a class=\"eael-grid-post-link\" href=\"https:\/\/soymigrante.com\/revista\/historico-la-ciudad-de-los-angeles-proclama-la-semana-del-guatemalteco\/\" title=\"Hist\u00f3rico:  La ciudad de Los Angeles proclama la Semana del Guatemalteco\">Hist\u00f3rico:  La ciudad de Los Angeles proclama la Semana del Guatemalteco<\/a><\/h2><\/header><div class=\"eael-entry-content\">\n                        <div class=\"eael-grid-post-excerpt\"><a href=\"https:\/\/soymigrante.com\/revista\/historico-la-ciudad-de-los-angeles-proclama-la-semana-del-guatemalteco\/\" class=\"eael-post-elements-readmore-btn\">CONOCE SU HISTORIA <\/a><\/div>\n                    <\/div><\/div><\/div>\n        <\/div>\n    <\/article><article class=\"eael-grid-post  eael-post-grid-column eael-pg-post-2573 category-guate-nuestra\" data-id=\"2573\">\n        <div class=\"eael-grid-post-holder\">\n            <div class=\"eael-grid-post-holder-inner\"><div class=\"eael-entry-media\"><div class=\"eael-entry-overlay fade-in\"><i class=\"far fa-hand-pointer\" aria-hidden=\"true\"><\/i><a href=\"https:\/\/soymigrante.com\/revista\/migrantes-guatemaltecos-promueven-y-resaltan-la-belleza-de-su-pais\/\"><\/a><\/div><div class=\"eael-entry-thumbnail \">\n                <img loading=\"lazy\" decoding=\"async\" width=\"1024\" height=\"683\" src=\"https:\/\/soymigrante.com\/revista\/wp-content\/uploads\/2023\/09\/El-10-de-septiembre-en-Cantera-Event-Center-del-Norte-se-realizo-la-coronacion-de-los-representantes-de-la-belleza-guatemalteca-1024x683.webp\" class=\"attachment-large size-large wp-image-2574\" alt=\"El 10 de septiembre en Cantera Event Center del Norte se realiz\u00f3 la coronaci\u00f3n de los representantes de la belleza y las tradiciones guatemaltecas.\" srcset=\"https:\/\/soymigrante.com\/revista\/wp-content\/uploads\/2023\/09\/El-10-de-septiembre-en-Cantera-Event-Center-del-Norte-se-realizo-la-coronacion-de-los-representantes-de-la-belleza-guatemalteca-1024x683.webp 1024w, https:\/\/soymigrante.com\/revista\/wp-content\/uploads\/2023\/09\/El-10-de-septiembre-en-Cantera-Event-Center-del-Norte-se-realizo-la-coronacion-de-los-representantes-de-la-belleza-guatemalteca-300x200.webp 300w, https:\/\/soymigrante.com\/revista\/wp-content\/uploads\/2023\/09\/El-10-de-septiembre-en-Cantera-Event-Center-del-Norte-se-realizo-la-coronacion-de-los-representantes-de-la-belleza-guatemalteca-768x512.webp 768w, https:\/\/soymigrante.com\/revista\/wp-content\/uploads\/2023\/09\/El-10-de-septiembre-en-Cantera-Event-Center-del-Norte-se-realizo-la-coronacion-de-los-representantes-de-la-belleza-guatemalteca-750x500.webp 750w, https:\/\/soymigrante.com\/revista\/wp-content\/uploads\/2023\/09\/El-10-de-septiembre-en-Cantera-Event-Center-del-Norte-se-realizo-la-coronacion-de-los-representantes-de-la-belleza-guatemalteca-600x400.webp 600w, https:\/\/soymigrante.com\/revista\/wp-content\/uploads\/2023\/09\/El-10-de-septiembre-en-Cantera-Event-Center-del-Norte-se-realizo-la-coronacion-de-los-representantes-de-la-belleza-guatemalteca.webp 1080w\" sizes=\"(max-width: 1024px) 100vw, 1024px\" \/>\n            <\/div>\n        <\/div><div class=\"eael-entry-wrapper\"><header class=\"eael-entry-header\"><h2 class=\"eael-entry-title\"><a class=\"eael-grid-post-link\" href=\"https:\/\/soymigrante.com\/revista\/migrantes-guatemaltecos-promueven-y-resaltan-la-belleza-de-su-pais\/\" title=\"Migrantes guatemaltecos en Oklahoma se unen para celebrar su identidad\">Migrantes guatemaltecos en Oklahoma se unen para celebrar su identidad<\/a><\/h2><\/header><div class=\"eael-entry-content\">\n                        <div class=\"eael-grid-post-excerpt\"><a href=\"https:\/\/soymigrante.com\/revista\/migrantes-guatemaltecos-promueven-y-resaltan-la-belleza-de-su-pais\/\" class=\"eael-post-elements-readmore-btn\">CONOCE SU HISTORIA <\/a><\/div>\n                    <\/div><\/div><\/div>\n        <\/div>\n    <\/article><\/div>\n            <div class=\"clearfix\"><\/div>\n        <\/div>\t\t\t\t<\/div>\n\t\t\t\t\t<\/div>\n\t\t\t\t<\/div>\n\t\t\t\t<\/div>\n\t\t","protected":false},"excerpt":{"rendered":"<p>Los migrantes guatemaltecos cuentan con elementos de identidad cultural, talentos, habilidades e historia que no solo permite sino hace valiosa su participaci\u00f3n en voluntariados y grupos de cultura, educaci\u00f3n, deporte, religi\u00f3n y otras \u00e1reas. Lo importante es participar. En un pa\u00eds como Estados Unidos, donde las culturas convergen en un mosaico diverso, los migrantes guatemaltecos [&hellip;]<\/p>\n","protected":false},"author":19,"featured_media":20886,"comment_status":"open","ping_status":"open","sticky":false,"template":"","format":"standard","meta":{"_acf_changed":false,"_eb_attr":"","footnotes":""},"categories":[55],"tags":[],"class_list":["post-20884","post","type-post","status-publish","format-standard","has-post-thumbnail","hentry","category-bienestar"],"acf":[],"aioseo_notices":[],"aioseo_head":"\n\t\t<!-- All in One SEO Pro 4.9.6.2 - aioseo.com -->\n\t<meta name=\"description\" content=\"Grupo de baile tradicional y elecciones de reinas locales son promovidos por migrantes guatemaltecos en Oklahoma para preservar sus ra\u00edces, sobre todo en el mes patrio. Una migrante origin\u00f3 una tradici\u00f3n Hilda de Le\u00f3n es una migrante guatemalteca originaria de Quetzaltenango, . Lleg\u00f3 a Estados Unidos en 1992. De inmediato se dedic\u00f3 a estudiar y Durante las festividades patrias la comunidad migrante guatemalteca en Oklahoma promueve actividades que resalten la belleza interior y exterior de su pa\u00eds.\" \/>\n\t<meta name=\"robots\" content=\"max-snippet:-1, max-image-preview:large, max-video-preview:-1\" \/>\n\t<meta name=\"author\" content=\"Diana Batz\"\/>\n\t<link rel=\"canonical\" href=\"https:\/\/soymigrante.com\/revista\/migrantes-guatemaltecos-promueven-y-resaltan-la-belleza-de-su-pais\/\" \/>\n\t<meta name=\"generator\" content=\"All in One SEO Pro (AIOSEO) 4.9.6.2\" \/>\n\n\t\t<link rel=\"preconnect\" href=\"https:\/\/fonts.googleapis.com\" crossorigin>\n<link rel=\"preconnect\" href=\"https:\/\/fonts.gstatic.com\" crossorigin>\n\t\t<meta property=\"og:locale\" content=\"es_ES\" \/>\n\t\t<meta property=\"og:site_name\" content=\"SoyMigrante.com REVISTA \u2013 Nuestra misi\u00f3n es reconocer y dignificar al migrante.\" \/>\n\t\t<meta property=\"og:type\" content=\"article\" \/>\n\t\t<meta property=\"og:title\" content=\"Migrantes guatemaltecos en Oklahoma se unen para celebrar su identidad\" \/>\n\t\t<meta property=\"og:description\" content=\"Grupo de baile tradicional y elecciones de reinas locales son promovidos por migrantes guatemaltecos en Oklahoma para preservar sus ra\u00edces, sobre todo en el mes patrio. Una migrante origin\u00f3 una tradici\u00f3n Hilda de Le\u00f3n es una migrante guatemalteca originaria de Quetzaltenango, . Lleg\u00f3 a Estados Unidos en 1992. De inmediato se dedic\u00f3 a estudiar y Durante las festividades patrias la comunidad migrante guatemalteca en Oklahoma promueve actividades que resalten la belleza interior y exterior de su pa\u00eds.\" \/>\n\t\t<meta property=\"og:url\" content=\"https:\/\/soymigrante.com\/revista\/migrantes-guatemaltecos-promueven-y-resaltan-la-belleza-de-su-pais\/\" \/>\n\t\t<meta property=\"og:image\" content=\"https:\/\/soymigrante.com\/revista\/wp-content\/uploads\/2023\/09\/El-10-de-septiembre-en-Cantera-Event-Center-del-Norte-se-realizo-la-coronacion-de-los-representantes-de-la-belleza-guatemalteca.webp\" \/>\n\t\t<meta property=\"og:image:secure_url\" content=\"https:\/\/soymigrante.com\/revista\/wp-content\/uploads\/2023\/09\/El-10-de-septiembre-en-Cantera-Event-Center-del-Norte-se-realizo-la-coronacion-de-los-representantes-de-la-belleza-guatemalteca.webp\" \/>\n\t\t<meta property=\"og:image:width\" content=\"1080\" \/>\n\t\t<meta property=\"og:image:height\" content=\"720\" \/>\n\t\t<meta property=\"article:published_time\" content=\"2023-09-13T13:08:40+00:00\" \/>\n\t\t<meta property=\"article:modified_time\" content=\"2024-07-30T18:56:49+00:00\" \/>\n\t\t<meta property=\"article:publisher\" content=\"https:\/\/www.facebook.com\/soymigrantecom\" \/>\n\t\t<meta name=\"twitter:card\" content=\"summary_large_image\" \/>\n\t\t<meta name=\"twitter:site\" content=\"@SoyMigrante_com\" \/>\n\t\t<meta name=\"twitter:title\" content=\"Migrantes guatemaltecos en Oklahoma se unen para celebrar su identidad\" \/>\n\t\t<meta name=\"twitter:description\" content=\"Grupo de baile tradicional y elecciones de reinas locales son promovidos por migrantes guatemaltecos en Oklahoma para preservar sus ra\u00edces, sobre todo en el mes patrio. Una migrante origin\u00f3 una tradici\u00f3n Hilda de Le\u00f3n es una migrante guatemalteca originaria de Quetzaltenango, . Lleg\u00f3 a Estados Unidos en 1992. De inmediato se dedic\u00f3 a estudiar y Durante las festividades patrias la comunidad migrante guatemalteca en Oklahoma promueve actividades que resalten la belleza interior y exterior de su pa\u00eds.\" \/>\n\t\t<meta name=\"twitter:creator\" content=\"@SoyMigrante_com\" \/>\n\t\t<meta name=\"twitter:image\" content=\"https:\/\/soymigrante.com\/revista\/wp-content\/uploads\/2023\/09\/El-10-de-septiembre-en-Cantera-Event-Center-del-Norte-se-realizo-la-coronacion-de-los-representantes-de-la-belleza-guatemalteca.webp\" \/>\n\t\t<!-- All in One SEO Pro -->\r\n\t\t<title>Migrantes guatemaltecos en Oklahoma se unen para celebrar su identidad<\/title>\n\n","aioseo_head_json":{"title":"Migrantes guatemaltecos en Oklahoma se unen para celebrar su identidad","description":"Grupo de baile tradicional y elecciones de reinas locales son promovidos por migrantes guatemaltecos en Oklahoma para preservar sus ra\u00edces, sobre todo en el mes patrio. Una migrante origin\u00f3 una tradici\u00f3n Hilda de Le\u00f3n es una migrante guatemalteca originaria de Quetzaltenango, . Lleg\u00f3 a Estados Unidos en 1992. De inmediato se dedic\u00f3 a estudiar y Durante las festividades patrias la comunidad migrante guatemalteca en Oklahoma promueve actividades que resalten la belleza interior y exterior de su pa\u00eds.","canonical_url":"https:\/\/soymigrante.com\/revista\/migrantes-guatemaltecos-promueven-y-resaltan-la-belleza-de-su-pais\/","robots":"max-snippet:-1, max-image-preview:large, max-video-preview:-1","keywords":"","webmasterTools":{"miscellaneous":"&lt;link rel=\"preconnect\" href=\"https:\/\/fonts.googleapis.com\" crossorigin&gt;\n&lt;link rel=\"preconnect\" href=\"https:\/\/fonts.gstatic.com\" crossorigin&gt;"},"schema":null,"og:locale":"es_ES","og:site_name":"SoyMigrante.com REVISTA \u2013 Nuestra misi\u00f3n es reconocer y dignificar al migrante.","og:type":"article","og:title":"Migrantes guatemaltecos en Oklahoma se unen para celebrar su identidad","og:description":"Grupo de baile tradicional y elecciones de reinas locales son promovidos por migrantes guatemaltecos en Oklahoma para preservar sus ra\u00edces, sobre todo en el mes patrio. Una migrante origin\u00f3 una tradici\u00f3n Hilda de Le\u00f3n es una migrante guatemalteca originaria de Quetzaltenango, . Lleg\u00f3 a Estados Unidos en 1992. De inmediato se dedic\u00f3 a estudiar y Durante las festividades patrias la comunidad migrante guatemalteca en Oklahoma promueve actividades que resalten la belleza interior y exterior de su pa\u00eds.","og:url":"https:\/\/soymigrante.com\/revista\/migrantes-guatemaltecos-promueven-y-resaltan-la-belleza-de-su-pais\/","og:image":"https:\/\/soymigrante.com\/revista\/wp-content\/uploads\/2023\/09\/El-10-de-septiembre-en-Cantera-Event-Center-del-Norte-se-realizo-la-coronacion-de-los-representantes-de-la-belleza-guatemalteca.webp","og:image:secure_url":"https:\/\/soymigrante.com\/revista\/wp-content\/uploads\/2023\/09\/El-10-de-septiembre-en-Cantera-Event-Center-del-Norte-se-realizo-la-coronacion-de-los-representantes-de-la-belleza-guatemalteca.webp","og:image:width":1080,"og:image:height":720,"article:published_time":"2023-09-13T13:08:40+00:00","article:modified_time":"2024-07-30T18:56:49+00:00","article:publisher":"https:\/\/www.facebook.com\/soymigrantecom","twitter:card":"summary_large_image","twitter:site":"@SoyMigrante_com","twitter:title":"Migrantes guatemaltecos en Oklahoma se unen para celebrar su identidad","twitter:description":"Grupo de baile tradicional y elecciones de reinas locales son promovidos por migrantes guatemaltecos en Oklahoma para preservar sus ra\u00edces, sobre todo en el mes patrio. Una migrante origin\u00f3 una tradici\u00f3n Hilda de Le\u00f3n es una migrante guatemalteca originaria de Quetzaltenango, . Lleg\u00f3 a Estados Unidos en 1992. De inmediato se dedic\u00f3 a estudiar y Durante las festividades patrias la comunidad migrante guatemalteca en Oklahoma promueve actividades que resalten la belleza interior y exterior de su pa\u00eds.","twitter:creator":"@SoyMigrante_com","twitter:image":"https:\/\/soymigrante.com\/revista\/wp-content\/uploads\/2023\/09\/El-10-de-septiembre-en-Cantera-Event-Center-del-Norte-se-realizo-la-coronacion-de-los-representantes-de-la-belleza-guatemalteca.webp"},"aioseo_meta_data":{"post_id":"20884","title":null,"description":"Los migrantes tienen mucho qu\u00e9 ofrecer al integrarse a comunidades o grupos dedicados a la promoci\u00f3n cultural o educativa, el servicio social o la fe.","keywords":null,"keyphrases":{"focus":{"keyphrase":"Estados Unidos","score":54,"analysis":{"keyphraseInTitle":{"score":3,"maxScore":9,"error":1},"keyphraseInDescription":{"score":3,"maxScore":9,"error":1},"keyphraseLength":{"score":9,"maxScore":9,"error":0,"length":2},"keyphraseInURL":{"score":1,"maxScore":5,"error":1},"keyphraseInIntroduction":{"score":9,"maxScore":9,"error":0},"keyphraseInSubHeadings":{"score":3,"maxScore":9,"error":1},"keyphraseInImageAlt":{"score":9,"maxScore":9,"error":0},"keywordDensity":{"score":0,"type":"low","maxScore":9,"error":1}}},"additional":[{"keyphrase":"Estados Unidos","score":67,"analysis":{"keyphraseInDescription":{"score":3,"maxScore":9,"error":1},"keyphraseLength":{"score":9,"maxScore":9,"error":0,"length":2},"keyphraseInIntroduction":{"score":9,"maxScore":9,"error":0},"keyphraseInImageAlt":{"score":9,"maxScore":9,"error":0},"keywordDensity":{"score":0,"type":"low","maxScore":9,"error":1}}},{"keyphrase":"Comunidades","score":100,"analysis":{"keyphraseInDescription":{"score":9,"maxScore":9,"error":0},"keyphraseLength":{"score":9,"maxScore":9,"error":0,"length":1},"keyphraseInIntroduction":{"score":9,"maxScore":9,"error":0},"keyphraseInImageAlt":{"score":9,"maxScore":9,"error":0},"keywordDensity":{"type":"best","score":9,"maxScore":9,"error":0}}}]},"primary_term":null,"canonical_url":null,"og_title":null,"og_description":null,"og_object_type":"default","og_image_type":"default","og_image_url":null,"og_image_width":null,"og_image_height":null,"og_image_custom_url":null,"og_image_custom_fields":null,"og_video":"","og_custom_url":null,"og_article_section":null,"og_article_tags":null,"twitter_use_og":false,"twitter_card":"default","twitter_image_type":"default","twitter_image_url":null,"twitter_image_custom_url":null,"twitter_image_custom_fields":null,"twitter_title":null,"twitter_description":null,"schema":{"blockGraphs":[],"customGraphs":[],"default":{"data":{"Article":[],"Course":[],"Dataset":[],"FAQPage":[],"Movie":[],"Person":[],"Product":[],"ProductReview":[],"Car":[],"Recipe":[],"Service":[],"SoftwareApplication":[],"WebPage":[]},"graphName":"BlogPosting","isEnabled":true},"graphs":[]},"schema_type":"default","schema_type_options":null,"pillar_content":false,"robots_default":true,"robots_noindex":false,"robots_noarchive":false,"robots_nosnippet":false,"robots_nofollow":false,"robots_noimageindex":false,"robots_noodp":false,"robots_notranslate":false,"robots_max_snippet":"-1","robots_max_videopreview":"-1","robots_max_imagepreview":"large","priority":null,"frequency":"default","local_seo":null,"seo_analyzer_scan_date":"2025-10-09 01:50:25","breadcrumb_settings":null,"limit_modified_date":false,"reviewed_by":null,"open_ai":"{\"title\":{\"suggestions\":[],\"usage\":0},\"description\":{\"suggestions\":[],\"usage\":0}}","ai":null,"created":"2025-01-14 18:12:04","updated":"2026-02-04 18:58:06"},"aioseo_breadcrumb":"<div class=\"aioseo-breadcrumbs\"><span class=\"aioseo-breadcrumb\">\n\t<a href=\"https:\/\/soymigrante.com\/revista\" title=\"Home\">Home<\/a>\n<\/span><span class=\"aioseo-breadcrumb-separator\">\u00bb<\/span><span class=\"aioseo-breadcrumb\">\n\t<a href=\"https:\/\/soymigrante.com\/revista\/category\/bienestar\/\" title=\"Bienestar\">Bienestar<\/a>\n<\/span><span class=\"aioseo-breadcrumb-separator\">\u00bb<\/span><span class=\"aioseo-breadcrumb\">\n\tMigrantes en EE.UU. tienen mucho que ofrecer a trav\u00e9s del servicio comunitario local\n<\/span><\/div>","aioseo_breadcrumb_json":[{"label":"Home","link":"https:\/\/soymigrante.com\/revista"},{"label":"Bienestar","link":"https:\/\/soymigrante.com\/revista\/category\/bienestar\/"},{"label":"Migrantes en EE.UU. tienen mucho que ofrecer a trav\u00e9s del servicio comunitario local","link":"https:\/\/soymigrante.com\/revista\/migrantes-en-ee-uu-tienen-mucho-que-ofrecer-a-traves-de-participacion-comunitaria-local\/"}],"_links":{"self":[{"href":"https:\/\/soymigrante.com\/revista\/wp-json\/wp\/v2\/posts\/20884","targetHints":{"allow":["GET"]}}],"collection":[{"href":"https:\/\/soymigrante.com\/revista\/wp-json\/wp\/v2\/posts"}],"about":[{"href":"https:\/\/soymigrante.com\/revista\/wp-json\/wp\/v2\/types\/post"}],"author":[{"embeddable":true,"href":"https:\/\/soymigrante.com\/revista\/wp-json\/wp\/v2\/users\/19"}],"replies":[{"embeddable":true,"href":"https:\/\/soymigrante.com\/revista\/wp-json\/wp\/v2\/comments?post=20884"}],"version-history":[{"count":0,"href":"https:\/\/soymigrante.com\/revista\/wp-json\/wp\/v2\/posts\/20884\/revisions"}],"wp:featuredmedia":[{"embeddable":true,"href":"https:\/\/soymigrante.com\/revista\/wp-json\/wp\/v2\/media\/20886"}],"wp:attachment":[{"href":"https:\/\/soymigrante.com\/revista\/wp-json\/wp\/v2\/media?parent=20884"}],"wp:term":[{"taxonomy":"category","embeddable":true,"href":"https:\/\/soymigrante.com\/revista\/wp-json\/wp\/v2\/categories?post=20884"},{"taxonomy":"post_tag","embeddable":true,"href":"https:\/\/soymigrante.com\/revista\/wp-json\/wp\/v2\/tags?post=20884"}],"curies":[{"name":"wp","href":"https:\/\/api.w.org\/{rel}","templated":true}]}}