{"id":20823,"date":"2025-02-16T13:39:49","date_gmt":"2025-02-16T19:39:49","guid":{"rendered":"https:\/\/soymigrante.com\/revista\/?p=20823"},"modified":"2025-02-16T13:39:49","modified_gmt":"2025-02-16T19:39:49","slug":"cuando-es-el-ano-nuevo-del-calendario-maya-lunar-cholqij","status":"publish","type":"post","link":"https:\/\/soymigrante.com\/revista\/cuando-es-el-ano-nuevo-del-calendario-maya-lunar-cholqij\/","title":{"rendered":"Calendario maya lunar Cholq\u2019ij tiene un significado para cada d\u00eda"},"content":{"rendered":"\t\t<div data-elementor-type=\"wp-post\" data-elementor-id=\"20823\" class=\"elementor elementor-20823\" data-elementor-post-type=\"post\">\n\t\t\t\t<div data-particle_enable=\"false\" data-particle-mobile-disabled=\"false\" class=\"elementor-element elementor-element-f480d0b e-flex e-con-boxed e-con e-parent\" data-id=\"f480d0b\" data-element_type=\"container\" data-e-type=\"container\">\n\t\t\t\t\t<div class=\"e-con-inner\">\n\t\t\t\t<div class=\"elementor-element elementor-element-84521df elementor-widget elementor-widget-heading\" data-id=\"84521df\" data-element_type=\"widget\" data-e-type=\"widget\" data-widget_type=\"heading.default\">\n\t\t\t\t\t<h2 class=\"elementor-heading-title elementor-size-default\">El Cholq\u2019ij, es el calendario sagrado maya lunar: es una cuenta ancestral del tiempo que refleja la profunda conexi\u00f3n de esta civilizaci\u00f3n con los ciclos naturales y espirituales. \u00bfCu\u00e1nto dura? \u00bfCu\u00e1ndo es un nuevo a\u00f1o? Y otras preguntas.<\/h2>\t\t\t\t<\/div>\n\t\t\t\t\t<\/div>\n\t\t\t\t<\/div>\n\t\t<div data-particle_enable=\"false\" data-particle-mobile-disabled=\"false\" class=\"elementor-element elementor-element-23ad7c4 e-flex e-con-boxed e-con e-parent\" data-id=\"23ad7c4\" data-element_type=\"container\" data-e-type=\"container\">\n\t\t\t\t\t<div class=\"e-con-inner\">\n\t\t\t\t<div class=\"elementor-element elementor-element-56953de elementor-widget elementor-widget-text-editor\" data-id=\"56953de\" data-element_type=\"widget\" data-e-type=\"widget\" data-widget_type=\"text-editor.default\">\n\t\t\t\t\t\t\t\t\t<p>El Cholq\u2019ij es uno de los tres c\u00e1lculos del tiempo dentro del <a href=\"https:\/\/soymigrante.com\/revista\/sabiduria-ancestral-en-nuestros-dias-astronomia-y-el-sistema-calendarico-maya\/\">sistema calend\u00e1rico maya.<\/a> Se basa en los ciclos de la luna, pero es muy importante para regular\u00a0 las actividades cotidianas y las pr\u00e1cticas espirituales y ceremoniales, permitiendo a los mayas sincronizar sus vidas con las energ\u00edas c\u00f3smicas y terrestres.<\/p><p>A trav\u00e9s del Cholq\u2019ij, se determinan los d\u00edas propicios para diversas actividades, desde la siembra hasta rituales religiosos, reflejando una cosmovisi\u00f3n donde el tiempo es c\u00edclico y sagrado. Su siguiente A\u00f1o Nuevo arrancar\u00e1 en la fecha equivalente el 3 de mayo de 2025. \u00bfPor qu\u00e9? Te lo explicamos en estas preguntas y respuesta.s\u00a0<\/p>\t\t\t\t\t\t\t\t<\/div>\n\t\t\t\t\t<\/div>\n\t\t\t\t<\/div>\n\t\t<div data-particle_enable=\"false\" data-particle-mobile-disabled=\"false\" class=\"elementor-element elementor-element-8346d51 e-flex e-con-boxed e-con e-parent\" data-id=\"8346d51\" data-element_type=\"container\" data-e-type=\"container\">\n\t\t\t\t\t<div class=\"e-con-inner\">\n\t\t\t\t<div class=\"elementor-element elementor-element-2681bbf elementor-widget elementor-widget-image\" data-id=\"2681bbf\" data-element_type=\"widget\" data-e-type=\"widget\" data-widget_type=\"image.default\">\n\t\t\t\t\t\t\t\t\t\t\t\t<figure class=\"wp-caption\">\n\t\t\t\t\t\t\t\t\t\t\t<a href=\"http:\/\/www.url.edu.gt\/PortalURL\/Archivos\/83\/Archivos\/Departamento%20de%20Investigaciones%20y%20publicaciones\/Proyectos%20de%20Investigacion\/El%20Calendario%20Sagrado%20Maya%20metodo%20para%20el%20computo%20de%20tiempo.pdf\">\n\t\t\t\t\t\t\t<img fetchpriority=\"high\" decoding=\"async\" width=\"726\" height=\"510\" src=\"https:\/\/soymigrante.com\/revista\/wp-content\/uploads\/2025\/01\/calendario-cholquij.webp\" class=\"attachment-large size-large wp-image-20849\" alt=\"Fragmento del c\u00f3digo de Madrid o Tro-Cortesiano, historia de los ideogramas y glifos que representan los 20 nawales, calendario maya de 260 d\u00edas y estructura del universo maya, en una ilustraci\u00f3n antigua.\" srcset=\"https:\/\/soymigrante.com\/revista\/wp-content\/uploads\/2025\/01\/calendario-cholquij.webp 726w, https:\/\/soymigrante.com\/revista\/wp-content\/uploads\/2025\/01\/calendario-cholquij-300x211.jpg 300w\" sizes=\"(max-width: 726px) 100vw, 726px\" title=\"calendario cholquij \u2013 SoyMigrante.com REVISTA\" \/>\t\t\t\t\t\t\t\t<\/a>\n\t\t\t\t\t\t\t\t\t\t\t<figcaption class=\"widget-image-caption wp-caption-text\">Calendario maya Cholquij. Foto de Departamento de Investigaci\u00f3n y Postgrados\nUnidad de Investigaci\u00f3n y Publicaciones URL<\/figcaption>\n\t\t\t\t\t\t\t\t\t\t<\/figure>\n\t\t\t\t\t\t\t\t\t<\/div>\n\t\t\t\t\t<\/div>\n\t\t\t\t<\/div>\n\t\t<div data-particle_enable=\"false\" data-particle-mobile-disabled=\"false\" class=\"elementor-element elementor-element-9bc8d52 e-flex e-con-boxed e-con e-parent\" data-id=\"9bc8d52\" data-element_type=\"container\" data-e-type=\"container\">\n\t\t\t\t\t<div class=\"e-con-inner\">\n\t\t\t\t<div class=\"elementor-element elementor-element-050a7b8 elementor-widget elementor-widget-heading\" data-id=\"050a7b8\" data-element_type=\"widget\" data-e-type=\"widget\" data-widget_type=\"heading.default\">\n\t\t\t\t\t<h3 class=\"elementor-heading-title elementor-size-default\">\u00bfQu\u00e9 es el Cholqu'ij?\n<\/h3>\t\t\t\t<\/div>\n\t\t\t\t\t<\/div>\n\t\t\t\t<\/div>\n\t\t<div data-particle_enable=\"false\" data-particle-mobile-disabled=\"false\" class=\"elementor-element elementor-element-266a280 e-flex e-con-boxed e-con e-parent\" data-id=\"266a280\" data-element_type=\"container\" data-e-type=\"container\">\n\t\t\t\t\t<div class=\"e-con-inner\">\n\t\t\t\t<div class=\"elementor-element elementor-element-6c70e2d elementor-widget elementor-widget-text-editor\" data-id=\"6c70e2d\" data-element_type=\"widget\" data-e-type=\"widget\" data-widget_type=\"text-editor.default\">\n\t\t\t\t\t\t\t\t\t<p>El Cholq\u2019ij es el calendario sagrado de la civilizaci\u00f3n maya, utilizado para comprender el tiempo desde una perspectiva espiritual y c\u00f3smica, con base en el ciclo lunar. Este sistema est\u00e1 dise\u00f1ado para sincronizar las energ\u00edas humanas con las fuerzas universales y naturales.<\/p><p>Su nombre proviene de las palabras mayas &#8220;Chol&#8221; (manejo arm\u00f3nico) y &#8220;Q\u2019ij&#8221; (d\u00eda o sol), lo que significa &#8220;el manejo arm\u00f3nico de los d\u00edas&#8221;. Es un reflejo de la cosmovisi\u00f3n maya, donde el tiempo no es lineal sino c\u00edclico, representando la interconexi\u00f3n entre el ser humano y el universo.<\/p><p>Adem\u00e1s de marcar el ritmo de actividades rituales y ceremoniales, el Cholq\u2019ij sirve como gu\u00eda para encontrar equilibrio personal y colectivo. A trav\u00e9s de \u00e9l, se identifican los d\u00edas propicios para actividades espec\u00edficas, como sembrar, tomar decisiones importantes o realizar ceremonias espirituales.<\/p>\t\t\t\t\t\t\t\t<\/div>\n\t\t\t\t\t<\/div>\n\t\t\t\t<\/div>\n\t\t<div data-particle_enable=\"false\" data-particle-mobile-disabled=\"false\" class=\"elementor-element elementor-element-ef9ebd0 e-flex e-con-boxed e-con e-parent\" data-id=\"ef9ebd0\" data-element_type=\"container\" data-e-type=\"container\">\n\t\t\t\t\t<div class=\"e-con-inner\">\n\t\t\t\t<div class=\"elementor-element elementor-element-4b8ff3a elementor-invisible elementor-widget elementor-widget-image\" data-id=\"4b8ff3a\" data-element_type=\"widget\" data-e-type=\"widget\" data-settings=\"{&quot;_animation&quot;:&quot;pulse&quot;}\" data-widget_type=\"image.default\">\n\t\t\t\t\t\t\t\t\t\t\t\t<figure class=\"wp-caption\">\n\t\t\t\t\t\t\t\t\t\t<img decoding=\"async\" width=\"768\" height=\"403\" src=\"https:\/\/soymigrante.com\/revista\/wp-content\/uploads\/2024\/12\/Captura-de-pantalla-2024-12-02-111349-1024x537.png\" class=\"attachment-large size-large wp-image-15273\" alt=\"Libro de la cuenta de los Nawa\u2019les, publicaci\u00f3n educativa sobre cultura ind\u00edgena guatemalteca, para promover la historia y costumbres Nawa\u2019le en el mercado de SoyMigrante.com REVISTA.\" srcset=\"https:\/\/soymigrante.com\/revista\/wp-content\/uploads\/2024\/12\/Captura-de-pantalla-2024-12-02-111349-1024x537.png 1024w, https:\/\/soymigrante.com\/revista\/wp-content\/uploads\/2024\/12\/Captura-de-pantalla-2024-12-02-111349-300x157.png 300w, https:\/\/soymigrante.com\/revista\/wp-content\/uploads\/2024\/12\/Captura-de-pantalla-2024-12-02-111349-768x402.png 768w, https:\/\/soymigrante.com\/revista\/wp-content\/uploads\/2024\/12\/Captura-de-pantalla-2024-12-02-111349-750x393.webp 750w, https:\/\/soymigrante.com\/revista\/wp-content\/uploads\/2024\/12\/Captura-de-pantalla-2024-12-02-111349.webp 1126w\" sizes=\"(max-width: 768px) 100vw, 768px\" title=\"Para dar a conocer de manera m\u00e1s amplia y personalizada el origen y significado de cada d\u00eda dentro del calendario maya, la editorial Maya Wuj eit\u00f3 el libro La Cuenta de los Nahuales, disponible en SoyMigrante.com MERCADO. \u2013 SoyMigrante.com REVISTA\" \/>\t\t\t\t\t\t\t\t\t\t\t<figcaption class=\"widget-image-caption wp-caption-text\">Para dar a conocer de manera m\u00e1s amplia y personalizada el origen y significado de cada d\u00eda dentro del calendario maya, la editorial Maya Wuj eit\u00f3 el libro La Cuenta de los Nahuales disponible en SoyMigrante.com MERCADO. Para adquirirlo da clic en la imagen.<\/figcaption>\n\t\t\t\t\t\t\t\t\t\t<\/figure>\n\t\t\t\t\t\t\t\t\t<\/div>\n\t\t\t\t\t<\/div>\n\t\t\t\t<\/div>\n\t\t<div data-particle_enable=\"false\" data-particle-mobile-disabled=\"false\" class=\"elementor-element elementor-element-61044a5 e-flex e-con-boxed e-con e-parent\" data-id=\"61044a5\" data-element_type=\"container\" data-e-type=\"container\">\n\t\t\t\t\t<div class=\"e-con-inner\">\n\t\t\t\t<div class=\"elementor-element elementor-element-9c86baa elementor-widget elementor-widget-heading\" data-id=\"9c86baa\" data-element_type=\"widget\" data-e-type=\"widget\" data-widget_type=\"heading.default\">\n\t\t\t\t\t<h3 class=\"elementor-heading-title elementor-size-default\">\u00bfCu\u00e1ntos d\u00edas y meses tiene el Cholqu'ij?\n<\/h3>\t\t\t\t<\/div>\n\t\t\t\t\t<\/div>\n\t\t\t\t<\/div>\n\t\t<div data-particle_enable=\"false\" data-particle-mobile-disabled=\"false\" class=\"elementor-element elementor-element-49a1e9d e-flex e-con-boxed e-con e-parent\" data-id=\"49a1e9d\" data-element_type=\"container\" data-e-type=\"container\">\n\t\t\t\t\t<div class=\"e-con-inner\">\n\t\t\t\t<div class=\"elementor-element elementor-element-ff61795 elementor-widget elementor-widget-text-editor\" data-id=\"ff61795\" data-element_type=\"widget\" data-e-type=\"widget\" data-widget_type=\"text-editor.default\">\n\t\t\t\t\t\t\t\t\t<p>El Cholq\u2019ij consta de 260 d\u00edas, divididos en 20 per\u00edodos o signos, conocidos como \u201cnahuales\u201d, y 13 n\u00fameros que los acompa\u00f1an. Esto crea un ciclo completo donde cada d\u00eda tiene\u00a0<a href=\"https:\/\/soymigrante.com\/revista\/el-lenguaje-sagrado-de-los-textiles-mayas-y-sus-significados\/\" target=\"_blank\" rel=\"noopener\">una combinaci\u00f3n \u00fanica<\/a>\u00a0de n\u00famero y nahual, lo que le otorga un significado especial.<\/p><p>Este n\u00famero no es arbitrario, ya que est\u00e1 vinculado a los ciclos naturales y humanos, como el per\u00edodo de gestaci\u00f3n humana y las fases de la agricultura en la regi\u00f3n maya.<\/p><p>Cada combinaci\u00f3n del Cholq\u2019ij tiene un prop\u00f3sito energ\u00e9tico que influye tanto en la vida cotidiana como en las ceremonias rituales.<\/p>\t\t\t\t\t\t\t\t<\/div>\n\t\t\t\t\t<\/div>\n\t\t\t\t<\/div>\n\t\t<div data-particle_enable=\"false\" data-particle-mobile-disabled=\"false\" class=\"elementor-element elementor-element-db77b6c e-flex e-con-boxed e-con e-parent\" data-id=\"db77b6c\" data-element_type=\"container\" data-e-type=\"container\">\n\t\t\t\t\t<div class=\"e-con-inner\">\n\t\t\t\t<div class=\"elementor-element elementor-element-13a8a47 elementor-widget elementor-widget-heading\" data-id=\"13a8a47\" data-element_type=\"widget\" data-e-type=\"widget\" data-widget_type=\"heading.default\">\n\t\t\t\t\t<h3 class=\"elementor-heading-title elementor-size-default\">\u00bfCu\u00e1ndo es el A\u00f1o Nuevo seg\u00fan el cholqu'ij?<\/h3>\t\t\t\t<\/div>\n\t\t\t\t\t<\/div>\n\t\t\t\t<\/div>\n\t\t<div data-particle_enable=\"false\" data-particle-mobile-disabled=\"false\" class=\"elementor-element elementor-element-d4c3126 e-flex e-con-boxed e-con e-parent\" data-id=\"d4c3126\" data-element_type=\"container\" data-e-type=\"container\">\n\t\t\t\t\t<div class=\"e-con-inner\">\n\t\t\t\t<div class=\"elementor-element elementor-element-4e56e47 elementor-widget elementor-widget-text-editor\" data-id=\"4e56e47\" data-element_type=\"widget\" data-e-type=\"widget\" data-widget_type=\"text-editor.default\">\n\t\t\t\t\t\t\t\t\t<p>El Cholq\u2019ij no tiene un \u201ca\u00f1o nuevo\u201d como los calendarios solares porque cada d\u00eda\u00a0 tiene su propio significado. Sin embargo<a href=\"https:\/\/soymigrante.com\/revista\/sabiduria-ancestral-en-nuestros-dias-astronomia-y-el-sistema-calendarico-maya\/\" target=\"_blank\" rel=\"noopener\">, su ciclo de 260 d\u00edas comienza desde una combinaci\u00f3n inicial de nahual y n\u00famero<\/a>, establecida seg\u00fan la tradici\u00f3n maya para cada persona. Es decir, cada 260 d\u00edas empieza un nuevo a\u00f1o Cholq&#8217;ij. La fecha prevista para este A\u00f1o Nuevo es el 3 de mayo de 2025.<\/p><p><span style=\"color: var( --e-global-color-text ); text-align: var(--text-align);\">Es importante no confundir el Cholq\u2019ij con el Haab\u2019 (calendario solar de 365 d\u00edas), que s\u00ed tiene un c\u00e1lculo m\u00e1s parecido al concepto occidental de a\u00f1o nuevo. Ambos calendarios se complementan, pero tienen fines diferentes dentro de la cosmovisi\u00f3n maya.<\/span><\/p><h6><i>Con informaci\u00f3n de textos\u00a0&#8220;El Calendario Sagrado Maya, M\u00e9todo para el C\u00f3mputo del Tiempo&#8221; del Equipo de investigac<\/i>i\u00f3n <i>de la URL.\/\u00a0 Maya Tecum<\/i><\/h6>\t\t\t\t\t\t\t\t<\/div>\n\t\t\t\t\t<\/div>\n\t\t\t\t<\/div>\n\t\t<div data-particle_enable=\"false\" data-particle-mobile-disabled=\"false\" class=\"elementor-element elementor-element-33cd705 e-flex e-con-boxed e-con e-parent\" data-id=\"33cd705\" data-element_type=\"container\" data-e-type=\"container\">\n\t\t\t\t\t<div class=\"e-con-inner\">\n\t\t\t\t<div class=\"elementor-element elementor-element-bb1526f elementor-widget elementor-widget-video\" data-id=\"bb1526f\" data-element_type=\"widget\" data-e-type=\"widget\" data-settings=\"{&quot;youtube_url&quot;:&quot;https:\\\/\\\/www.youtube.com\\\/watch?v=fQ0w7SVpuD0&quot;,&quot;video_type&quot;:&quot;youtube&quot;,&quot;controls&quot;:&quot;yes&quot;}\" data-widget_type=\"video.default\">\n\t\t\t\t\t\t\t<div class=\"elementor-wrapper elementor-open-inline\">\n\t\t\t<div class=\"elementor-video\"><\/div>\t\t<\/div>\n\t\t\t\t\t\t<\/div>\n\t\t\t\t\t<\/div>\n\t\t\t\t<\/div>\n\t\t<div data-particle_enable=\"false\" data-particle-mobile-disabled=\"false\" class=\"elementor-element elementor-element-1738f1e e-flex e-con-boxed e-con e-parent\" data-id=\"1738f1e\" data-element_type=\"container\" data-e-type=\"container\">\n\t\t\t\t\t<div class=\"e-con-inner\">\n\t\t\t\t<div class=\"elementor-element elementor-element-684fcde elementor-widget elementor-widget-heading\" data-id=\"684fcde\" data-element_type=\"widget\" data-e-type=\"widget\" data-widget_type=\"heading.default\">\n\t\t\t\t\t<h3 class=\"elementor-heading-title elementor-size-default\">\u00bfEn qu\u00e9 se basa ese tiempo calculado en el Cholquij?\n<\/h3>\t\t\t\t<\/div>\n\t\t\t\t\t<\/div>\n\t\t\t\t<\/div>\n\t\t<div data-particle_enable=\"false\" data-particle-mobile-disabled=\"false\" class=\"elementor-element elementor-element-33001fa e-flex e-con-boxed e-con e-parent\" data-id=\"33001fa\" data-element_type=\"container\" data-e-type=\"container\">\n\t\t\t\t\t<div class=\"e-con-inner\">\n\t\t\t\t<div class=\"elementor-element elementor-element-e9474a0 elementor-widget elementor-widget-text-editor\" data-id=\"e9474a0\" data-element_type=\"widget\" data-e-type=\"widget\" data-widget_type=\"text-editor.default\">\n\t\t\t\t\t\t\t\t\t<p>El tiempo en el Cholq\u2019ij est\u00e1 basado en la observaci\u00f3n de ciclos naturales y c\u00f3smicos, espec\u00edficamente, el ciclo lunar. Los 260 d\u00edas representan la duraci\u00f3n aproximada del ciclo agr\u00edcola de ciertas plantas y el per\u00edodo de gestaci\u00f3n humana.<\/p><p>Esto demuestra c\u00f3mo\u00a0<a href=\"https:\/\/soymigrante.com\/revista\/uaxactun-el-legado-astronomico-y-cultural-de-los-mayas-en-el-corazon-del-peten\/\" target=\"_blank\" rel=\"noopener\">los mayas conectaban el tiempo<\/a>\u00a0con los ritmos biol\u00f3gicos y naturales, integrando a la humanidad dentro de un contexto c\u00f3smico mayor.<\/p><p>Adem\u00e1s, el Cholq\u2019ij refleja la interacci\u00f3n entre las energ\u00edas de la Tierra, el Sol, la Luna y otras fuerzas c\u00f3smicas. Esta conexi\u00f3n profunda guiaba las actividades diarias y rituales,\u00a0<a href=\"https:\/\/soymigrante.com\/revista\/joyas-mayas-migrantes-guatemaltecos-pueden-admirar-vaso-de-los-11-dioses-en-los-angeles\/\" target=\"_blank\" rel=\"noopener\">permitiendo a los mayas vivir en armon\u00eda<\/a>\u00a0con su entorno y con el universo.<\/p>\t\t\t\t\t\t\t\t<\/div>\n\t\t\t\t\t<\/div>\n\t\t\t\t<\/div>\n\t\t<div data-particle_enable=\"false\" data-particle-mobile-disabled=\"false\" class=\"elementor-element elementor-element-a8eb7c1 e-flex e-con-boxed e-con e-parent\" data-id=\"a8eb7c1\" data-element_type=\"container\" data-e-type=\"container\">\n\t\t\t\t\t<div class=\"e-con-inner\">\n\t\t\t\t<div class=\"elementor-element elementor-element-880859d elementor-widget elementor-widget-video\" data-id=\"880859d\" data-element_type=\"widget\" data-e-type=\"widget\" data-settings=\"{&quot;youtube_url&quot;:&quot;https:\\\/\\\/www.youtube.com\\\/watch?v=Bl7qMGvDU3o&quot;,&quot;video_type&quot;:&quot;youtube&quot;,&quot;controls&quot;:&quot;yes&quot;}\" data-widget_type=\"video.default\">\n\t\t\t\t\t\t\t<div class=\"elementor-wrapper elementor-open-inline\">\n\t\t\t<div class=\"elementor-video\"><\/div>\t\t<\/div>\n\t\t\t\t\t\t<\/div>\n\t\t\t\t\t<\/div>\n\t\t\t\t<\/div>\n\t\t<div data-particle_enable=\"false\" data-particle-mobile-disabled=\"false\" class=\"elementor-element elementor-element-f385f18 e-flex e-con-boxed e-con e-parent\" data-id=\"f385f18\" data-element_type=\"container\" data-e-type=\"container\">\n\t\t\t\t\t<div class=\"e-con-inner\">\n\t\t\t\t<div class=\"elementor-element elementor-element-7568cff elementor-widget elementor-widget-heading\" data-id=\"7568cff\" data-element_type=\"widget\" data-e-type=\"widget\" data-widget_type=\"heading.default\">\n\t\t\t\t\t<h3 class=\"elementor-heading-title elementor-size-default\">\u00bfC\u00f3mo puedo saber el significado de cada d\u00eda del Cholquij? <\/h3>\t\t\t\t<\/div>\n\t\t\t\t\t<\/div>\n\t\t\t\t<\/div>\n\t\t<div data-particle_enable=\"false\" data-particle-mobile-disabled=\"false\" class=\"elementor-element elementor-element-d2f97e5 e-flex e-con-boxed e-con e-parent\" data-id=\"d2f97e5\" data-element_type=\"container\" data-e-type=\"container\">\n\t\t\t\t\t<div class=\"e-con-inner\">\n\t\t\t\t<div class=\"elementor-element elementor-element-d212d05 elementor-widget elementor-widget-text-editor\" data-id=\"d212d05\" data-element_type=\"widget\" data-e-type=\"widget\" data-widget_type=\"text-editor.default\">\n\t\t\t\t\t\t\t\t\t<p>El significado de cada d\u00eda en el Cholq\u2019ij puede conocerse a trav\u00e9s del nahual y el n\u00famero asociado. Cada nahual, de los 20 existentes, representa una energ\u00eda espec\u00edfica vinculada con la naturaleza, los animales, los elementos y las cualidades humanas. Por otro lado, los n\u00fameros (del 1 al 13) intensifican o moderan esa energ\u00eda.<\/p><p>Hoy en d\u00eda, existen calendarios interactivos, gu\u00edas escritas y comunidades espirituales mayas que comparten esta informaci\u00f3n. Tambi\u00e9n es com\u00fan consultar a un gu\u00eda espiritual o \u201cAjq\u2019ij\u201d, quien interpreta el calendario de acuerdo con las tradiciones ancestrales.<\/p>\t\t\t\t\t\t\t\t<\/div>\n\t\t\t\t\t<\/div>\n\t\t\t\t<\/div>\n\t\t<div data-particle_enable=\"false\" data-particle-mobile-disabled=\"false\" class=\"elementor-element elementor-element-15e8797 e-flex e-con-boxed e-con e-parent\" data-id=\"15e8797\" data-element_type=\"container\" data-e-type=\"container\">\n\t\t\t\t\t<div class=\"e-con-inner\">\n\t\t\t\t<div class=\"elementor-element elementor-element-2dd1fb6 elementor--h-position-center elementor--v-position-middle elementor-widget elementor-widget-slides\" data-id=\"2dd1fb6\" data-element_type=\"widget\" data-e-type=\"widget\" data-settings=\"{&quot;navigation&quot;:&quot;none&quot;,&quot;transition&quot;:&quot;fade&quot;,&quot;infinite&quot;:&quot;yes&quot;,&quot;transition_speed&quot;:500}\" data-widget_type=\"slides.default\">\n\t\t\t\t\t\t\t\t\t\t<div class=\"elementor-slides-wrapper elementor-main-swiper swiper\" role=\"region\" aria-roledescription=\"carousel\" aria-label=\"Diapositivas\" dir=\"ltr\" data-animation=\"fadeInLeft\">\n\t\t\t\t<div class=\"swiper-wrapper elementor-slides\">\n\t\t\t\t\t\t\t\t\t\t<div class=\"elementor-repeater-item-0b4da0c swiper-slide\" role=\"group\" aria-roledescription=\"slide\"><div class=\"swiper-slide-bg elementor-ken-burns elementor-ken-burns--out\" role=\"img\" aria-label=\"Arte y cultura prehisp\u00e1nica de M\u00e9xico en el relieve de una piedra con grabados mayas y mexicas.\"><\/div><div class=\"elementor-background-overlay\"><\/div><a class=\"swiper-slide-inner\" href=\"https:\/\/www.mayatecum.com\/calcular\/\" target=\"_blank\"><div class=\"swiper-slide-contents\"><div class=\"elementor-slide-heading\">Conoce tu d\u00eda de nacimientoy tu nahual seg\u00fan el Cholq'ij<\/div><div  class=\"elementor-button elementor-slide-button elementor-size-md\">CLIC AQUI<\/div><\/div><\/a><\/div>\t\t\t\t<\/div>\n\t\t\t\t\t\t\t<\/div>\n\t\t\t\t\t\t\t\t<\/div>\n\t\t\t\t\t<\/div>\n\t\t\t\t<\/div>\n\t\t<div data-particle_enable=\"false\" data-particle-mobile-disabled=\"false\" class=\"elementor-element elementor-element-4ac72fd e-flex e-con-boxed e-con e-parent\" data-id=\"4ac72fd\" data-element_type=\"container\" data-e-type=\"container\">\n\t\t\t\t\t<div class=\"e-con-inner\">\n\t\t\t\t<div class=\"elementor-element elementor-element-bc12cea elementor-widget elementor-widget-heading\" data-id=\"bc12cea\" data-element_type=\"widget\" data-e-type=\"widget\" data-widget_type=\"heading.default\">\n\t\t\t\t\t<h3 class=\"elementor-heading-title elementor-size-default\">Estos datos tambi\u00e9n te interesan...<\/h3>\t\t\t\t<\/div>\n\t\t\t\t\t<\/div>\n\t\t\t\t<\/div>\n\t\t<div data-particle_enable=\"false\" data-particle-mobile-disabled=\"false\" class=\"elementor-element elementor-element-f6cde19 e-flex e-con-boxed e-con e-parent\" data-id=\"f6cde19\" data-element_type=\"container\" data-e-type=\"container\">\n\t\t\t\t\t<div class=\"e-con-inner\">\n\t\t\t\t<div class=\"elementor-element elementor-element-3c66de9 elementor-grid-eael-col-3 elementor-grid-tablet-eael-col-2 elementor-grid-mobile-eael-col-1 elementor-widget elementor-widget-eael-post-grid\" data-id=\"3c66de9\" data-element_type=\"widget\" data-e-type=\"widget\" data-settings=\"{&quot;eael_post_grid_columns&quot;:&quot;eael-col-3&quot;,&quot;eael_post_grid_columns_tablet&quot;:&quot;eael-col-2&quot;,&quot;eael_post_grid_columns_mobile&quot;:&quot;eael-col-1&quot;}\" data-widget_type=\"eael-post-grid.default\">\n\t\t\t\t\t<div id=\"eael-post-grid-3c66de9\" class=\"eael-post-grid-container\">\n            <div class=\"eael-post-grid eael-post-appender eael-post-appender-3c66de9 eael-post-grid-style-one\" data-layout-mode=\"masonry\"><article class=\"eael-grid-post  eael-post-grid-column eael-pg-post-13457 category-guate-nuestra tags-mercado-emprendedores\" data-id=\"13457\">\n        <div class=\"eael-grid-post-holder\">\n            <div class=\"eael-grid-post-holder-inner\"><div class=\"eael-entry-media\"><div class=\"eael-entry-overlay fade-in\"><i class=\"far fa-hand-pointer\" aria-hidden=\"true\"><\/i><a href=\"https:\/\/soymigrante.com\/revista\/impulsar-la-sabiduria-e-idiomas-mayas-es-el-hilo-del-esfuerzo-de-raxche-rodriguez-en-maya-wuj\/\"><\/a><\/div><div class=\"eael-entry-thumbnail \">\n                <img decoding=\"async\" width=\"1024\" height=\"1024\" src=\"https:\/\/soymigrante.com\/revista\/wp-content\/uploads\/2024\/11\/Raxche-Rodriguez-1024x1024.jpg\" class=\"attachment-large size-large wp-image-13686\" alt=\"Imagen de un hombre con vestimenta tradicional mexicana frente al logo de la revista SoyMigrante.com, destacando temas de migraci\u00f3n, cultura y derechos migrantes en M\u00e9xico.\" srcset=\"https:\/\/soymigrante.com\/revista\/wp-content\/uploads\/2024\/11\/Raxche-Rodriguez-1024x1024.jpg 1024w, https:\/\/soymigrante.com\/revista\/wp-content\/uploads\/2024\/11\/Raxche-Rodriguez-300x300.jpg 300w, https:\/\/soymigrante.com\/revista\/wp-content\/uploads\/2024\/11\/Raxche-Rodriguez-150x150.jpg 150w, https:\/\/soymigrante.com\/revista\/wp-content\/uploads\/2024\/11\/Raxche-Rodriguez-768x768.jpg 768w, https:\/\/soymigrante.com\/revista\/wp-content\/uploads\/2024\/11\/Raxche-Rodriguez-75x75.webp 75w, https:\/\/soymigrante.com\/revista\/wp-content\/uploads\/2024\/11\/Raxche-Rodriguez-750x750.webp 750w, https:\/\/soymigrante.com\/revista\/wp-content\/uploads\/2024\/11\/Raxche-Rodriguez.webp 1046w\" sizes=\"(max-width: 1024px) 100vw, 1024px\" \/>\n            <\/div>\n        <\/div><div class=\"eael-entry-wrapper\"><header class=\"eael-entry-header\"><h2 class=\"eael-entry-title\"><a class=\"eael-grid-post-link\" href=\"https:\/\/soymigrante.com\/revista\/impulsar-la-sabiduria-e-idiomas-mayas-es-el-hilo-del-esfuerzo-de-raxche-rodriguez-en-maya-wuj\/\" title=\"Impulsar la sabidur\u00eda e idiomas mayas es el hilo que teje el esfuerzo de Raxche&#8217; Rodr\u00edguez en Maya&#8217; Wuj\">Impulsar la sabidur\u00eda e idiomas mayas es el hilo que teje el esfuerzo de Raxche&#8217; Rodr\u00edguez en Maya&#8217; Wuj<\/a><\/h2><\/header><div class=\"eael-entry-content\">\n                        <div class=\"eael-grid-post-excerpt\"><a href=\"https:\/\/soymigrante.com\/revista\/impulsar-la-sabiduria-e-idiomas-mayas-es-el-hilo-del-esfuerzo-de-raxche-rodriguez-en-maya-wuj\/\" class=\"eael-post-elements-readmore-btn\">CONOCE SU HISTORIA <\/a><\/div>\n                    <\/div><\/div><\/div>\n        <\/div>\n    <\/article><article class=\"eael-grid-post  eael-post-grid-column eael-pg-post-8075 category-guate-nuestra\" data-id=\"8075\">\n        <div class=\"eael-grid-post-holder\">\n            <div class=\"eael-grid-post-holder-inner\"><div class=\"eael-entry-media\"><div class=\"eael-entry-overlay fade-in\"><i class=\"far fa-hand-pointer\" aria-hidden=\"true\"><\/i><a href=\"https:\/\/soymigrante.com\/revista\/el-traductor-que-contribuye-a-preservar-idiomas-mayas-en-internet\/\"><\/a><\/div><div class=\"eael-entry-thumbnail \">\n                <img loading=\"lazy\" decoding=\"async\" width=\"1024\" height=\"1024\" src=\"https:\/\/soymigrante.com\/revista\/wp-content\/uploads\/2024\/08\/idiomas-mayas-1024x1024.webp\" class=\"attachment-large size-large wp-image-8098\" alt=\"Colorida pintura mural de una mujer ind\u00edgena vestida con ropa tradicional mexicana, acompa\u00f1ada por una ni\u00f1a en una exposici\u00f3n cultural, representando la diversidad y cultura del pa\u00eds.\" srcset=\"https:\/\/soymigrante.com\/revista\/wp-content\/uploads\/2024\/08\/idiomas-mayas-1024x1024.webp 1024w, https:\/\/soymigrante.com\/revista\/wp-content\/uploads\/2024\/08\/idiomas-mayas-300x300.webp 300w, https:\/\/soymigrante.com\/revista\/wp-content\/uploads\/2024\/08\/idiomas-mayas-150x150.webp 150w, https:\/\/soymigrante.com\/revista\/wp-content\/uploads\/2024\/08\/idiomas-mayas-768x768.webp 768w, https:\/\/soymigrante.com\/revista\/wp-content\/uploads\/2024\/08\/idiomas-mayas-75x75.webp 75w, https:\/\/soymigrante.com\/revista\/wp-content\/uploads\/2024\/08\/idiomas-mayas-750x750.webp 750w, https:\/\/soymigrante.com\/revista\/wp-content\/uploads\/2024\/08\/idiomas-mayas-1140x1140.webp 1140w, https:\/\/soymigrante.com\/revista\/wp-content\/uploads\/2024\/08\/idiomas-mayas.webp 1200w\" sizes=\"(max-width: 1024px) 100vw, 1024px\" \/>\n            <\/div>\n        <\/div><div class=\"eael-entry-wrapper\"><header class=\"eael-entry-header\"><h2 class=\"eael-entry-title\"><a class=\"eael-grid-post-link\" href=\"https:\/\/soymigrante.com\/revista\/el-traductor-que-contribuye-a-preservar-idiomas-mayas-en-internet\/\" title=\"El traductor que contribuye a valorar e impulsar idiomas mayas en internet\">El traductor que contribuye a valorar e impulsar idiomas mayas en internet<\/a><\/h2><\/header><div class=\"eael-entry-content\">\n                        <div class=\"eael-grid-post-excerpt\"><a href=\"https:\/\/soymigrante.com\/revista\/el-traductor-que-contribuye-a-preservar-idiomas-mayas-en-internet\/\" class=\"eael-post-elements-readmore-btn\">CONOCE SU HISTORIA <\/a><\/div>\n                    <\/div><\/div><\/div>\n        <\/div>\n    <\/article><article class=\"eael-grid-post  eael-post-grid-column eael-pg-post-2176 category-editorial-estamos-unidos\" data-id=\"2176\">\n        <div class=\"eael-grid-post-holder\">\n            <div class=\"eael-grid-post-holder-inner\"><div class=\"eael-entry-media\"><div class=\"eael-entry-overlay fade-in\"><i class=\"far fa-hand-pointer\" aria-hidden=\"true\"><\/i><a href=\"https:\/\/soymigrante.com\/revista\/migrantes-mayas-identidad-eeuu\/\"><\/a><\/div><div class=\"eael-entry-thumbnail \">\n                <img loading=\"lazy\" decoding=\"async\" width=\"1024\" height=\"793\" src=\"https:\/\/soymigrante.com\/revista\/wp-content\/uploads\/2023\/08\/364713116_6469948403053215_6539418826854478968_n-1024x793.webp\" class=\"attachment-large size-large wp-image-2179\" alt=\"Es enorme, multifac\u00e9tica y transmitida de generaci\u00f3n en generaci\u00f3n la gama de s\u00edmbolos, danzas y tradiciones mayas de Guatemala, que sobreviven dentro y fuera del pa\u00eds. (Baile del venado, pintura de Alex\u00e1nder Ambrocio artista momosteco.\" srcset=\"https:\/\/soymigrante.com\/revista\/wp-content\/uploads\/2023\/08\/364713116_6469948403053215_6539418826854478968_n-1024x793.webp 1024w, https:\/\/soymigrante.com\/revista\/wp-content\/uploads\/2023\/08\/364713116_6469948403053215_6539418826854478968_n-300x232.webp 300w, https:\/\/soymigrante.com\/revista\/wp-content\/uploads\/2023\/08\/364713116_6469948403053215_6539418826854478968_n-768x595.webp 768w, https:\/\/soymigrante.com\/revista\/wp-content\/uploads\/2023\/08\/364713116_6469948403053215_6539418826854478968_n-750x581.webp 750w, https:\/\/soymigrante.com\/revista\/wp-content\/uploads\/2023\/08\/364713116_6469948403053215_6539418826854478968_n-1140x883.webp 1140w, https:\/\/soymigrante.com\/revista\/wp-content\/uploads\/2023\/08\/364713116_6469948403053215_6539418826854478968_n.webp 1487w\" sizes=\"(max-width: 1024px) 100vw, 1024px\" \/>\n            <\/div>\n        <\/div><div class=\"eael-entry-wrapper\"><header class=\"eael-entry-header\"><h2 class=\"eael-entry-title\"><a class=\"eael-grid-post-link\" href=\"https:\/\/soymigrante.com\/revista\/migrantes-mayas-identidad-eeuu\/\" title=\"D\u00eda de los Pueblos Ind\u00edgenas: Migrantes mayas guatemaltecos luchan por conservar su identidad\">D\u00eda de los Pueblos Ind\u00edgenas: Migrantes mayas guatemaltecos luchan por conservar su identidad<\/a><\/h2><\/header><div class=\"eael-entry-content\">\n                        <div class=\"eael-grid-post-excerpt\"><a href=\"https:\/\/soymigrante.com\/revista\/migrantes-mayas-identidad-eeuu\/\" class=\"eael-post-elements-readmore-btn\">CONOCE SU HISTORIA <\/a><\/div>\n                    <\/div><\/div><\/div>\n        <\/div>\n    <\/article><\/div>\n            <div class=\"clearfix\"><\/div>\n        <\/div>\t\t\t\t<\/div>\n\t\t\t\t\t<\/div>\n\t\t\t\t<\/div>\n\t\t\t\t<\/div>\n\t\t","protected":false},"excerpt":{"rendered":"<p>El Cholq\u2019ij, es el calendario sagrado maya lunar: es una cuenta ancestral del tiempo que refleja la profunda conexi\u00f3n de esta civilizaci\u00f3n con los ciclos naturales y espirituales. \u00bfCu\u00e1nto dura? \u00bfCu\u00e1ndo es un nuevo a\u00f1o? Y otras preguntas. El Cholq\u2019ij es uno de los tres c\u00e1lculos del tiempo dentro del sistema calend\u00e1rico maya. Se basa [&hellip;]<\/p>\n","protected":false},"author":23,"featured_media":20887,"comment_status":"open","ping_status":"open","sticky":false,"template":"","format":"standard","meta":{"_acf_changed":false,"_eb_attr":"","footnotes":""},"categories":[58],"tags":[],"class_list":["post-20823","post","type-post","status-publish","format-standard","has-post-thumbnail","hentry","category-guate-nuestra"],"acf":[],"aioseo_notices":[],"aioseo_head":"\n\t\t<!-- All in One SEO Pro 4.9.6.2 - aioseo.com -->\n\t<meta name=\"description\" content=\"Miles de migrantes mayas en EE.UU. conservan con orgullo su cultura y tradiciones. En el D\u00eda Internacional de los Pueblos Ind\u00edgenas, reconocemos su lucha y esfuerzo\" \/>\n\t<meta name=\"robots\" content=\"max-snippet:-1, max-image-preview:large, max-video-preview:-1\" \/>\n\t<meta name=\"author\" content=\"SoyMigrante.com REVISTA\"\/>\n\t<link rel=\"canonical\" href=\"https:\/\/soymigrante.com\/revista\/migrantes-mayas-identidad-eeuu\/\" \/>\n\t<meta name=\"generator\" content=\"All in One SEO Pro (AIOSEO) 4.9.6.2\" \/>\n\n\t\t<link rel=\"preconnect\" href=\"https:\/\/fonts.googleapis.com\" crossorigin>\n<link rel=\"preconnect\" href=\"https:\/\/fonts.gstatic.com\" crossorigin>\n\t\t<meta property=\"og:locale\" content=\"es_ES\" \/>\n\t\t<meta property=\"og:site_name\" content=\"SoyMigrante.com REVISTA \u2013 Nuestra misi\u00f3n es reconocer y dignificar al migrante.\" \/>\n\t\t<meta property=\"og:type\" content=\"article\" \/>\n\t\t<meta property=\"og:title\" content=\"Identidad Maya en EE.UU.: M\u00e1s All\u00e1 de las Fronteras\" \/>\n\t\t<meta property=\"og:description\" content=\"Miles de migrantes mayas en EE.UU. conservan con orgullo su cultura y tradiciones. En el D\u00eda Internacional de los Pueblos Ind\u00edgenas, reconocemos su lucha y esfuerzo\" \/>\n\t\t<meta property=\"og:url\" content=\"https:\/\/soymigrante.com\/revista\/migrantes-mayas-identidad-eeuu\/\" \/>\n\t\t<meta property=\"og:image\" content=\"https:\/\/soymigrante.com\/revista\/wp-content\/uploads\/2023\/08\/364713116_6469948403053215_6539418826854478968_n.webp\" \/>\n\t\t<meta property=\"og:image:secure_url\" content=\"https:\/\/soymigrante.com\/revista\/wp-content\/uploads\/2023\/08\/364713116_6469948403053215_6539418826854478968_n.webp\" \/>\n\t\t<meta property=\"og:image:width\" content=\"1487\" \/>\n\t\t<meta property=\"og:image:height\" content=\"1152\" \/>\n\t\t<meta property=\"article:published_time\" content=\"2023-08-09T16:43:08+00:00\" \/>\n\t\t<meta property=\"article:modified_time\" content=\"2024-11-06T16:00:22+00:00\" \/>\n\t\t<meta property=\"article:publisher\" content=\"https:\/\/www.facebook.com\/soymigrantecom\" \/>\n\t\t<meta name=\"twitter:card\" content=\"summary_large_image\" \/>\n\t\t<meta name=\"twitter:site\" content=\"@SoyMigrante_com\" \/>\n\t\t<meta name=\"twitter:title\" content=\"Identidad Maya en EE.UU.: M\u00e1s All\u00e1 de las Fronteras\" \/>\n\t\t<meta name=\"twitter:description\" content=\"Miles de migrantes mayas en EE.UU. conservan con orgullo su cultura y tradiciones. En el D\u00eda Internacional de los Pueblos Ind\u00edgenas, reconocemos su lucha y esfuerzo\" \/>\n\t\t<meta name=\"twitter:creator\" content=\"@SoyMigrante_com\" \/>\n\t\t<meta name=\"twitter:image\" content=\"https:\/\/soymigrante.com\/revista\/wp-content\/uploads\/2023\/08\/364713116_6469948403053215_6539418826854478968_n.webp\" \/>\n\t\t<!-- All in One SEO Pro -->\r\n\t\t<title>Identidad Maya en EE.UU.: M\u00e1s All\u00e1 de las Fronteras<\/title>\n\n","aioseo_head_json":{"title":"Identidad Maya en EE.UU.: M\u00e1s All\u00e1 de las Fronteras","description":"Miles de migrantes mayas en EE.UU. conservan con orgullo su cultura y tradiciones. En el D\u00eda Internacional de los Pueblos Ind\u00edgenas, reconocemos su lucha y esfuerzo","canonical_url":"https:\/\/soymigrante.com\/revista\/migrantes-mayas-identidad-eeuu\/","robots":"max-snippet:-1, max-image-preview:large, max-video-preview:-1","keywords":"","webmasterTools":{"miscellaneous":"&lt;link rel=\"preconnect\" href=\"https:\/\/fonts.googleapis.com\" crossorigin&gt;\n&lt;link rel=\"preconnect\" href=\"https:\/\/fonts.gstatic.com\" crossorigin&gt;"},"schema":null,"og:locale":"es_ES","og:site_name":"SoyMigrante.com REVISTA \u2013 Nuestra misi\u00f3n es reconocer y dignificar al migrante.","og:type":"article","og:title":"Identidad Maya en EE.UU.: M\u00e1s All\u00e1 de las Fronteras","og:description":"Miles de migrantes mayas en EE.UU. conservan con orgullo su cultura y tradiciones. En el D\u00eda Internacional de los Pueblos Ind\u00edgenas, reconocemos su lucha y esfuerzo","og:url":"https:\/\/soymigrante.com\/revista\/migrantes-mayas-identidad-eeuu\/","og:image":"https:\/\/soymigrante.com\/revista\/wp-content\/uploads\/2023\/08\/364713116_6469948403053215_6539418826854478968_n.webp","og:image:secure_url":"https:\/\/soymigrante.com\/revista\/wp-content\/uploads\/2023\/08\/364713116_6469948403053215_6539418826854478968_n.webp","og:image:width":1487,"og:image:height":1152,"article:published_time":"2023-08-09T16:43:08+00:00","article:modified_time":"2024-11-06T16:00:22+00:00","article:publisher":"https:\/\/www.facebook.com\/soymigrantecom","twitter:card":"summary_large_image","twitter:site":"@SoyMigrante_com","twitter:title":"Identidad Maya en EE.UU.: M\u00e1s All\u00e1 de las Fronteras","twitter:description":"Miles de migrantes mayas en EE.UU. conservan con orgullo su cultura y tradiciones. En el D\u00eda Internacional de los Pueblos Ind\u00edgenas, reconocemos su lucha y esfuerzo","twitter:creator":"@SoyMigrante_com","twitter:image":"https:\/\/soymigrante.com\/revista\/wp-content\/uploads\/2023\/08\/364713116_6469948403053215_6539418826854478968_n.webp"},"aioseo_meta_data":{"post_id":"20823","title":"\u00bfCu\u00e1ndo es el a\u00f1o nuevo del calendario maya Choljqu'ij?","description":"El Cholq\u2019ij es uno de los tres calendarios sagrados mayas. Es un c\u00e1lculo basado en el ciclo de la luna. \u00bfCu\u00e1ntos meses y cu\u00e1ntos d\u00edas tiene? Eso y m\u00e1s aqu\u00ed.","keywords":null,"keyphrases":{"focus":{"keyphrase":"Calendario Maya","score":51,"analysis":{"keyphraseInTitle":{"score":9,"maxScore":9,"error":0},"keyphraseInDescription":{"score":3,"maxScore":9,"error":1},"keyphraseLength":{"score":9,"maxScore":9,"error":0,"length":2},"keyphraseInURL":{"score":5,"maxScore":5,"error":0},"keyphraseInIntroduction":{"score":3,"maxScore":9,"error":1},"keyphraseInSubHeadings":{"score":3,"maxScore":9,"error":1},"keyphraseInImageAlt":{"score":3,"maxScore":9,"error":1},"keywordDensity":{"score":0,"type":"low","maxScore":9,"error":1}}},"additional":[{"keyphrase":"cholq'ij","score":67,"analysis":{"keyphraseInDescription":{"score":9,"maxScore":9,"error":0},"keyphraseLength":{"score":9,"maxScore":9,"error":0,"length":1},"keyphraseInIntroduction":{"score":9,"maxScore":9,"error":0},"keyphraseInImageAlt":{"score":3,"maxScore":9,"error":1},"keywordDensity":{"score":0,"type":"low","maxScore":9,"error":1}}}]},"primary_term":null,"canonical_url":null,"og_title":null,"og_description":null,"og_object_type":"default","og_image_type":"default","og_image_url":null,"og_image_width":null,"og_image_height":null,"og_image_custom_url":null,"og_image_custom_fields":null,"og_video":"","og_custom_url":null,"og_article_section":null,"og_article_tags":null,"twitter_use_og":false,"twitter_card":"default","twitter_image_type":"default","twitter_image_url":null,"twitter_image_custom_url":null,"twitter_image_custom_fields":null,"twitter_title":null,"twitter_description":null,"schema":{"blockGraphs":[],"customGraphs":[],"default":{"data":{"Article":[],"Course":[],"Dataset":[],"FAQPage":[],"Movie":[],"Person":[],"Product":[],"ProductReview":[],"Car":[],"Recipe":[],"Service":[],"SoftwareApplication":[],"WebPage":[]},"graphName":"BlogPosting","isEnabled":true},"graphs":[]},"schema_type":"default","schema_type_options":null,"pillar_content":false,"robots_default":true,"robots_noindex":false,"robots_noarchive":false,"robots_nosnippet":false,"robots_nofollow":false,"robots_noimageindex":false,"robots_noodp":false,"robots_notranslate":false,"robots_max_snippet":"-1","robots_max_videopreview":"-1","robots_max_imagepreview":"large","priority":null,"frequency":"default","local_seo":null,"seo_analyzer_scan_date":"2025-10-09 02:41:29","breadcrumb_settings":null,"limit_modified_date":false,"reviewed_by":null,"open_ai":"{\"title\":{\"suggestions\":[],\"usage\":0},\"description\":{\"suggestions\":[],\"usage\":0}}","ai":null,"created":"2025-01-14 16:05:29","updated":"2026-02-04 21:16:53"},"aioseo_breadcrumb":"<div class=\"aioseo-breadcrumbs\"><span class=\"aioseo-breadcrumb\">\n\t<a href=\"https:\/\/soymigrante.com\/revista\" title=\"Home\">Home<\/a>\n<\/span><span class=\"aioseo-breadcrumb-separator\">\u00bb<\/span><span class=\"aioseo-breadcrumb\">\n\t<a href=\"https:\/\/soymigrante.com\/revista\/category\/guate-nuestra\/\" title=\"Guate Nuestra\">Guate Nuestra<\/a>\n<\/span><span class=\"aioseo-breadcrumb-separator\">\u00bb<\/span><span class=\"aioseo-breadcrumb\">\n\tCalendario maya lunar Cholq\u2019ij tiene un significado para cada d\u00eda\n<\/span><\/div>","aioseo_breadcrumb_json":[{"label":"Home","link":"https:\/\/soymigrante.com\/revista"},{"label":"Guate Nuestra","link":"https:\/\/soymigrante.com\/revista\/category\/guate-nuestra\/"},{"label":"Calendario maya lunar Cholq\u2019ij tiene un significado para cada d\u00eda","link":"https:\/\/soymigrante.com\/revista\/cuando-es-el-ano-nuevo-del-calendario-maya-lunar-cholqij\/"}],"_links":{"self":[{"href":"https:\/\/soymigrante.com\/revista\/wp-json\/wp\/v2\/posts\/20823","targetHints":{"allow":["GET"]}}],"collection":[{"href":"https:\/\/soymigrante.com\/revista\/wp-json\/wp\/v2\/posts"}],"about":[{"href":"https:\/\/soymigrante.com\/revista\/wp-json\/wp\/v2\/types\/post"}],"author":[{"embeddable":true,"href":"https:\/\/soymigrante.com\/revista\/wp-json\/wp\/v2\/users\/23"}],"replies":[{"embeddable":true,"href":"https:\/\/soymigrante.com\/revista\/wp-json\/wp\/v2\/comments?post=20823"}],"version-history":[{"count":0,"href":"https:\/\/soymigrante.com\/revista\/wp-json\/wp\/v2\/posts\/20823\/revisions"}],"wp:featuredmedia":[{"embeddable":true,"href":"https:\/\/soymigrante.com\/revista\/wp-json\/wp\/v2\/media\/20887"}],"wp:attachment":[{"href":"https:\/\/soymigrante.com\/revista\/wp-json\/wp\/v2\/media?parent=20823"}],"wp:term":[{"taxonomy":"category","embeddable":true,"href":"https:\/\/soymigrante.com\/revista\/wp-json\/wp\/v2\/categories?post=20823"},{"taxonomy":"post_tag","embeddable":true,"href":"https:\/\/soymigrante.com\/revista\/wp-json\/wp\/v2\/tags?post=20823"}],"curies":[{"name":"wp","href":"https:\/\/api.w.org\/{rel}","templated":true}]}}