{"id":208,"date":"2023-05-25T00:10:58","date_gmt":"2023-05-25T00:10:58","guid":{"rendered":"https:\/\/soymigrante.wpengine.com\/?p=208"},"modified":"2026-03-11T14:40:59","modified_gmt":"2026-03-11T20:40:59","slug":"elisa-escamilla-emprendedora-invierte-en-guatemala","status":"publish","type":"post","link":"https:\/\/soymigrante.com\/revista\/elisa-escamilla-emprendedora-invierte-en-guatemala\/","title":{"rendered":"Elisa Escamilla: una historia de amor, foto y grandes objetivos."},"content":{"rendered":"\t\t<div data-elementor-type=\"wp-post\" data-elementor-id=\"208\" class=\"elementor elementor-208\" data-elementor-post-type=\"post\">\n\t\t\t\t\t\t<section data-particle_enable=\"false\" data-particle-mobile-disabled=\"false\" class=\"elementor-section elementor-top-section elementor-element elementor-element-9deb2a0 elementor-section-boxed elementor-section-height-default elementor-section-height-default\" data-id=\"9deb2a0\" data-element_type=\"section\" data-e-type=\"section\">\n\t\t\t\t\t\t<div class=\"elementor-container elementor-column-gap-default\">\n\t\t\t\t\t<div class=\"elementor-column elementor-col-100 elementor-top-column elementor-element elementor-element-5b2e32b\" data-id=\"5b2e32b\" data-element_type=\"column\" data-e-type=\"column\">\n\t\t\t<div class=\"elementor-widget-wrap elementor-element-populated\">\n\t\t\t\t\t\t<div class=\"elementor-element elementor-element-88fbe12 elementor-widget elementor-widget-heading\" data-id=\"88fbe12\" data-element_type=\"widget\" data-e-type=\"widget\" data-widget_type=\"heading.default\">\n\t\t\t\t\t<h2 class=\"elementor-heading-title elementor-size-default\">Elisa es emprendedora desde los 17 a\u00f1os, pero circunstancias del destino la llevaron a los 23 a\u00f1os hasta Connecticut, EE. UU. en donde se encuentra su coraz\u00f3n y desde donde dirige La Fototienda, en Guatemala<\/h2>\t\t\t\t<\/div>\n\t\t\t\t\t<\/div>\n\t\t<\/div>\n\t\t\t\t\t<\/div>\n\t\t<\/section>\n\t\t\t\t<section data-particle_enable=\"false\" data-particle-mobile-disabled=\"false\" class=\"elementor-section elementor-top-section elementor-element elementor-element-c923865 elementor-section-boxed elementor-section-height-default elementor-section-height-default\" data-id=\"c923865\" data-element_type=\"section\" data-e-type=\"section\">\n\t\t\t\t\t\t<div class=\"elementor-container elementor-column-gap-default\">\n\t\t\t\t\t<div class=\"elementor-column elementor-col-100 elementor-top-column elementor-element elementor-element-382fc1b\" data-id=\"382fc1b\" data-element_type=\"column\" data-e-type=\"column\">\n\t\t\t<div class=\"elementor-widget-wrap elementor-element-populated\">\n\t\t\t\t\t\t<div class=\"elementor-element elementor-element-3a12154 elementor-widget elementor-widget-image\" data-id=\"3a12154\" data-element_type=\"widget\" data-e-type=\"widget\" data-widget_type=\"image.default\">\n\t\t\t\t\t\t\t\t\t\t\t\t<figure class=\"wp-caption\">\n\t\t\t\t\t\t\t\t\t\t<img fetchpriority=\"high\" decoding=\"async\" width=\"728\" height=\"1024\" src=\"https:\/\/soymigrante.com\/revista\/wp-content\/uploads\/2023\/03\/SOY-ELISA-ESCAMILLA-ENTREVISTA-1-1-728x1024.jpg\" class=\"attachment-large size-large wp-image-1010\" alt=\"Elisa Escamilla, emprendedora guatemalteca\" srcset=\"https:\/\/soymigrante.com\/revista\/wp-content\/uploads\/2023\/03\/SOY-ELISA-ESCAMILLA-ENTREVISTA-1-1-728x1024.jpg 728w, https:\/\/soymigrante.com\/revista\/wp-content\/uploads\/2023\/03\/SOY-ELISA-ESCAMILLA-ENTREVISTA-1-1-213x300.webp 213w, https:\/\/soymigrante.com\/revista\/wp-content\/uploads\/2023\/03\/SOY-ELISA-ESCAMILLA-ENTREVISTA-1-1-768x1080.jpg 768w, https:\/\/soymigrante.com\/revista\/wp-content\/uploads\/2023\/03\/SOY-ELISA-ESCAMILLA-ENTREVISTA-1-1-1092x1536.jpg 1092w, https:\/\/soymigrante.com\/revista\/wp-content\/uploads\/2023\/03\/SOY-ELISA-ESCAMILLA-ENTREVISTA-1-1-750x1055.webp 750w, https:\/\/soymigrante.com\/revista\/wp-content\/uploads\/2023\/03\/SOY-ELISA-ESCAMILLA-ENTREVISTA-1-1.webp 1105w\" sizes=\"(max-width: 728px) 100vw, 728px\" title=\"SOY-ELISA-ESCAMILLA-ENTREVISTA-1 \u2013 SoyMigrante.com REVISTA\" \/>\t\t\t\t\t\t\t\t\t\t\t<figcaption class=\"widget-image-caption wp-caption-text\">Elisa Escamilla, emprendedora guatemalteca<\/figcaption>\n\t\t\t\t\t\t\t\t\t\t<\/figure>\n\t\t\t\t\t\t\t\t\t<\/div>\n\t\t\t\t\t<\/div>\n\t\t<\/div>\n\t\t\t\t\t<\/div>\n\t\t<\/section>\n\t\t\t\t<section data-particle_enable=\"false\" data-particle-mobile-disabled=\"false\" class=\"elementor-section elementor-top-section elementor-element elementor-element-5ce4461 elementor-section-boxed elementor-section-height-default elementor-section-height-default\" data-id=\"5ce4461\" data-element_type=\"section\" data-e-type=\"section\">\n\t\t\t\t\t\t<div class=\"elementor-container elementor-column-gap-default\">\n\t\t\t\t\t<div class=\"elementor-column elementor-col-100 elementor-top-column elementor-element elementor-element-8146280\" data-id=\"8146280\" data-element_type=\"column\" data-e-type=\"column\">\n\t\t\t<div class=\"elementor-widget-wrap elementor-element-populated\">\n\t\t\t\t\t\t<div class=\"elementor-element elementor-element-45725a5 elementor-widget elementor-widget-text-editor\" data-id=\"45725a5\" data-element_type=\"widget\" data-e-type=\"widget\" data-widget_type=\"text-editor.default\">\n\t\t\t\t\t\t\t\t\t<p><span style=\"font-family: Roboto, sans-serif; font-size: 16px; font-style: normal; font-variant-ligatures: normal; font-variant-caps: normal; font-weight: 400; color: var( --e-global-color-text ); background-color: var(--ak-bg-color);\">Elisa Escamilla viaj\u00f3 a EE.UU. a los 23 a\u00f1os en un viaje tur\u00edstico que termin\u00f3 siendo una vida. Su primer trabajo fue de pilota privada de autom\u00f3vil en Connecticut, donde resid\u00edan familiares.De la manera m\u00e1s inveros\u00edmil conoci\u00f3 a Tony Echevarr\u00eda, su esposo, con quien cuidan del peque\u00f1o Anthony, nacido en 2017. Actualmente espera a su segundo hijo: una historia de ensue\u00f1o que ella no imagin\u00f3 al partir.<\/span><\/p><p style=\"font-style: normal; font-variant-ligatures: normal; font-variant-caps: normal; font-weight: 400; font-size: 16px; font-family: Roboto, sans-serif;\">Tras salir de la secundaria en Guatemala, a los 17 a\u00f1os, Elisa Escamilla ten\u00eda esp\u00edritu emprendedor.\u00a0<span style=\"font-family: Roboto, sans-serif; font-size: 16px; font-style: normal; font-variant-ligatures: normal; font-variant-caps: normal; font-weight: 400; color: var( --e-global-color-text ); background-color: var(--ak-bg-color);\">Esta es la primera historia reporteada por SoyMigrante.com, muchos meses antes de su lanzamiento. Tard\u00f3 mucho en ser publicada, as\u00ed que muchas gracias a Elisa Escamilla por la paciencia y por posteriores actualizaciones. La conversaci\u00f3n fue larga y este es un breve relato de un sue\u00f1o de \u00e9xito inesperado a base de mucho trabajo.<\/span><\/p>\t\t\t\t\t\t\t\t<\/div>\n\t\t\t\t\t<\/div>\n\t\t<\/div>\n\t\t\t\t\t<\/div>\n\t\t<\/section>\n\t\t\t\t<section data-particle_enable=\"false\" data-particle-mobile-disabled=\"false\" class=\"elementor-section elementor-top-section elementor-element elementor-element-2099495 elementor-section-boxed elementor-section-height-default elementor-section-height-default\" data-id=\"2099495\" data-element_type=\"section\" data-e-type=\"section\">\n\t\t\t\t\t\t<div class=\"elementor-container elementor-column-gap-default\">\n\t\t\t\t\t<div class=\"elementor-column elementor-col-100 elementor-top-column elementor-element elementor-element-f2e2dfb\" data-id=\"f2e2dfb\" data-element_type=\"column\" data-e-type=\"column\">\n\t\t\t<div class=\"elementor-widget-wrap elementor-element-populated\">\n\t\t\t\t\t\t<div class=\"elementor-element elementor-element-bb443da elementor-widget elementor-widget-image\" data-id=\"bb443da\" data-element_type=\"widget\" data-e-type=\"widget\" data-widget_type=\"image.default\">\n\t\t\t\t\t\t\t\t\t\t\t\t<figure class=\"wp-caption\">\n\t\t\t\t\t\t\t\t\t\t<img decoding=\"async\" width=\"622\" height=\"494\" src=\"https:\/\/soymigrante.com\/revista\/wp-content\/uploads\/2023\/03\/SOY-ELISA-ESCAMILLA-4-CON-SU-MAMA.webp\" class=\"attachment-large size-large wp-image-1027\" alt=\"\" srcset=\"https:\/\/soymigrante.com\/revista\/wp-content\/uploads\/2023\/03\/SOY-ELISA-ESCAMILLA-4-CON-SU-MAMA.webp 622w, https:\/\/soymigrante.com\/revista\/wp-content\/uploads\/2023\/03\/SOY-ELISA-ESCAMILLA-4-CON-SU-MAMA-300x238.webp 300w\" sizes=\"(max-width: 622px) 100vw, 622px\" title=\"SOY ELISA ESCAMILLA 4 CON SU MAMA \u2013 SoyMigrante.com REVISTA\" \/>\t\t\t\t\t\t\t\t\t\t\t<figcaption class=\"widget-image-caption wp-caption-text\">Elisa a los 20 a\u00f1os junto a su mam\u00e1 (+) quien  fue su gran inspiraci\u00f3n y motor de superaci\u00f3n.<\/figcaption>\n\t\t\t\t\t\t\t\t\t\t<\/figure>\n\t\t\t\t\t\t\t\t\t<\/div>\n\t\t\t\t\t<\/div>\n\t\t<\/div>\n\t\t\t\t\t<\/div>\n\t\t<\/section>\n\t\t\t\t<section data-particle_enable=\"false\" data-particle-mobile-disabled=\"false\" class=\"elementor-section elementor-top-section elementor-element elementor-element-e169034 elementor-section-boxed elementor-section-height-default elementor-section-height-default\" data-id=\"e169034\" data-element_type=\"section\" data-e-type=\"section\">\n\t\t\t\t\t\t<div class=\"elementor-container elementor-column-gap-default\">\n\t\t\t\t\t<div class=\"elementor-column elementor-col-100 elementor-top-column elementor-element elementor-element-8600295\" data-id=\"8600295\" data-element_type=\"column\" data-e-type=\"column\">\n\t\t\t<div class=\"elementor-widget-wrap\">\n\t\t\t\t\t\t\t<\/div>\n\t\t<\/div>\n\t\t\t\t\t<\/div>\n\t\t<\/section>\n\t\t\t\t<section data-particle_enable=\"false\" data-particle-mobile-disabled=\"false\" class=\"elementor-section elementor-top-section elementor-element elementor-element-da8cbaa elementor-section-boxed elementor-section-height-default elementor-section-height-default\" data-id=\"da8cbaa\" data-element_type=\"section\" data-e-type=\"section\">\n\t\t\t\t\t\t<div class=\"elementor-container elementor-column-gap-default\">\n\t\t\t\t\t<div class=\"elementor-column elementor-col-100 elementor-top-column elementor-element elementor-element-7992fed\" data-id=\"7992fed\" data-element_type=\"column\" data-e-type=\"column\">\n\t\t\t<div class=\"elementor-widget-wrap elementor-element-populated\">\n\t\t\t\t\t\t<div class=\"elementor-element elementor-element-bc3fada elementor-widget elementor-widget-heading\" data-id=\"bc3fada\" data-element_type=\"widget\" data-e-type=\"widget\" data-widget_type=\"heading.default\">\n\t\t\t\t\t<h2 class=\"elementor-heading-title elementor-size-default\"><span style=\"font-weight: 400\">\"A los 17 a\u00f1os fund\u00e9 mi primer negocio...<\/span><\/h2>\t\t\t\t<\/div>\n\t\t\t\t\t<\/div>\n\t\t<\/div>\n\t\t\t\t\t<\/div>\n\t\t<\/section>\n\t\t\t\t<section data-particle_enable=\"false\" data-particle-mobile-disabled=\"false\" class=\"elementor-section elementor-top-section elementor-element elementor-element-20af55c elementor-section-boxed elementor-section-height-default elementor-section-height-default\" data-id=\"20af55c\" data-element_type=\"section\" data-e-type=\"section\">\n\t\t\t\t\t\t<div class=\"elementor-container elementor-column-gap-default\">\n\t\t\t\t\t<div class=\"elementor-column elementor-col-100 elementor-top-column elementor-element elementor-element-4fdcce2\" data-id=\"4fdcce2\" data-element_type=\"column\" data-e-type=\"column\">\n\t\t\t<div class=\"elementor-widget-wrap elementor-element-populated\">\n\t\t\t\t\t\t<div class=\"elementor-element elementor-element-cc2754f elementor-widget elementor-widget-text-editor\" data-id=\"cc2754f\" data-element_type=\"widget\" data-e-type=\"widget\" data-widget_type=\"text-editor.default\">\n\t\t\t\t\t\t\t\t\t<p>&#8230;.<span style=\"font-family: Roboto, sans-serif; font-size: 16px; font-style: normal; font-variant-ligatures: normal; font-variant-caps: normal; font-weight: 400; color: var( --e-global-color-text ); background-color: var(--ak-bg-color);\">era una \u00f3ptica y venta de aros para lentes. La instalamos como una inversi\u00f3n con un novio que yo ten\u00eda. Cuando yo ten\u00eda 19 a\u00f1os ya est\u00e1bamos comprometidos. Solicit\u00e9 una visa y me la denegaron. Pero yo igual quer\u00eda viajar a cualquier lugar, pens\u00e9 en Panam\u00e1 pero hac\u00eda falta recursos\u201d, relata Elisa.<\/span><\/p><p><span style=\"font-family: Roboto, sans-serif; font-size: 16px; font-style: normal; font-variant-ligatures: normal; font-variant-caps: normal; font-weight: 400; color: var( --e-global-color-text ); background-color: var(--ak-bg-color);\">\u201cVend\u00ed un carrito viejo que ten\u00eda, en 12 mil quetzales para invertirlos una segunda \u00f3ptica. La instalamos en Quetzaltenango. Estudi\u00e9 Dise\u00f1o Gr\u00e1fico en la Universidad Mesoamericana y tambi\u00e9n fotograf\u00eda, relata. Despu\u00e9s compr\u00e9 un lote de aros para venderlos como mayorista. Iba de \u00f3ptica en \u00f3ptica, pero como era muy joven me miraban con desconfianza&#8221;, relata Eliza por videoconferencia.<\/span><\/p><p><span style=\"font-family: Roboto, sans-serif; font-size: 16px; font-style: normal; font-variant-ligatures: normal; font-variant-caps: normal; font-weight: 400; color: var( --e-global-color-text ); background-color: var(--ak-bg-color);\">&#8220;Me ped\u00edan dejar la mercader\u00eda a consignaci\u00f3n pero yo no pod\u00eda dar cr\u00e9dito porque no ten\u00eda dinero de respaldo. El plan no estaba resultando. Y para colmo, termin\u00f3 la relaci\u00f3n con el prometido.\u00a0<\/span><\/p><p><span style=\"background-color: var(--ak-bg-color); color: var( --e-global-color-text ); font-family: Roboto, sans-serif; font-size: 16px; font-style: normal; font-variant-ligatures: normal; font-variant-caps: normal; font-weight: 400;\">Yo estaba devastada. Se quedaron hechos los preparativos de boda y me qued\u00e9 sin nada, porque yo no quise pelear mi parte de las \u00f3pticas\u2026 ah\u00ed se qued\u00f3 todo\u201d.<\/span><\/p>\t\t\t\t\t\t\t\t<\/div>\n\t\t\t\t\t<\/div>\n\t\t<\/div>\n\t\t\t\t\t<\/div>\n\t\t<\/section>\n\t\t\t\t<section data-particle_enable=\"false\" data-particle-mobile-disabled=\"false\" class=\"elementor-section elementor-top-section elementor-element elementor-element-1b1411e elementor-section-boxed elementor-section-height-default elementor-section-height-default\" data-id=\"1b1411e\" data-element_type=\"section\" data-e-type=\"section\">\n\t\t\t\t\t\t<div class=\"elementor-container elementor-column-gap-default\">\n\t\t\t\t\t<div class=\"elementor-column elementor-col-100 elementor-top-column elementor-element elementor-element-756768a\" data-id=\"756768a\" data-element_type=\"column\" data-e-type=\"column\">\n\t\t\t<div class=\"elementor-widget-wrap elementor-element-populated\">\n\t\t\t\t\t\t<div class=\"elementor-element elementor-element-f100a5a elementor-widget elementor-widget-image\" data-id=\"f100a5a\" data-element_type=\"widget\" data-e-type=\"widget\" data-widget_type=\"image.default\">\n\t\t\t\t\t\t\t\t\t\t\t\t<figure class=\"wp-caption\">\n\t\t\t\t\t\t\t\t\t\t<img decoding=\"async\" width=\"1024\" height=\"683\" src=\"https:\/\/soymigrante.com\/revista\/wp-content\/uploads\/2023\/02\/SOY-ELISA-ESCAMILLA-FOTO-PRINCIPAL-1024x683.jpg\" class=\"attachment-large size-large wp-image-211\" alt=\"La inauguraci\u00f3n de la sede de la Fototienda en Cuatro Grados Norte, zona 4 de la capital de Guatemala fue la culminaci\u00f3n de a\u00f1os de esfuerzo, con el apoyo de su familia y de sus colaboradores.\" srcset=\"https:\/\/soymigrante.com\/revista\/wp-content\/uploads\/2023\/02\/SOY-ELISA-ESCAMILLA-FOTO-PRINCIPAL-1024x683.jpg 1024w, https:\/\/soymigrante.com\/revista\/wp-content\/uploads\/2023\/02\/SOY-ELISA-ESCAMILLA-FOTO-PRINCIPAL-300x200.webp 300w, https:\/\/soymigrante.com\/revista\/wp-content\/uploads\/2023\/02\/SOY-ELISA-ESCAMILLA-FOTO-PRINCIPAL-768x512.jpg 768w, https:\/\/soymigrante.com\/revista\/wp-content\/uploads\/2023\/02\/SOY-ELISA-ESCAMILLA-FOTO-PRINCIPAL-1536x1024.jpg 1536w, https:\/\/soymigrante.com\/revista\/wp-content\/uploads\/2023\/02\/SOY-ELISA-ESCAMILLA-FOTO-PRINCIPAL-750x500.webp 750w, https:\/\/soymigrante.com\/revista\/wp-content\/uploads\/2023\/02\/SOY-ELISA-ESCAMILLA-FOTO-PRINCIPAL-1140x760.jpg 1140w, https:\/\/soymigrante.com\/revista\/wp-content\/uploads\/2023\/02\/SOY-ELISA-ESCAMILLA-FOTO-PRINCIPAL-600x400.jpg 600w, https:\/\/soymigrante.com\/revista\/wp-content\/uploads\/2023\/02\/SOY-ELISA-ESCAMILLA-FOTO-PRINCIPAL.webp 1920w\" sizes=\"(max-width: 1024px) 100vw, 1024px\" title=\"SOY ELISA ESCAMILLA FOTO PRINCIPAL \u2013 SoyMigrante.com REVISTA\" \/>\t\t\t\t\t\t\t\t\t\t\t<figcaption class=\"widget-image-caption wp-caption-text\">Inauguraci\u00f3n de La Fototienda en el \u00e1rea de Cuatro Grados Norte, en la zona 4 de la capital de Guatemala.<\/figcaption>\n\t\t\t\t\t\t\t\t\t\t<\/figure>\n\t\t\t\t\t\t\t\t\t<\/div>\n\t\t\t\t\t<\/div>\n\t\t<\/div>\n\t\t\t\t\t<\/div>\n\t\t<\/section>\n\t\t\t\t<section data-particle_enable=\"false\" data-particle-mobile-disabled=\"false\" class=\"elementor-section elementor-top-section elementor-element elementor-element-bc14008 elementor-section-boxed elementor-section-height-default elementor-section-height-default\" data-id=\"bc14008\" data-element_type=\"section\" data-e-type=\"section\">\n\t\t\t\t\t\t<div class=\"elementor-container elementor-column-gap-default\">\n\t\t\t\t\t<div class=\"elementor-column elementor-col-100 elementor-top-column elementor-element elementor-element-a99730c\" data-id=\"a99730c\" data-element_type=\"column\" data-e-type=\"column\">\n\t\t\t<div class=\"elementor-widget-wrap elementor-element-populated\">\n\t\t\t\t\t\t<div class=\"elementor-element elementor-element-0ec68f1 elementor-widget elementor-widget-heading\" data-id=\"0ec68f1\" data-element_type=\"widget\" data-e-type=\"widget\" data-widget_type=\"heading.default\">\n\t\t\t\t\t<h2 class=\"elementor-heading-title elementor-size-default\">Inesperado encuentro con el destino \nen Connecticut<\/h2>\t\t\t\t<\/div>\n\t\t\t\t\t<\/div>\n\t\t<\/div>\n\t\t\t\t\t<\/div>\n\t\t<\/section>\n\t\t\t\t<section data-particle_enable=\"false\" data-particle-mobile-disabled=\"false\" class=\"elementor-section elementor-top-section elementor-element elementor-element-451823e elementor-section-boxed elementor-section-height-default elementor-section-height-default\" data-id=\"451823e\" data-element_type=\"section\" data-e-type=\"section\">\n\t\t\t\t\t\t<div class=\"elementor-container elementor-column-gap-default\">\n\t\t\t\t\t<div class=\"elementor-column elementor-col-100 elementor-top-column elementor-element elementor-element-90b50cd\" data-id=\"90b50cd\" data-element_type=\"column\" data-e-type=\"column\">\n\t\t\t<div class=\"elementor-widget-wrap elementor-element-populated\">\n\t\t\t\t\t\t<div class=\"elementor-element elementor-element-5c16a7e elementor-widget elementor-widget-text-editor\" data-id=\"5c16a7e\" data-element_type=\"widget\" data-e-type=\"widget\" data-widget_type=\"text-editor.default\">\n\t\t\t\t\t\t\t\t\t<p><span style=\"font-family: Roboto, sans-serif; font-size: 16px; font-style: normal; font-variant-ligatures: normal; font-variant-caps: normal; font-weight: 400; color: var( --e-global-color-text ); background-color: var(--ak-bg-color);\">En el 2014, Eliza viaj\u00f3 a EE.UU.&nbsp; Se lo pag\u00f3 con las ganancias de sesiones fotogr\u00e1ficas familiares de Navidad.&nbsp; En su casa arm\u00f3 un peque\u00f1o escenario &#8220;nevado&#8221; y era algo novedoso en aquel momento.&nbsp; Compr\u00f3 su pasaje y le quedaron poco m\u00e1s de 100 d\u00f3lares para gastar.&nbsp;&nbsp;<\/span><\/p><p><span style=\"font-family: Roboto, sans-serif; font-size: 16px; font-style: normal; font-variant-ligatures: normal; font-variant-caps: normal; font-weight: 400; color: var( --e-global-color-text ); background-color: var(--ak-bg-color);\">El dinero se consumi\u00f3 r\u00e1pido. Se estaba quedando con unos familiares, pero para pagar sus gastos consigui\u00f3 un &#8220;trabajo&#8221; temporal. &#8220;Fue, bajo de agua como dir\u00edamos en Guatemala&#8221;, dice Eliza. <\/span><span style=\"background-color: var(--ak-bg-color); color: var( --e-global-color-text ); font-family: Roboto, sans-serif; font-size: 16px; font-style: normal; font-variant-ligatures: normal; font-variant-caps: normal; font-weight: 400;\">&nbsp;&#8220;Fui pilota de una se\u00f1ora colombiana. Me pagaba 150 d\u00f3lares al d\u00eda. La transportaba a sus oficinas y tambi\u00e9n a personas que ella me indicaba. Conoc\u00ed la ciudad y ganaba.&nbsp;&nbsp;<\/span><span style=\"font-family: Roboto, sans-serif; font-size: 16px; font-style: normal; font-variant-ligatures: normal; font-variant-caps: normal; font-weight: 400; color: var( --e-global-color-text ); background-color: var(--ak-bg-color);\">Fue as\u00ed como una vez llegu\u00e9 a traer a un se\u00f1or al aeropuerto. Yo no lo conoc\u00eda, pero \u00e9l me dijo: Tu esposo est\u00e1 por venir&#8221;.<\/span><\/p>\n<p style=\"font-style: normal; font-variant-ligatures: normal; font-variant-caps: normal; font-weight: 400; font-size: 16px; font-family: Roboto, sans-serif;\"><br><\/p>\t\t\t\t\t\t\t\t<\/div>\n\t\t\t\t\t<\/div>\n\t\t<\/div>\n\t\t\t\t\t<\/div>\n\t\t<\/section>\n\t\t\t\t<section data-particle_enable=\"false\" data-particle-mobile-disabled=\"false\" class=\"elementor-section elementor-top-section elementor-element elementor-element-6dd2047 elementor-section-boxed elementor-section-height-default elementor-section-height-default\" data-id=\"6dd2047\" data-element_type=\"section\" data-e-type=\"section\">\n\t\t\t\t\t\t<div class=\"elementor-container elementor-column-gap-default\">\n\t\t\t\t\t<div class=\"elementor-column elementor-col-100 elementor-top-column elementor-element elementor-element-b246a9a\" data-id=\"b246a9a\" data-element_type=\"column\" data-e-type=\"column\">\n\t\t\t<div class=\"elementor-widget-wrap elementor-element-populated\">\n\t\t\t\t\t\t<div class=\"elementor-element elementor-element-bcc3b88 elementor-widget elementor-widget-heading\" data-id=\"bcc3b88\" data-element_type=\"widget\" data-e-type=\"widget\" data-widget_type=\"heading.default\">\n\t\t\t\t\t<h2 class=\"elementor-heading-title elementor-size-default\">\"Ni yo hablaba ingl\u00e9s, ni \u00e9l entend\u00eda nada de espa\u00f1ol\"<\/h2>\t\t\t\t<\/div>\n\t\t\t\t\t<\/div>\n\t\t<\/div>\n\t\t\t\t\t<\/div>\n\t\t<\/section>\n\t\t\t\t<section data-particle_enable=\"false\" data-particle-mobile-disabled=\"false\" class=\"elementor-section elementor-top-section elementor-element elementor-element-d8f2bd6 elementor-section-boxed elementor-section-height-default elementor-section-height-default\" data-id=\"d8f2bd6\" data-element_type=\"section\" data-e-type=\"section\">\n\t\t\t\t\t\t<div class=\"elementor-container elementor-column-gap-default\">\n\t\t\t\t\t<div class=\"elementor-column elementor-col-100 elementor-top-column elementor-element elementor-element-74f5433\" data-id=\"74f5433\" data-element_type=\"column\" data-e-type=\"column\">\n\t\t\t<div class=\"elementor-widget-wrap elementor-element-populated\">\n\t\t\t\t\t\t<div class=\"elementor-element elementor-element-905f501 elementor-widget elementor-widget-image\" data-id=\"905f501\" data-element_type=\"widget\" data-e-type=\"widget\" data-widget_type=\"image.default\">\n\t\t\t\t\t\t\t\t\t\t\t\t<figure class=\"wp-caption\">\n\t\t\t\t\t\t\t\t\t\t<img loading=\"lazy\" decoding=\"async\" width=\"1024\" height=\"624\" src=\"https:\/\/soymigrante.com\/revista\/wp-content\/uploads\/2023\/03\/SOY-ELISA-ESCAMILLA-ENTREVISTA-3-1024x624.jpg\" class=\"attachment-large size-large wp-image-944\" alt=\"Para Elisa Escamilla, el mayor \u00e9xito y su m\u00e1xima prioridad en la vida es su familia.\" srcset=\"https:\/\/soymigrante.com\/revista\/wp-content\/uploads\/2023\/03\/SOY-ELISA-ESCAMILLA-ENTREVISTA-3-1024x624.jpg 1024w, https:\/\/soymigrante.com\/revista\/wp-content\/uploads\/2023\/03\/SOY-ELISA-ESCAMILLA-ENTREVISTA-3-300x183.webp 300w, https:\/\/soymigrante.com\/revista\/wp-content\/uploads\/2023\/03\/SOY-ELISA-ESCAMILLA-ENTREVISTA-3-768x468.jpg 768w, https:\/\/soymigrante.com\/revista\/wp-content\/uploads\/2023\/03\/SOY-ELISA-ESCAMILLA-ENTREVISTA-3-1536x936.jpg 1536w, https:\/\/soymigrante.com\/revista\/wp-content\/uploads\/2023\/03\/SOY-ELISA-ESCAMILLA-ENTREVISTA-3-750x457.webp 750w, https:\/\/soymigrante.com\/revista\/wp-content\/uploads\/2023\/03\/SOY-ELISA-ESCAMILLA-ENTREVISTA-3-1140x694.jpg 1140w, https:\/\/soymigrante.com\/revista\/wp-content\/uploads\/2023\/03\/SOY-ELISA-ESCAMILLA-ENTREVISTA-3.webp 1768w\" sizes=\"(max-width: 1024px) 100vw, 1024px\" title=\"SOY ELISA ESCAMILLA ENTREVISTA (3) \u2013 SoyMigrante.com REVISTA\" \/>\t\t\t\t\t\t\t\t\t\t\t<figcaption class=\"widget-image-caption wp-caption-text\">Elisa junto a su esposo Tony y el peque\u00f1o Tony Jr. <\/figcaption>\n\t\t\t\t\t\t\t\t\t\t<\/figure>\n\t\t\t\t\t\t\t\t\t<\/div>\n\t\t\t\t\t<\/div>\n\t\t<\/div>\n\t\t\t\t\t<\/div>\n\t\t<\/section>\n\t\t\t\t<section data-particle_enable=\"false\" data-particle-mobile-disabled=\"false\" class=\"elementor-section elementor-top-section elementor-element elementor-element-fcc54b8 elementor-section-boxed elementor-section-height-default elementor-section-height-default\" data-id=\"fcc54b8\" data-element_type=\"section\" data-e-type=\"section\">\n\t\t\t\t\t\t<div class=\"elementor-container elementor-column-gap-default\">\n\t\t\t\t\t<div class=\"elementor-column elementor-col-100 elementor-top-column elementor-element elementor-element-2a90c9a\" data-id=\"2a90c9a\" data-element_type=\"column\" data-e-type=\"column\">\n\t\t\t<div class=\"elementor-widget-wrap elementor-element-populated\">\n\t\t\t\t\t\t<div class=\"elementor-element elementor-element-da47216 elementor-widget elementor-widget-text-editor\" data-id=\"da47216\" data-element_type=\"widget\" data-e-type=\"widget\" data-widget_type=\"text-editor.default\">\n\t\t\t\t\t\t\t\t\t<p>El amor lleg\u00f3 a la vida de Eliza con una situaci\u00f3n parecida parecido a la canci\u00f3n \u201cElla y \u00e9l\u201d de Ricardo Arjona.\u00a0 La hermana\u00a0 de una amiga le ofreci\u00f3 presentarle a alguien. Pero solo le dio su perfil de Facebook.\u00a0 Se llamaba Tony Echevarr\u00eda. &#8220;Me dijeron escribile y decile que somos amigas.\u00a0 Yo no sab\u00eda ni una gota de ingl\u00e9s, pero le escrib\u00ed.\u00a0<span style=\"color: var( --e-global-color-text ); background-color: var(--ak-bg-color);\">El me contest\u00f3 con una carita triste llorando. <br \/>Y la frase \u201cI dont speak Spanish\u201d. (Yo no hablo espa\u00f1ol)&#8221;<\/span><\/p><p><span style=\"color: var( --e-global-color-text ); background-color: var(--ak-bg-color);\">&#8220;Mi amiga le dijo que pasara por m\u00ed para ir a desayunar a las 11 de la ma\u00f1ana.\u00a0 Pero la noche anterior, por el trabajo tuve que conducir desde las 10 de la noche hasta las 6 de la ma\u00f1ana. Llegu\u00e9 a mi casa a las 7 de la ma\u00f1ana. Estaba cansad\u00edsima y me dorm\u00ed. No sent\u00ed cuando \u00e9l toc\u00f3 la puerta. Lo dej\u00e9 plantado&#8221;.\u00a0<\/span><\/p><p><span style=\"font-family: Roboto, sans-serif; font-size: 16px; font-style: normal; font-variant-ligatures: normal; font-variant-caps: normal; font-weight: 400;\">Luego lo llam\u00e9, me disculp\u00e9 y regres\u00f3 por la tarde. Conversamos como cuatro horas pero a trav\u00e9s del traductor de Google. Yo empec\u00e9 a tomar lecciones de ingl\u00e9s y \u00e9l empez\u00f3 a recuperar su espa\u00f1ol. Nos casamos y en 2016 naci\u00f3 nuestro hijo Anthony<\/span><span style=\"color: var( --e-global-color-text ); background-color: var(--ak-bg-color);\"><br \/><\/span><\/p>\t\t\t\t\t\t\t\t<\/div>\n\t\t\t\t\t<\/div>\n\t\t<\/div>\n\t\t\t\t\t<\/div>\n\t\t<\/section>\n\t\t\t\t<section data-particle_enable=\"false\" data-particle-mobile-disabled=\"false\" class=\"elementor-section elementor-top-section elementor-element elementor-element-861f9ec elementor-section-boxed elementor-section-height-default elementor-section-height-default\" data-id=\"861f9ec\" data-element_type=\"section\" data-e-type=\"section\">\n\t\t\t\t\t\t<div class=\"elementor-container elementor-column-gap-default\">\n\t\t\t\t\t<div class=\"elementor-column elementor-col-100 elementor-top-column elementor-element elementor-element-ea7ef52\" data-id=\"ea7ef52\" data-element_type=\"column\" data-e-type=\"column\">\n\t\t\t<div class=\"elementor-widget-wrap elementor-element-populated\">\n\t\t\t\t\t\t<div class=\"elementor-element elementor-element-47b2273 elementor-widget elementor-widget-image\" data-id=\"47b2273\" data-element_type=\"widget\" data-e-type=\"widget\" data-widget_type=\"image.default\">\n\t\t\t\t\t\t\t\t\t\t\t\t<figure class=\"wp-caption\">\n\t\t\t\t\t\t\t\t\t\t<img loading=\"lazy\" decoding=\"async\" width=\"731\" height=\"1024\" src=\"https:\/\/soymigrante.com\/revista\/wp-content\/uploads\/2023\/03\/SOY-ELISA-ESCAMILLA-ENTREVISTA-4-731x1024.jpg\" class=\"attachment-large size-large wp-image-945\" alt=\"\" srcset=\"https:\/\/soymigrante.com\/revista\/wp-content\/uploads\/2023\/03\/SOY-ELISA-ESCAMILLA-ENTREVISTA-4-731x1024.jpg 731w, https:\/\/soymigrante.com\/revista\/wp-content\/uploads\/2023\/03\/SOY-ELISA-ESCAMILLA-ENTREVISTA-4-214x300.webp 214w, https:\/\/soymigrante.com\/revista\/wp-content\/uploads\/2023\/03\/SOY-ELISA-ESCAMILLA-ENTREVISTA-4-768x1076.jpg 768w, https:\/\/soymigrante.com\/revista\/wp-content\/uploads\/2023\/03\/SOY-ELISA-ESCAMILLA-ENTREVISTA-4-1097x1536.jpg 1097w, https:\/\/soymigrante.com\/revista\/wp-content\/uploads\/2023\/03\/SOY-ELISA-ESCAMILLA-ENTREVISTA-4-360x504.webp 360w, https:\/\/soymigrante.com\/revista\/wp-content\/uploads\/2023\/03\/SOY-ELISA-ESCAMILLA-ENTREVISTA-4-750x1051.webp 750w, https:\/\/soymigrante.com\/revista\/wp-content\/uploads\/2023\/03\/SOY-ELISA-ESCAMILLA-ENTREVISTA-4-1140x1597.jpg 1140w, https:\/\/soymigrante.com\/revista\/wp-content\/uploads\/2023\/03\/SOY-ELISA-ESCAMILLA-ENTREVISTA-4.webp 1371w\" sizes=\"(max-width: 731px) 100vw, 731px\" title=\"SOY ELISA ESCAMILLA ENTREVISTA (4) \u2013 SoyMigrante.com REVISTA\" \/>\t\t\t\t\t\t\t\t\t\t\t<figcaption class=\"widget-image-caption wp-caption-text\">Los sue\u00f1os no terminan y el esfuerzo visionario de trabajo y familia contin\u00faan para Elisa<\/figcaption>\n\t\t\t\t\t\t\t\t\t\t<\/figure>\n\t\t\t\t\t\t\t\t\t<\/div>\n\t\t\t\t\t<\/div>\n\t\t<\/div>\n\t\t\t\t\t<\/div>\n\t\t<\/section>\n\t\t\t\t<section data-particle_enable=\"false\" data-particle-mobile-disabled=\"false\" class=\"elementor-section elementor-top-section elementor-element elementor-element-d3630de elementor-section-boxed elementor-section-height-default elementor-section-height-default\" data-id=\"d3630de\" data-element_type=\"section\" data-e-type=\"section\">\n\t\t\t\t\t\t<div class=\"elementor-container elementor-column-gap-default\">\n\t\t\t\t\t<div class=\"elementor-column elementor-col-100 elementor-top-column elementor-element elementor-element-684f0e0\" data-id=\"684f0e0\" data-element_type=\"column\" data-e-type=\"column\">\n\t\t\t<div class=\"elementor-widget-wrap elementor-element-populated\">\n\t\t\t\t\t\t<div class=\"elementor-element elementor-element-c70353d elementor-widget elementor-widget-heading\" data-id=\"c70353d\" data-element_type=\"widget\" data-e-type=\"widget\" data-widget_type=\"heading.default\">\n\t\t\t\t\t<h2 class=\"elementor-heading-title elementor-size-default\">El camino nuevo no fue nada f\u00e1cil pero hay luz al final del t\u00fanel<\/h2>\t\t\t\t<\/div>\n\t\t\t\t\t<\/div>\n\t\t<\/div>\n\t\t\t\t\t<\/div>\n\t\t<\/section>\n\t\t\t\t<section data-particle_enable=\"false\" data-particle-mobile-disabled=\"false\" class=\"elementor-section elementor-top-section elementor-element elementor-element-eb5f1d8 elementor-section-boxed elementor-section-height-default elementor-section-height-default\" data-id=\"eb5f1d8\" data-element_type=\"section\" data-e-type=\"section\">\n\t\t\t\t\t\t<div class=\"elementor-container elementor-column-gap-default\">\n\t\t\t\t\t<div class=\"elementor-column elementor-col-100 elementor-top-column elementor-element elementor-element-0299580\" data-id=\"0299580\" data-element_type=\"column\" data-e-type=\"column\">\n\t\t\t<div class=\"elementor-widget-wrap elementor-element-populated\">\n\t\t\t\t\t\t<div class=\"elementor-element elementor-element-991aa55 elementor-widget elementor-widget-text-editor\" data-id=\"991aa55\" data-element_type=\"widget\" data-e-type=\"widget\" data-widget_type=\"text-editor.default\">\n\t\t\t\t\t\t\t\t\t<p><span style=\"font-family: Roboto, sans-serif; font-size: 16px; font-style: normal; font-variant-ligatures: normal; font-variant-caps: normal; font-weight: 400; color: var( --e-global-color-text ); background-color: var(--ak-bg-color);\">En 2015, Tony y Elisa se casaron. Durante el proceso de legalizaci\u00f3n de su residencia ella no pod\u00eda optar a ning\u00fan empleo.Tony comenz\u00f3 un emprendimiento, pero se agotaron los recursos econ\u00f3micos. Pasaron angustiosas semanas. Elisa or\u00f3 pidiendo a Dios una luz para poder salir adelante.<\/span><\/p><p style=\"font-style: normal; font-variant-ligatures: normal; font-variant-caps: normal; font-weight: 400; font-size: 16px; font-family: Roboto, sans-serif;\">\u201cFue as\u00ed como comenc\u00e9 un peque\u00f1o negocio de env\u00edos de encomiendas de ropa, perfumes y aparatos electr\u00f3nicos desde EE.UU. a Guatemala.\u00a0<\/p><p style=\"font-style: normal; font-variant-ligatures: normal; font-variant-caps: normal; font-weight: 400; font-size: 16px; font-family: Roboto, sans-serif;\">Se llamaba Marsh Express. Pero poco a poco me d\u00ed cuenta que una buena parte de los pedidos eran de c\u00e1maras fotogr\u00e1ficas y de video.\u00a0 Fue as\u00ed como empez\u00f3 a gestarse el concepto de la Fototienda\u201d.<\/p><p style=\"font-style: normal; font-variant-ligatures: normal; font-variant-caps: normal; font-weight: 400; font-size: 16px; font-family: Roboto, sans-serif;\">Su primer bodega en Guatemala fue la casa donde hab\u00eda vivido con su mam\u00e1, en El Zapote, zona 2 de la capital. Para aquel momento ella ya hab\u00eda fallecido.<\/p><p style=\"font-style: normal; font-variant-ligatures: normal; font-variant-caps: normal; font-weight: 400; font-size: 16px; font-family: Roboto, sans-serif;\">Oficialmente La Fototienda surgi\u00f3 en 2016. \u201cEmpec\u00e9 con la ayuda de mi hermano, quien me compart\u00eda parte del espacio en una oficina que alquilaba en el TEC, zona 4. Pero el espacio se hizo insuficiente ante la cantidad de mercader\u00eda. As\u00ed que rent\u00e9 un local propio, que se encuentra actualmente en esa ubicaci\u00f3n. Despu\u00e9s abri\u00f3 otro local en la zona 10. La pandemia de 2020 le oblig\u00f3 acerrar y dejar solo a una parte de sus empleados; sin embargo, durante el encierro se reanudaron con fuerza los pedidos en l\u00ednea e incluso se incrementaron\u201d, relata.<\/p><p style=\"font-style: normal; font-variant-ligatures: normal; font-variant-caps: normal; font-weight: 400; font-size: 16px; font-family: Roboto, sans-serif;\">\u201cMucha gente empez\u00f3 a practicar fotograf\u00eda. La calidad del servicio, la entrega a tiempo y de todo lo solicitado por los usuarios nos puso en el mapa de muchos guatemaltecos, porque en aquel momento no hab\u00eda muchos importadores especializados en equipo fotogr\u00e1fico: c\u00e1maras, iluminaci\u00f3n, tr\u00edpodes, drones. Hoy seguimos adelante\u201d.<\/p>\t\t\t\t\t\t\t\t<\/div>\n\t\t\t\t\t<\/div>\n\t\t<\/div>\n\t\t\t\t\t<\/div>\n\t\t<\/section>\n\t\t\t\t<section data-particle_enable=\"false\" data-particle-mobile-disabled=\"false\" class=\"elementor-section elementor-top-section elementor-element elementor-element-10c5070 elementor-section-boxed elementor-section-height-default elementor-section-height-default\" data-id=\"10c5070\" data-element_type=\"section\" data-e-type=\"section\">\n\t\t\t\t\t\t<div class=\"elementor-container elementor-column-gap-default\">\n\t\t\t\t\t<div class=\"elementor-column elementor-col-100 elementor-top-column elementor-element elementor-element-3884721\" data-id=\"3884721\" data-element_type=\"column\" data-e-type=\"column\">\n\t\t\t<div class=\"elementor-widget-wrap elementor-element-populated\">\n\t\t\t\t\t\t<div class=\"elementor-element elementor-element-064bbe9 elementor-widget elementor-widget-image\" data-id=\"064bbe9\" data-element_type=\"widget\" data-e-type=\"widget\" data-widget_type=\"image.default\">\n\t\t\t\t\t\t\t\t\t\t\t\t<figure class=\"wp-caption\">\n\t\t\t\t\t\t\t\t\t\t<img loading=\"lazy\" decoding=\"async\" width=\"1024\" height=\"683\" src=\"https:\/\/soymigrante.com\/revista\/wp-content\/uploads\/2023\/02\/SOY-ELISA-ESCAMILLA-2-1024x683.jpg\" class=\"attachment-large size-large wp-image-209\" alt=\"\" srcset=\"https:\/\/soymigrante.com\/revista\/wp-content\/uploads\/2023\/02\/SOY-ELISA-ESCAMILLA-2-1024x683.jpg 1024w, https:\/\/soymigrante.com\/revista\/wp-content\/uploads\/2023\/02\/SOY-ELISA-ESCAMILLA-2-300x200.webp 300w, https:\/\/soymigrante.com\/revista\/wp-content\/uploads\/2023\/02\/SOY-ELISA-ESCAMILLA-2-768x512.jpg 768w, https:\/\/soymigrante.com\/revista\/wp-content\/uploads\/2023\/02\/SOY-ELISA-ESCAMILLA-2-1536x1024.jpg 1536w, https:\/\/soymigrante.com\/revista\/wp-content\/uploads\/2023\/02\/SOY-ELISA-ESCAMILLA-2-750x500.webp 750w, https:\/\/soymigrante.com\/revista\/wp-content\/uploads\/2023\/02\/SOY-ELISA-ESCAMILLA-2-1140x760.jpg 1140w, https:\/\/soymigrante.com\/revista\/wp-content\/uploads\/2023\/02\/SOY-ELISA-ESCAMILLA-2-600x400.jpg 600w, https:\/\/soymigrante.com\/revista\/wp-content\/uploads\/2023\/02\/SOY-ELISA-ESCAMILLA-2.webp 1920w\" sizes=\"(max-width: 1024px) 100vw, 1024px\" title=\"SOY ELISA ESCAMILLA 2 \u2013 SoyMigrante.com REVISTA\" \/>\t\t\t\t\t\t\t\t\t\t\t<figcaption class=\"widget-image-caption wp-caption-text\">La vida sigue floreciendo para Elisa, una migrante guatemalteca que nunca olvida sus ra\u00edces. Instante de su boda en 2015.<\/figcaption>\n\t\t\t\t\t\t\t\t\t\t<\/figure>\n\t\t\t\t\t\t\t\t\t<\/div>\n\t\t\t\t\t<\/div>\n\t\t<\/div>\n\t\t\t\t\t<\/div>\n\t\t<\/section>\n\t\t\t\t<\/div>\n\t\t","protected":false},"excerpt":{"rendered":"<p>Elisa es emprendedora desde los 17 a\u00f1os, pero circunstancias del destino la llevaron a los 23 a\u00f1os hasta Connecticut, EE. UU. en donde se encuentra su coraz\u00f3n y desde donde dirige La Fototienda, en Guatemala Elisa Escamilla, emprendedora guatemalteca Elisa Escamilla viaj\u00f3 a EE.UU. a los 23 a\u00f1os en un viaje tur\u00edstico que termin\u00f3 siendo [&hellip;]<\/p>\n","protected":false},"author":7,"featured_media":944,"comment_status":"open","ping_status":"open","sticky":false,"template":"","format":"standard","meta":{"_acf_changed":false,"_eb_attr":"","footnotes":""},"categories":[50,274],"tags":[291],"class_list":["post-208","post","type-post","status-publish","format-standard","has-post-thumbnail","hentry","category-exitos","category-guatemala","tag-connecticut"],"acf":[],"aioseo_notices":[],"aioseo_head":"\n\t\t<!-- All in One SEO Pro 4.9.6.2 - aioseo.com -->\n\t<meta name=\"description\" content=\"Elisa es emprendedora desde los 17 a\u00f1os, pero circunstancias del destino la llevaron a los 23 a\u00f1os hasta Connecticut, EE. UU. en donde se encuentra su coraz\u00f3n y desde donde dirige La Fototienda, en Guatemala Elisa Escamilla viaj\u00f3 a EE.UU. a los 23 a\u00f1os en un viaje tur\u00edstico que termin\u00f3 siendo una vida. Su primer\" \/>\n\t<meta name=\"robots\" content=\"max-snippet:-1, max-image-preview:large, max-video-preview:-1\" \/>\n\t<meta name=\"author\" content=\"Gustavo Montenegro\"\/>\n\t<link rel=\"canonical\" href=\"https:\/\/soymigrante.com\/revista\/elisa-escamilla-emprendedora-invierte-en-guatemala\/\" \/>\n\t<meta name=\"generator\" content=\"All in One SEO Pro (AIOSEO) 4.9.6.2\" \/>\n\n\t\t<link rel=\"preconnect\" href=\"https:\/\/fonts.googleapis.com\" crossorigin>\n<link rel=\"preconnect\" href=\"https:\/\/fonts.gstatic.com\" crossorigin>\n\t\t<meta property=\"og:locale\" content=\"es_ES\" \/>\n\t\t<meta property=\"og:site_name\" content=\"SoyMigrante.com REVISTA \u2013 Nuestra misi\u00f3n es reconocer y dignificar al migrante.\" \/>\n\t\t<meta property=\"og:type\" content=\"article\" \/>\n\t\t<meta property=\"og:title\" content=\"Elisa Escamilla: una historia de amor, foto y grandes objetivos.\" \/>\n\t\t<meta property=\"og:description\" content=\"Elisa es emprendedora desde los 17 a\u00f1os, pero circunstancias del destino la llevaron a los 23 a\u00f1os hasta Connecticut, EE. UU. en donde se encuentra su coraz\u00f3n y desde donde dirige La Fototienda, en Guatemala Elisa Escamilla viaj\u00f3 a EE.UU. a los 23 a\u00f1os en un viaje tur\u00edstico que termin\u00f3 siendo una vida. Su primer\" \/>\n\t\t<meta property=\"og:url\" content=\"https:\/\/soymigrante.com\/revista\/elisa-escamilla-emprendedora-invierte-en-guatemala\/\" \/>\n\t\t<meta property=\"og:image\" content=\"https:\/\/soymigrante.com\/revista\/wp-content\/uploads\/2023\/03\/SOY-ELISA-ESCAMILLA-ENTREVISTA-3.webp\" \/>\n\t\t<meta property=\"og:image:secure_url\" content=\"https:\/\/soymigrante.com\/revista\/wp-content\/uploads\/2023\/03\/SOY-ELISA-ESCAMILLA-ENTREVISTA-3.webp\" \/>\n\t\t<meta property=\"og:image:width\" content=\"1768\" \/>\n\t\t<meta property=\"og:image:height\" content=\"1077\" \/>\n\t\t<meta property=\"article:published_time\" content=\"2023-05-25T00:10:58+00:00\" \/>\n\t\t<meta property=\"article:modified_time\" content=\"2026-03-11T20:40:59+00:00\" \/>\n\t\t<meta property=\"article:publisher\" content=\"https:\/\/www.facebook.com\/soymigrantecom\" \/>\n\t\t<meta name=\"twitter:card\" content=\"summary_large_image\" \/>\n\t\t<meta name=\"twitter:site\" content=\"@SoyMigrante_com\" \/>\n\t\t<meta name=\"twitter:title\" content=\"Elisa Escamilla: una historia de amor, foto y grandes objetivos.\" \/>\n\t\t<meta name=\"twitter:description\" content=\"Elisa es emprendedora desde los 17 a\u00f1os, pero circunstancias del destino la llevaron a los 23 a\u00f1os hasta Connecticut, EE. UU. en donde se encuentra su coraz\u00f3n y desde donde dirige La Fototienda, en Guatemala Elisa Escamilla viaj\u00f3 a EE.UU. a los 23 a\u00f1os en un viaje tur\u00edstico que termin\u00f3 siendo una vida. Su primer\" \/>\n\t\t<meta name=\"twitter:creator\" content=\"@SoyMigrante_com\" \/>\n\t\t<meta name=\"twitter:image\" content=\"https:\/\/soymigrante.com\/revista\/wp-content\/uploads\/2023\/03\/SOY-ELISA-ESCAMILLA-ENTREVISTA-3.webp\" \/>\n\t\t<!-- All in One SEO Pro -->\r\n\t\t<title>Elisa Escamilla: una historia de amor, foto y grandes objetivos.<\/title>\n\n","aioseo_head_json":{"title":"Elisa Escamilla: una historia de amor, foto y grandes objetivos.","description":"Elisa es emprendedora desde los 17 a\u00f1os, pero circunstancias del destino la llevaron a los 23 a\u00f1os hasta Connecticut, EE. UU. en donde se encuentra su coraz\u00f3n y desde donde dirige La Fototienda, en Guatemala Elisa Escamilla viaj\u00f3 a EE.UU. a los 23 a\u00f1os en un viaje tur\u00edstico que termin\u00f3 siendo una vida. Su primer","canonical_url":"https:\/\/soymigrante.com\/revista\/elisa-escamilla-emprendedora-invierte-en-guatemala\/","robots":"max-snippet:-1, max-image-preview:large, max-video-preview:-1","keywords":"","webmasterTools":{"miscellaneous":"&lt;link rel=\"preconnect\" href=\"https:\/\/fonts.googleapis.com\" crossorigin&gt;\n&lt;link rel=\"preconnect\" href=\"https:\/\/fonts.gstatic.com\" crossorigin&gt;"},"schema":null,"og:locale":"es_ES","og:site_name":"SoyMigrante.com REVISTA \u2013 Nuestra misi\u00f3n es reconocer y dignificar al migrante.","og:type":"article","og:title":"Elisa Escamilla: una historia de amor, foto y grandes objetivos.","og:description":"Elisa es emprendedora desde los 17 a\u00f1os, pero circunstancias del destino la llevaron a los 23 a\u00f1os hasta Connecticut, EE. UU. en donde se encuentra su coraz\u00f3n y desde donde dirige La Fototienda, en Guatemala Elisa Escamilla viaj\u00f3 a EE.UU. a los 23 a\u00f1os en un viaje tur\u00edstico que termin\u00f3 siendo una vida. Su primer","og:url":"https:\/\/soymigrante.com\/revista\/elisa-escamilla-emprendedora-invierte-en-guatemala\/","og:image":"https:\/\/soymigrante.com\/revista\/wp-content\/uploads\/2023\/03\/SOY-ELISA-ESCAMILLA-ENTREVISTA-3.webp","og:image:secure_url":"https:\/\/soymigrante.com\/revista\/wp-content\/uploads\/2023\/03\/SOY-ELISA-ESCAMILLA-ENTREVISTA-3.webp","og:image:width":1768,"og:image:height":1077,"article:published_time":"2023-05-25T00:10:58+00:00","article:modified_time":"2026-03-11T20:40:59+00:00","article:publisher":"https:\/\/www.facebook.com\/soymigrantecom","twitter:card":"summary_large_image","twitter:site":"@SoyMigrante_com","twitter:title":"Elisa Escamilla: una historia de amor, foto y grandes objetivos.","twitter:description":"Elisa es emprendedora desde los 17 a\u00f1os, pero circunstancias del destino la llevaron a los 23 a\u00f1os hasta Connecticut, EE. UU. en donde se encuentra su coraz\u00f3n y desde donde dirige La Fototienda, en Guatemala Elisa Escamilla viaj\u00f3 a EE.UU. a los 23 a\u00f1os en un viaje tur\u00edstico que termin\u00f3 siendo una vida. Su primer","twitter:creator":"@SoyMigrante_com","twitter:image":"https:\/\/soymigrante.com\/revista\/wp-content\/uploads\/2023\/03\/SOY-ELISA-ESCAMILLA-ENTREVISTA-3.webp"},"aioseo_meta_data":{"post_id":"208","title":"#post_title","description":"#post_excerpt","keywords":null,"keyphrases":{"focus":{"keyphrase":"Migrante","score":51,"analysis":{"keyphraseInTitle":{"score":3,"maxScore":9,"error":1},"keyphraseInDescription":{"score":9,"maxScore":9,"error":0},"keyphraseLength":{"score":9,"maxScore":9,"error":0,"length":1},"keyphraseInURL":{"score":5,"maxScore":5,"error":0},"keyphraseInIntroduction":{"score":3,"maxScore":9,"error":1},"keyphraseInSubHeadings":{"score":3,"maxScore":9,"error":1},"keyphraseInImageAlt":{"score":3,"maxScore":9,"error":1},"keywordDensity":{"score":0,"type":"low","maxScore":9,"error":1}}},"additional":[]},"primary_term":null,"canonical_url":null,"og_title":null,"og_description":null,"og_object_type":"default","og_image_type":"default","og_image_url":null,"og_image_width":null,"og_image_height":null,"og_image_custom_url":null,"og_image_custom_fields":null,"og_video":"","og_custom_url":null,"og_article_section":null,"og_article_tags":null,"twitter_use_og":false,"twitter_card":"default","twitter_image_type":"default","twitter_image_url":null,"twitter_image_custom_url":null,"twitter_image_custom_fields":null,"twitter_title":null,"twitter_description":null,"schema":{"blockGraphs":[],"customGraphs":[],"default":{"data":{"Article":[],"Course":[],"Dataset":[],"FAQPage":[],"Movie":[],"Person":[],"Product":[],"ProductReview":[],"Car":[],"Recipe":[],"Service":[],"SoftwareApplication":[],"WebPage":[]},"graphName":"Article","isEnabled":true},"graphs":[]},"schema_type":"default","schema_type_options":null,"pillar_content":false,"robots_default":true,"robots_noindex":false,"robots_noarchive":false,"robots_nosnippet":false,"robots_nofollow":false,"robots_noimageindex":false,"robots_noodp":false,"robots_notranslate":false,"robots_max_snippet":"-1","robots_max_videopreview":"-1","robots_max_imagepreview":"large","priority":null,"frequency":"default","local_seo":null,"seo_analyzer_scan_date":"2026-03-12 18:05:18","breadcrumb_settings":null,"limit_modified_date":false,"reviewed_by":null,"open_ai":"{\"title\":{\"suggestions\":[],\"usage\":0},\"description\":{\"suggestions\":[],\"usage\":0}}","ai":null,"created":"2023-08-17 09:10:59","updated":"2026-03-12 18:05:18"},"aioseo_breadcrumb":"<div class=\"aioseo-breadcrumbs\"><span class=\"aioseo-breadcrumb\">\n\t<a href=\"https:\/\/soymigrante.com\/revista\" title=\"Home\">Home<\/a>\n<\/span><span class=\"aioseo-breadcrumb-separator\">\u00bb<\/span><span class=\"aioseo-breadcrumb\">\n\t<a href=\"https:\/\/soymigrante.com\/revista\/category\/exitos\/\" title=\"\u00c9xitos\">\u00c9xitos<\/a>\n<\/span><span class=\"aioseo-breadcrumb-separator\">\u00bb<\/span><span class=\"aioseo-breadcrumb\">\n\t<a href=\"https:\/\/soymigrante.com\/revista\/category\/exitos\/guatemala\/\" title=\"Guatemala\">Guatemala<\/a>\n<\/span><span class=\"aioseo-breadcrumb-separator\">\u00bb<\/span><span class=\"aioseo-breadcrumb\">\n\tElisa Escamilla: una historia de amor, foto y grandes objetivos.\n<\/span><\/div>","aioseo_breadcrumb_json":[{"label":"Home","link":"https:\/\/soymigrante.com\/revista"},{"label":"\u00c9xitos","link":"https:\/\/soymigrante.com\/revista\/category\/exitos\/"},{"label":"Guatemala","link":"https:\/\/soymigrante.com\/revista\/category\/exitos\/guatemala\/"},{"label":"Elisa Escamilla: una historia de amor, foto y grandes objetivos.","link":"https:\/\/soymigrante.com\/revista\/elisa-escamilla-emprendedora-invierte-en-guatemala\/"}],"_links":{"self":[{"href":"https:\/\/soymigrante.com\/revista\/wp-json\/wp\/v2\/posts\/208","targetHints":{"allow":["GET"]}}],"collection":[{"href":"https:\/\/soymigrante.com\/revista\/wp-json\/wp\/v2\/posts"}],"about":[{"href":"https:\/\/soymigrante.com\/revista\/wp-json\/wp\/v2\/types\/post"}],"author":[{"embeddable":true,"href":"https:\/\/soymigrante.com\/revista\/wp-json\/wp\/v2\/users\/7"}],"replies":[{"embeddable":true,"href":"https:\/\/soymigrante.com\/revista\/wp-json\/wp\/v2\/comments?post=208"}],"version-history":[{"count":1,"href":"https:\/\/soymigrante.com\/revista\/wp-json\/wp\/v2\/posts\/208\/revisions"}],"predecessor-version":[{"id":53568,"href":"https:\/\/soymigrante.com\/revista\/wp-json\/wp\/v2\/posts\/208\/revisions\/53568"}],"wp:featuredmedia":[{"embeddable":true,"href":"https:\/\/soymigrante.com\/revista\/wp-json\/wp\/v2\/media\/944"}],"wp:attachment":[{"href":"https:\/\/soymigrante.com\/revista\/wp-json\/wp\/v2\/media?parent=208"}],"wp:term":[{"taxonomy":"category","embeddable":true,"href":"https:\/\/soymigrante.com\/revista\/wp-json\/wp\/v2\/categories?post=208"},{"taxonomy":"post_tag","embeddable":true,"href":"https:\/\/soymigrante.com\/revista\/wp-json\/wp\/v2\/tags?post=208"}],"curies":[{"name":"wp","href":"https:\/\/api.w.org\/{rel}","templated":true}]}}