{"id":2073,"date":"2023-08-08T05:04:31","date_gmt":"2023-08-08T05:04:31","guid":{"rendered":"https:\/\/soymigrante.com\/revista\/?p=2073"},"modified":"2024-07-31T00:33:08","modified_gmt":"2024-07-31T06:33:08","slug":"ajpon-danzas-mayas-homenaje-migrantes","status":"publish","type":"post","link":"https:\/\/soymigrante.com\/revista\/ajpon-danzas-mayas-homenaje-migrantes\/","title":{"rendered":"Ajpon: Danzas mayas que honran a migrantes guatemaltecos"},"content":{"rendered":"\t\t<div data-elementor-type=\"wp-post\" data-elementor-id=\"2073\" class=\"elementor elementor-2073\" data-elementor-post-type=\"post\">\n\t\t\t\t\t\t<section data-particle_enable=\"false\" data-particle-mobile-disabled=\"false\" class=\"elementor-section elementor-top-section elementor-element elementor-element-5bcd1de elementor-section-boxed elementor-section-height-default elementor-section-height-default\" data-id=\"5bcd1de\" data-element_type=\"section\" data-e-type=\"section\">\n\t\t\t\t\t\t<div class=\"elementor-container elementor-column-gap-default\">\n\t\t\t\t\t<div class=\"elementor-column elementor-col-100 elementor-top-column elementor-element elementor-element-702fcd0\" data-id=\"702fcd0\" data-element_type=\"column\" data-e-type=\"column\">\n\t\t\t<div class=\"elementor-widget-wrap elementor-element-populated\">\n\t\t\t\t\t\t<div class=\"elementor-element elementor-element-1197779 elementor-widget elementor-widget-heading\" data-id=\"1197779\" data-element_type=\"widget\" data-e-type=\"widget\" data-widget_type=\"heading.default\">\n\t\t\t\t\t<h1 class=\"elementor-heading-title elementor-size-default\">Ajpon surgi\u00f3 hace 22 a\u00f1os por iniciativa de Teresa Ram\u00edrez, guatemalteca maya mam radicada en Totonicap\u00e1n, desde donde impulsa tradiciones y dedica una danza a los migrantes guatemaltecos.\n<\/h1>\t\t\t\t<\/div>\n\t\t\t\t\t<\/div>\n\t\t<\/div>\n\t\t\t\t\t<\/div>\n\t\t<\/section>\n\t\t\t\t<section data-particle_enable=\"false\" data-particle-mobile-disabled=\"false\" class=\"elementor-section elementor-top-section elementor-element elementor-element-971dcc6 elementor-section-boxed elementor-section-height-default elementor-section-height-default\" data-id=\"971dcc6\" data-element_type=\"section\" data-e-type=\"section\">\n\t\t\t\t\t\t<div class=\"elementor-container elementor-column-gap-default\">\n\t\t\t\t\t<div class=\"elementor-column elementor-col-100 elementor-top-column elementor-element elementor-element-1f9bba3\" data-id=\"1f9bba3\" data-element_type=\"column\" data-e-type=\"column\">\n\t\t\t<div class=\"elementor-widget-wrap elementor-element-populated\">\n\t\t\t\t\t\t<div class=\"elementor-element elementor-element-7ae5924 elementor-widget elementor-widget-image\" data-id=\"7ae5924\" data-element_type=\"widget\" data-e-type=\"widget\" data-widget_type=\"image.default\">\n\t\t\t\t\t\t\t\t\t\t\t\t<figure class=\"wp-caption\">\n\t\t\t\t\t\t\t\t\t\t<img fetchpriority=\"high\" decoding=\"async\" width=\"768\" height=\"512\" src=\"https:\/\/soymigrante.com\/revista\/wp-content\/uploads\/2023\/08\/hijas-hijas-sobrinos-y-nietos-participan-dentro-del-grupo-de-Danza-Ajpom-1024x683.webp\" class=\"attachment-large size-large wp-image-2067\" alt=\"hijas, hijas sobrinos y nietos participan dentro del grupo de Danza AJPON\" srcset=\"https:\/\/soymigrante.com\/revista\/wp-content\/uploads\/2023\/08\/hijas-hijas-sobrinos-y-nietos-participan-dentro-del-grupo-de-Danza-Ajpom-1024x683.webp 1024w, https:\/\/soymigrante.com\/revista\/wp-content\/uploads\/2023\/08\/hijas-hijas-sobrinos-y-nietos-participan-dentro-del-grupo-de-Danza-Ajpom-300x200.webp 300w, https:\/\/soymigrante.com\/revista\/wp-content\/uploads\/2023\/08\/hijas-hijas-sobrinos-y-nietos-participan-dentro-del-grupo-de-Danza-Ajpom-768x512.webp 768w, https:\/\/soymigrante.com\/revista\/wp-content\/uploads\/2023\/08\/hijas-hijas-sobrinos-y-nietos-participan-dentro-del-grupo-de-Danza-Ajpom-1536x1024.webp 1536w, https:\/\/soymigrante.com\/revista\/wp-content\/uploads\/2023\/08\/hijas-hijas-sobrinos-y-nietos-participan-dentro-del-grupo-de-Danza-Ajpom-scaled.webp 1920w, https:\/\/soymigrante.com\/revista\/wp-content\/uploads\/2023\/08\/hijas-hijas-sobrinos-y-nietos-participan-dentro-del-grupo-de-Danza-Ajpom-750x500.webp 750w, https:\/\/soymigrante.com\/revista\/wp-content\/uploads\/2023\/08\/hijas-hijas-sobrinos-y-nietos-participan-dentro-del-grupo-de-Danza-Ajpom-1140x760.webp 1140w, https:\/\/soymigrante.com\/revista\/wp-content\/uploads\/2023\/08\/hijas-hijas-sobrinos-y-nietos-participan-dentro-del-grupo-de-Danza-Ajpom-600x400.webp 600w\" sizes=\"(max-width: 768px) 100vw, 768px\" title=\"hijas, hijas sobrinos y nietos participan dentro del grupo de Danza Ajpon \u2013 SoyMigrante.com REVISTA\" \/>\t\t\t\t\t\t\t\t\t\t\t<figcaption class=\"widget-image-caption wp-caption-text\">hijas, hijas sobrinos y nietos participan dentro del grupo de Danza Ajpon<\/figcaption>\n\t\t\t\t\t\t\t\t\t\t<\/figure>\n\t\t\t\t\t\t\t\t\t<\/div>\n\t\t\t\t\t<\/div>\n\t\t<\/div>\n\t\t\t\t\t<\/div>\n\t\t<\/section>\n\t\t\t\t<section data-particle_enable=\"false\" data-particle-mobile-disabled=\"false\" class=\"elementor-section elementor-top-section elementor-element elementor-element-be0a78f elementor-section-boxed elementor-section-height-default elementor-section-height-default\" data-id=\"be0a78f\" data-element_type=\"section\" data-e-type=\"section\">\n\t\t\t\t\t\t<div class=\"elementor-container elementor-column-gap-default\">\n\t\t\t\t\t<div class=\"elementor-column elementor-col-100 elementor-top-column elementor-element elementor-element-c0e254b\" data-id=\"c0e254b\" data-element_type=\"column\" data-e-type=\"column\">\n\t\t\t<div class=\"elementor-widget-wrap elementor-element-populated\">\n\t\t\t\t\t\t<div class=\"elementor-element elementor-element-bd851c7 elementor-widget elementor-widget-heading\" data-id=\"bd851c7\" data-element_type=\"widget\" data-e-type=\"widget\" data-widget_type=\"heading.default\">\n\t\t\t\t\t<h2 class=\"elementor-heading-title elementor-size-default\">Memoria ra\u00edces sin fronteras<\/h2>\t\t\t\t<\/div>\n\t\t\t\t<div class=\"elementor-element elementor-element-96f32c6 elementor-widget elementor-widget-text-editor\" data-id=\"96f32c6\" data-element_type=\"widget\" data-e-type=\"widget\" data-widget_type=\"text-editor.default\">\n\t\t\t\t\t\t\t\t\t<p>Ajpon significa copaleros en idioma mam, en alusi\u00f3n a los encargados de exparcir el humo ceremonial del incienso maya copal. Este grupo de danzas tradicionales mayas de Guatemala fue\u00a0<span style=\"font-weight: 400\">fundado por Teresa Ram\u00edrez P\u00e9rez\u00a0 antes del <\/span><span style=\"font-weight: 400\">a\u00f1o 2000, pero se estableci\u00f3 formalmente en el a\u00f1o 2001. Toda persona puede unirse para aprender y danzar. Su m\u00e1ximo deseo es poder contagiar este esp\u00edritu a los mayas guatemaltecos\u00a0<\/span>\u00a0migrantes en Estados Unidos.<\/p><p><span style=\"font-weight: 400\">Teresa naci\u00f3 hace 65 a\u00f1os en San Ildefonso Ixtahuac\u00e1n, Huehuetenango, despu\u00e9s migr\u00f3 a Quetzaltenango y finalmente se radic\u00f3 en Totonicap\u00e1n, donde actualmente vive e impulsa la tradici\u00f3n.\u00a0\u00a0<\/span><span style=\"font-weight: 400;color: var( --e-global-color-text );background-color: var(--ak-bg-color)\">\u201cCuando llegue a Totonicap\u00e1n me inspiraron las actividades de las escuelas, entonces surge la creaci\u00f3n del grupo. Al inicio estaba integrado por familiares,\u00a0 pero empezaron a llegar amigos y vecinos.<\/span><\/p><p><span style=\"font-weight: 400;color: var( --e-global-color-text );background-color: var(--ak-bg-color)\">\u201cMe siento orgullosa del grupo y de poder presentarnos en\u00a0 municipios de toda Guatemala. Es algo que agradecemos a Dios y al pueblo de Totonicap\u00e1n por apoyarnos\u201d.<\/span><\/p><p><span style=\"font-weight: 400\">A sus 65 a\u00f1os de edad Teresa Ram\u00edrez, disfruta y valora cada presentaci\u00f3n. Lleva m\u00e1s de 40 a\u00f1os danzando. Su legado es trasladar la cultura e identidad a trav\u00e9s de la danza tradicional misma que ha inculcado a cada familiar.<\/span><\/p><p><span style=\"font-weight: 400\">\u201cInvito a todos los j\u00f3venes y a toda la poblaci\u00f3n a poner \u00e9nfasis a nuestra cultura y tradiciones, tenemos que escarbar a nuestros antepasados, unir ideas y esfuerzos para recuperar lo que hemos perdido por muchos a\u00f1os, ser\u00eda importante que las escuelas se involucren e inculquen lo nuestro\u201d Teresa Ram\u00edrez fundadora grupo Ajpon.<\/span><\/p>\t\t\t\t\t\t\t\t<\/div>\n\t\t\t\t\t<\/div>\n\t\t<\/div>\n\t\t\t\t\t<\/div>\n\t\t<\/section>\n\t\t\t\t<section data-particle_enable=\"false\" data-particle-mobile-disabled=\"false\" class=\"elementor-section elementor-top-section elementor-element elementor-element-c047f35 elementor-section-boxed elementor-section-height-default elementor-section-height-default\" data-id=\"c047f35\" data-element_type=\"section\" data-e-type=\"section\">\n\t\t\t\t\t\t<div class=\"elementor-container elementor-column-gap-default\">\n\t\t\t\t\t<div class=\"elementor-column elementor-col-100 elementor-top-column elementor-element elementor-element-1f2609f\" data-id=\"1f2609f\" data-element_type=\"column\" data-e-type=\"column\">\n\t\t\t<div class=\"elementor-widget-wrap elementor-element-populated\">\n\t\t\t\t\t\t<div class=\"elementor-element elementor-element-d5e6b9c elementor-widget elementor-widget-image\" data-id=\"d5e6b9c\" data-element_type=\"widget\" data-e-type=\"widget\" data-widget_type=\"image.default\">\n\t\t\t\t\t\t\t\t\t\t\t\t<figure class=\"wp-caption\">\n\t\t\t\t\t\t\t\t\t\t<img decoding=\"async\" width=\"768\" height=\"512\" src=\"https:\/\/soymigrante.com\/revista\/wp-content\/uploads\/2023\/08\/Grupo-de-Danza-Tradicionales-Ajpon-fundado-por-Teresa-Ramirez-dedican-un-baile-tradional-a-los-migrantes-guatemlatecos-como-recordatorio-de-sus-raices-foto-por-Omar-Menchu-1024x683.webp\" class=\"attachment-large size-large wp-image-2138\" alt=\"Grupo de Danza Tradicionales Ajpon fundado por Teresa Ram\u00edrez dedican un baile tradicional a los migrantes guatemaltecos como recordatorio de sus ra\u00edces foto por Omar Mench\u00fa\" srcset=\"https:\/\/soymigrante.com\/revista\/wp-content\/uploads\/2023\/08\/Grupo-de-Danza-Tradicionales-Ajpon-fundado-por-Teresa-Ramirez-dedican-un-baile-tradional-a-los-migrantes-guatemlatecos-como-recordatorio-de-sus-raices-foto-por-Omar-Menchu-1024x683.webp 1024w, https:\/\/soymigrante.com\/revista\/wp-content\/uploads\/2023\/08\/Grupo-de-Danza-Tradicionales-Ajpon-fundado-por-Teresa-Ramirez-dedican-un-baile-tradional-a-los-migrantes-guatemlatecos-como-recordatorio-de-sus-raices-foto-por-Omar-Menchu-300x200.webp 300w, https:\/\/soymigrante.com\/revista\/wp-content\/uploads\/2023\/08\/Grupo-de-Danza-Tradicionales-Ajpon-fundado-por-Teresa-Ramirez-dedican-un-baile-tradional-a-los-migrantes-guatemlatecos-como-recordatorio-de-sus-raices-foto-por-Omar-Menchu-768x512.webp 768w, https:\/\/soymigrante.com\/revista\/wp-content\/uploads\/2023\/08\/Grupo-de-Danza-Tradicionales-Ajpon-fundado-por-Teresa-Ramirez-dedican-un-baile-tradional-a-los-migrantes-guatemlatecos-como-recordatorio-de-sus-raices-foto-por-Omar-Menchu-1536x1024.webp 1536w, https:\/\/soymigrante.com\/revista\/wp-content\/uploads\/2023\/08\/Grupo-de-Danza-Tradicionales-Ajpon-fundado-por-Teresa-Ramirez-dedican-un-baile-tradional-a-los-migrantes-guatemlatecos-como-recordatorio-de-sus-raices-foto-por-Omar-Menchu.webp 1920w, https:\/\/soymigrante.com\/revista\/wp-content\/uploads\/2023\/08\/Grupo-de-Danza-Tradicionales-Ajpon-fundado-por-Teresa-Ramirez-dedican-un-baile-tradional-a-los-migrantes-guatemlatecos-como-recordatorio-de-sus-raices-foto-por-Omar-Menchu-750x500.webp 750w, https:\/\/soymigrante.com\/revista\/wp-content\/uploads\/2023\/08\/Grupo-de-Danza-Tradicionales-Ajpon-fundado-por-Teresa-Ramirez-dedican-un-baile-tradional-a-los-migrantes-guatemlatecos-como-recordatorio-de-sus-raices-foto-por-Omar-Menchu-1140x760.webp 1140w, https:\/\/soymigrante.com\/revista\/wp-content\/uploads\/2023\/08\/Grupo-de-Danza-Tradicionales-Ajpon-fundado-por-Teresa-Ramirez-dedican-un-baile-tradional-a-los-migrantes-guatemlatecos-como-recordatorio-de-sus-raices-foto-por-Omar-Menchu-600x400.webp 600w\" sizes=\"(max-width: 768px) 100vw, 768px\" title=\"Grupo de Danza Tradicionales Ajpon fundado por Teresa Ram\u00edrez dedican un baile tradicional a los migrantes guatemaltecos como recordatorio de sus ra\u00edces foto por Omar Mench\u00fa \u2013 SoyMigrante.com REVISTA\" \/>\t\t\t\t\t\t\t\t\t\t\t<figcaption class=\"widget-image-caption wp-caption-text\">Grupo de Danza Tradicionales Ajpon fundado por Teresa Ram\u00edrez dedican un baile tradicional a los migrantes guatemaltecos como recordatorio de sus ra\u00edces foto por Omar Mench\u00fa<\/figcaption>\n\t\t\t\t\t\t\t\t\t\t<\/figure>\n\t\t\t\t\t\t\t\t\t<\/div>\n\t\t\t\t\t<\/div>\n\t\t<\/div>\n\t\t\t\t\t<\/div>\n\t\t<\/section>\n\t\t\t\t<section data-particle_enable=\"false\" data-particle-mobile-disabled=\"false\" class=\"elementor-section elementor-top-section elementor-element elementor-element-004dcc3 elementor-section-boxed elementor-section-height-default elementor-section-height-default\" data-id=\"004dcc3\" data-element_type=\"section\" data-e-type=\"section\">\n\t\t\t\t\t\t<div class=\"elementor-container elementor-column-gap-default\">\n\t\t\t\t\t<div class=\"elementor-column elementor-col-100 elementor-top-column elementor-element elementor-element-6859d35\" data-id=\"6859d35\" data-element_type=\"column\" data-e-type=\"column\">\n\t\t\t<div class=\"elementor-widget-wrap elementor-element-populated\">\n\t\t\t\t\t\t<div class=\"elementor-element elementor-element-9eb3d3f elementor-widget elementor-widget-heading\" data-id=\"9eb3d3f\" data-element_type=\"widget\" data-e-type=\"widget\" data-widget_type=\"heading.default\">\n\t\t\t\t\t<h3 class=\"elementor-heading-title elementor-size-default\">Ajpon y las danzas tradicionales<\/h3>\t\t\t\t<\/div>\n\t\t\t\t<div class=\"elementor-element elementor-element-0972403 elementor-widget elementor-widget-text-editor\" data-id=\"0972403\" data-element_type=\"widget\" data-e-type=\"widget\" data-widget_type=\"text-editor.default\">\n\t\t\t\t\t\t\t\t\t<p><b>\u00bfCu\u00e1l es el significado del nombre de la agrupaci\u00f3n?<\/b><\/p><p><span style=\"font-weight: 400\">\u201cEn San Ildefonso Ixtahuacan Huehuetenango, abundan los \u00e1rboles de copal, entonces <strong>Ajpon<\/strong><\/span><span style=\"font-weight: 400\">\u00a0significa copaleros y nuestro logo aparece un venado como representaci\u00f3n del \u00e1rea k\u2019iche\u201d Nancy Ram\u00edrez<\/span><\/p><p><strong>\u00bfCu\u00e1les son las danzas mas presentadas? <\/strong><\/p><p><span style=\"font-weight: 400\">La danza del venado o nahual, \u201cPertenece al \u00e1rea mam y k\u2019iche, es la representaci\u00f3n del respeto hacia los animales y naturaleza\u201d. Se cree que al nacer un ni\u00f1o y un animal; se convierte en el nahual de la persona.<\/span><\/p><p><span style=\"font-weight: 400\">La danza del corte de caf\u00e9 San Pedro Necta, esta danza es la representaci\u00f3n de las familias que migran hacia la boca costa a cortar caf\u00e9 para su subsistencia econ\u00f3mica y regresar en a\u00f1o nuevo a Huehuetenango.<\/span><\/p><p><span style=\"font-weight: 400\">Tambi\u00e9n la indumentaria maya, el significado de las danzas forman parte de la identidad y riqueza cultural. Ajpon rescata y traslada amor por las danzas tradicionales, van m\u00e1s all\u00e1 de las fronteras.<\/span><\/p>\t\t\t\t\t\t\t\t<\/div>\n\t\t\t\t<div class=\"elementor-element elementor-element-78ba104 elementor-widget elementor-widget-image\" data-id=\"78ba104\" data-element_type=\"widget\" data-e-type=\"widget\" data-widget_type=\"image.default\">\n\t\t\t\t\t\t\t\t\t\t\t\t<figure class=\"wp-caption\">\n\t\t\t\t\t\t\t\t\t\t<img decoding=\"async\" width=\"768\" height=\"512\" src=\"https:\/\/soymigrante.com\/revista\/wp-content\/uploads\/2023\/08\/Teresa-Ramirez-Perez-originaria-de-San-Elefonso-Ixtaguacan-Huehuetenango-es-fundadora-del-grupo-de-baile-Ajpom-1024x683.webp\" class=\"attachment-large size-large wp-image-2071\" alt=\"Teresa Ram\u00edrez P\u00e9rez, originaria de San Elefonso Ixtaguacan Huehuetenango, es fundadora del grupo de baile AJPON\" srcset=\"https:\/\/soymigrante.com\/revista\/wp-content\/uploads\/2023\/08\/Teresa-Ramirez-Perez-originaria-de-San-Elefonso-Ixtaguacan-Huehuetenango-es-fundadora-del-grupo-de-baile-Ajpom-1024x683.webp 1024w, https:\/\/soymigrante.com\/revista\/wp-content\/uploads\/2023\/08\/Teresa-Ramirez-Perez-originaria-de-San-Elefonso-Ixtaguacan-Huehuetenango-es-fundadora-del-grupo-de-baile-Ajpom-300x200.webp 300w, https:\/\/soymigrante.com\/revista\/wp-content\/uploads\/2023\/08\/Teresa-Ramirez-Perez-originaria-de-San-Elefonso-Ixtaguacan-Huehuetenango-es-fundadora-del-grupo-de-baile-Ajpom-768x512.webp 768w, https:\/\/soymigrante.com\/revista\/wp-content\/uploads\/2023\/08\/Teresa-Ramirez-Perez-originaria-de-San-Elefonso-Ixtaguacan-Huehuetenango-es-fundadora-del-grupo-de-baile-Ajpom-1536x1024.webp 1536w, https:\/\/soymigrante.com\/revista\/wp-content\/uploads\/2023\/08\/Teresa-Ramirez-Perez-originaria-de-San-Elefonso-Ixtaguacan-Huehuetenango-es-fundadora-del-grupo-de-baile-Ajpom-scaled.webp 1920w, https:\/\/soymigrante.com\/revista\/wp-content\/uploads\/2023\/08\/Teresa-Ramirez-Perez-originaria-de-San-Elefonso-Ixtaguacan-Huehuetenango-es-fundadora-del-grupo-de-baile-Ajpom-750x500.webp 750w, https:\/\/soymigrante.com\/revista\/wp-content\/uploads\/2023\/08\/Teresa-Ramirez-Perez-originaria-de-San-Elefonso-Ixtaguacan-Huehuetenango-es-fundadora-del-grupo-de-baile-Ajpom-1140x760.webp 1140w, https:\/\/soymigrante.com\/revista\/wp-content\/uploads\/2023\/08\/Teresa-Ramirez-Perez-originaria-de-San-Elefonso-Ixtaguacan-Huehuetenango-es-fundadora-del-grupo-de-baile-Ajpom-600x400.webp 600w\" sizes=\"(max-width: 768px) 100vw, 768px\" title=\"Teresa Ram\u00edrez P\u00e9rez, originaria de San Elefonso Ixtaguacan Huehuetenango, es fundadora del grupo de baile AJPON \u2013 SoyMigrante.com REVISTA\" \/>\t\t\t\t\t\t\t\t\t\t\t<figcaption class=\"widget-image-caption wp-caption-text\">Teresa Ram\u00edrez P\u00e9rez, originaria de San Elefonso Ixtlahuac\u00e1n Huehuetenango, es fundadora del grupo de baile AJPON<\/figcaption>\n\t\t\t\t\t\t\t\t\t\t<\/figure>\n\t\t\t\t\t\t\t\t\t<\/div>\n\t\t\t\t\t<\/div>\n\t\t<\/div>\n\t\t\t\t\t<\/div>\n\t\t<\/section>\n\t\t\t\t<section data-particle_enable=\"false\" data-particle-mobile-disabled=\"false\" class=\"elementor-section elementor-top-section elementor-element elementor-element-67d35a2 elementor-section-boxed elementor-section-height-default elementor-section-height-default\" data-id=\"67d35a2\" data-element_type=\"section\" data-e-type=\"section\">\n\t\t\t\t\t\t<div class=\"elementor-container elementor-column-gap-default\">\n\t\t\t\t\t<div class=\"elementor-column elementor-col-100 elementor-top-column elementor-element elementor-element-cc2adb1\" data-id=\"cc2adb1\" data-element_type=\"column\" data-e-type=\"column\">\n\t\t\t<div class=\"elementor-widget-wrap\">\n\t\t\t\t\t\t\t<\/div>\n\t\t<\/div>\n\t\t\t\t\t<\/div>\n\t\t<\/section>\n\t\t\t\t<section data-particle_enable=\"false\" data-particle-mobile-disabled=\"false\" class=\"elementor-section elementor-top-section elementor-element elementor-element-b39a80a elementor-section-boxed elementor-section-height-default elementor-section-height-default\" data-id=\"b39a80a\" data-element_type=\"section\" data-e-type=\"section\">\n\t\t\t\t\t\t<div class=\"elementor-container elementor-column-gap-default\">\n\t\t\t\t\t<div class=\"elementor-column elementor-col-100 elementor-top-column elementor-element elementor-element-db9c05d\" data-id=\"db9c05d\" data-element_type=\"column\" data-e-type=\"column\">\n\t\t\t<div class=\"elementor-widget-wrap elementor-element-populated\">\n\t\t\t\t\t\t<div class=\"elementor-element elementor-element-f0d815f elementor-widget elementor-widget-heading\" data-id=\"f0d815f\" data-element_type=\"widget\" data-e-type=\"widget\" data-widget_type=\"heading.default\">\n\t\t\t\t\t<h3 class=\"elementor-heading-title elementor-size-default\">Mantener la cultura<\/h3>\t\t\t\t<\/div>\n\t\t\t\t<div class=\"elementor-element elementor-element-6e96fe8 elementor-widget elementor-widget-text-editor\" data-id=\"6e96fe8\" data-element_type=\"widget\" data-e-type=\"widget\" data-widget_type=\"text-editor.default\">\n\t\t\t\t\t\t\t\t\t<p><span style=\"font-weight: 400\">Ajpon es una agrupaci\u00f3n que busca transmitir, rescatar la identidad cultural a trav\u00e9s de las danzas guatemaltecas. El grupo de danzas tradicionales tiene mezclas\u00a0 diferentes entre el mam y k\u2019iche.<\/span><\/p><p>Abre espacios para ni\u00f1os, ni\u00f1as, j\u00f3venes y cualquier persona que desee participar.\u00a0 \u201cPrimero los invitamos para que puedan formar parte de nuestro grupo, no cobramos ning\u00fan tipo de inscripci\u00f3n, \u00fanicamente nos dedicamos a mantener nuestra cultura\u201d<\/p><p><span style=\"font-weight: 400\">La agrupaci\u00f3n busca\u00a0 mantener viva <\/span><span style=\"font-weight: 400\">las tradiciones, la m\u00fasica, danza e indumentaria y trasladarlas a las generaciones. En un futuro desean\u00a0 abrir una escuela de danza para ni\u00f1os, ni\u00f1as y j\u00f3venes.\u00a0<\/span><\/p><p><span style=\"font-weight: 400\">La familia de Teresa se estableci\u00f3 en Totonicap\u00e1n hace m\u00e1s de 30 a\u00f1os, las primeras hijas de Teresa nacieron en Quetzaltenango y el resto de sus hijos en Totonicap\u00e1n. Tras permanecer en la tierra de Atanasio Tzul adoptaron la cultura y las actividades de la localidad.<\/span><\/p><p>\u00a0<\/p>\t\t\t\t\t\t\t\t<\/div>\n\t\t\t\t<div class=\"elementor-element elementor-element-faf5e7d elementor-widget elementor-widget-image\" data-id=\"faf5e7d\" data-element_type=\"widget\" data-e-type=\"widget\" data-widget_type=\"image.default\">\n\t\t\t\t\t\t\t\t\t\t\t\t<figure class=\"wp-caption\">\n\t\t\t\t\t\t\t\t\t\t<img loading=\"lazy\" decoding=\"async\" width=\"768\" height=\"512\" src=\"https:\/\/soymigrante.com\/revista\/wp-content\/uploads\/2023\/08\/Presentacion-en-dia-de-la-cultura-septiembre-2022-municipalidad-de-Totonicapan-1024x683.webp\" class=\"attachment-large size-large wp-image-2079\" alt=\"Presentaci\u00f3n en d\u00eda de la cultura, septiembre 2022, municipalidad de Totonicap\u00e1n\" srcset=\"https:\/\/soymigrante.com\/revista\/wp-content\/uploads\/2023\/08\/Presentacion-en-dia-de-la-cultura-septiembre-2022-municipalidad-de-Totonicapan-1024x683.webp 1024w, https:\/\/soymigrante.com\/revista\/wp-content\/uploads\/2023\/08\/Presentacion-en-dia-de-la-cultura-septiembre-2022-municipalidad-de-Totonicapan-300x200.webp 300w, https:\/\/soymigrante.com\/revista\/wp-content\/uploads\/2023\/08\/Presentacion-en-dia-de-la-cultura-septiembre-2022-municipalidad-de-Totonicapan-768x512.webp 768w, https:\/\/soymigrante.com\/revista\/wp-content\/uploads\/2023\/08\/Presentacion-en-dia-de-la-cultura-septiembre-2022-municipalidad-de-Totonicapan-750x500.webp 750w, https:\/\/soymigrante.com\/revista\/wp-content\/uploads\/2023\/08\/Presentacion-en-dia-de-la-cultura-septiembre-2022-municipalidad-de-Totonicapan-600x400.webp 600w, https:\/\/soymigrante.com\/revista\/wp-content\/uploads\/2023\/08\/Presentacion-en-dia-de-la-cultura-septiembre-2022-municipalidad-de-Totonicapan.webp 1080w\" sizes=\"(max-width: 768px) 100vw, 768px\" title=\"Presentaci\u00f3n en d\u00eda de la cultura, septiembre 2022, municipalidad de Totonicap\u00e1n \u2013 SoyMigrante.com REVISTA\" \/>\t\t\t\t\t\t\t\t\t\t\t<figcaption class=\"widget-image-caption wp-caption-text\">Presentaci\u00f3n en d\u00eda de la cultura, septiembre 2022, municipalidad de Totonicap\u00e1n<\/figcaption>\n\t\t\t\t\t\t\t\t\t\t<\/figure>\n\t\t\t\t\t\t\t\t\t<\/div>\n\t\t\t\t\t<\/div>\n\t\t<\/div>\n\t\t\t\t\t<\/div>\n\t\t<\/section>\n\t\t\t\t<section data-particle_enable=\"false\" data-particle-mobile-disabled=\"false\" class=\"elementor-section elementor-top-section elementor-element elementor-element-28e5757 elementor-section-boxed elementor-section-height-default elementor-section-height-default\" data-id=\"28e5757\" data-element_type=\"section\" data-e-type=\"section\">\n\t\t\t\t\t\t<div class=\"elementor-container elementor-column-gap-default\">\n\t\t\t\t\t<div class=\"elementor-column elementor-col-100 elementor-top-column elementor-element elementor-element-767e64b\" data-id=\"767e64b\" data-element_type=\"column\" data-e-type=\"column\">\n\t\t\t<div class=\"elementor-widget-wrap elementor-element-populated\">\n\t\t\t\t\t\t<div class=\"elementor-element elementor-element-d569e90 elementor-widget elementor-widget-text-editor\" data-id=\"d569e90\" data-element_type=\"widget\" data-e-type=\"widget\" data-widget_type=\"text-editor.default\">\n\t\t\t\t\t\t\t\t\t<p><span style=\"font-weight: 400;text-align: justify;color: var( --e-global-color-text );background-color: var(--ak-bg-color)\">El rescate e identidad de sus ra\u00edces permanecen Teresa lleva la sangre mam. Y no olvida su origen, por eso inculca a sus hijos y nietos todo lo relacionado a la cultura, el idioma y sobre todo las tradiciones de su lugar de origen. Si bien se han establecido en Totonicap\u00e1n existe un v\u00ednculo m\u00e1gico de cultura.<\/span><\/p><p style=\"font-style: normal;font-weight: 400;font-size: 16px;font-family: Roboto, sans-serif;text-align: justify\"><span style=\"font-weight: 400\">\u201cCon el paso del tiempo hemos aprendido de ambas culturas y nos ha motivado mantenerlas, es as\u00ed como se fusionan y nace el grupo de danza tradicionales Ajpon\u201d agrega Nancy Ram\u00edrez<\/span><\/p>\t\t\t\t\t\t\t\t<\/div>\n\t\t\t\t\t<\/div>\n\t\t<\/div>\n\t\t\t\t\t<\/div>\n\t\t<\/section>\n\t\t\t\t<section data-particle_enable=\"false\" data-particle-mobile-disabled=\"false\" class=\"elementor-section elementor-top-section elementor-element elementor-element-0a055cb elementor-section-boxed elementor-section-height-default elementor-section-height-default\" data-id=\"0a055cb\" data-element_type=\"section\" data-e-type=\"section\">\n\t\t\t\t\t\t<div class=\"elementor-container elementor-column-gap-default\">\n\t\t\t\t\t<div class=\"elementor-column elementor-col-100 elementor-top-column elementor-element elementor-element-ee00b01\" data-id=\"ee00b01\" data-element_type=\"column\" data-e-type=\"column\">\n\t\t\t<div class=\"elementor-widget-wrap elementor-element-populated\">\n\t\t\t\t\t\t<div class=\"elementor-element elementor-element-b9bd11e elementor-arrows-position-inside elementor-pagination-position-outside elementor-widget elementor-widget-image-carousel\" data-id=\"b9bd11e\" data-element_type=\"widget\" data-e-type=\"widget\" data-settings=\"{&quot;slides_to_show&quot;:&quot;1&quot;,&quot;navigation&quot;:&quot;both&quot;,&quot;autoplay&quot;:&quot;yes&quot;,&quot;pause_on_hover&quot;:&quot;yes&quot;,&quot;pause_on_interaction&quot;:&quot;yes&quot;,&quot;autoplay_speed&quot;:5000,&quot;infinite&quot;:&quot;yes&quot;,&quot;effect&quot;:&quot;slide&quot;,&quot;speed&quot;:500}\" data-widget_type=\"image-carousel.default\">\n\t\t\t\t\t\t\t<div class=\"elementor-image-carousel-wrapper swiper\" role=\"region\" aria-roledescription=\"carousel\" aria-label=\"Carrusel de im\u00e1genes\" dir=\"ltr\">\n\t\t\t<div class=\"elementor-image-carousel swiper-wrapper\" aria-live=\"off\">\n\t\t\t\t\t\t\t\t<div class=\"swiper-slide\" role=\"group\" aria-roledescription=\"slide\" aria-label=\"1 de 11\"><figure class=\"swiper-slide-inner\"><img decoding=\"async\" class=\"swiper-slide-image\" src=\"https:\/\/soymigrante.com\/revista\/wp-content\/uploads\/2023\/08\/Presentacion-privada-a-actores-dominicanos-que-vinieron-a-Totonicapan-2019-768x433.webp\" alt=\"Presentaci\u00f3n privada a actores dominicanos que vinieron a Totonicap\u00e1n 2019\" \/><figcaption class=\"elementor-image-carousel-caption\">Presentaci\u00f3n privada a actores dominicanos que vinieron a Totonicap\u00e1n 2019<\/figcaption><\/figure><\/div><div class=\"swiper-slide\" role=\"group\" aria-roledescription=\"slide\" aria-label=\"2 de 11\"><figure class=\"swiper-slide-inner\"><img decoding=\"async\" class=\"swiper-slide-image\" src=\"https:\/\/soymigrante.com\/revista\/wp-content\/uploads\/2023\/08\/Presentacion-municipalidad-de-San-cristobal-2018-768x576.webp\" alt=\"Presentaci\u00f3n municipalidad de San Crist\u00f3bal 2018\" \/><figcaption class=\"elementor-image-carousel-caption\">Presentaci\u00f3n municipalidad de San Crist\u00f3bal 2018<\/figcaption><\/figure><\/div><div class=\"swiper-slide\" role=\"group\" aria-roledescription=\"slide\" aria-label=\"3 de 11\"><figure class=\"swiper-slide-inner\"><img decoding=\"async\" class=\"swiper-slide-image\" src=\"https:\/\/soymigrante.com\/revista\/wp-content\/uploads\/2023\/08\/Presentacion-grupo-Ajpon-en-Ayutla-2018--768x512.webp\" alt=\"Presentaci\u00f3n grupo APON en Ayutla 2018\" \/><figcaption class=\"elementor-image-carousel-caption\">Presentaci\u00f3n grupo Ajpon en Ayutla 2018<\/figcaption><\/figure><\/div><div class=\"swiper-slide\" role=\"group\" aria-roledescription=\"slide\" aria-label=\"4 de 11\"><figure class=\"swiper-slide-inner\"><img decoding=\"async\" class=\"swiper-slide-image\" src=\"https:\/\/soymigrante.com\/revista\/wp-content\/uploads\/2023\/08\/Presentacion-en-reunion-de-cooperativas-en-Hotel-Porta-del-lago-Panajachel-768x512.webp\" alt=\"Presentaci\u00f3n en reuni\u00f3n de cooperativas en Hotel Porta del lago Panajachel\" \/><figcaption class=\"elementor-image-carousel-caption\">Presentaci\u00f3n en reuni\u00f3n de cooperativas en Hotel Porta del lago Panajachel<\/figcaption><\/figure><\/div><div class=\"swiper-slide\" role=\"group\" aria-roledescription=\"slide\" aria-label=\"5 de 11\"><figure class=\"swiper-slide-inner\"><img decoding=\"async\" class=\"swiper-slide-image\" src=\"https:\/\/soymigrante.com\/revista\/wp-content\/uploads\/2023\/08\/Presentacion-en-primer-evento-de-de-la-Cultura-organizado-por-la-Municipalidad-768x432.webp\" alt=\"Presentaci\u00f3n en primer evento de de la Cultura, organizado por la Municipalidad\" \/><figcaption class=\"elementor-image-carousel-caption\">Presentaci\u00f3n en primer evento de de la Cultura, organizado por la Municipalidad<\/figcaption><\/figure><\/div><div class=\"swiper-slide\" role=\"group\" aria-roledescription=\"slide\" aria-label=\"6 de 11\"><figure class=\"swiper-slide-inner\"><img decoding=\"async\" class=\"swiper-slide-image\" src=\"https:\/\/soymigrante.com\/revista\/wp-content\/uploads\/2023\/08\/Presentacion-en-cambio-de-autoridades-zona-4-768x576.webp\" alt=\"Presentaci\u00f3n en cambio de autoridades zona 4\" \/><figcaption class=\"elementor-image-carousel-caption\">Presentaci\u00f3n en cambio de autoridades zona 4<\/figcaption><\/figure><\/div><div class=\"swiper-slide\" role=\"group\" aria-roledescription=\"slide\" aria-label=\"7 de 11\"><figure class=\"swiper-slide-inner\"><img decoding=\"async\" class=\"swiper-slide-image\" src=\"https:\/\/soymigrante.com\/revista\/wp-content\/uploads\/2023\/08\/Presentacion-en-Ayutla-2018--768x512.webp\" alt=\"Presentaci\u00f3n en Ayutla 2018\" \/><figcaption class=\"elementor-image-carousel-caption\">Presentaci\u00f3n en Ayutla 2018<\/figcaption><\/figure><\/div><div class=\"swiper-slide\" role=\"group\" aria-roledescription=\"slide\" aria-label=\"8 de 11\"><figure class=\"swiper-slide-inner\"><img decoding=\"async\" class=\"swiper-slide-image\" src=\"https:\/\/soymigrante.com\/revista\/wp-content\/uploads\/2023\/08\/La-herencia-es-dejar-legado-de-la-identidad-cultural--768x576.webp\" alt=\"La herencia es dejar legado de la identidad cultural\" \/><figcaption class=\"elementor-image-carousel-caption\">La herencia es dejar legado de la identidad cultural<\/figcaption><\/figure><\/div><div class=\"swiper-slide\" role=\"group\" aria-roledescription=\"slide\" aria-label=\"9 de 11\"><figure class=\"swiper-slide-inner\"><img decoding=\"async\" class=\"swiper-slide-image\" src=\"https:\/\/soymigrante.com\/revista\/wp-content\/uploads\/2023\/08\/Ninos-y-ninas-aprenden-el-significado-de-los-bailes-folcloricos-la-vestimenta-es-fundamental-en-cada-presentacion-768x512.webp\" alt=\"Ni\u00f1os y ni\u00f1as aprenden el significado de las danzas tradicionales la vestimenta es fundamental en cada presentaci\u00f3n\" \/><figcaption class=\"elementor-image-carousel-caption\">Ni\u00f1os y ni\u00f1as aprenden el significado de las danzas tradicionales la vestimenta es fundamental en cada presentaci\u00f3n<\/figcaption><\/figure><\/div><div class=\"swiper-slide\" role=\"group\" aria-roledescription=\"slide\" aria-label=\"10 de 11\"><figure class=\"swiper-slide-inner\"><img decoding=\"async\" class=\"swiper-slide-image\" src=\"https:\/\/soymigrante.com\/revista\/wp-content\/uploads\/2023\/08\/Nancy-Rmirez-es-originaria-de-Quetzaltenango-es-hija-de-Teresa-juntas-han-mantenido-el-baile-floclorico-768x512.webp\" alt=\"Nancy Ram\u00edrez, es originaria de Quetzaltenango es hija de Teresa, juntas han mantenido las danzas\" \/><figcaption class=\"elementor-image-carousel-caption\">Nancy Ram\u00edrez, es originaria de Quetzaltenango es hija de Teresa, juntas han mantenido las danzas<\/figcaption><\/figure><\/div><div class=\"swiper-slide\" role=\"group\" aria-roledescription=\"slide\" aria-label=\"11 de 11\"><figure class=\"swiper-slide-inner\"><img decoding=\"async\" class=\"swiper-slide-image\" src=\"https:\/\/soymigrante.com\/revista\/wp-content\/uploads\/2023\/08\/La-herencia-en-los-bailes-folcloricos-son-reflejados-con-pasion-e-identidad-cultural-768x512.webp\" alt=\"La herencia de las danzas tradicionales mayas es un tesoro para Teresa, quien desea que m\u00e1s ni\u00f1os y j\u00f3venes las conozcan y practiquen.\" \/><figcaption class=\"elementor-image-carousel-caption\">La herencia de las danzas tradicionales mayas es un tesoro para Teresa, quien desea que m\u00e1s ni\u00f1os y j\u00f3venes las conozcan y practiquen.<\/figcaption><\/figure><\/div>\t\t\t<\/div>\n\t\t\t\t\t\t\t\t\t\t\t\t<div class=\"elementor-swiper-button elementor-swiper-button-prev\" role=\"button\" tabindex=\"0\">\n\t\t\t\t\t\t<i aria-hidden=\"true\" class=\"eicon-chevron-left\"><\/i>\t\t\t\t\t<\/div>\n\t\t\t\t\t<div class=\"elementor-swiper-button elementor-swiper-button-next\" role=\"button\" tabindex=\"0\">\n\t\t\t\t\t\t<i aria-hidden=\"true\" class=\"eicon-chevron-right\"><\/i>\t\t\t\t\t<\/div>\n\t\t\t\t\n\t\t\t\t\t\t\t\t\t<div class=\"swiper-pagination\"><\/div>\n\t\t\t\t\t\t\t\t\t<\/div>\n\t\t\t\t\t\t<\/div>\n\t\t\t\t\t<\/div>\n\t\t<\/div>\n\t\t\t\t\t<\/div>\n\t\t<\/section>\n\t\t\t\t<section data-particle_enable=\"false\" data-particle-mobile-disabled=\"false\" class=\"elementor-section elementor-top-section elementor-element elementor-element-67c6642 elementor-section-boxed elementor-section-height-default elementor-section-height-default\" data-id=\"67c6642\" data-element_type=\"section\" data-e-type=\"section\">\n\t\t\t\t\t\t<div class=\"elementor-container elementor-column-gap-default\">\n\t\t\t\t\t<div class=\"elementor-column elementor-col-100 elementor-top-column elementor-element elementor-element-d47e155\" data-id=\"d47e155\" data-element_type=\"column\" data-e-type=\"column\">\n\t\t\t<div class=\"elementor-widget-wrap elementor-element-populated\">\n\t\t\t\t\t\t<div class=\"elementor-element elementor-element-a15fe60 elementor-widget elementor-widget-heading\" data-id=\"a15fe60\" data-element_type=\"widget\" data-e-type=\"widget\" data-widget_type=\"heading.default\">\n\t\t\t\t\t<h3 class=\"elementor-heading-title elementor-size-default\">Para inspirar a los migrantes mayas&nbsp;<\/h3>\t\t\t\t<\/div>\n\t\t\t\t<div class=\"elementor-element elementor-element-fb70594 elementor-widget elementor-widget-text-editor\" data-id=\"fb70594\" data-element_type=\"widget\" data-e-type=\"widget\" data-widget_type=\"text-editor.default\">\n\t\t\t\t\t\t\t\t\t<p><span style=\"font-weight: 400\">Ajp\u00f3n dedic\u00f3 una presentaci\u00f3n para los migrantes guatemaltecos con motivo de la&nbsp; realizaci\u00f3n de esta nota.&nbsp;&nbsp;<\/span><span style=\"font-weight: 400;color: var( --e-global-color-text );background-color: var(--ak-bg-color)\">\u201cSe sabe que muchas familias no solo de Huehuetenango y Totonicap\u00e1n sino a nivel nacional migran por la falta de oportunidades laborales y la danza que presentamos se refiere a las oportunidades limitadas que tiene Guatemala, pero eso no quiere decir que abandonemos nuestra ra\u00edz&#8221;, dice Nancy Ram\u00edrez, integrante del grupo.<\/span><\/p>\n<p><span style=\"font-weight: 400\">\u201cA los hermanos que han emigrado primero que Dios los bendiga y les de fortaleza para estar en un pa\u00eds que no es el suyo sin las tradiciones y cultura que nos caracterizan, con la danza les recordamos que el trabajo arduo que muchos realizaron desde ni\u00f1os en los campos de las bananeras, plataneras o los cafetales que puedan regresar a su pa\u00eds y poder aportar empleos a los connacionales\u201d, agrega.<\/span><\/p><p><span style=\"font-weight: 400\">Pero tambi\u00e9n Nancy lanza un consejo:&nbsp;<\/span><span style=\"font-weight: 400;color: var( --e-global-color-text );background-color: var(--ak-bg-color)\">\u201cJ\u00f3venes que est\u00e1n pensando migrar analicen antes de abandonar a padres, madres, hijos y hermanos. Tengan la certeza de que todo sacrificio que ustedes van a realizar tambi\u00e9n lo pueden hacer ac\u00e1 muy lento, seamos realistas que en el pa\u00eds se puede realizar, pero despacio, los invitamos a quedarse y compartir con su familia y salir adelante ac\u00e1 en el pa\u00eds\u201d<\/span><\/p>\n<p><span style=\"font-weight: 400\">\u201cCon nuestras tradiciones y cultura podemos dar a conocer que nuestro pa\u00eds es muy rico y lo podemos realizar a nivel nacional e internacional, para los que est\u00e1n all\u00e1 tambi\u00e9n invitarlos a que no pierdan su cultura no pierdan las tradiciones y que lo puedan exteriorizar en los pa\u00edses en donde se encuentren\u201d finaliza Nancy Ram\u00edrez&nbsp;<\/span><\/p>\t\t\t\t\t\t\t\t<\/div>\n\t\t\t\t\t<\/div>\n\t\t<\/div>\n\t\t\t\t\t<\/div>\n\t\t<\/section>\n\t\t\t\t<section data-particle_enable=\"false\" data-particle-mobile-disabled=\"false\" class=\"elementor-section elementor-top-section elementor-element elementor-element-d90bce3 elementor-section-boxed elementor-section-height-default elementor-section-height-default\" data-id=\"d90bce3\" data-element_type=\"section\" data-e-type=\"section\">\n\t\t\t\t\t\t<div class=\"elementor-container elementor-column-gap-default\">\n\t\t\t\t\t<div class=\"elementor-column elementor-col-100 elementor-top-column elementor-element elementor-element-7f69343\" data-id=\"7f69343\" data-element_type=\"column\" data-e-type=\"column\">\n\t\t\t<div class=\"elementor-widget-wrap elementor-element-populated\">\n\t\t\t\t\t\t<div class=\"elementor-element elementor-element-da334f7 elementor-widget elementor-widget-video\" data-id=\"da334f7\" data-element_type=\"widget\" data-e-type=\"widget\" data-settings=\"{&quot;youtube_url&quot;:&quot;https:\\\/\\\/www.youtube.com\\\/watch?v=mVi3VUi0iac&amp;t=56s&quot;,&quot;start&quot;:77,&quot;video_type&quot;:&quot;youtube&quot;,&quot;controls&quot;:&quot;yes&quot;}\" data-widget_type=\"video.default\">\n\t\t\t\t\t\t\t<div class=\"elementor-wrapper elementor-open-inline\">\n\t\t\t<div class=\"elementor-video\"><\/div>\t\t<\/div>\n\t\t\t\t\t\t<\/div>\n\t\t\t\t\t<\/div>\n\t\t<\/div>\n\t\t\t\t\t<\/div>\n\t\t<\/section>\n\t\t\t\t<\/div>\n\t\t","protected":false},"excerpt":{"rendered":"<p>Ajpon surgi\u00f3 hace 22 a\u00f1os por iniciativa de Teresa Ram\u00edrez, guatemalteca maya mam radicada en Totonicap\u00e1n, desde donde impulsa tradiciones y dedica una danza a los migrantes guatemaltecos. hijas, hijas sobrinos y nietos participan dentro del grupo de Danza Ajpon Memoria ra\u00edces sin fronteras Ajpon significa copaleros en idioma mam, en alusi\u00f3n a los encargados [&hellip;]<\/p>\n","protected":false},"author":10,"featured_media":2138,"comment_status":"open","ping_status":"open","sticky":false,"template":"","format":"standard","meta":{"_acf_changed":false,"_eb_attr":"","footnotes":""},"categories":[58],"tags":[],"class_list":["post-2073","post","type-post","status-publish","format-standard","has-post-thumbnail","hentry","category-guate-nuestra"],"acf":[],"aioseo_notices":[],"aioseo_head":"\n\t\t<!-- All in One SEO Pro 4.9.6.2 - aioseo.com -->\n\t<meta name=\"description\" content=\"Descubre a Ajpon, grupo de danzas mayas que, desde Totonicap\u00e1n, rinde homenaje a migrantes guatemaltecos, exaltando tradiciones y ra\u00edces culturales.\" \/>\n\t<meta name=\"robots\" content=\"max-snippet:-1, max-image-preview:large, max-video-preview:-1\" \/>\n\t<meta name=\"author\" content=\"Diana Batz\"\/>\n\t<link rel=\"canonical\" href=\"https:\/\/soymigrante.com\/revista\/ajpon-danzas-mayas-homenaje-migrantes\/\" \/>\n\t<meta name=\"generator\" content=\"All in One SEO Pro (AIOSEO) 4.9.6.2\" \/>\n\n\t\t<link rel=\"preconnect\" href=\"https:\/\/fonts.googleapis.com\" crossorigin>\n<link rel=\"preconnect\" href=\"https:\/\/fonts.gstatic.com\" crossorigin>\n\t\t<meta property=\"og:locale\" content=\"es_ES\" \/>\n\t\t<meta property=\"og:site_name\" content=\"SoyMigrante.com REVISTA \u2013 Nuestra misi\u00f3n es reconocer y dignificar al migrante.\" \/>\n\t\t<meta property=\"og:type\" content=\"article\" \/>\n\t\t<meta property=\"og:title\" content=\"Ajpon: Danzas mayas que honran a migrantes guatemaltecos\" \/>\n\t\t<meta property=\"og:description\" content=\"Descubre a Ajpon, grupo de danzas mayas que, desde Totonicap\u00e1n, rinde homenaje a migrantes guatemaltecos, exaltando tradiciones y ra\u00edces culturales.\" \/>\n\t\t<meta property=\"og:url\" content=\"https:\/\/soymigrante.com\/revista\/ajpon-danzas-mayas-homenaje-migrantes\/\" \/>\n\t\t<meta property=\"og:image\" content=\"https:\/\/soymigrante.com\/revista\/wp-content\/uploads\/2023\/08\/Grupo-de-Danza-Tradicionales-Ajpon-fundado-por-Teresa-Ramirez-dedican-un-baile-tradional-a-los-migrantes-guatemlatecos-como-recordatorio-de-sus-raices-foto-por-Omar-Menchu.webp\" \/>\n\t\t<meta property=\"og:image:secure_url\" content=\"https:\/\/soymigrante.com\/revista\/wp-content\/uploads\/2023\/08\/Grupo-de-Danza-Tradicionales-Ajpon-fundado-por-Teresa-Ramirez-dedican-un-baile-tradional-a-los-migrantes-guatemlatecos-como-recordatorio-de-sus-raices-foto-por-Omar-Menchu.webp\" \/>\n\t\t<meta property=\"og:image:width\" content=\"1920\" \/>\n\t\t<meta property=\"og:image:height\" content=\"1280\" \/>\n\t\t<meta property=\"article:published_time\" content=\"2023-08-08T05:04:31+00:00\" \/>\n\t\t<meta property=\"article:modified_time\" content=\"2024-07-31T06:33:08+00:00\" \/>\n\t\t<meta property=\"article:publisher\" content=\"https:\/\/www.facebook.com\/soymigrantecom\" \/>\n\t\t<meta name=\"twitter:card\" content=\"summary_large_image\" \/>\n\t\t<meta name=\"twitter:site\" content=\"@SoyMigrante_com\" \/>\n\t\t<meta name=\"twitter:title\" content=\"Ajpon: Danzas mayas que honran a migrantes guatemaltecos\" \/>\n\t\t<meta name=\"twitter:description\" content=\"Descubre a Ajpon, grupo de danzas mayas que, desde Totonicap\u00e1n, rinde homenaje a migrantes guatemaltecos, exaltando tradiciones y ra\u00edces culturales.\" \/>\n\t\t<meta name=\"twitter:creator\" content=\"@SoyMigrante_com\" \/>\n\t\t<meta name=\"twitter:image\" content=\"https:\/\/soymigrante.com\/revista\/wp-content\/uploads\/2023\/08\/Grupo-de-Danza-Tradicionales-Ajpon-fundado-por-Teresa-Ramirez-dedican-un-baile-tradional-a-los-migrantes-guatemlatecos-como-recordatorio-de-sus-raices-foto-por-Omar-Menchu.webp\" \/>\n\t\t<!-- All in One SEO Pro -->\r\n\t\t<title>Ajpon: Danzas mayas que honran a migrantes guatemaltecos<\/title>\n\n","aioseo_head_json":{"title":"Ajpon: Danzas mayas que honran a migrantes guatemaltecos","description":"Descubre a Ajpon, grupo de danzas mayas que, desde Totonicap\u00e1n, rinde homenaje a migrantes guatemaltecos, exaltando tradiciones y ra\u00edces culturales.","canonical_url":"https:\/\/soymigrante.com\/revista\/ajpon-danzas-mayas-homenaje-migrantes\/","robots":"max-snippet:-1, max-image-preview:large, max-video-preview:-1","keywords":"","webmasterTools":{"miscellaneous":"&lt;link rel=\"preconnect\" href=\"https:\/\/fonts.googleapis.com\" crossorigin&gt;\n&lt;link rel=\"preconnect\" href=\"https:\/\/fonts.gstatic.com\" crossorigin&gt;"},"schema":null,"og:locale":"es_ES","og:site_name":"SoyMigrante.com REVISTA \u2013 Nuestra misi\u00f3n es reconocer y dignificar al migrante.","og:type":"article","og:title":"Ajpon: Danzas mayas que honran a migrantes guatemaltecos","og:description":"Descubre a Ajpon, grupo de danzas mayas que, desde Totonicap\u00e1n, rinde homenaje a migrantes guatemaltecos, exaltando tradiciones y ra\u00edces culturales.","og:url":"https:\/\/soymigrante.com\/revista\/ajpon-danzas-mayas-homenaje-migrantes\/","og:image":"https:\/\/soymigrante.com\/revista\/wp-content\/uploads\/2023\/08\/Grupo-de-Danza-Tradicionales-Ajpon-fundado-por-Teresa-Ramirez-dedican-un-baile-tradional-a-los-migrantes-guatemlatecos-como-recordatorio-de-sus-raices-foto-por-Omar-Menchu.webp","og:image:secure_url":"https:\/\/soymigrante.com\/revista\/wp-content\/uploads\/2023\/08\/Grupo-de-Danza-Tradicionales-Ajpon-fundado-por-Teresa-Ramirez-dedican-un-baile-tradional-a-los-migrantes-guatemlatecos-como-recordatorio-de-sus-raices-foto-por-Omar-Menchu.webp","og:image:width":1920,"og:image:height":1280,"article:published_time":"2023-08-08T05:04:31+00:00","article:modified_time":"2024-07-31T06:33:08+00:00","article:publisher":"https:\/\/www.facebook.com\/soymigrantecom","twitter:card":"summary_large_image","twitter:site":"@SoyMigrante_com","twitter:title":"Ajpon: Danzas mayas que honran a migrantes guatemaltecos","twitter:description":"Descubre a Ajpon, grupo de danzas mayas que, desde Totonicap\u00e1n, rinde homenaje a migrantes guatemaltecos, exaltando tradiciones y ra\u00edces culturales.","twitter:creator":"@SoyMigrante_com","twitter:image":"https:\/\/soymigrante.com\/revista\/wp-content\/uploads\/2023\/08\/Grupo-de-Danza-Tradicionales-Ajpon-fundado-por-Teresa-Ramirez-dedican-un-baile-tradional-a-los-migrantes-guatemlatecos-como-recordatorio-de-sus-raices-foto-por-Omar-Menchu.webp"},"aioseo_meta_data":{"post_id":"2073","title":"#post_title","description":"Descubre a Ajpon, grupo de danzas mayas que, desde Totonicap\u00e1n, rinde homenaje a migrantes guatemaltecos, exaltando tradiciones y ra\u00edces culturales.","keywords":[],"keyphrases":{"focus":{"keyphrase":"mayas","score":69,"analysis":{"keyphraseInTitle":{"score":9,"maxScore":9,"error":0},"keyphraseInDescription":{"score":9,"maxScore":9,"error":0},"keyphraseLength":{"score":9,"maxScore":9,"error":0,"length":1},"keyphraseInURL":{"score":5,"maxScore":5,"error":0},"keyphraseInIntroduction":{"score":3,"maxScore":9,"error":1},"keyphraseInSubHeadings":{"score":3,"maxScore":9,"error":1},"keyphraseInImageAlt":{"score":9,"maxScore":9,"error":0},"keywordDensity":{"score":0,"type":"low","maxScore":9,"error":1}}},"additional":[]},"primary_term":null,"canonical_url":null,"og_title":null,"og_description":null,"og_object_type":"default","og_image_type":"default","og_image_url":null,"og_image_width":null,"og_image_height":null,"og_image_custom_url":null,"og_image_custom_fields":null,"og_video":"","og_custom_url":null,"og_article_section":null,"og_article_tags":[],"twitter_use_og":false,"twitter_card":"default","twitter_image_type":"default","twitter_image_url":null,"twitter_image_custom_url":null,"twitter_image_custom_fields":null,"twitter_title":null,"twitter_description":null,"schema":{"blockGraphs":[],"customGraphs":[],"default":{"data":{"Article":[],"Course":[],"Dataset":[],"FAQPage":[],"Movie":[],"Person":[],"Product":[],"ProductReview":[],"Car":[],"Recipe":[],"Service":[],"SoftwareApplication":[],"WebPage":[]},"graphName":"BlogPosting","isEnabled":true},"graphs":[]},"schema_type":"default","schema_type_options":null,"pillar_content":false,"robots_default":true,"robots_noindex":false,"robots_noarchive":false,"robots_nosnippet":false,"robots_nofollow":false,"robots_noimageindex":false,"robots_noodp":false,"robots_notranslate":false,"robots_max_snippet":"-1","robots_max_videopreview":"-1","robots_max_imagepreview":"large","priority":null,"frequency":"default","local_seo":null,"seo_analyzer_scan_date":"2025-10-08 20:13:08","breadcrumb_settings":null,"limit_modified_date":false,"reviewed_by":null,"open_ai":null,"ai":null,"created":"2023-08-18 14:44:08","updated":"2026-02-04 09:24:49"},"aioseo_breadcrumb":"<div class=\"aioseo-breadcrumbs\"><span class=\"aioseo-breadcrumb\">\n\t<a href=\"https:\/\/soymigrante.com\/revista\" title=\"Home\">Home<\/a>\n<\/span><span class=\"aioseo-breadcrumb-separator\">\u00bb<\/span><span class=\"aioseo-breadcrumb\">\n\t<a href=\"https:\/\/soymigrante.com\/revista\/category\/guate-nuestra\/\" title=\"Guate Nuestra\">Guate Nuestra<\/a>\n<\/span><span class=\"aioseo-breadcrumb-separator\">\u00bb<\/span><span class=\"aioseo-breadcrumb\">\n\tAjpon: Danzas mayas que honran a migrantes guatemaltecos\n<\/span><\/div>","aioseo_breadcrumb_json":[{"label":"Home","link":"https:\/\/soymigrante.com\/revista"},{"label":"Guate Nuestra","link":"https:\/\/soymigrante.com\/revista\/category\/guate-nuestra\/"},{"label":"Ajpon: Danzas mayas que honran a migrantes guatemaltecos","link":"https:\/\/soymigrante.com\/revista\/ajpon-danzas-mayas-homenaje-migrantes\/"}],"_links":{"self":[{"href":"https:\/\/soymigrante.com\/revista\/wp-json\/wp\/v2\/posts\/2073","targetHints":{"allow":["GET"]}}],"collection":[{"href":"https:\/\/soymigrante.com\/revista\/wp-json\/wp\/v2\/posts"}],"about":[{"href":"https:\/\/soymigrante.com\/revista\/wp-json\/wp\/v2\/types\/post"}],"author":[{"embeddable":true,"href":"https:\/\/soymigrante.com\/revista\/wp-json\/wp\/v2\/users\/10"}],"replies":[{"embeddable":true,"href":"https:\/\/soymigrante.com\/revista\/wp-json\/wp\/v2\/comments?post=2073"}],"version-history":[{"count":0,"href":"https:\/\/soymigrante.com\/revista\/wp-json\/wp\/v2\/posts\/2073\/revisions"}],"wp:featuredmedia":[{"embeddable":true,"href":"https:\/\/soymigrante.com\/revista\/wp-json\/wp\/v2\/media\/2138"}],"wp:attachment":[{"href":"https:\/\/soymigrante.com\/revista\/wp-json\/wp\/v2\/media?parent=2073"}],"wp:term":[{"taxonomy":"category","embeddable":true,"href":"https:\/\/soymigrante.com\/revista\/wp-json\/wp\/v2\/categories?post=2073"},{"taxonomy":"post_tag","embeddable":true,"href":"https:\/\/soymigrante.com\/revista\/wp-json\/wp\/v2\/tags?post=2073"}],"curies":[{"name":"wp","href":"https:\/\/api.w.org\/{rel}","templated":true}]}}