{"id":2062,"date":"2023-08-01T17:18:31","date_gmt":"2023-08-01T17:18:31","guid":{"rendered":"https:\/\/soymigrante.com\/revista\/?p=2062"},"modified":"2024-07-31T00:39:07","modified_gmt":"2024-07-31T06:39:07","slug":"programa-reunificacion-familiar-estados-unidos","status":"publish","type":"post","link":"https:\/\/soymigrante.com\/revista\/programa-reunificacion-familiar-estados-unidos\/","title":{"rendered":"EE.UU. abre plan de reunificaci\u00f3n familiar pero solo para migrantes con residencia legal"},"content":{"rendered":"\t\t<div data-elementor-type=\"wp-post\" data-elementor-id=\"2062\" class=\"elementor elementor-2062\" data-elementor-post-type=\"post\">\n\t\t\t\t\t\t<section data-particle_enable=\"false\" data-particle-mobile-disabled=\"false\" class=\"elementor-section elementor-top-section elementor-element elementor-element-b7d9cee elementor-section-boxed elementor-section-height-default elementor-section-height-default\" data-id=\"b7d9cee\" data-element_type=\"section\" data-e-type=\"section\">\n\t\t\t\t\t\t<div class=\"elementor-container elementor-column-gap-default\">\n\t\t\t\t\t<div class=\"elementor-column elementor-col-100 elementor-top-column elementor-element elementor-element-e4119a7\" data-id=\"e4119a7\" data-element_type=\"column\" data-e-type=\"column\">\n\t\t\t<div class=\"elementor-widget-wrap elementor-element-populated\">\n\t\t\t\t\t\t<div class=\"elementor-element elementor-element-10c8609 elementor-widget elementor-widget-heading\" data-id=\"10c8609\" data-element_type=\"widget\" data-e-type=\"widget\" data-widget_type=\"heading.default\">\n\t\t\t\t\t<h2 class=\"elementor-heading-title elementor-size-default\">Programa lanzado por el Departamento de Estado abarca a migrantes de cuatro pa\u00edses, entre ellos Guatemala que sean solicitados por residentes legales. No se tramitar\u00e1n pases a quienes est\u00e9n ilegalmente en suelo estadounidense.<\/h2>\t\t\t\t<\/div>\n\t\t\t\t\t<\/div>\n\t\t<\/div>\n\t\t\t\t\t<\/div>\n\t\t<\/section>\n\t\t\t\t<section data-particle_enable=\"false\" data-particle-mobile-disabled=\"false\" class=\"elementor-section elementor-top-section elementor-element elementor-element-6a109b5 elementor-section-boxed elementor-section-height-default elementor-section-height-default\" data-id=\"6a109b5\" data-element_type=\"section\" data-e-type=\"section\">\n\t\t\t\t\t\t<div class=\"elementor-container elementor-column-gap-default\">\n\t\t\t\t\t<div class=\"elementor-column elementor-col-100 elementor-top-column elementor-element elementor-element-e114421\" data-id=\"e114421\" data-element_type=\"column\" data-e-type=\"column\">\n\t\t\t<div class=\"elementor-widget-wrap elementor-element-populated\">\n\t\t\t\t\t\t<div class=\"elementor-element elementor-element-50afb4e elementor-widget elementor-widget-text-editor\" data-id=\"50afb4e\" data-element_type=\"widget\" data-e-type=\"widget\" data-widget_type=\"text-editor.default\">\n\t\t\t\t\t\t\t\t\t<p><b>Por Fernando Castro, experto guatemalteco en migraci\u00f3n<br>Imagen ilustrativa: Instalaci\u00f3n del artista franc\u00e9s JR en la frontera M\u00e9xico-EEUU<\/b><\/p>\n<p>A partir del 31 de julio de 2023 el Departamento de Estado de los Estados Unidos&nbsp; reactiv\u00f3 el llamado Programa de Reunificaci\u00f3n Familiar (FRP) por lo que el Centro Nacional de Visas (NVC) comenzar\u00e1 el env\u00edo de invitaciones para el patrocinio de inmigrantes de personas originarias de Colombia, El Salvador, Guatemala y Honduras.<\/p>\n<p>Los procesos de FRP est\u00e1n disponibles<b> \u00fanicamente por invitaci\u00f3n<\/b>, para ciertos peticionarios cuyo Formulario I-130, Petici\u00f3n para Familiar Extranjero, presentado a nombre de un beneficiario principal que sea&nbsp; de nacionalidad colombiana calvadore\u00f1a, guatemalteca u hondure\u00f1a, haya sido aprobado.<\/p>\n<p>El objetivo del plan de reunificaci\u00f3n familiar humanitario y busca reducir la inmigraci\u00f3n irregular, as\u00ed como el tr\u00e1nsito de menores no acompa\u00f1ados.&nbsp;Las personas beneficiadas podr\u00edan ser elegibles para una Green Card temporal, dependiendo el an\u00e1lisis que se realice de cada caso. <b>La invitaci\u00f3n no es una garant\u00eda,<\/b> pero puede dar inicio un proceso.<\/p>\t\t\t\t\t\t\t\t<\/div>\n\t\t\t\t\t<\/div>\n\t\t<\/div>\n\t\t\t\t\t<\/div>\n\t\t<\/section>\n\t\t\t\t<section data-particle_enable=\"false\" data-particle-mobile-disabled=\"false\" class=\"elementor-section elementor-top-section elementor-element elementor-element-3c00e86 elementor-section-boxed elementor-section-height-default elementor-section-height-default\" data-id=\"3c00e86\" data-element_type=\"section\" data-e-type=\"section\">\n\t\t\t\t\t\t<div class=\"elementor-container elementor-column-gap-default\">\n\t\t\t\t\t<div class=\"elementor-column elementor-col-100 elementor-top-column elementor-element elementor-element-3b5b94c\" data-id=\"3b5b94c\" data-element_type=\"column\" data-e-type=\"column\">\n\t\t\t<div class=\"elementor-widget-wrap elementor-element-populated\">\n\t\t\t\t\t\t<div class=\"elementor-element elementor-element-9646df1 elementor-widget elementor-widget-image\" data-id=\"9646df1\" data-element_type=\"widget\" data-e-type=\"widget\" data-widget_type=\"image.default\">\n\t\t\t\t\t\t\t\t\t\t\t\t<figure class=\"wp-caption\">\n\t\t\t\t\t\t\t\t\t\t<img fetchpriority=\"high\" decoding=\"async\" width=\"768\" height=\"512\" src=\"https:\/\/soymigrante.com\/revista\/wp-content\/uploads\/2023\/08\/CBP-1024x683.webp\" class=\"attachment-large size-large wp-image-2063\" alt=\"Migrantes que hayan ingresado ilegalmente a Estados Unidos no ser\u00e1n elegibles para esta modalidad de reunificaci\u00f3n. La invitaci\u00f3n se debe esperar en el pa\u00eds de origen.\" srcset=\"https:\/\/soymigrante.com\/revista\/wp-content\/uploads\/2023\/08\/CBP-1024x683.webp 1024w, https:\/\/soymigrante.com\/revista\/wp-content\/uploads\/2023\/08\/CBP-300x200.webp 300w, https:\/\/soymigrante.com\/revista\/wp-content\/uploads\/2023\/08\/CBP-768x512.webp 768w, https:\/\/soymigrante.com\/revista\/wp-content\/uploads\/2023\/08\/CBP-750x500.webp 750w, https:\/\/soymigrante.com\/revista\/wp-content\/uploads\/2023\/08\/CBP-1140x760.webp 1140w, https:\/\/soymigrante.com\/revista\/wp-content\/uploads\/2023\/08\/CBP-600x400.webp 600w, https:\/\/soymigrante.com\/revista\/wp-content\/uploads\/2023\/08\/CBP.webp 1200w\" sizes=\"(max-width: 768px) 100vw, 768px\" title=\"Migrantes que hayan ingresado ilegalmente a Estados Unidos no ser\u00e1n elegibles para esta modalidad de reunificaci\u00f3n. La invitaci\u00f3n se debe esperar en el pa\u00eds de origen. \u2013 SoyMigrante.com REVISTA\" \/>\t\t\t\t\t\t\t\t\t\t\t<figcaption class=\"widget-image-caption wp-caption-text\">Migrantes que hayan ingresado ilegalmente a Estados Unidos no ser\u00e1n elegibles para esta modalidad de reunificaci\u00f3n. La invitaci\u00f3n se debe esperar en el pa\u00eds de origen. (Foto CBP)<\/figcaption>\n\t\t\t\t\t\t\t\t\t\t<\/figure>\n\t\t\t\t\t\t\t\t\t<\/div>\n\t\t\t\t\t<\/div>\n\t\t<\/div>\n\t\t\t\t\t<\/div>\n\t\t<\/section>\n\t\t\t\t<section data-particle_enable=\"false\" data-particle-mobile-disabled=\"false\" class=\"elementor-section elementor-top-section elementor-element elementor-element-16e750b elementor-section-boxed elementor-section-height-default elementor-section-height-default\" data-id=\"16e750b\" data-element_type=\"section\" data-e-type=\"section\">\n\t\t\t\t\t\t<div class=\"elementor-container elementor-column-gap-default\">\n\t\t\t\t\t<div class=\"elementor-column elementor-col-100 elementor-top-column elementor-element elementor-element-d9a640e\" data-id=\"d9a640e\" data-element_type=\"column\" data-e-type=\"column\">\n\t\t\t<div class=\"elementor-widget-wrap elementor-element-populated\">\n\t\t\t\t\t\t<div class=\"elementor-element elementor-element-6beab08 elementor-widget elementor-widget-heading\" data-id=\"6beab08\" data-element_type=\"widget\" data-e-type=\"widget\" data-widget_type=\"heading.default\">\n\t\t\t\t\t<h2 class=\"elementor-heading-title elementor-size-default\">Este programa no es ning\u00fan permiso para entrada ilegal<\/h2>\t\t\t\t<\/div>\n\t\t\t\t\t<\/div>\n\t\t<\/div>\n\t\t\t\t\t<\/div>\n\t\t<\/section>\n\t\t\t\t<section data-particle_enable=\"false\" data-particle-mobile-disabled=\"false\" class=\"elementor-section elementor-top-section elementor-element elementor-element-c0c392b elementor-section-boxed elementor-section-height-default elementor-section-height-default\" data-id=\"c0c392b\" data-element_type=\"section\" data-e-type=\"section\">\n\t\t\t\t\t\t<div class=\"elementor-container elementor-column-gap-default\">\n\t\t\t\t\t<div class=\"elementor-column elementor-col-100 elementor-top-column elementor-element elementor-element-07cb104\" data-id=\"07cb104\" data-element_type=\"column\" data-e-type=\"column\">\n\t\t\t<div class=\"elementor-widget-wrap elementor-element-populated\">\n\t\t\t\t\t\t<div class=\"elementor-element elementor-element-22be63f elementor-widget elementor-widget-text-editor\" data-id=\"22be63f\" data-element_type=\"widget\" data-e-type=\"widget\" data-widget_type=\"text-editor.default\">\n\t\t\t\t\t\t\t\t\t<p><span style=\"background-color: var(--ak-bg-color);\">Este programa de reunificaci\u00f3n es una posibilidad, para que por la v\u00eda\u00a0 legal, algunas familias puedan tener la oportunidad de reunificar con sus familiares residentes legalmente en EE.UU. Eso en lugar de realizar el pago a coyotes, y enfrentar un viaje sumamente peligroso, en el que pueden perder la vida, esperar muchos a\u00f1os para reunirse con familiares cualificados o luego de alcanzar la frontera sur sean retornados a los pa\u00edses, en peores condiciones de pobreza y pobreza extrema por las deudas adquiridas para costear el viaje infructuoso.<\/span><\/p><p><span style=\"color: var( --e-global-color-text ); background-color: var(--ak-bg-color);\">Si una persona que tenga familiares residentes legalmente en EE.UU . intenta ingresara dicho pa\u00eds sin documentos, ser\u00e1 deportada y enfrentar\u00e1 un castigo de cinco a\u00f1os. Esto le impedir\u00e1 regresar o efectuar cualquier solicitud. Y si lo hacen pueden enfrentar un proceso penal con c\u00e1rcel hasta por 10 a\u00f1os y nunca recibir un beneficio migratorio que fuera otorgado.<\/span><\/p><p>El programa funciona solo por invitaci\u00f3n. Es decir si una persona residente legal solicita o ha solicitado a un familiar,\u00a0 recibir\u00e1 la invitaci\u00f3n por correo o correo electr\u00f3nico con las indicaciones correspondientes.<\/p><p>La persona que solicita,\u00a0 debe recibir una invitaci\u00f3n antes de poder enviar el\u00a0<a href=\"https:\/\/www.uscis.gov\/es\/i-134a\" target=\"_blank\" rel=\"noopener\">Formulario I-134A<\/a>; solicitud en L\u00ednea para Convertirse en Persona de Apoyo y Declaraci\u00f3n de Apoyo Financiero, bajo los procesos de FRP.<\/p><p>Se dio a conocer por parte de USCIS, que se pondr\u00e1 en servicio una herramienta en l\u00ednea en la p\u00e1gina web Procesos de FRP, para dar seguimiento a estos casos en particular.<\/p><p><b>Nota: Cada caso se eval\u00faa de manera individual y la solicitud no implica necesariamente la resoluci\u00f3n favorable. Se recomienda contar con la asesor\u00eda de un abogado migratorio.<\/b><\/p>\t\t\t\t\t\t\t\t<\/div>\n\t\t\t\t\t<\/div>\n\t\t<\/div>\n\t\t\t\t\t<\/div>\n\t\t<\/section>\n\t\t\t\t<section data-particle_enable=\"false\" data-particle-mobile-disabled=\"false\" class=\"elementor-section elementor-top-section elementor-element elementor-element-1688b5a elementor-section-boxed elementor-section-height-default elementor-section-height-default\" data-id=\"1688b5a\" data-element_type=\"section\" data-e-type=\"section\">\n\t\t\t\t\t\t<div class=\"elementor-container elementor-column-gap-default\">\n\t\t\t\t\t<div class=\"elementor-column elementor-col-100 elementor-top-column elementor-element elementor-element-8182177\" data-id=\"8182177\" data-element_type=\"column\" data-e-type=\"column\">\n\t\t\t<div class=\"elementor-widget-wrap elementor-element-populated\">\n\t\t\t\t\t\t<div class=\"elementor-element elementor-element-c883bad elementor-align-center elementor-widget elementor-widget-button\" data-id=\"c883bad\" data-element_type=\"widget\" data-e-type=\"widget\" data-widget_type=\"button.default\">\n\t\t\t\t\t\t\t\t\t\t<a class=\"elementor-button elementor-button-link elementor-size-lg\" href=\"https:\/\/www.uscis.gov\/es\/i-134a\" target=\"_blank\">\n\t\t\t\t\t\t<span class=\"elementor-button-content-wrapper\">\n\t\t\t\t\t\t\t\t\t<span class=\"elementor-button-text\">Formulario I-134A para apoyar la solicitud de un familiar<\/span>\n\t\t\t\t\t<\/span>\n\t\t\t\t\t<\/a>\n\t\t\t\t\t\t\t\t<\/div>\n\t\t\t\t\t<\/div>\n\t\t<\/div>\n\t\t\t\t\t<\/div>\n\t\t<\/section>\n\t\t\t\t<section data-particle_enable=\"false\" data-particle-mobile-disabled=\"false\" class=\"elementor-section elementor-top-section elementor-element elementor-element-62a5b9c elementor-section-boxed elementor-section-height-default elementor-section-height-default\" data-id=\"62a5b9c\" data-element_type=\"section\" data-e-type=\"section\">\n\t\t\t\t\t\t<div class=\"elementor-container elementor-column-gap-default\">\n\t\t\t\t\t<div class=\"elementor-column elementor-col-100 elementor-top-column elementor-element elementor-element-432d02d\" data-id=\"432d02d\" data-element_type=\"column\" data-e-type=\"column\">\n\t\t\t<div class=\"elementor-widget-wrap elementor-element-populated\">\n\t\t\t\t\t\t<div class=\"elementor-element elementor-element-18ef69f elementor-align-center elementor-widget elementor-widget-button\" data-id=\"18ef69f\" data-element_type=\"widget\" data-e-type=\"widget\" data-widget_type=\"button.default\">\n\t\t\t\t\t\t\t\t\t\t<a class=\"elementor-button elementor-button-link elementor-size-lg\" href=\"https:\/\/travel.state.gov\/content\/travel\/en\/us-visas\/visa-information-resources\/ask-nvc.html\">\n\t\t\t\t\t\t<span class=\"elementor-button-content-wrapper\">\n\t\t\t\t\t\t\t\t\t<span class=\"elementor-button-text\">Sitio para seguimiento a solicitud e informaci\u00f3n de contacto<\/span>\n\t\t\t\t\t<\/span>\n\t\t\t\t\t<\/a>\n\t\t\t\t\t\t\t\t<\/div>\n\t\t\t\t\t<\/div>\n\t\t<\/div>\n\t\t\t\t\t<\/div>\n\t\t<\/section>\n\t\t\t\t<section data-particle_enable=\"false\" data-particle-mobile-disabled=\"false\" class=\"elementor-section elementor-top-section elementor-element elementor-element-afcf592 elementor-section-boxed elementor-section-height-default elementor-section-height-default\" data-id=\"afcf592\" data-element_type=\"section\" data-e-type=\"section\">\n\t\t\t\t\t\t<div class=\"elementor-container elementor-column-gap-default\">\n\t\t\t\t\t<div class=\"elementor-column elementor-col-100 elementor-top-column elementor-element elementor-element-6156ab7\" data-id=\"6156ab7\" data-element_type=\"column\" data-e-type=\"column\">\n\t\t\t<div class=\"elementor-widget-wrap elementor-element-populated\">\n\t\t\t\t\t\t<div class=\"elementor-element elementor-element-79c0e24 elementor-widget elementor-widget-image\" data-id=\"79c0e24\" data-element_type=\"widget\" data-e-type=\"widget\" data-widget_type=\"image.default\">\n\t\t\t\t\t\t\t\t\t\t\t\t<figure class=\"wp-caption\">\n\t\t\t\t\t\t\t\t\t\t<img decoding=\"async\" width=\"768\" height=\"524\" src=\"https:\/\/soymigrante.com\/revista\/wp-content\/uploads\/2023\/08\/Captura-de-pantalla-2023-08-01-103106.webp\" class=\"attachment-large size-large wp-image-2065\" alt=\"\" srcset=\"https:\/\/soymigrante.com\/revista\/wp-content\/uploads\/2023\/08\/Captura-de-pantalla-2023-08-01-103106.webp 978w, https:\/\/soymigrante.com\/revista\/wp-content\/uploads\/2023\/08\/Captura-de-pantalla-2023-08-01-103106-300x205.webp 300w, https:\/\/soymigrante.com\/revista\/wp-content\/uploads\/2023\/08\/Captura-de-pantalla-2023-08-01-103106-768x524.webp 768w, https:\/\/soymigrante.com\/revista\/wp-content\/uploads\/2023\/08\/Captura-de-pantalla-2023-08-01-103106-750x512.webp 750w\" sizes=\"(max-width: 768px) 100vw, 768px\" title=\"Captura de pantalla 2023-08-01 103106 \u2013 SoyMigrante.com REVISTA\" \/>\t\t\t\t\t\t\t\t\t\t\t<figcaption class=\"widget-image-caption wp-caption-text\">El Departamento de Estado reitera que el programa humanitario de reunificaci\u00f3n NO es ningun permiso para la migraci\u00f3n ilegal. Quienes llegen ilegalmente a suelo estadounidense ser\u00e1n detenidos y deportados. El programa solo es para residentes legales que deseen solicitar a sus familares y no todos los casos tendr\u00e1n respuesta afirmativa.<\/figcaption>\n\t\t\t\t\t\t\t\t\t\t<\/figure>\n\t\t\t\t\t\t\t\t\t<\/div>\n\t\t\t\t\t<\/div>\n\t\t<\/div>\n\t\t\t\t\t<\/div>\n\t\t<\/section>\n\t\t\t\t<\/div>\n\t\t","protected":false},"excerpt":{"rendered":"<p>Programa lanzado por el Departamento de Estado abarca a migrantes de cuatro pa\u00edses, entre ellos Guatemala que sean solicitados por residentes legales. No se tramitar\u00e1n pases a quienes est\u00e9n ilegalmente en suelo estadounidense. Por Fernando Castro, experto guatemalteco en migraci\u00f3n Imagen ilustrativa: Instalaci\u00f3n del artista franc\u00e9s JR en la frontera M\u00e9xico-EEUU A partir del 31 [&hellip;]<\/p>\n","protected":false},"author":1,"featured_media":2066,"comment_status":"open","ping_status":"open","sticky":false,"template":"","format":"standard","meta":{"_acf_changed":false,"_eb_attr":"","footnotes":""},"categories":[54],"tags":[],"class_list":["post-2062","post","type-post","status-publish","format-standard","has-post-thumbnail","hentry","category-estamos-unidos"],"acf":[],"aioseo_notices":[],"aioseo_head":"\n\t\t<!-- All in One SEO Pro 4.9.6.2 - aioseo.com -->\n\t<meta name=\"description\" content=\"EE.UU. busca reducir la inmigraci\u00f3n irregular y promover la reunificaci\u00f3n legal con el relanzamiento del programa FRP para residentes legales.\" \/>\n\t<meta name=\"robots\" content=\"max-snippet:-1, max-image-preview:large, max-video-preview:-1\" \/>\n\t<meta name=\"author\" content=\"SoyMigrante.com REVISTA\"\/>\n\t<link rel=\"canonical\" href=\"https:\/\/soymigrante.com\/revista\/programa-reunificacion-familiar-estados-unidos\/\" \/>\n\t<meta name=\"generator\" content=\"All in One SEO Pro (AIOSEO) 4.9.6.2\" \/>\n\n\t\t<link rel=\"preconnect\" href=\"https:\/\/fonts.googleapis.com\" crossorigin>\n<link rel=\"preconnect\" href=\"https:\/\/fonts.gstatic.com\" crossorigin>\n\t\t<meta property=\"og:locale\" content=\"es_ES\" \/>\n\t\t<meta property=\"og:site_name\" content=\"SoyMigrante.com REVISTA \u2013 Nuestra misi\u00f3n es reconocer y dignificar al migrante.\" \/>\n\t\t<meta property=\"og:type\" content=\"article\" \/>\n\t\t<meta property=\"og:title\" content=\"EE.UU. abre plan de reunificaci\u00f3n familiar pero solo para migrantes con residencia legal\" \/>\n\t\t<meta property=\"og:description\" content=\"EE.UU. busca reducir la inmigraci\u00f3n irregular y promover la reunificaci\u00f3n legal con el relanzamiento del programa FRP para residentes legales.\" \/>\n\t\t<meta property=\"og:url\" content=\"https:\/\/soymigrante.com\/revista\/programa-reunificacion-familiar-estados-unidos\/\" \/>\n\t\t<meta property=\"og:image\" content=\"https:\/\/soymigrante.com\/revista\/wp-content\/uploads\/2023\/08\/Captura-de-pantalla-2023-08-01-111151.webp\" \/>\n\t\t<meta property=\"og:image:secure_url\" content=\"https:\/\/soymigrante.com\/revista\/wp-content\/uploads\/2023\/08\/Captura-de-pantalla-2023-08-01-111151.webp\" \/>\n\t\t<meta property=\"og:image:width\" content=\"1428\" \/>\n\t\t<meta property=\"og:image:height\" content=\"682\" \/>\n\t\t<meta property=\"article:published_time\" content=\"2023-08-01T17:18:31+00:00\" \/>\n\t\t<meta property=\"article:modified_time\" content=\"2024-07-31T06:39:07+00:00\" \/>\n\t\t<meta property=\"article:publisher\" content=\"https:\/\/www.facebook.com\/soymigrantecom\" \/>\n\t\t<meta name=\"twitter:card\" content=\"summary_large_image\" \/>\n\t\t<meta name=\"twitter:site\" content=\"@SoyMigrante_com\" \/>\n\t\t<meta name=\"twitter:title\" content=\"EE.UU. abre plan de reunificaci\u00f3n familiar pero solo para migrantes con residencia legal\" \/>\n\t\t<meta name=\"twitter:description\" content=\"EE.UU. busca reducir la inmigraci\u00f3n irregular y promover la reunificaci\u00f3n legal con el relanzamiento del programa FRP para residentes legales.\" \/>\n\t\t<meta name=\"twitter:creator\" content=\"@SoyMigrante_com\" \/>\n\t\t<meta name=\"twitter:image\" content=\"https:\/\/soymigrante.com\/revista\/wp-content\/uploads\/2023\/08\/Captura-de-pantalla-2023-08-01-111151.webp\" \/>\n\t\t<!-- All in One SEO Pro -->\r\n\t\t<title>EE.UU. abre plan de reunificaci\u00f3n familiar pero solo para migrantes con residencia legal<\/title>\n\n","aioseo_head_json":{"title":"EE.UU. abre plan de reunificaci\u00f3n familiar pero solo para migrantes con residencia legal","description":"EE.UU. busca reducir la inmigraci\u00f3n irregular y promover la reunificaci\u00f3n legal con el relanzamiento del programa FRP para residentes legales.","canonical_url":"https:\/\/soymigrante.com\/revista\/programa-reunificacion-familiar-estados-unidos\/","robots":"max-snippet:-1, max-image-preview:large, max-video-preview:-1","keywords":"","webmasterTools":{"miscellaneous":"&lt;link rel=\"preconnect\" href=\"https:\/\/fonts.googleapis.com\" crossorigin&gt;\n&lt;link rel=\"preconnect\" href=\"https:\/\/fonts.gstatic.com\" crossorigin&gt;"},"schema":null,"og:locale":"es_ES","og:site_name":"SoyMigrante.com REVISTA \u2013 Nuestra misi\u00f3n es reconocer y dignificar al migrante.","og:type":"article","og:title":"EE.UU. abre plan de reunificaci\u00f3n familiar pero solo para migrantes con residencia legal","og:description":"EE.UU. busca reducir la inmigraci\u00f3n irregular y promover la reunificaci\u00f3n legal con el relanzamiento del programa FRP para residentes legales.","og:url":"https:\/\/soymigrante.com\/revista\/programa-reunificacion-familiar-estados-unidos\/","og:image":"https:\/\/soymigrante.com\/revista\/wp-content\/uploads\/2023\/08\/Captura-de-pantalla-2023-08-01-111151.webp","og:image:secure_url":"https:\/\/soymigrante.com\/revista\/wp-content\/uploads\/2023\/08\/Captura-de-pantalla-2023-08-01-111151.webp","og:image:width":1428,"og:image:height":682,"article:published_time":"2023-08-01T17:18:31+00:00","article:modified_time":"2024-07-31T06:39:07+00:00","article:publisher":"https:\/\/www.facebook.com\/soymigrantecom","twitter:card":"summary_large_image","twitter:site":"@SoyMigrante_com","twitter:title":"EE.UU. abre plan de reunificaci\u00f3n familiar pero solo para migrantes con residencia legal","twitter:description":"EE.UU. busca reducir la inmigraci\u00f3n irregular y promover la reunificaci\u00f3n legal con el relanzamiento del programa FRP para residentes legales.","twitter:creator":"@SoyMigrante_com","twitter:image":"https:\/\/soymigrante.com\/revista\/wp-content\/uploads\/2023\/08\/Captura-de-pantalla-2023-08-01-111151.webp"},"aioseo_meta_data":{"post_id":"2062","title":"#post_title","description":"EE.UU. busca reducir la inmigraci\u00f3n irregular y promover la reunificaci\u00f3n legal con el relanzamiento del programa FRP para residentes legales.","keywords":[],"keyphrases":{"focus":{"keyphrase":"reunificaci\u00f3n","score":82,"analysis":{"keyphraseInTitle":{"score":9,"maxScore":9,"error":0},"keyphraseInDescription":{"score":9,"maxScore":9,"error":0},"keyphraseLength":{"score":9,"maxScore":9,"error":0,"length":2},"keyphraseInURL":{"score":5,"maxScore":5,"error":0},"keyphraseInIntroduction":{"score":3,"maxScore":9,"error":1},"keyphraseInSubHeadings":{"score":3,"maxScore":9,"error":1},"keyphraseInImageAlt":{"score":9,"maxScore":9,"error":0},"keywordDensity":{"type":"best","score":9,"maxScore":9,"error":0}}},"additional":[]},"primary_term":null,"canonical_url":null,"og_title":null,"og_description":null,"og_object_type":"default","og_image_type":"default","og_image_url":null,"og_image_width":null,"og_image_height":null,"og_image_custom_url":null,"og_image_custom_fields":null,"og_video":"","og_custom_url":null,"og_article_section":null,"og_article_tags":[],"twitter_use_og":false,"twitter_card":"default","twitter_image_type":"default","twitter_image_url":null,"twitter_image_custom_url":null,"twitter_image_custom_fields":null,"twitter_title":null,"twitter_description":null,"schema":{"blockGraphs":[],"customGraphs":[],"default":{"data":{"Article":[],"Course":[],"Dataset":[],"FAQPage":[],"Movie":[],"Person":[],"Product":[],"ProductReview":[],"Car":[],"Recipe":[],"Service":[],"SoftwareApplication":[],"WebPage":[]},"graphName":"BlogPosting","isEnabled":true},"graphs":[]},"schema_type":"default","schema_type_options":null,"pillar_content":false,"robots_default":true,"robots_noindex":false,"robots_noarchive":false,"robots_nosnippet":false,"robots_nofollow":false,"robots_noimageindex":false,"robots_noodp":false,"robots_notranslate":false,"robots_max_snippet":"-1","robots_max_videopreview":"-1","robots_max_imagepreview":"large","priority":null,"frequency":"default","local_seo":null,"seo_analyzer_scan_date":"2025-10-08 20:11:20","breadcrumb_settings":null,"limit_modified_date":false,"reviewed_by":null,"open_ai":null,"ai":null,"created":"2023-08-18 14:42:46","updated":"2026-02-04 09:24:49"},"aioseo_breadcrumb":"<div class=\"aioseo-breadcrumbs\"><span class=\"aioseo-breadcrumb\">\n\t<a href=\"https:\/\/soymigrante.com\/revista\" title=\"Home\">Home<\/a>\n<\/span><span class=\"aioseo-breadcrumb-separator\">\u00bb<\/span><span class=\"aioseo-breadcrumb\">\n\t<a href=\"https:\/\/soymigrante.com\/revista\/category\/estamos-unidos\/\" title=\"Estamos Unidos\">Estamos Unidos<\/a>\n<\/span><span class=\"aioseo-breadcrumb-separator\">\u00bb<\/span><span class=\"aioseo-breadcrumb\">\n\tEE.UU. abre plan de reunificaci\u00f3n familiar pero solo para migrantes con residencia legal\n<\/span><\/div>","aioseo_breadcrumb_json":[{"label":"Home","link":"https:\/\/soymigrante.com\/revista"},{"label":"Estamos Unidos","link":"https:\/\/soymigrante.com\/revista\/category\/estamos-unidos\/"},{"label":"EE.UU. abre plan de reunificaci\u00f3n familiar pero solo para migrantes con residencia legal","link":"https:\/\/soymigrante.com\/revista\/programa-reunificacion-familiar-estados-unidos\/"}],"_links":{"self":[{"href":"https:\/\/soymigrante.com\/revista\/wp-json\/wp\/v2\/posts\/2062","targetHints":{"allow":["GET"]}}],"collection":[{"href":"https:\/\/soymigrante.com\/revista\/wp-json\/wp\/v2\/posts"}],"about":[{"href":"https:\/\/soymigrante.com\/revista\/wp-json\/wp\/v2\/types\/post"}],"author":[{"embeddable":true,"href":"https:\/\/soymigrante.com\/revista\/wp-json\/wp\/v2\/users\/1"}],"replies":[{"embeddable":true,"href":"https:\/\/soymigrante.com\/revista\/wp-json\/wp\/v2\/comments?post=2062"}],"version-history":[{"count":0,"href":"https:\/\/soymigrante.com\/revista\/wp-json\/wp\/v2\/posts\/2062\/revisions"}],"wp:featuredmedia":[{"embeddable":true,"href":"https:\/\/soymigrante.com\/revista\/wp-json\/wp\/v2\/media\/2066"}],"wp:attachment":[{"href":"https:\/\/soymigrante.com\/revista\/wp-json\/wp\/v2\/media?parent=2062"}],"wp:term":[{"taxonomy":"category","embeddable":true,"href":"https:\/\/soymigrante.com\/revista\/wp-json\/wp\/v2\/categories?post=2062"},{"taxonomy":"post_tag","embeddable":true,"href":"https:\/\/soymigrante.com\/revista\/wp-json\/wp\/v2\/tags?post=2062"}],"curies":[{"name":"wp","href":"https:\/\/api.w.org\/{rel}","templated":true}]}}