{"id":2060,"date":"2023-08-04T00:07:43","date_gmt":"2023-08-04T00:07:43","guid":{"rendered":"https:\/\/soymigrante.com\/revista\/?p=2060"},"modified":"2024-07-31T05:28:56","modified_gmt":"2024-07-31T11:28:56","slug":"edgar-gutierrez-migrante-guatemalteco-productor-musical","status":"publish","type":"post","link":"https:\/\/soymigrante.com\/revista\/edgar-gutierrez-migrante-guatemalteco-productor-musical\/","title":{"rendered":"Edgar Guti\u00e9rrez: De migrante a productor musical en Guatemala"},"content":{"rendered":"\t\t<div data-elementor-type=\"wp-post\" data-elementor-id=\"2060\" class=\"elementor elementor-2060\" data-elementor-post-type=\"post\">\n\t\t\t\t\t\t<section data-particle_enable=\"false\" data-particle-mobile-disabled=\"false\" class=\"elementor-section elementor-top-section elementor-element elementor-element-a332acf elementor-section-boxed elementor-section-height-default elementor-section-height-default\" data-id=\"a332acf\" data-element_type=\"section\" data-e-type=\"section\">\n\t\t\t\t\t\t<div class=\"elementor-container elementor-column-gap-default\">\n\t\t\t\t\t<div class=\"elementor-column elementor-col-100 elementor-top-column elementor-element elementor-element-b0e436c\" data-id=\"b0e436c\" data-element_type=\"column\" data-e-type=\"column\">\n\t\t\t<div class=\"elementor-widget-wrap elementor-element-populated\">\n\t\t\t\t\t\t<div class=\"elementor-element elementor-element-e058979 elementor-widget elementor-widget-heading\" data-id=\"e058979\" data-element_type=\"widget\" data-e-type=\"widget\" data-widget_type=\"heading.default\">\n\t\t\t\t\t<h1 class=\"elementor-heading-title elementor-size-default\">El migrante Edgar Guti\u00e9rrez trabaj\u00f3 muy duro en Estados Unidos pero regres\u00f3 a Guatemala para buscar su gran sue\u00f1o: fundar un estudio de producci\u00f3n musical.<\/h1>\t\t\t\t<\/div>\n\t\t\t\t\t<\/div>\n\t\t<\/div>\n\t\t\t\t\t<\/div>\n\t\t<\/section>\n\t\t\t\t<section data-particle_enable=\"false\" data-particle-mobile-disabled=\"false\" class=\"elementor-section elementor-top-section elementor-element elementor-element-7bfc5f1 elementor-section-boxed elementor-section-height-default elementor-section-height-default\" data-id=\"7bfc5f1\" data-element_type=\"section\" data-e-type=\"section\">\n\t\t\t\t\t\t<div class=\"elementor-container elementor-column-gap-default\">\n\t\t\t\t\t<div class=\"elementor-column elementor-col-100 elementor-top-column elementor-element elementor-element-08404a0\" data-id=\"08404a0\" data-element_type=\"column\" data-e-type=\"column\">\n\t\t\t<div class=\"elementor-widget-wrap elementor-element-populated\">\n\t\t\t\t\t\t<div class=\"elementor-element elementor-element-49cad33 elementor-widget elementor-widget-image\" data-id=\"49cad33\" data-element_type=\"widget\" data-e-type=\"widget\" data-widget_type=\"image.default\">\n\t\t\t\t\t\t\t\t\t\t\t\t<figure class=\"wp-caption\">\n\t\t\t\t\t\t\t\t\t\t<img fetchpriority=\"high\" decoding=\"async\" width=\"768\" height=\"512\" src=\"https:\/\/soymigrante.com\/revista\/wp-content\/uploads\/2023\/07\/Edgar-es-musico-y-productor-talento-que-desarrollo-desde-muy-pequeno-1024x683.webp\" class=\"attachment-large size-large wp-image-1941\" alt=\"Edgar es musico y productor, talento que desarrollo desde muy peque\u00f1o\" srcset=\"https:\/\/soymigrante.com\/revista\/wp-content\/uploads\/2023\/07\/Edgar-es-musico-y-productor-talento-que-desarrollo-desde-muy-pequeno-1024x683.webp 1024w, https:\/\/soymigrante.com\/revista\/wp-content\/uploads\/2023\/07\/Edgar-es-musico-y-productor-talento-que-desarrollo-desde-muy-pequeno-300x200.webp 300w, https:\/\/soymigrante.com\/revista\/wp-content\/uploads\/2023\/07\/Edgar-es-musico-y-productor-talento-que-desarrollo-desde-muy-pequeno-768x512.webp 768w, https:\/\/soymigrante.com\/revista\/wp-content\/uploads\/2023\/07\/Edgar-es-musico-y-productor-talento-que-desarrollo-desde-muy-pequeno-1536x1024.webp 1536w, https:\/\/soymigrante.com\/revista\/wp-content\/uploads\/2023\/07\/Edgar-es-musico-y-productor-talento-que-desarrollo-desde-muy-pequeno-scaled.webp 1920w, https:\/\/soymigrante.com\/revista\/wp-content\/uploads\/2023\/07\/Edgar-es-musico-y-productor-talento-que-desarrollo-desde-muy-pequeno-750x500.webp 750w, https:\/\/soymigrante.com\/revista\/wp-content\/uploads\/2023\/07\/Edgar-es-musico-y-productor-talento-que-desarrollo-desde-muy-pequeno-1140x760.webp 1140w, https:\/\/soymigrante.com\/revista\/wp-content\/uploads\/2023\/07\/Edgar-es-musico-y-productor-talento-que-desarrollo-desde-muy-pequeno-600x400.webp 600w\" sizes=\"(max-width: 768px) 100vw, 768px\" title=\"Edgar es musico y productor, talento que desarrollo desde muy peque\u00f1o \u2013 SoyMigrante.com REVISTA\" \/>\t\t\t\t\t\t\t\t\t\t\t<figcaption class=\"widget-image-caption wp-caption-text\">Edgar es musico y productor, talento que desarrollo desde muy peque\u00f1o<\/figcaption>\n\t\t\t\t\t\t\t\t\t\t<\/figure>\n\t\t\t\t\t\t\t\t\t<\/div>\n\t\t\t\t\t<\/div>\n\t\t<\/div>\n\t\t\t\t\t<\/div>\n\t\t<\/section>\n\t\t\t\t<section data-particle_enable=\"false\" data-particle-mobile-disabled=\"false\" class=\"elementor-section elementor-top-section elementor-element elementor-element-8b2b78f elementor-section-boxed elementor-section-height-default elementor-section-height-default\" data-id=\"8b2b78f\" data-element_type=\"section\" data-e-type=\"section\">\n\t\t\t\t\t\t<div class=\"elementor-container elementor-column-gap-default\">\n\t\t\t\t\t<div class=\"elementor-column elementor-col-100 elementor-top-column elementor-element elementor-element-69a9474\" data-id=\"69a9474\" data-element_type=\"column\" data-e-type=\"column\">\n\t\t\t<div class=\"elementor-widget-wrap elementor-element-populated\">\n\t\t\t\t\t\t<div class=\"elementor-element elementor-element-f7ae360 elementor-widget elementor-widget-heading\" data-id=\"f7ae360\" data-element_type=\"widget\" data-e-type=\"widget\" data-widget_type=\"heading.default\">\n\t\t\t\t\t<h3 class=\"elementor-heading-title elementor-size-default\">La m\u00fasica en las venas<\/h3>\t\t\t\t<\/div>\n\t\t\t\t<div class=\"elementor-element elementor-element-fe86b56 elementor-widget elementor-widget-text-editor\" data-id=\"fe86b56\" data-element_type=\"widget\" data-e-type=\"widget\" data-widget_type=\"text-editor.default\">\n\t\t\t\t\t\t\t\t\t<p><span style=\"font-weight: 400\">Edgar Guti\u00e9rrez naci\u00f3 en el paraje Panjumjuyup, Cant\u00f3n Chuisuc, Totonicap\u00e1n, a los 11 a\u00f1os de edad empez\u00f3 a ejecutar la marimba, el piano y otros instrumentos, las ense\u00f1anzas musicales nacieron desde su hogar con su padre Victoriano Guti\u00e9rrez y Santa Gregoria Zapeta.<\/span><\/p><p><span style=\"font-weight: 400\">Con sue\u00f1os y metas a tan corta edad, Edgar se dedic\u00f3 a estudiar, fue en el 2006 cuando se grad\u00fao del bachillerato. La m\u00fasica siempre estuvo presente y sus habilidades fueron dando frutos, teniendo participaci\u00f3n en eventos de la iglesia y grupos musicales.<\/span><\/p><p><span style=\"font-weight: 400\">Con nostalgia dice: \u201cTen\u00eda once a\u00f1os cuando empec\u00e9 a practicar la marimba, ya ejecutaba con grupos musicales\u201d, Las herramientas eran sus manos, o\u00eddos y pasi\u00f3n por la m\u00fasica. Cada presentaci\u00f3n era una oportunidad para demostrar su talento.<\/span><\/p><p>\u00a0<\/p>\t\t\t\t\t\t\t\t<\/div>\n\t\t\t\t\t<\/div>\n\t\t<\/div>\n\t\t\t\t\t<\/div>\n\t\t<\/section>\n\t\t\t\t<section data-particle_enable=\"false\" data-particle-mobile-disabled=\"false\" class=\"elementor-section elementor-top-section elementor-element elementor-element-13e6b83 elementor-section-boxed elementor-section-height-default elementor-section-height-default\" data-id=\"13e6b83\" data-element_type=\"section\" data-e-type=\"section\">\n\t\t\t\t\t\t<div class=\"elementor-container elementor-column-gap-default\">\n\t\t\t\t\t<div class=\"elementor-column elementor-col-100 elementor-top-column elementor-element elementor-element-9306dfb\" data-id=\"9306dfb\" data-element_type=\"column\" data-e-type=\"column\">\n\t\t\t<div class=\"elementor-widget-wrap elementor-element-populated\">\n\t\t\t\t\t\t<div class=\"elementor-element elementor-element-dd29788 elementor-widget elementor-widget-image\" data-id=\"dd29788\" data-element_type=\"widget\" data-e-type=\"widget\" data-widget_type=\"image.default\">\n\t\t\t\t\t\t\t\t\t\t\t\t<figure class=\"wp-caption\">\n\t\t\t\t\t\t\t\t\t\t<img decoding=\"async\" width=\"768\" height=\"512\" src=\"https:\/\/soymigrante.com\/revista\/wp-content\/uploads\/2023\/07\/Edgar-toca-varios-instrumentos-como-la-guitarra-y-el-piano-1024x683.webp\" class=\"attachment-large size-large wp-image-1943\" alt=\"Edgar toca varios instrumentos como la guitarra y el piano\" srcset=\"https:\/\/soymigrante.com\/revista\/wp-content\/uploads\/2023\/07\/Edgar-toca-varios-instrumentos-como-la-guitarra-y-el-piano-1024x683.webp 1024w, https:\/\/soymigrante.com\/revista\/wp-content\/uploads\/2023\/07\/Edgar-toca-varios-instrumentos-como-la-guitarra-y-el-piano-300x200.webp 300w, https:\/\/soymigrante.com\/revista\/wp-content\/uploads\/2023\/07\/Edgar-toca-varios-instrumentos-como-la-guitarra-y-el-piano-768x512.webp 768w, https:\/\/soymigrante.com\/revista\/wp-content\/uploads\/2023\/07\/Edgar-toca-varios-instrumentos-como-la-guitarra-y-el-piano-1536x1024.webp 1536w, https:\/\/soymigrante.com\/revista\/wp-content\/uploads\/2023\/07\/Edgar-toca-varios-instrumentos-como-la-guitarra-y-el-piano-scaled.webp 1920w, https:\/\/soymigrante.com\/revista\/wp-content\/uploads\/2023\/07\/Edgar-toca-varios-instrumentos-como-la-guitarra-y-el-piano-750x500.webp 750w, https:\/\/soymigrante.com\/revista\/wp-content\/uploads\/2023\/07\/Edgar-toca-varios-instrumentos-como-la-guitarra-y-el-piano-1140x760.webp 1140w, https:\/\/soymigrante.com\/revista\/wp-content\/uploads\/2023\/07\/Edgar-toca-varios-instrumentos-como-la-guitarra-y-el-piano-600x400.webp 600w\" sizes=\"(max-width: 768px) 100vw, 768px\" title=\"Edgar toca varios instrumentos como la guitarra y el piano \u2013 SoyMigrante.com REVISTA\" \/>\t\t\t\t\t\t\t\t\t\t\t<figcaption class=\"widget-image-caption wp-caption-text\">Edgar toca varios instrumentos como la guitarra y el piano<\/figcaption>\n\t\t\t\t\t\t\t\t\t\t<\/figure>\n\t\t\t\t\t\t\t\t\t<\/div>\n\t\t\t\t\t<\/div>\n\t\t<\/div>\n\t\t\t\t\t<\/div>\n\t\t<\/section>\n\t\t\t\t<section data-particle_enable=\"false\" data-particle-mobile-disabled=\"false\" class=\"elementor-section elementor-top-section elementor-element elementor-element-e4672a3 elementor-section-boxed elementor-section-height-default elementor-section-height-default\" data-id=\"e4672a3\" data-element_type=\"section\" data-e-type=\"section\">\n\t\t\t\t\t\t<div class=\"elementor-container elementor-column-gap-default\">\n\t\t\t\t\t<div class=\"elementor-column elementor-col-100 elementor-top-column elementor-element elementor-element-812e950\" data-id=\"812e950\" data-element_type=\"column\" data-e-type=\"column\">\n\t\t\t<div class=\"elementor-widget-wrap elementor-element-populated\">\n\t\t\t\t\t\t<div class=\"elementor-element elementor-element-b9af2be elementor-widget elementor-widget-heading\" data-id=\"b9af2be\" data-element_type=\"widget\" data-e-type=\"widget\" data-widget_type=\"heading.default\">\n\t\t\t\t\t<h3 class=\"elementor-heading-title elementor-size-default\">La puerta de la superaci\u00f3n<\/h3>\t\t\t\t<\/div>\n\t\t\t\t<div class=\"elementor-element elementor-element-75743fe elementor-widget elementor-widget-text-editor\" data-id=\"75743fe\" data-element_type=\"widget\" data-e-type=\"widget\" data-widget_type=\"text-editor.default\">\n\t\t\t\t\t\t\t\t\t<p><span style=\"font-weight: 400\">Edgar inici\u00f3 la universidad estudiando ingenier\u00eda en sistemas sin embargo se aproxim\u00f3 una \u00e9poca dif\u00edcil para la familia, la econom\u00eda empez\u00f3 hacer una limitante para seguir estudiando, la decisi\u00f3n de dejar a su familia, amigos y su sue\u00f1o como m\u00fasico fue dif\u00edcil, tal como lo describe.<\/span><\/p><p><span style=\"font-weight: 400\">\u201cPor la situaci\u00f3n econ\u00f3mica de mi pap\u00e1 y del negocio, decid\u00ed migrar para buscar una oportunidad y ayudar a mi familia, esa fue la raz\u00f3n de dejar mi pa\u00eds\u201d dice Edgar.<\/span><\/p><p><span style=\"font-weight: 400\">El hermano de Edgar ya se encontraba en Estados Unidos, cuando decide viajar tomo sus pertenencias y guard\u00f3 su talento en su mente y coraz\u00f3n, sin embargo, nunca los olvido. La traves\u00eda de todo migrante es una incertidumbre y un viaje peligroso, as\u00ed lo recuerda Edgar.<\/span><\/p><p><span style=\"font-weight: 400\">La llegada de cada migrante es distinta, Edgar trabaj\u00f3 por mucho tiempo en otros oficios, pero la inquietud por cumplir sus sue\u00f1os era m\u00e1s fuerte. En el sector se encontraron a muchos j\u00f3venes guatemaltecos m\u00fasicos por pasi\u00f3n y otros por talento.\u00a0 La coincidencia fue el flechazo para emprender y llenar ese vac\u00edo musical.\u00a0<\/span><\/p><p><span style=\"font-weight: 400\">\u201cJunto a mi hermano organizamos un grupo musical, lo conformaron puros guatemaltecos y m\u00fasicos centroamericanos; uno era hondure\u00f1o y de Cosa Rica, empezamos hacer giras en Estados Unidos\u201d dice Edgar.<\/span><\/p><p><span style=\"font-weight: 400\">El sue\u00f1o imposible estaba dando frutos, empezaron las giras por el territorio estadounidense, compartieron escenario con los grupos: Sonora Dinamita, Ca\u00f1a del Salvador, Banda de Honduras entre otras.<\/span><\/p><p><span style=\"font-weight: 400\">\u201cEn el 2008 fuimos por Alabama comenzando all\u00ed. Luego estuvimos por Texas, el Norte Carolina, Virginia y terminamos la gira en Washington DC, tambi\u00e9n empezamos abrir los conciertos de grupos internacionales\u201d<\/span><\/p><p><span style=\"font-weight: 400\">Las aventuras se comenzaron a forjar en la m\u00fasica y el camino para los hermanos fue tomar decisiones, sobre la vida y los sue\u00f1os a cumplir. El primer grupo musical fue llamado: \u201cGuate Band\u201d, lo mejor de la m\u00fasica tropical, \u00e9poca en el que fue recibido por los connacionales y locales. <\/span><span style=\"font-weight: 400\">El grupo musical tocaba grandes g\u00e9neros musicales entre ellos salsa, bachata, cumbia, regi\u00f3n mexicana entre otros.<\/span><\/p>\t\t\t\t\t\t\t\t<\/div>\n\t\t\t\t\t<\/div>\n\t\t<\/div>\n\t\t\t\t\t<\/div>\n\t\t<\/section>\n\t\t\t\t<section data-particle_enable=\"false\" data-particle-mobile-disabled=\"false\" class=\"elementor-section elementor-top-section elementor-element elementor-element-b3432ea elementor-section-boxed elementor-section-height-default elementor-section-height-default\" data-id=\"b3432ea\" data-element_type=\"section\" data-e-type=\"section\">\n\t\t\t\t\t\t<div class=\"elementor-container elementor-column-gap-default\">\n\t\t\t\t\t<div class=\"elementor-column elementor-col-100 elementor-top-column elementor-element elementor-element-a43a5f5\" data-id=\"a43a5f5\" data-element_type=\"column\" data-e-type=\"column\">\n\t\t\t<div class=\"elementor-widget-wrap elementor-element-populated\">\n\t\t\t\t\t\t<div class=\"elementor-element elementor-element-692c3a5 elementor-widget elementor-widget-image\" data-id=\"692c3a5\" data-element_type=\"widget\" data-e-type=\"widget\" data-widget_type=\"image.default\">\n\t\t\t\t\t\t\t\t\t\t\t\t<figure class=\"wp-caption\">\n\t\t\t\t\t\t\t\t\t\t<img decoding=\"async\" width=\"768\" height=\"576\" src=\"https:\/\/soymigrante.com\/revista\/wp-content\/uploads\/2023\/07\/Gaute-Band.webp\" class=\"attachment-large size-large wp-image-1946\" alt=\"Edgar y su hermano compartieron escenario con varios grupos musicales en Estados Unidos\" srcset=\"https:\/\/soymigrante.com\/revista\/wp-content\/uploads\/2023\/07\/Gaute-Band.webp 960w, https:\/\/soymigrante.com\/revista\/wp-content\/uploads\/2023\/07\/Gaute-Band-300x225.webp 300w, https:\/\/soymigrante.com\/revista\/wp-content\/uploads\/2023\/07\/Gaute-Band-768x576.webp 768w, https:\/\/soymigrante.com\/revista\/wp-content\/uploads\/2023\/07\/Gaute-Band-750x563.webp 750w\" sizes=\"(max-width: 768px) 100vw, 768px\" title=\"Edgar y su hermano compartieron escenario con varios grupos musicales en Estados Unidos \u2013 SoyMigrante.com REVISTA\" \/>\t\t\t\t\t\t\t\t\t\t\t<figcaption class=\"widget-image-caption wp-caption-text\">Como parte de sus inquietudes en la producci\u00f3n, Edgar Gutierrez form\u00f3 parte de Guate Band, un grupo de m\u00fasica tropical que efectu\u00f3 giras por varias ciudades de Estados Unidos.<\/figcaption>\n\t\t\t\t\t\t\t\t\t\t<\/figure>\n\t\t\t\t\t\t\t\t\t<\/div>\n\t\t\t\t\t<\/div>\n\t\t<\/div>\n\t\t\t\t\t<\/div>\n\t\t<\/section>\n\t\t\t\t<section data-particle_enable=\"false\" data-particle-mobile-disabled=\"false\" class=\"elementor-section elementor-top-section elementor-element elementor-element-abf6d78 elementor-section-boxed elementor-section-height-default elementor-section-height-default\" data-id=\"abf6d78\" data-element_type=\"section\" data-e-type=\"section\">\n\t\t\t\t\t\t<div class=\"elementor-container elementor-column-gap-default\">\n\t\t\t\t\t<div class=\"elementor-column elementor-col-100 elementor-top-column elementor-element elementor-element-29cae57\" data-id=\"29cae57\" data-element_type=\"column\" data-e-type=\"column\">\n\t\t\t<div class=\"elementor-widget-wrap elementor-element-populated\">\n\t\t\t\t\t\t<div class=\"elementor-element elementor-element-9e53279 elementor-widget elementor-widget-heading\" data-id=\"9e53279\" data-element_type=\"widget\" data-e-type=\"widget\" data-widget_type=\"heading.default\">\n\t\t\t\t\t<h3 class=\"elementor-heading-title elementor-size-default\">De un pasatiempo a una profesi\u00f3n<\/h3>\t\t\t\t<\/div>\n\t\t\t\t<div class=\"elementor-element elementor-element-319cc5f elementor-widget elementor-widget-text-editor\" data-id=\"319cc5f\" data-element_type=\"widget\" data-e-type=\"widget\" data-widget_type=\"text-editor.default\">\n\t\t\t\t\t\t\t\t\t<p><span style=\"font-weight: 400\">El padre de Edgar fue m\u00fasico cuando era joven y los tiempos eran totalmente distintos y dif\u00edciles, pero no fue una limitante para que les inculcaron la pasi\u00f3n y el talento por la m\u00fasica. \u201c<\/span><span style=\"font-weight: 400\">nosotros nacimos con la sangre llena de energ\u00eda para salir adelante y que mejor en la m\u00fasica\u201d.<\/span><\/p><p><span style=\"font-weight: 400\">El trabajo para los hermanos fue m\u00e1s all\u00e1 de ejecutar temas musicales, formaron un equipo de trabajo que estuvo dirigido por el director Salom\u00f3n F\u00e9lix, Edgar se convirti\u00f3 en el asistente y productor.<\/span><\/p><p><span style=\"font-weight: 400\">Si bien la m\u00fasica era importante para Edgar, tambi\u00e9n se interes\u00f3 por producir y grabar contenido musical, compartiendo con m\u00e1s m\u00fasicos y productores empez\u00f3 aprender t\u00e9cnicas, programas y profesionalizarse en el \u00e1mbito de la composici\u00f3n.<\/span><\/p><p><span style=\"font-weight: 400\">\u201cEmpezamos a hacer m\u00fasica, aprendiendo de otras personas y profesionales que nos apoyaron y fue a trav\u00e9s del tiempo que se gan\u00f3 experiencia\u201d agreg\u00f3<\/span><\/p>\t\t\t\t\t\t\t\t<\/div>\n\t\t\t\t\t<\/div>\n\t\t<\/div>\n\t\t\t\t\t<\/div>\n\t\t<\/section>\n\t\t\t\t<section data-particle_enable=\"false\" data-particle-mobile-disabled=\"false\" class=\"elementor-section elementor-top-section elementor-element elementor-element-91de62d elementor-section-boxed elementor-section-height-default elementor-section-height-default\" data-id=\"91de62d\" data-element_type=\"section\" data-e-type=\"section\">\n\t\t\t\t\t\t<div class=\"elementor-container elementor-column-gap-default\">\n\t\t\t\t\t<div class=\"elementor-column elementor-col-100 elementor-top-column elementor-element elementor-element-5304b61\" data-id=\"5304b61\" data-element_type=\"column\" data-e-type=\"column\">\n\t\t\t<div class=\"elementor-widget-wrap elementor-element-populated\">\n\t\t\t\t\t\t<div class=\"elementor-element elementor-element-416b786 elementor-widget elementor-widget-image\" data-id=\"416b786\" data-element_type=\"widget\" data-e-type=\"widget\" data-widget_type=\"image.default\">\n\t\t\t\t\t\t\t\t\t\t\t\t<figure class=\"wp-caption\">\n\t\t\t\t\t\t\t\t\t\t<img loading=\"lazy\" decoding=\"async\" width=\"768\" height=\"345\" src=\"https:\/\/soymigrante.com\/revista\/wp-content\/uploads\/2023\/07\/Edgar-Gutierrez-junto-a-su-padre-Victoriano-actualmente-ambos-trabajan-en-la-elaboracion-de-textiles-1024x460.webp\" class=\"attachment-large size-large wp-image-1945\" alt=\"Edgar Guti\u00e9rrez junto a su padre Victoriano, actualmente ambos trabajan en la elaboraci\u00f3n de textiles\" srcset=\"https:\/\/soymigrante.com\/revista\/wp-content\/uploads\/2023\/07\/Edgar-Gutierrez-junto-a-su-padre-Victoriano-actualmente-ambos-trabajan-en-la-elaboracion-de-textiles-1024x460.webp 1024w, https:\/\/soymigrante.com\/revista\/wp-content\/uploads\/2023\/07\/Edgar-Gutierrez-junto-a-su-padre-Victoriano-actualmente-ambos-trabajan-en-la-elaboracion-de-textiles-300x135.webp 300w, https:\/\/soymigrante.com\/revista\/wp-content\/uploads\/2023\/07\/Edgar-Gutierrez-junto-a-su-padre-Victoriano-actualmente-ambos-trabajan-en-la-elaboracion-de-textiles-768x345.webp 768w, https:\/\/soymigrante.com\/revista\/wp-content\/uploads\/2023\/07\/Edgar-Gutierrez-junto-a-su-padre-Victoriano-actualmente-ambos-trabajan-en-la-elaboracion-de-textiles-1536x690.webp 1536w, https:\/\/soymigrante.com\/revista\/wp-content\/uploads\/2023\/07\/Edgar-Gutierrez-junto-a-su-padre-Victoriano-actualmente-ambos-trabajan-en-la-elaboracion-de-textiles-750x337.webp 750w, https:\/\/soymigrante.com\/revista\/wp-content\/uploads\/2023\/07\/Edgar-Gutierrez-junto-a-su-padre-Victoriano-actualmente-ambos-trabajan-en-la-elaboracion-de-textiles-1140x512.webp 1140w, https:\/\/soymigrante.com\/revista\/wp-content\/uploads\/2023\/07\/Edgar-Gutierrez-junto-a-su-padre-Victoriano-actualmente-ambos-trabajan-en-la-elaboracion-de-textiles.webp 1600w\" sizes=\"(max-width: 768px) 100vw, 768px\" title=\"Edgar Guti\u00e9rrez junto a su padre Victoriano, actualmente ambos trabajan en la elaboraci\u00f3n de textiles \u2013 SoyMigrante.com REVISTA\" \/>\t\t\t\t\t\t\t\t\t\t\t<figcaption class=\"widget-image-caption wp-caption-text\">Edgar Guti\u00e9rrez junto a su padre Victoriano, actualmente ambos trabajan en la elaboraci\u00f3n de textiles<\/figcaption>\n\t\t\t\t\t\t\t\t\t\t<\/figure>\n\t\t\t\t\t\t\t\t\t<\/div>\n\t\t\t\t\t<\/div>\n\t\t<\/div>\n\t\t\t\t\t<\/div>\n\t\t<\/section>\n\t\t\t\t<section data-particle_enable=\"false\" data-particle-mobile-disabled=\"false\" class=\"elementor-section elementor-top-section elementor-element elementor-element-f9719ed elementor-section-boxed elementor-section-height-default elementor-section-height-default\" data-id=\"f9719ed\" data-element_type=\"section\" data-e-type=\"section\">\n\t\t\t\t\t\t<div class=\"elementor-container elementor-column-gap-default\">\n\t\t\t\t\t<div class=\"elementor-column elementor-col-100 elementor-top-column elementor-element elementor-element-0089f87\" data-id=\"0089f87\" data-element_type=\"column\" data-e-type=\"column\">\n\t\t\t<div class=\"elementor-widget-wrap elementor-element-populated\">\n\t\t\t\t\t\t<div class=\"elementor-element elementor-element-dee3b00 elementor-widget elementor-widget-heading\" data-id=\"dee3b00\" data-element_type=\"widget\" data-e-type=\"widget\" data-widget_type=\"heading.default\">\n\t\t\t\t\t<h3 class=\"elementor-heading-title elementor-size-default\">Casa de grabaci\u00f3n en Guatemala.<\/h3>\t\t\t\t<\/div>\n\t\t\t\t<div class=\"elementor-element elementor-element-bab60bc elementor-widget elementor-widget-text-editor\" data-id=\"bab60bc\" data-element_type=\"widget\" data-e-type=\"widget\" data-widget_type=\"text-editor.default\">\n\t\t\t\t\t\t\t\t\t<p><span style=\"font-weight: 400\">Asegura Edgar que se encontraba estable en Estados Unidos sin embargo necesitaba complementar uno de sus sue\u00f1os y era regresar a Guatemala, con objetivos y ahorros retorno a su pa\u00eds.\u00a0<\/span><\/p><p><span style=\"font-weight: 400\">Su estancia en Estados Unidos dur\u00f3 m\u00e1s de doce a\u00f1os, Edgar decidi\u00f3 regresar a Guatemala con el objetivo de emprender y crear m\u00fasica, con los conocimientos adquiridos, adem\u00e1s de ejecutar un proyecto junto a su hermano.<\/span><\/p><p><span style=\"font-weight: 400\">\u201cMe regres\u00e9 porque quise hacer algo diferente, en Estados Unidos era m\u00e1s dif\u00edcil pagar una renta, el estudio no era tan rentable, adem\u00e1s ten\u00edamos que dedicarnos a otros trabajos para el resto de gastos\u201d dice Edgar.<\/span><\/p><p><span style=\"font-weight: 400\">Edgar conoci\u00f3 a muchas personas entre ellos ingenieros de sonido, como Armando Hern\u00e1ndez, un mexicano que realizaba grabaciones para grupos musicales.<\/span><\/p>\t\t\t\t\t\t\t\t<\/div>\n\t\t\t\t\t<\/div>\n\t\t<\/div>\n\t\t\t\t\t<\/div>\n\t\t<\/section>\n\t\t\t\t<section data-particle_enable=\"false\" data-particle-mobile-disabled=\"false\" class=\"elementor-section elementor-top-section elementor-element elementor-element-5de7741 elementor-section-boxed elementor-section-height-default elementor-section-height-default\" data-id=\"5de7741\" data-element_type=\"section\" data-e-type=\"section\">\n\t\t\t\t\t\t<div class=\"elementor-container elementor-column-gap-default\">\n\t\t\t\t\t<div class=\"elementor-column elementor-col-100 elementor-top-column elementor-element elementor-element-62c3ad1\" data-id=\"62c3ad1\" data-element_type=\"column\" data-e-type=\"column\">\n\t\t\t<div class=\"elementor-widget-wrap elementor-element-populated\">\n\t\t\t\t\t\t<div class=\"elementor-element elementor-element-6d35310 elementor-widget elementor-widget-image\" data-id=\"6d35310\" data-element_type=\"widget\" data-e-type=\"widget\" data-widget_type=\"image.default\">\n\t\t\t\t\t\t\t\t\t\t\t\t<figure class=\"wp-caption\">\n\t\t\t\t\t\t\t\t\t\t<img loading=\"lazy\" decoding=\"async\" width=\"768\" height=\"512\" src=\"https:\/\/soymigrante.com\/revista\/wp-content\/uploads\/2023\/07\/Edgar-se-autoformo-en-programas-de-edicion-en-su-estancia-en-Estados-Unidos-1024x683.webp\" class=\"attachment-large size-large wp-image-1942\" alt=\"Edgar se autoformo en programas de edici\u00f3n en su estancia en Estados Unidos\" srcset=\"https:\/\/soymigrante.com\/revista\/wp-content\/uploads\/2023\/07\/Edgar-se-autoformo-en-programas-de-edicion-en-su-estancia-en-Estados-Unidos-1024x683.webp 1024w, https:\/\/soymigrante.com\/revista\/wp-content\/uploads\/2023\/07\/Edgar-se-autoformo-en-programas-de-edicion-en-su-estancia-en-Estados-Unidos-300x200.webp 300w, https:\/\/soymigrante.com\/revista\/wp-content\/uploads\/2023\/07\/Edgar-se-autoformo-en-programas-de-edicion-en-su-estancia-en-Estados-Unidos-768x512.webp 768w, https:\/\/soymigrante.com\/revista\/wp-content\/uploads\/2023\/07\/Edgar-se-autoformo-en-programas-de-edicion-en-su-estancia-en-Estados-Unidos-1536x1024.webp 1536w, https:\/\/soymigrante.com\/revista\/wp-content\/uploads\/2023\/07\/Edgar-se-autoformo-en-programas-de-edicion-en-su-estancia-en-Estados-Unidos-scaled.webp 1920w, https:\/\/soymigrante.com\/revista\/wp-content\/uploads\/2023\/07\/Edgar-se-autoformo-en-programas-de-edicion-en-su-estancia-en-Estados-Unidos-750x500.webp 750w, https:\/\/soymigrante.com\/revista\/wp-content\/uploads\/2023\/07\/Edgar-se-autoformo-en-programas-de-edicion-en-su-estancia-en-Estados-Unidos-1140x760.webp 1140w, https:\/\/soymigrante.com\/revista\/wp-content\/uploads\/2023\/07\/Edgar-se-autoformo-en-programas-de-edicion-en-su-estancia-en-Estados-Unidos-600x400.webp 600w\" sizes=\"(max-width: 768px) 100vw, 768px\" title=\"Edgar se autoformo en programas de edici\u00f3n en su estancia en Estados Unidos \u2013 SoyMigrante.com REVISTA\" \/>\t\t\t\t\t\t\t\t\t\t\t<figcaption class=\"widget-image-caption wp-caption-text\">Edgar se autoformo en programas de edici\u00f3n en su estancia en Estados Unidos<\/figcaption>\n\t\t\t\t\t\t\t\t\t\t<\/figure>\n\t\t\t\t\t\t\t\t\t<\/div>\n\t\t\t\t\t<\/div>\n\t\t<\/div>\n\t\t\t\t\t<\/div>\n\t\t<\/section>\n\t\t\t\t<section data-particle_enable=\"false\" data-particle-mobile-disabled=\"false\" class=\"elementor-section elementor-top-section elementor-element elementor-element-a98fcf8 elementor-section-boxed elementor-section-height-default elementor-section-height-default\" data-id=\"a98fcf8\" data-element_type=\"section\" data-e-type=\"section\">\n\t\t\t\t\t\t<div class=\"elementor-container elementor-column-gap-default\">\n\t\t\t\t\t<div class=\"elementor-column elementor-col-100 elementor-top-column elementor-element elementor-element-d907ff6\" data-id=\"d907ff6\" data-element_type=\"column\" data-e-type=\"column\">\n\t\t\t<div class=\"elementor-widget-wrap elementor-element-populated\">\n\t\t\t\t\t\t<div class=\"elementor-element elementor-element-143a16f elementor-widget elementor-widget-heading\" data-id=\"143a16f\" data-element_type=\"widget\" data-e-type=\"widget\" data-widget_type=\"heading.default\">\n\t\t\t\t\t<h3 class=\"elementor-heading-title elementor-size-default\">Studio Productions un hogar del m\u00fasico<\/h3>\t\t\t\t<\/div>\n\t\t\t\t<div class=\"elementor-element elementor-element-1434db5 elementor-widget elementor-widget-text-editor\" data-id=\"1434db5\" data-element_type=\"widget\" data-e-type=\"widget\" data-widget_type=\"text-editor.default\">\n\t\t\t\t\t\t\t\t\t<p><span style=\"font-weight: 400\">La casa de producci\u00f3n se ha convertido en el hogar del talento local, nacional e internacional, tambi\u00e9n el coro de la comunidad ha utilizado este espacio para la grabaci\u00f3n de temas musicales y ha sido dirigido por Edgar.<\/span><\/p><p><span style=\"font-weight: 400\">\u201cGracias a Dios, la mayor parte de los que llegan a mi estudio son personas experimentadas musicalmente, otros quiz\u00e1s comenzando la carrera, pero me siento genial, ac\u00e1\u201d.<\/span><\/p><p><span style=\"font-weight: 400\">Si bien el estudio es un emprendimiento tambi\u00e9n es un apoyo para la comunidad de Edgar, la mejor publicidad es compartir su trabajo con m\u00fasicos que han recomendado su talento y grandes producciones musicales.<\/span><\/p><p><span style=\"font-weight: 400\">\u201cComparto con solistas, raperos, quienes hacen hip hop, grupos rancheros, banda tambi\u00e9n g\u00e9neros musicales como salsa, merengue y cumbia, entre otros y as\u00ed me voy tambi\u00e9n especializando en los g\u00e9neros\u201d agrega.<\/span><\/p>\t\t\t\t\t\t\t\t<\/div>\n\t\t\t\t\t<\/div>\n\t\t<\/div>\n\t\t\t\t\t<\/div>\n\t\t<\/section>\n\t\t\t\t<section data-particle_enable=\"false\" data-particle-mobile-disabled=\"false\" class=\"elementor-section elementor-top-section elementor-element elementor-element-9a76d1e elementor-section-boxed elementor-section-height-default elementor-section-height-default\" data-id=\"9a76d1e\" data-element_type=\"section\" data-e-type=\"section\">\n\t\t\t\t\t\t<div class=\"elementor-container elementor-column-gap-default\">\n\t\t\t\t\t<div class=\"elementor-column elementor-col-100 elementor-top-column elementor-element elementor-element-2f07325\" data-id=\"2f07325\" data-element_type=\"column\" data-e-type=\"column\">\n\t\t\t<div class=\"elementor-widget-wrap elementor-element-populated\">\n\t\t\t\t\t\t<div class=\"elementor-element elementor-element-b1d23c0 elementor-widget elementor-widget-facebook-embed\" data-id=\"b1d23c0\" data-element_type=\"widget\" data-e-type=\"widget\" data-widget_type=\"facebook-embed.default\">\n\t\t\t\t\t<div style=\"min-height: 1px\" class=\"elementor-facebook-widget fb-video\" data-href=\"https:\/\/www.facebook.com\/gstudios2011\/videos\/2337463793224423\" data-show-text=\"false\" data-allowfullscreen=\"false\" data-autoplay=\"true\" data-show-captions=\"false\"><\/div>\t\t\t\t<\/div>\n\t\t\t\t\t<\/div>\n\t\t<\/div>\n\t\t\t\t\t<\/div>\n\t\t<\/section>\n\t\t\t\t<section data-particle_enable=\"false\" data-particle-mobile-disabled=\"false\" class=\"elementor-section elementor-top-section elementor-element elementor-element-cad69a7 elementor-section-boxed elementor-section-height-default elementor-section-height-default\" data-id=\"cad69a7\" data-element_type=\"section\" data-e-type=\"section\">\n\t\t\t\t\t\t<div class=\"elementor-container elementor-column-gap-default\">\n\t\t\t\t\t<div class=\"elementor-column elementor-col-100 elementor-top-column elementor-element elementor-element-7946167\" data-id=\"7946167\" data-element_type=\"column\" data-e-type=\"column\">\n\t\t\t<div class=\"elementor-widget-wrap elementor-element-populated\">\n\t\t\t\t\t\t<div class=\"elementor-element elementor-element-1fd74d2 elementor-widget elementor-widget-text-editor\" data-id=\"1fd74d2\" data-element_type=\"widget\" data-e-type=\"widget\" data-widget_type=\"text-editor.default\">\n\t\t\t\t\t\t\t\t\t<p>Canci\u00f3n producida en G Studio Productions, con el grupo Ca\u00f1a Brava, en modo virtual, pero con sonido profesional.<\/p>\t\t\t\t\t\t\t\t<\/div>\n\t\t\t\t\t<\/div>\n\t\t<\/div>\n\t\t\t\t\t<\/div>\n\t\t<\/section>\n\t\t\t\t<section data-particle_enable=\"false\" data-particle-mobile-disabled=\"false\" class=\"elementor-section elementor-top-section elementor-element elementor-element-f9febe1 elementor-section-boxed elementor-section-height-default elementor-section-height-default\" data-id=\"f9febe1\" data-element_type=\"section\" data-e-type=\"section\">\n\t\t\t\t\t\t<div class=\"elementor-container elementor-column-gap-default\">\n\t\t\t\t\t<div class=\"elementor-column elementor-col-100 elementor-top-column elementor-element elementor-element-61f7756\" data-id=\"61f7756\" data-element_type=\"column\" data-e-type=\"column\">\n\t\t\t<div class=\"elementor-widget-wrap elementor-element-populated\">\n\t\t\t\t\t\t<div class=\"elementor-element elementor-element-1d49b59 elementor-widget-divider--view-line elementor-widget elementor-widget-divider\" data-id=\"1d49b59\" data-element_type=\"widget\" data-e-type=\"widget\" data-widget_type=\"divider.default\">\n\t\t\t\t\t\t\t<div class=\"elementor-divider\">\n\t\t\t<span class=\"elementor-divider-separator\">\n\t\t\t\t\t\t<\/span>\n\t\t<\/div>\n\t\t\t\t\t\t<\/div>\n\t\t\t\t\t<\/div>\n\t\t<\/div>\n\t\t\t\t\t<\/div>\n\t\t<\/section>\n\t\t\t\t<section data-particle_enable=\"false\" data-particle-mobile-disabled=\"false\" class=\"elementor-section elementor-top-section elementor-element elementor-element-2f482ab elementor-section-boxed elementor-section-height-default elementor-section-height-default\" data-id=\"2f482ab\" data-element_type=\"section\" data-e-type=\"section\">\n\t\t\t\t\t\t<div class=\"elementor-container elementor-column-gap-default\">\n\t\t\t\t\t<div class=\"elementor-column elementor-col-100 elementor-top-column elementor-element elementor-element-d394917\" data-id=\"d394917\" data-element_type=\"column\" data-e-type=\"column\">\n\t\t\t<div class=\"elementor-widget-wrap elementor-element-populated\">\n\t\t\t\t\t\t<div class=\"elementor-element elementor-element-741515e elementor-widget elementor-widget-heading\" data-id=\"741515e\" data-element_type=\"widget\" data-e-type=\"widget\" data-widget_type=\"heading.default\">\n\t\t\t\t\t<h3 class=\"elementor-heading-title elementor-size-default\">Anima a los migrantes a ahorrar para volver<\/h3>\t\t\t\t<\/div>\n\t\t\t\t<div class=\"elementor-element elementor-element-85eed31 elementor-widget elementor-widget-text-editor\" data-id=\"85eed31\" data-element_type=\"widget\" data-e-type=\"widget\" data-widget_type=\"text-editor.default\">\n\t\t\t\t\t\t\t\t\t<p><span style=\"font-weight: 400;\">\u201cMigrar es dif\u00edcil y sufrido, en mi caso fui asaltado, el camino fue complicado porque despu\u00e9s pasar al r\u00edo Bravo camin\u00e9 casi por tres d\u00edas, nunca fueron horas, com\u00ed solo una vez, casi mor\u00eda en la monta\u00f1a, sin agua desorientado estuve 7 d\u00edas acostado en una palangana y encima otras personas, fue duro\u201d Recuerda Edgar con mucha nostalgia.<\/span><\/p><p><span style=\"font-weight: 400;\">La oportunidad para Edgar fue aprovechar su estad\u00eda en Estados Unidos y no olvidar los sue\u00f1os que ten\u00eda desde muy joven, por ello emprendi\u00f3 un camino que le da la oportunidad de vivir junto a su familia; esposa e hijo y la dicha de compartir con sus padres.<\/span><\/p><p><span style=\"font-weight: 400;\">\u201cInsto para que trabajen ahorren y puedan invertir en algo peque\u00f1o, poco a poco se puede crecer desde nuestras ra\u00edces, por ejemplo, trabaj\u00e9 y me prepar\u00e9, pero regrese para vivir con una mejor calidad de vida, nos falta creer en nosotros mismos\u201d Agrega que los vicios abundan en cualquier lugar, pero en otro pa\u00eds permanecen a la vuelta de la esquina, por eso recomienda alejarse y mantener objetivos.<\/span><\/p><p><span style=\"font-weight: 400;\">Culmina con el siguiente p\u00e1rrafo \u201cUna un peque\u00f1o mensaje para los que desean emprender, es que nunca dejen de so\u00f1ar y porque los sue\u00f1os siempre se hacen realidad, muchas gracias a ustedes por hacerme la entrevista y visitar mi hogar, gracias\u201d.<\/span><\/p><p><span style=\"font-weight: 400;\">Edgar estar\u00e1 pr\u00f3ximo a lanzar un disco junto a su esposa Virginia, ella cantar\u00e1 y \u00e9l lo producir\u00e1, esperan estrenarlo para la fiesta patronal de la comunidad.<\/span><\/p>\t\t\t\t\t\t\t\t<\/div>\n\t\t\t\t\t<\/div>\n\t\t<\/div>\n\t\t\t\t\t<\/div>\n\t\t<\/section>\n\t\t\t\t<section data-particle_enable=\"false\" data-particle-mobile-disabled=\"false\" class=\"elementor-section elementor-top-section elementor-element elementor-element-aa4a842 elementor-section-boxed elementor-section-height-default elementor-section-height-default\" data-id=\"aa4a842\" data-element_type=\"section\" data-e-type=\"section\">\n\t\t\t\t\t\t<div class=\"elementor-container elementor-column-gap-default\">\n\t\t\t\t\t<div class=\"elementor-column elementor-col-100 elementor-top-column elementor-element elementor-element-5011c0f\" data-id=\"5011c0f\" data-element_type=\"column\" data-e-type=\"column\">\n\t\t\t<div class=\"elementor-widget-wrap elementor-element-populated\">\n\t\t\t\t\t\t<div class=\"elementor-element elementor-element-7257234 elementor-arrows-position-inside elementor-pagination-position-outside elementor-widget elementor-widget-image-carousel\" data-id=\"7257234\" data-element_type=\"widget\" data-e-type=\"widget\" data-settings=\"{&quot;slides_to_show&quot;:&quot;1&quot;,&quot;navigation&quot;:&quot;both&quot;,&quot;autoplay&quot;:&quot;yes&quot;,&quot;pause_on_hover&quot;:&quot;yes&quot;,&quot;pause_on_interaction&quot;:&quot;yes&quot;,&quot;autoplay_speed&quot;:5000,&quot;infinite&quot;:&quot;yes&quot;,&quot;effect&quot;:&quot;slide&quot;,&quot;speed&quot;:500}\" data-widget_type=\"image-carousel.default\">\n\t\t\t\t\t\t\t<div class=\"elementor-image-carousel-wrapper swiper\" role=\"region\" aria-roledescription=\"carousel\" aria-label=\"Carrusel de im\u00e1genes\" dir=\"ltr\">\n\t\t\t<div class=\"elementor-image-carousel swiper-wrapper\" aria-live=\"off\">\n\t\t\t\t\t\t\t\t<div class=\"swiper-slide\" role=\"group\" aria-roledescription=\"slide\" aria-label=\"1 de 7\"><figure class=\"swiper-slide-inner\"><img decoding=\"async\" class=\"swiper-slide-image\" src=\"https:\/\/soymigrante.com\/revista\/wp-content\/uploads\/2023\/08\/Guate-Band-fue-el-primer-grupo-musical-que-se-fundo-en-Estados-Unidos-integrado-por-musicos-migrantes-guatemaltecos-y-centroamericanos-e1691106782429.webp\" alt=\"Guate Band fue el primer grupo musical que se fundo en Estados Unidos integrado por m\u00fasicos migrantes guatemaltecos y centroamericanos\" \/><figcaption class=\"elementor-image-carousel-caption\">Guate Band fue el primer grupo musical que se fundo en Estados Unidos integrado por m\u00fasicos migrantes guatemaltecos y centroamericanos<\/figcaption><\/figure><\/div><div class=\"swiper-slide\" role=\"group\" aria-roledescription=\"slide\" aria-label=\"2 de 7\"><figure class=\"swiper-slide-inner\"><img decoding=\"async\" class=\"swiper-slide-image\" src=\"https:\/\/soymigrante.com\/revista\/wp-content\/uploads\/2023\/08\/10382758_1599388913613476_4632496631291954773_n.webp\" alt=\"GuateBand en concierto de 2009 en Houston Texas.\" \/><figcaption class=\"elementor-image-carousel-caption\">GuateBand en concierto de 2009 en Houston Texas.<\/figcaption><\/figure><\/div><div class=\"swiper-slide\" role=\"group\" aria-roledescription=\"slide\" aria-label=\"3 de 7\"><figure class=\"swiper-slide-inner\"><img decoding=\"async\" class=\"swiper-slide-image\" src=\"https:\/\/soymigrante.com\/revista\/wp-content\/uploads\/2023\/07\/Musicos-e-interpretes-acuden-al-estudio-de-Edgar-para-grabar-temas-musicales-y-producirlos-768x512.webp\" alt=\"M\u00fasicos e interpretes acuden al estudio de Edgar para grabar temas musicales y producirlos\" \/><figcaption class=\"elementor-image-carousel-caption\">En la actualidad, m\u00fasicos e interpretes acuden al estudio de Edgar para grabar temas musicales y producirlos<\/figcaption><\/figure><\/div><div class=\"swiper-slide\" role=\"group\" aria-roledescription=\"slide\" aria-label=\"4 de 7\"><figure class=\"swiper-slide-inner\"><img decoding=\"async\" class=\"swiper-slide-image\" src=\"https:\/\/soymigrante.com\/revista\/wp-content\/uploads\/2023\/08\/127159642_2820201034865585_539187283042980260_n-768x432.webp\" alt=\"Un grupo de j\u00f3venes cat\u00f3licos graba un disco de alabanzas en G Studio Productions\" \/><figcaption class=\"elementor-image-carousel-caption\">Un grupo de j\u00f3venes cat\u00f3licos graba un disco de alabanzas en G Studio Productions<\/figcaption><\/figure><\/div><div class=\"swiper-slide\" role=\"group\" aria-roledescription=\"slide\" aria-label=\"5 de 7\"><figure class=\"swiper-slide-inner\"><img decoding=\"async\" class=\"swiper-slide-image\" src=\"https:\/\/soymigrante.com\/revista\/wp-content\/uploads\/2023\/08\/127273732_2820200661532289_4724070563192381883_n-768x432.webp\" alt=\"Artistas de diversos g\u00e9neros musicales acuden a grabar canciones en el estudio de \u00c9dgar Guti\u00e9rrez\" \/><figcaption class=\"elementor-image-carousel-caption\">Artistas de diversos g\u00e9neros musicales acuden a grabar canciones en el estudio de \u00c9dgar Guti\u00e9rrez<\/figcaption><\/figure><\/div><div class=\"swiper-slide\" role=\"group\" aria-roledescription=\"slide\" aria-label=\"6 de 7\"><figure class=\"swiper-slide-inner\"><img decoding=\"async\" class=\"swiper-slide-image\" src=\"https:\/\/soymigrante.com\/revista\/wp-content\/uploads\/2023\/08\/10352273_1516876831864685_3898546250526607292_n-768x432.webp\" alt=\"La consola de grabaci\u00f3n es de alta tecnolog\u00eda y ofrece excelente resultado para producciones musicales y publicitarias.\" \/><figcaption class=\"elementor-image-carousel-caption\">La consola de grabaci\u00f3n es de alta tecnolog\u00eda y ofrece excelente resultado para producciones musicales y publicitarias.<\/figcaption><\/figure><\/div><div class=\"swiper-slide\" role=\"group\" aria-roledescription=\"slide\" aria-label=\"7 de 7\"><figure class=\"swiper-slide-inner\"><img decoding=\"async\" class=\"swiper-slide-image\" src=\"https:\/\/soymigrante.com\/revista\/wp-content\/uploads\/2023\/08\/305144119_507479264713272_5424583673762253376_n-768x768.webp\" alt=\"El logotipo de G Studio ya es s\u00edmbolo de calidad sonora y alta fidelidad\" \/><figcaption class=\"elementor-image-carousel-caption\">El logotipo de G Studio ya es s\u00edmbolo de calidad sonora y alta fidelidad<\/figcaption><\/figure><\/div>\t\t\t<\/div>\n\t\t\t\t\t\t\t\t\t\t\t\t<div class=\"elementor-swiper-button elementor-swiper-button-prev\" role=\"button\" tabindex=\"0\">\n\t\t\t\t\t\t<i aria-hidden=\"true\" class=\"eicon-chevron-left\"><\/i>\t\t\t\t\t<\/div>\n\t\t\t\t\t<div class=\"elementor-swiper-button elementor-swiper-button-next\" role=\"button\" tabindex=\"0\">\n\t\t\t\t\t\t<i aria-hidden=\"true\" class=\"eicon-chevron-right\"><\/i>\t\t\t\t\t<\/div>\n\t\t\t\t\n\t\t\t\t\t\t\t\t\t<div class=\"swiper-pagination\"><\/div>\n\t\t\t\t\t\t\t\t\t<\/div>\n\t\t\t\t\t\t<\/div>\n\t\t\t\t\t<\/div>\n\t\t<\/div>\n\t\t\t\t\t<\/div>\n\t\t<\/section>\n\t\t\t\t<\/div>\n\t\t","protected":false},"excerpt":{"rendered":"<p>El migrante Edgar Guti\u00e9rrez trabaj\u00f3 muy duro en Estados Unidos pero regres\u00f3 a Guatemala para buscar su gran sue\u00f1o: fundar un estudio de producci\u00f3n musical. Edgar es musico y productor, talento que desarrollo desde muy peque\u00f1o La m\u00fasica en las venas Edgar Guti\u00e9rrez naci\u00f3 en el paraje Panjumjuyup, Cant\u00f3n Chuisuc, Totonicap\u00e1n, a los 11 a\u00f1os [&hellip;]<\/p>\n","protected":false},"author":10,"featured_media":2090,"comment_status":"open","ping_status":"open","sticky":false,"template":"","format":"standard","meta":{"_acf_changed":false,"_eb_attr":"","footnotes":""},"categories":[50],"tags":[],"class_list":["post-2060","post","type-post","status-publish","format-standard","has-post-thumbnail","hentry","category-exitos"],"acf":[],"aioseo_notices":[],"aioseo_head":"\n\t\t<!-- All in One SEO Pro 4.9.6.2 - aioseo.com -->\n\t<meta name=\"description\" content=\"onoce la historia de Edgar, un migrante que, tras a\u00f1os en EE.UU., vuelve a Guatemala para convertirse en un referente musical y productor destacado\" \/>\n\t<meta name=\"robots\" content=\"max-snippet:-1, max-image-preview:large, max-video-preview:-1\" \/>\n\t<meta name=\"author\" content=\"Diana Batz\"\/>\n\t<link rel=\"canonical\" href=\"https:\/\/soymigrante.com\/revista\/edgar-gutierrez-migrante-guatemalteco-productor-musical\/\" \/>\n\t<meta name=\"generator\" content=\"All in One SEO Pro (AIOSEO) 4.9.6.2\" \/>\n\n\t\t<link rel=\"preconnect\" href=\"https:\/\/fonts.googleapis.com\" crossorigin>\n<link rel=\"preconnect\" href=\"https:\/\/fonts.gstatic.com\" crossorigin>\n\t\t<meta property=\"og:locale\" content=\"es_ES\" \/>\n\t\t<meta property=\"og:site_name\" content=\"SoyMigrante.com REVISTA \u2013 Nuestra misi\u00f3n es reconocer y dignificar al migrante.\" \/>\n\t\t<meta property=\"og:type\" content=\"article\" \/>\n\t\t<meta property=\"og:title\" content=\"Edgar Guti\u00e9rrez: De migrante a productor musical en Guatemala\" \/>\n\t\t<meta property=\"og:description\" content=\"onoce la historia de Edgar, un migrante que, tras a\u00f1os en EE.UU., vuelve a Guatemala para convertirse en un referente musical y productor destacado\" \/>\n\t\t<meta property=\"og:url\" content=\"https:\/\/soymigrante.com\/revista\/edgar-gutierrez-migrante-guatemalteco-productor-musical\/\" \/>\n\t\t<meta property=\"og:image\" content=\"https:\/\/soymigrante.com\/revista\/wp-content\/uploads\/2023\/08\/Captura-de-pantalla-2023-08-03-171754.webp\" \/>\n\t\t<meta property=\"og:image:secure_url\" content=\"https:\/\/soymigrante.com\/revista\/wp-content\/uploads\/2023\/08\/Captura-de-pantalla-2023-08-03-171754.webp\" \/>\n\t\t<meta property=\"og:image:width\" content=\"1403\" \/>\n\t\t<meta property=\"og:image:height\" content=\"932\" \/>\n\t\t<meta property=\"article:published_time\" content=\"2023-08-04T00:07:43+00:00\" \/>\n\t\t<meta property=\"article:modified_time\" content=\"2024-07-31T11:28:56+00:00\" \/>\n\t\t<meta property=\"article:publisher\" content=\"https:\/\/www.facebook.com\/soymigrantecom\" \/>\n\t\t<meta name=\"twitter:card\" content=\"summary_large_image\" \/>\n\t\t<meta name=\"twitter:site\" content=\"@SoyMigrante_com\" \/>\n\t\t<meta name=\"twitter:title\" content=\"Edgar Guti\u00e9rrez: De migrante a productor musical en Guatemala\" \/>\n\t\t<meta name=\"twitter:description\" content=\"onoce la historia de Edgar, un migrante que, tras a\u00f1os en EE.UU., vuelve a Guatemala para convertirse en un referente musical y productor destacado\" \/>\n\t\t<meta name=\"twitter:creator\" content=\"@SoyMigrante_com\" \/>\n\t\t<meta name=\"twitter:image\" content=\"https:\/\/soymigrante.com\/revista\/wp-content\/uploads\/2023\/08\/Captura-de-pantalla-2023-08-03-171754.webp\" \/>\n\t\t<!-- All in One SEO Pro -->\r\n\t\t<title>Edgar Guti\u00e9rrez: De migrante a productor musical en Guatemala<\/title>\n\n","aioseo_head_json":{"title":"Edgar Guti\u00e9rrez: De migrante a productor musical en Guatemala","description":"onoce la historia de Edgar, un migrante que, tras a\u00f1os en EE.UU., vuelve a Guatemala para convertirse en un referente musical y productor destacado","canonical_url":"https:\/\/soymigrante.com\/revista\/edgar-gutierrez-migrante-guatemalteco-productor-musical\/","robots":"max-snippet:-1, max-image-preview:large, max-video-preview:-1","keywords":"","webmasterTools":{"miscellaneous":"&lt;link rel=\"preconnect\" href=\"https:\/\/fonts.googleapis.com\" crossorigin&gt;\n&lt;link rel=\"preconnect\" href=\"https:\/\/fonts.gstatic.com\" crossorigin&gt;"},"schema":null,"og:locale":"es_ES","og:site_name":"SoyMigrante.com REVISTA \u2013 Nuestra misi\u00f3n es reconocer y dignificar al migrante.","og:type":"article","og:title":"Edgar Guti\u00e9rrez: De migrante a productor musical en Guatemala","og:description":"onoce la historia de Edgar, un migrante que, tras a\u00f1os en EE.UU., vuelve a Guatemala para convertirse en un referente musical y productor destacado","og:url":"https:\/\/soymigrante.com\/revista\/edgar-gutierrez-migrante-guatemalteco-productor-musical\/","og:image":"https:\/\/soymigrante.com\/revista\/wp-content\/uploads\/2023\/08\/Captura-de-pantalla-2023-08-03-171754.webp","og:image:secure_url":"https:\/\/soymigrante.com\/revista\/wp-content\/uploads\/2023\/08\/Captura-de-pantalla-2023-08-03-171754.webp","og:image:width":1403,"og:image:height":932,"article:published_time":"2023-08-04T00:07:43+00:00","article:modified_time":"2024-07-31T11:28:56+00:00","article:publisher":"https:\/\/www.facebook.com\/soymigrantecom","twitter:card":"summary_large_image","twitter:site":"@SoyMigrante_com","twitter:title":"Edgar Guti\u00e9rrez: De migrante a productor musical en Guatemala","twitter:description":"onoce la historia de Edgar, un migrante que, tras a\u00f1os en EE.UU., vuelve a Guatemala para convertirse en un referente musical y productor destacado","twitter:creator":"@SoyMigrante_com","twitter:image":"https:\/\/soymigrante.com\/revista\/wp-content\/uploads\/2023\/08\/Captura-de-pantalla-2023-08-03-171754.webp"},"aioseo_meta_data":{"post_id":"2060","title":"#post_title","description":"onoce la historia de Edgar, un migrante que, tras a\u00f1os en EE.UU., vuelve a Guatemala para convertirse en un referente musical y productor destacado","keywords":[],"keyphrases":{"focus":{"keyphrase":"migrante","score":69,"analysis":{"keyphraseInTitle":{"score":9,"maxScore":9,"error":0},"keyphraseInDescription":{"score":9,"maxScore":9,"error":0},"keyphraseLength":{"score":9,"maxScore":9,"error":0,"length":1},"keyphraseInURL":{"score":5,"maxScore":5,"error":0},"keyphraseInIntroduction":{"score":3,"maxScore":9,"error":1},"keyphraseInSubHeadings":{"score":3,"maxScore":9,"error":1},"keyphraseInImageAlt":{"score":9,"maxScore":9,"error":0},"keywordDensity":{"score":0,"type":"low","maxScore":9,"error":1}}},"additional":[]},"primary_term":null,"canonical_url":null,"og_title":null,"og_description":null,"og_object_type":"default","og_image_type":"default","og_image_url":null,"og_image_width":null,"og_image_height":null,"og_image_custom_url":null,"og_image_custom_fields":null,"og_video":"","og_custom_url":null,"og_article_section":null,"og_article_tags":[],"twitter_use_og":false,"twitter_card":"default","twitter_image_type":"default","twitter_image_url":null,"twitter_image_custom_url":null,"twitter_image_custom_fields":null,"twitter_title":null,"twitter_description":null,"schema":{"blockGraphs":[],"customGraphs":[],"default":{"data":{"Article":[],"Course":[],"Dataset":[],"FAQPage":[],"Movie":[],"Person":[],"Product":[],"ProductReview":[],"Car":[],"Recipe":[],"Service":[],"SoftwareApplication":[],"WebPage":[]},"graphName":"BlogPosting","isEnabled":true},"graphs":[]},"schema_type":"default","schema_type_options":null,"pillar_content":false,"robots_default":true,"robots_noindex":false,"robots_noarchive":false,"robots_nosnippet":false,"robots_nofollow":false,"robots_noimageindex":false,"robots_noodp":false,"robots_notranslate":false,"robots_max_snippet":"-1","robots_max_videopreview":"-1","robots_max_imagepreview":"large","priority":null,"frequency":"default","local_seo":null,"seo_analyzer_scan_date":"2025-10-08 20:11:20","breadcrumb_settings":null,"limit_modified_date":false,"reviewed_by":null,"open_ai":null,"ai":null,"created":"2023-08-18 14:42:46","updated":"2026-02-04 09:24:49"},"aioseo_breadcrumb":"<div class=\"aioseo-breadcrumbs\"><span class=\"aioseo-breadcrumb\">\n\t<a href=\"https:\/\/soymigrante.com\/revista\" title=\"Home\">Home<\/a>\n<\/span><span class=\"aioseo-breadcrumb-separator\">\u00bb<\/span><span class=\"aioseo-breadcrumb\">\n\t<a href=\"https:\/\/soymigrante.com\/revista\/category\/exitos\/\" title=\"\u00c9xitos\">\u00c9xitos<\/a>\n<\/span><span class=\"aioseo-breadcrumb-separator\">\u00bb<\/span><span class=\"aioseo-breadcrumb\">\n\tEdgar Guti\u00e9rrez: De migrante a productor musical en Guatemala\n<\/span><\/div>","aioseo_breadcrumb_json":[{"label":"Home","link":"https:\/\/soymigrante.com\/revista"},{"label":"\u00c9xitos","link":"https:\/\/soymigrante.com\/revista\/category\/exitos\/"},{"label":"Edgar Guti\u00e9rrez: De migrante a productor musical en Guatemala","link":"https:\/\/soymigrante.com\/revista\/edgar-gutierrez-migrante-guatemalteco-productor-musical\/"}],"_links":{"self":[{"href":"https:\/\/soymigrante.com\/revista\/wp-json\/wp\/v2\/posts\/2060","targetHints":{"allow":["GET"]}}],"collection":[{"href":"https:\/\/soymigrante.com\/revista\/wp-json\/wp\/v2\/posts"}],"about":[{"href":"https:\/\/soymigrante.com\/revista\/wp-json\/wp\/v2\/types\/post"}],"author":[{"embeddable":true,"href":"https:\/\/soymigrante.com\/revista\/wp-json\/wp\/v2\/users\/10"}],"replies":[{"embeddable":true,"href":"https:\/\/soymigrante.com\/revista\/wp-json\/wp\/v2\/comments?post=2060"}],"version-history":[{"count":0,"href":"https:\/\/soymigrante.com\/revista\/wp-json\/wp\/v2\/posts\/2060\/revisions"}],"wp:featuredmedia":[{"embeddable":true,"href":"https:\/\/soymigrante.com\/revista\/wp-json\/wp\/v2\/media\/2090"}],"wp:attachment":[{"href":"https:\/\/soymigrante.com\/revista\/wp-json\/wp\/v2\/media?parent=2060"}],"wp:term":[{"taxonomy":"category","embeddable":true,"href":"https:\/\/soymigrante.com\/revista\/wp-json\/wp\/v2\/categories?post=2060"},{"taxonomy":"post_tag","embeddable":true,"href":"https:\/\/soymigrante.com\/revista\/wp-json\/wp\/v2\/tags?post=2060"}],"curies":[{"name":"wp","href":"https:\/\/api.w.org\/{rel}","templated":true}]}}