{"id":20576,"date":"2025-01-14T06:00:00","date_gmt":"2025-01-14T12:00:00","guid":{"rendered":"https:\/\/soymigrante.com\/revista\/?p=20576"},"modified":"2025-01-13T22:24:20","modified_gmt":"2025-01-14T04:24:20","slug":"riesgos-climaticos-tambien-afectan-a-estados-unidos-y-siempre-es-bueno-prevenir","status":"publish","type":"post","link":"https:\/\/soymigrante.com\/revista\/riesgos-climaticos-tambien-afectan-a-estados-unidos-y-siempre-es-bueno-prevenir\/","title":{"rendered":"Riesgo de eventos clim\u00e1ticos afecta a regiones de Estados Unidos y siempre es bueno prevenir"},"content":{"rendered":"\t\t<div data-elementor-type=\"wp-post\" data-elementor-id=\"20576\" class=\"elementor elementor-20576\" data-elementor-post-type=\"post\">\n\t\t\t\t<div data-particle_enable=\"false\" data-particle-mobile-disabled=\"false\" class=\"elementor-element elementor-element-140ef54 e-flex e-con-boxed e-con e-parent\" data-id=\"140ef54\" data-element_type=\"container\" data-e-type=\"container\">\n\t\t\t\t\t<div class=\"e-con-inner\">\n\t\t\t\t<div class=\"elementor-element elementor-element-e4fa613 elementor-widget elementor-widget-heading\" data-id=\"e4fa613\" data-element_type=\"widget\" data-e-type=\"widget\" data-widget_type=\"heading.default\">\n\t\t\t\t\t<h2 class=\"elementor-heading-title elementor-size-default\">Los riesgos clim\u00e1ticos en Estados Unidos son una latente durante todo el a\u00f1o, pero es importante que conozcas en que zonas suceden. \n<\/h2>\t\t\t\t<\/div>\n\t\t\t\t\t<\/div>\n\t\t\t\t<\/div>\n\t\t<div data-particle_enable=\"false\" data-particle-mobile-disabled=\"false\" class=\"elementor-element elementor-element-3f58379 e-flex e-con-boxed e-con e-parent\" data-id=\"3f58379\" data-element_type=\"container\" data-e-type=\"container\">\n\t\t\t\t\t<div class=\"e-con-inner\">\n\t\t\t\t<div class=\"elementor-element elementor-element-806366b elementor-widget elementor-widget-text-editor\" data-id=\"806366b\" data-element_type=\"widget\" data-e-type=\"widget\" data-widget_type=\"text-editor.default\">\n\t\t\t\t\t\t\t\t\t<p>Estados Unidos, con su vasta extensi\u00f3n geogr\u00e1fica, enfrenta una variedad de riesgos clim\u00e1ticos extremos que afectan a diferentes regiones del pa\u00eds. Desde tornados devastadores hasta huracanes, nevadas intensas e incendios forestales, estos fen\u00f3menos naturales imponen desaf\u00edos significativos a las comunidades, seg\u00fan el<a href=\"https:\/\/www.weather.gov\/fsd\/espanol\" target=\"_blank\" rel=\"noopener\"> Servicio Meteorol\u00f3gico Nacional<\/a> (NWS, por sus siglas en ingl\u00e9s).<\/p><p>A continuaci\u00f3n, exploramos los principales riesgos clim\u00e1ticos seg\u00fan la regi\u00f3n y con informaci\u00f3n del <a href=\"https:\/\/www.cpc.ncep.noaa.gov\/products\/analysis_monitoring\/enso_advisory\/ensodisc_Sp.shtml\" target=\"_blank\" rel=\"noopener\">Centro de Predicci\u00f3n Clim\u00e1tica de Estados Unidos.<\/a><\/p>\t\t\t\t\t\t\t\t<\/div>\n\t\t\t\t\t<\/div>\n\t\t\t\t<\/div>\n\t\t<div data-particle_enable=\"false\" data-particle-mobile-disabled=\"false\" class=\"elementor-element elementor-element-e533904 e-flex e-con-boxed e-con e-parent\" data-id=\"e533904\" data-element_type=\"container\" data-e-type=\"container\">\n\t\t\t\t\t<div class=\"e-con-inner\">\n\t\t\t\t<div class=\"elementor-element elementor-element-ac7abf2 elementor-widget elementor-widget-heading\" data-id=\"ac7abf2\" data-element_type=\"widget\" data-e-type=\"widget\" data-widget_type=\"heading.default\">\n\t\t\t\t\t<h3 class=\"elementor-heading-title elementor-size-default\">1. Tornados: la amenaza del \u201cTornado Alley\u201d<\/h3>\t\t\t\t<\/div>\n\t\t\t\t\t<\/div>\n\t\t\t\t<\/div>\n\t\t<div data-particle_enable=\"false\" data-particle-mobile-disabled=\"false\" class=\"elementor-element elementor-element-78061e6 e-flex e-con-boxed e-con e-parent\" data-id=\"78061e6\" data-element_type=\"container\" data-e-type=\"container\">\n\t\t\t\t\t<div class=\"e-con-inner\">\n\t\t\t\t<div class=\"elementor-element elementor-element-5c7a731 elementor-widget elementor-widget-text-editor\" data-id=\"5c7a731\" data-element_type=\"widget\" data-e-type=\"widget\" data-widget_type=\"text-editor.default\">\n\t\t\t\t\t\t\t\t\t<div><strong>Regi\u00f3n afectada:<\/strong><\/div>\n<div>\u2022Los tornados son comunes en el centro del pa\u00eds, especialmente en el \u201cTornado Alley\u201d (Corredor de los Tornados), que abarca estados como Texas, Oklahoma, Kansas, Nebraska, y parte de Dakota del Sur e Iowa.<\/div>\n<div>\u2022Tambi\u00e9n pueden ocurrir en el sureste, afectando estados como Alabama y Mississippi.<\/div>\n<div>\u00a0<\/div>\n<div><strong>Temporada alta:<\/strong><\/div>\n<div>\u2022Primavera y principios de verano (de marzo a agosto)<\/div>\n<div>\u00a0<\/div>\n<div><strong>Caracter\u00edsticas:<\/strong><\/div>\n<div>\u2022Los tornados son columnas de aire en rotaci\u00f3n r\u00e1pida que pueden alcanzar velocidades de m\u00e1s de 300 km\/h.<\/div>\n<div>\u2022Pueden destruir casas, arrancar \u00e1rboles y lanzar veh\u00edculos por el aire en cuesti\u00f3n de minutos.<\/div>\t\t\t\t\t\t\t\t<\/div>\n\t\t\t\t\t<\/div>\n\t\t\t\t<\/div>\n\t\t<div data-particle_enable=\"false\" data-particle-mobile-disabled=\"false\" class=\"elementor-element elementor-element-8fc5a2e e-flex e-con-boxed e-con e-parent\" data-id=\"8fc5a2e\" data-element_type=\"container\" data-e-type=\"container\">\n\t\t\t\t\t<div class=\"e-con-inner\">\n\t\t\t\t<div class=\"elementor-element elementor-element-4fa5ade elementor-widget elementor-widget-image\" data-id=\"4fa5ade\" data-element_type=\"widget\" data-e-type=\"widget\" data-widget_type=\"image.default\">\n\t\t\t\t\t\t\t\t\t\t\t\t\t\t\t<img fetchpriority=\"high\" decoding=\"async\" width=\"768\" height=\"515\" src=\"https:\/\/soymigrante.com\/revista\/wp-content\/uploads\/2025\/01\/Riesgos-clima\u0301ticos-en-Estados-Unidos-una-gui\u0301a-por-regio\u0301n1-1024x687.jpg\" class=\"attachment-large size-large wp-image-20599\" alt=\"Riesgos clim\u00e1ticos en Estados Unidos: una gu\u00eda por regi\u00f3n\" srcset=\"https:\/\/soymigrante.com\/revista\/wp-content\/uploads\/2025\/01\/Riesgos-clima\u0301ticos-en-Estados-Unidos-una-gui\u0301a-por-regio\u0301n1-1024x687.jpg 1024w, https:\/\/soymigrante.com\/revista\/wp-content\/uploads\/2025\/01\/Riesgos-clima\u0301ticos-en-Estados-Unidos-una-gui\u0301a-por-regio\u0301n1-300x201.jpg 300w, https:\/\/soymigrante.com\/revista\/wp-content\/uploads\/2025\/01\/Riesgos-clima\u0301ticos-en-Estados-Unidos-una-gui\u0301a-por-regio\u0301n1-768x515.jpg 768w, https:\/\/soymigrante.com\/revista\/wp-content\/uploads\/2025\/01\/Riesgos-clima\u0301ticos-en-Estados-Unidos-una-gui\u0301a-por-regio\u0301n1-1536x1031.jpg 1536w, https:\/\/soymigrante.com\/revista\/wp-content\/uploads\/2025\/01\/Riesgos-clima\u0301ticos-en-Estados-Unidos-una-gui\u0301a-por-regio\u0301n1-2048x1374.jpg 2048w, https:\/\/soymigrante.com\/revista\/wp-content\/uploads\/2025\/01\/Riesgos-clima\u0301ticos-en-Estados-Unidos-una-gui\u0301a-por-regio\u0301n1-750x503.webp 750w, https:\/\/soymigrante.com\/revista\/wp-content\/uploads\/2025\/01\/Riesgos-clima\u0301ticos-en-Estados-Unidos-una-gui\u0301a-por-regio\u0301n1-1140x765.webp 1140w, https:\/\/soymigrante.com\/revista\/wp-content\/uploads\/2025\/01\/Riesgos-clima\u0301ticos-en-Estados-Unidos-una-gui\u0301a-por-regio\u0301n1-scaled.webp 1920w\" sizes=\"(max-width: 768px) 100vw, 768px\" title=\"Riesgos clima\u0301ticos en Estados Unidos una gui\u0301a por regio\u0301n1 \u2013 SoyMigrante.com REVISTA\" \/>\t\t\t\t\t\t\t\t\t\t\t\t\t\t\t<\/div>\n\t\t\t\t\t<\/div>\n\t\t\t\t<\/div>\n\t\t<div data-particle_enable=\"false\" data-particle-mobile-disabled=\"false\" class=\"elementor-element elementor-element-34818a2 e-flex e-con-boxed e-con e-parent\" data-id=\"34818a2\" data-element_type=\"container\" data-e-type=\"container\">\n\t\t\t\t\t<div class=\"e-con-inner\">\n\t\t\t\t<div class=\"elementor-element elementor-element-cebd614 elementor-widget elementor-widget-heading\" data-id=\"cebd614\" data-element_type=\"widget\" data-e-type=\"widget\" data-widget_type=\"heading.default\">\n\t\t\t\t\t<h3 class=\"elementor-heading-title elementor-size-default\">2. Huracanes: tormentas tropicales devastadoras<\/h3>\t\t\t\t<\/div>\n\t\t\t\t\t<\/div>\n\t\t\t\t<\/div>\n\t\t<div data-particle_enable=\"false\" data-particle-mobile-disabled=\"false\" class=\"elementor-element elementor-element-671e333 e-flex e-con-boxed e-con e-parent\" data-id=\"671e333\" data-element_type=\"container\" data-e-type=\"container\">\n\t\t\t\t\t<div class=\"e-con-inner\">\n\t\t\t\t<div class=\"elementor-element elementor-element-af6c660 elementor-widget elementor-widget-text-editor\" data-id=\"af6c660\" data-element_type=\"widget\" data-e-type=\"widget\" data-widget_type=\"text-editor.default\">\n\t\t\t\t\t\t\t\t\t<div>\u00a0<\/div><div><strong>Regi\u00f3n afectada:<\/strong><\/div><div>\u2022La costa del Atl\u00e1ntico (desde Florida hasta Nueva York) y el Golfo de M\u00e9xico (incluidos Texas, Luisiana y Alabama).<\/div><div>\u2022En menor medida, tambi\u00e9n afectan Haw\u00e1i y la costa del Pac\u00edfico.<\/div><div>\u00a0<\/div><div><strong>Temporada alta:<\/strong><\/div><div>\u2022Junio a noviembre, con el pico de actividad entre agosto y octubre.<\/div><div>\u00a0<\/div><div><strong>Caracter\u00edsticas:<\/strong><\/div><div>\u2022Los huracanes traen fuertes vientos, lluvias torrenciales e inundaciones costeras (marejadas cicl\u00f3nicas).<\/div><div>\u2022El hurac\u00e1n Katrina (2005) y el hurac\u00e1n Harvey (2017) son ejemplos de la devastaci\u00f3n que pueden causar.<\/div>\t\t\t\t\t\t\t\t<\/div>\n\t\t\t\t\t<\/div>\n\t\t\t\t<\/div>\n\t\t<div data-particle_enable=\"false\" data-particle-mobile-disabled=\"false\" class=\"elementor-element elementor-element-c15b9a3 e-flex e-con-boxed e-con e-parent\" data-id=\"c15b9a3\" data-element_type=\"container\" data-e-type=\"container\">\n\t\t\t\t\t<div class=\"e-con-inner\">\n\t\t\t\t<div class=\"elementor-element elementor-element-05d1eb7 elementor-widget elementor-widget-image\" data-id=\"05d1eb7\" data-element_type=\"widget\" data-e-type=\"widget\" data-widget_type=\"image.default\">\n\t\t\t\t\t\t\t\t\t\t\t\t\t\t\t<img decoding=\"async\" width=\"768\" height=\"524\" src=\"https:\/\/soymigrante.com\/revista\/wp-content\/uploads\/2025\/01\/Riesgos-clima\u0301ticos-en-Estados-Unidos-una-gui\u0301a-por-regio\u0301n5-1024x698.jpg\" class=\"attachment-large size-large wp-image-20600\" alt=\"Riesgos clim\u00e1ticos en Estados Unidos: una gu\u00eda por regi\u00f3n\" srcset=\"https:\/\/soymigrante.com\/revista\/wp-content\/uploads\/2025\/01\/Riesgos-clima\u0301ticos-en-Estados-Unidos-una-gui\u0301a-por-regio\u0301n5-1024x698.jpg 1024w, https:\/\/soymigrante.com\/revista\/wp-content\/uploads\/2025\/01\/Riesgos-clima\u0301ticos-en-Estados-Unidos-una-gui\u0301a-por-regio\u0301n5-300x205.jpg 300w, https:\/\/soymigrante.com\/revista\/wp-content\/uploads\/2025\/01\/Riesgos-clima\u0301ticos-en-Estados-Unidos-una-gui\u0301a-por-regio\u0301n5-768x524.jpg 768w, https:\/\/soymigrante.com\/revista\/wp-content\/uploads\/2025\/01\/Riesgos-clima\u0301ticos-en-Estados-Unidos-una-gui\u0301a-por-regio\u0301n5-1536x1047.jpg 1536w, https:\/\/soymigrante.com\/revista\/wp-content\/uploads\/2025\/01\/Riesgos-clima\u0301ticos-en-Estados-Unidos-una-gui\u0301a-por-regio\u0301n5-2048x1396.jpg 2048w, https:\/\/soymigrante.com\/revista\/wp-content\/uploads\/2025\/01\/Riesgos-clima\u0301ticos-en-Estados-Unidos-una-gui\u0301a-por-regio\u0301n5-750x511.webp 750w, https:\/\/soymigrante.com\/revista\/wp-content\/uploads\/2025\/01\/Riesgos-clima\u0301ticos-en-Estados-Unidos-una-gui\u0301a-por-regio\u0301n5-1140x777.webp 1140w, https:\/\/soymigrante.com\/revista\/wp-content\/uploads\/2025\/01\/Riesgos-clima\u0301ticos-en-Estados-Unidos-una-gui\u0301a-por-regio\u0301n5-scaled.webp 1920w\" sizes=\"(max-width: 768px) 100vw, 768px\" title=\"Riesgos clima\u0301ticos en Estados Unidos una gui\u0301a por regio\u0301n5 \u2013 SoyMigrante.com REVISTA\" \/>\t\t\t\t\t\t\t\t\t\t\t\t\t\t\t<\/div>\n\t\t\t\t\t<\/div>\n\t\t\t\t<\/div>\n\t\t<div data-particle_enable=\"false\" data-particle-mobile-disabled=\"false\" class=\"elementor-element elementor-element-7dc5316 e-flex e-con-boxed e-con e-parent\" data-id=\"7dc5316\" data-element_type=\"container\" data-e-type=\"container\">\n\t\t\t\t\t<div class=\"e-con-inner\">\n\t\t\t\t<div class=\"elementor-element elementor-element-0ff1f3b elementor-widget elementor-widget-heading\" data-id=\"0ff1f3b\" data-element_type=\"widget\" data-e-type=\"widget\" data-widget_type=\"heading.default\">\n\t\t\t\t\t<h3 class=\"elementor-heading-title elementor-size-default\">3. Nevadas intensas: el desaf\u00edo del invierno<\/h3>\t\t\t\t<\/div>\n\t\t\t\t\t<\/div>\n\t\t\t\t<\/div>\n\t\t<div data-particle_enable=\"false\" data-particle-mobile-disabled=\"false\" class=\"elementor-element elementor-element-4a9c3a7 e-flex e-con-boxed e-con e-parent\" data-id=\"4a9c3a7\" data-element_type=\"container\" data-e-type=\"container\">\n\t\t\t\t\t<div class=\"e-con-inner\">\n\t\t\t\t<div class=\"elementor-element elementor-element-b4a5fbe elementor-widget elementor-widget-text-editor\" data-id=\"b4a5fbe\" data-element_type=\"widget\" data-e-type=\"widget\" data-widget_type=\"text-editor.default\">\n\t\t\t\t\t\t\t\t\t<div><strong>Regi\u00f3n afectada:<\/strong><\/div><div>\u2022El noreste (Nueva York, Massachusetts, Maine, entre otros).<\/div><div>\u2022El medio oeste (Minnesota, Wisconsin, Michigan).<\/div><div>\u2022Monta\u00f1as Rocosas y Sierra Nevada (Colorado, Utah, California).<\/div><div>\u00a0<\/div><div><strong>Temporada alta:<\/strong><\/div><div>\u2022Invierno, de noviembre a marzo.<\/div><div>\u00a0<\/div><div><strong>Caracter\u00edsticas:<\/strong><\/div><div>\u2022Las tormentas de nieve pueden paralizar ciudades enteras, cerrar carreteras y causar apagones el\u00e9ctricos.<\/div><div>\u2022En las monta\u00f1as, las avalanchas son un riesgo adicional.<\/div><div>\u2022En 2022, Buffalo, Nueva York, enfrent\u00f3 una hist\u00f3rica tormenta de nieve que dej\u00f3 acumulaciones r\u00e9cord.<\/div>\t\t\t\t\t\t\t\t<\/div>\n\t\t\t\t\t<\/div>\n\t\t\t\t<\/div>\n\t\t<div data-particle_enable=\"false\" data-particle-mobile-disabled=\"false\" class=\"elementor-element elementor-element-4276e60 e-flex e-con-boxed e-con e-parent\" data-id=\"4276e60\" data-element_type=\"container\" data-e-type=\"container\">\n\t\t\t\t\t<div class=\"e-con-inner\">\n\t\t\t\t<div class=\"elementor-element elementor-element-0b78e3d elementor-widget elementor-widget-image\" data-id=\"0b78e3d\" data-element_type=\"widget\" data-e-type=\"widget\" data-widget_type=\"image.default\">\n\t\t\t\t\t\t\t\t\t\t\t\t\t\t\t<img decoding=\"async\" width=\"768\" height=\"518\" src=\"https:\/\/soymigrante.com\/revista\/wp-content\/uploads\/2025\/01\/Riesgos-clima\u0301ticos-en-Estados-Unidos-una-gui\u0301a-por-regio\u0301n4-1024x691.jpg\" class=\"attachment-large size-large wp-image-20601\" alt=\"Riesgos clim\u00e1ticos en Estados Unidos: una gu\u00eda por regi\u00f3n\" srcset=\"https:\/\/soymigrante.com\/revista\/wp-content\/uploads\/2025\/01\/Riesgos-clima\u0301ticos-en-Estados-Unidos-una-gui\u0301a-por-regio\u0301n4-1024x691.jpg 1024w, https:\/\/soymigrante.com\/revista\/wp-content\/uploads\/2025\/01\/Riesgos-clima\u0301ticos-en-Estados-Unidos-una-gui\u0301a-por-regio\u0301n4-300x202.jpg 300w, https:\/\/soymigrante.com\/revista\/wp-content\/uploads\/2025\/01\/Riesgos-clima\u0301ticos-en-Estados-Unidos-una-gui\u0301a-por-regio\u0301n4-768x518.jpg 768w, https:\/\/soymigrante.com\/revista\/wp-content\/uploads\/2025\/01\/Riesgos-clima\u0301ticos-en-Estados-Unidos-una-gui\u0301a-por-regio\u0301n4-1536x1036.jpg 1536w, https:\/\/soymigrante.com\/revista\/wp-content\/uploads\/2025\/01\/Riesgos-clima\u0301ticos-en-Estados-Unidos-una-gui\u0301a-por-regio\u0301n4-2048x1382.jpg 2048w, https:\/\/soymigrante.com\/revista\/wp-content\/uploads\/2025\/01\/Riesgos-clima\u0301ticos-en-Estados-Unidos-una-gui\u0301a-por-regio\u0301n4-750x506.webp 750w, https:\/\/soymigrante.com\/revista\/wp-content\/uploads\/2025\/01\/Riesgos-clima\u0301ticos-en-Estados-Unidos-una-gui\u0301a-por-regio\u0301n4-1140x769.webp 1140w, https:\/\/soymigrante.com\/revista\/wp-content\/uploads\/2025\/01\/Riesgos-clima\u0301ticos-en-Estados-Unidos-una-gui\u0301a-por-regio\u0301n4-scaled.webp 1920w\" sizes=\"(max-width: 768px) 100vw, 768px\" title=\"Riesgos clima\u0301ticos en Estados Unidos una gui\u0301a por regio\u0301n4 \u2013 SoyMigrante.com REVISTA\" \/>\t\t\t\t\t\t\t\t\t\t\t\t\t\t\t<\/div>\n\t\t\t\t\t<\/div>\n\t\t\t\t<\/div>\n\t\t<div data-particle_enable=\"false\" data-particle-mobile-disabled=\"false\" class=\"elementor-element elementor-element-edfc782 e-flex e-con-boxed e-con e-parent\" data-id=\"edfc782\" data-element_type=\"container\" data-e-type=\"container\">\n\t\t\t\t\t<div class=\"e-con-inner\">\n\t\t\t\t<div class=\"elementor-element elementor-element-00d4a2b elementor-widget elementor-widget-heading\" data-id=\"00d4a2b\" data-element_type=\"widget\" data-e-type=\"widget\" data-widget_type=\"heading.default\">\n\t\t\t\t\t<h3 class=\"elementor-heading-title elementor-size-default\">4. Incendios forestales: el peligro del oeste<\/h3>\t\t\t\t<\/div>\n\t\t\t\t\t<\/div>\n\t\t\t\t<\/div>\n\t\t<div data-particle_enable=\"false\" data-particle-mobile-disabled=\"false\" class=\"elementor-element elementor-element-6a3d330 e-flex e-con-boxed e-con e-parent\" data-id=\"6a3d330\" data-element_type=\"container\" data-e-type=\"container\">\n\t\t\t\t\t<div class=\"e-con-inner\">\n\t\t\t\t<div class=\"elementor-element elementor-element-2905648 elementor-widget elementor-widget-text-editor\" data-id=\"2905648\" data-element_type=\"widget\" data-e-type=\"widget\" data-widget_type=\"text-editor.default\">\n\t\t\t\t\t\t\t\t\t<div><strong>Regi\u00f3n afectada:<\/strong><\/div><div>\u2022Principalmente el oeste de Estados Unidos, incluidos California, Oreg\u00f3n, Washington, Colorado y Arizona.<\/div><div>\u2022Tambi\u00e9n afectan partes del sureste, como Florida y Georgia.<\/div><div>\u00a0<\/div><div><strong>Temporada alta:<\/strong><\/div><div>\u2022Verano y oto\u00f1o, aunque con el cambio clim\u00e1tico, la temporada de incendios se ha extendido.<\/div><div>\u00a0<\/div><div><strong>Caracter\u00edsticas:<\/strong><\/div><div><a href=\"https:\/\/soymigrante.com\/revista\/incendios-de-california-la-guatemalteca-iris-diaz-afronta-situacion-con-fortaleza-fe-y-solidaridad\/\" target=\"_blank\" rel=\"noopener\">\u2022Los incendios forestales son avivados por altas temperaturas<\/a>, sequ\u00edas prolongadas y fuertes vientos.<\/div><div>\u2022En 2020, California vivi\u00f3 su peor temporada de incendios, con m\u00e1s de 4 millones de acres quemados, teniendo en cuenta que no ha hecho el reporte oficial de los acres quemados en 2025.<\/div><div>\u2022El humo de los incendios puede causar problemas respiratorios, incluso a cientos de kil\u00f3metros de distancia.<\/div>\t\t\t\t\t\t\t\t<\/div>\n\t\t\t\t\t<\/div>\n\t\t\t\t<\/div>\n\t\t<div data-particle_enable=\"false\" data-particle-mobile-disabled=\"false\" class=\"elementor-element elementor-element-c744c29 e-flex e-con-boxed e-con e-parent\" data-id=\"c744c29\" data-element_type=\"container\" data-e-type=\"container\">\n\t\t\t\t\t<div class=\"e-con-inner\">\n\t\t\t\t<div class=\"elementor-element elementor-element-cd13b2b elementor-widget elementor-widget-image\" data-id=\"cd13b2b\" data-element_type=\"widget\" data-e-type=\"widget\" data-widget_type=\"image.default\">\n\t\t\t\t\t\t\t\t\t\t\t\t\t\t\t<img loading=\"lazy\" decoding=\"async\" width=\"768\" height=\"1017\" src=\"https:\/\/soymigrante.com\/revista\/wp-content\/uploads\/2025\/01\/Riesgos-clima\u0301ticos-en-Estados-Unidos-una-gui\u0301a-por-regio\u0301n3-773x1024.jpg\" class=\"attachment-large size-large wp-image-20602\" alt=\"Riesgos clim\u00e1ticos en Estados Unidos: una gu\u00eda por regi\u00f3n\" srcset=\"https:\/\/soymigrante.com\/revista\/wp-content\/uploads\/2025\/01\/Riesgos-clima\u0301ticos-en-Estados-Unidos-una-gui\u0301a-por-regio\u0301n3-773x1024.jpg 773w, https:\/\/soymigrante.com\/revista\/wp-content\/uploads\/2025\/01\/Riesgos-clima\u0301ticos-en-Estados-Unidos-una-gui\u0301a-por-regio\u0301n3-226x300.jpg 226w, https:\/\/soymigrante.com\/revista\/wp-content\/uploads\/2025\/01\/Riesgos-clima\u0301ticos-en-Estados-Unidos-una-gui\u0301a-por-regio\u0301n3-768x1018.jpg 768w, https:\/\/soymigrante.com\/revista\/wp-content\/uploads\/2025\/01\/Riesgos-clima\u0301ticos-en-Estados-Unidos-una-gui\u0301a-por-regio\u0301n3-1159x1536.jpg 1159w, https:\/\/soymigrante.com\/revista\/wp-content\/uploads\/2025\/01\/Riesgos-clima\u0301ticos-en-Estados-Unidos-una-gui\u0301a-por-regio\u0301n3-1545x2048.jpg 1545w, https:\/\/soymigrante.com\/revista\/wp-content\/uploads\/2025\/01\/Riesgos-clima\u0301ticos-en-Estados-Unidos-una-gui\u0301a-por-regio\u0301n3-750x994.webp 750w, https:\/\/soymigrante.com\/revista\/wp-content\/uploads\/2025\/01\/Riesgos-clima\u0301ticos-en-Estados-Unidos-una-gui\u0301a-por-regio\u0301n3-1140x1511.webp 1140w, https:\/\/soymigrante.com\/revista\/wp-content\/uploads\/2025\/01\/Riesgos-clima\u0301ticos-en-Estados-Unidos-una-gui\u0301a-por-regio\u0301n3-scaled.webp 1449w\" sizes=\"(max-width: 768px) 100vw, 768px\" title=\"Riesgos clima\u0301ticos en Estados Unidos una gui\u0301a por regio\u0301n3 \u2013 SoyMigrante.com REVISTA\" \/>\t\t\t\t\t\t\t\t\t\t\t\t\t\t\t<\/div>\n\t\t\t\t\t<\/div>\n\t\t\t\t<\/div>\n\t\t<div data-particle_enable=\"false\" data-particle-mobile-disabled=\"false\" class=\"elementor-element elementor-element-58aa823 e-flex e-con-boxed e-con e-parent\" data-id=\"58aa823\" data-element_type=\"container\" data-e-type=\"container\">\n\t\t\t\t\t<div class=\"e-con-inner\">\n\t\t\t\t<div class=\"elementor-element elementor-element-2ae32f5 elementor-widget elementor-widget-heading\" data-id=\"2ae32f5\" data-element_type=\"widget\" data-e-type=\"widget\" data-widget_type=\"heading.default\">\n\t\t\t\t\t<h3 class=\"elementor-heading-title elementor-size-default\">5. Inundaciones: un riesgo en m\u00faltiples regiones<\/h3>\t\t\t\t<\/div>\n\t\t\t\t\t<\/div>\n\t\t\t\t<\/div>\n\t\t<div data-particle_enable=\"false\" data-particle-mobile-disabled=\"false\" class=\"elementor-element elementor-element-53edf07 e-flex e-con-boxed e-con e-parent\" data-id=\"53edf07\" data-element_type=\"container\" data-e-type=\"container\">\n\t\t\t\t\t<div class=\"e-con-inner\">\n\t\t\t\t<div class=\"elementor-element elementor-element-ba04518 elementor-widget elementor-widget-text-editor\" data-id=\"ba04518\" data-element_type=\"widget\" data-e-type=\"widget\" data-widget_type=\"text-editor.default\">\n\t\t\t\t\t\t\t\t\t<div><strong>Regi\u00f3n afectada:<\/strong><\/div><div>\u2022El medio oeste, a lo largo del r\u00edo Misisipi y sus afluentes.<\/div><div>\u2022Las costas del Atl\u00e1ntico y del Golfo de M\u00e9xico.<\/div><div>\u2022Zonas urbanas propensas a inundaciones repentinas, como Houston y Nueva York.<\/div><div>\u00a0<\/div><div><strong>Temporada alta:<\/strong><\/div><div>\u2022Todo el a\u00f1o, dependiendo de las lluvias y tormentas.<\/div><div>\u00a0<\/div><div><strong>Caracter\u00edsticas:<\/strong><\/div><div>\u2022Las inundaciones pueden ser repentinas o prolongadas, causando da\u00f1os a viviendas, carreteras y cultivos.<\/div><div>\u2022Las lluvias extremas, como las asociadas al hurac\u00e1n Harvey, pueden generar acumulaciones hist\u00f3ricas en pocos d\u00edas.<\/div>\t\t\t\t\t\t\t\t<\/div>\n\t\t\t\t\t<\/div>\n\t\t\t\t<\/div>\n\t\t<div data-particle_enable=\"false\" data-particle-mobile-disabled=\"false\" class=\"elementor-element elementor-element-2a94bb6 e-flex e-con-boxed e-con e-parent\" data-id=\"2a94bb6\" data-element_type=\"container\" data-e-type=\"container\">\n\t\t\t\t\t<div class=\"e-con-inner\">\n\t\t\t\t<div class=\"elementor-element elementor-element-674ef75 elementor-widget elementor-widget-image\" data-id=\"674ef75\" data-element_type=\"widget\" data-e-type=\"widget\" data-widget_type=\"image.default\">\n\t\t\t\t\t\t\t\t\t\t\t\t\t\t\t<img loading=\"lazy\" decoding=\"async\" width=\"768\" height=\"512\" src=\"https:\/\/soymigrante.com\/revista\/wp-content\/uploads\/2025\/01\/Riesgos-clima\u0301ticos-en-Estados-Unidos-una-gui\u0301a-por-regio\u0301n7-1024x683.jpg\" class=\"attachment-large size-large wp-image-20603\" alt=\"Riesgos clim\u00e1ticos en Estados Unidos: una gu\u00eda por regi\u00f3n\" srcset=\"https:\/\/soymigrante.com\/revista\/wp-content\/uploads\/2025\/01\/Riesgos-clima\u0301ticos-en-Estados-Unidos-una-gui\u0301a-por-regio\u0301n7-1024x683.jpg 1024w, https:\/\/soymigrante.com\/revista\/wp-content\/uploads\/2025\/01\/Riesgos-clima\u0301ticos-en-Estados-Unidos-una-gui\u0301a-por-regio\u0301n7-300x200.jpg 300w, https:\/\/soymigrante.com\/revista\/wp-content\/uploads\/2025\/01\/Riesgos-clima\u0301ticos-en-Estados-Unidos-una-gui\u0301a-por-regio\u0301n7-768x512.jpg 768w, https:\/\/soymigrante.com\/revista\/wp-content\/uploads\/2025\/01\/Riesgos-clima\u0301ticos-en-Estados-Unidos-una-gui\u0301a-por-regio\u0301n7-1536x1024.jpg 1536w, https:\/\/soymigrante.com\/revista\/wp-content\/uploads\/2025\/01\/Riesgos-clima\u0301ticos-en-Estados-Unidos-una-gui\u0301a-por-regio\u0301n7-2048x1365.jpg 2048w, https:\/\/soymigrante.com\/revista\/wp-content\/uploads\/2025\/01\/Riesgos-clima\u0301ticos-en-Estados-Unidos-una-gui\u0301a-por-regio\u0301n7-750x500.webp 750w, https:\/\/soymigrante.com\/revista\/wp-content\/uploads\/2025\/01\/Riesgos-clima\u0301ticos-en-Estados-Unidos-una-gui\u0301a-por-regio\u0301n7-1140x760.webp 1140w, https:\/\/soymigrante.com\/revista\/wp-content\/uploads\/2025\/01\/Riesgos-clima\u0301ticos-en-Estados-Unidos-una-gui\u0301a-por-regio\u0301n7-scaled.webp 1920w\" sizes=\"(max-width: 768px) 100vw, 768px\" title=\"Riesgos clima\u0301ticos en Estados Unidos una gui\u0301a por regio\u0301n7 \u2013 SoyMigrante.com REVISTA\" \/>\t\t\t\t\t\t\t\t\t\t\t\t\t\t\t<\/div>\n\t\t\t\t\t<\/div>\n\t\t\t\t<\/div>\n\t\t<div data-particle_enable=\"false\" data-particle-mobile-disabled=\"false\" class=\"elementor-element elementor-element-d91db66 e-flex e-con-boxed e-con e-parent\" data-id=\"d91db66\" data-element_type=\"container\" data-e-type=\"container\">\n\t\t\t\t\t<div class=\"e-con-inner\">\n\t\t\t\t<div class=\"elementor-element elementor-element-394e26b elementor-widget elementor-widget-heading\" data-id=\"394e26b\" data-element_type=\"widget\" data-e-type=\"widget\" data-widget_type=\"heading.default\">\n\t\t\t\t\t<h3 class=\"elementor-heading-title elementor-size-default\">Preparaci\u00f3n ante los riesgos clim\u00e1ticos<\/h3>\t\t\t\t<\/div>\n\t\t\t\t\t<\/div>\n\t\t\t\t<\/div>\n\t\t<div data-particle_enable=\"false\" data-particle-mobile-disabled=\"false\" class=\"elementor-element elementor-element-7ef94b3 e-flex e-con-boxed e-con e-parent\" data-id=\"7ef94b3\" data-element_type=\"container\" data-e-type=\"container\">\n\t\t\t\t\t<div class=\"e-con-inner\">\n\t\t\t\t<div class=\"elementor-element elementor-element-fdcc6f7 elementor-widget elementor-widget-text-editor\" data-id=\"fdcc6f7\" data-element_type=\"widget\" data-e-type=\"widget\" data-widget_type=\"text-editor.default\">\n\t\t\t\t\t\t\t\t\t<div>Dada la diversidad de fen\u00f3menos clim\u00e1ticos en el pa\u00eds, es fundamental estar preparado:<\/div><div><strong>\u2022Conoce los riesgos locales:<\/strong> Inf\u00f3rmate sobre los peligros m\u00e1s comunes en tu \u00e1rea.<\/div><div><strong>\u2022Crea un plan de emergencia:<\/strong> Incluye rutas de evacuaci\u00f3n, contactos de emergencia y un kit de suministros b\u00e1sicos.<\/div><div><strong>\u2022Atiende las alertas meteorol\u00f3gicas:<\/strong> Mantente informado a trav\u00e9s de fuentes confiables como el Servicio Meteorol\u00f3gico Nacional (NWS).<\/div><div><strong>\u2022Adapta tu hogar:<\/strong> En zonas propensas a huracanes, refuerza ventanas y puertas; en \u00e1reas de tornados, identifica refugios seguros.<\/div>\t\t\t\t\t\t\t\t<\/div>\n\t\t\t\t\t<\/div>\n\t\t\t\t<\/div>\n\t\t<div data-particle_enable=\"false\" data-particle-mobile-disabled=\"false\" class=\"elementor-element elementor-element-754659e e-flex e-con-boxed e-con e-parent\" data-id=\"754659e\" data-element_type=\"container\" data-e-type=\"container\">\n\t\t\t\t\t<div class=\"e-con-inner\">\n\t\t\t\t<div class=\"elementor-element elementor-element-e5a954d elementor-widget elementor-widget-text-editor\" data-id=\"e5a954d\" data-element_type=\"widget\" data-e-type=\"widget\" data-widget_type=\"text-editor.default\">\n\t\t\t\t\t\t\t\t\t<p><a href=\"https:\/\/soymigrante.com\/revista\/incendios-de-california-la-guatemalteca-iris-diaz-afronta-situacion-con-fortaleza-fe-y-solidaridad\/\" target=\"_blank\" rel=\"noopener\">Estados Unidos es un pa\u00eds resiliente, pero la preparaci\u00f3n y la prevenci\u00f3n son clave<\/a> para mitigar los impactos de estos fen\u00f3menos naturales. Estar informado y tomar medidas puede marcar la diferencia entre la seguridad y el riesgo ante los desaf\u00edos clim\u00e1ticos.<\/p>\t\t\t\t\t\t\t\t<\/div>\n\t\t\t\t\t<\/div>\n\t\t\t\t<\/div>\n\t\t<div data-particle_enable=\"false\" data-particle-mobile-disabled=\"false\" class=\"elementor-element elementor-element-6139ebe e-flex e-con-boxed e-con e-parent\" data-id=\"6139ebe\" data-element_type=\"container\" data-e-type=\"container\">\n\t\t\t\t\t<div class=\"e-con-inner\">\n\t\t\t\t<div class=\"elementor-element elementor-element-f5c192e elementor-widget elementor-widget-heading\" data-id=\"f5c192e\" data-element_type=\"widget\" data-e-type=\"widget\" data-widget_type=\"heading.default\">\n\t\t\t\t\t<h2 class=\"elementor-heading-title elementor-size-default\">Conoce m\u00e1s de prevenci\u00f3n ac\u00e1<\/h2>\t\t\t\t<\/div>\n\t\t\t\t\t<\/div>\n\t\t\t\t<\/div>\n\t\t<div data-particle_enable=\"false\" data-particle-mobile-disabled=\"false\" class=\"elementor-element elementor-element-9e77901 e-flex e-con-boxed e-con e-parent\" data-id=\"9e77901\" data-element_type=\"container\" data-e-type=\"container\">\n\t\t\t\t\t<div class=\"e-con-inner\">\n\t\t\t\t<div class=\"elementor-element elementor-element-e7050b1 elementor-grid-eael-col-3 elementor-grid-tablet-eael-col-2 elementor-grid-mobile-eael-col-1 elementor-widget elementor-widget-eael-post-grid\" data-id=\"e7050b1\" data-element_type=\"widget\" data-e-type=\"widget\" data-settings=\"{&quot;eael_post_grid_columns&quot;:&quot;eael-col-3&quot;,&quot;eael_post_grid_columns_tablet&quot;:&quot;eael-col-2&quot;,&quot;eael_post_grid_columns_mobile&quot;:&quot;eael-col-1&quot;}\" data-widget_type=\"eael-post-grid.default\">\n\t\t\t\t\t<div id=\"eael-post-grid-e7050b1\" class=\"eael-post-grid-container\">\n            <div class=\"eael-post-grid eael-post-appender eael-post-appender-e7050b1 eael-post-grid-style-one\" data-layout-mode=\"masonry\"><article class=\"eael-grid-post  eael-post-grid-column eael-pg-post-20232 category-estamos-unidos\" data-id=\"20232\">\n        <div class=\"eael-grid-post-holder\">\n            <div class=\"eael-grid-post-holder-inner\"><div class=\"eael-entry-media\"><div class=\"eael-entry-overlay fade-in\"><i class=\"far fa-hand-pointer\" aria-hidden=\"true\"><\/i><a href=\"https:\/\/soymigrante.com\/revista\/incendios-de-california-la-guatemalteca-iris-diaz-afronta-situacion-con-fortaleza-fe-y-solidaridad\/\"><\/a><\/div><div class=\"eael-entry-thumbnail \">\n                <img loading=\"lazy\" decoding=\"async\" width=\"1024\" height=\"1024\" src=\"https:\/\/soymigrante.com\/revista\/wp-content\/uploads\/2025\/01\/Iris-Di\u0301az-Fortaleza-en-medio-del-fuego-en-Pasadena6-e1736563184274-1024x1024.webp\" class=\"attachment-large size-large wp-image-20238\" alt=\"\" srcset=\"https:\/\/soymigrante.com\/revista\/wp-content\/uploads\/2025\/01\/Iris-Di\u0301az-Fortaleza-en-medio-del-fuego-en-Pasadena6-e1736563184274-1024x1024.webp 1024w, https:\/\/soymigrante.com\/revista\/wp-content\/uploads\/2025\/01\/Iris-Di\u0301az-Fortaleza-en-medio-del-fuego-en-Pasadena6-e1736563184274-300x300.webp 300w, https:\/\/soymigrante.com\/revista\/wp-content\/uploads\/2025\/01\/Iris-Di\u0301az-Fortaleza-en-medio-del-fuego-en-Pasadena6-e1736563184274-150x150.webp 150w, https:\/\/soymigrante.com\/revista\/wp-content\/uploads\/2025\/01\/Iris-Di\u0301az-Fortaleza-en-medio-del-fuego-en-Pasadena6-e1736563184274-768x769.webp 768w, https:\/\/soymigrante.com\/revista\/wp-content\/uploads\/2025\/01\/Iris-Di\u0301az-Fortaleza-en-medio-del-fuego-en-Pasadena6-e1736563184274-75x75.webp 75w, https:\/\/soymigrante.com\/revista\/wp-content\/uploads\/2025\/01\/Iris-Di\u0301az-Fortaleza-en-medio-del-fuego-en-Pasadena6-e1736563184274-750x751.webp 750w, https:\/\/soymigrante.com\/revista\/wp-content\/uploads\/2025\/01\/Iris-Di\u0301az-Fortaleza-en-medio-del-fuego-en-Pasadena6-e1736563184274-1140x1141.webp 1140w, https:\/\/soymigrante.com\/revista\/wp-content\/uploads\/2025\/01\/Iris-Di\u0301az-Fortaleza-en-medio-del-fuego-en-Pasadena6-e1736563184274.webp 1437w\" sizes=\"(max-width: 1024px) 100vw, 1024px\" \/>\n            <\/div>\n        <\/div><div class=\"eael-entry-wrapper\"><header class=\"eael-entry-header\"><h2 class=\"eael-entry-title\"><a class=\"eael-grid-post-link\" href=\"https:\/\/soymigrante.com\/revista\/incendios-de-california-la-guatemalteca-iris-diaz-afronta-situacion-con-fortaleza-fe-y-solidaridad\/\" title=\"Incendios de California: Confiando en Dios la guatemalteca Iris D\u00edaz evacu\u00f3 su casa en Pasadena\">Incendios de California: Confiando en Dios la guatemalteca Iris D\u00edaz evacu\u00f3 su casa en Pasadena<\/a><\/h2><\/header><div class=\"eael-entry-content\">\n                        <div class=\"eael-grid-post-excerpt\"><a href=\"https:\/\/soymigrante.com\/revista\/incendios-de-california-la-guatemalteca-iris-diaz-afronta-situacion-con-fortaleza-fe-y-solidaridad\/\" class=\"eael-post-elements-readmore-btn\">CONOCE SU HISTORIA <\/a><\/div>\n                    <\/div><\/div><\/div>\n        <\/div>\n    <\/article><article class=\"eael-grid-post  eael-post-grid-column eael-pg-post-9500 category-bienestar\" data-id=\"9500\">\n        <div class=\"eael-grid-post-holder\">\n            <div class=\"eael-grid-post-holder-inner\"><div class=\"eael-entry-media\"><div class=\"eael-entry-overlay fade-in\"><i class=\"far fa-hand-pointer\" aria-hidden=\"true\"><\/i><a href=\"https:\/\/soymigrante.com\/revista\/cambio-de-clima-en-usa-suele-ser-un-desafio-para-migrantes\/\"><\/a><\/div><div class=\"eael-entry-thumbnail \">\n                <img loading=\"lazy\" decoding=\"async\" width=\"1024\" height=\"682\" src=\"https:\/\/soymigrante.com\/revista\/wp-content\/uploads\/2024\/09\/Los-migrantes-ante-el-cambio-de-clima-en-Estados-Unidos-1024x682.webp\" class=\"attachment-large size-large wp-image-9502\" alt=\"Nieve y personas con ropa de invierno caminando en una calle cubierta de nieve en un d\u00eda de tormenta.\" srcset=\"https:\/\/soymigrante.com\/revista\/wp-content\/uploads\/2024\/09\/Los-migrantes-ante-el-cambio-de-clima-en-Estados-Unidos-1024x682.webp 1024w, https:\/\/soymigrante.com\/revista\/wp-content\/uploads\/2024\/09\/Los-migrantes-ante-el-cambio-de-clima-en-Estados-Unidos-300x200.webp 300w, https:\/\/soymigrante.com\/revista\/wp-content\/uploads\/2024\/09\/Los-migrantes-ante-el-cambio-de-clima-en-Estados-Unidos-768x512.webp 768w, https:\/\/soymigrante.com\/revista\/wp-content\/uploads\/2024\/09\/Los-migrantes-ante-el-cambio-de-clima-en-Estados-Unidos-750x500.webp 750w, https:\/\/soymigrante.com\/revista\/wp-content\/uploads\/2024\/09\/Los-migrantes-ante-el-cambio-de-clima-en-Estados-Unidos-1140x760.webp 1140w, https:\/\/soymigrante.com\/revista\/wp-content\/uploads\/2024\/09\/Los-migrantes-ante-el-cambio-de-clima-en-Estados-Unidos.webp 1280w\" sizes=\"(max-width: 1024px) 100vw, 1024px\" \/>\n            <\/div>\n        <\/div><div class=\"eael-entry-wrapper\"><header class=\"eael-entry-header\"><h2 class=\"eael-entry-title\"><a class=\"eael-grid-post-link\" href=\"https:\/\/soymigrante.com\/revista\/cambio-de-clima-en-usa-suele-ser-un-desafio-para-migrantes\/\" title=\"Cambio de clima en USA suele ser un desaf\u00edo para migrantes\">Cambio de clima en USA suele ser un desaf\u00edo para migrantes<\/a><\/h2><\/header><div class=\"eael-entry-content\">\n                        <div class=\"eael-grid-post-excerpt\"><a href=\"https:\/\/soymigrante.com\/revista\/cambio-de-clima-en-usa-suele-ser-un-desafio-para-migrantes\/\" class=\"eael-post-elements-readmore-btn\">CONOCE SU HISTORIA <\/a><\/div>\n                    <\/div><\/div><\/div>\n        <\/div>\n    <\/article><article class=\"eael-grid-post  eael-post-grid-column eael-pg-post-10501 category-bienestar\" data-id=\"10501\">\n        <div class=\"eael-grid-post-holder\">\n            <div class=\"eael-grid-post-holder-inner\"><div class=\"eael-entry-media\"><div class=\"eael-entry-overlay fade-in\"><i class=\"far fa-hand-pointer\" aria-hidden=\"true\"><\/i><a href=\"https:\/\/soymigrante.com\/revista\/sabes-cual-es-el-clima-en-cada-estado-de-usa\/\"><\/a><\/div><div class=\"eael-entry-thumbnail \">\n                <img loading=\"lazy\" decoding=\"async\" width=\"674\" height=\"674\" src=\"https:\/\/soymigrante.com\/revista\/wp-content\/uploads\/2024\/10\/clima.webp\" class=\"attachment-large size-large wp-image-10783\" alt=\"Filenames: soy-migrante-revista-juan-paseo-invierno.jpg.\" \/>\n            <\/div>\n        <\/div><div class=\"eael-entry-wrapper\"><header class=\"eael-entry-header\"><h2 class=\"eael-entry-title\"><a class=\"eael-grid-post-link\" href=\"https:\/\/soymigrante.com\/revista\/sabes-cual-es-el-clima-en-cada-estado-de-usa\/\" title=\"Ya viene el fr\u00edo: estaciones clim\u00e1ticas son reto extra para migrantes en USA\">Ya viene el fr\u00edo: estaciones clim\u00e1ticas son reto extra para migrantes en USA<\/a><\/h2><\/header><div class=\"eael-entry-content\">\n                        <div class=\"eael-grid-post-excerpt\"><a href=\"https:\/\/soymigrante.com\/revista\/sabes-cual-es-el-clima-en-cada-estado-de-usa\/\" class=\"eael-post-elements-readmore-btn\">CONOCE SU HISTORIA <\/a><\/div>\n                    <\/div><\/div><\/div>\n        <\/div>\n    <\/article><\/div>\n            <div class=\"clearfix\"><\/div>\n        <\/div>\t\t\t\t<\/div>\n\t\t\t\t\t<\/div>\n\t\t\t\t<\/div>\n\t\t\t\t<\/div>\n\t\t","protected":false},"excerpt":{"rendered":"<p>Los riesgos clim\u00e1ticos en Estados Unidos son una latente durante todo el a\u00f1o, pero es importante que conozcas en que zonas suceden. Estados Unidos, con su vasta extensi\u00f3n geogr\u00e1fica, enfrenta una variedad de riesgos clim\u00e1ticos extremos que afectan a diferentes regiones del pa\u00eds. Desde tornados devastadores hasta huracanes, nevadas intensas e incendios forestales, estos fen\u00f3menos [&hellip;]<\/p>\n","protected":false},"author":19,"featured_media":20583,"comment_status":"open","ping_status":"open","sticky":false,"template":"","format":"standard","meta":{"_acf_changed":false,"_eb_attr":"","footnotes":""},"categories":[54],"tags":[],"class_list":["post-20576","post","type-post","status-publish","format-standard","has-post-thumbnail","hentry","category-estamos-unidos"],"acf":[],"aioseo_notices":[],"aioseo_head":"\n\t\t<!-- All in One SEO Pro 4.9.6.2 - aioseo.com -->\n\t<meta name=\"description\" content=\"Seg\u00fan la regi\u00f3n y la altura, los cambios clim\u00e1ticos estacionales pueden ser bruscos. Saber tener ropa adecuada es parte de la adaptaci\u00f3n al entorno USA.\" \/>\n\t<meta name=\"robots\" content=\"max-snippet:-1, max-image-preview:large, max-video-preview:-1\" \/>\n\t<meta name=\"author\" content=\"Beatriz Tercero\"\/>\n\t<link rel=\"canonical\" href=\"https:\/\/soymigrante.com\/revista\/sabes-cual-es-el-clima-en-cada-estado-de-usa\/\" \/>\n\t<meta name=\"generator\" content=\"All in One SEO Pro (AIOSEO) 4.9.6.2\" \/>\n\n\t\t<link rel=\"preconnect\" href=\"https:\/\/fonts.googleapis.com\" crossorigin>\n<link rel=\"preconnect\" href=\"https:\/\/fonts.gstatic.com\" crossorigin>\n\t\t<meta property=\"og:locale\" content=\"es_ES\" \/>\n\t\t<meta property=\"og:site_name\" content=\"SoyMigrante.com REVISTA \u2013 Nuestra misi\u00f3n es reconocer y dignificar al migrante.\" \/>\n\t\t<meta property=\"og:type\" content=\"article\" \/>\n\t\t<meta property=\"og:title\" content=\"El clima en USA: un reto adicional para migrantes\" \/>\n\t\t<meta property=\"og:description\" content=\"Seg\u00fan la regi\u00f3n y la altura, los cambios clim\u00e1ticos estacionales pueden ser bruscos. Saber tener ropa adecuada es parte de la adaptaci\u00f3n al entorno USA.\" \/>\n\t\t<meta property=\"og:url\" content=\"https:\/\/soymigrante.com\/revista\/sabes-cual-es-el-clima-en-cada-estado-de-usa\/\" \/>\n\t\t<meta property=\"og:image\" content=\"https:\/\/soymigrante.com\/revista\/wp-content\/uploads\/2024\/10\/clima.webp\" \/>\n\t\t<meta property=\"og:image:secure_url\" content=\"https:\/\/soymigrante.com\/revista\/wp-content\/uploads\/2024\/10\/clima.webp\" \/>\n\t\t<meta property=\"og:image:width\" content=\"674\" \/>\n\t\t<meta property=\"og:image:height\" content=\"674\" \/>\n\t\t<meta property=\"article:published_time\" content=\"2024-10-29T18:35:24+00:00\" \/>\n\t\t<meta property=\"article:modified_time\" content=\"2024-11-27T17:55:34+00:00\" \/>\n\t\t<meta property=\"article:publisher\" content=\"https:\/\/www.facebook.com\/soymigrantecom\" \/>\n\t\t<meta name=\"twitter:card\" content=\"summary_large_image\" \/>\n\t\t<meta name=\"twitter:site\" content=\"@SoyMigrante_com\" \/>\n\t\t<meta name=\"twitter:title\" content=\"El clima en USA: un reto adicional para migrantes\" \/>\n\t\t<meta name=\"twitter:description\" content=\"Seg\u00fan la regi\u00f3n y la altura, los cambios clim\u00e1ticos estacionales pueden ser bruscos. Saber tener ropa adecuada es parte de la adaptaci\u00f3n al entorno USA.\" \/>\n\t\t<meta name=\"twitter:creator\" content=\"@SoyMigrante_com\" \/>\n\t\t<meta name=\"twitter:image\" content=\"https:\/\/soymigrante.com\/revista\/wp-content\/uploads\/2024\/10\/clima.webp\" \/>\n\t\t<!-- All in One SEO Pro -->\r\n\t\t<title>El clima en USA: un reto adicional para migrantes<\/title>\n\n","aioseo_head_json":{"title":"El clima en USA: un reto adicional para migrantes","description":"Seg\u00fan la regi\u00f3n y la altura, los cambios clim\u00e1ticos estacionales pueden ser bruscos. Saber tener ropa adecuada es parte de la adaptaci\u00f3n al entorno USA.","canonical_url":"https:\/\/soymigrante.com\/revista\/sabes-cual-es-el-clima-en-cada-estado-de-usa\/","robots":"max-snippet:-1, max-image-preview:large, max-video-preview:-1","keywords":"","webmasterTools":{"miscellaneous":"&lt;link rel=\"preconnect\" href=\"https:\/\/fonts.googleapis.com\" crossorigin&gt;\n&lt;link rel=\"preconnect\" href=\"https:\/\/fonts.gstatic.com\" crossorigin&gt;"},"schema":null,"og:locale":"es_ES","og:site_name":"SoyMigrante.com REVISTA \u2013 Nuestra misi\u00f3n es reconocer y dignificar al migrante.","og:type":"article","og:title":"El clima en USA: un reto adicional para migrantes","og:description":"Seg\u00fan la regi\u00f3n y la altura, los cambios clim\u00e1ticos estacionales pueden ser bruscos. Saber tener ropa adecuada es parte de la adaptaci\u00f3n al entorno USA.","og:url":"https:\/\/soymigrante.com\/revista\/sabes-cual-es-el-clima-en-cada-estado-de-usa\/","og:image":"https:\/\/soymigrante.com\/revista\/wp-content\/uploads\/2024\/10\/clima.webp","og:image:secure_url":"https:\/\/soymigrante.com\/revista\/wp-content\/uploads\/2024\/10\/clima.webp","og:image:width":674,"og:image:height":674,"article:published_time":"2024-10-29T18:35:24+00:00","article:modified_time":"2024-11-27T17:55:34+00:00","article:publisher":"https:\/\/www.facebook.com\/soymigrantecom","twitter:card":"summary_large_image","twitter:site":"@SoyMigrante_com","twitter:title":"El clima en USA: un reto adicional para migrantes","twitter:description":"Seg\u00fan la regi\u00f3n y la altura, los cambios clim\u00e1ticos estacionales pueden ser bruscos. Saber tener ropa adecuada es parte de la adaptaci\u00f3n al entorno USA.","twitter:creator":"@SoyMigrante_com","twitter:image":"https:\/\/soymigrante.com\/revista\/wp-content\/uploads\/2024\/10\/clima.webp"},"aioseo_meta_data":{"post_id":"20576","title":"Riesgos clim\u00e1ticos tambi\u00e9n afectan a USA: gu\u00eda por regiones","description":"Los riesgos clim\u00e1ticos en Estados Unidos son una posibilidad latente durante todo el a\u00f1o, pero no son los mismos en todas las regiones. Estos son los m\u00e1s frecuentes.","keywords":null,"keyphrases":{"focus":{"keyphrase":"estados unidos","score":82,"analysis":{"keyphraseInTitle":{"score":3,"maxScore":9,"error":1},"keyphraseInDescription":{"score":9,"maxScore":9,"error":0},"keyphraseLength":{"score":9,"maxScore":9,"error":0,"length":2},"keyphraseInURL":{"score":5,"maxScore":5,"error":0},"keyphraseInIntroduction":{"score":9,"maxScore":9,"error":0},"keyphraseInSubHeadings":{"score":3,"maxScore":9,"error":1},"keyphraseInImageAlt":{"score":9,"maxScore":9,"error":0},"keywordDensity":{"type":"best","score":9,"maxScore":9,"error":0}}},"additional":[{"keyphrase":"Estados Unidos","score":100,"analysis":{"keyphraseInDescription":{"score":9,"maxScore":9,"error":0},"keyphraseLength":{"score":9,"maxScore":9,"error":0,"length":2},"keyphraseInIntroduction":{"score":9,"maxScore":9,"error":0},"keyphraseInImageAlt":{"score":9,"maxScore":9,"error":0},"keywordDensity":{"type":"best","score":9,"maxScore":9,"error":0}}},{"keyphrase":"clim\u00e1ticos","score":100,"analysis":{"keyphraseInDescription":{"score":9,"maxScore":9,"error":0},"keyphraseLength":{"score":9,"maxScore":9,"error":0,"length":2},"keyphraseInIntroduction":{"score":9,"maxScore":9,"error":0},"keyphraseInImageAlt":{"score":9,"maxScore":9,"error":0},"keywordDensity":{"type":"best","score":9,"maxScore":9,"error":0}}},{"keyphrase":"Riesgo clim\u00e1tico","score":53,"analysis":{"keyphraseInDescription":{"score":3,"maxScore":9,"error":1},"keyphraseLength":{"score":9,"maxScore":9,"error":0,"length":3},"keyphraseInIntroduction":{"score":3,"maxScore":9,"error":1},"keyphraseInImageAlt":{"score":9,"maxScore":9,"error":0},"keywordDensity":{"score":0,"type":"low","maxScore":9,"error":1}}}]},"primary_term":null,"canonical_url":null,"og_title":null,"og_description":null,"og_object_type":"default","og_image_type":"default","og_image_url":null,"og_image_width":null,"og_image_height":null,"og_image_custom_url":null,"og_image_custom_fields":null,"og_video":"","og_custom_url":null,"og_article_section":null,"og_article_tags":null,"twitter_use_og":false,"twitter_card":"default","twitter_image_type":"default","twitter_image_url":null,"twitter_image_custom_url":null,"twitter_image_custom_fields":null,"twitter_title":null,"twitter_description":null,"schema":{"blockGraphs":[],"customGraphs":[],"default":{"data":{"Article":[],"Course":[],"Dataset":[],"FAQPage":[],"Movie":[],"Person":[],"Product":[],"ProductReview":[],"Car":[],"Recipe":[],"Service":[],"SoftwareApplication":[],"WebPage":[]},"graphName":"BlogPosting","isEnabled":true},"graphs":[]},"schema_type":"default","schema_type_options":null,"pillar_content":false,"robots_default":true,"robots_noindex":false,"robots_noarchive":false,"robots_nosnippet":false,"robots_nofollow":false,"robots_noimageindex":false,"robots_noodp":false,"robots_notranslate":false,"robots_max_snippet":"-1","robots_max_videopreview":"-1","robots_max_imagepreview":"large","priority":null,"frequency":"default","local_seo":null,"seo_analyzer_scan_date":"2025-10-09 01:48:07","breadcrumb_settings":null,"limit_modified_date":false,"reviewed_by":null,"open_ai":"{\"title\":{\"suggestions\":[],\"usage\":0},\"description\":{\"suggestions\":[],\"usage\":0}}","ai":null,"created":"2025-01-13 20:48:26","updated":"2026-02-04 18:58:04"},"aioseo_breadcrumb":"<div class=\"aioseo-breadcrumbs\"><span class=\"aioseo-breadcrumb\">\n\t<a href=\"https:\/\/soymigrante.com\/revista\" title=\"Home\">Home<\/a>\n<\/span><span class=\"aioseo-breadcrumb-separator\">\u00bb<\/span><span class=\"aioseo-breadcrumb\">\n\t<a href=\"https:\/\/soymigrante.com\/revista\/category\/estamos-unidos\/\" title=\"Estamos Unidos\">Estamos Unidos<\/a>\n<\/span><span class=\"aioseo-breadcrumb-separator\">\u00bb<\/span><span class=\"aioseo-breadcrumb\">\n\tRiesgo de eventos clim\u00e1ticos afecta a regiones de Estados Unidos y siempre es bueno prevenir\n<\/span><\/div>","aioseo_breadcrumb_json":[{"label":"Home","link":"https:\/\/soymigrante.com\/revista"},{"label":"Estamos Unidos","link":"https:\/\/soymigrante.com\/revista\/category\/estamos-unidos\/"},{"label":"Riesgo de eventos clim\u00e1ticos afecta a regiones de Estados Unidos y siempre es bueno prevenir","link":"https:\/\/soymigrante.com\/revista\/riesgos-climaticos-tambien-afectan-a-estados-unidos-y-siempre-es-bueno-prevenir\/"}],"_links":{"self":[{"href":"https:\/\/soymigrante.com\/revista\/wp-json\/wp\/v2\/posts\/20576","targetHints":{"allow":["GET"]}}],"collection":[{"href":"https:\/\/soymigrante.com\/revista\/wp-json\/wp\/v2\/posts"}],"about":[{"href":"https:\/\/soymigrante.com\/revista\/wp-json\/wp\/v2\/types\/post"}],"author":[{"embeddable":true,"href":"https:\/\/soymigrante.com\/revista\/wp-json\/wp\/v2\/users\/19"}],"replies":[{"embeddable":true,"href":"https:\/\/soymigrante.com\/revista\/wp-json\/wp\/v2\/comments?post=20576"}],"version-history":[{"count":0,"href":"https:\/\/soymigrante.com\/revista\/wp-json\/wp\/v2\/posts\/20576\/revisions"}],"wp:featuredmedia":[{"embeddable":true,"href":"https:\/\/soymigrante.com\/revista\/wp-json\/wp\/v2\/media\/20583"}],"wp:attachment":[{"href":"https:\/\/soymigrante.com\/revista\/wp-json\/wp\/v2\/media?parent=20576"}],"wp:term":[{"taxonomy":"category","embeddable":true,"href":"https:\/\/soymigrante.com\/revista\/wp-json\/wp\/v2\/categories?post=20576"},{"taxonomy":"post_tag","embeddable":true,"href":"https:\/\/soymigrante.com\/revista\/wp-json\/wp\/v2\/tags?post=20576"}],"curies":[{"name":"wp","href":"https:\/\/api.w.org\/{rel}","templated":true}]}}