{"id":20446,"date":"2025-01-13T12:50:24","date_gmt":"2025-01-13T18:50:24","guid":{"rendered":"https:\/\/soymigrante.com\/revista\/?p=20446"},"modified":"2025-01-26T18:48:55","modified_gmt":"2025-01-27T00:48:55","slug":"como-puedo-identificar-sintomas-de-depresion-o-ansiedad","status":"publish","type":"post","link":"https:\/\/soymigrante.com\/revista\/como-puedo-identificar-sintomas-de-depresion-o-ansiedad\/","title":{"rendered":"\u00bfC\u00f3mo puedo identificar s\u00edntomas de depresi\u00f3n o ansiedad?"},"content":{"rendered":"\t\t<div data-elementor-type=\"wp-post\" data-elementor-id=\"20446\" class=\"elementor elementor-20446\" data-elementor-post-type=\"post\">\n\t\t\t\t<div data-particle_enable=\"false\" data-particle-mobile-disabled=\"false\" class=\"elementor-element elementor-element-41608cd e-flex e-con-boxed e-con e-parent\" data-id=\"41608cd\" data-element_type=\"container\" data-e-type=\"container\">\n\t\t\t\t\t<div class=\"e-con-inner\">\n\t\t\t\t<div class=\"elementor-element elementor-element-13ca619 elementor-widget elementor-widget-heading\" data-id=\"13ca619\" data-element_type=\"widget\" data-e-type=\"widget\" data-widget_type=\"heading.default\">\n\t\t\t\t\t<h2 class=\"elementor-heading-title elementor-size-default\">La depresi\u00f3n es una amenaza silenciosa que a menudo crece sin que te des cuenta. Es necesario detectar sus se\u00f1ales, como la ansiedad, para evitar que se convierta en un lastre cr\u00f3nico. Para los migrantes suele ser un riesgo a afrontar y vencer.\n<\/h2>\t\t\t\t<\/div>\n\t\t\t\t\t<\/div>\n\t\t\t\t<\/div>\n\t\t<div data-particle_enable=\"false\" data-particle-mobile-disabled=\"false\" class=\"elementor-element elementor-element-d54d390 e-flex e-con-boxed e-con e-parent\" data-id=\"d54d390\" data-element_type=\"container\" data-e-type=\"container\">\n\t\t\t\t\t<div class=\"e-con-inner\">\n\t\t\t\t<div class=\"elementor-element elementor-element-4e10f31 elementor-widget elementor-widget-text-editor\" data-id=\"4e10f31\" data-element_type=\"widget\" data-e-type=\"widget\" data-widget_type=\"text-editor.default\">\n\t\t\t\t\t\t\t\t\t<p>Vivir en otro pa\u00eds implica enfrentarse a numerosos desaf\u00edos, desde la adaptaci\u00f3n cultural hasta la lejan\u00eda de los seres queridos. Pero en realidad toda persona puede hallarse, seg\u00fan su personalida y circunstancias de vida en alg\u00fan riesgo de llegar a padecer cuadros de depresi\u00f3n o ansiedad.<\/p><p>Para <a href=\"https:\/\/soymigrante.com\/revista\/siete-claves-para-lograr-enfoque-en-tus-tareas-y-lograr-resultados\/\" target=\"_blank\" rel=\"noopener\">muchos migrantes, estas experiencias pueden derivar en problemas emocionales como la depresi\u00f3n y la ansiedad<\/a>. Aunque estas condiciones son comunes, muchas veces no se reconocen a tiempo, lo que puede agravar sus efectos.<\/p>\t\t\t\t\t\t\t\t<\/div>\n\t\t\t\t\t<\/div>\n\t\t\t\t<\/div>\n\t\t<div data-particle_enable=\"false\" data-particle-mobile-disabled=\"false\" class=\"elementor-element elementor-element-ff3e04c e-flex e-con-boxed e-con e-parent\" data-id=\"ff3e04c\" data-element_type=\"container\" data-e-type=\"container\">\n\t\t\t\t\t<div class=\"e-con-inner\">\n\t\t\t\t<div class=\"elementor-element elementor-element-a282382 elementor-widget elementor-widget-text-editor\" data-id=\"a282382\" data-element_type=\"widget\" data-e-type=\"widget\" data-widget_type=\"text-editor.default\">\n\t\t\t\t\t\t\t\t\t<p>Seg\u00fan las psic\u00f3logas guatemaltecos Ana Mart\u00ednez y Dulce Espinoza,\u00a0 identificar s\u00edntomas y tratar la depresi\u00f3n con ayuda profesional deber\u00eda ser una prioridad para para toda persona, incluyendo migrantes.<\/p><p>A continuaci\u00f3n, te presentamos las principales se\u00f1ales de alerta y c\u00f3mo buscar ayuda profesional para abordar estos problemas:<\/p>\t\t\t\t\t\t\t\t<\/div>\n\t\t\t\t\t<\/div>\n\t\t\t\t<\/div>\n\t\t<div data-particle_enable=\"false\" data-particle-mobile-disabled=\"false\" class=\"elementor-element elementor-element-eb03876 e-flex e-con-boxed e-con e-parent\" data-id=\"eb03876\" data-element_type=\"container\" data-e-type=\"container\">\n\t\t\t\t\t<div class=\"e-con-inner\">\n\t\t\t\t<div class=\"elementor-element elementor-element-f314c57 elementor-widget elementor-widget-heading\" data-id=\"f314c57\" data-element_type=\"widget\" data-e-type=\"widget\" data-widget_type=\"heading.default\">\n\t\t\t\t\t<h3 class=\"elementor-heading-title elementor-size-default\">\u00bfQu\u00e9 se\u00f1ales pueden indicar que una persona est\u00e1 padeciendo alg\u00fan grado de depresi\u00f3n? <\/h3>\t\t\t\t<\/div>\n\t\t\t\t\t<\/div>\n\t\t\t\t<\/div>\n\t\t<div data-particle_enable=\"false\" data-particle-mobile-disabled=\"false\" class=\"elementor-element elementor-element-668c96f e-flex e-con-boxed e-con e-parent\" data-id=\"668c96f\" data-element_type=\"container\" data-e-type=\"container\">\n\t\t\t\t\t<div class=\"e-con-inner\">\n\t\t\t\t<div class=\"elementor-element elementor-element-e9421af elementor-widget elementor-widget-text-editor\" data-id=\"e9421af\" data-element_type=\"widget\" data-e-type=\"widget\" data-widget_type=\"text-editor.default\">\n\t\t\t\t\t\t\t\t\t<div>La depresi\u00f3n va m\u00e1s all\u00e1 de sentirse triste; afecta el cuerpo, la mente y la calidad de vida. Las se\u00f1ales de alerta incluyen:<\/div><div>\u00a0<\/div><div><strong>\u2022Estado de \u00e1nimo bajo persistente:<\/strong> Tristeza constante, vac\u00edo emocional o sensaci\u00f3n de desesperanza durante m\u00e1s de dos semanas.<\/div><div><strong>\u2022P\u00e9rdida de inter\u00e9s:<\/strong> Dejar de disfrutar actividades que antes eran placenteras, como reuniones sociales, pasatiempos o deportes.<\/div><div><strong>\u2022Alteraciones del sue\u00f1o:<\/strong> Insomnio o dormir en exceso sin sentirse descansado.<\/div><div><strong>\u2022Falta de energ\u00eda:<\/strong> Sensaci\u00f3n de agotamiento constante, incluso sin realizar actividades f\u00edsicas demandantes.<\/div><div><strong>\u2022Cambios en el apetito:<\/strong> P\u00e9rdida o aumento significativo de peso sin raz\u00f3n aparente.<\/div><div><strong>\u2022Pensamientos recurrentes de inutilidad o culpa:<\/strong> Sentirse un estorbo para los dem\u00e1s o experimentar pensamientos negativos sobre uno mismo.<\/div>\t\t\t\t\t\t\t\t<\/div>\n\t\t\t\t\t<\/div>\n\t\t\t\t<\/div>\n\t\t<div data-particle_enable=\"false\" data-particle-mobile-disabled=\"false\" class=\"elementor-element elementor-element-875961e e-flex e-con-boxed e-con e-parent\" data-id=\"875961e\" data-element_type=\"container\" data-e-type=\"container\">\n\t\t\t\t\t<div class=\"e-con-inner\">\n\t\t\t\t<div class=\"elementor-element elementor-element-ad62a84 elementor-widget elementor-widget-image\" data-id=\"ad62a84\" data-element_type=\"widget\" data-e-type=\"widget\" data-widget_type=\"image.default\">\n\t\t\t\t\t\t\t\t\t\t\t\t\t\t\t<img fetchpriority=\"high\" decoding=\"async\" width=\"761\" height=\"1024\" src=\"https:\/\/soymigrante.com\/revista\/wp-content\/uploads\/2025\/01\/Sen\u0303ales-de-alerta-de-depresio\u0301n-y-ansiedad-en-migrantes3-761x1024.jpg\" class=\"attachment-large size-large wp-image-20455\" alt=\"Se\u00f1ales de alerta de depresi\u00f3n y ansiedad en migrantes\" srcset=\"https:\/\/soymigrante.com\/revista\/wp-content\/uploads\/2025\/01\/Sen\u0303ales-de-alerta-de-depresio\u0301n-y-ansiedad-en-migrantes3-761x1024.jpg 761w, https:\/\/soymigrante.com\/revista\/wp-content\/uploads\/2025\/01\/Sen\u0303ales-de-alerta-de-depresio\u0301n-y-ansiedad-en-migrantes3-223x300.jpg 223w, https:\/\/soymigrante.com\/revista\/wp-content\/uploads\/2025\/01\/Sen\u0303ales-de-alerta-de-depresio\u0301n-y-ansiedad-en-migrantes3-768x1033.jpg 768w, https:\/\/soymigrante.com\/revista\/wp-content\/uploads\/2025\/01\/Sen\u0303ales-de-alerta-de-depresio\u0301n-y-ansiedad-en-migrantes3-1142x1536.jpg 1142w, https:\/\/soymigrante.com\/revista\/wp-content\/uploads\/2025\/01\/Sen\u0303ales-de-alerta-de-depresio\u0301n-y-ansiedad-en-migrantes3-1523x2048.jpg 1523w, https:\/\/soymigrante.com\/revista\/wp-content\/uploads\/2025\/01\/Sen\u0303ales-de-alerta-de-depresio\u0301n-y-ansiedad-en-migrantes3-750x1009.webp 750w, https:\/\/soymigrante.com\/revista\/wp-content\/uploads\/2025\/01\/Sen\u0303ales-de-alerta-de-depresio\u0301n-y-ansiedad-en-migrantes3-1140x1533.webp 1140w, https:\/\/soymigrante.com\/revista\/wp-content\/uploads\/2025\/01\/Sen\u0303ales-de-alerta-de-depresio\u0301n-y-ansiedad-en-migrantes3-scaled.webp 1428w\" sizes=\"(max-width: 761px) 100vw, 761px\" title=\"Sen\u0303ales de alerta de depresio\u0301n y ansiedad en migrantes3 \u2013 SoyMigrante.com REVISTA\" \/>\t\t\t\t\t\t\t\t\t\t\t\t\t\t\t<\/div>\n\t\t\t\t\t<\/div>\n\t\t\t\t<\/div>\n\t\t<div data-particle_enable=\"false\" data-particle-mobile-disabled=\"false\" class=\"elementor-element elementor-element-4156259 e-flex e-con-boxed e-con e-parent\" data-id=\"4156259\" data-element_type=\"container\" data-e-type=\"container\">\n\t\t\t\t\t<div class=\"e-con-inner\">\n\t\t\t\t<div class=\"elementor-element elementor-element-6248dd9 elementor-widget elementor-widget-heading\" data-id=\"6248dd9\" data-element_type=\"widget\" data-e-type=\"widget\" data-widget_type=\"heading.default\">\n\t\t\t\t\t<h3 class=\"elementor-heading-title elementor-size-default\">\u00bfC\u00f3mo puedo saber si estoy padeciendo de un cuadro de ansiedad?<\/h3>\t\t\t\t<\/div>\n\t\t\t\t\t<\/div>\n\t\t\t\t<\/div>\n\t\t<div data-particle_enable=\"false\" data-particle-mobile-disabled=\"false\" class=\"elementor-element elementor-element-afc68d1 e-flex e-con-boxed e-con e-parent\" data-id=\"afc68d1\" data-element_type=\"container\" data-e-type=\"container\">\n\t\t\t\t\t<div class=\"e-con-inner\">\n\t\t\t\t<div class=\"elementor-element elementor-element-26436dd elementor-widget elementor-widget-text-editor\" data-id=\"26436dd\" data-element_type=\"widget\" data-e-type=\"widget\" data-widget_type=\"text-editor.default\">\n\t\t\t\t\t\t\t\t\t<div><a href=\"https:\/\/soymigrante.com\/revista\/siete-claves-para-lograr-enfoque-en-tus-tareas-y-lograr-resultados\/\" target=\"_blank\" rel=\"noopener\">La ansiedad es una respuesta natural del cuerpo ante el estr\u00e9s,<\/a> pero cuando se vuelve excesiva, puede interferir con la vida cotidiana. Sus principales se\u00f1ales incluyen:<\/div><div>\u00a0<\/div><div><strong>\u2022Preocupaci\u00f3n constante:<\/strong> Pensamientos obsesivos sobre problemas econ\u00f3micos, familiares o laborales, aunque no exista una amenaza real.<\/div><div><strong>\u2022Dificultad para concentrarse:<\/strong> Sentir la mente en blanco o distraerse f\u00e1cilmente.<\/div><div><strong>\u2022Tensi\u00f3n muscular:<\/strong> Dolor f\u00edsico, especialmente en cuello, hombros y espalda, debido a la acumulaci\u00f3n de estr\u00e9s.<\/div><div><strong>\u2022Irritabilidad:<\/strong> Cambios repentinos de humor y reacciones desproporcionadas ante situaciones menores.<\/div><div><strong>\u2022Ataques de p\u00e1nico:<\/strong> Episodios repentinos de miedo extremo con s\u00edntomas como dificultad para respirar, taquicardia, sudoraci\u00f3n o mareos.<\/div>\t\t\t\t\t\t\t\t<\/div>\n\t\t\t\t\t<\/div>\n\t\t\t\t<\/div>\n\t\t<div data-particle_enable=\"false\" data-particle-mobile-disabled=\"false\" class=\"elementor-element elementor-element-638f37d e-flex e-con-boxed e-con e-parent\" data-id=\"638f37d\" data-element_type=\"container\" data-e-type=\"container\">\n\t\t\t\t\t<div class=\"e-con-inner\">\n\t\t\t\t<div class=\"elementor-element elementor-element-dfa3693 elementor-widget elementor-widget-heading\" data-id=\"dfa3693\" data-element_type=\"widget\" data-e-type=\"widget\" data-widget_type=\"heading.default\">\n\t\t\t\t\t<h3 class=\"elementor-heading-title elementor-size-default\">\u00bfPor qu\u00e9 los migrantes pueden estar en riesgo de depresi\u00f3n o ansiedad? <\/h3>\t\t\t\t<\/div>\n\t\t\t\t\t<\/div>\n\t\t\t\t<\/div>\n\t\t<div data-particle_enable=\"false\" data-particle-mobile-disabled=\"false\" class=\"elementor-element elementor-element-67fe1fb e-flex e-con-boxed e-con e-parent\" data-id=\"67fe1fb\" data-element_type=\"container\" data-e-type=\"container\">\n\t\t\t\t\t<div class=\"e-con-inner\">\n\t\t\t\t<div class=\"elementor-element elementor-element-c4b3caf elementor-widget elementor-widget-text-editor\" data-id=\"c4b3caf\" data-element_type=\"widget\" data-e-type=\"widget\" data-widget_type=\"text-editor.default\">\n\t\t\t\t\t\t\t\t\t<div>Migrar implica una ruptura significativa con el entorno conocido, lo que puede <a href=\"https:\/\/soymigrante.com\/revista\/siete-claves-para-lograr-enfoque-en-tus-tareas-y-lograr-resultados\/\" target=\"_blank\" rel=\"noopener\">aumentar la vulnerabilidad emocional.<\/a> Algunos factores de riesgo son:<\/div><div>\u00a0<\/div><div><strong>\u2022Soledad y aislamiento social<\/strong>: Falta de redes de apoyo en el pa\u00eds de destino.<\/div><div><strong>\u2022Barreras culturales y ling\u00fc\u00edsticas:<\/strong> Sentirse excluido o no comprendido por la sociedad receptora.<\/div><div><strong>\u2022Estr\u00e9s financiero:<\/strong> Presi\u00f3n por enviar dinero a la familia o adaptarse al alto costo de vida.<\/div><div><strong>\u2022Experiencias traum\u00e1ticas:<\/strong> Persecuci\u00f3n, violencia o discriminaci\u00f3n antes o despu\u00e9s de migrar.<\/div>\t\t\t\t\t\t\t\t<\/div>\n\t\t\t\t\t<\/div>\n\t\t\t\t<\/div>\n\t\t<div data-particle_enable=\"false\" data-particle-mobile-disabled=\"false\" class=\"elementor-element elementor-element-03a3b01 e-flex e-con-boxed e-con e-parent\" data-id=\"03a3b01\" data-element_type=\"container\" data-e-type=\"container\">\n\t\t\t\t\t<div class=\"e-con-inner\">\n\t\t\t\t<div class=\"elementor-element elementor-element-ab711a8 elementor-widget elementor-widget-image\" data-id=\"ab711a8\" data-element_type=\"widget\" data-e-type=\"widget\" data-widget_type=\"image.default\">\n\t\t\t\t\t\t\t\t\t\t\t\t\t\t\t<img decoding=\"async\" width=\"768\" height=\"512\" src=\"https:\/\/soymigrante.com\/revista\/wp-content\/uploads\/2025\/01\/Sen\u0303ales-de-alerta-de-depresio\u0301n-y-ansiedad-en-migrantes1-1024x683.jpg\" class=\"attachment-large size-large wp-image-20456\" alt=\"Se\u00f1ales de alerta de depresi\u00f3n y ansiedad en migrantes\" srcset=\"https:\/\/soymigrante.com\/revista\/wp-content\/uploads\/2025\/01\/Sen\u0303ales-de-alerta-de-depresio\u0301n-y-ansiedad-en-migrantes1-1024x683.jpg 1024w, https:\/\/soymigrante.com\/revista\/wp-content\/uploads\/2025\/01\/Sen\u0303ales-de-alerta-de-depresio\u0301n-y-ansiedad-en-migrantes1-300x200.jpg 300w, https:\/\/soymigrante.com\/revista\/wp-content\/uploads\/2025\/01\/Sen\u0303ales-de-alerta-de-depresio\u0301n-y-ansiedad-en-migrantes1-768x512.jpg 768w, https:\/\/soymigrante.com\/revista\/wp-content\/uploads\/2025\/01\/Sen\u0303ales-de-alerta-de-depresio\u0301n-y-ansiedad-en-migrantes1-1536x1024.jpg 1536w, https:\/\/soymigrante.com\/revista\/wp-content\/uploads\/2025\/01\/Sen\u0303ales-de-alerta-de-depresio\u0301n-y-ansiedad-en-migrantes1-2048x1365.jpg 2048w, https:\/\/soymigrante.com\/revista\/wp-content\/uploads\/2025\/01\/Sen\u0303ales-de-alerta-de-depresio\u0301n-y-ansiedad-en-migrantes1-750x500.webp 750w, https:\/\/soymigrante.com\/revista\/wp-content\/uploads\/2025\/01\/Sen\u0303ales-de-alerta-de-depresio\u0301n-y-ansiedad-en-migrantes1-1140x760.webp 1140w, https:\/\/soymigrante.com\/revista\/wp-content\/uploads\/2025\/01\/Sen\u0303ales-de-alerta-de-depresio\u0301n-y-ansiedad-en-migrantes1-scaled.webp 1920w\" sizes=\"(max-width: 768px) 100vw, 768px\" title=\"Sen\u0303ales de alerta de depresio\u0301n y ansiedad en migrantes1 \u2013 SoyMigrante.com REVISTA\" \/>\t\t\t\t\t\t\t\t\t\t\t\t\t\t\t<\/div>\n\t\t\t\t\t<\/div>\n\t\t\t\t<\/div>\n\t\t<div data-particle_enable=\"false\" data-particle-mobile-disabled=\"false\" class=\"elementor-element elementor-element-cf52b4d e-flex e-con-boxed e-con e-parent\" data-id=\"cf52b4d\" data-element_type=\"container\" data-e-type=\"container\">\n\t\t\t\t\t<div class=\"e-con-inner\">\n\t\t\t\t<div class=\"elementor-element elementor-element-c04a459 elementor-widget elementor-widget-heading\" data-id=\"c04a459\" data-element_type=\"widget\" data-e-type=\"widget\" data-widget_type=\"heading.default\">\n\t\t\t\t\t<h3 class=\"elementor-heading-title elementor-size-default\">\u00bfC\u00f3mo buscar ayuda profesional?<\/h3>\t\t\t\t<\/div>\n\t\t\t\t\t<\/div>\n\t\t\t\t<\/div>\n\t\t<div data-particle_enable=\"false\" data-particle-mobile-disabled=\"false\" class=\"elementor-element elementor-element-75e90cf e-flex e-con-boxed e-con e-parent\" data-id=\"75e90cf\" data-element_type=\"container\" data-e-type=\"container\">\n\t\t\t\t\t<div class=\"e-con-inner\">\n\t\t\t\t<div class=\"elementor-element elementor-element-5c82ddd elementor-widget elementor-widget-text-editor\" data-id=\"5c82ddd\" data-element_type=\"widget\" data-e-type=\"widget\" data-widget_type=\"text-editor.default\">\n\t\t\t\t\t\t\t\t\t<div>Reconocer <a href=\"https:\/\/soymigrante.com\/revista\/siete-claves-para-lograr-enfoque-en-tus-tareas-y-lograr-resultados\/\" target=\"_blank\" rel=\"noopener\">la necesidad de ayuda es un paso esencial para mejorar el bienestar mental.<\/a> Estas son algunas recomendaciones:<\/div><div>\u00a0<\/div><div><strong>1.Consultar a un m\u00e9dico o terapeuta:<\/strong> Busca profesionales especializados en salud mental, preferiblemente con experiencia en atenci\u00f3n a migrantes.<\/div><div><strong>2.<a href=\"https:\/\/findtreatment.gov\/es\">Acceder a l\u00edneas de ayuda gratuitas:<\/a><\/strong> En Estados Unidos, puedes llamar al 988 para la L\u00ednea de Prevenci\u00f3n del Suicidio y Crisis. Tambi\u00e9n hay recursos disponibles en espa\u00f1ol.<\/div><div><strong>3.Unirse a grupos de apoyo:<\/strong> Participar en comunidades locales o grupos religiosos puede proporcionar un sentido de pertenencia y conexi\u00f3n.<\/div><div><strong>4.Buscar apoyo en organizaciones comunitarias:<\/strong> Algunas organizaciones ofrecen terapia gratuita o a bajo costo para migrantes.<\/div>\t\t\t\t\t\t\t\t<\/div>\n\t\t\t\t\t<\/div>\n\t\t\t\t<\/div>\n\t\t<div data-particle_enable=\"false\" data-particle-mobile-disabled=\"false\" class=\"elementor-element elementor-element-df2eb24 e-flex e-con-boxed e-con e-parent\" data-id=\"df2eb24\" data-element_type=\"container\" data-e-type=\"container\">\n\t\t\t\t\t<div class=\"e-con-inner\">\n\t\t\t\t<div class=\"elementor-element elementor-element-e462dd8 elementor-widget elementor-widget-image\" data-id=\"e462dd8\" data-element_type=\"widget\" data-e-type=\"widget\" data-widget_type=\"image.default\">\n\t\t\t\t\t\t\t\t\t\t\t\t\t\t\t<img decoding=\"async\" width=\"768\" height=\"512\" src=\"https:\/\/soymigrante.com\/revista\/wp-content\/uploads\/2025\/01\/Sen\u0303ales-de-alerta-de-depresio\u0301n-y-ansiedad-en-migrantes4-1024x683.jpg\" class=\"attachment-large size-large wp-image-20457\" alt=\"Se\u00f1ales de alerta de depresi\u00f3n y ansiedad en migrantes\" srcset=\"https:\/\/soymigrante.com\/revista\/wp-content\/uploads\/2025\/01\/Sen\u0303ales-de-alerta-de-depresio\u0301n-y-ansiedad-en-migrantes4-1024x683.jpg 1024w, https:\/\/soymigrante.com\/revista\/wp-content\/uploads\/2025\/01\/Sen\u0303ales-de-alerta-de-depresio\u0301n-y-ansiedad-en-migrantes4-300x200.jpg 300w, https:\/\/soymigrante.com\/revista\/wp-content\/uploads\/2025\/01\/Sen\u0303ales-de-alerta-de-depresio\u0301n-y-ansiedad-en-migrantes4-768x512.jpg 768w, https:\/\/soymigrante.com\/revista\/wp-content\/uploads\/2025\/01\/Sen\u0303ales-de-alerta-de-depresio\u0301n-y-ansiedad-en-migrantes4-1536x1024.jpg 1536w, https:\/\/soymigrante.com\/revista\/wp-content\/uploads\/2025\/01\/Sen\u0303ales-de-alerta-de-depresio\u0301n-y-ansiedad-en-migrantes4-2048x1365.jpg 2048w, https:\/\/soymigrante.com\/revista\/wp-content\/uploads\/2025\/01\/Sen\u0303ales-de-alerta-de-depresio\u0301n-y-ansiedad-en-migrantes4-750x500.webp 750w, https:\/\/soymigrante.com\/revista\/wp-content\/uploads\/2025\/01\/Sen\u0303ales-de-alerta-de-depresio\u0301n-y-ansiedad-en-migrantes4-1140x760.webp 1140w, https:\/\/soymigrante.com\/revista\/wp-content\/uploads\/2025\/01\/Sen\u0303ales-de-alerta-de-depresio\u0301n-y-ansiedad-en-migrantes4-scaled.webp 1920w\" sizes=\"(max-width: 768px) 100vw, 768px\" title=\"Sen\u0303ales de alerta de depresio\u0301n y ansiedad en migrantes4 \u2013 SoyMigrante.com REVISTA\" \/>\t\t\t\t\t\t\t\t\t\t\t\t\t\t\t<\/div>\n\t\t\t\t\t<\/div>\n\t\t\t\t<\/div>\n\t\t<div data-particle_enable=\"false\" data-particle-mobile-disabled=\"false\" class=\"elementor-element elementor-element-a7ce8b1 e-flex e-con-boxed e-con e-parent\" data-id=\"a7ce8b1\" data-element_type=\"container\" data-e-type=\"container\">\n\t\t\t\t\t<div class=\"e-con-inner\">\n\t\t\t\t<div class=\"elementor-element elementor-element-8519eaf elementor-widget elementor-widget-heading\" data-id=\"8519eaf\" data-element_type=\"widget\" data-e-type=\"widget\" data-widget_type=\"heading.default\">\n\t\t\t\t\t<h3 class=\"elementor-heading-title elementor-size-default\">\u00bfPor qu\u00e9 a algunas personas se les dificulta averiguar o aceptar que tienen un cuadro de depresi\u00f3n o ansiedad? <\/h3>\t\t\t\t<\/div>\n\t\t\t\t\t<\/div>\n\t\t\t\t<\/div>\n\t\t<div data-particle_enable=\"false\" data-particle-mobile-disabled=\"false\" class=\"elementor-element elementor-element-2942681 e-flex e-con-boxed e-con e-parent\" data-id=\"2942681\" data-element_type=\"container\" data-e-type=\"container\">\n\t\t\t\t\t<div class=\"e-con-inner\">\n\t\t\t\t<div class=\"elementor-element elementor-element-4c65f3c elementor-widget elementor-widget-text-editor\" data-id=\"4c65f3c\" data-element_type=\"widget\" data-e-type=\"widget\" data-widget_type=\"text-editor.default\">\n\t\t\t\t\t\t\t\t\t<p>En muchas comunidades, hablar sobre salud mental sigue siendo un tema tab\u00fa.<a href=\"https:\/\/soymigrante.com\/revista\/siete-claves-para-lograr-enfoque-en-tus-tareas-y-lograr-resultados\/\" target=\"_blank\" rel=\"noopener\"> Es fundamental recordar que buscar ayuda no es un signo de debilidad, sino un acto de valent\u00eda<\/a>. Reconocer las se\u00f1ales de alerta y actuar puede marcar la diferencia entre vivir con sufrimiento o encontrar esperanza y estabilidad.<\/p><p>La salud mental es tan importante como la f\u00edsica. Si t\u00fa o alguien que conoces est\u00e1 luchando con la depresi\u00f3n o la ansiedad, recuerda que no est\u00e1n solos y que existen recursos disponibles para mejorar su calidad de vida.<\/p>\t\t\t\t\t\t\t\t<\/div>\n\t\t\t\t\t<\/div>\n\t\t\t\t<\/div>\n\t\t<div data-particle_enable=\"false\" data-particle-mobile-disabled=\"false\" class=\"elementor-element elementor-element-7dba6e8 e-flex e-con-boxed e-con e-parent\" data-id=\"7dba6e8\" data-element_type=\"container\" data-e-type=\"container\">\n\t\t\t\t\t<div class=\"e-con-inner\">\n\t\t\t\t<div class=\"elementor-element elementor-element-6a17980 content-align-cta-center elementor-widget elementor-widget-eael-cta-box\" data-id=\"6a17980\" data-element_type=\"widget\" data-e-type=\"widget\" data-widget_type=\"eael-cta-box.default\">\n\t\t\t\t\t\t\t<div class=\"eael-call-to-action cta-basic bg-lite cta-preset-1\">\n        <h2 class=\"title eael-cta-heading\">\u00bfD\u00d3NDE PUEDO ENCONTRAR M\u00c1S AYUDA?<\/h2><p>El departamento de Salud y Servicios Humanos de los Estados Unidos brinda contactos de ayuda para encontrar tratamientos\u00a0<\/p><a href=\"https:\/\/findtreatment.gov\/es\/preguntas-frecuentes\" class=\"cta-button cta-preset-1  \">Haz clic aqu\u00ed<\/a>\t<\/div>\n\t\t\t\t\t\t\t\t<\/div>\n\t\t\t\t\t<\/div>\n\t\t\t\t<\/div>\n\t\t<div data-particle_enable=\"false\" data-particle-mobile-disabled=\"false\" class=\"elementor-element elementor-element-da1f432 e-flex e-con-boxed e-con e-parent\" data-id=\"da1f432\" data-element_type=\"container\" data-e-type=\"container\">\n\t\t\t\t\t<div class=\"e-con-inner\">\n\t\t\t\t<div class=\"elementor-element elementor-element-104b2b1 elementor-widget elementor-widget-heading\" data-id=\"104b2b1\" data-element_type=\"widget\" data-e-type=\"widget\" data-widget_type=\"heading.default\">\n\t\t\t\t\t<h2 class=\"elementor-heading-title elementor-size-default\">M\u00e1s consejos para mejor calidad de vida<\/h2>\t\t\t\t<\/div>\n\t\t\t\t\t<\/div>\n\t\t\t\t<\/div>\n\t\t<div data-particle_enable=\"false\" data-particle-mobile-disabled=\"false\" class=\"elementor-element elementor-element-a2a572d e-flex e-con-boxed e-con e-parent\" data-id=\"a2a572d\" data-element_type=\"container\" data-e-type=\"container\">\n\t\t\t\t\t<div class=\"e-con-inner\">\n\t\t\t\t<div class=\"elementor-element elementor-element-02406f6 elementor-grid-eael-col-3 elementor-grid-tablet-eael-col-2 elementor-grid-mobile-eael-col-1 elementor-widget elementor-widget-eael-post-grid\" data-id=\"02406f6\" data-element_type=\"widget\" data-e-type=\"widget\" data-settings=\"{&quot;eael_post_grid_columns&quot;:&quot;eael-col-3&quot;,&quot;eael_post_grid_columns_tablet&quot;:&quot;eael-col-2&quot;,&quot;eael_post_grid_columns_mobile&quot;:&quot;eael-col-1&quot;}\" data-widget_type=\"eael-post-grid.default\">\n\t\t\t\t\t<div id=\"eael-post-grid-02406f6\" class=\"eael-post-grid-container\">\n            <div class=\"eael-post-grid eael-post-appender eael-post-appender-02406f6 eael-post-grid-style-one\" data-layout-mode=\"masonry\"><article class=\"eael-grid-post  eael-post-grid-column eael-pg-post-8762 category-bienestar\" data-id=\"8762\">\n        <div class=\"eael-grid-post-holder\">\n            <div class=\"eael-grid-post-holder-inner\"><div class=\"eael-entry-media\"><div class=\"eael-entry-overlay fade-in\"><i class=\"far fa-hand-pointer\" aria-hidden=\"true\"><\/i><a href=\"https:\/\/soymigrante.com\/revista\/siete-recomendaciones-para-elaborar-un-presupuesto-y-no-gastar-de-mas\/\"><\/a><\/div><div class=\"eael-entry-thumbnail \">\n                <img loading=\"lazy\" decoding=\"async\" width=\"1024\" height=\"682\" src=\"https:\/\/soymigrante.com\/revista\/wp-content\/uploads\/2024\/09\/Recomendaciones-para-hacer-un-presupuesto-y-no-gastar-de-mas-1024x682.webp\" class=\"attachment-large size-large wp-image-8763\" alt=\"Billetes de d\u00f3lares estadounidenses, dinero en efectivo, inversi\u00f3n, finanzas, econom\u00eda, moneda, billetes enrollados, dinero l\u00edquido, reserva federal, valor del d\u00f3lar.\" \/>\n            <\/div>\n        <\/div><div class=\"eael-entry-wrapper\"><header class=\"eael-entry-header\"><h2 class=\"eael-entry-title\"><a class=\"eael-grid-post-link\" href=\"https:\/\/soymigrante.com\/revista\/siete-recomendaciones-para-elaborar-un-presupuesto-y-no-gastar-de-mas\/\" title=\"Siete recomendaciones para elaborar un presupuesto y no gastar de m\u00e1s\">Siete recomendaciones para elaborar un presupuesto y no gastar de m\u00e1s<\/a><\/h2><\/header><div class=\"eael-entry-content\">\n                        <div class=\"eael-grid-post-excerpt\"><a href=\"https:\/\/soymigrante.com\/revista\/siete-recomendaciones-para-elaborar-un-presupuesto-y-no-gastar-de-mas\/\" class=\"eael-post-elements-readmore-btn\">M\u00c1S INFORMACI\u00d3N AQU\u00cd<\/a><\/div>\n                    <\/div><\/div><\/div>\n        <\/div>\n    <\/article><article class=\"eael-grid-post  eael-post-grid-column eael-pg-post-9943 category-bienestar\" data-id=\"9943\">\n        <div class=\"eael-grid-post-holder\">\n            <div class=\"eael-grid-post-holder-inner\"><div class=\"eael-entry-media\"><div class=\"eael-entry-overlay fade-in\"><i class=\"far fa-hand-pointer\" aria-hidden=\"true\"><\/i><a href=\"https:\/\/soymigrante.com\/revista\/potencia-el-emprendedor-que-llevas-dentro-con-estas-siete-cualidades\/\"><\/a><\/div><div class=\"eael-entry-thumbnail \">\n                <img loading=\"lazy\" decoding=\"async\" width=\"892\" height=\"892\" src=\"https:\/\/soymigrante.com\/revista\/wp-content\/uploads\/2024\/11\/emprendedores-mercado-1-1.webp\" class=\"attachment-large size-large wp-image-12672\" alt=\"Trabajadora costurera mujer moda textil belleza sonrisa trabajo habilidades habilidad costura costurera mujer moda textil belleza sonrisa trabajo habilidades habilidad costura costurera mujer moda textil belleza sonrisa trabajo habilidades habilidad costura costurera mujer moda textil belleza sonrisa trabajo habilidades habilidad costura costurera mujer moda textil belleza sonrisa trabajo habilidades habilidad costura.\" srcset=\"https:\/\/soymigrante.com\/revista\/wp-content\/uploads\/2024\/11\/emprendedores-mercado-1-1.webp 892w, https:\/\/soymigrante.com\/revista\/wp-content\/uploads\/2024\/11\/emprendedores-mercado-1-1-300x300.webp 300w, https:\/\/soymigrante.com\/revista\/wp-content\/uploads\/2024\/11\/emprendedores-mercado-1-1-150x150.webp 150w, https:\/\/soymigrante.com\/revista\/wp-content\/uploads\/2024\/11\/emprendedores-mercado-1-1-768x768.jpg 768w, https:\/\/soymigrante.com\/revista\/wp-content\/uploads\/2024\/11\/emprendedores-mercado-1-1-75x75.webp 75w, https:\/\/soymigrante.com\/revista\/wp-content\/uploads\/2024\/11\/emprendedores-mercado-1-1-750x750.webp 750w\" sizes=\"(max-width: 892px) 100vw, 892px\" \/>\n            <\/div>\n        <\/div><div class=\"eael-entry-wrapper\"><header class=\"eael-entry-header\"><h2 class=\"eael-entry-title\"><a class=\"eael-grid-post-link\" href=\"https:\/\/soymigrante.com\/revista\/potencia-el-emprendedor-que-llevas-dentro-con-estas-siete-cualidades\/\" title=\"Potencia tu esp\u00edritu de emprendimiento con estas siete cualidades y algo m\u00e1s&#8230;\">Potencia tu esp\u00edritu de emprendimiento con estas siete cualidades y algo m\u00e1s&#8230;<\/a><\/h2><\/header><div class=\"eael-entry-content\">\n                        <div class=\"eael-grid-post-excerpt\"><a href=\"https:\/\/soymigrante.com\/revista\/potencia-el-emprendedor-que-llevas-dentro-con-estas-siete-cualidades\/\" class=\"eael-post-elements-readmore-btn\">M\u00c1S INFORMACI\u00d3N AQU\u00cd<\/a><\/div>\n                    <\/div><\/div><\/div>\n        <\/div>\n    <\/article><article class=\"eael-grid-post  eael-post-grid-column eael-pg-post-303 category-bienestar tags-en-familia\" data-id=\"303\">\n        <div class=\"eael-grid-post-holder\">\n            <div class=\"eael-grid-post-holder-inner\"><div class=\"eael-entry-media\"><div class=\"eael-entry-overlay fade-in\"><i class=\"far fa-hand-pointer\" aria-hidden=\"true\"><\/i><a href=\"https:\/\/soymigrante.com\/revista\/7-aspectos-para-aprovechar-mejor-las-remesas-enviadas-a-guatemala\/\"><\/a><\/div><div class=\"eael-entry-thumbnail \">\n                <img loading=\"lazy\" decoding=\"async\" width=\"1024\" height=\"612\" src=\"https:\/\/soymigrante.com\/revista\/wp-content\/uploads\/2023\/05\/WhatsApp-Image-2024-05-07-at-3.58.29-PM-1024x612.webp\" class=\"attachment-large size-large wp-image-6393\" alt=\"Dinero en billetes de diez y cinco d\u00f3lares estadounidenses sobre suelo de ladrillo.\" \/>\n            <\/div>\n        <\/div><div class=\"eael-entry-wrapper\"><header class=\"eael-entry-header\"><h2 class=\"eael-entry-title\"><a class=\"eael-grid-post-link\" href=\"https:\/\/soymigrante.com\/revista\/7-aspectos-para-aprovechar-mejor-las-remesas-enviadas-a-guatemala\/\" title=\"Siete claves para aprovechar mejor las remesas enviadas a familiares en Guatemala\">Siete claves para aprovechar mejor las remesas enviadas a familiares en Guatemala<\/a><\/h2><\/header><div class=\"eael-entry-content\">\n                        <div class=\"eael-grid-post-excerpt\"><a href=\"https:\/\/soymigrante.com\/revista\/7-aspectos-para-aprovechar-mejor-las-remesas-enviadas-a-guatemala\/\" class=\"eael-post-elements-readmore-btn\">M\u00c1S INFORMACI\u00d3N AQU\u00cd<\/a><\/div>\n                    <\/div><\/div><\/div>\n        <\/div>\n    <\/article><\/div>\n            <div class=\"clearfix\"><\/div>\n        <\/div>\t\t\t\t<\/div>\n\t\t\t\t\t<\/div>\n\t\t\t\t<\/div>\n\t\t\t\t<\/div>\n\t\t","protected":false},"excerpt":{"rendered":"<p>La depresi\u00f3n es una amenaza silenciosa que a menudo crece sin que te des cuenta. Es necesario detectar sus se\u00f1ales, como la ansiedad, para evitar que se convierta en un lastre cr\u00f3nico. Para los migrantes suele ser un riesgo a afrontar y vencer. Vivir en otro pa\u00eds implica enfrentarse a numerosos desaf\u00edos, desde la adaptaci\u00f3n [&hellip;]<\/p>\n","protected":false},"author":19,"featured_media":20447,"comment_status":"open","ping_status":"open","sticky":false,"template":"","format":"standard","meta":{"_acf_changed":false,"_eb_attr":"","footnotes":""},"categories":[55],"tags":[],"class_list":["post-20446","post","type-post","status-publish","format-standard","has-post-thumbnail","hentry","category-bienestar"],"acf":[],"aioseo_notices":[],"aioseo_head":"\n\t\t<!-- All in One SEO Pro 4.9.6.2 - aioseo.com -->\n\t<meta name=\"description\" content=\"Los migrantes guatemaltecos se sacrifican al desempe\u00f1ar dos y hasta tres empleos para sobrevivir y enviar recursos econ\u00f3micos a sus familiares en el pa\u00eds. Por eso cada d\u00f3lar debe contar. \u201cLa gente all\u00e1 cree que aqu\u00ed llueve el dinero o que est\u00e1 tirado en la calle o que se agarra como hojas de los \u00e1rboles\" \/>\n\t<meta name=\"robots\" content=\"max-snippet:-1, max-image-preview:large, max-video-preview:-1\" \/>\n\t<meta name=\"author\" content=\"Marysabel Aldana\"\/>\n\t<link rel=\"canonical\" href=\"https:\/\/soymigrante.com\/revista\/como-puedo-identificar-sintomas-de-depresion-o-ansiedad\/\" \/>\n\t<meta name=\"generator\" content=\"All in One SEO Pro (AIOSEO) 4.9.6.2\" \/>\n\n\t\t<link rel=\"preconnect\" href=\"https:\/\/fonts.googleapis.com\" crossorigin>\n<link rel=\"preconnect\" href=\"https:\/\/fonts.gstatic.com\" crossorigin>\n\t\t<meta property=\"og:locale\" content=\"es_ES\" \/>\n\t\t<meta property=\"og:site_name\" content=\"SoyMigrante.com REVISTA \u2013 Nuestra misi\u00f3n es reconocer y dignificar al migrante.\" \/>\n\t\t<meta property=\"og:type\" content=\"article\" \/>\n\t\t<meta property=\"og:title\" content=\"\u00bfC\u00f3mo puedo identificar s\u00edntomas de depresi\u00f3n o ansiedad?\" \/>\n\t\t<meta property=\"og:description\" content=\"La depresi\u00f3n y la ansiedad son padecimientos de salud mental que afectan el rendimiento laboral y la vida familiar. \u00bfC\u00f3mo poder detectarlos?\" \/>\n\t\t<meta property=\"og:url\" content=\"https:\/\/soymigrante.com\/revista\/como-puedo-identificar-sintomas-de-depresion-o-ansiedad\/\" \/>\n\t\t<meta property=\"og:image\" content=\"https:\/\/soymigrante.com\/revista\/wp-content\/uploads\/2025\/01\/Sen\u0303ales-de-alerta-de-depresio\u0301n-y-ansiedad-en-migrantes2-scaled-e1736786647146.webp\" \/>\n\t\t<meta property=\"og:image:secure_url\" content=\"https:\/\/soymigrante.com\/revista\/wp-content\/uploads\/2025\/01\/Sen\u0303ales-de-alerta-de-depresio\u0301n-y-ansiedad-en-migrantes2-scaled-e1736786647146.webp\" \/>\n\t\t<meta property=\"og:image:width\" content=\"1758\" \/>\n\t\t<meta property=\"og:image:height\" content=\"1758\" \/>\n\t\t<meta property=\"article:published_time\" content=\"2025-01-13T18:50:24+00:00\" \/>\n\t\t<meta property=\"article:modified_time\" content=\"2025-01-27T00:48:55+00:00\" \/>\n\t\t<meta property=\"article:publisher\" content=\"https:\/\/www.facebook.com\/soymigrantecom\" \/>\n\t\t<meta name=\"twitter:card\" content=\"summary_large_image\" \/>\n\t\t<meta name=\"twitter:site\" content=\"@SoyMigrante_com\" \/>\n\t\t<meta name=\"twitter:title\" content=\"\u00bfC\u00f3mo puedo identificar s\u00edntomas de depresi\u00f3n o ansiedad?\" \/>\n\t\t<meta name=\"twitter:description\" content=\"La depresi\u00f3n y la ansiedad son padecimientos de salud mental que afectan el rendimiento laboral y la vida familiar. \u00bfC\u00f3mo poder detectarlos?\" \/>\n\t\t<meta name=\"twitter:creator\" content=\"@SoyMigrante_com\" \/>\n\t\t<meta name=\"twitter:image\" content=\"https:\/\/soymigrante.com\/revista\/wp-content\/uploads\/2025\/01\/Sen\u0303ales-de-alerta-de-depresio\u0301n-y-ansiedad-en-migrantes2-scaled-e1736786647146.webp\" \/>\n\t\t<!-- All in One SEO Pro -->\r\n\t\t<title>\u00bfC\u00f3mo puedo identificar s\u00edntomas de depresi\u00f3n o ansiedad?<\/title>\n\n","aioseo_head_json":{"title":"\u00bfC\u00f3mo puedo identificar s\u00edntomas de depresi\u00f3n o ansiedad?","description":"La depresi\u00f3n y la ansiedad son padecimientos de salud mental que afectan el rendimiento laboral y la vida familiar. \u00bfC\u00f3mo poder detectarlos?","canonical_url":"https:\/\/soymigrante.com\/revista\/como-puedo-identificar-sintomas-de-depresion-o-ansiedad\/","robots":"max-snippet:-1, max-image-preview:large, max-video-preview:-1","keywords":"","webmasterTools":{"miscellaneous":"&lt;link rel=\"preconnect\" href=\"https:\/\/fonts.googleapis.com\" crossorigin&gt;\n&lt;link rel=\"preconnect\" href=\"https:\/\/fonts.gstatic.com\" crossorigin&gt;"},"schema":null,"og:locale":"es_ES","og:site_name":"SoyMigrante.com REVISTA \u2013 Nuestra misi\u00f3n es reconocer y dignificar al migrante.","og:type":"article","og:title":"\u00bfC\u00f3mo puedo identificar s\u00edntomas de depresi\u00f3n o ansiedad?","og:description":"La depresi\u00f3n y la ansiedad son padecimientos de salud mental que afectan el rendimiento laboral y la vida familiar. \u00bfC\u00f3mo poder detectarlos?","og:url":"https:\/\/soymigrante.com\/revista\/como-puedo-identificar-sintomas-de-depresion-o-ansiedad\/","og:image":"https:\/\/soymigrante.com\/revista\/wp-content\/uploads\/2025\/01\/Sen\u0303ales-de-alerta-de-depresio\u0301n-y-ansiedad-en-migrantes2-scaled-e1736786647146.webp","og:image:secure_url":"https:\/\/soymigrante.com\/revista\/wp-content\/uploads\/2025\/01\/Sen\u0303ales-de-alerta-de-depresio\u0301n-y-ansiedad-en-migrantes2-scaled-e1736786647146.webp","og:image:width":1758,"og:image:height":1758,"article:published_time":"2025-01-13T18:50:24+00:00","article:modified_time":"2025-01-27T00:48:55+00:00","article:publisher":"https:\/\/www.facebook.com\/soymigrantecom","twitter:card":"summary_large_image","twitter:site":"@SoyMigrante_com","twitter:title":"\u00bfC\u00f3mo puedo identificar s\u00edntomas de depresi\u00f3n o ansiedad?","twitter:description":"La depresi\u00f3n y la ansiedad son padecimientos de salud mental que afectan el rendimiento laboral y la vida familiar. \u00bfC\u00f3mo poder detectarlos?","twitter:creator":"@SoyMigrante_com","twitter:image":"https:\/\/soymigrante.com\/revista\/wp-content\/uploads\/2025\/01\/Sen\u0303ales-de-alerta-de-depresio\u0301n-y-ansiedad-en-migrantes2-scaled-e1736786647146.webp"},"aioseo_meta_data":{"post_id":"20446","title":null,"description":"La depresi\u00f3n y la ansiedad son padecimientos de salud mental que afectan el rendimiento laboral y la vida familiar. \u00bfC\u00f3mo poder detectarlos?","keywords":null,"keyphrases":{"focus":{"keyphrase":"depresi\u00f3n","score":91,"analysis":{"keyphraseInTitle":{"score":9,"maxScore":9,"error":0},"keyphraseInDescription":{"score":9,"maxScore":9,"error":0},"keyphraseLength":{"score":9,"maxScore":9,"error":0,"length":2},"keyphraseInURL":{"score":5,"maxScore":5,"error":0},"keyphraseInIntroduction":{"score":9,"maxScore":9,"error":0},"keyphraseInSubHeadings":{"score":3,"maxScore":9,"error":1},"keyphraseInImageAlt":{"score":9,"maxScore":9,"error":0},"keywordDensity":{"type":"best","score":9,"maxScore":9,"error":0}}},"additional":[{"keyphrase":"depresi\u00f3n","score":100,"analysis":{"keyphraseInDescription":{"score":9,"maxScore":9,"error":0},"keyphraseLength":{"score":9,"maxScore":9,"error":0,"length":2},"keyphraseInIntroduction":{"score":9,"maxScore":9,"error":0},"keyphraseInImageAlt":{"score":9,"maxScore":9,"error":0},"keywordDensity":{"type":"best","score":9,"maxScore":9,"error":0}}},{"keyphrase":"migrantes","score":73,"analysis":{"keyphraseInDescription":{"score":3,"maxScore":9,"error":1},"keyphraseLength":{"score":9,"maxScore":9,"error":0,"length":1},"keyphraseInIntroduction":{"score":3,"maxScore":9,"error":1},"keyphraseInImageAlt":{"score":9,"maxScore":9,"error":0},"keywordDensity":{"type":"best","score":9,"maxScore":9,"error":0}}}]},"primary_term":null,"canonical_url":null,"og_title":null,"og_description":null,"og_object_type":"default","og_image_type":"default","og_image_url":null,"og_image_width":null,"og_image_height":null,"og_image_custom_url":null,"og_image_custom_fields":null,"og_video":"","og_custom_url":null,"og_article_section":null,"og_article_tags":null,"twitter_use_og":false,"twitter_card":"default","twitter_image_type":"default","twitter_image_url":null,"twitter_image_custom_url":null,"twitter_image_custom_fields":null,"twitter_title":null,"twitter_description":null,"schema":{"blockGraphs":[],"customGraphs":[],"default":{"data":{"Article":[],"Course":[],"Dataset":[],"FAQPage":[],"Movie":[],"Person":[],"Product":[],"ProductReview":[],"Car":[],"Recipe":[],"Service":[],"SoftwareApplication":[],"WebPage":[]},"graphName":"BlogPosting","isEnabled":true},"graphs":[]},"schema_type":"default","schema_type_options":null,"pillar_content":false,"robots_default":true,"robots_noindex":false,"robots_noarchive":false,"robots_nosnippet":false,"robots_nofollow":false,"robots_noimageindex":false,"robots_noodp":false,"robots_notranslate":false,"robots_max_snippet":"-1","robots_max_videopreview":"-1","robots_max_imagepreview":"large","priority":null,"frequency":"default","local_seo":null,"seo_analyzer_scan_date":"2025-10-09 01:46:23","breadcrumb_settings":null,"limit_modified_date":false,"reviewed_by":null,"open_ai":"{\"title\":{\"suggestions\":[],\"usage\":0},\"description\":{\"suggestions\":[],\"usage\":0}}","ai":null,"created":"2025-01-13 16:45:03","updated":"2026-02-04 18:58:03"},"aioseo_breadcrumb":"<div class=\"aioseo-breadcrumbs\"><span class=\"aioseo-breadcrumb\">\n\t<a href=\"https:\/\/soymigrante.com\/revista\" title=\"Home\">Home<\/a>\n<\/span><span class=\"aioseo-breadcrumb-separator\">\u00bb<\/span><span class=\"aioseo-breadcrumb\">\n\t<a href=\"https:\/\/soymigrante.com\/revista\/category\/bienestar\/\" title=\"Bienestar\">Bienestar<\/a>\n<\/span><span class=\"aioseo-breadcrumb-separator\">\u00bb<\/span><span class=\"aioseo-breadcrumb\">\n\t\u00bfC\u00f3mo puedo identificar s\u00edntomas de depresi\u00f3n o ansiedad?\n<\/span><\/div>","aioseo_breadcrumb_json":[{"label":"Home","link":"https:\/\/soymigrante.com\/revista"},{"label":"Bienestar","link":"https:\/\/soymigrante.com\/revista\/category\/bienestar\/"},{"label":"\u00bfC\u00f3mo puedo identificar s\u00edntomas de depresi\u00f3n o ansiedad?","link":"https:\/\/soymigrante.com\/revista\/como-puedo-identificar-sintomas-de-depresion-o-ansiedad\/"}],"_links":{"self":[{"href":"https:\/\/soymigrante.com\/revista\/wp-json\/wp\/v2\/posts\/20446","targetHints":{"allow":["GET"]}}],"collection":[{"href":"https:\/\/soymigrante.com\/revista\/wp-json\/wp\/v2\/posts"}],"about":[{"href":"https:\/\/soymigrante.com\/revista\/wp-json\/wp\/v2\/types\/post"}],"author":[{"embeddable":true,"href":"https:\/\/soymigrante.com\/revista\/wp-json\/wp\/v2\/users\/19"}],"replies":[{"embeddable":true,"href":"https:\/\/soymigrante.com\/revista\/wp-json\/wp\/v2\/comments?post=20446"}],"version-history":[{"count":0,"href":"https:\/\/soymigrante.com\/revista\/wp-json\/wp\/v2\/posts\/20446\/revisions"}],"wp:featuredmedia":[{"embeddable":true,"href":"https:\/\/soymigrante.com\/revista\/wp-json\/wp\/v2\/media\/20447"}],"wp:attachment":[{"href":"https:\/\/soymigrante.com\/revista\/wp-json\/wp\/v2\/media?parent=20446"}],"wp:term":[{"taxonomy":"category","embeddable":true,"href":"https:\/\/soymigrante.com\/revista\/wp-json\/wp\/v2\/categories?post=20446"},{"taxonomy":"post_tag","embeddable":true,"href":"https:\/\/soymigrante.com\/revista\/wp-json\/wp\/v2\/tags?post=20446"}],"curies":[{"name":"wp","href":"https:\/\/api.w.org\/{rel}","templated":true}]}}