{"id":20419,"date":"2025-01-13T07:00:00","date_gmt":"2025-01-13T13:00:00","guid":{"rendered":"https:\/\/soymigrante.com\/revista\/?p=20419"},"modified":"2025-01-20T14:33:23","modified_gmt":"2025-01-20T20:33:23","slug":"calzado-ninnke-nacio-del-amor-de-una-mama-y-la-pasion-por-crear-un-estilo-unico","status":"publish","type":"post","link":"https:\/\/soymigrante.com\/revista\/calzado-ninnke-nacio-del-amor-de-una-mama-y-la-pasion-por-crear-un-estilo-unico\/","title":{"rendered":"Calzado Ninnke naci\u00f3 del amor de una mam\u00e1 y la pasi\u00f3n por crear un estilo \u00fanico: ahora est\u00e1 en MERCADO"},"content":{"rendered":"\t\t<div data-elementor-type=\"wp-post\" data-elementor-id=\"20419\" class=\"elementor elementor-20419\" data-elementor-post-type=\"post\">\n\t\t\t\t<div data-particle_enable=\"false\" data-particle-mobile-disabled=\"false\" class=\"elementor-element elementor-element-25721b0 e-flex e-con-boxed e-con e-parent\" data-id=\"25721b0\" data-element_type=\"container\" data-e-type=\"container\">\n\t\t\t\t\t<div class=\"e-con-inner\">\n\t\t\t\t<div class=\"elementor-element elementor-element-c233917 elementor-widget elementor-widget-heading\" data-id=\"c233917\" data-element_type=\"widget\" data-e-type=\"widget\" data-widget_type=\"heading.default\">\n\t\t\t\t\t<h2 class=\"elementor-heading-title elementor-size-default\">Ninnke Calzado crea estilos originales, dise\u00f1ados por la emprendedora guatemalteca Mar\u00eda \"Toni\" Jer\u00f3nimo en San Miguel Petapa.  Abri\u00f3 su tienda digital en SoyMigrante.com MERCADO y te contamos c\u00f3mo naci\u00f3 este proyecto que va en muy buenos pasos. <\/h2>\t\t\t\t<\/div>\n\t\t\t\t\t<\/div>\n\t\t\t\t<\/div>\n\t\t<div data-particle_enable=\"false\" data-particle-mobile-disabled=\"false\" class=\"elementor-element elementor-element-e6738cc e-flex e-con-boxed e-con e-parent\" data-id=\"e6738cc\" data-element_type=\"container\" data-e-type=\"container\">\n\t\t\t\t\t<div class=\"e-con-inner\">\n\t\t\t\t<div class=\"elementor-element elementor-element-d1418ca elementor-widget elementor-widget-html\" data-id=\"d1418ca\" data-element_type=\"widget\" data-e-type=\"widget\" data-widget_type=\"html.default\">\n\t\t\t\t\t<div id=\"buzzsprout-player-16471274\"><\/div><script src=\"https:\/\/www.buzzsprout.com\/2444168\/episodes\/16471274-ninnke-calzado-hecho-con-amor-materno.js?container_id=buzzsprout-player-16471274&player=small\" type=\"text\/javascript\" charset=\"utf-8\"><\/script>\t\t\t\t<\/div>\n\t\t\t\t<div class=\"elementor-element elementor-element-b3f7da2 elementor-widget elementor-widget-text-editor\" data-id=\"b3f7da2\" data-element_type=\"widget\" data-e-type=\"widget\" data-widget_type=\"text-editor.default\">\n\t\t\t\t\t\t\t\t\t<p>&#8220;Cuando mi hija era peque\u00f1a, ten\u00eda su pie un poco ancho y los zapatos le duraban muy poco, o le apretaban mucho. Siempre andaba en busca de un calzado c\u00f3modo para ella. Hasta que una vez me regalaron, para ella, unas alpargatas que le quedaron bien y no le molestaban para nada.\u00a0<span style=\"color: var( --e-global-color-text ); text-align: var(--text-align);\">Al ver eso, un d\u00eda las desarm\u00e9 por completo, las despegu\u00e9 para ver c\u00f3mo estaban hechas. Porque yo mismo quer\u00eda fabric\u00e1rselas a mi hija&#8221;, relata Mar\u00eda &#8220;Toni&#8221; Jer\u00f3nimo acerca de c\u00f3mo naci\u00f3 su habilidad para fabricar calzado femenino que ahora vende con la marca <\/span><a style=\"text-align: var(--text-align);\" href=\"https:\/\/soymigrante.com\/mercado\/marketplace\/seller\/profile\/calzadoninnke\">Ninnke<\/a><\/p><p>En su taller de San Miguel Petapa,&#8221;Toni&#8221;, como la llaman sus amigos y clientes, fabrica actualmente creativos dise\u00f1os de zapatos de diversos estilos: casuales, elegantes, bajos o de tac\u00f3n, negros, blancos o de colores, con m\u00faltiples materiales, buscando un nuevo estilo siempre pero tambi\u00e9n comodidad y calidad.<\/p><p><a href=\"https:\/\/soymigrante.com\/mercado\/marketplace\/seller\/profile\/calzadoninnke\"><span style=\"font-family: Roboto, sans-serif; font-size: 16px; font-style: normal; font-variant-ligatures: normal; font-variant-caps: normal; font-weight: 400; color: var( --e-global-color-text ); text-align: var(--text-align);\">La tienda digital de Calzado Ninnke<\/span><\/a><span style=\"font-family: Roboto, sans-serif; font-size: 16px; font-style: normal; font-variant-ligatures: normal; font-variant-caps: normal; font-weight: 400; color: var( --e-global-color-text ); text-align: var(--text-align);\">\u00a0ya est\u00e1 abierta en\u00a0<\/span><a style=\"font-family: Roboto, sans-serif; font-size: 16px; font-style: normal; font-variant-ligatures: normal; font-variant-caps: normal; font-weight: 400; text-align: var(--text-align);\" href=\"https:\/\/soymigrante.com\/mercado\/\" target=\"_blank\" rel=\"noopener\">SoyMigrante.com MERCADO<\/a><span style=\"font-family: Roboto, sans-serif; font-size: 16px; font-style: normal; font-variant-ligatures: normal; font-variant-caps: normal; font-weight: 400; color: var( --e-global-color-text ); text-align: var(--text-align);\">, la comunidad en l\u00ednea creada para que emprendedores y compradores guatemaltecos se encuentren: un proyecto activo, proactivo e innovador para peque\u00f1os negocios y creadores de productos elaborados a mano, detr\u00e1s de las cuales siempre hay una historia. Y esta es la historia Ninnke.<\/span><\/p>\t\t\t\t\t\t\t\t<\/div>\n\t\t\t\t\t<\/div>\n\t\t\t\t<\/div>\n\t\t<div data-particle_enable=\"false\" data-particle-mobile-disabled=\"false\" class=\"elementor-element elementor-element-c92dec3 e-flex e-con-boxed e-con e-parent\" data-id=\"c92dec3\" data-element_type=\"container\" data-e-type=\"container\">\n\t\t\t\t\t<div class=\"e-con-inner\">\n\t\t\t\t<div class=\"elementor-element elementor-element-8812e2f elementor-widget elementor-widget-image\" data-id=\"8812e2f\" data-element_type=\"widget\" data-e-type=\"widget\" data-widget_type=\"image.default\">\n\t\t\t\t\t\t\t\t\t\t\t\t<figure class=\"wp-caption\">\n\t\t\t\t\t\t\t\t\t\t\t<a href=\"https:\/\/soymigrante.com\/mercado\/marketplace\/seller\/calzadoninnke\/products?page=1\">\n\t\t\t\t\t\t\t<img fetchpriority=\"high\" decoding=\"async\" width=\"768\" height=\"318\" src=\"https:\/\/soymigrante.com\/revista\/wp-content\/uploads\/2025\/01\/ninnke-1024x424.jpg\" class=\"attachment-large size-large wp-image-20424\" alt=\"Sandalias handmade para mujer con dise\u00f1o original, calzado artesanal de calidad para diferentes estilos y ocasiones. Perfectas para una moda sustentable y \u00fanica.\" srcset=\"https:\/\/soymigrante.com\/revista\/wp-content\/uploads\/2025\/01\/ninnke-1024x424.jpg 1024w, https:\/\/soymigrante.com\/revista\/wp-content\/uploads\/2025\/01\/ninnke-300x124.jpg 300w, https:\/\/soymigrante.com\/revista\/wp-content\/uploads\/2025\/01\/ninnke-768x318.jpg 768w, https:\/\/soymigrante.com\/revista\/wp-content\/uploads\/2025\/01\/ninnke-1536x636.jpg 1536w, https:\/\/soymigrante.com\/revista\/wp-content\/uploads\/2025\/01\/ninnke-750x311.webp 750w, https:\/\/soymigrante.com\/revista\/wp-content\/uploads\/2025\/01\/ninnke-1140x472.webp 1140w, https:\/\/soymigrante.com\/revista\/wp-content\/uploads\/2025\/01\/ninnke.webp 1902w\" sizes=\"(max-width: 768px) 100vw, 768px\" title=\"Calzado Ninnke se encuentra presente en SoyMigrante.com MERCADO, con estilos muy llamativos, hechos en Guatemala con dedicaci\u00f3n y atenci\u00f3n al detalle. Clic en la Imagen para entrar a la tienda digital de Ninnke. \u2013 SoyMigrante.com REVISTA\" \/>\t\t\t\t\t\t\t\t<\/a>\n\t\t\t\t\t\t\t\t\t\t\t<figcaption class=\"widget-image-caption wp-caption-text\">Calzado Ninnke se encuentra presente en SoyMigrante.com MERCADO, con estilos muy llamativos, hechos en Guatemala con dedicaci\u00f3n y atenci\u00f3n al detalle. Clic en la Imagen para entrar a la tienda digital de Ninnke.<\/figcaption>\n\t\t\t\t\t\t\t\t\t\t<\/figure>\n\t\t\t\t\t\t\t\t\t<\/div>\n\t\t\t\t\t<\/div>\n\t\t\t\t<\/div>\n\t\t<div data-particle_enable=\"false\" data-particle-mobile-disabled=\"false\" class=\"elementor-element elementor-element-c4f1edf e-flex e-con-boxed e-con e-parent\" data-id=\"c4f1edf\" data-element_type=\"container\" data-e-type=\"container\">\n\t\t\t\t\t<div class=\"e-con-inner\">\n\t\t\t\t<div class=\"elementor-element elementor-element-0ff6e00 elementor-widget elementor-widget-heading\" data-id=\"0ff6e00\" data-element_type=\"widget\" data-e-type=\"widget\" data-widget_type=\"heading.default\">\n\t\t\t\t\t<h3 class=\"elementor-heading-title elementor-size-default\">Un af\u00e1n materno se convirti\u00f3 en gusto por crear<\/h3>\t\t\t\t<\/div>\n\t\t\t\t\t<\/div>\n\t\t\t\t<\/div>\n\t\t<div data-particle_enable=\"false\" data-particle-mobile-disabled=\"false\" class=\"elementor-element elementor-element-442e433 e-flex e-con-boxed e-con e-parent\" data-id=\"442e433\" data-element_type=\"container\" data-e-type=\"container\">\n\t\t\t\t\t<div class=\"e-con-inner\">\n\t\t\t\t<div class=\"elementor-element elementor-element-05f1932 elementor-widget elementor-widget-text-editor\" data-id=\"05f1932\" data-element_type=\"widget\" data-e-type=\"widget\" data-widget_type=\"text-editor.default\">\n\t\t\t\t\t\t\t\t\t<p>Cuando &#8220;Toni&#8221; Jer\u00f3nimo empez\u00f3 a elaborar zapatos para su hija realmente no pens\u00f3 que podr\u00eda convertirse en un negocio. &#8220;Yo lo que quer\u00eda es que tuviera un calzado que no le lastimara, que fuera c\u00f3modo, seguro y tambi\u00e9n bonito. Me fui a las peleter\u00edas de la 16 calle zona 1 a buscar materiales para la suela, la cubierta y tambi\u00e9n la plantilla&#8221;, cuenta la emprendedora.<\/p><p>&#8220;Los tenderos de las peleter\u00edas son muy amables y saben mucho. Pero a la vez, me recomendaban preguntar a zapateros que llegan a adquriri materiales. \u00bfC\u00f3mo pegar una suela para que dure m\u00e1s? \u00bfC\u00f3mo medir una plantilla? \u00bfC\u00f3mo usar una horma? \u00bfC\u00f3mo coser el tal\u00f3n para que no quede ni muy alto ni muy bajo y que no lastime?. Son una maravilla de conocimientos los zapateros&#8221;, prosigue Toni.<\/p><p>El amor de mam\u00e1 llev\u00f3 a la creaci\u00f3n de aquellos primeros zapatos para que su hija los utilizara. Pero los conocimientos y la pr\u00e1ctica se quedaron all\u00ed. Aprendi\u00f3 a coser, a combinar materiales, a buscar suelas antideslizantes y a la vez pr\u00e1cticas.<\/p>\t\t\t\t\t\t\t\t<\/div>\n\t\t\t\t\t<\/div>\n\t\t\t\t<\/div>\n\t\t<div data-particle_enable=\"false\" data-particle-mobile-disabled=\"false\" class=\"elementor-element elementor-element-8cef4dc e-flex e-con-boxed e-con e-parent\" data-id=\"8cef4dc\" data-element_type=\"container\" data-e-type=\"container\">\n\t\t\t\t\t<div class=\"e-con-inner\">\n\t\t\t\t<div class=\"elementor-element elementor-element-14c29e4 elementor-widget elementor-widget-image\" data-id=\"14c29e4\" data-element_type=\"widget\" data-e-type=\"widget\" data-widget_type=\"image.default\">\n\t\t\t\t\t\t\t\t\t\t\t\t<figure class=\"wp-caption\">\n\t\t\t\t\t\t\t\t\t\t<img decoding=\"async\" width=\"768\" height=\"576\" src=\"https:\/\/soymigrante.com\/revista\/wp-content\/uploads\/2025\/01\/ninnke-zapatos-3-1024x768.jpg\" class=\"attachment-large size-large wp-image-20426\" alt=\"Artesana costurera trabajando en m\u00e1quina de coser, creaci\u00f3n de prendas textiles, trabajo manual y artesanal.\" srcset=\"https:\/\/soymigrante.com\/revista\/wp-content\/uploads\/2025\/01\/ninnke-zapatos-3-1024x768.jpg 1024w, https:\/\/soymigrante.com\/revista\/wp-content\/uploads\/2025\/01\/ninnke-zapatos-3-300x225.jpg 300w, https:\/\/soymigrante.com\/revista\/wp-content\/uploads\/2025\/01\/ninnke-zapatos-3-768x576.jpg 768w, https:\/\/soymigrante.com\/revista\/wp-content\/uploads\/2025\/01\/ninnke-zapatos-3-750x563.webp 750w, https:\/\/soymigrante.com\/revista\/wp-content\/uploads\/2025\/01\/ninnke-zapatos-3-1140x855.webp 1140w, https:\/\/soymigrante.com\/revista\/wp-content\/uploads\/2025\/01\/ninnke-zapatos-3.webp 1280w\" sizes=\"(max-width: 768px) 100vw, 768px\" title=\"Con gran precisi\u00f3n y versatilidad, Mar\u00eda Jer\u00f3nimo sabe utilizar las diversas m\u00e1quinas que implica la elaboraci\u00f3n de calzado: cose, pega, hornea, recorta. Y lo mejor de todo es que ella misma elabora sus dise\u00f1os, tomando en cuenta colores, accesorios y posibles ocasiones de uso. \u2013 SoyMigrante.com REVISTA\" \/>\t\t\t\t\t\t\t\t\t\t\t<figcaption class=\"widget-image-caption wp-caption-text\">Mujer confeccionando ropa en taller de costura, hilados y dise\u00f1o textil, producci\u00f3n artesanal de moda y moda sostenible.<\/figcaption>\n\t\t\t\t\t\t\t\t\t\t<\/figure>\n\t\t\t\t\t\t\t\t\t<\/div>\n\t\t\t\t\t<\/div>\n\t\t\t\t<\/div>\n\t\t<div data-particle_enable=\"false\" data-particle-mobile-disabled=\"false\" class=\"elementor-element elementor-element-d54fe2f e-flex e-con-boxed e-con e-parent\" data-id=\"d54fe2f\" data-element_type=\"container\" data-e-type=\"container\">\n\t\t\t\t\t<div class=\"e-con-inner\">\n\t\t\t\t<div class=\"elementor-element elementor-element-0236eee elementor-widget elementor-widget-heading\" data-id=\"0236eee\" data-element_type=\"widget\" data-e-type=\"widget\" data-widget_type=\"heading.default\">\n\t\t\t\t\t<h3 class=\"elementor-heading-title elementor-size-default\"><a href=\"https:\/\/soymigrante.com\/mercado\/marketplace\/seller\/profile\/calzadoninnke\">Calidad Ninnke es probada por su fabricante<\/a><\/h3>\t\t\t\t<\/div>\n\t\t\t\t\t<\/div>\n\t\t\t\t<\/div>\n\t\t<div data-particle_enable=\"false\" data-particle-mobile-disabled=\"false\" class=\"elementor-element elementor-element-1343edc e-flex e-con-boxed e-con e-parent\" data-id=\"1343edc\" data-element_type=\"container\" data-e-type=\"container\">\n\t\t\t\t\t<div class=\"e-con-inner\">\n\t\t\t\t<div class=\"elementor-element elementor-element-9fa042f elementor-widget elementor-widget-text-editor\" data-id=\"9fa042f\" data-element_type=\"widget\" data-e-type=\"widget\" data-widget_type=\"text-editor.default\">\n\t\t\t\t\t\t\t\t\t<p>Toni Jer\u00f3nimo utiliza las propias sandalias que fabrica bajo la marca Ninnke, no solo por un gusto personal de lucir su propia creaci\u00f3n al gusto. &#8220;Tambi\u00e9n me sirve para probar la calidad y resistencia de los materiales, comprobar la comodidad de las suelas y de las telas utilizadas. Tambi\u00e9n a mi hija y mi neta les doy modelos para que los prueben y los luzcan. Si a ellas les gustan, a m\u00e1s de una mam\u00e1 les gustar\u00e1 comprarlos para sus hijas&#8221;, expresa la h\u00e1bil artesana.<\/p><p>&#8220;El nombre Ninnke viene de la hija del amigo que me aconsej\u00f3 convertir mi afici\u00f3n a la confecci\u00f3n de zapatos en un emprendimiento. &#8220;Durante la pandemia, mi trabajo en bienes ra\u00edces se puso muy lento y complicado. Necesitaba una forma de generar recursos para la casa. As\u00ed que este amigo me aconsej\u00f3: fabrica zapatos. Si ya dise\u00f1as y sabes del oficio, por qu\u00e9 no convertirlo en una marca diferente, de calidad y con atenci\u00f3n al detalle&#8221;, relata.\u00a0<\/p><p>Con esfuerzo &#8220;Toni&#8221; consigui\u00f3 las m\u00e1quinas necesarias para coser, pegar, recortar. Constantemente explora nuevos materiales, pegamentos y t\u00e9cnicas para asegurar la calidad de sus productos. Pero lo m\u00e1s importante: la creatividad. &#8220;En las noches me pongo a dibujar, a visualizar colores, a intentar nuevos decorados que a su vez conjuguen con la funcionalidad y la utilidad&#8221;, explica. <a href=\"https:\/\/soymigrante.com\/mercado\/marketplace\/seller\/profile\/calzadoninnke\">As\u00ed naci\u00f3 Ninnke.<\/a><\/p>\t\t\t\t\t\t\t\t<\/div>\n\t\t\t\t\t<\/div>\n\t\t\t\t<\/div>\n\t\t<div data-particle_enable=\"false\" data-particle-mobile-disabled=\"false\" class=\"elementor-element elementor-element-f9094f3 e-flex e-con-boxed e-con e-parent\" data-id=\"f9094f3\" data-element_type=\"container\" data-e-type=\"container\">\n\t\t\t\t\t<div class=\"e-con-inner\">\n\t\t\t\t<div class=\"elementor-element elementor-element-de3221b elementor-widget elementor-widget-image\" data-id=\"de3221b\" data-element_type=\"widget\" data-e-type=\"widget\" data-widget_type=\"image.default\">\n\t\t\t\t\t\t\t\t\t\t\t\t<figure class=\"wp-caption\">\n\t\t\t\t\t\t\t\t\t\t\t<a href=\"https:\/\/soymigrante.com\/mercado\/marketplace\/seller\/calzadoninnke\/products?page=1\">\n\t\t\t\t\t\t\t<img decoding=\"async\" width=\"768\" height=\"576\" src=\"https:\/\/soymigrante.com\/revista\/wp-content\/uploads\/2025\/01\/ninnnke-esta-es-1024x768.jpg\" class=\"attachment-large size-large wp-image-20427\" alt=\"Zapatos de mujer en vitrinas, mujer sentada en sala de exhibici\u00f3n de calzado, entrevista sobre moda y tendencias en zapatos, publicaci\u00f3n en SoyMigrante.com REVISTA.\" srcset=\"https:\/\/soymigrante.com\/revista\/wp-content\/uploads\/2025\/01\/ninnnke-esta-es-1024x768.jpg 1024w, https:\/\/soymigrante.com\/revista\/wp-content\/uploads\/2025\/01\/ninnnke-esta-es-300x225.jpg 300w, https:\/\/soymigrante.com\/revista\/wp-content\/uploads\/2025\/01\/ninnnke-esta-es-768x576.jpg 768w, https:\/\/soymigrante.com\/revista\/wp-content\/uploads\/2025\/01\/ninnnke-esta-es-750x563.webp 750w, https:\/\/soymigrante.com\/revista\/wp-content\/uploads\/2025\/01\/ninnnke-esta-es-1140x855.webp 1140w, https:\/\/soymigrante.com\/revista\/wp-content\/uploads\/2025\/01\/ninnnke-esta-es.webp 1280w\" sizes=\"(max-width: 768px) 100vw, 768px\" title=\"Materiales y creaciones se conjugan en el taller de Ninnke. La emprendedora Mar\u00eda Jer\u00f3nico considera que abrir su tienda digital en SoyMigrante.com MERCADO es la herramienta que le faltaba para llegar a m\u00e1s guatemaltecas con sus productos. \u2013 SoyMigrante.com REVISTA\" \/>\t\t\t\t\t\t\t\t<\/a>\n\t\t\t\t\t\t\t\t\t\t\t<figcaption class=\"widget-image-caption wp-caption-text\">Amplia variedad de zapatos y accesorios en tienda especializada, mujer en entrevista compartiendo detalles sobre moda y tendencias actuales en calzado femenino.<\/figcaption>\n\t\t\t\t\t\t\t\t\t\t<\/figure>\n\t\t\t\t\t\t\t\t\t<\/div>\n\t\t\t\t\t<\/div>\n\t\t\t\t<\/div>\n\t\t<div data-particle_enable=\"false\" data-particle-mobile-disabled=\"false\" class=\"elementor-element elementor-element-f260188 e-flex e-con-boxed e-con e-parent\" data-id=\"f260188\" data-element_type=\"container\" data-e-type=\"container\">\n\t\t\t\t\t<div class=\"e-con-inner\">\n\t\t\t\t<div class=\"elementor-element elementor-element-52595cf elementor-widget elementor-widget-heading\" data-id=\"52595cf\" data-element_type=\"widget\" data-e-type=\"widget\" data-widget_type=\"heading.default\">\n\t\t\t\t\t<h3 class=\"elementor-heading-title elementor-size-default\"><a href=\"https:\/\/soymigrante.com\/revista\/soymigrante-com-mercado-viene-plataforma-digital-para-emprendedores-guatemaltecos\/\">SoyMigrante.com MERCADO es una herramienta innovadora para emprendedores<\/a><\/h3>\t\t\t\t<\/div>\n\t\t\t\t\t<\/div>\n\t\t\t\t<\/div>\n\t\t<div data-particle_enable=\"false\" data-particle-mobile-disabled=\"false\" class=\"elementor-element elementor-element-87accf0 e-flex e-con-boxed e-con e-parent\" data-id=\"87accf0\" data-element_type=\"container\" data-e-type=\"container\">\n\t\t\t\t\t<div class=\"e-con-inner\">\n\t\t\t\t<div class=\"elementor-element elementor-element-8645dea elementor-widget elementor-widget-text-editor\" data-id=\"8645dea\" data-element_type=\"widget\" data-e-type=\"widget\" data-widget_type=\"text-editor.default\">\n\t\t\t\t\t\t\t\t\t<p>&#8220;Toni&#8221; Jer\u00f3nimo valora la apertura de <a href=\"https:\/\/soymigrante.com\/revista\/soymigrante-com-mercado-viene-plataforma-digital-para-emprendedores-guatemaltecos\/\">SoyMigrante.com MERCADO<\/a> como una valiosa fase de su emprendimiento, pero que beneficiar\u00e1 a muchos m\u00e1s. &#8220;Ahora puedo mostrar mis zapatos, venderlos, enviarlos, cobrar y subir nuevas creaciones sin l\u00edmite de horario, con libertad y creatividad&#8221;, expone. &#8220;Esta herramienta estar\u00eda muy lejos del acceso de peque\u00f1os emprendedores, por su costo y su desarrollo tecnol\u00f3gico. Pero es gratis, abierta a todos, f\u00e1cil de usar y sobre todo centrada en impulsar a las personas, a los artesanos&#8221;, afirma.<\/p><p>Por si fuera poco, Toni ya est\u00e1 generando oportunidades. &#8220;Contrat\u00e9 a un zapatero para que me apoye con el cosido y el pegado, para tener una mayor cantidad de modelos y de tallas. Este 2025 ser\u00e1 de crecimiento y de m\u00e1s creaciones&#8221;.<\/p><p>Finalmente a\u00f1ade que el hecho de ser mujer le ayuda mucho a diferenciarse del mercado de calzado en el pa\u00eds. &#8220;Hago zapatos con cari\u00f1o de mam\u00e1, con sensibilidad de mujer que le gusta lucir bien y a la vez pensando en la durabilidad para que sea algo que pueda usar en toda ocasion, todo el d\u00eda, luciendo bien y dando pasos seguros&#8221;, finaliza <a href=\"https:\/\/soymigrante.com\/mercado\/marketplace\/seller\/profile\/calzadoninnke\">la fundadora y dise\u00f1adora de Ninnke.<\/a><\/p>\t\t\t\t\t\t\t\t<\/div>\n\t\t\t\t\t<\/div>\n\t\t\t\t<\/div>\n\t\t<div data-particle_enable=\"false\" data-particle-mobile-disabled=\"false\" class=\"elementor-element elementor-element-5c8c94c e-flex e-con-boxed e-con e-parent\" data-id=\"5c8c94c\" data-element_type=\"container\" data-e-type=\"container\">\n\t\t\t\t\t<div class=\"e-con-inner\">\n\t\t\t\t<div class=\"elementor-element elementor-element-131073e elementor-widget elementor-widget-image\" data-id=\"131073e\" data-element_type=\"widget\" data-e-type=\"widget\" data-widget_type=\"image.default\">\n\t\t\t\t\t\t\t\t\t\t\t\t<figure class=\"wp-caption\">\n\t\t\t\t\t\t\t\t\t\t<img loading=\"lazy\" decoding=\"async\" width=\"768\" height=\"1024\" src=\"https:\/\/soymigrante.com\/revista\/wp-content\/uploads\/2025\/01\/ninnnje-4-768x1024.jpg\" class=\"attachment-large size-large wp-image-20428\" alt=\"Alto texto: Espacio de taller de costura y confecci\u00f3n con m\u00e1quinas, telas y herramientas varias en un local de trabajo en movimiento.\" srcset=\"https:\/\/soymigrante.com\/revista\/wp-content\/uploads\/2025\/01\/ninnnje-4-768x1024.jpg 768w, https:\/\/soymigrante.com\/revista\/wp-content\/uploads\/2025\/01\/ninnnje-4-225x300.jpg 225w, https:\/\/soymigrante.com\/revista\/wp-content\/uploads\/2025\/01\/ninnnje-4-750x1000.webp 750w, https:\/\/soymigrante.com\/revista\/wp-content\/uploads\/2025\/01\/ninnnje-4.webp 960w\" sizes=\"(max-width: 768px) 100vw, 768px\" title=\"Materiales, adornos, accesorios y dise\u00f1os se combinan en el taller de Ninnke. Mar\u00eda Jer\u00f3nimo genera adem\u00e1s ya una primera plaza laboral pues contrat\u00f3 a un zapatero para que le apoye en la labor de cosido y pegado. Cada nueva creaci\u00f3n es probada en cuanto a resistencia, comodidad y por supuesto, estilo. \u2013 SoyMigrante.com REVISTA\" \/>\t\t\t\t\t\t\t\t\t\t\t<figcaption class=\"widget-image-caption wp-caption-text\">Leyenda: Taller de costura en funcionamiento con encargadas y materiales variados en un entorno laboral activo.<\/figcaption>\n\t\t\t\t\t\t\t\t\t\t<\/figure>\n\t\t\t\t\t\t\t\t\t<\/div>\n\t\t\t\t\t<\/div>\n\t\t\t\t<\/div>\n\t\t<div data-particle_enable=\"false\" data-particle-mobile-disabled=\"false\" class=\"elementor-element elementor-element-f2dfe86 e-flex e-con-boxed e-con e-parent\" data-id=\"f2dfe86\" data-element_type=\"container\" data-e-type=\"container\">\n\t\t\t\t\t<div class=\"e-con-inner\">\n\t\t\t\t<div class=\"elementor-element elementor-element-966f4bc elementor-widget elementor-widget-heading\" data-id=\"966f4bc\" data-element_type=\"widget\" data-e-type=\"widget\" data-widget_type=\"heading.default\">\n\t\t\t\t\t<h2 class=\"elementor-heading-title elementor-size-default\">Claves de emprendimiento digital<\/h2>\t\t\t\t<\/div>\n\t\t\t\t\t<\/div>\n\t\t\t\t<\/div>\n\t\t<div data-particle_enable=\"false\" data-particle-mobile-disabled=\"false\" class=\"elementor-element elementor-element-1ca5d50 e-flex e-con-boxed e-con e-parent\" data-id=\"1ca5d50\" data-element_type=\"container\" data-e-type=\"container\">\n\t\t\t\t\t<div class=\"e-con-inner\">\n\t\t\t\t<div class=\"elementor-element elementor-element-85f5d75 elementor-grid-eael-col-3 elementor-grid-tablet-eael-col-2 elementor-grid-mobile-eael-col-1 elementor-widget elementor-widget-eael-post-grid\" data-id=\"85f5d75\" data-element_type=\"widget\" data-e-type=\"widget\" data-settings=\"{&quot;eael_post_grid_columns&quot;:&quot;eael-col-3&quot;,&quot;eael_post_grid_columns_tablet&quot;:&quot;eael-col-2&quot;,&quot;eael_post_grid_columns_mobile&quot;:&quot;eael-col-1&quot;}\" data-widget_type=\"eael-post-grid.default\">\n\t\t\t\t\t<div id=\"eael-post-grid-85f5d75\" class=\"eael-post-grid-container\">\n            <div class=\"eael-post-grid eael-post-appender eael-post-appender-85f5d75 eael-post-grid-style-one\" data-layout-mode=\"masonry\"><article class=\"eael-grid-post  eael-post-grid-column eael-pg-post-17480 category-bienestar\" data-id=\"17480\">\n        <div class=\"eael-grid-post-holder\">\n            <div class=\"eael-grid-post-holder-inner\"><div class=\"eael-entry-media\"><div class=\"eael-entry-overlay fade-in\"><i class=\"far fa-hand-pointer\" aria-hidden=\"true\"><\/i><a href=\"https:\/\/soymigrante.com\/revista\/consejos-para-hacer-crecer-las-ventas-de-tu-emprendimiento\/\"><\/a><\/div><div class=\"eael-entry-thumbnail \">\n                <img loading=\"lazy\" decoding=\"async\" width=\"1024\" height=\"1022\" src=\"https:\/\/soymigrante.com\/revista\/wp-content\/uploads\/2024\/11\/emprendedor2-scaled-e1736226196760-1024x1022.webp\" class=\"attachment-large size-large wp-image-13303\" alt=\"Emprendedora femenina en taller de cer\u00e1mica, con computadora y tel\u00e9fono m\u00f3vil, resaltando el trabajo artesanal y digital en comunidad migrante en M\u00e9xico.\" srcset=\"https:\/\/soymigrante.com\/revista\/wp-content\/uploads\/2024\/11\/emprendedor2-scaled-e1736226196760-1024x1022.webp 1024w, https:\/\/soymigrante.com\/revista\/wp-content\/uploads\/2024\/11\/emprendedor2-scaled-e1736226196760-300x300.webp 300w, https:\/\/soymigrante.com\/revista\/wp-content\/uploads\/2024\/11\/emprendedor2-scaled-e1736226196760-150x150.webp 150w, https:\/\/soymigrante.com\/revista\/wp-content\/uploads\/2024\/11\/emprendedor2-scaled-e1736226196760-768x766.webp 768w, https:\/\/soymigrante.com\/revista\/wp-content\/uploads\/2024\/11\/emprendedor2-scaled-e1736226196760-75x75.webp 75w, https:\/\/soymigrante.com\/revista\/wp-content\/uploads\/2024\/11\/emprendedor2-scaled-e1736226196760-750x748.webp 750w, https:\/\/soymigrante.com\/revista\/wp-content\/uploads\/2024\/11\/emprendedor2-scaled-e1736226196760-1140x1137.webp 1140w, https:\/\/soymigrante.com\/revista\/wp-content\/uploads\/2024\/11\/emprendedor2-scaled-e1736226196760.webp 1280w\" sizes=\"(max-width: 1024px) 100vw, 1024px\" \/>\n            <\/div>\n        <\/div><div class=\"eael-entry-wrapper\"><header class=\"eael-entry-header\"><h2 class=\"eael-entry-title\"><a class=\"eael-grid-post-link\" href=\"https:\/\/soymigrante.com\/revista\/consejos-para-hacer-crecer-las-ventas-de-tu-emprendimiento\/\" title=\"Consejos para hacer crecer las ventas de tu emprendimiento\">Consejos para hacer crecer las ventas de tu emprendimiento<\/a><\/h2><\/header><div class=\"eael-entry-content\">\n                        <div class=\"eael-grid-post-excerpt\"><a href=\"https:\/\/soymigrante.com\/revista\/consejos-para-hacer-crecer-las-ventas-de-tu-emprendimiento\/\" class=\"eael-post-elements-readmore-btn\">CONOCE SU HISTORIA <\/a><\/div>\n                    <\/div><\/div><\/div>\n        <\/div>\n    <\/article><article class=\"eael-grid-post  eael-post-grid-column eael-pg-post-15681 category-bienestar\" data-id=\"15681\">\n        <div class=\"eael-grid-post-holder\">\n            <div class=\"eael-grid-post-holder-inner\"><div class=\"eael-entry-media\"><div class=\"eael-entry-overlay fade-in\"><i class=\"far fa-hand-pointer\" aria-hidden=\"true\"><\/i><a href=\"https:\/\/soymigrante.com\/revista\/desafio-de-emprendedores-el-empaque-adecuado-de-productos-para-envio\/\"><\/a><\/div><div class=\"eael-entry-thumbnail \">\n                <img loading=\"lazy\" decoding=\"async\" width=\"1024\" height=\"1024\" src=\"https:\/\/soymigrante.com\/revista\/wp-content\/uploads\/2024\/12\/Co\u0301mo-crear-empaques-efectivos-para-envi\u0301os-de-emprendedores-scaled-e1733504852532-1024x1024.jpg\" class=\"attachment-large size-large wp-image-15683\" alt=\"C\u00f3mo crear empaques efectivos para env\u00edos de emprendedores\" srcset=\"https:\/\/soymigrante.com\/revista\/wp-content\/uploads\/2024\/12\/Co\u0301mo-crear-empaques-efectivos-para-envi\u0301os-de-emprendedores-scaled-e1733504852532-1024x1024.jpg 1024w, https:\/\/soymigrante.com\/revista\/wp-content\/uploads\/2024\/12\/Co\u0301mo-crear-empaques-efectivos-para-envi\u0301os-de-emprendedores-scaled-e1733504852532-300x300.jpg 300w, https:\/\/soymigrante.com\/revista\/wp-content\/uploads\/2024\/12\/Co\u0301mo-crear-empaques-efectivos-para-envi\u0301os-de-emprendedores-scaled-e1733504852532-150x150.jpg 150w, https:\/\/soymigrante.com\/revista\/wp-content\/uploads\/2024\/12\/Co\u0301mo-crear-empaques-efectivos-para-envi\u0301os-de-emprendedores-scaled-e1733504852532-768x768.jpg 768w, https:\/\/soymigrante.com\/revista\/wp-content\/uploads\/2024\/12\/Co\u0301mo-crear-empaques-efectivos-para-envi\u0301os-de-emprendedores-scaled-e1733504852532-1536x1536.jpg 1536w, https:\/\/soymigrante.com\/revista\/wp-content\/uploads\/2024\/12\/Co\u0301mo-crear-empaques-efectivos-para-envi\u0301os-de-emprendedores-scaled-e1733504852532-75x75.webp 75w, https:\/\/soymigrante.com\/revista\/wp-content\/uploads\/2024\/12\/Co\u0301mo-crear-empaques-efectivos-para-envi\u0301os-de-emprendedores-scaled-e1733504852532-750x750.webp 750w, https:\/\/soymigrante.com\/revista\/wp-content\/uploads\/2024\/12\/Co\u0301mo-crear-empaques-efectivos-para-envi\u0301os-de-emprendedores-scaled-e1733504852532-1140x1140.webp 1140w, https:\/\/soymigrante.com\/revista\/wp-content\/uploads\/2024\/12\/Co\u0301mo-crear-empaques-efectivos-para-envi\u0301os-de-emprendedores-scaled-e1733504852532.webp 1706w\" sizes=\"(max-width: 1024px) 100vw, 1024px\" \/>\n            <\/div>\n        <\/div><div class=\"eael-entry-wrapper\"><header class=\"eael-entry-header\"><h2 class=\"eael-entry-title\"><a class=\"eael-grid-post-link\" href=\"https:\/\/soymigrante.com\/revista\/desafio-de-emprendedores-el-empaque-adecuado-de-productos-para-envio\/\" title=\"Lo que el emprendedor debe saber: el empaque adecuado de productos para env\u00edo\">Lo que el emprendedor debe saber: el empaque adecuado de productos para env\u00edo<\/a><\/h2><\/header><div class=\"eael-entry-content\">\n                        <div class=\"eael-grid-post-excerpt\"><a href=\"https:\/\/soymigrante.com\/revista\/desafio-de-emprendedores-el-empaque-adecuado-de-productos-para-envio\/\" class=\"eael-post-elements-readmore-btn\">CONOCE SU HISTORIA <\/a><\/div>\n                    <\/div><\/div><\/div>\n        <\/div>\n    <\/article><article class=\"eael-grid-post  eael-post-grid-column eael-pg-post-9994 category-bienestar\" data-id=\"9994\">\n        <div class=\"eael-grid-post-holder\">\n            <div class=\"eael-grid-post-holder-inner\"><div class=\"eael-entry-media\"><div class=\"eael-entry-overlay fade-in\"><i class=\"far fa-hand-pointer\" aria-hidden=\"true\"><\/i><a href=\"https:\/\/soymigrante.com\/revista\/tips-y-tutoriales-para-mejorar-retratos-y-fotografias-de-productos\/\"><\/a><\/div><div class=\"eael-entry-thumbnail \">\n                <img loading=\"lazy\" decoding=\"async\" width=\"903\" height=\"903\" src=\"https:\/\/soymigrante.com\/revista\/wp-content\/uploads\/2024\/10\/fotografia-producto.webp\" class=\"attachment-large size-large wp-image-10016\" alt=\"Emprendedora migrante preparando productos textiles para su negocio.\" srcset=\"https:\/\/soymigrante.com\/revista\/wp-content\/uploads\/2024\/10\/fotografia-producto.webp 903w, https:\/\/soymigrante.com\/revista\/wp-content\/uploads\/2024\/10\/fotografia-producto-300x300.webp 300w, https:\/\/soymigrante.com\/revista\/wp-content\/uploads\/2024\/10\/fotografia-producto-150x150.webp 150w, https:\/\/soymigrante.com\/revista\/wp-content\/uploads\/2024\/10\/fotografia-producto-768x768.webp 768w, https:\/\/soymigrante.com\/revista\/wp-content\/uploads\/2024\/10\/fotografia-producto-75x75.webp 75w, https:\/\/soymigrante.com\/revista\/wp-content\/uploads\/2024\/10\/fotografia-producto-750x750.webp 750w\" sizes=\"(max-width: 903px) 100vw, 903px\" \/>\n            <\/div>\n        <\/div><div class=\"eael-entry-wrapper\"><header class=\"eael-entry-header\"><h2 class=\"eael-entry-title\"><a class=\"eael-grid-post-link\" href=\"https:\/\/soymigrante.com\/revista\/tips-y-tutoriales-para-mejorar-retratos-y-fotografias-de-productos\/\" title=\"Tips y tutoriales para mejorar retratos y fotograf\u00edas de productos\">Tips y tutoriales para mejorar retratos y fotograf\u00edas de productos<\/a><\/h2><\/header><div class=\"eael-entry-content\">\n                        <div class=\"eael-grid-post-excerpt\"><a href=\"https:\/\/soymigrante.com\/revista\/tips-y-tutoriales-para-mejorar-retratos-y-fotografias-de-productos\/\" class=\"eael-post-elements-readmore-btn\">CONOCE SU HISTORIA <\/a><\/div>\n                    <\/div><\/div><\/div>\n        <\/div>\n    <\/article><\/div>\n            <div class=\"clearfix\"><\/div>\n        <\/div>\t\t\t\t<\/div>\n\t\t\t\t\t<\/div>\n\t\t\t\t<\/div>\n\t\t\t\t<\/div>\n\t\t","protected":false},"excerpt":{"rendered":"<p>Ninnke Calzado crea estilos originales, dise\u00f1ados por la emprendedora guatemalteca Mar\u00eda &#8220;Toni&#8221; Jer\u00f3nimo en San Miguel Petapa. Abri\u00f3 su tienda digital en SoyMigrante.com MERCADO y te contamos c\u00f3mo naci\u00f3 este proyecto que va en muy buenos pasos. &#8220;Cuando mi hija era peque\u00f1a, ten\u00eda su pie un poco ancho y los zapatos le duraban muy poco, [&hellip;]<\/p>\n","protected":false},"author":7,"featured_media":20421,"comment_status":"open","ping_status":"open","sticky":false,"template":"","format":"standard","meta":{"_acf_changed":false,"_eb_attr":"","footnotes":""},"categories":[58],"tags":[130],"class_list":["post-20419","post","type-post","status-publish","format-standard","has-post-thumbnail","hentry","category-guate-nuestra","tag-mercado-emprendedores"],"acf":[],"aioseo_notices":[],"aioseo_head":"\n\t\t<!-- All in One SEO Pro 4.9.6.2 - aioseo.com -->\n\t<meta name=\"description\" content=\"Lo que se ve se vende: este es un concepto clave para el comercio digital. Presentar una mejor foto de tu producto o de quien lo fabrica puede potenciar ventas\" \/>\n\t<meta name=\"robots\" content=\"max-snippet:-1, max-image-preview:large, max-video-preview:-1\" \/>\n\t<meta name=\"author\" content=\"Marysabel Aldana\"\/>\n\t<link rel=\"canonical\" href=\"https:\/\/soymigrante.com\/revista\/tips-y-tutoriales-para-mejorar-retratos-y-fotografias-de-productos\/\" \/>\n\t<meta name=\"generator\" content=\"All in One SEO Pro (AIOSEO) 4.9.6.2\" \/>\n\n\t\t<link rel=\"preconnect\" href=\"https:\/\/fonts.googleapis.com\" crossorigin>\n<link rel=\"preconnect\" href=\"https:\/\/fonts.gstatic.com\" crossorigin>\n\t\t<meta property=\"og:locale\" content=\"es_ES\" \/>\n\t\t<meta property=\"og:site_name\" content=\"SoyMigrante.com REVISTA \u2013 Nuestra misi\u00f3n es reconocer y dignificar al migrante.\" \/>\n\t\t<meta property=\"og:type\" content=\"article\" \/>\n\t\t<meta property=\"og:title\" content=\"Tips y tutoriales para mejorar retratos y fotograf\u00edas de productos\" \/>\n\t\t<meta property=\"og:description\" content=\"Lo que se ve se vende: este es un concepto clave para el comercio digital. Presentar una mejor foto de tu producto o de quien lo fabrica puede potenciar ventas\" \/>\n\t\t<meta property=\"og:url\" content=\"https:\/\/soymigrante.com\/revista\/tips-y-tutoriales-para-mejorar-retratos-y-fotografias-de-productos\/\" \/>\n\t\t<meta property=\"og:image\" content=\"https:\/\/soymigrante.com\/revista\/wp-content\/uploads\/2024\/10\/fotografia-producto.webp\" \/>\n\t\t<meta property=\"og:image:secure_url\" content=\"https:\/\/soymigrante.com\/revista\/wp-content\/uploads\/2024\/10\/fotografia-producto.webp\" \/>\n\t\t<meta property=\"og:image:width\" content=\"903\" \/>\n\t\t<meta property=\"og:image:height\" content=\"903\" \/>\n\t\t<meta property=\"article:published_time\" content=\"2024-10-04T16:57:43+00:00\" \/>\n\t\t<meta property=\"article:modified_time\" content=\"2024-10-04T16:57:44+00:00\" \/>\n\t\t<meta property=\"article:publisher\" content=\"https:\/\/www.facebook.com\/soymigrantecom\" \/>\n\t\t<meta name=\"twitter:card\" content=\"summary_large_image\" \/>\n\t\t<meta name=\"twitter:site\" content=\"@SoyMigrante_com\" \/>\n\t\t<meta name=\"twitter:title\" content=\"Tips y tutoriales para mejorar retratos y fotograf\u00edas de productos\" \/>\n\t\t<meta name=\"twitter:description\" content=\"Lo que se ve se vende: este es un concepto clave para el comercio digital. Presentar una mejor foto de tu producto o de quien lo fabrica puede potenciar ventas\" \/>\n\t\t<meta name=\"twitter:creator\" content=\"@SoyMigrante_com\" \/>\n\t\t<meta name=\"twitter:image\" content=\"https:\/\/soymigrante.com\/revista\/wp-content\/uploads\/2024\/10\/fotografia-producto.webp\" \/>\n\t\t<!-- All in One SEO Pro -->\r\n\t\t<title>Tips y tutoriales para mejorar retratos y fotograf\u00edas de productos<\/title>\n\n","aioseo_head_json":{"title":"Tips y tutoriales para mejorar retratos y fotograf\u00edas de productos","description":"Lo que se ve se vende: este es un concepto clave para el comercio digital. Presentar una mejor foto de tu producto o de quien lo fabrica puede potenciar ventas","canonical_url":"https:\/\/soymigrante.com\/revista\/tips-y-tutoriales-para-mejorar-retratos-y-fotografias-de-productos\/","robots":"max-snippet:-1, max-image-preview:large, max-video-preview:-1","keywords":"","webmasterTools":{"miscellaneous":"&lt;link rel=\"preconnect\" href=\"https:\/\/fonts.googleapis.com\" crossorigin&gt;\n&lt;link rel=\"preconnect\" href=\"https:\/\/fonts.gstatic.com\" crossorigin&gt;"},"schema":null,"og:locale":"es_ES","og:site_name":"SoyMigrante.com REVISTA \u2013 Nuestra misi\u00f3n es reconocer y dignificar al migrante.","og:type":"article","og:title":"Tips y tutoriales para mejorar retratos y fotograf\u00edas de productos","og:description":"Lo que se ve se vende: este es un concepto clave para el comercio digital. Presentar una mejor foto de tu producto o de quien lo fabrica puede potenciar ventas","og:url":"https:\/\/soymigrante.com\/revista\/tips-y-tutoriales-para-mejorar-retratos-y-fotografias-de-productos\/","og:image":"https:\/\/soymigrante.com\/revista\/wp-content\/uploads\/2024\/10\/fotografia-producto.webp","og:image:secure_url":"https:\/\/soymigrante.com\/revista\/wp-content\/uploads\/2024\/10\/fotografia-producto.webp","og:image:width":903,"og:image:height":903,"article:published_time":"2024-10-04T16:57:43+00:00","article:modified_time":"2024-10-04T16:57:44+00:00","article:publisher":"https:\/\/www.facebook.com\/soymigrantecom","twitter:card":"summary_large_image","twitter:site":"@SoyMigrante_com","twitter:title":"Tips y tutoriales para mejorar retratos y fotograf\u00edas de productos","twitter:description":"Lo que se ve se vende: este es un concepto clave para el comercio digital. Presentar una mejor foto de tu producto o de quien lo fabrica puede potenciar ventas","twitter:creator":"@SoyMigrante_com","twitter:image":"https:\/\/soymigrante.com\/revista\/wp-content\/uploads\/2024\/10\/fotografia-producto.webp"},"aioseo_meta_data":{"post_id":"20419","title":"Calzado Ninnke naci\u00f3 del amor de una mam\u00e1 muy creativa","description":"Mar\u00eda Jer\u00f3nimo dise\u00f1a por las noches los zapatos que fabricar\u00e1 ma\u00f1ana. Estilos novedosos, calidad y comodidad se conjugan en su marca Ninnke, ahora en MERCADO","keywords":null,"keyphrases":{"focus":{"keyphrase":"Mercado","score":76,"analysis":{"keyphraseInTitle":{"score":3,"maxScore":9,"error":1},"keyphraseInDescription":{"score":9,"maxScore":9,"error":0},"keyphraseLength":{"score":9,"maxScore":9,"error":0,"length":1},"keyphraseInURL":{"score":1,"maxScore":5,"error":1},"keyphraseInIntroduction":{"score":3,"maxScore":9,"error":1},"keyphraseInSubHeadings":{"score":9,"maxScore":9,"error":0},"keyphraseInImageAlt":{"score":9,"maxScore":9,"error":0},"keywordDensity":{"type":"best","score":9,"maxScore":9,"error":0}}},"additional":[{"keyphrase":"Calzado","score":87,"analysis":{"keyphraseInDescription":{"score":3,"maxScore":9,"error":1},"keyphraseLength":{"score":9,"maxScore":9,"error":0,"length":1},"keyphraseInIntroduction":{"score":9,"maxScore":9,"error":0},"keyphraseInImageAlt":{"score":9,"maxScore":9,"error":0},"keywordDensity":{"type":"best","score":9,"maxScore":9,"error":0}}},{"keyphrase":"Emprendedora","score":53,"analysis":{"keyphraseInDescription":{"score":3,"maxScore":9,"error":1},"keyphraseLength":{"score":9,"maxScore":9,"error":0,"length":1},"keyphraseInIntroduction":{"score":3,"maxScore":9,"error":1},"keyphraseInImageAlt":{"score":9,"maxScore":9,"error":0},"keywordDensity":{"score":0,"type":"low","maxScore":9,"error":1}}},{"keyphrase":"Guatemalteca","score":53,"analysis":{"keyphraseInDescription":{"score":3,"maxScore":9,"error":1},"keyphraseLength":{"score":9,"maxScore":9,"error":0,"length":1},"keyphraseInIntroduction":{"score":3,"maxScore":9,"error":1},"keyphraseInImageAlt":{"score":9,"maxScore":9,"error":0},"keywordDensity":{"score":0,"type":"low","maxScore":9,"error":1}}}]},"primary_term":null,"canonical_url":null,"og_title":null,"og_description":null,"og_object_type":"default","og_image_type":"default","og_image_url":null,"og_image_width":null,"og_image_height":null,"og_image_custom_url":null,"og_image_custom_fields":null,"og_video":"","og_custom_url":null,"og_article_section":null,"og_article_tags":null,"twitter_use_og":false,"twitter_card":"default","twitter_image_type":"default","twitter_image_url":null,"twitter_image_custom_url":null,"twitter_image_custom_fields":null,"twitter_title":null,"twitter_description":null,"schema":{"blockGraphs":[],"customGraphs":[],"default":{"data":{"Article":[],"Course":[],"Dataset":[],"FAQPage":[],"Movie":[],"Person":[],"Product":[],"ProductReview":[],"Car":[],"Recipe":[],"Service":[],"SoftwareApplication":[],"WebPage":[]},"graphName":"BlogPosting","isEnabled":true},"graphs":[]},"schema_type":"default","schema_type_options":null,"pillar_content":false,"robots_default":true,"robots_noindex":false,"robots_noarchive":false,"robots_nosnippet":false,"robots_nofollow":false,"robots_noimageindex":false,"robots_noodp":false,"robots_notranslate":false,"robots_max_snippet":"-1","robots_max_videopreview":"-1","robots_max_imagepreview":"large","priority":null,"frequency":"default","local_seo":null,"seo_analyzer_scan_date":"2025-10-09 01:46:23","breadcrumb_settings":null,"limit_modified_date":false,"reviewed_by":null,"open_ai":"{\"title\":{\"suggestions\":[],\"usage\":0},\"description\":{\"suggestions\":[],\"usage\":0}}","ai":null,"created":"2025-01-13 05:00:25","updated":"2026-02-04 18:55:21"},"aioseo_breadcrumb":"<div class=\"aioseo-breadcrumbs\"><span class=\"aioseo-breadcrumb\">\n\t<a href=\"https:\/\/soymigrante.com\/revista\" title=\"Home\">Home<\/a>\n<\/span><span class=\"aioseo-breadcrumb-separator\">\u00bb<\/span><span class=\"aioseo-breadcrumb\">\n\t<a href=\"https:\/\/soymigrante.com\/revista\/category\/guate-nuestra\/\" title=\"Guate Nuestra\">Guate Nuestra<\/a>\n<\/span><span class=\"aioseo-breadcrumb-separator\">\u00bb<\/span><span class=\"aioseo-breadcrumb\">\n\tCalzado Ninnke naci\u00f3 del amor de una mam\u00e1 y la pasi\u00f3n por crear un estilo \u00fanico: ahora est\u00e1 en MERCADO\n<\/span><\/div>","aioseo_breadcrumb_json":[{"label":"Home","link":"https:\/\/soymigrante.com\/revista"},{"label":"Guate Nuestra","link":"https:\/\/soymigrante.com\/revista\/category\/guate-nuestra\/"},{"label":"Calzado Ninnke naci\u00f3 del amor de una mam\u00e1 y la pasi\u00f3n por crear un estilo \u00fanico: ahora est\u00e1 en MERCADO","link":"https:\/\/soymigrante.com\/revista\/calzado-ninnke-nacio-del-amor-de-una-mama-y-la-pasion-por-crear-un-estilo-unico\/"}],"_links":{"self":[{"href":"https:\/\/soymigrante.com\/revista\/wp-json\/wp\/v2\/posts\/20419","targetHints":{"allow":["GET"]}}],"collection":[{"href":"https:\/\/soymigrante.com\/revista\/wp-json\/wp\/v2\/posts"}],"about":[{"href":"https:\/\/soymigrante.com\/revista\/wp-json\/wp\/v2\/types\/post"}],"author":[{"embeddable":true,"href":"https:\/\/soymigrante.com\/revista\/wp-json\/wp\/v2\/users\/7"}],"replies":[{"embeddable":true,"href":"https:\/\/soymigrante.com\/revista\/wp-json\/wp\/v2\/comments?post=20419"}],"version-history":[{"count":0,"href":"https:\/\/soymigrante.com\/revista\/wp-json\/wp\/v2\/posts\/20419\/revisions"}],"wp:featuredmedia":[{"embeddable":true,"href":"https:\/\/soymigrante.com\/revista\/wp-json\/wp\/v2\/media\/20421"}],"wp:attachment":[{"href":"https:\/\/soymigrante.com\/revista\/wp-json\/wp\/v2\/media?parent=20419"}],"wp:term":[{"taxonomy":"category","embeddable":true,"href":"https:\/\/soymigrante.com\/revista\/wp-json\/wp\/v2\/categories?post=20419"},{"taxonomy":"post_tag","embeddable":true,"href":"https:\/\/soymigrante.com\/revista\/wp-json\/wp\/v2\/tags?post=20419"}],"curies":[{"name":"wp","href":"https:\/\/api.w.org\/{rel}","templated":true}]}}