{"id":20232,"date":"2025-01-10T20:33:51","date_gmt":"2025-01-11T02:33:51","guid":{"rendered":"https:\/\/soymigrante.com\/revista\/?p=20232"},"modified":"2025-01-26T18:55:05","modified_gmt":"2025-01-27T00:55:05","slug":"incendios-de-california-la-guatemalteca-iris-diaz-afronta-situacion-con-fortaleza-fe-y-solidaridad","status":"publish","type":"post","link":"https:\/\/soymigrante.com\/revista\/incendios-de-california-la-guatemalteca-iris-diaz-afronta-situacion-con-fortaleza-fe-y-solidaridad\/","title":{"rendered":"Incendios de California: Confiando en Dios la guatemalteca Iris D\u00edaz evacu\u00f3 su casa en Pasadena"},"content":{"rendered":"\t\t<div data-elementor-type=\"wp-post\" data-elementor-id=\"20232\" class=\"elementor elementor-20232\" data-elementor-post-type=\"post\">\n\t\t\t\t<div data-particle_enable=\"false\" data-particle-mobile-disabled=\"false\" class=\"elementor-element elementor-element-8325c1d e-flex e-con-boxed e-con e-parent\" data-id=\"8325c1d\" data-element_type=\"container\" data-e-type=\"container\">\n\t\t\t\t\t<div class=\"e-con-inner\">\n\t\t\t\t<div class=\"elementor-element elementor-element-be4649f elementor-widget elementor-widget-heading\" data-id=\"be4649f\" data-element_type=\"widget\" data-e-type=\"widget\" data-widget_type=\"heading.default\">\n\t\t\t\t\t<h2 class=\"elementor-heading-title elementor-size-default\">Iris D\u00edaz es una migrante guatemalteca que ha podido afrontar el desastre de los incendios de California, gracias al apoyo de compatriotas guatemaltecos. El martes tuvo que dejar su casa en Pasadena al ver que otras encendidas en llamas. Con fe y fortaleza agradece estar viva.<\/h2>\t\t\t\t<\/div>\n\t\t\t\t\t<\/div>\n\t\t\t\t<\/div>\n\t\t<div data-particle_enable=\"false\" data-particle-mobile-disabled=\"false\" class=\"elementor-element elementor-element-98c8a14 e-flex e-con-boxed e-con e-parent\" data-id=\"98c8a14\" data-element_type=\"container\" data-e-type=\"container\">\n\t\t\t\t\t<div class=\"e-con-inner\">\n\t\t\t\t<div class=\"elementor-element elementor-element-ab17571 elementor-widget elementor-widget-text-editor\" data-id=\"ab17571\" data-element_type=\"widget\" data-e-type=\"widget\" data-widget_type=\"text-editor.default\">\n\t\t\t\t\t\t\t\t\t<p>En medio del <a href=\"https:\/\/soymigrante.com\/revista\/incendios-de-los-angeles-guatemaltecos-comparten-su-vivencias\/\" target=\"_blank\" rel=\"noopener\">caos que ha sembrado el fuego en California<\/a>, Iris D\u00edaz, una guatemalteca residente en Pasadena, se enfrent\u00f3 al desaf\u00edo de proteger lo m\u00e1s importante: su vida, la de su hija y tambi\u00e9n sus mascotas.<\/p><p>Con casi 16 a\u00f1os de vivir en Estados Unidos y ocho de haber hecho de Pasadena su hogar, Iris tuvo que tomar una decisi\u00f3n dif\u00edcil el martes 9 de enero de 2024, justo el d\u00eda en que comenzaron los incendios de California.\u00a0 Tuvo que abandonar su vivienda cuando el viento comenz\u00f3 a intensificarse y el temor a la propagaci\u00f3n del fuego se hizo evidente.<\/p>\t\t\t\t\t\t\t\t<\/div>\n\t\t\t\t\t<\/div>\n\t\t\t\t<\/div>\n\t\t<div data-particle_enable=\"false\" data-particle-mobile-disabled=\"false\" class=\"elementor-element elementor-element-beb2fb1 e-flex e-con-boxed e-con e-parent\" data-id=\"beb2fb1\" data-element_type=\"container\" data-e-type=\"container\">\n\t\t\t\t\t<div class=\"e-con-inner\">\n\t\t\t\t<div class=\"elementor-element elementor-element-6bd8fef elementor-invisible elementor-widget elementor-widget-testimonial\" data-id=\"6bd8fef\" data-element_type=\"widget\" data-e-type=\"widget\" data-settings=\"{&quot;_animation&quot;:&quot;rotateInUpRight&quot;}\" data-widget_type=\"testimonial.default\">\n\t\t\t\t\t\t\t<div class=\"elementor-testimonial-wrapper\">\n\t\t\t\t\t\t\t<div class=\"elementor-testimonial-content\">\u201cCuando el viento empez\u00f3 a sentirse tan fuerte, me dio miedo. Decid\u00ed evacuar porque no quer\u00eda arriesgarme a quedarme atrapada en algo que no pudiera controlar\u201d\n<\/div>\n\t\t\t\n\t\t\t\t\t\t<div class=\"elementor-testimonial-meta elementor-has-image elementor-testimonial-image-position-aside\">\n\t\t\t\t<div class=\"elementor-testimonial-meta-inner\">\n\t\t\t\t\t\t\t\t\t\t\t<div class=\"elementor-testimonial-image\">\n\t\t\t\t\t\t\t<img fetchpriority=\"high\" decoding=\"async\" width=\"1440\" height=\"1440\" src=\"https:\/\/soymigrante.com\/revista\/wp-content\/uploads\/2025\/01\/Iris-Di\u0301az-Fortaleza-en-medio-del-fuego-en-Pasadena2-e1736546002773.webp\" class=\"attachment-full size-full wp-image-20234\" alt=\"Iris D\u00edaz Fortaleza en medio del fuego en Pasadena\" title=\"Iris Di\u0301az Fortaleza en medio del fuego en Pasadena2 \u2013 SoyMigrante.com REVISTA\" srcset=\"https:\/\/soymigrante.com\/revista\/wp-content\/uploads\/2025\/01\/Iris-Di\u0301az-Fortaleza-en-medio-del-fuego-en-Pasadena2-e1736546002773.webp 1440w, https:\/\/soymigrante.com\/revista\/wp-content\/uploads\/2025\/01\/Iris-Di\u0301az-Fortaleza-en-medio-del-fuego-en-Pasadena2-e1736546002773-300x300.webp 300w, https:\/\/soymigrante.com\/revista\/wp-content\/uploads\/2025\/01\/Iris-Di\u0301az-Fortaleza-en-medio-del-fuego-en-Pasadena2-e1736546002773-1024x1024.webp 1024w, https:\/\/soymigrante.com\/revista\/wp-content\/uploads\/2025\/01\/Iris-Di\u0301az-Fortaleza-en-medio-del-fuego-en-Pasadena2-e1736546002773-150x150.webp 150w, https:\/\/soymigrante.com\/revista\/wp-content\/uploads\/2025\/01\/Iris-Di\u0301az-Fortaleza-en-medio-del-fuego-en-Pasadena2-e1736546002773-768x768.webp 768w, https:\/\/soymigrante.com\/revista\/wp-content\/uploads\/2025\/01\/Iris-Di\u0301az-Fortaleza-en-medio-del-fuego-en-Pasadena2-e1736546002773-75x75.webp 75w, https:\/\/soymigrante.com\/revista\/wp-content\/uploads\/2025\/01\/Iris-Di\u0301az-Fortaleza-en-medio-del-fuego-en-Pasadena2-e1736546002773-750x750.webp 750w, https:\/\/soymigrante.com\/revista\/wp-content\/uploads\/2025\/01\/Iris-Di\u0301az-Fortaleza-en-medio-del-fuego-en-Pasadena2-e1736546002773-1140x1140.webp 1140w\" sizes=\"(max-width: 1440px) 100vw, 1440px\" \/>\t\t\t\t\t\t<\/div>\n\t\t\t\t\t\n\t\t\t\t\t\t\t\t\t\t<div class=\"elementor-testimonial-details\">\n\t\t\t\t\t\t\t\t\t\t\t\t\t\t<div class=\"elementor-testimonial-name\">Iris D\u00edaz<\/div>\n\t\t\t\t\t\t\t\t\t\t\t\t\t\t\t\t\t\t\t\t\t\t<div class=\"elementor-testimonial-job\">Migrante guatemalteca\nradicada en Pasadena, acerca\nde la decisi\u00f3n que tom\u00f3 el\nmi\u00e9rcoles 9 de enero al ver el\navance del fuego.<\/div>\n\t\t\t\t\t\t\t\t\t\t\t\t\t<\/div>\n\t\t\t\t\t\t\t\t\t<\/div>\n\t\t\t<\/div>\n\t\t\t\t\t<\/div>\n\t\t\t\t\t\t<\/div>\n\t\t\t\t\t<\/div>\n\t\t\t\t<\/div>\n\t\t<div data-particle_enable=\"false\" data-particle-mobile-disabled=\"false\" class=\"elementor-element elementor-element-a09e91b e-flex e-con-boxed e-con e-parent\" data-id=\"a09e91b\" data-element_type=\"container\" data-e-type=\"container\">\n\t\t\t\t\t<div class=\"e-con-inner\">\n\t\t\t\t<div class=\"elementor-element elementor-element-49a2507 elementor-widget elementor-widget-heading\" data-id=\"49a2507\" data-element_type=\"widget\" data-e-type=\"widget\" data-widget_type=\"heading.default\">\n\t\t\t\t\t<h3 class=\"elementor-heading-title elementor-size-default\">Fuego imparable y hermandad innegable<\/h3>\t\t\t\t<\/div>\n\t\t\t\t\t<\/div>\n\t\t\t\t<\/div>\n\t\t<div data-particle_enable=\"false\" data-particle-mobile-disabled=\"false\" class=\"elementor-element elementor-element-b3e988b e-flex e-con-boxed e-con e-parent\" data-id=\"b3e988b\" data-element_type=\"container\" data-e-type=\"container\">\n\t\t\t\t\t<div class=\"e-con-inner\">\n\t\t\t\t<div class=\"elementor-element elementor-element-ed54478 elementor-widget elementor-widget-text-editor\" data-id=\"ed54478\" data-element_type=\"widget\" data-e-type=\"widget\" data-widget_type=\"text-editor.default\">\n\t\t\t\t\t\t\t\t\t<p>El mi\u00e9rcoles regres\u00f3 brevemente a su casa para verificar el estado del inmueble. Quer\u00eda saber si hab\u00eda sido pasto de las llamas. Todav\u00eda no hab\u00eda sido alcanzada por el fuego, pero le impact\u00f3 ver que\u00a0<span style=\"color: var( --e-global-color-text ); text-align: var(--text-align);\">\u00a0la vivienda frente a la suya ya estaba siendo consumida por las llamas.<\/span><\/p>\t\t\t\t\t\t\t\t<\/div>\n\t\t\t\t\t<\/div>\n\t\t\t\t<\/div>\n\t\t<div data-particle_enable=\"false\" data-particle-mobile-disabled=\"false\" class=\"elementor-element elementor-element-090509a e-flex e-con-boxed e-con e-parent\" data-id=\"090509a\" data-element_type=\"container\" data-e-type=\"container\">\n\t\t\t\t\t<div class=\"e-con-inner\">\n\t\t\t\t<div class=\"elementor-element elementor-element-032fe61 elementor-widget elementor-widget-text-editor\" data-id=\"032fe61\" data-element_type=\"widget\" data-e-type=\"widget\" data-widget_type=\"text-editor.default\">\n\t\t\t\t\t\t\t\t\t<p>El miedo, mezclado con la ansiedad, se apoder\u00f3 de ella, pero Iris no estaba sola. <a href=\"https:\/\/soymigrante.com\/revista\/incendios-de-los-angeles-guatemaltecos-comparten-su-vivencias\/\" target=\"_blank\" rel=\"noopener\">Sus amigos, tambi\u00e9n guatemaltecos, le abrieron las puertas de su hogar,<\/a> brind\u00e1ndole un refugio temporal para ella, su hija de 17 a\u00f1os y sus mascotas, que son como parte de la familia.<\/p><p>\u201cA uno le da ansiedad y miedo de ver c\u00f3mo se queman las casas. Piensas en tu familia, en tus mascotas, y en todo lo que puede pasar\u201d, dice Iris, mientras cuenta la historia de como ve\u00eda todo arder en las proximidades de su comunidad.<\/p>\t\t\t\t\t\t\t\t<\/div>\n\t\t\t\t\t<\/div>\n\t\t\t\t<\/div>\n\t\t<div data-particle_enable=\"false\" data-particle-mobile-disabled=\"false\" class=\"elementor-element elementor-element-b5f127f e-flex e-con-boxed e-con e-parent\" data-id=\"b5f127f\" data-element_type=\"container\" data-e-type=\"container\">\n\t\t\t\t\t<div class=\"e-con-inner\">\n\t\t\t\t<div class=\"elementor-element elementor-element-7eb2399 elementor-widget elementor-widget-image\" data-id=\"7eb2399\" data-element_type=\"widget\" data-e-type=\"widget\" data-widget_type=\"image.default\">\n\t\t\t\t\t\t\t\t\t\t\t\t\t\t\t<img decoding=\"async\" width=\"768\" height=\"737\" src=\"https:\/\/soymigrante.com\/revista\/wp-content\/uploads\/2025\/01\/Iris-Di\u0301az-Fortaleza-en-medio-del-fuego-en-Pasadena3-e1736562256601-1024x982.webp\" class=\"attachment-large size-large wp-image-20235\" alt=\"Iris tuvo que dejar su casa de Pasadena junto a su hija desde el martes, cuando iniciaron los incendios de California.\" srcset=\"https:\/\/soymigrante.com\/revista\/wp-content\/uploads\/2025\/01\/Iris-Di\u0301az-Fortaleza-en-medio-del-fuego-en-Pasadena3-e1736562256601-1024x982.webp 1024w, https:\/\/soymigrante.com\/revista\/wp-content\/uploads\/2025\/01\/Iris-Di\u0301az-Fortaleza-en-medio-del-fuego-en-Pasadena3-e1736562256601-300x288.webp 300w, https:\/\/soymigrante.com\/revista\/wp-content\/uploads\/2025\/01\/Iris-Di\u0301az-Fortaleza-en-medio-del-fuego-en-Pasadena3-e1736562256601-768x737.webp 768w, https:\/\/soymigrante.com\/revista\/wp-content\/uploads\/2025\/01\/Iris-Di\u0301az-Fortaleza-en-medio-del-fuego-en-Pasadena3-e1736562256601-750x719.webp 750w, https:\/\/soymigrante.com\/revista\/wp-content\/uploads\/2025\/01\/Iris-Di\u0301az-Fortaleza-en-medio-del-fuego-en-Pasadena3-e1736562256601.webp 1078w\" sizes=\"(max-width: 768px) 100vw, 768px\" title=\"Iris tuvo que dejar su casa de Pasadena junto a su hija desde el martes, cuando iniciaron los incendios de California. \u2013 SoyMigrante.com REVISTA\" \/>\t\t\t\t\t\t\t\t\t\t\t\t\t\t\t<\/div>\n\t\t\t\t\t<\/div>\n\t\t\t\t<\/div>\n\t\t<div data-particle_enable=\"false\" data-particle-mobile-disabled=\"false\" class=\"elementor-element elementor-element-8b90b30 e-flex e-con-boxed e-con e-parent\" data-id=\"8b90b30\" data-element_type=\"container\" data-e-type=\"container\">\n\t\t\t\t\t<div class=\"e-con-inner\">\n\t\t\t\t<div class=\"elementor-element elementor-element-3ddff56 elementor-widget elementor-widget-heading\" data-id=\"3ddff56\" data-element_type=\"widget\" data-e-type=\"widget\" data-widget_type=\"heading.default\">\n\t\t\t\t\t<h3 class=\"elementor-heading-title elementor-size-default\">Agradecimiento y fortaleza  <\/h3>\t\t\t\t<\/div>\n\t\t\t\t\t<\/div>\n\t\t\t\t<\/div>\n\t\t<div data-particle_enable=\"false\" data-particle-mobile-disabled=\"false\" class=\"elementor-element elementor-element-bf874e1 e-flex e-con-boxed e-con e-parent\" data-id=\"bf874e1\" data-element_type=\"container\" data-e-type=\"container\">\n\t\t\t\t\t<div class=\"e-con-inner\">\n\t\t\t\t<div class=\"elementor-element elementor-element-af493a5 elementor-widget elementor-widget-text-editor\" data-id=\"af493a5\" data-element_type=\"widget\" data-e-type=\"widget\" data-widget_type=\"text-editor.default\">\n\t\t\t\t\t\t\t\t\t<p>Iris todav\u00eda no sabe si su casa sigue en pie o fue consumida. Le da cierto alivio haber tomado a tiempo la decisi\u00f3n de salir.\u00a0<\/p><p>Antes de evacuar, logr\u00f3 empacar\u00a0 lo esencial: ropa, identificaciones, comida enlatada, zapatos y sus veh\u00edculos, adem\u00e1s de asegurarse de llevar consigo a sus perros y gatos, quienes para ella son un s\u00edmbolo de amor incondicional.<\/p><p>\u201cLa verdad estoy muy agradecida con los amigos que nos dieron donde pasar la noche. Aunque estemos durmiendo en el piso, estamos seguros. Eso es lo que importa\u201d, asegura Iris, con la voz llena de gratitud y esperanza.<\/p><p>En medio de las noches dif\u00edciles, sobre todo por pensar en donde vivir\u00e1 y los cambios que requerir\u00e1 su vida, Iris le conf\u00eda y encomienda todo a Dios.\u00a0<\/p>\t\t\t\t\t\t\t\t<\/div>\n\t\t\t\t\t<\/div>\n\t\t\t\t<\/div>\n\t\t<div data-particle_enable=\"false\" data-particle-mobile-disabled=\"false\" class=\"elementor-element elementor-element-943555a e-flex e-con-boxed e-con e-parent\" data-id=\"943555a\" data-element_type=\"container\" data-e-type=\"container\">\n\t\t\t\t\t<div class=\"e-con-inner\">\n\t\t\t\t<div class=\"elementor-element elementor-element-269a06f elementor-widget elementor-widget-gallery\" data-id=\"269a06f\" data-element_type=\"widget\" data-e-type=\"widget\" data-settings=\"{&quot;columns&quot;:1,&quot;overlay_title&quot;:&quot;caption&quot;,&quot;lazyload&quot;:&quot;yes&quot;,&quot;gallery_layout&quot;:&quot;grid&quot;,&quot;columns_tablet&quot;:2,&quot;columns_mobile&quot;:1,&quot;gap&quot;:{&quot;unit&quot;:&quot;px&quot;,&quot;size&quot;:10,&quot;sizes&quot;:[]},&quot;gap_tablet&quot;:{&quot;unit&quot;:&quot;px&quot;,&quot;size&quot;:10,&quot;sizes&quot;:[]},&quot;gap_mobile&quot;:{&quot;unit&quot;:&quot;px&quot;,&quot;size&quot;:10,&quot;sizes&quot;:[]},&quot;link_to&quot;:&quot;file&quot;,&quot;aspect_ratio&quot;:&quot;3:2&quot;,&quot;overlay_background&quot;:&quot;yes&quot;,&quot;content_hover_animation&quot;:&quot;fade-in&quot;}\" data-widget_type=\"gallery.default\">\n\t\t\t\t\t\t\t<div class=\"elementor-gallery__container\">\n\t\t\t\t\t\t\t<a class=\"e-gallery-item elementor-gallery-item elementor-animated-content\" href=\"https:\/\/soymigrante.com\/revista\/wp-content\/uploads\/2025\/01\/Iris-Di\u0301az-Fortaleza-en-medio-del-fuego-en-Pasadena6-e1736563184274.webp\" data-elementor-open-lightbox=\"yes\" data-elementor-lightbox-slideshow=\"269a06f\" data-elementor-lightbox-title=\"Fuego imparable\" data-elementor-lightbox-description=\"As\u00ed mir\u00f3 Iris desde su vehiculo las viviendas cercanas a la suya, al momento de la evacuaci\u00f3n\" data-e-action-hash=\"#elementor-action%3Aaction%3Dlightbox%26settings%3DeyJpZCI6MjAyMzgsInVybCI6Imh0dHBzOlwvXC9zb3ltaWdyYW50ZS5jb21cL3JldmlzdGFcL3dwLWNvbnRlbnRcL3VwbG9hZHNcLzIwMjVcLzAxXC9JcmlzLURpXHUwMzAxYXotRm9ydGFsZXphLWVuLW1lZGlvLWRlbC1mdWVnby1lbi1QYXNhZGVuYTYtZTE3MzY1NjMxODQyNzQud2VicCIsInNsaWRlc2hvdyI6IjI2OWEwNmYifQ%3D%3D\">\n\t\t\t\t\t<div class=\"e-gallery-image elementor-gallery-item__image\" data-thumbnail=\"https:\/\/soymigrante.com\/revista\/wp-content\/uploads\/2025\/01\/Iris-Di\u0301az-Fortaleza-en-medio-del-fuego-en-Pasadena6-e1736563184274-1024x1024.webp\" data-width=\"768\" data-height=\"768\" aria-label=\"\" role=\"img\" ><\/div>\n\t\t\t\t\t\t\t\t\t\t\t<div class=\"elementor-gallery-item__overlay\"><\/div>\n\t\t\t\t\t\t\t\t\t\t\t\t\t\t\t<div class=\"elementor-gallery-item__content\">\n\t\t\t\t\t\t\t\t\t\t\t\t\t\t<div class=\"elementor-gallery-item__title\">\n\t\t\t\t\t\t\t\t\t\t\t\t\t\t\t\t\t\tAs\u00ed mir\u00f3 Iris desde su vehiculo las viviendas cercanas a la suya, al momento de la evacuaci\u00f3n\t\t\t\t\t\t\t\t<\/div>\n\t\t\t\t\t\t\t\t\t\t\t\t<\/div>\n\t\t\t\t\t\t\t\t\t<\/a>\n\t\t\t\t\t\t\t<a class=\"e-gallery-item elementor-gallery-item elementor-animated-content\" href=\"https:\/\/soymigrante.com\/revista\/wp-content\/uploads\/2025\/01\/Iris-Di\u0301az-Fortaleza-en-medio-del-fuego-en-Pasadena7.webp\" data-elementor-open-lightbox=\"yes\" data-elementor-lightbox-slideshow=\"269a06f\" data-elementor-lightbox-title=\"Serenidad en la emergencia\" data-elementor-lightbox-description=\"Iris, en medio del temor, tuvo fortaleza para dejar su casa y resguardar su vida. \" data-e-action-hash=\"#elementor-action%3Aaction%3Dlightbox%26settings%3DeyJpZCI6MjAyMzksInVybCI6Imh0dHBzOlwvXC9zb3ltaWdyYW50ZS5jb21cL3JldmlzdGFcL3dwLWNvbnRlbnRcL3VwbG9hZHNcLzIwMjVcLzAxXC9JcmlzLURpXHUwMzAxYXotRm9ydGFsZXphLWVuLW1lZGlvLWRlbC1mdWVnby1lbi1QYXNhZGVuYTcud2VicCIsInNsaWRlc2hvdyI6IjI2OWEwNmYifQ%3D%3D\">\n\t\t\t\t\t<div class=\"e-gallery-image elementor-gallery-item__image\" data-thumbnail=\"https:\/\/soymigrante.com\/revista\/wp-content\/uploads\/2025\/01\/Iris-Di\u0301az-Fortaleza-en-medio-del-fuego-en-Pasadena7-768x1024.jpeg\" data-width=\"768\" data-height=\"1024\" aria-label=\"\" role=\"img\" ><\/div>\n\t\t\t\t\t\t\t\t\t\t\t<div class=\"elementor-gallery-item__overlay\"><\/div>\n\t\t\t\t\t\t\t\t\t\t\t\t\t\t\t<div class=\"elementor-gallery-item__content\">\n\t\t\t\t\t\t\t\t\t\t\t\t\t\t<div class=\"elementor-gallery-item__title\">\n\t\t\t\t\t\t\t\t\t\t\t\t\t\t\t\t\t\tIris, en medio del temor, tuvo fortaleza para dejar su casa y resguardar su vida, la de su hija y sus mascotas.\t\t\t\t\t\t\t\t<\/div>\n\t\t\t\t\t\t\t\t\t\t\t\t<\/div>\n\t\t\t\t\t\t\t\t\t<\/a>\n\t\t\t\t\t\t\t<a class=\"e-gallery-item elementor-gallery-item elementor-animated-content\" href=\"https:\/\/soymigrante.com\/revista\/wp-content\/uploads\/2025\/01\/Iris-Di\u0301az-Fortaleza-en-medio-del-fuego-en-Pasadena8.webp\" data-elementor-open-lightbox=\"yes\" data-elementor-lightbox-slideshow=\"269a06f\" data-elementor-lightbox-title=\"&quot;Todo lo material se recupera&quot;\" data-elementor-lightbox-description=\"En la parte de enfrente de la casa de Iris, las llamas ya se pod\u00edan ver.  \" data-e-action-hash=\"#elementor-action%3Aaction%3Dlightbox%26settings%3DeyJpZCI6MjAyNDAsInVybCI6Imh0dHBzOlwvXC9zb3ltaWdyYW50ZS5jb21cL3JldmlzdGFcL3dwLWNvbnRlbnRcL3VwbG9hZHNcLzIwMjVcLzAxXC9JcmlzLURpXHUwMzAxYXotRm9ydGFsZXphLWVuLW1lZGlvLWRlbC1mdWVnby1lbi1QYXNhZGVuYTgud2VicCIsInNsaWRlc2hvdyI6IjI2OWEwNmYifQ%3D%3D\">\n\t\t\t\t\t<div class=\"e-gallery-image elementor-gallery-item__image\" data-thumbnail=\"https:\/\/soymigrante.com\/revista\/wp-content\/uploads\/2025\/01\/Iris-Di\u0301az-Fortaleza-en-medio-del-fuego-en-Pasadena8-768x1024.jpeg\" data-width=\"768\" data-height=\"1024\" aria-label=\"\" role=\"img\" ><\/div>\n\t\t\t\t\t\t\t\t\t\t\t<div class=\"elementor-gallery-item__overlay\"><\/div>\n\t\t\t\t\t\t\t\t\t\t\t\t\t\t\t<div class=\"elementor-gallery-item__content\">\n\t\t\t\t\t\t\t\t\t\t\t\t\t\t<div class=\"elementor-gallery-item__title\">\n\t\t\t\t\t\t\t\t\t\t\t\t\t\t\t\t\t\tLos fuertes vientos aceleraban el paso de las llamas a m\u00e1s viviendas. Esto llev\u00f3 a Iris a prepararse para dejar su vivienda.\t\t\t\t\t\t\t\t<\/div>\n\t\t\t\t\t\t\t\t\t\t\t\t<\/div>\n\t\t\t\t\t\t\t\t\t<\/a>\n\t\t\t\t\t\t\t<a class=\"e-gallery-item elementor-gallery-item elementor-animated-content\" href=\"https:\/\/soymigrante.com\/revista\/wp-content\/uploads\/2025\/01\/Iris-Di\u0301az-Fortaleza-en-medio-del-fuego-en-Pasadena9.webp\" data-elementor-open-lightbox=\"yes\" data-elementor-lightbox-slideshow=\"269a06f\" data-elementor-lightbox-title=\"Impactantes vivencias\" data-elementor-lightbox-description=\"As\u00ed estaban las casas frente a la de Iris.\" data-e-action-hash=\"#elementor-action%3Aaction%3Dlightbox%26settings%3DeyJpZCI6MjAyNDEsInVybCI6Imh0dHBzOlwvXC9zb3ltaWdyYW50ZS5jb21cL3JldmlzdGFcL3dwLWNvbnRlbnRcL3VwbG9hZHNcLzIwMjVcLzAxXC9JcmlzLURpXHUwMzAxYXotRm9ydGFsZXphLWVuLW1lZGlvLWRlbC1mdWVnby1lbi1QYXNhZGVuYTkud2VicCIsInNsaWRlc2hvdyI6IjI2OWEwNmYifQ%3D%3D\">\n\t\t\t\t\t<div class=\"e-gallery-image elementor-gallery-item__image\" data-thumbnail=\"https:\/\/soymigrante.com\/revista\/wp-content\/uploads\/2025\/01\/Iris-Di\u0301az-Fortaleza-en-medio-del-fuego-en-Pasadena9-768x1024.jpeg\" data-width=\"768\" data-height=\"1024\" aria-label=\"\" role=\"img\" ><\/div>\n\t\t\t\t\t\t\t\t\t\t\t<div class=\"elementor-gallery-item__overlay\"><\/div>\n\t\t\t\t\t\t\t\t\t\t\t\t\t\t\t<div class=\"elementor-gallery-item__content\">\n\t\t\t\t\t\t\t\t\t\t\t\t\t\t<div class=\"elementor-gallery-item__title\">\n\t\t\t\t\t\t\t\t\t\t\t\t\t\t\t\t\t\tAs\u00ed estaban las casas frente a la de Iris. El ofrecimiento de ayuda de amigos guatemaltecos fue clave para que Iris se sintiera apoyada en momentos dif\u00edciles\n\t\t\t\t\t\t\t\t<\/div>\n\t\t\t\t\t\t\t\t\t\t\t\t<\/div>\n\t\t\t\t\t\t\t\t\t<\/a>\n\t\t\t\t\t<\/div>\n\t\t\t\t\t<\/div>\n\t\t\t\t\t<\/div>\n\t\t\t\t<\/div>\n\t\t<div data-particle_enable=\"false\" data-particle-mobile-disabled=\"false\" class=\"elementor-element elementor-element-a537c96 e-flex e-con-boxed e-con e-parent\" data-id=\"a537c96\" data-element_type=\"container\" data-e-type=\"container\">\n\t\t\t\t\t<div class=\"e-con-inner\">\n\t\t\t\t<div class=\"elementor-element elementor-element-d4d2b3b elementor-invisible elementor-widget elementor-widget-testimonial\" data-id=\"d4d2b3b\" data-element_type=\"widget\" data-e-type=\"widget\" data-settings=\"{&quot;_animation&quot;:&quot;rotateInUpRight&quot;}\" data-widget_type=\"testimonial.default\">\n\t\t\t\t\t\t\t<div class=\"elementor-testimonial-wrapper\">\n\t\t\t\t\t\t\t<div class=\"elementor-testimonial-content\">\u201cDios nos ha cuidado. Tenemos donde dormir, qu\u00e9 comer y la esperanza de que nuestra casa estar\u00e1 all\u00ed cuando sea seguro regresar\u201d, reflexiona, mientras su hija, quien tambi\u00e9n permanece tranquila a su lado y se aferra a la esperanza que algo mejor llegar\u00e1. \n<\/div>\n\t\t\t\n\t\t\t\t\t\t<div class=\"elementor-testimonial-meta elementor-has-image elementor-testimonial-image-position-aside\">\n\t\t\t\t<div class=\"elementor-testimonial-meta-inner\">\n\t\t\t\t\t\t\t\t\t\t\t<div class=\"elementor-testimonial-image\">\n\t\t\t\t\t\t\t<img fetchpriority=\"high\" decoding=\"async\" width=\"1440\" height=\"1440\" src=\"https:\/\/soymigrante.com\/revista\/wp-content\/uploads\/2025\/01\/Iris-Di\u0301az-Fortaleza-en-medio-del-fuego-en-Pasadena2-e1736546002773.webp\" class=\"attachment-full size-full wp-image-20234\" alt=\"Iris D\u00edaz Fortaleza en medio del fuego en Pasadena\" title=\"Iris Di\u0301az Fortaleza en medio del fuego en Pasadena2 \u2013 SoyMigrante.com REVISTA\" srcset=\"https:\/\/soymigrante.com\/revista\/wp-content\/uploads\/2025\/01\/Iris-Di\u0301az-Fortaleza-en-medio-del-fuego-en-Pasadena2-e1736546002773.webp 1440w, https:\/\/soymigrante.com\/revista\/wp-content\/uploads\/2025\/01\/Iris-Di\u0301az-Fortaleza-en-medio-del-fuego-en-Pasadena2-e1736546002773-300x300.webp 300w, https:\/\/soymigrante.com\/revista\/wp-content\/uploads\/2025\/01\/Iris-Di\u0301az-Fortaleza-en-medio-del-fuego-en-Pasadena2-e1736546002773-1024x1024.webp 1024w, https:\/\/soymigrante.com\/revista\/wp-content\/uploads\/2025\/01\/Iris-Di\u0301az-Fortaleza-en-medio-del-fuego-en-Pasadena2-e1736546002773-150x150.webp 150w, https:\/\/soymigrante.com\/revista\/wp-content\/uploads\/2025\/01\/Iris-Di\u0301az-Fortaleza-en-medio-del-fuego-en-Pasadena2-e1736546002773-768x768.webp 768w, https:\/\/soymigrante.com\/revista\/wp-content\/uploads\/2025\/01\/Iris-Di\u0301az-Fortaleza-en-medio-del-fuego-en-Pasadena2-e1736546002773-75x75.webp 75w, https:\/\/soymigrante.com\/revista\/wp-content\/uploads\/2025\/01\/Iris-Di\u0301az-Fortaleza-en-medio-del-fuego-en-Pasadena2-e1736546002773-750x750.webp 750w, https:\/\/soymigrante.com\/revista\/wp-content\/uploads\/2025\/01\/Iris-Di\u0301az-Fortaleza-en-medio-del-fuego-en-Pasadena2-e1736546002773-1140x1140.webp 1140w\" sizes=\"(max-width: 1440px) 100vw, 1440px\" \/>\t\t\t\t\t\t<\/div>\n\t\t\t\t\t\n\t\t\t\t\t\t\t\t\t\t<div class=\"elementor-testimonial-details\">\n\t\t\t\t\t\t\t\t\t\t\t\t\t\t<div class=\"elementor-testimonial-name\">Iris D\u00edaz<\/div>\n\t\t\t\t\t\t\t\t\t\t\t\t\t\t\t\t\t\t\t\t\t\t<div class=\"elementor-testimonial-job\">Migrante guatemalteca<\/div>\n\t\t\t\t\t\t\t\t\t\t\t\t\t<\/div>\n\t\t\t\t\t\t\t\t\t<\/div>\n\t\t\t<\/div>\n\t\t\t\t\t<\/div>\n\t\t\t\t\t\t<\/div>\n\t\t\t\t\t<\/div>\n\t\t\t\t<\/div>\n\t\t<div data-particle_enable=\"false\" data-particle-mobile-disabled=\"false\" class=\"elementor-element elementor-element-4ca34e5 e-flex e-con-boxed e-con e-parent\" data-id=\"4ca34e5\" data-element_type=\"container\" data-e-type=\"container\">\n\t\t\t\t\t<div class=\"e-con-inner\">\n\t\t\t\t<div class=\"elementor-element elementor-element-cd7ab30 elementor-widget elementor-widget-heading\" data-id=\"cd7ab30\" data-element_type=\"widget\" data-e-type=\"widget\" data-widget_type=\"heading.default\">\n\t\t\t\t\t<h2 class=\"elementor-heading-title elementor-size-default\">Se aferra a la esperanza<\/h2>\t\t\t\t<\/div>\n\t\t\t\t\t<\/div>\n\t\t\t\t<\/div>\n\t\t<div data-particle_enable=\"false\" data-particle-mobile-disabled=\"false\" class=\"elementor-element elementor-element-87fa277 e-flex e-con-boxed e-con e-parent\" data-id=\"87fa277\" data-element_type=\"container\" data-e-type=\"container\">\n\t\t\t\t\t<div class=\"e-con-inner\">\n\t\t\t\t<div class=\"elementor-element elementor-element-70ec890 elementor-widget elementor-widget-text-editor\" data-id=\"70ec890\" data-element_type=\"widget\" data-e-type=\"widget\" data-widget_type=\"text-editor.default\">\n\t\t\t\t\t\t\t\t\t<p>Por ahora, las autoridades de Pasadena recomiendan no regresar a las zonas afectadas, debido al riesgo que persiste por el fuego y el humo.<\/p><p>Iris <a href=\"https:\/\/soymigrante.com\/revista\/incendios-de-los-angeles-guatemaltecos-comparten-su-vivencias\/\" target=\"_blank\" rel=\"noopener\">es consciente de la gravedad de la situaci\u00f3n,<\/a> pero mantiene la calma, convencida de que lo material se puede recuperar. \u201cLo m\u00e1s importante es la vida. Lo dem\u00e1s se repone con el tiempo\u201d, concluye.<\/p>\t\t\t\t\t\t\t\t<\/div>\n\t\t\t\t\t<\/div>\n\t\t\t\t<\/div>\n\t\t<div data-particle_enable=\"false\" data-particle-mobile-disabled=\"false\" class=\"elementor-element elementor-element-a72fa8a e-flex e-con-boxed e-con e-parent\" data-id=\"a72fa8a\" data-element_type=\"container\" data-e-type=\"container\">\n\t\t\t\t\t<div class=\"e-con-inner\">\n\t\t\t\t<div class=\"elementor-element elementor-element-d8527e1 elementor-widget elementor-widget-text-editor\" data-id=\"d8527e1\" data-element_type=\"widget\" data-e-type=\"widget\" data-widget_type=\"text-editor.default\">\n\t\t\t\t\t\t\t\t\t<p>Aunque el dolor y la incertidumbre la acompa\u00f1an, Iris D\u00edaz sigue adelante, aferr\u00e1ndose a la esperanza, a la ayuda de su comunidad y al amor por su familia y mascotas.<\/p><p>Su historia es un recordatorio de que, incluso en los momentos m\u00e1s oscuros, el apoyo humano y la fe son luz en el camino.<\/p>\t\t\t\t\t\t\t\t<\/div>\n\t\t\t\t\t<\/div>\n\t\t\t\t<\/div>\n\t\t<div data-particle_enable=\"false\" data-particle-mobile-disabled=\"false\" class=\"elementor-element elementor-element-13fa706 e-flex e-con-boxed e-con e-parent\" data-id=\"13fa706\" data-element_type=\"container\" data-e-type=\"container\">\n\t\t\t\t\t<div class=\"e-con-inner\">\n\t\t\t\t<div class=\"elementor-element elementor-element-47a5441 elementor-arrows-position-inside elementor-pagination-position-outside elementor-widget elementor-widget-image-carousel\" data-id=\"47a5441\" data-element_type=\"widget\" data-e-type=\"widget\" data-settings=\"{&quot;slides_to_show&quot;:&quot;1&quot;,&quot;navigation&quot;:&quot;both&quot;,&quot;autoplay&quot;:&quot;yes&quot;,&quot;pause_on_hover&quot;:&quot;yes&quot;,&quot;pause_on_interaction&quot;:&quot;yes&quot;,&quot;autoplay_speed&quot;:5000,&quot;infinite&quot;:&quot;yes&quot;,&quot;effect&quot;:&quot;slide&quot;,&quot;speed&quot;:500}\" data-widget_type=\"image-carousel.default\">\n\t\t\t\t\t\t\t<div class=\"elementor-image-carousel-wrapper swiper\" role=\"region\" aria-roledescription=\"carousel\" aria-label=\"Carrusel de im\u00e1genes\" dir=\"ltr\">\n\t\t\t<div class=\"elementor-image-carousel swiper-wrapper\" aria-live=\"off\">\n\t\t\t\t\t\t\t\t<div class=\"swiper-slide\" role=\"group\" aria-roledescription=\"slide\" aria-label=\"1 de 3\"><figure class=\"swiper-slide-inner\"><img decoding=\"async\" class=\"swiper-slide-image\" src=\"https:\/\/soymigrante.com\/revista\/wp-content\/uploads\/2025\/01\/Iris-Di\u0301az-Fortaleza-en-medio-del-fuego-en-Pasadena10-768x1024.jpeg\" alt=\"As\u00ed luc\u00eda la sala de la casa de Iris pocos d\u00edas antes de la emergencia\" \/><figcaption class=\"elementor-image-carousel-caption\">As\u00ed luc\u00eda la sala de la casa de Iris pocos d\u00edas antes de la emergencia<\/figcaption><\/figure><\/div><div class=\"swiper-slide\" role=\"group\" aria-roledescription=\"slide\" aria-label=\"2 de 3\"><figure class=\"swiper-slide-inner\"><img decoding=\"async\" class=\"swiper-slide-image\" src=\"https:\/\/soymigrante.com\/revista\/wp-content\/uploads\/2025\/01\/Iris-Di\u0301az-Fortaleza-en-medio-del-fuego-en-Pasadena4-768x1024.jpeg\" alt=\"El perrito de Iris, que por ahora est\u00e1 albergado en otra casa pero espera que pronto lo pueda tener de nuevo\" \/><figcaption class=\"elementor-image-carousel-caption\">El perrito de Iris, que por ahora est\u00e1 albergado en otra casa pero espera que pronto lo pueda tener de nuevo <\/figcaption><\/figure><\/div><div class=\"swiper-slide\" role=\"group\" aria-roledescription=\"slide\" aria-label=\"3 de 3\"><figure class=\"swiper-slide-inner\"><img decoding=\"async\" class=\"swiper-slide-image\" src=\"https:\/\/soymigrante.com\/revista\/wp-content\/uploads\/2025\/01\/Iris-Di\u0301az-Fortaleza-en-medio-del-fuego-en-Pasadena5-768x1024.jpeg\" alt=\"Iris D\u00edaz: Fortaleza en medio del fuego en Pasadena\" \/><figcaption class=\"elementor-image-carousel-caption\">Los gatitos que Iris tiene y que ha cuidado de los incendios.<\/figcaption><\/figure><\/div>\t\t\t<\/div>\n\t\t\t\t\t\t\t\t\t\t\t\t<div class=\"elementor-swiper-button elementor-swiper-button-prev\" role=\"button\" tabindex=\"0\">\n\t\t\t\t\t\t<i aria-hidden=\"true\" class=\"eicon-chevron-left\"><\/i>\t\t\t\t\t<\/div>\n\t\t\t\t\t<div class=\"elementor-swiper-button elementor-swiper-button-next\" role=\"button\" tabindex=\"0\">\n\t\t\t\t\t\t<i aria-hidden=\"true\" class=\"eicon-chevron-right\"><\/i>\t\t\t\t\t<\/div>\n\t\t\t\t\n\t\t\t\t\t\t\t\t\t<div class=\"swiper-pagination\"><\/div>\n\t\t\t\t\t\t\t\t\t<\/div>\n\t\t\t\t\t\t<\/div>\n\t\t\t\t\t<\/div>\n\t\t\t\t<\/div>\n\t\t<div data-particle_enable=\"false\" data-particle-mobile-disabled=\"false\" class=\"elementor-element elementor-element-1f1c5a4 e-flex e-con-boxed e-con e-parent\" data-id=\"1f1c5a4\" data-element_type=\"container\" data-e-type=\"container\">\n\t\t\t\t\t<div class=\"e-con-inner\">\n\t\t\t\t<div class=\"elementor-element elementor-element-ed39dff elementor-widget elementor-widget-heading\" data-id=\"ed39dff\" data-element_type=\"widget\" data-e-type=\"widget\" data-widget_type=\"heading.default\">\n\t\t\t\t\t<h2 class=\"elementor-heading-title elementor-size-default\">Adversidad y fortaleza<\/h2>\t\t\t\t<\/div>\n\t\t\t\t\t<\/div>\n\t\t\t\t<\/div>\n\t\t<div data-particle_enable=\"false\" data-particle-mobile-disabled=\"false\" class=\"elementor-element elementor-element-b8baa89 e-flex e-con-boxed e-con e-parent\" data-id=\"b8baa89\" data-element_type=\"container\" data-e-type=\"container\">\n\t\t\t\t\t<div class=\"e-con-inner\">\n\t\t\t\t<div class=\"elementor-element elementor-element-9907c59 elementor-grid-eael-col-3 elementor-grid-tablet-eael-col-2 elementor-grid-mobile-eael-col-1 elementor-widget elementor-widget-eael-post-grid\" data-id=\"9907c59\" data-element_type=\"widget\" data-e-type=\"widget\" data-settings=\"{&quot;eael_post_grid_columns&quot;:&quot;eael-col-3&quot;,&quot;eael_post_grid_columns_tablet&quot;:&quot;eael-col-2&quot;,&quot;eael_post_grid_columns_mobile&quot;:&quot;eael-col-1&quot;}\" data-widget_type=\"eael-post-grid.default\">\n\t\t\t\t\t<div id=\"eael-post-grid-9907c59\" class=\"eael-post-grid-container\">\n            <div class=\"eael-post-grid eael-post-appender eael-post-appender-9907c59 eael-post-grid-style-one\" data-layout-mode=\"masonry\"><article class=\"eael-grid-post  eael-post-grid-column eael-pg-post-20069 category-estamos-unidos\" data-id=\"20069\">\n        <div class=\"eael-grid-post-holder\">\n            <div class=\"eael-grid-post-holder-inner\"><div class=\"eael-entry-media\"><div class=\"eael-entry-overlay fade-in\"><i class=\"far fa-hand-pointer\" aria-hidden=\"true\"><\/i><a href=\"https:\/\/soymigrante.com\/revista\/incendios-de-los-angeles-guatemaltecos-comparten-su-vivencias\/\"><\/a><\/div><div class=\"eael-entry-thumbnail \">\n                <img decoding=\"async\" width=\"713\" height=\"713\" src=\"https:\/\/soymigrante.com\/revista\/wp-content\/uploads\/2025\/01\/fuego-los-angeles-nasa-2.webp\" class=\"attachment-large size-large wp-image-20147\" alt=\"Fugas de humo y fuego en un volc\u00e1n activo en paisaje volc\u00e1nico, paisaje natural, erupci\u00f3n volc\u00e1nica, desastre natural, peligro geol\u00f3gico, im\u00e1genes de volcanes, monitoreo volc\u00e1nico para migrantes y comunidades vulnerables.\" srcset=\"https:\/\/soymigrante.com\/revista\/wp-content\/uploads\/2025\/01\/fuego-los-angeles-nasa-2.webp 713w, https:\/\/soymigrante.com\/revista\/wp-content\/uploads\/2025\/01\/fuego-los-angeles-nasa-2-300x300.jpg 300w, https:\/\/soymigrante.com\/revista\/wp-content\/uploads\/2025\/01\/fuego-los-angeles-nasa-2-150x150.jpg 150w, https:\/\/soymigrante.com\/revista\/wp-content\/uploads\/2025\/01\/fuego-los-angeles-nasa-2-75x75.webp 75w\" sizes=\"(max-width: 713px) 100vw, 713px\" \/>\n            <\/div>\n        <\/div><div class=\"eael-entry-wrapper\"><header class=\"eael-entry-header\"><h2 class=\"eael-entry-title\"><a class=\"eael-grid-post-link\" href=\"https:\/\/soymigrante.com\/revista\/incendios-de-los-angeles-guatemaltecos-comparten-su-vivencias\/\" title=\"Incendios de Los Angeles:  Guatemaltecos relatan vivencias y se solidarizan con damnificados\">Incendios de Los Angeles:  Guatemaltecos relatan vivencias y se solidarizan con damnificados<\/a><\/h2><\/header><div class=\"eael-entry-content\">\n                        <div class=\"eael-grid-post-excerpt\"><a href=\"https:\/\/soymigrante.com\/revista\/incendios-de-los-angeles-guatemaltecos-comparten-su-vivencias\/\" class=\"eael-post-elements-readmore-btn\">CONOCE SU HISTORIA <\/a><\/div>\n                    <\/div><\/div><\/div>\n        <\/div>\n    <\/article><article class=\"eael-grid-post  eael-post-grid-column eael-pg-post-9963 category-estamos-unidos\" data-id=\"9963\">\n        <div class=\"eael-grid-post-holder\">\n            <div class=\"eael-grid-post-holder-inner\"><div class=\"eael-entry-media\"><div class=\"eael-entry-overlay fade-in\"><i class=\"far fa-hand-pointer\" aria-hidden=\"true\"><\/i><a href=\"https:\/\/soymigrante.com\/revista\/solidaridad-migrante-guatemalteca-aflora-en-emergencia-de-carolina-del-norte\/\"><\/a><\/div><div class=\"eael-entry-thumbnail \">\n                <img loading=\"lazy\" decoding=\"async\" width=\"472\" height=\"472\" src=\"https:\/\/soymigrante.com\/revista\/wp-content\/uploads\/2024\/10\/donativos-morganton.webp\" class=\"attachment-large size-large wp-image-9968\" alt=\"Joven ni\u00f1a con caja de pa\u00f1ales en parque de estacionamiento, invitando a la reflexi\u00f3n sobre derechos y bienestar infantil en comunidades migrantes.\" srcset=\"https:\/\/soymigrante.com\/revista\/wp-content\/uploads\/2024\/10\/donativos-morganton.webp 472w, https:\/\/soymigrante.com\/revista\/wp-content\/uploads\/2024\/10\/donativos-morganton-300x300.webp 300w, https:\/\/soymigrante.com\/revista\/wp-content\/uploads\/2024\/10\/donativos-morganton-150x150.webp 150w, https:\/\/soymigrante.com\/revista\/wp-content\/uploads\/2024\/10\/donativos-morganton-75x75.webp 75w\" sizes=\"(max-width: 472px) 100vw, 472px\" \/>\n            <\/div>\n        <\/div><div class=\"eael-entry-wrapper\"><header class=\"eael-entry-header\"><h2 class=\"eael-entry-title\"><a class=\"eael-grid-post-link\" href=\"https:\/\/soymigrante.com\/revista\/solidaridad-migrante-guatemalteca-aflora-en-emergencia-de-carolina-del-norte\/\" title=\"Solidaridad migrante guatemalteca aflora en emergencia de Carolina del Norte\">Solidaridad migrante guatemalteca aflora en emergencia de Carolina del Norte<\/a><\/h2><\/header><div class=\"eael-entry-content\">\n                        <div class=\"eael-grid-post-excerpt\"><a href=\"https:\/\/soymigrante.com\/revista\/solidaridad-migrante-guatemalteca-aflora-en-emergencia-de-carolina-del-norte\/\" class=\"eael-post-elements-readmore-btn\">CONOCE SU HISTORIA <\/a><\/div>\n                    <\/div><\/div><\/div>\n        <\/div>\n    <\/article><article class=\"eael-grid-post  eael-post-grid-column eael-pg-post-6247 category-estamos-unidos\" data-id=\"6247\">\n        <div class=\"eael-grid-post-holder\">\n            <div class=\"eael-grid-post-holder-inner\"><div class=\"eael-entry-media\"><div class=\"eael-entry-overlay fade-in\"><i class=\"far fa-hand-pointer\" aria-hidden=\"true\"><\/i><a href=\"https:\/\/soymigrante.com\/revista\/solidaridad-migrantes-hispanos-oklahoma-victimas-tornado-sulphur\/\"><\/a><\/div><div class=\"eael-entry-thumbnail \">\n                <img loading=\"lazy\" decoding=\"async\" width=\"533\" height=\"595\" src=\"https:\/\/soymigrante.com\/revista\/wp-content\/uploads\/2024\/04\/Captura-de-pantalla-2024-04-30-234934.webp\" class=\"attachment-large size-large wp-image-6248\" alt=\"Manos con aud\u00edfonos y gafas de sol en evento de migrantes en exteriores, sonriendo y mostrando actitud positiva.\" srcset=\"https:\/\/soymigrante.com\/revista\/wp-content\/uploads\/2024\/04\/Captura-de-pantalla-2024-04-30-234934.webp 533w, https:\/\/soymigrante.com\/revista\/wp-content\/uploads\/2024\/04\/Captura-de-pantalla-2024-04-30-234934-269x300.webp 269w\" sizes=\"(max-width: 533px) 100vw, 533px\" \/>\n            <\/div>\n        <\/div><div class=\"eael-entry-wrapper\"><header class=\"eael-entry-header\"><h2 class=\"eael-entry-title\"><a class=\"eael-grid-post-link\" href=\"https:\/\/soymigrante.com\/revista\/solidaridad-migrantes-hispanos-oklahoma-victimas-tornado-sulphur\/\" title=\"Migrantes ayudan a damnificados por tornado en Sulphur, Oklahoma\">Migrantes ayudan a damnificados por tornado en Sulphur, Oklahoma<\/a><\/h2><\/header><div class=\"eael-entry-content\">\n                        <div class=\"eael-grid-post-excerpt\"><a href=\"https:\/\/soymigrante.com\/revista\/solidaridad-migrantes-hispanos-oklahoma-victimas-tornado-sulphur\/\" class=\"eael-post-elements-readmore-btn\">CONOCE SU HISTORIA <\/a><\/div>\n                    <\/div><\/div><\/div>\n        <\/div>\n    <\/article><\/div>\n            <div class=\"clearfix\"><\/div>\n        <\/div>\t\t\t\t<\/div>\n\t\t\t\t\t<\/div>\n\t\t\t\t<\/div>\n\t\t\t\t<\/div>\n\t\t","protected":false},"excerpt":{"rendered":"<p>Iris D\u00edaz es una migrante guatemalteca que ha podido afrontar el desastre de los incendios de California, gracias al apoyo de compatriotas guatemaltecos. El martes tuvo que dejar su casa en Pasadena al ver que otras encendidas en llamas. Con fe y fortaleza agradece estar viva. En medio del caos que ha sembrado el fuego [&hellip;]<\/p>\n","protected":false},"author":19,"featured_media":20238,"comment_status":"open","ping_status":"open","sticky":false,"template":"","format":"standard","meta":{"_acf_changed":false,"_eb_attr":"","footnotes":""},"categories":[54],"tags":[],"class_list":["post-20232","post","type-post","status-publish","format-standard","has-post-thumbnail","hentry","category-estamos-unidos"],"acf":[],"aioseo_notices":[],"aioseo_head":"\n\t\t<!-- All in One SEO Pro 4.9.6.2 - aioseo.com -->\n\t<meta name=\"description\" content=\"Graves da\u00f1os y cientos de familias sin alimentos, agua ni electricidad dej\u00f3 un devastador tornado el domingo 28 de abril.\" \/>\n\t<meta name=\"robots\" content=\"max-snippet:-1, max-image-preview:large, max-video-preview:-1\" \/>\n\t<meta name=\"author\" content=\"Gustavo Montenegro\"\/>\n\t<link rel=\"canonical\" href=\"https:\/\/soymigrante.com\/revista\/solidaridad-migrantes-hispanos-oklahoma-victimas-tornado-sulphur\/\" \/>\n\t<meta name=\"generator\" content=\"All in One SEO Pro (AIOSEO) 4.9.6.2\" \/>\n\n\t\t<link rel=\"preconnect\" href=\"https:\/\/fonts.googleapis.com\" crossorigin>\n<link rel=\"preconnect\" href=\"https:\/\/fonts.gstatic.com\" crossorigin>\n\t\t<meta property=\"og:locale\" content=\"es_ES\" \/>\n\t\t<meta property=\"og:site_name\" content=\"SoyMigrante.com REVISTA \u2013 Nuestra misi\u00f3n es reconocer y dignificar al migrante.\" \/>\n\t\t<meta property=\"og:type\" content=\"article\" \/>\n\t\t<meta property=\"og:title\" content=\"Migrantes ayudan a damnificados por tornado en Sulphur, Oklahoma\" \/>\n\t\t<meta property=\"og:description\" content=\"Graves da\u00f1os y cientos de familias sin alimentos, agua ni electricidad dej\u00f3 un devastador tornado el domingo 28 de abril.\" \/>\n\t\t<meta property=\"og:url\" content=\"https:\/\/soymigrante.com\/revista\/solidaridad-migrantes-hispanos-oklahoma-victimas-tornado-sulphur\/\" \/>\n\t\t<meta property=\"og:image\" content=\"https:\/\/soymigrante.com\/revista\/wp-content\/uploads\/2024\/04\/Captura-de-pantalla-2024-04-30-234934.webp\" \/>\n\t\t<meta property=\"og:image:secure_url\" content=\"https:\/\/soymigrante.com\/revista\/wp-content\/uploads\/2024\/04\/Captura-de-pantalla-2024-04-30-234934.webp\" \/>\n\t\t<meta property=\"og:image:width\" content=\"533\" \/>\n\t\t<meta property=\"og:image:height\" content=\"595\" \/>\n\t\t<meta property=\"article:published_time\" content=\"2024-05-01T06:33:52+00:00\" \/>\n\t\t<meta property=\"article:modified_time\" content=\"2024-07-29T06:21:11+00:00\" \/>\n\t\t<meta property=\"article:publisher\" content=\"https:\/\/www.facebook.com\/soymigrantecom\" \/>\n\t\t<meta name=\"twitter:card\" content=\"summary_large_image\" \/>\n\t\t<meta name=\"twitter:site\" content=\"@SoyMigrante_com\" \/>\n\t\t<meta name=\"twitter:title\" content=\"Migrantes ayudan a damnificados por tornado en Sulphur, Oklahoma\" \/>\n\t\t<meta name=\"twitter:description\" content=\"Graves da\u00f1os y cientos de familias sin alimentos, agua ni electricidad dej\u00f3 un devastador tornado el domingo 28 de abril.\" \/>\n\t\t<meta name=\"twitter:creator\" content=\"@SoyMigrante_com\" \/>\n\t\t<meta name=\"twitter:image\" content=\"https:\/\/soymigrante.com\/revista\/wp-content\/uploads\/2024\/04\/Captura-de-pantalla-2024-04-30-234934.webp\" \/>\n\t\t<!-- All in One SEO Pro -->\r\n\t\t<title>Migrantes ayudan a damnificados por tornado en Sulphur, Oklahoma<\/title>\n\n","aioseo_head_json":{"title":"Migrantes ayudan a damnificados por tornado en Sulphur, Oklahoma","description":"Graves da\u00f1os y cientos de familias sin alimentos, agua ni electricidad dej\u00f3 un devastador tornado el domingo 28 de abril.","canonical_url":"https:\/\/soymigrante.com\/revista\/solidaridad-migrantes-hispanos-oklahoma-victimas-tornado-sulphur\/","robots":"max-snippet:-1, max-image-preview:large, max-video-preview:-1","keywords":"","webmasterTools":{"miscellaneous":"&lt;link rel=\"preconnect\" href=\"https:\/\/fonts.googleapis.com\" crossorigin&gt;\n&lt;link rel=\"preconnect\" href=\"https:\/\/fonts.gstatic.com\" crossorigin&gt;"},"schema":null,"og:locale":"es_ES","og:site_name":"SoyMigrante.com REVISTA \u2013 Nuestra misi\u00f3n es reconocer y dignificar al migrante.","og:type":"article","og:title":"Migrantes ayudan a damnificados por tornado en Sulphur, Oklahoma","og:description":"Graves da\u00f1os y cientos de familias sin alimentos, agua ni electricidad dej\u00f3 un devastador tornado el domingo 28 de abril.","og:url":"https:\/\/soymigrante.com\/revista\/solidaridad-migrantes-hispanos-oklahoma-victimas-tornado-sulphur\/","og:image":"https:\/\/soymigrante.com\/revista\/wp-content\/uploads\/2024\/04\/Captura-de-pantalla-2024-04-30-234934.webp","og:image:secure_url":"https:\/\/soymigrante.com\/revista\/wp-content\/uploads\/2024\/04\/Captura-de-pantalla-2024-04-30-234934.webp","og:image:width":533,"og:image:height":595,"article:published_time":"2024-05-01T06:33:52+00:00","article:modified_time":"2024-07-29T06:21:11+00:00","article:publisher":"https:\/\/www.facebook.com\/soymigrantecom","twitter:card":"summary_large_image","twitter:site":"@SoyMigrante_com","twitter:title":"Migrantes ayudan a damnificados por tornado en Sulphur, Oklahoma","twitter:description":"Graves da\u00f1os y cientos de familias sin alimentos, agua ni electricidad dej\u00f3 un devastador tornado el domingo 28 de abril.","twitter:creator":"@SoyMigrante_com","twitter:image":"https:\/\/soymigrante.com\/revista\/wp-content\/uploads\/2024\/04\/Captura-de-pantalla-2024-04-30-234934.webp"},"aioseo_meta_data":{"post_id":"20232","title":"Guatemalteca Iris D\u00edaz relata desalojo por fuego en Pasadena","description":"Al ver que otras casas cercanas se incendiaban Iris D\u00edaz decidi\u00f3 evacuar su casa en Pasadena. El apoyo de otros guatemaltecos ese clave para mantener fortaleza.","keywords":null,"keyphrases":{"focus":{"keyphrase":"Iris","score":91,"analysis":{"keyphraseInTitle":{"score":9,"maxScore":9,"error":0},"keyphraseInDescription":{"score":9,"maxScore":9,"error":0},"keyphraseLength":{"score":9,"maxScore":9,"error":0,"length":1},"keyphraseInURL":{"score":5,"maxScore":5,"error":0},"keyphraseInIntroduction":{"score":9,"maxScore":9,"error":0},"keyphraseInSubHeadings":{"score":3,"maxScore":9,"error":1},"keyphraseInImageAlt":{"score":9,"maxScore":9,"error":0},"keywordDensity":{"type":"best","score":9,"maxScore":9,"error":0}}},"additional":[{"keyphrase":"iris","score":100,"analysis":{"keyphraseInDescription":{"score":9,"maxScore":9,"error":0},"keyphraseLength":{"score":9,"maxScore":9,"error":0,"length":1},"keyphraseInIntroduction":{"score":9,"maxScore":9,"error":0},"keyphraseInImageAlt":{"score":9,"maxScore":9,"error":0},"keywordDensity":{"type":"best","score":9,"maxScore":9,"error":0}}},{"keyphrase":"fortaleza","score":67,"analysis":{"keyphraseInDescription":{"score":9,"maxScore":9,"error":0},"keyphraseLength":{"score":9,"maxScore":9,"error":0,"length":1},"keyphraseInIntroduction":{"score":3,"maxScore":9,"error":1},"keyphraseInImageAlt":{"score":9,"maxScore":9,"error":0},"keywordDensity":{"score":0,"type":"low","maxScore":9,"error":1}}},{"keyphrase":"Incendios de California","score":53,"analysis":{"keyphraseInDescription":{"score":3,"maxScore":9,"error":1},"keyphraseLength":{"score":9,"maxScore":9,"error":0,"length":3},"keyphraseInIntroduction":{"score":3,"maxScore":9,"error":1},"keyphraseInImageAlt":{"score":9,"maxScore":9,"error":0},"keywordDensity":{"score":0,"type":"low","maxScore":9,"error":1}}}]},"primary_term":null,"canonical_url":null,"og_title":null,"og_description":null,"og_object_type":"default","og_image_type":"default","og_image_url":null,"og_image_width":null,"og_image_height":null,"og_image_custom_url":null,"og_image_custom_fields":null,"og_video":"","og_custom_url":null,"og_article_section":null,"og_article_tags":null,"twitter_use_og":false,"twitter_card":"default","twitter_image_type":"default","twitter_image_url":null,"twitter_image_custom_url":null,"twitter_image_custom_fields":null,"twitter_title":null,"twitter_description":null,"schema":{"blockGraphs":[],"customGraphs":[],"default":{"data":{"Article":[],"Course":[],"Dataset":[],"FAQPage":[],"Movie":[],"Person":[],"Product":[],"ProductReview":[],"Car":[],"Recipe":[],"Service":[],"SoftwareApplication":[],"WebPage":[]},"graphName":"BlogPosting","isEnabled":true},"graphs":[]},"schema_type":"default","schema_type_options":null,"pillar_content":false,"robots_default":true,"robots_noindex":false,"robots_noarchive":false,"robots_nosnippet":false,"robots_nofollow":false,"robots_noimageindex":false,"robots_noodp":false,"robots_notranslate":false,"robots_max_snippet":"-1","robots_max_videopreview":"-1","robots_max_imagepreview":"large","priority":null,"frequency":"default","local_seo":null,"seo_analyzer_scan_date":"2025-10-09 01:43:57","breadcrumb_settings":null,"limit_modified_date":false,"reviewed_by":null,"open_ai":"{\"title\":{\"suggestions\":[],\"usage\":0},\"description\":{\"suggestions\":[],\"usage\":0}}","ai":null,"created":"2025-01-10 21:45:49","updated":"2026-02-04 18:55:19"},"aioseo_breadcrumb":"<div class=\"aioseo-breadcrumbs\"><span class=\"aioseo-breadcrumb\">\n\t<a href=\"https:\/\/soymigrante.com\/revista\" title=\"Home\">Home<\/a>\n<\/span><span class=\"aioseo-breadcrumb-separator\">\u00bb<\/span><span class=\"aioseo-breadcrumb\">\n\t<a href=\"https:\/\/soymigrante.com\/revista\/category\/estamos-unidos\/\" title=\"Estamos Unidos\">Estamos Unidos<\/a>\n<\/span><span class=\"aioseo-breadcrumb-separator\">\u00bb<\/span><span class=\"aioseo-breadcrumb\">\n\tIncendios de California: Confiando en Dios la guatemalteca Iris D\u00edaz evacu\u00f3 su casa en Pasadena\n<\/span><\/div>","aioseo_breadcrumb_json":[{"label":"Home","link":"https:\/\/soymigrante.com\/revista"},{"label":"Estamos Unidos","link":"https:\/\/soymigrante.com\/revista\/category\/estamos-unidos\/"},{"label":"Incendios de California: Confiando en Dios la guatemalteca Iris D\u00edaz evacu\u00f3 su casa en Pasadena","link":"https:\/\/soymigrante.com\/revista\/incendios-de-california-la-guatemalteca-iris-diaz-afronta-situacion-con-fortaleza-fe-y-solidaridad\/"}],"_links":{"self":[{"href":"https:\/\/soymigrante.com\/revista\/wp-json\/wp\/v2\/posts\/20232","targetHints":{"allow":["GET"]}}],"collection":[{"href":"https:\/\/soymigrante.com\/revista\/wp-json\/wp\/v2\/posts"}],"about":[{"href":"https:\/\/soymigrante.com\/revista\/wp-json\/wp\/v2\/types\/post"}],"author":[{"embeddable":true,"href":"https:\/\/soymigrante.com\/revista\/wp-json\/wp\/v2\/users\/19"}],"replies":[{"embeddable":true,"href":"https:\/\/soymigrante.com\/revista\/wp-json\/wp\/v2\/comments?post=20232"}],"version-history":[{"count":0,"href":"https:\/\/soymigrante.com\/revista\/wp-json\/wp\/v2\/posts\/20232\/revisions"}],"wp:featuredmedia":[{"embeddable":true,"href":"https:\/\/soymigrante.com\/revista\/wp-json\/wp\/v2\/media\/20238"}],"wp:attachment":[{"href":"https:\/\/soymigrante.com\/revista\/wp-json\/wp\/v2\/media?parent=20232"}],"wp:term":[{"taxonomy":"category","embeddable":true,"href":"https:\/\/soymigrante.com\/revista\/wp-json\/wp\/v2\/categories?post=20232"},{"taxonomy":"post_tag","embeddable":true,"href":"https:\/\/soymigrante.com\/revista\/wp-json\/wp\/v2\/tags?post=20232"}],"curies":[{"name":"wp","href":"https:\/\/api.w.org\/{rel}","templated":true}]}}