{"id":20069,"date":"2025-01-09T17:46:00","date_gmt":"2025-01-09T23:46:00","guid":{"rendered":"https:\/\/soymigrante.com\/revista\/?p=20069"},"modified":"2025-01-10T10:56:37","modified_gmt":"2025-01-10T16:56:37","slug":"incendios-de-los-angeles-guatemaltecos-comparten-su-vivencias","status":"publish","type":"post","link":"https:\/\/soymigrante.com\/revista\/incendios-de-los-angeles-guatemaltecos-comparten-su-vivencias\/","title":{"rendered":"Incendios de Los Angeles:  Guatemaltecos relatan vivencias y se solidarizan con damnificados"},"content":{"rendered":"\t\t<div data-elementor-type=\"wp-post\" data-elementor-id=\"20069\" class=\"elementor elementor-20069\" data-elementor-post-type=\"post\">\n\t\t\t\t<div data-particle_enable=\"false\" data-particle-mobile-disabled=\"false\" class=\"elementor-element elementor-element-136fb89 e-flex e-con-boxed e-con e-parent\" data-id=\"136fb89\" data-element_type=\"container\" data-e-type=\"container\">\n\t\t\t\t\t<div class=\"e-con-inner\">\n\t\t\t\t<div class=\"elementor-element elementor-element-257e6ea elementor-widget elementor-widget-heading\" data-id=\"257e6ea\" data-element_type=\"widget\" data-e-type=\"widget\" data-widget_type=\"heading.default\">\n\t\t\t\t\t<h2 class=\"elementor-heading-title elementor-size-default\">Nadie puede quedar indiferente ante la masiva destrucci\u00f3n causada por los incendios en Los Angeles. Migrantes guatemaltecos residentes en dicha \u00e1rea comparten su experiencia, oran por el cese del desastre y se solidarizan con las comunidades impactadas. <\/h2>\t\t\t\t<\/div>\n\t\t\t\t\t<\/div>\n\t\t\t\t<\/div>\n\t\t<div data-particle_enable=\"false\" data-particle-mobile-disabled=\"false\" class=\"elementor-element elementor-element-be29cd0 e-flex e-con-boxed e-con e-parent\" data-id=\"be29cd0\" data-element_type=\"container\" data-e-type=\"container\">\n\t\t\t\t\t<div class=\"e-con-inner\">\n\t\t\t\t<div class=\"elementor-element elementor-element-0f52fb6 elementor-widget elementor-widget-text-editor\" data-id=\"0f52fb6\" data-element_type=\"widget\" data-e-type=\"widget\" data-widget_type=\"text-editor.default\">\n\t\t\t\t\t\t\t\t\t<p>&#8220;Todo empez\u00f3 en Palisade, cerca de Malib\u00fa; luego se gener\u00f3 otro incendio en Santa Monic\u00e1, despu\u00e9s uno m\u00e1s cerca de Bel Air y en Hollywood; en otro punto diferente, en Pasadena, en Altadena, que est\u00e1 cerca. Yo vivo en una ciudad que se llama Palmdale. Y ayer (mi\u00e9rcoles) se form\u00f3 otro en Acton que est\u00e1 a 15 minutos de Palmdale&#8230; Hay varios incendios alrededor pero por ahora estamos bien, no han ordenado ninguna evacuaci\u00f3n&#8221;, relata <a href=\"https:\/\/soymigrante.com\/revista\/guatemalteco-carlos-quilo-crea-innova-y-se-supera-en-los-angeles-con-kilos-de-ingenio\/\">Carlos Quilo, migrante guatemalteco,<\/a> acerca de los incendios de Los Angeles.<\/p><p>&#8220;Hay evacuaciones de muchas \u00e1reas. Me he comunicado con algunos amigos y compatriotas para indicarles que si alguien no tiene a donde ir tras la evacuaci\u00f3n, que se vengan aqu\u00ed a mi casa mientras pasa la emergencia&#8221; agrega <a href=\"https:\/\/soymigrante.com\/revista\/guatemalteco-carlos-quilo-crea-innova-y-se-supera-en-los-angeles-con-kilos-de-ingenio\/\">Quilo.<\/a><\/p><p>La dimensi\u00f3n de este desastre se ha complicado por fuertes vientos que han propagado el fuego por monta\u00f1as, barrios y edificios, causando gran destrucci\u00f3n, suspensi\u00f3n de actividades y un estado de emergencia.\u00a0<\/p>\t\t\t\t\t\t\t\t<\/div>\n\t\t\t\t\t<\/div>\n\t\t\t\t<\/div>\n\t\t<div data-particle_enable=\"false\" data-particle-mobile-disabled=\"false\" class=\"elementor-element elementor-element-63a85d5 e-flex e-con-boxed e-con e-parent\" data-id=\"63a85d5\" data-element_type=\"container\" data-e-type=\"container\">\n\t\t\t\t\t<div class=\"e-con-inner\">\n\t\t\t\t<div class=\"elementor-element elementor-element-0355203 elementor-widget elementor-widget-image\" data-id=\"0355203\" data-element_type=\"widget\" data-e-type=\"widget\" data-widget_type=\"image.default\">\n\t\t\t\t\t\t\t\t\t\t\t\t<figure class=\"wp-caption\">\n\t\t\t\t\t\t\t\t\t\t<img fetchpriority=\"high\" decoding=\"async\" width=\"768\" height=\"392\" src=\"https:\/\/soymigrante.com\/revista\/wp-content\/uploads\/2025\/01\/incendios-1024x523.jpg\" class=\"attachment-large size-large wp-image-20165\" alt=\"Amplia imagen de una carretera desierta en un paisaje \u00e1rido, bajo un cielo despejado, con postes de electricidad alineados y un cami\u00f3n estacionado a la derecha, ideal para contenido sobre migraci\u00f3n, viajes y comunidades en movimiento.\" srcset=\"https:\/\/soymigrante.com\/revista\/wp-content\/uploads\/2025\/01\/incendios-1024x523.jpg 1024w, https:\/\/soymigrante.com\/revista\/wp-content\/uploads\/2025\/01\/incendios-300x153.jpg 300w, https:\/\/soymigrante.com\/revista\/wp-content\/uploads\/2025\/01\/incendios-768x392.jpg 768w, https:\/\/soymigrante.com\/revista\/wp-content\/uploads\/2025\/01\/incendios-1536x784.jpg 1536w, https:\/\/soymigrante.com\/revista\/wp-content\/uploads\/2025\/01\/incendios-750x383.webp 750w, https:\/\/soymigrante.com\/revista\/wp-content\/uploads\/2025\/01\/incendios-1140x582.webp 1140w, https:\/\/soymigrante.com\/revista\/wp-content\/uploads\/2025\/01\/incendios.webp 1589w\" sizes=\"(max-width: 768px) 100vw, 768px\" title=\"As\u00ed se ve\u00eda el humo en el horizonte mientras Carlos Quilo conduc\u00eda de vuelta a su casa. \u2013 SoyMigrante.com REVISTA\" \/>\t\t\t\t\t\t\t\t\t\t\t<figcaption class=\"widget-image-caption wp-caption-text\">Carretera en zona rural del M\u00e9xico \u00e1rido, con postes de electricidad y veh\u00edculos estacionados al borde del camino bajo un cielo claro.<\/figcaption>\n\t\t\t\t\t\t\t\t\t\t<\/figure>\n\t\t\t\t\t\t\t\t\t<\/div>\n\t\t\t\t\t<\/div>\n\t\t\t\t<\/div>\n\t\t<div data-particle_enable=\"false\" data-particle-mobile-disabled=\"false\" class=\"elementor-element elementor-element-821285b e-flex e-con-boxed e-con e-parent\" data-id=\"821285b\" data-element_type=\"container\" data-e-type=\"container\">\n\t\t\t\t\t<div class=\"e-con-inner\">\n\t\t\t\t<div class=\"elementor-element elementor-element-ebe7820 elementor-widget elementor-widget-heading\" data-id=\"ebe7820\" data-element_type=\"widget\" data-e-type=\"widget\" data-widget_type=\"heading.default\">\n\t\t\t\t\t<h3 class=\"elementor-heading-title elementor-size-default\">Red busca informar a guatemaltecos<\/h3>\t\t\t\t<\/div>\n\t\t\t\t\t<\/div>\n\t\t\t\t<\/div>\n\t\t<div data-particle_enable=\"false\" data-particle-mobile-disabled=\"false\" class=\"elementor-element elementor-element-60bae1f e-flex e-con-boxed e-con e-parent\" data-id=\"60bae1f\" data-element_type=\"container\" data-e-type=\"container\">\n\t\t\t\t\t<div class=\"e-con-inner\">\n\t\t\t\t<div class=\"elementor-element elementor-element-9f8a5e3 elementor-widget elementor-widget-text-editor\" data-id=\"9f8a5e3\" data-element_type=\"widget\" data-e-type=\"widget\" data-widget_type=\"text-editor.default\">\n\t\t\t\t\t\t\t\t\t<p>La Red Migrante Guatemalteca tambi\u00e9n se ha organizado para informar sobre la situaci\u00f3n de los incendios, prestar orientaci\u00f3n a connacionales y estar pendientes de lo que se necesite en las comunidades en los siguientes d\u00edas.\u00a0<\/p><p>&#8220;Estamos brindando informaci\u00f3n y apoyo a nuestra gente. El \u00e1rea afectada no tiene tanta poblaci\u00f3n de chapines, pero s\u00ed hay familias afectadas. Veremos como apoyar a personas guatemaltecas que perdieron su hogar&#8221;, expresa <a href=\"https:\/\/soymigrante.com\/revista\/walter-batres-presidente-red-migrante-guatemalteca-experiencia-los-angeles\/\">Walter Batres, presidente de la RMG.<\/a><\/p><p>&#8220;Tambi\u00e9n activamos un plan con la Canciller\u00eda de Guatemala para poder apoyar con emisi\u00f3n de documentos a las personas que por evacuaci\u00f3n o da\u00f1os en sus casas pierdan su DPI o Pasaporte&#8221;, agrega Batres.<\/p>\t\t\t\t\t\t\t\t<\/div>\n\t\t\t\t\t<\/div>\n\t\t\t\t<\/div>\n\t\t<div data-particle_enable=\"false\" data-particle-mobile-disabled=\"false\" class=\"elementor-element elementor-element-7d2706b e-flex e-con-boxed e-con e-parent\" data-id=\"7d2706b\" data-element_type=\"container\" data-e-type=\"container\">\n\t\t\t\t\t<div class=\"e-con-inner\">\n\t\t\t\t<div class=\"elementor-element elementor-element-524a644 elementor-invisible elementor-widget elementor-widget-facebook-embed\" data-id=\"524a644\" data-element_type=\"widget\" data-e-type=\"widget\" data-settings=\"{&quot;_animation&quot;:&quot;zoomInDown&quot;}\" data-widget_type=\"facebook-embed.default\">\n\t\t\t\t\t<div style=\"min-height: 1px\" class=\"elementor-facebook-widget fb-video\" data-href=\"https:\/\/fb.watch\/x0nGrEQROj\/\" data-show-text=\"false\" data-allowfullscreen=\"false\" data-autoplay=\"false\" data-show-captions=\"false\"><\/div>\t\t\t\t<\/div>\n\t\t\t\t\t<\/div>\n\t\t\t\t<\/div>\n\t\t<div data-particle_enable=\"false\" data-particle-mobile-disabled=\"false\" class=\"elementor-element elementor-element-4f52936 e-flex e-con-boxed e-con e-parent\" data-id=\"4f52936\" data-element_type=\"container\" data-e-type=\"container\">\n\t\t\t\t\t<div class=\"e-con-inner\">\n\t\t\t\t<div class=\"elementor-element elementor-element-98da9e2 elementor-widget elementor-widget-heading\" data-id=\"98da9e2\" data-element_type=\"widget\" data-e-type=\"widget\" data-widget_type=\"heading.default\">\n\t\t\t\t\t<h3 class=\"elementor-heading-title elementor-size-default\">Suspendieron todas las actividades<\/h3>\t\t\t\t<\/div>\n\t\t\t\t\t<\/div>\n\t\t\t\t<\/div>\n\t\t<div data-particle_enable=\"false\" data-particle-mobile-disabled=\"false\" class=\"elementor-element elementor-element-9fbcdd5 e-flex e-con-boxed e-con e-parent\" data-id=\"9fbcdd5\" data-element_type=\"container\" data-e-type=\"container\">\n\t\t\t\t\t<div class=\"e-con-inner\">\n\t\t\t\t<div class=\"elementor-element elementor-element-2bf66e3 elementor-widget elementor-widget-text-editor\" data-id=\"2bf66e3\" data-element_type=\"widget\" data-e-type=\"widget\" data-widget_type=\"text-editor.default\">\n\t\t\t\t\t\t\t\t\t<p><span style=\"text-align: var(--text-align);\">&#8220;Estoy pr\u00e1cticamente en la zona roja, aqu\u00ed en Sunland Tujunga, pero por ahora estamos bien&#8221;, expresa <a href=\"https:\/\/soymigrante.com\/revista\/bienes-raices-son-la-realidad-y-el-sueno-de-la-guatemalteca-christtag-vasquez-cortez\/\">Cristtag Cortez, corredora de bienes ra\u00edces, guatemalteca, residente en Los Angeles.\u00a0<\/a><\/span><\/p><p><span style=\"text-align: var(--text-align);\">&#8220;No hay orden de evacuaci\u00f3n pero s\u00ed empacamos todo por si acaso nos notifican. Prepar\u00e9 todo, incluso para los dos gatitos que tengo&#8221;, relata. &#8220;En la oficina se cancel\u00f3 una junta el jueves, a causa del fuego en Hollywood. Lo bueno fue que se pudo contener y no lleg\u00f3 a Sunset Bulevard&#8221;, agrega.<\/span><\/p>\t\t\t\t\t\t\t\t<\/div>\n\t\t\t\t\t<\/div>\n\t\t\t\t<\/div>\n\t\t<div data-particle_enable=\"false\" data-particle-mobile-disabled=\"false\" class=\"elementor-element elementor-element-be14d1e e-flex e-con-boxed e-con e-parent\" data-id=\"be14d1e\" data-element_type=\"container\" data-e-type=\"container\">\n\t\t\t\t\t<div class=\"e-con-inner\">\n\t\t\t\t<div class=\"elementor-element elementor-element-4f94095 elementor-widget elementor-widget-video\" data-id=\"4f94095\" data-element_type=\"widget\" data-e-type=\"widget\" data-settings=\"{&quot;youtube_url&quot;:&quot;https:\\\/\\\/www.youtube.com\\\/watch?v=-I_JwHN2i0Y&quot;,&quot;video_type&quot;:&quot;youtube&quot;,&quot;controls&quot;:&quot;yes&quot;}\" data-widget_type=\"video.default\">\n\t\t\t\t\t\t\t<div class=\"elementor-wrapper elementor-open-inline\">\n\t\t\t<div class=\"elementor-video\"><\/div>\t\t<\/div>\n\t\t\t\t\t\t<\/div>\n\t\t\t\t\t<\/div>\n\t\t\t\t<\/div>\n\t\t<div data-particle_enable=\"false\" data-particle-mobile-disabled=\"false\" class=\"elementor-element elementor-element-a8a715e e-flex e-con-boxed e-con e-parent\" data-id=\"a8a715e\" data-element_type=\"container\" data-e-type=\"container\">\n\t\t\t\t\t<div class=\"e-con-inner\">\n\t\t\t\t<div class=\"elementor-element elementor-element-4561baa elementor-widget elementor-widget-heading\" data-id=\"4561baa\" data-element_type=\"widget\" data-e-type=\"widget\" data-widget_type=\"heading.default\">\n\t\t\t\t\t<h3 class=\"elementor-heading-title elementor-size-default\">Impacto ambiental tambi\u00e9n preocupa<\/h3>\t\t\t\t<\/div>\n\t\t\t\t\t<\/div>\n\t\t\t\t<\/div>\n\t\t<div data-particle_enable=\"false\" data-particle-mobile-disabled=\"false\" class=\"elementor-element elementor-element-64fd765 e-flex e-con-boxed e-con e-parent\" data-id=\"64fd765\" data-element_type=\"container\" data-e-type=\"container\">\n\t\t\t\t\t<div class=\"e-con-inner\">\n\t\t\t\t<div class=\"elementor-element elementor-element-f1f07fd elementor-widget elementor-widget-text-editor\" data-id=\"f1f07fd\" data-element_type=\"widget\" data-e-type=\"widget\" data-widget_type=\"text-editor.default\">\n\t\t\t\t\t\t\t\t\t<p><a href=\"https:\/\/soymigrante.com\/revista\/biologo-lustra-el-mayor-tesoro-de-guatemala\/\">Ren\u00e9 Corado, bi\u00f3logo y director del Museo de Aves de Ventura<\/a>, guatemalteco, expresa que tanto \u00e9l como su familia est\u00e1n bien. En su calidad de cient\u00edfico expresa: &#8220;Por el momento no estamos en riesgo. Lamentablemente esos incendios son una muestra de todo el da\u00f1o que le estamos haciendo al planeta, provocando un cambio clim\u00e1tico negativo&#8221;.<\/p><p>Lamenta la p\u00e9rdida de vidas de personas y de bienes. Pero tambi\u00e9n recuerda que hay un impacto en la ecolog\u00eda. &#8220;Para nosotros que trabajamos en la conservaci\u00f3n de especies, esto es un golpe duro. Estamos en plena \u00e9poca de anidaci\u00f3n de colibr\u00edes y aves rapaces&#8221;, dice.\u00a0<\/p>\t\t\t\t\t\t\t\t<\/div>\n\t\t\t\t\t<\/div>\n\t\t\t\t<\/div>\n\t\t<div data-particle_enable=\"false\" data-particle-mobile-disabled=\"false\" class=\"elementor-element elementor-element-cedfa41 e-flex e-con-boxed e-con e-parent\" data-id=\"cedfa41\" data-element_type=\"container\" data-e-type=\"container\">\n\t\t\t\t\t<div class=\"e-con-inner\">\n\t\t\t\t<div class=\"elementor-element elementor-element-0d0bf4b elementor-widget elementor-widget-heading\" data-id=\"0d0bf4b\" data-element_type=\"widget\" data-e-type=\"widget\" data-widget_type=\"heading.default\">\n\t\t\t\t\t<h3 class=\"elementor-heading-title elementor-size-default\">No solo el fuego, tambi\u00e9n los vientos<\/h3>\t\t\t\t<\/div>\n\t\t\t\t\t<\/div>\n\t\t\t\t<\/div>\n\t\t<div data-particle_enable=\"false\" data-particle-mobile-disabled=\"false\" class=\"elementor-element elementor-element-fdb2f55 e-flex e-con-boxed e-con e-parent\" data-id=\"fdb2f55\" data-element_type=\"container\" data-e-type=\"container\">\n\t\t\t\t\t<div class=\"e-con-inner\">\n\t\t\t\t<div class=\"elementor-element elementor-element-90a84e6 elementor-widget elementor-widget-text-editor\" data-id=\"90a84e6\" data-element_type=\"widget\" data-e-type=\"widget\" data-widget_type=\"text-editor.default\">\n\t\t\t\t\t\t\t\t\t<p>El m\u00fasico migrante guatemalteco Jos\u00e9 Adolfo D\u00edas, m\u00e1s conocido como Guatemaya Match, radicado en Los Angeles, no est\u00e1 en el \u00e1rea de incendios, sin embargo, los fuertes vientos de Santa Ana (que han contribuido a propagar los fuegos) tambi\u00e9n han puesto a prueba techos y han derribado ramas de \u00e1rboles.<\/p>\t\t\t\t\t\t\t\t<\/div>\n\t\t\t\t\t<\/div>\n\t\t\t\t<\/div>\n\t\t<div data-particle_enable=\"false\" data-particle-mobile-disabled=\"false\" class=\"elementor-element elementor-element-a9c63ea e-flex e-con-boxed e-con e-parent\" data-id=\"a9c63ea\" data-element_type=\"container\" data-e-type=\"container\">\n\t\t\t\t\t<div class=\"e-con-inner\">\n\t\t\t\t<div class=\"elementor-element elementor-element-5a94bff elementor-invisible elementor-widget elementor-widget-facebook-embed\" data-id=\"5a94bff\" data-element_type=\"widget\" data-e-type=\"widget\" data-settings=\"{&quot;_animation&quot;:&quot;zoomInDown&quot;}\" data-widget_type=\"facebook-embed.default\">\n\t\t\t\t\t<div style=\"min-height: 1px\" class=\"elementor-facebook-widget fb-video\" data-href=\"https:\/\/fb.watch\/x12yfE5hW_\/\" data-show-text=\"false\" data-allowfullscreen=\"false\" data-autoplay=\"false\" data-show-captions=\"false\"><\/div>\t\t\t\t<\/div>\n\t\t\t\t\t<\/div>\n\t\t\t\t<\/div>\n\t\t<div data-particle_enable=\"false\" data-particle-mobile-disabled=\"false\" class=\"elementor-element elementor-element-ffe8fa3 e-flex e-con-boxed e-con e-parent\" data-id=\"ffe8fa3\" data-element_type=\"container\" data-e-type=\"container\">\n\t\t\t\t\t<div class=\"e-con-inner\">\n\t\t\t\t<div class=\"elementor-element elementor-element-a1c2148 elementor-widget elementor-widget-heading\" data-id=\"a1c2148\" data-element_type=\"widget\" data-e-type=\"widget\" data-widget_type=\"heading.default\">\n\t\t\t\t\t<h3 class=\"elementor-heading-title elementor-size-default\">Llamado a la empat\u00eda y la uni\u00f3n<\/h3>\t\t\t\t<\/div>\n\t\t\t\t\t<\/div>\n\t\t\t\t<\/div>\n\t\t<div data-particle_enable=\"false\" data-particle-mobile-disabled=\"false\" class=\"elementor-element elementor-element-88dcdfc e-flex e-con-boxed e-con e-parent\" data-id=\"88dcdfc\" data-element_type=\"container\" data-e-type=\"container\">\n\t\t\t\t\t<div class=\"e-con-inner\">\n\t\t\t\t<div class=\"elementor-element elementor-element-e8eb0df elementor-widget elementor-widget-text-editor\" data-id=\"e8eb0df\" data-element_type=\"widget\" data-e-type=\"widget\" data-widget_type=\"text-editor.default\">\n\t\t\t\t\t\t\t\t\t<p><a href=\"https:\/\/soymigrante.com\/revista\/karolin-espana-dirige-kika-proyecto-de-ayuda-alimentaria-impulsado-por-sus-hijas\/\">Karolin Rasc\u00f3n-Espa\u00f1a, directora de la organizaci\u00f3n ben\u00e9fica Kika y originaria de Chiquimula<\/a>, vive a una hora del \u00e1rea m\u00e1s afectada. Pero se solidariza profundamente: &#8220;Es muy triste saber que tantas personas perdieron sus carros, casas, negocios. Adem\u00e1s el impacto es generalizado para todos, a causa del humo y las cenizas. Es dram\u00e1tico ver a las personas manejando tratando de salir pero se encuentran con m\u00e1s fuego. Para m\u00ed es un momento de reflexionar y de llevar un mensaje de Dios&#8221;, manifiesta.<\/p><p>&#8220;Este es un momento para unirnos en amor, como hermanos, de ayudarnos sin distingo de raza, estatus legal, nivel econ\u00f3mico&#8221;, finaliza Carolin.<\/p><p>Y en efecto, en la Iglesia de Santa Cecilia, donde se venera al llamado Cristo Mojado, r\u00e9plica del Cristo de Esquipulas, tanto la novena del Cristo como las misas se ofrecen por intenci\u00f3n de los damnificados y por el cese del fuego, seg\u00fan refiri\u00f3 Pedro Ram\u00edrez, encargado de comunicaci\u00f3n de la Fraternidad de Esquipulas de Los Angeles.\u00a0<\/p>\t\t\t\t\t\t\t\t<\/div>\n\t\t\t\t\t<\/div>\n\t\t\t\t<\/div>\n\t\t<div data-particle_enable=\"false\" data-particle-mobile-disabled=\"false\" class=\"elementor-element elementor-element-d496ae1 e-flex e-con-boxed e-con e-parent\" data-id=\"d496ae1\" data-element_type=\"container\" data-e-type=\"container\">\n\t\t\t\t\t<div class=\"e-con-inner\">\n\t\t\t\t<div class=\"elementor-element elementor-element-b293225 elementor-widget elementor-widget-heading\" data-id=\"b293225\" data-element_type=\"widget\" data-e-type=\"widget\" data-widget_type=\"heading.default\">\n\t\t\t\t\t<h3 class=\"elementor-heading-title elementor-size-default\">Relato de un guatemalteco evacuado<\/h3>\t\t\t\t<\/div>\n\t\t\t\t\t<\/div>\n\t\t\t\t<\/div>\n\t\t<div data-particle_enable=\"false\" data-particle-mobile-disabled=\"false\" class=\"elementor-element elementor-element-5031776 e-flex e-con-boxed e-con e-parent\" data-id=\"5031776\" data-element_type=\"container\" data-e-type=\"container\">\n\t\t\t\t\t<div class=\"e-con-inner\">\n\t\t\t\t<div class=\"elementor-element elementor-element-6a3a091 elementor-invisible elementor-widget elementor-widget-facebook-embed\" data-id=\"6a3a091\" data-element_type=\"widget\" data-e-type=\"widget\" data-settings=\"{&quot;_animation&quot;:&quot;zoomInDown&quot;}\" data-widget_type=\"facebook-embed.default\">\n\t\t\t\t\t<div style=\"min-height: 1px\" class=\"elementor-facebook-widget fb-video\" data-href=\"https:\/\/www.facebook.com\/100079251955281\/videos\/847851954038120\" data-show-text=\"false\" data-allowfullscreen=\"false\" data-autoplay=\"false\" data-show-captions=\"false\"><\/div>\t\t\t\t<\/div>\n\t\t\t\t\t<\/div>\n\t\t\t\t<\/div>\n\t\t<div data-particle_enable=\"false\" data-particle-mobile-disabled=\"false\" class=\"elementor-element elementor-element-a71d93a e-flex e-con-boxed e-con e-parent\" data-id=\"a71d93a\" data-element_type=\"container\" data-e-type=\"container\">\n\t\t\t\t\t<div class=\"e-con-inner\">\n\t\t\t\t<div class=\"elementor-element elementor-element-226a635 elementor-widget elementor-widget-heading\" data-id=\"226a635\" data-element_type=\"widget\" data-e-type=\"widget\" data-widget_type=\"heading.default\">\n\t\t\t\t\t<h3 class=\"elementor-heading-title elementor-size-default\">Albergues habilitados: c\u00f3mo llegar<\/h3>\t\t\t\t<\/div>\n\t\t\t\t\t<\/div>\n\t\t\t\t<\/div>\n\t\t<div data-particle_enable=\"false\" data-particle-mobile-disabled=\"false\" class=\"elementor-element elementor-element-65d5dba e-flex e-con-boxed e-con e-parent\" data-id=\"65d5dba\" data-element_type=\"container\" data-e-type=\"container\">\n\t\t\t\t\t<div class=\"e-con-inner\">\n\t\t\t\t<div class=\"elementor-element elementor-element-4292f56 elementor-widget elementor-widget-text-editor\" data-id=\"4292f56\" data-element_type=\"widget\" data-e-type=\"widget\" data-widget_type=\"text-editor.default\">\n\t\t\t\t\t\t\t\t\t<p>La Red Migrante Guatemalteca difundi\u00f3 informaci\u00f3n de las autoridades de Los Angeles acerca de la ubicaci\u00f3n de albergues habilitados para personas evacuadas o que perdieron sus viviendas.<\/p>\t\t\t\t\t\t\t\t<\/div>\n\t\t\t\t\t<\/div>\n\t\t\t\t<\/div>\n\t\t<div data-particle_enable=\"false\" data-particle-mobile-disabled=\"false\" class=\"elementor-element elementor-element-18d562c e-flex e-con-boxed e-con e-parent\" data-id=\"18d562c\" data-element_type=\"container\" data-e-type=\"container\">\n\t\t\t\t\t<div class=\"e-con-inner\">\n\t\t\t\t<div class=\"elementor-element elementor-element-185ff12 elementor-widget elementor-widget-google_maps\" data-id=\"185ff12\" data-element_type=\"widget\" data-e-type=\"widget\" data-widget_type=\"google_maps.default\">\n\t\t\t\t\t\t\t<div class=\"elementor-custom-embed\">\n\t\t\t<iframe loading=\"lazy\"\n\t\t\t\t\tsrc=\"https:\/\/maps.google.com\/maps?q=Pasadena%20Civic%20Auditorium%20%28300%20E.%20Green%20St.%20Pasadena%2C%20CA%2091101%29%2C%20%20&#038;t=m&#038;z=10&#038;output=embed&#038;iwloc=near\"\n\t\t\t\t\ttitle=\"Pasadena Civic Auditorium (300 E. Green St. Pasadena, CA 91101),  \"\n\t\t\t\t\taria-label=\"Pasadena Civic Auditorium (300 E. Green St. Pasadena, CA 91101),  \"\n\t\t\t><\/iframe>\n\t\t<\/div>\n\t\t\t\t\t\t<\/div>\n\t\t\t\t\t<\/div>\n\t\t\t\t<\/div>\n\t\t<div data-particle_enable=\"false\" data-particle-mobile-disabled=\"false\" class=\"elementor-element elementor-element-f40e81e e-flex e-con-boxed e-con e-parent\" data-id=\"f40e81e\" data-element_type=\"container\" data-e-type=\"container\">\n\t\t\t\t\t<div class=\"e-con-inner\">\n\t\t\t\t<div class=\"elementor-element elementor-element-1504b9b elementor-widget elementor-widget-google_maps\" data-id=\"1504b9b\" data-element_type=\"widget\" data-e-type=\"widget\" data-widget_type=\"google_maps.default\">\n\t\t\t\t\t\t\t<div class=\"elementor-custom-embed\">\n\t\t\t<iframe loading=\"lazy\"\n\t\t\t\t\tsrc=\"https:\/\/maps.google.com\/maps?q=Alta%20VerapWestwood%20Recreation%20Center%20%281350%20S.%20Sepulveda%20Blvd.%20Los%20Angeles%2C%20CA%2090025%29az&#038;t=m&#038;z=10&#038;output=embed&#038;iwloc=near\"\n\t\t\t\t\ttitle=\"Alta VerapWestwood Recreation Center (1350 S. Sepulveda Blvd. Los Angeles, CA 90025)az\"\n\t\t\t\t\taria-label=\"Alta VerapWestwood Recreation Center (1350 S. Sepulveda Blvd. Los Angeles, CA 90025)az\"\n\t\t\t><\/iframe>\n\t\t<\/div>\n\t\t\t\t\t\t<\/div>\n\t\t\t\t\t<\/div>\n\t\t\t\t<\/div>\n\t\t<div data-particle_enable=\"false\" data-particle-mobile-disabled=\"false\" class=\"elementor-element elementor-element-8b72374 e-flex e-con-boxed e-con e-parent\" data-id=\"8b72374\" data-element_type=\"container\" data-e-type=\"container\">\n\t\t\t\t\t<div class=\"e-con-inner\">\n\t\t\t\t<div class=\"elementor-element elementor-element-76167c3 elementor-widget elementor-widget-google_maps\" data-id=\"76167c3\" data-element_type=\"widget\" data-e-type=\"widget\" data-widget_type=\"google_maps.default\">\n\t\t\t\t\t\t\t<div class=\"elementor-custom-embed\">\n\t\t\t<iframe loading=\"lazy\"\n\t\t\t\t\tsrc=\"https:\/\/maps.google.com\/maps?q=El%20Camino%20Real%20Charter%20High%20School%205440%20Valley%20Circle%20Blvd.%20Woodland%20Hills%2C%20CA%2090025%29%2C%20&#038;t=m&#038;z=10&#038;output=embed&#038;iwloc=near\"\n\t\t\t\t\ttitle=\"El Camino Real Charter High School 5440 Valley Circle Blvd. Woodland Hills, CA 90025), \"\n\t\t\t\t\taria-label=\"El Camino Real Charter High School 5440 Valley Circle Blvd. Woodland Hills, CA 90025), \"\n\t\t\t><\/iframe>\n\t\t<\/div>\n\t\t\t\t\t\t<\/div>\n\t\t\t\t<div class=\"elementor-element elementor-element-24ce277 elementor-widget elementor-widget-google_maps\" data-id=\"24ce277\" data-element_type=\"widget\" data-e-type=\"widget\" data-widget_type=\"google_maps.default\">\n\t\t\t\t\t\t\t<div class=\"elementor-custom-embed\">\n\t\t\t<iframe loading=\"lazy\"\n\t\t\t\t\tsrc=\"https:\/\/maps.google.com\/maps?q=Ritchie%20Valens%20Recreation%20Center%20%2810736%20Laurel%20Canyon%20Blvd.%20Pacoima%2C%20CA%2091331%29.&#038;t=m&#038;z=10&#038;output=embed&#038;iwloc=near\"\n\t\t\t\t\ttitle=\"Ritchie Valens Recreation Center (10736 Laurel Canyon Blvd. Pacoima, CA 91331).\"\n\t\t\t\t\taria-label=\"Ritchie Valens Recreation Center (10736 Laurel Canyon Blvd. Pacoima, CA 91331).\"\n\t\t\t><\/iframe>\n\t\t<\/div>\n\t\t\t\t\t\t<\/div>\n\t\t\t\t\t<\/div>\n\t\t\t\t<\/div>\n\t\t<div data-particle_enable=\"false\" data-particle-mobile-disabled=\"false\" class=\"elementor-element elementor-element-33ad881 e-flex e-con-boxed e-con e-parent\" data-id=\"33ad881\" data-element_type=\"container\" data-e-type=\"container\">\n\t\t\t\t\t<div class=\"e-con-inner\">\n\t\t\t\t<div class=\"elementor-element elementor-element-58a9371 elementor-widget elementor-widget-google_maps\" data-id=\"58a9371\" data-element_type=\"widget\" data-e-type=\"widget\" data-widget_type=\"google_maps.default\">\n\t\t\t\t\t\t\t<div class=\"elementor-custom-embed\">\n\t\t\t<iframe loading=\"lazy\"\n\t\t\t\t\tsrc=\"https:\/\/maps.google.com\/maps?q=Pan%20Pac%C3%ADfico%20Recreation%20Center%20-%207600%20Beverly%20Blvd%20-%20los%20Angeles%20CA%2090036&#038;t=m&#038;z=10&#038;output=embed&#038;iwloc=near\"\n\t\t\t\t\ttitle=\"Pan Pac\u00edfico Recreation Center - 7600 Beverly Blvd - los Angeles CA 90036\"\n\t\t\t\t\taria-label=\"Pan Pac\u00edfico Recreation Center - 7600 Beverly Blvd - los Angeles CA 90036\"\n\t\t\t><\/iframe>\n\t\t<\/div>\n\t\t\t\t\t\t<\/div>\n\t\t\t\t\t<\/div>\n\t\t\t\t<\/div>\n\t\t<div data-particle_enable=\"false\" data-particle-mobile-disabled=\"false\" class=\"elementor-element elementor-element-048986d e-flex e-con-boxed e-con e-parent\" data-id=\"048986d\" data-element_type=\"container\" data-e-type=\"container\">\n\t\t\t\t\t<div class=\"e-con-inner\">\n\t\t\t\t<div class=\"elementor-element elementor-element-6e0cf61 elementor-widget elementor-widget-heading\" data-id=\"6e0cf61\" data-element_type=\"widget\" data-e-type=\"widget\" data-widget_type=\"heading.default\">\n\t\t\t\t\t<h2 class=\"elementor-heading-title elementor-size-default\">La proverbial solidaridad guatemalteca siempre aparece<\/h2>\t\t\t\t<\/div>\n\t\t\t\t\t<\/div>\n\t\t\t\t<\/div>\n\t\t<div data-particle_enable=\"false\" data-particle-mobile-disabled=\"false\" class=\"elementor-element elementor-element-8b93a9e e-flex e-con-boxed e-con e-parent\" data-id=\"8b93a9e\" data-element_type=\"container\" data-e-type=\"container\">\n\t\t\t\t\t<div class=\"e-con-inner\">\n\t\t\t\t<div class=\"elementor-element elementor-element-846afa3 elementor-grid-eael-col-3 elementor-grid-tablet-eael-col-2 elementor-grid-mobile-eael-col-1 elementor-widget elementor-widget-eael-post-grid\" data-id=\"846afa3\" data-element_type=\"widget\" data-e-type=\"widget\" data-settings=\"{&quot;eael_post_grid_columns&quot;:&quot;eael-col-3&quot;,&quot;eael_post_grid_columns_tablet&quot;:&quot;eael-col-2&quot;,&quot;eael_post_grid_columns_mobile&quot;:&quot;eael-col-1&quot;}\" data-widget_type=\"eael-post-grid.default\">\n\t\t\t\t\t<div id=\"eael-post-grid-846afa3\" class=\"eael-post-grid-container\">\n            <div class=\"eael-post-grid eael-post-appender eael-post-appender-846afa3 eael-post-grid-style-one\" data-layout-mode=\"masonry\"><article class=\"eael-grid-post  eael-post-grid-column eael-pg-post-10331 category-guate-nuestra\" data-id=\"10331\">\n        <div class=\"eael-grid-post-holder\">\n            <div class=\"eael-grid-post-holder-inner\"><div class=\"eael-entry-media\"><div class=\"eael-entry-overlay fade-in\"><i class=\"far fa-hand-pointer\" aria-hidden=\"true\"><\/i><a href=\"https:\/\/soymigrante.com\/revista\/hearts-of-eternal-spring-puente-de-ayuda-migrante-desde-oklahoma-a-guatemala\/\"><\/a><\/div><div class=\"eael-entry-thumbnail \">\n                <img decoding=\"async\" width=\"568\" height=\"568\" src=\"https:\/\/soymigrante.com\/revista\/wp-content\/uploads\/2024\/10\/escuela-quetzaltenango-1.webp\" class=\"attachment-large size-large wp-image-10431\" alt=\"Kits escolares para ni\u00f1os migrantes, iniciativa solidaria y educativa en M\u00e9xico, promoviendo integraci\u00f3n y apoyo a comunidades vulnerables, promoviendo derechos y bienestar infantil.\" srcset=\"https:\/\/soymigrante.com\/revista\/wp-content\/uploads\/2024\/10\/escuela-quetzaltenango-1.webp 568w, https:\/\/soymigrante.com\/revista\/wp-content\/uploads\/2024\/10\/escuela-quetzaltenango-1-300x300.webp 300w, https:\/\/soymigrante.com\/revista\/wp-content\/uploads\/2024\/10\/escuela-quetzaltenango-1-150x150.webp 150w, https:\/\/soymigrante.com\/revista\/wp-content\/uploads\/2024\/10\/escuela-quetzaltenango-1-75x75.webp 75w\" sizes=\"(max-width: 568px) 100vw, 568px\" \/>\n            <\/div>\n        <\/div><div class=\"eael-entry-wrapper\"><header class=\"eael-entry-header\"><h2 class=\"eael-entry-title\"><a class=\"eael-grid-post-link\" href=\"https:\/\/soymigrante.com\/revista\/hearts-of-eternal-spring-puente-de-ayuda-migrante-desde-oklahoma-a-guatemala\/\" title=\"Hearts of Eternal Spring: puente de ayuda migrante desde Oklahoma a Guatemala\">Hearts of Eternal Spring: puente de ayuda migrante desde Oklahoma a Guatemala<\/a><\/h2><\/header><div class=\"eael-entry-content\">\n                        <div class=\"eael-grid-post-excerpt\"><a href=\"https:\/\/soymigrante.com\/revista\/hearts-of-eternal-spring-puente-de-ayuda-migrante-desde-oklahoma-a-guatemala\/\" class=\"eael-post-elements-readmore-btn\">CONOCE SU HISTORIA <\/a><\/div>\n                    <\/div><\/div><\/div>\n        <\/div>\n    <\/article><article class=\"eael-grid-post  eael-post-grid-column eael-pg-post-6247 category-estamos-unidos\" data-id=\"6247\">\n        <div class=\"eael-grid-post-holder\">\n            <div class=\"eael-grid-post-holder-inner\"><div class=\"eael-entry-media\"><div class=\"eael-entry-overlay fade-in\"><i class=\"far fa-hand-pointer\" aria-hidden=\"true\"><\/i><a href=\"https:\/\/soymigrante.com\/revista\/solidaridad-migrantes-hispanos-oklahoma-victimas-tornado-sulphur\/\"><\/a><\/div><div class=\"eael-entry-thumbnail \">\n                <img decoding=\"async\" width=\"533\" height=\"595\" src=\"https:\/\/soymigrante.com\/revista\/wp-content\/uploads\/2024\/04\/Captura-de-pantalla-2024-04-30-234934.webp\" class=\"attachment-large size-large wp-image-6248\" alt=\"Manos con aud\u00edfonos y gafas de sol en evento de migrantes en exteriores, sonriendo y mostrando actitud positiva.\" srcset=\"https:\/\/soymigrante.com\/revista\/wp-content\/uploads\/2024\/04\/Captura-de-pantalla-2024-04-30-234934.webp 533w, https:\/\/soymigrante.com\/revista\/wp-content\/uploads\/2024\/04\/Captura-de-pantalla-2024-04-30-234934-269x300.webp 269w\" sizes=\"(max-width: 533px) 100vw, 533px\" \/>\n            <\/div>\n        <\/div><div class=\"eael-entry-wrapper\"><header class=\"eael-entry-header\"><h2 class=\"eael-entry-title\"><a class=\"eael-grid-post-link\" href=\"https:\/\/soymigrante.com\/revista\/solidaridad-migrantes-hispanos-oklahoma-victimas-tornado-sulphur\/\" title=\"Migrantes ayudan a damnificados por tornado en Sulphur, Oklahoma\">Migrantes ayudan a damnificados por tornado en Sulphur, Oklahoma<\/a><\/h2><\/header><div class=\"eael-entry-content\">\n                        <div class=\"eael-grid-post-excerpt\"><a href=\"https:\/\/soymigrante.com\/revista\/solidaridad-migrantes-hispanos-oklahoma-victimas-tornado-sulphur\/\" class=\"eael-post-elements-readmore-btn\">CONOCE SU HISTORIA <\/a><\/div>\n                    <\/div><\/div><\/div>\n        <\/div>\n    <\/article><article class=\"eael-grid-post  eael-post-grid-column eael-pg-post-4880 category-estamos-unidos\" data-id=\"4880\">\n        <div class=\"eael-grid-post-holder\">\n            <div class=\"eael-grid-post-holder-inner\"><div class=\"eael-entry-media\"><div class=\"eael-entry-overlay fade-in\"><i class=\"far fa-hand-pointer\" aria-hidden=\"true\"><\/i><a href=\"https:\/\/soymigrante.com\/revista\/migrantes-guatemaltecos-apoyaron-jornada-medica-en-occidente-del-pais\/\"><\/a><\/div><div class=\"eael-entry-thumbnail \">\n                <img loading=\"lazy\" decoding=\"async\" width=\"1024\" height=\"630\" src=\"https:\/\/soymigrante.com\/revista\/wp-content\/uploads\/2024\/02\/PORTADA-LIMARY-1024x630.webp\" class=\"attachment-large size-large wp-image-4912\" alt=\"Limary Gramajo es hija de migrantes guatemaltecos, Gracias al apoyo de becas y prestamos estudiantiles Limary estar\u00e1 a punto de graduarse como ginec\u00f3loga obstetra. Desde que supo de la misi\u00f3n en Guatemala se motivo a reunir insumos para las comunidades a las que se realizaba la jornada con el apoyo de la comunidad migrante guatemalteca radicada en Oklahoma\" srcset=\"https:\/\/soymigrante.com\/revista\/wp-content\/uploads\/2024\/02\/PORTADA-LIMARY-1024x630.webp 1024w, https:\/\/soymigrante.com\/revista\/wp-content\/uploads\/2024\/02\/PORTADA-LIMARY-300x185.webp 300w, https:\/\/soymigrante.com\/revista\/wp-content\/uploads\/2024\/02\/PORTADA-LIMARY-768x473.webp 768w, https:\/\/soymigrante.com\/revista\/wp-content\/uploads\/2024\/02\/PORTADA-LIMARY-750x462.webp 750w, https:\/\/soymigrante.com\/revista\/wp-content\/uploads\/2024\/02\/PORTADA-LIMARY.webp 1300w\" sizes=\"(max-width: 1024px) 100vw, 1024px\" \/>\n            <\/div>\n        <\/div><div class=\"eael-entry-wrapper\"><header class=\"eael-entry-header\"><h2 class=\"eael-entry-title\"><a class=\"eael-grid-post-link\" href=\"https:\/\/soymigrante.com\/revista\/migrantes-guatemaltecos-apoyaron-jornada-medica-en-occidente-del-pais\/\" title=\"Solidaridad migrante acompa\u00f1a misi\u00f3n de m\u00e9dicos de EE.UU. en Xela y Totonicap\u00e1n\">Solidaridad migrante acompa\u00f1a misi\u00f3n de m\u00e9dicos de EE.UU. en Xela y Totonicap\u00e1n<\/a><\/h2><\/header><div class=\"eael-entry-content\">\n                        <div class=\"eael-grid-post-excerpt\"><a href=\"https:\/\/soymigrante.com\/revista\/migrantes-guatemaltecos-apoyaron-jornada-medica-en-occidente-del-pais\/\" class=\"eael-post-elements-readmore-btn\">CONOCE SU HISTORIA <\/a><\/div>\n                    <\/div><\/div><\/div>\n        <\/div>\n    <\/article><\/div>\n            <div class=\"clearfix\"><\/div>\n        <\/div>\t\t\t\t<\/div>\n\t\t\t\t\t<\/div>\n\t\t\t\t<\/div>\n\t\t\t\t<\/div>\n\t\t","protected":false},"excerpt":{"rendered":"<p>Nadie puede quedar indiferente ante la masiva destrucci\u00f3n causada por los incendios en Los Angeles. Migrantes guatemaltecos residentes en dicha \u00e1rea comparten su experiencia, oran por el cese del desastre y se solidarizan con las comunidades impactadas. &#8220;Todo empez\u00f3 en Palisade, cerca de Malib\u00fa; luego se gener\u00f3 otro incendio en Santa Monic\u00e1, despu\u00e9s uno m\u00e1s [&hellip;]<\/p>\n","protected":false},"author":7,"featured_media":20147,"comment_status":"open","ping_status":"open","sticky":false,"template":"","format":"standard","meta":{"_acf_changed":false,"_eb_attr":"","footnotes":""},"categories":[54],"tags":[],"class_list":["post-20069","post","type-post","status-publish","format-standard","has-post-thumbnail","hentry","category-estamos-unidos"],"acf":[],"aioseo_notices":[],"aioseo_head":"\n\t\t<!-- All in One SEO Pro 4.9.6.2 - aioseo.com -->\n\t<meta name=\"description\" content=\"Limayre\" \/>\n\t<meta name=\"robots\" content=\"max-snippet:-1, max-image-preview:large, max-video-preview:-1\" \/>\n\t<meta name=\"author\" content=\"Diana Batz\"\/>\n\t<link rel=\"canonical\" href=\"https:\/\/soymigrante.com\/revista\/migrantes-guatemaltecos-apoyaron-jornada-medica-en-occidente-del-pais\/\" \/>\n\t<meta name=\"generator\" content=\"All in One SEO Pro (AIOSEO) 4.9.6.2\" \/>\n\n\t\t<link rel=\"preconnect\" href=\"https:\/\/fonts.googleapis.com\" crossorigin>\n<link rel=\"preconnect\" href=\"https:\/\/fonts.gstatic.com\" crossorigin>\n\t\t<meta property=\"og:locale\" content=\"es_ES\" \/>\n\t\t<meta property=\"og:site_name\" content=\"SoyMigrante.com REVISTA \u2013 Nuestra misi\u00f3n es reconocer y dignificar al migrante.\" \/>\n\t\t<meta property=\"og:type\" content=\"article\" \/>\n\t\t<meta property=\"og:title\" content=\"Jornada m\u00e9dica en Guatemala con ayuda de migrantes chapines\" \/>\n\t\t<meta property=\"og:description\" content=\"Limayre\" \/>\n\t\t<meta property=\"og:url\" content=\"https:\/\/soymigrante.com\/revista\/migrantes-guatemaltecos-apoyaron-jornada-medica-en-occidente-del-pais\/\" \/>\n\t\t<meta property=\"og:image\" content=\"https:\/\/soymigrante.com\/revista\/wp-content\/uploads\/2024\/02\/PORTADA-LIMARY.webp\" \/>\n\t\t<meta property=\"og:image:secure_url\" content=\"https:\/\/soymigrante.com\/revista\/wp-content\/uploads\/2024\/02\/PORTADA-LIMARY.webp\" \/>\n\t\t<meta property=\"og:image:width\" content=\"1300\" \/>\n\t\t<meta property=\"og:image:height\" content=\"800\" \/>\n\t\t<meta property=\"article:published_time\" content=\"2024-02-16T04:48:37+00:00\" \/>\n\t\t<meta property=\"article:modified_time\" content=\"2024-04-30T12:07:37+00:00\" \/>\n\t\t<meta property=\"article:publisher\" content=\"https:\/\/www.facebook.com\/soymigrantecom\" \/>\n\t\t<meta name=\"twitter:card\" content=\"summary_large_image\" \/>\n\t\t<meta name=\"twitter:site\" content=\"@SoyMigrante_com\" \/>\n\t\t<meta name=\"twitter:title\" content=\"Jornada m\u00e9dica en Guatemala con ayuda de migrantes chapines\" \/>\n\t\t<meta name=\"twitter:description\" content=\"Limayre\" \/>\n\t\t<meta name=\"twitter:creator\" content=\"@SoyMigrante_com\" \/>\n\t\t<meta name=\"twitter:image\" content=\"https:\/\/soymigrante.com\/revista\/wp-content\/uploads\/2024\/02\/PORTADA-LIMARY.webp\" \/>\n\t\t<!-- All in One SEO Pro -->\r\n\t\t<title>Jornada m\u00e9dica en Guatemala con ayuda de migrantes chapines<\/title>\n\n","aioseo_head_json":{"title":"Jornada m\u00e9dica en Guatemala con ayuda de migrantes chapines","description":"Limayre","canonical_url":"https:\/\/soymigrante.com\/revista\/migrantes-guatemaltecos-apoyaron-jornada-medica-en-occidente-del-pais\/","robots":"max-snippet:-1, max-image-preview:large, max-video-preview:-1","keywords":"","webmasterTools":{"miscellaneous":"&lt;link rel=\"preconnect\" href=\"https:\/\/fonts.googleapis.com\" crossorigin&gt;\n&lt;link rel=\"preconnect\" href=\"https:\/\/fonts.gstatic.com\" crossorigin&gt;"},"schema":null,"og:locale":"es_ES","og:site_name":"SoyMigrante.com REVISTA \u2013 Nuestra misi\u00f3n es reconocer y dignificar al migrante.","og:type":"article","og:title":"Jornada m\u00e9dica en Guatemala con ayuda de migrantes chapines","og:description":"Limayre","og:url":"https:\/\/soymigrante.com\/revista\/migrantes-guatemaltecos-apoyaron-jornada-medica-en-occidente-del-pais\/","og:image":"https:\/\/soymigrante.com\/revista\/wp-content\/uploads\/2024\/02\/PORTADA-LIMARY.webp","og:image:secure_url":"https:\/\/soymigrante.com\/revista\/wp-content\/uploads\/2024\/02\/PORTADA-LIMARY.webp","og:image:width":1300,"og:image:height":800,"article:published_time":"2024-02-16T04:48:37+00:00","article:modified_time":"2024-04-30T12:07:37+00:00","article:publisher":"https:\/\/www.facebook.com\/soymigrantecom","twitter:card":"summary_large_image","twitter:site":"@SoyMigrante_com","twitter:title":"Jornada m\u00e9dica en Guatemala con ayuda de migrantes chapines","twitter:description":"Limayre","twitter:creator":"@SoyMigrante_com","twitter:image":"https:\/\/soymigrante.com\/revista\/wp-content\/uploads\/2024\/02\/PORTADA-LIMARY.webp"},"aioseo_meta_data":{"post_id":"20069","title":"Incendios en los Angeles: Guatemaltecos comparten vivencia","description":"Nadie se queda indiferente ante el desastre masivo de los incendiosde Los Angeles: migrantes guatemaltecos relatan sus impresiones, oran y expresan solidaridad.","keywords":null,"keyphrases":{"focus":{"keyphrase":"Incendios en Los Angeles","score":69,"analysis":{"keyphraseInTitle":{"score":9,"maxScore":9,"error":0},"keyphraseInDescription":{"score":3,"maxScore":9,"error":1},"keyphraseLength":{"score":9,"maxScore":9,"error":0,"length":4},"keyphraseInURL":{"score":1,"maxScore":5,"error":1}}},"additional":[{"keyphrase":"Guatemaltecos","score":100,"analysis":{"keyphraseInDescription":{"score":9,"maxScore":9,"error":0},"keyphraseLength":{"score":9,"maxScore":9,"error":0,"length":1}}},{"keyphrase":"Incendios","score":67,"analysis":{"keyphraseInDescription":{"score":3,"maxScore":9,"error":1},"keyphraseLength":{"score":9,"maxScore":9,"error":0,"length":1}}},{"keyphrase":"Migrantes","score":100,"analysis":{"keyphraseInDescription":{"score":9,"maxScore":9,"error":0},"keyphraseLength":{"score":9,"maxScore":9,"error":0,"length":1}}}]},"primary_term":null,"canonical_url":null,"og_title":null,"og_description":null,"og_object_type":"default","og_image_type":"default","og_image_url":null,"og_image_width":null,"og_image_height":null,"og_image_custom_url":null,"og_image_custom_fields":null,"og_video":"","og_custom_url":null,"og_article_section":null,"og_article_tags":null,"twitter_use_og":false,"twitter_card":"default","twitter_image_type":"default","twitter_image_url":null,"twitter_image_custom_url":null,"twitter_image_custom_fields":null,"twitter_title":null,"twitter_description":null,"schema":{"blockGraphs":[],"customGraphs":[],"default":{"data":{"Article":[],"Course":[],"Dataset":[],"FAQPage":[],"Movie":[],"Person":[],"Product":[],"ProductReview":[],"Car":[],"Recipe":[],"Service":[],"SoftwareApplication":[],"WebPage":[]},"graphName":"BlogPosting","isEnabled":true},"graphs":[]},"schema_type":"default","schema_type_options":null,"pillar_content":false,"robots_default":true,"robots_noindex":false,"robots_noarchive":false,"robots_nosnippet":false,"robots_nofollow":false,"robots_noimageindex":false,"robots_noodp":false,"robots_notranslate":false,"robots_max_snippet":"-1","robots_max_videopreview":"-1","robots_max_imagepreview":"large","priority":null,"frequency":"default","local_seo":null,"seo_analyzer_scan_date":"2025-10-09 01:42:21","breadcrumb_settings":null,"limit_modified_date":false,"reviewed_by":null,"open_ai":"{\"title\":{\"suggestions\":[],\"usage\":0},\"description\":{\"suggestions\":[],\"usage\":0}}","ai":null,"created":"2025-01-09 22:21:03","updated":"2026-02-04 18:55:18"},"aioseo_breadcrumb":"<div class=\"aioseo-breadcrumbs\"><span class=\"aioseo-breadcrumb\">\n\t<a href=\"https:\/\/soymigrante.com\/revista\" title=\"Home\">Home<\/a>\n<\/span><span class=\"aioseo-breadcrumb-separator\">\u00bb<\/span><span class=\"aioseo-breadcrumb\">\n\t<a href=\"https:\/\/soymigrante.com\/revista\/category\/estamos-unidos\/\" title=\"Estamos Unidos\">Estamos Unidos<\/a>\n<\/span><span class=\"aioseo-breadcrumb-separator\">\u00bb<\/span><span class=\"aioseo-breadcrumb\">\n\tIncendios de Los Angeles:  Guatemaltecos relatan vivencias y se solidarizan con damnificados\n<\/span><\/div>","aioseo_breadcrumb_json":[{"label":"Home","link":"https:\/\/soymigrante.com\/revista"},{"label":"Estamos Unidos","link":"https:\/\/soymigrante.com\/revista\/category\/estamos-unidos\/"},{"label":"Incendios de Los Angeles:  Guatemaltecos relatan vivencias y se solidarizan con damnificados","link":"https:\/\/soymigrante.com\/revista\/incendios-de-los-angeles-guatemaltecos-comparten-su-vivencias\/"}],"_links":{"self":[{"href":"https:\/\/soymigrante.com\/revista\/wp-json\/wp\/v2\/posts\/20069","targetHints":{"allow":["GET"]}}],"collection":[{"href":"https:\/\/soymigrante.com\/revista\/wp-json\/wp\/v2\/posts"}],"about":[{"href":"https:\/\/soymigrante.com\/revista\/wp-json\/wp\/v2\/types\/post"}],"author":[{"embeddable":true,"href":"https:\/\/soymigrante.com\/revista\/wp-json\/wp\/v2\/users\/7"}],"replies":[{"embeddable":true,"href":"https:\/\/soymigrante.com\/revista\/wp-json\/wp\/v2\/comments?post=20069"}],"version-history":[{"count":0,"href":"https:\/\/soymigrante.com\/revista\/wp-json\/wp\/v2\/posts\/20069\/revisions"}],"wp:featuredmedia":[{"embeddable":true,"href":"https:\/\/soymigrante.com\/revista\/wp-json\/wp\/v2\/media\/20147"}],"wp:attachment":[{"href":"https:\/\/soymigrante.com\/revista\/wp-json\/wp\/v2\/media?parent=20069"}],"wp:term":[{"taxonomy":"category","embeddable":true,"href":"https:\/\/soymigrante.com\/revista\/wp-json\/wp\/v2\/categories?post=20069"},{"taxonomy":"post_tag","embeddable":true,"href":"https:\/\/soymigrante.com\/revista\/wp-json\/wp\/v2\/tags?post=20069"}],"curies":[{"name":"wp","href":"https:\/\/api.w.org\/{rel}","templated":true}]}}