{"id":2005,"date":"2023-07-31T20:49:11","date_gmt":"2023-07-31T20:49:11","guid":{"rendered":"https:\/\/soymigrante.com\/revista\/?p=2005"},"modified":"2024-07-31T01:10:43","modified_gmt":"2024-07-31T07:10:43","slug":"marlene-abogada-migratoria-guatemala","status":"publish","type":"post","link":"https:\/\/soymigrante.com\/revista\/marlene-abogada-migratoria-guatemala\/","title":{"rendered":"Abogada Marlene, de origen guatemalteco, ofrece orientaci\u00f3n en tr\u00e1mites migratorios"},"content":{"rendered":"\t\t<div data-elementor-type=\"wp-post\" data-elementor-id=\"2005\" class=\"elementor elementor-2005\" data-elementor-post-type=\"post\">\n\t\t\t\t\t\t<section data-particle_enable=\"false\" data-particle-mobile-disabled=\"false\" class=\"elementor-section elementor-top-section elementor-element elementor-element-2eb7c95 elementor-section-boxed elementor-section-height-default elementor-section-height-default\" data-id=\"2eb7c95\" data-element_type=\"section\" data-e-type=\"section\">\n\t\t\t\t\t\t<div class=\"elementor-container elementor-column-gap-default\">\n\t\t\t\t\t<div class=\"elementor-column elementor-col-100 elementor-top-column elementor-element elementor-element-63302f1\" data-id=\"63302f1\" data-element_type=\"column\" data-e-type=\"column\">\n\t\t\t<div class=\"elementor-widget-wrap elementor-element-populated\">\n\t\t\t\t\t\t<div class=\"elementor-element elementor-element-6d31576 elementor-widget elementor-widget-heading\" data-id=\"6d31576\" data-element_type=\"widget\" data-e-type=\"widget\" data-widget_type=\"heading.default\">\n\t\t\t\t\t<h1 class=\"elementor-heading-title elementor-size-default\"><a href=\"https:\/\/www.facebook.com\/MarkowitzLaw?mibextid=ZbWKwL\">Marlene Markowitz es una abogada de migraci\u00f3n originaria de Guatemala. Apoya y orienta procesos legales en temas de migraci\u00f3n en Estados Unidos para migrantes guatemaltecos y Centroam\u00e9rica. <\/a><\/h1>\t\t\t\t<\/div>\n\t\t\t\t\t<\/div>\n\t\t<\/div>\n\t\t\t\t\t<\/div>\n\t\t<\/section>\n\t\t\t\t<section data-particle_enable=\"false\" data-particle-mobile-disabled=\"false\" class=\"elementor-section elementor-top-section elementor-element elementor-element-fae0682 elementor-section-boxed elementor-section-height-default elementor-section-height-default\" data-id=\"fae0682\" data-element_type=\"section\" data-e-type=\"section\">\n\t\t\t\t\t\t<div class=\"elementor-container elementor-column-gap-default\">\n\t\t\t\t\t<div class=\"elementor-column elementor-col-100 elementor-top-column elementor-element elementor-element-36f2da5\" data-id=\"36f2da5\" data-element_type=\"column\" data-e-type=\"column\">\n\t\t\t<div class=\"elementor-widget-wrap elementor-element-populated\">\n\t\t\t\t\t\t<div class=\"elementor-element elementor-element-3bac099 elementor-widget elementor-widget-text-editor\" data-id=\"3bac099\" data-element_type=\"widget\" data-e-type=\"widget\" data-widget_type=\"text-editor.default\">\n\t\t\t\t\t\t\t\t\t<p><span style=\"font-weight: 400;\">Con m\u00e1s de 12 a\u00f1os de trayectoria en el \u00e1mbito legal Marlene Markowitz atiende diferentes casos en todos los estados del mencionado pa\u00eds, cuenta con un equipo de trabajo que permite atenci\u00f3n inmediata y factible. Sus oficinas est\u00e1n en Miami pero atiende casos en todo Estados Unidos.<\/span><\/p><p><span style=\"font-weight: 400;\">&#8220;Yo empec\u00e9 a ejercer hace 12 a\u00f1os, he representado a muchas personas entre artistas, atletas e inversionistas migrantes de varios pa\u00edses&#8221; dice la Abogada Marlene, nombre que usa en sus redes sociales.<\/span><\/p>\t\t\t\t\t\t\t\t<\/div>\n\t\t\t\t\t<\/div>\n\t\t<\/div>\n\t\t\t\t\t<\/div>\n\t\t<\/section>\n\t\t\t\t<section data-particle_enable=\"false\" data-particle-mobile-disabled=\"false\" class=\"elementor-section elementor-top-section elementor-element elementor-element-734ff6b elementor-section-boxed elementor-section-height-default elementor-section-height-default\" data-id=\"734ff6b\" data-element_type=\"section\" data-e-type=\"section\">\n\t\t\t\t\t\t<div class=\"elementor-container elementor-column-gap-default\">\n\t\t\t\t\t<div class=\"elementor-column elementor-col-100 elementor-top-column elementor-element elementor-element-68d931a\" data-id=\"68d931a\" data-element_type=\"column\" data-e-type=\"column\">\n\t\t\t<div class=\"elementor-widget-wrap elementor-element-populated\">\n\t\t\t\t\t\t<div class=\"elementor-element elementor-element-669de58 elementor-widget elementor-widget-image\" data-id=\"669de58\" data-element_type=\"widget\" data-e-type=\"widget\" data-widget_type=\"image.default\">\n\t\t\t\t\t\t\t\t\t\t\t\t<figure class=\"wp-caption\">\n\t\t\t\t\t\t\t\t\t\t<img fetchpriority=\"high\" decoding=\"async\" width=\"768\" height=\"541\" src=\"https:\/\/soymigrante.com\/revista\/wp-content\/uploads\/2023\/07\/Captura-de-pantalla-2023-07-31-142449.webp\" class=\"attachment-large size-large wp-image-2048\" alt=\"\" srcset=\"https:\/\/soymigrante.com\/revista\/wp-content\/uploads\/2023\/07\/Captura-de-pantalla-2023-07-31-142449.webp 861w, https:\/\/soymigrante.com\/revista\/wp-content\/uploads\/2023\/07\/Captura-de-pantalla-2023-07-31-142449-300x211.webp 300w, https:\/\/soymigrante.com\/revista\/wp-content\/uploads\/2023\/07\/Captura-de-pantalla-2023-07-31-142449-768x541.webp 768w, https:\/\/soymigrante.com\/revista\/wp-content\/uploads\/2023\/07\/Captura-de-pantalla-2023-07-31-142449-120x86.webp 120w, https:\/\/soymigrante.com\/revista\/wp-content\/uploads\/2023\/07\/Captura-de-pantalla-2023-07-31-142449-750x529.webp 750w\" sizes=\"(max-width: 768px) 100vw, 768px\" title=\"Captura de pantalla 2023-07-31 142449 \u2013 SoyMigrante.com REVISTA\" \/>\t\t\t\t\t\t\t\t\t\t\t<figcaption class=\"widget-image-caption wp-caption-text\">La abogada migratoria Marlene Markowitz se siente muy orgullosa de sus ra\u00edces guatemaltecas y por ello tiene la convicci\u00f3n de orientar y servir de la mejor manera a los migrantes connacionales e hispanos.<\/figcaption>\n\t\t\t\t\t\t\t\t\t\t<\/figure>\n\t\t\t\t\t\t\t\t\t<\/div>\n\t\t\t\t\t<\/div>\n\t\t<\/div>\n\t\t\t\t\t<\/div>\n\t\t<\/section>\n\t\t\t\t<section data-particle_enable=\"false\" data-particle-mobile-disabled=\"false\" class=\"elementor-section elementor-top-section elementor-element elementor-element-b90280d elementor-section-boxed elementor-section-height-default elementor-section-height-default\" data-id=\"b90280d\" data-element_type=\"section\" data-e-type=\"section\">\n\t\t\t\t\t\t<div class=\"elementor-container elementor-column-gap-default\">\n\t\t\t\t\t<div class=\"elementor-column elementor-col-100 elementor-top-column elementor-element elementor-element-5875bae\" data-id=\"5875bae\" data-element_type=\"column\" data-e-type=\"column\">\n\t\t\t<div class=\"elementor-widget-wrap elementor-element-populated\">\n\t\t\t\t\t\t<div class=\"elementor-element elementor-element-681f788 elementor-widget elementor-widget-heading\" data-id=\"681f788\" data-element_type=\"widget\" data-e-type=\"widget\" data-widget_type=\"heading.default\">\n\t\t\t\t\t<h3 class=\"elementor-heading-title elementor-size-default\">Los casos m\u00e1s comunes que atiende <\/h3>\t\t\t\t<\/div>\n\t\t\t\t<div class=\"elementor-element elementor-element-f6ba133 elementor-widget elementor-widget-text-editor\" data-id=\"f6ba133\" data-element_type=\"widget\" data-e-type=\"widget\" data-widget_type=\"text-editor.default\">\n\t\t\t\t\t\t\t\t\t<p><span style=\"font-weight: 400\">Para que los diferentes casos sean resueltos de la mejor forma, la firma busca una atenci\u00f3n amplia y segura para los clientes.\u00a0 Seg\u00fan indica la abogada que los casos m\u00e1s comunes son: solicitudes de asilo, procesos de violencia familiar y orientaci\u00f3n de residencia etc.<\/span><\/p><p><span style=\"font-weight: 400\">Como resultado efectivo se ha logrado informar y asesorar a miles de guatemaltecos migrantes \u201cCon la actual administraci\u00f3n del gobierno ha sido posible aumentar el n\u00famero de casos favorecidos en procesos de deportaci\u00f3n, tambi\u00e9n las personas se han ido informando sobre el estatus en Estados Unidos&#8221; agrega la abogada.<\/span><\/p>\t\t\t\t\t\t\t\t<\/div>\n\t\t\t\t\t<\/div>\n\t\t<\/div>\n\t\t\t\t\t<\/div>\n\t\t<\/section>\n\t\t\t\t<section data-particle_enable=\"false\" data-particle-mobile-disabled=\"false\" class=\"elementor-section elementor-top-section elementor-element elementor-element-5202333 elementor-section-boxed elementor-section-height-default elementor-section-height-default\" data-id=\"5202333\" data-element_type=\"section\" data-e-type=\"section\">\n\t\t\t\t\t\t<div class=\"elementor-container elementor-column-gap-default\">\n\t\t\t\t\t<div class=\"elementor-column elementor-col-100 elementor-top-column elementor-element elementor-element-b34624e\" data-id=\"b34624e\" data-element_type=\"column\" data-e-type=\"column\">\n\t\t\t<div class=\"elementor-widget-wrap elementor-element-populated\">\n\t\t\t\t\t\t<div class=\"elementor-element elementor-element-c980d03 elementor-widget elementor-widget-heading\" data-id=\"c980d03\" data-element_type=\"widget\" data-e-type=\"widget\" data-widget_type=\"heading.default\">\n\t\t\t\t\t<h3 class=\"elementor-heading-title elementor-size-default\">&nbsp;\u00bfQu\u00e9 necesita  conocer un migrante durante un proceso legal de migraci\u00f3n en EE.UU?&nbsp;<\/h3>\t\t\t\t<\/div>\n\t\t\t\t<div class=\"elementor-element elementor-element-896a4fb elementor-widget elementor-widget-text-editor\" data-id=\"896a4fb\" data-element_type=\"widget\" data-e-type=\"widget\" data-widget_type=\"text-editor.default\">\n\t\t\t\t\t\t\t\t\t<p><span style=\"font-weight: 400\">Si bien los casos son distintos la poblaci\u00f3n migrante debe saber que los t\u00e9rminos en espa\u00f1ol y en Estados Unidos no son los mismos, los tiempos de resoluci\u00f3n pueden ser extensos y no todos los casos son favorables.\u00a0<\/span><\/p><p><span style=\"font-weight: 400\">\u201cMuchas personas confunden las palabras comunes en espa\u00f1ol con los t\u00e9rminos legales de la ley de migraci\u00f3n, por ejemplo, la palabra asilo, la definici\u00f3n com\u00fan y legal es totalmente diferente\u201d agrega Marlene.<\/span><\/p>\t\t\t\t\t\t\t\t<\/div>\n\t\t\t\t\t<\/div>\n\t\t<\/div>\n\t\t\t\t\t<\/div>\n\t\t<\/section>\n\t\t\t\t<section data-particle_enable=\"false\" data-particle-mobile-disabled=\"false\" class=\"elementor-section elementor-top-section elementor-element elementor-element-2734dc3 elementor-section-boxed elementor-section-height-default elementor-section-height-default\" data-id=\"2734dc3\" data-element_type=\"section\" data-e-type=\"section\">\n\t\t\t\t\t\t<div class=\"elementor-container elementor-column-gap-default\">\n\t\t\t\t\t<div class=\"elementor-column elementor-col-100 elementor-top-column elementor-element elementor-element-6fe14ea\" data-id=\"6fe14ea\" data-element_type=\"column\" data-e-type=\"column\">\n\t\t\t<div class=\"elementor-widget-wrap elementor-element-populated\">\n\t\t\t\t\t\t<div class=\"elementor-element elementor-element-f18751f elementor-widget elementor-widget-image\" data-id=\"f18751f\" data-element_type=\"widget\" data-e-type=\"widget\" data-widget_type=\"image.default\">\n\t\t\t\t\t\t\t\t\t\t\t\t<figure class=\"wp-caption\">\n\t\t\t\t\t\t\t\t\t\t<img decoding=\"async\" width=\"768\" height=\"741\" src=\"https:\/\/soymigrante.com\/revista\/wp-content\/uploads\/2023\/07\/Captura-de-pantalla-2023-07-31-145550.webp\" class=\"attachment-large size-large wp-image-2051\" alt=\"La abogada migratoria Marlene Markowitz es hija de migrantes guatemaltecos y ello le ayuda a contar con mejor empat\u00eda al abordar cada caso. Reconoce que no todos se pueden ganar pero se busca resolverlos de la manera m\u00e1s favorable.\" srcset=\"https:\/\/soymigrante.com\/revista\/wp-content\/uploads\/2023\/07\/Captura-de-pantalla-2023-07-31-145550.webp 950w, https:\/\/soymigrante.com\/revista\/wp-content\/uploads\/2023\/07\/Captura-de-pantalla-2023-07-31-145550-300x290.webp 300w, https:\/\/soymigrante.com\/revista\/wp-content\/uploads\/2023\/07\/Captura-de-pantalla-2023-07-31-145550-768x741.webp 768w, https:\/\/soymigrante.com\/revista\/wp-content\/uploads\/2023\/07\/Captura-de-pantalla-2023-07-31-145550-750x724.webp 750w\" sizes=\"(max-width: 768px) 100vw, 768px\" title=\"La abogada migratoria Marlene Markowitz es hija de migrantes guatemaltecos y ello le ayuda a contar con mejor empat\u00eda al abordar cada caso. Reconoce que no todos se pueden ganar pero se busca resolverlos de la manera m\u00e1s favorable. \u2013 SoyMigrante.com REVISTA\" \/>\t\t\t\t\t\t\t\t\t\t\t<figcaption class=\"widget-image-caption wp-caption-text\">La abogada migratoria Marlene Markowitz es hija de migrantes guatemaltecos y ello le ayuda a contar con mejor empat\u00eda al abordar cada caso. Reconoce que no todos se pueden ganar pero se busca resolverlos de la manera m\u00e1s favorable.<\/figcaption>\n\t\t\t\t\t\t\t\t\t\t<\/figure>\n\t\t\t\t\t\t\t\t\t<\/div>\n\t\t\t\t\t<\/div>\n\t\t<\/div>\n\t\t\t\t\t<\/div>\n\t\t<\/section>\n\t\t\t\t<section data-particle_enable=\"false\" data-particle-mobile-disabled=\"false\" class=\"elementor-section elementor-top-section elementor-element elementor-element-d724e91 elementor-section-boxed elementor-section-height-default elementor-section-height-default\" data-id=\"d724e91\" data-element_type=\"section\" data-e-type=\"section\">\n\t\t\t\t\t\t<div class=\"elementor-container elementor-column-gap-default\">\n\t\t\t\t\t<div class=\"elementor-column elementor-col-100 elementor-top-column elementor-element elementor-element-94001cd\" data-id=\"94001cd\" data-element_type=\"column\" data-e-type=\"column\">\n\t\t\t<div class=\"elementor-widget-wrap elementor-element-populated\">\n\t\t\t\t\t\t<div class=\"elementor-element elementor-element-b4f1506 elementor-widget elementor-widget-heading\" data-id=\"b4f1506\" data-element_type=\"widget\" data-e-type=\"widget\" data-widget_type=\"heading.default\">\n\t\t\t\t\t<h3 class=\"elementor-heading-title elementor-size-default\">\u00bfPodr\u00e9 ser atendido sin importar el idioma que hablo?<\/h3>\t\t\t\t<\/div>\n\t\t\t\t<div class=\"elementor-element elementor-element-b4ea804 elementor-widget elementor-widget-text-editor\" data-id=\"b4ea804\" data-element_type=\"widget\" data-e-type=\"widget\" data-widget_type=\"text-editor.default\">\n\t\t\t\t\t\t\t\t\t<p><span style=\"font-weight: 400;\">En el caso de los guatemaltecos migrantes existe diversidad de idiomas mayas, adem\u00e1s del espa\u00f1ol. Cuando llegan a territorio estadounidense se encuentran con dificultad de comunicaci\u00f3n ante esta situaci\u00f3n la firma cuenta con un equipo que apoya en la traducci\u00f3n de los casos, refiere la abogada Marlene.<\/span><\/p><p><span style=\"font-weight: 400; color: var( --e-global-color-text ); background-color: var(--ak-bg-color);\">\u201cPor ejemplo, tuve un caso de un joven de habla mam y la posibilidad de ganar era dif\u00edcil, primero por la forma de trasladar la informaci\u00f3n al juez, adem\u00e1s de las complicaciones del caso, pero coordinamos apoyo con la traducci\u00f3n de man al espa\u00f1ol y de espa\u00f1ol a ingl\u00e9s para entender y defenderlo de la mejor manera\u201d<\/span><\/p><p><span style=\"font-weight: 400;\">Los esfuerzos son importantes, pero siempre se aclara a todas las personas que llevan un proceso legal que no siempre se ganan los casos, eso depende mucho de la situaci\u00f3n y la decisi\u00f3n del juez.\u00a0<\/span><\/p><p>\u00a0<\/p>\t\t\t\t\t\t\t\t<\/div>\n\t\t\t\t\t<\/div>\n\t\t<\/div>\n\t\t\t\t\t<\/div>\n\t\t<\/section>\n\t\t\t\t<section data-particle_enable=\"false\" data-particle-mobile-disabled=\"false\" class=\"elementor-section elementor-top-section elementor-element elementor-element-8d7def6 elementor-section-boxed elementor-section-height-default elementor-section-height-default\" data-id=\"8d7def6\" data-element_type=\"section\" data-e-type=\"section\">\n\t\t\t\t\t\t<div class=\"elementor-container elementor-column-gap-default\">\n\t\t\t\t\t<div class=\"elementor-column elementor-col-100 elementor-top-column elementor-element elementor-element-94f9a3d\" data-id=\"94f9a3d\" data-element_type=\"column\" data-e-type=\"column\">\n\t\t\t<div class=\"elementor-widget-wrap elementor-element-populated\">\n\t\t\t\t\t\t<div class=\"elementor-element elementor-element-3e03142 elementor-widget elementor-widget-heading\" data-id=\"3e03142\" data-element_type=\"widget\" data-e-type=\"widget\" data-widget_type=\"heading.default\">\n\t\t\t\t\t<h3 class=\"elementor-heading-title elementor-size-default\">\u00bfD\u00f3nde y c\u00f3mo puedo buscar asesor\u00eda legal?<\/h3>\t\t\t\t<\/div>\n\t\t\t\t<div class=\"elementor-element elementor-element-b795546 elementor-widget elementor-widget-text-editor\" data-id=\"b795546\" data-element_type=\"widget\" data-e-type=\"widget\" data-widget_type=\"text-editor.default\">\n\t\t\t\t\t\t\t\t\t<p><span style=\"font-weight: 400;\">\u201cClaro, toda persona que est\u00e9 interesada puede optar por buscar un abogado que le recomienden. En mi caso presto mis servicios y me pueden contactar a trav\u00e9s de mis redes o mi sitio digital como Abogada Marlene\u201d. La asesor\u00eda es personalizada.<\/span><\/p><p><span style=\"font-weight: 400;\">Adem\u00e1s, existe una plataforma que impulsa informaci\u00f3n en redes sociales sobre pasos o procedimientos legales como: Permisos de trabajo, residencia permanente, visa juvenil, tr\u00e1mites entre otros aspectos.<\/span><\/p>\t\t\t\t\t\t\t\t<\/div>\n\t\t\t\t\t<\/div>\n\t\t<\/div>\n\t\t\t\t\t<\/div>\n\t\t<\/section>\n\t\t\t\t<section data-particle_enable=\"false\" data-particle-mobile-disabled=\"false\" class=\"elementor-section elementor-top-section elementor-element elementor-element-347be53 elementor-section-boxed elementor-section-height-default elementor-section-height-default\" data-id=\"347be53\" data-element_type=\"section\" data-e-type=\"section\">\n\t\t\t\t\t\t<div class=\"elementor-container elementor-column-gap-default\">\n\t\t\t\t\t<div class=\"elementor-column elementor-col-100 elementor-top-column elementor-element elementor-element-b1299dd\" data-id=\"b1299dd\" data-element_type=\"column\" data-e-type=\"column\">\n\t\t\t<div class=\"elementor-widget-wrap elementor-element-populated\">\n\t\t\t\t\t\t<div class=\"elementor-element elementor-element-bff76b3 elementor-widget elementor-widget-facebook-page\" data-id=\"bff76b3\" data-element_type=\"widget\" data-e-type=\"widget\" data-widget_type=\"facebook-page.default\">\n\t\t\t\t\t<div class=\"elementor-facebook-widget fb-page\" data-href=\"https:\/\/www.facebook.com\/MarkowitzLaw\/videos\" data-tabs=\"timeline,events\" data-height=\"400px\" data-width=\"500px\" data-small-header=\"false\" data-hide-cover=\"false\" data-show-facepile=\"false\" data-hide-cta=\"true\" style=\"min-height: 1px;height:400px\"><\/div>\t\t\t\t<\/div>\n\t\t\t\t\t<\/div>\n\t\t<\/div>\n\t\t\t\t\t<\/div>\n\t\t<\/section>\n\t\t\t\t<section data-particle_enable=\"false\" data-particle-mobile-disabled=\"false\" class=\"elementor-section elementor-top-section elementor-element elementor-element-476d5c5 elementor-section-boxed elementor-section-height-default elementor-section-height-default\" data-id=\"476d5c5\" data-element_type=\"section\" data-e-type=\"section\">\n\t\t\t\t\t\t<div class=\"elementor-container elementor-column-gap-default\">\n\t\t\t\t\t<div class=\"elementor-column elementor-col-100 elementor-top-column elementor-element elementor-element-7b60028\" data-id=\"7b60028\" data-element_type=\"column\" data-e-type=\"column\">\n\t\t\t<div class=\"elementor-widget-wrap elementor-element-populated\">\n\t\t\t\t\t\t<div class=\"elementor-element elementor-element-2feecac elementor-widget elementor-widget-heading\" data-id=\"2feecac\" data-element_type=\"widget\" data-e-type=\"widget\" data-widget_type=\"heading.default\">\n\t\t\t\t\t<h2 class=\"elementor-heading-title elementor-size-default\">Redes sociales son un canal valioso<\/h2>\t\t\t\t<\/div>\n\t\t\t\t<div class=\"elementor-element elementor-element-df8739e elementor-widget elementor-widget-text-editor\" data-id=\"df8739e\" data-element_type=\"widget\" data-e-type=\"widget\" data-widget_type=\"text-editor.default\">\n\t\t\t\t\t\t\t\t\t<p><span style=\"font-weight: 400;\">Durante una \u00e9poca muy dif\u00edcil como lo fue la pandemia del coronavirus, la abogada Marlene encontr\u00f3 canales para atender dudas, consultas y clientes en las redes sociales.\u00a0\u00a0<\/span><span style=\"font-weight: 400; color: var( --e-global-color-text ); background-color: var(--ak-bg-color);\">La abogada de migraci\u00f3n utiliz\u00f3 TikTok y Facebook como una plataforma de contenido b\u00e1sico sobre temas de migraci\u00f3n, encontrando as\u00ed una comunidad de migrantes guatemaltecos que solicitan asesor\u00eda legal.\u00a0<\/span><\/p><p><span style=\"font-weight: 400; color: var( --e-global-color-text ); background-color: var(--ak-bg-color);\">&#8220;Por medio de Tik tok encontr\u00e9 una comunidad de guatemaltecos, un proceso org\u00e1nico y enriquecedor ya que conect\u00e9 con mi gente a la que deseo servir&#8221;.\u00a0<\/span><\/p><p><span style=\"font-weight: 400; color: var( --e-global-color-text ); background-color: var(--ak-bg-color);\">Para m\u00e1s informaci\u00f3n y contacto:\u00a0<\/span><a style=\"background-color: var(--ak-bg-color);\" href=\"https:\/\/www.markowitzpa.com\/es\/contact\/\" target=\"_blank\" rel=\"noopener\">https:\/\/www.markowitzpa.com\/es\/contact\/<\/a><\/p>\t\t\t\t\t\t\t\t<\/div>\n\t\t\t\t\t<\/div>\n\t\t<\/div>\n\t\t\t\t\t<\/div>\n\t\t<\/section>\n\t\t\t\t<section data-particle_enable=\"false\" data-particle-mobile-disabled=\"false\" class=\"elementor-section elementor-top-section elementor-element elementor-element-91c8e9a elementor-section-boxed elementor-section-height-default elementor-section-height-default\" data-id=\"91c8e9a\" data-element_type=\"section\" data-e-type=\"section\">\n\t\t\t\t\t\t<div class=\"elementor-container elementor-column-gap-default\">\n\t\t\t\t\t<div class=\"elementor-column elementor-col-100 elementor-top-column elementor-element elementor-element-bedf525\" data-id=\"bedf525\" data-element_type=\"column\" data-e-type=\"column\">\n\t\t\t<div class=\"elementor-widget-wrap elementor-element-populated\">\n\t\t\t\t\t\t<div class=\"elementor-element elementor-element-ed9e6fc elementor-widget elementor-widget-video\" data-id=\"ed9e6fc\" data-element_type=\"widget\" data-e-type=\"widget\" data-settings=\"{&quot;youtube_url&quot;:&quot;https:\\\/\\\/www.youtube.com\\\/watch?v=2NJAlFi3HbQ&quot;,&quot;video_type&quot;:&quot;youtube&quot;,&quot;controls&quot;:&quot;yes&quot;}\" data-widget_type=\"video.default\">\n\t\t\t\t\t\t\t<div class=\"elementor-wrapper elementor-open-inline\">\n\t\t\t<div class=\"elementor-video\"><\/div>\t\t<\/div>\n\t\t\t\t\t\t<\/div>\n\t\t\t\t\t<\/div>\n\t\t<\/div>\n\t\t\t\t\t<\/div>\n\t\t<\/section>\n\t\t\t\t<\/div>\n\t\t","protected":false},"excerpt":{"rendered":"<p>Marlene Markowitz es una abogada de migraci\u00f3n originaria de Guatemala. Apoya y orienta procesos legales en temas de migraci\u00f3n en Estados Unidos para migrantes guatemaltecos y Centroam\u00e9rica. Con m\u00e1s de 12 a\u00f1os de trayectoria en el \u00e1mbito legal Marlene Markowitz atiende diferentes casos en todos los estados del mencionado pa\u00eds, cuenta con un equipo de [&hellip;]<\/p>\n","protected":false},"author":10,"featured_media":2049,"comment_status":"open","ping_status":"open","sticky":false,"template":"","format":"standard","meta":{"_acf_changed":false,"_eb_attr":"","footnotes":""},"categories":[59],"tags":[],"class_list":["post-2005","post","type-post","status-publish","format-standard","has-post-thumbnail","hentry","category-recursos-migratorios"],"acf":[],"aioseo_notices":[],"aioseo_head":"\n\t\t<!-- All in One SEO Pro 4.9.6.2 - aioseo.com -->\n\t<meta name=\"description\" content=\"La Abogada Marlene, originaria de Guatemala es experta en casos de inmigraci\u00f3n. Orienta a migrantes guatemaltecos e hispanos en sus procesos.\" \/>\n\t<meta name=\"robots\" content=\"max-snippet:-1, max-image-preview:large, max-video-preview:-1\" \/>\n\t<meta name=\"author\" content=\"Diana Batz\"\/>\n\t<link rel=\"canonical\" href=\"https:\/\/soymigrante.com\/revista\/marlene-abogada-migratoria-guatemala\/\" \/>\n\t<meta name=\"generator\" content=\"All in One SEO Pro (AIOSEO) 4.9.6.2\" \/>\n\n\t\t<link rel=\"preconnect\" href=\"https:\/\/fonts.googleapis.com\" crossorigin>\n<link rel=\"preconnect\" href=\"https:\/\/fonts.gstatic.com\" crossorigin>\n\t\t<meta property=\"og:locale\" content=\"es_ES\" \/>\n\t\t<meta property=\"og:site_name\" content=\"SoyMigrante.com REVISTA \u2013 Nuestra misi\u00f3n es reconocer y dignificar al migrante.\" \/>\n\t\t<meta property=\"og:type\" content=\"article\" \/>\n\t\t<meta property=\"og:title\" content=\"Abogada Marlene, de origen guatemalteco, ofrece orientaci\u00f3n en tr\u00e1mites migratorios\" \/>\n\t\t<meta property=\"og:description\" content=\"La Abogada Marlene, originaria de Guatemala es experta en casos de inmigraci\u00f3n. Orienta a migrantes guatemaltecos e hispanos en sus procesos.\" \/>\n\t\t<meta property=\"og:url\" content=\"https:\/\/soymigrante.com\/revista\/marlene-abogada-migratoria-guatemala\/\" \/>\n\t\t<meta property=\"og:image\" content=\"https:\/\/soymigrante.com\/revista\/wp-content\/uploads\/2023\/07\/abogda.webp\" \/>\n\t\t<meta property=\"og:image:secure_url\" content=\"https:\/\/soymigrante.com\/revista\/wp-content\/uploads\/2023\/07\/abogda.webp\" \/>\n\t\t<meta property=\"og:image:width\" content=\"1440\" \/>\n\t\t<meta property=\"og:image:height\" content=\"1439\" \/>\n\t\t<meta property=\"article:published_time\" content=\"2023-07-31T20:49:11+00:00\" \/>\n\t\t<meta property=\"article:modified_time\" content=\"2024-07-31T07:10:43+00:00\" \/>\n\t\t<meta property=\"article:publisher\" content=\"https:\/\/www.facebook.com\/soymigrantecom\" \/>\n\t\t<meta name=\"twitter:card\" content=\"summary_large_image\" \/>\n\t\t<meta name=\"twitter:site\" content=\"@SoyMigrante_com\" \/>\n\t\t<meta name=\"twitter:title\" content=\"Abogada Marlene, de origen guatemalteco, ofrece orientaci\u00f3n en tr\u00e1mites migratorios\" \/>\n\t\t<meta name=\"twitter:description\" content=\"La Abogada Marlene, originaria de Guatemala es experta en casos de inmigraci\u00f3n. Orienta a migrantes guatemaltecos e hispanos en sus procesos.\" \/>\n\t\t<meta name=\"twitter:creator\" content=\"@SoyMigrante_com\" \/>\n\t\t<meta name=\"twitter:image\" content=\"https:\/\/soymigrante.com\/revista\/wp-content\/uploads\/2023\/07\/abogda.webp\" \/>\n\t\t<!-- All in One SEO Pro -->\r\n\t\t<title>Abogada Marlene, de origen guatemalteco, ofrece orientaci\u00f3n en tr\u00e1mites migratorios<\/title>\n\n","aioseo_head_json":{"title":"Abogada Marlene, de origen guatemalteco, ofrece orientaci\u00f3n en tr\u00e1mites migratorios","description":"La Abogada Marlene, originaria de Guatemala es experta en casos de inmigraci\u00f3n. Orienta a migrantes guatemaltecos e hispanos en sus procesos.","canonical_url":"https:\/\/soymigrante.com\/revista\/marlene-abogada-migratoria-guatemala\/","robots":"max-snippet:-1, max-image-preview:large, max-video-preview:-1","keywords":"","webmasterTools":{"miscellaneous":"&lt;link rel=\"preconnect\" href=\"https:\/\/fonts.googleapis.com\" crossorigin&gt;\n&lt;link rel=\"preconnect\" href=\"https:\/\/fonts.gstatic.com\" crossorigin&gt;"},"schema":null,"og:locale":"es_ES","og:site_name":"SoyMigrante.com REVISTA \u2013 Nuestra misi\u00f3n es reconocer y dignificar al migrante.","og:type":"article","og:title":"Abogada Marlene, de origen guatemalteco, ofrece orientaci\u00f3n en tr\u00e1mites migratorios","og:description":"La Abogada Marlene, originaria de Guatemala es experta en casos de inmigraci\u00f3n. Orienta a migrantes guatemaltecos e hispanos en sus procesos.","og:url":"https:\/\/soymigrante.com\/revista\/marlene-abogada-migratoria-guatemala\/","og:image":"https:\/\/soymigrante.com\/revista\/wp-content\/uploads\/2023\/07\/abogda.webp","og:image:secure_url":"https:\/\/soymigrante.com\/revista\/wp-content\/uploads\/2023\/07\/abogda.webp","og:image:width":1440,"og:image:height":1439,"article:published_time":"2023-07-31T20:49:11+00:00","article:modified_time":"2024-07-31T07:10:43+00:00","article:publisher":"https:\/\/www.facebook.com\/soymigrantecom","twitter:card":"summary_large_image","twitter:site":"@SoyMigrante_com","twitter:title":"Abogada Marlene, de origen guatemalteco, ofrece orientaci\u00f3n en tr\u00e1mites migratorios","twitter:description":"La Abogada Marlene, originaria de Guatemala es experta en casos de inmigraci\u00f3n. Orienta a migrantes guatemaltecos e hispanos en sus procesos.","twitter:creator":"@SoyMigrante_com","twitter:image":"https:\/\/soymigrante.com\/revista\/wp-content\/uploads\/2023\/07\/abogda.webp"},"aioseo_meta_data":{"post_id":"2005","title":"#post_title","description":"La Abogada Marlene, originaria de Guatemala es experta en casos de inmigraci\u00f3n. Orienta a migrantes guatemaltecos e hispanos en sus procesos.","keywords":[],"keyphrases":{"focus":{"keyphrase":"guatemalteco","score":68,"analysis":{"keyphraseInTitle":{"score":9,"maxScore":9,"error":0},"keyphraseInDescription":{"score":3,"maxScore":9,"error":1},"keyphraseLength":{"score":9,"maxScore":9,"error":0,"length":1},"keyphraseInURL":{"score":1,"maxScore":5,"error":1},"keyphraseInIntroduction":{"score":3,"maxScore":9,"error":1},"keyphraseInSubHeadings":{"score":3,"maxScore":9,"error":1},"keyphraseInImageAlt":{"score":9,"maxScore":9,"error":0},"keywordDensity":{"type":"best","score":9,"maxScore":9,"error":0}}},"additional":[]},"primary_term":null,"canonical_url":null,"og_title":null,"og_description":null,"og_object_type":"default","og_image_type":"default","og_image_url":null,"og_image_width":null,"og_image_height":null,"og_image_custom_url":null,"og_image_custom_fields":null,"og_video":"","og_custom_url":null,"og_article_section":null,"og_article_tags":[],"twitter_use_og":false,"twitter_card":"default","twitter_image_type":"default","twitter_image_url":null,"twitter_image_custom_url":null,"twitter_image_custom_fields":null,"twitter_title":null,"twitter_description":null,"schema":{"blockGraphs":[],"customGraphs":[],"default":{"data":{"Article":[],"Course":[],"Dataset":[],"FAQPage":[],"Movie":[],"Person":[],"Product":[],"ProductReview":[],"Car":[],"Recipe":[],"Service":[],"SoftwareApplication":[],"WebPage":[]},"graphName":"BlogPosting","isEnabled":true},"graphs":[]},"schema_type":"default","schema_type_options":null,"pillar_content":false,"robots_default":true,"robots_noindex":false,"robots_noarchive":false,"robots_nosnippet":false,"robots_nofollow":false,"robots_noimageindex":false,"robots_noodp":false,"robots_notranslate":false,"robots_max_snippet":"-1","robots_max_videopreview":"-1","robots_max_imagepreview":"large","priority":null,"frequency":"default","local_seo":null,"seo_analyzer_scan_date":"2025-10-08 20:09:52","breadcrumb_settings":null,"limit_modified_date":false,"reviewed_by":null,"open_ai":null,"ai":null,"created":"2023-08-18 14:39:18","updated":"2026-02-04 09:11:46"},"aioseo_breadcrumb":"<div class=\"aioseo-breadcrumbs\"><span class=\"aioseo-breadcrumb\">\n\t<a href=\"https:\/\/soymigrante.com\/revista\" title=\"Home\">Home<\/a>\n<\/span><span class=\"aioseo-breadcrumb-separator\">\u00bb<\/span><span class=\"aioseo-breadcrumb\">\n\t<a href=\"https:\/\/soymigrante.com\/revista\/category\/recursos-migratorios\/\" title=\"Recursos Migratorios\">Recursos Migratorios<\/a>\n<\/span><span class=\"aioseo-breadcrumb-separator\">\u00bb<\/span><span class=\"aioseo-breadcrumb\">\n\tAbogada Marlene, de origen guatemalteco, ofrece orientaci\u00f3n en tr\u00e1mites migratorios\n<\/span><\/div>","aioseo_breadcrumb_json":[{"label":"Home","link":"https:\/\/soymigrante.com\/revista"},{"label":"Recursos Migratorios","link":"https:\/\/soymigrante.com\/revista\/category\/recursos-migratorios\/"},{"label":"Abogada Marlene, de origen guatemalteco, ofrece orientaci\u00f3n en tr\u00e1mites migratorios","link":"https:\/\/soymigrante.com\/revista\/marlene-abogada-migratoria-guatemala\/"}],"_links":{"self":[{"href":"https:\/\/soymigrante.com\/revista\/wp-json\/wp\/v2\/posts\/2005","targetHints":{"allow":["GET"]}}],"collection":[{"href":"https:\/\/soymigrante.com\/revista\/wp-json\/wp\/v2\/posts"}],"about":[{"href":"https:\/\/soymigrante.com\/revista\/wp-json\/wp\/v2\/types\/post"}],"author":[{"embeddable":true,"href":"https:\/\/soymigrante.com\/revista\/wp-json\/wp\/v2\/users\/10"}],"replies":[{"embeddable":true,"href":"https:\/\/soymigrante.com\/revista\/wp-json\/wp\/v2\/comments?post=2005"}],"version-history":[{"count":0,"href":"https:\/\/soymigrante.com\/revista\/wp-json\/wp\/v2\/posts\/2005\/revisions"}],"wp:featuredmedia":[{"embeddable":true,"href":"https:\/\/soymigrante.com\/revista\/wp-json\/wp\/v2\/media\/2049"}],"wp:attachment":[{"href":"https:\/\/soymigrante.com\/revista\/wp-json\/wp\/v2\/media?parent=2005"}],"wp:term":[{"taxonomy":"category","embeddable":true,"href":"https:\/\/soymigrante.com\/revista\/wp-json\/wp\/v2\/categories?post=2005"},{"taxonomy":"post_tag","embeddable":true,"href":"https:\/\/soymigrante.com\/revista\/wp-json\/wp\/v2\/tags?post=2005"}],"curies":[{"name":"wp","href":"https:\/\/api.w.org\/{rel}","templated":true}]}}